{"id":75936,"date":"2025-05-04T18:41:24","date_gmt":"2025-05-04T15:41:24","guid":{"rendered":"https:\/\/denizcankizil.tr\/uncategorized-tr\/anamurda-yuvalama-kumsalina-beton\/"},"modified":"2025-05-04T18:41:24","modified_gmt":"2025-05-04T15:41:24","slug":"anamurda-yuvalama-kumsalina-beton","status":"publish","type":"post","link":"https:\/\/denizcankizil.tr\/ru\/haberler\/gundem\/anamurda-yuvalama-kumsalina-beton\/","title":{"rendered":"Anamur\u2019da yuvalama kumsal\u0131na beton!"},"content":{"rendered":"<p>Anamur Belediyesi\u2019nin ge\u00e7ti\u011fimiz ay sahilde ba\u015flatt\u0131\u011f\u0131 \u00e7evre d\u00fczenleme \u00e7al\u0131\u015fmas\u0131nda beton kullan\u0131lmas\u0131 ve baz\u0131 alanlar\u0131n tahrip edilmesi tepkiye neden oldu. Belediye, Caretta caretta t\u00fcr\u00fc deniz kaplumba\u011falar\u0131n\u0131n yuvalama kumsal\u0131n\u0131 da kapsayan alanda y\u00fcr\u00fct\u00fclen \u00e7al\u0131\u015fman\u0131n Tar\u0131m ve Orman Bakanl\u0131\u011f\u0131\u2019n\u0131n izniyle yap\u0131ld\u0131\u011f\u0131n\u0131 a\u00e7\u0131klarken, Anamur \u00c7evre Platformu ile Dragon \u00c7evre G\u00f6n\u00fcll\u00fcleri ise kumsalda tahribat yap\u0131ld\u0131\u011f\u0131n\u0131 savunarak \u00e7al\u0131\u015fmalar\u0131n durdurulmas\u0131n\u0131 istedi.<\/p>\n<p>SAZLIKLAR S\u00d6K\u00dcL\u00dcP, KUMUN \u00dcZER\u0130NE TA\u015e D\u00d6\u015eEN\u0130YOR<\/p>\n<p>Anamur \u00c7evre Platformu\u2019nun sosyal medyadan yapt\u0131\u011f\u0131 a\u00e7\u0131klamada, \u201cDragon \u00c7ay\u0131&#8217;n\u0131n denize d\u00f6k\u00fcld\u00fc\u011f\u00fc yerdeki sazl\u0131klar s\u00f6k\u00fcl\u00fcp, kumun \u00fcst\u00fcne ta\u015f d\u00f6\u015feniyor. Do\u011fa Koruma ve Milli Parklar Anamur \u015eube M\u00fcd\u00fcrl\u00fc\u011f\u00fc ise hep oldu\u011fu gibi susuyor. \u0130ddia edildi\u011fi gibi, bilim kurulu ger\u00e7ekten bu k\u00f6t\u00fc i\u015fe izin verdi mi acaba? Hem de yumurta b\u0131rakma mevsiminin ba\u015flad\u0131\u011f\u0131 bu aylarda\u201d denildi.<\/p>\n<p>KORUMA BANDINDA KALAN KUMSAL BETONA G\u00d6M\u00dcLD\u00dc<\/p>\n<p>Antalya K\u00f6rfez Gazetesi muhabiri Yusuf Yavuz&#8217;un haberine g\u00f6re; platform a\u00e7\u0131klamas\u0131nda, \u201c2024 y\u0131l\u0131n\u0131n Temmuz ay\u0131nda Do\u011fa Koruma ve Milli Parklar Genel M\u00fcd\u00fcrl\u00fc\u011f\u00fc&#8217;n\u00fcn organizasyonu ile Anamur Orman \u0130\u015fletme M\u00fcd\u00fcrl\u00fc\u011f\u00fc&#8217;nde yap\u0131lan toplant\u0131da, deniz kaplumba\u011falar\u0131n\u0131n yuvalama kumsal\u0131n\u0131 koruma s\u00f6z\u00fc veren Anamur Belediyesi, \u015fu anda Dragon Park\u0131&#8217;nda in\u015faat faaliyeti y\u00fcr\u00fct\u00fcyor. Yuvalama kumsal\u0131n\u0131n asli koruyucusu Do\u011fa Koruma ve Milli Parklar Anamur \u015eube M\u00fcd\u00fcrl\u00fc\u011f\u00fc ise yuvalama kumsal\u0131n\u0131n bat\u0131 taraf\u0131 talan edilirken oldu\u011fu gibi, yine yasalara ve bilime ayk\u0131r\u0131 olarak s\u00fcrd\u00fcr\u00fclen bu faaliyete de m\u00fcdahale etmiyor. Dragon Park\u0131&#8217;na y\u0131llar \u00f6nce dikilen ve duruma g\u00f6re su ihtiyac\u0131n\u0131 ayarlayabilen okaliptus a\u011fa\u00e7lar\u0131 \u00e7ok su istiyor ve dallar\u0131 r\u00fczg\u00e2rda tehlike yarat\u0131yor diye kesilirken as\u0131l ama\u00e7, 1. ve 2. koruma band\u0131nda kalan yuvalama kumsal\u0131n\u0131 iyice betona ve topra\u011fa g\u00f6mmekmi\u015f me\u011fer. \u00c7ocuklar\u0131m\u0131z\u0131n gelece\u011fi olan yuvalama kumsal\u0131n\u0131 koruyacak hi\u00e7bir kurum ya da ki\u015fi yok mu memlekette?\u201d ifadelerine yer verildi.<\/p>\n<p>DRAGON PARKI \u00c7EVRE G\u00d6N\u00dcLL\u00dcLER\u0130: \u2018BU KATL\u0130AM DURDURULSUN\u2019 <\/p>\n<p>Anamur Belediyesi&#8217;nin y\u00fcr\u00fctt\u00fc\u011f\u00fc \u00e7al\u0131\u015fman\u0131n yasal olmad\u0131\u011f\u0131n\u0131 savunan Dragon Park\u0131 \u00c7evre G\u00f6n\u00fcll\u00fcleri\u2019nin yapt\u0131\u011f\u0131 a\u00e7\u0131klamada ise sahildeki tek ye\u015fil alan olan Dragon Park\u0131&#8217;n\u0131 i\u015f makineleriyle yok edilerek yuvalama kumsal\u0131nda tahribat yarat\u0131ld\u0131\u011f\u0131n\u0131 savundu. May\u0131s ay\u0131 ba\u015f\u0131ndan itibaren deniz kaplumba\u011falar\u0131n\u0131n \u00fcreme d\u00f6neminin ba\u015flad\u0131\u011f\u0131na i\u015faret edilen platform a\u00e7\u0131klamas\u0131nda, \u015f\u00f6yle denildi: \u201cKumsalda b\u0131rak\u0131n a\u011f\u0131r i\u015f makineleriyle in\u015faat faaliyeti s\u00fcrd\u00fcrmeyi, kumsal temizli\u011fi yapmak bile yasakt\u0131r. Ancak Anamur Belediyesi bu yasaklara \u0131srarla uymamaktad\u0131r. Kamelyalar\u0131n alt\u0131na bile beton d\u00f6kerek, sazl\u0131klar\u0131 kesip kumun \u00fcst\u00fcne ta\u015f d\u00f6\u015feyerek ve halka yeterince bilgi verilmeksizin s\u00fcrd\u00fcr\u00fclen bu betonsal \u00e7al\u0131\u015fma halkta ve bizlerde, kumsal\u0131n bat\u0131 taraf\u0131nda bir \u00f6nceki belediye y\u00f6netimi taraf\u0131ndan yap\u0131ld\u0131\u011f\u0131 gibi, deniz kaplumba\u011falar\u0131na ait yuvalama kumsal\u0131n\u0131n do\u011fu taraf\u0131n\u0131n da ranta a\u00e7\u0131laca\u011f\u0131 endi\u015fesini yaratm\u0131\u015ft\u0131r. Halktaki bu endi\u015fenin giderilmesi ve biz b\u00f6lge sakinlerinin de\u011fer verdi\u011fi ye\u015fil alan\u0131n neden yok edildi\u011fini bilmemiz ad\u0131na, in\u015faat mahalline d\u00f6n\u00fc\u015ft\u00fcr\u00fclen Dragon Park\u0131&#8217;n\u0131n giri\u015finde herhangi bir a\u00e7\u0131klay\u0131c\u0131 tabela as\u0131lmam\u0131\u015f ve harici bir a\u00e7\u0131klama da yap\u0131lmam\u0131\u015ft\u0131r. Anamur Belediyesi&#8217;nin yasal oldu\u011funu iddia etti\u011fi ancak yasal olmad\u0131\u011f\u0131 a\u00e7\u0131k olan bu do\u011fa katliam\u0131n\u0131n durdurulmas\u0131 i\u00e7in yetkili t\u00fcm kurumlar\u0131 g\u00f6reve davet ediyor ve varsa al\u0131nm\u0131\u015f izinlerin iptalini istiyoruz.\u201d<\/p>\n<p>BELED\u0130YE: \u2018BAKANLI\u011eIN B\u0130L\u0130M KOM\u0130SYONU STANDARTLARINA UYGUN\u2019<\/p>\n<p>Sahilde y\u00fcr\u00fct\u00fclen \u00e7al\u0131\u015fmalar\u0131n bilimsel oldu\u011funu savunan Anamur Belediyesi de konuyla ilgili bir video payla\u015farak bitki t\u00fcrlerine ve canl\u0131lara zarar verilmedi\u011fini savundu. Anamur Belediyesi\u2019nin videolu payla\u015f\u0131m\u0131nda \u015fu ifadelere yer verildi: \u201cYe\u015fil alanlar\u0131 ve a\u011fa\u00e7lar\u0131 mevcut haliyle koruyarak, Tar\u0131m ve Orman Bakanl\u0131\u011f\u0131&#8217;n\u0131n g\u00f6revlendirdi\u011fi Bilim Komisyonu&#8217;nun standartlar\u0131na uygun bir \u015fekilde peyzaj ve d\u00fczenleme \u00e7al\u0131\u015fmalar\u0131 ger\u00e7ekle\u015ftirdi\u011fimiz Rauf Denkta\u015f Park\u0131&#8217;nda, Caretta caretta kaplumba\u011falar\u0131n\u0131n yuvalama alanlar\u0131na, kum zambaklar\u0131 ba\u015fta olmak \u00fczere, b\u00f6lgede bulunan endemik bitki t\u00fcrlerine ve canl\u0131lara zarar vermeden ger\u00e7ekle\u015ftirdi\u011fimiz \u00e7al\u0131\u015fmalar t\u00fcm h\u0131z\u0131yla s\u00fcr\u00fcyor. Vatanda\u015flar\u0131m\u0131z\u0131n rahat bir nefes alabilece\u011fi ya\u015fam alan\u0131 haline getirece\u011fimiz Rauf Denkta\u015f Park\u0131&#8217;n\u0131 yaz mevsiminde hizmete a\u00e7aca\u011f\u0131z.\u201d<\/p>\n<p>\u200bMersin\u2019in Anamur il\u00e7esi sahilinde il\u00e7e belediyesi taraf\u0131ndan y\u00fcr\u00fct\u00fclen park \u00e7al\u0131\u015fmas\u0131nda yuvalama kumsal\u0131nda beton kullan\u0131lmas\u0131 tepki \u00e7ekti.\u00a0<\/p>\n<p>\u200bHaberin Al\u0131nt\u0131land\u0131\u011f\u0131 Kaynak: www.antalyakorfez.com<\/p>","protected":false},"excerpt":{"rendered":"<p>Anamur Belediyesi\u2019nin ge\u00e7ti\u011fimiz ay sahilde ba\u015flatt\u0131\u011f\u0131 \u00e7evre d\u00fczenleme \u00e7al\u0131\u015fmas\u0131nda beton kullan\u0131lmas\u0131 ve baz\u0131 alanlar\u0131n tahrip edilmesi tepkiye neden oldu. Belediye, Caretta caretta t\u00fcr\u00fc deniz kaplumba\u011falar\u0131n\u0131n yuvalama kumsal\u0131n\u0131 da kapsayan alanda y\u00fcr\u00fct\u00fclen \u00e7al\u0131\u015fman\u0131n Tar\u0131m ve Orman Bakanl\u0131\u011f\u0131\u2019n\u0131n izniyle yap\u0131ld\u0131\u011f\u0131n\u0131 a\u00e7\u0131klarken, Anamur \u00c7evre Platformu ile Dragon \u00c7evre G\u00f6n\u00fcll\u00fcleri ise kumsalda tahribat yap\u0131ld\u0131\u011f\u0131n\u0131 savunarak \u00e7al\u0131\u015fmalar\u0131n durdurulmas\u0131n\u0131 istedi. SAZLIKLAR S\u00d6K\u00dcL\u00dcP, KUMUN \u00dcZER\u0130NE TA\u015e D\u00d6\u015eEN\u0130YOR Anamur \u00c7evre Platformu\u2019nun sosyal medyadan yapt\u0131\u011f\u0131 a\u00e7\u0131klamada, \u201cDragon \u00c7ay\u0131&#8217;n\u0131n denize d\u00f6k\u00fcld\u00fc\u011f\u00fc yerdeki sazl\u0131klar s\u00f6k\u00fcl\u00fcp, kumun \u00fcst\u00fcne ta\u015f d\u00f6\u015feniyor. Do\u011fa Koruma ve Milli Parklar Anamur \u015eube M\u00fcd\u00fcrl\u00fc\u011f\u00fc ise hep oldu\u011fu gibi susuyor. \u0130ddia edildi\u011fi gibi, bilim kurulu ger\u00e7ekten bu k\u00f6t\u00fc i\u015fe izin verdi mi acaba? Hem de yumurta b\u0131rakma mevsiminin ba\u015flad\u0131\u011f\u0131 bu aylarda\u201d denildi. KORUMA BANDINDA KALAN KUMSAL BETONA G\u00d6M\u00dcLD\u00dc Antalya K\u00f6rfez Gazetesi muhabiri Yusuf Yavuz&#8217;un haberine g\u00f6re; platform a\u00e7\u0131klamas\u0131nda, \u201c2024 y\u0131l\u0131n\u0131n Temmuz ay\u0131nda Do\u011fa Koruma ve Milli Parklar Genel M\u00fcd\u00fcrl\u00fc\u011f\u00fc&#8217;n\u00fcn organizasyonu ile Anamur Orman \u0130\u015fletme M\u00fcd\u00fcrl\u00fc\u011f\u00fc&#8217;nde yap\u0131lan toplant\u0131da, deniz kaplumba\u011falar\u0131n\u0131n yuvalama kumsal\u0131n\u0131 koruma s\u00f6z\u00fc veren Anamur Belediyesi, \u015fu anda Dragon Park\u0131&#8217;nda in\u015faat faaliyeti y\u00fcr\u00fct\u00fcyor. Yuvalama kumsal\u0131n\u0131n asli koruyucusu Do\u011fa Koruma ve Milli Parklar Anamur \u015eube M\u00fcd\u00fcrl\u00fc\u011f\u00fc ise yuvalama kumsal\u0131n\u0131n bat\u0131 taraf\u0131 talan edilirken oldu\u011fu gibi, yine yasalara ve bilime ayk\u0131r\u0131 olarak s\u00fcrd\u00fcr\u00fclen bu faaliyete de m\u00fcdahale etmiyor. Dragon Park\u0131&#8217;na y\u0131llar &hellip;<\/p>","protected":false},"author":5,"featured_media":0,"comment_status":"","ping_status":"open","sticky":false,"template":"","format":"standard","meta":{"_acf_changed":false,"footnotes":""},"categories":[24],"tags":[],"class_list":["post-75936","post","type-post","status-publish","format-standard","has-post-thumbnail","hentry","category-gundem"],"acf":[],"yoast_head":"<!-- This site is optimized with the Yoast SEO Premium plugin v26.6 (Yoast SEO v27.1.1) - https:\/\/yoast.com\/product\/yoast-seo-premium-wordpress\/ -->\n<title>Anamur\u2019da yuvalama kumsal\u0131na beton! - Av. Deniz Can K\u0131z\u0131l<\/title>\n<meta name=\"robots\" content=\"index, follow, max-snippet:-1, max-image-preview:large, max-video-preview:-1\" \/>\n<link rel=\"canonical\" href=\"https:\/\/denizcankizil.tr\/ru\/haberler\/gundem\/anamurda-yuvalama-kumsalina-beton\/\" \/>\n<meta property=\"og:locale\" content=\"ru_RU\" \/>\n<meta property=\"og:type\" content=\"article\" \/>\n<meta property=\"og:title\" content=\"Anamur\u2019da yuvalama kumsal\u0131na beton!\" \/>\n<meta property=\"og:description\" content=\"Anamur Belediyesi\u2019nin ge\u00e7ti\u011fimiz ay sahilde ba\u015flatt\u0131\u011f\u0131 \u00e7evre d\u00fczenleme \u00e7al\u0131\u015fmas\u0131nda beton kullan\u0131lmas\u0131 ve baz\u0131 alanlar\u0131n tahrip edilmesi tepkiye neden oldu. Belediye, Caretta caretta t\u00fcr\u00fc deniz kaplumba\u011falar\u0131n\u0131n yuvalama kumsal\u0131n\u0131 da kapsayan alanda y\u00fcr\u00fct\u00fclen \u00e7al\u0131\u015fman\u0131n Tar\u0131m ve Orman Bakanl\u0131\u011f\u0131\u2019n\u0131n izniyle yap\u0131ld\u0131\u011f\u0131n\u0131 a\u00e7\u0131klarken, Anamur \u00c7evre Platformu ile Dragon \u00c7evre G\u00f6n\u00fcll\u00fcleri ise kumsalda tahribat yap\u0131ld\u0131\u011f\u0131n\u0131 savunarak \u00e7al\u0131\u015fmalar\u0131n durdurulmas\u0131n\u0131 istedi. SAZLIKLAR S\u00d6K\u00dcL\u00dcP, KUMUN \u00dcZER\u0130NE TA\u015e D\u00d6\u015eEN\u0130YOR Anamur \u00c7evre Platformu\u2019nun sosyal medyadan yapt\u0131\u011f\u0131 a\u00e7\u0131klamada, \u201cDragon \u00c7ay\u0131&#8217;n\u0131n denize d\u00f6k\u00fcld\u00fc\u011f\u00fc yerdeki sazl\u0131klar s\u00f6k\u00fcl\u00fcp, kumun \u00fcst\u00fcne ta\u015f d\u00f6\u015feniyor. Do\u011fa Koruma ve Milli Parklar Anamur \u015eube M\u00fcd\u00fcrl\u00fc\u011f\u00fc ise hep oldu\u011fu gibi susuyor. \u0130ddia edildi\u011fi gibi, bilim kurulu ger\u00e7ekten bu k\u00f6t\u00fc i\u015fe izin verdi mi acaba? Hem de yumurta b\u0131rakma mevsiminin ba\u015flad\u0131\u011f\u0131 bu aylarda\u201d denildi. KORUMA BANDINDA KALAN KUMSAL BETONA G\u00d6M\u00dcLD\u00dc Antalya K\u00f6rfez Gazetesi muhabiri Yusuf Yavuz&#8217;un haberine g\u00f6re; platform a\u00e7\u0131klamas\u0131nda, \u201c2024 y\u0131l\u0131n\u0131n Temmuz ay\u0131nda Do\u011fa Koruma ve Milli Parklar Genel M\u00fcd\u00fcrl\u00fc\u011f\u00fc&#8217;n\u00fcn organizasyonu ile Anamur Orman \u0130\u015fletme M\u00fcd\u00fcrl\u00fc\u011f\u00fc&#8217;nde yap\u0131lan toplant\u0131da, deniz kaplumba\u011falar\u0131n\u0131n yuvalama kumsal\u0131n\u0131 koruma s\u00f6z\u00fc veren Anamur Belediyesi, \u015fu anda Dragon Park\u0131&#8217;nda in\u015faat faaliyeti y\u00fcr\u00fct\u00fcyor. Yuvalama kumsal\u0131n\u0131n asli koruyucusu Do\u011fa Koruma ve Milli Parklar Anamur \u015eube M\u00fcd\u00fcrl\u00fc\u011f\u00fc ise yuvalama kumsal\u0131n\u0131n bat\u0131 taraf\u0131 talan edilirken oldu\u011fu gibi, yine yasalara ve bilime ayk\u0131r\u0131 olarak s\u00fcrd\u00fcr\u00fclen bu faaliyete de m\u00fcdahale etmiyor. Dragon Park\u0131&#8217;na y\u0131llar &hellip;\" \/>\n<meta property=\"og:url\" content=\"https:\/\/denizcankizil.tr\/ru\/haberler\/gundem\/anamurda-yuvalama-kumsalina-beton\/\" \/>\n<meta property=\"og:site_name\" content=\"Av. Deniz Can K\u0131z\u0131l\" \/>\n<meta property=\"article:published_time\" content=\"2025-05-04T15:41:24+00:00\" \/>\n<meta name=\"author\" content=\"Antalya K\u00f6rfez\" \/>\n<meta name=\"twitter:card\" content=\"summary_large_image\" \/>\n<meta name=\"twitter:label1\" content=\"\u041d\u0430\u043f\u0438\u0441\u0430\u043d\u043e \u0430\u0432\u0442\u043e\u0440\u043e\u043c\" \/>\n\t<meta name=\"twitter:data1\" content=\"Antalya K\u00f6rfez\" \/>\n\t<meta name=\"twitter:label2\" content=\"\u041f\u0440\u0438\u043c\u0435\u0440\u043d\u043e\u0435 \u0432\u0440\u0435\u043c\u044f \u0434\u043b\u044f \u0447\u0442\u0435\u043d\u0438\u044f\" \/>\n\t<meta name=\"twitter:data2\" content=\"4 \u043c\u0438\u043d\u0443\u0442\u044b\" \/>\n<script type=\"application\/ld+json\" class=\"yoast-schema-graph\">{\"@context\":\"https:\/\/schema.org\",\"@graph\":[{\"@type\":\"Article\",\"@id\":\"https:\/\/denizcankizil.tr\/ru\/haberler\/gundem\/anamurda-yuvalama-kumsalina-beton\/#article\",\"isPartOf\":{\"@id\":\"https:\/\/denizcankizil.tr\/ru\/haberler\/gundem\/anamurda-yuvalama-kumsalina-beton\/\"},\"author\":{\"name\":\"Antalya K\u00f6rfez\",\"@id\":\"https:\/\/denizcankizil.tr\/de\/#\/schema\/person\/e1eb71bb4dd684d46563f0af307e1234\"},\"headline\":\"Anamur\u2019da yuvalama kumsal\u0131na beton!\",\"datePublished\":\"2025-05-04T15:41:24+00:00\",\"mainEntityOfPage\":{\"@id\":\"https:\/\/denizcankizil.tr\/ru\/haberler\/gundem\/anamurda-yuvalama-kumsalina-beton\/\"},\"wordCount\":859,\"publisher\":{\"@id\":\"https:\/\/denizcankizil.tr\/de\/#organization\"},\"articleSection\":[\"G\u00fcndem\"],\"inLanguage\":\"ru-RU\"},{\"@type\":\"WebPage\",\"@id\":\"https:\/\/denizcankizil.tr\/ru\/haberler\/gundem\/anamurda-yuvalama-kumsalina-beton\/\",\"url\":\"https:\/\/denizcankizil.tr\/ru\/haberler\/gundem\/anamurda-yuvalama-kumsalina-beton\/\",\"name\":\"Anamur\u2019da yuvalama kumsal\u0131na beton! - Av. Deniz Can K\u0131z\u0131l\",\"isPartOf\":{\"@id\":\"https:\/\/denizcankizil.tr\/de\/#website\"},\"datePublished\":\"2025-05-04T15:41:24+00:00\",\"breadcrumb\":{\"@id\":\"https:\/\/denizcankizil.tr\/ru\/haberler\/gundem\/anamurda-yuvalama-kumsalina-beton\/#breadcrumb\"},\"inLanguage\":\"ru-RU\",\"potentialAction\":[{\"@type\":\"ReadAction\",\"target\":[\"https:\/\/denizcankizil.tr\/ru\/haberler\/gundem\/anamurda-yuvalama-kumsalina-beton\/\"]}]},{\"@type\":\"BreadcrumbList\",\"@id\":\"https:\/\/denizcankizil.tr\/ru\/haberler\/gundem\/anamurda-yuvalama-kumsalina-beton\/#breadcrumb\",\"itemListElement\":[{\"@type\":\"ListItem\",\"position\":1,\"name\":\"Home\",\"item\":\"https:\/\/denizcankizil.tr\/de\/\"},{\"@type\":\"ListItem\",\"position\":2,\"name\":\"Anamur\u2019da yuvalama kumsal\u0131na beton!\"}]},{\"@type\":\"WebSite\",\"@id\":\"https:\/\/denizcankizil.tr\/de\/#website\",\"url\":\"https:\/\/denizcankizil.tr\/de\/\",\"name\":\"Av. Deniz Can K\u0131z\u0131l\",\"description\":\"Avukat Deniz Can K\u0131z\u0131l Antalya Barosu\",\"publisher\":{\"@id\":\"https:\/\/denizcankizil.tr\/de\/#organization\"},\"potentialAction\":[{\"@type\":\"SearchAction\",\"target\":{\"@type\":\"EntryPoint\",\"urlTemplate\":\"https:\/\/denizcankizil.tr\/de\/?s={search_term_string}\"},\"query-input\":{\"@type\":\"PropertyValueSpecification\",\"valueRequired\":true,\"valueName\":\"search_term_string\"}}],\"inLanguage\":\"ru-RU\"},{\"@type\":\"Organization\",\"@id\":\"https:\/\/denizcankizil.tr\/de\/#organization\",\"name\":\"Av. Deniz Can K\u0131z\u0131l\",\"url\":\"https:\/\/denizcankizil.tr\/de\/\",\"logo\":{\"@type\":\"ImageObject\",\"inLanguage\":\"ru-RU\",\"@id\":\"https:\/\/denizcankizil.tr\/de\/#\/schema\/logo\/image\/\",\"url\":\"https:\/\/denizcankizil.tr\/wp-content\/uploads\/2024\/10\/siyah-logo-svg.svg\",\"contentUrl\":\"https:\/\/denizcankizil.tr\/wp-content\/uploads\/2024\/10\/siyah-logo-svg.svg\",\"width\":1080,\"height\":1080,\"caption\":\"Av. Deniz Can K\u0131z\u0131l\"},\"image\":{\"@id\":\"https:\/\/denizcankizil.tr\/de\/#\/schema\/logo\/image\/\"}},{\"@type\":\"Person\",\"@id\":\"https:\/\/denizcankizil.tr\/de\/#\/schema\/person\/e1eb71bb4dd684d46563f0af307e1234\",\"name\":\"Antalya K\u00f6rfez\",\"image\":{\"@type\":\"ImageObject\",\"inLanguage\":\"ru-RU\",\"@id\":\"https:\/\/denizcankizil.tr\/de\/#\/schema\/person\/image\/\",\"url\":\"https:\/\/secure.gravatar.com\/avatar\/42b01982558a48a0b501fdcab6a408d3717ea5919095ee2e67b0e521799c5905?s=96&d=mm&r=g\",\"contentUrl\":\"https:\/\/secure.gravatar.com\/avatar\/42b01982558a48a0b501fdcab6a408d3717ea5919095ee2e67b0e521799c5905?s=96&d=mm&r=g\",\"caption\":\"Antalya K\u00f6rfez\"},\"sameAs\":[\"http:\/\/www.antalyakorfez.com\"],\"url\":\"https:\/\/www.antalyakorfez.com\/anamurda-yuvalama-kumsalina-beton\"}]}<\/script>\n<!-- \/ Yoast SEO Premium plugin. -->","yoast_head_json":{"title":"Anamur\u2019da yuvalama kumsal\u0131na beton! - Av. Deniz Can K\u0131z\u0131l","robots":{"index":"index","follow":"follow","max-snippet":"max-snippet:-1","max-image-preview":"max-image-preview:large","max-video-preview":"max-video-preview:-1"},"canonical":"https:\/\/denizcankizil.tr\/ru\/haberler\/gundem\/anamurda-yuvalama-kumsalina-beton\/","og_locale":"ru_RU","og_type":"article","og_title":"Anamur\u2019da yuvalama kumsal\u0131na beton!","og_description":"Anamur Belediyesi\u2019nin ge\u00e7ti\u011fimiz ay sahilde ba\u015flatt\u0131\u011f\u0131 \u00e7evre d\u00fczenleme \u00e7al\u0131\u015fmas\u0131nda beton kullan\u0131lmas\u0131 ve baz\u0131 alanlar\u0131n tahrip edilmesi tepkiye neden oldu. Belediye, Caretta caretta t\u00fcr\u00fc deniz kaplumba\u011falar\u0131n\u0131n yuvalama kumsal\u0131n\u0131 da kapsayan alanda y\u00fcr\u00fct\u00fclen \u00e7al\u0131\u015fman\u0131n Tar\u0131m ve Orman Bakanl\u0131\u011f\u0131\u2019n\u0131n izniyle yap\u0131ld\u0131\u011f\u0131n\u0131 a\u00e7\u0131klarken, Anamur \u00c7evre Platformu ile Dragon \u00c7evre G\u00f6n\u00fcll\u00fcleri ise kumsalda tahribat yap\u0131ld\u0131\u011f\u0131n\u0131 savunarak \u00e7al\u0131\u015fmalar\u0131n durdurulmas\u0131n\u0131 istedi. SAZLIKLAR S\u00d6K\u00dcL\u00dcP, KUMUN \u00dcZER\u0130NE TA\u015e D\u00d6\u015eEN\u0130YOR Anamur \u00c7evre Platformu\u2019nun sosyal medyadan yapt\u0131\u011f\u0131 a\u00e7\u0131klamada, \u201cDragon \u00c7ay\u0131&#8217;n\u0131n denize d\u00f6k\u00fcld\u00fc\u011f\u00fc yerdeki sazl\u0131klar s\u00f6k\u00fcl\u00fcp, kumun \u00fcst\u00fcne ta\u015f d\u00f6\u015feniyor. Do\u011fa Koruma ve Milli Parklar Anamur \u015eube M\u00fcd\u00fcrl\u00fc\u011f\u00fc ise hep oldu\u011fu gibi susuyor. \u0130ddia edildi\u011fi gibi, bilim kurulu ger\u00e7ekten bu k\u00f6t\u00fc i\u015fe izin verdi mi acaba? Hem de yumurta b\u0131rakma mevsiminin ba\u015flad\u0131\u011f\u0131 bu aylarda\u201d denildi. KORUMA BANDINDA KALAN KUMSAL BETONA G\u00d6M\u00dcLD\u00dc Antalya K\u00f6rfez Gazetesi muhabiri Yusuf Yavuz&#8217;un haberine g\u00f6re; platform a\u00e7\u0131klamas\u0131nda, \u201c2024 y\u0131l\u0131n\u0131n Temmuz ay\u0131nda Do\u011fa Koruma ve Milli Parklar Genel M\u00fcd\u00fcrl\u00fc\u011f\u00fc&#8217;n\u00fcn organizasyonu ile Anamur Orman \u0130\u015fletme M\u00fcd\u00fcrl\u00fc\u011f\u00fc&#8217;nde yap\u0131lan toplant\u0131da, deniz kaplumba\u011falar\u0131n\u0131n yuvalama kumsal\u0131n\u0131 koruma s\u00f6z\u00fc veren Anamur Belediyesi, \u015fu anda Dragon Park\u0131&#8217;nda in\u015faat faaliyeti y\u00fcr\u00fct\u00fcyor. Yuvalama kumsal\u0131n\u0131n asli koruyucusu Do\u011fa Koruma ve Milli Parklar Anamur \u015eube M\u00fcd\u00fcrl\u00fc\u011f\u00fc ise yuvalama kumsal\u0131n\u0131n bat\u0131 taraf\u0131 talan edilirken oldu\u011fu gibi, yine yasalara ve bilime ayk\u0131r\u0131 olarak s\u00fcrd\u00fcr\u00fclen bu faaliyete de m\u00fcdahale etmiyor. Dragon Park\u0131&#8217;na y\u0131llar &hellip;","og_url":"https:\/\/denizcankizil.tr\/ru\/haberler\/gundem\/anamurda-yuvalama-kumsalina-beton\/","og_site_name":"Av. Deniz Can K\u0131z\u0131l","article_published_time":"2025-05-04T15:41:24+00:00","author":"Antalya K\u00f6rfez","twitter_card":"summary_large_image","twitter_misc":{"\u041d\u0430\u043f\u0438\u0441\u0430\u043d\u043e \u0430\u0432\u0442\u043e\u0440\u043e\u043c":"Antalya K\u00f6rfez","\u041f\u0440\u0438\u043c\u0435\u0440\u043d\u043e\u0435 \u0432\u0440\u0435\u043c\u044f \u0434\u043b\u044f \u0447\u0442\u0435\u043d\u0438\u044f":"4 \u043c\u0438\u043d\u0443\u0442\u044b"},"schema":{"@context":"https:\/\/schema.org","@graph":[{"@type":"Article","@id":"https:\/\/denizcankizil.tr\/ru\/haberler\/gundem\/anamurda-yuvalama-kumsalina-beton\/#article","isPartOf":{"@id":"https:\/\/denizcankizil.tr\/ru\/haberler\/gundem\/anamurda-yuvalama-kumsalina-beton\/"},"author":{"name":"Antalya K\u00f6rfez","@id":"https:\/\/denizcankizil.tr\/de\/#\/schema\/person\/e1eb71bb4dd684d46563f0af307e1234"},"headline":"Anamur\u2019da yuvalama kumsal\u0131na beton!","datePublished":"2025-05-04T15:41:24+00:00","mainEntityOfPage":{"@id":"https:\/\/denizcankizil.tr\/ru\/haberler\/gundem\/anamurda-yuvalama-kumsalina-beton\/"},"wordCount":859,"publisher":{"@id":"https:\/\/denizcankizil.tr\/de\/#organization"},"articleSection":["G\u00fcndem"],"inLanguage":"ru-RU"},{"@type":"WebPage","@id":"https:\/\/denizcankizil.tr\/ru\/haberler\/gundem\/anamurda-yuvalama-kumsalina-beton\/","url":"https:\/\/denizcankizil.tr\/ru\/haberler\/gundem\/anamurda-yuvalama-kumsalina-beton\/","name":"Anamur\u2019da yuvalama kumsal\u0131na beton! - Av. Deniz Can K\u0131z\u0131l","isPartOf":{"@id":"https:\/\/denizcankizil.tr\/de\/#website"},"datePublished":"2025-05-04T15:41:24+00:00","breadcrumb":{"@id":"https:\/\/denizcankizil.tr\/ru\/haberler\/gundem\/anamurda-yuvalama-kumsalina-beton\/#breadcrumb"},"inLanguage":"ru-RU","potentialAction":[{"@type":"ReadAction","target":["https:\/\/denizcankizil.tr\/ru\/haberler\/gundem\/anamurda-yuvalama-kumsalina-beton\/"]}]},{"@type":"BreadcrumbList","@id":"https:\/\/denizcankizil.tr\/ru\/haberler\/gundem\/anamurda-yuvalama-kumsalina-beton\/#breadcrumb","itemListElement":[{"@type":"ListItem","position":1,"name":"Home","item":"https:\/\/denizcankizil.tr\/de\/"},{"@type":"ListItem","position":2,"name":"Anamur\u2019da yuvalama kumsal\u0131na beton!"}]},{"@type":"WebSite","@id":"https:\/\/denizcankizil.tr\/de\/#website","url":"https:\/\/denizcankizil.tr\/de\/","name":"Av. Deniz Can K\u0131z\u0131l","description":"Avukat Deniz Can K\u0131z\u0131l Antalya Barosu","publisher":{"@id":"https:\/\/denizcankizil.tr\/de\/#organization"},"potentialAction":[{"@type":"SearchAction","target":{"@type":"EntryPoint","urlTemplate":"https:\/\/denizcankizil.tr\/de\/?s={search_term_string}"},"query-input":{"@type":"PropertyValueSpecification","valueRequired":true,"valueName":"search_term_string"}}],"inLanguage":"ru-RU"},{"@type":"Organization","@id":"https:\/\/denizcankizil.tr\/de\/#organization","name":"Av. Deniz Can K\u0131z\u0131l","url":"https:\/\/denizcankizil.tr\/de\/","logo":{"@type":"ImageObject","inLanguage":"ru-RU","@id":"https:\/\/denizcankizil.tr\/de\/#\/schema\/logo\/image\/","url":"https:\/\/denizcankizil.tr\/wp-content\/uploads\/2024\/10\/siyah-logo-svg.svg","contentUrl":"https:\/\/denizcankizil.tr\/wp-content\/uploads\/2024\/10\/siyah-logo-svg.svg","width":1080,"height":1080,"caption":"Av. Deniz Can K\u0131z\u0131l"},"image":{"@id":"https:\/\/denizcankizil.tr\/de\/#\/schema\/logo\/image\/"}},{"@type":"Person","@id":"https:\/\/denizcankizil.tr\/de\/#\/schema\/person\/e1eb71bb4dd684d46563f0af307e1234","name":"Antalya K\u00f6rfez","image":{"@type":"ImageObject","inLanguage":"ru-RU","@id":"https:\/\/denizcankizil.tr\/de\/#\/schema\/person\/image\/","url":"https:\/\/secure.gravatar.com\/avatar\/42b01982558a48a0b501fdcab6a408d3717ea5919095ee2e67b0e521799c5905?s=96&d=mm&r=g","contentUrl":"https:\/\/secure.gravatar.com\/avatar\/42b01982558a48a0b501fdcab6a408d3717ea5919095ee2e67b0e521799c5905?s=96&d=mm&r=g","caption":"Antalya K\u00f6rfez"},"sameAs":["http:\/\/www.antalyakorfez.com"],"url":"https:\/\/www.antalyakorfez.com\/anamurda-yuvalama-kumsalina-beton"}]}},"_links":{"self":[{"href":"https:\/\/denizcankizil.tr\/ru\/wp-json\/wp\/v2\/posts\/75936","targetHints":{"allow":["GET"]}}],"collection":[{"href":"https:\/\/denizcankizil.tr\/ru\/wp-json\/wp\/v2\/posts"}],"about":[{"href":"https:\/\/denizcankizil.tr\/ru\/wp-json\/wp\/v2\/types\/post"}],"author":[{"embeddable":true,"href":"https:\/\/denizcankizil.tr\/ru\/wp-json\/wp\/v2\/users\/5"}],"replies":[{"embeddable":true,"href":"https:\/\/denizcankizil.tr\/ru\/wp-json\/wp\/v2\/comments?post=75936"}],"version-history":[{"count":0,"href":"https:\/\/denizcankizil.tr\/ru\/wp-json\/wp\/v2\/posts\/75936\/revisions"}],"wp:attachment":[{"href":"https:\/\/denizcankizil.tr\/ru\/wp-json\/wp\/v2\/media?parent=75936"}],"wp:term":[{"taxonomy":"category","embeddable":true,"href":"https:\/\/denizcankizil.tr\/ru\/wp-json\/wp\/v2\/categories?post=75936"},{"taxonomy":"post_tag","embeddable":true,"href":"https:\/\/denizcankizil.tr\/ru\/wp-json\/wp\/v2\/tags?post=75936"}],"curies":[{"name":"wp","href":"https:\/\/api.w.org\/{rel}","templated":true}]}}