{"id":74881,"date":"2025-05-03T17:42:20","date_gmt":"2025-05-03T14:42:20","guid":{"rendered":"https:\/\/denizcankizil.tr\/uncategorized-tr\/sariyer-sampiyon-olunca-taraftarlarina-kostu\/"},"modified":"2025-05-03T17:42:20","modified_gmt":"2025-05-03T14:42:20","slug":"sariyer-sampiyon-olunca-taraftarlarina-kostu","status":"publish","type":"post","link":"https:\/\/denizcankizil.tr\/ru\/haberler\/gundem\/sariyer-sampiyon-olunca-taraftarlarina-kostu\/","title":{"rendered":"Sar\u0131yer \u015eampiyon Olunca  Taraftarlar\u0131na ko\u015ftu"},"content":{"rendered":"<p>2. Lig Beyaz Grup&#8217;ta son haftaya Batman Petrolspor&#8217;un 2 puan \u00f6n\u00fcnde lider giren Sar\u0131yer \u0130skenderunspor&#8217;u 1-0 ma\u011flup ederek 1. lig&#8217;e y\u00fckseldi. Son olarak 2005 y\u0131l\u0131nda 1. Lig&#8217;de m\u00fccadele eden Sar\u0131yer, 20 y\u0131l aran\u0131n ard\u0131ndan 1. Lig&#8217;de m\u00fccadele etmeye hak kazand\u0131.<\/p>\n<p>1. L\u0130G&#8217;E Y\u00dcKSELECEK SON TAKIM \u00a0HAZ\u0130RAN&#8217;DA BELL\u0130 OLACAK<\/p>\n<p>Beyaz ve K\u0131rm\u0131z\u0131 Grup liderlerinin do\u011frudan 1. Lig&#8217;e y\u00fckseldi\u011fi 2. Lig&#8217;de liderlerin ard\u0131ndan be\u015fer ekip, play-off&#8217;ta m\u00fccadele edecek.<\/p>\n<p>Grup ikincilerinin do\u011frudan 3. tura y\u00fckselece\u011fi play-off&#8217;un ilk turunda 3&#8217;\u00fcnc\u00fc ile 6&#8217;nc\u0131, 4&#8217;\u00fcnc\u00fc ile de 5&#8217;inci tek ma\u00e7 eleme usul\u00fcne g\u00f6re kar\u015f\u0131la\u015facak. \u0130kinci ve \u00fc\u00e7\u00fcnc\u00fc tur, \u00e7ift ma\u00e7 eleme usul\u00fcne g\u00f6re oynanacak. \u0130ki grupta ad\u0131n\u0131 finale yazd\u0131ran tak\u0131mlar, 1. Lig&#8217;e y\u00fckselecek 3. tak\u0131m olmak i\u00e7in tarafs\u0131z sahada 1 Haziran da final ma\u00e7\u0131na \u00e7\u0131kacak.<\/p>\n<p>Play-off ilk tur ma\u00e7lar\u0131 8 May\u0131s Per\u015fembe g\u00fcn\u00fc, ikinci tur m\u00fcsabakalar\u0131 12-16 May\u0131s&#8217;ta, \u00fc\u00e7\u00fcnc\u00fc tur m\u00fccadeleleri 22-26 May\u0131s&#8217;ta ve final 1 Haziran Pazar g\u00fcn\u00fc oynanacak.<\/p>\n<p>\u200b\u0130skenderunspor ile deplasmanda kar\u015f\u0131la\u015fan Sar\u0131yer, 20 y\u0131l aran\u0131n ard\u0131ndan 1. Lig&#8217;e y\u00fckseldi.90 dakikan\u0131n biti\u015f d\u00fcd\u00fc\u011f\u00fc ile b\u00fcy\u00fck sevin\u00e7 ya\u015fand\u0131.\u00a0<\/p>\n<p>\u200bHaberin Al\u0131nt\u0131land\u0131\u011f\u0131 Kaynak: www.iskenderun.org<\/p>","protected":false},"excerpt":{"rendered":"<p>2. Lig Beyaz Grup&#8217;ta son haftaya Batman Petrolspor&#8217;un 2 puan \u00f6n\u00fcnde lider giren Sar\u0131yer \u0130skenderunspor&#8217;u 1-0 ma\u011flup ederek 1. lig&#8217;e y\u00fckseldi. Son olarak 2005 y\u0131l\u0131nda 1. Lig&#8217;de m\u00fccadele eden Sar\u0131yer, 20 y\u0131l aran\u0131n ard\u0131ndan 1. Lig&#8217;de m\u00fccadele etmeye hak kazand\u0131. 1. L\u0130G&#8217;E Y\u00dcKSELECEK SON TAKIM \u00a0HAZ\u0130RAN&#8217;DA BELL\u0130 OLACAK Beyaz ve K\u0131rm\u0131z\u0131 Grup liderlerinin do\u011frudan 1. Lig&#8217;e y\u00fckseldi\u011fi 2. Lig&#8217;de liderlerin ard\u0131ndan be\u015fer ekip, play-off&#8217;ta m\u00fccadele edecek. Grup ikincilerinin do\u011frudan 3. tura y\u00fckselece\u011fi play-off&#8217;un ilk turunda 3&#8217;\u00fcnc\u00fc ile 6&#8217;nc\u0131, 4&#8217;\u00fcnc\u00fc ile de 5&#8217;inci tek ma\u00e7 eleme usul\u00fcne g\u00f6re kar\u015f\u0131la\u015facak. \u0130kinci ve \u00fc\u00e7\u00fcnc\u00fc tur, \u00e7ift ma\u00e7 eleme usul\u00fcne g\u00f6re oynanacak. \u0130ki grupta ad\u0131n\u0131 finale yazd\u0131ran tak\u0131mlar, 1. Lig&#8217;e y\u00fckselecek 3. tak\u0131m olmak i\u00e7in tarafs\u0131z sahada 1 Haziran da final ma\u00e7\u0131na \u00e7\u0131kacak. Play-off ilk tur ma\u00e7lar\u0131 8 May\u0131s Per\u015fembe g\u00fcn\u00fc, ikinci tur m\u00fcsabakalar\u0131 12-16 May\u0131s&#8217;ta, \u00fc\u00e7\u00fcnc\u00fc tur m\u00fccadeleleri 22-26 May\u0131s&#8217;ta ve final 1 Haziran Pazar g\u00fcn\u00fc oynanacak. \u200b\u0130skenderunspor ile deplasmanda kar\u015f\u0131la\u015fan Sar\u0131yer, 20 y\u0131l aran\u0131n ard\u0131ndan 1. Lig&#8217;e y\u00fckseldi.90 dakikan\u0131n biti\u015f d\u00fcd\u00fc\u011f\u00fc ile b\u00fcy\u00fck sevin\u00e7 ya\u015fand\u0131.\u00a0 \u200bHaberin Al\u0131nt\u0131land\u0131\u011f\u0131 Kaynak: www.iskenderun.org<\/p>","protected":false},"author":1,"featured_media":0,"comment_status":"","ping_status":"open","sticky":false,"template":"","format":"standard","meta":{"_acf_changed":false,"footnotes":""},"categories":[24],"tags":[],"class_list":["post-74881","post","type-post","status-publish","format-standard","has-post-thumbnail","hentry","category-gundem"],"acf":[],"yoast_head":"<!-- This site is optimized with the Yoast SEO Premium plugin v26.6 (Yoast SEO v27.1.1) - https:\/\/yoast.com\/product\/yoast-seo-premium-wordpress\/ -->\n<title>Sar\u0131yer \u015eampiyon Olunca Taraftarlar\u0131na ko\u015ftu - Av. Deniz Can K\u0131z\u0131l<\/title>\n<meta name=\"robots\" content=\"index, follow, max-snippet:-1, max-image-preview:large, max-video-preview:-1\" \/>\n<link rel=\"canonical\" href=\"https:\/\/denizcankizil.tr\/ru\/haberler\/gundem\/sariyer-sampiyon-olunca-taraftarlarina-kostu\/\" \/>\n<meta property=\"og:locale\" content=\"ru_RU\" \/>\n<meta property=\"og:type\" content=\"article\" \/>\n<meta property=\"og:title\" content=\"Sar\u0131yer \u015eampiyon Olunca Taraftarlar\u0131na ko\u015ftu\" \/>\n<meta property=\"og:description\" content=\"2. Lig Beyaz Grup&#8217;ta son haftaya Batman Petrolspor&#8217;un 2 puan \u00f6n\u00fcnde lider giren Sar\u0131yer \u0130skenderunspor&#8217;u 1-0 ma\u011flup ederek 1. lig&#8217;e y\u00fckseldi. Son olarak 2005 y\u0131l\u0131nda 1. Lig&#8217;de m\u00fccadele eden Sar\u0131yer, 20 y\u0131l aran\u0131n ard\u0131ndan 1. Lig&#8217;de m\u00fccadele etmeye hak kazand\u0131. 1. L\u0130G&#8217;E Y\u00dcKSELECEK SON TAKIM \u00a0HAZ\u0130RAN&#8217;DA BELL\u0130 OLACAK Beyaz ve K\u0131rm\u0131z\u0131 Grup liderlerinin do\u011frudan 1. Lig&#8217;e y\u00fckseldi\u011fi 2. Lig&#8217;de liderlerin ard\u0131ndan be\u015fer ekip, play-off&#8217;ta m\u00fccadele edecek. Grup ikincilerinin do\u011frudan 3. tura y\u00fckselece\u011fi play-off&#8217;un ilk turunda 3&#8217;\u00fcnc\u00fc ile 6&#8217;nc\u0131, 4&#8217;\u00fcnc\u00fc ile de 5&#8217;inci tek ma\u00e7 eleme usul\u00fcne g\u00f6re kar\u015f\u0131la\u015facak. \u0130kinci ve \u00fc\u00e7\u00fcnc\u00fc tur, \u00e7ift ma\u00e7 eleme usul\u00fcne g\u00f6re oynanacak. \u0130ki grupta ad\u0131n\u0131 finale yazd\u0131ran tak\u0131mlar, 1. Lig&#8217;e y\u00fckselecek 3. tak\u0131m olmak i\u00e7in tarafs\u0131z sahada 1 Haziran da final ma\u00e7\u0131na \u00e7\u0131kacak. Play-off ilk tur ma\u00e7lar\u0131 8 May\u0131s Per\u015fembe g\u00fcn\u00fc, ikinci tur m\u00fcsabakalar\u0131 12-16 May\u0131s&#8217;ta, \u00fc\u00e7\u00fcnc\u00fc tur m\u00fccadeleleri 22-26 May\u0131s&#8217;ta ve final 1 Haziran Pazar g\u00fcn\u00fc oynanacak. \u200b\u0130skenderunspor ile deplasmanda kar\u015f\u0131la\u015fan Sar\u0131yer, 20 y\u0131l aran\u0131n ard\u0131ndan 1. Lig&#8217;e y\u00fckseldi.90 dakikan\u0131n biti\u015f d\u00fcd\u00fc\u011f\u00fc ile b\u00fcy\u00fck sevin\u00e7 ya\u015fand\u0131.\u00a0 \u200bHaberin Al\u0131nt\u0131land\u0131\u011f\u0131 Kaynak: www.iskenderun.org\" \/>\n<meta property=\"og:url\" content=\"https:\/\/denizcankizil.tr\/ru\/haberler\/gundem\/sariyer-sampiyon-olunca-taraftarlarina-kostu\/\" \/>\n<meta property=\"og:site_name\" content=\"Av. Deniz Can K\u0131z\u0131l\" \/>\n<meta property=\"article:published_time\" content=\"2025-05-03T14:42:20+00:00\" \/>\n<meta name=\"author\" content=\"admin\" \/>\n<meta name=\"twitter:card\" content=\"summary_large_image\" \/>\n<meta name=\"twitter:label1\" content=\"\u041d\u0430\u043f\u0438\u0441\u0430\u043d\u043e \u0430\u0432\u0442\u043e\u0440\u043e\u043c\" \/>\n\t<meta name=\"twitter:data1\" content=\"admin\" \/>\n\t<meta name=\"twitter:label2\" content=\"\u041f\u0440\u0438\u043c\u0435\u0440\u043d\u043e\u0435 \u0432\u0440\u0435\u043c\u044f \u0434\u043b\u044f \u0447\u0442\u0435\u043d\u0438\u044f\" \/>\n\t<meta name=\"twitter:data2\" content=\"1 \u043c\u0438\u043d\u0443\u0442\u0430\" \/>\n<script type=\"application\/ld+json\" class=\"yoast-schema-graph\">{\"@context\":\"https:\/\/schema.org\",\"@graph\":[{\"@type\":\"Article\",\"@id\":\"https:\/\/denizcankizil.tr\/ru\/haberler\/gundem\/sariyer-sampiyon-olunca-taraftarlarina-kostu\/#article\",\"isPartOf\":{\"@id\":\"https:\/\/denizcankizil.tr\/ru\/haberler\/gundem\/sariyer-sampiyon-olunca-taraftarlarina-kostu\/\"},\"author\":{\"name\":\"admin\",\"@id\":\"https:\/\/denizcankizil.tr\/#\/schema\/person\/be3c05fe6a12686905512445d8185489\"},\"headline\":\"Sar\u0131yer \u015eampiyon Olunca Taraftarlar\u0131na ko\u015ftu\",\"datePublished\":\"2025-05-03T14:42:20+00:00\",\"mainEntityOfPage\":{\"@id\":\"https:\/\/denizcankizil.tr\/ru\/haberler\/gundem\/sariyer-sampiyon-olunca-taraftarlarina-kostu\/\"},\"wordCount\":238,\"publisher\":{\"@id\":\"https:\/\/denizcankizil.tr\/#organization\"},\"articleSection\":[\"G\u00fcndem\"],\"inLanguage\":\"ru-RU\"},{\"@type\":\"WebPage\",\"@id\":\"https:\/\/denizcankizil.tr\/ru\/haberler\/gundem\/sariyer-sampiyon-olunca-taraftarlarina-kostu\/\",\"url\":\"https:\/\/denizcankizil.tr\/ru\/haberler\/gundem\/sariyer-sampiyon-olunca-taraftarlarina-kostu\/\",\"name\":\"Sar\u0131yer \u015eampiyon Olunca Taraftarlar\u0131na ko\u015ftu - Av. Deniz Can K\u0131z\u0131l\",\"isPartOf\":{\"@id\":\"https:\/\/denizcankizil.tr\/#website\"},\"datePublished\":\"2025-05-03T14:42:20+00:00\",\"breadcrumb\":{\"@id\":\"https:\/\/denizcankizil.tr\/ru\/haberler\/gundem\/sariyer-sampiyon-olunca-taraftarlarina-kostu\/#breadcrumb\"},\"inLanguage\":\"ru-RU\",\"potentialAction\":[{\"@type\":\"ReadAction\",\"target\":[\"https:\/\/denizcankizil.tr\/ru\/haberler\/gundem\/sariyer-sampiyon-olunca-taraftarlarina-kostu\/\"]}]},{\"@type\":\"BreadcrumbList\",\"@id\":\"https:\/\/denizcankizil.tr\/ru\/haberler\/gundem\/sariyer-sampiyon-olunca-taraftarlarina-kostu\/#breadcrumb\",\"itemListElement\":[{\"@type\":\"ListItem\",\"position\":1,\"name\":\"Home\",\"item\":\"https:\/\/denizcankizil.tr\/de\/\"},{\"@type\":\"ListItem\",\"position\":2,\"name\":\"Sar\u0131yer \u015eampiyon Olunca Taraftarlar\u0131na ko\u015ftu\"}]},{\"@type\":\"WebSite\",\"@id\":\"https:\/\/denizcankizil.tr\/#website\",\"url\":\"https:\/\/denizcankizil.tr\/\",\"name\":\"Av. Deniz Can K\u0131z\u0131l\",\"description\":\"Avukat Deniz Can K\u0131z\u0131l Antalya Barosu\",\"publisher\":{\"@id\":\"https:\/\/denizcankizil.tr\/#organization\"},\"potentialAction\":[{\"@type\":\"SearchAction\",\"target\":{\"@type\":\"EntryPoint\",\"urlTemplate\":\"https:\/\/denizcankizil.tr\/?s={search_term_string}\"},\"query-input\":{\"@type\":\"PropertyValueSpecification\",\"valueRequired\":true,\"valueName\":\"search_term_string\"}}],\"inLanguage\":\"ru-RU\"},{\"@type\":\"Organization\",\"@id\":\"https:\/\/denizcankizil.tr\/#organization\",\"name\":\"Av. Deniz Can K\u0131z\u0131l\",\"url\":\"https:\/\/denizcankizil.tr\/\",\"logo\":{\"@type\":\"ImageObject\",\"inLanguage\":\"ru-RU\",\"@id\":\"https:\/\/denizcankizil.tr\/#\/schema\/logo\/image\/\",\"url\":\"https:\/\/denizcankizil.tr\/wp-content\/uploads\/2024\/10\/siyah-logo-svg.svg\",\"contentUrl\":\"https:\/\/denizcankizil.tr\/wp-content\/uploads\/2024\/10\/siyah-logo-svg.svg\",\"width\":1080,\"height\":1080,\"caption\":\"Av. Deniz Can K\u0131z\u0131l\"},\"image\":{\"@id\":\"https:\/\/denizcankizil.tr\/#\/schema\/logo\/image\/\"}},{\"@type\":\"Person\",\"@id\":\"https:\/\/denizcankizil.tr\/#\/schema\/person\/be3c05fe6a12686905512445d8185489\",\"name\":\"admin\",\"image\":{\"@type\":\"ImageObject\",\"inLanguage\":\"ru-RU\",\"@id\":\"https:\/\/denizcankizil.tr\/#\/schema\/person\/image\/\",\"url\":\"https:\/\/secure.gravatar.com\/avatar\/c1fce94c830dc79107e174f890d7210541c4a63e8e5d816341794a2151c9d58c?s=96&d=mm&r=g\",\"contentUrl\":\"https:\/\/secure.gravatar.com\/avatar\/c1fce94c830dc79107e174f890d7210541c4a63e8e5d816341794a2151c9d58c?s=96&d=mm&r=g\",\"caption\":\"admin\"},\"sameAs\":[\"http:\/\/denizcankizil.tr\"],\"url\":\"https:\/\/www.iskenderun.org\/sariyer-sampiyon-olunca-taraftarlarina-kostu\"}]}<\/script>\n<!-- \/ Yoast SEO Premium plugin. -->","yoast_head_json":{"title":"Sar\u0131yer \u015eampiyon Olunca Taraftarlar\u0131na ko\u015ftu - Av. Deniz Can K\u0131z\u0131l","robots":{"index":"index","follow":"follow","max-snippet":"max-snippet:-1","max-image-preview":"max-image-preview:large","max-video-preview":"max-video-preview:-1"},"canonical":"https:\/\/denizcankizil.tr\/ru\/haberler\/gundem\/sariyer-sampiyon-olunca-taraftarlarina-kostu\/","og_locale":"ru_RU","og_type":"article","og_title":"Sar\u0131yer \u015eampiyon Olunca Taraftarlar\u0131na ko\u015ftu","og_description":"2. Lig Beyaz Grup&#8217;ta son haftaya Batman Petrolspor&#8217;un 2 puan \u00f6n\u00fcnde lider giren Sar\u0131yer \u0130skenderunspor&#8217;u 1-0 ma\u011flup ederek 1. lig&#8217;e y\u00fckseldi. Son olarak 2005 y\u0131l\u0131nda 1. Lig&#8217;de m\u00fccadele eden Sar\u0131yer, 20 y\u0131l aran\u0131n ard\u0131ndan 1. Lig&#8217;de m\u00fccadele etmeye hak kazand\u0131. 1. L\u0130G&#8217;E Y\u00dcKSELECEK SON TAKIM \u00a0HAZ\u0130RAN&#8217;DA BELL\u0130 OLACAK Beyaz ve K\u0131rm\u0131z\u0131 Grup liderlerinin do\u011frudan 1. Lig&#8217;e y\u00fckseldi\u011fi 2. Lig&#8217;de liderlerin ard\u0131ndan be\u015fer ekip, play-off&#8217;ta m\u00fccadele edecek. Grup ikincilerinin do\u011frudan 3. tura y\u00fckselece\u011fi play-off&#8217;un ilk turunda 3&#8217;\u00fcnc\u00fc ile 6&#8217;nc\u0131, 4&#8217;\u00fcnc\u00fc ile de 5&#8217;inci tek ma\u00e7 eleme usul\u00fcne g\u00f6re kar\u015f\u0131la\u015facak. \u0130kinci ve \u00fc\u00e7\u00fcnc\u00fc tur, \u00e7ift ma\u00e7 eleme usul\u00fcne g\u00f6re oynanacak. \u0130ki grupta ad\u0131n\u0131 finale yazd\u0131ran tak\u0131mlar, 1. Lig&#8217;e y\u00fckselecek 3. tak\u0131m olmak i\u00e7in tarafs\u0131z sahada 1 Haziran da final ma\u00e7\u0131na \u00e7\u0131kacak. Play-off ilk tur ma\u00e7lar\u0131 8 May\u0131s Per\u015fembe g\u00fcn\u00fc, ikinci tur m\u00fcsabakalar\u0131 12-16 May\u0131s&#8217;ta, \u00fc\u00e7\u00fcnc\u00fc tur m\u00fccadeleleri 22-26 May\u0131s&#8217;ta ve final 1 Haziran Pazar g\u00fcn\u00fc oynanacak. \u200b\u0130skenderunspor ile deplasmanda kar\u015f\u0131la\u015fan Sar\u0131yer, 20 y\u0131l aran\u0131n ard\u0131ndan 1. Lig&#8217;e y\u00fckseldi.90 dakikan\u0131n biti\u015f d\u00fcd\u00fc\u011f\u00fc ile b\u00fcy\u00fck sevin\u00e7 ya\u015fand\u0131.\u00a0 \u200bHaberin Al\u0131nt\u0131land\u0131\u011f\u0131 Kaynak: www.iskenderun.org","og_url":"https:\/\/denizcankizil.tr\/ru\/haberler\/gundem\/sariyer-sampiyon-olunca-taraftarlarina-kostu\/","og_site_name":"Av. Deniz Can K\u0131z\u0131l","article_published_time":"2025-05-03T14:42:20+00:00","author":"admin","twitter_card":"summary_large_image","twitter_misc":{"\u041d\u0430\u043f\u0438\u0441\u0430\u043d\u043e \u0430\u0432\u0442\u043e\u0440\u043e\u043c":"admin","\u041f\u0440\u0438\u043c\u0435\u0440\u043d\u043e\u0435 \u0432\u0440\u0435\u043c\u044f \u0434\u043b\u044f \u0447\u0442\u0435\u043d\u0438\u044f":"1 \u043c\u0438\u043d\u0443\u0442\u0430"},"schema":{"@context":"https:\/\/schema.org","@graph":[{"@type":"Article","@id":"https:\/\/denizcankizil.tr\/ru\/haberler\/gundem\/sariyer-sampiyon-olunca-taraftarlarina-kostu\/#article","isPartOf":{"@id":"https:\/\/denizcankizil.tr\/ru\/haberler\/gundem\/sariyer-sampiyon-olunca-taraftarlarina-kostu\/"},"author":{"name":"admin","@id":"https:\/\/denizcankizil.tr\/#\/schema\/person\/be3c05fe6a12686905512445d8185489"},"headline":"Sar\u0131yer \u015eampiyon Olunca Taraftarlar\u0131na ko\u015ftu","datePublished":"2025-05-03T14:42:20+00:00","mainEntityOfPage":{"@id":"https:\/\/denizcankizil.tr\/ru\/haberler\/gundem\/sariyer-sampiyon-olunca-taraftarlarina-kostu\/"},"wordCount":238,"publisher":{"@id":"https:\/\/denizcankizil.tr\/#organization"},"articleSection":["G\u00fcndem"],"inLanguage":"ru-RU"},{"@type":"WebPage","@id":"https:\/\/denizcankizil.tr\/ru\/haberler\/gundem\/sariyer-sampiyon-olunca-taraftarlarina-kostu\/","url":"https:\/\/denizcankizil.tr\/ru\/haberler\/gundem\/sariyer-sampiyon-olunca-taraftarlarina-kostu\/","name":"Sar\u0131yer \u015eampiyon Olunca Taraftarlar\u0131na ko\u015ftu - Av. Deniz Can K\u0131z\u0131l","isPartOf":{"@id":"https:\/\/denizcankizil.tr\/#website"},"datePublished":"2025-05-03T14:42:20+00:00","breadcrumb":{"@id":"https:\/\/denizcankizil.tr\/ru\/haberler\/gundem\/sariyer-sampiyon-olunca-taraftarlarina-kostu\/#breadcrumb"},"inLanguage":"ru-RU","potentialAction":[{"@type":"ReadAction","target":["https:\/\/denizcankizil.tr\/ru\/haberler\/gundem\/sariyer-sampiyon-olunca-taraftarlarina-kostu\/"]}]},{"@type":"BreadcrumbList","@id":"https:\/\/denizcankizil.tr\/ru\/haberler\/gundem\/sariyer-sampiyon-olunca-taraftarlarina-kostu\/#breadcrumb","itemListElement":[{"@type":"ListItem","position":1,"name":"Home","item":"https:\/\/denizcankizil.tr\/de\/"},{"@type":"ListItem","position":2,"name":"Sar\u0131yer \u015eampiyon Olunca Taraftarlar\u0131na ko\u015ftu"}]},{"@type":"WebSite","@id":"https:\/\/denizcankizil.tr\/#website","url":"https:\/\/denizcankizil.tr\/","name":"Av. Deniz Can K\u0131z\u0131l","description":"Avukat Deniz Can K\u0131z\u0131l Antalya Barosu","publisher":{"@id":"https:\/\/denizcankizil.tr\/#organization"},"potentialAction":[{"@type":"SearchAction","target":{"@type":"EntryPoint","urlTemplate":"https:\/\/denizcankizil.tr\/?s={search_term_string}"},"query-input":{"@type":"PropertyValueSpecification","valueRequired":true,"valueName":"search_term_string"}}],"inLanguage":"ru-RU"},{"@type":"Organization","@id":"https:\/\/denizcankizil.tr\/#organization","name":"Av. Deniz Can K\u0131z\u0131l","url":"https:\/\/denizcankizil.tr\/","logo":{"@type":"ImageObject","inLanguage":"ru-RU","@id":"https:\/\/denizcankizil.tr\/#\/schema\/logo\/image\/","url":"https:\/\/denizcankizil.tr\/wp-content\/uploads\/2024\/10\/siyah-logo-svg.svg","contentUrl":"https:\/\/denizcankizil.tr\/wp-content\/uploads\/2024\/10\/siyah-logo-svg.svg","width":1080,"height":1080,"caption":"Av. Deniz Can K\u0131z\u0131l"},"image":{"@id":"https:\/\/denizcankizil.tr\/#\/schema\/logo\/image\/"}},{"@type":"Person","@id":"https:\/\/denizcankizil.tr\/#\/schema\/person\/be3c05fe6a12686905512445d8185489","name":"\u0430\u0434\u043c\u0438\u043d","image":{"@type":"ImageObject","inLanguage":"ru-RU","@id":"https:\/\/denizcankizil.tr\/#\/schema\/person\/image\/","url":"https:\/\/secure.gravatar.com\/avatar\/c1fce94c830dc79107e174f890d7210541c4a63e8e5d816341794a2151c9d58c?s=96&d=mm&r=g","contentUrl":"https:\/\/secure.gravatar.com\/avatar\/c1fce94c830dc79107e174f890d7210541c4a63e8e5d816341794a2151c9d58c?s=96&d=mm&r=g","caption":"admin"},"sameAs":["http:\/\/denizcankizil.tr"],"url":"https:\/\/www.iskenderun.org\/sariyer-sampiyon-olunca-taraftarlarina-kostu"}]}},"_links":{"self":[{"href":"https:\/\/denizcankizil.tr\/ru\/wp-json\/wp\/v2\/posts\/74881","targetHints":{"allow":["GET"]}}],"collection":[{"href":"https:\/\/denizcankizil.tr\/ru\/wp-json\/wp\/v2\/posts"}],"about":[{"href":"https:\/\/denizcankizil.tr\/ru\/wp-json\/wp\/v2\/types\/post"}],"author":[{"embeddable":true,"href":"https:\/\/denizcankizil.tr\/ru\/wp-json\/wp\/v2\/users\/1"}],"replies":[{"embeddable":true,"href":"https:\/\/denizcankizil.tr\/ru\/wp-json\/wp\/v2\/comments?post=74881"}],"version-history":[{"count":0,"href":"https:\/\/denizcankizil.tr\/ru\/wp-json\/wp\/v2\/posts\/74881\/revisions"}],"wp:attachment":[{"href":"https:\/\/denizcankizil.tr\/ru\/wp-json\/wp\/v2\/media?parent=74881"}],"wp:term":[{"taxonomy":"category","embeddable":true,"href":"https:\/\/denizcankizil.tr\/ru\/wp-json\/wp\/v2\/categories?post=74881"},{"taxonomy":"post_tag","embeddable":true,"href":"https:\/\/denizcankizil.tr\/ru\/wp-json\/wp\/v2\/tags?post=74881"}],"curies":[{"name":"wp","href":"https:\/\/api.w.org\/{rel}","templated":true}]}}