{"id":7486,"date":"2024-10-24T13:41:13","date_gmt":"2024-10-24T10:41:13","guid":{"rendered":"https:\/\/denizcankizil.tr\/uncategorized-tr\/antalya-14-kitap-fuarinin-kapilari-kitapseverlere-aciliyor\/"},"modified":"2024-10-24T13:41:13","modified_gmt":"2024-10-24T10:41:13","slug":"antalya-14-kitap-fuarinin-kapilari-kitapseverlere-aciliyor","status":"publish","type":"post","link":"https:\/\/denizcankizil.tr\/ru\/haberler\/gundem\/antalya-14-kitap-fuarinin-kapilari-kitapseverlere-aciliyor\/","title":{"rendered":"Antalya 14. Kitap Fuar\u0131\u2019n\u0131n kap\u0131lar\u0131 kitapseverlere a\u00e7\u0131l\u0131yor"},"content":{"rendered":"<p>Antalya B\u00fcy\u00fck\u015fehir Belediyesi 14. Kitap Fuar\u0131, bu y\u0131l 25 Ekim &#8211; 3 Kas\u0131m tarihleri aras\u0131nda Cam Piramit Fuar ve Kongre Merkezinde kitapseverleri, yazarlar ve kitaplarla bulu\u015fturacak. Antalya Kitap Fuar\u0131\u2019na bu y\u0131l 271 yazar ve 225 ulusal ve uluslararas\u0131 yay\u0131nevi kat\u0131l\u0131yor. Antalyal\u0131 yerel yazarlar da a\u00e7\u0131lacak stantta okurlar\u0131yla bir araya gelecek. 25 Ekim Cuma g\u00fcn\u00fc saat 11.00\u2019de resmi a\u00e7\u0131l\u0131\u015f t\u00f6reni ger\u00e7ekle\u015ftirilecek fuar\u0131n onur konu\u011fu \u0130lker Ba\u015fbu\u011f olacak.\u00a0<\/p>\n<p>FUARDA OLACAK YAZARLAR\u00a0<\/p>\n<p>Fuarda; CHP Grup Ba\u015fkan Vekili Ali Mahir Ba\u015far\u0131r, \u0130lber Ortayl\u0131, \u0130smail K\u00fc\u00e7\u00fckkaya, \u0130clal Ayd\u0131n, \u00dcmit \u00d6zda\u011f, Gani M\u00fcjde, Tuna Kiremitci, Dr. Dilek Kaya \u0130mamo\u011flu, Bar\u0131\u015f Terko\u011flu, Timur Soykan, Sayg\u0131 \u00d6zt\u00fcrk, Hidayet Karaku\u015f, Erol M\u00fctercimler, \u0130nci Aral, Kemal Varol, Enver Aysever, Ahmet Telli gibi birbirinden de\u011ferli yazarlar Antalyal\u0131 kitapseverler ile bulu\u015facak. Fuarda Antalya B\u00fcy\u00fck\u015fehir Belediye Ba\u015fkan\u0131 Muhittin B\u00f6cek\u2019in de iki kitab\u0131n\u0131 okurlar\u0131 i\u00e7in imzalayacak. \u0130l\u00e7e belediyelerin de katk\u0131lar\u0131yla 19 il\u00e7eden \u00f6\u011frencilerin fuar\u0131 ziyaret etmesi sa\u011flanacak.\u00a0<br \/>\n\u00a0 \u00a0 \u00a0 \u00a0 \u00a0 \u00a0 \u00a0 \u00a0 \u00a0 \u00a0 \u00a0 \u00a0 \u00a0 \u00a0<br \/>\n\u00a0<\/p>\n<p>\u200bAntalya B\u00fcy\u00fck\u015fehir Belediyesi b\u00fcnyesinde bu y\u0131l 14\u2019\u00fcnc\u00fcs\u00fc d\u00fczenlenecek olan Antalya Kitap Fuar\u0131, 25 Ekim Cuma (Yar\u0131n) saat 11.00\u2019de kap\u0131lar\u0131n\u0131 kitapseverlere a\u00e7\u0131yor. Fuar da \u0130lker Ba\u015fbu\u011fu, \u0130lber Ortayl\u0131, \u0130smail K\u00fc\u00e7\u00fckkaya, \u00dcmit \u00d6zda\u011f, Bar\u0131\u015f Terko\u011flu ve Erol M\u00fctercimler gibi birebirinden de\u011ferli yazarlar olacak\u00a0<\/p>\n<p>\u200bHaberin Al\u0131nt\u0131land\u0131\u011f\u0131 Kaynak: www.antalyakorfez.com<\/p>","protected":false},"excerpt":{"rendered":"<p>Antalya B\u00fcy\u00fck\u015fehir Belediyesi 14. Kitap Fuar\u0131, bu y\u0131l 25 Ekim &#8211; 3 Kas\u0131m tarihleri aras\u0131nda Cam Piramit Fuar ve Kongre Merkezinde kitapseverleri, yazarlar ve kitaplarla bulu\u015fturacak. Antalya Kitap Fuar\u0131\u2019na bu y\u0131l 271 yazar ve 225 ulusal ve uluslararas\u0131 yay\u0131nevi kat\u0131l\u0131yor. Antalyal\u0131 yerel yazarlar da a\u00e7\u0131lacak stantta okurlar\u0131yla bir araya gelecek. 25 Ekim Cuma g\u00fcn\u00fc saat 11.00\u2019de resmi a\u00e7\u0131l\u0131\u015f t\u00f6reni ger\u00e7ekle\u015ftirilecek fuar\u0131n onur konu\u011fu \u0130lker Ba\u015fbu\u011f olacak.\u00a0 FUARDA OLACAK YAZARLAR\u00a0 Fuarda; CHP Grup Ba\u015fkan Vekili Ali Mahir Ba\u015far\u0131r, \u0130lber Ortayl\u0131, \u0130smail K\u00fc\u00e7\u00fckkaya, \u0130clal Ayd\u0131n, \u00dcmit \u00d6zda\u011f, Gani M\u00fcjde, Tuna Kiremitci, Dr. Dilek Kaya \u0130mamo\u011flu, Bar\u0131\u015f Terko\u011flu, Timur Soykan, Sayg\u0131 \u00d6zt\u00fcrk, Hidayet Karaku\u015f, Erol M\u00fctercimler, \u0130nci Aral, Kemal Varol, Enver Aysever, Ahmet Telli gibi birbirinden de\u011ferli yazarlar Antalyal\u0131 kitapseverler ile bulu\u015facak. Fuarda Antalya B\u00fcy\u00fck\u015fehir Belediye Ba\u015fkan\u0131 Muhittin B\u00f6cek\u2019in de iki kitab\u0131n\u0131 okurlar\u0131 i\u00e7in imzalayacak. \u0130l\u00e7e belediyelerin de katk\u0131lar\u0131yla 19 il\u00e7eden \u00f6\u011frencilerin fuar\u0131 ziyaret etmesi sa\u011flanacak.\u00a0 \u00a0 \u00a0 \u00a0 \u00a0 \u00a0 \u00a0 \u00a0 \u00a0 \u00a0 \u00a0 \u00a0 \u00a0 \u00a0 \u00a0 \u00a0 \u200bAntalya B\u00fcy\u00fck\u015fehir Belediyesi b\u00fcnyesinde bu y\u0131l 14\u2019\u00fcnc\u00fcs\u00fc d\u00fczenlenecek olan Antalya Kitap Fuar\u0131, 25 Ekim Cuma (Yar\u0131n) saat 11.00\u2019de kap\u0131lar\u0131n\u0131 kitapseverlere a\u00e7\u0131yor. Fuar da \u0130lker Ba\u015fbu\u011fu, \u0130lber Ortayl\u0131, \u0130smail K\u00fc\u00e7\u00fckkaya, \u00dcmit \u00d6zda\u011f, Bar\u0131\u015f Terko\u011flu ve Erol M\u00fctercimler gibi birebirinden de\u011ferli yazarlar olacak\u00a0 \u200bHaberin &hellip;<\/p>","protected":false},"author":0,"featured_media":0,"comment_status":"open","ping_status":"open","sticky":false,"template":"","format":"standard","meta":{"_acf_changed":false,"footnotes":""},"categories":[24,535],"tags":[],"class_list":["post-7486","post","type-post","status-publish","format-standard","has-post-thumbnail","hentry","category-gundem","category-uncategorized-tr"],"acf":[],"yoast_head":"<!-- This site is optimized with the Yoast SEO Premium plugin v26.6 (Yoast SEO v27.1.1) - https:\/\/yoast.com\/product\/yoast-seo-premium-wordpress\/ -->\n<title>Antalya 14. Kitap Fuar\u0131\u2019n\u0131n kap\u0131lar\u0131 kitapseverlere a\u00e7\u0131l\u0131yor - Av. Deniz Can K\u0131z\u0131l<\/title>\n<meta name=\"robots\" content=\"index, follow, max-snippet:-1, max-image-preview:large, max-video-preview:-1\" \/>\n<link rel=\"canonical\" href=\"https:\/\/denizcankizil.tr\/ru\/haberler\/gundem\/antalya-14-kitap-fuarinin-kapilari-kitapseverlere-aciliyor\/\" \/>\n<meta property=\"og:locale\" content=\"ru_RU\" \/>\n<meta property=\"og:type\" content=\"article\" \/>\n<meta property=\"og:title\" content=\"Antalya 14. Kitap Fuar\u0131\u2019n\u0131n kap\u0131lar\u0131 kitapseverlere a\u00e7\u0131l\u0131yor\" \/>\n<meta property=\"og:description\" content=\"Antalya B\u00fcy\u00fck\u015fehir Belediyesi 14. Kitap Fuar\u0131, bu y\u0131l 25 Ekim &#8211; 3 Kas\u0131m tarihleri aras\u0131nda Cam Piramit Fuar ve Kongre Merkezinde kitapseverleri, yazarlar ve kitaplarla bulu\u015fturacak. Antalya Kitap Fuar\u0131\u2019na bu y\u0131l 271 yazar ve 225 ulusal ve uluslararas\u0131 yay\u0131nevi kat\u0131l\u0131yor. Antalyal\u0131 yerel yazarlar da a\u00e7\u0131lacak stantta okurlar\u0131yla bir araya gelecek. 25 Ekim Cuma g\u00fcn\u00fc saat 11.00\u2019de resmi a\u00e7\u0131l\u0131\u015f t\u00f6reni ger\u00e7ekle\u015ftirilecek fuar\u0131n onur konu\u011fu \u0130lker Ba\u015fbu\u011f olacak.\u00a0 FUARDA OLACAK YAZARLAR\u00a0 Fuarda; CHP Grup Ba\u015fkan Vekili Ali Mahir Ba\u015far\u0131r, \u0130lber Ortayl\u0131, \u0130smail K\u00fc\u00e7\u00fckkaya, \u0130clal Ayd\u0131n, \u00dcmit \u00d6zda\u011f, Gani M\u00fcjde, Tuna Kiremitci, Dr. Dilek Kaya \u0130mamo\u011flu, Bar\u0131\u015f Terko\u011flu, Timur Soykan, Sayg\u0131 \u00d6zt\u00fcrk, Hidayet Karaku\u015f, Erol M\u00fctercimler, \u0130nci Aral, Kemal Varol, Enver Aysever, Ahmet Telli gibi birbirinden de\u011ferli yazarlar Antalyal\u0131 kitapseverler ile bulu\u015facak. Fuarda Antalya B\u00fcy\u00fck\u015fehir Belediye Ba\u015fkan\u0131 Muhittin B\u00f6cek\u2019in de iki kitab\u0131n\u0131 okurlar\u0131 i\u00e7in imzalayacak. \u0130l\u00e7e belediyelerin de katk\u0131lar\u0131yla 19 il\u00e7eden \u00f6\u011frencilerin fuar\u0131 ziyaret etmesi sa\u011flanacak.\u00a0 \u00a0 \u00a0 \u00a0 \u00a0 \u00a0 \u00a0 \u00a0 \u00a0 \u00a0 \u00a0 \u00a0 \u00a0 \u00a0 \u00a0 \u00a0 \u200bAntalya B\u00fcy\u00fck\u015fehir Belediyesi b\u00fcnyesinde bu y\u0131l 14\u2019\u00fcnc\u00fcs\u00fc d\u00fczenlenecek olan Antalya Kitap Fuar\u0131, 25 Ekim Cuma (Yar\u0131n) saat 11.00\u2019de kap\u0131lar\u0131n\u0131 kitapseverlere a\u00e7\u0131yor. Fuar da \u0130lker Ba\u015fbu\u011fu, \u0130lber Ortayl\u0131, \u0130smail K\u00fc\u00e7\u00fckkaya, \u00dcmit \u00d6zda\u011f, Bar\u0131\u015f Terko\u011flu ve Erol M\u00fctercimler gibi birebirinden de\u011ferli yazarlar olacak\u00a0 \u200bHaberin &hellip;\" \/>\n<meta property=\"og:url\" content=\"https:\/\/denizcankizil.tr\/ru\/haberler\/gundem\/antalya-14-kitap-fuarinin-kapilari-kitapseverlere-aciliyor\/\" \/>\n<meta property=\"og:site_name\" content=\"Av. Deniz Can K\u0131z\u0131l\" \/>\n<meta property=\"article:published_time\" content=\"2024-10-24T10:41:13+00:00\" \/>\n<meta name=\"twitter:card\" content=\"summary_large_image\" \/>\n<meta name=\"twitter:label1\" content=\"\u041f\u0440\u0438\u043c\u0435\u0440\u043d\u043e\u0435 \u0432\u0440\u0435\u043c\u044f \u0434\u043b\u044f \u0447\u0442\u0435\u043d\u0438\u044f\" \/>\n\t<meta name=\"twitter:data1\" content=\"1 \u043c\u0438\u043d\u0443\u0442\u0430\" \/>\n<script type=\"application\/ld+json\" class=\"yoast-schema-graph\">{\"@context\":\"https:\/\/schema.org\",\"@graph\":[{\"@type\":\"Article\",\"@id\":\"https:\/\/denizcankizil.tr\/ru\/haberler\/gundem\/antalya-14-kitap-fuarinin-kapilari-kitapseverlere-aciliyor\/#article\",\"isPartOf\":{\"@id\":\"https:\/\/denizcankizil.tr\/ru\/haberler\/gundem\/antalya-14-kitap-fuarinin-kapilari-kitapseverlere-aciliyor\/\"},\"author\":{\"name\":\"\",\"@id\":\"\"},\"headline\":\"Antalya 14. Kitap Fuar\u0131\u2019n\u0131n kap\u0131lar\u0131 kitapseverlere a\u00e7\u0131l\u0131yor\",\"datePublished\":\"2024-10-24T10:41:13+00:00\",\"mainEntityOfPage\":{\"@id\":\"https:\/\/denizcankizil.tr\/ru\/haberler\/gundem\/antalya-14-kitap-fuarinin-kapilari-kitapseverlere-aciliyor\/\"},\"wordCount\":259,\"commentCount\":0,\"publisher\":{\"@id\":\"https:\/\/denizcankizil.tr\/#organization\"},\"articleSection\":[\"G\u00fcndem\",\"Uncategorized\"],\"inLanguage\":\"ru-RU\",\"potentialAction\":[{\"@type\":\"CommentAction\",\"name\":\"Comment\",\"target\":[\"https:\/\/denizcankizil.tr\/ru\/haberler\/gundem\/antalya-14-kitap-fuarinin-kapilari-kitapseverlere-aciliyor\/#respond\"]}]},{\"@type\":\"WebPage\",\"@id\":\"https:\/\/denizcankizil.tr\/ru\/haberler\/gundem\/antalya-14-kitap-fuarinin-kapilari-kitapseverlere-aciliyor\/\",\"url\":\"https:\/\/denizcankizil.tr\/ru\/haberler\/gundem\/antalya-14-kitap-fuarinin-kapilari-kitapseverlere-aciliyor\/\",\"name\":\"Antalya 14. Kitap Fuar\u0131\u2019n\u0131n kap\u0131lar\u0131 kitapseverlere a\u00e7\u0131l\u0131yor - Av. Deniz Can K\u0131z\u0131l\",\"isPartOf\":{\"@id\":\"https:\/\/denizcankizil.tr\/#website\"},\"datePublished\":\"2024-10-24T10:41:13+00:00\",\"breadcrumb\":{\"@id\":\"https:\/\/denizcankizil.tr\/ru\/haberler\/gundem\/antalya-14-kitap-fuarinin-kapilari-kitapseverlere-aciliyor\/#breadcrumb\"},\"inLanguage\":\"ru-RU\",\"potentialAction\":[{\"@type\":\"ReadAction\",\"target\":[\"https:\/\/denizcankizil.tr\/ru\/haberler\/gundem\/antalya-14-kitap-fuarinin-kapilari-kitapseverlere-aciliyor\/\"]}]},{\"@type\":\"BreadcrumbList\",\"@id\":\"https:\/\/denizcankizil.tr\/ru\/haberler\/gundem\/antalya-14-kitap-fuarinin-kapilari-kitapseverlere-aciliyor\/#breadcrumb\",\"itemListElement\":[{\"@type\":\"ListItem\",\"position\":1,\"name\":\"Home\",\"item\":\"https:\/\/denizcankizil.tr\/de\/\"},{\"@type\":\"ListItem\",\"position\":2,\"name\":\"Antalya 14. Kitap Fuar\u0131\u2019n\u0131n kap\u0131lar\u0131 kitapseverlere a\u00e7\u0131l\u0131yor\"}]},{\"@type\":\"WebSite\",\"@id\":\"https:\/\/denizcankizil.tr\/#website\",\"url\":\"https:\/\/denizcankizil.tr\/\",\"name\":\"Av. Deniz Can K\u0131z\u0131l\",\"description\":\"Avukat Deniz Can K\u0131z\u0131l Antalya Barosu\",\"publisher\":{\"@id\":\"https:\/\/denizcankizil.tr\/#organization\"},\"potentialAction\":[{\"@type\":\"SearchAction\",\"target\":{\"@type\":\"EntryPoint\",\"urlTemplate\":\"https:\/\/denizcankizil.tr\/?s={search_term_string}\"},\"query-input\":{\"@type\":\"PropertyValueSpecification\",\"valueRequired\":true,\"valueName\":\"search_term_string\"}}],\"inLanguage\":\"ru-RU\"},{\"@type\":\"Organization\",\"@id\":\"https:\/\/denizcankizil.tr\/#organization\",\"name\":\"Av. Deniz Can K\u0131z\u0131l\",\"url\":\"https:\/\/denizcankizil.tr\/\",\"logo\":{\"@type\":\"ImageObject\",\"inLanguage\":\"ru-RU\",\"@id\":\"https:\/\/denizcankizil.tr\/#\/schema\/logo\/image\/\",\"url\":\"https:\/\/denizcankizil.tr\/wp-content\/uploads\/2024\/10\/siyah-logo-svg.svg\",\"contentUrl\":\"https:\/\/denizcankizil.tr\/wp-content\/uploads\/2024\/10\/siyah-logo-svg.svg\",\"width\":1080,\"height\":1080,\"caption\":\"Av. Deniz Can K\u0131z\u0131l\"},\"image\":{\"@id\":\"https:\/\/denizcankizil.tr\/#\/schema\/logo\/image\/\"}}]}<\/script>\n<!-- \/ Yoast SEO Premium plugin. -->","yoast_head_json":{"title":"Antalya 14. Kitap Fuar\u0131\u2019n\u0131n kap\u0131lar\u0131 kitapseverlere a\u00e7\u0131l\u0131yor - Av. Deniz Can K\u0131z\u0131l","robots":{"index":"index","follow":"follow","max-snippet":"max-snippet:-1","max-image-preview":"max-image-preview:large","max-video-preview":"max-video-preview:-1"},"canonical":"https:\/\/denizcankizil.tr\/ru\/haberler\/gundem\/antalya-14-kitap-fuarinin-kapilari-kitapseverlere-aciliyor\/","og_locale":"ru_RU","og_type":"article","og_title":"Antalya 14. Kitap Fuar\u0131\u2019n\u0131n kap\u0131lar\u0131 kitapseverlere a\u00e7\u0131l\u0131yor","og_description":"Antalya B\u00fcy\u00fck\u015fehir Belediyesi 14. Kitap Fuar\u0131, bu y\u0131l 25 Ekim &#8211; 3 Kas\u0131m tarihleri aras\u0131nda Cam Piramit Fuar ve Kongre Merkezinde kitapseverleri, yazarlar ve kitaplarla bulu\u015fturacak. Antalya Kitap Fuar\u0131\u2019na bu y\u0131l 271 yazar ve 225 ulusal ve uluslararas\u0131 yay\u0131nevi kat\u0131l\u0131yor. Antalyal\u0131 yerel yazarlar da a\u00e7\u0131lacak stantta okurlar\u0131yla bir araya gelecek. 25 Ekim Cuma g\u00fcn\u00fc saat 11.00\u2019de resmi a\u00e7\u0131l\u0131\u015f t\u00f6reni ger\u00e7ekle\u015ftirilecek fuar\u0131n onur konu\u011fu \u0130lker Ba\u015fbu\u011f olacak.\u00a0 FUARDA OLACAK YAZARLAR\u00a0 Fuarda; CHP Grup Ba\u015fkan Vekili Ali Mahir Ba\u015far\u0131r, \u0130lber Ortayl\u0131, \u0130smail K\u00fc\u00e7\u00fckkaya, \u0130clal Ayd\u0131n, \u00dcmit \u00d6zda\u011f, Gani M\u00fcjde, Tuna Kiremitci, Dr. Dilek Kaya \u0130mamo\u011flu, Bar\u0131\u015f Terko\u011flu, Timur Soykan, Sayg\u0131 \u00d6zt\u00fcrk, Hidayet Karaku\u015f, Erol M\u00fctercimler, \u0130nci Aral, Kemal Varol, Enver Aysever, Ahmet Telli gibi birbirinden de\u011ferli yazarlar Antalyal\u0131 kitapseverler ile bulu\u015facak. Fuarda Antalya B\u00fcy\u00fck\u015fehir Belediye Ba\u015fkan\u0131 Muhittin B\u00f6cek\u2019in de iki kitab\u0131n\u0131 okurlar\u0131 i\u00e7in imzalayacak. \u0130l\u00e7e belediyelerin de katk\u0131lar\u0131yla 19 il\u00e7eden \u00f6\u011frencilerin fuar\u0131 ziyaret etmesi sa\u011flanacak.\u00a0 \u00a0 \u00a0 \u00a0 \u00a0 \u00a0 \u00a0 \u00a0 \u00a0 \u00a0 \u00a0 \u00a0 \u00a0 \u00a0 \u00a0 \u00a0 \u200bAntalya B\u00fcy\u00fck\u015fehir Belediyesi b\u00fcnyesinde bu y\u0131l 14\u2019\u00fcnc\u00fcs\u00fc d\u00fczenlenecek olan Antalya Kitap Fuar\u0131, 25 Ekim Cuma (Yar\u0131n) saat 11.00\u2019de kap\u0131lar\u0131n\u0131 kitapseverlere a\u00e7\u0131yor. Fuar da \u0130lker Ba\u015fbu\u011fu, \u0130lber Ortayl\u0131, \u0130smail K\u00fc\u00e7\u00fckkaya, \u00dcmit \u00d6zda\u011f, Bar\u0131\u015f Terko\u011flu ve Erol M\u00fctercimler gibi birebirinden de\u011ferli yazarlar olacak\u00a0 \u200bHaberin &hellip;","og_url":"https:\/\/denizcankizil.tr\/ru\/haberler\/gundem\/antalya-14-kitap-fuarinin-kapilari-kitapseverlere-aciliyor\/","og_site_name":"Av. Deniz Can K\u0131z\u0131l","article_published_time":"2024-10-24T10:41:13+00:00","twitter_card":"summary_large_image","twitter_misc":{"\u041f\u0440\u0438\u043c\u0435\u0440\u043d\u043e\u0435 \u0432\u0440\u0435\u043c\u044f \u0434\u043b\u044f \u0447\u0442\u0435\u043d\u0438\u044f":"1 \u043c\u0438\u043d\u0443\u0442\u0430"},"schema":{"@context":"https:\/\/schema.org","@graph":[{"@type":"Article","@id":"https:\/\/denizcankizil.tr\/ru\/haberler\/gundem\/antalya-14-kitap-fuarinin-kapilari-kitapseverlere-aciliyor\/#article","isPartOf":{"@id":"https:\/\/denizcankizil.tr\/ru\/haberler\/gundem\/antalya-14-kitap-fuarinin-kapilari-kitapseverlere-aciliyor\/"},"author":{"name":"","@id":""},"headline":"Antalya 14. Kitap Fuar\u0131\u2019n\u0131n kap\u0131lar\u0131 kitapseverlere a\u00e7\u0131l\u0131yor","datePublished":"2024-10-24T10:41:13+00:00","mainEntityOfPage":{"@id":"https:\/\/denizcankizil.tr\/ru\/haberler\/gundem\/antalya-14-kitap-fuarinin-kapilari-kitapseverlere-aciliyor\/"},"wordCount":259,"commentCount":0,"publisher":{"@id":"https:\/\/denizcankizil.tr\/#organization"},"articleSection":["G\u00fcndem","Uncategorized"],"inLanguage":"ru-RU","potentialAction":[{"@type":"CommentAction","name":"Comment","target":["https:\/\/denizcankizil.tr\/ru\/haberler\/gundem\/antalya-14-kitap-fuarinin-kapilari-kitapseverlere-aciliyor\/#respond"]}]},{"@type":"WebPage","@id":"https:\/\/denizcankizil.tr\/ru\/haberler\/gundem\/antalya-14-kitap-fuarinin-kapilari-kitapseverlere-aciliyor\/","url":"https:\/\/denizcankizil.tr\/ru\/haberler\/gundem\/antalya-14-kitap-fuarinin-kapilari-kitapseverlere-aciliyor\/","name":"Antalya 14. Kitap Fuar\u0131\u2019n\u0131n kap\u0131lar\u0131 kitapseverlere a\u00e7\u0131l\u0131yor - Av. Deniz Can K\u0131z\u0131l","isPartOf":{"@id":"https:\/\/denizcankizil.tr\/#website"},"datePublished":"2024-10-24T10:41:13+00:00","breadcrumb":{"@id":"https:\/\/denizcankizil.tr\/ru\/haberler\/gundem\/antalya-14-kitap-fuarinin-kapilari-kitapseverlere-aciliyor\/#breadcrumb"},"inLanguage":"ru-RU","potentialAction":[{"@type":"ReadAction","target":["https:\/\/denizcankizil.tr\/ru\/haberler\/gundem\/antalya-14-kitap-fuarinin-kapilari-kitapseverlere-aciliyor\/"]}]},{"@type":"BreadcrumbList","@id":"https:\/\/denizcankizil.tr\/ru\/haberler\/gundem\/antalya-14-kitap-fuarinin-kapilari-kitapseverlere-aciliyor\/#breadcrumb","itemListElement":[{"@type":"ListItem","position":1,"name":"Home","item":"https:\/\/denizcankizil.tr\/de\/"},{"@type":"ListItem","position":2,"name":"Antalya 14. Kitap Fuar\u0131\u2019n\u0131n kap\u0131lar\u0131 kitapseverlere a\u00e7\u0131l\u0131yor"}]},{"@type":"WebSite","@id":"https:\/\/denizcankizil.tr\/#website","url":"https:\/\/denizcankizil.tr\/","name":"Av. Deniz Can K\u0131z\u0131l","description":"Avukat Deniz Can K\u0131z\u0131l Antalya Barosu","publisher":{"@id":"https:\/\/denizcankizil.tr\/#organization"},"potentialAction":[{"@type":"SearchAction","target":{"@type":"EntryPoint","urlTemplate":"https:\/\/denizcankizil.tr\/?s={search_term_string}"},"query-input":{"@type":"PropertyValueSpecification","valueRequired":true,"valueName":"search_term_string"}}],"inLanguage":"ru-RU"},{"@type":"Organization","@id":"https:\/\/denizcankizil.tr\/#organization","name":"Av. Deniz Can K\u0131z\u0131l","url":"https:\/\/denizcankizil.tr\/","logo":{"@type":"ImageObject","inLanguage":"ru-RU","@id":"https:\/\/denizcankizil.tr\/#\/schema\/logo\/image\/","url":"https:\/\/denizcankizil.tr\/wp-content\/uploads\/2024\/10\/siyah-logo-svg.svg","contentUrl":"https:\/\/denizcankizil.tr\/wp-content\/uploads\/2024\/10\/siyah-logo-svg.svg","width":1080,"height":1080,"caption":"Av. Deniz Can K\u0131z\u0131l"},"image":{"@id":"https:\/\/denizcankizil.tr\/#\/schema\/logo\/image\/"}}]}},"_links":{"self":[{"href":"https:\/\/denizcankizil.tr\/ru\/wp-json\/wp\/v2\/posts\/7486","targetHints":{"allow":["GET"]}}],"collection":[{"href":"https:\/\/denizcankizil.tr\/ru\/wp-json\/wp\/v2\/posts"}],"about":[{"href":"https:\/\/denizcankizil.tr\/ru\/wp-json\/wp\/v2\/types\/post"}],"replies":[{"embeddable":true,"href":"https:\/\/denizcankizil.tr\/ru\/wp-json\/wp\/v2\/comments?post=7486"}],"version-history":[{"count":0,"href":"https:\/\/denizcankizil.tr\/ru\/wp-json\/wp\/v2\/posts\/7486\/revisions"}],"wp:attachment":[{"href":"https:\/\/denizcankizil.tr\/ru\/wp-json\/wp\/v2\/media?parent=7486"}],"wp:term":[{"taxonomy":"category","embeddable":true,"href":"https:\/\/denizcankizil.tr\/ru\/wp-json\/wp\/v2\/categories?post=7486"},{"taxonomy":"post_tag","embeddable":true,"href":"https:\/\/denizcankizil.tr\/ru\/wp-json\/wp\/v2\/tags?post=7486"}],"curies":[{"name":"wp","href":"https:\/\/api.w.org\/{rel}","templated":true}]}}