{"id":74840,"date":"2025-05-03T17:41:30","date_gmt":"2025-05-03T14:41:30","guid":{"rendered":"https:\/\/denizcankizil.tr\/uncategorized-tr\/eger-olabiliyorsa-kutlu-olsun\/"},"modified":"2025-05-03T17:41:30","modified_gmt":"2025-05-03T14:41:30","slug":"eger-olabiliyorsa-kutlu-olsun","status":"publish","type":"post","link":"https:\/\/denizcankizil.tr\/ru\/haberler\/gundem\/eger-olabiliyorsa-kutlu-olsun\/","title":{"rendered":"E\u011fer olabiliyorsa, kutlu olsun"},"content":{"rendered":"<p>29: Cezaevine giren gazeteci say\u0131s\u0131;<\/p>\n<p>18: Bug\u00fcn halihaz\u0131rda tutuklu olan gazeteci say\u0131s\u0131;<\/p>\n<p>313: Hakk\u0131nda soru\u015fturma a\u00e7\u0131lan gazeteci say\u0131s\u0131;<\/p>\n<p>123: G\u00f6zalt\u0131 i\u015flemi uygulanan gazeteci say\u0131s\u0131;<\/p>\n<p>300: Hakk\u0131nda ceza davas\u0131 a\u00e7\u0131lan gazeteci say\u0131s\u0131;<\/p>\n<p>6: Konutu terk etmeme cezas\u0131 alan gazeteci say\u0131s\u0131.<\/p>\n<p>56: Gazetecilerin u\u011frad\u0131\u011f\u0131 fiziksel \u015fiddet say\u0131s\u0131;<\/p>\n<p>90: S\u00f6zl\u00fc olarak tehdit edilen gazeteci say\u0131s\u0131;<\/p>\n<p>3: Sald\u0131r\u0131ya u\u011frayan bas\u0131n kurumu;<\/p>\n<p>3: Hedef g\u00f6sterilen bas\u0131n kurumu;<\/p>\n<p>90: Eri\u015fim yasa\u011f\u0131 getirilen haber say\u0131s\u0131;<\/p>\n<p>Bu rakamlar, T\u00fcrkiye Gazeteciler Sendikas\u0131\u2019n\u0131n (TGS) 33 May\u0131s D\u00fcnya Bas\u0131n \u00d6zg\u00fcrl\u00fc\u011f\u00fc g\u00fcn\u00fcnde yay\u0131nlad\u0131\u011f\u0131 rapordan al\u0131nd\u0131.<\/p>\n<p>Gazeteci mektuplar\u0131 da var raporda. \u00d6rne\u011fin Gazeteci Y\u0131ld\u0131z Tar mektubunda, &#8220;Yo\u011fun g\u00fcndemlerde birbirimizle haber payla\u015fmam\u0131z gibi Silivri n\u00f6beti payla\u015f\u0131yoruz. Neden al\u0131nd\u0131\u011f\u0131m\u0131 hala bilmiyor, bununla ilgili haber unsurlar\u0131n\u0131 birle\u015ftirip haber bile yapam\u0131yorum&#8221; diyor.<\/p>\n<p>Erc\u00fcment Akdeniz ise, evinin g\u00fcr\u00fclt\u00fcyle bas\u0131larak g\u00f6zalt\u0131na al\u0131nd\u0131\u011f\u0131na de\u011finerek, &#8220;Bir gazeteci b\u00f6yle mi g\u00f6zalt\u0131na al\u0131n\u0131r? Halk\u0131n haber alma hakk\u0131 i\u00e7in \u00e7al\u0131\u015fan insanlar\u0131z. Her tutuklama vakas\u0131nda ba\u011f\u0131ms\u0131z muhalif Medya zora giriyor&#8221; ifadelerini kullanm\u0131\u015f.<\/p>\n<p>Ben bu raporun bilgilerini Cumhuriyet Gazetesi\u2019nden derledim. Yani, kendimiz ile ilgili bile bas\u0131na, gazeteciye ihtiyac\u0131m\u0131z var.<\/p>\n<p>Bir tarafta iktidar eli ile g\u00f6r\u00fcnt\u00fcde ayr\u0131 bile olsa, ayn\u0131 man\u015fetleri atan majestelerinin besleme bas\u0131n\u0131, di\u011fer tarafta bir yandan ekonomik s\u0131k\u0131nt\u0131lar i\u00e7erisinde can \u00e7eki\u015fen nefes almaya \u00e7al\u0131\u015fan ulusal ve yerel bas\u0131n, \u00f6te yanda geli\u015fen teknoloji ile birlikte ortaya sa\u00e7\u0131lan t\u00fcredi gazetecimsiler.<\/p>\n<p>Yakla\u015f\u0131k ortaokul y\u0131llar\u0131mdan beri iyi bir okur oldu\u011fumu d\u00fc\u015f\u00fcn\u00fcr\u00fcm. T\u00fcrkiye\u2019nin hi\u00e7 bu kadar haber g\u00fcvenli\u011fi sorunu ya\u015fad\u0131\u011f\u0131m\u0131 hat\u0131rlam\u0131yorum. Halk\u0131n haber alma hakk\u0131n\u0131n, \u00fcstelik sadece iktidar de\u011fil bas\u0131n\u0131n da kendi eli ile bu kadar gasp edildi\u011fini de hat\u0131rlam\u0131yorum.<\/p>\n<p>Son rakam\u0131 da buradan vereyim.<\/p>\n<p>159: 180 \u00fclke aras\u0131nda T\u00fcrkiye\u2019nin bas\u0131n \u00f6zg\u00fcrl\u00fc\u011f\u00fc s\u0131ralamas\u0131.<\/p>\n<p>Bug\u00fcn 3 May\u0131s.<\/p>\n<p>Di\u011fer ad\u0131 ile D\u00fcnya Bas\u0131n \u00d6zg\u00fcrl\u00fc\u011f\u00fc G\u00fcn\u00fc.<\/p>\n<p>D\u00fcnya Bas\u0131n \u00d6zg\u00fcrl\u00fc\u011f\u00fc G\u00fcn\u00fc, e\u011fer olabiliyorsa, kutlu olsun.<\/p>\n<p>\u200b29: Cezaevine giren gazeteci say\u0131s\u0131;<\/p>\n<p>18: Bug\u00fcn halihaz\u0131rda tutuklu olan gazeteci say\u0131s\u0131;<\/p>\n<p>313: Hakk\u0131nda soru\u015fturma a\u00e7\u0131lan gazeteci say\u0131s\u0131;<\/p>\n<p>123: G\u00f6zalt\u0131 i\u015flemi uygulanan gazeteci say\u0131s\u0131;<\/p>\n<p>300: Hakk\u0131nda ceza davas\u0131 a\u00e7\u0131lan gazeteci say\u0131s\u0131;<\/p>\n<p>6: Konutu terk etmeme cezas\u0131 alan gazeteci say\u0131s\u0131.<\/p>\n<p>56: Gazetecilerin u\u011frad\u0131\u011f\u0131 fiziksel \u015fiddet say\u0131s\u0131;<\/p>\n<p>90: S\u00f6zl\u00fc olarak tehdit edilen gazeteci say\u0131s\u0131;<\/p>\n<p>3: Sald\u0131r\u0131ya u\u011frayan bas\u0131n kurumu;<\/p>\n<p>3: Hedef g\u00f6sterilen bas\u0131n kurumu;<\/p>\n<p>90: Eri\u015fim yasa\u011f\u0131 getirilen haber say\u0131s\u0131;<\/p>\n<p>Bu rakamlar, T\u00fcrkiye Gazeteciler Sendikas\u0131\u2019n\u0131n (TGS) 33 May\u0131s D\u00fcnya Bas\u0131n \u00d6zg\u00fcrl\u00fc\u011f\u00fc g\u00fcn\u00fcnde yay\u0131nlad\u0131\u011f\u0131 rapordan al\u0131nd\u0131.<\/p>\n<p>Gazeteci mektuplar\u0131 da var raporda. \u00d6rne\u011fin Gazeteci Y\u0131ld\u0131z Tar mektubunda, &#8220;Yo\u011fun g\u00fcndemlerde birbirimizle haber payla\u015fmam\u0131z gibi Silivri n\u00f6beti payla\u015f\u0131yoruz. Neden al\u0131nd\u0131\u011f\u0131m\u0131 hala bilmiyor, bununla ilgili haber unsurlar\u0131n\u0131 birle\u015ftirip haber bile yapam\u0131yorum&#8221; diyor.<\/p>\n<p>Erc\u00fcment Akdeniz ise, evinin g\u00fcr\u00fclt\u00fcyle bas\u0131larak g\u00f6zalt\u0131na al\u0131nd\u0131\u011f\u0131na de\u011finerek, &#8220;Bir gazeteci b\u00f6yle mi g\u00f6zalt\u0131na al\u0131n\u0131r? Halk\u0131n haber alma hakk\u0131 i\u00e7in \u00e7al\u0131\u015fan insanlar\u0131z. Her tutuklama vakas\u0131nda ba\u011f\u0131ms\u0131z muhalif Medya zora giriyor&#8221; ifadelerini kullanm\u0131\u015f.<\/p>\n<p>Ben bu raporun bilgilerini Cumhuriyet Gazetesi\u2019nden derledim. Yani, kendimiz ile ilgili bile bas\u0131na, gazeteciye ihtiyac\u0131m\u0131z var.<\/p>\n<p>Bir tarafta iktidar eli ile g\u00f6r\u00fcnt\u00fcde ayr\u0131 bile olsa, ayn\u0131 man\u015fetleri atan majestelerinin besleme bas\u0131n\u0131, di\u011fer tarafta bir yandan ekonomik s\u0131k\u0131nt\u0131lar i\u00e7erisinde can \u00e7eki\u015fen nefes almaya \u00e7al\u0131\u015fan ulusal ve yerel bas\u0131n, \u00f6te yanda geli\u015fen teknoloji ile birlikte ortaya sa\u00e7\u0131lan t\u00fcredi gazetecimsiler.<\/p>\n<p>Yakla\u015f\u0131k ortaokul y\u0131llar\u0131mdan beri iyi bir okur oldu\u011fumu d\u00fc\u015f\u00fcn\u00fcr\u00fcm. T\u00fcrkiye\u2019nin hi\u00e7 bu kadar haber g\u00fcvenli\u011fi sorunu ya\u015fad\u0131\u011f\u0131m\u0131 hat\u0131rlam\u0131yorum. Halk\u0131n haber alma hakk\u0131n\u0131n, \u00fcstelik sadece iktidar de\u011fil bas\u0131n\u0131n da kendi eli ile bu kadar gasp edildi\u011fini de hat\u0131rlam\u0131yorum.<\/p>\n<p>Son rakam\u0131 da buradan vereyim.<\/p>\n<p>159: 180 \u00fclke aras\u0131nda T\u00fcrkiye\u2019nin bas\u0131n \u00f6zg\u00fcrl\u00fc\u011f\u00fc s\u0131ralamas\u0131.<\/p>\n<p>Bug\u00fcn 3 May\u0131s.<\/p>\n<p>Di\u011fer ad\u0131 ile D\u00fcnya Bas\u0131n \u00d6zg\u00fcrl\u00fc\u011f\u00fc G\u00fcn\u00fc.<\/p>\n<p>D\u00fcnya Bas\u0131n \u00d6zg\u00fcrl\u00fc\u011f\u00fc G\u00fcn\u00fc, e\u011fer olabiliyorsa, kutlu olsun.\u00a0<\/p>\n<p>\u200bHaberin Al\u0131nt\u0131land\u0131\u011f\u0131 Kaynak: www.antalyakorfez.com<\/p>","protected":false},"excerpt":{"rendered":"<p>29: Cezaevine giren gazeteci say\u0131s\u0131; 18: Bug\u00fcn halihaz\u0131rda tutuklu olan gazeteci say\u0131s\u0131; 313: Hakk\u0131nda soru\u015fturma a\u00e7\u0131lan gazeteci say\u0131s\u0131; 123: G\u00f6zalt\u0131 i\u015flemi uygulanan gazeteci say\u0131s\u0131; 300: Hakk\u0131nda ceza davas\u0131 a\u00e7\u0131lan gazeteci say\u0131s\u0131; 6: Konutu terk etmeme cezas\u0131 alan gazeteci say\u0131s\u0131. 56: Gazetecilerin u\u011frad\u0131\u011f\u0131 fiziksel \u015fiddet say\u0131s\u0131; 90: S\u00f6zl\u00fc olarak tehdit edilen gazeteci say\u0131s\u0131; 3: Sald\u0131r\u0131ya u\u011frayan bas\u0131n kurumu; 3: Hedef g\u00f6sterilen bas\u0131n kurumu; 90: Eri\u015fim yasa\u011f\u0131 getirilen haber say\u0131s\u0131; Bu rakamlar, T\u00fcrkiye Gazeteciler Sendikas\u0131\u2019n\u0131n (TGS) 33 May\u0131s D\u00fcnya Bas\u0131n \u00d6zg\u00fcrl\u00fc\u011f\u00fc g\u00fcn\u00fcnde yay\u0131nlad\u0131\u011f\u0131 rapordan al\u0131nd\u0131. Gazeteci mektuplar\u0131 da var raporda. \u00d6rne\u011fin Gazeteci Y\u0131ld\u0131z Tar mektubunda, &#8220;Yo\u011fun g\u00fcndemlerde birbirimizle haber payla\u015fmam\u0131z gibi Silivri n\u00f6beti payla\u015f\u0131yoruz. Neden al\u0131nd\u0131\u011f\u0131m\u0131 hala bilmiyor, bununla ilgili haber unsurlar\u0131n\u0131 birle\u015ftirip haber bile yapam\u0131yorum&#8221; diyor. Erc\u00fcment Akdeniz ise, evinin g\u00fcr\u00fclt\u00fcyle bas\u0131larak g\u00f6zalt\u0131na al\u0131nd\u0131\u011f\u0131na de\u011finerek, &#8220;Bir gazeteci b\u00f6yle mi g\u00f6zalt\u0131na al\u0131n\u0131r? Halk\u0131n haber alma hakk\u0131 i\u00e7in \u00e7al\u0131\u015fan insanlar\u0131z. Her tutuklama vakas\u0131nda ba\u011f\u0131ms\u0131z muhalif Medya zora giriyor&#8221; ifadelerini kullanm\u0131\u015f. Ben bu raporun bilgilerini Cumhuriyet Gazetesi\u2019nden derledim. Yani, kendimiz ile ilgili bile bas\u0131na, gazeteciye ihtiyac\u0131m\u0131z var. Bir tarafta iktidar eli ile g\u00f6r\u00fcnt\u00fcde ayr\u0131 bile olsa, ayn\u0131 man\u015fetleri atan majestelerinin besleme bas\u0131n\u0131, di\u011fer tarafta bir yandan ekonomik s\u0131k\u0131nt\u0131lar i\u00e7erisinde can \u00e7eki\u015fen nefes almaya \u00e7al\u0131\u015fan ulusal ve yerel bas\u0131n, \u00f6te yanda geli\u015fen teknoloji ile birlikte &hellip;<\/p>","protected":false},"author":5,"featured_media":0,"comment_status":"","ping_status":"open","sticky":false,"template":"","format":"standard","meta":{"_acf_changed":false,"footnotes":""},"categories":[24],"tags":[],"class_list":["post-74840","post","type-post","status-publish","format-standard","has-post-thumbnail","hentry","category-gundem"],"acf":[],"yoast_head":"<!-- This site is optimized with the Yoast SEO Premium plugin v26.6 (Yoast SEO v27.1.1) - https:\/\/yoast.com\/product\/yoast-seo-premium-wordpress\/ -->\n<title>E\u011fer olabiliyorsa, kutlu olsun - Av. Deniz Can K\u0131z\u0131l<\/title>\n<meta name=\"robots\" content=\"index, follow, max-snippet:-1, max-image-preview:large, max-video-preview:-1\" \/>\n<link rel=\"canonical\" href=\"https:\/\/denizcankizil.tr\/ru\/haberler\/gundem\/eger-olabiliyorsa-kutlu-olsun\/\" \/>\n<meta property=\"og:locale\" content=\"ru_RU\" \/>\n<meta property=\"og:type\" content=\"article\" \/>\n<meta property=\"og:title\" content=\"E\u011fer olabiliyorsa, kutlu olsun\" \/>\n<meta property=\"og:description\" content=\"29: Cezaevine giren gazeteci say\u0131s\u0131; 18: Bug\u00fcn halihaz\u0131rda tutuklu olan gazeteci say\u0131s\u0131; 313: Hakk\u0131nda soru\u015fturma a\u00e7\u0131lan gazeteci say\u0131s\u0131; 123: G\u00f6zalt\u0131 i\u015flemi uygulanan gazeteci say\u0131s\u0131; 300: Hakk\u0131nda ceza davas\u0131 a\u00e7\u0131lan gazeteci say\u0131s\u0131; 6: Konutu terk etmeme cezas\u0131 alan gazeteci say\u0131s\u0131. 56: Gazetecilerin u\u011frad\u0131\u011f\u0131 fiziksel \u015fiddet say\u0131s\u0131; 90: S\u00f6zl\u00fc olarak tehdit edilen gazeteci say\u0131s\u0131; 3: Sald\u0131r\u0131ya u\u011frayan bas\u0131n kurumu; 3: Hedef g\u00f6sterilen bas\u0131n kurumu; 90: Eri\u015fim yasa\u011f\u0131 getirilen haber say\u0131s\u0131; Bu rakamlar, T\u00fcrkiye Gazeteciler Sendikas\u0131\u2019n\u0131n (TGS) 33 May\u0131s D\u00fcnya Bas\u0131n \u00d6zg\u00fcrl\u00fc\u011f\u00fc g\u00fcn\u00fcnde yay\u0131nlad\u0131\u011f\u0131 rapordan al\u0131nd\u0131. Gazeteci mektuplar\u0131 da var raporda. \u00d6rne\u011fin Gazeteci Y\u0131ld\u0131z Tar mektubunda, &#8220;Yo\u011fun g\u00fcndemlerde birbirimizle haber payla\u015fmam\u0131z gibi Silivri n\u00f6beti payla\u015f\u0131yoruz. Neden al\u0131nd\u0131\u011f\u0131m\u0131 hala bilmiyor, bununla ilgili haber unsurlar\u0131n\u0131 birle\u015ftirip haber bile yapam\u0131yorum&#8221; diyor. Erc\u00fcment Akdeniz ise, evinin g\u00fcr\u00fclt\u00fcyle bas\u0131larak g\u00f6zalt\u0131na al\u0131nd\u0131\u011f\u0131na de\u011finerek, &#8220;Bir gazeteci b\u00f6yle mi g\u00f6zalt\u0131na al\u0131n\u0131r? Halk\u0131n haber alma hakk\u0131 i\u00e7in \u00e7al\u0131\u015fan insanlar\u0131z. Her tutuklama vakas\u0131nda ba\u011f\u0131ms\u0131z muhalif Medya zora giriyor&#8221; ifadelerini kullanm\u0131\u015f. Ben bu raporun bilgilerini Cumhuriyet Gazetesi\u2019nden derledim. Yani, kendimiz ile ilgili bile bas\u0131na, gazeteciye ihtiyac\u0131m\u0131z var. Bir tarafta iktidar eli ile g\u00f6r\u00fcnt\u00fcde ayr\u0131 bile olsa, ayn\u0131 man\u015fetleri atan majestelerinin besleme bas\u0131n\u0131, di\u011fer tarafta bir yandan ekonomik s\u0131k\u0131nt\u0131lar i\u00e7erisinde can \u00e7eki\u015fen nefes almaya \u00e7al\u0131\u015fan ulusal ve yerel bas\u0131n, \u00f6te yanda geli\u015fen teknoloji ile birlikte &hellip;\" \/>\n<meta property=\"og:url\" content=\"https:\/\/denizcankizil.tr\/ru\/haberler\/gundem\/eger-olabiliyorsa-kutlu-olsun\/\" \/>\n<meta property=\"og:site_name\" content=\"Av. Deniz Can K\u0131z\u0131l\" \/>\n<meta property=\"article:published_time\" content=\"2025-05-03T14:41:30+00:00\" \/>\n<meta name=\"author\" content=\"Antalya K\u00f6rfez\" \/>\n<meta name=\"twitter:card\" content=\"summary_large_image\" \/>\n<meta name=\"twitter:label1\" content=\"\u041d\u0430\u043f\u0438\u0441\u0430\u043d\u043e \u0430\u0432\u0442\u043e\u0440\u043e\u043c\" \/>\n\t<meta name=\"twitter:data1\" content=\"Antalya K\u00f6rfez\" \/>\n\t<meta name=\"twitter:label2\" content=\"\u041f\u0440\u0438\u043c\u0435\u0440\u043d\u043e\u0435 \u0432\u0440\u0435\u043c\u044f \u0434\u043b\u044f \u0447\u0442\u0435\u043d\u0438\u044f\" \/>\n\t<meta name=\"twitter:data2\" content=\"4 \u043c\u0438\u043d\u0443\u0442\u044b\" \/>\n<script type=\"application\/ld+json\" class=\"yoast-schema-graph\">{\"@context\":\"https:\/\/schema.org\",\"@graph\":[{\"@type\":\"Article\",\"@id\":\"https:\/\/denizcankizil.tr\/ru\/haberler\/gundem\/eger-olabiliyorsa-kutlu-olsun\/#article\",\"isPartOf\":{\"@id\":\"https:\/\/denizcankizil.tr\/ru\/haberler\/gundem\/eger-olabiliyorsa-kutlu-olsun\/\"},\"author\":{\"name\":\"Antalya K\u00f6rfez\",\"@id\":\"https:\/\/denizcankizil.tr\/de\/#\/schema\/person\/e1eb71bb4dd684d46563f0af307e1234\"},\"headline\":\"E\u011fer olabiliyorsa, kutlu olsun\",\"datePublished\":\"2025-05-03T14:41:30+00:00\",\"mainEntityOfPage\":{\"@id\":\"https:\/\/denizcankizil.tr\/ru\/haberler\/gundem\/eger-olabiliyorsa-kutlu-olsun\/\"},\"wordCount\":799,\"publisher\":{\"@id\":\"https:\/\/denizcankizil.tr\/de\/#organization\"},\"articleSection\":[\"G\u00fcndem\"],\"inLanguage\":\"ru-RU\"},{\"@type\":\"WebPage\",\"@id\":\"https:\/\/denizcankizil.tr\/ru\/haberler\/gundem\/eger-olabiliyorsa-kutlu-olsun\/\",\"url\":\"https:\/\/denizcankizil.tr\/ru\/haberler\/gundem\/eger-olabiliyorsa-kutlu-olsun\/\",\"name\":\"E\u011fer olabiliyorsa, kutlu olsun - Av. Deniz Can K\u0131z\u0131l\",\"isPartOf\":{\"@id\":\"https:\/\/denizcankizil.tr\/de\/#website\"},\"datePublished\":\"2025-05-03T14:41:30+00:00\",\"breadcrumb\":{\"@id\":\"https:\/\/denizcankizil.tr\/ru\/haberler\/gundem\/eger-olabiliyorsa-kutlu-olsun\/#breadcrumb\"},\"inLanguage\":\"ru-RU\",\"potentialAction\":[{\"@type\":\"ReadAction\",\"target\":[\"https:\/\/denizcankizil.tr\/ru\/haberler\/gundem\/eger-olabiliyorsa-kutlu-olsun\/\"]}]},{\"@type\":\"BreadcrumbList\",\"@id\":\"https:\/\/denizcankizil.tr\/ru\/haberler\/gundem\/eger-olabiliyorsa-kutlu-olsun\/#breadcrumb\",\"itemListElement\":[{\"@type\":\"ListItem\",\"position\":1,\"name\":\"Home\",\"item\":\"https:\/\/denizcankizil.tr\/de\/\"},{\"@type\":\"ListItem\",\"position\":2,\"name\":\"E\u011fer olabiliyorsa, kutlu olsun\"}]},{\"@type\":\"WebSite\",\"@id\":\"https:\/\/denizcankizil.tr\/de\/#website\",\"url\":\"https:\/\/denizcankizil.tr\/de\/\",\"name\":\"Av. Deniz Can K\u0131z\u0131l\",\"description\":\"Avukat Deniz Can K\u0131z\u0131l Antalya Barosu\",\"publisher\":{\"@id\":\"https:\/\/denizcankizil.tr\/de\/#organization\"},\"potentialAction\":[{\"@type\":\"SearchAction\",\"target\":{\"@type\":\"EntryPoint\",\"urlTemplate\":\"https:\/\/denizcankizil.tr\/de\/?s={search_term_string}\"},\"query-input\":{\"@type\":\"PropertyValueSpecification\",\"valueRequired\":true,\"valueName\":\"search_term_string\"}}],\"inLanguage\":\"ru-RU\"},{\"@type\":\"Organization\",\"@id\":\"https:\/\/denizcankizil.tr\/de\/#organization\",\"name\":\"Av. Deniz Can K\u0131z\u0131l\",\"url\":\"https:\/\/denizcankizil.tr\/de\/\",\"logo\":{\"@type\":\"ImageObject\",\"inLanguage\":\"ru-RU\",\"@id\":\"https:\/\/denizcankizil.tr\/de\/#\/schema\/logo\/image\/\",\"url\":\"https:\/\/denizcankizil.tr\/wp-content\/uploads\/2024\/10\/siyah-logo-svg.svg\",\"contentUrl\":\"https:\/\/denizcankizil.tr\/wp-content\/uploads\/2024\/10\/siyah-logo-svg.svg\",\"width\":1080,\"height\":1080,\"caption\":\"Av. Deniz Can K\u0131z\u0131l\"},\"image\":{\"@id\":\"https:\/\/denizcankizil.tr\/de\/#\/schema\/logo\/image\/\"}},{\"@type\":\"Person\",\"@id\":\"https:\/\/denizcankizil.tr\/de\/#\/schema\/person\/e1eb71bb4dd684d46563f0af307e1234\",\"name\":\"Antalya K\u00f6rfez\",\"image\":{\"@type\":\"ImageObject\",\"inLanguage\":\"ru-RU\",\"@id\":\"https:\/\/denizcankizil.tr\/de\/#\/schema\/person\/image\/\",\"url\":\"https:\/\/secure.gravatar.com\/avatar\/42b01982558a48a0b501fdcab6a408d3717ea5919095ee2e67b0e521799c5905?s=96&d=mm&r=g\",\"contentUrl\":\"https:\/\/secure.gravatar.com\/avatar\/42b01982558a48a0b501fdcab6a408d3717ea5919095ee2e67b0e521799c5905?s=96&d=mm&r=g\",\"caption\":\"Antalya K\u00f6rfez\"},\"sameAs\":[\"http:\/\/www.antalyakorfez.com\"],\"url\":\"https:\/\/www.antalyakorfez.com\/eger-olabiliyorsa-kutlu-olsun\"}]}<\/script>\n<!-- \/ Yoast SEO Premium plugin. -->","yoast_head_json":{"title":"E\u011fer olabiliyorsa, kutlu olsun - Av. Deniz Can K\u0131z\u0131l","robots":{"index":"index","follow":"follow","max-snippet":"max-snippet:-1","max-image-preview":"max-image-preview:large","max-video-preview":"max-video-preview:-1"},"canonical":"https:\/\/denizcankizil.tr\/ru\/haberler\/gundem\/eger-olabiliyorsa-kutlu-olsun\/","og_locale":"ru_RU","og_type":"article","og_title":"E\u011fer olabiliyorsa, kutlu olsun","og_description":"29: Cezaevine giren gazeteci say\u0131s\u0131; 18: Bug\u00fcn halihaz\u0131rda tutuklu olan gazeteci say\u0131s\u0131; 313: Hakk\u0131nda soru\u015fturma a\u00e7\u0131lan gazeteci say\u0131s\u0131; 123: G\u00f6zalt\u0131 i\u015flemi uygulanan gazeteci say\u0131s\u0131; 300: Hakk\u0131nda ceza davas\u0131 a\u00e7\u0131lan gazeteci say\u0131s\u0131; 6: Konutu terk etmeme cezas\u0131 alan gazeteci say\u0131s\u0131. 56: Gazetecilerin u\u011frad\u0131\u011f\u0131 fiziksel \u015fiddet say\u0131s\u0131; 90: S\u00f6zl\u00fc olarak tehdit edilen gazeteci say\u0131s\u0131; 3: Sald\u0131r\u0131ya u\u011frayan bas\u0131n kurumu; 3: Hedef g\u00f6sterilen bas\u0131n kurumu; 90: Eri\u015fim yasa\u011f\u0131 getirilen haber say\u0131s\u0131; Bu rakamlar, T\u00fcrkiye Gazeteciler Sendikas\u0131\u2019n\u0131n (TGS) 33 May\u0131s D\u00fcnya Bas\u0131n \u00d6zg\u00fcrl\u00fc\u011f\u00fc g\u00fcn\u00fcnde yay\u0131nlad\u0131\u011f\u0131 rapordan al\u0131nd\u0131. Gazeteci mektuplar\u0131 da var raporda. \u00d6rne\u011fin Gazeteci Y\u0131ld\u0131z Tar mektubunda, &#8220;Yo\u011fun g\u00fcndemlerde birbirimizle haber payla\u015fmam\u0131z gibi Silivri n\u00f6beti payla\u015f\u0131yoruz. Neden al\u0131nd\u0131\u011f\u0131m\u0131 hala bilmiyor, bununla ilgili haber unsurlar\u0131n\u0131 birle\u015ftirip haber bile yapam\u0131yorum&#8221; diyor. Erc\u00fcment Akdeniz ise, evinin g\u00fcr\u00fclt\u00fcyle bas\u0131larak g\u00f6zalt\u0131na al\u0131nd\u0131\u011f\u0131na de\u011finerek, &#8220;Bir gazeteci b\u00f6yle mi g\u00f6zalt\u0131na al\u0131n\u0131r? Halk\u0131n haber alma hakk\u0131 i\u00e7in \u00e7al\u0131\u015fan insanlar\u0131z. Her tutuklama vakas\u0131nda ba\u011f\u0131ms\u0131z muhalif Medya zora giriyor&#8221; ifadelerini kullanm\u0131\u015f. Ben bu raporun bilgilerini Cumhuriyet Gazetesi\u2019nden derledim. Yani, kendimiz ile ilgili bile bas\u0131na, gazeteciye ihtiyac\u0131m\u0131z var. Bir tarafta iktidar eli ile g\u00f6r\u00fcnt\u00fcde ayr\u0131 bile olsa, ayn\u0131 man\u015fetleri atan majestelerinin besleme bas\u0131n\u0131, di\u011fer tarafta bir yandan ekonomik s\u0131k\u0131nt\u0131lar i\u00e7erisinde can \u00e7eki\u015fen nefes almaya \u00e7al\u0131\u015fan ulusal ve yerel bas\u0131n, \u00f6te yanda geli\u015fen teknoloji ile birlikte &hellip;","og_url":"https:\/\/denizcankizil.tr\/ru\/haberler\/gundem\/eger-olabiliyorsa-kutlu-olsun\/","og_site_name":"Av. Deniz Can K\u0131z\u0131l","article_published_time":"2025-05-03T14:41:30+00:00","author":"Antalya K\u00f6rfez","twitter_card":"summary_large_image","twitter_misc":{"\u041d\u0430\u043f\u0438\u0441\u0430\u043d\u043e \u0430\u0432\u0442\u043e\u0440\u043e\u043c":"Antalya K\u00f6rfez","\u041f\u0440\u0438\u043c\u0435\u0440\u043d\u043e\u0435 \u0432\u0440\u0435\u043c\u044f \u0434\u043b\u044f \u0447\u0442\u0435\u043d\u0438\u044f":"4 \u043c\u0438\u043d\u0443\u0442\u044b"},"schema":{"@context":"https:\/\/schema.org","@graph":[{"@type":"Article","@id":"https:\/\/denizcankizil.tr\/ru\/haberler\/gundem\/eger-olabiliyorsa-kutlu-olsun\/#article","isPartOf":{"@id":"https:\/\/denizcankizil.tr\/ru\/haberler\/gundem\/eger-olabiliyorsa-kutlu-olsun\/"},"author":{"name":"Antalya K\u00f6rfez","@id":"https:\/\/denizcankizil.tr\/de\/#\/schema\/person\/e1eb71bb4dd684d46563f0af307e1234"},"headline":"E\u011fer olabiliyorsa, kutlu olsun","datePublished":"2025-05-03T14:41:30+00:00","mainEntityOfPage":{"@id":"https:\/\/denizcankizil.tr\/ru\/haberler\/gundem\/eger-olabiliyorsa-kutlu-olsun\/"},"wordCount":799,"publisher":{"@id":"https:\/\/denizcankizil.tr\/de\/#organization"},"articleSection":["G\u00fcndem"],"inLanguage":"ru-RU"},{"@type":"WebPage","@id":"https:\/\/denizcankizil.tr\/ru\/haberler\/gundem\/eger-olabiliyorsa-kutlu-olsun\/","url":"https:\/\/denizcankizil.tr\/ru\/haberler\/gundem\/eger-olabiliyorsa-kutlu-olsun\/","name":"E\u011fer olabiliyorsa, kutlu olsun - Av. Deniz Can K\u0131z\u0131l","isPartOf":{"@id":"https:\/\/denizcankizil.tr\/de\/#website"},"datePublished":"2025-05-03T14:41:30+00:00","breadcrumb":{"@id":"https:\/\/denizcankizil.tr\/ru\/haberler\/gundem\/eger-olabiliyorsa-kutlu-olsun\/#breadcrumb"},"inLanguage":"ru-RU","potentialAction":[{"@type":"ReadAction","target":["https:\/\/denizcankizil.tr\/ru\/haberler\/gundem\/eger-olabiliyorsa-kutlu-olsun\/"]}]},{"@type":"BreadcrumbList","@id":"https:\/\/denizcankizil.tr\/ru\/haberler\/gundem\/eger-olabiliyorsa-kutlu-olsun\/#breadcrumb","itemListElement":[{"@type":"ListItem","position":1,"name":"Home","item":"https:\/\/denizcankizil.tr\/de\/"},{"@type":"ListItem","position":2,"name":"E\u011fer olabiliyorsa, kutlu olsun"}]},{"@type":"WebSite","@id":"https:\/\/denizcankizil.tr\/de\/#website","url":"https:\/\/denizcankizil.tr\/de\/","name":"Av. Deniz Can K\u0131z\u0131l","description":"Avukat Deniz Can K\u0131z\u0131l Antalya Barosu","publisher":{"@id":"https:\/\/denizcankizil.tr\/de\/#organization"},"potentialAction":[{"@type":"SearchAction","target":{"@type":"EntryPoint","urlTemplate":"https:\/\/denizcankizil.tr\/de\/?s={search_term_string}"},"query-input":{"@type":"PropertyValueSpecification","valueRequired":true,"valueName":"search_term_string"}}],"inLanguage":"ru-RU"},{"@type":"Organization","@id":"https:\/\/denizcankizil.tr\/de\/#organization","name":"Av. Deniz Can K\u0131z\u0131l","url":"https:\/\/denizcankizil.tr\/de\/","logo":{"@type":"ImageObject","inLanguage":"ru-RU","@id":"https:\/\/denizcankizil.tr\/de\/#\/schema\/logo\/image\/","url":"https:\/\/denizcankizil.tr\/wp-content\/uploads\/2024\/10\/siyah-logo-svg.svg","contentUrl":"https:\/\/denizcankizil.tr\/wp-content\/uploads\/2024\/10\/siyah-logo-svg.svg","width":1080,"height":1080,"caption":"Av. Deniz Can K\u0131z\u0131l"},"image":{"@id":"https:\/\/denizcankizil.tr\/de\/#\/schema\/logo\/image\/"}},{"@type":"Person","@id":"https:\/\/denizcankizil.tr\/de\/#\/schema\/person\/e1eb71bb4dd684d46563f0af307e1234","name":"Antalya K\u00f6rfez","image":{"@type":"ImageObject","inLanguage":"ru-RU","@id":"https:\/\/denizcankizil.tr\/de\/#\/schema\/person\/image\/","url":"https:\/\/secure.gravatar.com\/avatar\/42b01982558a48a0b501fdcab6a408d3717ea5919095ee2e67b0e521799c5905?s=96&d=mm&r=g","contentUrl":"https:\/\/secure.gravatar.com\/avatar\/42b01982558a48a0b501fdcab6a408d3717ea5919095ee2e67b0e521799c5905?s=96&d=mm&r=g","caption":"Antalya K\u00f6rfez"},"sameAs":["http:\/\/www.antalyakorfez.com"],"url":"https:\/\/www.antalyakorfez.com\/eger-olabiliyorsa-kutlu-olsun"}]}},"_links":{"self":[{"href":"https:\/\/denizcankizil.tr\/ru\/wp-json\/wp\/v2\/posts\/74840","targetHints":{"allow":["GET"]}}],"collection":[{"href":"https:\/\/denizcankizil.tr\/ru\/wp-json\/wp\/v2\/posts"}],"about":[{"href":"https:\/\/denizcankizil.tr\/ru\/wp-json\/wp\/v2\/types\/post"}],"author":[{"embeddable":true,"href":"https:\/\/denizcankizil.tr\/ru\/wp-json\/wp\/v2\/users\/5"}],"replies":[{"embeddable":true,"href":"https:\/\/denizcankizil.tr\/ru\/wp-json\/wp\/v2\/comments?post=74840"}],"version-history":[{"count":0,"href":"https:\/\/denizcankizil.tr\/ru\/wp-json\/wp\/v2\/posts\/74840\/revisions"}],"wp:attachment":[{"href":"https:\/\/denizcankizil.tr\/ru\/wp-json\/wp\/v2\/media?parent=74840"}],"wp:term":[{"taxonomy":"category","embeddable":true,"href":"https:\/\/denizcankizil.tr\/ru\/wp-json\/wp\/v2\/categories?post=74840"},{"taxonomy":"post_tag","embeddable":true,"href":"https:\/\/denizcankizil.tr\/ru\/wp-json\/wp\/v2\/tags?post=74840"}],"curies":[{"name":"wp","href":"https:\/\/api.w.org\/{rel}","templated":true}]}}