{"id":73892,"date":"2025-05-02T18:42:22","date_gmt":"2025-05-02T15:42:22","guid":{"rendered":"https:\/\/denizcankizil.tr\/uncategorized-tr\/cumhurbaskani-erdogan-3-mayista-kktc-yolcusu\/"},"modified":"2025-05-02T18:42:22","modified_gmt":"2025-05-02T15:42:22","slug":"cumhurbaskani-erdogan-3-mayista-kktc-yolcusu","status":"publish","type":"post","link":"https:\/\/denizcankizil.tr\/ru\/haberler\/gundem\/cumhurbaskani-erdogan-3-mayista-kktc-yolcusu\/","title":{"rendered":"Cumhurba\u015fkan\u0131 Erdo\u011fan, 3 May\u0131s&#8217;ta KKTC yolcusu"},"content":{"rendered":"<p>Cumhurba\u015fkan\u0131 Recep Tayyip Erdo\u011fan, 3 May\u0131s Cumartesi g\u00fcn\u00fc g\u00fcn\u00fcbirlik Kuzey K\u0131br\u0131s T\u00fcrk Cumhuriyeti&#8217;ne resmi ziyaret yapacak.ANKARA (\u0130GFA) &#8211; \u0130leti\u015fim Ba\u015fkanl\u0131\u011f\u0131, Cumhurba\u015fkan\u0131 Erdo\u011fan&#8217;\u0131n 3 May\u0131s Cumartesi g\u00fcn\u00fc KKTC&#8217;ye yapaca\u011f\u0131 ziyaretle ilgili payla\u015f\u0131mda bulundu.\u00a0<br \/>\nCumhurba\u015fkan\u0131 Erdo\u011fan&#8217;\u0131n KKTC ziyareti kapsam\u0131nda, yap\u0131m\u0131 tamamlanan KKTC Cumhurba\u015fkanl\u0131\u011f\u0131, Cumhuriyet Meclisi, Ba\u015fbakanl\u0131k ve Millet Bah\u00e7esinin bulundu\u011fu yerle\u015fkenin a\u00e7\u0131l\u0131\u015f\u0131n\u0131 yapacak ve TEKNOFEST KKTC \u00f6d\u00fcl t\u00f6renine kat\u0131laca\u011f\u0131 bildirildi.<br \/>\nZiyaret dolay\u0131s\u0131yla KKTC Cumhurba\u015fkan\u0131 Ersin Tatar ile de g\u00f6r\u00fc\u015fme ger\u00e7ekle\u015ftirecek Cumhurba\u015fkan\u0131 Erdo\u011fan&#8217;\u0131n, g\u00f6r\u00fc\u015fmelerde K\u0131br\u0131s davas\u0131 ba\u015fta olmak \u00fczere, ikili ili\u015fkiler ve uluslararas\u0131 geli\u015fmeler ele al\u0131naca\u011f\u0131 kaydedildi.<\/p>\n<p>\u200bCumhurba\u015fkan\u0131 Recep Tayyip Erdo\u011fan, 3 May\u0131s Cumartesi g\u00fcn\u00fc g\u00fcn\u00fcbirlik Kuzey K\u0131br\u0131s T\u00fcrk Cumhuriyeti&#8217;ne resmi ziyaret yapacak.ANKARA (\u0130GFA) &#8211; \u0130leti\u015fim Ba\u015fkanl\u0131\u011f\u0131, Cumhurba\u015fkan\u0131 Erdo\u011fan&#8217;\u0131n 3 May\u0131s Cumartesi g\u00fcn\u00fc KKTC&#8217;ye yapaca\u011f\u0131 ziyaretle ilgili payla\u015f\u0131mda bulundu.\u00a0<br \/>\nCumhurba\u015fkan\u0131 Erdo\u011fan&#8217;\u0131n KKTC ziyareti kapsam\u0131nda, yap\u0131m\u0131 tamamlanan KKTC Cumhurba\u015fkanl\u0131\u011f\u0131, Cumhuriyet Meclisi, Ba\u015fbakanl\u0131k ve Millet Bah\u00e7esinin bulundu\u011fu yerle\u015fkenin a\u00e7\u0131l\u0131\u015f\u0131n\u0131 yapacak ve TEKNOFEST KKTC \u00f6d\u00fcl t\u00f6renine kat\u0131laca\u011f\u0131 bildirildi.<br \/>\nZiyaret dolay\u0131s\u0131yla KKTC Cumhurba\u015fkan\u0131 Ersin Tatar ile de g\u00f6r\u00fc\u015fme ger\u00e7ekle\u015ftirecek Cumhurba\u015fkan\u0131 Erdo\u011fan&#8217;\u0131n, g\u00f6r\u00fc\u015fmelerde K\u0131br\u0131s davas\u0131 ba\u015fta olmak \u00fczere, ikili ili\u015fkiler ve uluslararas\u0131 geli\u015fmeler ele al\u0131naca\u011f\u0131 kaydedildi.\u00a0<\/p>\n<p>\u200bHaberin Al\u0131nt\u0131land\u0131\u011f\u0131 Kaynak: www.iskenderun.org<\/p>","protected":false},"excerpt":{"rendered":"<p>Cumhurba\u015fkan\u0131 Recep Tayyip Erdo\u011fan, 3 May\u0131s Cumartesi g\u00fcn\u00fc g\u00fcn\u00fcbirlik Kuzey K\u0131br\u0131s T\u00fcrk Cumhuriyeti&#8217;ne resmi ziyaret yapacak.ANKARA (\u0130GFA) &#8211; \u0130leti\u015fim Ba\u015fkanl\u0131\u011f\u0131, Cumhurba\u015fkan\u0131 Erdo\u011fan&#8217;\u0131n 3 May\u0131s Cumartesi g\u00fcn\u00fc KKTC&#8217;ye yapaca\u011f\u0131 ziyaretle ilgili payla\u015f\u0131mda bulundu.\u00a0 Cumhurba\u015fkan\u0131 Erdo\u011fan&#8217;\u0131n KKTC ziyareti kapsam\u0131nda, yap\u0131m\u0131 tamamlanan KKTC Cumhurba\u015fkanl\u0131\u011f\u0131, Cumhuriyet Meclisi, Ba\u015fbakanl\u0131k ve Millet Bah\u00e7esinin bulundu\u011fu yerle\u015fkenin a\u00e7\u0131l\u0131\u015f\u0131n\u0131 yapacak ve TEKNOFEST KKTC \u00f6d\u00fcl t\u00f6renine kat\u0131laca\u011f\u0131 bildirildi. Ziyaret dolay\u0131s\u0131yla KKTC Cumhurba\u015fkan\u0131 Ersin Tatar ile de g\u00f6r\u00fc\u015fme ger\u00e7ekle\u015ftirecek Cumhurba\u015fkan\u0131 Erdo\u011fan&#8217;\u0131n, g\u00f6r\u00fc\u015fmelerde K\u0131br\u0131s davas\u0131 ba\u015fta olmak \u00fczere, ikili ili\u015fkiler ve uluslararas\u0131 geli\u015fmeler ele al\u0131naca\u011f\u0131 kaydedildi. \u200bCumhurba\u015fkan\u0131 Recep Tayyip Erdo\u011fan, 3 May\u0131s Cumartesi g\u00fcn\u00fc g\u00fcn\u00fcbirlik Kuzey K\u0131br\u0131s T\u00fcrk Cumhuriyeti&#8217;ne resmi ziyaret yapacak.ANKARA (\u0130GFA) &#8211; \u0130leti\u015fim Ba\u015fkanl\u0131\u011f\u0131, Cumhurba\u015fkan\u0131 Erdo\u011fan&#8217;\u0131n 3 May\u0131s Cumartesi g\u00fcn\u00fc KKTC&#8217;ye yapaca\u011f\u0131 ziyaretle ilgili payla\u015f\u0131mda bulundu.\u00a0 Cumhurba\u015fkan\u0131 Erdo\u011fan&#8217;\u0131n KKTC ziyareti kapsam\u0131nda, yap\u0131m\u0131 tamamlanan KKTC Cumhurba\u015fkanl\u0131\u011f\u0131, Cumhuriyet Meclisi, Ba\u015fbakanl\u0131k ve Millet Bah\u00e7esinin bulundu\u011fu yerle\u015fkenin a\u00e7\u0131l\u0131\u015f\u0131n\u0131 yapacak ve TEKNOFEST KKTC \u00f6d\u00fcl t\u00f6renine kat\u0131laca\u011f\u0131 bildirildi. Ziyaret dolay\u0131s\u0131yla KKTC Cumhurba\u015fkan\u0131 Ersin Tatar ile de g\u00f6r\u00fc\u015fme ger\u00e7ekle\u015ftirecek Cumhurba\u015fkan\u0131 Erdo\u011fan&#8217;\u0131n, g\u00f6r\u00fc\u015fmelerde K\u0131br\u0131s davas\u0131 ba\u015fta olmak \u00fczere, ikili ili\u015fkiler ve uluslararas\u0131 geli\u015fmeler ele al\u0131naca\u011f\u0131 kaydedildi.\u00a0 \u200bHaberin Al\u0131nt\u0131land\u0131\u011f\u0131 Kaynak: www.iskenderun.org<\/p>","protected":false},"author":1,"featured_media":0,"comment_status":"","ping_status":"open","sticky":false,"template":"","format":"standard","meta":{"_acf_changed":false,"footnotes":""},"categories":[24],"tags":[],"class_list":["post-73892","post","type-post","status-publish","format-standard","has-post-thumbnail","hentry","category-gundem"],"acf":[],"yoast_head":"<!-- This site is optimized with the Yoast SEO Premium plugin v26.6 (Yoast SEO v27.1.1) - https:\/\/yoast.com\/product\/yoast-seo-premium-wordpress\/ -->\n<title>Cumhurba\u015fkan\u0131 Erdo\u011fan, 3 May\u0131s&#039;ta KKTC yolcusu - Av. Deniz Can K\u0131z\u0131l<\/title>\n<meta name=\"robots\" content=\"index, follow, max-snippet:-1, max-image-preview:large, max-video-preview:-1\" \/>\n<link rel=\"canonical\" href=\"https:\/\/denizcankizil.tr\/ru\/haberler\/gundem\/cumhurbaskani-erdogan-3-mayista-kktc-yolcusu\/\" \/>\n<meta property=\"og:locale\" content=\"ru_RU\" \/>\n<meta property=\"og:type\" content=\"article\" \/>\n<meta property=\"og:title\" content=\"Cumhurba\u015fkan\u0131 Erdo\u011fan, 3 May\u0131s&#039;ta KKTC yolcusu\" \/>\n<meta property=\"og:description\" content=\"Cumhurba\u015fkan\u0131 Recep Tayyip Erdo\u011fan, 3 May\u0131s Cumartesi g\u00fcn\u00fc g\u00fcn\u00fcbirlik Kuzey K\u0131br\u0131s T\u00fcrk Cumhuriyeti&#8217;ne resmi ziyaret yapacak.ANKARA (\u0130GFA) &#8211; \u0130leti\u015fim Ba\u015fkanl\u0131\u011f\u0131, Cumhurba\u015fkan\u0131 Erdo\u011fan&#8217;\u0131n 3 May\u0131s Cumartesi g\u00fcn\u00fc KKTC&#8217;ye yapaca\u011f\u0131 ziyaretle ilgili payla\u015f\u0131mda bulundu.\u00a0 Cumhurba\u015fkan\u0131 Erdo\u011fan&#8217;\u0131n KKTC ziyareti kapsam\u0131nda, yap\u0131m\u0131 tamamlanan KKTC Cumhurba\u015fkanl\u0131\u011f\u0131, Cumhuriyet Meclisi, Ba\u015fbakanl\u0131k ve Millet Bah\u00e7esinin bulundu\u011fu yerle\u015fkenin a\u00e7\u0131l\u0131\u015f\u0131n\u0131 yapacak ve TEKNOFEST KKTC \u00f6d\u00fcl t\u00f6renine kat\u0131laca\u011f\u0131 bildirildi. Ziyaret dolay\u0131s\u0131yla KKTC Cumhurba\u015fkan\u0131 Ersin Tatar ile de g\u00f6r\u00fc\u015fme ger\u00e7ekle\u015ftirecek Cumhurba\u015fkan\u0131 Erdo\u011fan&#8217;\u0131n, g\u00f6r\u00fc\u015fmelerde K\u0131br\u0131s davas\u0131 ba\u015fta olmak \u00fczere, ikili ili\u015fkiler ve uluslararas\u0131 geli\u015fmeler ele al\u0131naca\u011f\u0131 kaydedildi. \u200bCumhurba\u015fkan\u0131 Recep Tayyip Erdo\u011fan, 3 May\u0131s Cumartesi g\u00fcn\u00fc g\u00fcn\u00fcbirlik Kuzey K\u0131br\u0131s T\u00fcrk Cumhuriyeti&#8217;ne resmi ziyaret yapacak.ANKARA (\u0130GFA) &#8211; \u0130leti\u015fim Ba\u015fkanl\u0131\u011f\u0131, Cumhurba\u015fkan\u0131 Erdo\u011fan&#8217;\u0131n 3 May\u0131s Cumartesi g\u00fcn\u00fc KKTC&#8217;ye yapaca\u011f\u0131 ziyaretle ilgili payla\u015f\u0131mda bulundu.\u00a0 Cumhurba\u015fkan\u0131 Erdo\u011fan&#8217;\u0131n KKTC ziyareti kapsam\u0131nda, yap\u0131m\u0131 tamamlanan KKTC Cumhurba\u015fkanl\u0131\u011f\u0131, Cumhuriyet Meclisi, Ba\u015fbakanl\u0131k ve Millet Bah\u00e7esinin bulundu\u011fu yerle\u015fkenin a\u00e7\u0131l\u0131\u015f\u0131n\u0131 yapacak ve TEKNOFEST KKTC \u00f6d\u00fcl t\u00f6renine kat\u0131laca\u011f\u0131 bildirildi. Ziyaret dolay\u0131s\u0131yla KKTC Cumhurba\u015fkan\u0131 Ersin Tatar ile de g\u00f6r\u00fc\u015fme ger\u00e7ekle\u015ftirecek Cumhurba\u015fkan\u0131 Erdo\u011fan&#8217;\u0131n, g\u00f6r\u00fc\u015fmelerde K\u0131br\u0131s davas\u0131 ba\u015fta olmak \u00fczere, ikili ili\u015fkiler ve uluslararas\u0131 geli\u015fmeler ele al\u0131naca\u011f\u0131 kaydedildi.\u00a0 \u200bHaberin Al\u0131nt\u0131land\u0131\u011f\u0131 Kaynak: www.iskenderun.org\" \/>\n<meta property=\"og:url\" content=\"https:\/\/denizcankizil.tr\/ru\/haberler\/gundem\/cumhurbaskani-erdogan-3-mayista-kktc-yolcusu\/\" \/>\n<meta property=\"og:site_name\" content=\"Av. Deniz Can K\u0131z\u0131l\" \/>\n<meta property=\"article:published_time\" content=\"2025-05-02T15:42:22+00:00\" \/>\n<meta name=\"author\" content=\"admin\" \/>\n<meta name=\"twitter:card\" content=\"summary_large_image\" \/>\n<meta name=\"twitter:label1\" content=\"\u041d\u0430\u043f\u0438\u0441\u0430\u043d\u043e \u0430\u0432\u0442\u043e\u0440\u043e\u043c\" \/>\n\t<meta name=\"twitter:data1\" content=\"admin\" \/>\n\t<meta name=\"twitter:label2\" content=\"\u041f\u0440\u0438\u043c\u0435\u0440\u043d\u043e\u0435 \u0432\u0440\u0435\u043c\u044f \u0434\u043b\u044f \u0447\u0442\u0435\u043d\u0438\u044f\" \/>\n\t<meta name=\"twitter:data2\" content=\"1 \u043c\u0438\u043d\u0443\u0442\u0430\" \/>\n<script type=\"application\/ld+json\" class=\"yoast-schema-graph\">{\"@context\":\"https:\/\/schema.org\",\"@graph\":[{\"@type\":\"Article\",\"@id\":\"https:\/\/denizcankizil.tr\/ru\/haberler\/gundem\/cumhurbaskani-erdogan-3-mayista-kktc-yolcusu\/#article\",\"isPartOf\":{\"@id\":\"https:\/\/denizcankizil.tr\/ru\/haberler\/gundem\/cumhurbaskani-erdogan-3-mayista-kktc-yolcusu\/\"},\"author\":{\"name\":\"admin\",\"@id\":\"https:\/\/denizcankizil.tr\/de\/#\/schema\/person\/be3c05fe6a12686905512445d8185489\"},\"headline\":\"Cumhurba\u015fkan\u0131 Erdo\u011fan, 3 May\u0131s&#8217;ta KKTC yolcusu\",\"datePublished\":\"2025-05-02T15:42:22+00:00\",\"mainEntityOfPage\":{\"@id\":\"https:\/\/denizcankizil.tr\/ru\/haberler\/gundem\/cumhurbaskani-erdogan-3-mayista-kktc-yolcusu\/\"},\"wordCount\":289,\"publisher\":{\"@id\":\"https:\/\/denizcankizil.tr\/de\/#organization\"},\"articleSection\":[\"G\u00fcndem\"],\"inLanguage\":\"ru-RU\"},{\"@type\":\"WebPage\",\"@id\":\"https:\/\/denizcankizil.tr\/ru\/haberler\/gundem\/cumhurbaskani-erdogan-3-mayista-kktc-yolcusu\/\",\"url\":\"https:\/\/denizcankizil.tr\/ru\/haberler\/gundem\/cumhurbaskani-erdogan-3-mayista-kktc-yolcusu\/\",\"name\":\"Cumhurba\u015fkan\u0131 Erdo\u011fan, 3 May\u0131s'ta KKTC yolcusu - Av. Deniz Can K\u0131z\u0131l\",\"isPartOf\":{\"@id\":\"https:\/\/denizcankizil.tr\/de\/#website\"},\"datePublished\":\"2025-05-02T15:42:22+00:00\",\"breadcrumb\":{\"@id\":\"https:\/\/denizcankizil.tr\/ru\/haberler\/gundem\/cumhurbaskani-erdogan-3-mayista-kktc-yolcusu\/#breadcrumb\"},\"inLanguage\":\"ru-RU\",\"potentialAction\":[{\"@type\":\"ReadAction\",\"target\":[\"https:\/\/denizcankizil.tr\/ru\/haberler\/gundem\/cumhurbaskani-erdogan-3-mayista-kktc-yolcusu\/\"]}]},{\"@type\":\"BreadcrumbList\",\"@id\":\"https:\/\/denizcankizil.tr\/ru\/haberler\/gundem\/cumhurbaskani-erdogan-3-mayista-kktc-yolcusu\/#breadcrumb\",\"itemListElement\":[{\"@type\":\"ListItem\",\"position\":1,\"name\":\"Home\",\"item\":\"https:\/\/denizcankizil.tr\/de\/\"},{\"@type\":\"ListItem\",\"position\":2,\"name\":\"Cumhurba\u015fkan\u0131 Erdo\u011fan, 3 May\u0131s&#8217;ta KKTC yolcusu\"}]},{\"@type\":\"WebSite\",\"@id\":\"https:\/\/denizcankizil.tr\/de\/#website\",\"url\":\"https:\/\/denizcankizil.tr\/de\/\",\"name\":\"Av. Deniz Can K\u0131z\u0131l\",\"description\":\"Avukat Deniz Can K\u0131z\u0131l Antalya Barosu\",\"publisher\":{\"@id\":\"https:\/\/denizcankizil.tr\/de\/#organization\"},\"potentialAction\":[{\"@type\":\"SearchAction\",\"target\":{\"@type\":\"EntryPoint\",\"urlTemplate\":\"https:\/\/denizcankizil.tr\/de\/?s={search_term_string}\"},\"query-input\":{\"@type\":\"PropertyValueSpecification\",\"valueRequired\":true,\"valueName\":\"search_term_string\"}}],\"inLanguage\":\"ru-RU\"},{\"@type\":\"Organization\",\"@id\":\"https:\/\/denizcankizil.tr\/de\/#organization\",\"name\":\"Av. Deniz Can K\u0131z\u0131l\",\"url\":\"https:\/\/denizcankizil.tr\/de\/\",\"logo\":{\"@type\":\"ImageObject\",\"inLanguage\":\"ru-RU\",\"@id\":\"https:\/\/denizcankizil.tr\/de\/#\/schema\/logo\/image\/\",\"url\":\"https:\/\/denizcankizil.tr\/wp-content\/uploads\/2024\/10\/siyah-logo-svg.svg\",\"contentUrl\":\"https:\/\/denizcankizil.tr\/wp-content\/uploads\/2024\/10\/siyah-logo-svg.svg\",\"width\":1080,\"height\":1080,\"caption\":\"Av. Deniz Can K\u0131z\u0131l\"},\"image\":{\"@id\":\"https:\/\/denizcankizil.tr\/de\/#\/schema\/logo\/image\/\"}},{\"@type\":\"Person\",\"@id\":\"https:\/\/denizcankizil.tr\/de\/#\/schema\/person\/be3c05fe6a12686905512445d8185489\",\"name\":\"admin\",\"image\":{\"@type\":\"ImageObject\",\"inLanguage\":\"ru-RU\",\"@id\":\"https:\/\/denizcankizil.tr\/de\/#\/schema\/person\/image\/\",\"url\":\"https:\/\/secure.gravatar.com\/avatar\/c1fce94c830dc79107e174f890d7210541c4a63e8e5d816341794a2151c9d58c?s=96&d=mm&r=g\",\"contentUrl\":\"https:\/\/secure.gravatar.com\/avatar\/c1fce94c830dc79107e174f890d7210541c4a63e8e5d816341794a2151c9d58c?s=96&d=mm&r=g\",\"caption\":\"admin\"},\"sameAs\":[\"http:\/\/denizcankizil.tr\"],\"url\":\"https:\/\/www.iskenderun.org\/cumhurbaskani-erdogan-3-mayista-kktc-yolcusu\"}]}<\/script>\n<!-- \/ Yoast SEO Premium plugin. -->","yoast_head_json":{"title":"Cumhurba\u015fkan\u0131 Erdo\u011fan, 3 May\u0131s'ta KKTC yolcusu - Av. Deniz Can K\u0131z\u0131l","robots":{"index":"index","follow":"follow","max-snippet":"max-snippet:-1","max-image-preview":"max-image-preview:large","max-video-preview":"max-video-preview:-1"},"canonical":"https:\/\/denizcankizil.tr\/ru\/haberler\/gundem\/cumhurbaskani-erdogan-3-mayista-kktc-yolcusu\/","og_locale":"ru_RU","og_type":"article","og_title":"Cumhurba\u015fkan\u0131 Erdo\u011fan, 3 May\u0131s'ta KKTC yolcusu","og_description":"Cumhurba\u015fkan\u0131 Recep Tayyip Erdo\u011fan, 3 May\u0131s Cumartesi g\u00fcn\u00fc g\u00fcn\u00fcbirlik Kuzey K\u0131br\u0131s T\u00fcrk Cumhuriyeti&#8217;ne resmi ziyaret yapacak.ANKARA (\u0130GFA) &#8211; \u0130leti\u015fim Ba\u015fkanl\u0131\u011f\u0131, Cumhurba\u015fkan\u0131 Erdo\u011fan&#8217;\u0131n 3 May\u0131s Cumartesi g\u00fcn\u00fc KKTC&#8217;ye yapaca\u011f\u0131 ziyaretle ilgili payla\u015f\u0131mda bulundu.\u00a0 Cumhurba\u015fkan\u0131 Erdo\u011fan&#8217;\u0131n KKTC ziyareti kapsam\u0131nda, yap\u0131m\u0131 tamamlanan KKTC Cumhurba\u015fkanl\u0131\u011f\u0131, Cumhuriyet Meclisi, Ba\u015fbakanl\u0131k ve Millet Bah\u00e7esinin bulundu\u011fu yerle\u015fkenin a\u00e7\u0131l\u0131\u015f\u0131n\u0131 yapacak ve TEKNOFEST KKTC \u00f6d\u00fcl t\u00f6renine kat\u0131laca\u011f\u0131 bildirildi. Ziyaret dolay\u0131s\u0131yla KKTC Cumhurba\u015fkan\u0131 Ersin Tatar ile de g\u00f6r\u00fc\u015fme ger\u00e7ekle\u015ftirecek Cumhurba\u015fkan\u0131 Erdo\u011fan&#8217;\u0131n, g\u00f6r\u00fc\u015fmelerde K\u0131br\u0131s davas\u0131 ba\u015fta olmak \u00fczere, ikili ili\u015fkiler ve uluslararas\u0131 geli\u015fmeler ele al\u0131naca\u011f\u0131 kaydedildi. \u200bCumhurba\u015fkan\u0131 Recep Tayyip Erdo\u011fan, 3 May\u0131s Cumartesi g\u00fcn\u00fc g\u00fcn\u00fcbirlik Kuzey K\u0131br\u0131s T\u00fcrk Cumhuriyeti&#8217;ne resmi ziyaret yapacak.ANKARA (\u0130GFA) &#8211; \u0130leti\u015fim Ba\u015fkanl\u0131\u011f\u0131, Cumhurba\u015fkan\u0131 Erdo\u011fan&#8217;\u0131n 3 May\u0131s Cumartesi g\u00fcn\u00fc KKTC&#8217;ye yapaca\u011f\u0131 ziyaretle ilgili payla\u015f\u0131mda bulundu.\u00a0 Cumhurba\u015fkan\u0131 Erdo\u011fan&#8217;\u0131n KKTC ziyareti kapsam\u0131nda, yap\u0131m\u0131 tamamlanan KKTC Cumhurba\u015fkanl\u0131\u011f\u0131, Cumhuriyet Meclisi, Ba\u015fbakanl\u0131k ve Millet Bah\u00e7esinin bulundu\u011fu yerle\u015fkenin a\u00e7\u0131l\u0131\u015f\u0131n\u0131 yapacak ve TEKNOFEST KKTC \u00f6d\u00fcl t\u00f6renine kat\u0131laca\u011f\u0131 bildirildi. Ziyaret dolay\u0131s\u0131yla KKTC Cumhurba\u015fkan\u0131 Ersin Tatar ile de g\u00f6r\u00fc\u015fme ger\u00e7ekle\u015ftirecek Cumhurba\u015fkan\u0131 Erdo\u011fan&#8217;\u0131n, g\u00f6r\u00fc\u015fmelerde K\u0131br\u0131s davas\u0131 ba\u015fta olmak \u00fczere, ikili ili\u015fkiler ve uluslararas\u0131 geli\u015fmeler ele al\u0131naca\u011f\u0131 kaydedildi.\u00a0 \u200bHaberin Al\u0131nt\u0131land\u0131\u011f\u0131 Kaynak: www.iskenderun.org","og_url":"https:\/\/denizcankizil.tr\/ru\/haberler\/gundem\/cumhurbaskani-erdogan-3-mayista-kktc-yolcusu\/","og_site_name":"Av. Deniz Can K\u0131z\u0131l","article_published_time":"2025-05-02T15:42:22+00:00","author":"admin","twitter_card":"summary_large_image","twitter_misc":{"\u041d\u0430\u043f\u0438\u0441\u0430\u043d\u043e \u0430\u0432\u0442\u043e\u0440\u043e\u043c":"admin","\u041f\u0440\u0438\u043c\u0435\u0440\u043d\u043e\u0435 \u0432\u0440\u0435\u043c\u044f \u0434\u043b\u044f \u0447\u0442\u0435\u043d\u0438\u044f":"1 \u043c\u0438\u043d\u0443\u0442\u0430"},"schema":{"@context":"https:\/\/schema.org","@graph":[{"@type":"Article","@id":"https:\/\/denizcankizil.tr\/ru\/haberler\/gundem\/cumhurbaskani-erdogan-3-mayista-kktc-yolcusu\/#article","isPartOf":{"@id":"https:\/\/denizcankizil.tr\/ru\/haberler\/gundem\/cumhurbaskani-erdogan-3-mayista-kktc-yolcusu\/"},"author":{"name":"admin","@id":"https:\/\/denizcankizil.tr\/de\/#\/schema\/person\/be3c05fe6a12686905512445d8185489"},"headline":"Cumhurba\u015fkan\u0131 Erdo\u011fan, 3 May\u0131s&#8217;ta KKTC yolcusu","datePublished":"2025-05-02T15:42:22+00:00","mainEntityOfPage":{"@id":"https:\/\/denizcankizil.tr\/ru\/haberler\/gundem\/cumhurbaskani-erdogan-3-mayista-kktc-yolcusu\/"},"wordCount":289,"publisher":{"@id":"https:\/\/denizcankizil.tr\/de\/#organization"},"articleSection":["G\u00fcndem"],"inLanguage":"ru-RU"},{"@type":"WebPage","@id":"https:\/\/denizcankizil.tr\/ru\/haberler\/gundem\/cumhurbaskani-erdogan-3-mayista-kktc-yolcusu\/","url":"https:\/\/denizcankizil.tr\/ru\/haberler\/gundem\/cumhurbaskani-erdogan-3-mayista-kktc-yolcusu\/","name":"Cumhurba\u015fkan\u0131 Erdo\u011fan, 3 May\u0131s'ta KKTC yolcusu - Av. Deniz Can K\u0131z\u0131l","isPartOf":{"@id":"https:\/\/denizcankizil.tr\/de\/#website"},"datePublished":"2025-05-02T15:42:22+00:00","breadcrumb":{"@id":"https:\/\/denizcankizil.tr\/ru\/haberler\/gundem\/cumhurbaskani-erdogan-3-mayista-kktc-yolcusu\/#breadcrumb"},"inLanguage":"ru-RU","potentialAction":[{"@type":"ReadAction","target":["https:\/\/denizcankizil.tr\/ru\/haberler\/gundem\/cumhurbaskani-erdogan-3-mayista-kktc-yolcusu\/"]}]},{"@type":"BreadcrumbList","@id":"https:\/\/denizcankizil.tr\/ru\/haberler\/gundem\/cumhurbaskani-erdogan-3-mayista-kktc-yolcusu\/#breadcrumb","itemListElement":[{"@type":"ListItem","position":1,"name":"Home","item":"https:\/\/denizcankizil.tr\/de\/"},{"@type":"ListItem","position":2,"name":"Cumhurba\u015fkan\u0131 Erdo\u011fan, 3 May\u0131s&#8217;ta KKTC yolcusu"}]},{"@type":"WebSite","@id":"https:\/\/denizcankizil.tr\/de\/#website","url":"https:\/\/denizcankizil.tr\/de\/","name":"Av. Deniz Can K\u0131z\u0131l","description":"Avukat Deniz Can K\u0131z\u0131l Antalya Barosu","publisher":{"@id":"https:\/\/denizcankizil.tr\/de\/#organization"},"potentialAction":[{"@type":"SearchAction","target":{"@type":"EntryPoint","urlTemplate":"https:\/\/denizcankizil.tr\/de\/?s={search_term_string}"},"query-input":{"@type":"PropertyValueSpecification","valueRequired":true,"valueName":"search_term_string"}}],"inLanguage":"ru-RU"},{"@type":"Organization","@id":"https:\/\/denizcankizil.tr\/de\/#organization","name":"Av. Deniz Can K\u0131z\u0131l","url":"https:\/\/denizcankizil.tr\/de\/","logo":{"@type":"ImageObject","inLanguage":"ru-RU","@id":"https:\/\/denizcankizil.tr\/de\/#\/schema\/logo\/image\/","url":"https:\/\/denizcankizil.tr\/wp-content\/uploads\/2024\/10\/siyah-logo-svg.svg","contentUrl":"https:\/\/denizcankizil.tr\/wp-content\/uploads\/2024\/10\/siyah-logo-svg.svg","width":1080,"height":1080,"caption":"Av. Deniz Can K\u0131z\u0131l"},"image":{"@id":"https:\/\/denizcankizil.tr\/de\/#\/schema\/logo\/image\/"}},{"@type":"Person","@id":"https:\/\/denizcankizil.tr\/de\/#\/schema\/person\/be3c05fe6a12686905512445d8185489","name":"\u0430\u0434\u043c\u0438\u043d","image":{"@type":"ImageObject","inLanguage":"ru-RU","@id":"https:\/\/denizcankizil.tr\/de\/#\/schema\/person\/image\/","url":"https:\/\/secure.gravatar.com\/avatar\/c1fce94c830dc79107e174f890d7210541c4a63e8e5d816341794a2151c9d58c?s=96&d=mm&r=g","contentUrl":"https:\/\/secure.gravatar.com\/avatar\/c1fce94c830dc79107e174f890d7210541c4a63e8e5d816341794a2151c9d58c?s=96&d=mm&r=g","caption":"admin"},"sameAs":["http:\/\/denizcankizil.tr"],"url":"https:\/\/www.iskenderun.org\/cumhurbaskani-erdogan-3-mayista-kktc-yolcusu"}]}},"_links":{"self":[{"href":"https:\/\/denizcankizil.tr\/ru\/wp-json\/wp\/v2\/posts\/73892","targetHints":{"allow":["GET"]}}],"collection":[{"href":"https:\/\/denizcankizil.tr\/ru\/wp-json\/wp\/v2\/posts"}],"about":[{"href":"https:\/\/denizcankizil.tr\/ru\/wp-json\/wp\/v2\/types\/post"}],"author":[{"embeddable":true,"href":"https:\/\/denizcankizil.tr\/ru\/wp-json\/wp\/v2\/users\/1"}],"replies":[{"embeddable":true,"href":"https:\/\/denizcankizil.tr\/ru\/wp-json\/wp\/v2\/comments?post=73892"}],"version-history":[{"count":0,"href":"https:\/\/denizcankizil.tr\/ru\/wp-json\/wp\/v2\/posts\/73892\/revisions"}],"wp:attachment":[{"href":"https:\/\/denizcankizil.tr\/ru\/wp-json\/wp\/v2\/media?parent=73892"}],"wp:term":[{"taxonomy":"category","embeddable":true,"href":"https:\/\/denizcankizil.tr\/ru\/wp-json\/wp\/v2\/categories?post=73892"},{"taxonomy":"post_tag","embeddable":true,"href":"https:\/\/denizcankizil.tr\/ru\/wp-json\/wp\/v2\/tags?post=73892"}],"curies":[{"name":"wp","href":"https:\/\/api.w.org\/{rel}","templated":true}]}}