{"id":73799,"date":"2025-05-02T17:41:14","date_gmt":"2025-05-02T14:41:14","guid":{"rendered":"https:\/\/denizcankizil.tr\/uncategorized-tr\/mahsur-kalan-3-kisiyi-deniz-polisi-kurtardi\/"},"modified":"2025-05-02T17:41:14","modified_gmt":"2025-05-02T14:41:14","slug":"mahsur-kalan-3-kisiyi-deniz-polisi-kurtardi","status":"publish","type":"post","link":"https:\/\/denizcankizil.tr\/ru\/haberler\/antalya\/mahsur-kalan-3-kisiyi-deniz-polisi-kurtardi\/","title":{"rendered":"Mahsur kalan 3 ki\u015fiyi deniz polisi kurtard\u0131"},"content":{"rendered":"<p>Olay, saat 14.30 s\u0131ralar\u0131nda Konyaalt\u0131 il\u00e7esi Konyaalt\u0131 Sahili a\u00e7\u0131klar\u0131nda meydana geldi. Bal\u0131k\u00e7\u0131 Bar\u0131na\u011f\u0131\u2019ndan motorbotla denize a\u00e7\u0131lan 3 ki\u015fi bir s\u00fcre denizde vakit ge\u00e7irdikten sonra Kalei\u00e7i Yat Liman\u0131\u2019na gitmek i\u00e7in hareket etti. Konyaalt\u0131 Sahili a\u00e7\u0131klar\u0131na geldiklerinde motorbotta meydana gelen ar\u0131za nedeniyle tekne hareketsiz kald\u0131. Kendi \u00e7abalar\u0131 ile tekneyi yeniden \u00e7al\u0131\u015ft\u0131rmaya \u00e7al\u0131\u015fan 3 ki\u015fi ba\u015far\u0131s\u0131z olunca 112 Acil \u00c7a\u011fr\u0131 Merkezi\u2019ni arayarak yard\u0131m istedi. \u0130hbar \u00fczerine b\u00f6lgeye Antalya Emniyet M\u00fcd\u00fcrl\u00fc\u011f\u00fc Deniz Liman \u015eube M\u00fcd\u00fcrl\u00fc\u011f\u00fc\u2019ne ba\u011fl\u0131 ekip sevk edildi. Bot ve jet ski ile belirtilen b\u00f6lgeye gelen deniz polisi motorbotta bulunan 3 ki\u015fiyi kendi botlar\u0131na alarak Antalya Yat Liman\u0131\u2019na getirdi. Karaya ayak basan 3 ki\u015fi i\u015flemlerinin ard\u0131ndan yat liman\u0131ndan ayr\u0131ld\u0131.<\/p>\n<p>Kaynak: www.kanalv.com.tr Haber Sitesinden Al\u0131nm\u0131\u015ft\u0131r.<\/p>","protected":false},"excerpt":{"rendered":"<p>Olay, saat 14.30 s\u0131ralar\u0131nda Konyaalt\u0131 il\u00e7esi Konyaalt\u0131 Sahili a\u00e7\u0131klar\u0131nda meydana geldi. Bal\u0131k\u00e7\u0131 Bar\u0131na\u011f\u0131\u2019ndan motorbotla denize a\u00e7\u0131lan 3 ki\u015fi bir s\u00fcre denizde vakit ge\u00e7irdikten sonra Kalei\u00e7i Yat Liman\u0131\u2019na gitmek i\u00e7in hareket etti. Konyaalt\u0131 Sahili a\u00e7\u0131klar\u0131na geldiklerinde motorbotta meydana gelen ar\u0131za nedeniyle tekne hareketsiz kald\u0131. Kendi \u00e7abalar\u0131 ile tekneyi yeniden \u00e7al\u0131\u015ft\u0131rmaya \u00e7al\u0131\u015fan 3 ki\u015fi ba\u015far\u0131s\u0131z olunca 112 Acil \u00c7a\u011fr\u0131 Merkezi\u2019ni arayarak yard\u0131m istedi. \u0130hbar \u00fczerine b\u00f6lgeye Antalya Emniyet M\u00fcd\u00fcrl\u00fc\u011f\u00fc Deniz Liman \u015eube M\u00fcd\u00fcrl\u00fc\u011f\u00fc\u2019ne ba\u011fl\u0131 ekip sevk edildi. Bot ve jet ski ile belirtilen b\u00f6lgeye gelen deniz polisi motorbotta bulunan 3 ki\u015fiyi kendi botlar\u0131na alarak Antalya Yat Liman\u0131\u2019na getirdi. Karaya ayak basan 3 ki\u015fi i\u015flemlerinin ard\u0131ndan yat liman\u0131ndan ayr\u0131ld\u0131. Kaynak: www.kanalv.com.tr Haber Sitesinden Al\u0131nm\u0131\u015ft\u0131r.<\/p>","protected":false},"author":4,"featured_media":73800,"comment_status":"","ping_status":"open","sticky":false,"template":"","format":"standard","meta":{"_acf_changed":false,"footnotes":""},"categories":[26],"tags":[],"class_list":["post-73799","post","type-post","status-publish","format-standard","has-post-thumbnail","hentry","category-antalya"],"acf":[],"yoast_head":"<!-- This site is optimized with the Yoast SEO Premium plugin v26.6 (Yoast SEO v27.1.1) - https:\/\/yoast.com\/product\/yoast-seo-premium-wordpress\/ -->\n<title>Mahsur kalan 3 ki\u015fiyi deniz polisi kurtard\u0131 - Av. Deniz Can K\u0131z\u0131l<\/title>\n<meta name=\"robots\" content=\"index, follow, max-snippet:-1, max-image-preview:large, max-video-preview:-1\" \/>\n<link rel=\"canonical\" href=\"https:\/\/denizcankizil.tr\/ru\/haberler\/antalya\/mahsur-kalan-3-kisiyi-deniz-polisi-kurtardi\/\" \/>\n<meta property=\"og:locale\" content=\"ru_RU\" \/>\n<meta property=\"og:type\" content=\"article\" \/>\n<meta property=\"og:title\" content=\"Mahsur kalan 3 ki\u015fiyi deniz polisi kurtard\u0131\" \/>\n<meta property=\"og:description\" content=\"Olay, saat 14.30 s\u0131ralar\u0131nda Konyaalt\u0131 il\u00e7esi Konyaalt\u0131 Sahili a\u00e7\u0131klar\u0131nda meydana geldi. Bal\u0131k\u00e7\u0131 Bar\u0131na\u011f\u0131\u2019ndan motorbotla denize a\u00e7\u0131lan 3 ki\u015fi bir s\u00fcre denizde vakit ge\u00e7irdikten sonra Kalei\u00e7i Yat Liman\u0131\u2019na gitmek i\u00e7in hareket etti. Konyaalt\u0131 Sahili a\u00e7\u0131klar\u0131na geldiklerinde motorbotta meydana gelen ar\u0131za nedeniyle tekne hareketsiz kald\u0131. Kendi \u00e7abalar\u0131 ile tekneyi yeniden \u00e7al\u0131\u015ft\u0131rmaya \u00e7al\u0131\u015fan 3 ki\u015fi ba\u015far\u0131s\u0131z olunca 112 Acil \u00c7a\u011fr\u0131 Merkezi\u2019ni arayarak yard\u0131m istedi. \u0130hbar \u00fczerine b\u00f6lgeye Antalya Emniyet M\u00fcd\u00fcrl\u00fc\u011f\u00fc Deniz Liman \u015eube M\u00fcd\u00fcrl\u00fc\u011f\u00fc\u2019ne ba\u011fl\u0131 ekip sevk edildi. Bot ve jet ski ile belirtilen b\u00f6lgeye gelen deniz polisi motorbotta bulunan 3 ki\u015fiyi kendi botlar\u0131na alarak Antalya Yat Liman\u0131\u2019na getirdi. Karaya ayak basan 3 ki\u015fi i\u015flemlerinin ard\u0131ndan yat liman\u0131ndan ayr\u0131ld\u0131. Kaynak: www.kanalv.com.tr Haber Sitesinden Al\u0131nm\u0131\u015ft\u0131r.\" \/>\n<meta property=\"og:url\" content=\"https:\/\/denizcankizil.tr\/ru\/haberler\/antalya\/mahsur-kalan-3-kisiyi-deniz-polisi-kurtardi\/\" \/>\n<meta property=\"og:site_name\" content=\"Av. Deniz Can K\u0131z\u0131l\" \/>\n<meta property=\"article:published_time\" content=\"2025-05-02T14:41:14+00:00\" \/>\n<meta property=\"og:image\" content=\"https:\/\/denizcankizil.tr\/wp-content\/uploads\/2025\/05\/6129-01-WTPICo.jpg\" \/>\n\t<meta property=\"og:image:width\" content=\"1280\" \/>\n\t<meta property=\"og:image:height\" content=\"720\" \/>\n\t<meta property=\"og:image:type\" content=\"image\/jpeg\" \/>\n<meta name=\"author\" content=\"Av. Deniz Can K\u0131z\u0131l\" \/>\n<meta name=\"twitter:card\" content=\"summary_large_image\" \/>\n<meta name=\"twitter:label1\" content=\"\u041d\u0430\u043f\u0438\u0441\u0430\u043d\u043e \u0430\u0432\u0442\u043e\u0440\u043e\u043c\" \/>\n\t<meta name=\"twitter:data1\" content=\"Av. Deniz Can K\u0131z\u0131l\" \/>\n\t<meta name=\"twitter:label2\" content=\"\u041f\u0440\u0438\u043c\u0435\u0440\u043d\u043e\u0435 \u0432\u0440\u0435\u043c\u044f \u0434\u043b\u044f \u0447\u0442\u0435\u043d\u0438\u044f\" \/>\n\t<meta name=\"twitter:data2\" content=\"1 \u043c\u0438\u043d\u0443\u0442\u0430\" \/>\n<script type=\"application\/ld+json\" class=\"yoast-schema-graph\">{\"@context\":\"https:\/\/schema.org\",\"@graph\":[{\"@type\":\"Article\",\"@id\":\"https:\/\/denizcankizil.tr\/ru\/haberler\/antalya\/mahsur-kalan-3-kisiyi-deniz-polisi-kurtardi\/#article\",\"isPartOf\":{\"@id\":\"https:\/\/denizcankizil.tr\/ru\/haberler\/antalya\/mahsur-kalan-3-kisiyi-deniz-polisi-kurtardi\/\"},\"author\":{\"name\":\"Av. Deniz Can K\u0131z\u0131l\",\"@id\":\"https:\/\/denizcankizil.tr\/de\/#\/schema\/person\/5dc1b22991bd7ac833867c10afc9b0ff\"},\"headline\":\"Mahsur kalan 3 ki\u015fiyi deniz polisi kurtard\u0131\",\"datePublished\":\"2025-05-02T14:41:14+00:00\",\"mainEntityOfPage\":{\"@id\":\"https:\/\/denizcankizil.tr\/ru\/haberler\/antalya\/mahsur-kalan-3-kisiyi-deniz-polisi-kurtardi\/\"},\"wordCount\":162,\"publisher\":{\"@id\":\"https:\/\/denizcankizil.tr\/de\/#organization\"},\"image\":{\"@id\":\"https:\/\/denizcankizil.tr\/ru\/haberler\/antalya\/mahsur-kalan-3-kisiyi-deniz-polisi-kurtardi\/#primaryimage\"},\"thumbnailUrl\":\"https:\/\/denizcankizil.tr\/wp-content\/uploads\/2025\/05\/6129-01-WTPICo.jpg\",\"articleSection\":[\"Antalya\"],\"inLanguage\":\"ru-RU\"},{\"@type\":\"WebPage\",\"@id\":\"https:\/\/denizcankizil.tr\/ru\/haberler\/antalya\/mahsur-kalan-3-kisiyi-deniz-polisi-kurtardi\/\",\"url\":\"https:\/\/denizcankizil.tr\/ru\/haberler\/antalya\/mahsur-kalan-3-kisiyi-deniz-polisi-kurtardi\/\",\"name\":\"Mahsur kalan 3 ki\u015fiyi deniz polisi kurtard\u0131 - Av. Deniz Can K\u0131z\u0131l\",\"isPartOf\":{\"@id\":\"https:\/\/denizcankizil.tr\/de\/#website\"},\"primaryImageOfPage\":{\"@id\":\"https:\/\/denizcankizil.tr\/ru\/haberler\/antalya\/mahsur-kalan-3-kisiyi-deniz-polisi-kurtardi\/#primaryimage\"},\"image\":{\"@id\":\"https:\/\/denizcankizil.tr\/ru\/haberler\/antalya\/mahsur-kalan-3-kisiyi-deniz-polisi-kurtardi\/#primaryimage\"},\"thumbnailUrl\":\"https:\/\/denizcankizil.tr\/wp-content\/uploads\/2025\/05\/6129-01-WTPICo.jpg\",\"datePublished\":\"2025-05-02T14:41:14+00:00\",\"breadcrumb\":{\"@id\":\"https:\/\/denizcankizil.tr\/ru\/haberler\/antalya\/mahsur-kalan-3-kisiyi-deniz-polisi-kurtardi\/#breadcrumb\"},\"inLanguage\":\"ru-RU\",\"potentialAction\":[{\"@type\":\"ReadAction\",\"target\":[\"https:\/\/denizcankizil.tr\/ru\/haberler\/antalya\/mahsur-kalan-3-kisiyi-deniz-polisi-kurtardi\/\"]}]},{\"@type\":\"ImageObject\",\"inLanguage\":\"ru-RU\",\"@id\":\"https:\/\/denizcankizil.tr\/ru\/haberler\/antalya\/mahsur-kalan-3-kisiyi-deniz-polisi-kurtardi\/#primaryimage\",\"url\":\"https:\/\/denizcankizil.tr\/wp-content\/uploads\/2025\/05\/6129-01-WTPICo.jpg\",\"contentUrl\":\"https:\/\/denizcankizil.tr\/wp-content\/uploads\/2025\/05\/6129-01-WTPICo.jpg\",\"width\":1280,\"height\":720},{\"@type\":\"BreadcrumbList\",\"@id\":\"https:\/\/denizcankizil.tr\/ru\/haberler\/antalya\/mahsur-kalan-3-kisiyi-deniz-polisi-kurtardi\/#breadcrumb\",\"itemListElement\":[{\"@type\":\"ListItem\",\"position\":1,\"name\":\"Home\",\"item\":\"https:\/\/denizcankizil.tr\/de\/\"},{\"@type\":\"ListItem\",\"position\":2,\"name\":\"Mahsur kalan 3 ki\u015fiyi deniz polisi kurtard\u0131\"}]},{\"@type\":\"WebSite\",\"@id\":\"https:\/\/denizcankizil.tr\/de\/#website\",\"url\":\"https:\/\/denizcankizil.tr\/de\/\",\"name\":\"Av. Deniz Can K\u0131z\u0131l\",\"description\":\"Avukat Deniz Can K\u0131z\u0131l Antalya Barosu\",\"publisher\":{\"@id\":\"https:\/\/denizcankizil.tr\/de\/#organization\"},\"potentialAction\":[{\"@type\":\"SearchAction\",\"target\":{\"@type\":\"EntryPoint\",\"urlTemplate\":\"https:\/\/denizcankizil.tr\/de\/?s={search_term_string}\"},\"query-input\":{\"@type\":\"PropertyValueSpecification\",\"valueRequired\":true,\"valueName\":\"search_term_string\"}}],\"inLanguage\":\"ru-RU\"},{\"@type\":\"Organization\",\"@id\":\"https:\/\/denizcankizil.tr\/de\/#organization\",\"name\":\"Av. Deniz Can K\u0131z\u0131l\",\"url\":\"https:\/\/denizcankizil.tr\/de\/\",\"logo\":{\"@type\":\"ImageObject\",\"inLanguage\":\"ru-RU\",\"@id\":\"https:\/\/denizcankizil.tr\/de\/#\/schema\/logo\/image\/\",\"url\":\"https:\/\/denizcankizil.tr\/wp-content\/uploads\/2024\/10\/siyah-logo-svg.svg\",\"contentUrl\":\"https:\/\/denizcankizil.tr\/wp-content\/uploads\/2024\/10\/siyah-logo-svg.svg\",\"width\":1080,\"height\":1080,\"caption\":\"Av. Deniz Can K\u0131z\u0131l\"},\"image\":{\"@id\":\"https:\/\/denizcankizil.tr\/de\/#\/schema\/logo\/image\/\"}},{\"@type\":\"Person\",\"@id\":\"https:\/\/denizcankizil.tr\/de\/#\/schema\/person\/5dc1b22991bd7ac833867c10afc9b0ff\",\"name\":\"Av. Deniz Can K\u0131z\u0131l\",\"image\":{\"@type\":\"ImageObject\",\"inLanguage\":\"ru-RU\",\"@id\":\"https:\/\/denizcankizil.tr\/de\/#\/schema\/person\/image\/\",\"url\":\"https:\/\/secure.gravatar.com\/avatar\/a0b128fb9855c79efc976d5640eedb31dc35ec297594d6016d2cf7c60e975bb6?s=96&d=mm&r=g\",\"contentUrl\":\"https:\/\/secure.gravatar.com\/avatar\/a0b128fb9855c79efc976d5640eedb31dc35ec297594d6016d2cf7c60e975bb6?s=96&d=mm&r=g\",\"caption\":\"Av. Deniz Can K\u0131z\u0131l\"},\"sameAs\":[\"http:\/\/www.denizcankizil.tr\"],\"url\":\"https:\/\/denizcankizil.tr\/ru\/author\/denizcankizil\/\"}]}<\/script>\n<!-- \/ Yoast SEO Premium plugin. -->","yoast_head_json":{"title":"Mahsur kalan 3 ki\u015fiyi deniz polisi kurtard\u0131 - Av. Deniz Can K\u0131z\u0131l","robots":{"index":"index","follow":"follow","max-snippet":"max-snippet:-1","max-image-preview":"max-image-preview:large","max-video-preview":"max-video-preview:-1"},"canonical":"https:\/\/denizcankizil.tr\/ru\/haberler\/antalya\/mahsur-kalan-3-kisiyi-deniz-polisi-kurtardi\/","og_locale":"ru_RU","og_type":"article","og_title":"Mahsur kalan 3 ki\u015fiyi deniz polisi kurtard\u0131","og_description":"Olay, saat 14.30 s\u0131ralar\u0131nda Konyaalt\u0131 il\u00e7esi Konyaalt\u0131 Sahili a\u00e7\u0131klar\u0131nda meydana geldi. Bal\u0131k\u00e7\u0131 Bar\u0131na\u011f\u0131\u2019ndan motorbotla denize a\u00e7\u0131lan 3 ki\u015fi bir s\u00fcre denizde vakit ge\u00e7irdikten sonra Kalei\u00e7i Yat Liman\u0131\u2019na gitmek i\u00e7in hareket etti. Konyaalt\u0131 Sahili a\u00e7\u0131klar\u0131na geldiklerinde motorbotta meydana gelen ar\u0131za nedeniyle tekne hareketsiz kald\u0131. Kendi \u00e7abalar\u0131 ile tekneyi yeniden \u00e7al\u0131\u015ft\u0131rmaya \u00e7al\u0131\u015fan 3 ki\u015fi ba\u015far\u0131s\u0131z olunca 112 Acil \u00c7a\u011fr\u0131 Merkezi\u2019ni arayarak yard\u0131m istedi. \u0130hbar \u00fczerine b\u00f6lgeye Antalya Emniyet M\u00fcd\u00fcrl\u00fc\u011f\u00fc Deniz Liman \u015eube M\u00fcd\u00fcrl\u00fc\u011f\u00fc\u2019ne ba\u011fl\u0131 ekip sevk edildi. Bot ve jet ski ile belirtilen b\u00f6lgeye gelen deniz polisi motorbotta bulunan 3 ki\u015fiyi kendi botlar\u0131na alarak Antalya Yat Liman\u0131\u2019na getirdi. Karaya ayak basan 3 ki\u015fi i\u015flemlerinin ard\u0131ndan yat liman\u0131ndan ayr\u0131ld\u0131. Kaynak: www.kanalv.com.tr Haber Sitesinden Al\u0131nm\u0131\u015ft\u0131r.","og_url":"https:\/\/denizcankizil.tr\/ru\/haberler\/antalya\/mahsur-kalan-3-kisiyi-deniz-polisi-kurtardi\/","og_site_name":"Av. Deniz Can K\u0131z\u0131l","article_published_time":"2025-05-02T14:41:14+00:00","og_image":[{"width":1280,"height":720,"url":"https:\/\/denizcankizil.tr\/wp-content\/uploads\/2025\/05\/6129-01-WTPICo.jpg","type":"image\/jpeg"}],"author":"Av. Deniz Can K\u0131z\u0131l","twitter_card":"summary_large_image","twitter_misc":{"\u041d\u0430\u043f\u0438\u0441\u0430\u043d\u043e \u0430\u0432\u0442\u043e\u0440\u043e\u043c":"Av. Deniz Can K\u0131z\u0131l","\u041f\u0440\u0438\u043c\u0435\u0440\u043d\u043e\u0435 \u0432\u0440\u0435\u043c\u044f \u0434\u043b\u044f \u0447\u0442\u0435\u043d\u0438\u044f":"1 \u043c\u0438\u043d\u0443\u0442\u0430"},"schema":{"@context":"https:\/\/schema.org","@graph":[{"@type":"Article","@id":"https:\/\/denizcankizil.tr\/ru\/haberler\/antalya\/mahsur-kalan-3-kisiyi-deniz-polisi-kurtardi\/#article","isPartOf":{"@id":"https:\/\/denizcankizil.tr\/ru\/haberler\/antalya\/mahsur-kalan-3-kisiyi-deniz-polisi-kurtardi\/"},"author":{"name":"Av. Deniz Can K\u0131z\u0131l","@id":"https:\/\/denizcankizil.tr\/de\/#\/schema\/person\/5dc1b22991bd7ac833867c10afc9b0ff"},"headline":"Mahsur kalan 3 ki\u015fiyi deniz polisi kurtard\u0131","datePublished":"2025-05-02T14:41:14+00:00","mainEntityOfPage":{"@id":"https:\/\/denizcankizil.tr\/ru\/haberler\/antalya\/mahsur-kalan-3-kisiyi-deniz-polisi-kurtardi\/"},"wordCount":162,"publisher":{"@id":"https:\/\/denizcankizil.tr\/de\/#organization"},"image":{"@id":"https:\/\/denizcankizil.tr\/ru\/haberler\/antalya\/mahsur-kalan-3-kisiyi-deniz-polisi-kurtardi\/#primaryimage"},"thumbnailUrl":"https:\/\/denizcankizil.tr\/wp-content\/uploads\/2025\/05\/6129-01-WTPICo.jpg","articleSection":["Antalya"],"inLanguage":"ru-RU"},{"@type":"WebPage","@id":"https:\/\/denizcankizil.tr\/ru\/haberler\/antalya\/mahsur-kalan-3-kisiyi-deniz-polisi-kurtardi\/","url":"https:\/\/denizcankizil.tr\/ru\/haberler\/antalya\/mahsur-kalan-3-kisiyi-deniz-polisi-kurtardi\/","name":"Mahsur kalan 3 ki\u015fiyi deniz polisi kurtard\u0131 - Av. Deniz Can K\u0131z\u0131l","isPartOf":{"@id":"https:\/\/denizcankizil.tr\/de\/#website"},"primaryImageOfPage":{"@id":"https:\/\/denizcankizil.tr\/ru\/haberler\/antalya\/mahsur-kalan-3-kisiyi-deniz-polisi-kurtardi\/#primaryimage"},"image":{"@id":"https:\/\/denizcankizil.tr\/ru\/haberler\/antalya\/mahsur-kalan-3-kisiyi-deniz-polisi-kurtardi\/#primaryimage"},"thumbnailUrl":"https:\/\/denizcankizil.tr\/wp-content\/uploads\/2025\/05\/6129-01-WTPICo.jpg","datePublished":"2025-05-02T14:41:14+00:00","breadcrumb":{"@id":"https:\/\/denizcankizil.tr\/ru\/haberler\/antalya\/mahsur-kalan-3-kisiyi-deniz-polisi-kurtardi\/#breadcrumb"},"inLanguage":"ru-RU","potentialAction":[{"@type":"ReadAction","target":["https:\/\/denizcankizil.tr\/ru\/haberler\/antalya\/mahsur-kalan-3-kisiyi-deniz-polisi-kurtardi\/"]}]},{"@type":"ImageObject","inLanguage":"ru-RU","@id":"https:\/\/denizcankizil.tr\/ru\/haberler\/antalya\/mahsur-kalan-3-kisiyi-deniz-polisi-kurtardi\/#primaryimage","url":"https:\/\/denizcankizil.tr\/wp-content\/uploads\/2025\/05\/6129-01-WTPICo.jpg","contentUrl":"https:\/\/denizcankizil.tr\/wp-content\/uploads\/2025\/05\/6129-01-WTPICo.jpg","width":1280,"height":720},{"@type":"BreadcrumbList","@id":"https:\/\/denizcankizil.tr\/ru\/haberler\/antalya\/mahsur-kalan-3-kisiyi-deniz-polisi-kurtardi\/#breadcrumb","itemListElement":[{"@type":"ListItem","position":1,"name":"Home","item":"https:\/\/denizcankizil.tr\/de\/"},{"@type":"ListItem","position":2,"name":"Mahsur kalan 3 ki\u015fiyi deniz polisi kurtard\u0131"}]},{"@type":"WebSite","@id":"https:\/\/denizcankizil.tr\/de\/#website","url":"https:\/\/denizcankizil.tr\/de\/","name":"Av. Deniz Can K\u0131z\u0131l","description":"Avukat Deniz Can K\u0131z\u0131l Antalya Barosu","publisher":{"@id":"https:\/\/denizcankizil.tr\/de\/#organization"},"potentialAction":[{"@type":"SearchAction","target":{"@type":"EntryPoint","urlTemplate":"https:\/\/denizcankizil.tr\/de\/?s={search_term_string}"},"query-input":{"@type":"PropertyValueSpecification","valueRequired":true,"valueName":"search_term_string"}}],"inLanguage":"ru-RU"},{"@type":"Organization","@id":"https:\/\/denizcankizil.tr\/de\/#organization","name":"Av. Deniz Can K\u0131z\u0131l","url":"https:\/\/denizcankizil.tr\/de\/","logo":{"@type":"ImageObject","inLanguage":"ru-RU","@id":"https:\/\/denizcankizil.tr\/de\/#\/schema\/logo\/image\/","url":"https:\/\/denizcankizil.tr\/wp-content\/uploads\/2024\/10\/siyah-logo-svg.svg","contentUrl":"https:\/\/denizcankizil.tr\/wp-content\/uploads\/2024\/10\/siyah-logo-svg.svg","width":1080,"height":1080,"caption":"Av. Deniz Can K\u0131z\u0131l"},"image":{"@id":"https:\/\/denizcankizil.tr\/de\/#\/schema\/logo\/image\/"}},{"@type":"Person","@id":"https:\/\/denizcankizil.tr\/de\/#\/schema\/person\/5dc1b22991bd7ac833867c10afc9b0ff","name":"Av. Deniz Can K\u0131z\u0131l","image":{"@type":"ImageObject","inLanguage":"ru-RU","@id":"https:\/\/denizcankizil.tr\/de\/#\/schema\/person\/image\/","url":"https:\/\/secure.gravatar.com\/avatar\/a0b128fb9855c79efc976d5640eedb31dc35ec297594d6016d2cf7c60e975bb6?s=96&d=mm&r=g","contentUrl":"https:\/\/secure.gravatar.com\/avatar\/a0b128fb9855c79efc976d5640eedb31dc35ec297594d6016d2cf7c60e975bb6?s=96&d=mm&r=g","caption":"Av. Deniz Can K\u0131z\u0131l"},"sameAs":["http:\/\/www.denizcankizil.tr"],"url":"https:\/\/denizcankizil.tr\/ru\/author\/denizcankizil\/"}]}},"_links":{"self":[{"href":"https:\/\/denizcankizil.tr\/ru\/wp-json\/wp\/v2\/posts\/73799","targetHints":{"allow":["GET"]}}],"collection":[{"href":"https:\/\/denizcankizil.tr\/ru\/wp-json\/wp\/v2\/posts"}],"about":[{"href":"https:\/\/denizcankizil.tr\/ru\/wp-json\/wp\/v2\/types\/post"}],"author":[{"embeddable":true,"href":"https:\/\/denizcankizil.tr\/ru\/wp-json\/wp\/v2\/users\/4"}],"replies":[{"embeddable":true,"href":"https:\/\/denizcankizil.tr\/ru\/wp-json\/wp\/v2\/comments?post=73799"}],"version-history":[{"count":0,"href":"https:\/\/denizcankizil.tr\/ru\/wp-json\/wp\/v2\/posts\/73799\/revisions"}],"wp:featuredmedia":[{"embeddable":true,"href":"https:\/\/denizcankizil.tr\/ru\/wp-json\/wp\/v2\/media\/73800"}],"wp:attachment":[{"href":"https:\/\/denizcankizil.tr\/ru\/wp-json\/wp\/v2\/media?parent=73799"}],"wp:term":[{"taxonomy":"category","embeddable":true,"href":"https:\/\/denizcankizil.tr\/ru\/wp-json\/wp\/v2\/categories?post=73799"},{"taxonomy":"post_tag","embeddable":true,"href":"https:\/\/denizcankizil.tr\/ru\/wp-json\/wp\/v2\/tags?post=73799"}],"curies":[{"name":"wp","href":"https:\/\/api.w.org\/{rel}","templated":true}]}}