{"id":73451,"date":"2025-05-02T10:42:31","date_gmt":"2025-05-02T07:42:31","guid":{"rendered":"https:\/\/denizcankizil.tr\/uncategorized-tr\/selahattin-tonguctan-onemli-aciklamalar-antalya-satilik-degildir\/"},"modified":"2025-05-02T10:42:31","modified_gmt":"2025-05-02T07:42:31","slug":"selahattin-tonguctan-onemli-aciklamalar-antalya-satilik-degildir","status":"publish","type":"post","link":"https:\/\/denizcankizil.tr\/ru\/haberler\/gundem\/selahattin-tonguctan-onemli-aciklamalar-antalya-satilik-degildir\/","title":{"rendered":"Selahattin Tongu\u00e7&#8217;tan \u00f6nemli a\u00e7\u0131klamalar: &#8220;Antalya sat\u0131l\u0131k de\u011fildir&#8221;"},"content":{"rendered":"<p>Antalya\u2019n\u0131n efsanele\u015fmi\u015f Belediye Ba\u015fkan\u0131 Selahattin Tongu\u00e7\u2019la r\u00f6portaj yapan Gazeteci U\u011fur D\u00fcndar, Tongu\u00e7\u2019un Antalyal\u0131lardan \u015fehrin k\u0131y\u0131lar\u0131nda at\u0131lan ad\u0131mlar kar\u015f\u0131s\u0131nda sessiz kal\u0131nmas\u0131n\u0131 istedi\u011fini dile getirdi. Tongu\u00e7\u2019un halk\u00e7\u0131 belediye ba\u015fkan\u0131 olarak Antalya\u2019da \u00f6nemli \u00e7al\u0131\u015fmalara imza att\u0131\u011f\u0131n\u0131 ve \u015fehrin do\u011fal halinin korundu\u011funu anlatan D\u00fcndar, \u00e7arp\u0131c\u0131 r\u00f6portaj\u0131 k\u00f6\u015fesine ta\u015f\u0131d\u0131. Deneyimli Gazeteci U\u011fur D\u00fcndar, Kepez Kitap Fuar\u0131 kapsam\u0131nda yar\u0131n Antalya\u2019da olacak ve imza g\u00fcn\u00fc ve s\u00f6yle\u015fisine kat\u0131lacak.<\/p>\n<p>&#8220;RANTA TESL\u0130M ETM\u0130YORUZ&#8230;&#8221;<\/p>\n<p>Antalya\u2019da 1973-1980 y\u0131llar\u0131 aras\u0131nda belediye ba\u015fkanl\u0131\u011f\u0131 yapan Selahattin Tongu\u00e7, deneyimli gazeteci U\u011fur D\u00fcndar\u2019\u0131n sorular\u0131n\u0131 yan\u0131tlad\u0131. D\u00fcndar o r\u00f6portaj\u0131n detaylar\u0131n\u0131 k\u00f6\u015fe yaz\u0131s\u0131na ta\u015f\u0131d\u0131. R\u00f6portajda Antalya\u2019y\u0131 ranta teslim etmeyeceklerini dile getiren Tongu\u00e7, &#8220;T\u00fcrkiye&#8217;de Do\u011fal Sit Alanlar\u0131 birer birer &#8216;Kesin Korunacak Hassas Alana d\u00fc\u015f\u00fcr\u00fcl\u00fcyor. Antalya&#8217;n\u0131n yal\u0131yarlar\u0131; falezler de Resmi Gazetede yay\u0131nlanan bir stat\u00fc de\u011fi\u015fikli\u011fiyle tehdit alt\u0131nda! Ger\u00e7ekte &#8216;Kesinlikle Korunmayacak Hassas Alan&#8217; anlam\u0131na gelen bu de\u011fi\u015fiklik, 630 kilometre alan\u0131 kaplayan, ortalama 250m kal\u0131nl\u0131\u011f\u0131ndaki travertenleri tehlikeye at\u0131yor. \u00d6rne\u011fin Konyaalt\u0131 Caddesi boyunca 1974&#8217;te kamula\u015ft\u0131r\u0131lan, 1980&#8217;de Do\u011fal Koruma Alan\u0131 ilan edilen Atat\u00fcrk Park\u0131n\u0131 ve yal\u0131yarlar\u0131m\u0131z\u0131 ranta teslim etmiyoruz&#8221; dedi.<\/p>\n<p>&#8220;ANTALYA, E\u015eS\u0130Z B\u0130R KOLEKS\u0130YONA SAH\u0130P&#8221;<\/p>\n<p>Tongu\u00e7 a\u00e7\u0131klamalar\u0131nda, &#8220;Phaselis, Antalya Lisesi, Kalei\u00e7i, Konyaalt\u0131, yal\u0131yarlar\u0131m\u0131z, Antalya Ovas\u0131, Lara Kumul Alanlar\u0131, Vak\u0131f \u00c7iftli\u011fi, Masada\u011f\u0131 Ma\u011faralar\u0131, Konyaalt\u0131 Obruklar\u0131 ve nihayet Antalya M\u00fczesi rant tehdidi alt\u0131ndad\u0131r! Antalya M\u00fczesi, &#8220;kesintisiz insan yerle\u015fimi a\u00e7\u0131s\u0131ndan d\u00fcnyan\u0131n en \u00f6nemli yerlerinden biri olan Karain Ma\u011faras\u0131&#8217;na ait, 500 bin y\u0131ll\u0131k insan ya\u015fam\u0131n\u0131n izlerini ta\u015f\u0131yan, Paleolitik \u00c7a\u011f&#8217;dan Do\u011fu Roma&#8217;ya eserlerle T\u00fcrkiye&#8217;nin en eski tarihsel kesitini belgeleyen e\u015fsiz bir koleksiyondur. Antalya M\u00fczesi, Likya, Pamfilya ve Pisidya uygarl\u0131klar\u0131na ait eserler ve Perge&#8217;den getirilen heykellerle, b\u00f6lgenin k\u00fclt\u00fcrel s\u00fcreklili\u011fini temsil eden paha bi\u00e7ilemez bir kaynakt\u0131r. 103 y\u0131ll\u0131k bu koleksiyon, d\u00fcnyan\u0131n en b\u00fcy\u00fck k\u00fclt\u00fcrel miraslar\u0131ndan biridir. Bu m\u00fcze sadece bina de\u011fil, kent haf\u0131zas\u0131n\u0131n ta\u015f\u0131y\u0131c\u0131s\u0131d\u0131r. &#8216;Yenileme&#8217; ad\u0131 alt\u0131ndaki projeler, tarihi yap\u0131lar\u0131n \u00f6zg\u00fcnl\u00fc\u011f\u00fcn\u00fc yok eden m\u00fcdahalelerdir. Her &#8216;yenileme&#8217;, ge\u00e7mi\u015fle ba\u011f\u0131m\u0131z\u0131 zay\u0131flatan bir silme eylemidir&#8221; \u015feklinde a\u00e7\u0131klamalarda bulundu.<\/p>\n<p>&#8220;ANTALYA\u2019YI S\u0130ZE B\u00d6YLE BIRAKMADIK!&#8221;<\/p>\n<p>&#8220;1980 Antalya Kenti \u0130mar Plan\u0131&#8217;nda, Sansu \u00c7ay\u0131&#8217;ndan Kundu \u00e7ay\u0131na kadar olan alan yani Antalya kentinin k\u0131y\u0131 band\u0131 do\u011fal koruma alan\u0131 ilan edilmi\u015ftir. 1980 Antalya Kenti \u0130mar Plan\u0131&#8217;na &#8216;K\u0131y\u0131lar\u0131n ve sulak alanlar\u0131n 100-500 metre yak\u0131n\u0131na imar yap\u0131lamaz&#8217; maddesi eklenmi\u015ftir&#8221; \u015feklinde s\u00f6zlerini s\u00fcrd\u00fcren Tongu\u00e7, &#8220;Antalya Belediyesi, K\u0131y\u0131 Koruma Kanunu&#8217;nu bir kent imar plan\u0131na katan ilk belediye olmu\u015ftur. Bug\u00fcn soluk alabildi\u011fimiz ortamlar; devasa kent parklar\u0131, 6 \u015feritli bulvarlar, 1977-1980 aras\u0131 yo\u011fun \u00e7abayla \u00e7al\u0131\u015fan d\u00fcnyan\u0131n en iyi uzmanlar\u0131n\u0131n, bizim \u015fehir planc\u0131lar\u0131m\u0131z\u0131n yapt\u0131\u011f\u0131 &#8216;1980 Antalya Kent \u0130mar Plan\u0131&#8217;n\u0131n sonucudur. 1973-1980 aras\u0131 Antalya Belediye Ba\u015fkanl\u0131\u011f\u0131 yapm\u0131\u015f ve 1980 Askeri Darbesiyle zorla g\u00f6revden al\u0131nan binlerce se\u00e7ilmi\u015ften biri olarak an\u0131msatmak isterim ki, bizlere bu \u00fclkeyi de y\u00f6netim adab\u0131n\u0131 da b\u00f6yle b\u0131rakmad\u0131k sizlere&#8230;&#8221; dedi. Tongu\u00e7, D\u00fcndar\u2019a a\u00e7\u0131klamalar\u0131n\u0131 \u015fu \u015fekilde s\u00fcrd\u00fcrd\u00fc:<\/p>\n<p>\u201cBu ak\u0131l d\u0131\u015f\u0131l\u0131\u011f\u0131 ya\u015fam\u0131m\u0131zdan def etmek birincil g\u00f6revimizdir! Geri ad\u0131m atarsan, sessiz kal\u0131rsan bu bir ba\u015flang\u0131\u00e7 olacak! S\u0131ra daha c\u00fcretk\u00e2r bi\u00e7imde yaylalar\u0131na, da\u011flar\u0131na, ovalar\u0131na, masmavi denizine ve i\u00e7ti\u011fin sulara gelecek. Zorbalar\u0131n rant\u0131na s\u00f6z\u00fc yetmeyen do\u011fan\u0131n da hat\u0131r\u0131na! Cumhuriyet&#8217;i kuranlar\u0131n hat\u0131r\u0131na! Halka sormadan bu denli c\u00fcretk\u00e5r kararlar alanlara haddini bildir.\u201d<\/p>\n<p>\u200bUsta gazeteci U\u011fur D\u00fcndar, bug\u00fcn k\u00f6\u015fe yaz\u0131s\u0131na Antalya\u2019y\u0131 ta\u015f\u0131d\u0131. Antalya M\u00fczesi\u2019nden k\u0131y\u0131lar\u0131na kadar bir\u00e7ok konuya de\u011finen D\u00fcndar, Selahattin Tongu\u00e7\u2019un, &#8220;Antalya sat\u0131l\u0131k de\u011fildir. Herkesi Antalya k\u0131y\u0131lar\u0131na ve m\u00fczesine sahip \u00e7\u0131kmaya davet ediyorum&#8221; ifadelerine k\u00f6\u015fesinde yer verdi.\u00a0<\/p>\n<p>\u200bHaberin Al\u0131nt\u0131land\u0131\u011f\u0131 Kaynak: www.antalyakorfez.com<\/p>","protected":false},"excerpt":{"rendered":"<p>Antalya\u2019n\u0131n efsanele\u015fmi\u015f Belediye Ba\u015fkan\u0131 Selahattin Tongu\u00e7\u2019la r\u00f6portaj yapan Gazeteci U\u011fur D\u00fcndar, Tongu\u00e7\u2019un Antalyal\u0131lardan \u015fehrin k\u0131y\u0131lar\u0131nda at\u0131lan ad\u0131mlar kar\u015f\u0131s\u0131nda sessiz kal\u0131nmas\u0131n\u0131 istedi\u011fini dile getirdi. Tongu\u00e7\u2019un halk\u00e7\u0131 belediye ba\u015fkan\u0131 olarak Antalya\u2019da \u00f6nemli \u00e7al\u0131\u015fmalara imza att\u0131\u011f\u0131n\u0131 ve \u015fehrin do\u011fal halinin korundu\u011funu anlatan D\u00fcndar, \u00e7arp\u0131c\u0131 r\u00f6portaj\u0131 k\u00f6\u015fesine ta\u015f\u0131d\u0131. Deneyimli Gazeteci U\u011fur D\u00fcndar, Kepez Kitap Fuar\u0131 kapsam\u0131nda yar\u0131n Antalya\u2019da olacak ve imza g\u00fcn\u00fc ve s\u00f6yle\u015fisine kat\u0131lacak. &#8220;RANTA TESL\u0130M ETM\u0130YORUZ&#8230;&#8221; Antalya\u2019da 1973-1980 y\u0131llar\u0131 aras\u0131nda belediye ba\u015fkanl\u0131\u011f\u0131 yapan Selahattin Tongu\u00e7, deneyimli gazeteci U\u011fur D\u00fcndar\u2019\u0131n sorular\u0131n\u0131 yan\u0131tlad\u0131. D\u00fcndar o r\u00f6portaj\u0131n detaylar\u0131n\u0131 k\u00f6\u015fe yaz\u0131s\u0131na ta\u015f\u0131d\u0131. R\u00f6portajda Antalya\u2019y\u0131 ranta teslim etmeyeceklerini dile getiren Tongu\u00e7, &#8220;T\u00fcrkiye&#8217;de Do\u011fal Sit Alanlar\u0131 birer birer &#8216;Kesin Korunacak Hassas Alana d\u00fc\u015f\u00fcr\u00fcl\u00fcyor. Antalya&#8217;n\u0131n yal\u0131yarlar\u0131; falezler de Resmi Gazetede yay\u0131nlanan bir stat\u00fc de\u011fi\u015fikli\u011fiyle tehdit alt\u0131nda! Ger\u00e7ekte &#8216;Kesinlikle Korunmayacak Hassas Alan&#8217; anlam\u0131na gelen bu de\u011fi\u015fiklik, 630 kilometre alan\u0131 kaplayan, ortalama 250m kal\u0131nl\u0131\u011f\u0131ndaki travertenleri tehlikeye at\u0131yor. \u00d6rne\u011fin Konyaalt\u0131 Caddesi boyunca 1974&#8217;te kamula\u015ft\u0131r\u0131lan, 1980&#8217;de Do\u011fal Koruma Alan\u0131 ilan edilen Atat\u00fcrk Park\u0131n\u0131 ve yal\u0131yarlar\u0131m\u0131z\u0131 ranta teslim etmiyoruz&#8221; dedi. &#8220;ANTALYA, E\u015eS\u0130Z B\u0130R KOLEKS\u0130YONA SAH\u0130P&#8221; Tongu\u00e7 a\u00e7\u0131klamalar\u0131nda, &#8220;Phaselis, Antalya Lisesi, Kalei\u00e7i, Konyaalt\u0131, yal\u0131yarlar\u0131m\u0131z, Antalya Ovas\u0131, Lara Kumul Alanlar\u0131, Vak\u0131f \u00c7iftli\u011fi, Masada\u011f\u0131 Ma\u011faralar\u0131, Konyaalt\u0131 Obruklar\u0131 ve nihayet Antalya M\u00fczesi rant tehdidi alt\u0131ndad\u0131r! Antalya M\u00fczesi, &#8220;kesintisiz insan yerle\u015fimi a\u00e7\u0131s\u0131ndan d\u00fcnyan\u0131n en \u00f6nemli yerlerinden biri olan Karain &hellip;<\/p>","protected":false},"author":5,"featured_media":0,"comment_status":"","ping_status":"open","sticky":false,"template":"","format":"standard","meta":{"_acf_changed":false,"footnotes":""},"categories":[24],"tags":[],"class_list":["post-73451","post","type-post","status-publish","format-standard","has-post-thumbnail","hentry","category-gundem"],"acf":[],"yoast_head":"<!-- This site is optimized with the Yoast SEO Premium plugin v26.6 (Yoast SEO v27.1.1) - https:\/\/yoast.com\/product\/yoast-seo-premium-wordpress\/ -->\n<title>Selahattin Tongu\u00e7&#039;tan \u00f6nemli a\u00e7\u0131klamalar: &quot;Antalya sat\u0131l\u0131k de\u011fildir&quot; - Av. Deniz Can K\u0131z\u0131l<\/title>\n<meta name=\"robots\" content=\"index, follow, max-snippet:-1, max-image-preview:large, max-video-preview:-1\" \/>\n<link rel=\"canonical\" href=\"https:\/\/denizcankizil.tr\/ru\/haberler\/gundem\/selahattin-tonguctan-onemli-aciklamalar-antalya-satilik-degildir\/\" \/>\n<meta property=\"og:locale\" content=\"ru_RU\" \/>\n<meta property=\"og:type\" content=\"article\" \/>\n<meta property=\"og:title\" content=\"Selahattin Tongu\u00e7&#039;tan \u00f6nemli a\u00e7\u0131klamalar: &quot;Antalya sat\u0131l\u0131k de\u011fildir&quot;\" \/>\n<meta property=\"og:description\" content=\"Antalya\u2019n\u0131n efsanele\u015fmi\u015f Belediye Ba\u015fkan\u0131 Selahattin Tongu\u00e7\u2019la r\u00f6portaj yapan Gazeteci U\u011fur D\u00fcndar, Tongu\u00e7\u2019un Antalyal\u0131lardan \u015fehrin k\u0131y\u0131lar\u0131nda at\u0131lan ad\u0131mlar kar\u015f\u0131s\u0131nda sessiz kal\u0131nmas\u0131n\u0131 istedi\u011fini dile getirdi. Tongu\u00e7\u2019un halk\u00e7\u0131 belediye ba\u015fkan\u0131 olarak Antalya\u2019da \u00f6nemli \u00e7al\u0131\u015fmalara imza att\u0131\u011f\u0131n\u0131 ve \u015fehrin do\u011fal halinin korundu\u011funu anlatan D\u00fcndar, \u00e7arp\u0131c\u0131 r\u00f6portaj\u0131 k\u00f6\u015fesine ta\u015f\u0131d\u0131. Deneyimli Gazeteci U\u011fur D\u00fcndar, Kepez Kitap Fuar\u0131 kapsam\u0131nda yar\u0131n Antalya\u2019da olacak ve imza g\u00fcn\u00fc ve s\u00f6yle\u015fisine kat\u0131lacak. &#8220;RANTA TESL\u0130M ETM\u0130YORUZ&#8230;&#8221; Antalya\u2019da 1973-1980 y\u0131llar\u0131 aras\u0131nda belediye ba\u015fkanl\u0131\u011f\u0131 yapan Selahattin Tongu\u00e7, deneyimli gazeteci U\u011fur D\u00fcndar\u2019\u0131n sorular\u0131n\u0131 yan\u0131tlad\u0131. D\u00fcndar o r\u00f6portaj\u0131n detaylar\u0131n\u0131 k\u00f6\u015fe yaz\u0131s\u0131na ta\u015f\u0131d\u0131. R\u00f6portajda Antalya\u2019y\u0131 ranta teslim etmeyeceklerini dile getiren Tongu\u00e7, &#8220;T\u00fcrkiye&#8217;de Do\u011fal Sit Alanlar\u0131 birer birer &#8216;Kesin Korunacak Hassas Alana d\u00fc\u015f\u00fcr\u00fcl\u00fcyor. Antalya&#8217;n\u0131n yal\u0131yarlar\u0131; falezler de Resmi Gazetede yay\u0131nlanan bir stat\u00fc de\u011fi\u015fikli\u011fiyle tehdit alt\u0131nda! Ger\u00e7ekte &#8216;Kesinlikle Korunmayacak Hassas Alan&#8217; anlam\u0131na gelen bu de\u011fi\u015fiklik, 630 kilometre alan\u0131 kaplayan, ortalama 250m kal\u0131nl\u0131\u011f\u0131ndaki travertenleri tehlikeye at\u0131yor. \u00d6rne\u011fin Konyaalt\u0131 Caddesi boyunca 1974&#8217;te kamula\u015ft\u0131r\u0131lan, 1980&#8217;de Do\u011fal Koruma Alan\u0131 ilan edilen Atat\u00fcrk Park\u0131n\u0131 ve yal\u0131yarlar\u0131m\u0131z\u0131 ranta teslim etmiyoruz&#8221; dedi. &#8220;ANTALYA, E\u015eS\u0130Z B\u0130R KOLEKS\u0130YONA SAH\u0130P&#8221; Tongu\u00e7 a\u00e7\u0131klamalar\u0131nda, &#8220;Phaselis, Antalya Lisesi, Kalei\u00e7i, Konyaalt\u0131, yal\u0131yarlar\u0131m\u0131z, Antalya Ovas\u0131, Lara Kumul Alanlar\u0131, Vak\u0131f \u00c7iftli\u011fi, Masada\u011f\u0131 Ma\u011faralar\u0131, Konyaalt\u0131 Obruklar\u0131 ve nihayet Antalya M\u00fczesi rant tehdidi alt\u0131ndad\u0131r! Antalya M\u00fczesi, &#8220;kesintisiz insan yerle\u015fimi a\u00e7\u0131s\u0131ndan d\u00fcnyan\u0131n en \u00f6nemli yerlerinden biri olan Karain &hellip;\" \/>\n<meta property=\"og:url\" content=\"https:\/\/denizcankizil.tr\/ru\/haberler\/gundem\/selahattin-tonguctan-onemli-aciklamalar-antalya-satilik-degildir\/\" \/>\n<meta property=\"og:site_name\" content=\"Av. Deniz Can K\u0131z\u0131l\" \/>\n<meta property=\"article:published_time\" content=\"2025-05-02T07:42:31+00:00\" \/>\n<meta name=\"author\" content=\"Antalya K\u00f6rfez\" \/>\n<meta name=\"twitter:card\" content=\"summary_large_image\" \/>\n<meta name=\"twitter:label1\" content=\"\u041d\u0430\u043f\u0438\u0441\u0430\u043d\u043e \u0430\u0432\u0442\u043e\u0440\u043e\u043c\" \/>\n\t<meta name=\"twitter:data1\" content=\"Antalya K\u00f6rfez\" \/>\n\t<meta name=\"twitter:label2\" content=\"\u041f\u0440\u0438\u043c\u0435\u0440\u043d\u043e\u0435 \u0432\u0440\u0435\u043c\u044f \u0434\u043b\u044f \u0447\u0442\u0435\u043d\u0438\u044f\" \/>\n\t<meta name=\"twitter:data2\" content=\"4 \u043c\u0438\u043d\u0443\u0442\u044b\" \/>\n<script type=\"application\/ld+json\" class=\"yoast-schema-graph\">{\"@context\":\"https:\/\/schema.org\",\"@graph\":[{\"@type\":\"Article\",\"@id\":\"https:\/\/denizcankizil.tr\/uk\/haberler\/gundem\/selahattin-tonguctan-onemli-aciklamalar-antalya-satilik-degildir\/#article\",\"isPartOf\":{\"@id\":\"https:\/\/denizcankizil.tr\/uk\/haberler\/gundem\/selahattin-tonguctan-onemli-aciklamalar-antalya-satilik-degildir\/\"},\"author\":{\"name\":\"Antalya K\u00f6rfez\",\"@id\":\"https:\/\/denizcankizil.tr\/de\/#\/schema\/person\/e1eb71bb4dd684d46563f0af307e1234\"},\"headline\":\"Selahattin Tongu\u00e7&#8217;tan \u00f6nemli a\u00e7\u0131klamalar: &#8220;Antalya sat\u0131l\u0131k de\u011fildir&#8221;\",\"datePublished\":\"2025-05-02T07:42:31+00:00\",\"mainEntityOfPage\":{\"@id\":\"https:\/\/denizcankizil.tr\/uk\/haberler\/gundem\/selahattin-tonguctan-onemli-aciklamalar-antalya-satilik-degildir\/\"},\"wordCount\":790,\"publisher\":{\"@id\":\"https:\/\/denizcankizil.tr\/de\/#organization\"},\"articleSection\":[\"G\u00fcndem\"],\"inLanguage\":\"ru-RU\"},{\"@type\":\"WebPage\",\"@id\":\"https:\/\/denizcankizil.tr\/uk\/haberler\/gundem\/selahattin-tonguctan-onemli-aciklamalar-antalya-satilik-degildir\/\",\"url\":\"https:\/\/denizcankizil.tr\/uk\/haberler\/gundem\/selahattin-tonguctan-onemli-aciklamalar-antalya-satilik-degildir\/\",\"name\":\"Selahattin Tongu\u00e7'tan \u00f6nemli a\u00e7\u0131klamalar: \\\"Antalya sat\u0131l\u0131k de\u011fildir\\\" - Av. Deniz Can K\u0131z\u0131l\",\"isPartOf\":{\"@id\":\"https:\/\/denizcankizil.tr\/de\/#website\"},\"datePublished\":\"2025-05-02T07:42:31+00:00\",\"breadcrumb\":{\"@id\":\"https:\/\/denizcankizil.tr\/uk\/haberler\/gundem\/selahattin-tonguctan-onemli-aciklamalar-antalya-satilik-degildir\/#breadcrumb\"},\"inLanguage\":\"ru-RU\",\"potentialAction\":[{\"@type\":\"ReadAction\",\"target\":[\"https:\/\/denizcankizil.tr\/uk\/haberler\/gundem\/selahattin-tonguctan-onemli-aciklamalar-antalya-satilik-degildir\/\"]}]},{\"@type\":\"BreadcrumbList\",\"@id\":\"https:\/\/denizcankizil.tr\/uk\/haberler\/gundem\/selahattin-tonguctan-onemli-aciklamalar-antalya-satilik-degildir\/#breadcrumb\",\"itemListElement\":[{\"@type\":\"ListItem\",\"position\":1,\"name\":\"Home\",\"item\":\"https:\/\/denizcankizil.tr\/de\/\"},{\"@type\":\"ListItem\",\"position\":2,\"name\":\"Selahattin Tongu\u00e7&#8217;tan \u00f6nemli a\u00e7\u0131klamalar: &#8220;Antalya sat\u0131l\u0131k de\u011fildir&#8221;\"}]},{\"@type\":\"WebSite\",\"@id\":\"https:\/\/denizcankizil.tr\/de\/#website\",\"url\":\"https:\/\/denizcankizil.tr\/de\/\",\"name\":\"Av. Deniz Can K\u0131z\u0131l\",\"description\":\"Avukat Deniz Can K\u0131z\u0131l Antalya Barosu\",\"publisher\":{\"@id\":\"https:\/\/denizcankizil.tr\/de\/#organization\"},\"potentialAction\":[{\"@type\":\"SearchAction\",\"target\":{\"@type\":\"EntryPoint\",\"urlTemplate\":\"https:\/\/denizcankizil.tr\/de\/?s={search_term_string}\"},\"query-input\":{\"@type\":\"PropertyValueSpecification\",\"valueRequired\":true,\"valueName\":\"search_term_string\"}}],\"inLanguage\":\"ru-RU\"},{\"@type\":\"Organization\",\"@id\":\"https:\/\/denizcankizil.tr\/de\/#organization\",\"name\":\"Av. Deniz Can K\u0131z\u0131l\",\"url\":\"https:\/\/denizcankizil.tr\/de\/\",\"logo\":{\"@type\":\"ImageObject\",\"inLanguage\":\"ru-RU\",\"@id\":\"https:\/\/denizcankizil.tr\/de\/#\/schema\/logo\/image\/\",\"url\":\"https:\/\/denizcankizil.tr\/wp-content\/uploads\/2024\/10\/siyah-logo-svg.svg\",\"contentUrl\":\"https:\/\/denizcankizil.tr\/wp-content\/uploads\/2024\/10\/siyah-logo-svg.svg\",\"width\":1080,\"height\":1080,\"caption\":\"Av. Deniz Can K\u0131z\u0131l\"},\"image\":{\"@id\":\"https:\/\/denizcankizil.tr\/de\/#\/schema\/logo\/image\/\"}},{\"@type\":\"Person\",\"@id\":\"https:\/\/denizcankizil.tr\/de\/#\/schema\/person\/e1eb71bb4dd684d46563f0af307e1234\",\"name\":\"Antalya K\u00f6rfez\",\"image\":{\"@type\":\"ImageObject\",\"inLanguage\":\"ru-RU\",\"@id\":\"https:\/\/denizcankizil.tr\/de\/#\/schema\/person\/image\/\",\"url\":\"https:\/\/secure.gravatar.com\/avatar\/42b01982558a48a0b501fdcab6a408d3717ea5919095ee2e67b0e521799c5905?s=96&d=mm&r=g\",\"contentUrl\":\"https:\/\/secure.gravatar.com\/avatar\/42b01982558a48a0b501fdcab6a408d3717ea5919095ee2e67b0e521799c5905?s=96&d=mm&r=g\",\"caption\":\"Antalya K\u00f6rfez\"},\"sameAs\":[\"http:\/\/www.antalyakorfez.com\"],\"url\":\"https:\/\/www.antalyakorfez.com\/selahattin-tonguctan-onemli-aciklamalar-antalya-satilik-degildir\"}]}<\/script>\n<!-- \/ Yoast SEO Premium plugin. -->","yoast_head_json":{"title":"Selahattin Tongu\u00e7'tan \u00f6nemli a\u00e7\u0131klamalar: \"Antalya sat\u0131l\u0131k de\u011fildir\" - Av. Deniz Can K\u0131z\u0131l","robots":{"index":"index","follow":"follow","max-snippet":"max-snippet:-1","max-image-preview":"max-image-preview:large","max-video-preview":"max-video-preview:-1"},"canonical":"https:\/\/denizcankizil.tr\/ru\/haberler\/gundem\/selahattin-tonguctan-onemli-aciklamalar-antalya-satilik-degildir\/","og_locale":"ru_RU","og_type":"article","og_title":"Selahattin Tongu\u00e7'tan \u00f6nemli a\u00e7\u0131klamalar: \"Antalya sat\u0131l\u0131k de\u011fildir\"","og_description":"Antalya\u2019n\u0131n efsanele\u015fmi\u015f Belediye Ba\u015fkan\u0131 Selahattin Tongu\u00e7\u2019la r\u00f6portaj yapan Gazeteci U\u011fur D\u00fcndar, Tongu\u00e7\u2019un Antalyal\u0131lardan \u015fehrin k\u0131y\u0131lar\u0131nda at\u0131lan ad\u0131mlar kar\u015f\u0131s\u0131nda sessiz kal\u0131nmas\u0131n\u0131 istedi\u011fini dile getirdi. Tongu\u00e7\u2019un halk\u00e7\u0131 belediye ba\u015fkan\u0131 olarak Antalya\u2019da \u00f6nemli \u00e7al\u0131\u015fmalara imza att\u0131\u011f\u0131n\u0131 ve \u015fehrin do\u011fal halinin korundu\u011funu anlatan D\u00fcndar, \u00e7arp\u0131c\u0131 r\u00f6portaj\u0131 k\u00f6\u015fesine ta\u015f\u0131d\u0131. Deneyimli Gazeteci U\u011fur D\u00fcndar, Kepez Kitap Fuar\u0131 kapsam\u0131nda yar\u0131n Antalya\u2019da olacak ve imza g\u00fcn\u00fc ve s\u00f6yle\u015fisine kat\u0131lacak. &#8220;RANTA TESL\u0130M ETM\u0130YORUZ&#8230;&#8221; Antalya\u2019da 1973-1980 y\u0131llar\u0131 aras\u0131nda belediye ba\u015fkanl\u0131\u011f\u0131 yapan Selahattin Tongu\u00e7, deneyimli gazeteci U\u011fur D\u00fcndar\u2019\u0131n sorular\u0131n\u0131 yan\u0131tlad\u0131. D\u00fcndar o r\u00f6portaj\u0131n detaylar\u0131n\u0131 k\u00f6\u015fe yaz\u0131s\u0131na ta\u015f\u0131d\u0131. R\u00f6portajda Antalya\u2019y\u0131 ranta teslim etmeyeceklerini dile getiren Tongu\u00e7, &#8220;T\u00fcrkiye&#8217;de Do\u011fal Sit Alanlar\u0131 birer birer &#8216;Kesin Korunacak Hassas Alana d\u00fc\u015f\u00fcr\u00fcl\u00fcyor. Antalya&#8217;n\u0131n yal\u0131yarlar\u0131; falezler de Resmi Gazetede yay\u0131nlanan bir stat\u00fc de\u011fi\u015fikli\u011fiyle tehdit alt\u0131nda! Ger\u00e7ekte &#8216;Kesinlikle Korunmayacak Hassas Alan&#8217; anlam\u0131na gelen bu de\u011fi\u015fiklik, 630 kilometre alan\u0131 kaplayan, ortalama 250m kal\u0131nl\u0131\u011f\u0131ndaki travertenleri tehlikeye at\u0131yor. \u00d6rne\u011fin Konyaalt\u0131 Caddesi boyunca 1974&#8217;te kamula\u015ft\u0131r\u0131lan, 1980&#8217;de Do\u011fal Koruma Alan\u0131 ilan edilen Atat\u00fcrk Park\u0131n\u0131 ve yal\u0131yarlar\u0131m\u0131z\u0131 ranta teslim etmiyoruz&#8221; dedi. &#8220;ANTALYA, E\u015eS\u0130Z B\u0130R KOLEKS\u0130YONA SAH\u0130P&#8221; Tongu\u00e7 a\u00e7\u0131klamalar\u0131nda, &#8220;Phaselis, Antalya Lisesi, Kalei\u00e7i, Konyaalt\u0131, yal\u0131yarlar\u0131m\u0131z, Antalya Ovas\u0131, Lara Kumul Alanlar\u0131, Vak\u0131f \u00c7iftli\u011fi, Masada\u011f\u0131 Ma\u011faralar\u0131, Konyaalt\u0131 Obruklar\u0131 ve nihayet Antalya M\u00fczesi rant tehdidi alt\u0131ndad\u0131r! Antalya M\u00fczesi, &#8220;kesintisiz insan yerle\u015fimi a\u00e7\u0131s\u0131ndan d\u00fcnyan\u0131n en \u00f6nemli yerlerinden biri olan Karain &hellip;","og_url":"https:\/\/denizcankizil.tr\/ru\/haberler\/gundem\/selahattin-tonguctan-onemli-aciklamalar-antalya-satilik-degildir\/","og_site_name":"Av. Deniz Can K\u0131z\u0131l","article_published_time":"2025-05-02T07:42:31+00:00","author":"Antalya K\u00f6rfez","twitter_card":"summary_large_image","twitter_misc":{"\u041d\u0430\u043f\u0438\u0441\u0430\u043d\u043e \u0430\u0432\u0442\u043e\u0440\u043e\u043c":"Antalya K\u00f6rfez","\u041f\u0440\u0438\u043c\u0435\u0440\u043d\u043e\u0435 \u0432\u0440\u0435\u043c\u044f \u0434\u043b\u044f \u0447\u0442\u0435\u043d\u0438\u044f":"4 \u043c\u0438\u043d\u0443\u0442\u044b"},"schema":{"@context":"https:\/\/schema.org","@graph":[{"@type":"Article","@id":"https:\/\/denizcankizil.tr\/uk\/haberler\/gundem\/selahattin-tonguctan-onemli-aciklamalar-antalya-satilik-degildir\/#article","isPartOf":{"@id":"https:\/\/denizcankizil.tr\/uk\/haberler\/gundem\/selahattin-tonguctan-onemli-aciklamalar-antalya-satilik-degildir\/"},"author":{"name":"Antalya K\u00f6rfez","@id":"https:\/\/denizcankizil.tr\/de\/#\/schema\/person\/e1eb71bb4dd684d46563f0af307e1234"},"headline":"Selahattin Tongu\u00e7&#8217;tan \u00f6nemli a\u00e7\u0131klamalar: &#8220;Antalya sat\u0131l\u0131k de\u011fildir&#8221;","datePublished":"2025-05-02T07:42:31+00:00","mainEntityOfPage":{"@id":"https:\/\/denizcankizil.tr\/uk\/haberler\/gundem\/selahattin-tonguctan-onemli-aciklamalar-antalya-satilik-degildir\/"},"wordCount":790,"publisher":{"@id":"https:\/\/denizcankizil.tr\/de\/#organization"},"articleSection":["G\u00fcndem"],"inLanguage":"ru-RU"},{"@type":"WebPage","@id":"https:\/\/denizcankizil.tr\/uk\/haberler\/gundem\/selahattin-tonguctan-onemli-aciklamalar-antalya-satilik-degildir\/","url":"https:\/\/denizcankizil.tr\/uk\/haberler\/gundem\/selahattin-tonguctan-onemli-aciklamalar-antalya-satilik-degildir\/","name":"Selahattin Tongu\u00e7'tan \u00f6nemli a\u00e7\u0131klamalar: \"Antalya sat\u0131l\u0131k de\u011fildir\" - Av. Deniz Can K\u0131z\u0131l","isPartOf":{"@id":"https:\/\/denizcankizil.tr\/de\/#website"},"datePublished":"2025-05-02T07:42:31+00:00","breadcrumb":{"@id":"https:\/\/denizcankizil.tr\/uk\/haberler\/gundem\/selahattin-tonguctan-onemli-aciklamalar-antalya-satilik-degildir\/#breadcrumb"},"inLanguage":"ru-RU","potentialAction":[{"@type":"ReadAction","target":["https:\/\/denizcankizil.tr\/uk\/haberler\/gundem\/selahattin-tonguctan-onemli-aciklamalar-antalya-satilik-degildir\/"]}]},{"@type":"BreadcrumbList","@id":"https:\/\/denizcankizil.tr\/uk\/haberler\/gundem\/selahattin-tonguctan-onemli-aciklamalar-antalya-satilik-degildir\/#breadcrumb","itemListElement":[{"@type":"ListItem","position":1,"name":"Home","item":"https:\/\/denizcankizil.tr\/de\/"},{"@type":"ListItem","position":2,"name":"Selahattin Tongu\u00e7&#8217;tan \u00f6nemli a\u00e7\u0131klamalar: &#8220;Antalya sat\u0131l\u0131k de\u011fildir&#8221;"}]},{"@type":"WebSite","@id":"https:\/\/denizcankizil.tr\/de\/#website","url":"https:\/\/denizcankizil.tr\/de\/","name":"Av. Deniz Can K\u0131z\u0131l","description":"Avukat Deniz Can K\u0131z\u0131l Antalya Barosu","publisher":{"@id":"https:\/\/denizcankizil.tr\/de\/#organization"},"potentialAction":[{"@type":"SearchAction","target":{"@type":"EntryPoint","urlTemplate":"https:\/\/denizcankizil.tr\/de\/?s={search_term_string}"},"query-input":{"@type":"PropertyValueSpecification","valueRequired":true,"valueName":"search_term_string"}}],"inLanguage":"ru-RU"},{"@type":"Organization","@id":"https:\/\/denizcankizil.tr\/de\/#organization","name":"Av. Deniz Can K\u0131z\u0131l","url":"https:\/\/denizcankizil.tr\/de\/","logo":{"@type":"ImageObject","inLanguage":"ru-RU","@id":"https:\/\/denizcankizil.tr\/de\/#\/schema\/logo\/image\/","url":"https:\/\/denizcankizil.tr\/wp-content\/uploads\/2024\/10\/siyah-logo-svg.svg","contentUrl":"https:\/\/denizcankizil.tr\/wp-content\/uploads\/2024\/10\/siyah-logo-svg.svg","width":1080,"height":1080,"caption":"Av. Deniz Can K\u0131z\u0131l"},"image":{"@id":"https:\/\/denizcankizil.tr\/de\/#\/schema\/logo\/image\/"}},{"@type":"Person","@id":"https:\/\/denizcankizil.tr\/de\/#\/schema\/person\/e1eb71bb4dd684d46563f0af307e1234","name":"Antalya K\u00f6rfez","image":{"@type":"ImageObject","inLanguage":"ru-RU","@id":"https:\/\/denizcankizil.tr\/de\/#\/schema\/person\/image\/","url":"https:\/\/secure.gravatar.com\/avatar\/42b01982558a48a0b501fdcab6a408d3717ea5919095ee2e67b0e521799c5905?s=96&d=mm&r=g","contentUrl":"https:\/\/secure.gravatar.com\/avatar\/42b01982558a48a0b501fdcab6a408d3717ea5919095ee2e67b0e521799c5905?s=96&d=mm&r=g","caption":"Antalya K\u00f6rfez"},"sameAs":["http:\/\/www.antalyakorfez.com"],"url":"https:\/\/www.antalyakorfez.com\/selahattin-tonguctan-onemli-aciklamalar-antalya-satilik-degildir"}]}},"_links":{"self":[{"href":"https:\/\/denizcankizil.tr\/ru\/wp-json\/wp\/v2\/posts\/73451","targetHints":{"allow":["GET"]}}],"collection":[{"href":"https:\/\/denizcankizil.tr\/ru\/wp-json\/wp\/v2\/posts"}],"about":[{"href":"https:\/\/denizcankizil.tr\/ru\/wp-json\/wp\/v2\/types\/post"}],"author":[{"embeddable":true,"href":"https:\/\/denizcankizil.tr\/ru\/wp-json\/wp\/v2\/users\/5"}],"replies":[{"embeddable":true,"href":"https:\/\/denizcankizil.tr\/ru\/wp-json\/wp\/v2\/comments?post=73451"}],"version-history":[{"count":0,"href":"https:\/\/denizcankizil.tr\/ru\/wp-json\/wp\/v2\/posts\/73451\/revisions"}],"wp:attachment":[{"href":"https:\/\/denizcankizil.tr\/ru\/wp-json\/wp\/v2\/media?parent=73451"}],"wp:term":[{"taxonomy":"category","embeddable":true,"href":"https:\/\/denizcankizil.tr\/ru\/wp-json\/wp\/v2\/categories?post=73451"},{"taxonomy":"post_tag","embeddable":true,"href":"https:\/\/denizcankizil.tr\/ru\/wp-json\/wp\/v2\/tags?post=73451"}],"curies":[{"name":"wp","href":"https:\/\/api.w.org\/{rel}","templated":true}]}}