{"id":72904,"date":"2025-05-01T22:41:15","date_gmt":"2025-05-01T19:41:15","guid":{"rendered":"https:\/\/denizcankizil.tr\/uncategorized-tr\/chpnin-otobus-soforune-ev-hapsi-sucu-vekilleri-1-meclise-goturmek\/"},"modified":"2025-05-01T22:41:15","modified_gmt":"2025-05-01T19:41:15","slug":"chpnin-otobus-soforune-ev-hapsi-sucu-vekilleri-1-meclise-goturmek","status":"publish","type":"post","link":"https:\/\/denizcankizil.tr\/ru\/haberler\/gundem\/chpnin-otobus-soforune-ev-hapsi-sucu-vekilleri-1-meclise-goturmek\/","title":{"rendered":"CHP&#8217;nin otob\u00fcs \u015fof\u00f6r\u00fcne ev hapsi! Su\u00e7u, vekilleri 1.Meclis&#8217;e g\u00f6t\u00fcrmek"},"content":{"rendered":"<p>23 Nisan Ulusal Egemenlik ve \u00c7ocuk Bayram\u0131 kapsam\u0131nda Cumhuriyet Halk Partisi (CHP) heyetini eski Meclis binas\u0131na ta\u015f\u0131yan otob\u00fcs \u015fof\u00f6r\u00fc G\u00f6khan G\u00fclyurt hakk\u0131nda, polis ekiplerinin &#8220;dur&#8221; ihtar\u0131na uymad\u0131\u011f\u0131 gerek\u00e7esiyle ev hapsi karar\u0131 verildi. Mahkeme tutuklama taleplerini reddederken, G\u00fclyurt hakk\u0131nda yurt d\u0131\u015f\u0131 yasa\u011f\u0131 ve konutu terk etmeme karar\u0131 uyguland\u0131.<\/p>\n<p>&#8220;DEVLETE YA DA EMN\u0130YETE KAR\u015eI KASITLI HAREKET\u0130M OLMADI&#8221; <\/p>\n<p>23 Nisan Ulusal Egemenlik ve \u00c7ocuk Bayram\u0131 kapsam\u0131nda d\u00fczenlenen program i\u00e7in eski Meclis binas\u0131na gitmeye \u00e7al\u0131\u015fan CHP heyetinin bulundu\u011fu otob\u00fcs\u00fc kullanan G\u00f6khan G\u00fclyurt, polis ekiplerinin &#8220;dur&#8221; ihtar\u0131na uymad\u0131\u011f\u0131 gerek\u00e7esiyle g\u00f6zalt\u0131na al\u0131nd\u0131. G\u00fclyurt, ifadesinde &#8220;Cumhuriyet Halk Partisi&#8217;nde \u015fof\u00f6r olarak g\u00f6rev yapmaktay\u0131m. Olay g\u00fcn\u00fc program yo\u011funlu\u011fu nedeniyle dur ihtar\u0131n\u0131 fark edemedim. Daha sonra arac\u0131 durdurdum, yetkililerle g\u00f6r\u00fc\u015f\u00fcld\u00fc ve eskort e\u015fli\u011finde devam ettik. Devlete ya da emniyete kar\u015f\u0131 kas\u0131tl\u0131 bir hareketim olmam\u0131\u015ft\u0131r&#8221; dedi.<\/p>\n<p>Mahkeme, mevcut delil durumu, \u015f\u00fcphelinin ifadesi ve su\u00e7a konu olay\u0131n olu\u015f \u015fekli dikkate al\u0131narak tutuklama talebini reddetti. Ancak soru\u015fturma s\u00fcresince yurt d\u0131\u015f\u0131na \u00e7\u0131k\u0131\u015f yasa\u011f\u0131 ve bir ay s\u00fcreyle konutu terk etmeme \u015fartlar\u0131yla adli kontrol alt\u0131na al\u0131nmas\u0131na karar verildi. Karara iki hafta i\u00e7inde Ankara N\u00f6bet\u00e7i Asliye Ceza Mahkemesi&#8217;ne itiraz edilebilece\u011fi belirtildi.<\/p>\n<p>&#8220;Z\u0130NC\u0130RLEME \u015eEK\u0130LDE G\u00d6REVL\u0130 MEMURA MUKAVEMET&#8221;<\/p>\n<p>Ankara Cumhuriyet Ba\u015fsavc\u0131l\u0131\u011f\u0131ndan yap\u0131lan bas\u0131n a\u00e7\u0131klamas\u0131nda, &#8220;23 Nisan 2025 Tarihinde sevk ve idaresindeki otob\u00fcsle g\u00f6revli polis memurlar\u0131n\u0131n dur ihtar\u0131na uymayarak otob\u00fcs\u00fc \u00fczerine s\u00fcren \u015f\u00fcpheli G.G., Ankara Cumhuriyet Ba\u015fsavc\u0131l\u0131\u011f\u0131m\u0131zca y\u00fcr\u00fct\u00fclen soru\u015fturma kapsam\u0131nda tutuklanmas\u0131 talebiyle mahkemeye sevk edilmi\u015f, yap\u0131lan sorgusu sonucunda \u015f\u00fcpheli hakk\u0131nda Ankara N\u00f6bet\u00e7i Sulh Ceza Hakimli\u011fince \u2018zincirleme \u015fekilde g\u00f6revli memura mukavemet\u2019 su\u00e7undan yurt d\u0131\u015f\u0131na \u00e7\u0131k\u0131\u015f yasa\u011f\u0131 ile birlikte konutu terk etmeme tedbiri uygulanm\u0131\u015ft\u0131r&#8221; denildi.<\/p>\n<p>&#8220;\u0130Y\u0130CE ZIVANADAN \u00c7IKTILAR, \u00c7EK\u0130N ELLER\u0130N\u0130Z\u0130 EMEK\u00c7\u0130LERDEN&#8221; <\/p>\n<p>Geli\u015fmeyi &#8220;\u0130yice z\u0131vanadan \u00e7\u0131kt\u0131lar&#8221; s\u00f6zleriyle duyuran CHP Halkla \u0130li\u015fkiler ve Medyayla \u0130li\u015fkilerden Sorumlu Genel Ba\u015fkan Yard\u0131mc\u0131s\u0131 ve Adana Milletvekili Burhanettin Bulut, &#8220;Su\u00e7u, 23 Nisan\u2019da milletvekillerimizi 1. Meclise g\u00f6t\u00fcrmesi&#8221; dedi.<\/p>\n<p>Bulut&#8217;un a\u00e7\u0131klamas\u0131 \u015f\u00f6yle:<\/p>\n<p>&#8220;\u0130yice z\u0131vanadan \u00e7\u0131kt\u0131lar. Genel Merkezimizin emektar otob\u00fcs \u015fof\u00f6r\u00fc G\u00f6khan karde\u015fimizi tutuklama talebiyle mahkemeye sevk etmi\u015fler. Su\u00e7u, 23 Nisan\u2019da milletvekillerimizi 1. Meclise g\u00f6t\u00fcrmesi. Biraz insaf, biraz ak\u0131l, biraz vicdan. \u00c7ekin ellerinizi emek\u00e7ilerden!&#8221;<\/p>\n<p>\u200bCHP&#8217;li vekilleri 23 Nisan&#8217;da 1.Meclis&#8217;e g\u00f6t\u00fcren \u015fof\u00f6r G\u00f6khan G\u00fclyurt, &#8220;G\u00f6revli memura mukavemet&#8221; su\u00e7lamas\u0131yla ev hapsine al\u0131nd\u0131. CHP&#8217;li Burhanettin Bulut ise bu duruma tepki g\u00f6stererek, &#8220;Su\u00e7u, 23 Nisan&#8217;da milletvekillerimizi 1.Meclis&#8217;e g\u00f6t\u00fcrmesi&#8221; dedi.\u00a0<\/p>\n<p>\u200bHaberin Al\u0131nt\u0131land\u0131\u011f\u0131 Kaynak: www.antalyakorfez.com<\/p>","protected":false},"excerpt":{"rendered":"<p>23 Nisan Ulusal Egemenlik ve \u00c7ocuk Bayram\u0131 kapsam\u0131nda Cumhuriyet Halk Partisi (CHP) heyetini eski Meclis binas\u0131na ta\u015f\u0131yan otob\u00fcs \u015fof\u00f6r\u00fc G\u00f6khan G\u00fclyurt hakk\u0131nda, polis ekiplerinin &#8220;dur&#8221; ihtar\u0131na uymad\u0131\u011f\u0131 gerek\u00e7esiyle ev hapsi karar\u0131 verildi. Mahkeme tutuklama taleplerini reddederken, G\u00fclyurt hakk\u0131nda yurt d\u0131\u015f\u0131 yasa\u011f\u0131 ve konutu terk etmeme karar\u0131 uyguland\u0131. &#8220;DEVLETE YA DA EMN\u0130YETE KAR\u015eI KASITLI HAREKET\u0130M OLMADI&#8221; 23 Nisan Ulusal Egemenlik ve \u00c7ocuk Bayram\u0131 kapsam\u0131nda d\u00fczenlenen program i\u00e7in eski Meclis binas\u0131na gitmeye \u00e7al\u0131\u015fan CHP heyetinin bulundu\u011fu otob\u00fcs\u00fc kullanan G\u00f6khan G\u00fclyurt, polis ekiplerinin &#8220;dur&#8221; ihtar\u0131na uymad\u0131\u011f\u0131 gerek\u00e7esiyle g\u00f6zalt\u0131na al\u0131nd\u0131. G\u00fclyurt, ifadesinde &#8220;Cumhuriyet Halk Partisi&#8217;nde \u015fof\u00f6r olarak g\u00f6rev yapmaktay\u0131m. Olay g\u00fcn\u00fc program yo\u011funlu\u011fu nedeniyle dur ihtar\u0131n\u0131 fark edemedim. Daha sonra arac\u0131 durdurdum, yetkililerle g\u00f6r\u00fc\u015f\u00fcld\u00fc ve eskort e\u015fli\u011finde devam ettik. Devlete ya da emniyete kar\u015f\u0131 kas\u0131tl\u0131 bir hareketim olmam\u0131\u015ft\u0131r&#8221; dedi. Mahkeme, mevcut delil durumu, \u015f\u00fcphelinin ifadesi ve su\u00e7a konu olay\u0131n olu\u015f \u015fekli dikkate al\u0131narak tutuklama talebini reddetti. Ancak soru\u015fturma s\u00fcresince yurt d\u0131\u015f\u0131na \u00e7\u0131k\u0131\u015f yasa\u011f\u0131 ve bir ay s\u00fcreyle konutu terk etmeme \u015fartlar\u0131yla adli kontrol alt\u0131na al\u0131nmas\u0131na karar verildi. Karara iki hafta i\u00e7inde Ankara N\u00f6bet\u00e7i Asliye Ceza Mahkemesi&#8217;ne itiraz edilebilece\u011fi belirtildi. &#8220;Z\u0130NC\u0130RLEME \u015eEK\u0130LDE G\u00d6REVL\u0130 MEMURA MUKAVEMET&#8221; Ankara Cumhuriyet Ba\u015fsavc\u0131l\u0131\u011f\u0131ndan yap\u0131lan bas\u0131n a\u00e7\u0131klamas\u0131nda, &#8220;23 Nisan 2025 Tarihinde sevk ve idaresindeki otob\u00fcsle g\u00f6revli polis memurlar\u0131n\u0131n dur ihtar\u0131na uymayarak &hellip;<\/p>","protected":false},"author":5,"featured_media":0,"comment_status":"","ping_status":"open","sticky":false,"template":"","format":"standard","meta":{"_acf_changed":false,"footnotes":""},"categories":[24],"tags":[],"class_list":["post-72904","post","type-post","status-publish","format-standard","has-post-thumbnail","hentry","category-gundem"],"acf":[],"yoast_head":"<!-- This site is optimized with the Yoast SEO Premium plugin v26.6 (Yoast SEO v27.1.1) - https:\/\/yoast.com\/product\/yoast-seo-premium-wordpress\/ -->\n<title>CHP&#039;nin otob\u00fcs \u015fof\u00f6r\u00fcne ev hapsi! Su\u00e7u, vekilleri 1.Meclis&#039;e g\u00f6t\u00fcrmek - Av. Deniz Can K\u0131z\u0131l<\/title>\n<meta name=\"robots\" content=\"index, follow, max-snippet:-1, max-image-preview:large, max-video-preview:-1\" \/>\n<link rel=\"canonical\" href=\"https:\/\/denizcankizil.tr\/ru\/haberler\/gundem\/chpnin-otobus-soforune-ev-hapsi-sucu-vekilleri-1-meclise-goturmek\/\" \/>\n<meta property=\"og:locale\" content=\"ru_RU\" \/>\n<meta property=\"og:type\" content=\"article\" \/>\n<meta property=\"og:title\" content=\"CHP&#039;nin otob\u00fcs \u015fof\u00f6r\u00fcne ev hapsi! Su\u00e7u, vekilleri 1.Meclis&#039;e g\u00f6t\u00fcrmek\" \/>\n<meta property=\"og:description\" content=\"23 Nisan Ulusal Egemenlik ve \u00c7ocuk Bayram\u0131 kapsam\u0131nda Cumhuriyet Halk Partisi (CHP) heyetini eski Meclis binas\u0131na ta\u015f\u0131yan otob\u00fcs \u015fof\u00f6r\u00fc G\u00f6khan G\u00fclyurt hakk\u0131nda, polis ekiplerinin &#8220;dur&#8221; ihtar\u0131na uymad\u0131\u011f\u0131 gerek\u00e7esiyle ev hapsi karar\u0131 verildi. Mahkeme tutuklama taleplerini reddederken, G\u00fclyurt hakk\u0131nda yurt d\u0131\u015f\u0131 yasa\u011f\u0131 ve konutu terk etmeme karar\u0131 uyguland\u0131. &#8220;DEVLETE YA DA EMN\u0130YETE KAR\u015eI KASITLI HAREKET\u0130M OLMADI&#8221; 23 Nisan Ulusal Egemenlik ve \u00c7ocuk Bayram\u0131 kapsam\u0131nda d\u00fczenlenen program i\u00e7in eski Meclis binas\u0131na gitmeye \u00e7al\u0131\u015fan CHP heyetinin bulundu\u011fu otob\u00fcs\u00fc kullanan G\u00f6khan G\u00fclyurt, polis ekiplerinin &#8220;dur&#8221; ihtar\u0131na uymad\u0131\u011f\u0131 gerek\u00e7esiyle g\u00f6zalt\u0131na al\u0131nd\u0131. G\u00fclyurt, ifadesinde &#8220;Cumhuriyet Halk Partisi&#8217;nde \u015fof\u00f6r olarak g\u00f6rev yapmaktay\u0131m. Olay g\u00fcn\u00fc program yo\u011funlu\u011fu nedeniyle dur ihtar\u0131n\u0131 fark edemedim. Daha sonra arac\u0131 durdurdum, yetkililerle g\u00f6r\u00fc\u015f\u00fcld\u00fc ve eskort e\u015fli\u011finde devam ettik. Devlete ya da emniyete kar\u015f\u0131 kas\u0131tl\u0131 bir hareketim olmam\u0131\u015ft\u0131r&#8221; dedi. Mahkeme, mevcut delil durumu, \u015f\u00fcphelinin ifadesi ve su\u00e7a konu olay\u0131n olu\u015f \u015fekli dikkate al\u0131narak tutuklama talebini reddetti. Ancak soru\u015fturma s\u00fcresince yurt d\u0131\u015f\u0131na \u00e7\u0131k\u0131\u015f yasa\u011f\u0131 ve bir ay s\u00fcreyle konutu terk etmeme \u015fartlar\u0131yla adli kontrol alt\u0131na al\u0131nmas\u0131na karar verildi. Karara iki hafta i\u00e7inde Ankara N\u00f6bet\u00e7i Asliye Ceza Mahkemesi&#8217;ne itiraz edilebilece\u011fi belirtildi. &#8220;Z\u0130NC\u0130RLEME \u015eEK\u0130LDE G\u00d6REVL\u0130 MEMURA MUKAVEMET&#8221; Ankara Cumhuriyet Ba\u015fsavc\u0131l\u0131\u011f\u0131ndan yap\u0131lan bas\u0131n a\u00e7\u0131klamas\u0131nda, &#8220;23 Nisan 2025 Tarihinde sevk ve idaresindeki otob\u00fcsle g\u00f6revli polis memurlar\u0131n\u0131n dur ihtar\u0131na uymayarak &hellip;\" \/>\n<meta property=\"og:url\" content=\"https:\/\/denizcankizil.tr\/ru\/haberler\/gundem\/chpnin-otobus-soforune-ev-hapsi-sucu-vekilleri-1-meclise-goturmek\/\" \/>\n<meta property=\"og:site_name\" content=\"Av. Deniz Can K\u0131z\u0131l\" \/>\n<meta property=\"article:published_time\" content=\"2025-05-01T19:41:15+00:00\" \/>\n<meta name=\"author\" content=\"Antalya K\u00f6rfez\" \/>\n<meta name=\"twitter:card\" content=\"summary_large_image\" \/>\n<meta name=\"twitter:label1\" content=\"\u041d\u0430\u043f\u0438\u0441\u0430\u043d\u043e \u0430\u0432\u0442\u043e\u0440\u043e\u043c\" \/>\n\t<meta name=\"twitter:data1\" content=\"Antalya K\u00f6rfez\" \/>\n\t<meta name=\"twitter:label2\" content=\"\u041f\u0440\u0438\u043c\u0435\u0440\u043d\u043e\u0435 \u0432\u0440\u0435\u043c\u044f \u0434\u043b\u044f \u0447\u0442\u0435\u043d\u0438\u044f\" \/>\n\t<meta name=\"twitter:data2\" content=\"2 \u043c\u0438\u043d\u0443\u0442\u044b\" \/>\n<script type=\"application\/ld+json\" class=\"yoast-schema-graph\">{\"@context\":\"https:\/\/schema.org\",\"@graph\":[{\"@type\":\"Article\",\"@id\":\"https:\/\/denizcankizil.tr\/ru\/haberler\/gundem\/chpnin-otobus-soforune-ev-hapsi-sucu-vekilleri-1-meclise-goturmek\/#article\",\"isPartOf\":{\"@id\":\"https:\/\/denizcankizil.tr\/ru\/haberler\/gundem\/chpnin-otobus-soforune-ev-hapsi-sucu-vekilleri-1-meclise-goturmek\/\"},\"author\":{\"name\":\"Antalya K\u00f6rfez\",\"@id\":\"https:\/\/denizcankizil.tr\/#\/schema\/person\/e1eb71bb4dd684d46563f0af307e1234\"},\"headline\":\"CHP&#8217;nin otob\u00fcs \u015fof\u00f6r\u00fcne ev hapsi! Su\u00e7u, vekilleri 1.Meclis&#8217;e g\u00f6t\u00fcrmek\",\"datePublished\":\"2025-05-01T19:41:15+00:00\",\"mainEntityOfPage\":{\"@id\":\"https:\/\/denizcankizil.tr\/ru\/haberler\/gundem\/chpnin-otobus-soforune-ev-hapsi-sucu-vekilleri-1-meclise-goturmek\/\"},\"wordCount\":510,\"publisher\":{\"@id\":\"https:\/\/denizcankizil.tr\/#organization\"},\"articleSection\":[\"G\u00fcndem\"],\"inLanguage\":\"ru-RU\"},{\"@type\":\"WebPage\",\"@id\":\"https:\/\/denizcankizil.tr\/ru\/haberler\/gundem\/chpnin-otobus-soforune-ev-hapsi-sucu-vekilleri-1-meclise-goturmek\/\",\"url\":\"https:\/\/denizcankizil.tr\/ru\/haberler\/gundem\/chpnin-otobus-soforune-ev-hapsi-sucu-vekilleri-1-meclise-goturmek\/\",\"name\":\"CHP'nin otob\u00fcs \u015fof\u00f6r\u00fcne ev hapsi! Su\u00e7u, vekilleri 1.Meclis'e g\u00f6t\u00fcrmek - Av. Deniz Can K\u0131z\u0131l\",\"isPartOf\":{\"@id\":\"https:\/\/denizcankizil.tr\/#website\"},\"datePublished\":\"2025-05-01T19:41:15+00:00\",\"breadcrumb\":{\"@id\":\"https:\/\/denizcankizil.tr\/ru\/haberler\/gundem\/chpnin-otobus-soforune-ev-hapsi-sucu-vekilleri-1-meclise-goturmek\/#breadcrumb\"},\"inLanguage\":\"ru-RU\",\"potentialAction\":[{\"@type\":\"ReadAction\",\"target\":[\"https:\/\/denizcankizil.tr\/ru\/haberler\/gundem\/chpnin-otobus-soforune-ev-hapsi-sucu-vekilleri-1-meclise-goturmek\/\"]}]},{\"@type\":\"BreadcrumbList\",\"@id\":\"https:\/\/denizcankizil.tr\/ru\/haberler\/gundem\/chpnin-otobus-soforune-ev-hapsi-sucu-vekilleri-1-meclise-goturmek\/#breadcrumb\",\"itemListElement\":[{\"@type\":\"ListItem\",\"position\":1,\"name\":\"Home\",\"item\":\"https:\/\/denizcankizil.tr\/de\/\"},{\"@type\":\"ListItem\",\"position\":2,\"name\":\"CHP&#8217;nin otob\u00fcs \u015fof\u00f6r\u00fcne ev hapsi! Su\u00e7u, vekilleri 1.Meclis&#8217;e g\u00f6t\u00fcrmek\"}]},{\"@type\":\"WebSite\",\"@id\":\"https:\/\/denizcankizil.tr\/#website\",\"url\":\"https:\/\/denizcankizil.tr\/\",\"name\":\"Av. Deniz Can K\u0131z\u0131l\",\"description\":\"Avukat Deniz Can K\u0131z\u0131l Antalya Barosu\",\"publisher\":{\"@id\":\"https:\/\/denizcankizil.tr\/#organization\"},\"potentialAction\":[{\"@type\":\"SearchAction\",\"target\":{\"@type\":\"EntryPoint\",\"urlTemplate\":\"https:\/\/denizcankizil.tr\/?s={search_term_string}\"},\"query-input\":{\"@type\":\"PropertyValueSpecification\",\"valueRequired\":true,\"valueName\":\"search_term_string\"}}],\"inLanguage\":\"ru-RU\"},{\"@type\":\"Organization\",\"@id\":\"https:\/\/denizcankizil.tr\/#organization\",\"name\":\"Av. Deniz Can K\u0131z\u0131l\",\"url\":\"https:\/\/denizcankizil.tr\/\",\"logo\":{\"@type\":\"ImageObject\",\"inLanguage\":\"ru-RU\",\"@id\":\"https:\/\/denizcankizil.tr\/#\/schema\/logo\/image\/\",\"url\":\"https:\/\/denizcankizil.tr\/wp-content\/uploads\/2024\/10\/siyah-logo-svg.svg\",\"contentUrl\":\"https:\/\/denizcankizil.tr\/wp-content\/uploads\/2024\/10\/siyah-logo-svg.svg\",\"width\":1080,\"height\":1080,\"caption\":\"Av. Deniz Can K\u0131z\u0131l\"},\"image\":{\"@id\":\"https:\/\/denizcankizil.tr\/#\/schema\/logo\/image\/\"}},{\"@type\":\"Person\",\"@id\":\"https:\/\/denizcankizil.tr\/#\/schema\/person\/e1eb71bb4dd684d46563f0af307e1234\",\"name\":\"Antalya K\u00f6rfez\",\"image\":{\"@type\":\"ImageObject\",\"inLanguage\":\"ru-RU\",\"@id\":\"https:\/\/denizcankizil.tr\/#\/schema\/person\/image\/\",\"url\":\"https:\/\/secure.gravatar.com\/avatar\/42b01982558a48a0b501fdcab6a408d3717ea5919095ee2e67b0e521799c5905?s=96&d=mm&r=g\",\"contentUrl\":\"https:\/\/secure.gravatar.com\/avatar\/42b01982558a48a0b501fdcab6a408d3717ea5919095ee2e67b0e521799c5905?s=96&d=mm&r=g\",\"caption\":\"Antalya K\u00f6rfez\"},\"sameAs\":[\"http:\/\/www.antalyakorfez.com\"],\"url\":\"https:\/\/www.antalyakorfez.com\/chpnin-otobus-soforune-ev-hapsi-sucu-vekilleri-1meclise-goturmek\"}]}<\/script>\n<!-- \/ Yoast SEO Premium plugin. -->","yoast_head_json":{"title":"CHP'nin otob\u00fcs \u015fof\u00f6r\u00fcne ev hapsi! Su\u00e7u, vekilleri 1.Meclis'e g\u00f6t\u00fcrmek - Av. Deniz Can K\u0131z\u0131l","robots":{"index":"index","follow":"follow","max-snippet":"max-snippet:-1","max-image-preview":"max-image-preview:large","max-video-preview":"max-video-preview:-1"},"canonical":"https:\/\/denizcankizil.tr\/ru\/haberler\/gundem\/chpnin-otobus-soforune-ev-hapsi-sucu-vekilleri-1-meclise-goturmek\/","og_locale":"ru_RU","og_type":"article","og_title":"CHP'nin otob\u00fcs \u015fof\u00f6r\u00fcne ev hapsi! Su\u00e7u, vekilleri 1.Meclis'e g\u00f6t\u00fcrmek","og_description":"23 Nisan Ulusal Egemenlik ve \u00c7ocuk Bayram\u0131 kapsam\u0131nda Cumhuriyet Halk Partisi (CHP) heyetini eski Meclis binas\u0131na ta\u015f\u0131yan otob\u00fcs \u015fof\u00f6r\u00fc G\u00f6khan G\u00fclyurt hakk\u0131nda, polis ekiplerinin &#8220;dur&#8221; ihtar\u0131na uymad\u0131\u011f\u0131 gerek\u00e7esiyle ev hapsi karar\u0131 verildi. Mahkeme tutuklama taleplerini reddederken, G\u00fclyurt hakk\u0131nda yurt d\u0131\u015f\u0131 yasa\u011f\u0131 ve konutu terk etmeme karar\u0131 uyguland\u0131. &#8220;DEVLETE YA DA EMN\u0130YETE KAR\u015eI KASITLI HAREKET\u0130M OLMADI&#8221; 23 Nisan Ulusal Egemenlik ve \u00c7ocuk Bayram\u0131 kapsam\u0131nda d\u00fczenlenen program i\u00e7in eski Meclis binas\u0131na gitmeye \u00e7al\u0131\u015fan CHP heyetinin bulundu\u011fu otob\u00fcs\u00fc kullanan G\u00f6khan G\u00fclyurt, polis ekiplerinin &#8220;dur&#8221; ihtar\u0131na uymad\u0131\u011f\u0131 gerek\u00e7esiyle g\u00f6zalt\u0131na al\u0131nd\u0131. G\u00fclyurt, ifadesinde &#8220;Cumhuriyet Halk Partisi&#8217;nde \u015fof\u00f6r olarak g\u00f6rev yapmaktay\u0131m. Olay g\u00fcn\u00fc program yo\u011funlu\u011fu nedeniyle dur ihtar\u0131n\u0131 fark edemedim. Daha sonra arac\u0131 durdurdum, yetkililerle g\u00f6r\u00fc\u015f\u00fcld\u00fc ve eskort e\u015fli\u011finde devam ettik. Devlete ya da emniyete kar\u015f\u0131 kas\u0131tl\u0131 bir hareketim olmam\u0131\u015ft\u0131r&#8221; dedi. Mahkeme, mevcut delil durumu, \u015f\u00fcphelinin ifadesi ve su\u00e7a konu olay\u0131n olu\u015f \u015fekli dikkate al\u0131narak tutuklama talebini reddetti. Ancak soru\u015fturma s\u00fcresince yurt d\u0131\u015f\u0131na \u00e7\u0131k\u0131\u015f yasa\u011f\u0131 ve bir ay s\u00fcreyle konutu terk etmeme \u015fartlar\u0131yla adli kontrol alt\u0131na al\u0131nmas\u0131na karar verildi. Karara iki hafta i\u00e7inde Ankara N\u00f6bet\u00e7i Asliye Ceza Mahkemesi&#8217;ne itiraz edilebilece\u011fi belirtildi. &#8220;Z\u0130NC\u0130RLEME \u015eEK\u0130LDE G\u00d6REVL\u0130 MEMURA MUKAVEMET&#8221; Ankara Cumhuriyet Ba\u015fsavc\u0131l\u0131\u011f\u0131ndan yap\u0131lan bas\u0131n a\u00e7\u0131klamas\u0131nda, &#8220;23 Nisan 2025 Tarihinde sevk ve idaresindeki otob\u00fcsle g\u00f6revli polis memurlar\u0131n\u0131n dur ihtar\u0131na uymayarak &hellip;","og_url":"https:\/\/denizcankizil.tr\/ru\/haberler\/gundem\/chpnin-otobus-soforune-ev-hapsi-sucu-vekilleri-1-meclise-goturmek\/","og_site_name":"Av. Deniz Can K\u0131z\u0131l","article_published_time":"2025-05-01T19:41:15+00:00","author":"Antalya K\u00f6rfez","twitter_card":"summary_large_image","twitter_misc":{"\u041d\u0430\u043f\u0438\u0441\u0430\u043d\u043e \u0430\u0432\u0442\u043e\u0440\u043e\u043c":"Antalya K\u00f6rfez","\u041f\u0440\u0438\u043c\u0435\u0440\u043d\u043e\u0435 \u0432\u0440\u0435\u043c\u044f \u0434\u043b\u044f \u0447\u0442\u0435\u043d\u0438\u044f":"2 \u043c\u0438\u043d\u0443\u0442\u044b"},"schema":{"@context":"https:\/\/schema.org","@graph":[{"@type":"Article","@id":"https:\/\/denizcankizil.tr\/ru\/haberler\/gundem\/chpnin-otobus-soforune-ev-hapsi-sucu-vekilleri-1-meclise-goturmek\/#article","isPartOf":{"@id":"https:\/\/denizcankizil.tr\/ru\/haberler\/gundem\/chpnin-otobus-soforune-ev-hapsi-sucu-vekilleri-1-meclise-goturmek\/"},"author":{"name":"Antalya K\u00f6rfez","@id":"https:\/\/denizcankizil.tr\/#\/schema\/person\/e1eb71bb4dd684d46563f0af307e1234"},"headline":"CHP&#8217;nin otob\u00fcs \u015fof\u00f6r\u00fcne ev hapsi! Su\u00e7u, vekilleri 1.Meclis&#8217;e g\u00f6t\u00fcrmek","datePublished":"2025-05-01T19:41:15+00:00","mainEntityOfPage":{"@id":"https:\/\/denizcankizil.tr\/ru\/haberler\/gundem\/chpnin-otobus-soforune-ev-hapsi-sucu-vekilleri-1-meclise-goturmek\/"},"wordCount":510,"publisher":{"@id":"https:\/\/denizcankizil.tr\/#organization"},"articleSection":["G\u00fcndem"],"inLanguage":"ru-RU"},{"@type":"WebPage","@id":"https:\/\/denizcankizil.tr\/ru\/haberler\/gundem\/chpnin-otobus-soforune-ev-hapsi-sucu-vekilleri-1-meclise-goturmek\/","url":"https:\/\/denizcankizil.tr\/ru\/haberler\/gundem\/chpnin-otobus-soforune-ev-hapsi-sucu-vekilleri-1-meclise-goturmek\/","name":"CHP'nin otob\u00fcs \u015fof\u00f6r\u00fcne ev hapsi! Su\u00e7u, vekilleri 1.Meclis'e g\u00f6t\u00fcrmek - Av. Deniz Can K\u0131z\u0131l","isPartOf":{"@id":"https:\/\/denizcankizil.tr\/#website"},"datePublished":"2025-05-01T19:41:15+00:00","breadcrumb":{"@id":"https:\/\/denizcankizil.tr\/ru\/haberler\/gundem\/chpnin-otobus-soforune-ev-hapsi-sucu-vekilleri-1-meclise-goturmek\/#breadcrumb"},"inLanguage":"ru-RU","potentialAction":[{"@type":"ReadAction","target":["https:\/\/denizcankizil.tr\/ru\/haberler\/gundem\/chpnin-otobus-soforune-ev-hapsi-sucu-vekilleri-1-meclise-goturmek\/"]}]},{"@type":"BreadcrumbList","@id":"https:\/\/denizcankizil.tr\/ru\/haberler\/gundem\/chpnin-otobus-soforune-ev-hapsi-sucu-vekilleri-1-meclise-goturmek\/#breadcrumb","itemListElement":[{"@type":"ListItem","position":1,"name":"Home","item":"https:\/\/denizcankizil.tr\/de\/"},{"@type":"ListItem","position":2,"name":"CHP&#8217;nin otob\u00fcs \u015fof\u00f6r\u00fcne ev hapsi! Su\u00e7u, vekilleri 1.Meclis&#8217;e g\u00f6t\u00fcrmek"}]},{"@type":"WebSite","@id":"https:\/\/denizcankizil.tr\/#website","url":"https:\/\/denizcankizil.tr\/","name":"Av. Deniz Can K\u0131z\u0131l","description":"Avukat Deniz Can K\u0131z\u0131l Antalya Barosu","publisher":{"@id":"https:\/\/denizcankizil.tr\/#organization"},"potentialAction":[{"@type":"SearchAction","target":{"@type":"EntryPoint","urlTemplate":"https:\/\/denizcankizil.tr\/?s={search_term_string}"},"query-input":{"@type":"PropertyValueSpecification","valueRequired":true,"valueName":"search_term_string"}}],"inLanguage":"ru-RU"},{"@type":"Organization","@id":"https:\/\/denizcankizil.tr\/#organization","name":"Av. Deniz Can K\u0131z\u0131l","url":"https:\/\/denizcankizil.tr\/","logo":{"@type":"ImageObject","inLanguage":"ru-RU","@id":"https:\/\/denizcankizil.tr\/#\/schema\/logo\/image\/","url":"https:\/\/denizcankizil.tr\/wp-content\/uploads\/2024\/10\/siyah-logo-svg.svg","contentUrl":"https:\/\/denizcankizil.tr\/wp-content\/uploads\/2024\/10\/siyah-logo-svg.svg","width":1080,"height":1080,"caption":"Av. Deniz Can K\u0131z\u0131l"},"image":{"@id":"https:\/\/denizcankizil.tr\/#\/schema\/logo\/image\/"}},{"@type":"Person","@id":"https:\/\/denizcankizil.tr\/#\/schema\/person\/e1eb71bb4dd684d46563f0af307e1234","name":"Antalya K\u00f6rfez","image":{"@type":"ImageObject","inLanguage":"ru-RU","@id":"https:\/\/denizcankizil.tr\/#\/schema\/person\/image\/","url":"https:\/\/secure.gravatar.com\/avatar\/42b01982558a48a0b501fdcab6a408d3717ea5919095ee2e67b0e521799c5905?s=96&d=mm&r=g","contentUrl":"https:\/\/secure.gravatar.com\/avatar\/42b01982558a48a0b501fdcab6a408d3717ea5919095ee2e67b0e521799c5905?s=96&d=mm&r=g","caption":"Antalya K\u00f6rfez"},"sameAs":["http:\/\/www.antalyakorfez.com"],"url":"https:\/\/www.antalyakorfez.com\/chpnin-otobus-soforune-ev-hapsi-sucu-vekilleri-1meclise-goturmek"}]}},"_links":{"self":[{"href":"https:\/\/denizcankizil.tr\/ru\/wp-json\/wp\/v2\/posts\/72904","targetHints":{"allow":["GET"]}}],"collection":[{"href":"https:\/\/denizcankizil.tr\/ru\/wp-json\/wp\/v2\/posts"}],"about":[{"href":"https:\/\/denizcankizil.tr\/ru\/wp-json\/wp\/v2\/types\/post"}],"author":[{"embeddable":true,"href":"https:\/\/denizcankizil.tr\/ru\/wp-json\/wp\/v2\/users\/5"}],"replies":[{"embeddable":true,"href":"https:\/\/denizcankizil.tr\/ru\/wp-json\/wp\/v2\/comments?post=72904"}],"version-history":[{"count":0,"href":"https:\/\/denizcankizil.tr\/ru\/wp-json\/wp\/v2\/posts\/72904\/revisions"}],"wp:attachment":[{"href":"https:\/\/denizcankizil.tr\/ru\/wp-json\/wp\/v2\/media?parent=72904"}],"wp:term":[{"taxonomy":"category","embeddable":true,"href":"https:\/\/denizcankizil.tr\/ru\/wp-json\/wp\/v2\/categories?post=72904"},{"taxonomy":"post_tag","embeddable":true,"href":"https:\/\/denizcankizil.tr\/ru\/wp-json\/wp\/v2\/tags?post=72904"}],"curies":[{"name":"wp","href":"https:\/\/api.w.org\/{rel}","templated":true}]}}