{"id":72732,"date":"2025-05-01T17:42:11","date_gmt":"2025-05-01T14:42:11","guid":{"rendered":"https:\/\/denizcankizil.tr\/uncategorized-tr\/manisada-baskan-zeyrek-emekcilerle-omuz-omuza-yurudu\/"},"modified":"2025-05-01T17:42:11","modified_gmt":"2025-05-01T14:42:11","slug":"manisada-baskan-zeyrek-emekcilerle-omuz-omuza-yurudu","status":"publish","type":"post","link":"https:\/\/denizcankizil.tr\/ru\/haberler\/gundem\/manisada-baskan-zeyrek-emekcilerle-omuz-omuza-yurudu\/","title":{"rendered":"Manisa&#8217;da Ba\u015fkan Zeyrek emek\u00e7ilerle omuz omuza y\u00fcr\u00fcd\u00fc"},"content":{"rendered":"<p>Manisa B\u00fcy\u00fck\u015fehir Belediye Ba\u015fkan\u0131 Ferdi Zeyrek, 1 May\u0131s Emek ve Dayan\u0131\u015fma G\u00fcn\u00fc&#8217;nde sendikalar, i\u015f\u00e7iler ve vatanda\u015flarla birlikte kortej y\u00fcr\u00fcy\u00fc\u015f\u00fcne kat\u0131larak Cumhuriyet Meydan\u0131\u2019nda halka seslendi.MAN\u0130SA (\u0130GFA)\u00a0 &#8211; 1 May\u0131s Emek ve Dayan\u0131\u015fma G\u00fcn\u00fc kapsam\u0131nda, Manisa\u2019da y\u00fcr\u00fcy\u00fc\u015f d\u00fczenlendi. \u0130\u015f\u00e7iler, sendika temsilcileri, siyasi partiler ve sivil toplum kurulu\u015flar\u0131n\u0131n temsilcileri ile birlikte Sultan Camii\u2019nden Cumhuriyet Meydan\u0131\u2019na y\u00fcr\u00fcy\u00fc\u015f boyunca sloganlar atarak korteje destek veren Ba\u015fkan Zeyrek\u2019e, CHP Manisa \u0130l Ba\u015fkan\u0131 \u0130lksen \u00d6zalper, CHP Manisa Milletvekili Ahmet Vehbi Bak\u0131rl\u0131o\u011flu, \u015eehzadeler Belediye Ba\u015fkan\u0131 G\u00fcl\u015fah Durbay, Yunusemre Belediye Ba\u015fkan\u0131 Semih Balaban ve \u00e7ok say\u0131da vatanda\u015f da e\u015flik etti.\u00a0Cumhuriyet Meydan\u0131\u2019nda kurulan sahnede vatanda\u015flara hitap eden Ba\u015fkan Ferdi Zeyrek, s\u00f6zlerine 1 May\u0131s\u2019\u0131 kutlayarak ba\u015flad\u0131.<\/p>\n<p>Konu\u015fmas\u0131nda de\u011fi\u015fim vurgusu yapan Zeyrek, \u201cHerkesin \u00f6ncelikle 1 May\u0131s \u0130\u015f\u00e7i Bayram\u0131 kutlu olsun. Biz sizlerle 31 Mart\u2019ta bir de\u011fi\u015fim ger\u00e7ekle\u015ftirdik. Karanl\u0131ktan ayd\u0131nl\u0131\u011fa \u00e7\u0131kan yolda, arkada\u015flar\u0131mla birlikte bir de\u011fi\u015fimi ba\u015flatt\u0131k. 1 May\u0131s\u2019ta Cumhuriyet Meydan\u0131\u2019nda olmak, binlerce insanla meydana y\u00fcr\u00fcmek, i\u015fte de\u011fi\u015fim budur. Hepinize binlerce kez te\u015fekk\u00fcr ederim\u201d dedi.<br \/>\nBa\u015fkan Zeyrek, \u201c\u00dclkemiz \u00e7ok karanl\u0131k g\u00fcnlerden ge\u00e7iyor. \u00d6zg\u00fcrce d\u00fc\u015f\u00fcncesini ifade edenler \u015fu anda hapiste yat\u0131yor. Eylem hakk\u0131n\u0131 kullanan \u00fcniversite \u00f6\u011frencilerimiz \u015fu anda hapiste yat\u0131yor. \u2018Hak, hukuk, adalet\u2019 diye kol kola y\u00fcr\u00fcyenler \u015fu anda hapiste yat\u0131yor. Yolsuzluk iddianameleriyle alt\u0131n\u0131 bombo\u015f b\u0131rakt\u0131klar\u0131, a\u011fa\u00e7 isimli gizli tan\u0131klar\u0131n ifadeleriyle yarg\u0131lad\u0131klar\u0131 insanlar \u015fu anda haks\u0131z yere hapiste yat\u0131yor\u201d ifadelerini kulland\u0131.<\/p>\n<p>\u200bManisa B\u00fcy\u00fck\u015fehir Belediye Ba\u015fkan\u0131 Ferdi Zeyrek, 1 May\u0131s Emek ve Dayan\u0131\u015fma G\u00fcn\u00fc&#8217;nde sendikalar, i\u015f\u00e7iler ve vatanda\u015flarla birlikte kortej y\u00fcr\u00fcy\u00fc\u015f\u00fcne kat\u0131larak Cumhuriyet Meydan\u0131\u2019nda halka seslendi.MAN\u0130SA (\u0130GFA)\u00a0 &#8211; 1 May\u0131s Emek ve Dayan\u0131\u015fma G\u00fcn\u00fc kapsam\u0131nda, Manisa\u2019da y\u00fcr\u00fcy\u00fc\u015f d\u00fczenlendi. \u0130\u015f\u00e7iler, sendika temsilcileri, siyasi partiler ve sivil toplum kurulu\u015flar\u0131n\u0131n temsilcileri ile birlikte Sultan Camii\u2019nden Cumhuriyet Meydan\u0131\u2019na y\u00fcr\u00fcy\u00fc\u015f boyunca sloganlar atarak korteje destek veren Ba\u015fkan Zeyrek\u2019e, CHP Manisa \u0130l Ba\u015fkan\u0131 \u0130lksen \u00d6zalper, CHP Manisa Milletvekili Ahmet Vehbi Bak\u0131rl\u0131o\u011flu, \u015eehzadeler Belediye Ba\u015fkan\u0131 G\u00fcl\u015fah Durbay, Yunusemre Belediye Ba\u015fkan\u0131 Semih Balaban ve \u00e7ok say\u0131da vatanda\u015f da e\u015flik etti.\u00a0Cumhuriyet Meydan\u0131\u2019nda kurulan sahnede vatanda\u015flara hitap eden Ba\u015fkan Ferdi Zeyrek, s\u00f6zlerine 1 May\u0131s\u2019\u0131 kutlayarak ba\u015flad\u0131.<\/p>\n<p>Konu\u015fmas\u0131nda de\u011fi\u015fim vurgusu yapan Zeyrek, \u201cHerkesin \u00f6ncelikle 1 May\u0131s \u0130\u015f\u00e7i Bayram\u0131 kutlu olsun. Biz sizlerle 31 Mart\u2019ta bir de\u011fi\u015fim ger\u00e7ekle\u015ftirdik. Karanl\u0131ktan ayd\u0131nl\u0131\u011fa \u00e7\u0131kan yolda, arkada\u015flar\u0131mla birlikte bir de\u011fi\u015fimi ba\u015flatt\u0131k. 1 May\u0131s\u2019ta Cumhuriyet Meydan\u0131\u2019nda olmak, binlerce insanla meydana y\u00fcr\u00fcmek, i\u015fte de\u011fi\u015fim budur. Hepinize binlerce kez te\u015fekk\u00fcr ederim\u201d dedi.<br \/>\nBa\u015fkan Zeyrek, \u201c\u00dclkemiz \u00e7ok karanl\u0131k g\u00fcnlerden ge\u00e7iyor. \u00d6zg\u00fcrce d\u00fc\u015f\u00fcncesini ifade edenler \u015fu anda hapiste yat\u0131yor. Eylem hakk\u0131n\u0131 kullanan \u00fcniversite \u00f6\u011frencilerimiz \u015fu anda hapiste yat\u0131yor. \u2018Hak, hukuk, adalet\u2019 diye kol kola y\u00fcr\u00fcyenler \u015fu anda hapiste yat\u0131yor. Yolsuzluk iddianameleriyle alt\u0131n\u0131 bombo\u015f b\u0131rakt\u0131klar\u0131, a\u011fa\u00e7 isimli gizli tan\u0131klar\u0131n ifadeleriyle yarg\u0131lad\u0131klar\u0131 insanlar \u015fu anda haks\u0131z yere hapiste yat\u0131yor\u201d ifadelerini kulland\u0131.\u00a0<\/p>\n<p>\u200bHaberin Al\u0131nt\u0131land\u0131\u011f\u0131 Kaynak: www.iskenderun.org<\/p>","protected":false},"excerpt":{"rendered":"<p>Manisa B\u00fcy\u00fck\u015fehir Belediye Ba\u015fkan\u0131 Ferdi Zeyrek, 1 May\u0131s Emek ve Dayan\u0131\u015fma G\u00fcn\u00fc&#8217;nde sendikalar, i\u015f\u00e7iler ve vatanda\u015flarla birlikte kortej y\u00fcr\u00fcy\u00fc\u015f\u00fcne kat\u0131larak Cumhuriyet Meydan\u0131\u2019nda halka seslendi.MAN\u0130SA (\u0130GFA)\u00a0 &#8211; 1 May\u0131s Emek ve Dayan\u0131\u015fma G\u00fcn\u00fc kapsam\u0131nda, Manisa\u2019da y\u00fcr\u00fcy\u00fc\u015f d\u00fczenlendi. \u0130\u015f\u00e7iler, sendika temsilcileri, siyasi partiler ve sivil toplum kurulu\u015flar\u0131n\u0131n temsilcileri ile birlikte Sultan Camii\u2019nden Cumhuriyet Meydan\u0131\u2019na y\u00fcr\u00fcy\u00fc\u015f boyunca sloganlar atarak korteje destek veren Ba\u015fkan Zeyrek\u2019e, CHP Manisa \u0130l Ba\u015fkan\u0131 \u0130lksen \u00d6zalper, CHP Manisa Milletvekili Ahmet Vehbi Bak\u0131rl\u0131o\u011flu, \u015eehzadeler Belediye Ba\u015fkan\u0131 G\u00fcl\u015fah Durbay, Yunusemre Belediye Ba\u015fkan\u0131 Semih Balaban ve \u00e7ok say\u0131da vatanda\u015f da e\u015flik etti.\u00a0Cumhuriyet Meydan\u0131\u2019nda kurulan sahnede vatanda\u015flara hitap eden Ba\u015fkan Ferdi Zeyrek, s\u00f6zlerine 1 May\u0131s\u2019\u0131 kutlayarak ba\u015flad\u0131. Konu\u015fmas\u0131nda de\u011fi\u015fim vurgusu yapan Zeyrek, \u201cHerkesin \u00f6ncelikle 1 May\u0131s \u0130\u015f\u00e7i Bayram\u0131 kutlu olsun. Biz sizlerle 31 Mart\u2019ta bir de\u011fi\u015fim ger\u00e7ekle\u015ftirdik. Karanl\u0131ktan ayd\u0131nl\u0131\u011fa \u00e7\u0131kan yolda, arkada\u015flar\u0131mla birlikte bir de\u011fi\u015fimi ba\u015flatt\u0131k. 1 May\u0131s\u2019ta Cumhuriyet Meydan\u0131\u2019nda olmak, binlerce insanla meydana y\u00fcr\u00fcmek, i\u015fte de\u011fi\u015fim budur. Hepinize binlerce kez te\u015fekk\u00fcr ederim\u201d dedi. Ba\u015fkan Zeyrek, \u201c\u00dclkemiz \u00e7ok karanl\u0131k g\u00fcnlerden ge\u00e7iyor. \u00d6zg\u00fcrce d\u00fc\u015f\u00fcncesini ifade edenler \u015fu anda hapiste yat\u0131yor. Eylem hakk\u0131n\u0131 kullanan \u00fcniversite \u00f6\u011frencilerimiz \u015fu anda hapiste yat\u0131yor. \u2018Hak, hukuk, adalet\u2019 diye kol kola y\u00fcr\u00fcyenler \u015fu anda hapiste yat\u0131yor. Yolsuzluk iddianameleriyle alt\u0131n\u0131 bombo\u015f b\u0131rakt\u0131klar\u0131, a\u011fa\u00e7 isimli gizli tan\u0131klar\u0131n ifadeleriyle yarg\u0131lad\u0131klar\u0131 insanlar \u015fu anda &hellip;<\/p>","protected":false},"author":1,"featured_media":0,"comment_status":"","ping_status":"open","sticky":false,"template":"","format":"standard","meta":{"_acf_changed":false,"footnotes":""},"categories":[24],"tags":[],"class_list":["post-72732","post","type-post","status-publish","format-standard","has-post-thumbnail","hentry","category-gundem"],"acf":[],"yoast_head":"<!-- This site is optimized with the Yoast SEO Premium plugin v26.6 (Yoast SEO v27.1.1) - https:\/\/yoast.com\/product\/yoast-seo-premium-wordpress\/ -->\n<title>Manisa&#039;da Ba\u015fkan Zeyrek emek\u00e7ilerle omuz omuza y\u00fcr\u00fcd\u00fc - Av. Deniz Can K\u0131z\u0131l<\/title>\n<meta name=\"robots\" content=\"index, follow, max-snippet:-1, max-image-preview:large, max-video-preview:-1\" \/>\n<link rel=\"canonical\" href=\"https:\/\/denizcankizil.tr\/ru\/haberler\/gundem\/manisada-baskan-zeyrek-emekcilerle-omuz-omuza-yurudu\/\" \/>\n<meta property=\"og:locale\" content=\"ru_RU\" \/>\n<meta property=\"og:type\" content=\"article\" \/>\n<meta property=\"og:title\" content=\"Manisa&#039;da Ba\u015fkan Zeyrek emek\u00e7ilerle omuz omuza y\u00fcr\u00fcd\u00fc\" \/>\n<meta property=\"og:description\" content=\"Manisa B\u00fcy\u00fck\u015fehir Belediye Ba\u015fkan\u0131 Ferdi Zeyrek, 1 May\u0131s Emek ve Dayan\u0131\u015fma G\u00fcn\u00fc&#8217;nde sendikalar, i\u015f\u00e7iler ve vatanda\u015flarla birlikte kortej y\u00fcr\u00fcy\u00fc\u015f\u00fcne kat\u0131larak Cumhuriyet Meydan\u0131\u2019nda halka seslendi.MAN\u0130SA (\u0130GFA)\u00a0 &#8211; 1 May\u0131s Emek ve Dayan\u0131\u015fma G\u00fcn\u00fc kapsam\u0131nda, Manisa\u2019da y\u00fcr\u00fcy\u00fc\u015f d\u00fczenlendi. \u0130\u015f\u00e7iler, sendika temsilcileri, siyasi partiler ve sivil toplum kurulu\u015flar\u0131n\u0131n temsilcileri ile birlikte Sultan Camii\u2019nden Cumhuriyet Meydan\u0131\u2019na y\u00fcr\u00fcy\u00fc\u015f boyunca sloganlar atarak korteje destek veren Ba\u015fkan Zeyrek\u2019e, CHP Manisa \u0130l Ba\u015fkan\u0131 \u0130lksen \u00d6zalper, CHP Manisa Milletvekili Ahmet Vehbi Bak\u0131rl\u0131o\u011flu, \u015eehzadeler Belediye Ba\u015fkan\u0131 G\u00fcl\u015fah Durbay, Yunusemre Belediye Ba\u015fkan\u0131 Semih Balaban ve \u00e7ok say\u0131da vatanda\u015f da e\u015flik etti.\u00a0Cumhuriyet Meydan\u0131\u2019nda kurulan sahnede vatanda\u015flara hitap eden Ba\u015fkan Ferdi Zeyrek, s\u00f6zlerine 1 May\u0131s\u2019\u0131 kutlayarak ba\u015flad\u0131. Konu\u015fmas\u0131nda de\u011fi\u015fim vurgusu yapan Zeyrek, \u201cHerkesin \u00f6ncelikle 1 May\u0131s \u0130\u015f\u00e7i Bayram\u0131 kutlu olsun. Biz sizlerle 31 Mart\u2019ta bir de\u011fi\u015fim ger\u00e7ekle\u015ftirdik. Karanl\u0131ktan ayd\u0131nl\u0131\u011fa \u00e7\u0131kan yolda, arkada\u015flar\u0131mla birlikte bir de\u011fi\u015fimi ba\u015flatt\u0131k. 1 May\u0131s\u2019ta Cumhuriyet Meydan\u0131\u2019nda olmak, binlerce insanla meydana y\u00fcr\u00fcmek, i\u015fte de\u011fi\u015fim budur. Hepinize binlerce kez te\u015fekk\u00fcr ederim\u201d dedi. Ba\u015fkan Zeyrek, \u201c\u00dclkemiz \u00e7ok karanl\u0131k g\u00fcnlerden ge\u00e7iyor. \u00d6zg\u00fcrce d\u00fc\u015f\u00fcncesini ifade edenler \u015fu anda hapiste yat\u0131yor. Eylem hakk\u0131n\u0131 kullanan \u00fcniversite \u00f6\u011frencilerimiz \u015fu anda hapiste yat\u0131yor. \u2018Hak, hukuk, adalet\u2019 diye kol kola y\u00fcr\u00fcyenler \u015fu anda hapiste yat\u0131yor. Yolsuzluk iddianameleriyle alt\u0131n\u0131 bombo\u015f b\u0131rakt\u0131klar\u0131, a\u011fa\u00e7 isimli gizli tan\u0131klar\u0131n ifadeleriyle yarg\u0131lad\u0131klar\u0131 insanlar \u015fu anda &hellip;\" \/>\n<meta property=\"og:url\" content=\"https:\/\/denizcankizil.tr\/ru\/haberler\/gundem\/manisada-baskan-zeyrek-emekcilerle-omuz-omuza-yurudu\/\" \/>\n<meta property=\"og:site_name\" content=\"Av. Deniz Can K\u0131z\u0131l\" \/>\n<meta property=\"article:published_time\" content=\"2025-05-01T14:42:11+00:00\" \/>\n<meta name=\"author\" content=\"admin\" \/>\n<meta name=\"twitter:card\" content=\"summary_large_image\" \/>\n<meta name=\"twitter:label1\" content=\"\u041d\u0430\u043f\u0438\u0441\u0430\u043d\u043e \u0430\u0432\u0442\u043e\u0440\u043e\u043c\" \/>\n\t<meta name=\"twitter:data1\" content=\"admin\" \/>\n\t<meta name=\"twitter:label2\" content=\"\u041f\u0440\u0438\u043c\u0435\u0440\u043d\u043e\u0435 \u0432\u0440\u0435\u043c\u044f \u0434\u043b\u044f \u0447\u0442\u0435\u043d\u0438\u044f\" \/>\n\t<meta name=\"twitter:data2\" content=\"3 \u043c\u0438\u043d\u0443\u0442\u044b\" \/>\n<script type=\"application\/ld+json\" class=\"yoast-schema-graph\">{\"@context\":\"https:\/\/schema.org\",\"@graph\":[{\"@type\":\"Article\",\"@id\":\"https:\/\/denizcankizil.tr\/ru\/haberler\/gundem\/manisada-baskan-zeyrek-emekcilerle-omuz-omuza-yurudu\/#article\",\"isPartOf\":{\"@id\":\"https:\/\/denizcankizil.tr\/ru\/haberler\/gundem\/manisada-baskan-zeyrek-emekcilerle-omuz-omuza-yurudu\/\"},\"author\":{\"name\":\"admin\",\"@id\":\"https:\/\/denizcankizil.tr\/de\/#\/schema\/person\/be3c05fe6a12686905512445d8185489\"},\"headline\":\"Manisa&#8217;da Ba\u015fkan Zeyrek emek\u00e7ilerle omuz omuza y\u00fcr\u00fcd\u00fc\",\"datePublished\":\"2025-05-01T14:42:11+00:00\",\"mainEntityOfPage\":{\"@id\":\"https:\/\/denizcankizil.tr\/ru\/haberler\/gundem\/manisada-baskan-zeyrek-emekcilerle-omuz-omuza-yurudu\/\"},\"wordCount\":624,\"publisher\":{\"@id\":\"https:\/\/denizcankizil.tr\/de\/#organization\"},\"articleSection\":[\"G\u00fcndem\"],\"inLanguage\":\"ru-RU\"},{\"@type\":\"WebPage\",\"@id\":\"https:\/\/denizcankizil.tr\/ru\/haberler\/gundem\/manisada-baskan-zeyrek-emekcilerle-omuz-omuza-yurudu\/\",\"url\":\"https:\/\/denizcankizil.tr\/ru\/haberler\/gundem\/manisada-baskan-zeyrek-emekcilerle-omuz-omuza-yurudu\/\",\"name\":\"Manisa'da Ba\u015fkan Zeyrek emek\u00e7ilerle omuz omuza y\u00fcr\u00fcd\u00fc - Av. Deniz Can K\u0131z\u0131l\",\"isPartOf\":{\"@id\":\"https:\/\/denizcankizil.tr\/de\/#website\"},\"datePublished\":\"2025-05-01T14:42:11+00:00\",\"breadcrumb\":{\"@id\":\"https:\/\/denizcankizil.tr\/ru\/haberler\/gundem\/manisada-baskan-zeyrek-emekcilerle-omuz-omuza-yurudu\/#breadcrumb\"},\"inLanguage\":\"ru-RU\",\"potentialAction\":[{\"@type\":\"ReadAction\",\"target\":[\"https:\/\/denizcankizil.tr\/ru\/haberler\/gundem\/manisada-baskan-zeyrek-emekcilerle-omuz-omuza-yurudu\/\"]}]},{\"@type\":\"BreadcrumbList\",\"@id\":\"https:\/\/denizcankizil.tr\/ru\/haberler\/gundem\/manisada-baskan-zeyrek-emekcilerle-omuz-omuza-yurudu\/#breadcrumb\",\"itemListElement\":[{\"@type\":\"ListItem\",\"position\":1,\"name\":\"Home\",\"item\":\"https:\/\/denizcankizil.tr\/de\/\"},{\"@type\":\"ListItem\",\"position\":2,\"name\":\"Manisa&#8217;da Ba\u015fkan Zeyrek emek\u00e7ilerle omuz omuza y\u00fcr\u00fcd\u00fc\"}]},{\"@type\":\"WebSite\",\"@id\":\"https:\/\/denizcankizil.tr\/de\/#website\",\"url\":\"https:\/\/denizcankizil.tr\/de\/\",\"name\":\"Av. Deniz Can K\u0131z\u0131l\",\"description\":\"Avukat Deniz Can K\u0131z\u0131l Antalya Barosu\",\"publisher\":{\"@id\":\"https:\/\/denizcankizil.tr\/de\/#organization\"},\"potentialAction\":[{\"@type\":\"SearchAction\",\"target\":{\"@type\":\"EntryPoint\",\"urlTemplate\":\"https:\/\/denizcankizil.tr\/de\/?s={search_term_string}\"},\"query-input\":{\"@type\":\"PropertyValueSpecification\",\"valueRequired\":true,\"valueName\":\"search_term_string\"}}],\"inLanguage\":\"ru-RU\"},{\"@type\":\"Organization\",\"@id\":\"https:\/\/denizcankizil.tr\/de\/#organization\",\"name\":\"Av. Deniz Can K\u0131z\u0131l\",\"url\":\"https:\/\/denizcankizil.tr\/de\/\",\"logo\":{\"@type\":\"ImageObject\",\"inLanguage\":\"ru-RU\",\"@id\":\"https:\/\/denizcankizil.tr\/de\/#\/schema\/logo\/image\/\",\"url\":\"https:\/\/denizcankizil.tr\/wp-content\/uploads\/2024\/10\/siyah-logo-svg.svg\",\"contentUrl\":\"https:\/\/denizcankizil.tr\/wp-content\/uploads\/2024\/10\/siyah-logo-svg.svg\",\"width\":1080,\"height\":1080,\"caption\":\"Av. Deniz Can K\u0131z\u0131l\"},\"image\":{\"@id\":\"https:\/\/denizcankizil.tr\/de\/#\/schema\/logo\/image\/\"}},{\"@type\":\"Person\",\"@id\":\"https:\/\/denizcankizil.tr\/de\/#\/schema\/person\/be3c05fe6a12686905512445d8185489\",\"name\":\"admin\",\"image\":{\"@type\":\"ImageObject\",\"inLanguage\":\"ru-RU\",\"@id\":\"https:\/\/denizcankizil.tr\/de\/#\/schema\/person\/image\/\",\"url\":\"https:\/\/secure.gravatar.com\/avatar\/c1fce94c830dc79107e174f890d7210541c4a63e8e5d816341794a2151c9d58c?s=96&d=mm&r=g\",\"contentUrl\":\"https:\/\/secure.gravatar.com\/avatar\/c1fce94c830dc79107e174f890d7210541c4a63e8e5d816341794a2151c9d58c?s=96&d=mm&r=g\",\"caption\":\"admin\"},\"sameAs\":[\"http:\/\/denizcankizil.tr\"],\"url\":\"https:\/\/www.iskenderun.org\/manisada-baskan-zeyrek-emekcilerle-omuz-omuza-yurudu\"}]}<\/script>\n<!-- \/ Yoast SEO Premium plugin. -->","yoast_head_json":{"title":"Manisa'da Ba\u015fkan Zeyrek emek\u00e7ilerle omuz omuza y\u00fcr\u00fcd\u00fc - Av. Deniz Can K\u0131z\u0131l","robots":{"index":"index","follow":"follow","max-snippet":"max-snippet:-1","max-image-preview":"max-image-preview:large","max-video-preview":"max-video-preview:-1"},"canonical":"https:\/\/denizcankizil.tr\/ru\/haberler\/gundem\/manisada-baskan-zeyrek-emekcilerle-omuz-omuza-yurudu\/","og_locale":"ru_RU","og_type":"article","og_title":"Manisa'da Ba\u015fkan Zeyrek emek\u00e7ilerle omuz omuza y\u00fcr\u00fcd\u00fc","og_description":"Manisa B\u00fcy\u00fck\u015fehir Belediye Ba\u015fkan\u0131 Ferdi Zeyrek, 1 May\u0131s Emek ve Dayan\u0131\u015fma G\u00fcn\u00fc&#8217;nde sendikalar, i\u015f\u00e7iler ve vatanda\u015flarla birlikte kortej y\u00fcr\u00fcy\u00fc\u015f\u00fcne kat\u0131larak Cumhuriyet Meydan\u0131\u2019nda halka seslendi.MAN\u0130SA (\u0130GFA)\u00a0 &#8211; 1 May\u0131s Emek ve Dayan\u0131\u015fma G\u00fcn\u00fc kapsam\u0131nda, Manisa\u2019da y\u00fcr\u00fcy\u00fc\u015f d\u00fczenlendi. \u0130\u015f\u00e7iler, sendika temsilcileri, siyasi partiler ve sivil toplum kurulu\u015flar\u0131n\u0131n temsilcileri ile birlikte Sultan Camii\u2019nden Cumhuriyet Meydan\u0131\u2019na y\u00fcr\u00fcy\u00fc\u015f boyunca sloganlar atarak korteje destek veren Ba\u015fkan Zeyrek\u2019e, CHP Manisa \u0130l Ba\u015fkan\u0131 \u0130lksen \u00d6zalper, CHP Manisa Milletvekili Ahmet Vehbi Bak\u0131rl\u0131o\u011flu, \u015eehzadeler Belediye Ba\u015fkan\u0131 G\u00fcl\u015fah Durbay, Yunusemre Belediye Ba\u015fkan\u0131 Semih Balaban ve \u00e7ok say\u0131da vatanda\u015f da e\u015flik etti.\u00a0Cumhuriyet Meydan\u0131\u2019nda kurulan sahnede vatanda\u015flara hitap eden Ba\u015fkan Ferdi Zeyrek, s\u00f6zlerine 1 May\u0131s\u2019\u0131 kutlayarak ba\u015flad\u0131. Konu\u015fmas\u0131nda de\u011fi\u015fim vurgusu yapan Zeyrek, \u201cHerkesin \u00f6ncelikle 1 May\u0131s \u0130\u015f\u00e7i Bayram\u0131 kutlu olsun. Biz sizlerle 31 Mart\u2019ta bir de\u011fi\u015fim ger\u00e7ekle\u015ftirdik. Karanl\u0131ktan ayd\u0131nl\u0131\u011fa \u00e7\u0131kan yolda, arkada\u015flar\u0131mla birlikte bir de\u011fi\u015fimi ba\u015flatt\u0131k. 1 May\u0131s\u2019ta Cumhuriyet Meydan\u0131\u2019nda olmak, binlerce insanla meydana y\u00fcr\u00fcmek, i\u015fte de\u011fi\u015fim budur. Hepinize binlerce kez te\u015fekk\u00fcr ederim\u201d dedi. Ba\u015fkan Zeyrek, \u201c\u00dclkemiz \u00e7ok karanl\u0131k g\u00fcnlerden ge\u00e7iyor. \u00d6zg\u00fcrce d\u00fc\u015f\u00fcncesini ifade edenler \u015fu anda hapiste yat\u0131yor. Eylem hakk\u0131n\u0131 kullanan \u00fcniversite \u00f6\u011frencilerimiz \u015fu anda hapiste yat\u0131yor. \u2018Hak, hukuk, adalet\u2019 diye kol kola y\u00fcr\u00fcyenler \u015fu anda hapiste yat\u0131yor. Yolsuzluk iddianameleriyle alt\u0131n\u0131 bombo\u015f b\u0131rakt\u0131klar\u0131, a\u011fa\u00e7 isimli gizli tan\u0131klar\u0131n ifadeleriyle yarg\u0131lad\u0131klar\u0131 insanlar \u015fu anda &hellip;","og_url":"https:\/\/denizcankizil.tr\/ru\/haberler\/gundem\/manisada-baskan-zeyrek-emekcilerle-omuz-omuza-yurudu\/","og_site_name":"Av. Deniz Can K\u0131z\u0131l","article_published_time":"2025-05-01T14:42:11+00:00","author":"admin","twitter_card":"summary_large_image","twitter_misc":{"\u041d\u0430\u043f\u0438\u0441\u0430\u043d\u043e \u0430\u0432\u0442\u043e\u0440\u043e\u043c":"admin","\u041f\u0440\u0438\u043c\u0435\u0440\u043d\u043e\u0435 \u0432\u0440\u0435\u043c\u044f \u0434\u043b\u044f \u0447\u0442\u0435\u043d\u0438\u044f":"3 \u043c\u0438\u043d\u0443\u0442\u044b"},"schema":{"@context":"https:\/\/schema.org","@graph":[{"@type":"Article","@id":"https:\/\/denizcankizil.tr\/ru\/haberler\/gundem\/manisada-baskan-zeyrek-emekcilerle-omuz-omuza-yurudu\/#article","isPartOf":{"@id":"https:\/\/denizcankizil.tr\/ru\/haberler\/gundem\/manisada-baskan-zeyrek-emekcilerle-omuz-omuza-yurudu\/"},"author":{"name":"admin","@id":"https:\/\/denizcankizil.tr\/de\/#\/schema\/person\/be3c05fe6a12686905512445d8185489"},"headline":"Manisa&#8217;da Ba\u015fkan Zeyrek emek\u00e7ilerle omuz omuza y\u00fcr\u00fcd\u00fc","datePublished":"2025-05-01T14:42:11+00:00","mainEntityOfPage":{"@id":"https:\/\/denizcankizil.tr\/ru\/haberler\/gundem\/manisada-baskan-zeyrek-emekcilerle-omuz-omuza-yurudu\/"},"wordCount":624,"publisher":{"@id":"https:\/\/denizcankizil.tr\/de\/#organization"},"articleSection":["G\u00fcndem"],"inLanguage":"ru-RU"},{"@type":"WebPage","@id":"https:\/\/denizcankizil.tr\/ru\/haberler\/gundem\/manisada-baskan-zeyrek-emekcilerle-omuz-omuza-yurudu\/","url":"https:\/\/denizcankizil.tr\/ru\/haberler\/gundem\/manisada-baskan-zeyrek-emekcilerle-omuz-omuza-yurudu\/","name":"Manisa'da Ba\u015fkan Zeyrek emek\u00e7ilerle omuz omuza y\u00fcr\u00fcd\u00fc - Av. Deniz Can K\u0131z\u0131l","isPartOf":{"@id":"https:\/\/denizcankizil.tr\/de\/#website"},"datePublished":"2025-05-01T14:42:11+00:00","breadcrumb":{"@id":"https:\/\/denizcankizil.tr\/ru\/haberler\/gundem\/manisada-baskan-zeyrek-emekcilerle-omuz-omuza-yurudu\/#breadcrumb"},"inLanguage":"ru-RU","potentialAction":[{"@type":"ReadAction","target":["https:\/\/denizcankizil.tr\/ru\/haberler\/gundem\/manisada-baskan-zeyrek-emekcilerle-omuz-omuza-yurudu\/"]}]},{"@type":"BreadcrumbList","@id":"https:\/\/denizcankizil.tr\/ru\/haberler\/gundem\/manisada-baskan-zeyrek-emekcilerle-omuz-omuza-yurudu\/#breadcrumb","itemListElement":[{"@type":"ListItem","position":1,"name":"Home","item":"https:\/\/denizcankizil.tr\/de\/"},{"@type":"ListItem","position":2,"name":"Manisa&#8217;da Ba\u015fkan Zeyrek emek\u00e7ilerle omuz omuza y\u00fcr\u00fcd\u00fc"}]},{"@type":"WebSite","@id":"https:\/\/denizcankizil.tr\/de\/#website","url":"https:\/\/denizcankizil.tr\/de\/","name":"Av. Deniz Can K\u0131z\u0131l","description":"Avukat Deniz Can K\u0131z\u0131l Antalya Barosu","publisher":{"@id":"https:\/\/denizcankizil.tr\/de\/#organization"},"potentialAction":[{"@type":"SearchAction","target":{"@type":"EntryPoint","urlTemplate":"https:\/\/denizcankizil.tr\/de\/?s={search_term_string}"},"query-input":{"@type":"PropertyValueSpecification","valueRequired":true,"valueName":"search_term_string"}}],"inLanguage":"ru-RU"},{"@type":"Organization","@id":"https:\/\/denizcankizil.tr\/de\/#organization","name":"Av. Deniz Can K\u0131z\u0131l","url":"https:\/\/denizcankizil.tr\/de\/","logo":{"@type":"ImageObject","inLanguage":"ru-RU","@id":"https:\/\/denizcankizil.tr\/de\/#\/schema\/logo\/image\/","url":"https:\/\/denizcankizil.tr\/wp-content\/uploads\/2024\/10\/siyah-logo-svg.svg","contentUrl":"https:\/\/denizcankizil.tr\/wp-content\/uploads\/2024\/10\/siyah-logo-svg.svg","width":1080,"height":1080,"caption":"Av. Deniz Can K\u0131z\u0131l"},"image":{"@id":"https:\/\/denizcankizil.tr\/de\/#\/schema\/logo\/image\/"}},{"@type":"Person","@id":"https:\/\/denizcankizil.tr\/de\/#\/schema\/person\/be3c05fe6a12686905512445d8185489","name":"\u0430\u0434\u043c\u0438\u043d","image":{"@type":"ImageObject","inLanguage":"ru-RU","@id":"https:\/\/denizcankizil.tr\/de\/#\/schema\/person\/image\/","url":"https:\/\/secure.gravatar.com\/avatar\/c1fce94c830dc79107e174f890d7210541c4a63e8e5d816341794a2151c9d58c?s=96&d=mm&r=g","contentUrl":"https:\/\/secure.gravatar.com\/avatar\/c1fce94c830dc79107e174f890d7210541c4a63e8e5d816341794a2151c9d58c?s=96&d=mm&r=g","caption":"admin"},"sameAs":["http:\/\/denizcankizil.tr"],"url":"https:\/\/www.iskenderun.org\/manisada-baskan-zeyrek-emekcilerle-omuz-omuza-yurudu"}]}},"_links":{"self":[{"href":"https:\/\/denizcankizil.tr\/ru\/wp-json\/wp\/v2\/posts\/72732","targetHints":{"allow":["GET"]}}],"collection":[{"href":"https:\/\/denizcankizil.tr\/ru\/wp-json\/wp\/v2\/posts"}],"about":[{"href":"https:\/\/denizcankizil.tr\/ru\/wp-json\/wp\/v2\/types\/post"}],"author":[{"embeddable":true,"href":"https:\/\/denizcankizil.tr\/ru\/wp-json\/wp\/v2\/users\/1"}],"replies":[{"embeddable":true,"href":"https:\/\/denizcankizil.tr\/ru\/wp-json\/wp\/v2\/comments?post=72732"}],"version-history":[{"count":0,"href":"https:\/\/denizcankizil.tr\/ru\/wp-json\/wp\/v2\/posts\/72732\/revisions"}],"wp:attachment":[{"href":"https:\/\/denizcankizil.tr\/ru\/wp-json\/wp\/v2\/media?parent=72732"}],"wp:term":[{"taxonomy":"category","embeddable":true,"href":"https:\/\/denizcankizil.tr\/ru\/wp-json\/wp\/v2\/categories?post=72732"},{"taxonomy":"post_tag","embeddable":true,"href":"https:\/\/denizcankizil.tr\/ru\/wp-json\/wp\/v2\/tags?post=72732"}],"curies":[{"name":"wp","href":"https:\/\/api.w.org\/{rel}","templated":true}]}}