{"id":7207,"date":"2024-10-23T18:42:14","date_gmt":"2024-10-23T15:42:14","guid":{"rendered":"https:\/\/denizcankizil.tr\/uncategorized-tr\/koskinin-altyapisina-dijital-donusum\/"},"modified":"2024-10-23T18:42:14","modified_gmt":"2024-10-23T15:42:14","slug":"koskinin-altyapisina-dijital-donusum","status":"publish","type":"post","link":"https:\/\/denizcankizil.tr\/ru\/haberler\/gundem\/koskinin-altyapisina-dijital-donusum\/","title":{"rendered":"KOSK\u0130&#8217;nin altyap\u0131s\u0131na dijital d\u00f6n\u00fc\u015f\u00fcm"},"content":{"rendered":"<p>Konya B\u00fcy\u00fck\u015fehir Belediyesi KOSK\u0130 Genel M\u00fcd\u00fcrl\u00fc\u011f\u00fc, Konya genelinde il\u00e7e merkezleri ba\u015fta olmak \u00fczere t\u00fcm yerle\u015fim yerlerinin su ve kanalizasyon altyap\u0131s\u0131n\u0131n modernize edilmesi i\u00e7in kapsaml\u0131 bir say\u0131salla\u015ft\u0131rma \u00e7al\u0131\u015fmas\u0131 y\u00fcr\u00fct\u00fcyor.KONYA (\u0130GFA)\u00a0 &#8211; Konya B\u00fcy\u00fck\u015fehir Belediyesi KOSK\u0130 Genel M\u00fcd\u00fcrl\u00fc\u011f\u00fc, \u015fehrin su ve kanalizasyon altyap\u0131s\u0131n\u0131 daha da modernle\u015ftirmek i\u00e7in kapsaml\u0131 bir say\u0131salla\u015ft\u0131rma \u00e7al\u0131\u015fmas\u0131 y\u00fcr\u00fct\u00fcyor.<br \/>\nKonya genelindeki il\u00e7e merkezleri ba\u015fta olmak \u00fczere t\u00fcm yerle\u015fim yerlerini \u00e7evreleyecek \u015fekilde ba\u015flat\u0131lan \u00e7al\u0131\u015fma, \u00f6zellikle su kesme b\u00f6lgelerinin olu\u015fturulmas\u0131 ve altyap\u0131 sistemlerinin dijital ortama aktar\u0131lmas\u0131yla, \u015fehrin altyap\u0131s\u0131n\u0131n daha etkin ve verimli y\u00f6netilmesine katk\u0131 sunacak.<br \/>\nKAPSAMLI B\u0130R ALTYAPI HAR\u0130TASI \u00c7IKARILIYOR<br \/>\n18 il\u00e7e merkezi ile 6 mahallenin su, 3 il\u00e7e merkezi ve 1 mahallenin ise kanalizasyon altyap\u0131s\u0131n\u0131n say\u0131salla\u015ft\u0131r\u0131lmas\u0131yla \u00f6nemli bir a\u015famaya ula\u015fan Konya B\u00fcy\u00fck\u015fehir Belediyesi KOSK\u0130 Genel M\u00fcd\u00fcrl\u00fc\u011f\u00fc, \u00e7al\u0131\u015fmalar\u0131n tamamlanmas\u0131yla birlikte, ihtiya\u00e7 duyulan vanalar\u0131 yer \u00fcst\u00fcne \u00e7\u0131karacak, \u00e7al\u0131\u015fmayan vanalar\u0131 aktif hale getirecek ve su kesme b\u00f6lgeleri olu\u015fturacak. Bu b\u00f6lgeler, test edilerek faaliyete ge\u00e7irilecek ve i\u015fletmelere, s\u0131n\u0131rlar\u0131 ve besleme yerlerini g\u00f6steren renklendirilmi\u015f haritalar teslim edilecek.<\/p>\n<p>Konya B\u00fcy\u00fck\u015fehir Belediyesi KOSK\u0130 Genel M\u00fcd\u00fcrl\u00fc\u011f\u00fc, 2025 y\u0131l\u0131 May\u0131s ay\u0131na kadar il\u00e7e merkezlerinin say\u0131salla\u015ft\u0131r\u0131lmas\u0131n\u0131 tamamlamay\u0131 ve su kesme b\u00f6lgeleri i\u00e7in gerekli vanalar\u0131n tespitini planl\u0131yor. 2026 y\u0131l\u0131 sonuna kadar bu vanalar\u0131n yer \u00fcst\u00fcne \u00e7\u0131kar\u0131lmas\u0131 ve ihtiya\u00e7 duyulan yerlerde yeni vanalar\u0131n eklenmesi hedefleniyor. Su kesme b\u00f6lgelerinin 2027 y\u0131l\u0131 sonuna kadar ise test edilip faaliyete ge\u00e7irilmesi \u00f6ng\u00f6r\u00fcl\u00fcyor.<br \/>\nSAYISALLA\u015eTIRMANIN GET\u0130RECE\u011e\u0130 YEN\u0130L\u0130KLER VE FAYDALAR<br \/>\nAltyap\u0131n\u0131n say\u0131salla\u015ft\u0131r\u0131lmas\u0131, \u015febeke \u00fczerinde yap\u0131lacak t\u00fcm \u00e7al\u0131\u015fmalarda b\u00fcy\u00fck avantajlar sunacak. Yeni \u015febeke projelerinin haz\u0131rlanmas\u0131nda, \u00f6zellikle b\u00fcy\u00fck \u00e7apl\u0131 projelerde; hatt\u0131n \u00e7ap\u0131, g\u00fczergah\u0131 ve besleme alan\u0131 gibi kritik bilgilerin bilinmesi gerekecek. Ba\u011flant\u0131 \u00e7al\u0131\u015fmalar\u0131nda kullan\u0131lacak malzemenin tespiti i\u00e7in boru cinsinin bilinmesi zorunlu olacak. Ayr\u0131ca, y\u00fcksek bas\u0131n\u00e7 nedeniyle s\u0131k s\u0131k ar\u0131zalanan \u015febekelere bas\u0131n\u00e7 k\u0131r\u0131c\u0131 eklenmesi i\u00e7in hatt\u0131n dayan\u0131kl\u0131l\u0131\u011f\u0131 gibi teknik bilgilerin say\u0131sal ortamda bulunmas\u0131 zorunlu olacak.<\/p>\n<p>\u200bKonya B\u00fcy\u00fck\u015fehir Belediyesi KOSK\u0130 Genel M\u00fcd\u00fcrl\u00fc\u011f\u00fc, Konya genelinde il\u00e7e merkezleri ba\u015fta olmak \u00fczere t\u00fcm yerle\u015fim yerlerinin su ve kanalizasyon altyap\u0131s\u0131n\u0131n modernize edilmesi i\u00e7in kapsaml\u0131 bir say\u0131salla\u015ft\u0131rma \u00e7al\u0131\u015fmas\u0131 y\u00fcr\u00fct\u00fcyor\u00a0<\/p>\n<p>\u200bHaberin Al\u0131nt\u0131land\u0131\u011f\u0131 Kaynak: www.iskenderun.org<\/p>","protected":false},"excerpt":{"rendered":"<p>Konya B\u00fcy\u00fck\u015fehir Belediyesi KOSK\u0130 Genel M\u00fcd\u00fcrl\u00fc\u011f\u00fc, Konya genelinde il\u00e7e merkezleri ba\u015fta olmak \u00fczere t\u00fcm yerle\u015fim yerlerinin su ve kanalizasyon altyap\u0131s\u0131n\u0131n modernize edilmesi i\u00e7in kapsaml\u0131 bir say\u0131salla\u015ft\u0131rma \u00e7al\u0131\u015fmas\u0131 y\u00fcr\u00fct\u00fcyor.KONYA (\u0130GFA)\u00a0 &#8211; Konya B\u00fcy\u00fck\u015fehir Belediyesi KOSK\u0130 Genel M\u00fcd\u00fcrl\u00fc\u011f\u00fc, \u015fehrin su ve kanalizasyon altyap\u0131s\u0131n\u0131 daha da modernle\u015ftirmek i\u00e7in kapsaml\u0131 bir say\u0131salla\u015ft\u0131rma \u00e7al\u0131\u015fmas\u0131 y\u00fcr\u00fct\u00fcyor. Konya genelindeki il\u00e7e merkezleri ba\u015fta olmak \u00fczere t\u00fcm yerle\u015fim yerlerini \u00e7evreleyecek \u015fekilde ba\u015flat\u0131lan \u00e7al\u0131\u015fma, \u00f6zellikle su kesme b\u00f6lgelerinin olu\u015fturulmas\u0131 ve altyap\u0131 sistemlerinin dijital ortama aktar\u0131lmas\u0131yla, \u015fehrin altyap\u0131s\u0131n\u0131n daha etkin ve verimli y\u00f6netilmesine katk\u0131 sunacak. KAPSAMLI B\u0130R ALTYAPI HAR\u0130TASI \u00c7IKARILIYOR 18 il\u00e7e merkezi ile 6 mahallenin su, 3 il\u00e7e merkezi ve 1 mahallenin ise kanalizasyon altyap\u0131s\u0131n\u0131n say\u0131salla\u015ft\u0131r\u0131lmas\u0131yla \u00f6nemli bir a\u015famaya ula\u015fan Konya B\u00fcy\u00fck\u015fehir Belediyesi KOSK\u0130 Genel M\u00fcd\u00fcrl\u00fc\u011f\u00fc, \u00e7al\u0131\u015fmalar\u0131n tamamlanmas\u0131yla birlikte, ihtiya\u00e7 duyulan vanalar\u0131 yer \u00fcst\u00fcne \u00e7\u0131karacak, \u00e7al\u0131\u015fmayan vanalar\u0131 aktif hale getirecek ve su kesme b\u00f6lgeleri olu\u015fturacak. Bu b\u00f6lgeler, test edilerek faaliyete ge\u00e7irilecek ve i\u015fletmelere, s\u0131n\u0131rlar\u0131 ve besleme yerlerini g\u00f6steren renklendirilmi\u015f haritalar teslim edilecek. Konya B\u00fcy\u00fck\u015fehir Belediyesi KOSK\u0130 Genel M\u00fcd\u00fcrl\u00fc\u011f\u00fc, 2025 y\u0131l\u0131 May\u0131s ay\u0131na kadar il\u00e7e merkezlerinin say\u0131salla\u015ft\u0131r\u0131lmas\u0131n\u0131 tamamlamay\u0131 ve su kesme b\u00f6lgeleri i\u00e7in gerekli vanalar\u0131n tespitini planl\u0131yor. 2026 y\u0131l\u0131 sonuna kadar bu vanalar\u0131n yer \u00fcst\u00fcne \u00e7\u0131kar\u0131lmas\u0131 ve ihtiya\u00e7 duyulan yerlerde yeni vanalar\u0131n eklenmesi hedefleniyor. Su kesme b\u00f6lgelerinin 2027 y\u0131l\u0131 sonuna kadar &hellip;<\/p>","protected":false},"author":0,"featured_media":0,"comment_status":"open","ping_status":"open","sticky":false,"template":"","format":"standard","meta":{"_acf_changed":false,"footnotes":""},"categories":[24,535],"tags":[],"class_list":["post-7207","post","type-post","status-publish","format-standard","has-post-thumbnail","hentry","category-gundem","category-uncategorized-tr"],"acf":[],"yoast_head":"<!-- This site is optimized with the Yoast SEO Premium plugin v26.6 (Yoast SEO v27.1.1) - https:\/\/yoast.com\/product\/yoast-seo-premium-wordpress\/ -->\n<title>KOSK\u0130&#039;nin altyap\u0131s\u0131na dijital d\u00f6n\u00fc\u015f\u00fcm - Av. Deniz Can K\u0131z\u0131l<\/title>\n<meta name=\"robots\" content=\"index, follow, max-snippet:-1, max-image-preview:large, max-video-preview:-1\" \/>\n<link rel=\"canonical\" href=\"https:\/\/denizcankizil.tr\/ru\/haberler\/gundem\/koskinin-altyapisina-dijital-donusum\/\" \/>\n<meta property=\"og:locale\" content=\"ru_RU\" \/>\n<meta property=\"og:type\" content=\"article\" \/>\n<meta property=\"og:title\" content=\"KOSK\u0130&#039;nin altyap\u0131s\u0131na dijital d\u00f6n\u00fc\u015f\u00fcm\" \/>\n<meta property=\"og:description\" content=\"Konya B\u00fcy\u00fck\u015fehir Belediyesi KOSK\u0130 Genel M\u00fcd\u00fcrl\u00fc\u011f\u00fc, Konya genelinde il\u00e7e merkezleri ba\u015fta olmak \u00fczere t\u00fcm yerle\u015fim yerlerinin su ve kanalizasyon altyap\u0131s\u0131n\u0131n modernize edilmesi i\u00e7in kapsaml\u0131 bir say\u0131salla\u015ft\u0131rma \u00e7al\u0131\u015fmas\u0131 y\u00fcr\u00fct\u00fcyor.KONYA (\u0130GFA)\u00a0 &#8211; Konya B\u00fcy\u00fck\u015fehir Belediyesi KOSK\u0130 Genel M\u00fcd\u00fcrl\u00fc\u011f\u00fc, \u015fehrin su ve kanalizasyon altyap\u0131s\u0131n\u0131 daha da modernle\u015ftirmek i\u00e7in kapsaml\u0131 bir say\u0131salla\u015ft\u0131rma \u00e7al\u0131\u015fmas\u0131 y\u00fcr\u00fct\u00fcyor. Konya genelindeki il\u00e7e merkezleri ba\u015fta olmak \u00fczere t\u00fcm yerle\u015fim yerlerini \u00e7evreleyecek \u015fekilde ba\u015flat\u0131lan \u00e7al\u0131\u015fma, \u00f6zellikle su kesme b\u00f6lgelerinin olu\u015fturulmas\u0131 ve altyap\u0131 sistemlerinin dijital ortama aktar\u0131lmas\u0131yla, \u015fehrin altyap\u0131s\u0131n\u0131n daha etkin ve verimli y\u00f6netilmesine katk\u0131 sunacak. KAPSAMLI B\u0130R ALTYAPI HAR\u0130TASI \u00c7IKARILIYOR 18 il\u00e7e merkezi ile 6 mahallenin su, 3 il\u00e7e merkezi ve 1 mahallenin ise kanalizasyon altyap\u0131s\u0131n\u0131n say\u0131salla\u015ft\u0131r\u0131lmas\u0131yla \u00f6nemli bir a\u015famaya ula\u015fan Konya B\u00fcy\u00fck\u015fehir Belediyesi KOSK\u0130 Genel M\u00fcd\u00fcrl\u00fc\u011f\u00fc, \u00e7al\u0131\u015fmalar\u0131n tamamlanmas\u0131yla birlikte, ihtiya\u00e7 duyulan vanalar\u0131 yer \u00fcst\u00fcne \u00e7\u0131karacak, \u00e7al\u0131\u015fmayan vanalar\u0131 aktif hale getirecek ve su kesme b\u00f6lgeleri olu\u015fturacak. Bu b\u00f6lgeler, test edilerek faaliyete ge\u00e7irilecek ve i\u015fletmelere, s\u0131n\u0131rlar\u0131 ve besleme yerlerini g\u00f6steren renklendirilmi\u015f haritalar teslim edilecek. Konya B\u00fcy\u00fck\u015fehir Belediyesi KOSK\u0130 Genel M\u00fcd\u00fcrl\u00fc\u011f\u00fc, 2025 y\u0131l\u0131 May\u0131s ay\u0131na kadar il\u00e7e merkezlerinin say\u0131salla\u015ft\u0131r\u0131lmas\u0131n\u0131 tamamlamay\u0131 ve su kesme b\u00f6lgeleri i\u00e7in gerekli vanalar\u0131n tespitini planl\u0131yor. 2026 y\u0131l\u0131 sonuna kadar bu vanalar\u0131n yer \u00fcst\u00fcne \u00e7\u0131kar\u0131lmas\u0131 ve ihtiya\u00e7 duyulan yerlerde yeni vanalar\u0131n eklenmesi hedefleniyor. Su kesme b\u00f6lgelerinin 2027 y\u0131l\u0131 sonuna kadar &hellip;\" \/>\n<meta property=\"og:url\" content=\"https:\/\/denizcankizil.tr\/ru\/haberler\/gundem\/koskinin-altyapisina-dijital-donusum\/\" \/>\n<meta property=\"og:site_name\" content=\"Av. Deniz Can K\u0131z\u0131l\" \/>\n<meta property=\"article:published_time\" content=\"2024-10-23T15:42:14+00:00\" \/>\n<meta name=\"twitter:card\" content=\"summary_large_image\" \/>\n<meta name=\"twitter:label1\" content=\"\u041f\u0440\u0438\u043c\u0435\u0440\u043d\u043e\u0435 \u0432\u0440\u0435\u043c\u044f \u0434\u043b\u044f \u0447\u0442\u0435\u043d\u0438\u044f\" \/>\n\t<meta name=\"twitter:data1\" content=\"2 \u043c\u0438\u043d\u0443\u0442\u044b\" \/>\n<script type=\"application\/ld+json\" class=\"yoast-schema-graph\">{\"@context\":\"https:\/\/schema.org\",\"@graph\":[{\"@type\":\"Article\",\"@id\":\"https:\/\/denizcankizil.tr\/ru\/haberler\/gundem\/koskinin-altyapisina-dijital-donusum\/#article\",\"isPartOf\":{\"@id\":\"https:\/\/denizcankizil.tr\/ru\/haberler\/gundem\/koskinin-altyapisina-dijital-donusum\/\"},\"author\":{\"name\":\"\",\"@id\":\"\"},\"headline\":\"KOSK\u0130&#8217;nin altyap\u0131s\u0131na dijital d\u00f6n\u00fc\u015f\u00fcm\",\"datePublished\":\"2024-10-23T15:42:14+00:00\",\"mainEntityOfPage\":{\"@id\":\"https:\/\/denizcankizil.tr\/ru\/haberler\/gundem\/koskinin-altyapisina-dijital-donusum\/\"},\"wordCount\":484,\"commentCount\":0,\"publisher\":{\"@id\":\"https:\/\/denizcankizil.tr\/#organization\"},\"articleSection\":[\"G\u00fcndem\",\"Uncategorized\"],\"inLanguage\":\"ru-RU\",\"potentialAction\":[{\"@type\":\"CommentAction\",\"name\":\"Comment\",\"target\":[\"https:\/\/denizcankizil.tr\/ru\/haberler\/gundem\/koskinin-altyapisina-dijital-donusum\/#respond\"]}]},{\"@type\":\"WebPage\",\"@id\":\"https:\/\/denizcankizil.tr\/ru\/haberler\/gundem\/koskinin-altyapisina-dijital-donusum\/\",\"url\":\"https:\/\/denizcankizil.tr\/ru\/haberler\/gundem\/koskinin-altyapisina-dijital-donusum\/\",\"name\":\"KOSK\u0130'nin altyap\u0131s\u0131na dijital d\u00f6n\u00fc\u015f\u00fcm - Av. Deniz Can K\u0131z\u0131l\",\"isPartOf\":{\"@id\":\"https:\/\/denizcankizil.tr\/#website\"},\"datePublished\":\"2024-10-23T15:42:14+00:00\",\"breadcrumb\":{\"@id\":\"https:\/\/denizcankizil.tr\/ru\/haberler\/gundem\/koskinin-altyapisina-dijital-donusum\/#breadcrumb\"},\"inLanguage\":\"ru-RU\",\"potentialAction\":[{\"@type\":\"ReadAction\",\"target\":[\"https:\/\/denizcankizil.tr\/ru\/haberler\/gundem\/koskinin-altyapisina-dijital-donusum\/\"]}]},{\"@type\":\"BreadcrumbList\",\"@id\":\"https:\/\/denizcankizil.tr\/ru\/haberler\/gundem\/koskinin-altyapisina-dijital-donusum\/#breadcrumb\",\"itemListElement\":[{\"@type\":\"ListItem\",\"position\":1,\"name\":\"Home\",\"item\":\"https:\/\/denizcankizil.tr\/uk\/\"},{\"@type\":\"ListItem\",\"position\":2,\"name\":\"KOSK\u0130&#8217;nin altyap\u0131s\u0131na dijital d\u00f6n\u00fc\u015f\u00fcm\"}]},{\"@type\":\"WebSite\",\"@id\":\"https:\/\/denizcankizil.tr\/#website\",\"url\":\"https:\/\/denizcankizil.tr\/\",\"name\":\"Av. Deniz Can K\u0131z\u0131l\",\"description\":\"Avukat Deniz Can K\u0131z\u0131l Antalya Barosu\",\"publisher\":{\"@id\":\"https:\/\/denizcankizil.tr\/#organization\"},\"potentialAction\":[{\"@type\":\"SearchAction\",\"target\":{\"@type\":\"EntryPoint\",\"urlTemplate\":\"https:\/\/denizcankizil.tr\/?s={search_term_string}\"},\"query-input\":{\"@type\":\"PropertyValueSpecification\",\"valueRequired\":true,\"valueName\":\"search_term_string\"}}],\"inLanguage\":\"ru-RU\"},{\"@type\":\"Organization\",\"@id\":\"https:\/\/denizcankizil.tr\/#organization\",\"name\":\"Av. Deniz Can K\u0131z\u0131l\",\"url\":\"https:\/\/denizcankizil.tr\/\",\"logo\":{\"@type\":\"ImageObject\",\"inLanguage\":\"ru-RU\",\"@id\":\"https:\/\/denizcankizil.tr\/#\/schema\/logo\/image\/\",\"url\":\"https:\/\/denizcankizil.tr\/wp-content\/uploads\/2024\/10\/siyah-logo-svg.svg\",\"contentUrl\":\"https:\/\/denizcankizil.tr\/wp-content\/uploads\/2024\/10\/siyah-logo-svg.svg\",\"width\":1080,\"height\":1080,\"caption\":\"Av. Deniz Can K\u0131z\u0131l\"},\"image\":{\"@id\":\"https:\/\/denizcankizil.tr\/#\/schema\/logo\/image\/\"}}]}<\/script>\n<!-- \/ Yoast SEO Premium plugin. -->","yoast_head_json":{"title":"KOSK\u0130'nin altyap\u0131s\u0131na dijital d\u00f6n\u00fc\u015f\u00fcm - Av. Deniz Can K\u0131z\u0131l","robots":{"index":"index","follow":"follow","max-snippet":"max-snippet:-1","max-image-preview":"max-image-preview:large","max-video-preview":"max-video-preview:-1"},"canonical":"https:\/\/denizcankizil.tr\/ru\/haberler\/gundem\/koskinin-altyapisina-dijital-donusum\/","og_locale":"ru_RU","og_type":"article","og_title":"KOSK\u0130'nin altyap\u0131s\u0131na dijital d\u00f6n\u00fc\u015f\u00fcm","og_description":"Konya B\u00fcy\u00fck\u015fehir Belediyesi KOSK\u0130 Genel M\u00fcd\u00fcrl\u00fc\u011f\u00fc, Konya genelinde il\u00e7e merkezleri ba\u015fta olmak \u00fczere t\u00fcm yerle\u015fim yerlerinin su ve kanalizasyon altyap\u0131s\u0131n\u0131n modernize edilmesi i\u00e7in kapsaml\u0131 bir say\u0131salla\u015ft\u0131rma \u00e7al\u0131\u015fmas\u0131 y\u00fcr\u00fct\u00fcyor.KONYA (\u0130GFA)\u00a0 &#8211; Konya B\u00fcy\u00fck\u015fehir Belediyesi KOSK\u0130 Genel M\u00fcd\u00fcrl\u00fc\u011f\u00fc, \u015fehrin su ve kanalizasyon altyap\u0131s\u0131n\u0131 daha da modernle\u015ftirmek i\u00e7in kapsaml\u0131 bir say\u0131salla\u015ft\u0131rma \u00e7al\u0131\u015fmas\u0131 y\u00fcr\u00fct\u00fcyor. Konya genelindeki il\u00e7e merkezleri ba\u015fta olmak \u00fczere t\u00fcm yerle\u015fim yerlerini \u00e7evreleyecek \u015fekilde ba\u015flat\u0131lan \u00e7al\u0131\u015fma, \u00f6zellikle su kesme b\u00f6lgelerinin olu\u015fturulmas\u0131 ve altyap\u0131 sistemlerinin dijital ortama aktar\u0131lmas\u0131yla, \u015fehrin altyap\u0131s\u0131n\u0131n daha etkin ve verimli y\u00f6netilmesine katk\u0131 sunacak. KAPSAMLI B\u0130R ALTYAPI HAR\u0130TASI \u00c7IKARILIYOR 18 il\u00e7e merkezi ile 6 mahallenin su, 3 il\u00e7e merkezi ve 1 mahallenin ise kanalizasyon altyap\u0131s\u0131n\u0131n say\u0131salla\u015ft\u0131r\u0131lmas\u0131yla \u00f6nemli bir a\u015famaya ula\u015fan Konya B\u00fcy\u00fck\u015fehir Belediyesi KOSK\u0130 Genel M\u00fcd\u00fcrl\u00fc\u011f\u00fc, \u00e7al\u0131\u015fmalar\u0131n tamamlanmas\u0131yla birlikte, ihtiya\u00e7 duyulan vanalar\u0131 yer \u00fcst\u00fcne \u00e7\u0131karacak, \u00e7al\u0131\u015fmayan vanalar\u0131 aktif hale getirecek ve su kesme b\u00f6lgeleri olu\u015fturacak. Bu b\u00f6lgeler, test edilerek faaliyete ge\u00e7irilecek ve i\u015fletmelere, s\u0131n\u0131rlar\u0131 ve besleme yerlerini g\u00f6steren renklendirilmi\u015f haritalar teslim edilecek. Konya B\u00fcy\u00fck\u015fehir Belediyesi KOSK\u0130 Genel M\u00fcd\u00fcrl\u00fc\u011f\u00fc, 2025 y\u0131l\u0131 May\u0131s ay\u0131na kadar il\u00e7e merkezlerinin say\u0131salla\u015ft\u0131r\u0131lmas\u0131n\u0131 tamamlamay\u0131 ve su kesme b\u00f6lgeleri i\u00e7in gerekli vanalar\u0131n tespitini planl\u0131yor. 2026 y\u0131l\u0131 sonuna kadar bu vanalar\u0131n yer \u00fcst\u00fcne \u00e7\u0131kar\u0131lmas\u0131 ve ihtiya\u00e7 duyulan yerlerde yeni vanalar\u0131n eklenmesi hedefleniyor. Su kesme b\u00f6lgelerinin 2027 y\u0131l\u0131 sonuna kadar &hellip;","og_url":"https:\/\/denizcankizil.tr\/ru\/haberler\/gundem\/koskinin-altyapisina-dijital-donusum\/","og_site_name":"Av. Deniz Can K\u0131z\u0131l","article_published_time":"2024-10-23T15:42:14+00:00","twitter_card":"summary_large_image","twitter_misc":{"\u041f\u0440\u0438\u043c\u0435\u0440\u043d\u043e\u0435 \u0432\u0440\u0435\u043c\u044f \u0434\u043b\u044f \u0447\u0442\u0435\u043d\u0438\u044f":"2 \u043c\u0438\u043d\u0443\u0442\u044b"},"schema":{"@context":"https:\/\/schema.org","@graph":[{"@type":"Article","@id":"https:\/\/denizcankizil.tr\/ru\/haberler\/gundem\/koskinin-altyapisina-dijital-donusum\/#article","isPartOf":{"@id":"https:\/\/denizcankizil.tr\/ru\/haberler\/gundem\/koskinin-altyapisina-dijital-donusum\/"},"author":{"name":"","@id":""},"headline":"KOSK\u0130&#8217;nin altyap\u0131s\u0131na dijital d\u00f6n\u00fc\u015f\u00fcm","datePublished":"2024-10-23T15:42:14+00:00","mainEntityOfPage":{"@id":"https:\/\/denizcankizil.tr\/ru\/haberler\/gundem\/koskinin-altyapisina-dijital-donusum\/"},"wordCount":484,"commentCount":0,"publisher":{"@id":"https:\/\/denizcankizil.tr\/#organization"},"articleSection":["G\u00fcndem","Uncategorized"],"inLanguage":"ru-RU","potentialAction":[{"@type":"CommentAction","name":"Comment","target":["https:\/\/denizcankizil.tr\/ru\/haberler\/gundem\/koskinin-altyapisina-dijital-donusum\/#respond"]}]},{"@type":"WebPage","@id":"https:\/\/denizcankizil.tr\/ru\/haberler\/gundem\/koskinin-altyapisina-dijital-donusum\/","url":"https:\/\/denizcankizil.tr\/ru\/haberler\/gundem\/koskinin-altyapisina-dijital-donusum\/","name":"KOSK\u0130'nin altyap\u0131s\u0131na dijital d\u00f6n\u00fc\u015f\u00fcm - Av. Deniz Can K\u0131z\u0131l","isPartOf":{"@id":"https:\/\/denizcankizil.tr\/#website"},"datePublished":"2024-10-23T15:42:14+00:00","breadcrumb":{"@id":"https:\/\/denizcankizil.tr\/ru\/haberler\/gundem\/koskinin-altyapisina-dijital-donusum\/#breadcrumb"},"inLanguage":"ru-RU","potentialAction":[{"@type":"ReadAction","target":["https:\/\/denizcankizil.tr\/ru\/haberler\/gundem\/koskinin-altyapisina-dijital-donusum\/"]}]},{"@type":"BreadcrumbList","@id":"https:\/\/denizcankizil.tr\/ru\/haberler\/gundem\/koskinin-altyapisina-dijital-donusum\/#breadcrumb","itemListElement":[{"@type":"ListItem","position":1,"name":"Home","item":"https:\/\/denizcankizil.tr\/uk\/"},{"@type":"ListItem","position":2,"name":"KOSK\u0130&#8217;nin altyap\u0131s\u0131na dijital d\u00f6n\u00fc\u015f\u00fcm"}]},{"@type":"WebSite","@id":"https:\/\/denizcankizil.tr\/#website","url":"https:\/\/denizcankizil.tr\/","name":"Av. Deniz Can K\u0131z\u0131l","description":"Avukat Deniz Can K\u0131z\u0131l Antalya Barosu","publisher":{"@id":"https:\/\/denizcankizil.tr\/#organization"},"potentialAction":[{"@type":"SearchAction","target":{"@type":"EntryPoint","urlTemplate":"https:\/\/denizcankizil.tr\/?s={search_term_string}"},"query-input":{"@type":"PropertyValueSpecification","valueRequired":true,"valueName":"search_term_string"}}],"inLanguage":"ru-RU"},{"@type":"Organization","@id":"https:\/\/denizcankizil.tr\/#organization","name":"Av. Deniz Can K\u0131z\u0131l","url":"https:\/\/denizcankizil.tr\/","logo":{"@type":"ImageObject","inLanguage":"ru-RU","@id":"https:\/\/denizcankizil.tr\/#\/schema\/logo\/image\/","url":"https:\/\/denizcankizil.tr\/wp-content\/uploads\/2024\/10\/siyah-logo-svg.svg","contentUrl":"https:\/\/denizcankizil.tr\/wp-content\/uploads\/2024\/10\/siyah-logo-svg.svg","width":1080,"height":1080,"caption":"Av. Deniz Can K\u0131z\u0131l"},"image":{"@id":"https:\/\/denizcankizil.tr\/#\/schema\/logo\/image\/"}}]}},"_links":{"self":[{"href":"https:\/\/denizcankizil.tr\/ru\/wp-json\/wp\/v2\/posts\/7207","targetHints":{"allow":["GET"]}}],"collection":[{"href":"https:\/\/denizcankizil.tr\/ru\/wp-json\/wp\/v2\/posts"}],"about":[{"href":"https:\/\/denizcankizil.tr\/ru\/wp-json\/wp\/v2\/types\/post"}],"replies":[{"embeddable":true,"href":"https:\/\/denizcankizil.tr\/ru\/wp-json\/wp\/v2\/comments?post=7207"}],"version-history":[{"count":0,"href":"https:\/\/denizcankizil.tr\/ru\/wp-json\/wp\/v2\/posts\/7207\/revisions"}],"wp:attachment":[{"href":"https:\/\/denizcankizil.tr\/ru\/wp-json\/wp\/v2\/media?parent=7207"}],"wp:term":[{"taxonomy":"category","embeddable":true,"href":"https:\/\/denizcankizil.tr\/ru\/wp-json\/wp\/v2\/categories?post=7207"},{"taxonomy":"post_tag","embeddable":true,"href":"https:\/\/denizcankizil.tr\/ru\/wp-json\/wp\/v2\/tags?post=7207"}],"curies":[{"name":"wp","href":"https:\/\/api.w.org\/{rel}","templated":true}]}}