{"id":7140,"date":"2024-10-23T15:42:00","date_gmt":"2024-10-23T12:42:00","guid":{"rendered":"https:\/\/denizcankizil.tr\/uncategorized-tr\/vali-hulusi-sahinden-turizm-sektorune-cagri-zincir-otelcilige-gecis-zamani\/"},"modified":"2024-10-23T15:42:00","modified_gmt":"2024-10-23T12:42:00","slug":"vali-hulusi-sahinden-turizm-sektorune-cagri-zincir-otelcilige-gecis-zamani","status":"publish","type":"post","link":"https:\/\/denizcankizil.tr\/ru\/haberler\/gundem\/vali-hulusi-sahinden-turizm-sektorune-cagri-zincir-otelcilige-gecis-zamani\/","title":{"rendered":"Vali Hulusi \u015eahin&#8217;den turizm sekt\u00f6r\u00fcne \u00e7a\u011fr\u0131: &#8220;Zincir otelcili\u011fe ge\u00e7i\u015f zaman\u0131&#8221;"},"content":{"rendered":"<p>T\u00fcrkiye turizminde yeni pazarlar\u0131n art\u0131r\u0131lmas\u0131 amac\u0131yla ger\u00e7ekle\u015ftirilen 6\u2019nc\u0131 Antalya Turizm Fuar\u0131 ba\u015flad\u0131. Bu y\u0131l ilk defa 3 g\u00fcn boyunca s\u00fcrecek fuar\u0131n ANFA\u015e Fuar Merkezi\u2019nde a\u00e7\u0131l\u0131\u015f\u0131na Kuzey K\u0131br\u0131s T\u00fcrk Cumhuriyeti (KKTC) Ba\u015fbakan Yard\u0131mc\u0131s\u0131, Turizm, K\u00fclt\u00fcr, Gen\u00e7lik ve \u00c7evre Bakan\u0131 Fikri Atao\u011flu, Antalya Valisi Hulusi \u015eahin, CHP Antalya Milletvekili Sururi \u00c7orabat\u0131r, T\u00dcRSAB Ba\u015fkan Yard\u0131mc\u0131s\u0131 Davut G\u00fcnayd\u0131n, ATSO Ba\u015fkan\u0131 Yusuf Hac\u0131s\u00fcleyman, Akdeniz Turistik Otelciler ve \u0130\u015fletmeciler Birli\u011fi (AKTOB) Ba\u015fkan\u0131 Kaan Ka\u015fif Kavalo\u011flu, Antalya Turizm Fuar\u0131 Kurucusu ve Ba\u015fkan\u0131 Sel\u00e7uk Meral, T\u00fcrkiye \u0130\u015f Bankas\u0131 Genel M\u00fcd\u00fcr Yard\u0131mc\u0131s\u0131 Sezgin Y\u0131lmaz ve davetliler kat\u0131ld\u0131. 60 \u00fclkeden 2 binden fazla seyahat acentesi temsilcisinin kat\u0131laca\u011f\u0131 fuarda 100\u2019\u00fcn \u00fczerinde konu\u015fmac\u0131 turizm sekt\u00f6r\u00fcn\u00fcn gelece\u011fini konu\u015facak.\u00a0<\/p>\n<p>D\u00dcNYANIN EN \u0130Y\u0130S\u0130<\/p>\n<p>Antalya Turizm Fuar\u0131 Kurucusu ve Ba\u015fkan\u0131 Sel\u00e7uk Meral, fuarc\u0131l\u0131kta \u00e7ok ince detaylar\u0131n oldu\u011funu s\u00f6yledi. Meral 2019 y\u0131l\u0131nda 4 bin metrekareyle ba\u015flad\u0131klar\u0131n\u0131 ve bug\u00fcn 35 bin metrekareye \u00e7\u0131kt\u0131klar\u0131n\u0131 30 binden fazla ziyaret\u00e7i potansiyeline h\u00e2kim olduklar\u0131n\u0131 ifade etti. Yerinde pazarlama iddias\u0131yla ortaya \u00e7\u0131kt\u0131klar\u0131n\u0131 da kaydeden Meral, \u201cEn iyisi kendi memleketimizde tan\u0131t\u0131m yapmak diye d\u00fc\u015f\u00fcnd\u00fck ve burada yapmaya karar verdik. Bu kabul g\u00f6rd\u00fc. Bug\u00fcn g\u00f6rd\u00fc\u011f\u00fcm simalar d\u00fcnyan\u0131n en \u00f6nemli turizm fabrikalar\u0131n\u0131n ba\u015f\u0131ndaki ki\u015filer. Yerinde bir fuarc\u0131l\u0131k anlay\u0131\u015f\u0131 \u00e7ok nadir g\u00f6r\u00fcnen bir \u015feydir. D\u00fcnyada sadece Antalya\u2019da var. T\u00fcm pazarlar\u0131 bir araya getirdik. T\u00fcm operat\u00f6rler burada bulunuyor. Bu t\u00fcr bir fuar\u0131 ba\u015fka yerde bulman\u0131z m\u00fcmk\u00fcn de\u011fil. \u00c7ok say\u0131da destek\u00e7imiz var. Bizlere bu imkanlar\u0131 tan\u0131yan her bir destek\u00e7imize te\u015fekk\u00fcr ederim\u201d dedi.\u00a0<\/p>\n<p>VAL\u0130DEN BP \u00d6NER\u0130S\u0130<\/p>\n<p>Antalya K\u00f6rfez Gazetesi muhabiri Ertu\u011frul G\u00fcn&#8217;\u00fcn haberine g\u00f6re T\u00fcrk turizminin b\u00fcy\u00fck bir at\u0131l\u0131m i\u00e7erisinde oldu\u011funu belirten Antalya Valisi Hulusi \u015eahin, \u201cD\u00fcnya turizminin pandemide ya\u015fad\u0131\u011f\u0131 krizler, bize b\u00fcy\u00fck f\u0131rsatlar sundu. Hem gelir hem de gelen turist say\u0131s\u0131 artt\u0131. Antalya d\u00fcnya turizminin ba\u015fkentinden birisidir. Ge\u00e7en y\u0131l 16,7 milyon turist a\u011f\u0131rlad\u0131k\u00e7a bu y\u0131l y\u00fczde 8\u2019lik b\u00fcy\u00fcmeyle rekoru a\u015faca\u011f\u0131m\u0131z\u0131 bekliyoruz. Hedefimiz olan 60 milyon turiste ve 60 milyar gelire emin ad\u0131mlarla gidiyoruz. Bu konuda \u00e7ok iyi durumday\u0131z. Bu ba\u015far\u0131lar kendili\u011finden olu\u015fmuyor, ar\u0131lar\u0131n \u00e7al\u0131\u015fmas\u0131 laz\u0131m. Ar\u0131lar \u00e7al\u0131\u015f\u0131yor ama bizim kovanlar\u0131m\u0131z da \u00e7ok g\u00fczel. Bizim bah\u00e7emiz \u00e7ok g\u00fczel, bah\u00e7\u0131van\u0131m\u0131za da bir s\u00f6z s\u00f6ylemek gerekir. Art\u0131k T\u00fcrk turizmi zincir otelci\u011fe d\u00f6nmesi gerekir. F\u0131rsatlar var, biz bu i\u015fi \u00e7ok iyi biliyoruz. Bizden daha iyi bilen yok. Bizler bu pazarlarda herkesten \u00f6nce yerimizi alal\u0131m. Bunun d\u00fcnyan\u0131n her yerinde bunu yapal\u0131m. \u0130ngiltere\u2019de petrol mu var? Ama BP her yerde petrol arayarak i\u015fletiyor. 2025 \u00e7ok daha ba\u015far\u0131l\u0131 bir y\u0131l olacak. Yeni rekorlar gelecek\u201d dedi.\u00a0<\/p>\n<p>\u00d6NCEL\u0130KL\u0130 SEKT\u00d6R<\/p>\n<p>Turizmin 54 farkl\u0131 sekt\u00f6r\u00fc do\u011frudan etkileyen, istihdam yaratan ve katma de\u011fer olu\u015fturan yap\u0131s\u0131yla stratejik olarak \u00f6nceliklendirdikleri bir sekt\u00f6r oldu\u011funu ifade eden \u0130\u015f Bankas\u0131 Genel M\u00fcd\u00fcr Yard\u0131mc\u0131s\u0131 Sezgin Y\u0131lmaz,\u201d Ulusal ve uluslararas\u0131 turizm profesyonellerini ve yat\u0131r\u0131mc\u0131lar\u0131n\u0131 &#8216;yerinde pazarlama&#8217; ilkesiyle bir araya getiren Antalya Turizm Fuar\u0131\u2019n\u0131n destek\u00e7isi olmam\u0131z da bu bak\u0131\u015f a\u00e7\u0131s\u0131n\u0131n bir sonucu. Bununla birlikte turizm k\u00fcresel ve yerel ekonomik, siyasal, toplumsal geli\u015fmelerin etkilerini en h\u0131zl\u0131 ve en derinden hisseden sekt\u00f6rlerin de ba\u015f\u0131nda yer al\u0131yor. Son 10 y\u0131lda t\u00fcm d\u00fcnyay\u0131 etkileyen COVID-19 pandemisinin ve jeopolitik geli\u015fmelerin sekt\u00f6rde yaratt\u0131\u011f\u0131 zorluklar\u0131 hepimiz \u00e7ok iyi biliyoruz. Ama buna ra\u011fmen, sekt\u00f6r\u00fcn h\u0131zl\u0131 bir \u015fekilde toparlanmas\u0131 ve hatta daha da ileri gitmesi, sizin gibi sekt\u00f6r oyuncular\u0131n\u0131n h\u0131zl\u0131 hareket edebilme yetene\u011finin bir kan\u0131t\u0131\u201d dedi.\u00a0<\/p>\n<p>D\u00dcNYACA 5\u2019\u0130NC\u0130 SIRADA<\/p>\n<p>T\u00fcrkiye\u2019nin turizm gelirleri noktas\u0131nda lig atlad\u0131\u011f\u0131n\u0131 belirten Sezgin, \u201c\u00dclkemiz i\u00e7in \u00f6nemli bir tan\u0131t\u0131m arac\u0131 olan turizmin, milli gelire sa\u011flad\u0131\u011f\u0131 katk\u0131, d\u00f6viz kazand\u0131rma potansiyeli ve istihdama olan etkisi, sekt\u00f6r\u00fc ayn\u0131 zamanda ekonomik ve sosyal a\u00e7\u0131dan bir denge unsuru haline getiriyor. Nitekim g\u00f6stergeler de bunu destekliyor: 2023 y\u0131l\u0131nda turizm sekt\u00f6r\u00fcn\u00fcn gayri safi yurt i\u00e7i has\u0131laya katk\u0131s\u0131 yakla\u015f\u0131k y\u00fczde 5 seviyesinde ger\u00e7ekle\u015fti. Ayn\u0131 y\u0131l, yakla\u015f\u0131k 55 milyar dolar olan turizm gelirleri cari a\u00e7\u0131\u011f\u0131n azalt\u0131lmas\u0131na \u00f6nemli katk\u0131 sa\u011flad\u0131. B\u00fct\u00fcn bunlar\u0131n \u00fclkemiz i\u00e7in stratejik \u00f6nemi yads\u0131namaz bir ger\u00e7ek. \u00dclkemiz turizm sekt\u00f6r\u00fcn\u00fcn pozitif geli\u015fimine i\u015faret eden bir \u00f6nemli di\u011fer veri ise a\u011f\u0131rlanan turist say\u0131s\u0131 ile elde edilen gelirler aras\u0131ndaki dengeye bak\u0131ld\u0131\u011f\u0131nda ortaya \u00e7\u0131k\u0131yor. Sekt\u00f6r\u00fcn en parlak y\u0131llar\u0131ndan olan 2019\u2019da \u00fclkemiz turist say\u0131s\u0131nda d\u00fcnya s\u0131ralamas\u0131nda 6. s\u0131rada yer al\u0131rken, turizm gelirlerinde 14. s\u0131radayd\u0131. 2023 y\u0131l\u0131nda ise hem turist say\u0131s\u0131nda hem de turizm gelirlerinde d\u00fcnya liginde 5. s\u0131raya y\u00fckselmi\u015f durumday\u0131z. Bu da sekt\u00f6r\u00fcn verimlili\u011finin artt\u0131\u011f\u0131n\u0131, turizmden daha fazla gelir sa\u011flama yolunda \u00f6nemli ba\u015far\u0131 elde etti\u011fini g\u00f6steriyor\u201d a\u00e7\u0131klamas\u0131nda bulundu.<\/p>\n<p>1,5 TR\u0130LYON B\u00dcY\u00dcME<\/p>\n<p>\u00c7ok hassas bir sekt\u00f6rde g\u00f6rev ald\u0131klar\u0131na dikkat \u00e7eken T\u00fcrkiye Seyahat Acenteleri Birli\u011fi Ba\u015fkan Yard\u0131mc\u0131s\u0131 Davut G\u00fcnayd\u0131n, \u201cBir\u00e7ok problem ya\u015f\u0131yoruz. Vize sorunlar\u0131n\u0131n \u00e7\u00f6z\u00fclmesi i\u00e7in her g\u00fcn bir konsolosluk bir b\u00fcy\u00fckel\u00e7ilik ziyaret ediyoruz. Yaln\u0131zca yurt d\u0131\u015f\u0131ndan turist getirmedik, 13 milyon vatanda\u015f\u0131m\u0131z\u0131 yurt d\u0131\u015f\u0131na da g\u00f6t\u00fcrd\u00fck. Ama kendini en h\u0131zl\u0131 yenileyen sekt\u00f6rlerin ba\u015f\u0131nda turizm var. 2024\u2019de beklenen b\u00fcy\u00fcme 1,5 trilyon olacak. Antalya turizmin kalbidir. \u0130stedi\u011finiz kadar filonuz g\u00fczel olsun, istedi\u011finiz kadar petekleriniz olsun ar\u0131lar olmadan bal olmaz. Turizm sekt\u00f6r\u00fcn\u00fcn ar\u0131lar\u0131 da acenteleridir, 17 bin \u00fcyemiz var. \u00dclkemizin turizmi i\u00e7in geceli g\u00fcnd\u00fczl\u00fc \u00e7al\u0131\u015f\u0131yoruz. T\u00fcrkiye\u2019ye gelen turistin y\u00fczde 80\u2019i seyahat acenteleri ve tur operat\u00f6rleri getiriyor. Amac\u0131m\u0131z en k\u0131sa zamanda k\u00fclt\u00fcr turu i\u00e7in KKTC\u2019ye giden vatanda\u015flar\u0131m\u0131z\u0131n say\u0131s\u0131n\u0131 artt\u0131rmak. Avrupa\u2019n\u0131n bir\u00e7ok \u00fclkesinde g\u00f6rev ald\u0131k. Vize alabilmek i\u00e7in herg\u00fcn bir konsoloslu\u011fu ziyaret etmek zorunda kal\u0131yoruz. Sa\u011fl\u0131k turizmi i\u00e7in de \u00e7al\u0131\u015f\u0131yoruz. Sa\u011fl\u0131k turizminde akredite olan hastane say\u0131s\u0131 120 ula\u015ft\u0131. Turizmin 12 aya yay\u0131lmas\u0131 i\u00e7in \u00e7ok ciddi m\u00fccadeleler veriyoruz. Biz elimizden geleni yap\u0131yoruz\u201d dedi.\u00a0<\/p>\n<p>M\u0130LL\u0130 MESELE<\/p>\n<p>Turizmin bir milli mesele oldu\u011funa vurgu yapan AKTOB Ba\u015fkan\u0131 Kaan Kavalo\u011flu \u201cATF, pandemi d\u00f6neminde fuar ger\u00e7ekle\u015ftiren tek organizasyondur. ATF kendi yerini \u00e7ok ciddi \u015fekilde ald\u0131. Geometrik \u015fekilde b\u00fcy\u00fcyen bir fuar haline geldi. Tamamen bir birle\u015fme alan\u0131 oldu. ATF, bizim g\u00f6zbebe\u011fimiz oldu. Bizi d\u00fcnya \u00e7ap\u0131nda temsil ediyor. Antalya d\u00fcnyan\u0131n en b\u00fcy\u00fck misafir a\u011f\u0131rlayan \u015fehridir. Bu sene 17 milyon ki\u015fi a\u011f\u0131rlanacak. 60 milyon turist hedefine do\u011fru gidiyoruz. KKTC \u00e7ok ciddi deste\u011fimiz var. Biz T\u00fcrkler bu i\u015fi iyi yap\u0131yoruz. En iyi yapt\u0131\u011f\u0131m\u0131z i\u015flerden birisi olan turizme sahip \u00e7\u0131kmaya devam edece\u011fiz\u201d s\u00f6zlerine yer verdi.\u00a0<\/p>\n<p>ARI G\u0130B\u0130 \u00c7ALI\u015eIYOR<\/p>\n<p>Turizm i\u00e7in ellerinden gelen her \u015feyi yapmaya haz\u0131r olduklar\u0131n\u0131 ifade eden Kuzey K\u0131br\u0131s T\u00fcrk Cumhuriyeti (KKTC) Ba\u015fbakan Yard\u0131mc\u0131s\u0131, Turizm, K\u00fclt\u00fcr, Gen\u00e7lik ve \u00c7evre Bakan\u0131 Fikri Atao\u011flu \u201cKKTC\u2019ye yat\u0131r\u0131mlar\u0131n devam etmesi bizim a\u00e7\u0131m\u0131zdan turistin bir daha gelmesi i\u00e7in yapt\u0131\u011f\u0131m\u0131z hareketlerin bir benzeridir. Do\u011fru yerde do\u011fru adreste yat\u0131r\u0131m yap\u0131l\u0131yor. KKTC\u2019de ikinci \u00fc\u00e7\u00fcnc\u00fc otellerini yapan yat\u0131r\u0131mc\u0131lar\u0131 kutluyorum. \u00c7ok farkl\u0131 \u00fclkelerden ula\u015f\u0131mlar s\u00f6z konusudur. Bir ba\u015fka havaliman\u0131 yak\u0131nda a\u00e7\u0131lacak. Her ge\u00e7en y\u0131l artan turizmin daha da ileriye ta\u015f\u0131nmas\u0131 i\u00e7in \u00e7ok iyi planlar yap\u0131lmas\u0131 gerekir. Acentelerimiz bir ar\u0131 gibi \u00e7al\u0131\u015f\u0131yor. Birlik ve beraberlik i\u00e7erisinde olaca\u011f\u0131z. Biz T\u00fcrkler her \u015feyin \u00fcstesinden geliriz, yeter ki birlik ve beraberlik i\u00e7erisinde olal\u0131m. Kimseden bir korkumuz yok. Burada acente diye nitelendirdi\u011fimiz o acentelerimize ihtiyac\u0131m\u0131z olacak\u201d s\u00f6zlerine yer verdi.\u00a0<\/p>\n<p>Konu\u015fmalar\u0131n ard\u0131ndan fuar\u0131n a\u00e7\u0131l\u0131\u015f kurdelesi kesildi. Bir otelin organizasyonunda getirilen sambac\u0131 k\u0131zlar ise danslar\u0131 ile fuara renk katt\u0131. Y\u00f6resel elbiseler e\u015fli\u011finde y\u00f6resel danslar\u0131n\u0131 sergileyen k\u0131zlar, kat\u0131l\u0131mc\u0131lar\u0131n dikkatini \u00e7ekti.\u00a0<\/p>\n<p>\u200bAntalya turizminin geli\u015fmesi amac\u0131yla d\u00fczenlenen Antalya Turizm Fuar\u0131 ba\u015flad\u0131. Fuar a\u00e7\u0131l\u0131\u015f\u0131nda konu\u015fan Antalya Valisi Hulusi \u015eahin, turizm d\u00fcnyas\u0131na \u00f6nemli bir \u00e7a\u011fr\u0131da bulundu. T\u00fcrk turizminin b\u00fcy\u00fck bir at\u0131l\u0131m i\u00e7erisinde oldu\u011funa dikkat \u00e7eken \u015eahin, \u201cArt\u0131k T\u00fcrk turizmi zincir otelci\u011fe d\u00f6nmesi gerekir. F\u0131rsatlar var, biz bu i\u015fi \u00e7ok iyi biliyoruz. Bizden daha iyi bilen yok\u201d dedi.\u00a0<\/p>\n<p>\u200bHaberin Al\u0131nt\u0131land\u0131\u011f\u0131 Kaynak: www.antalyakorfez.com<\/p>","protected":false},"excerpt":{"rendered":"<p>T\u00fcrkiye turizminde yeni pazarlar\u0131n art\u0131r\u0131lmas\u0131 amac\u0131yla ger\u00e7ekle\u015ftirilen 6\u2019nc\u0131 Antalya Turizm Fuar\u0131 ba\u015flad\u0131. Bu y\u0131l ilk defa 3 g\u00fcn boyunca s\u00fcrecek fuar\u0131n ANFA\u015e Fuar Merkezi\u2019nde a\u00e7\u0131l\u0131\u015f\u0131na Kuzey K\u0131br\u0131s T\u00fcrk Cumhuriyeti (KKTC) Ba\u015fbakan Yard\u0131mc\u0131s\u0131, Turizm, K\u00fclt\u00fcr, Gen\u00e7lik ve \u00c7evre Bakan\u0131 Fikri Atao\u011flu, Antalya Valisi Hulusi \u015eahin, CHP Antalya Milletvekili Sururi \u00c7orabat\u0131r, T\u00dcRSAB Ba\u015fkan Yard\u0131mc\u0131s\u0131 Davut G\u00fcnayd\u0131n, ATSO Ba\u015fkan\u0131 Yusuf Hac\u0131s\u00fcleyman, Akdeniz Turistik Otelciler ve \u0130\u015fletmeciler Birli\u011fi (AKTOB) Ba\u015fkan\u0131 Kaan Ka\u015fif Kavalo\u011flu, Antalya Turizm Fuar\u0131 Kurucusu ve Ba\u015fkan\u0131 Sel\u00e7uk Meral, T\u00fcrkiye \u0130\u015f Bankas\u0131 Genel M\u00fcd\u00fcr Yard\u0131mc\u0131s\u0131 Sezgin Y\u0131lmaz ve davetliler kat\u0131ld\u0131. 60 \u00fclkeden 2 binden fazla seyahat acentesi temsilcisinin kat\u0131laca\u011f\u0131 fuarda 100\u2019\u00fcn \u00fczerinde konu\u015fmac\u0131 turizm sekt\u00f6r\u00fcn\u00fcn gelece\u011fini konu\u015facak.\u00a0 D\u00dcNYANIN EN \u0130Y\u0130S\u0130 Antalya Turizm Fuar\u0131 Kurucusu ve Ba\u015fkan\u0131 Sel\u00e7uk Meral, fuarc\u0131l\u0131kta \u00e7ok ince detaylar\u0131n oldu\u011funu s\u00f6yledi. Meral 2019 y\u0131l\u0131nda 4 bin metrekareyle ba\u015flad\u0131klar\u0131n\u0131 ve bug\u00fcn 35 bin metrekareye \u00e7\u0131kt\u0131klar\u0131n\u0131 30 binden fazla ziyaret\u00e7i potansiyeline h\u00e2kim olduklar\u0131n\u0131 ifade etti. Yerinde pazarlama iddias\u0131yla ortaya \u00e7\u0131kt\u0131klar\u0131n\u0131 da kaydeden Meral, \u201cEn iyisi kendi memleketimizde tan\u0131t\u0131m yapmak diye d\u00fc\u015f\u00fcnd\u00fck ve burada yapmaya karar verdik. Bu kabul g\u00f6rd\u00fc. Bug\u00fcn g\u00f6rd\u00fc\u011f\u00fcm simalar d\u00fcnyan\u0131n en \u00f6nemli turizm fabrikalar\u0131n\u0131n ba\u015f\u0131ndaki ki\u015filer. Yerinde bir fuarc\u0131l\u0131k anlay\u0131\u015f\u0131 \u00e7ok nadir g\u00f6r\u00fcnen bir \u015feydir. D\u00fcnyada sadece Antalya\u2019da var. T\u00fcm pazarlar\u0131 bir araya getirdik. T\u00fcm operat\u00f6rler burada bulunuyor. &hellip;<\/p>","protected":false},"author":0,"featured_media":0,"comment_status":"open","ping_status":"open","sticky":false,"template":"","format":"standard","meta":{"_acf_changed":false,"footnotes":""},"categories":[24,535],"tags":[],"class_list":["post-7140","post","type-post","status-publish","format-standard","has-post-thumbnail","hentry","category-gundem","category-uncategorized-tr"],"acf":[],"yoast_head":"<!-- This site is optimized with the Yoast SEO Premium plugin v26.6 (Yoast SEO v27.1.1) - https:\/\/yoast.com\/product\/yoast-seo-premium-wordpress\/ -->\n<title>Vali Hulusi \u015eahin&#039;den turizm sekt\u00f6r\u00fcne \u00e7a\u011fr\u0131: &quot;Zincir otelcili\u011fe ge\u00e7i\u015f zaman\u0131&quot; - Av. Deniz Can K\u0131z\u0131l<\/title>\n<meta name=\"robots\" content=\"index, follow, max-snippet:-1, max-image-preview:large, max-video-preview:-1\" \/>\n<link rel=\"canonical\" href=\"https:\/\/denizcankizil.tr\/ru\/haberler\/gundem\/vali-hulusi-sahinden-turizm-sektorune-cagri-zincir-otelcilige-gecis-zamani\/\" \/>\n<meta property=\"og:locale\" content=\"ru_RU\" \/>\n<meta property=\"og:type\" content=\"article\" \/>\n<meta property=\"og:title\" content=\"Vali Hulusi \u015eahin&#039;den turizm sekt\u00f6r\u00fcne \u00e7a\u011fr\u0131: &quot;Zincir otelcili\u011fe ge\u00e7i\u015f zaman\u0131&quot;\" \/>\n<meta property=\"og:description\" content=\"T\u00fcrkiye turizminde yeni pazarlar\u0131n art\u0131r\u0131lmas\u0131 amac\u0131yla ger\u00e7ekle\u015ftirilen 6\u2019nc\u0131 Antalya Turizm Fuar\u0131 ba\u015flad\u0131. Bu y\u0131l ilk defa 3 g\u00fcn boyunca s\u00fcrecek fuar\u0131n ANFA\u015e Fuar Merkezi\u2019nde a\u00e7\u0131l\u0131\u015f\u0131na Kuzey K\u0131br\u0131s T\u00fcrk Cumhuriyeti (KKTC) Ba\u015fbakan Yard\u0131mc\u0131s\u0131, Turizm, K\u00fclt\u00fcr, Gen\u00e7lik ve \u00c7evre Bakan\u0131 Fikri Atao\u011flu, Antalya Valisi Hulusi \u015eahin, CHP Antalya Milletvekili Sururi \u00c7orabat\u0131r, T\u00dcRSAB Ba\u015fkan Yard\u0131mc\u0131s\u0131 Davut G\u00fcnayd\u0131n, ATSO Ba\u015fkan\u0131 Yusuf Hac\u0131s\u00fcleyman, Akdeniz Turistik Otelciler ve \u0130\u015fletmeciler Birli\u011fi (AKTOB) Ba\u015fkan\u0131 Kaan Ka\u015fif Kavalo\u011flu, Antalya Turizm Fuar\u0131 Kurucusu ve Ba\u015fkan\u0131 Sel\u00e7uk Meral, T\u00fcrkiye \u0130\u015f Bankas\u0131 Genel M\u00fcd\u00fcr Yard\u0131mc\u0131s\u0131 Sezgin Y\u0131lmaz ve davetliler kat\u0131ld\u0131. 60 \u00fclkeden 2 binden fazla seyahat acentesi temsilcisinin kat\u0131laca\u011f\u0131 fuarda 100\u2019\u00fcn \u00fczerinde konu\u015fmac\u0131 turizm sekt\u00f6r\u00fcn\u00fcn gelece\u011fini konu\u015facak.\u00a0 D\u00dcNYANIN EN \u0130Y\u0130S\u0130 Antalya Turizm Fuar\u0131 Kurucusu ve Ba\u015fkan\u0131 Sel\u00e7uk Meral, fuarc\u0131l\u0131kta \u00e7ok ince detaylar\u0131n oldu\u011funu s\u00f6yledi. Meral 2019 y\u0131l\u0131nda 4 bin metrekareyle ba\u015flad\u0131klar\u0131n\u0131 ve bug\u00fcn 35 bin metrekareye \u00e7\u0131kt\u0131klar\u0131n\u0131 30 binden fazla ziyaret\u00e7i potansiyeline h\u00e2kim olduklar\u0131n\u0131 ifade etti. Yerinde pazarlama iddias\u0131yla ortaya \u00e7\u0131kt\u0131klar\u0131n\u0131 da kaydeden Meral, \u201cEn iyisi kendi memleketimizde tan\u0131t\u0131m yapmak diye d\u00fc\u015f\u00fcnd\u00fck ve burada yapmaya karar verdik. Bu kabul g\u00f6rd\u00fc. Bug\u00fcn g\u00f6rd\u00fc\u011f\u00fcm simalar d\u00fcnyan\u0131n en \u00f6nemli turizm fabrikalar\u0131n\u0131n ba\u015f\u0131ndaki ki\u015filer. Yerinde bir fuarc\u0131l\u0131k anlay\u0131\u015f\u0131 \u00e7ok nadir g\u00f6r\u00fcnen bir \u015feydir. D\u00fcnyada sadece Antalya\u2019da var. T\u00fcm pazarlar\u0131 bir araya getirdik. T\u00fcm operat\u00f6rler burada bulunuyor. &hellip;\" \/>\n<meta property=\"og:url\" content=\"https:\/\/denizcankizil.tr\/ru\/haberler\/gundem\/vali-hulusi-sahinden-turizm-sektorune-cagri-zincir-otelcilige-gecis-zamani\/\" \/>\n<meta property=\"og:site_name\" content=\"Av. Deniz Can K\u0131z\u0131l\" \/>\n<meta property=\"article:published_time\" content=\"2024-10-23T12:42:00+00:00\" \/>\n<meta name=\"twitter:card\" content=\"summary_large_image\" \/>\n<meta name=\"twitter:label1\" content=\"\u041f\u0440\u0438\u043c\u0435\u0440\u043d\u043e\u0435 \u0432\u0440\u0435\u043c\u044f \u0434\u043b\u044f \u0447\u0442\u0435\u043d\u0438\u044f\" \/>\n\t<meta name=\"twitter:data1\" content=\"8 \u043c\u0438\u043d\u0443\u0442\" \/>\n<script type=\"application\/ld+json\" class=\"yoast-schema-graph\">{\"@context\":\"https:\/\/schema.org\",\"@graph\":[{\"@type\":\"Article\",\"@id\":\"https:\/\/denizcankizil.tr\/ru\/haberler\/gundem\/vali-hulusi-sahinden-turizm-sektorune-cagri-zincir-otelcilige-gecis-zamani\/#article\",\"isPartOf\":{\"@id\":\"https:\/\/denizcankizil.tr\/ru\/haberler\/gundem\/vali-hulusi-sahinden-turizm-sektorune-cagri-zincir-otelcilige-gecis-zamani\/\"},\"author\":{\"name\":\"\",\"@id\":\"\"},\"headline\":\"Vali Hulusi \u015eahin&#8217;den turizm sekt\u00f6r\u00fcne \u00e7a\u011fr\u0131: &#8220;Zincir otelcili\u011fe ge\u00e7i\u015f zaman\u0131&#8221;\",\"datePublished\":\"2024-10-23T12:42:00+00:00\",\"mainEntityOfPage\":{\"@id\":\"https:\/\/denizcankizil.tr\/ru\/haberler\/gundem\/vali-hulusi-sahinden-turizm-sektorune-cagri-zincir-otelcilige-gecis-zamani\/\"},\"wordCount\":1630,\"commentCount\":0,\"publisher\":{\"@id\":\"https:\/\/denizcankizil.tr\/#organization\"},\"articleSection\":[\"G\u00fcndem\",\"Uncategorized\"],\"inLanguage\":\"ru-RU\",\"potentialAction\":[{\"@type\":\"CommentAction\",\"name\":\"Comment\",\"target\":[\"https:\/\/denizcankizil.tr\/ru\/haberler\/gundem\/vali-hulusi-sahinden-turizm-sektorune-cagri-zincir-otelcilige-gecis-zamani\/#respond\"]}]},{\"@type\":\"WebPage\",\"@id\":\"https:\/\/denizcankizil.tr\/ru\/haberler\/gundem\/vali-hulusi-sahinden-turizm-sektorune-cagri-zincir-otelcilige-gecis-zamani\/\",\"url\":\"https:\/\/denizcankizil.tr\/ru\/haberler\/gundem\/vali-hulusi-sahinden-turizm-sektorune-cagri-zincir-otelcilige-gecis-zamani\/\",\"name\":\"Vali Hulusi \u015eahin'den turizm sekt\u00f6r\u00fcne \u00e7a\u011fr\u0131: \\\"Zincir otelcili\u011fe ge\u00e7i\u015f zaman\u0131\\\" - Av. Deniz Can K\u0131z\u0131l\",\"isPartOf\":{\"@id\":\"https:\/\/denizcankizil.tr\/#website\"},\"datePublished\":\"2024-10-23T12:42:00+00:00\",\"breadcrumb\":{\"@id\":\"https:\/\/denizcankizil.tr\/ru\/haberler\/gundem\/vali-hulusi-sahinden-turizm-sektorune-cagri-zincir-otelcilige-gecis-zamani\/#breadcrumb\"},\"inLanguage\":\"ru-RU\",\"potentialAction\":[{\"@type\":\"ReadAction\",\"target\":[\"https:\/\/denizcankizil.tr\/ru\/haberler\/gundem\/vali-hulusi-sahinden-turizm-sektorune-cagri-zincir-otelcilige-gecis-zamani\/\"]}]},{\"@type\":\"BreadcrumbList\",\"@id\":\"https:\/\/denizcankizil.tr\/ru\/haberler\/gundem\/vali-hulusi-sahinden-turizm-sektorune-cagri-zincir-otelcilige-gecis-zamani\/#breadcrumb\",\"itemListElement\":[{\"@type\":\"ListItem\",\"position\":1,\"name\":\"Home\",\"item\":\"https:\/\/denizcankizil.tr\/uk\/\"},{\"@type\":\"ListItem\",\"position\":2,\"name\":\"Vali Hulusi \u015eahin&#8217;den turizm sekt\u00f6r\u00fcne \u00e7a\u011fr\u0131: &#8220;Zincir otelcili\u011fe ge\u00e7i\u015f zaman\u0131&#8221;\"}]},{\"@type\":\"WebSite\",\"@id\":\"https:\/\/denizcankizil.tr\/#website\",\"url\":\"https:\/\/denizcankizil.tr\/\",\"name\":\"Av. Deniz Can K\u0131z\u0131l\",\"description\":\"Avukat Deniz Can K\u0131z\u0131l Antalya Barosu\",\"publisher\":{\"@id\":\"https:\/\/denizcankizil.tr\/#organization\"},\"potentialAction\":[{\"@type\":\"SearchAction\",\"target\":{\"@type\":\"EntryPoint\",\"urlTemplate\":\"https:\/\/denizcankizil.tr\/?s={search_term_string}\"},\"query-input\":{\"@type\":\"PropertyValueSpecification\",\"valueRequired\":true,\"valueName\":\"search_term_string\"}}],\"inLanguage\":\"ru-RU\"},{\"@type\":\"Organization\",\"@id\":\"https:\/\/denizcankizil.tr\/#organization\",\"name\":\"Av. Deniz Can K\u0131z\u0131l\",\"url\":\"https:\/\/denizcankizil.tr\/\",\"logo\":{\"@type\":\"ImageObject\",\"inLanguage\":\"ru-RU\",\"@id\":\"https:\/\/denizcankizil.tr\/#\/schema\/logo\/image\/\",\"url\":\"https:\/\/denizcankizil.tr\/wp-content\/uploads\/2024\/10\/siyah-logo-svg.svg\",\"contentUrl\":\"https:\/\/denizcankizil.tr\/wp-content\/uploads\/2024\/10\/siyah-logo-svg.svg\",\"width\":1080,\"height\":1080,\"caption\":\"Av. Deniz Can K\u0131z\u0131l\"},\"image\":{\"@id\":\"https:\/\/denizcankizil.tr\/#\/schema\/logo\/image\/\"}}]}<\/script>\n<!-- \/ Yoast SEO Premium plugin. -->","yoast_head_json":{"title":"Vali Hulusi \u015eahin'den turizm sekt\u00f6r\u00fcne \u00e7a\u011fr\u0131: \"Zincir otelcili\u011fe ge\u00e7i\u015f zaman\u0131\" - Av. Deniz Can K\u0131z\u0131l","robots":{"index":"index","follow":"follow","max-snippet":"max-snippet:-1","max-image-preview":"max-image-preview:large","max-video-preview":"max-video-preview:-1"},"canonical":"https:\/\/denizcankizil.tr\/ru\/haberler\/gundem\/vali-hulusi-sahinden-turizm-sektorune-cagri-zincir-otelcilige-gecis-zamani\/","og_locale":"ru_RU","og_type":"article","og_title":"Vali Hulusi \u015eahin'den turizm sekt\u00f6r\u00fcne \u00e7a\u011fr\u0131: \"Zincir otelcili\u011fe ge\u00e7i\u015f zaman\u0131\"","og_description":"T\u00fcrkiye turizminde yeni pazarlar\u0131n art\u0131r\u0131lmas\u0131 amac\u0131yla ger\u00e7ekle\u015ftirilen 6\u2019nc\u0131 Antalya Turizm Fuar\u0131 ba\u015flad\u0131. Bu y\u0131l ilk defa 3 g\u00fcn boyunca s\u00fcrecek fuar\u0131n ANFA\u015e Fuar Merkezi\u2019nde a\u00e7\u0131l\u0131\u015f\u0131na Kuzey K\u0131br\u0131s T\u00fcrk Cumhuriyeti (KKTC) Ba\u015fbakan Yard\u0131mc\u0131s\u0131, Turizm, K\u00fclt\u00fcr, Gen\u00e7lik ve \u00c7evre Bakan\u0131 Fikri Atao\u011flu, Antalya Valisi Hulusi \u015eahin, CHP Antalya Milletvekili Sururi \u00c7orabat\u0131r, T\u00dcRSAB Ba\u015fkan Yard\u0131mc\u0131s\u0131 Davut G\u00fcnayd\u0131n, ATSO Ba\u015fkan\u0131 Yusuf Hac\u0131s\u00fcleyman, Akdeniz Turistik Otelciler ve \u0130\u015fletmeciler Birli\u011fi (AKTOB) Ba\u015fkan\u0131 Kaan Ka\u015fif Kavalo\u011flu, Antalya Turizm Fuar\u0131 Kurucusu ve Ba\u015fkan\u0131 Sel\u00e7uk Meral, T\u00fcrkiye \u0130\u015f Bankas\u0131 Genel M\u00fcd\u00fcr Yard\u0131mc\u0131s\u0131 Sezgin Y\u0131lmaz ve davetliler kat\u0131ld\u0131. 60 \u00fclkeden 2 binden fazla seyahat acentesi temsilcisinin kat\u0131laca\u011f\u0131 fuarda 100\u2019\u00fcn \u00fczerinde konu\u015fmac\u0131 turizm sekt\u00f6r\u00fcn\u00fcn gelece\u011fini konu\u015facak.\u00a0 D\u00dcNYANIN EN \u0130Y\u0130S\u0130 Antalya Turizm Fuar\u0131 Kurucusu ve Ba\u015fkan\u0131 Sel\u00e7uk Meral, fuarc\u0131l\u0131kta \u00e7ok ince detaylar\u0131n oldu\u011funu s\u00f6yledi. Meral 2019 y\u0131l\u0131nda 4 bin metrekareyle ba\u015flad\u0131klar\u0131n\u0131 ve bug\u00fcn 35 bin metrekareye \u00e7\u0131kt\u0131klar\u0131n\u0131 30 binden fazla ziyaret\u00e7i potansiyeline h\u00e2kim olduklar\u0131n\u0131 ifade etti. Yerinde pazarlama iddias\u0131yla ortaya \u00e7\u0131kt\u0131klar\u0131n\u0131 da kaydeden Meral, \u201cEn iyisi kendi memleketimizde tan\u0131t\u0131m yapmak diye d\u00fc\u015f\u00fcnd\u00fck ve burada yapmaya karar verdik. Bu kabul g\u00f6rd\u00fc. Bug\u00fcn g\u00f6rd\u00fc\u011f\u00fcm simalar d\u00fcnyan\u0131n en \u00f6nemli turizm fabrikalar\u0131n\u0131n ba\u015f\u0131ndaki ki\u015filer. Yerinde bir fuarc\u0131l\u0131k anlay\u0131\u015f\u0131 \u00e7ok nadir g\u00f6r\u00fcnen bir \u015feydir. D\u00fcnyada sadece Antalya\u2019da var. T\u00fcm pazarlar\u0131 bir araya getirdik. T\u00fcm operat\u00f6rler burada bulunuyor. &hellip;","og_url":"https:\/\/denizcankizil.tr\/ru\/haberler\/gundem\/vali-hulusi-sahinden-turizm-sektorune-cagri-zincir-otelcilige-gecis-zamani\/","og_site_name":"Av. Deniz Can K\u0131z\u0131l","article_published_time":"2024-10-23T12:42:00+00:00","twitter_card":"summary_large_image","twitter_misc":{"\u041f\u0440\u0438\u043c\u0435\u0440\u043d\u043e\u0435 \u0432\u0440\u0435\u043c\u044f \u0434\u043b\u044f \u0447\u0442\u0435\u043d\u0438\u044f":"8 \u043c\u0438\u043d\u0443\u0442"},"schema":{"@context":"https:\/\/schema.org","@graph":[{"@type":"Article","@id":"https:\/\/denizcankizil.tr\/ru\/haberler\/gundem\/vali-hulusi-sahinden-turizm-sektorune-cagri-zincir-otelcilige-gecis-zamani\/#article","isPartOf":{"@id":"https:\/\/denizcankizil.tr\/ru\/haberler\/gundem\/vali-hulusi-sahinden-turizm-sektorune-cagri-zincir-otelcilige-gecis-zamani\/"},"author":{"name":"","@id":""},"headline":"Vali Hulusi \u015eahin&#8217;den turizm sekt\u00f6r\u00fcne \u00e7a\u011fr\u0131: &#8220;Zincir otelcili\u011fe ge\u00e7i\u015f zaman\u0131&#8221;","datePublished":"2024-10-23T12:42:00+00:00","mainEntityOfPage":{"@id":"https:\/\/denizcankizil.tr\/ru\/haberler\/gundem\/vali-hulusi-sahinden-turizm-sektorune-cagri-zincir-otelcilige-gecis-zamani\/"},"wordCount":1630,"commentCount":0,"publisher":{"@id":"https:\/\/denizcankizil.tr\/#organization"},"articleSection":["G\u00fcndem","Uncategorized"],"inLanguage":"ru-RU","potentialAction":[{"@type":"CommentAction","name":"Comment","target":["https:\/\/denizcankizil.tr\/ru\/haberler\/gundem\/vali-hulusi-sahinden-turizm-sektorune-cagri-zincir-otelcilige-gecis-zamani\/#respond"]}]},{"@type":"WebPage","@id":"https:\/\/denizcankizil.tr\/ru\/haberler\/gundem\/vali-hulusi-sahinden-turizm-sektorune-cagri-zincir-otelcilige-gecis-zamani\/","url":"https:\/\/denizcankizil.tr\/ru\/haberler\/gundem\/vali-hulusi-sahinden-turizm-sektorune-cagri-zincir-otelcilige-gecis-zamani\/","name":"Vali Hulusi \u015eahin'den turizm sekt\u00f6r\u00fcne \u00e7a\u011fr\u0131: \"Zincir otelcili\u011fe ge\u00e7i\u015f zaman\u0131\" - Av. Deniz Can K\u0131z\u0131l","isPartOf":{"@id":"https:\/\/denizcankizil.tr\/#website"},"datePublished":"2024-10-23T12:42:00+00:00","breadcrumb":{"@id":"https:\/\/denizcankizil.tr\/ru\/haberler\/gundem\/vali-hulusi-sahinden-turizm-sektorune-cagri-zincir-otelcilige-gecis-zamani\/#breadcrumb"},"inLanguage":"ru-RU","potentialAction":[{"@type":"ReadAction","target":["https:\/\/denizcankizil.tr\/ru\/haberler\/gundem\/vali-hulusi-sahinden-turizm-sektorune-cagri-zincir-otelcilige-gecis-zamani\/"]}]},{"@type":"BreadcrumbList","@id":"https:\/\/denizcankizil.tr\/ru\/haberler\/gundem\/vali-hulusi-sahinden-turizm-sektorune-cagri-zincir-otelcilige-gecis-zamani\/#breadcrumb","itemListElement":[{"@type":"ListItem","position":1,"name":"Home","item":"https:\/\/denizcankizil.tr\/uk\/"},{"@type":"ListItem","position":2,"name":"Vali Hulusi \u015eahin&#8217;den turizm sekt\u00f6r\u00fcne \u00e7a\u011fr\u0131: &#8220;Zincir otelcili\u011fe ge\u00e7i\u015f zaman\u0131&#8221;"}]},{"@type":"WebSite","@id":"https:\/\/denizcankizil.tr\/#website","url":"https:\/\/denizcankizil.tr\/","name":"Av. Deniz Can K\u0131z\u0131l","description":"Avukat Deniz Can K\u0131z\u0131l Antalya Barosu","publisher":{"@id":"https:\/\/denizcankizil.tr\/#organization"},"potentialAction":[{"@type":"SearchAction","target":{"@type":"EntryPoint","urlTemplate":"https:\/\/denizcankizil.tr\/?s={search_term_string}"},"query-input":{"@type":"PropertyValueSpecification","valueRequired":true,"valueName":"search_term_string"}}],"inLanguage":"ru-RU"},{"@type":"Organization","@id":"https:\/\/denizcankizil.tr\/#organization","name":"Av. Deniz Can K\u0131z\u0131l","url":"https:\/\/denizcankizil.tr\/","logo":{"@type":"ImageObject","inLanguage":"ru-RU","@id":"https:\/\/denizcankizil.tr\/#\/schema\/logo\/image\/","url":"https:\/\/denizcankizil.tr\/wp-content\/uploads\/2024\/10\/siyah-logo-svg.svg","contentUrl":"https:\/\/denizcankizil.tr\/wp-content\/uploads\/2024\/10\/siyah-logo-svg.svg","width":1080,"height":1080,"caption":"Av. Deniz Can K\u0131z\u0131l"},"image":{"@id":"https:\/\/denizcankizil.tr\/#\/schema\/logo\/image\/"}}]}},"_links":{"self":[{"href":"https:\/\/denizcankizil.tr\/ru\/wp-json\/wp\/v2\/posts\/7140","targetHints":{"allow":["GET"]}}],"collection":[{"href":"https:\/\/denizcankizil.tr\/ru\/wp-json\/wp\/v2\/posts"}],"about":[{"href":"https:\/\/denizcankizil.tr\/ru\/wp-json\/wp\/v2\/types\/post"}],"replies":[{"embeddable":true,"href":"https:\/\/denizcankizil.tr\/ru\/wp-json\/wp\/v2\/comments?post=7140"}],"version-history":[{"count":0,"href":"https:\/\/denizcankizil.tr\/ru\/wp-json\/wp\/v2\/posts\/7140\/revisions"}],"wp:attachment":[{"href":"https:\/\/denizcankizil.tr\/ru\/wp-json\/wp\/v2\/media?parent=7140"}],"wp:term":[{"taxonomy":"category","embeddable":true,"href":"https:\/\/denizcankizil.tr\/ru\/wp-json\/wp\/v2\/categories?post=7140"},{"taxonomy":"post_tag","embeddable":true,"href":"https:\/\/denizcankizil.tr\/ru\/wp-json\/wp\/v2\/tags?post=7140"}],"curies":[{"name":"wp","href":"https:\/\/api.w.org\/{rel}","templated":true}]}}