{"id":71348,"date":"2025-04-30T11:43:22","date_gmt":"2025-04-30T08:43:22","guid":{"rendered":"https:\/\/denizcankizil.tr\/uncategorized-tr\/yildirimtepede-trafige-nefes-aldiracak-calisma\/"},"modified":"2025-04-30T11:43:22","modified_gmt":"2025-04-30T08:43:22","slug":"yildirimtepede-trafige-nefes-aldiracak-calisma","status":"publish","type":"post","link":"https:\/\/denizcankizil.tr\/ru\/haberler\/gundem\/yildirimtepede-trafige-nefes-aldiracak-calisma\/","title":{"rendered":"Y\u0131ld\u0131r\u0131mtepe\u2019de Trafi\u011fe Nefes Ald\u0131racak \u00c7al\u0131\u015fma"},"content":{"rendered":"<p>Devam eden \u00e7al\u0131\u015fmalar hakk\u0131nda a\u00e7\u0131klamalarda bulunan \u0130skenderun Belediye Ba\u015fkan\u0131 Mehmet D\u00f6nmez, k\u00f6pr\u00fcde ba\u015flat\u0131lan projenin b\u00f6lgedeki trafik yo\u011funlu\u011funu azaltmay\u0131 ve ula\u015f\u0131m\u0131 daha g\u00fcvenli hale getirmeyi ama\u00e7lad\u0131\u011f\u0131n\u0131 belirtti. Ba\u015fkan D\u00f6nmez, \u201cY\u0131ld\u0131r\u0131mtepe ve G\u00fcltepe Mahallelerimizi birbirine ba\u011flayan Y\u0131ld\u0131r\u0131mtepe K\u00f6pr\u00fcs\u00fc\u2019nde yol geni\u015fletme \u00e7al\u0131\u015fmalar\u0131m\u0131z\u0131 ba\u015flatt\u0131k. \u0130skenderun\u2019umuzun her noktas\u0131nda tespit edilen eksikliklerin tamamlanmas\u0131 i\u00e7in durmadan, yorulmadan \u00e7al\u0131\u015fmalar\u0131m\u0131z\u0131 aral\u0131ks\u0131z bir \u015fekilde s\u00fcrd\u00fcr\u00fcyoruz,\u201d ifadelerini kulland\u0131.<\/p>\n<p>\u00c7al\u0131\u015fmalar s\u00fcresince s\u00fcr\u00fcc\u00fclerin alternatif g\u00fczergahlar\u0131 kullanmalar\u0131 ve trafik i\u015faretleri ile y\u00f6nlendirmelere dikkat etmeleri gerekti\u011fini vurgulayan D\u00f6nmez, vatanda\u015flardan bu s\u00fcre\u00e7te anlay\u0131\u015f ve sab\u0131r beklediklerini s\u00f6yledi.<\/p>\n<p>Yol geni\u015fletme \u00e7al\u0131\u015fmalar\u0131 sayesinde b\u00f6lgede trafik ak\u0131\u015f\u0131n\u0131n daha d\u00fczenli ve g\u00fcvenli hale gelmesi hedefleniyor. Ekiplerin sahada yo\u011fun mesai harcad\u0131\u011f\u0131n\u0131 belirten Ba\u015fkan D\u00f6nmez, \u201c\u0130skenderun\u2019umuzu daha ya\u015fanabilir, daha ula\u015f\u0131labilir bir kent haline getirmek en b\u00fcy\u00fck \u00f6nceli\u011fimiz olacak. Vatanda\u015flar\u0131m\u0131z\u0131n g\u00fcnl\u00fck ya\u015fam\u0131n\u0131 kolayla\u015ft\u0131racak her ad\u0131mda biz var\u0131z. T\u00fcm hem\u015fehrilerimizden bu s\u00fcre\u00e7te g\u00f6sterecekleri anlay\u0131\u015f ve sab\u0131r i\u00e7in te\u015fekk\u00fcr ediyorum\u201d dedi.<\/p>\n<p>\u200b\u0130skenderun Belediyesi, \u015fehirdeki ula\u015f\u0131m sorunlar\u0131n\u0131 \u00e7\u00f6zmek amac\u0131yla \u00f6nemli bir projeyi daha hayata ge\u00e7irdi. Y\u0131ld\u0131r\u0131mtepe ve G\u00fcltepe mahallelerini birbirine ba\u011flayan Y\u0131ld\u0131r\u0131mtepe K\u00f6pr\u00fcs\u00fc\u2019nde yol geni\u015fletme \u00e7al\u0131\u015fmalar\u0131 ba\u015flat\u0131ld\u0131.\u00a0<\/p>\n<p>\u200bHaberin Al\u0131nt\u0131land\u0131\u011f\u0131 Kaynak: www.iskenderun.org<\/p>","protected":false},"excerpt":{"rendered":"<p>Devam eden \u00e7al\u0131\u015fmalar hakk\u0131nda a\u00e7\u0131klamalarda bulunan \u0130skenderun Belediye Ba\u015fkan\u0131 Mehmet D\u00f6nmez, k\u00f6pr\u00fcde ba\u015flat\u0131lan projenin b\u00f6lgedeki trafik yo\u011funlu\u011funu azaltmay\u0131 ve ula\u015f\u0131m\u0131 daha g\u00fcvenli hale getirmeyi ama\u00e7lad\u0131\u011f\u0131n\u0131 belirtti. Ba\u015fkan D\u00f6nmez, \u201cY\u0131ld\u0131r\u0131mtepe ve G\u00fcltepe Mahallelerimizi birbirine ba\u011flayan Y\u0131ld\u0131r\u0131mtepe K\u00f6pr\u00fcs\u00fc\u2019nde yol geni\u015fletme \u00e7al\u0131\u015fmalar\u0131m\u0131z\u0131 ba\u015flatt\u0131k. \u0130skenderun\u2019umuzun her noktas\u0131nda tespit edilen eksikliklerin tamamlanmas\u0131 i\u00e7in durmadan, yorulmadan \u00e7al\u0131\u015fmalar\u0131m\u0131z\u0131 aral\u0131ks\u0131z bir \u015fekilde s\u00fcrd\u00fcr\u00fcyoruz,\u201d ifadelerini kulland\u0131. \u00c7al\u0131\u015fmalar s\u00fcresince s\u00fcr\u00fcc\u00fclerin alternatif g\u00fczergahlar\u0131 kullanmalar\u0131 ve trafik i\u015faretleri ile y\u00f6nlendirmelere dikkat etmeleri gerekti\u011fini vurgulayan D\u00f6nmez, vatanda\u015flardan bu s\u00fcre\u00e7te anlay\u0131\u015f ve sab\u0131r beklediklerini s\u00f6yledi. Yol geni\u015fletme \u00e7al\u0131\u015fmalar\u0131 sayesinde b\u00f6lgede trafik ak\u0131\u015f\u0131n\u0131n daha d\u00fczenli ve g\u00fcvenli hale gelmesi hedefleniyor. Ekiplerin sahada yo\u011fun mesai harcad\u0131\u011f\u0131n\u0131 belirten Ba\u015fkan D\u00f6nmez, \u201c\u0130skenderun\u2019umuzu daha ya\u015fanabilir, daha ula\u015f\u0131labilir bir kent haline getirmek en b\u00fcy\u00fck \u00f6nceli\u011fimiz olacak. Vatanda\u015flar\u0131m\u0131z\u0131n g\u00fcnl\u00fck ya\u015fam\u0131n\u0131 kolayla\u015ft\u0131racak her ad\u0131mda biz var\u0131z. T\u00fcm hem\u015fehrilerimizden bu s\u00fcre\u00e7te g\u00f6sterecekleri anlay\u0131\u015f ve sab\u0131r i\u00e7in te\u015fekk\u00fcr ediyorum\u201d dedi. \u200b\u0130skenderun Belediyesi, \u015fehirdeki ula\u015f\u0131m sorunlar\u0131n\u0131 \u00e7\u00f6zmek amac\u0131yla \u00f6nemli bir projeyi daha hayata ge\u00e7irdi. Y\u0131ld\u0131r\u0131mtepe ve G\u00fcltepe mahallelerini birbirine ba\u011flayan Y\u0131ld\u0131r\u0131mtepe K\u00f6pr\u00fcs\u00fc\u2019nde yol geni\u015fletme \u00e7al\u0131\u015fmalar\u0131 ba\u015flat\u0131ld\u0131.\u00a0 \u200bHaberin Al\u0131nt\u0131land\u0131\u011f\u0131 Kaynak: www.iskenderun.org<\/p>","protected":false},"author":1,"featured_media":0,"comment_status":"","ping_status":"open","sticky":false,"template":"","format":"standard","meta":{"_acf_changed":false,"footnotes":""},"categories":[24],"tags":[],"class_list":["post-71348","post","type-post","status-publish","format-standard","has-post-thumbnail","hentry","category-gundem"],"acf":[],"yoast_head":"<!-- This site is optimized with the Yoast SEO Premium plugin v26.6 (Yoast SEO v27.1.1) - https:\/\/yoast.com\/product\/yoast-seo-premium-wordpress\/ -->\n<title>Y\u0131ld\u0131r\u0131mtepe\u2019de Trafi\u011fe Nefes Ald\u0131racak \u00c7al\u0131\u015fma - Av. Deniz Can K\u0131z\u0131l<\/title>\n<meta name=\"robots\" content=\"index, follow, max-snippet:-1, max-image-preview:large, max-video-preview:-1\" \/>\n<link rel=\"canonical\" href=\"https:\/\/denizcankizil.tr\/ru\/haberler\/gundem\/yildirimtepede-trafige-nefes-aldiracak-calisma\/\" \/>\n<meta property=\"og:locale\" content=\"ru_RU\" \/>\n<meta property=\"og:type\" content=\"article\" \/>\n<meta property=\"og:title\" content=\"Y\u0131ld\u0131r\u0131mtepe\u2019de Trafi\u011fe Nefes Ald\u0131racak \u00c7al\u0131\u015fma\" \/>\n<meta property=\"og:description\" content=\"Devam eden \u00e7al\u0131\u015fmalar hakk\u0131nda a\u00e7\u0131klamalarda bulunan \u0130skenderun Belediye Ba\u015fkan\u0131 Mehmet D\u00f6nmez, k\u00f6pr\u00fcde ba\u015flat\u0131lan projenin b\u00f6lgedeki trafik yo\u011funlu\u011funu azaltmay\u0131 ve ula\u015f\u0131m\u0131 daha g\u00fcvenli hale getirmeyi ama\u00e7lad\u0131\u011f\u0131n\u0131 belirtti. Ba\u015fkan D\u00f6nmez, \u201cY\u0131ld\u0131r\u0131mtepe ve G\u00fcltepe Mahallelerimizi birbirine ba\u011flayan Y\u0131ld\u0131r\u0131mtepe K\u00f6pr\u00fcs\u00fc\u2019nde yol geni\u015fletme \u00e7al\u0131\u015fmalar\u0131m\u0131z\u0131 ba\u015flatt\u0131k. \u0130skenderun\u2019umuzun her noktas\u0131nda tespit edilen eksikliklerin tamamlanmas\u0131 i\u00e7in durmadan, yorulmadan \u00e7al\u0131\u015fmalar\u0131m\u0131z\u0131 aral\u0131ks\u0131z bir \u015fekilde s\u00fcrd\u00fcr\u00fcyoruz,\u201d ifadelerini kulland\u0131. \u00c7al\u0131\u015fmalar s\u00fcresince s\u00fcr\u00fcc\u00fclerin alternatif g\u00fczergahlar\u0131 kullanmalar\u0131 ve trafik i\u015faretleri ile y\u00f6nlendirmelere dikkat etmeleri gerekti\u011fini vurgulayan D\u00f6nmez, vatanda\u015flardan bu s\u00fcre\u00e7te anlay\u0131\u015f ve sab\u0131r beklediklerini s\u00f6yledi. Yol geni\u015fletme \u00e7al\u0131\u015fmalar\u0131 sayesinde b\u00f6lgede trafik ak\u0131\u015f\u0131n\u0131n daha d\u00fczenli ve g\u00fcvenli hale gelmesi hedefleniyor. Ekiplerin sahada yo\u011fun mesai harcad\u0131\u011f\u0131n\u0131 belirten Ba\u015fkan D\u00f6nmez, \u201c\u0130skenderun\u2019umuzu daha ya\u015fanabilir, daha ula\u015f\u0131labilir bir kent haline getirmek en b\u00fcy\u00fck \u00f6nceli\u011fimiz olacak. Vatanda\u015flar\u0131m\u0131z\u0131n g\u00fcnl\u00fck ya\u015fam\u0131n\u0131 kolayla\u015ft\u0131racak her ad\u0131mda biz var\u0131z. T\u00fcm hem\u015fehrilerimizden bu s\u00fcre\u00e7te g\u00f6sterecekleri anlay\u0131\u015f ve sab\u0131r i\u00e7in te\u015fekk\u00fcr ediyorum\u201d dedi. \u200b\u0130skenderun Belediyesi, \u015fehirdeki ula\u015f\u0131m sorunlar\u0131n\u0131 \u00e7\u00f6zmek amac\u0131yla \u00f6nemli bir projeyi daha hayata ge\u00e7irdi. Y\u0131ld\u0131r\u0131mtepe ve G\u00fcltepe mahallelerini birbirine ba\u011flayan Y\u0131ld\u0131r\u0131mtepe K\u00f6pr\u00fcs\u00fc\u2019nde yol geni\u015fletme \u00e7al\u0131\u015fmalar\u0131 ba\u015flat\u0131ld\u0131.\u00a0 \u200bHaberin Al\u0131nt\u0131land\u0131\u011f\u0131 Kaynak: www.iskenderun.org\" \/>\n<meta property=\"og:url\" content=\"https:\/\/denizcankizil.tr\/ru\/haberler\/gundem\/yildirimtepede-trafige-nefes-aldiracak-calisma\/\" \/>\n<meta property=\"og:site_name\" content=\"Av. Deniz Can K\u0131z\u0131l\" \/>\n<meta property=\"article:published_time\" content=\"2025-04-30T08:43:22+00:00\" \/>\n<meta name=\"author\" content=\"admin\" \/>\n<meta name=\"twitter:card\" content=\"summary_large_image\" \/>\n<meta name=\"twitter:label1\" content=\"\u041d\u0430\u043f\u0438\u0441\u0430\u043d\u043e \u0430\u0432\u0442\u043e\u0440\u043e\u043c\" \/>\n\t<meta name=\"twitter:data1\" content=\"admin\" \/>\n\t<meta name=\"twitter:label2\" content=\"\u041f\u0440\u0438\u043c\u0435\u0440\u043d\u043e\u0435 \u0432\u0440\u0435\u043c\u044f \u0434\u043b\u044f \u0447\u0442\u0435\u043d\u0438\u044f\" \/>\n\t<meta name=\"twitter:data2\" content=\"1 \u043c\u0438\u043d\u0443\u0442\u0430\" \/>\n<script type=\"application\/ld+json\" class=\"yoast-schema-graph\">{\"@context\":\"https:\/\/schema.org\",\"@graph\":[{\"@type\":\"Article\",\"@id\":\"https:\/\/denizcankizil.tr\/ru\/haberler\/gundem\/yildirimtepede-trafige-nefes-aldiracak-calisma\/#article\",\"isPartOf\":{\"@id\":\"https:\/\/denizcankizil.tr\/ru\/haberler\/gundem\/yildirimtepede-trafige-nefes-aldiracak-calisma\/\"},\"author\":{\"name\":\"admin\",\"@id\":\"https:\/\/denizcankizil.tr\/de\/#\/schema\/person\/be3c05fe6a12686905512445d8185489\"},\"headline\":\"Y\u0131ld\u0131r\u0131mtepe\u2019de Trafi\u011fe Nefes Ald\u0131racak \u00c7al\u0131\u015fma\",\"datePublished\":\"2025-04-30T08:43:22+00:00\",\"mainEntityOfPage\":{\"@id\":\"https:\/\/denizcankizil.tr\/ru\/haberler\/gundem\/yildirimtepede-trafige-nefes-aldiracak-calisma\/\"},\"wordCount\":299,\"publisher\":{\"@id\":\"https:\/\/denizcankizil.tr\/de\/#organization\"},\"articleSection\":[\"G\u00fcndem\"],\"inLanguage\":\"ru-RU\"},{\"@type\":\"WebPage\",\"@id\":\"https:\/\/denizcankizil.tr\/ru\/haberler\/gundem\/yildirimtepede-trafige-nefes-aldiracak-calisma\/\",\"url\":\"https:\/\/denizcankizil.tr\/ru\/haberler\/gundem\/yildirimtepede-trafige-nefes-aldiracak-calisma\/\",\"name\":\"Y\u0131ld\u0131r\u0131mtepe\u2019de Trafi\u011fe Nefes Ald\u0131racak \u00c7al\u0131\u015fma - Av. Deniz Can K\u0131z\u0131l\",\"isPartOf\":{\"@id\":\"https:\/\/denizcankizil.tr\/de\/#website\"},\"datePublished\":\"2025-04-30T08:43:22+00:00\",\"breadcrumb\":{\"@id\":\"https:\/\/denizcankizil.tr\/ru\/haberler\/gundem\/yildirimtepede-trafige-nefes-aldiracak-calisma\/#breadcrumb\"},\"inLanguage\":\"ru-RU\",\"potentialAction\":[{\"@type\":\"ReadAction\",\"target\":[\"https:\/\/denizcankizil.tr\/ru\/haberler\/gundem\/yildirimtepede-trafige-nefes-aldiracak-calisma\/\"]}]},{\"@type\":\"BreadcrumbList\",\"@id\":\"https:\/\/denizcankizil.tr\/ru\/haberler\/gundem\/yildirimtepede-trafige-nefes-aldiracak-calisma\/#breadcrumb\",\"itemListElement\":[{\"@type\":\"ListItem\",\"position\":1,\"name\":\"Home\",\"item\":\"https:\/\/denizcankizil.tr\/de\/\"},{\"@type\":\"ListItem\",\"position\":2,\"name\":\"Y\u0131ld\u0131r\u0131mtepe\u2019de Trafi\u011fe Nefes Ald\u0131racak \u00c7al\u0131\u015fma\"}]},{\"@type\":\"WebSite\",\"@id\":\"https:\/\/denizcankizil.tr\/de\/#website\",\"url\":\"https:\/\/denizcankizil.tr\/de\/\",\"name\":\"Av. Deniz Can K\u0131z\u0131l\",\"description\":\"Avukat Deniz Can K\u0131z\u0131l Antalya Barosu\",\"publisher\":{\"@id\":\"https:\/\/denizcankizil.tr\/de\/#organization\"},\"potentialAction\":[{\"@type\":\"SearchAction\",\"target\":{\"@type\":\"EntryPoint\",\"urlTemplate\":\"https:\/\/denizcankizil.tr\/de\/?s={search_term_string}\"},\"query-input\":{\"@type\":\"PropertyValueSpecification\",\"valueRequired\":true,\"valueName\":\"search_term_string\"}}],\"inLanguage\":\"ru-RU\"},{\"@type\":\"Organization\",\"@id\":\"https:\/\/denizcankizil.tr\/de\/#organization\",\"name\":\"Av. Deniz Can K\u0131z\u0131l\",\"url\":\"https:\/\/denizcankizil.tr\/de\/\",\"logo\":{\"@type\":\"ImageObject\",\"inLanguage\":\"ru-RU\",\"@id\":\"https:\/\/denizcankizil.tr\/de\/#\/schema\/logo\/image\/\",\"url\":\"https:\/\/denizcankizil.tr\/wp-content\/uploads\/2024\/10\/siyah-logo-svg.svg\",\"contentUrl\":\"https:\/\/denizcankizil.tr\/wp-content\/uploads\/2024\/10\/siyah-logo-svg.svg\",\"width\":1080,\"height\":1080,\"caption\":\"Av. Deniz Can K\u0131z\u0131l\"},\"image\":{\"@id\":\"https:\/\/denizcankizil.tr\/de\/#\/schema\/logo\/image\/\"}},{\"@type\":\"Person\",\"@id\":\"https:\/\/denizcankizil.tr\/de\/#\/schema\/person\/be3c05fe6a12686905512445d8185489\",\"name\":\"admin\",\"image\":{\"@type\":\"ImageObject\",\"inLanguage\":\"ru-RU\",\"@id\":\"https:\/\/denizcankizil.tr\/de\/#\/schema\/person\/image\/\",\"url\":\"https:\/\/secure.gravatar.com\/avatar\/c1fce94c830dc79107e174f890d7210541c4a63e8e5d816341794a2151c9d58c?s=96&d=mm&r=g\",\"contentUrl\":\"https:\/\/secure.gravatar.com\/avatar\/c1fce94c830dc79107e174f890d7210541c4a63e8e5d816341794a2151c9d58c?s=96&d=mm&r=g\",\"caption\":\"admin\"},\"sameAs\":[\"http:\/\/denizcankizil.tr\"],\"url\":\"https:\/\/www.iskenderun.org\/yildirimtepede-trafige-nefes-aldiracak-calisma\"}]}<\/script>\n<!-- \/ Yoast SEO Premium plugin. -->","yoast_head_json":{"title":"Y\u0131ld\u0131r\u0131mtepe\u2019de Trafi\u011fe Nefes Ald\u0131racak \u00c7al\u0131\u015fma - Av. Deniz Can K\u0131z\u0131l","robots":{"index":"index","follow":"follow","max-snippet":"max-snippet:-1","max-image-preview":"max-image-preview:large","max-video-preview":"max-video-preview:-1"},"canonical":"https:\/\/denizcankizil.tr\/ru\/haberler\/gundem\/yildirimtepede-trafige-nefes-aldiracak-calisma\/","og_locale":"ru_RU","og_type":"article","og_title":"Y\u0131ld\u0131r\u0131mtepe\u2019de Trafi\u011fe Nefes Ald\u0131racak \u00c7al\u0131\u015fma","og_description":"Devam eden \u00e7al\u0131\u015fmalar hakk\u0131nda a\u00e7\u0131klamalarda bulunan \u0130skenderun Belediye Ba\u015fkan\u0131 Mehmet D\u00f6nmez, k\u00f6pr\u00fcde ba\u015flat\u0131lan projenin b\u00f6lgedeki trafik yo\u011funlu\u011funu azaltmay\u0131 ve ula\u015f\u0131m\u0131 daha g\u00fcvenli hale getirmeyi ama\u00e7lad\u0131\u011f\u0131n\u0131 belirtti. Ba\u015fkan D\u00f6nmez, \u201cY\u0131ld\u0131r\u0131mtepe ve G\u00fcltepe Mahallelerimizi birbirine ba\u011flayan Y\u0131ld\u0131r\u0131mtepe K\u00f6pr\u00fcs\u00fc\u2019nde yol geni\u015fletme \u00e7al\u0131\u015fmalar\u0131m\u0131z\u0131 ba\u015flatt\u0131k. \u0130skenderun\u2019umuzun her noktas\u0131nda tespit edilen eksikliklerin tamamlanmas\u0131 i\u00e7in durmadan, yorulmadan \u00e7al\u0131\u015fmalar\u0131m\u0131z\u0131 aral\u0131ks\u0131z bir \u015fekilde s\u00fcrd\u00fcr\u00fcyoruz,\u201d ifadelerini kulland\u0131. \u00c7al\u0131\u015fmalar s\u00fcresince s\u00fcr\u00fcc\u00fclerin alternatif g\u00fczergahlar\u0131 kullanmalar\u0131 ve trafik i\u015faretleri ile y\u00f6nlendirmelere dikkat etmeleri gerekti\u011fini vurgulayan D\u00f6nmez, vatanda\u015flardan bu s\u00fcre\u00e7te anlay\u0131\u015f ve sab\u0131r beklediklerini s\u00f6yledi. Yol geni\u015fletme \u00e7al\u0131\u015fmalar\u0131 sayesinde b\u00f6lgede trafik ak\u0131\u015f\u0131n\u0131n daha d\u00fczenli ve g\u00fcvenli hale gelmesi hedefleniyor. Ekiplerin sahada yo\u011fun mesai harcad\u0131\u011f\u0131n\u0131 belirten Ba\u015fkan D\u00f6nmez, \u201c\u0130skenderun\u2019umuzu daha ya\u015fanabilir, daha ula\u015f\u0131labilir bir kent haline getirmek en b\u00fcy\u00fck \u00f6nceli\u011fimiz olacak. Vatanda\u015flar\u0131m\u0131z\u0131n g\u00fcnl\u00fck ya\u015fam\u0131n\u0131 kolayla\u015ft\u0131racak her ad\u0131mda biz var\u0131z. T\u00fcm hem\u015fehrilerimizden bu s\u00fcre\u00e7te g\u00f6sterecekleri anlay\u0131\u015f ve sab\u0131r i\u00e7in te\u015fekk\u00fcr ediyorum\u201d dedi. \u200b\u0130skenderun Belediyesi, \u015fehirdeki ula\u015f\u0131m sorunlar\u0131n\u0131 \u00e7\u00f6zmek amac\u0131yla \u00f6nemli bir projeyi daha hayata ge\u00e7irdi. Y\u0131ld\u0131r\u0131mtepe ve G\u00fcltepe mahallelerini birbirine ba\u011flayan Y\u0131ld\u0131r\u0131mtepe K\u00f6pr\u00fcs\u00fc\u2019nde yol geni\u015fletme \u00e7al\u0131\u015fmalar\u0131 ba\u015flat\u0131ld\u0131.\u00a0 \u200bHaberin Al\u0131nt\u0131land\u0131\u011f\u0131 Kaynak: www.iskenderun.org","og_url":"https:\/\/denizcankizil.tr\/ru\/haberler\/gundem\/yildirimtepede-trafige-nefes-aldiracak-calisma\/","og_site_name":"Av. Deniz Can K\u0131z\u0131l","article_published_time":"2025-04-30T08:43:22+00:00","author":"admin","twitter_card":"summary_large_image","twitter_misc":{"\u041d\u0430\u043f\u0438\u0441\u0430\u043d\u043e \u0430\u0432\u0442\u043e\u0440\u043e\u043c":"admin","\u041f\u0440\u0438\u043c\u0435\u0440\u043d\u043e\u0435 \u0432\u0440\u0435\u043c\u044f \u0434\u043b\u044f \u0447\u0442\u0435\u043d\u0438\u044f":"1 \u043c\u0438\u043d\u0443\u0442\u0430"},"schema":{"@context":"https:\/\/schema.org","@graph":[{"@type":"Article","@id":"https:\/\/denizcankizil.tr\/ru\/haberler\/gundem\/yildirimtepede-trafige-nefes-aldiracak-calisma\/#article","isPartOf":{"@id":"https:\/\/denizcankizil.tr\/ru\/haberler\/gundem\/yildirimtepede-trafige-nefes-aldiracak-calisma\/"},"author":{"name":"admin","@id":"https:\/\/denizcankizil.tr\/de\/#\/schema\/person\/be3c05fe6a12686905512445d8185489"},"headline":"Y\u0131ld\u0131r\u0131mtepe\u2019de Trafi\u011fe Nefes Ald\u0131racak \u00c7al\u0131\u015fma","datePublished":"2025-04-30T08:43:22+00:00","mainEntityOfPage":{"@id":"https:\/\/denizcankizil.tr\/ru\/haberler\/gundem\/yildirimtepede-trafige-nefes-aldiracak-calisma\/"},"wordCount":299,"publisher":{"@id":"https:\/\/denizcankizil.tr\/de\/#organization"},"articleSection":["G\u00fcndem"],"inLanguage":"ru-RU"},{"@type":"WebPage","@id":"https:\/\/denizcankizil.tr\/ru\/haberler\/gundem\/yildirimtepede-trafige-nefes-aldiracak-calisma\/","url":"https:\/\/denizcankizil.tr\/ru\/haberler\/gundem\/yildirimtepede-trafige-nefes-aldiracak-calisma\/","name":"Y\u0131ld\u0131r\u0131mtepe\u2019de Trafi\u011fe Nefes Ald\u0131racak \u00c7al\u0131\u015fma - Av. Deniz Can K\u0131z\u0131l","isPartOf":{"@id":"https:\/\/denizcankizil.tr\/de\/#website"},"datePublished":"2025-04-30T08:43:22+00:00","breadcrumb":{"@id":"https:\/\/denizcankizil.tr\/ru\/haberler\/gundem\/yildirimtepede-trafige-nefes-aldiracak-calisma\/#breadcrumb"},"inLanguage":"ru-RU","potentialAction":[{"@type":"ReadAction","target":["https:\/\/denizcankizil.tr\/ru\/haberler\/gundem\/yildirimtepede-trafige-nefes-aldiracak-calisma\/"]}]},{"@type":"BreadcrumbList","@id":"https:\/\/denizcankizil.tr\/ru\/haberler\/gundem\/yildirimtepede-trafige-nefes-aldiracak-calisma\/#breadcrumb","itemListElement":[{"@type":"ListItem","position":1,"name":"Home","item":"https:\/\/denizcankizil.tr\/de\/"},{"@type":"ListItem","position":2,"name":"Y\u0131ld\u0131r\u0131mtepe\u2019de Trafi\u011fe Nefes Ald\u0131racak \u00c7al\u0131\u015fma"}]},{"@type":"WebSite","@id":"https:\/\/denizcankizil.tr\/de\/#website","url":"https:\/\/denizcankizil.tr\/de\/","name":"Av. Deniz Can K\u0131z\u0131l","description":"Avukat Deniz Can K\u0131z\u0131l Antalya Barosu","publisher":{"@id":"https:\/\/denizcankizil.tr\/de\/#organization"},"potentialAction":[{"@type":"SearchAction","target":{"@type":"EntryPoint","urlTemplate":"https:\/\/denizcankizil.tr\/de\/?s={search_term_string}"},"query-input":{"@type":"PropertyValueSpecification","valueRequired":true,"valueName":"search_term_string"}}],"inLanguage":"ru-RU"},{"@type":"Organization","@id":"https:\/\/denizcankizil.tr\/de\/#organization","name":"Av. Deniz Can K\u0131z\u0131l","url":"https:\/\/denizcankizil.tr\/de\/","logo":{"@type":"ImageObject","inLanguage":"ru-RU","@id":"https:\/\/denizcankizil.tr\/de\/#\/schema\/logo\/image\/","url":"https:\/\/denizcankizil.tr\/wp-content\/uploads\/2024\/10\/siyah-logo-svg.svg","contentUrl":"https:\/\/denizcankizil.tr\/wp-content\/uploads\/2024\/10\/siyah-logo-svg.svg","width":1080,"height":1080,"caption":"Av. Deniz Can K\u0131z\u0131l"},"image":{"@id":"https:\/\/denizcankizil.tr\/de\/#\/schema\/logo\/image\/"}},{"@type":"Person","@id":"https:\/\/denizcankizil.tr\/de\/#\/schema\/person\/be3c05fe6a12686905512445d8185489","name":"\u0430\u0434\u043c\u0438\u043d","image":{"@type":"ImageObject","inLanguage":"ru-RU","@id":"https:\/\/denizcankizil.tr\/de\/#\/schema\/person\/image\/","url":"https:\/\/secure.gravatar.com\/avatar\/c1fce94c830dc79107e174f890d7210541c4a63e8e5d816341794a2151c9d58c?s=96&d=mm&r=g","contentUrl":"https:\/\/secure.gravatar.com\/avatar\/c1fce94c830dc79107e174f890d7210541c4a63e8e5d816341794a2151c9d58c?s=96&d=mm&r=g","caption":"admin"},"sameAs":["http:\/\/denizcankizil.tr"],"url":"https:\/\/www.iskenderun.org\/yildirimtepede-trafige-nefes-aldiracak-calisma"}]}},"_links":{"self":[{"href":"https:\/\/denizcankizil.tr\/ru\/wp-json\/wp\/v2\/posts\/71348","targetHints":{"allow":["GET"]}}],"collection":[{"href":"https:\/\/denizcankizil.tr\/ru\/wp-json\/wp\/v2\/posts"}],"about":[{"href":"https:\/\/denizcankizil.tr\/ru\/wp-json\/wp\/v2\/types\/post"}],"author":[{"embeddable":true,"href":"https:\/\/denizcankizil.tr\/ru\/wp-json\/wp\/v2\/users\/1"}],"replies":[{"embeddable":true,"href":"https:\/\/denizcankizil.tr\/ru\/wp-json\/wp\/v2\/comments?post=71348"}],"version-history":[{"count":0,"href":"https:\/\/denizcankizil.tr\/ru\/wp-json\/wp\/v2\/posts\/71348\/revisions"}],"wp:attachment":[{"href":"https:\/\/denizcankizil.tr\/ru\/wp-json\/wp\/v2\/media?parent=71348"}],"wp:term":[{"taxonomy":"category","embeddable":true,"href":"https:\/\/denizcankizil.tr\/ru\/wp-json\/wp\/v2\/categories?post=71348"},{"taxonomy":"post_tag","embeddable":true,"href":"https:\/\/denizcankizil.tr\/ru\/wp-json\/wp\/v2\/tags?post=71348"}],"curies":[{"name":"wp","href":"https:\/\/api.w.org\/{rel}","templated":true}]}}