{"id":7107,"date":"2024-10-23T14:41:34","date_gmt":"2024-10-23T11:41:34","guid":{"rendered":"https:\/\/denizcankizil.tr\/uncategorized-tr\/yeraltindan-zirveye-turkce-rapin-yolculugu-gainde\/"},"modified":"2024-10-23T14:41:34","modified_gmt":"2024-10-23T11:41:34","slug":"yeraltindan-zirveye-turkce-rapin-yolculugu-gainde","status":"publish","type":"post","link":"https:\/\/denizcankizil.tr\/ru\/haberler\/gundem\/yeraltindan-zirveye-turkce-rapin-yolculugu-gainde\/","title":{"rendered":"Yeralt\u0131ndan zirveye, T\u00fcrk\u00e7e rap&#8217;in yolculu\u011fu GA\u0130N\u2019de!"},"content":{"rendered":"<p>T\u00fcrk\u00e7e rap\u2019in ge\u00e7mi\u015ften g\u00fcn\u00fcm\u00fcze ge\u00e7irdi\u011fi yolculu\u011fu mercek alt\u0131na alan, 9 b\u00f6l\u00fcml\u00fck \u201cSes ve \u00d6fke\u201d belgeseli GA\u0130N\u2019de ba\u015fl\u0131yor. Belgeselde Erci E, Ezhel, Ceza, Gazapizm, Norm Ender gibi T\u00fcrk\u00e7e rap\u2019in en sayg\u0131n isimleri deneyimlerini anlatarak gen\u00e7 m\u00fczisyenlere ilham da veriyor.<\/p>\n<p>\u200bT\u00fcrk\u00e7e rap\u2019in ge\u00e7mi\u015ften g\u00fcn\u00fcm\u00fcze ge\u00e7irdi\u011fi yolculu\u011fu mercek alt\u0131na alan, 9 b\u00f6l\u00fcml\u00fck \u201cSes ve \u00d6fke\u201d belgeseli GA\u0130N\u2019de ba\u015fl\u0131yor. Belgeselde Erci E, Ezhel, Ceza, Gazapizm, Norm Ender gibi T\u00fcrk\u00e7e rap\u2019in en sayg\u0131n isimleri deneyimlerini anlatarak gen\u00e7 m\u00fczisyenlere ilham da veriyor.\u00a0<\/p>\n<p>\u200bHaberin Al\u0131nt\u0131land\u0131\u011f\u0131 Kaynak: www.iskenderun.org<\/p>","protected":false},"excerpt":{"rendered":"<p>T\u00fcrk\u00e7e rap\u2019in ge\u00e7mi\u015ften g\u00fcn\u00fcm\u00fcze ge\u00e7irdi\u011fi yolculu\u011fu mercek alt\u0131na alan, 9 b\u00f6l\u00fcml\u00fck \u201cSes ve \u00d6fke\u201d belgeseli GA\u0130N\u2019de ba\u015fl\u0131yor. Belgeselde Erci E, Ezhel, Ceza, Gazapizm, Norm Ender gibi T\u00fcrk\u00e7e rap\u2019in en sayg\u0131n isimleri deneyimlerini anlatarak gen\u00e7 m\u00fczisyenlere ilham da veriyor. \u200bT\u00fcrk\u00e7e rap\u2019in ge\u00e7mi\u015ften g\u00fcn\u00fcm\u00fcze ge\u00e7irdi\u011fi yolculu\u011fu mercek alt\u0131na alan, 9 b\u00f6l\u00fcml\u00fck \u201cSes ve \u00d6fke\u201d belgeseli GA\u0130N\u2019de ba\u015fl\u0131yor. Belgeselde Erci E, Ezhel, Ceza, Gazapizm, Norm Ender gibi T\u00fcrk\u00e7e rap\u2019in en sayg\u0131n isimleri deneyimlerini anlatarak gen\u00e7 m\u00fczisyenlere ilham da veriyor.\u00a0 \u200bHaberin Al\u0131nt\u0131land\u0131\u011f\u0131 Kaynak: www.iskenderun.org<\/p>","protected":false},"author":0,"featured_media":0,"comment_status":"open","ping_status":"open","sticky":false,"template":"","format":"standard","meta":{"_acf_changed":false,"footnotes":""},"categories":[24,535],"tags":[],"class_list":["post-7107","post","type-post","status-publish","format-standard","has-post-thumbnail","hentry","category-gundem","category-uncategorized-tr"],"acf":[],"yoast_head":"<!-- This site is optimized with the Yoast SEO Premium plugin v26.6 (Yoast SEO v27.1.1) - https:\/\/yoast.com\/product\/yoast-seo-premium-wordpress\/ -->\n<title>Yeralt\u0131ndan zirveye, T\u00fcrk\u00e7e rap&#039;in yolculu\u011fu GA\u0130N\u2019de! - Av. Deniz Can K\u0131z\u0131l<\/title>\n<meta name=\"robots\" content=\"index, follow, max-snippet:-1, max-image-preview:large, max-video-preview:-1\" \/>\n<link rel=\"canonical\" href=\"https:\/\/denizcankizil.tr\/ru\/haberler\/gundem\/yeraltindan-zirveye-turkce-rapin-yolculugu-gainde\/\" \/>\n<meta property=\"og:locale\" content=\"ru_RU\" \/>\n<meta property=\"og:type\" content=\"article\" \/>\n<meta property=\"og:title\" content=\"Yeralt\u0131ndan zirveye, T\u00fcrk\u00e7e rap&#039;in yolculu\u011fu GA\u0130N\u2019de!\" \/>\n<meta property=\"og:description\" content=\"T\u00fcrk\u00e7e rap\u2019in ge\u00e7mi\u015ften g\u00fcn\u00fcm\u00fcze ge\u00e7irdi\u011fi yolculu\u011fu mercek alt\u0131na alan, 9 b\u00f6l\u00fcml\u00fck \u201cSes ve \u00d6fke\u201d belgeseli GA\u0130N\u2019de ba\u015fl\u0131yor. Belgeselde Erci E, Ezhel, Ceza, Gazapizm, Norm Ender gibi T\u00fcrk\u00e7e rap\u2019in en sayg\u0131n isimleri deneyimlerini anlatarak gen\u00e7 m\u00fczisyenlere ilham da veriyor. \u200bT\u00fcrk\u00e7e rap\u2019in ge\u00e7mi\u015ften g\u00fcn\u00fcm\u00fcze ge\u00e7irdi\u011fi yolculu\u011fu mercek alt\u0131na alan, 9 b\u00f6l\u00fcml\u00fck \u201cSes ve \u00d6fke\u201d belgeseli GA\u0130N\u2019de ba\u015fl\u0131yor. Belgeselde Erci E, Ezhel, Ceza, Gazapizm, Norm Ender gibi T\u00fcrk\u00e7e rap\u2019in en sayg\u0131n isimleri deneyimlerini anlatarak gen\u00e7 m\u00fczisyenlere ilham da veriyor.\u00a0 \u200bHaberin Al\u0131nt\u0131land\u0131\u011f\u0131 Kaynak: www.iskenderun.org\" \/>\n<meta property=\"og:url\" content=\"https:\/\/denizcankizil.tr\/ru\/haberler\/gundem\/yeraltindan-zirveye-turkce-rapin-yolculugu-gainde\/\" \/>\n<meta property=\"og:site_name\" content=\"Av. Deniz Can K\u0131z\u0131l\" \/>\n<meta property=\"article:published_time\" content=\"2024-10-23T11:41:34+00:00\" \/>\n<meta name=\"twitter:card\" content=\"summary_large_image\" \/>\n<meta name=\"twitter:label1\" content=\"\u041f\u0440\u0438\u043c\u0435\u0440\u043d\u043e\u0435 \u0432\u0440\u0435\u043c\u044f \u0434\u043b\u044f \u0447\u0442\u0435\u043d\u0438\u044f\" \/>\n\t<meta name=\"twitter:data1\" content=\"1 \u043c\u0438\u043d\u0443\u0442\u0430\" \/>\n<script type=\"application\/ld+json\" class=\"yoast-schema-graph\">{\"@context\":\"https:\/\/schema.org\",\"@graph\":[{\"@type\":\"Article\",\"@id\":\"https:\/\/denizcankizil.tr\/ru\/haberler\/gundem\/yeraltindan-zirveye-turkce-rapin-yolculugu-gainde\/#article\",\"isPartOf\":{\"@id\":\"https:\/\/denizcankizil.tr\/ru\/haberler\/gundem\/yeraltindan-zirveye-turkce-rapin-yolculugu-gainde\/\"},\"author\":{\"name\":\"\",\"@id\":\"\"},\"headline\":\"Yeralt\u0131ndan zirveye, T\u00fcrk\u00e7e rap&#8217;in yolculu\u011fu GA\u0130N\u2019de!\",\"datePublished\":\"2024-10-23T11:41:34+00:00\",\"mainEntityOfPage\":{\"@id\":\"https:\/\/denizcankizil.tr\/ru\/haberler\/gundem\/yeraltindan-zirveye-turkce-rapin-yolculugu-gainde\/\"},\"wordCount\":143,\"commentCount\":0,\"publisher\":{\"@id\":\"https:\/\/denizcankizil.tr\/de\/#organization\"},\"articleSection\":[\"G\u00fcndem\",\"Uncategorized\"],\"inLanguage\":\"ru-RU\",\"potentialAction\":[{\"@type\":\"CommentAction\",\"name\":\"Comment\",\"target\":[\"https:\/\/denizcankizil.tr\/ru\/haberler\/gundem\/yeraltindan-zirveye-turkce-rapin-yolculugu-gainde\/#respond\"]}]},{\"@type\":\"WebPage\",\"@id\":\"https:\/\/denizcankizil.tr\/ru\/haberler\/gundem\/yeraltindan-zirveye-turkce-rapin-yolculugu-gainde\/\",\"url\":\"https:\/\/denizcankizil.tr\/ru\/haberler\/gundem\/yeraltindan-zirveye-turkce-rapin-yolculugu-gainde\/\",\"name\":\"Yeralt\u0131ndan zirveye, T\u00fcrk\u00e7e rap'in yolculu\u011fu GA\u0130N\u2019de! - Av. Deniz Can K\u0131z\u0131l\",\"isPartOf\":{\"@id\":\"https:\/\/denizcankizil.tr\/de\/#website\"},\"datePublished\":\"2024-10-23T11:41:34+00:00\",\"breadcrumb\":{\"@id\":\"https:\/\/denizcankizil.tr\/ru\/haberler\/gundem\/yeraltindan-zirveye-turkce-rapin-yolculugu-gainde\/#breadcrumb\"},\"inLanguage\":\"ru-RU\",\"potentialAction\":[{\"@type\":\"ReadAction\",\"target\":[\"https:\/\/denizcankizil.tr\/ru\/haberler\/gundem\/yeraltindan-zirveye-turkce-rapin-yolculugu-gainde\/\"]}]},{\"@type\":\"BreadcrumbList\",\"@id\":\"https:\/\/denizcankizil.tr\/ru\/haberler\/gundem\/yeraltindan-zirveye-turkce-rapin-yolculugu-gainde\/#breadcrumb\",\"itemListElement\":[{\"@type\":\"ListItem\",\"position\":1,\"name\":\"Home\",\"item\":\"https:\/\/denizcankizil.tr\/de\/\"},{\"@type\":\"ListItem\",\"position\":2,\"name\":\"Yeralt\u0131ndan zirveye, T\u00fcrk\u00e7e rap&#8217;in yolculu\u011fu GA\u0130N\u2019de!\"}]},{\"@type\":\"WebSite\",\"@id\":\"https:\/\/denizcankizil.tr\/de\/#website\",\"url\":\"https:\/\/denizcankizil.tr\/de\/\",\"name\":\"Av. Deniz Can K\u0131z\u0131l\",\"description\":\"Avukat Deniz Can K\u0131z\u0131l Antalya Barosu\",\"publisher\":{\"@id\":\"https:\/\/denizcankizil.tr\/de\/#organization\"},\"potentialAction\":[{\"@type\":\"SearchAction\",\"target\":{\"@type\":\"EntryPoint\",\"urlTemplate\":\"https:\/\/denizcankizil.tr\/de\/?s={search_term_string}\"},\"query-input\":{\"@type\":\"PropertyValueSpecification\",\"valueRequired\":true,\"valueName\":\"search_term_string\"}}],\"inLanguage\":\"ru-RU\"},{\"@type\":\"Organization\",\"@id\":\"https:\/\/denizcankizil.tr\/de\/#organization\",\"name\":\"Av. Deniz Can K\u0131z\u0131l\",\"url\":\"https:\/\/denizcankizil.tr\/de\/\",\"logo\":{\"@type\":\"ImageObject\",\"inLanguage\":\"ru-RU\",\"@id\":\"https:\/\/denizcankizil.tr\/de\/#\/schema\/logo\/image\/\",\"url\":\"https:\/\/denizcankizil.tr\/wp-content\/uploads\/2024\/10\/siyah-logo-svg.svg\",\"contentUrl\":\"https:\/\/denizcankizil.tr\/wp-content\/uploads\/2024\/10\/siyah-logo-svg.svg\",\"width\":1080,\"height\":1080,\"caption\":\"Av. Deniz Can K\u0131z\u0131l\"},\"image\":{\"@id\":\"https:\/\/denizcankizil.tr\/de\/#\/schema\/logo\/image\/\"}}]}<\/script>\n<!-- \/ Yoast SEO Premium plugin. -->","yoast_head_json":{"title":"Yeralt\u0131ndan zirveye, T\u00fcrk\u00e7e rap'in yolculu\u011fu GA\u0130N\u2019de! - Av. Deniz Can K\u0131z\u0131l","robots":{"index":"index","follow":"follow","max-snippet":"max-snippet:-1","max-image-preview":"max-image-preview:large","max-video-preview":"max-video-preview:-1"},"canonical":"https:\/\/denizcankizil.tr\/ru\/haberler\/gundem\/yeraltindan-zirveye-turkce-rapin-yolculugu-gainde\/","og_locale":"ru_RU","og_type":"article","og_title":"Yeralt\u0131ndan zirveye, T\u00fcrk\u00e7e rap'in yolculu\u011fu GA\u0130N\u2019de!","og_description":"T\u00fcrk\u00e7e rap\u2019in ge\u00e7mi\u015ften g\u00fcn\u00fcm\u00fcze ge\u00e7irdi\u011fi yolculu\u011fu mercek alt\u0131na alan, 9 b\u00f6l\u00fcml\u00fck \u201cSes ve \u00d6fke\u201d belgeseli GA\u0130N\u2019de ba\u015fl\u0131yor. Belgeselde Erci E, Ezhel, Ceza, Gazapizm, Norm Ender gibi T\u00fcrk\u00e7e rap\u2019in en sayg\u0131n isimleri deneyimlerini anlatarak gen\u00e7 m\u00fczisyenlere ilham da veriyor. \u200bT\u00fcrk\u00e7e rap\u2019in ge\u00e7mi\u015ften g\u00fcn\u00fcm\u00fcze ge\u00e7irdi\u011fi yolculu\u011fu mercek alt\u0131na alan, 9 b\u00f6l\u00fcml\u00fck \u201cSes ve \u00d6fke\u201d belgeseli GA\u0130N\u2019de ba\u015fl\u0131yor. Belgeselde Erci E, Ezhel, Ceza, Gazapizm, Norm Ender gibi T\u00fcrk\u00e7e rap\u2019in en sayg\u0131n isimleri deneyimlerini anlatarak gen\u00e7 m\u00fczisyenlere ilham da veriyor.\u00a0 \u200bHaberin Al\u0131nt\u0131land\u0131\u011f\u0131 Kaynak: www.iskenderun.org","og_url":"https:\/\/denizcankizil.tr\/ru\/haberler\/gundem\/yeraltindan-zirveye-turkce-rapin-yolculugu-gainde\/","og_site_name":"Av. Deniz Can K\u0131z\u0131l","article_published_time":"2024-10-23T11:41:34+00:00","twitter_card":"summary_large_image","twitter_misc":{"\u041f\u0440\u0438\u043c\u0435\u0440\u043d\u043e\u0435 \u0432\u0440\u0435\u043c\u044f \u0434\u043b\u044f \u0447\u0442\u0435\u043d\u0438\u044f":"1 \u043c\u0438\u043d\u0443\u0442\u0430"},"schema":{"@context":"https:\/\/schema.org","@graph":[{"@type":"Article","@id":"https:\/\/denizcankizil.tr\/ru\/haberler\/gundem\/yeraltindan-zirveye-turkce-rapin-yolculugu-gainde\/#article","isPartOf":{"@id":"https:\/\/denizcankizil.tr\/ru\/haberler\/gundem\/yeraltindan-zirveye-turkce-rapin-yolculugu-gainde\/"},"author":{"name":"","@id":""},"headline":"Yeralt\u0131ndan zirveye, T\u00fcrk\u00e7e rap&#8217;in yolculu\u011fu GA\u0130N\u2019de!","datePublished":"2024-10-23T11:41:34+00:00","mainEntityOfPage":{"@id":"https:\/\/denizcankizil.tr\/ru\/haberler\/gundem\/yeraltindan-zirveye-turkce-rapin-yolculugu-gainde\/"},"wordCount":143,"commentCount":0,"publisher":{"@id":"https:\/\/denizcankizil.tr\/de\/#organization"},"articleSection":["G\u00fcndem","Uncategorized"],"inLanguage":"ru-RU","potentialAction":[{"@type":"CommentAction","name":"Comment","target":["https:\/\/denizcankizil.tr\/ru\/haberler\/gundem\/yeraltindan-zirveye-turkce-rapin-yolculugu-gainde\/#respond"]}]},{"@type":"WebPage","@id":"https:\/\/denizcankizil.tr\/ru\/haberler\/gundem\/yeraltindan-zirveye-turkce-rapin-yolculugu-gainde\/","url":"https:\/\/denizcankizil.tr\/ru\/haberler\/gundem\/yeraltindan-zirveye-turkce-rapin-yolculugu-gainde\/","name":"Yeralt\u0131ndan zirveye, T\u00fcrk\u00e7e rap'in yolculu\u011fu GA\u0130N\u2019de! - Av. Deniz Can K\u0131z\u0131l","isPartOf":{"@id":"https:\/\/denizcankizil.tr\/de\/#website"},"datePublished":"2024-10-23T11:41:34+00:00","breadcrumb":{"@id":"https:\/\/denizcankizil.tr\/ru\/haberler\/gundem\/yeraltindan-zirveye-turkce-rapin-yolculugu-gainde\/#breadcrumb"},"inLanguage":"ru-RU","potentialAction":[{"@type":"ReadAction","target":["https:\/\/denizcankizil.tr\/ru\/haberler\/gundem\/yeraltindan-zirveye-turkce-rapin-yolculugu-gainde\/"]}]},{"@type":"BreadcrumbList","@id":"https:\/\/denizcankizil.tr\/ru\/haberler\/gundem\/yeraltindan-zirveye-turkce-rapin-yolculugu-gainde\/#breadcrumb","itemListElement":[{"@type":"ListItem","position":1,"name":"Home","item":"https:\/\/denizcankizil.tr\/de\/"},{"@type":"ListItem","position":2,"name":"Yeralt\u0131ndan zirveye, T\u00fcrk\u00e7e rap&#8217;in yolculu\u011fu GA\u0130N\u2019de!"}]},{"@type":"WebSite","@id":"https:\/\/denizcankizil.tr\/de\/#website","url":"https:\/\/denizcankizil.tr\/de\/","name":"Av. Deniz Can K\u0131z\u0131l","description":"Avukat Deniz Can K\u0131z\u0131l Antalya Barosu","publisher":{"@id":"https:\/\/denizcankizil.tr\/de\/#organization"},"potentialAction":[{"@type":"SearchAction","target":{"@type":"EntryPoint","urlTemplate":"https:\/\/denizcankizil.tr\/de\/?s={search_term_string}"},"query-input":{"@type":"PropertyValueSpecification","valueRequired":true,"valueName":"search_term_string"}}],"inLanguage":"ru-RU"},{"@type":"Organization","@id":"https:\/\/denizcankizil.tr\/de\/#organization","name":"Av. Deniz Can K\u0131z\u0131l","url":"https:\/\/denizcankizil.tr\/de\/","logo":{"@type":"ImageObject","inLanguage":"ru-RU","@id":"https:\/\/denizcankizil.tr\/de\/#\/schema\/logo\/image\/","url":"https:\/\/denizcankizil.tr\/wp-content\/uploads\/2024\/10\/siyah-logo-svg.svg","contentUrl":"https:\/\/denizcankizil.tr\/wp-content\/uploads\/2024\/10\/siyah-logo-svg.svg","width":1080,"height":1080,"caption":"Av. Deniz Can K\u0131z\u0131l"},"image":{"@id":"https:\/\/denizcankizil.tr\/de\/#\/schema\/logo\/image\/"}}]}},"_links":{"self":[{"href":"https:\/\/denizcankizil.tr\/ru\/wp-json\/wp\/v2\/posts\/7107","targetHints":{"allow":["GET"]}}],"collection":[{"href":"https:\/\/denizcankizil.tr\/ru\/wp-json\/wp\/v2\/posts"}],"about":[{"href":"https:\/\/denizcankizil.tr\/ru\/wp-json\/wp\/v2\/types\/post"}],"replies":[{"embeddable":true,"href":"https:\/\/denizcankizil.tr\/ru\/wp-json\/wp\/v2\/comments?post=7107"}],"version-history":[{"count":0,"href":"https:\/\/denizcankizil.tr\/ru\/wp-json\/wp\/v2\/posts\/7107\/revisions"}],"wp:attachment":[{"href":"https:\/\/denizcankizil.tr\/ru\/wp-json\/wp\/v2\/media?parent=7107"}],"wp:term":[{"taxonomy":"category","embeddable":true,"href":"https:\/\/denizcankizil.tr\/ru\/wp-json\/wp\/v2\/categories?post=7107"},{"taxonomy":"post_tag","embeddable":true,"href":"https:\/\/denizcankizil.tr\/ru\/wp-json\/wp\/v2\/tags?post=7107"}],"curies":[{"name":"wp","href":"https:\/\/api.w.org\/{rel}","templated":true}]}}