{"id":70536,"date":"2025-04-29T17:42:27","date_gmt":"2025-04-29T14:42:27","guid":{"rendered":"https:\/\/denizcankizil.tr\/uncategorized-tr\/dortyolda-avukatlar-odasinin-acilisi-yapildi\/"},"modified":"2025-04-29T17:42:27","modified_gmt":"2025-04-29T14:42:27","slug":"dortyolda-avukatlar-odasinin-acilisi-yapildi","status":"publish","type":"post","link":"https:\/\/denizcankizil.tr\/ru\/haberler\/gundem\/dortyolda-avukatlar-odasinin-acilisi-yapildi\/","title":{"rendered":"D\u00f6rtyol&#8217;da Avukatlar Odas\u0131n\u0131n A\u00e7\u0131l\u0131\u015f\u0131 Yap\u0131ld\u0131"},"content":{"rendered":"<p>Bir dizi ziyaret ve temaslarda bulunmak \u00fczere Hatay\u2019a gelen T\u00fcrkiye Barolar Birli\u011fi Ba\u015fkan\u0131 Av. Erin\u00e7 Sa\u011fkan, birlik y\u00f6netim kurulu \u00fcyeleri ve Hatay Baro Ba\u015fkan\u0131 Av. Hatay Tut ile birlikte D\u00f6rtyol Adliyesinde Avukat meslekta\u015flar\u0131yla bir araya geldi.<\/p>\n<p>\u00a0D\u00f6rtyol Belediye Ba\u015fkan\u0131 Dr. Bahad\u0131r Ama\u00e7, D\u00f6rtyol Cumhuriyet Ba\u015fsavc\u0131s\u0131 Mustafa Deren \u00d6zkol , A\u011f\u0131r Ceza Komisyon Ba\u015fkan\u0131 \u015eevket Zi\u015fan Bilge Ya\u011fc\u0131, T\u00fcrkiye Barolar Birli\u011fi Ba\u015fkan\u0131 Av. Erin\u00e7 Sa\u011fkan, Hatay Baro Ba\u015fkan\u0131 Hatay Tut ve Avukatlar kat\u0131ld\u0131.<\/p>\n<p>T\u00fcrkiye Barolar Birli\u011fi Ba\u015fkan\u0131 Av. Erin\u00e7 Sa\u011fkan, \u201c6 \u015eubat 2023 tarihinden bu yana asl\u0131nda hep bir araday\u0131z. T\u00fcrkiye Barolar Birli\u011fi ba\u015fkanl\u0131\u011f\u0131n\u0131 o d\u00f6nemde de y\u00fcr\u00fct\u00fcyordum. Hatayl\u0131 meslekta\u015flar\u0131m\u0131zla, Hatayl\u0131 yurtta\u015flar\u0131m\u0131zla o tarihten bu yana farkl\u0131 bir g\u00f6n\u00fcl ba\u011f\u0131m\u0131z, farkl\u0131 bir m\u00fccadele arkada\u015fl\u0131\u011f\u0131m\u0131z, farkl\u0131 bir yol arkada\u015fl\u0131\u011f\u0131m\u0131z var. Hatay tekrar eski g\u00fcnlerine kavu\u015fana kadar bu ba\u011f ve m\u00fccadelemiz devam edecek. Bu g\u00fcn burada sadece bir avukatlar odas\u0131n\u0131n a\u00e7\u0131l\u0131\u015f\u0131n\u0131 de\u011fil adaletin merkezinin, adaletin kalbinin, savunman\u0131n makam\u0131n\u0131 a\u00e7\u0131yoruz. Ba\u015fta k\u0131ymetli Hatay Baro Ba\u015fkan\u0131m Hatay Tut\u2019a, bu konuda ortaya fikriyat koyan de\u011ferli meslekta\u015f\u0131m Av. Emre Ar\u0131k\u2019a, katk\u0131 sunan D\u00f6rtyol Belediye Ba\u015fkan\u0131m\u0131z Say\u0131n Bahad\u0131r Ama\u00e7\u2019a te\u015fekk\u00fcrlerimi sunuyorum. Umut ediyorum bundan sonra \u00e7ok daha g\u00fczel g\u00fcnlerde bir arada olaca\u011f\u0131z. T\u00fcm i\u015ftirak\u00e7ilere sayg\u0131lar\u0131m\u0131 sunuyorum.\u201d dedi.<\/p>\n<p>Protokol taraf\u0131ndan Avukatlar Odas\u0131n\u0131n a\u00e7\u0131l\u0131\u015f\u0131n\u0131n yap\u0131lmas\u0131n\u0131n ard\u0131ndan Avukatl\u0131k mesle\u011finde 30. Y\u0131l\u0131n\u0131 doldurmu\u015f olan Av. Bekir Atasoy, Av. S\u00fcleyman Y\u00fccel ve Av. Abdullah Ar\u0131can\u2019a plaket takdimi yap\u0131ld\u0131.\u00a0\u00a0<\/p>\n<p>\u200bT\u00fcrkiye Barolar Birli\u011fi Ba\u015fkan\u0131 Av. Erin\u00e7 Sa\u011fkan, D\u00f6rtyol Adliyesinde meslekta\u015flar\u0131yla bir araya gelerek, Avukatlar Odas\u0131n\u0131n a\u00e7\u0131l\u0131\u015f\u0131n\u0131 yapt\u0131 ve meslekte 30. Y\u0131l\u0131n\u0131 dolduran avukatlara plaket verdi.\u00a0<\/p>\n<p>\u200bHaberin Al\u0131nt\u0131land\u0131\u011f\u0131 Kaynak: www.iskenderun.org<\/p>","protected":false},"excerpt":{"rendered":"<p>Bir dizi ziyaret ve temaslarda bulunmak \u00fczere Hatay\u2019a gelen T\u00fcrkiye Barolar Birli\u011fi Ba\u015fkan\u0131 Av. Erin\u00e7 Sa\u011fkan, birlik y\u00f6netim kurulu \u00fcyeleri ve Hatay Baro Ba\u015fkan\u0131 Av. Hatay Tut ile birlikte D\u00f6rtyol Adliyesinde Avukat meslekta\u015flar\u0131yla bir araya geldi. \u00a0D\u00f6rtyol Belediye Ba\u015fkan\u0131 Dr. Bahad\u0131r Ama\u00e7, D\u00f6rtyol Cumhuriyet Ba\u015fsavc\u0131s\u0131 Mustafa Deren \u00d6zkol , A\u011f\u0131r Ceza Komisyon Ba\u015fkan\u0131 \u015eevket Zi\u015fan Bilge Ya\u011fc\u0131, T\u00fcrkiye Barolar Birli\u011fi Ba\u015fkan\u0131 Av. Erin\u00e7 Sa\u011fkan, Hatay Baro Ba\u015fkan\u0131 Hatay Tut ve Avukatlar kat\u0131ld\u0131. T\u00fcrkiye Barolar Birli\u011fi Ba\u015fkan\u0131 Av. Erin\u00e7 Sa\u011fkan, \u201c6 \u015eubat 2023 tarihinden bu yana asl\u0131nda hep bir araday\u0131z. T\u00fcrkiye Barolar Birli\u011fi ba\u015fkanl\u0131\u011f\u0131n\u0131 o d\u00f6nemde de y\u00fcr\u00fct\u00fcyordum. Hatayl\u0131 meslekta\u015flar\u0131m\u0131zla, Hatayl\u0131 yurtta\u015flar\u0131m\u0131zla o tarihten bu yana farkl\u0131 bir g\u00f6n\u00fcl ba\u011f\u0131m\u0131z, farkl\u0131 bir m\u00fccadele arkada\u015fl\u0131\u011f\u0131m\u0131z, farkl\u0131 bir yol arkada\u015fl\u0131\u011f\u0131m\u0131z var. Hatay tekrar eski g\u00fcnlerine kavu\u015fana kadar bu ba\u011f ve m\u00fccadelemiz devam edecek. Bu g\u00fcn burada sadece bir avukatlar odas\u0131n\u0131n a\u00e7\u0131l\u0131\u015f\u0131n\u0131 de\u011fil adaletin merkezinin, adaletin kalbinin, savunman\u0131n makam\u0131n\u0131 a\u00e7\u0131yoruz. Ba\u015fta k\u0131ymetli Hatay Baro Ba\u015fkan\u0131m Hatay Tut\u2019a, bu konuda ortaya fikriyat koyan de\u011ferli meslekta\u015f\u0131m Av. Emre Ar\u0131k\u2019a, katk\u0131 sunan D\u00f6rtyol Belediye Ba\u015fkan\u0131m\u0131z Say\u0131n Bahad\u0131r Ama\u00e7\u2019a te\u015fekk\u00fcrlerimi sunuyorum. Umut ediyorum bundan sonra \u00e7ok daha g\u00fczel g\u00fcnlerde bir arada olaca\u011f\u0131z. T\u00fcm i\u015ftirak\u00e7ilere sayg\u0131lar\u0131m\u0131 sunuyorum.\u201d dedi. Protokol taraf\u0131ndan Avukatlar Odas\u0131n\u0131n a\u00e7\u0131l\u0131\u015f\u0131n\u0131n yap\u0131lmas\u0131n\u0131n ard\u0131ndan Avukatl\u0131k mesle\u011finde 30. Y\u0131l\u0131n\u0131 &hellip;<\/p>","protected":false},"author":1,"featured_media":0,"comment_status":"","ping_status":"open","sticky":false,"template":"","format":"standard","meta":{"_acf_changed":false,"footnotes":""},"categories":[24],"tags":[],"class_list":["post-70536","post","type-post","status-publish","format-standard","has-post-thumbnail","hentry","category-gundem"],"acf":[],"yoast_head":"<!-- This site is optimized with the Yoast SEO Premium plugin v26.6 (Yoast SEO v27.1.1) - https:\/\/yoast.com\/product\/yoast-seo-premium-wordpress\/ -->\n<title>D\u00f6rtyol&#039;da Avukatlar Odas\u0131n\u0131n A\u00e7\u0131l\u0131\u015f\u0131 Yap\u0131ld\u0131 - Av. Deniz Can K\u0131z\u0131l<\/title>\n<meta name=\"robots\" content=\"index, follow, max-snippet:-1, max-image-preview:large, max-video-preview:-1\" \/>\n<link rel=\"canonical\" href=\"https:\/\/denizcankizil.tr\/ru\/haberler\/gundem\/dortyolda-avukatlar-odasinin-acilisi-yapildi\/\" \/>\n<meta property=\"og:locale\" content=\"ru_RU\" \/>\n<meta property=\"og:type\" content=\"article\" \/>\n<meta property=\"og:title\" content=\"D\u00f6rtyol&#039;da Avukatlar Odas\u0131n\u0131n A\u00e7\u0131l\u0131\u015f\u0131 Yap\u0131ld\u0131\" \/>\n<meta property=\"og:description\" content=\"Bir dizi ziyaret ve temaslarda bulunmak \u00fczere Hatay\u2019a gelen T\u00fcrkiye Barolar Birli\u011fi Ba\u015fkan\u0131 Av. Erin\u00e7 Sa\u011fkan, birlik y\u00f6netim kurulu \u00fcyeleri ve Hatay Baro Ba\u015fkan\u0131 Av. Hatay Tut ile birlikte D\u00f6rtyol Adliyesinde Avukat meslekta\u015flar\u0131yla bir araya geldi. \u00a0D\u00f6rtyol Belediye Ba\u015fkan\u0131 Dr. Bahad\u0131r Ama\u00e7, D\u00f6rtyol Cumhuriyet Ba\u015fsavc\u0131s\u0131 Mustafa Deren \u00d6zkol , A\u011f\u0131r Ceza Komisyon Ba\u015fkan\u0131 \u015eevket Zi\u015fan Bilge Ya\u011fc\u0131, T\u00fcrkiye Barolar Birli\u011fi Ba\u015fkan\u0131 Av. Erin\u00e7 Sa\u011fkan, Hatay Baro Ba\u015fkan\u0131 Hatay Tut ve Avukatlar kat\u0131ld\u0131. T\u00fcrkiye Barolar Birli\u011fi Ba\u015fkan\u0131 Av. Erin\u00e7 Sa\u011fkan, \u201c6 \u015eubat 2023 tarihinden bu yana asl\u0131nda hep bir araday\u0131z. T\u00fcrkiye Barolar Birli\u011fi ba\u015fkanl\u0131\u011f\u0131n\u0131 o d\u00f6nemde de y\u00fcr\u00fct\u00fcyordum. Hatayl\u0131 meslekta\u015flar\u0131m\u0131zla, Hatayl\u0131 yurtta\u015flar\u0131m\u0131zla o tarihten bu yana farkl\u0131 bir g\u00f6n\u00fcl ba\u011f\u0131m\u0131z, farkl\u0131 bir m\u00fccadele arkada\u015fl\u0131\u011f\u0131m\u0131z, farkl\u0131 bir yol arkada\u015fl\u0131\u011f\u0131m\u0131z var. Hatay tekrar eski g\u00fcnlerine kavu\u015fana kadar bu ba\u011f ve m\u00fccadelemiz devam edecek. Bu g\u00fcn burada sadece bir avukatlar odas\u0131n\u0131n a\u00e7\u0131l\u0131\u015f\u0131n\u0131 de\u011fil adaletin merkezinin, adaletin kalbinin, savunman\u0131n makam\u0131n\u0131 a\u00e7\u0131yoruz. Ba\u015fta k\u0131ymetli Hatay Baro Ba\u015fkan\u0131m Hatay Tut\u2019a, bu konuda ortaya fikriyat koyan de\u011ferli meslekta\u015f\u0131m Av. Emre Ar\u0131k\u2019a, katk\u0131 sunan D\u00f6rtyol Belediye Ba\u015fkan\u0131m\u0131z Say\u0131n Bahad\u0131r Ama\u00e7\u2019a te\u015fekk\u00fcrlerimi sunuyorum. Umut ediyorum bundan sonra \u00e7ok daha g\u00fczel g\u00fcnlerde bir arada olaca\u011f\u0131z. T\u00fcm i\u015ftirak\u00e7ilere sayg\u0131lar\u0131m\u0131 sunuyorum.\u201d dedi. Protokol taraf\u0131ndan Avukatlar Odas\u0131n\u0131n a\u00e7\u0131l\u0131\u015f\u0131n\u0131n yap\u0131lmas\u0131n\u0131n ard\u0131ndan Avukatl\u0131k mesle\u011finde 30. Y\u0131l\u0131n\u0131 &hellip;\" \/>\n<meta property=\"og:url\" content=\"https:\/\/denizcankizil.tr\/ru\/haberler\/gundem\/dortyolda-avukatlar-odasinin-acilisi-yapildi\/\" \/>\n<meta property=\"og:site_name\" content=\"Av. Deniz Can K\u0131z\u0131l\" \/>\n<meta property=\"article:published_time\" content=\"2025-04-29T14:42:27+00:00\" \/>\n<meta name=\"author\" content=\"admin\" \/>\n<meta name=\"twitter:card\" content=\"summary_large_image\" \/>\n<meta name=\"twitter:label1\" content=\"\u041d\u0430\u043f\u0438\u0441\u0430\u043d\u043e \u0430\u0432\u0442\u043e\u0440\u043e\u043c\" \/>\n\t<meta name=\"twitter:data1\" content=\"admin\" \/>\n\t<meta name=\"twitter:label2\" content=\"\u041f\u0440\u0438\u043c\u0435\u0440\u043d\u043e\u0435 \u0432\u0440\u0435\u043c\u044f \u0434\u043b\u044f \u0447\u0442\u0435\u043d\u0438\u044f\" \/>\n\t<meta name=\"twitter:data2\" content=\"2 \u043c\u0438\u043d\u0443\u0442\u044b\" \/>\n<script type=\"application\/ld+json\" class=\"yoast-schema-graph\">{\"@context\":\"https:\/\/schema.org\",\"@graph\":[{\"@type\":\"Article\",\"@id\":\"https:\/\/denizcankizil.tr\/ru\/haberler\/gundem\/dortyolda-avukatlar-odasinin-acilisi-yapildi\/#article\",\"isPartOf\":{\"@id\":\"https:\/\/denizcankizil.tr\/ru\/haberler\/gundem\/dortyolda-avukatlar-odasinin-acilisi-yapildi\/\"},\"author\":{\"name\":\"admin\",\"@id\":\"https:\/\/denizcankizil.tr\/de\/#\/schema\/person\/be3c05fe6a12686905512445d8185489\"},\"headline\":\"D\u00f6rtyol&#8217;da Avukatlar Odas\u0131n\u0131n A\u00e7\u0131l\u0131\u015f\u0131 Yap\u0131ld\u0131\",\"datePublished\":\"2025-04-29T14:42:27+00:00\",\"mainEntityOfPage\":{\"@id\":\"https:\/\/denizcankizil.tr\/ru\/haberler\/gundem\/dortyolda-avukatlar-odasinin-acilisi-yapildi\/\"},\"wordCount\":381,\"publisher\":{\"@id\":\"https:\/\/denizcankizil.tr\/de\/#organization\"},\"articleSection\":[\"G\u00fcndem\"],\"inLanguage\":\"ru-RU\"},{\"@type\":\"WebPage\",\"@id\":\"https:\/\/denizcankizil.tr\/ru\/haberler\/gundem\/dortyolda-avukatlar-odasinin-acilisi-yapildi\/\",\"url\":\"https:\/\/denizcankizil.tr\/ru\/haberler\/gundem\/dortyolda-avukatlar-odasinin-acilisi-yapildi\/\",\"name\":\"D\u00f6rtyol'da Avukatlar Odas\u0131n\u0131n A\u00e7\u0131l\u0131\u015f\u0131 Yap\u0131ld\u0131 - Av. Deniz Can K\u0131z\u0131l\",\"isPartOf\":{\"@id\":\"https:\/\/denizcankizil.tr\/de\/#website\"},\"datePublished\":\"2025-04-29T14:42:27+00:00\",\"breadcrumb\":{\"@id\":\"https:\/\/denizcankizil.tr\/ru\/haberler\/gundem\/dortyolda-avukatlar-odasinin-acilisi-yapildi\/#breadcrumb\"},\"inLanguage\":\"ru-RU\",\"potentialAction\":[{\"@type\":\"ReadAction\",\"target\":[\"https:\/\/denizcankizil.tr\/ru\/haberler\/gundem\/dortyolda-avukatlar-odasinin-acilisi-yapildi\/\"]}]},{\"@type\":\"BreadcrumbList\",\"@id\":\"https:\/\/denizcankizil.tr\/ru\/haberler\/gundem\/dortyolda-avukatlar-odasinin-acilisi-yapildi\/#breadcrumb\",\"itemListElement\":[{\"@type\":\"ListItem\",\"position\":1,\"name\":\"Home\",\"item\":\"https:\/\/denizcankizil.tr\/de\/\"},{\"@type\":\"ListItem\",\"position\":2,\"name\":\"D\u00f6rtyol&#8217;da Avukatlar Odas\u0131n\u0131n A\u00e7\u0131l\u0131\u015f\u0131 Yap\u0131ld\u0131\"}]},{\"@type\":\"WebSite\",\"@id\":\"https:\/\/denizcankizil.tr\/de\/#website\",\"url\":\"https:\/\/denizcankizil.tr\/de\/\",\"name\":\"Av. Deniz Can K\u0131z\u0131l\",\"description\":\"Avukat Deniz Can K\u0131z\u0131l Antalya Barosu\",\"publisher\":{\"@id\":\"https:\/\/denizcankizil.tr\/de\/#organization\"},\"potentialAction\":[{\"@type\":\"SearchAction\",\"target\":{\"@type\":\"EntryPoint\",\"urlTemplate\":\"https:\/\/denizcankizil.tr\/de\/?s={search_term_string}\"},\"query-input\":{\"@type\":\"PropertyValueSpecification\",\"valueRequired\":true,\"valueName\":\"search_term_string\"}}],\"inLanguage\":\"ru-RU\"},{\"@type\":\"Organization\",\"@id\":\"https:\/\/denizcankizil.tr\/de\/#organization\",\"name\":\"Av. Deniz Can K\u0131z\u0131l\",\"url\":\"https:\/\/denizcankizil.tr\/de\/\",\"logo\":{\"@type\":\"ImageObject\",\"inLanguage\":\"ru-RU\",\"@id\":\"https:\/\/denizcankizil.tr\/de\/#\/schema\/logo\/image\/\",\"url\":\"https:\/\/denizcankizil.tr\/wp-content\/uploads\/2024\/10\/siyah-logo-svg.svg\",\"contentUrl\":\"https:\/\/denizcankizil.tr\/wp-content\/uploads\/2024\/10\/siyah-logo-svg.svg\",\"width\":1080,\"height\":1080,\"caption\":\"Av. Deniz Can K\u0131z\u0131l\"},\"image\":{\"@id\":\"https:\/\/denizcankizil.tr\/de\/#\/schema\/logo\/image\/\"}},{\"@type\":\"Person\",\"@id\":\"https:\/\/denizcankizil.tr\/de\/#\/schema\/person\/be3c05fe6a12686905512445d8185489\",\"name\":\"admin\",\"image\":{\"@type\":\"ImageObject\",\"inLanguage\":\"ru-RU\",\"@id\":\"https:\/\/denizcankizil.tr\/de\/#\/schema\/person\/image\/\",\"url\":\"https:\/\/secure.gravatar.com\/avatar\/c1fce94c830dc79107e174f890d7210541c4a63e8e5d816341794a2151c9d58c?s=96&d=mm&r=g\",\"contentUrl\":\"https:\/\/secure.gravatar.com\/avatar\/c1fce94c830dc79107e174f890d7210541c4a63e8e5d816341794a2151c9d58c?s=96&d=mm&r=g\",\"caption\":\"admin\"},\"sameAs\":[\"http:\/\/denizcankizil.tr\"],\"url\":\"https:\/\/www.iskenderun.org\/dortyol-da-avukatlar-odasinin-acilisi-yapildi\"}]}<\/script>\n<!-- \/ Yoast SEO Premium plugin. -->","yoast_head_json":{"title":"D\u00f6rtyol'da Avukatlar Odas\u0131n\u0131n A\u00e7\u0131l\u0131\u015f\u0131 Yap\u0131ld\u0131 - Av. Deniz Can K\u0131z\u0131l","robots":{"index":"index","follow":"follow","max-snippet":"max-snippet:-1","max-image-preview":"max-image-preview:large","max-video-preview":"max-video-preview:-1"},"canonical":"https:\/\/denizcankizil.tr\/ru\/haberler\/gundem\/dortyolda-avukatlar-odasinin-acilisi-yapildi\/","og_locale":"ru_RU","og_type":"article","og_title":"D\u00f6rtyol'da Avukatlar Odas\u0131n\u0131n A\u00e7\u0131l\u0131\u015f\u0131 Yap\u0131ld\u0131","og_description":"Bir dizi ziyaret ve temaslarda bulunmak \u00fczere Hatay\u2019a gelen T\u00fcrkiye Barolar Birli\u011fi Ba\u015fkan\u0131 Av. Erin\u00e7 Sa\u011fkan, birlik y\u00f6netim kurulu \u00fcyeleri ve Hatay Baro Ba\u015fkan\u0131 Av. Hatay Tut ile birlikte D\u00f6rtyol Adliyesinde Avukat meslekta\u015flar\u0131yla bir araya geldi. \u00a0D\u00f6rtyol Belediye Ba\u015fkan\u0131 Dr. Bahad\u0131r Ama\u00e7, D\u00f6rtyol Cumhuriyet Ba\u015fsavc\u0131s\u0131 Mustafa Deren \u00d6zkol , A\u011f\u0131r Ceza Komisyon Ba\u015fkan\u0131 \u015eevket Zi\u015fan Bilge Ya\u011fc\u0131, T\u00fcrkiye Barolar Birli\u011fi Ba\u015fkan\u0131 Av. Erin\u00e7 Sa\u011fkan, Hatay Baro Ba\u015fkan\u0131 Hatay Tut ve Avukatlar kat\u0131ld\u0131. T\u00fcrkiye Barolar Birli\u011fi Ba\u015fkan\u0131 Av. Erin\u00e7 Sa\u011fkan, \u201c6 \u015eubat 2023 tarihinden bu yana asl\u0131nda hep bir araday\u0131z. T\u00fcrkiye Barolar Birli\u011fi ba\u015fkanl\u0131\u011f\u0131n\u0131 o d\u00f6nemde de y\u00fcr\u00fct\u00fcyordum. Hatayl\u0131 meslekta\u015flar\u0131m\u0131zla, Hatayl\u0131 yurtta\u015flar\u0131m\u0131zla o tarihten bu yana farkl\u0131 bir g\u00f6n\u00fcl ba\u011f\u0131m\u0131z, farkl\u0131 bir m\u00fccadele arkada\u015fl\u0131\u011f\u0131m\u0131z, farkl\u0131 bir yol arkada\u015fl\u0131\u011f\u0131m\u0131z var. Hatay tekrar eski g\u00fcnlerine kavu\u015fana kadar bu ba\u011f ve m\u00fccadelemiz devam edecek. Bu g\u00fcn burada sadece bir avukatlar odas\u0131n\u0131n a\u00e7\u0131l\u0131\u015f\u0131n\u0131 de\u011fil adaletin merkezinin, adaletin kalbinin, savunman\u0131n makam\u0131n\u0131 a\u00e7\u0131yoruz. Ba\u015fta k\u0131ymetli Hatay Baro Ba\u015fkan\u0131m Hatay Tut\u2019a, bu konuda ortaya fikriyat koyan de\u011ferli meslekta\u015f\u0131m Av. Emre Ar\u0131k\u2019a, katk\u0131 sunan D\u00f6rtyol Belediye Ba\u015fkan\u0131m\u0131z Say\u0131n Bahad\u0131r Ama\u00e7\u2019a te\u015fekk\u00fcrlerimi sunuyorum. Umut ediyorum bundan sonra \u00e7ok daha g\u00fczel g\u00fcnlerde bir arada olaca\u011f\u0131z. T\u00fcm i\u015ftirak\u00e7ilere sayg\u0131lar\u0131m\u0131 sunuyorum.\u201d dedi. Protokol taraf\u0131ndan Avukatlar Odas\u0131n\u0131n a\u00e7\u0131l\u0131\u015f\u0131n\u0131n yap\u0131lmas\u0131n\u0131n ard\u0131ndan Avukatl\u0131k mesle\u011finde 30. Y\u0131l\u0131n\u0131 &hellip;","og_url":"https:\/\/denizcankizil.tr\/ru\/haberler\/gundem\/dortyolda-avukatlar-odasinin-acilisi-yapildi\/","og_site_name":"Av. Deniz Can K\u0131z\u0131l","article_published_time":"2025-04-29T14:42:27+00:00","author":"admin","twitter_card":"summary_large_image","twitter_misc":{"\u041d\u0430\u043f\u0438\u0441\u0430\u043d\u043e \u0430\u0432\u0442\u043e\u0440\u043e\u043c":"admin","\u041f\u0440\u0438\u043c\u0435\u0440\u043d\u043e\u0435 \u0432\u0440\u0435\u043c\u044f \u0434\u043b\u044f \u0447\u0442\u0435\u043d\u0438\u044f":"2 \u043c\u0438\u043d\u0443\u0442\u044b"},"schema":{"@context":"https:\/\/schema.org","@graph":[{"@type":"Article","@id":"https:\/\/denizcankizil.tr\/ru\/haberler\/gundem\/dortyolda-avukatlar-odasinin-acilisi-yapildi\/#article","isPartOf":{"@id":"https:\/\/denizcankizil.tr\/ru\/haberler\/gundem\/dortyolda-avukatlar-odasinin-acilisi-yapildi\/"},"author":{"name":"admin","@id":"https:\/\/denizcankizil.tr\/de\/#\/schema\/person\/be3c05fe6a12686905512445d8185489"},"headline":"D\u00f6rtyol&#8217;da Avukatlar Odas\u0131n\u0131n A\u00e7\u0131l\u0131\u015f\u0131 Yap\u0131ld\u0131","datePublished":"2025-04-29T14:42:27+00:00","mainEntityOfPage":{"@id":"https:\/\/denizcankizil.tr\/ru\/haberler\/gundem\/dortyolda-avukatlar-odasinin-acilisi-yapildi\/"},"wordCount":381,"publisher":{"@id":"https:\/\/denizcankizil.tr\/de\/#organization"},"articleSection":["G\u00fcndem"],"inLanguage":"ru-RU"},{"@type":"WebPage","@id":"https:\/\/denizcankizil.tr\/ru\/haberler\/gundem\/dortyolda-avukatlar-odasinin-acilisi-yapildi\/","url":"https:\/\/denizcankizil.tr\/ru\/haberler\/gundem\/dortyolda-avukatlar-odasinin-acilisi-yapildi\/","name":"D\u00f6rtyol'da Avukatlar Odas\u0131n\u0131n A\u00e7\u0131l\u0131\u015f\u0131 Yap\u0131ld\u0131 - Av. Deniz Can K\u0131z\u0131l","isPartOf":{"@id":"https:\/\/denizcankizil.tr\/de\/#website"},"datePublished":"2025-04-29T14:42:27+00:00","breadcrumb":{"@id":"https:\/\/denizcankizil.tr\/ru\/haberler\/gundem\/dortyolda-avukatlar-odasinin-acilisi-yapildi\/#breadcrumb"},"inLanguage":"ru-RU","potentialAction":[{"@type":"ReadAction","target":["https:\/\/denizcankizil.tr\/ru\/haberler\/gundem\/dortyolda-avukatlar-odasinin-acilisi-yapildi\/"]}]},{"@type":"BreadcrumbList","@id":"https:\/\/denizcankizil.tr\/ru\/haberler\/gundem\/dortyolda-avukatlar-odasinin-acilisi-yapildi\/#breadcrumb","itemListElement":[{"@type":"ListItem","position":1,"name":"Home","item":"https:\/\/denizcankizil.tr\/de\/"},{"@type":"ListItem","position":2,"name":"D\u00f6rtyol&#8217;da Avukatlar Odas\u0131n\u0131n A\u00e7\u0131l\u0131\u015f\u0131 Yap\u0131ld\u0131"}]},{"@type":"WebSite","@id":"https:\/\/denizcankizil.tr\/de\/#website","url":"https:\/\/denizcankizil.tr\/de\/","name":"Av. Deniz Can K\u0131z\u0131l","description":"Avukat Deniz Can K\u0131z\u0131l Antalya Barosu","publisher":{"@id":"https:\/\/denizcankizil.tr\/de\/#organization"},"potentialAction":[{"@type":"SearchAction","target":{"@type":"EntryPoint","urlTemplate":"https:\/\/denizcankizil.tr\/de\/?s={search_term_string}"},"query-input":{"@type":"PropertyValueSpecification","valueRequired":true,"valueName":"search_term_string"}}],"inLanguage":"ru-RU"},{"@type":"Organization","@id":"https:\/\/denizcankizil.tr\/de\/#organization","name":"Av. Deniz Can K\u0131z\u0131l","url":"https:\/\/denizcankizil.tr\/de\/","logo":{"@type":"ImageObject","inLanguage":"ru-RU","@id":"https:\/\/denizcankizil.tr\/de\/#\/schema\/logo\/image\/","url":"https:\/\/denizcankizil.tr\/wp-content\/uploads\/2024\/10\/siyah-logo-svg.svg","contentUrl":"https:\/\/denizcankizil.tr\/wp-content\/uploads\/2024\/10\/siyah-logo-svg.svg","width":1080,"height":1080,"caption":"Av. Deniz Can K\u0131z\u0131l"},"image":{"@id":"https:\/\/denizcankizil.tr\/de\/#\/schema\/logo\/image\/"}},{"@type":"Person","@id":"https:\/\/denizcankizil.tr\/de\/#\/schema\/person\/be3c05fe6a12686905512445d8185489","name":"\u0430\u0434\u043c\u0438\u043d","image":{"@type":"ImageObject","inLanguage":"ru-RU","@id":"https:\/\/denizcankizil.tr\/de\/#\/schema\/person\/image\/","url":"https:\/\/secure.gravatar.com\/avatar\/c1fce94c830dc79107e174f890d7210541c4a63e8e5d816341794a2151c9d58c?s=96&d=mm&r=g","contentUrl":"https:\/\/secure.gravatar.com\/avatar\/c1fce94c830dc79107e174f890d7210541c4a63e8e5d816341794a2151c9d58c?s=96&d=mm&r=g","caption":"admin"},"sameAs":["http:\/\/denizcankizil.tr"],"url":"https:\/\/www.iskenderun.org\/dortyol-da-avukatlar-odasinin-acilisi-yapildi"}]}},"_links":{"self":[{"href":"https:\/\/denizcankizil.tr\/ru\/wp-json\/wp\/v2\/posts\/70536","targetHints":{"allow":["GET"]}}],"collection":[{"href":"https:\/\/denizcankizil.tr\/ru\/wp-json\/wp\/v2\/posts"}],"about":[{"href":"https:\/\/denizcankizil.tr\/ru\/wp-json\/wp\/v2\/types\/post"}],"author":[{"embeddable":true,"href":"https:\/\/denizcankizil.tr\/ru\/wp-json\/wp\/v2\/users\/1"}],"replies":[{"embeddable":true,"href":"https:\/\/denizcankizil.tr\/ru\/wp-json\/wp\/v2\/comments?post=70536"}],"version-history":[{"count":0,"href":"https:\/\/denizcankizil.tr\/ru\/wp-json\/wp\/v2\/posts\/70536\/revisions"}],"wp:attachment":[{"href":"https:\/\/denizcankizil.tr\/ru\/wp-json\/wp\/v2\/media?parent=70536"}],"wp:term":[{"taxonomy":"category","embeddable":true,"href":"https:\/\/denizcankizil.tr\/ru\/wp-json\/wp\/v2\/categories?post=70536"},{"taxonomy":"post_tag","embeddable":true,"href":"https:\/\/denizcankizil.tr\/ru\/wp-json\/wp\/v2\/tags?post=70536"}],"curies":[{"name":"wp","href":"https:\/\/api.w.org\/{rel}","templated":true}]}}