{"id":70081,"date":"2025-04-29T09:41:40","date_gmt":"2025-04-29T06:41:40","guid":{"rendered":"https:\/\/denizcankizil.tr\/uncategorized-tr\/antalyada-loca-isgaline-bir-tepki-daha-kamusal-alanlar-fiilen-ozellestiriliyor\/"},"modified":"2025-04-29T09:41:40","modified_gmt":"2025-04-29T06:41:40","slug":"antalyada-loca-isgaline-bir-tepki-daha-kamusal-alanlar-fiilen-ozellestiriliyor","status":"publish","type":"post","link":"https:\/\/denizcankizil.tr\/ru\/haberler\/gundem\/antalyada-loca-isgaline-bir-tepki-daha-kamusal-alanlar-fiilen-ozellestiriliyor\/","title":{"rendered":"Antalya\u2019da loca i\u015fgaline bir tepki daha: Kamusal alanlar fiilen \u00f6zelle\u015ftiriliyor!"},"content":{"rendered":"<p>Antalya\u2019da turizm sezonunun a\u00e7\u0131lmas\u0131 ile birlikte k\u0131y\u0131 i\u015fgalleri yeniden ya\u015fanmaya ba\u015flad\u0131. Turizm cenneti Kundu\u2019da bu kez bir otel denizin i\u00e7erisini ve denizin \u00fcst\u00fcne loca dizerek kendi turistine sahilin yar\u0131s\u0131n\u0131 kapatm\u0131\u015ft\u0131. \u015eehir Planc\u0131lar\u0131 Odas\u0131 (\u015ePO) \u015eube Ba\u015fkan\u0131 Funda Y\u00f6r\u00fck de ya\u015fanan i\u015fgale kay\u0131ts\u0131z kalmayarak tepki g\u00f6sterdi. Kundu\u2019da bir otel denizin i\u00e7erisini ve denizin \u00fcst\u00fcne loca dizerek kendi turistine sahilin yar\u0131s\u0131n\u0131 kapatm\u0131\u015ft\u0131. Turizm sezonunun a\u00e7\u0131lmas\u0131yla bu localar\u0131n \u00fcst\u00fc has\u0131rla kapat\u0131ld\u0131. Yetmedi; denize temas edecek \u015fekilde ikinci bir loca dizisi daha olu\u015fturuldu. Her bir locan\u0131n \u00f6n\u00fcne tahtadan iskeleler yerle\u015ftirildi ve \u015fezlonglarla donat\u0131ld\u0131.<\/p>\n<p>KAMUSAL KULLANIMA B\u00dcY\u00dcK TEHD\u0130T<\/p>\n<p>Ya\u015fanan i\u015fgale tepki g\u00f6sterenler aras\u0131nda yer alan \u015eehir Planc\u0131lar\u0131 Odas\u0131 (\u015ePO) \u015eube Ba\u015fkan\u0131 Funda Y\u00f6r\u00fck, k\u0131y\u0131larda yap\u0131lacak t\u00fcm \u00e7al\u0131\u015fmalar bilimsel temellere dayanmas\u0131 gerekti\u011fine dikkat \u00e7ekti. Antalya k\u0131y\u0131lar\u0131nda yasad\u0131\u015f\u0131 iskeleler ve g\u00fcne\u015flenme teraslar\u0131n\u0131n do\u011fal dokuya, deniz canl\u0131lar\u0131na ve kamusal kullan\u0131ma b\u00fcy\u00fck tehdit yaratt\u0131\u011f\u0131n\u0131 belirten Y\u00f6r\u00fck, sahillerin \u00f6zel m\u00fclkiyete konu edilemeyece\u011fini ifade etti.<\/p>\n<p>HALKIN DEN\u0130ZE ER\u0130\u015e\u0130M\u0130N\u0130 ENGELLEN\u0130YOR<\/p>\n<p>\u0130\u015fletmelerin buradaki alanlar\u0131n kendi \u00f6zel alanlar\u0131 gibi kullanmas\u0131n\u0131n anayasaya ayk\u0131r\u0131 oldu\u011funu belirten Y\u00f6r\u00fck, \u201cK\u0131y\u0131lar Anayasa\u2019n\u0131n 43. maddesi ve 3621 say\u0131l\u0131 K\u0131y\u0131 Kanunu kapsam\u0131nda kamu yarar\u0131na a\u00e7\u0131k alanlar olmas\u0131 gereken, \u00f6zel m\u00fclkiyete konu edilemeyen alanlard\u0131r. Ancak bir\u00e7ok turistik tesis, bu alanlar\u0131 kendi \u00f6zel kullan\u0131m\u0131na a\u00e7arak halk\u0131n denize eri\u015fimini fiilen engellemekte ve deniz ekosistemine geri d\u00f6n\u00fc\u015f\u00fc zor tahribatlar yarat\u0131yorlar\u201d dedi.<\/p>\n<p>YA\u015eAM ALANI YOK ED\u0130L\u0130YOR<\/p>\n<p>Antalya K\u00f6rfez Gazetesi muhabiri Ertu\u011frul G\u00fcn&#8217;\u00fcn haberine g\u00f6re; denize yap\u0131lan iskele ve g\u00fcne\u015flenme platformlar\u0131n\u0131 ele\u015ftiren Y\u00f6r\u00fck, \u201cK\u0131y\u0131 \u00e7izgisini de\u011fi\u015ftirerek do\u011fal kumsallar\u0131n yok olmas\u0131na, ak\u0131nt\u0131 rejiminin bozulmas\u0131na ve k\u0131y\u0131 erozyonunun artmas\u0131na neden oluyorlar. Bunun yan\u0131 s\u0131ra, bu yap\u0131lar in\u015fa edilirken k\u0131y\u0131 ekosistemine zarar verilmekte, deniz \u00e7ay\u0131rlar\u0131 (Posidonia oceanica gibi t\u00fcrler) tahrip edilmekte ve bir\u00e7ok deniz canl\u0131s\u0131n\u0131n ya\u015fam alan\u0131 yok ediliyor. Deniz ekosistemleri, sadece ekonomik kazan\u00e7 sa\u011flamak ad\u0131na turistik tesislerin kullan\u0131m\u0131na sunulmamal\u0131\u201d a\u00e7\u0131klamas\u0131na yer verdi.<\/p>\n<p>SERBEST\u00c7E KULLANIMINA A\u00c7IK OLMALI<\/p>\n<p>Yap\u0131lan i\u015fgallerin kamusal alanlar\u0131n fiilen \u00f6zelle\u015ftirilmesi anlam\u0131na geldi\u011fine dikkat \u00e7eken Y\u00f6r\u00fck, \u201cK\u0131y\u0131 Kanunu\u2019na g\u00f6re k\u0131y\u0131lar, deniz, g\u00f6l ve akarsu kenarlar\u0131 devletin h\u00fck\u00fcm ve tasarrufu alt\u0131ndad\u0131r ve herkesin serbest\u00e7e kullan\u0131m\u0131na a\u00e7\u0131k olmal\u0131. Ancak baz\u0131 oteller, k\u0131y\u0131 \u015feridini kullanarak b\u00fcy\u00fck \u00f6l\u00e7ekli g\u00fcne\u015flenme platformlar\u0131 ve iskeleler in\u015fa etmekte, halk\u0131n denize do\u011frudan eri\u015fimini k\u0131s\u0131tl\u0131yor. Fiilen \u00f6zelle\u015ftirilen bu alanlar, k\u0131y\u0131n\u0131n kamusal kullan\u0131m\u0131n\u0131 engelleyerek Anayasa ve ilgili yasalarla \u00e7eli\u015fmekte\u201d dedi.<\/p>\n<p>HEP\u0130M\u0130Z\u0130N SORUMLULU\u011eU<\/p>\n<p>K\u0131y\u0131lar\u0131n gelece\u011fin miras\u0131 oldu\u011funu vurgulayan Y\u00f6r\u00fck, \u201cUnutulmamal\u0131d\u0131r ki k\u0131y\u0131lar sadece bug\u00fcn\u00fcn de\u011fil, gelece\u011fin de miras\u0131d\u0131r. Do\u011fal dengeyi koruyarak, kamu yarar\u0131n\u0131 g\u00f6zeterek ve yasalar\u0131 eksiksiz uygulayarak Antalya k\u0131y\u0131lar\u0131n\u0131n korunmas\u0131n\u0131 sa\u011flamak hepimizin sorumlulu\u011fudur. TMMOB \u015eehir Planc\u0131lar\u0131 Odas\u0131 Antalya \u015eubesi olarak k\u0131y\u0131lar\u0131m\u0131z\u0131 korumak ve do\u011fayla bar\u0131\u015f\u0131k, ya\u015fanabilir kentler olu\u015fturmak i\u00e7in m\u00fccadelemizi kararl\u0131l\u0131kla s\u00fcrd\u00fcrece\u011fimizi kamuoyuna sayg\u0131yla duyururuz\u201d ifadelerine yer verdi.<\/p>\n<p>\u200bAntalya\u2019da turizm cenneti Kundu\u2019da 5 y\u0131ld\u0131zl\u0131 bir otelin k\u0131y\u0131 ve deniz \u015feridini loca cennetine d\u00f6n\u00fc\u015ft\u00fcrerek i\u015fgal etmesine tepkiler devam ediyor.\u00a0<\/p>\n<p>\u200bHaberin Al\u0131nt\u0131land\u0131\u011f\u0131 Kaynak: www.antalyakorfez.com<\/p>","protected":false},"excerpt":{"rendered":"<p>Antalya\u2019da turizm sezonunun a\u00e7\u0131lmas\u0131 ile birlikte k\u0131y\u0131 i\u015fgalleri yeniden ya\u015fanmaya ba\u015flad\u0131. Turizm cenneti Kundu\u2019da bu kez bir otel denizin i\u00e7erisini ve denizin \u00fcst\u00fcne loca dizerek kendi turistine sahilin yar\u0131s\u0131n\u0131 kapatm\u0131\u015ft\u0131. \u015eehir Planc\u0131lar\u0131 Odas\u0131 (\u015ePO) \u015eube Ba\u015fkan\u0131 Funda Y\u00f6r\u00fck de ya\u015fanan i\u015fgale kay\u0131ts\u0131z kalmayarak tepki g\u00f6sterdi. Kundu\u2019da bir otel denizin i\u00e7erisini ve denizin \u00fcst\u00fcne loca dizerek kendi turistine sahilin yar\u0131s\u0131n\u0131 kapatm\u0131\u015ft\u0131. Turizm sezonunun a\u00e7\u0131lmas\u0131yla bu localar\u0131n \u00fcst\u00fc has\u0131rla kapat\u0131ld\u0131. Yetmedi; denize temas edecek \u015fekilde ikinci bir loca dizisi daha olu\u015fturuldu. Her bir locan\u0131n \u00f6n\u00fcne tahtadan iskeleler yerle\u015ftirildi ve \u015fezlonglarla donat\u0131ld\u0131. KAMUSAL KULLANIMA B\u00dcY\u00dcK TEHD\u0130T Ya\u015fanan i\u015fgale tepki g\u00f6sterenler aras\u0131nda yer alan \u015eehir Planc\u0131lar\u0131 Odas\u0131 (\u015ePO) \u015eube Ba\u015fkan\u0131 Funda Y\u00f6r\u00fck, k\u0131y\u0131larda yap\u0131lacak t\u00fcm \u00e7al\u0131\u015fmalar bilimsel temellere dayanmas\u0131 gerekti\u011fine dikkat \u00e7ekti. Antalya k\u0131y\u0131lar\u0131nda yasad\u0131\u015f\u0131 iskeleler ve g\u00fcne\u015flenme teraslar\u0131n\u0131n do\u011fal dokuya, deniz canl\u0131lar\u0131na ve kamusal kullan\u0131ma b\u00fcy\u00fck tehdit yaratt\u0131\u011f\u0131n\u0131 belirten Y\u00f6r\u00fck, sahillerin \u00f6zel m\u00fclkiyete konu edilemeyece\u011fini ifade etti. HALKIN DEN\u0130ZE ER\u0130\u015e\u0130M\u0130N\u0130 ENGELLEN\u0130YOR \u0130\u015fletmelerin buradaki alanlar\u0131n kendi \u00f6zel alanlar\u0131 gibi kullanmas\u0131n\u0131n anayasaya ayk\u0131r\u0131 oldu\u011funu belirten Y\u00f6r\u00fck, \u201cK\u0131y\u0131lar Anayasa\u2019n\u0131n 43. maddesi ve 3621 say\u0131l\u0131 K\u0131y\u0131 Kanunu kapsam\u0131nda kamu yarar\u0131na a\u00e7\u0131k alanlar olmas\u0131 gereken, \u00f6zel m\u00fclkiyete konu edilemeyen alanlard\u0131r. Ancak bir\u00e7ok turistik tesis, bu alanlar\u0131 kendi \u00f6zel kullan\u0131m\u0131na a\u00e7arak halk\u0131n denize eri\u015fimini fiilen engellemekte ve deniz ekosistemine &hellip;<\/p>","protected":false},"author":5,"featured_media":0,"comment_status":"","ping_status":"open","sticky":false,"template":"","format":"standard","meta":{"_acf_changed":false,"footnotes":""},"categories":[24],"tags":[],"class_list":["post-70081","post","type-post","status-publish","format-standard","has-post-thumbnail","hentry","category-gundem"],"acf":[],"yoast_head":"<!-- This site is optimized with the Yoast SEO Premium plugin v26.6 (Yoast SEO v27.1.1) - https:\/\/yoast.com\/product\/yoast-seo-premium-wordpress\/ -->\n<title>Antalya\u2019da loca i\u015fgaline bir tepki daha: Kamusal alanlar fiilen \u00f6zelle\u015ftiriliyor! - Av. Deniz Can K\u0131z\u0131l<\/title>\n<meta name=\"robots\" content=\"index, follow, max-snippet:-1, max-image-preview:large, max-video-preview:-1\" \/>\n<link rel=\"canonical\" href=\"https:\/\/denizcankizil.tr\/ru\/haberler\/gundem\/antalyada-loca-isgaline-bir-tepki-daha-kamusal-alanlar-fiilen-ozellestiriliyor\/\" \/>\n<meta property=\"og:locale\" content=\"ru_RU\" \/>\n<meta property=\"og:type\" content=\"article\" \/>\n<meta property=\"og:title\" content=\"Antalya\u2019da loca i\u015fgaline bir tepki daha: Kamusal alanlar fiilen \u00f6zelle\u015ftiriliyor!\" \/>\n<meta property=\"og:description\" content=\"Antalya\u2019da turizm sezonunun a\u00e7\u0131lmas\u0131 ile birlikte k\u0131y\u0131 i\u015fgalleri yeniden ya\u015fanmaya ba\u015flad\u0131. Turizm cenneti Kundu\u2019da bu kez bir otel denizin i\u00e7erisini ve denizin \u00fcst\u00fcne loca dizerek kendi turistine sahilin yar\u0131s\u0131n\u0131 kapatm\u0131\u015ft\u0131. \u015eehir Planc\u0131lar\u0131 Odas\u0131 (\u015ePO) \u015eube Ba\u015fkan\u0131 Funda Y\u00f6r\u00fck de ya\u015fanan i\u015fgale kay\u0131ts\u0131z kalmayarak tepki g\u00f6sterdi. Kundu\u2019da bir otel denizin i\u00e7erisini ve denizin \u00fcst\u00fcne loca dizerek kendi turistine sahilin yar\u0131s\u0131n\u0131 kapatm\u0131\u015ft\u0131. Turizm sezonunun a\u00e7\u0131lmas\u0131yla bu localar\u0131n \u00fcst\u00fc has\u0131rla kapat\u0131ld\u0131. Yetmedi; denize temas edecek \u015fekilde ikinci bir loca dizisi daha olu\u015fturuldu. Her bir locan\u0131n \u00f6n\u00fcne tahtadan iskeleler yerle\u015ftirildi ve \u015fezlonglarla donat\u0131ld\u0131. KAMUSAL KULLANIMA B\u00dcY\u00dcK TEHD\u0130T Ya\u015fanan i\u015fgale tepki g\u00f6sterenler aras\u0131nda yer alan \u015eehir Planc\u0131lar\u0131 Odas\u0131 (\u015ePO) \u015eube Ba\u015fkan\u0131 Funda Y\u00f6r\u00fck, k\u0131y\u0131larda yap\u0131lacak t\u00fcm \u00e7al\u0131\u015fmalar bilimsel temellere dayanmas\u0131 gerekti\u011fine dikkat \u00e7ekti. Antalya k\u0131y\u0131lar\u0131nda yasad\u0131\u015f\u0131 iskeleler ve g\u00fcne\u015flenme teraslar\u0131n\u0131n do\u011fal dokuya, deniz canl\u0131lar\u0131na ve kamusal kullan\u0131ma b\u00fcy\u00fck tehdit yaratt\u0131\u011f\u0131n\u0131 belirten Y\u00f6r\u00fck, sahillerin \u00f6zel m\u00fclkiyete konu edilemeyece\u011fini ifade etti. HALKIN DEN\u0130ZE ER\u0130\u015e\u0130M\u0130N\u0130 ENGELLEN\u0130YOR \u0130\u015fletmelerin buradaki alanlar\u0131n kendi \u00f6zel alanlar\u0131 gibi kullanmas\u0131n\u0131n anayasaya ayk\u0131r\u0131 oldu\u011funu belirten Y\u00f6r\u00fck, \u201cK\u0131y\u0131lar Anayasa\u2019n\u0131n 43. maddesi ve 3621 say\u0131l\u0131 K\u0131y\u0131 Kanunu kapsam\u0131nda kamu yarar\u0131na a\u00e7\u0131k alanlar olmas\u0131 gereken, \u00f6zel m\u00fclkiyete konu edilemeyen alanlard\u0131r. Ancak bir\u00e7ok turistik tesis, bu alanlar\u0131 kendi \u00f6zel kullan\u0131m\u0131na a\u00e7arak halk\u0131n denize eri\u015fimini fiilen engellemekte ve deniz ekosistemine &hellip;\" \/>\n<meta property=\"og:url\" content=\"https:\/\/denizcankizil.tr\/ru\/haberler\/gundem\/antalyada-loca-isgaline-bir-tepki-daha-kamusal-alanlar-fiilen-ozellestiriliyor\/\" \/>\n<meta property=\"og:site_name\" content=\"Av. Deniz Can K\u0131z\u0131l\" \/>\n<meta property=\"article:published_time\" content=\"2025-04-29T06:41:40+00:00\" \/>\n<meta name=\"author\" content=\"Antalya K\u00f6rfez\" \/>\n<meta name=\"twitter:card\" content=\"summary_large_image\" \/>\n<meta name=\"twitter:label1\" content=\"\u041d\u0430\u043f\u0438\u0441\u0430\u043d\u043e \u0430\u0432\u0442\u043e\u0440\u043e\u043c\" \/>\n\t<meta name=\"twitter:data1\" content=\"Antalya K\u00f6rfez\" \/>\n\t<meta name=\"twitter:label2\" content=\"\u041f\u0440\u0438\u043c\u0435\u0440\u043d\u043e\u0435 \u0432\u0440\u0435\u043c\u044f \u0434\u043b\u044f \u0447\u0442\u0435\u043d\u0438\u044f\" \/>\n\t<meta name=\"twitter:data2\" content=\"3 \u043c\u0438\u043d\u0443\u0442\u044b\" \/>\n<script type=\"application\/ld+json\" class=\"yoast-schema-graph\">{\"@context\":\"https:\/\/schema.org\",\"@graph\":[{\"@type\":\"Article\",\"@id\":\"https:\/\/denizcankizil.tr\/ru\/haberler\/gundem\/antalyada-loca-isgaline-bir-tepki-daha-kamusal-alanlar-fiilen-ozellestiriliyor\/#article\",\"isPartOf\":{\"@id\":\"https:\/\/denizcankizil.tr\/ru\/haberler\/gundem\/antalyada-loca-isgaline-bir-tepki-daha-kamusal-alanlar-fiilen-ozellestiriliyor\/\"},\"author\":{\"name\":\"Antalya K\u00f6rfez\",\"@id\":\"https:\/\/denizcankizil.tr\/#\/schema\/person\/e1eb71bb4dd684d46563f0af307e1234\"},\"headline\":\"Antalya\u2019da loca i\u015fgaline bir tepki daha: Kamusal alanlar fiilen \u00f6zelle\u015ftiriliyor!\",\"datePublished\":\"2025-04-29T06:41:40+00:00\",\"mainEntityOfPage\":{\"@id\":\"https:\/\/denizcankizil.tr\/ru\/haberler\/gundem\/antalyada-loca-isgaline-bir-tepki-daha-kamusal-alanlar-fiilen-ozellestiriliyor\/\"},\"wordCount\":692,\"publisher\":{\"@id\":\"https:\/\/denizcankizil.tr\/#organization\"},\"articleSection\":[\"G\u00fcndem\"],\"inLanguage\":\"ru-RU\"},{\"@type\":\"WebPage\",\"@id\":\"https:\/\/denizcankizil.tr\/ru\/haberler\/gundem\/antalyada-loca-isgaline-bir-tepki-daha-kamusal-alanlar-fiilen-ozellestiriliyor\/\",\"url\":\"https:\/\/denizcankizil.tr\/ru\/haberler\/gundem\/antalyada-loca-isgaline-bir-tepki-daha-kamusal-alanlar-fiilen-ozellestiriliyor\/\",\"name\":\"Antalya\u2019da loca i\u015fgaline bir tepki daha: Kamusal alanlar fiilen \u00f6zelle\u015ftiriliyor! - Av. Deniz Can K\u0131z\u0131l\",\"isPartOf\":{\"@id\":\"https:\/\/denizcankizil.tr\/#website\"},\"datePublished\":\"2025-04-29T06:41:40+00:00\",\"breadcrumb\":{\"@id\":\"https:\/\/denizcankizil.tr\/ru\/haberler\/gundem\/antalyada-loca-isgaline-bir-tepki-daha-kamusal-alanlar-fiilen-ozellestiriliyor\/#breadcrumb\"},\"inLanguage\":\"ru-RU\",\"potentialAction\":[{\"@type\":\"ReadAction\",\"target\":[\"https:\/\/denizcankizil.tr\/ru\/haberler\/gundem\/antalyada-loca-isgaline-bir-tepki-daha-kamusal-alanlar-fiilen-ozellestiriliyor\/\"]}]},{\"@type\":\"BreadcrumbList\",\"@id\":\"https:\/\/denizcankizil.tr\/ru\/haberler\/gundem\/antalyada-loca-isgaline-bir-tepki-daha-kamusal-alanlar-fiilen-ozellestiriliyor\/#breadcrumb\",\"itemListElement\":[{\"@type\":\"ListItem\",\"position\":1,\"name\":\"Home\",\"item\":\"https:\/\/denizcankizil.tr\/de\/\"},{\"@type\":\"ListItem\",\"position\":2,\"name\":\"Antalya\u2019da loca i\u015fgaline bir tepki daha: Kamusal alanlar fiilen \u00f6zelle\u015ftiriliyor!\"}]},{\"@type\":\"WebSite\",\"@id\":\"https:\/\/denizcankizil.tr\/#website\",\"url\":\"https:\/\/denizcankizil.tr\/\",\"name\":\"Av. Deniz Can K\u0131z\u0131l\",\"description\":\"Avukat Deniz Can K\u0131z\u0131l Antalya Barosu\",\"publisher\":{\"@id\":\"https:\/\/denizcankizil.tr\/#organization\"},\"potentialAction\":[{\"@type\":\"SearchAction\",\"target\":{\"@type\":\"EntryPoint\",\"urlTemplate\":\"https:\/\/denizcankizil.tr\/?s={search_term_string}\"},\"query-input\":{\"@type\":\"PropertyValueSpecification\",\"valueRequired\":true,\"valueName\":\"search_term_string\"}}],\"inLanguage\":\"ru-RU\"},{\"@type\":\"Organization\",\"@id\":\"https:\/\/denizcankizil.tr\/#organization\",\"name\":\"Av. Deniz Can K\u0131z\u0131l\",\"url\":\"https:\/\/denizcankizil.tr\/\",\"logo\":{\"@type\":\"ImageObject\",\"inLanguage\":\"ru-RU\",\"@id\":\"https:\/\/denizcankizil.tr\/#\/schema\/logo\/image\/\",\"url\":\"https:\/\/denizcankizil.tr\/wp-content\/uploads\/2024\/10\/siyah-logo-svg.svg\",\"contentUrl\":\"https:\/\/denizcankizil.tr\/wp-content\/uploads\/2024\/10\/siyah-logo-svg.svg\",\"width\":1080,\"height\":1080,\"caption\":\"Av. Deniz Can K\u0131z\u0131l\"},\"image\":{\"@id\":\"https:\/\/denizcankizil.tr\/#\/schema\/logo\/image\/\"}},{\"@type\":\"Person\",\"@id\":\"https:\/\/denizcankizil.tr\/#\/schema\/person\/e1eb71bb4dd684d46563f0af307e1234\",\"name\":\"Antalya K\u00f6rfez\",\"image\":{\"@type\":\"ImageObject\",\"inLanguage\":\"ru-RU\",\"@id\":\"https:\/\/denizcankizil.tr\/#\/schema\/person\/image\/\",\"url\":\"https:\/\/secure.gravatar.com\/avatar\/42b01982558a48a0b501fdcab6a408d3717ea5919095ee2e67b0e521799c5905?s=96&d=mm&r=g\",\"contentUrl\":\"https:\/\/secure.gravatar.com\/avatar\/42b01982558a48a0b501fdcab6a408d3717ea5919095ee2e67b0e521799c5905?s=96&d=mm&r=g\",\"caption\":\"Antalya K\u00f6rfez\"},\"sameAs\":[\"http:\/\/www.antalyakorfez.com\"],\"url\":\"https:\/\/www.antalyakorfez.com\/antalyada-loca-isgaline-bir-tepki-daha-kamusal-alanlar-fiilen-ozellestiriliyor\"}]}<\/script>\n<!-- \/ Yoast SEO Premium plugin. -->","yoast_head_json":{"title":"Antalya\u2019da loca i\u015fgaline bir tepki daha: Kamusal alanlar fiilen \u00f6zelle\u015ftiriliyor! - Av. Deniz Can K\u0131z\u0131l","robots":{"index":"index","follow":"follow","max-snippet":"max-snippet:-1","max-image-preview":"max-image-preview:large","max-video-preview":"max-video-preview:-1"},"canonical":"https:\/\/denizcankizil.tr\/ru\/haberler\/gundem\/antalyada-loca-isgaline-bir-tepki-daha-kamusal-alanlar-fiilen-ozellestiriliyor\/","og_locale":"ru_RU","og_type":"article","og_title":"Antalya\u2019da loca i\u015fgaline bir tepki daha: Kamusal alanlar fiilen \u00f6zelle\u015ftiriliyor!","og_description":"Antalya\u2019da turizm sezonunun a\u00e7\u0131lmas\u0131 ile birlikte k\u0131y\u0131 i\u015fgalleri yeniden ya\u015fanmaya ba\u015flad\u0131. Turizm cenneti Kundu\u2019da bu kez bir otel denizin i\u00e7erisini ve denizin \u00fcst\u00fcne loca dizerek kendi turistine sahilin yar\u0131s\u0131n\u0131 kapatm\u0131\u015ft\u0131. \u015eehir Planc\u0131lar\u0131 Odas\u0131 (\u015ePO) \u015eube Ba\u015fkan\u0131 Funda Y\u00f6r\u00fck de ya\u015fanan i\u015fgale kay\u0131ts\u0131z kalmayarak tepki g\u00f6sterdi. Kundu\u2019da bir otel denizin i\u00e7erisini ve denizin \u00fcst\u00fcne loca dizerek kendi turistine sahilin yar\u0131s\u0131n\u0131 kapatm\u0131\u015ft\u0131. Turizm sezonunun a\u00e7\u0131lmas\u0131yla bu localar\u0131n \u00fcst\u00fc has\u0131rla kapat\u0131ld\u0131. Yetmedi; denize temas edecek \u015fekilde ikinci bir loca dizisi daha olu\u015fturuldu. Her bir locan\u0131n \u00f6n\u00fcne tahtadan iskeleler yerle\u015ftirildi ve \u015fezlonglarla donat\u0131ld\u0131. KAMUSAL KULLANIMA B\u00dcY\u00dcK TEHD\u0130T Ya\u015fanan i\u015fgale tepki g\u00f6sterenler aras\u0131nda yer alan \u015eehir Planc\u0131lar\u0131 Odas\u0131 (\u015ePO) \u015eube Ba\u015fkan\u0131 Funda Y\u00f6r\u00fck, k\u0131y\u0131larda yap\u0131lacak t\u00fcm \u00e7al\u0131\u015fmalar bilimsel temellere dayanmas\u0131 gerekti\u011fine dikkat \u00e7ekti. Antalya k\u0131y\u0131lar\u0131nda yasad\u0131\u015f\u0131 iskeleler ve g\u00fcne\u015flenme teraslar\u0131n\u0131n do\u011fal dokuya, deniz canl\u0131lar\u0131na ve kamusal kullan\u0131ma b\u00fcy\u00fck tehdit yaratt\u0131\u011f\u0131n\u0131 belirten Y\u00f6r\u00fck, sahillerin \u00f6zel m\u00fclkiyete konu edilemeyece\u011fini ifade etti. HALKIN DEN\u0130ZE ER\u0130\u015e\u0130M\u0130N\u0130 ENGELLEN\u0130YOR \u0130\u015fletmelerin buradaki alanlar\u0131n kendi \u00f6zel alanlar\u0131 gibi kullanmas\u0131n\u0131n anayasaya ayk\u0131r\u0131 oldu\u011funu belirten Y\u00f6r\u00fck, \u201cK\u0131y\u0131lar Anayasa\u2019n\u0131n 43. maddesi ve 3621 say\u0131l\u0131 K\u0131y\u0131 Kanunu kapsam\u0131nda kamu yarar\u0131na a\u00e7\u0131k alanlar olmas\u0131 gereken, \u00f6zel m\u00fclkiyete konu edilemeyen alanlard\u0131r. Ancak bir\u00e7ok turistik tesis, bu alanlar\u0131 kendi \u00f6zel kullan\u0131m\u0131na a\u00e7arak halk\u0131n denize eri\u015fimini fiilen engellemekte ve deniz ekosistemine &hellip;","og_url":"https:\/\/denizcankizil.tr\/ru\/haberler\/gundem\/antalyada-loca-isgaline-bir-tepki-daha-kamusal-alanlar-fiilen-ozellestiriliyor\/","og_site_name":"Av. Deniz Can K\u0131z\u0131l","article_published_time":"2025-04-29T06:41:40+00:00","author":"Antalya K\u00f6rfez","twitter_card":"summary_large_image","twitter_misc":{"\u041d\u0430\u043f\u0438\u0441\u0430\u043d\u043e \u0430\u0432\u0442\u043e\u0440\u043e\u043c":"Antalya K\u00f6rfez","\u041f\u0440\u0438\u043c\u0435\u0440\u043d\u043e\u0435 \u0432\u0440\u0435\u043c\u044f \u0434\u043b\u044f \u0447\u0442\u0435\u043d\u0438\u044f":"3 \u043c\u0438\u043d\u0443\u0442\u044b"},"schema":{"@context":"https:\/\/schema.org","@graph":[{"@type":"Article","@id":"https:\/\/denizcankizil.tr\/ru\/haberler\/gundem\/antalyada-loca-isgaline-bir-tepki-daha-kamusal-alanlar-fiilen-ozellestiriliyor\/#article","isPartOf":{"@id":"https:\/\/denizcankizil.tr\/ru\/haberler\/gundem\/antalyada-loca-isgaline-bir-tepki-daha-kamusal-alanlar-fiilen-ozellestiriliyor\/"},"author":{"name":"Antalya K\u00f6rfez","@id":"https:\/\/denizcankizil.tr\/#\/schema\/person\/e1eb71bb4dd684d46563f0af307e1234"},"headline":"Antalya\u2019da loca i\u015fgaline bir tepki daha: Kamusal alanlar fiilen \u00f6zelle\u015ftiriliyor!","datePublished":"2025-04-29T06:41:40+00:00","mainEntityOfPage":{"@id":"https:\/\/denizcankizil.tr\/ru\/haberler\/gundem\/antalyada-loca-isgaline-bir-tepki-daha-kamusal-alanlar-fiilen-ozellestiriliyor\/"},"wordCount":692,"publisher":{"@id":"https:\/\/denizcankizil.tr\/#organization"},"articleSection":["G\u00fcndem"],"inLanguage":"ru-RU"},{"@type":"WebPage","@id":"https:\/\/denizcankizil.tr\/ru\/haberler\/gundem\/antalyada-loca-isgaline-bir-tepki-daha-kamusal-alanlar-fiilen-ozellestiriliyor\/","url":"https:\/\/denizcankizil.tr\/ru\/haberler\/gundem\/antalyada-loca-isgaline-bir-tepki-daha-kamusal-alanlar-fiilen-ozellestiriliyor\/","name":"Antalya\u2019da loca i\u015fgaline bir tepki daha: Kamusal alanlar fiilen \u00f6zelle\u015ftiriliyor! - Av. Deniz Can K\u0131z\u0131l","isPartOf":{"@id":"https:\/\/denizcankizil.tr\/#website"},"datePublished":"2025-04-29T06:41:40+00:00","breadcrumb":{"@id":"https:\/\/denizcankizil.tr\/ru\/haberler\/gundem\/antalyada-loca-isgaline-bir-tepki-daha-kamusal-alanlar-fiilen-ozellestiriliyor\/#breadcrumb"},"inLanguage":"ru-RU","potentialAction":[{"@type":"ReadAction","target":["https:\/\/denizcankizil.tr\/ru\/haberler\/gundem\/antalyada-loca-isgaline-bir-tepki-daha-kamusal-alanlar-fiilen-ozellestiriliyor\/"]}]},{"@type":"BreadcrumbList","@id":"https:\/\/denizcankizil.tr\/ru\/haberler\/gundem\/antalyada-loca-isgaline-bir-tepki-daha-kamusal-alanlar-fiilen-ozellestiriliyor\/#breadcrumb","itemListElement":[{"@type":"ListItem","position":1,"name":"Home","item":"https:\/\/denizcankizil.tr\/de\/"},{"@type":"ListItem","position":2,"name":"Antalya\u2019da loca i\u015fgaline bir tepki daha: Kamusal alanlar fiilen \u00f6zelle\u015ftiriliyor!"}]},{"@type":"WebSite","@id":"https:\/\/denizcankizil.tr\/#website","url":"https:\/\/denizcankizil.tr\/","name":"Av. Deniz Can K\u0131z\u0131l","description":"Avukat Deniz Can K\u0131z\u0131l Antalya Barosu","publisher":{"@id":"https:\/\/denizcankizil.tr\/#organization"},"potentialAction":[{"@type":"SearchAction","target":{"@type":"EntryPoint","urlTemplate":"https:\/\/denizcankizil.tr\/?s={search_term_string}"},"query-input":{"@type":"PropertyValueSpecification","valueRequired":true,"valueName":"search_term_string"}}],"inLanguage":"ru-RU"},{"@type":"Organization","@id":"https:\/\/denizcankizil.tr\/#organization","name":"Av. Deniz Can K\u0131z\u0131l","url":"https:\/\/denizcankizil.tr\/","logo":{"@type":"ImageObject","inLanguage":"ru-RU","@id":"https:\/\/denizcankizil.tr\/#\/schema\/logo\/image\/","url":"https:\/\/denizcankizil.tr\/wp-content\/uploads\/2024\/10\/siyah-logo-svg.svg","contentUrl":"https:\/\/denizcankizil.tr\/wp-content\/uploads\/2024\/10\/siyah-logo-svg.svg","width":1080,"height":1080,"caption":"Av. Deniz Can K\u0131z\u0131l"},"image":{"@id":"https:\/\/denizcankizil.tr\/#\/schema\/logo\/image\/"}},{"@type":"Person","@id":"https:\/\/denizcankizil.tr\/#\/schema\/person\/e1eb71bb4dd684d46563f0af307e1234","name":"Antalya K\u00f6rfez","image":{"@type":"ImageObject","inLanguage":"ru-RU","@id":"https:\/\/denizcankizil.tr\/#\/schema\/person\/image\/","url":"https:\/\/secure.gravatar.com\/avatar\/42b01982558a48a0b501fdcab6a408d3717ea5919095ee2e67b0e521799c5905?s=96&d=mm&r=g","contentUrl":"https:\/\/secure.gravatar.com\/avatar\/42b01982558a48a0b501fdcab6a408d3717ea5919095ee2e67b0e521799c5905?s=96&d=mm&r=g","caption":"Antalya K\u00f6rfez"},"sameAs":["http:\/\/www.antalyakorfez.com"],"url":"https:\/\/www.antalyakorfez.com\/antalyada-loca-isgaline-bir-tepki-daha-kamusal-alanlar-fiilen-ozellestiriliyor"}]}},"_links":{"self":[{"href":"https:\/\/denizcankizil.tr\/ru\/wp-json\/wp\/v2\/posts\/70081","targetHints":{"allow":["GET"]}}],"collection":[{"href":"https:\/\/denizcankizil.tr\/ru\/wp-json\/wp\/v2\/posts"}],"about":[{"href":"https:\/\/denizcankizil.tr\/ru\/wp-json\/wp\/v2\/types\/post"}],"author":[{"embeddable":true,"href":"https:\/\/denizcankizil.tr\/ru\/wp-json\/wp\/v2\/users\/5"}],"replies":[{"embeddable":true,"href":"https:\/\/denizcankizil.tr\/ru\/wp-json\/wp\/v2\/comments?post=70081"}],"version-history":[{"count":0,"href":"https:\/\/denizcankizil.tr\/ru\/wp-json\/wp\/v2\/posts\/70081\/revisions"}],"wp:attachment":[{"href":"https:\/\/denizcankizil.tr\/ru\/wp-json\/wp\/v2\/media?parent=70081"}],"wp:term":[{"taxonomy":"category","embeddable":true,"href":"https:\/\/denizcankizil.tr\/ru\/wp-json\/wp\/v2\/categories?post=70081"},{"taxonomy":"post_tag","embeddable":true,"href":"https:\/\/denizcankizil.tr\/ru\/wp-json\/wp\/v2\/tags?post=70081"}],"curies":[{"name":"wp","href":"https:\/\/api.w.org\/{rel}","templated":true}]}}