{"id":69074,"date":"2025-04-28T11:41:17","date_gmt":"2025-04-28T08:41:17","guid":{"rendered":"https:\/\/denizcankizil.tr\/uncategorized-tr\/iklim-degisikligi-ruh-sagligini-olumsuz-etkiliyor\/"},"modified":"2025-04-28T11:41:17","modified_gmt":"2025-04-28T08:41:17","slug":"iklim-degisikligi-ruh-sagligini-olumsuz-etkiliyor","status":"publish","type":"post","link":"https:\/\/denizcankizil.tr\/ru\/haberler\/antalya\/iklim-degisikligi-ruh-sagligini-olumsuz-etkiliyor\/","title":{"rendered":"&#8220;\u0130klim de\u011fi\u015fikli\u011fi ruh sa\u011fl\u0131\u011f\u0131n\u0131 olumsuz etkiliyor&#8221;"},"content":{"rendered":"<p>Memorial Antalya Hastanesi Psikiyatri B\u00f6l\u00fcm\u00fc&#8217;nden Uzm. Dr. Fatma Arkaz, iklim de\u011fi\u015fikli\u011fi yaln\u0131zca buzullar\u0131n erimesine, s\u0131cakl\u0131klar\u0131n artmas\u0131na ya da kurakl\u0131klar\u0131n ya\u015fanmas\u0131na neden olmad\u0131\u011f\u0131n\u0131, ayn\u0131 zamanda ki\u015filerin i\u00e7 d\u00fcnyas\u0131n\u0131 da sessizce de\u011fi\u015ftirdi\u011fini s\u00f6yledi. Kayg\u0131, belirsizlikler ve gelece\u011fe dair umut kayb\u0131, bu krizin ruh sa\u011fl\u0131\u011f\u0131m\u0131za b\u0131rakt\u0131\u011f\u0131 g\u00f6r\u00fcnmeyen izleri oldu\u011funa dikkati \u00e7eken Arkaz, &#8220;A\u015f\u0131r\u0131 s\u0131caklar, kurakl\u0131klar, su s\u0131k\u0131nt\u0131s\u0131, orman yang\u0131nlar\u0131 ve seller gibi olaylar her ge\u00e7en g\u00fcn daha s\u0131k ya\u015fan\u0131yor ve bunlar\u0131n insan ya\u015fam\u0131n\u0131 nas\u0131l etkiledi\u011fine dair haberler s\u00fcrekli g\u00fcndemde yerini al\u0131yor. Bu olaylar\u0131n sadece \u00e7evresel de\u011fil, ayn\u0131 zamanda sa\u011fl\u0131k ve ruh sa\u011fl\u0131\u011f\u0131 \u00fczerindeki etkileri de gitgide daha g\u00f6r\u00fcn\u00fcr hale geliyor&#8221; dedi.<br \/>\n&#8220;Psikolojik dayan\u0131kl\u0131l\u0131k, geli\u015ftirilebilir bir kapasitedir ve bu s\u00fcre\u00e7te at\u0131labilecek ad\u0131mlar, hem bireyin i\u00e7e ait g\u00fcc\u00fcn\u00fc art\u0131rabilir hem de toplumsal dayan\u0131\u015fmay\u0131 besleyebilir&#8221; diyen Uzm. Dr. Fatma Arkaz, gelecek kayg\u0131s\u0131 konusunda at\u0131lmas\u0131 gereken ad\u0131mlardan bahsetti.<\/p>\n<p>&#8220;\u0130klim de\u011fi\u015fikli\u011fi ruh sa\u011fl\u0131\u011f\u0131n\u0131 olumsuz etkiliyor&#8221;<br \/>\nArkaz, \u015funlar\u0131 s\u00f6yledi: &#8220;\u0130klim de\u011fi\u015fikli\u011fi; insan kaynakl\u0131 faaliyetlerin, k\u00fcresel atmosferin bile\u015fimini do\u011frudan ya da dolayl\u0131 bi\u00e7imde etkilemesi sonucunda ortaya \u00e7\u0131kan uzun vadeli iklimsel farkl\u0131la\u015fmalar olarak tan\u0131mlanmaktad\u0131r. \u0130klim de\u011fi\u015fikli\u011fi, beklenenden \u00e7ok daha h\u0131zl\u0131 bir \u015fekilde meydana gelmekte ve bu h\u0131z onu bir iklim krizi haline getirmektedir. \u0130nsanl\u0131k i\u00e7in varolu\u015fsal bir tehdit olu\u015fturan bu kriz, sa\u011fl\u0131k tehlikelerinden biri olarak kar\u015f\u0131m\u0131za \u00e7\u0131kmaktad\u0131r. \u0130klim de\u011fi\u015fikli\u011finin zihinsel ve duygusal d\u00fcnyam\u0131z\u0131 da etkiledi\u011fini anlamaya ba\u015flad\u0131k\u00e7a, bu etkilere isim verebilmek i\u00e7in yeni kavramlar geli\u015fiyor. \u00d6rne\u011fin, &#8220;ekolojik yas&#8221; ve &#8220;eko-kayg\u0131&#8221;, insanlar\u0131n iklim de\u011fi\u015fikli\u011fiyle birlikte hissetti\u011fi kay\u0131p ve endi\u015feleri tan\u0131mlamak i\u00e7in kullan\u0131lan yeni terimlerdir.&#8221;<\/p>\n<p>&#8220;Toplum olarak deste\u011fe ihtiya\u00e7 var&#8221;<br \/>\nEko-kayg\u0131n\u0131n asl\u0131nda iklim krizine verilen do\u011fal ve insani bir tepki oldu\u011funu belirten Arkaz, &#8220;Ancak zamanla bu kayg\u0131, bireylerin toplum ve gelecek hakk\u0131ndaki umutlar\u0131n\u0131 sarsabilir; yerini \u00f6fke, umutsuzluk ya da \u00e7aresizlik gibi duygular alabilir. Artan s\u0131cakl\u0131klar, zaten var olan ruhsal sorunlar\u0131 daha da a\u011f\u0131rla\u015ft\u0131rabilirken; a\u015f\u0131r\u0131 hava olaylar\u0131 ve do\u011fal afetler, insanlar\u0131n ya\u015fad\u0131\u011f\u0131 travmalar\u0131n say\u0131s\u0131n\u0131 da art\u0131r\u0131yor. Bu durum, toplum genelinde ruh sa\u011fl\u0131\u011f\u0131 alan\u0131nda daha fazla deste\u011fe ihtiya\u00e7 duyulaca\u011f\u0131n\u0131 a\u00e7\u0131k\u00e7a ortaya koyuyor&#8221; ifadelerini kulland\u0131.<\/p>\n<p>&#8220;Umutsuzlu\u011fa s\u00fcr\u00fckl\u00fcyor&#8221;<br \/>\nArkaz, iklim krizine kar\u015f\u0131 y\u00fcr\u00fct\u00fclen m\u00fccadele yaln\u0131zca do\u011fay\u0131 korumakla s\u0131n\u0131rl\u0131 olmamas\u0131 gerekti\u011fini vurgulayarak, &#8220;\u0130nsan\u0131n i\u00e7 d\u00fcnyas\u0131n\u0131 da onarmay\u0131 hedeflemelidir. \u00c7\u00fcnk\u00fc bu kriz, sadece ekosistemleri de\u011fil; ki\u015filerin umutlar\u0131n\u0131, g\u00fcven duygusunu ve gelece\u011fe dair hayalleri de sarsmaktad\u0131r. Bu y\u00fczden \u00e7\u00f6z\u00fcm aray\u0131\u015flar\u0131, bireysel \u00e7abalar\u0131n \u00f6tesine ge\u00e7ip toplumsal bir dayan\u0131\u015fma ve ruhsal iyile\u015fme s\u00fcrecine d\u00f6n\u00fc\u015fmelidir. Do\u011fayla kurulan ba\u011f g\u00fc\u00e7lendik\u00e7e, sadece a\u011fa\u00e7lar de\u011fil; i\u00e7imizdeki denge ve huzur da yeniden filizlenebilir&#8221; ifadelerini kulland\u0131.<\/p>\n<p>&#8220;Bilin\u00e7lenerek g\u00fc\u00e7lenmek m\u00fcmk\u00fcn&#8221;<br \/>\n&#8220;Ruh sa\u011fl\u0131\u011f\u0131n\u0131 korumak ve g\u00fc\u00e7lendirmek i\u00e7in do\u011fayla ve toplumla yeniden ba\u011f kurmal\u0131, bilin\u00e7li tercihler yapmal\u0131 ve dayan\u0131\u015fma i\u00e7inde olunmal\u0131d\u0131r. \u00c7\u00fcnk\u00fc iklim krizi, sadece fiziksel de\u011fil, ayn\u0131 zamanda psikolojik bir m\u00fcdahale alan\u0131d\u0131r&#8221; diyerek s\u00f6zlerini s\u00fcrd\u00fcren Arkaz, ruh sa\u011fl\u0131\u011f\u0131n\u0131 olumlu y\u00f6nde etkilemek i\u00e7in do\u011fayla yeniden ba\u011f kurulmas\u0131, \u00e7evre dostu ya\u015fam tarz\u0131n\u0131 benimsenmesi ve duygularla sa\u011fl\u0131kl\u0131 \u015fekilde ba\u015fa \u00e7\u0131kman\u0131n \u00f6\u011frenilmesi gerekti\u011fini kaydetti.<\/p>\n<p>Kaynak: www.kanalv.com.tr Haber Sitesinden Al\u0131nm\u0131\u015ft\u0131r.<\/p>","protected":false},"excerpt":{"rendered":"<p>Memorial Antalya Hastanesi Psikiyatri B\u00f6l\u00fcm\u00fc&#8217;nden Uzm. Dr. Fatma Arkaz, iklim de\u011fi\u015fikli\u011fi yaln\u0131zca buzullar\u0131n erimesine, s\u0131cakl\u0131klar\u0131n artmas\u0131na ya da kurakl\u0131klar\u0131n ya\u015fanmas\u0131na neden olmad\u0131\u011f\u0131n\u0131, ayn\u0131 zamanda ki\u015filerin i\u00e7 d\u00fcnyas\u0131n\u0131 da sessizce de\u011fi\u015ftirdi\u011fini s\u00f6yledi. Kayg\u0131, belirsizlikler ve gelece\u011fe dair umut kayb\u0131, bu krizin ruh sa\u011fl\u0131\u011f\u0131m\u0131za b\u0131rakt\u0131\u011f\u0131 g\u00f6r\u00fcnmeyen izleri oldu\u011funa dikkati \u00e7eken Arkaz, &#8220;A\u015f\u0131r\u0131 s\u0131caklar, kurakl\u0131klar, su s\u0131k\u0131nt\u0131s\u0131, orman yang\u0131nlar\u0131 ve seller gibi olaylar her ge\u00e7en g\u00fcn daha s\u0131k ya\u015fan\u0131yor ve bunlar\u0131n insan ya\u015fam\u0131n\u0131 nas\u0131l etkiledi\u011fine dair haberler s\u00fcrekli g\u00fcndemde yerini al\u0131yor. Bu olaylar\u0131n sadece \u00e7evresel de\u011fil, ayn\u0131 zamanda sa\u011fl\u0131k ve ruh sa\u011fl\u0131\u011f\u0131 \u00fczerindeki etkileri de gitgide daha g\u00f6r\u00fcn\u00fcr hale geliyor&#8221; dedi. &#8220;Psikolojik dayan\u0131kl\u0131l\u0131k, geli\u015ftirilebilir bir kapasitedir ve bu s\u00fcre\u00e7te at\u0131labilecek ad\u0131mlar, hem bireyin i\u00e7e ait g\u00fcc\u00fcn\u00fc art\u0131rabilir hem de toplumsal dayan\u0131\u015fmay\u0131 besleyebilir&#8221; diyen Uzm. Dr. Fatma Arkaz, gelecek kayg\u0131s\u0131 konusunda at\u0131lmas\u0131 gereken ad\u0131mlardan bahsetti. &#8220;\u0130klim de\u011fi\u015fikli\u011fi ruh sa\u011fl\u0131\u011f\u0131n\u0131 olumsuz etkiliyor&#8221; Arkaz, \u015funlar\u0131 s\u00f6yledi: &#8220;\u0130klim de\u011fi\u015fikli\u011fi; insan kaynakl\u0131 faaliyetlerin, k\u00fcresel atmosferin bile\u015fimini do\u011frudan ya da dolayl\u0131 bi\u00e7imde etkilemesi sonucunda ortaya \u00e7\u0131kan uzun vadeli iklimsel farkl\u0131la\u015fmalar olarak tan\u0131mlanmaktad\u0131r. \u0130klim de\u011fi\u015fikli\u011fi, beklenenden \u00e7ok daha h\u0131zl\u0131 bir \u015fekilde meydana gelmekte ve bu h\u0131z onu bir iklim krizi haline getirmektedir. \u0130nsanl\u0131k i\u00e7in varolu\u015fsal bir tehdit olu\u015fturan bu kriz, sa\u011fl\u0131k tehlikelerinden biri olarak kar\u015f\u0131m\u0131za \u00e7\u0131kmaktad\u0131r. \u0130klim de\u011fi\u015fikli\u011finin zihinsel ve &hellip;<\/p>","protected":false},"author":4,"featured_media":0,"comment_status":"","ping_status":"open","sticky":false,"template":"","format":"standard","meta":{"_acf_changed":false,"footnotes":""},"categories":[26],"tags":[],"class_list":["post-69074","post","type-post","status-publish","format-standard","hentry","category-antalya"],"acf":[],"yoast_head":"<!-- This site is optimized with the Yoast SEO Premium plugin v26.6 (Yoast SEO v27.1.1) - https:\/\/yoast.com\/product\/yoast-seo-premium-wordpress\/ -->\n<title>&quot;\u0130klim de\u011fi\u015fikli\u011fi ruh sa\u011fl\u0131\u011f\u0131n\u0131 olumsuz etkiliyor&quot; - Av. Deniz Can K\u0131z\u0131l<\/title>\n<meta name=\"robots\" content=\"index, follow, max-snippet:-1, max-image-preview:large, max-video-preview:-1\" \/>\n<link rel=\"canonical\" href=\"https:\/\/denizcankizil.tr\/ru\/haberler\/antalya\/iklim-degisikligi-ruh-sagligini-olumsuz-etkiliyor\/\" \/>\n<meta property=\"og:locale\" content=\"ru_RU\" \/>\n<meta property=\"og:type\" content=\"article\" \/>\n<meta property=\"og:title\" content=\"&quot;\u0130klim de\u011fi\u015fikli\u011fi ruh sa\u011fl\u0131\u011f\u0131n\u0131 olumsuz etkiliyor&quot;\" \/>\n<meta property=\"og:description\" content=\"Memorial Antalya Hastanesi Psikiyatri B\u00f6l\u00fcm\u00fc&#8217;nden Uzm. Dr. Fatma Arkaz, iklim de\u011fi\u015fikli\u011fi yaln\u0131zca buzullar\u0131n erimesine, s\u0131cakl\u0131klar\u0131n artmas\u0131na ya da kurakl\u0131klar\u0131n ya\u015fanmas\u0131na neden olmad\u0131\u011f\u0131n\u0131, ayn\u0131 zamanda ki\u015filerin i\u00e7 d\u00fcnyas\u0131n\u0131 da sessizce de\u011fi\u015ftirdi\u011fini s\u00f6yledi. Kayg\u0131, belirsizlikler ve gelece\u011fe dair umut kayb\u0131, bu krizin ruh sa\u011fl\u0131\u011f\u0131m\u0131za b\u0131rakt\u0131\u011f\u0131 g\u00f6r\u00fcnmeyen izleri oldu\u011funa dikkati \u00e7eken Arkaz, &#8220;A\u015f\u0131r\u0131 s\u0131caklar, kurakl\u0131klar, su s\u0131k\u0131nt\u0131s\u0131, orman yang\u0131nlar\u0131 ve seller gibi olaylar her ge\u00e7en g\u00fcn daha s\u0131k ya\u015fan\u0131yor ve bunlar\u0131n insan ya\u015fam\u0131n\u0131 nas\u0131l etkiledi\u011fine dair haberler s\u00fcrekli g\u00fcndemde yerini al\u0131yor. Bu olaylar\u0131n sadece \u00e7evresel de\u011fil, ayn\u0131 zamanda sa\u011fl\u0131k ve ruh sa\u011fl\u0131\u011f\u0131 \u00fczerindeki etkileri de gitgide daha g\u00f6r\u00fcn\u00fcr hale geliyor&#8221; dedi. &#8220;Psikolojik dayan\u0131kl\u0131l\u0131k, geli\u015ftirilebilir bir kapasitedir ve bu s\u00fcre\u00e7te at\u0131labilecek ad\u0131mlar, hem bireyin i\u00e7e ait g\u00fcc\u00fcn\u00fc art\u0131rabilir hem de toplumsal dayan\u0131\u015fmay\u0131 besleyebilir&#8221; diyen Uzm. Dr. Fatma Arkaz, gelecek kayg\u0131s\u0131 konusunda at\u0131lmas\u0131 gereken ad\u0131mlardan bahsetti. &#8220;\u0130klim de\u011fi\u015fikli\u011fi ruh sa\u011fl\u0131\u011f\u0131n\u0131 olumsuz etkiliyor&#8221; Arkaz, \u015funlar\u0131 s\u00f6yledi: &#8220;\u0130klim de\u011fi\u015fikli\u011fi; insan kaynakl\u0131 faaliyetlerin, k\u00fcresel atmosferin bile\u015fimini do\u011frudan ya da dolayl\u0131 bi\u00e7imde etkilemesi sonucunda ortaya \u00e7\u0131kan uzun vadeli iklimsel farkl\u0131la\u015fmalar olarak tan\u0131mlanmaktad\u0131r. \u0130klim de\u011fi\u015fikli\u011fi, beklenenden \u00e7ok daha h\u0131zl\u0131 bir \u015fekilde meydana gelmekte ve bu h\u0131z onu bir iklim krizi haline getirmektedir. \u0130nsanl\u0131k i\u00e7in varolu\u015fsal bir tehdit olu\u015fturan bu kriz, sa\u011fl\u0131k tehlikelerinden biri olarak kar\u015f\u0131m\u0131za \u00e7\u0131kmaktad\u0131r. \u0130klim de\u011fi\u015fikli\u011finin zihinsel ve &hellip;\" \/>\n<meta property=\"og:url\" content=\"https:\/\/denizcankizil.tr\/ru\/haberler\/antalya\/iklim-degisikligi-ruh-sagligini-olumsuz-etkiliyor\/\" \/>\n<meta property=\"og:site_name\" content=\"Av. Deniz Can K\u0131z\u0131l\" \/>\n<meta property=\"article:published_time\" content=\"2025-04-28T08:41:17+00:00\" \/>\n<meta name=\"author\" content=\"Av. Deniz Can K\u0131z\u0131l\" \/>\n<meta name=\"twitter:card\" content=\"summary_large_image\" \/>\n<meta name=\"twitter:label1\" content=\"\u041d\u0430\u043f\u0438\u0441\u0430\u043d\u043e \u0430\u0432\u0442\u043e\u0440\u043e\u043c\" \/>\n\t<meta name=\"twitter:data1\" content=\"Av. Deniz Can K\u0131z\u0131l\" \/>\n\t<meta name=\"twitter:label2\" content=\"\u041f\u0440\u0438\u043c\u0435\u0440\u043d\u043e\u0435 \u0432\u0440\u0435\u043c\u044f \u0434\u043b\u044f \u0447\u0442\u0435\u043d\u0438\u044f\" \/>\n\t<meta name=\"twitter:data2\" content=\"3 \u043c\u0438\u043d\u0443\u0442\u044b\" \/>\n<script type=\"application\/ld+json\" class=\"yoast-schema-graph\">{\"@context\":\"https:\/\/schema.org\",\"@graph\":[{\"@type\":\"Article\",\"@id\":\"https:\/\/denizcankizil.tr\/de\/haberler\/antalya\/iklim-degisikligi-ruh-sagligini-olumsuz-etkiliyor\/#article\",\"isPartOf\":{\"@id\":\"https:\/\/denizcankizil.tr\/de\/haberler\/antalya\/iklim-degisikligi-ruh-sagligini-olumsuz-etkiliyor\/\"},\"author\":{\"name\":\"Av. Deniz Can K\u0131z\u0131l\",\"@id\":\"https:\/\/denizcankizil.tr\/#\/schema\/person\/5dc1b22991bd7ac833867c10afc9b0ff\"},\"headline\":\"&#8220;\u0130klim de\u011fi\u015fikli\u011fi ruh sa\u011fl\u0131\u011f\u0131n\u0131 olumsuz etkiliyor&#8221;\",\"datePublished\":\"2025-04-28T08:41:17+00:00\",\"mainEntityOfPage\":{\"@id\":\"https:\/\/denizcankizil.tr\/de\/haberler\/antalya\/iklim-degisikligi-ruh-sagligini-olumsuz-etkiliyor\/\"},\"wordCount\":691,\"publisher\":{\"@id\":\"https:\/\/denizcankizil.tr\/#organization\"},\"articleSection\":[\"Antalya\"],\"inLanguage\":\"ru-RU\"},{\"@type\":\"WebPage\",\"@id\":\"https:\/\/denizcankizil.tr\/de\/haberler\/antalya\/iklim-degisikligi-ruh-sagligini-olumsuz-etkiliyor\/\",\"url\":\"https:\/\/denizcankizil.tr\/de\/haberler\/antalya\/iklim-degisikligi-ruh-sagligini-olumsuz-etkiliyor\/\",\"name\":\"\\\"\u0130klim de\u011fi\u015fikli\u011fi ruh sa\u011fl\u0131\u011f\u0131n\u0131 olumsuz etkiliyor\\\" - Av. Deniz Can K\u0131z\u0131l\",\"isPartOf\":{\"@id\":\"https:\/\/denizcankizil.tr\/#website\"},\"datePublished\":\"2025-04-28T08:41:17+00:00\",\"breadcrumb\":{\"@id\":\"https:\/\/denizcankizil.tr\/de\/haberler\/antalya\/iklim-degisikligi-ruh-sagligini-olumsuz-etkiliyor\/#breadcrumb\"},\"inLanguage\":\"ru-RU\",\"potentialAction\":[{\"@type\":\"ReadAction\",\"target\":[\"https:\/\/denizcankizil.tr\/de\/haberler\/antalya\/iklim-degisikligi-ruh-sagligini-olumsuz-etkiliyor\/\"]}]},{\"@type\":\"BreadcrumbList\",\"@id\":\"https:\/\/denizcankizil.tr\/de\/haberler\/antalya\/iklim-degisikligi-ruh-sagligini-olumsuz-etkiliyor\/#breadcrumb\",\"itemListElement\":[{\"@type\":\"ListItem\",\"position\":1,\"name\":\"Home\",\"item\":\"https:\/\/denizcankizil.tr\/uk\/\"},{\"@type\":\"ListItem\",\"position\":2,\"name\":\"&#8220;\u0130klim de\u011fi\u015fikli\u011fi ruh sa\u011fl\u0131\u011f\u0131n\u0131 olumsuz etkiliyor&#8221;\"}]},{\"@type\":\"WebSite\",\"@id\":\"https:\/\/denizcankizil.tr\/#website\",\"url\":\"https:\/\/denizcankizil.tr\/\",\"name\":\"Av. Deniz Can K\u0131z\u0131l\",\"description\":\"Avukat Deniz Can K\u0131z\u0131l Antalya Barosu\",\"publisher\":{\"@id\":\"https:\/\/denizcankizil.tr\/#organization\"},\"potentialAction\":[{\"@type\":\"SearchAction\",\"target\":{\"@type\":\"EntryPoint\",\"urlTemplate\":\"https:\/\/denizcankizil.tr\/?s={search_term_string}\"},\"query-input\":{\"@type\":\"PropertyValueSpecification\",\"valueRequired\":true,\"valueName\":\"search_term_string\"}}],\"inLanguage\":\"ru-RU\"},{\"@type\":\"Organization\",\"@id\":\"https:\/\/denizcankizil.tr\/#organization\",\"name\":\"Av. Deniz Can K\u0131z\u0131l\",\"url\":\"https:\/\/denizcankizil.tr\/\",\"logo\":{\"@type\":\"ImageObject\",\"inLanguage\":\"ru-RU\",\"@id\":\"https:\/\/denizcankizil.tr\/#\/schema\/logo\/image\/\",\"url\":\"https:\/\/denizcankizil.tr\/wp-content\/uploads\/2024\/10\/siyah-logo-svg.svg\",\"contentUrl\":\"https:\/\/denizcankizil.tr\/wp-content\/uploads\/2024\/10\/siyah-logo-svg.svg\",\"width\":1080,\"height\":1080,\"caption\":\"Av. Deniz Can K\u0131z\u0131l\"},\"image\":{\"@id\":\"https:\/\/denizcankizil.tr\/#\/schema\/logo\/image\/\"}},{\"@type\":\"Person\",\"@id\":\"https:\/\/denizcankizil.tr\/#\/schema\/person\/5dc1b22991bd7ac833867c10afc9b0ff\",\"name\":\"Av. Deniz Can K\u0131z\u0131l\",\"image\":{\"@type\":\"ImageObject\",\"inLanguage\":\"ru-RU\",\"@id\":\"https:\/\/denizcankizil.tr\/#\/schema\/person\/image\/\",\"url\":\"https:\/\/secure.gravatar.com\/avatar\/a0b128fb9855c79efc976d5640eedb31dc35ec297594d6016d2cf7c60e975bb6?s=96&d=mm&r=g\",\"contentUrl\":\"https:\/\/secure.gravatar.com\/avatar\/a0b128fb9855c79efc976d5640eedb31dc35ec297594d6016d2cf7c60e975bb6?s=96&d=mm&r=g\",\"caption\":\"Av. Deniz Can K\u0131z\u0131l\"},\"sameAs\":[\"http:\/\/www.denizcankizil.tr\"],\"url\":\"https:\/\/denizcankizil.tr\/ru\/author\/denizcankizil\/\"}]}<\/script>\n<!-- \/ Yoast SEO Premium plugin. -->","yoast_head_json":{"title":"\"\u0130klim de\u011fi\u015fikli\u011fi ruh sa\u011fl\u0131\u011f\u0131n\u0131 olumsuz etkiliyor\" - Av. Deniz Can K\u0131z\u0131l","robots":{"index":"index","follow":"follow","max-snippet":"max-snippet:-1","max-image-preview":"max-image-preview:large","max-video-preview":"max-video-preview:-1"},"canonical":"https:\/\/denizcankizil.tr\/ru\/haberler\/antalya\/iklim-degisikligi-ruh-sagligini-olumsuz-etkiliyor\/","og_locale":"ru_RU","og_type":"article","og_title":"\"\u0130klim de\u011fi\u015fikli\u011fi ruh sa\u011fl\u0131\u011f\u0131n\u0131 olumsuz etkiliyor\"","og_description":"Memorial Antalya Hastanesi Psikiyatri B\u00f6l\u00fcm\u00fc&#8217;nden Uzm. Dr. Fatma Arkaz, iklim de\u011fi\u015fikli\u011fi yaln\u0131zca buzullar\u0131n erimesine, s\u0131cakl\u0131klar\u0131n artmas\u0131na ya da kurakl\u0131klar\u0131n ya\u015fanmas\u0131na neden olmad\u0131\u011f\u0131n\u0131, ayn\u0131 zamanda ki\u015filerin i\u00e7 d\u00fcnyas\u0131n\u0131 da sessizce de\u011fi\u015ftirdi\u011fini s\u00f6yledi. Kayg\u0131, belirsizlikler ve gelece\u011fe dair umut kayb\u0131, bu krizin ruh sa\u011fl\u0131\u011f\u0131m\u0131za b\u0131rakt\u0131\u011f\u0131 g\u00f6r\u00fcnmeyen izleri oldu\u011funa dikkati \u00e7eken Arkaz, &#8220;A\u015f\u0131r\u0131 s\u0131caklar, kurakl\u0131klar, su s\u0131k\u0131nt\u0131s\u0131, orman yang\u0131nlar\u0131 ve seller gibi olaylar her ge\u00e7en g\u00fcn daha s\u0131k ya\u015fan\u0131yor ve bunlar\u0131n insan ya\u015fam\u0131n\u0131 nas\u0131l etkiledi\u011fine dair haberler s\u00fcrekli g\u00fcndemde yerini al\u0131yor. Bu olaylar\u0131n sadece \u00e7evresel de\u011fil, ayn\u0131 zamanda sa\u011fl\u0131k ve ruh sa\u011fl\u0131\u011f\u0131 \u00fczerindeki etkileri de gitgide daha g\u00f6r\u00fcn\u00fcr hale geliyor&#8221; dedi. &#8220;Psikolojik dayan\u0131kl\u0131l\u0131k, geli\u015ftirilebilir bir kapasitedir ve bu s\u00fcre\u00e7te at\u0131labilecek ad\u0131mlar, hem bireyin i\u00e7e ait g\u00fcc\u00fcn\u00fc art\u0131rabilir hem de toplumsal dayan\u0131\u015fmay\u0131 besleyebilir&#8221; diyen Uzm. Dr. Fatma Arkaz, gelecek kayg\u0131s\u0131 konusunda at\u0131lmas\u0131 gereken ad\u0131mlardan bahsetti. &#8220;\u0130klim de\u011fi\u015fikli\u011fi ruh sa\u011fl\u0131\u011f\u0131n\u0131 olumsuz etkiliyor&#8221; Arkaz, \u015funlar\u0131 s\u00f6yledi: &#8220;\u0130klim de\u011fi\u015fikli\u011fi; insan kaynakl\u0131 faaliyetlerin, k\u00fcresel atmosferin bile\u015fimini do\u011frudan ya da dolayl\u0131 bi\u00e7imde etkilemesi sonucunda ortaya \u00e7\u0131kan uzun vadeli iklimsel farkl\u0131la\u015fmalar olarak tan\u0131mlanmaktad\u0131r. \u0130klim de\u011fi\u015fikli\u011fi, beklenenden \u00e7ok daha h\u0131zl\u0131 bir \u015fekilde meydana gelmekte ve bu h\u0131z onu bir iklim krizi haline getirmektedir. \u0130nsanl\u0131k i\u00e7in varolu\u015fsal bir tehdit olu\u015fturan bu kriz, sa\u011fl\u0131k tehlikelerinden biri olarak kar\u015f\u0131m\u0131za \u00e7\u0131kmaktad\u0131r. \u0130klim de\u011fi\u015fikli\u011finin zihinsel ve &hellip;","og_url":"https:\/\/denizcankizil.tr\/ru\/haberler\/antalya\/iklim-degisikligi-ruh-sagligini-olumsuz-etkiliyor\/","og_site_name":"Av. Deniz Can K\u0131z\u0131l","article_published_time":"2025-04-28T08:41:17+00:00","author":"Av. Deniz Can K\u0131z\u0131l","twitter_card":"summary_large_image","twitter_misc":{"\u041d\u0430\u043f\u0438\u0441\u0430\u043d\u043e \u0430\u0432\u0442\u043e\u0440\u043e\u043c":"Av. Deniz Can K\u0131z\u0131l","\u041f\u0440\u0438\u043c\u0435\u0440\u043d\u043e\u0435 \u0432\u0440\u0435\u043c\u044f \u0434\u043b\u044f \u0447\u0442\u0435\u043d\u0438\u044f":"3 \u043c\u0438\u043d\u0443\u0442\u044b"},"schema":{"@context":"https:\/\/schema.org","@graph":[{"@type":"Article","@id":"https:\/\/denizcankizil.tr\/de\/haberler\/antalya\/iklim-degisikligi-ruh-sagligini-olumsuz-etkiliyor\/#article","isPartOf":{"@id":"https:\/\/denizcankizil.tr\/de\/haberler\/antalya\/iklim-degisikligi-ruh-sagligini-olumsuz-etkiliyor\/"},"author":{"name":"Av. Deniz Can K\u0131z\u0131l","@id":"https:\/\/denizcankizil.tr\/#\/schema\/person\/5dc1b22991bd7ac833867c10afc9b0ff"},"headline":"&#8220;\u0130klim de\u011fi\u015fikli\u011fi ruh sa\u011fl\u0131\u011f\u0131n\u0131 olumsuz etkiliyor&#8221;","datePublished":"2025-04-28T08:41:17+00:00","mainEntityOfPage":{"@id":"https:\/\/denizcankizil.tr\/de\/haberler\/antalya\/iklim-degisikligi-ruh-sagligini-olumsuz-etkiliyor\/"},"wordCount":691,"publisher":{"@id":"https:\/\/denizcankizil.tr\/#organization"},"articleSection":["Antalya"],"inLanguage":"ru-RU"},{"@type":"WebPage","@id":"https:\/\/denizcankizil.tr\/de\/haberler\/antalya\/iklim-degisikligi-ruh-sagligini-olumsuz-etkiliyor\/","url":"https:\/\/denizcankizil.tr\/de\/haberler\/antalya\/iklim-degisikligi-ruh-sagligini-olumsuz-etkiliyor\/","name":"\"\u0130klim de\u011fi\u015fikli\u011fi ruh sa\u011fl\u0131\u011f\u0131n\u0131 olumsuz etkiliyor\" - Av. Deniz Can K\u0131z\u0131l","isPartOf":{"@id":"https:\/\/denizcankizil.tr\/#website"},"datePublished":"2025-04-28T08:41:17+00:00","breadcrumb":{"@id":"https:\/\/denizcankizil.tr\/de\/haberler\/antalya\/iklim-degisikligi-ruh-sagligini-olumsuz-etkiliyor\/#breadcrumb"},"inLanguage":"ru-RU","potentialAction":[{"@type":"ReadAction","target":["https:\/\/denizcankizil.tr\/de\/haberler\/antalya\/iklim-degisikligi-ruh-sagligini-olumsuz-etkiliyor\/"]}]},{"@type":"BreadcrumbList","@id":"https:\/\/denizcankizil.tr\/de\/haberler\/antalya\/iklim-degisikligi-ruh-sagligini-olumsuz-etkiliyor\/#breadcrumb","itemListElement":[{"@type":"ListItem","position":1,"name":"Home","item":"https:\/\/denizcankizil.tr\/uk\/"},{"@type":"ListItem","position":2,"name":"&#8220;\u0130klim de\u011fi\u015fikli\u011fi ruh sa\u011fl\u0131\u011f\u0131n\u0131 olumsuz etkiliyor&#8221;"}]},{"@type":"WebSite","@id":"https:\/\/denizcankizil.tr\/#website","url":"https:\/\/denizcankizil.tr\/","name":"Av. Deniz Can K\u0131z\u0131l","description":"Avukat Deniz Can K\u0131z\u0131l Antalya Barosu","publisher":{"@id":"https:\/\/denizcankizil.tr\/#organization"},"potentialAction":[{"@type":"SearchAction","target":{"@type":"EntryPoint","urlTemplate":"https:\/\/denizcankizil.tr\/?s={search_term_string}"},"query-input":{"@type":"PropertyValueSpecification","valueRequired":true,"valueName":"search_term_string"}}],"inLanguage":"ru-RU"},{"@type":"Organization","@id":"https:\/\/denizcankizil.tr\/#organization","name":"Av. Deniz Can K\u0131z\u0131l","url":"https:\/\/denizcankizil.tr\/","logo":{"@type":"ImageObject","inLanguage":"ru-RU","@id":"https:\/\/denizcankizil.tr\/#\/schema\/logo\/image\/","url":"https:\/\/denizcankizil.tr\/wp-content\/uploads\/2024\/10\/siyah-logo-svg.svg","contentUrl":"https:\/\/denizcankizil.tr\/wp-content\/uploads\/2024\/10\/siyah-logo-svg.svg","width":1080,"height":1080,"caption":"Av. Deniz Can K\u0131z\u0131l"},"image":{"@id":"https:\/\/denizcankizil.tr\/#\/schema\/logo\/image\/"}},{"@type":"Person","@id":"https:\/\/denizcankizil.tr\/#\/schema\/person\/5dc1b22991bd7ac833867c10afc9b0ff","name":"Av. Deniz Can K\u0131z\u0131l","image":{"@type":"ImageObject","inLanguage":"ru-RU","@id":"https:\/\/denizcankizil.tr\/#\/schema\/person\/image\/","url":"https:\/\/secure.gravatar.com\/avatar\/a0b128fb9855c79efc976d5640eedb31dc35ec297594d6016d2cf7c60e975bb6?s=96&d=mm&r=g","contentUrl":"https:\/\/secure.gravatar.com\/avatar\/a0b128fb9855c79efc976d5640eedb31dc35ec297594d6016d2cf7c60e975bb6?s=96&d=mm&r=g","caption":"Av. Deniz Can K\u0131z\u0131l"},"sameAs":["http:\/\/www.denizcankizil.tr"],"url":"https:\/\/denizcankizil.tr\/ru\/author\/denizcankizil\/"}]}},"_links":{"self":[{"href":"https:\/\/denizcankizil.tr\/ru\/wp-json\/wp\/v2\/posts\/69074","targetHints":{"allow":["GET"]}}],"collection":[{"href":"https:\/\/denizcankizil.tr\/ru\/wp-json\/wp\/v2\/posts"}],"about":[{"href":"https:\/\/denizcankizil.tr\/ru\/wp-json\/wp\/v2\/types\/post"}],"author":[{"embeddable":true,"href":"https:\/\/denizcankizil.tr\/ru\/wp-json\/wp\/v2\/users\/4"}],"replies":[{"embeddable":true,"href":"https:\/\/denizcankizil.tr\/ru\/wp-json\/wp\/v2\/comments?post=69074"}],"version-history":[{"count":0,"href":"https:\/\/denizcankizil.tr\/ru\/wp-json\/wp\/v2\/posts\/69074\/revisions"}],"wp:attachment":[{"href":"https:\/\/denizcankizil.tr\/ru\/wp-json\/wp\/v2\/media?parent=69074"}],"wp:term":[{"taxonomy":"category","embeddable":true,"href":"https:\/\/denizcankizil.tr\/ru\/wp-json\/wp\/v2\/categories?post=69074"},{"taxonomy":"post_tag","embeddable":true,"href":"https:\/\/denizcankizil.tr\/ru\/wp-json\/wp\/v2\/tags?post=69074"}],"curies":[{"name":"wp","href":"https:\/\/api.w.org\/{rel}","templated":true}]}}