{"id":69020,"date":"2025-04-28T09:42:13","date_gmt":"2025-04-28T06:42:13","guid":{"rendered":"https:\/\/denizcankizil.tr\/uncategorized-tr\/emadder-bursada-sesini-kademeli-emeklilik-icin-yukseltti\/"},"modified":"2025-04-28T09:42:13","modified_gmt":"2025-04-28T06:42:13","slug":"emadder-bursada-sesini-kademeli-emeklilik-icin-yukseltti","status":"publish","type":"post","link":"https:\/\/denizcankizil.tr\/ru\/haberler\/gundem\/emadder-bursada-sesini-kademeli-emeklilik-icin-yukseltti\/","title":{"rendered":"EMADDER Bursa\u2019da sesini kademeli emeklilik i\u00e7in y\u00fckseltti"},"content":{"rendered":"<p>Emeklilikte Adalet Derne\u011fi (EMADDER), Bursa\u2019da kademeli emeklilik i\u00e7in m\u00fccadele ba\u015flatt\u0131.BURSA (\u0130GFA) &#8211; Emeklilikte Adalet Derne\u011fi (EMADDER), Bursa Fomora 15 Temmuz Demokrasi Meydan\u0131\u2019nda kademeli emeklilik talebiyle stant a\u00e7t\u0131.<br \/>\nEtkinli\u011fe Genel Ba\u015fkan Mihriban U\u011furlu, Bursa il y\u00f6neticileri ve \u00fcyeler kat\u0131ld\u0131. \u0130yi Parti Bursa Milletvekili Sel\u00e7uk T\u00fcrko\u011flu, stand\u0131 ziyaret ederek destek mesaj\u0131 verdi.<br \/>\nGenel Ba\u015fkan U\u011furlu, 8 Eyl\u00fcl 1999 sonras\u0131 i\u015fe ba\u015flayan milyonlarca emek\u00e7inin 17-20 y\u0131l daha fazla \u00e7al\u0131\u015fmak zorunda b\u0131rak\u0131ld\u0131\u011f\u0131n\u0131 belirterek, \u201cBu adalet de\u011fil, zul\u00fcmd\u00fcr. Kademeli emeklilik, bu haks\u0131zl\u0131\u011f\u0131 bitirip \u00e7al\u0131\u015fma bar\u0131\u015f\u0131n\u0131 sa\u011flayacak\u201d dedi.<br \/>\nMilletvekili T\u00fcrko\u011flu\u2019na destekleri i\u00e7in te\u015fekk\u00fcr eden U\u011furlu, emek\u00e7inin hakk\u0131n\u0131n daha fazla g\u00f6rmezden gelinemeyece\u011fini vurgulad\u0131.<\/p>\n<p><blockquote class=\"twitter-tweet\" data-width=\"550\" data-dnt=\"true\"><p lang=\"tr\" dir=\"ltr\">BURSA EMADDER Etkinli\u011fi: Kademeli Emeklilik \u0130\u00e7in Adalet M\u00fccadelesi<br><br>Emeklilikte Adalet Derne\u011fi <a href=\"https:\/\/twitter.com\/EmadDernegi?ref_src=twsrc%5Etfw\">@EmadDernegi<\/a> Genel Ba\u015fkan\u0131m\u0131z Say\u0131n Mihriban U\u011furlu <a href=\"https:\/\/twitter.com\/mihribanugurluu?ref_src=twsrc%5Etfw\">@mihribanugurluu<\/a> ,Bursa \u0130l Y\u00f6neticilerimiz ve de\u011ferli \u00fcyelerinin Bursa Fomora 15 Temmuz Demokrasi Meydan\u0131&#39;nda a\u00e7t\u0131\u011f\u0131 standa \u0130yi Parti\u2026 <a href=\"https:\/\/t.co\/ZuPw8T3NXx\">pic.twitter.com\/ZuPw8T3NXx<\/a><\/p>&mdash; EMEKL\u0130L\u0130KTE ADALET DERNE\u011e\u0130 \u2696\ufe0f (@EmadDernegi) <a href=\"https:\/\/twitter.com\/EmadDernegi\/status\/1916472823662420303?ref_src=twsrc%5Etfw\">April 27, 2025<\/a><\/blockquote><script async src=\"https:\/\/platform.twitter.com\/widgets.js\" charset=\"utf-8\"><\/script><\/p>\n<p>\u200bEmeklilikte Adalet Derne\u011fi (EMADDER), Bursa\u2019da kademeli emeklilik i\u00e7in m\u00fccadele ba\u015flatt\u0131.BURSA (\u0130GFA) &#8211; Emeklilikte Adalet Derne\u011fi (EMADDER), Bursa Fomora 15 Temmuz Demokrasi Meydan\u0131\u2019nda kademeli emeklilik talebiyle stant a\u00e7t\u0131.<br \/>\nEtkinli\u011fe Genel Ba\u015fkan Mihriban U\u011furlu, Bursa il y\u00f6neticileri ve \u00fcyeler kat\u0131ld\u0131. \u0130yi Parti Bursa Milletvekili Sel\u00e7uk T\u00fcrko\u011flu, stand\u0131 ziyaret ederek destek mesaj\u0131 verdi.<br \/>\nGenel Ba\u015fkan U\u011furlu, 8 Eyl\u00fcl 1999 sonras\u0131 i\u015fe ba\u015flayan milyonlarca emek\u00e7inin 17-20 y\u0131l daha fazla \u00e7al\u0131\u015fmak zorunda b\u0131rak\u0131ld\u0131\u011f\u0131n\u0131 belirterek, \u201cBu adalet de\u011fil, zul\u00fcmd\u00fcr. Kademeli emeklilik, bu haks\u0131zl\u0131\u011f\u0131 bitirip \u00e7al\u0131\u015fma bar\u0131\u015f\u0131n\u0131 sa\u011flayacak\u201d dedi.<br \/>\nMilletvekili T\u00fcrko\u011flu\u2019na destekleri i\u00e7in te\u015fekk\u00fcr eden U\u011furlu, emek\u00e7inin hakk\u0131n\u0131n daha fazla g\u00f6rmezden gelinemeyece\u011fini vurgulad\u0131.<\/p>\n<p>https:\/\/twitter.com\/EmadDernegi\/status\/1916472823662420303\u00a0<\/p>\n<p>\u200bHaberin Al\u0131nt\u0131land\u0131\u011f\u0131 Kaynak: www.iskenderun.org<\/p>","protected":false},"excerpt":{"rendered":"<p>Emeklilikte Adalet Derne\u011fi (EMADDER), Bursa\u2019da kademeli emeklilik i\u00e7in m\u00fccadele ba\u015flatt\u0131.BURSA (\u0130GFA) &#8211; Emeklilikte Adalet Derne\u011fi (EMADDER), Bursa Fomora 15 Temmuz Demokrasi Meydan\u0131\u2019nda kademeli emeklilik talebiyle stant a\u00e7t\u0131. Etkinli\u011fe Genel Ba\u015fkan Mihriban U\u011furlu, Bursa il y\u00f6neticileri ve \u00fcyeler kat\u0131ld\u0131. \u0130yi Parti Bursa Milletvekili Sel\u00e7uk T\u00fcrko\u011flu, stand\u0131 ziyaret ederek destek mesaj\u0131 verdi. Genel Ba\u015fkan U\u011furlu, 8 Eyl\u00fcl 1999 sonras\u0131 i\u015fe ba\u015flayan milyonlarca emek\u00e7inin 17-20 y\u0131l daha fazla \u00e7al\u0131\u015fmak zorunda b\u0131rak\u0131ld\u0131\u011f\u0131n\u0131 belirterek, \u201cBu adalet de\u011fil, zul\u00fcmd\u00fcr. Kademeli emeklilik, bu haks\u0131zl\u0131\u011f\u0131 bitirip \u00e7al\u0131\u015fma bar\u0131\u015f\u0131n\u0131 sa\u011flayacak\u201d dedi. Milletvekili T\u00fcrko\u011flu\u2019na destekleri i\u00e7in te\u015fekk\u00fcr eden U\u011furlu, emek\u00e7inin hakk\u0131n\u0131n daha fazla g\u00f6rmezden gelinemeyece\u011fini vurgulad\u0131. BURSA EMADDER Etkinli\u011fi: Kademeli Emeklilik \u0130\u00e7in Adalet M\u00fccadelesi Emeklilikte Adalet Derne\u011fi @EmadDernegi Genel Ba\u015fkan\u0131m\u0131z Say\u0131n Mihriban U\u011furlu @mihribanugurluu ,Bursa \u0130l Y\u00f6neticilerimiz ve de\u011ferli \u00fcyelerinin Bursa Fomora 15 Temmuz Demokrasi Meydan\u0131&#39;nda a\u00e7t\u0131\u011f\u0131 standa \u0130yi Parti\u2026 pic.twitter.com\/ZuPw8T3NXx &mdash; EMEKL\u0130L\u0130KTE ADALET DERNE\u011e\u0130 \u2696\ufe0f (@EmadDernegi) April 27, 2025 \u200bEmeklilikte Adalet Derne\u011fi (EMADDER), Bursa\u2019da kademeli emeklilik i\u00e7in m\u00fccadele ba\u015flatt\u0131.BURSA (\u0130GFA) &#8211; Emeklilikte Adalet Derne\u011fi (EMADDER), Bursa Fomora 15 Temmuz Demokrasi Meydan\u0131\u2019nda kademeli emeklilik talebiyle stant a\u00e7t\u0131. Etkinli\u011fe Genel Ba\u015fkan Mihriban U\u011furlu, Bursa il y\u00f6neticileri ve \u00fcyeler kat\u0131ld\u0131. \u0130yi Parti Bursa Milletvekili Sel\u00e7uk T\u00fcrko\u011flu, stand\u0131 ziyaret ederek destek mesaj\u0131 verdi. Genel Ba\u015fkan U\u011furlu, 8 Eyl\u00fcl 1999 sonras\u0131 i\u015fe ba\u015flayan milyonlarca &hellip;<\/p>","protected":false},"author":1,"featured_media":0,"comment_status":"","ping_status":"open","sticky":false,"template":"","format":"standard","meta":{"_acf_changed":false,"footnotes":""},"categories":[24],"tags":[],"class_list":["post-69020","post","type-post","status-publish","format-standard","has-post-thumbnail","hentry","category-gundem"],"acf":[],"yoast_head":"<!-- This site is optimized with the Yoast SEO Premium plugin v26.6 (Yoast SEO v27.1.1) - https:\/\/yoast.com\/product\/yoast-seo-premium-wordpress\/ -->\n<title>EMADDER Bursa\u2019da sesini kademeli emeklilik i\u00e7in y\u00fckseltti - Av. Deniz Can K\u0131z\u0131l<\/title>\n<meta name=\"robots\" content=\"index, follow, max-snippet:-1, max-image-preview:large, max-video-preview:-1\" \/>\n<link rel=\"canonical\" href=\"https:\/\/denizcankizil.tr\/ru\/haberler\/gundem\/emadder-bursada-sesini-kademeli-emeklilik-icin-yukseltti\/\" \/>\n<meta property=\"og:locale\" content=\"ru_RU\" \/>\n<meta property=\"og:type\" content=\"article\" \/>\n<meta property=\"og:title\" content=\"EMADDER Bursa\u2019da sesini kademeli emeklilik i\u00e7in y\u00fckseltti\" \/>\n<meta property=\"og:description\" content=\"Emeklilikte Adalet Derne\u011fi (EMADDER), Bursa\u2019da kademeli emeklilik i\u00e7in m\u00fccadele ba\u015flatt\u0131.BURSA (\u0130GFA) &#8211; Emeklilikte Adalet Derne\u011fi (EMADDER), Bursa Fomora 15 Temmuz Demokrasi Meydan\u0131\u2019nda kademeli emeklilik talebiyle stant a\u00e7t\u0131. Etkinli\u011fe Genel Ba\u015fkan Mihriban U\u011furlu, Bursa il y\u00f6neticileri ve \u00fcyeler kat\u0131ld\u0131. \u0130yi Parti Bursa Milletvekili Sel\u00e7uk T\u00fcrko\u011flu, stand\u0131 ziyaret ederek destek mesaj\u0131 verdi. Genel Ba\u015fkan U\u011furlu, 8 Eyl\u00fcl 1999 sonras\u0131 i\u015fe ba\u015flayan milyonlarca emek\u00e7inin 17-20 y\u0131l daha fazla \u00e7al\u0131\u015fmak zorunda b\u0131rak\u0131ld\u0131\u011f\u0131n\u0131 belirterek, \u201cBu adalet de\u011fil, zul\u00fcmd\u00fcr. Kademeli emeklilik, bu haks\u0131zl\u0131\u011f\u0131 bitirip \u00e7al\u0131\u015fma bar\u0131\u015f\u0131n\u0131 sa\u011flayacak\u201d dedi. Milletvekili T\u00fcrko\u011flu\u2019na destekleri i\u00e7in te\u015fekk\u00fcr eden U\u011furlu, emek\u00e7inin hakk\u0131n\u0131n daha fazla g\u00f6rmezden gelinemeyece\u011fini vurgulad\u0131. BURSA EMADDER Etkinli\u011fi: Kademeli Emeklilik \u0130\u00e7in Adalet M\u00fccadelesi Emeklilikte Adalet Derne\u011fi @EmadDernegi Genel Ba\u015fkan\u0131m\u0131z Say\u0131n Mihriban U\u011furlu @mihribanugurluu ,Bursa \u0130l Y\u00f6neticilerimiz ve de\u011ferli \u00fcyelerinin Bursa Fomora 15 Temmuz Demokrasi Meydan\u0131&#039;nda a\u00e7t\u0131\u011f\u0131 standa \u0130yi Parti\u2026 pic.twitter.com\/ZuPw8T3NXx &mdash; EMEKL\u0130L\u0130KTE ADALET DERNE\u011e\u0130 \u2696\ufe0f (@EmadDernegi) April 27, 2025 \u200bEmeklilikte Adalet Derne\u011fi (EMADDER), Bursa\u2019da kademeli emeklilik i\u00e7in m\u00fccadele ba\u015flatt\u0131.BURSA (\u0130GFA) &#8211; Emeklilikte Adalet Derne\u011fi (EMADDER), Bursa Fomora 15 Temmuz Demokrasi Meydan\u0131\u2019nda kademeli emeklilik talebiyle stant a\u00e7t\u0131. Etkinli\u011fe Genel Ba\u015fkan Mihriban U\u011furlu, Bursa il y\u00f6neticileri ve \u00fcyeler kat\u0131ld\u0131. \u0130yi Parti Bursa Milletvekili Sel\u00e7uk T\u00fcrko\u011flu, stand\u0131 ziyaret ederek destek mesaj\u0131 verdi. Genel Ba\u015fkan U\u011furlu, 8 Eyl\u00fcl 1999 sonras\u0131 i\u015fe ba\u015flayan milyonlarca &hellip;\" \/>\n<meta property=\"og:url\" content=\"https:\/\/denizcankizil.tr\/ru\/haberler\/gundem\/emadder-bursada-sesini-kademeli-emeklilik-icin-yukseltti\/\" \/>\n<meta property=\"og:site_name\" content=\"Av. Deniz Can K\u0131z\u0131l\" \/>\n<meta property=\"article:published_time\" content=\"2025-04-28T06:42:13+00:00\" \/>\n<meta name=\"author\" content=\"admin\" \/>\n<meta name=\"twitter:card\" content=\"summary_large_image\" \/>\n<meta name=\"twitter:label1\" content=\"\u041d\u0430\u043f\u0438\u0441\u0430\u043d\u043e \u0430\u0432\u0442\u043e\u0440\u043e\u043c\" \/>\n\t<meta name=\"twitter:data1\" content=\"admin\" \/>\n\t<meta name=\"twitter:label2\" content=\"\u041f\u0440\u0438\u043c\u0435\u0440\u043d\u043e\u0435 \u0432\u0440\u0435\u043c\u044f \u0434\u043b\u044f \u0447\u0442\u0435\u043d\u0438\u044f\" \/>\n\t<meta name=\"twitter:data2\" content=\"1 \u043c\u0438\u043d\u0443\u0442\u0430\" \/>\n<script type=\"application\/ld+json\" class=\"yoast-schema-graph\">{\"@context\":\"https:\/\/schema.org\",\"@graph\":[{\"@type\":\"Article\",\"@id\":\"https:\/\/denizcankizil.tr\/ru\/haberler\/gundem\/emadder-bursada-sesini-kademeli-emeklilik-icin-yukseltti\/#article\",\"isPartOf\":{\"@id\":\"https:\/\/denizcankizil.tr\/ru\/haberler\/gundem\/emadder-bursada-sesini-kademeli-emeklilik-icin-yukseltti\/\"},\"author\":{\"name\":\"admin\",\"@id\":\"https:\/\/denizcankizil.tr\/de\/#\/schema\/person\/be3c05fe6a12686905512445d8185489\"},\"headline\":\"EMADDER Bursa\u2019da sesini kademeli emeklilik i\u00e7in y\u00fckseltti\",\"datePublished\":\"2025-04-28T06:42:13+00:00\",\"mainEntityOfPage\":{\"@id\":\"https:\/\/denizcankizil.tr\/ru\/haberler\/gundem\/emadder-bursada-sesini-kademeli-emeklilik-icin-yukseltti\/\"},\"wordCount\":308,\"publisher\":{\"@id\":\"https:\/\/denizcankizil.tr\/de\/#organization\"},\"articleSection\":[\"G\u00fcndem\"],\"inLanguage\":\"ru-RU\"},{\"@type\":\"WebPage\",\"@id\":\"https:\/\/denizcankizil.tr\/ru\/haberler\/gundem\/emadder-bursada-sesini-kademeli-emeklilik-icin-yukseltti\/\",\"url\":\"https:\/\/denizcankizil.tr\/ru\/haberler\/gundem\/emadder-bursada-sesini-kademeli-emeklilik-icin-yukseltti\/\",\"name\":\"EMADDER Bursa\u2019da sesini kademeli emeklilik i\u00e7in y\u00fckseltti - Av. Deniz Can K\u0131z\u0131l\",\"isPartOf\":{\"@id\":\"https:\/\/denizcankizil.tr\/de\/#website\"},\"datePublished\":\"2025-04-28T06:42:13+00:00\",\"breadcrumb\":{\"@id\":\"https:\/\/denizcankizil.tr\/ru\/haberler\/gundem\/emadder-bursada-sesini-kademeli-emeklilik-icin-yukseltti\/#breadcrumb\"},\"inLanguage\":\"ru-RU\",\"potentialAction\":[{\"@type\":\"ReadAction\",\"target\":[\"https:\/\/denizcankizil.tr\/ru\/haberler\/gundem\/emadder-bursada-sesini-kademeli-emeklilik-icin-yukseltti\/\"]}]},{\"@type\":\"BreadcrumbList\",\"@id\":\"https:\/\/denizcankizil.tr\/ru\/haberler\/gundem\/emadder-bursada-sesini-kademeli-emeklilik-icin-yukseltti\/#breadcrumb\",\"itemListElement\":[{\"@type\":\"ListItem\",\"position\":1,\"name\":\"Home\",\"item\":\"https:\/\/denizcankizil.tr\/de\/\"},{\"@type\":\"ListItem\",\"position\":2,\"name\":\"EMADDER Bursa\u2019da sesini kademeli emeklilik i\u00e7in y\u00fckseltti\"}]},{\"@type\":\"WebSite\",\"@id\":\"https:\/\/denizcankizil.tr\/de\/#website\",\"url\":\"https:\/\/denizcankizil.tr\/de\/\",\"name\":\"Av. Deniz Can K\u0131z\u0131l\",\"description\":\"Avukat Deniz Can K\u0131z\u0131l Antalya Barosu\",\"publisher\":{\"@id\":\"https:\/\/denizcankizil.tr\/de\/#organization\"},\"potentialAction\":[{\"@type\":\"SearchAction\",\"target\":{\"@type\":\"EntryPoint\",\"urlTemplate\":\"https:\/\/denizcankizil.tr\/de\/?s={search_term_string}\"},\"query-input\":{\"@type\":\"PropertyValueSpecification\",\"valueRequired\":true,\"valueName\":\"search_term_string\"}}],\"inLanguage\":\"ru-RU\"},{\"@type\":\"Organization\",\"@id\":\"https:\/\/denizcankizil.tr\/de\/#organization\",\"name\":\"Av. Deniz Can K\u0131z\u0131l\",\"url\":\"https:\/\/denizcankizil.tr\/de\/\",\"logo\":{\"@type\":\"ImageObject\",\"inLanguage\":\"ru-RU\",\"@id\":\"https:\/\/denizcankizil.tr\/de\/#\/schema\/logo\/image\/\",\"url\":\"https:\/\/denizcankizil.tr\/wp-content\/uploads\/2024\/10\/siyah-logo-svg.svg\",\"contentUrl\":\"https:\/\/denizcankizil.tr\/wp-content\/uploads\/2024\/10\/siyah-logo-svg.svg\",\"width\":1080,\"height\":1080,\"caption\":\"Av. Deniz Can K\u0131z\u0131l\"},\"image\":{\"@id\":\"https:\/\/denizcankizil.tr\/de\/#\/schema\/logo\/image\/\"}},{\"@type\":\"Person\",\"@id\":\"https:\/\/denizcankizil.tr\/de\/#\/schema\/person\/be3c05fe6a12686905512445d8185489\",\"name\":\"admin\",\"image\":{\"@type\":\"ImageObject\",\"inLanguage\":\"ru-RU\",\"@id\":\"https:\/\/denizcankizil.tr\/de\/#\/schema\/person\/image\/\",\"url\":\"https:\/\/secure.gravatar.com\/avatar\/c1fce94c830dc79107e174f890d7210541c4a63e8e5d816341794a2151c9d58c?s=96&d=mm&r=g\",\"contentUrl\":\"https:\/\/secure.gravatar.com\/avatar\/c1fce94c830dc79107e174f890d7210541c4a63e8e5d816341794a2151c9d58c?s=96&d=mm&r=g\",\"caption\":\"admin\"},\"sameAs\":[\"http:\/\/denizcankizil.tr\"],\"url\":\"https:\/\/www.iskenderun.org\/emadder-bursada-sesini-kademeli-emeklilik-icin-yukseltti\"}]}<\/script>\n<!-- \/ Yoast SEO Premium plugin. -->","yoast_head_json":{"title":"EMADDER Bursa\u2019da sesini kademeli emeklilik i\u00e7in y\u00fckseltti - Av. Deniz Can K\u0131z\u0131l","robots":{"index":"index","follow":"follow","max-snippet":"max-snippet:-1","max-image-preview":"max-image-preview:large","max-video-preview":"max-video-preview:-1"},"canonical":"https:\/\/denizcankizil.tr\/ru\/haberler\/gundem\/emadder-bursada-sesini-kademeli-emeklilik-icin-yukseltti\/","og_locale":"ru_RU","og_type":"article","og_title":"EMADDER Bursa\u2019da sesini kademeli emeklilik i\u00e7in y\u00fckseltti","og_description":"Emeklilikte Adalet Derne\u011fi (EMADDER), Bursa\u2019da kademeli emeklilik i\u00e7in m\u00fccadele ba\u015flatt\u0131.BURSA (\u0130GFA) &#8211; Emeklilikte Adalet Derne\u011fi (EMADDER), Bursa Fomora 15 Temmuz Demokrasi Meydan\u0131\u2019nda kademeli emeklilik talebiyle stant a\u00e7t\u0131. Etkinli\u011fe Genel Ba\u015fkan Mihriban U\u011furlu, Bursa il y\u00f6neticileri ve \u00fcyeler kat\u0131ld\u0131. \u0130yi Parti Bursa Milletvekili Sel\u00e7uk T\u00fcrko\u011flu, stand\u0131 ziyaret ederek destek mesaj\u0131 verdi. Genel Ba\u015fkan U\u011furlu, 8 Eyl\u00fcl 1999 sonras\u0131 i\u015fe ba\u015flayan milyonlarca emek\u00e7inin 17-20 y\u0131l daha fazla \u00e7al\u0131\u015fmak zorunda b\u0131rak\u0131ld\u0131\u011f\u0131n\u0131 belirterek, \u201cBu adalet de\u011fil, zul\u00fcmd\u00fcr. Kademeli emeklilik, bu haks\u0131zl\u0131\u011f\u0131 bitirip \u00e7al\u0131\u015fma bar\u0131\u015f\u0131n\u0131 sa\u011flayacak\u201d dedi. Milletvekili T\u00fcrko\u011flu\u2019na destekleri i\u00e7in te\u015fekk\u00fcr eden U\u011furlu, emek\u00e7inin hakk\u0131n\u0131n daha fazla g\u00f6rmezden gelinemeyece\u011fini vurgulad\u0131. BURSA EMADDER Etkinli\u011fi: Kademeli Emeklilik \u0130\u00e7in Adalet M\u00fccadelesi Emeklilikte Adalet Derne\u011fi @EmadDernegi Genel Ba\u015fkan\u0131m\u0131z Say\u0131n Mihriban U\u011furlu @mihribanugurluu ,Bursa \u0130l Y\u00f6neticilerimiz ve de\u011ferli \u00fcyelerinin Bursa Fomora 15 Temmuz Demokrasi Meydan\u0131&#39;nda a\u00e7t\u0131\u011f\u0131 standa \u0130yi Parti\u2026 pic.twitter.com\/ZuPw8T3NXx &mdash; EMEKL\u0130L\u0130KTE ADALET DERNE\u011e\u0130 \u2696\ufe0f (@EmadDernegi) April 27, 2025 \u200bEmeklilikte Adalet Derne\u011fi (EMADDER), Bursa\u2019da kademeli emeklilik i\u00e7in m\u00fccadele ba\u015flatt\u0131.BURSA (\u0130GFA) &#8211; Emeklilikte Adalet Derne\u011fi (EMADDER), Bursa Fomora 15 Temmuz Demokrasi Meydan\u0131\u2019nda kademeli emeklilik talebiyle stant a\u00e7t\u0131. Etkinli\u011fe Genel Ba\u015fkan Mihriban U\u011furlu, Bursa il y\u00f6neticileri ve \u00fcyeler kat\u0131ld\u0131. \u0130yi Parti Bursa Milletvekili Sel\u00e7uk T\u00fcrko\u011flu, stand\u0131 ziyaret ederek destek mesaj\u0131 verdi. Genel Ba\u015fkan U\u011furlu, 8 Eyl\u00fcl 1999 sonras\u0131 i\u015fe ba\u015flayan milyonlarca &hellip;","og_url":"https:\/\/denizcankizil.tr\/ru\/haberler\/gundem\/emadder-bursada-sesini-kademeli-emeklilik-icin-yukseltti\/","og_site_name":"Av. Deniz Can K\u0131z\u0131l","article_published_time":"2025-04-28T06:42:13+00:00","author":"admin","twitter_card":"summary_large_image","twitter_misc":{"\u041d\u0430\u043f\u0438\u0441\u0430\u043d\u043e \u0430\u0432\u0442\u043e\u0440\u043e\u043c":"admin","\u041f\u0440\u0438\u043c\u0435\u0440\u043d\u043e\u0435 \u0432\u0440\u0435\u043c\u044f \u0434\u043b\u044f \u0447\u0442\u0435\u043d\u0438\u044f":"1 \u043c\u0438\u043d\u0443\u0442\u0430"},"schema":{"@context":"https:\/\/schema.org","@graph":[{"@type":"Article","@id":"https:\/\/denizcankizil.tr\/ru\/haberler\/gundem\/emadder-bursada-sesini-kademeli-emeklilik-icin-yukseltti\/#article","isPartOf":{"@id":"https:\/\/denizcankizil.tr\/ru\/haberler\/gundem\/emadder-bursada-sesini-kademeli-emeklilik-icin-yukseltti\/"},"author":{"name":"admin","@id":"https:\/\/denizcankizil.tr\/de\/#\/schema\/person\/be3c05fe6a12686905512445d8185489"},"headline":"EMADDER Bursa\u2019da sesini kademeli emeklilik i\u00e7in y\u00fckseltti","datePublished":"2025-04-28T06:42:13+00:00","mainEntityOfPage":{"@id":"https:\/\/denizcankizil.tr\/ru\/haberler\/gundem\/emadder-bursada-sesini-kademeli-emeklilik-icin-yukseltti\/"},"wordCount":308,"publisher":{"@id":"https:\/\/denizcankizil.tr\/de\/#organization"},"articleSection":["G\u00fcndem"],"inLanguage":"ru-RU"},{"@type":"WebPage","@id":"https:\/\/denizcankizil.tr\/ru\/haberler\/gundem\/emadder-bursada-sesini-kademeli-emeklilik-icin-yukseltti\/","url":"https:\/\/denizcankizil.tr\/ru\/haberler\/gundem\/emadder-bursada-sesini-kademeli-emeklilik-icin-yukseltti\/","name":"EMADDER Bursa\u2019da sesini kademeli emeklilik i\u00e7in y\u00fckseltti - Av. Deniz Can K\u0131z\u0131l","isPartOf":{"@id":"https:\/\/denizcankizil.tr\/de\/#website"},"datePublished":"2025-04-28T06:42:13+00:00","breadcrumb":{"@id":"https:\/\/denizcankizil.tr\/ru\/haberler\/gundem\/emadder-bursada-sesini-kademeli-emeklilik-icin-yukseltti\/#breadcrumb"},"inLanguage":"ru-RU","potentialAction":[{"@type":"ReadAction","target":["https:\/\/denizcankizil.tr\/ru\/haberler\/gundem\/emadder-bursada-sesini-kademeli-emeklilik-icin-yukseltti\/"]}]},{"@type":"BreadcrumbList","@id":"https:\/\/denizcankizil.tr\/ru\/haberler\/gundem\/emadder-bursada-sesini-kademeli-emeklilik-icin-yukseltti\/#breadcrumb","itemListElement":[{"@type":"ListItem","position":1,"name":"Home","item":"https:\/\/denizcankizil.tr\/de\/"},{"@type":"ListItem","position":2,"name":"EMADDER Bursa\u2019da sesini kademeli emeklilik i\u00e7in y\u00fckseltti"}]},{"@type":"WebSite","@id":"https:\/\/denizcankizil.tr\/de\/#website","url":"https:\/\/denizcankizil.tr\/de\/","name":"Av. Deniz Can K\u0131z\u0131l","description":"Avukat Deniz Can K\u0131z\u0131l Antalya Barosu","publisher":{"@id":"https:\/\/denizcankizil.tr\/de\/#organization"},"potentialAction":[{"@type":"SearchAction","target":{"@type":"EntryPoint","urlTemplate":"https:\/\/denizcankizil.tr\/de\/?s={search_term_string}"},"query-input":{"@type":"PropertyValueSpecification","valueRequired":true,"valueName":"search_term_string"}}],"inLanguage":"ru-RU"},{"@type":"Organization","@id":"https:\/\/denizcankizil.tr\/de\/#organization","name":"Av. Deniz Can K\u0131z\u0131l","url":"https:\/\/denizcankizil.tr\/de\/","logo":{"@type":"ImageObject","inLanguage":"ru-RU","@id":"https:\/\/denizcankizil.tr\/de\/#\/schema\/logo\/image\/","url":"https:\/\/denizcankizil.tr\/wp-content\/uploads\/2024\/10\/siyah-logo-svg.svg","contentUrl":"https:\/\/denizcankizil.tr\/wp-content\/uploads\/2024\/10\/siyah-logo-svg.svg","width":1080,"height":1080,"caption":"Av. Deniz Can K\u0131z\u0131l"},"image":{"@id":"https:\/\/denizcankizil.tr\/de\/#\/schema\/logo\/image\/"}},{"@type":"Person","@id":"https:\/\/denizcankizil.tr\/de\/#\/schema\/person\/be3c05fe6a12686905512445d8185489","name":"\u0430\u0434\u043c\u0438\u043d","image":{"@type":"ImageObject","inLanguage":"ru-RU","@id":"https:\/\/denizcankizil.tr\/de\/#\/schema\/person\/image\/","url":"https:\/\/secure.gravatar.com\/avatar\/c1fce94c830dc79107e174f890d7210541c4a63e8e5d816341794a2151c9d58c?s=96&d=mm&r=g","contentUrl":"https:\/\/secure.gravatar.com\/avatar\/c1fce94c830dc79107e174f890d7210541c4a63e8e5d816341794a2151c9d58c?s=96&d=mm&r=g","caption":"admin"},"sameAs":["http:\/\/denizcankizil.tr"],"url":"https:\/\/www.iskenderun.org\/emadder-bursada-sesini-kademeli-emeklilik-icin-yukseltti"}]}},"_links":{"self":[{"href":"https:\/\/denizcankizil.tr\/ru\/wp-json\/wp\/v2\/posts\/69020","targetHints":{"allow":["GET"]}}],"collection":[{"href":"https:\/\/denizcankizil.tr\/ru\/wp-json\/wp\/v2\/posts"}],"about":[{"href":"https:\/\/denizcankizil.tr\/ru\/wp-json\/wp\/v2\/types\/post"}],"author":[{"embeddable":true,"href":"https:\/\/denizcankizil.tr\/ru\/wp-json\/wp\/v2\/users\/1"}],"replies":[{"embeddable":true,"href":"https:\/\/denizcankizil.tr\/ru\/wp-json\/wp\/v2\/comments?post=69020"}],"version-history":[{"count":0,"href":"https:\/\/denizcankizil.tr\/ru\/wp-json\/wp\/v2\/posts\/69020\/revisions"}],"wp:attachment":[{"href":"https:\/\/denizcankizil.tr\/ru\/wp-json\/wp\/v2\/media?parent=69020"}],"wp:term":[{"taxonomy":"category","embeddable":true,"href":"https:\/\/denizcankizil.tr\/ru\/wp-json\/wp\/v2\/categories?post=69020"},{"taxonomy":"post_tag","embeddable":true,"href":"https:\/\/denizcankizil.tr\/ru\/wp-json\/wp\/v2\/tags?post=69020"}],"curies":[{"name":"wp","href":"https:\/\/api.w.org\/{rel}","templated":true}]}}