{"id":68075,"date":"2025-04-27T12:41:20","date_gmt":"2025-04-27T09:41:20","guid":{"rendered":"https:\/\/denizcankizil.tr\/uncategorized-tr\/antalya-buyuksehir-belediyesinin-curumeye-terk-edilen-deniz-otobusleri-icin-yeni-plan\/"},"modified":"2025-04-27T12:41:20","modified_gmt":"2025-04-27T09:41:20","slug":"antalya-buyuksehir-belediyesinin-curumeye-terk-edilen-deniz-otobusleri-icin-yeni-plan","status":"publish","type":"post","link":"https:\/\/denizcankizil.tr\/ru\/haberler\/gundem\/antalya-buyuksehir-belediyesinin-curumeye-terk-edilen-deniz-otobusleri-icin-yeni-plan\/","title":{"rendered":"Antalya B\u00fcy\u00fck\u015fehir Belediyesi\u2019nin \u00e7\u00fcr\u00fcmeye terk edilen deniz otob\u00fcsleri i\u00e7in yeni plan"},"content":{"rendered":"<p>Antalya&#8217;da 2009 y\u0131l\u0131nda, B\u00fcy\u00fck\u015fehir Belediyesi&#8217;nin Deniz Ticaret Odas\u0131 Antalya \u015eubesi ile birlikte haz\u0131rlad\u0131\u011f\u0131 proje kapsam\u0131nda, deniz yolcu ta\u015f\u0131mac\u0131l\u0131\u011f\u0131n\u0131n geli\u015ftirilmesi amac\u0131yla \u00fc\u00e7 yolcu gemisi sat\u0131n al\u0131nd\u0131. Bug\u00fcnk\u00fc d\u00f6viz kurlar\u0131yla tanesi yakla\u015f\u0131k 10 milyon TL\u2019ye mal olan deniz otob\u00fcslerine &#8216;Termessos&#8217;, &#8216;Aspendos&#8217; ve &#8216;Olympos&#8217; isimleri verildi. A\u00e7\u0131l\u0131\u015f t\u00f6reni sonras\u0131 deniz otob\u00fcsleri Kalei\u00e7i Yat Liman\u0131 ile Kemer Marina aras\u0131nda yolcu ta\u015f\u0131mac\u0131l\u0131\u011f\u0131na ba\u015flad\u0131.<\/p>\n<p>DEN\u0130Z OTOB\u00dcSLER\u0130N\u0130N FAAL\u0130YETLER\u0130 DURULDU <\/p>\n<p>29 Mart 2009&#8217;daki yerel se\u00e7imleri Menderes T\u00fcrel&#8217;in kaybetmesi sonras\u0131 se\u00e7ilen B\u00fcy\u00fck\u015fehir Belediye Ba\u015fkan\u0131 CHP&#8217;li Mustafa Akayd\u0131n, yolcu gemisi olarak da adland\u0131r\u0131lan deniz otob\u00fcslerinin faaliyetini durdurdu. Gerek\u00e7e olarak projenin rantabl olmad\u0131\u011f\u0131 g\u00f6sterilerek, deniz otob\u00fcslerinin Akdeniz&#8217;in iklim ko\u015fullar\u0131na uygun olmad\u0131\u011f\u0131, \u00f6\u011fleden sonra \u00e7\u0131kan meltemle birlikte olu\u015fan dalgalar\u0131n yolcular\u0131 sarst\u0131\u011f\u0131 ve ticari olarak da zarar eden bir proje oldu\u011fu dile getirildi. 2009 y\u0131l\u0131ndan itibaren Akayd\u0131n y\u00f6netimi taraf\u0131ndan faaliyeti durdurulan deniz otob\u00fcsleri, 2014 se\u00e7imleri sonras\u0131nda Menderes T\u00fcrel&#8217;in se\u00e7imi yeniden kazanmas\u0131 ve b\u00fcy\u00fck\u015fehir belediye ba\u015fkan\u0131 olmas\u0131 ile yeniden faaliyete ge\u00e7ti. Yakla\u015f\u0131k 3 y\u0131l faaliyet g\u00f6steren deniz otob\u00fcsleri, 2019&#8217;da Muhittin B\u00f6cek&#8217;in B\u00fcy\u00fck\u015fehir Belediye Ba\u015fkan\u0131 olmas\u0131 sonras\u0131nda yeniden limanda k\u0131za\u011fa \u00e7ekildi.<\/p>\n<p>SATI\u015eA KONULDU AMA SATILAMADI <\/p>\n<p>42 yolcu kapasitesine sahip, her biri 16 metre boyunda, 4 metre geni\u015fli\u011finde ve 25,79 groston a\u011f\u0131rl\u0131\u011f\u0131ndaki deniz otob\u00fcslerinden Aspendos, ge\u00e7en s\u00fcre\u00e7te di\u011fer 2 deniz otob\u00fcs\u00fcn\u00fcn yedek par\u00e7a tedariki i\u00e7in kullan\u0131ld\u0131. Bu y\u00fczden Aspendos at\u0131l duruma d\u00f6n\u00fc\u015f\u00fcrken, 2021 y\u0131l\u0131nda di\u011fer ikisi sat\u0131\u015fa \u00e7\u0131kar\u0131ld\u0131. Sat\u0131\u015f i\u00e7in haz\u0131rlanan ihaleye kat\u0131l\u0131m olmamas\u0131 nedeniyle elde kalan deniz otob\u00fcsleri i\u00e7in 2024 y\u0131l\u0131nda ikinci ihale yap\u0131ld\u0131. Tanesi 10 milyon TL&#8217;den sat\u0131\u015fa \u00e7\u0131kar\u0131lan Termessos ve Olympos&#8217;a talip \u00e7\u0131kmad\u0131.<\/p>\n<p>K\u0130RAYA \u00c7IKARILDI <\/p>\n<p>\u0130ki kez sat\u0131\u015fa \u00e7\u0131kar\u0131lan ancak al\u0131c\u0131 bulunamayan deniz otob\u00fcslerinden Termessos i\u00e7in bu kez Antalya B\u00fcy\u00fck\u015fehir Belediyesi kiralanmas\u0131na y\u00f6nelik ihale a\u00e7t\u0131. 30 May\u0131s \u00c7ar\u015famba g\u00fcn\u00fc saat 15.00&#8217;te B\u00fcy\u00fck\u015fehir Belediyesi enc\u00fcmen toplant\u0131 salonunda yap\u0131lacak ihalede, 16 metre boyunda 42 yolcu kapasiteli yolcu gemisinin y\u0131ll\u0131k 924 bin TL+KDV bedel ile 3 y\u0131ll\u0131\u011f\u0131na kiralanaca\u011f\u0131 bildirildi.<\/p>\n<p>F\u0130NANSMAN SA\u011eLANAMADI <\/p>\n<p>Antalya Denizcile\u015fme Platformu Ba\u015fkan\u0131 \u0130zzet \u00dcnl\u00fc, bu deniz otob\u00fcslerinin denize \u00e7ok uygun olmamas\u0131, g\u00f6l \u015fartlar\u0131nda kullan\u0131labilecek \u00f6zelliklerde olmalar\u0131 nedeniyle E\u011firdir G\u00f6l\u00fc&#8217;nde kullan\u0131lmas\u0131 i\u00e7in E\u011firdir Belediye Meclisi&#8217;nde bir proje sunumu yapm\u0131\u015ft\u0131. Ancak o d\u00f6nem E\u011firdir Belediyesi taraf\u0131ndan deniz otob\u00fcslerini sat\u0131n alabilecek finans sa\u011flanamad\u0131.<\/p>\n<p>KA\u015e-ME\u0130S ADASI ARASI KULLANILAB\u0130L\u0130R<\/p>\n<p>\u0130zzet \u00dcnl\u00fc, bu deniz otob\u00fcslerinin rantabl kullan\u0131labilece\u011fi alanlarla ilgili yeni \u00f6neriler sundu. \u00dcnl\u00fc, Burdur ve E\u011firdir g\u00f6llerinde kullan\u0131mlar\u0131na ili\u015fkin kom\u015fu il belediyeleriyle \u00e7al\u0131\u015fma yap\u0131labilece\u011fini kaydetti. \u0130kinci \u00f6neri olarak ise Antalya Kalei\u00e7i Yat \u0130\u015fletmecili\u011fi Kooperatifi ring hatt\u0131na \u00fcye olarak s\u0131ra ile sefer yap\u0131labilece\u011fini belirten \u00dcnl\u00fc, \u00fc\u00e7\u00fcnc\u00fc olarak da Ka\u015f-Meis Adas\u0131 aras\u0131nda yolcu ta\u015f\u0131mac\u0131l\u0131\u011f\u0131nda kullan\u0131labilece\u011fini kaydetti.<\/p>\n<p>\u200bAntalya Denizcile\u015fme Platformu Ba\u015fkan\u0131 \u0130zzet \u00dcnl\u00fc, Antalya B\u00fcy\u00fck\u015fehir Belediyesi&#8217;nin 2009 y\u0131l\u0131nda Kalei\u00e7i Yat Liman\u0131 ile Kemer Marina aras\u0131nda yolcu ta\u015f\u0131mac\u0131l\u0131\u011f\u0131 amac\u0131yla sat\u0131n ald\u0131\u011f\u0131, fakat uzun zaman \u00f6nce \u00e7\u00fcr\u00fcmeye terk edilen deniz otob\u00fcslerinin, Ka\u015f-Meis Adas\u0131 aras\u0131nda yolcu ta\u015f\u0131mac\u0131l\u0131\u011f\u0131 yapmas\u0131 fikrinin \u00f6ne s\u00fcrd\u00fc.\u00a0<\/p>\n<p>\u200bHaberin Al\u0131nt\u0131land\u0131\u011f\u0131 Kaynak: www.antalyakorfez.com<\/p>","protected":false},"excerpt":{"rendered":"<p>Antalya&#8217;da 2009 y\u0131l\u0131nda, B\u00fcy\u00fck\u015fehir Belediyesi&#8217;nin Deniz Ticaret Odas\u0131 Antalya \u015eubesi ile birlikte haz\u0131rlad\u0131\u011f\u0131 proje kapsam\u0131nda, deniz yolcu ta\u015f\u0131mac\u0131l\u0131\u011f\u0131n\u0131n geli\u015ftirilmesi amac\u0131yla \u00fc\u00e7 yolcu gemisi sat\u0131n al\u0131nd\u0131. Bug\u00fcnk\u00fc d\u00f6viz kurlar\u0131yla tanesi yakla\u015f\u0131k 10 milyon TL\u2019ye mal olan deniz otob\u00fcslerine &#8216;Termessos&#8217;, &#8216;Aspendos&#8217; ve &#8216;Olympos&#8217; isimleri verildi. A\u00e7\u0131l\u0131\u015f t\u00f6reni sonras\u0131 deniz otob\u00fcsleri Kalei\u00e7i Yat Liman\u0131 ile Kemer Marina aras\u0131nda yolcu ta\u015f\u0131mac\u0131l\u0131\u011f\u0131na ba\u015flad\u0131. DEN\u0130Z OTOB\u00dcSLER\u0130N\u0130N FAAL\u0130YETLER\u0130 DURULDU 29 Mart 2009&#8217;daki yerel se\u00e7imleri Menderes T\u00fcrel&#8217;in kaybetmesi sonras\u0131 se\u00e7ilen B\u00fcy\u00fck\u015fehir Belediye Ba\u015fkan\u0131 CHP&#8217;li Mustafa Akayd\u0131n, yolcu gemisi olarak da adland\u0131r\u0131lan deniz otob\u00fcslerinin faaliyetini durdurdu. Gerek\u00e7e olarak projenin rantabl olmad\u0131\u011f\u0131 g\u00f6sterilerek, deniz otob\u00fcslerinin Akdeniz&#8217;in iklim ko\u015fullar\u0131na uygun olmad\u0131\u011f\u0131, \u00f6\u011fleden sonra \u00e7\u0131kan meltemle birlikte olu\u015fan dalgalar\u0131n yolcular\u0131 sarst\u0131\u011f\u0131 ve ticari olarak da zarar eden bir proje oldu\u011fu dile getirildi. 2009 y\u0131l\u0131ndan itibaren Akayd\u0131n y\u00f6netimi taraf\u0131ndan faaliyeti durdurulan deniz otob\u00fcsleri, 2014 se\u00e7imleri sonras\u0131nda Menderes T\u00fcrel&#8217;in se\u00e7imi yeniden kazanmas\u0131 ve b\u00fcy\u00fck\u015fehir belediye ba\u015fkan\u0131 olmas\u0131 ile yeniden faaliyete ge\u00e7ti. Yakla\u015f\u0131k 3 y\u0131l faaliyet g\u00f6steren deniz otob\u00fcsleri, 2019&#8217;da Muhittin B\u00f6cek&#8217;in B\u00fcy\u00fck\u015fehir Belediye Ba\u015fkan\u0131 olmas\u0131 sonras\u0131nda yeniden limanda k\u0131za\u011fa \u00e7ekildi. SATI\u015eA KONULDU AMA SATILAMADI 42 yolcu kapasitesine sahip, her biri 16 metre boyunda, 4 metre geni\u015fli\u011finde ve 25,79 groston a\u011f\u0131rl\u0131\u011f\u0131ndaki deniz otob\u00fcslerinden Aspendos, ge\u00e7en s\u00fcre\u00e7te di\u011fer 2 deniz otob\u00fcs\u00fcn\u00fcn yedek par\u00e7a tedariki i\u00e7in kullan\u0131ld\u0131. &hellip;<\/p>","protected":false},"author":5,"featured_media":0,"comment_status":"","ping_status":"open","sticky":false,"template":"","format":"standard","meta":{"_acf_changed":false,"footnotes":""},"categories":[24],"tags":[],"class_list":["post-68075","post","type-post","status-publish","format-standard","has-post-thumbnail","hentry","category-gundem"],"acf":[],"yoast_head":"<!-- This site is optimized with the Yoast SEO Premium plugin v26.6 (Yoast SEO v27.1.1) - https:\/\/yoast.com\/product\/yoast-seo-premium-wordpress\/ -->\n<title>Antalya B\u00fcy\u00fck\u015fehir Belediyesi\u2019nin \u00e7\u00fcr\u00fcmeye terk edilen deniz otob\u00fcsleri i\u00e7in yeni plan - Av. Deniz Can K\u0131z\u0131l<\/title>\n<meta name=\"robots\" content=\"index, follow, max-snippet:-1, max-image-preview:large, max-video-preview:-1\" \/>\n<link rel=\"canonical\" href=\"https:\/\/denizcankizil.tr\/ru\/haberler\/gundem\/antalya-buyuksehir-belediyesinin-curumeye-terk-edilen-deniz-otobusleri-icin-yeni-plan\/\" \/>\n<meta property=\"og:locale\" content=\"ru_RU\" \/>\n<meta property=\"og:type\" content=\"article\" \/>\n<meta property=\"og:title\" content=\"Antalya B\u00fcy\u00fck\u015fehir Belediyesi\u2019nin \u00e7\u00fcr\u00fcmeye terk edilen deniz otob\u00fcsleri i\u00e7in yeni plan\" \/>\n<meta property=\"og:description\" content=\"Antalya&#8217;da 2009 y\u0131l\u0131nda, B\u00fcy\u00fck\u015fehir Belediyesi&#8217;nin Deniz Ticaret Odas\u0131 Antalya \u015eubesi ile birlikte haz\u0131rlad\u0131\u011f\u0131 proje kapsam\u0131nda, deniz yolcu ta\u015f\u0131mac\u0131l\u0131\u011f\u0131n\u0131n geli\u015ftirilmesi amac\u0131yla \u00fc\u00e7 yolcu gemisi sat\u0131n al\u0131nd\u0131. Bug\u00fcnk\u00fc d\u00f6viz kurlar\u0131yla tanesi yakla\u015f\u0131k 10 milyon TL\u2019ye mal olan deniz otob\u00fcslerine &#8216;Termessos&#8217;, &#8216;Aspendos&#8217; ve &#8216;Olympos&#8217; isimleri verildi. A\u00e7\u0131l\u0131\u015f t\u00f6reni sonras\u0131 deniz otob\u00fcsleri Kalei\u00e7i Yat Liman\u0131 ile Kemer Marina aras\u0131nda yolcu ta\u015f\u0131mac\u0131l\u0131\u011f\u0131na ba\u015flad\u0131. DEN\u0130Z OTOB\u00dcSLER\u0130N\u0130N FAAL\u0130YETLER\u0130 DURULDU 29 Mart 2009&#8217;daki yerel se\u00e7imleri Menderes T\u00fcrel&#8217;in kaybetmesi sonras\u0131 se\u00e7ilen B\u00fcy\u00fck\u015fehir Belediye Ba\u015fkan\u0131 CHP&#8217;li Mustafa Akayd\u0131n, yolcu gemisi olarak da adland\u0131r\u0131lan deniz otob\u00fcslerinin faaliyetini durdurdu. Gerek\u00e7e olarak projenin rantabl olmad\u0131\u011f\u0131 g\u00f6sterilerek, deniz otob\u00fcslerinin Akdeniz&#8217;in iklim ko\u015fullar\u0131na uygun olmad\u0131\u011f\u0131, \u00f6\u011fleden sonra \u00e7\u0131kan meltemle birlikte olu\u015fan dalgalar\u0131n yolcular\u0131 sarst\u0131\u011f\u0131 ve ticari olarak da zarar eden bir proje oldu\u011fu dile getirildi. 2009 y\u0131l\u0131ndan itibaren Akayd\u0131n y\u00f6netimi taraf\u0131ndan faaliyeti durdurulan deniz otob\u00fcsleri, 2014 se\u00e7imleri sonras\u0131nda Menderes T\u00fcrel&#8217;in se\u00e7imi yeniden kazanmas\u0131 ve b\u00fcy\u00fck\u015fehir belediye ba\u015fkan\u0131 olmas\u0131 ile yeniden faaliyete ge\u00e7ti. Yakla\u015f\u0131k 3 y\u0131l faaliyet g\u00f6steren deniz otob\u00fcsleri, 2019&#8217;da Muhittin B\u00f6cek&#8217;in B\u00fcy\u00fck\u015fehir Belediye Ba\u015fkan\u0131 olmas\u0131 sonras\u0131nda yeniden limanda k\u0131za\u011fa \u00e7ekildi. SATI\u015eA KONULDU AMA SATILAMADI 42 yolcu kapasitesine sahip, her biri 16 metre boyunda, 4 metre geni\u015fli\u011finde ve 25,79 groston a\u011f\u0131rl\u0131\u011f\u0131ndaki deniz otob\u00fcslerinden Aspendos, ge\u00e7en s\u00fcre\u00e7te di\u011fer 2 deniz otob\u00fcs\u00fcn\u00fcn yedek par\u00e7a tedariki i\u00e7in kullan\u0131ld\u0131. &hellip;\" \/>\n<meta property=\"og:url\" content=\"https:\/\/denizcankizil.tr\/ru\/haberler\/gundem\/antalya-buyuksehir-belediyesinin-curumeye-terk-edilen-deniz-otobusleri-icin-yeni-plan\/\" \/>\n<meta property=\"og:site_name\" content=\"Av. Deniz Can K\u0131z\u0131l\" \/>\n<meta property=\"article:published_time\" content=\"2025-04-27T09:41:20+00:00\" \/>\n<meta name=\"author\" content=\"Antalya K\u00f6rfez\" \/>\n<meta name=\"twitter:card\" content=\"summary_large_image\" \/>\n<meta name=\"twitter:label1\" content=\"\u041d\u0430\u043f\u0438\u0441\u0430\u043d\u043e \u0430\u0432\u0442\u043e\u0440\u043e\u043c\" \/>\n\t<meta name=\"twitter:data1\" content=\"Antalya K\u00f6rfez\" \/>\n\t<meta name=\"twitter:label2\" content=\"\u041f\u0440\u0438\u043c\u0435\u0440\u043d\u043e\u0435 \u0432\u0440\u0435\u043c\u044f \u0434\u043b\u044f \u0447\u0442\u0435\u043d\u0438\u044f\" \/>\n\t<meta name=\"twitter:data2\" content=\"3 \u043c\u0438\u043d\u0443\u0442\u044b\" \/>\n<script type=\"application\/ld+json\" class=\"yoast-schema-graph\">{\"@context\":\"https:\/\/schema.org\",\"@graph\":[{\"@type\":\"Article\",\"@id\":\"https:\/\/denizcankizil.tr\/ru\/haberler\/gundem\/antalya-buyuksehir-belediyesinin-curumeye-terk-edilen-deniz-otobusleri-icin-yeni-plan\/#article\",\"isPartOf\":{\"@id\":\"https:\/\/denizcankizil.tr\/ru\/haberler\/gundem\/antalya-buyuksehir-belediyesinin-curumeye-terk-edilen-deniz-otobusleri-icin-yeni-plan\/\"},\"author\":{\"name\":\"Antalya K\u00f6rfez\",\"@id\":\"https:\/\/denizcankizil.tr\/#\/schema\/person\/e1eb71bb4dd684d46563f0af307e1234\"},\"headline\":\"Antalya B\u00fcy\u00fck\u015fehir Belediyesi\u2019nin \u00e7\u00fcr\u00fcmeye terk edilen deniz otob\u00fcsleri i\u00e7in yeni plan\",\"datePublished\":\"2025-04-27T09:41:20+00:00\",\"mainEntityOfPage\":{\"@id\":\"https:\/\/denizcankizil.tr\/ru\/haberler\/gundem\/antalya-buyuksehir-belediyesinin-curumeye-terk-edilen-deniz-otobusleri-icin-yeni-plan\/\"},\"wordCount\":664,\"publisher\":{\"@id\":\"https:\/\/denizcankizil.tr\/#organization\"},\"articleSection\":[\"G\u00fcndem\"],\"inLanguage\":\"ru-RU\"},{\"@type\":\"WebPage\",\"@id\":\"https:\/\/denizcankizil.tr\/ru\/haberler\/gundem\/antalya-buyuksehir-belediyesinin-curumeye-terk-edilen-deniz-otobusleri-icin-yeni-plan\/\",\"url\":\"https:\/\/denizcankizil.tr\/ru\/haberler\/gundem\/antalya-buyuksehir-belediyesinin-curumeye-terk-edilen-deniz-otobusleri-icin-yeni-plan\/\",\"name\":\"Antalya B\u00fcy\u00fck\u015fehir Belediyesi\u2019nin \u00e7\u00fcr\u00fcmeye terk edilen deniz otob\u00fcsleri i\u00e7in yeni plan - Av. Deniz Can K\u0131z\u0131l\",\"isPartOf\":{\"@id\":\"https:\/\/denizcankizil.tr\/#website\"},\"datePublished\":\"2025-04-27T09:41:20+00:00\",\"breadcrumb\":{\"@id\":\"https:\/\/denizcankizil.tr\/ru\/haberler\/gundem\/antalya-buyuksehir-belediyesinin-curumeye-terk-edilen-deniz-otobusleri-icin-yeni-plan\/#breadcrumb\"},\"inLanguage\":\"ru-RU\",\"potentialAction\":[{\"@type\":\"ReadAction\",\"target\":[\"https:\/\/denizcankizil.tr\/ru\/haberler\/gundem\/antalya-buyuksehir-belediyesinin-curumeye-terk-edilen-deniz-otobusleri-icin-yeni-plan\/\"]}]},{\"@type\":\"BreadcrumbList\",\"@id\":\"https:\/\/denizcankizil.tr\/ru\/haberler\/gundem\/antalya-buyuksehir-belediyesinin-curumeye-terk-edilen-deniz-otobusleri-icin-yeni-plan\/#breadcrumb\",\"itemListElement\":[{\"@type\":\"ListItem\",\"position\":1,\"name\":\"Home\",\"item\":\"https:\/\/denizcankizil.tr\/uk\/\"},{\"@type\":\"ListItem\",\"position\":2,\"name\":\"Antalya B\u00fcy\u00fck\u015fehir Belediyesi\u2019nin \u00e7\u00fcr\u00fcmeye terk edilen deniz otob\u00fcsleri i\u00e7in yeni plan\"}]},{\"@type\":\"WebSite\",\"@id\":\"https:\/\/denizcankizil.tr\/#website\",\"url\":\"https:\/\/denizcankizil.tr\/\",\"name\":\"Av. Deniz Can K\u0131z\u0131l\",\"description\":\"Avukat Deniz Can K\u0131z\u0131l Antalya Barosu\",\"publisher\":{\"@id\":\"https:\/\/denizcankizil.tr\/#organization\"},\"potentialAction\":[{\"@type\":\"SearchAction\",\"target\":{\"@type\":\"EntryPoint\",\"urlTemplate\":\"https:\/\/denizcankizil.tr\/?s={search_term_string}\"},\"query-input\":{\"@type\":\"PropertyValueSpecification\",\"valueRequired\":true,\"valueName\":\"search_term_string\"}}],\"inLanguage\":\"ru-RU\"},{\"@type\":\"Organization\",\"@id\":\"https:\/\/denizcankizil.tr\/#organization\",\"name\":\"Av. Deniz Can K\u0131z\u0131l\",\"url\":\"https:\/\/denizcankizil.tr\/\",\"logo\":{\"@type\":\"ImageObject\",\"inLanguage\":\"ru-RU\",\"@id\":\"https:\/\/denizcankizil.tr\/#\/schema\/logo\/image\/\",\"url\":\"https:\/\/denizcankizil.tr\/wp-content\/uploads\/2024\/10\/siyah-logo-svg.svg\",\"contentUrl\":\"https:\/\/denizcankizil.tr\/wp-content\/uploads\/2024\/10\/siyah-logo-svg.svg\",\"width\":1080,\"height\":1080,\"caption\":\"Av. Deniz Can K\u0131z\u0131l\"},\"image\":{\"@id\":\"https:\/\/denizcankizil.tr\/#\/schema\/logo\/image\/\"}},{\"@type\":\"Person\",\"@id\":\"https:\/\/denizcankizil.tr\/#\/schema\/person\/e1eb71bb4dd684d46563f0af307e1234\",\"name\":\"Antalya K\u00f6rfez\",\"image\":{\"@type\":\"ImageObject\",\"inLanguage\":\"ru-RU\",\"@id\":\"https:\/\/denizcankizil.tr\/#\/schema\/person\/image\/\",\"url\":\"https:\/\/secure.gravatar.com\/avatar\/42b01982558a48a0b501fdcab6a408d3717ea5919095ee2e67b0e521799c5905?s=96&d=mm&r=g\",\"contentUrl\":\"https:\/\/secure.gravatar.com\/avatar\/42b01982558a48a0b501fdcab6a408d3717ea5919095ee2e67b0e521799c5905?s=96&d=mm&r=g\",\"caption\":\"Antalya K\u00f6rfez\"},\"sameAs\":[\"http:\/\/www.antalyakorfez.com\"],\"url\":\"https:\/\/www.antalyakorfez.com\/antalya-buyuksehir-belediyesinin-curumeye-terk-edilen-deniz-otobusleri-icin-yeni-plan\"}]}<\/script>\n<!-- \/ Yoast SEO Premium plugin. -->","yoast_head_json":{"title":"Antalya B\u00fcy\u00fck\u015fehir Belediyesi\u2019nin \u00e7\u00fcr\u00fcmeye terk edilen deniz otob\u00fcsleri i\u00e7in yeni plan - Av. Deniz Can K\u0131z\u0131l","robots":{"index":"index","follow":"follow","max-snippet":"max-snippet:-1","max-image-preview":"max-image-preview:large","max-video-preview":"max-video-preview:-1"},"canonical":"https:\/\/denizcankizil.tr\/ru\/haberler\/gundem\/antalya-buyuksehir-belediyesinin-curumeye-terk-edilen-deniz-otobusleri-icin-yeni-plan\/","og_locale":"ru_RU","og_type":"article","og_title":"Antalya B\u00fcy\u00fck\u015fehir Belediyesi\u2019nin \u00e7\u00fcr\u00fcmeye terk edilen deniz otob\u00fcsleri i\u00e7in yeni plan","og_description":"Antalya&#8217;da 2009 y\u0131l\u0131nda, B\u00fcy\u00fck\u015fehir Belediyesi&#8217;nin Deniz Ticaret Odas\u0131 Antalya \u015eubesi ile birlikte haz\u0131rlad\u0131\u011f\u0131 proje kapsam\u0131nda, deniz yolcu ta\u015f\u0131mac\u0131l\u0131\u011f\u0131n\u0131n geli\u015ftirilmesi amac\u0131yla \u00fc\u00e7 yolcu gemisi sat\u0131n al\u0131nd\u0131. Bug\u00fcnk\u00fc d\u00f6viz kurlar\u0131yla tanesi yakla\u015f\u0131k 10 milyon TL\u2019ye mal olan deniz otob\u00fcslerine &#8216;Termessos&#8217;, &#8216;Aspendos&#8217; ve &#8216;Olympos&#8217; isimleri verildi. A\u00e7\u0131l\u0131\u015f t\u00f6reni sonras\u0131 deniz otob\u00fcsleri Kalei\u00e7i Yat Liman\u0131 ile Kemer Marina aras\u0131nda yolcu ta\u015f\u0131mac\u0131l\u0131\u011f\u0131na ba\u015flad\u0131. DEN\u0130Z OTOB\u00dcSLER\u0130N\u0130N FAAL\u0130YETLER\u0130 DURULDU 29 Mart 2009&#8217;daki yerel se\u00e7imleri Menderes T\u00fcrel&#8217;in kaybetmesi sonras\u0131 se\u00e7ilen B\u00fcy\u00fck\u015fehir Belediye Ba\u015fkan\u0131 CHP&#8217;li Mustafa Akayd\u0131n, yolcu gemisi olarak da adland\u0131r\u0131lan deniz otob\u00fcslerinin faaliyetini durdurdu. Gerek\u00e7e olarak projenin rantabl olmad\u0131\u011f\u0131 g\u00f6sterilerek, deniz otob\u00fcslerinin Akdeniz&#8217;in iklim ko\u015fullar\u0131na uygun olmad\u0131\u011f\u0131, \u00f6\u011fleden sonra \u00e7\u0131kan meltemle birlikte olu\u015fan dalgalar\u0131n yolcular\u0131 sarst\u0131\u011f\u0131 ve ticari olarak da zarar eden bir proje oldu\u011fu dile getirildi. 2009 y\u0131l\u0131ndan itibaren Akayd\u0131n y\u00f6netimi taraf\u0131ndan faaliyeti durdurulan deniz otob\u00fcsleri, 2014 se\u00e7imleri sonras\u0131nda Menderes T\u00fcrel&#8217;in se\u00e7imi yeniden kazanmas\u0131 ve b\u00fcy\u00fck\u015fehir belediye ba\u015fkan\u0131 olmas\u0131 ile yeniden faaliyete ge\u00e7ti. Yakla\u015f\u0131k 3 y\u0131l faaliyet g\u00f6steren deniz otob\u00fcsleri, 2019&#8217;da Muhittin B\u00f6cek&#8217;in B\u00fcy\u00fck\u015fehir Belediye Ba\u015fkan\u0131 olmas\u0131 sonras\u0131nda yeniden limanda k\u0131za\u011fa \u00e7ekildi. SATI\u015eA KONULDU AMA SATILAMADI 42 yolcu kapasitesine sahip, her biri 16 metre boyunda, 4 metre geni\u015fli\u011finde ve 25,79 groston a\u011f\u0131rl\u0131\u011f\u0131ndaki deniz otob\u00fcslerinden Aspendos, ge\u00e7en s\u00fcre\u00e7te di\u011fer 2 deniz otob\u00fcs\u00fcn\u00fcn yedek par\u00e7a tedariki i\u00e7in kullan\u0131ld\u0131. &hellip;","og_url":"https:\/\/denizcankizil.tr\/ru\/haberler\/gundem\/antalya-buyuksehir-belediyesinin-curumeye-terk-edilen-deniz-otobusleri-icin-yeni-plan\/","og_site_name":"Av. Deniz Can K\u0131z\u0131l","article_published_time":"2025-04-27T09:41:20+00:00","author":"Antalya K\u00f6rfez","twitter_card":"summary_large_image","twitter_misc":{"\u041d\u0430\u043f\u0438\u0441\u0430\u043d\u043e \u0430\u0432\u0442\u043e\u0440\u043e\u043c":"Antalya K\u00f6rfez","\u041f\u0440\u0438\u043c\u0435\u0440\u043d\u043e\u0435 \u0432\u0440\u0435\u043c\u044f \u0434\u043b\u044f \u0447\u0442\u0435\u043d\u0438\u044f":"3 \u043c\u0438\u043d\u0443\u0442\u044b"},"schema":{"@context":"https:\/\/schema.org","@graph":[{"@type":"Article","@id":"https:\/\/denizcankizil.tr\/ru\/haberler\/gundem\/antalya-buyuksehir-belediyesinin-curumeye-terk-edilen-deniz-otobusleri-icin-yeni-plan\/#article","isPartOf":{"@id":"https:\/\/denizcankizil.tr\/ru\/haberler\/gundem\/antalya-buyuksehir-belediyesinin-curumeye-terk-edilen-deniz-otobusleri-icin-yeni-plan\/"},"author":{"name":"Antalya K\u00f6rfez","@id":"https:\/\/denizcankizil.tr\/#\/schema\/person\/e1eb71bb4dd684d46563f0af307e1234"},"headline":"Antalya B\u00fcy\u00fck\u015fehir Belediyesi\u2019nin \u00e7\u00fcr\u00fcmeye terk edilen deniz otob\u00fcsleri i\u00e7in yeni plan","datePublished":"2025-04-27T09:41:20+00:00","mainEntityOfPage":{"@id":"https:\/\/denizcankizil.tr\/ru\/haberler\/gundem\/antalya-buyuksehir-belediyesinin-curumeye-terk-edilen-deniz-otobusleri-icin-yeni-plan\/"},"wordCount":664,"publisher":{"@id":"https:\/\/denizcankizil.tr\/#organization"},"articleSection":["G\u00fcndem"],"inLanguage":"ru-RU"},{"@type":"WebPage","@id":"https:\/\/denizcankizil.tr\/ru\/haberler\/gundem\/antalya-buyuksehir-belediyesinin-curumeye-terk-edilen-deniz-otobusleri-icin-yeni-plan\/","url":"https:\/\/denizcankizil.tr\/ru\/haberler\/gundem\/antalya-buyuksehir-belediyesinin-curumeye-terk-edilen-deniz-otobusleri-icin-yeni-plan\/","name":"Antalya B\u00fcy\u00fck\u015fehir Belediyesi\u2019nin \u00e7\u00fcr\u00fcmeye terk edilen deniz otob\u00fcsleri i\u00e7in yeni plan - Av. Deniz Can K\u0131z\u0131l","isPartOf":{"@id":"https:\/\/denizcankizil.tr\/#website"},"datePublished":"2025-04-27T09:41:20+00:00","breadcrumb":{"@id":"https:\/\/denizcankizil.tr\/ru\/haberler\/gundem\/antalya-buyuksehir-belediyesinin-curumeye-terk-edilen-deniz-otobusleri-icin-yeni-plan\/#breadcrumb"},"inLanguage":"ru-RU","potentialAction":[{"@type":"ReadAction","target":["https:\/\/denizcankizil.tr\/ru\/haberler\/gundem\/antalya-buyuksehir-belediyesinin-curumeye-terk-edilen-deniz-otobusleri-icin-yeni-plan\/"]}]},{"@type":"BreadcrumbList","@id":"https:\/\/denizcankizil.tr\/ru\/haberler\/gundem\/antalya-buyuksehir-belediyesinin-curumeye-terk-edilen-deniz-otobusleri-icin-yeni-plan\/#breadcrumb","itemListElement":[{"@type":"ListItem","position":1,"name":"Home","item":"https:\/\/denizcankizil.tr\/uk\/"},{"@type":"ListItem","position":2,"name":"Antalya B\u00fcy\u00fck\u015fehir Belediyesi\u2019nin \u00e7\u00fcr\u00fcmeye terk edilen deniz otob\u00fcsleri i\u00e7in yeni plan"}]},{"@type":"WebSite","@id":"https:\/\/denizcankizil.tr\/#website","url":"https:\/\/denizcankizil.tr\/","name":"Av. Deniz Can K\u0131z\u0131l","description":"Avukat Deniz Can K\u0131z\u0131l Antalya Barosu","publisher":{"@id":"https:\/\/denizcankizil.tr\/#organization"},"potentialAction":[{"@type":"SearchAction","target":{"@type":"EntryPoint","urlTemplate":"https:\/\/denizcankizil.tr\/?s={search_term_string}"},"query-input":{"@type":"PropertyValueSpecification","valueRequired":true,"valueName":"search_term_string"}}],"inLanguage":"ru-RU"},{"@type":"Organization","@id":"https:\/\/denizcankizil.tr\/#organization","name":"Av. Deniz Can K\u0131z\u0131l","url":"https:\/\/denizcankizil.tr\/","logo":{"@type":"ImageObject","inLanguage":"ru-RU","@id":"https:\/\/denizcankizil.tr\/#\/schema\/logo\/image\/","url":"https:\/\/denizcankizil.tr\/wp-content\/uploads\/2024\/10\/siyah-logo-svg.svg","contentUrl":"https:\/\/denizcankizil.tr\/wp-content\/uploads\/2024\/10\/siyah-logo-svg.svg","width":1080,"height":1080,"caption":"Av. Deniz Can K\u0131z\u0131l"},"image":{"@id":"https:\/\/denizcankizil.tr\/#\/schema\/logo\/image\/"}},{"@type":"Person","@id":"https:\/\/denizcankizil.tr\/#\/schema\/person\/e1eb71bb4dd684d46563f0af307e1234","name":"Antalya K\u00f6rfez","image":{"@type":"ImageObject","inLanguage":"ru-RU","@id":"https:\/\/denizcankizil.tr\/#\/schema\/person\/image\/","url":"https:\/\/secure.gravatar.com\/avatar\/42b01982558a48a0b501fdcab6a408d3717ea5919095ee2e67b0e521799c5905?s=96&d=mm&r=g","contentUrl":"https:\/\/secure.gravatar.com\/avatar\/42b01982558a48a0b501fdcab6a408d3717ea5919095ee2e67b0e521799c5905?s=96&d=mm&r=g","caption":"Antalya K\u00f6rfez"},"sameAs":["http:\/\/www.antalyakorfez.com"],"url":"https:\/\/www.antalyakorfez.com\/antalya-buyuksehir-belediyesinin-curumeye-terk-edilen-deniz-otobusleri-icin-yeni-plan"}]}},"_links":{"self":[{"href":"https:\/\/denizcankizil.tr\/ru\/wp-json\/wp\/v2\/posts\/68075","targetHints":{"allow":["GET"]}}],"collection":[{"href":"https:\/\/denizcankizil.tr\/ru\/wp-json\/wp\/v2\/posts"}],"about":[{"href":"https:\/\/denizcankizil.tr\/ru\/wp-json\/wp\/v2\/types\/post"}],"author":[{"embeddable":true,"href":"https:\/\/denizcankizil.tr\/ru\/wp-json\/wp\/v2\/users\/5"}],"replies":[{"embeddable":true,"href":"https:\/\/denizcankizil.tr\/ru\/wp-json\/wp\/v2\/comments?post=68075"}],"version-history":[{"count":0,"href":"https:\/\/denizcankizil.tr\/ru\/wp-json\/wp\/v2\/posts\/68075\/revisions"}],"wp:attachment":[{"href":"https:\/\/denizcankizil.tr\/ru\/wp-json\/wp\/v2\/media?parent=68075"}],"wp:term":[{"taxonomy":"category","embeddable":true,"href":"https:\/\/denizcankizil.tr\/ru\/wp-json\/wp\/v2\/categories?post=68075"},{"taxonomy":"post_tag","embeddable":true,"href":"https:\/\/denizcankizil.tr\/ru\/wp-json\/wp\/v2\/tags?post=68075"}],"curies":[{"name":"wp","href":"https:\/\/api.w.org\/{rel}","templated":true}]}}