{"id":67027,"date":"2025-04-26T11:42:15","date_gmt":"2025-04-26T08:42:15","guid":{"rendered":"https:\/\/denizcankizil.tr\/uncategorized-tr\/dualarla-ugurlandilar\/"},"modified":"2025-04-26T11:42:15","modified_gmt":"2025-04-26T08:42:15","slug":"dualarla-ugurlandilar","status":"publish","type":"post","link":"https:\/\/denizcankizil.tr\/ru\/haberler\/gundem\/dualarla-ugurlandilar\/","title":{"rendered":"Dualarla U\u011furland\u0131lar"},"content":{"rendered":"<p>Osmaniye Emniyet M\u00fcd\u00fcrl\u00fc\u011f\u00fc \u00d6zel Harekat \u015eube M\u00fcd\u00fcrl\u00fc\u011f\u00fc&#8217;nde ger\u00e7ekle\u015ftirilen t\u00f6rene; Osmaniye Valisi Erdin\u00e7 Y\u0131lmaz, \u0130l Jandarma Komutan\u0131 Jandarma K\u0131demli Albay \u015eener Kaytez, \u0130l Emniyet M\u00fcd\u00fcr\u00fc Mehmet Sar\u0131buva, emniyet m\u00fcd\u00fcr yard\u0131mc\u0131lar\u0131, \u015fube m\u00fcd\u00fcrleri, polisler ve g\u00f6rev yapacak personelin aileleri kat\u0131ld\u0131.<\/p>\n<p>\u00a0T\u00f6rende konu\u015fan Vali Y\u0131lmaz, polislerin kutsal bir g\u00f6reve \u00e7\u0131kt\u0131klar\u0131n\u0131 vurgulayarak, \u201c Allah yolunuzu a\u00e7\u0131k etsin. Allah aya\u011f\u0131n\u0131za ta\u015f de\u011fdirmesin. Siz bizim gururumuzsunuz. Vatan sizden hizmet bekler, her zaman da en g\u00fczelini yapars\u0131n\u0131z. Sizlerle gurur duyuyoruz. Dualar\u0131m\u0131z sizlerle. G\u00fcle g\u00fcle gidin, kazas\u0131z belas\u0131z geri d\u00f6n\u00fcn, Cenab-\u0131 Allah\u2019tan duam\u0131z, niyaz\u0131m\u0131z budur. Sizleri \u00e7ok seviyoruz, l\u00fctfen kendinize dikkat edin.\u201d dedi.<\/p>\n<p>\u00a0Dualar\u0131n ard\u0131ndan \u00d6zel Harekat polisleri, mesai arkada\u015flar\u0131 ve aileleriyle vedala\u015farak Suriye&#8217;ye gitmek \u00fczere yola \u00e7\u0131kt\u0131.<\/p>\n<p>\u200bSuriye&#8217;de g\u00f6rev yapacak olan \u00d6zel Harekat polisleri, d\u00fczenlenen t\u00f6renle dualar e\u015fli\u011finde u\u011furland\u0131.\u00a0<\/p>\n<p>\u200bHaberin Al\u0131nt\u0131land\u0131\u011f\u0131 Kaynak: www.iskenderun.org<\/p>","protected":false},"excerpt":{"rendered":"<p>Osmaniye Emniyet M\u00fcd\u00fcrl\u00fc\u011f\u00fc \u00d6zel Harekat \u015eube M\u00fcd\u00fcrl\u00fc\u011f\u00fc&#8217;nde ger\u00e7ekle\u015ftirilen t\u00f6rene; Osmaniye Valisi Erdin\u00e7 Y\u0131lmaz, \u0130l Jandarma Komutan\u0131 Jandarma K\u0131demli Albay \u015eener Kaytez, \u0130l Emniyet M\u00fcd\u00fcr\u00fc Mehmet Sar\u0131buva, emniyet m\u00fcd\u00fcr yard\u0131mc\u0131lar\u0131, \u015fube m\u00fcd\u00fcrleri, polisler ve g\u00f6rev yapacak personelin aileleri kat\u0131ld\u0131. \u00a0T\u00f6rende konu\u015fan Vali Y\u0131lmaz, polislerin kutsal bir g\u00f6reve \u00e7\u0131kt\u0131klar\u0131n\u0131 vurgulayarak, \u201c Allah yolunuzu a\u00e7\u0131k etsin. Allah aya\u011f\u0131n\u0131za ta\u015f de\u011fdirmesin. Siz bizim gururumuzsunuz. Vatan sizden hizmet bekler, her zaman da en g\u00fczelini yapars\u0131n\u0131z. Sizlerle gurur duyuyoruz. Dualar\u0131m\u0131z sizlerle. G\u00fcle g\u00fcle gidin, kazas\u0131z belas\u0131z geri d\u00f6n\u00fcn, Cenab-\u0131 Allah\u2019tan duam\u0131z, niyaz\u0131m\u0131z budur. Sizleri \u00e7ok seviyoruz, l\u00fctfen kendinize dikkat edin.\u201d dedi. \u00a0Dualar\u0131n ard\u0131ndan \u00d6zel Harekat polisleri, mesai arkada\u015flar\u0131 ve aileleriyle vedala\u015farak Suriye&#8217;ye gitmek \u00fczere yola \u00e7\u0131kt\u0131. \u200bSuriye&#8217;de g\u00f6rev yapacak olan \u00d6zel Harekat polisleri, d\u00fczenlenen t\u00f6renle dualar e\u015fli\u011finde u\u011furland\u0131.\u00a0 \u200bHaberin Al\u0131nt\u0131land\u0131\u011f\u0131 Kaynak: www.iskenderun.org<\/p>","protected":false},"author":1,"featured_media":0,"comment_status":"","ping_status":"open","sticky":false,"template":"","format":"standard","meta":{"_acf_changed":false,"footnotes":""},"categories":[24],"tags":[],"class_list":["post-67027","post","type-post","status-publish","format-standard","has-post-thumbnail","hentry","category-gundem"],"acf":[],"yoast_head":"<!-- This site is optimized with the Yoast SEO Premium plugin v26.6 (Yoast SEO v27.1.1) - https:\/\/yoast.com\/product\/yoast-seo-premium-wordpress\/ -->\n<title>Dualarla U\u011furland\u0131lar - Av. Deniz Can K\u0131z\u0131l<\/title>\n<meta name=\"robots\" content=\"index, follow, max-snippet:-1, max-image-preview:large, max-video-preview:-1\" \/>\n<link rel=\"canonical\" href=\"https:\/\/denizcankizil.tr\/ru\/haberler\/gundem\/dualarla-ugurlandilar\/\" \/>\n<meta property=\"og:locale\" content=\"ru_RU\" \/>\n<meta property=\"og:type\" content=\"article\" \/>\n<meta property=\"og:title\" content=\"Dualarla U\u011furland\u0131lar\" \/>\n<meta property=\"og:description\" content=\"Osmaniye Emniyet M\u00fcd\u00fcrl\u00fc\u011f\u00fc \u00d6zel Harekat \u015eube M\u00fcd\u00fcrl\u00fc\u011f\u00fc&#8217;nde ger\u00e7ekle\u015ftirilen t\u00f6rene; Osmaniye Valisi Erdin\u00e7 Y\u0131lmaz, \u0130l Jandarma Komutan\u0131 Jandarma K\u0131demli Albay \u015eener Kaytez, \u0130l Emniyet M\u00fcd\u00fcr\u00fc Mehmet Sar\u0131buva, emniyet m\u00fcd\u00fcr yard\u0131mc\u0131lar\u0131, \u015fube m\u00fcd\u00fcrleri, polisler ve g\u00f6rev yapacak personelin aileleri kat\u0131ld\u0131. \u00a0T\u00f6rende konu\u015fan Vali Y\u0131lmaz, polislerin kutsal bir g\u00f6reve \u00e7\u0131kt\u0131klar\u0131n\u0131 vurgulayarak, \u201c Allah yolunuzu a\u00e7\u0131k etsin. Allah aya\u011f\u0131n\u0131za ta\u015f de\u011fdirmesin. Siz bizim gururumuzsunuz. Vatan sizden hizmet bekler, her zaman da en g\u00fczelini yapars\u0131n\u0131z. Sizlerle gurur duyuyoruz. Dualar\u0131m\u0131z sizlerle. G\u00fcle g\u00fcle gidin, kazas\u0131z belas\u0131z geri d\u00f6n\u00fcn, Cenab-\u0131 Allah\u2019tan duam\u0131z, niyaz\u0131m\u0131z budur. Sizleri \u00e7ok seviyoruz, l\u00fctfen kendinize dikkat edin.\u201d dedi. \u00a0Dualar\u0131n ard\u0131ndan \u00d6zel Harekat polisleri, mesai arkada\u015flar\u0131 ve aileleriyle vedala\u015farak Suriye&#8217;ye gitmek \u00fczere yola \u00e7\u0131kt\u0131. \u200bSuriye&#8217;de g\u00f6rev yapacak olan \u00d6zel Harekat polisleri, d\u00fczenlenen t\u00f6renle dualar e\u015fli\u011finde u\u011furland\u0131.\u00a0 \u200bHaberin Al\u0131nt\u0131land\u0131\u011f\u0131 Kaynak: www.iskenderun.org\" \/>\n<meta property=\"og:url\" content=\"https:\/\/denizcankizil.tr\/ru\/haberler\/gundem\/dualarla-ugurlandilar\/\" \/>\n<meta property=\"og:site_name\" content=\"Av. Deniz Can K\u0131z\u0131l\" \/>\n<meta property=\"article:published_time\" content=\"2025-04-26T08:42:15+00:00\" \/>\n<meta name=\"author\" content=\"admin\" \/>\n<meta name=\"twitter:card\" content=\"summary_large_image\" \/>\n<meta name=\"twitter:label1\" content=\"\u041d\u0430\u043f\u0438\u0441\u0430\u043d\u043e \u0430\u0432\u0442\u043e\u0440\u043e\u043c\" \/>\n\t<meta name=\"twitter:data1\" content=\"admin\" \/>\n\t<meta name=\"twitter:label2\" content=\"\u041f\u0440\u0438\u043c\u0435\u0440\u043d\u043e\u0435 \u0432\u0440\u0435\u043c\u044f \u0434\u043b\u044f \u0447\u0442\u0435\u043d\u0438\u044f\" \/>\n\t<meta name=\"twitter:data2\" content=\"1 \u043c\u0438\u043d\u0443\u0442\u0430\" \/>\n<script type=\"application\/ld+json\" class=\"yoast-schema-graph\">{\"@context\":\"https:\/\/schema.org\",\"@graph\":[{\"@type\":\"Article\",\"@id\":\"https:\/\/denizcankizil.tr\/ru\/haberler\/gundem\/dualarla-ugurlandilar\/#article\",\"isPartOf\":{\"@id\":\"https:\/\/denizcankizil.tr\/ru\/haberler\/gundem\/dualarla-ugurlandilar\/\"},\"author\":{\"name\":\"admin\",\"@id\":\"https:\/\/denizcankizil.tr\/#\/schema\/person\/be3c05fe6a12686905512445d8185489\"},\"headline\":\"Dualarla U\u011furland\u0131lar\",\"datePublished\":\"2025-04-26T08:42:15+00:00\",\"mainEntityOfPage\":{\"@id\":\"https:\/\/denizcankizil.tr\/ru\/haberler\/gundem\/dualarla-ugurlandilar\/\"},\"wordCount\":192,\"publisher\":{\"@id\":\"https:\/\/denizcankizil.tr\/#organization\"},\"articleSection\":[\"G\u00fcndem\"],\"inLanguage\":\"ru-RU\"},{\"@type\":\"WebPage\",\"@id\":\"https:\/\/denizcankizil.tr\/ru\/haberler\/gundem\/dualarla-ugurlandilar\/\",\"url\":\"https:\/\/denizcankizil.tr\/ru\/haberler\/gundem\/dualarla-ugurlandilar\/\",\"name\":\"Dualarla U\u011furland\u0131lar - Av. Deniz Can K\u0131z\u0131l\",\"isPartOf\":{\"@id\":\"https:\/\/denizcankizil.tr\/#website\"},\"datePublished\":\"2025-04-26T08:42:15+00:00\",\"breadcrumb\":{\"@id\":\"https:\/\/denizcankizil.tr\/ru\/haberler\/gundem\/dualarla-ugurlandilar\/#breadcrumb\"},\"inLanguage\":\"ru-RU\",\"potentialAction\":[{\"@type\":\"ReadAction\",\"target\":[\"https:\/\/denizcankizil.tr\/ru\/haberler\/gundem\/dualarla-ugurlandilar\/\"]}]},{\"@type\":\"BreadcrumbList\",\"@id\":\"https:\/\/denizcankizil.tr\/ru\/haberler\/gundem\/dualarla-ugurlandilar\/#breadcrumb\",\"itemListElement\":[{\"@type\":\"ListItem\",\"position\":1,\"name\":\"Home\",\"item\":\"https:\/\/denizcankizil.tr\/de\/\"},{\"@type\":\"ListItem\",\"position\":2,\"name\":\"Dualarla U\u011furland\u0131lar\"}]},{\"@type\":\"WebSite\",\"@id\":\"https:\/\/denizcankizil.tr\/#website\",\"url\":\"https:\/\/denizcankizil.tr\/\",\"name\":\"Av. Deniz Can K\u0131z\u0131l\",\"description\":\"Avukat Deniz Can K\u0131z\u0131l Antalya Barosu\",\"publisher\":{\"@id\":\"https:\/\/denizcankizil.tr\/#organization\"},\"potentialAction\":[{\"@type\":\"SearchAction\",\"target\":{\"@type\":\"EntryPoint\",\"urlTemplate\":\"https:\/\/denizcankizil.tr\/?s={search_term_string}\"},\"query-input\":{\"@type\":\"PropertyValueSpecification\",\"valueRequired\":true,\"valueName\":\"search_term_string\"}}],\"inLanguage\":\"ru-RU\"},{\"@type\":\"Organization\",\"@id\":\"https:\/\/denizcankizil.tr\/#organization\",\"name\":\"Av. Deniz Can K\u0131z\u0131l\",\"url\":\"https:\/\/denizcankizil.tr\/\",\"logo\":{\"@type\":\"ImageObject\",\"inLanguage\":\"ru-RU\",\"@id\":\"https:\/\/denizcankizil.tr\/#\/schema\/logo\/image\/\",\"url\":\"https:\/\/denizcankizil.tr\/wp-content\/uploads\/2024\/10\/siyah-logo-svg.svg\",\"contentUrl\":\"https:\/\/denizcankizil.tr\/wp-content\/uploads\/2024\/10\/siyah-logo-svg.svg\",\"width\":1080,\"height\":1080,\"caption\":\"Av. Deniz Can K\u0131z\u0131l\"},\"image\":{\"@id\":\"https:\/\/denizcankizil.tr\/#\/schema\/logo\/image\/\"}},{\"@type\":\"Person\",\"@id\":\"https:\/\/denizcankizil.tr\/#\/schema\/person\/be3c05fe6a12686905512445d8185489\",\"name\":\"admin\",\"image\":{\"@type\":\"ImageObject\",\"inLanguage\":\"ru-RU\",\"@id\":\"https:\/\/denizcankizil.tr\/#\/schema\/person\/image\/\",\"url\":\"https:\/\/secure.gravatar.com\/avatar\/c1fce94c830dc79107e174f890d7210541c4a63e8e5d816341794a2151c9d58c?s=96&d=mm&r=g\",\"contentUrl\":\"https:\/\/secure.gravatar.com\/avatar\/c1fce94c830dc79107e174f890d7210541c4a63e8e5d816341794a2151c9d58c?s=96&d=mm&r=g\",\"caption\":\"admin\"},\"sameAs\":[\"http:\/\/denizcankizil.tr\"],\"url\":\"https:\/\/www.iskenderun.org\/dualarla-ugurlandilar\"}]}<\/script>\n<!-- \/ Yoast SEO Premium plugin. -->","yoast_head_json":{"title":"Dualarla U\u011furland\u0131lar - Av. Deniz Can K\u0131z\u0131l","robots":{"index":"index","follow":"follow","max-snippet":"max-snippet:-1","max-image-preview":"max-image-preview:large","max-video-preview":"max-video-preview:-1"},"canonical":"https:\/\/denizcankizil.tr\/ru\/haberler\/gundem\/dualarla-ugurlandilar\/","og_locale":"ru_RU","og_type":"article","og_title":"Dualarla U\u011furland\u0131lar","og_description":"Osmaniye Emniyet M\u00fcd\u00fcrl\u00fc\u011f\u00fc \u00d6zel Harekat \u015eube M\u00fcd\u00fcrl\u00fc\u011f\u00fc&#8217;nde ger\u00e7ekle\u015ftirilen t\u00f6rene; Osmaniye Valisi Erdin\u00e7 Y\u0131lmaz, \u0130l Jandarma Komutan\u0131 Jandarma K\u0131demli Albay \u015eener Kaytez, \u0130l Emniyet M\u00fcd\u00fcr\u00fc Mehmet Sar\u0131buva, emniyet m\u00fcd\u00fcr yard\u0131mc\u0131lar\u0131, \u015fube m\u00fcd\u00fcrleri, polisler ve g\u00f6rev yapacak personelin aileleri kat\u0131ld\u0131. \u00a0T\u00f6rende konu\u015fan Vali Y\u0131lmaz, polislerin kutsal bir g\u00f6reve \u00e7\u0131kt\u0131klar\u0131n\u0131 vurgulayarak, \u201c Allah yolunuzu a\u00e7\u0131k etsin. Allah aya\u011f\u0131n\u0131za ta\u015f de\u011fdirmesin. Siz bizim gururumuzsunuz. Vatan sizden hizmet bekler, her zaman da en g\u00fczelini yapars\u0131n\u0131z. Sizlerle gurur duyuyoruz. Dualar\u0131m\u0131z sizlerle. G\u00fcle g\u00fcle gidin, kazas\u0131z belas\u0131z geri d\u00f6n\u00fcn, Cenab-\u0131 Allah\u2019tan duam\u0131z, niyaz\u0131m\u0131z budur. Sizleri \u00e7ok seviyoruz, l\u00fctfen kendinize dikkat edin.\u201d dedi. \u00a0Dualar\u0131n ard\u0131ndan \u00d6zel Harekat polisleri, mesai arkada\u015flar\u0131 ve aileleriyle vedala\u015farak Suriye&#8217;ye gitmek \u00fczere yola \u00e7\u0131kt\u0131. \u200bSuriye&#8217;de g\u00f6rev yapacak olan \u00d6zel Harekat polisleri, d\u00fczenlenen t\u00f6renle dualar e\u015fli\u011finde u\u011furland\u0131.\u00a0 \u200bHaberin Al\u0131nt\u0131land\u0131\u011f\u0131 Kaynak: www.iskenderun.org","og_url":"https:\/\/denizcankizil.tr\/ru\/haberler\/gundem\/dualarla-ugurlandilar\/","og_site_name":"Av. Deniz Can K\u0131z\u0131l","article_published_time":"2025-04-26T08:42:15+00:00","author":"admin","twitter_card":"summary_large_image","twitter_misc":{"\u041d\u0430\u043f\u0438\u0441\u0430\u043d\u043e \u0430\u0432\u0442\u043e\u0440\u043e\u043c":"admin","\u041f\u0440\u0438\u043c\u0435\u0440\u043d\u043e\u0435 \u0432\u0440\u0435\u043c\u044f \u0434\u043b\u044f \u0447\u0442\u0435\u043d\u0438\u044f":"1 \u043c\u0438\u043d\u0443\u0442\u0430"},"schema":{"@context":"https:\/\/schema.org","@graph":[{"@type":"Article","@id":"https:\/\/denizcankizil.tr\/ru\/haberler\/gundem\/dualarla-ugurlandilar\/#article","isPartOf":{"@id":"https:\/\/denizcankizil.tr\/ru\/haberler\/gundem\/dualarla-ugurlandilar\/"},"author":{"name":"admin","@id":"https:\/\/denizcankizil.tr\/#\/schema\/person\/be3c05fe6a12686905512445d8185489"},"headline":"Dualarla U\u011furland\u0131lar","datePublished":"2025-04-26T08:42:15+00:00","mainEntityOfPage":{"@id":"https:\/\/denizcankizil.tr\/ru\/haberler\/gundem\/dualarla-ugurlandilar\/"},"wordCount":192,"publisher":{"@id":"https:\/\/denizcankizil.tr\/#organization"},"articleSection":["G\u00fcndem"],"inLanguage":"ru-RU"},{"@type":"WebPage","@id":"https:\/\/denizcankizil.tr\/ru\/haberler\/gundem\/dualarla-ugurlandilar\/","url":"https:\/\/denizcankizil.tr\/ru\/haberler\/gundem\/dualarla-ugurlandilar\/","name":"Dualarla U\u011furland\u0131lar - Av. Deniz Can K\u0131z\u0131l","isPartOf":{"@id":"https:\/\/denizcankizil.tr\/#website"},"datePublished":"2025-04-26T08:42:15+00:00","breadcrumb":{"@id":"https:\/\/denizcankizil.tr\/ru\/haberler\/gundem\/dualarla-ugurlandilar\/#breadcrumb"},"inLanguage":"ru-RU","potentialAction":[{"@type":"ReadAction","target":["https:\/\/denizcankizil.tr\/ru\/haberler\/gundem\/dualarla-ugurlandilar\/"]}]},{"@type":"BreadcrumbList","@id":"https:\/\/denizcankizil.tr\/ru\/haberler\/gundem\/dualarla-ugurlandilar\/#breadcrumb","itemListElement":[{"@type":"ListItem","position":1,"name":"Home","item":"https:\/\/denizcankizil.tr\/de\/"},{"@type":"ListItem","position":2,"name":"Dualarla U\u011furland\u0131lar"}]},{"@type":"WebSite","@id":"https:\/\/denizcankizil.tr\/#website","url":"https:\/\/denizcankizil.tr\/","name":"Av. Deniz Can K\u0131z\u0131l","description":"Avukat Deniz Can K\u0131z\u0131l Antalya Barosu","publisher":{"@id":"https:\/\/denizcankizil.tr\/#organization"},"potentialAction":[{"@type":"SearchAction","target":{"@type":"EntryPoint","urlTemplate":"https:\/\/denizcankizil.tr\/?s={search_term_string}"},"query-input":{"@type":"PropertyValueSpecification","valueRequired":true,"valueName":"search_term_string"}}],"inLanguage":"ru-RU"},{"@type":"Organization","@id":"https:\/\/denizcankizil.tr\/#organization","name":"Av. Deniz Can K\u0131z\u0131l","url":"https:\/\/denizcankizil.tr\/","logo":{"@type":"ImageObject","inLanguage":"ru-RU","@id":"https:\/\/denizcankizil.tr\/#\/schema\/logo\/image\/","url":"https:\/\/denizcankizil.tr\/wp-content\/uploads\/2024\/10\/siyah-logo-svg.svg","contentUrl":"https:\/\/denizcankizil.tr\/wp-content\/uploads\/2024\/10\/siyah-logo-svg.svg","width":1080,"height":1080,"caption":"Av. Deniz Can K\u0131z\u0131l"},"image":{"@id":"https:\/\/denizcankizil.tr\/#\/schema\/logo\/image\/"}},{"@type":"Person","@id":"https:\/\/denizcankizil.tr\/#\/schema\/person\/be3c05fe6a12686905512445d8185489","name":"\u0430\u0434\u043c\u0438\u043d","image":{"@type":"ImageObject","inLanguage":"ru-RU","@id":"https:\/\/denizcankizil.tr\/#\/schema\/person\/image\/","url":"https:\/\/secure.gravatar.com\/avatar\/c1fce94c830dc79107e174f890d7210541c4a63e8e5d816341794a2151c9d58c?s=96&d=mm&r=g","contentUrl":"https:\/\/secure.gravatar.com\/avatar\/c1fce94c830dc79107e174f890d7210541c4a63e8e5d816341794a2151c9d58c?s=96&d=mm&r=g","caption":"admin"},"sameAs":["http:\/\/denizcankizil.tr"],"url":"https:\/\/www.iskenderun.org\/dualarla-ugurlandilar"}]}},"_links":{"self":[{"href":"https:\/\/denizcankizil.tr\/ru\/wp-json\/wp\/v2\/posts\/67027","targetHints":{"allow":["GET"]}}],"collection":[{"href":"https:\/\/denizcankizil.tr\/ru\/wp-json\/wp\/v2\/posts"}],"about":[{"href":"https:\/\/denizcankizil.tr\/ru\/wp-json\/wp\/v2\/types\/post"}],"author":[{"embeddable":true,"href":"https:\/\/denizcankizil.tr\/ru\/wp-json\/wp\/v2\/users\/1"}],"replies":[{"embeddable":true,"href":"https:\/\/denizcankizil.tr\/ru\/wp-json\/wp\/v2\/comments?post=67027"}],"version-history":[{"count":0,"href":"https:\/\/denizcankizil.tr\/ru\/wp-json\/wp\/v2\/posts\/67027\/revisions"}],"wp:attachment":[{"href":"https:\/\/denizcankizil.tr\/ru\/wp-json\/wp\/v2\/media?parent=67027"}],"wp:term":[{"taxonomy":"category","embeddable":true,"href":"https:\/\/denizcankizil.tr\/ru\/wp-json\/wp\/v2\/categories?post=67027"},{"taxonomy":"post_tag","embeddable":true,"href":"https:\/\/denizcankizil.tr\/ru\/wp-json\/wp\/v2\/tags?post=67027"}],"curies":[{"name":"wp","href":"https:\/\/api.w.org\/{rel}","templated":true}]}}