{"id":66045,"date":"2025-04-25T14:41:39","date_gmt":"2025-04-25T11:41:39","guid":{"rendered":"https:\/\/denizcankizil.tr\/uncategorized-tr\/antgiadin-konugu-is-insani-selim-kosif\/"},"modified":"2025-04-25T14:41:39","modified_gmt":"2025-04-25T11:41:39","slug":"antgiadin-konugu-is-insani-selim-kosif","status":"publish","type":"post","link":"https:\/\/denizcankizil.tr\/ru\/haberler\/antalya\/antgiadin-konugu-is-insani-selim-kosif\/","title":{"rendered":"ANTG\u0130AD&#8217;\u0131n konu\u011fu i\u015f insan\u0131 Selim Kosif"},"content":{"rendered":"<p>Toplant\u0131n\u0131n a\u00e7\u0131l\u0131\u015f konu\u015fmas\u0131nda ANTG\u0130AD Ba\u015fkan\u0131 Ercan Yava\u015f, k\u00fcresel geli\u015fmelerin i\u015f d\u00fcnyas\u0131na etkilerini ve T\u00fcrkiye&#8217;nin stratejik konumunu de\u011ferlendirerek dikkat \u00e7ekici mesajlar verdi. &#8220;Trump sonras\u0131 k\u00fcresel ticarette artan belirsizlik ortam\u0131nda, t\u00fcm i\u015fletmeler \u00e7evik ve diren\u00e7li yap\u0131lara d\u00f6n\u00fc\u015fmek zorunda&#8221; diyen Yava\u015f, Trump cephesinden gelen ani kararlar\u0131n d\u00fcnya ekonomisinde b\u00fcy\u00fck dalgalanmalara yol a\u00e7t\u0131\u011f\u0131n\u0131 hat\u0131rlatarak \u015funlar\u0131 s\u00f6yledi:<br \/>\n&#8220;Trump&#8217;\u0131n anl\u0131k kararlar\u0131n\u0131n k\u00fcresel ekonomide \u00e7ok b\u00fcy\u00fck \u015foklar olu\u015fturdu\u011fu ger\u00e7e\u011finden hareketle, \u00e7ok h\u0131zl\u0131 stratejik kararlar alabilen \u00e7evik i\u015fletmelere d\u00f6n\u00fc\u015fmek zorunday\u0131z.&#8221;<br \/>\n23 Nisan Ulusal Egemenlik ve \u00c7ocuk Bayram\u0131&#8217;na da \u00f6zel bir vurgu yapan Yava\u015f, &#8220;Cumhuriyet sadece bir y\u00f6netim bi\u00e7imi de\u011fil; e\u015fit f\u0131rsatlar sunan, giri\u015fimi destekleyen, liyakati \u00f6nceleyen bir ekonomik sistemdir. Liyakat olmazsa, devletin i\u015fleyi\u015fi bozulur. Devletin her kademesinde liyakat\u0131n esas al\u0131nmas\u0131, olmazsa olmaz\u0131m\u0131zd\u0131r&#8221; dedi.<br \/>\nYava\u015f, ekonomik b\u00fcy\u00fcmenin ancak g\u00fc\u00e7l\u00fc bir hukuk zemini ve \u00f6zg\u00fcrl\u00fck ortam\u0131nda m\u00fcmk\u00fcn olabilece\u011fini vurgulad\u0131 ve \u015fu a\u00e7\u0131klamalar\u0131 yapt\u0131:<br \/>\n&#8220;Yat\u0131r\u0131mlar\u0131n kal\u0131c\u0131l\u0131\u011f\u0131, hukuka duyulan g\u00fcvenle \u015fekillenir. Hukukun \u00fcst\u00fcnl\u00fc\u011f\u00fc, giri\u015fimcili\u011fin ve ekonomik kalk\u0131nman\u0131n temelidir. Adalet de devletin temelidir. Adil bir hukuk sistemi, yat\u0131r\u0131mc\u0131lar i\u00e7in en de\u011ferli \u00e7ekim merkezidir. Art\u0131k ezber c\u00fcmlelerle yol al\u0131nm\u0131yor. Biz yeni nesil i\u015f insanlar\u0131 olarak yenilikten, cesaretten ve hesaplanm\u0131\u015f risklerden besleniyoruz. Risk alabilmek \u00f6nemli ama yeterli de\u011fil. Bug\u00fcn\u00fcn d\u00fcnyas\u0131nda sadece cesaret de\u011fil; analiz, \u00f6ng\u00f6r\u00fc, sezgi ve veriye dayal\u0131 strateji gerekir. K\u00f6r cesaret de\u011fil, bilin\u00e7li ad\u0131m. Ba\u015far\u0131 \u00e7o\u011fu zaman konfor alan\u0131n\u0131n d\u0131\u015f\u0131na \u00e7\u0131kmakla m\u00fcmk\u00fcn olur. Ama o alandan \u00e7\u0131karken yere sa\u011flam basmak gerekir. Bir \u00fclke gen\u00e7lerini e\u011fitir, yeti\u015ftirir ve topluma kazand\u0131r\u0131r. O gen\u00e7 ald\u0131\u011f\u0131 \u0131\u015f\u0131\u011f\u0131 topluma yans\u0131t\u0131r. Bu d\u00f6ng\u00fc kalk\u0131nman\u0131n kald\u0131ra\u00e7 noktas\u0131d\u0131r. Ama bu kald\u0131ra\u00e7, nitelikli e\u011fitim ortamlar\u0131 yok edilirse k\u0131r\u0131l\u0131r. Nitelikli e\u011fitim ortam\u0131n\u0131n ana bile\u015fenleri \u00f6\u011fretmenler ve iyi i\u015fleyen bir e\u011fitim sistemidir.&#8221;<br \/>\n\u0130stanbul&#8217;da ya\u015fanan 6,2 b\u00fcy\u00fckl\u00fc\u011f\u00fcndeki depreme de konu\u015fmas\u0131nda geni\u015f yer ay\u0131ran Yava\u015f konu\u015fmas\u0131n\u0131 \u015f\u00f6yle s\u00fcrd\u00fcrd\u00fc:<br \/>\n&#8220;D\u00fcn \u0130stanbul&#8217;da meydana gelen 6,2 b\u00fcy\u00fckl\u00fc\u011f\u00fcndeki deprem hepimize bir kez daha g\u00f6sterdi ki, bu co\u011frafyada ya\u015faman\u0131n sorumlulu\u011fu, bilimi rehber edinmeyi zorunlu k\u0131l\u0131yor. Art\u0131k ge\u00e7ici \u00e7\u00f6z\u00fcmler, g\u00fcn\u00fc kurtaran politikalar de\u011fil; bilime dayal\u0131 kal\u0131c\u0131 ad\u0131mlar atmal\u0131y\u0131z. T\u00fcrkiye&#8217;nin birinci derece deprem ku\u015fa\u011f\u0131nda yer ald\u0131\u011f\u0131 ger\u00e7e\u011fiyle, her kurumun ve yerel y\u00f6netimin bir Deprem Eylem Plan\u0131 ve Afet Y\u00f6netim Stratejisi olmas\u0131 ka\u00e7\u0131n\u0131lmazd\u0131r. Ancak bu yetmez. Uzun y\u0131llard\u0131r s\u00fcregelen bir planlama hatas\u0131na dikkat \u00e7ekmek zorunday\u0131z: \u00dclkemizin t\u00fcm stratejik yat\u0131r\u0131mlar\u0131n\u0131n, sanayi ve lojistik \u00fcslerinin b\u00fcy\u00fck bir k\u0131sm\u0131 \u0130stanbul ve \u00e7evresine y\u0131\u011f\u0131lm\u0131\u015f durumda. Bu, hem insan hayat\u0131 hem de ekonomik s\u00fcrd\u00fcr\u00fclebilirlik a\u00e7\u0131s\u0131ndan b\u00fcy\u00fck bir risk olu\u015fturuyor. Stratejik \u00fcretim merkezlerini, altyap\u0131 yat\u0131r\u0131mlar\u0131n\u0131 ve lojistik tesisleri Anadolu&#8217;nun daha g\u00fcvenli, d\u00fc\u015f\u00fck riskli illerine ta\u015f\u0131maya hemen ba\u015flamal\u0131y\u0131z. Bu sadece afetlerden korunmak de\u011fil, ayn\u0131 zamanda T\u00fcrkiye&#8217;nin gelece\u011fini g\u00fcvence alt\u0131na almakt\u0131r. \u00d6te yandan, sadece yeni yat\u0131r\u0131mlar\u0131n y\u00f6n\u00fcn\u00fc de\u011fi\u015ftirmekle yetinmemeliyiz. Deprem riski ta\u015f\u0131yan illerimizdeki mevcut yap\u0131 stokunun, bilimsel analizlere ve risk haritalar\u0131na dayal\u0131 olarak h\u0131zla yenilenmesi art\u0131k bir tercih de\u011fil, zorunluluktur. Bu noktada kentsel d\u00f6n\u00fc\u015f\u00fcm, yaln\u0131zca bina yenileme s\u00fcreci olarak de\u011fil; altyap\u0131s\u0131yla, ula\u015f\u0131m\u0131yla, sosyal donat\u0131lar\u0131yla bir ya\u015fam planlamas\u0131 olarak ele al\u0131nmal\u0131d\u0131r. Ancak burada en \u00f6nemli konu, vatanda\u015f\u0131n bu d\u00f6n\u00fc\u015f\u00fcm s\u00fcrecinde yaln\u0131z b\u0131rak\u0131lmamas\u0131d\u0131r. Kentsel d\u00f6n\u00fc\u015f\u00fcm\u00fcn finansman modeli, kamunun g\u00fcc\u00fcn\u00fc, \u00f6zel sekt\u00f6r\u00fcn dinamizmini ve uluslararas\u0131 finansman imkanlar\u0131 bir araya getiren ama asla vatanda\u015f\u0131n omzuna yeni y\u00fckler bindirmeyen bir sistemle tasarlanmal\u0131d\u0131r. Aksi takdirde d\u00f6n\u00fc\u015f\u00fcm ya ba\u015flamaz ya da yar\u0131m kal\u0131r.&#8221;<\/p>\n<p>&#8220;F\u0131rsatlar\u0131 zaman\u0131nda de\u011ferlendirin&#8221;<br \/>\nVizyon, Disiplin ve Zamanlama Toplant\u0131s\u0131&#8217;n\u0131n onur konu\u011fu i\u015f insan\u0131 Selim Kosif, giri\u015fimcili\u011fin temel ta\u015flar\u0131n\u0131 \u015fu \u00fc\u00e7 ba\u015fl\u0131kla \u00f6zetleyip, &#8220;Vizyon sahibi olun. Disiplinden taviz vermeyin. F\u0131rsatlar\u0131 zaman\u0131nda de\u011ferlendirin&#8221; dedi. Kosif, yeni nesil i\u015f insanlar\u0131n\u0131n sadece sezgiyle de\u011fil, veriye ve do\u011fru analizlere dayal\u0131 kararlar vermesi gerekti\u011fini vurgulad\u0131.<\/p>\n<p>Otomotivin gelece\u011fi: Mobilite \u00e7a\u011f\u0131na ge\u00e7i\u015f<br \/>\nKlasik otomotiv anlay\u0131\u015f\u0131n\u0131n geride kald\u0131\u011f\u0131n\u0131, art\u0131k sadece ara\u00e7 \u00fcretmenin de\u011fil, mobilite \u00e7\u00f6z\u00fcmleri sunman\u0131n ve mobilite yaz\u0131l\u0131mlar\u0131 geli\u015ftirmenin \u00f6n planda oldu\u011funu ifade eden Kosif, &#8220;T\u00fcrkiye bu d\u00f6n\u00fc\u015f\u00fcmde izleyici de\u011fil, aktif oyuncu olmal\u0131. Sadece otomobil \u00fcretmek yetmez; batarya, yaz\u0131l\u0131m, altyap\u0131 gibi alanlarda da liderlik gerekir. Amerika&#8217;n\u0131n \u00c7in men\u015feli otomobillere uygulad\u0131\u011f\u0131 vergiler, T\u00fcrkiye&#8217;nin \u00fcretim merkezi olma yolunda bir f\u0131rsat olu\u015fturuyor. Bu d\u00f6nemi do\u011fru okuyarak, stratejik hamlelerle konum almal\u0131y\u0131z&#8221; a\u00e7\u0131klamas\u0131nda bulundu.<br \/>\nANTG\u0130AD geni\u015fletilmi\u015f \u00fcye toplant\u0131s\u0131, yeni \u00fcyelere plaket takdimi ve toplu foto\u011fraf \u00e7ekimi ile sona erdi.<\/p>\n<p>Kaynak: www.kanalv.com.tr Haber Sitesinden Al\u0131nm\u0131\u015ft\u0131r.<\/p>","protected":false},"excerpt":{"rendered":"<p>Toplant\u0131n\u0131n a\u00e7\u0131l\u0131\u015f konu\u015fmas\u0131nda ANTG\u0130AD Ba\u015fkan\u0131 Ercan Yava\u015f, k\u00fcresel geli\u015fmelerin i\u015f d\u00fcnyas\u0131na etkilerini ve T\u00fcrkiye&#8217;nin stratejik konumunu de\u011ferlendirerek dikkat \u00e7ekici mesajlar verdi. &#8220;Trump sonras\u0131 k\u00fcresel ticarette artan belirsizlik ortam\u0131nda, t\u00fcm i\u015fletmeler \u00e7evik ve diren\u00e7li yap\u0131lara d\u00f6n\u00fc\u015fmek zorunda&#8221; diyen Yava\u015f, Trump cephesinden gelen ani kararlar\u0131n d\u00fcnya ekonomisinde b\u00fcy\u00fck dalgalanmalara yol a\u00e7t\u0131\u011f\u0131n\u0131 hat\u0131rlatarak \u015funlar\u0131 s\u00f6yledi: &#8220;Trump&#8217;\u0131n anl\u0131k kararlar\u0131n\u0131n k\u00fcresel ekonomide \u00e7ok b\u00fcy\u00fck \u015foklar olu\u015fturdu\u011fu ger\u00e7e\u011finden hareketle, \u00e7ok h\u0131zl\u0131 stratejik kararlar alabilen \u00e7evik i\u015fletmelere d\u00f6n\u00fc\u015fmek zorunday\u0131z.&#8221; 23 Nisan Ulusal Egemenlik ve \u00c7ocuk Bayram\u0131&#8217;na da \u00f6zel bir vurgu yapan Yava\u015f, &#8220;Cumhuriyet sadece bir y\u00f6netim bi\u00e7imi de\u011fil; e\u015fit f\u0131rsatlar sunan, giri\u015fimi destekleyen, liyakati \u00f6nceleyen bir ekonomik sistemdir. Liyakat olmazsa, devletin i\u015fleyi\u015fi bozulur. Devletin her kademesinde liyakat\u0131n esas al\u0131nmas\u0131, olmazsa olmaz\u0131m\u0131zd\u0131r&#8221; dedi. Yava\u015f, ekonomik b\u00fcy\u00fcmenin ancak g\u00fc\u00e7l\u00fc bir hukuk zemini ve \u00f6zg\u00fcrl\u00fck ortam\u0131nda m\u00fcmk\u00fcn olabilece\u011fini vurgulad\u0131 ve \u015fu a\u00e7\u0131klamalar\u0131 yapt\u0131: &#8220;Yat\u0131r\u0131mlar\u0131n kal\u0131c\u0131l\u0131\u011f\u0131, hukuka duyulan g\u00fcvenle \u015fekillenir. Hukukun \u00fcst\u00fcnl\u00fc\u011f\u00fc, giri\u015fimcili\u011fin ve ekonomik kalk\u0131nman\u0131n temelidir. Adalet de devletin temelidir. Adil bir hukuk sistemi, yat\u0131r\u0131mc\u0131lar i\u00e7in en de\u011ferli \u00e7ekim merkezidir. Art\u0131k ezber c\u00fcmlelerle yol al\u0131nm\u0131yor. Biz yeni nesil i\u015f insanlar\u0131 olarak yenilikten, cesaretten ve hesaplanm\u0131\u015f risklerden besleniyoruz. Risk alabilmek \u00f6nemli ama yeterli de\u011fil. Bug\u00fcn\u00fcn d\u00fcnyas\u0131nda sadece cesaret de\u011fil; analiz, \u00f6ng\u00f6r\u00fc, sezgi ve veriye dayal\u0131 strateji gerekir. K\u00f6r cesaret de\u011fil, bilin\u00e7li &hellip;<\/p>","protected":false},"author":4,"featured_media":0,"comment_status":"","ping_status":"open","sticky":false,"template":"","format":"standard","meta":{"_acf_changed":false,"footnotes":""},"categories":[26],"tags":[],"class_list":["post-66045","post","type-post","status-publish","format-standard","hentry","category-antalya"],"acf":[],"yoast_head":"<!-- This site is optimized with the Yoast SEO Premium plugin v26.6 (Yoast SEO v27.1.1) - https:\/\/yoast.com\/product\/yoast-seo-premium-wordpress\/ -->\n<title>ANTG\u0130AD&#039;\u0131n konu\u011fu i\u015f insan\u0131 Selim Kosif - Av. Deniz Can K\u0131z\u0131l<\/title>\n<meta name=\"robots\" content=\"index, follow, max-snippet:-1, max-image-preview:large, max-video-preview:-1\" \/>\n<link rel=\"canonical\" href=\"https:\/\/denizcankizil.tr\/ru\/haberler\/antalya\/antgiadin-konugu-is-insani-selim-kosif\/\" \/>\n<meta property=\"og:locale\" content=\"ru_RU\" \/>\n<meta property=\"og:type\" content=\"article\" \/>\n<meta property=\"og:title\" content=\"ANTG\u0130AD&#039;\u0131n konu\u011fu i\u015f insan\u0131 Selim Kosif\" \/>\n<meta property=\"og:description\" content=\"Toplant\u0131n\u0131n a\u00e7\u0131l\u0131\u015f konu\u015fmas\u0131nda ANTG\u0130AD Ba\u015fkan\u0131 Ercan Yava\u015f, k\u00fcresel geli\u015fmelerin i\u015f d\u00fcnyas\u0131na etkilerini ve T\u00fcrkiye&#8217;nin stratejik konumunu de\u011ferlendirerek dikkat \u00e7ekici mesajlar verdi. &#8220;Trump sonras\u0131 k\u00fcresel ticarette artan belirsizlik ortam\u0131nda, t\u00fcm i\u015fletmeler \u00e7evik ve diren\u00e7li yap\u0131lara d\u00f6n\u00fc\u015fmek zorunda&#8221; diyen Yava\u015f, Trump cephesinden gelen ani kararlar\u0131n d\u00fcnya ekonomisinde b\u00fcy\u00fck dalgalanmalara yol a\u00e7t\u0131\u011f\u0131n\u0131 hat\u0131rlatarak \u015funlar\u0131 s\u00f6yledi: &#8220;Trump&#8217;\u0131n anl\u0131k kararlar\u0131n\u0131n k\u00fcresel ekonomide \u00e7ok b\u00fcy\u00fck \u015foklar olu\u015fturdu\u011fu ger\u00e7e\u011finden hareketle, \u00e7ok h\u0131zl\u0131 stratejik kararlar alabilen \u00e7evik i\u015fletmelere d\u00f6n\u00fc\u015fmek zorunday\u0131z.&#8221; 23 Nisan Ulusal Egemenlik ve \u00c7ocuk Bayram\u0131&#8217;na da \u00f6zel bir vurgu yapan Yava\u015f, &#8220;Cumhuriyet sadece bir y\u00f6netim bi\u00e7imi de\u011fil; e\u015fit f\u0131rsatlar sunan, giri\u015fimi destekleyen, liyakati \u00f6nceleyen bir ekonomik sistemdir. Liyakat olmazsa, devletin i\u015fleyi\u015fi bozulur. Devletin her kademesinde liyakat\u0131n esas al\u0131nmas\u0131, olmazsa olmaz\u0131m\u0131zd\u0131r&#8221; dedi. Yava\u015f, ekonomik b\u00fcy\u00fcmenin ancak g\u00fc\u00e7l\u00fc bir hukuk zemini ve \u00f6zg\u00fcrl\u00fck ortam\u0131nda m\u00fcmk\u00fcn olabilece\u011fini vurgulad\u0131 ve \u015fu a\u00e7\u0131klamalar\u0131 yapt\u0131: &#8220;Yat\u0131r\u0131mlar\u0131n kal\u0131c\u0131l\u0131\u011f\u0131, hukuka duyulan g\u00fcvenle \u015fekillenir. Hukukun \u00fcst\u00fcnl\u00fc\u011f\u00fc, giri\u015fimcili\u011fin ve ekonomik kalk\u0131nman\u0131n temelidir. Adalet de devletin temelidir. Adil bir hukuk sistemi, yat\u0131r\u0131mc\u0131lar i\u00e7in en de\u011ferli \u00e7ekim merkezidir. Art\u0131k ezber c\u00fcmlelerle yol al\u0131nm\u0131yor. Biz yeni nesil i\u015f insanlar\u0131 olarak yenilikten, cesaretten ve hesaplanm\u0131\u015f risklerden besleniyoruz. Risk alabilmek \u00f6nemli ama yeterli de\u011fil. Bug\u00fcn\u00fcn d\u00fcnyas\u0131nda sadece cesaret de\u011fil; analiz, \u00f6ng\u00f6r\u00fc, sezgi ve veriye dayal\u0131 strateji gerekir. K\u00f6r cesaret de\u011fil, bilin\u00e7li &hellip;\" \/>\n<meta property=\"og:url\" content=\"https:\/\/denizcankizil.tr\/ru\/haberler\/antalya\/antgiadin-konugu-is-insani-selim-kosif\/\" \/>\n<meta property=\"og:site_name\" content=\"Av. Deniz Can K\u0131z\u0131l\" \/>\n<meta property=\"article:published_time\" content=\"2025-04-25T11:41:39+00:00\" \/>\n<meta name=\"author\" content=\"Av. Deniz Can K\u0131z\u0131l\" \/>\n<meta name=\"twitter:card\" content=\"summary_large_image\" \/>\n<meta name=\"twitter:label1\" content=\"\u041d\u0430\u043f\u0438\u0441\u0430\u043d\u043e \u0430\u0432\u0442\u043e\u0440\u043e\u043c\" \/>\n\t<meta name=\"twitter:data1\" content=\"Av. Deniz Can K\u0131z\u0131l\" \/>\n\t<meta name=\"twitter:label2\" content=\"\u041f\u0440\u0438\u043c\u0435\u0440\u043d\u043e\u0435 \u0432\u0440\u0435\u043c\u044f \u0434\u043b\u044f \u0447\u0442\u0435\u043d\u0438\u044f\" \/>\n\t<meta name=\"twitter:data2\" content=\"5 \u043c\u0438\u043d\u0443\u0442\" \/>\n<script type=\"application\/ld+json\" class=\"yoast-schema-graph\">{\"@context\":\"https:\/\/schema.org\",\"@graph\":[{\"@type\":\"Article\",\"@id\":\"https:\/\/denizcankizil.tr\/ru\/haberler\/antalya\/antgiadin-konugu-is-insani-selim-kosif\/#article\",\"isPartOf\":{\"@id\":\"https:\/\/denizcankizil.tr\/ru\/haberler\/antalya\/antgiadin-konugu-is-insani-selim-kosif\/\"},\"author\":{\"name\":\"Av. Deniz Can K\u0131z\u0131l\",\"@id\":\"https:\/\/denizcankizil.tr\/de\/#\/schema\/person\/5dc1b22991bd7ac833867c10afc9b0ff\"},\"headline\":\"ANTG\u0130AD&#8217;\u0131n konu\u011fu i\u015f insan\u0131 Selim Kosif\",\"datePublished\":\"2025-04-25T11:41:39+00:00\",\"mainEntityOfPage\":{\"@id\":\"https:\/\/denizcankizil.tr\/ru\/haberler\/antalya\/antgiadin-konugu-is-insani-selim-kosif\/\"},\"wordCount\":970,\"publisher\":{\"@id\":\"https:\/\/denizcankizil.tr\/de\/#organization\"},\"articleSection\":[\"Antalya\"],\"inLanguage\":\"ru-RU\"},{\"@type\":\"WebPage\",\"@id\":\"https:\/\/denizcankizil.tr\/ru\/haberler\/antalya\/antgiadin-konugu-is-insani-selim-kosif\/\",\"url\":\"https:\/\/denizcankizil.tr\/ru\/haberler\/antalya\/antgiadin-konugu-is-insani-selim-kosif\/\",\"name\":\"ANTG\u0130AD'\u0131n konu\u011fu i\u015f insan\u0131 Selim Kosif - Av. Deniz Can K\u0131z\u0131l\",\"isPartOf\":{\"@id\":\"https:\/\/denizcankizil.tr\/de\/#website\"},\"datePublished\":\"2025-04-25T11:41:39+00:00\",\"breadcrumb\":{\"@id\":\"https:\/\/denizcankizil.tr\/ru\/haberler\/antalya\/antgiadin-konugu-is-insani-selim-kosif\/#breadcrumb\"},\"inLanguage\":\"ru-RU\",\"potentialAction\":[{\"@type\":\"ReadAction\",\"target\":[\"https:\/\/denizcankizil.tr\/ru\/haberler\/antalya\/antgiadin-konugu-is-insani-selim-kosif\/\"]}]},{\"@type\":\"BreadcrumbList\",\"@id\":\"https:\/\/denizcankizil.tr\/ru\/haberler\/antalya\/antgiadin-konugu-is-insani-selim-kosif\/#breadcrumb\",\"itemListElement\":[{\"@type\":\"ListItem\",\"position\":1,\"name\":\"Home\",\"item\":\"https:\/\/denizcankizil.tr\/de\/\"},{\"@type\":\"ListItem\",\"position\":2,\"name\":\"ANTG\u0130AD&#8217;\u0131n konu\u011fu i\u015f insan\u0131 Selim Kosif\"}]},{\"@type\":\"WebSite\",\"@id\":\"https:\/\/denizcankizil.tr\/de\/#website\",\"url\":\"https:\/\/denizcankizil.tr\/de\/\",\"name\":\"Av. Deniz Can K\u0131z\u0131l\",\"description\":\"Avukat Deniz Can K\u0131z\u0131l Antalya Barosu\",\"publisher\":{\"@id\":\"https:\/\/denizcankizil.tr\/de\/#organization\"},\"potentialAction\":[{\"@type\":\"SearchAction\",\"target\":{\"@type\":\"EntryPoint\",\"urlTemplate\":\"https:\/\/denizcankizil.tr\/de\/?s={search_term_string}\"},\"query-input\":{\"@type\":\"PropertyValueSpecification\",\"valueRequired\":true,\"valueName\":\"search_term_string\"}}],\"inLanguage\":\"ru-RU\"},{\"@type\":\"Organization\",\"@id\":\"https:\/\/denizcankizil.tr\/de\/#organization\",\"name\":\"Av. Deniz Can K\u0131z\u0131l\",\"url\":\"https:\/\/denizcankizil.tr\/de\/\",\"logo\":{\"@type\":\"ImageObject\",\"inLanguage\":\"ru-RU\",\"@id\":\"https:\/\/denizcankizil.tr\/de\/#\/schema\/logo\/image\/\",\"url\":\"https:\/\/denizcankizil.tr\/wp-content\/uploads\/2024\/10\/siyah-logo-svg.svg\",\"contentUrl\":\"https:\/\/denizcankizil.tr\/wp-content\/uploads\/2024\/10\/siyah-logo-svg.svg\",\"width\":1080,\"height\":1080,\"caption\":\"Av. Deniz Can K\u0131z\u0131l\"},\"image\":{\"@id\":\"https:\/\/denizcankizil.tr\/de\/#\/schema\/logo\/image\/\"}},{\"@type\":\"Person\",\"@id\":\"https:\/\/denizcankizil.tr\/de\/#\/schema\/person\/5dc1b22991bd7ac833867c10afc9b0ff\",\"name\":\"Av. Deniz Can K\u0131z\u0131l\",\"image\":{\"@type\":\"ImageObject\",\"inLanguage\":\"ru-RU\",\"@id\":\"https:\/\/denizcankizil.tr\/de\/#\/schema\/person\/image\/\",\"url\":\"https:\/\/secure.gravatar.com\/avatar\/a0b128fb9855c79efc976d5640eedb31dc35ec297594d6016d2cf7c60e975bb6?s=96&d=mm&r=g\",\"contentUrl\":\"https:\/\/secure.gravatar.com\/avatar\/a0b128fb9855c79efc976d5640eedb31dc35ec297594d6016d2cf7c60e975bb6?s=96&d=mm&r=g\",\"caption\":\"Av. Deniz Can K\u0131z\u0131l\"},\"sameAs\":[\"http:\/\/www.denizcankizil.tr\"],\"url\":\"https:\/\/denizcankizil.tr\/ru\/author\/denizcankizil\/\"}]}<\/script>\n<!-- \/ Yoast SEO Premium plugin. -->","yoast_head_json":{"title":"ANTG\u0130AD'\u0131n konu\u011fu i\u015f insan\u0131 Selim Kosif - Av. Deniz Can K\u0131z\u0131l","robots":{"index":"index","follow":"follow","max-snippet":"max-snippet:-1","max-image-preview":"max-image-preview:large","max-video-preview":"max-video-preview:-1"},"canonical":"https:\/\/denizcankizil.tr\/ru\/haberler\/antalya\/antgiadin-konugu-is-insani-selim-kosif\/","og_locale":"ru_RU","og_type":"article","og_title":"ANTG\u0130AD'\u0131n konu\u011fu i\u015f insan\u0131 Selim Kosif","og_description":"Toplant\u0131n\u0131n a\u00e7\u0131l\u0131\u015f konu\u015fmas\u0131nda ANTG\u0130AD Ba\u015fkan\u0131 Ercan Yava\u015f, k\u00fcresel geli\u015fmelerin i\u015f d\u00fcnyas\u0131na etkilerini ve T\u00fcrkiye&#8217;nin stratejik konumunu de\u011ferlendirerek dikkat \u00e7ekici mesajlar verdi. &#8220;Trump sonras\u0131 k\u00fcresel ticarette artan belirsizlik ortam\u0131nda, t\u00fcm i\u015fletmeler \u00e7evik ve diren\u00e7li yap\u0131lara d\u00f6n\u00fc\u015fmek zorunda&#8221; diyen Yava\u015f, Trump cephesinden gelen ani kararlar\u0131n d\u00fcnya ekonomisinde b\u00fcy\u00fck dalgalanmalara yol a\u00e7t\u0131\u011f\u0131n\u0131 hat\u0131rlatarak \u015funlar\u0131 s\u00f6yledi: &#8220;Trump&#8217;\u0131n anl\u0131k kararlar\u0131n\u0131n k\u00fcresel ekonomide \u00e7ok b\u00fcy\u00fck \u015foklar olu\u015fturdu\u011fu ger\u00e7e\u011finden hareketle, \u00e7ok h\u0131zl\u0131 stratejik kararlar alabilen \u00e7evik i\u015fletmelere d\u00f6n\u00fc\u015fmek zorunday\u0131z.&#8221; 23 Nisan Ulusal Egemenlik ve \u00c7ocuk Bayram\u0131&#8217;na da \u00f6zel bir vurgu yapan Yava\u015f, &#8220;Cumhuriyet sadece bir y\u00f6netim bi\u00e7imi de\u011fil; e\u015fit f\u0131rsatlar sunan, giri\u015fimi destekleyen, liyakati \u00f6nceleyen bir ekonomik sistemdir. Liyakat olmazsa, devletin i\u015fleyi\u015fi bozulur. Devletin her kademesinde liyakat\u0131n esas al\u0131nmas\u0131, olmazsa olmaz\u0131m\u0131zd\u0131r&#8221; dedi. Yava\u015f, ekonomik b\u00fcy\u00fcmenin ancak g\u00fc\u00e7l\u00fc bir hukuk zemini ve \u00f6zg\u00fcrl\u00fck ortam\u0131nda m\u00fcmk\u00fcn olabilece\u011fini vurgulad\u0131 ve \u015fu a\u00e7\u0131klamalar\u0131 yapt\u0131: &#8220;Yat\u0131r\u0131mlar\u0131n kal\u0131c\u0131l\u0131\u011f\u0131, hukuka duyulan g\u00fcvenle \u015fekillenir. Hukukun \u00fcst\u00fcnl\u00fc\u011f\u00fc, giri\u015fimcili\u011fin ve ekonomik kalk\u0131nman\u0131n temelidir. Adalet de devletin temelidir. Adil bir hukuk sistemi, yat\u0131r\u0131mc\u0131lar i\u00e7in en de\u011ferli \u00e7ekim merkezidir. Art\u0131k ezber c\u00fcmlelerle yol al\u0131nm\u0131yor. Biz yeni nesil i\u015f insanlar\u0131 olarak yenilikten, cesaretten ve hesaplanm\u0131\u015f risklerden besleniyoruz. Risk alabilmek \u00f6nemli ama yeterli de\u011fil. Bug\u00fcn\u00fcn d\u00fcnyas\u0131nda sadece cesaret de\u011fil; analiz, \u00f6ng\u00f6r\u00fc, sezgi ve veriye dayal\u0131 strateji gerekir. K\u00f6r cesaret de\u011fil, bilin\u00e7li &hellip;","og_url":"https:\/\/denizcankizil.tr\/ru\/haberler\/antalya\/antgiadin-konugu-is-insani-selim-kosif\/","og_site_name":"Av. Deniz Can K\u0131z\u0131l","article_published_time":"2025-04-25T11:41:39+00:00","author":"Av. Deniz Can K\u0131z\u0131l","twitter_card":"summary_large_image","twitter_misc":{"\u041d\u0430\u043f\u0438\u0441\u0430\u043d\u043e \u0430\u0432\u0442\u043e\u0440\u043e\u043c":"Av. Deniz Can K\u0131z\u0131l","\u041f\u0440\u0438\u043c\u0435\u0440\u043d\u043e\u0435 \u0432\u0440\u0435\u043c\u044f \u0434\u043b\u044f \u0447\u0442\u0435\u043d\u0438\u044f":"5 \u043c\u0438\u043d\u0443\u0442"},"schema":{"@context":"https:\/\/schema.org","@graph":[{"@type":"Article","@id":"https:\/\/denizcankizil.tr\/ru\/haberler\/antalya\/antgiadin-konugu-is-insani-selim-kosif\/#article","isPartOf":{"@id":"https:\/\/denizcankizil.tr\/ru\/haberler\/antalya\/antgiadin-konugu-is-insani-selim-kosif\/"},"author":{"name":"Av. Deniz Can K\u0131z\u0131l","@id":"https:\/\/denizcankizil.tr\/de\/#\/schema\/person\/5dc1b22991bd7ac833867c10afc9b0ff"},"headline":"ANTG\u0130AD&#8217;\u0131n konu\u011fu i\u015f insan\u0131 Selim Kosif","datePublished":"2025-04-25T11:41:39+00:00","mainEntityOfPage":{"@id":"https:\/\/denizcankizil.tr\/ru\/haberler\/antalya\/antgiadin-konugu-is-insani-selim-kosif\/"},"wordCount":970,"publisher":{"@id":"https:\/\/denizcankizil.tr\/de\/#organization"},"articleSection":["Antalya"],"inLanguage":"ru-RU"},{"@type":"WebPage","@id":"https:\/\/denizcankizil.tr\/ru\/haberler\/antalya\/antgiadin-konugu-is-insani-selim-kosif\/","url":"https:\/\/denizcankizil.tr\/ru\/haberler\/antalya\/antgiadin-konugu-is-insani-selim-kosif\/","name":"ANTG\u0130AD'\u0131n konu\u011fu i\u015f insan\u0131 Selim Kosif - Av. Deniz Can K\u0131z\u0131l","isPartOf":{"@id":"https:\/\/denizcankizil.tr\/de\/#website"},"datePublished":"2025-04-25T11:41:39+00:00","breadcrumb":{"@id":"https:\/\/denizcankizil.tr\/ru\/haberler\/antalya\/antgiadin-konugu-is-insani-selim-kosif\/#breadcrumb"},"inLanguage":"ru-RU","potentialAction":[{"@type":"ReadAction","target":["https:\/\/denizcankizil.tr\/ru\/haberler\/antalya\/antgiadin-konugu-is-insani-selim-kosif\/"]}]},{"@type":"BreadcrumbList","@id":"https:\/\/denizcankizil.tr\/ru\/haberler\/antalya\/antgiadin-konugu-is-insani-selim-kosif\/#breadcrumb","itemListElement":[{"@type":"ListItem","position":1,"name":"Home","item":"https:\/\/denizcankizil.tr\/de\/"},{"@type":"ListItem","position":2,"name":"ANTG\u0130AD&#8217;\u0131n konu\u011fu i\u015f insan\u0131 Selim Kosif"}]},{"@type":"WebSite","@id":"https:\/\/denizcankizil.tr\/de\/#website","url":"https:\/\/denizcankizil.tr\/de\/","name":"Av. Deniz Can K\u0131z\u0131l","description":"Avukat Deniz Can K\u0131z\u0131l Antalya Barosu","publisher":{"@id":"https:\/\/denizcankizil.tr\/de\/#organization"},"potentialAction":[{"@type":"SearchAction","target":{"@type":"EntryPoint","urlTemplate":"https:\/\/denizcankizil.tr\/de\/?s={search_term_string}"},"query-input":{"@type":"PropertyValueSpecification","valueRequired":true,"valueName":"search_term_string"}}],"inLanguage":"ru-RU"},{"@type":"Organization","@id":"https:\/\/denizcankizil.tr\/de\/#organization","name":"Av. Deniz Can K\u0131z\u0131l","url":"https:\/\/denizcankizil.tr\/de\/","logo":{"@type":"ImageObject","inLanguage":"ru-RU","@id":"https:\/\/denizcankizil.tr\/de\/#\/schema\/logo\/image\/","url":"https:\/\/denizcankizil.tr\/wp-content\/uploads\/2024\/10\/siyah-logo-svg.svg","contentUrl":"https:\/\/denizcankizil.tr\/wp-content\/uploads\/2024\/10\/siyah-logo-svg.svg","width":1080,"height":1080,"caption":"Av. Deniz Can K\u0131z\u0131l"},"image":{"@id":"https:\/\/denizcankizil.tr\/de\/#\/schema\/logo\/image\/"}},{"@type":"Person","@id":"https:\/\/denizcankizil.tr\/de\/#\/schema\/person\/5dc1b22991bd7ac833867c10afc9b0ff","name":"Av. Deniz Can K\u0131z\u0131l","image":{"@type":"ImageObject","inLanguage":"ru-RU","@id":"https:\/\/denizcankizil.tr\/de\/#\/schema\/person\/image\/","url":"https:\/\/secure.gravatar.com\/avatar\/a0b128fb9855c79efc976d5640eedb31dc35ec297594d6016d2cf7c60e975bb6?s=96&d=mm&r=g","contentUrl":"https:\/\/secure.gravatar.com\/avatar\/a0b128fb9855c79efc976d5640eedb31dc35ec297594d6016d2cf7c60e975bb6?s=96&d=mm&r=g","caption":"Av. Deniz Can K\u0131z\u0131l"},"sameAs":["http:\/\/www.denizcankizil.tr"],"url":"https:\/\/denizcankizil.tr\/ru\/author\/denizcankizil\/"}]}},"_links":{"self":[{"href":"https:\/\/denizcankizil.tr\/ru\/wp-json\/wp\/v2\/posts\/66045","targetHints":{"allow":["GET"]}}],"collection":[{"href":"https:\/\/denizcankizil.tr\/ru\/wp-json\/wp\/v2\/posts"}],"about":[{"href":"https:\/\/denizcankizil.tr\/ru\/wp-json\/wp\/v2\/types\/post"}],"author":[{"embeddable":true,"href":"https:\/\/denizcankizil.tr\/ru\/wp-json\/wp\/v2\/users\/4"}],"replies":[{"embeddable":true,"href":"https:\/\/denizcankizil.tr\/ru\/wp-json\/wp\/v2\/comments?post=66045"}],"version-history":[{"count":0,"href":"https:\/\/denizcankizil.tr\/ru\/wp-json\/wp\/v2\/posts\/66045\/revisions"}],"wp:attachment":[{"href":"https:\/\/denizcankizil.tr\/ru\/wp-json\/wp\/v2\/media?parent=66045"}],"wp:term":[{"taxonomy":"category","embeddable":true,"href":"https:\/\/denizcankizil.tr\/ru\/wp-json\/wp\/v2\/categories?post=66045"},{"taxonomy":"post_tag","embeddable":true,"href":"https:\/\/denizcankizil.tr\/ru\/wp-json\/wp\/v2\/tags?post=66045"}],"curies":[{"name":"wp","href":"https:\/\/api.w.org\/{rel}","templated":true}]}}