{"id":65819,"date":"2025-04-25T09:41:20","date_gmt":"2025-04-25T06:41:20","guid":{"rendered":"https:\/\/denizcankizil.tr\/uncategorized-tr\/antalyada-kalbinde-buyuk-turizm-ayibi-panoramik-asansor-kir-ve-bakimsizlik-icerisinde\/"},"modified":"2025-04-25T09:41:20","modified_gmt":"2025-04-25T06:41:20","slug":"antalyada-kalbinde-buyuk-turizm-ayibi-panoramik-asansor-kir-ve-bakimsizlik-icerisinde","status":"publish","type":"post","link":"https:\/\/denizcankizil.tr\/ru\/haberler\/gundem\/antalyada-kalbinde-buyuk-turizm-ayibi-panoramik-asansor-kir-ve-bakimsizlik-icerisinde\/","title":{"rendered":"Antalya\u2019da kalbinde b\u00fcy\u00fck turizm ay\u0131b\u0131: Panoramik asans\u00f6r kir ve bak\u0131ms\u0131zl\u0131k i\u00e7erisinde!"},"content":{"rendered":"<p>Kalei\u00e7i ile Yat Liman\u0131\u2019n\u0131 birbirine ba\u011flayan ve her g\u00fcn binlerce yerli ve yabanc\u0131 turist taraf\u0131ndan kullan\u0131lan asans\u00f6r, hijyen ko\u015fullar\u0131ndan uzak kalarak yaz\u0131 ve \u00e7izimlerle kirletildi. Antalya B\u00fcy\u00fck\u015fehir Belediyesi taraf\u0131ndan ge\u00e7ti\u011fimiz g\u00fcnlerden asans\u00f6re y\u00f6nelik bak\u0131m \u00e7al\u0131\u015fmas\u0131nda bu kirlili\u011fin giderilmemesi daha da tepki \u00e7ekti.<\/p>\n<p>KU\u015eBAKI\u015eI MANZARA<\/p>\n<p>Antalya K\u00f6rfez Gazetesi muhabiri Ertu\u011frul G\u00fcn&#8217;\u00fcn haberine g\u00f6re, Antalya\u2019n\u0131n Tophane \u00c7ay Bah\u00e7esi\u2019nin bat\u0131s\u0131ndan yat liman\u0131na ini\u015fi sa\u011flayan 13 ki\u015filik asans\u00f6r, yakla\u015f\u0131k 37 metre y\u00fcksekli\u011fe sahip. Kentin simgelerinden biri olan bu yap\u0131, 20 saniyelik bir yolculukla Kalei\u00e7i\u2019nin surlar\u0131ndan limana kolayca inme imk\u00e2n\u0131 sunarken, ayn\u0131 zamanda e\u015fsiz bir ku\u015fbak\u0131\u015f\u0131 manzara da vadediyor.<\/p>\n<p>L\u0130MANINA \u0130N\u0130\u015e 20 SAN\u0130YE<\/p>\n<p>Antalya&#8217;da B\u00fcy\u00fck\u015fehir Belediye Ba\u015fkan\u0131 Mustafa Akayd\u0131n taraf\u0131ndan temeli at\u0131lan panoramik asans\u00f6r, Ak Partili Belediye Ba\u015fkan\u0131 Menderes T\u00fcrel d\u00f6neminde hizmete a\u00e7\u0131ld\u0131. Tarihi Kalei\u00e7i&#8217;nin surlar\u0131 boyunca uzanan Tophane \u00c7ay Bah\u00e7esi&#8217;nin bat\u0131 b\u00f6l\u00fcm\u00fcnden Yat Liman\u0131&#8217;na inen 13 ki\u015fi kapasiteli asans\u00f6rle yat liman\u0131na ini\u015f 20 saniyeye s\u00fcr\u00fcyor.<\/p>\n<p>KULES\u0130YLE 37 METRE<\/p>\n<p>Tarihi Kalei\u00e7i\u2019nin surlar\u0131n\u0131 ziyaret\u00e7ilere ku\u015fbak\u0131\u015f\u0131 g\u00f6rme imk\u00e2n\u0131 da sunan asans\u00f6r turistlerin ve vatanda\u015flar\u0131n da merak\u0131 oldu. Panoramik asans\u00f6r, ini\u015f ve \u00e7\u0131k\u0131\u015f\u0131 kolayla\u015ft\u0131rd\u0131\u011f\u0131 gibi e\u015fsiz bir Kalei\u00e7i manzaras\u0131n\u0131 ziyaret\u00e7ilerinin ayaklar\u0131na getiriyor. Kulesiyle 37 metre y\u00fckseklikteki asans\u00f6rle Tophane\u2019den Kalei\u00e7i\u2019ne inmek isteyen turistler ve vatanda\u015flar, \u00f6n\u00fcnde uzun kuyruklar olu\u015fturdu. Ayn\u0131 anda 13 ki\u015finin binebildi\u011fi asans\u00f6r binebilmek i\u00e7in 10 dakika beklemek zorunda kalanlar da oldu.<\/p>\n<p>TUR\u0130STLER \u00d6L\u00dcMDEN D\u00d6ND\u00dc<\/p>\n<p>Asans\u00f6rde ge\u00e7ti\u011fimiz g\u00fcnlerde ya\u015fanan bir olay ise y\u00fcrekleri a\u011fza getirdi. Asans\u00f6r\u00fcn seyir teras\u0131ndaki bir ki\u015finin intihara te\u015febb\u00fcs etti\u011fi s\u0131rada, bast\u0131\u011f\u0131 alandaki 5 metre uzunlu\u011fundaki demir levhalardan birisi 37 metre y\u00fckseklikten d\u00fc\u015ft\u00fc. Levha asans\u00f6r s\u0131ras\u0131 bekleyen turistlerin hemen yak\u0131n\u0131na d\u00fc\u015ferken, mermer zemin de delindi.<\/p>\n<p>DEV \u0130SKELE KURULDU<\/p>\n<p>Bu olay\u0131n ard\u0131ndan harekete ge\u00e7en Antalya B\u00fcy\u00fck\u015fehir Belediyesi asans\u00f6re y\u00f6nelik bak\u0131m karar\u0131 ald\u0131. Bak\u0131m kapsam\u0131nda g\u00fcnlerce s\u00fcren \u00e7al\u0131\u015fmalarla 37 metre uzunlu\u011funda dev iskele kuruldu. Bak\u0131m \u00e7al\u0131\u015fmalar\u0131n\u0131n tamamlanmas\u0131n\u0131n ard\u0131ndan iskele kald\u0131r\u0131ld\u0131.<\/p>\n<p>\u0130\u00c7 KISIM BAKIMI UNUTULDU<\/p>\n<p>Asans\u00f6r\u00fcn i\u00e7 k\u0131sm\u0131nda hi\u00e7bir bak\u0131m yap\u0131lmamas\u0131 ise tepkileri de beraberinde getirdi. Asans\u00f6r\u00fcn hemen yan\u0131ndaki bir mermer par\u00e7as\u0131n\u0131n ortadan ikiye ayr\u0131ld\u0131\u011f\u0131, uyar\u0131 yaz\u0131lar\u0131n\u0131n \u00fczerinin \u00e7izilerek deforme oldu\u011fu g\u00f6r\u00fcld\u00fc. G\u00f6r\u00fcnt\u00fcler bununla da kalmad\u0131 yerlerin adeta siyah bir leke tabakas\u0131na d\u00f6nd\u00fc\u011f\u00fc, asans\u00f6r i\u00e7erisinin de hijyen kurallar\u0131ndan ve hijyenden uzak kald\u0131.<\/p>\n<p>YAZI TAHTASINA D\u00d6ND\u00dcR\u00dcLD\u00dc<\/p>\n<p>Antalya B\u00fcy\u00fck\u015fehir Belediyesi yaz\u0131s\u0131n\u0131n ise ya karaland\u0131 ya da \u00fczerinde oynamalar yap\u0131ld\u0131. Duvarlar ise adeta bir yaz\u0131 tahtas\u0131na d\u00f6nd\u00fcr\u00fcld\u00fc. Asans\u00f6r\u00fcn kap\u0131lar\u0131n\u0131n kaplamalar\u0131 da demir paralar ya da demir \u00e7ubuklar ile kabuklar\u0131 soyuldu. A\u015fk s\u00f6zleri, \u00e7e\u015fitli fig\u00fcrler, \u00f6zel isimler her yere yaz\u0131ld\u0131. \u00c7izilen metal b\u00f6l\u00fcmler adeta delik de\u015fik edildi.<\/p>\n<p>K\u0130R VE PASIN \u0130\u00c7ER\u0130S\u0130NDE<\/p>\n<p>Her g\u00fcn yerli ve yabanc\u0131 turist taraf\u0131ndan kullan\u0131lan turistlerin kendilerini otellerinde hissettiren asans\u00f6r\u00fcn bu denli bak\u0131ms\u0131zl\u0131\u011fa itilmesi turizm camias\u0131n\u0131 aya\u011fa kald\u0131rd\u0131. Kir ve pas\u0131n i\u00e7erisinde Antalya turizmine yak\u0131\u015fmayan g\u00f6r\u00fcnt\u00fclere bug\u00fcne kadar bir m\u00fcdahale edilmemesi tepkileri daha da artt\u0131rd\u0131.<\/p>\n<p>UTAN\u00c7 VER\u0130C\u0130 VE TEHL\u0130KEL\u0130<\/p>\n<p>Konuya ili\u015fkin a\u00e7\u0131klama yapan T\u00dcRSAB Ba\u015fkan Ba\u015fdan\u0131\u015fman\u0131 Hamit Kuk, g\u00f6r\u00fcnt\u00fclerin Antalya\u2019n\u0131n turizm potansiyeline zarar verdi\u011fini belirterek, \u201cBu asans\u00f6r Antalya\u2019n\u0131n vitrininde yer al\u0131yor. Milyonlarca turistin u\u011frad\u0131\u011f\u0131, binlerce ki\u015finin her g\u00fcn kulland\u0131\u011f\u0131 bir yap\u0131n\u0131n bu hale getirilmesi kabul edilemez. Bu g\u00f6r\u00fcnt\u00fcler sadece utan\u00e7 verici de\u011fil, ayn\u0131 zamanda tehlikeli.\u201d dedi.<\/p>\n<p>SA\u011eLI\u011eI TEHD\u0130T ED\u0130YOR<\/p>\n<p>Hamit Kuk, \u00f6zellikle turizm sezonunun ba\u015flad\u0131\u011f\u0131 bu d\u00f6nemde, kentin simgelerinden biri olan panoramik asans\u00f6r\u00fcn acilen temizlenmesi, restore edilmesi ve g\u00fcvenli hale getirilmesi gerekti\u011fini ifade etti. Antalya\u2019n\u0131n tan\u0131t\u0131m\u0131na katk\u0131 sa\u011flayacak bir yap\u0131 olmas\u0131 beklenen asans\u00f6r\u00fcn bu haliyle hem kent imaj\u0131n\u0131 bozdu\u011fu hem de kullanan ki\u015filerin sa\u011fl\u0131\u011f\u0131n\u0131 tehdit etti\u011fi ifade edildi.<\/p>\n<p>\u200bAntalya\u2019n\u0131n tarihi dokusunu ve do\u011fal g\u00fczelliklerini turizme kazand\u0131ran \u00f6nemli yap\u0131lardan biri olan panoramik asans\u00f6r\u00fcn kir ve pas\u0131n i\u00e7erisinde kalmas\u0131 b\u00fcy\u00fck tepki \u00e7ekti.\u00a0<\/p>\n<p>\u200bHaberin Al\u0131nt\u0131land\u0131\u011f\u0131 Kaynak: www.antalyakorfez.com<\/p>","protected":false},"excerpt":{"rendered":"<p>Kalei\u00e7i ile Yat Liman\u0131\u2019n\u0131 birbirine ba\u011flayan ve her g\u00fcn binlerce yerli ve yabanc\u0131 turist taraf\u0131ndan kullan\u0131lan asans\u00f6r, hijyen ko\u015fullar\u0131ndan uzak kalarak yaz\u0131 ve \u00e7izimlerle kirletildi. Antalya B\u00fcy\u00fck\u015fehir Belediyesi taraf\u0131ndan ge\u00e7ti\u011fimiz g\u00fcnlerden asans\u00f6re y\u00f6nelik bak\u0131m \u00e7al\u0131\u015fmas\u0131nda bu kirlili\u011fin giderilmemesi daha da tepki \u00e7ekti. KU\u015eBAKI\u015eI MANZARA Antalya K\u00f6rfez Gazetesi muhabiri Ertu\u011frul G\u00fcn&#8217;\u00fcn haberine g\u00f6re, Antalya\u2019n\u0131n Tophane \u00c7ay Bah\u00e7esi\u2019nin bat\u0131s\u0131ndan yat liman\u0131na ini\u015fi sa\u011flayan 13 ki\u015filik asans\u00f6r, yakla\u015f\u0131k 37 metre y\u00fcksekli\u011fe sahip. Kentin simgelerinden biri olan bu yap\u0131, 20 saniyelik bir yolculukla Kalei\u00e7i\u2019nin surlar\u0131ndan limana kolayca inme imk\u00e2n\u0131 sunarken, ayn\u0131 zamanda e\u015fsiz bir ku\u015fbak\u0131\u015f\u0131 manzara da vadediyor. L\u0130MANINA \u0130N\u0130\u015e 20 SAN\u0130YE Antalya&#8217;da B\u00fcy\u00fck\u015fehir Belediye Ba\u015fkan\u0131 Mustafa Akayd\u0131n taraf\u0131ndan temeli at\u0131lan panoramik asans\u00f6r, Ak Partili Belediye Ba\u015fkan\u0131 Menderes T\u00fcrel d\u00f6neminde hizmete a\u00e7\u0131ld\u0131. Tarihi Kalei\u00e7i&#8217;nin surlar\u0131 boyunca uzanan Tophane \u00c7ay Bah\u00e7esi&#8217;nin bat\u0131 b\u00f6l\u00fcm\u00fcnden Yat Liman\u0131&#8217;na inen 13 ki\u015fi kapasiteli asans\u00f6rle yat liman\u0131na ini\u015f 20 saniyeye s\u00fcr\u00fcyor. KULES\u0130YLE 37 METRE Tarihi Kalei\u00e7i\u2019nin surlar\u0131n\u0131 ziyaret\u00e7ilere ku\u015fbak\u0131\u015f\u0131 g\u00f6rme imk\u00e2n\u0131 da sunan asans\u00f6r turistlerin ve vatanda\u015flar\u0131n da merak\u0131 oldu. Panoramik asans\u00f6r, ini\u015f ve \u00e7\u0131k\u0131\u015f\u0131 kolayla\u015ft\u0131rd\u0131\u011f\u0131 gibi e\u015fsiz bir Kalei\u00e7i manzaras\u0131n\u0131 ziyaret\u00e7ilerinin ayaklar\u0131na getiriyor. Kulesiyle 37 metre y\u00fckseklikteki asans\u00f6rle Tophane\u2019den Kalei\u00e7i\u2019ne inmek isteyen turistler ve vatanda\u015flar, \u00f6n\u00fcnde uzun kuyruklar olu\u015fturdu. Ayn\u0131 anda 13 ki\u015finin binebildi\u011fi asans\u00f6r binebilmek i\u00e7in 10 dakika &hellip;<\/p>","protected":false},"author":5,"featured_media":0,"comment_status":"","ping_status":"open","sticky":false,"template":"","format":"standard","meta":{"_acf_changed":false,"footnotes":""},"categories":[24],"tags":[],"class_list":["post-65819","post","type-post","status-publish","format-standard","has-post-thumbnail","hentry","category-gundem"],"acf":[],"yoast_head":"<!-- This site is optimized with the Yoast SEO Premium plugin v26.6 (Yoast SEO v27.1.1) - https:\/\/yoast.com\/product\/yoast-seo-premium-wordpress\/ -->\n<title>Antalya\u2019da kalbinde b\u00fcy\u00fck turizm ay\u0131b\u0131: Panoramik asans\u00f6r kir ve bak\u0131ms\u0131zl\u0131k i\u00e7erisinde! - Av. Deniz Can K\u0131z\u0131l<\/title>\n<meta name=\"robots\" content=\"index, follow, max-snippet:-1, max-image-preview:large, max-video-preview:-1\" \/>\n<link rel=\"canonical\" href=\"https:\/\/denizcankizil.tr\/ru\/haberler\/gundem\/antalyada-kalbinde-buyuk-turizm-ayibi-panoramik-asansor-kir-ve-bakimsizlik-icerisinde\/\" \/>\n<meta property=\"og:locale\" content=\"ru_RU\" \/>\n<meta property=\"og:type\" content=\"article\" \/>\n<meta property=\"og:title\" content=\"Antalya\u2019da kalbinde b\u00fcy\u00fck turizm ay\u0131b\u0131: Panoramik asans\u00f6r kir ve bak\u0131ms\u0131zl\u0131k i\u00e7erisinde!\" \/>\n<meta property=\"og:description\" content=\"Kalei\u00e7i ile Yat Liman\u0131\u2019n\u0131 birbirine ba\u011flayan ve her g\u00fcn binlerce yerli ve yabanc\u0131 turist taraf\u0131ndan kullan\u0131lan asans\u00f6r, hijyen ko\u015fullar\u0131ndan uzak kalarak yaz\u0131 ve \u00e7izimlerle kirletildi. Antalya B\u00fcy\u00fck\u015fehir Belediyesi taraf\u0131ndan ge\u00e7ti\u011fimiz g\u00fcnlerden asans\u00f6re y\u00f6nelik bak\u0131m \u00e7al\u0131\u015fmas\u0131nda bu kirlili\u011fin giderilmemesi daha da tepki \u00e7ekti. KU\u015eBAKI\u015eI MANZARA Antalya K\u00f6rfez Gazetesi muhabiri Ertu\u011frul G\u00fcn&#8217;\u00fcn haberine g\u00f6re, Antalya\u2019n\u0131n Tophane \u00c7ay Bah\u00e7esi\u2019nin bat\u0131s\u0131ndan yat liman\u0131na ini\u015fi sa\u011flayan 13 ki\u015filik asans\u00f6r, yakla\u015f\u0131k 37 metre y\u00fcksekli\u011fe sahip. Kentin simgelerinden biri olan bu yap\u0131, 20 saniyelik bir yolculukla Kalei\u00e7i\u2019nin surlar\u0131ndan limana kolayca inme imk\u00e2n\u0131 sunarken, ayn\u0131 zamanda e\u015fsiz bir ku\u015fbak\u0131\u015f\u0131 manzara da vadediyor. L\u0130MANINA \u0130N\u0130\u015e 20 SAN\u0130YE Antalya&#8217;da B\u00fcy\u00fck\u015fehir Belediye Ba\u015fkan\u0131 Mustafa Akayd\u0131n taraf\u0131ndan temeli at\u0131lan panoramik asans\u00f6r, Ak Partili Belediye Ba\u015fkan\u0131 Menderes T\u00fcrel d\u00f6neminde hizmete a\u00e7\u0131ld\u0131. Tarihi Kalei\u00e7i&#8217;nin surlar\u0131 boyunca uzanan Tophane \u00c7ay Bah\u00e7esi&#8217;nin bat\u0131 b\u00f6l\u00fcm\u00fcnden Yat Liman\u0131&#8217;na inen 13 ki\u015fi kapasiteli asans\u00f6rle yat liman\u0131na ini\u015f 20 saniyeye s\u00fcr\u00fcyor. KULES\u0130YLE 37 METRE Tarihi Kalei\u00e7i\u2019nin surlar\u0131n\u0131 ziyaret\u00e7ilere ku\u015fbak\u0131\u015f\u0131 g\u00f6rme imk\u00e2n\u0131 da sunan asans\u00f6r turistlerin ve vatanda\u015flar\u0131n da merak\u0131 oldu. Panoramik asans\u00f6r, ini\u015f ve \u00e7\u0131k\u0131\u015f\u0131 kolayla\u015ft\u0131rd\u0131\u011f\u0131 gibi e\u015fsiz bir Kalei\u00e7i manzaras\u0131n\u0131 ziyaret\u00e7ilerinin ayaklar\u0131na getiriyor. Kulesiyle 37 metre y\u00fckseklikteki asans\u00f6rle Tophane\u2019den Kalei\u00e7i\u2019ne inmek isteyen turistler ve vatanda\u015flar, \u00f6n\u00fcnde uzun kuyruklar olu\u015fturdu. Ayn\u0131 anda 13 ki\u015finin binebildi\u011fi asans\u00f6r binebilmek i\u00e7in 10 dakika &hellip;\" \/>\n<meta property=\"og:url\" content=\"https:\/\/denizcankizil.tr\/ru\/haberler\/gundem\/antalyada-kalbinde-buyuk-turizm-ayibi-panoramik-asansor-kir-ve-bakimsizlik-icerisinde\/\" \/>\n<meta property=\"og:site_name\" content=\"Av. Deniz Can K\u0131z\u0131l\" \/>\n<meta property=\"article:published_time\" content=\"2025-04-25T06:41:20+00:00\" \/>\n<meta name=\"author\" content=\"Antalya K\u00f6rfez\" \/>\n<meta name=\"twitter:card\" content=\"summary_large_image\" \/>\n<meta name=\"twitter:label1\" content=\"\u041d\u0430\u043f\u0438\u0441\u0430\u043d\u043e \u0430\u0432\u0442\u043e\u0440\u043e\u043c\" \/>\n\t<meta name=\"twitter:data1\" content=\"Antalya K\u00f6rfez\" \/>\n\t<meta name=\"twitter:label2\" content=\"\u041f\u0440\u0438\u043c\u0435\u0440\u043d\u043e\u0435 \u0432\u0440\u0435\u043c\u044f \u0434\u043b\u044f \u0447\u0442\u0435\u043d\u0438\u044f\" \/>\n\t<meta name=\"twitter:data2\" content=\"4 \u043c\u0438\u043d\u0443\u0442\u044b\" \/>\n<script type=\"application\/ld+json\" class=\"yoast-schema-graph\">{\"@context\":\"https:\/\/schema.org\",\"@graph\":[{\"@type\":\"Article\",\"@id\":\"https:\/\/denizcankizil.tr\/ru\/haberler\/gundem\/antalyada-kalbinde-buyuk-turizm-ayibi-panoramik-asansor-kir-ve-bakimsizlik-icerisinde\/#article\",\"isPartOf\":{\"@id\":\"https:\/\/denizcankizil.tr\/ru\/haberler\/gundem\/antalyada-kalbinde-buyuk-turizm-ayibi-panoramik-asansor-kir-ve-bakimsizlik-icerisinde\/\"},\"author\":{\"name\":\"Antalya K\u00f6rfez\",\"@id\":\"https:\/\/denizcankizil.tr\/de\/#\/schema\/person\/e1eb71bb4dd684d46563f0af307e1234\"},\"headline\":\"Antalya\u2019da kalbinde b\u00fcy\u00fck turizm ay\u0131b\u0131: Panoramik asans\u00f6r kir ve bak\u0131ms\u0131zl\u0131k i\u00e7erisinde!\",\"datePublished\":\"2025-04-25T06:41:20+00:00\",\"mainEntityOfPage\":{\"@id\":\"https:\/\/denizcankizil.tr\/ru\/haberler\/gundem\/antalyada-kalbinde-buyuk-turizm-ayibi-panoramik-asansor-kir-ve-bakimsizlik-icerisinde\/\"},\"wordCount\":866,\"publisher\":{\"@id\":\"https:\/\/denizcankizil.tr\/de\/#organization\"},\"articleSection\":[\"G\u00fcndem\"],\"inLanguage\":\"ru-RU\"},{\"@type\":\"WebPage\",\"@id\":\"https:\/\/denizcankizil.tr\/ru\/haberler\/gundem\/antalyada-kalbinde-buyuk-turizm-ayibi-panoramik-asansor-kir-ve-bakimsizlik-icerisinde\/\",\"url\":\"https:\/\/denizcankizil.tr\/ru\/haberler\/gundem\/antalyada-kalbinde-buyuk-turizm-ayibi-panoramik-asansor-kir-ve-bakimsizlik-icerisinde\/\",\"name\":\"Antalya\u2019da kalbinde b\u00fcy\u00fck turizm ay\u0131b\u0131: Panoramik asans\u00f6r kir ve bak\u0131ms\u0131zl\u0131k i\u00e7erisinde! - Av. Deniz Can K\u0131z\u0131l\",\"isPartOf\":{\"@id\":\"https:\/\/denizcankizil.tr\/de\/#website\"},\"datePublished\":\"2025-04-25T06:41:20+00:00\",\"breadcrumb\":{\"@id\":\"https:\/\/denizcankizil.tr\/ru\/haberler\/gundem\/antalyada-kalbinde-buyuk-turizm-ayibi-panoramik-asansor-kir-ve-bakimsizlik-icerisinde\/#breadcrumb\"},\"inLanguage\":\"ru-RU\",\"potentialAction\":[{\"@type\":\"ReadAction\",\"target\":[\"https:\/\/denizcankizil.tr\/ru\/haberler\/gundem\/antalyada-kalbinde-buyuk-turizm-ayibi-panoramik-asansor-kir-ve-bakimsizlik-icerisinde\/\"]}]},{\"@type\":\"BreadcrumbList\",\"@id\":\"https:\/\/denizcankizil.tr\/ru\/haberler\/gundem\/antalyada-kalbinde-buyuk-turizm-ayibi-panoramik-asansor-kir-ve-bakimsizlik-icerisinde\/#breadcrumb\",\"itemListElement\":[{\"@type\":\"ListItem\",\"position\":1,\"name\":\"Home\",\"item\":\"https:\/\/denizcankizil.tr\/de\/\"},{\"@type\":\"ListItem\",\"position\":2,\"name\":\"Antalya\u2019da kalbinde b\u00fcy\u00fck turizm ay\u0131b\u0131: Panoramik asans\u00f6r kir ve bak\u0131ms\u0131zl\u0131k i\u00e7erisinde!\"}]},{\"@type\":\"WebSite\",\"@id\":\"https:\/\/denizcankizil.tr\/de\/#website\",\"url\":\"https:\/\/denizcankizil.tr\/de\/\",\"name\":\"Av. Deniz Can K\u0131z\u0131l\",\"description\":\"Avukat Deniz Can K\u0131z\u0131l Antalya Barosu\",\"publisher\":{\"@id\":\"https:\/\/denizcankizil.tr\/de\/#organization\"},\"potentialAction\":[{\"@type\":\"SearchAction\",\"target\":{\"@type\":\"EntryPoint\",\"urlTemplate\":\"https:\/\/denizcankizil.tr\/de\/?s={search_term_string}\"},\"query-input\":{\"@type\":\"PropertyValueSpecification\",\"valueRequired\":true,\"valueName\":\"search_term_string\"}}],\"inLanguage\":\"ru-RU\"},{\"@type\":\"Organization\",\"@id\":\"https:\/\/denizcankizil.tr\/de\/#organization\",\"name\":\"Av. Deniz Can K\u0131z\u0131l\",\"url\":\"https:\/\/denizcankizil.tr\/de\/\",\"logo\":{\"@type\":\"ImageObject\",\"inLanguage\":\"ru-RU\",\"@id\":\"https:\/\/denizcankizil.tr\/de\/#\/schema\/logo\/image\/\",\"url\":\"https:\/\/denizcankizil.tr\/wp-content\/uploads\/2024\/10\/siyah-logo-svg.svg\",\"contentUrl\":\"https:\/\/denizcankizil.tr\/wp-content\/uploads\/2024\/10\/siyah-logo-svg.svg\",\"width\":1080,\"height\":1080,\"caption\":\"Av. Deniz Can K\u0131z\u0131l\"},\"image\":{\"@id\":\"https:\/\/denizcankizil.tr\/de\/#\/schema\/logo\/image\/\"}},{\"@type\":\"Person\",\"@id\":\"https:\/\/denizcankizil.tr\/de\/#\/schema\/person\/e1eb71bb4dd684d46563f0af307e1234\",\"name\":\"Antalya K\u00f6rfez\",\"image\":{\"@type\":\"ImageObject\",\"inLanguage\":\"ru-RU\",\"@id\":\"https:\/\/denizcankizil.tr\/de\/#\/schema\/person\/image\/\",\"url\":\"https:\/\/secure.gravatar.com\/avatar\/42b01982558a48a0b501fdcab6a408d3717ea5919095ee2e67b0e521799c5905?s=96&d=mm&r=g\",\"contentUrl\":\"https:\/\/secure.gravatar.com\/avatar\/42b01982558a48a0b501fdcab6a408d3717ea5919095ee2e67b0e521799c5905?s=96&d=mm&r=g\",\"caption\":\"Antalya K\u00f6rfez\"},\"sameAs\":[\"http:\/\/www.antalyakorfez.com\"],\"url\":\"https:\/\/www.antalyakorfez.com\/antalyada-kalbinde-buyuk-turizm-ayibi-panoramik-asansor-kir-ve-bakimsizlik-icerisinde\"}]}<\/script>\n<!-- \/ Yoast SEO Premium plugin. -->","yoast_head_json":{"title":"Antalya\u2019da kalbinde b\u00fcy\u00fck turizm ay\u0131b\u0131: Panoramik asans\u00f6r kir ve bak\u0131ms\u0131zl\u0131k i\u00e7erisinde! - Av. Deniz Can K\u0131z\u0131l","robots":{"index":"index","follow":"follow","max-snippet":"max-snippet:-1","max-image-preview":"max-image-preview:large","max-video-preview":"max-video-preview:-1"},"canonical":"https:\/\/denizcankizil.tr\/ru\/haberler\/gundem\/antalyada-kalbinde-buyuk-turizm-ayibi-panoramik-asansor-kir-ve-bakimsizlik-icerisinde\/","og_locale":"ru_RU","og_type":"article","og_title":"Antalya\u2019da kalbinde b\u00fcy\u00fck turizm ay\u0131b\u0131: Panoramik asans\u00f6r kir ve bak\u0131ms\u0131zl\u0131k i\u00e7erisinde!","og_description":"Kalei\u00e7i ile Yat Liman\u0131\u2019n\u0131 birbirine ba\u011flayan ve her g\u00fcn binlerce yerli ve yabanc\u0131 turist taraf\u0131ndan kullan\u0131lan asans\u00f6r, hijyen ko\u015fullar\u0131ndan uzak kalarak yaz\u0131 ve \u00e7izimlerle kirletildi. Antalya B\u00fcy\u00fck\u015fehir Belediyesi taraf\u0131ndan ge\u00e7ti\u011fimiz g\u00fcnlerden asans\u00f6re y\u00f6nelik bak\u0131m \u00e7al\u0131\u015fmas\u0131nda bu kirlili\u011fin giderilmemesi daha da tepki \u00e7ekti. KU\u015eBAKI\u015eI MANZARA Antalya K\u00f6rfez Gazetesi muhabiri Ertu\u011frul G\u00fcn&#8217;\u00fcn haberine g\u00f6re, Antalya\u2019n\u0131n Tophane \u00c7ay Bah\u00e7esi\u2019nin bat\u0131s\u0131ndan yat liman\u0131na ini\u015fi sa\u011flayan 13 ki\u015filik asans\u00f6r, yakla\u015f\u0131k 37 metre y\u00fcksekli\u011fe sahip. Kentin simgelerinden biri olan bu yap\u0131, 20 saniyelik bir yolculukla Kalei\u00e7i\u2019nin surlar\u0131ndan limana kolayca inme imk\u00e2n\u0131 sunarken, ayn\u0131 zamanda e\u015fsiz bir ku\u015fbak\u0131\u015f\u0131 manzara da vadediyor. L\u0130MANINA \u0130N\u0130\u015e 20 SAN\u0130YE Antalya&#8217;da B\u00fcy\u00fck\u015fehir Belediye Ba\u015fkan\u0131 Mustafa Akayd\u0131n taraf\u0131ndan temeli at\u0131lan panoramik asans\u00f6r, Ak Partili Belediye Ba\u015fkan\u0131 Menderes T\u00fcrel d\u00f6neminde hizmete a\u00e7\u0131ld\u0131. Tarihi Kalei\u00e7i&#8217;nin surlar\u0131 boyunca uzanan Tophane \u00c7ay Bah\u00e7esi&#8217;nin bat\u0131 b\u00f6l\u00fcm\u00fcnden Yat Liman\u0131&#8217;na inen 13 ki\u015fi kapasiteli asans\u00f6rle yat liman\u0131na ini\u015f 20 saniyeye s\u00fcr\u00fcyor. KULES\u0130YLE 37 METRE Tarihi Kalei\u00e7i\u2019nin surlar\u0131n\u0131 ziyaret\u00e7ilere ku\u015fbak\u0131\u015f\u0131 g\u00f6rme imk\u00e2n\u0131 da sunan asans\u00f6r turistlerin ve vatanda\u015flar\u0131n da merak\u0131 oldu. Panoramik asans\u00f6r, ini\u015f ve \u00e7\u0131k\u0131\u015f\u0131 kolayla\u015ft\u0131rd\u0131\u011f\u0131 gibi e\u015fsiz bir Kalei\u00e7i manzaras\u0131n\u0131 ziyaret\u00e7ilerinin ayaklar\u0131na getiriyor. Kulesiyle 37 metre y\u00fckseklikteki asans\u00f6rle Tophane\u2019den Kalei\u00e7i\u2019ne inmek isteyen turistler ve vatanda\u015flar, \u00f6n\u00fcnde uzun kuyruklar olu\u015fturdu. Ayn\u0131 anda 13 ki\u015finin binebildi\u011fi asans\u00f6r binebilmek i\u00e7in 10 dakika &hellip;","og_url":"https:\/\/denizcankizil.tr\/ru\/haberler\/gundem\/antalyada-kalbinde-buyuk-turizm-ayibi-panoramik-asansor-kir-ve-bakimsizlik-icerisinde\/","og_site_name":"Av. Deniz Can K\u0131z\u0131l","article_published_time":"2025-04-25T06:41:20+00:00","author":"Antalya K\u00f6rfez","twitter_card":"summary_large_image","twitter_misc":{"\u041d\u0430\u043f\u0438\u0441\u0430\u043d\u043e \u0430\u0432\u0442\u043e\u0440\u043e\u043c":"Antalya K\u00f6rfez","\u041f\u0440\u0438\u043c\u0435\u0440\u043d\u043e\u0435 \u0432\u0440\u0435\u043c\u044f \u0434\u043b\u044f \u0447\u0442\u0435\u043d\u0438\u044f":"4 \u043c\u0438\u043d\u0443\u0442\u044b"},"schema":{"@context":"https:\/\/schema.org","@graph":[{"@type":"Article","@id":"https:\/\/denizcankizil.tr\/ru\/haberler\/gundem\/antalyada-kalbinde-buyuk-turizm-ayibi-panoramik-asansor-kir-ve-bakimsizlik-icerisinde\/#article","isPartOf":{"@id":"https:\/\/denizcankizil.tr\/ru\/haberler\/gundem\/antalyada-kalbinde-buyuk-turizm-ayibi-panoramik-asansor-kir-ve-bakimsizlik-icerisinde\/"},"author":{"name":"Antalya K\u00f6rfez","@id":"https:\/\/denizcankizil.tr\/de\/#\/schema\/person\/e1eb71bb4dd684d46563f0af307e1234"},"headline":"Antalya\u2019da kalbinde b\u00fcy\u00fck turizm ay\u0131b\u0131: Panoramik asans\u00f6r kir ve bak\u0131ms\u0131zl\u0131k i\u00e7erisinde!","datePublished":"2025-04-25T06:41:20+00:00","mainEntityOfPage":{"@id":"https:\/\/denizcankizil.tr\/ru\/haberler\/gundem\/antalyada-kalbinde-buyuk-turizm-ayibi-panoramik-asansor-kir-ve-bakimsizlik-icerisinde\/"},"wordCount":866,"publisher":{"@id":"https:\/\/denizcankizil.tr\/de\/#organization"},"articleSection":["G\u00fcndem"],"inLanguage":"ru-RU"},{"@type":"WebPage","@id":"https:\/\/denizcankizil.tr\/ru\/haberler\/gundem\/antalyada-kalbinde-buyuk-turizm-ayibi-panoramik-asansor-kir-ve-bakimsizlik-icerisinde\/","url":"https:\/\/denizcankizil.tr\/ru\/haberler\/gundem\/antalyada-kalbinde-buyuk-turizm-ayibi-panoramik-asansor-kir-ve-bakimsizlik-icerisinde\/","name":"Antalya\u2019da kalbinde b\u00fcy\u00fck turizm ay\u0131b\u0131: Panoramik asans\u00f6r kir ve bak\u0131ms\u0131zl\u0131k i\u00e7erisinde! - Av. Deniz Can K\u0131z\u0131l","isPartOf":{"@id":"https:\/\/denizcankizil.tr\/de\/#website"},"datePublished":"2025-04-25T06:41:20+00:00","breadcrumb":{"@id":"https:\/\/denizcankizil.tr\/ru\/haberler\/gundem\/antalyada-kalbinde-buyuk-turizm-ayibi-panoramik-asansor-kir-ve-bakimsizlik-icerisinde\/#breadcrumb"},"inLanguage":"ru-RU","potentialAction":[{"@type":"ReadAction","target":["https:\/\/denizcankizil.tr\/ru\/haberler\/gundem\/antalyada-kalbinde-buyuk-turizm-ayibi-panoramik-asansor-kir-ve-bakimsizlik-icerisinde\/"]}]},{"@type":"BreadcrumbList","@id":"https:\/\/denizcankizil.tr\/ru\/haberler\/gundem\/antalyada-kalbinde-buyuk-turizm-ayibi-panoramik-asansor-kir-ve-bakimsizlik-icerisinde\/#breadcrumb","itemListElement":[{"@type":"ListItem","position":1,"name":"Home","item":"https:\/\/denizcankizil.tr\/de\/"},{"@type":"ListItem","position":2,"name":"Antalya\u2019da kalbinde b\u00fcy\u00fck turizm ay\u0131b\u0131: Panoramik asans\u00f6r kir ve bak\u0131ms\u0131zl\u0131k i\u00e7erisinde!"}]},{"@type":"WebSite","@id":"https:\/\/denizcankizil.tr\/de\/#website","url":"https:\/\/denizcankizil.tr\/de\/","name":"Av. Deniz Can K\u0131z\u0131l","description":"Avukat Deniz Can K\u0131z\u0131l Antalya Barosu","publisher":{"@id":"https:\/\/denizcankizil.tr\/de\/#organization"},"potentialAction":[{"@type":"SearchAction","target":{"@type":"EntryPoint","urlTemplate":"https:\/\/denizcankizil.tr\/de\/?s={search_term_string}"},"query-input":{"@type":"PropertyValueSpecification","valueRequired":true,"valueName":"search_term_string"}}],"inLanguage":"ru-RU"},{"@type":"Organization","@id":"https:\/\/denizcankizil.tr\/de\/#organization","name":"Av. Deniz Can K\u0131z\u0131l","url":"https:\/\/denizcankizil.tr\/de\/","logo":{"@type":"ImageObject","inLanguage":"ru-RU","@id":"https:\/\/denizcankizil.tr\/de\/#\/schema\/logo\/image\/","url":"https:\/\/denizcankizil.tr\/wp-content\/uploads\/2024\/10\/siyah-logo-svg.svg","contentUrl":"https:\/\/denizcankizil.tr\/wp-content\/uploads\/2024\/10\/siyah-logo-svg.svg","width":1080,"height":1080,"caption":"Av. Deniz Can K\u0131z\u0131l"},"image":{"@id":"https:\/\/denizcankizil.tr\/de\/#\/schema\/logo\/image\/"}},{"@type":"Person","@id":"https:\/\/denizcankizil.tr\/de\/#\/schema\/person\/e1eb71bb4dd684d46563f0af307e1234","name":"Antalya K\u00f6rfez","image":{"@type":"ImageObject","inLanguage":"ru-RU","@id":"https:\/\/denizcankizil.tr\/de\/#\/schema\/person\/image\/","url":"https:\/\/secure.gravatar.com\/avatar\/42b01982558a48a0b501fdcab6a408d3717ea5919095ee2e67b0e521799c5905?s=96&d=mm&r=g","contentUrl":"https:\/\/secure.gravatar.com\/avatar\/42b01982558a48a0b501fdcab6a408d3717ea5919095ee2e67b0e521799c5905?s=96&d=mm&r=g","caption":"Antalya K\u00f6rfez"},"sameAs":["http:\/\/www.antalyakorfez.com"],"url":"https:\/\/www.antalyakorfez.com\/antalyada-kalbinde-buyuk-turizm-ayibi-panoramik-asansor-kir-ve-bakimsizlik-icerisinde"}]}},"_links":{"self":[{"href":"https:\/\/denizcankizil.tr\/ru\/wp-json\/wp\/v2\/posts\/65819","targetHints":{"allow":["GET"]}}],"collection":[{"href":"https:\/\/denizcankizil.tr\/ru\/wp-json\/wp\/v2\/posts"}],"about":[{"href":"https:\/\/denizcankizil.tr\/ru\/wp-json\/wp\/v2\/types\/post"}],"author":[{"embeddable":true,"href":"https:\/\/denizcankizil.tr\/ru\/wp-json\/wp\/v2\/users\/5"}],"replies":[{"embeddable":true,"href":"https:\/\/denizcankizil.tr\/ru\/wp-json\/wp\/v2\/comments?post=65819"}],"version-history":[{"count":0,"href":"https:\/\/denizcankizil.tr\/ru\/wp-json\/wp\/v2\/posts\/65819\/revisions"}],"wp:attachment":[{"href":"https:\/\/denizcankizil.tr\/ru\/wp-json\/wp\/v2\/media?parent=65819"}],"wp:term":[{"taxonomy":"category","embeddable":true,"href":"https:\/\/denizcankizil.tr\/ru\/wp-json\/wp\/v2\/categories?post=65819"},{"taxonomy":"post_tag","embeddable":true,"href":"https:\/\/denizcankizil.tr\/ru\/wp-json\/wp\/v2\/tags?post=65819"}],"curies":[{"name":"wp","href":"https:\/\/api.w.org\/{rel}","templated":true}]}}