{"id":6521,"date":"2024-10-22T11:46:03","date_gmt":"2024-10-22T08:46:03","guid":{"rendered":"https:\/\/denizcankizil.tr\/uncategorized-tr\/antalya-barosunun-yeni-baskanindan-ilk-aciklama-her-turlu-haksizligin-karsisindayiz\/"},"modified":"2024-10-22T11:46:03","modified_gmt":"2024-10-22T08:46:03","slug":"antalya-barosunun-yeni-baskanindan-ilk-aciklama-her-turlu-haksizligin-karsisindayiz","status":"publish","type":"post","link":"https:\/\/denizcankizil.tr\/ru\/haberler\/gundem\/antalya-barosunun-yeni-baskanindan-ilk-aciklama-her-turlu-haksizligin-karsisindayiz\/","title":{"rendered":"Antalya Barosu&#8217;nun yeni ba\u015fkan\u0131ndan ilk a\u00e7\u0131klama: Her t\u00fcrl\u00fc haks\u0131zl\u0131\u011f\u0131n kar\u015f\u0131s\u0131nday\u0131z"},"content":{"rendered":"<p>Antalya Barosunun Ola\u011fan Genel Kurulu\u2019nda heyecan dolu bir se\u00e7im geride kald\u0131. 7371 kay\u0131tl\u0131 \u00fcyeye sahip baroda 5500 \u00fcye oy kulland\u0131. Naz\u0131m Hikmet Kongre Salonu\u2019nda ger\u00e7ekle\u015ftirilen genel kurulda, Ali \u00c7a\u011fda\u015f Bozaner, rakipleri Cenk Soyer ve Alper K\u00f6leo\u011flu\u2019nu geride b\u0131rakarak Antalya Barosu\u2019nun yeni ba\u015fkan\u0131 se\u00e7ildi. Bozaner, 34 sand\u0131\u011f\u0131n 35\u2019ini de \u00f6nde tamamlay\u0131p, yakla\u015f\u0131k 1900 oy alarak b\u00fcy\u00fck bir ba\u015far\u0131ya imza att\u0131. En yak\u0131n rakibi Cenk Soyer 1200 oy al\u0131rken, Alper K\u00f6leo\u011flu ise yakla\u015f\u0131k 1000 oy ald\u0131.\u00a0<\/p>\n<p>\u2018ARTIK UMUDU YE\u015eERTME ZAMANI\u2019<\/p>\n<p>Yeni Baro Ba\u015fkan\u0131 olarak g\u00f6revine ba\u015flayan Ali \u00c7a\u011fda\u015f Bozaner, sosyal medya \u00fczerinden ilk a\u00e7\u0131klamas\u0131n\u0131 yapt\u0131. Bozaner, hi\u00e7bir meslekta\u015f\u0131n\u0131 yaln\u0131z b\u0131rakmayaca\u011f\u0131n\u0131 ve her t\u00fcrl\u00fc haks\u0131zl\u0131\u011fa kar\u015f\u0131 duraca\u011f\u0131na dahil s\u00f6z vererek, yeni d\u00f6nem i\u00e7in olumlu sinyaller verdi. Bozaner\u2019in a\u00e7\u0131klamas\u0131 ise \u015fu \u015fekilde:\u00a0<\/p>\n<p>2007 y\u0131l\u0131nda \u00f6\u011frenci olarak geldi\u011fim Antalya\u2019m\u0131zda \u015fimdiye kadar hayat\u0131n her alan\u0131nda m\u00fccadele verdim. Hafta sonu ger\u00e7ekle\u015ftirilen Antalya Barosu Ola\u011fan Genel Kurulunda ise meslekta\u015flar\u0131m\u0131z\u0131n tevecc\u00fch\u00fc ile Antalya Barosu Ba\u015fkan\u0131 se\u00e7ildim. Bunun umutsuz olanlara, gen\u00e7lere, bir g\u00fcven ve cesaret vermesini dilerim.\u00a0<br \/>\nOrtaya \u00e7\u0131kan se\u00e7im sonu\u00e7lar\u0131 ile omuzlar\u0131ma y\u00fcklenen sorumlulu\u011fun fark\u0131nda oldu\u011fumu belirtir ve bu y\u00fck\u00fc ta\u015f\u0131mam konusunda kimsenin teredd\u00fcd\u00fc bulunmamas\u0131n\u0131 isterim.<br \/>\nAylard\u0131r s\u00fcren m\u00fccadelemizde bizim i\u00e7in emek veren, al\u0131n teri d\u00f6ken, inanc\u0131m\u0131za inanc\u0131n\u0131 katan, ba\u015fta e\u015fim Ayg\u00fcl G\u00fcng\u00f6r Bozaner ve y\u00f6netim kurulu aday\u0131 arkada\u015flar\u0131m olmak \u00fczere b\u00fcy\u00fck fedakarl\u0131k g\u00f6steren t\u00fcm \u00e7al\u0131\u015fma arkada\u015flar\u0131ma ne kadar te\u015fekk\u00fcr etsem azd\u0131r.\u00a0<br \/>\nEsas \u00e7al\u0131\u015fmalar\u0131m\u0131z bundan sonra ba\u015flayacak ve 100\u2019\u00fcnc\u00fc y\u0131l\u0131m\u0131za girece\u011fimiz bu d\u00f6nemde Baromuzu \u00e7ok iyi yerlere ta\u015f\u0131yaca\u011f\u0131z. Hi\u00e7bir meslekta\u015f\u0131m\u0131z\u0131 yaln\u0131z b\u0131rakmayacak, her t\u00fcrl\u00fc haks\u0131zl\u0131\u011fa kar\u015f\u0131 duraca\u011f\u0131z.\u00a0<br \/>\nBu vesile ile \u00f6nceki d\u00f6nem Antalya Barosu ba\u015fkan\u0131 Av. H\u00fcseyin Ge\u00e7ilmez ve bu se\u00e7imdeki ba\u015fkan aday\u0131 meslekta\u015flar\u0131m Av. Cenk Soyer, Av. Alper K\u00f6leo\u011flu ve Av. M\u00fccahit G\u00fcndo\u011fdu\u2019ya ve t\u00fcm aday olanlara te\u015fekk\u00fcr eder; Y\u00f6netim Kurulu, Denetleme Kurulu, Disiplin Kurulu \u00fcyesi ve TBB Delegesi se\u00e7ilen meslekta\u015flar\u0131m\u0131 kutlar\u0131m. \u0130nan\u0131yorum ki bundan sonra Baromuz ve mesle\u011fimiz i\u00e7in hep birlikte m\u00fccadele edece\u011fiz. Art\u0131k umudu ye\u015fertme zaman\u0131.<\/p>\n<p>\u00a0<\/p>\n<p>\u200b7317 kay\u0131tl\u0131 \u00fcyesi ile Antalya\u2019n\u0131n en g\u00fc\u00e7l\u00fc meslek kurulu\u015flar\u0131ndan biri olan Antalya Barosu\u2019nun yeni ba\u015fkan\u0131 Ali \u00c7a\u011fda\u015f Bozaner oldu. Se\u00e7imin ard\u0131ndan sosyal medya \u00fczerinden ilk a\u00e7\u0131klamas\u0131n\u0131 yapan Bozaner, \u201cBaromuzu \u00e7ok iyi yerlere ta\u015f\u0131yaca\u011f\u0131z. Hi\u00e7bir meslekta\u015f\u0131m\u0131z\u0131 yaln\u0131z b\u0131rakmayacak, her t\u00fcrl\u00fc haks\u0131zl\u0131\u011fa kar\u015f\u0131 duraca\u011f\u0131z\u201d dedi\u00a0<\/p>\n<p>\u200bHaberin Al\u0131nt\u0131land\u0131\u011f\u0131 Kaynak: www.antalyakorfez.com<\/p>","protected":false},"excerpt":{"rendered":"<p>Antalya Barosunun Ola\u011fan Genel Kurulu\u2019nda heyecan dolu bir se\u00e7im geride kald\u0131. 7371 kay\u0131tl\u0131 \u00fcyeye sahip baroda 5500 \u00fcye oy kulland\u0131. Naz\u0131m Hikmet Kongre Salonu\u2019nda ger\u00e7ekle\u015ftirilen genel kurulda, Ali \u00c7a\u011fda\u015f Bozaner, rakipleri Cenk Soyer ve Alper K\u00f6leo\u011flu\u2019nu geride b\u0131rakarak Antalya Barosu\u2019nun yeni ba\u015fkan\u0131 se\u00e7ildi. Bozaner, 34 sand\u0131\u011f\u0131n 35\u2019ini de \u00f6nde tamamlay\u0131p, yakla\u015f\u0131k 1900 oy alarak b\u00fcy\u00fck bir ba\u015far\u0131ya imza att\u0131. En yak\u0131n rakibi Cenk Soyer 1200 oy al\u0131rken, Alper K\u00f6leo\u011flu ise yakla\u015f\u0131k 1000 oy ald\u0131.\u00a0 \u2018ARTIK UMUDU YE\u015eERTME ZAMANI\u2019 Yeni Baro Ba\u015fkan\u0131 olarak g\u00f6revine ba\u015flayan Ali \u00c7a\u011fda\u015f Bozaner, sosyal medya \u00fczerinden ilk a\u00e7\u0131klamas\u0131n\u0131 yapt\u0131. Bozaner, hi\u00e7bir meslekta\u015f\u0131n\u0131 yaln\u0131z b\u0131rakmayaca\u011f\u0131n\u0131 ve her t\u00fcrl\u00fc haks\u0131zl\u0131\u011fa kar\u015f\u0131 duraca\u011f\u0131na dahil s\u00f6z vererek, yeni d\u00f6nem i\u00e7in olumlu sinyaller verdi. Bozaner\u2019in a\u00e7\u0131klamas\u0131 ise \u015fu \u015fekilde:\u00a0 2007 y\u0131l\u0131nda \u00f6\u011frenci olarak geldi\u011fim Antalya\u2019m\u0131zda \u015fimdiye kadar hayat\u0131n her alan\u0131nda m\u00fccadele verdim. Hafta sonu ger\u00e7ekle\u015ftirilen Antalya Barosu Ola\u011fan Genel Kurulunda ise meslekta\u015flar\u0131m\u0131z\u0131n tevecc\u00fch\u00fc ile Antalya Barosu Ba\u015fkan\u0131 se\u00e7ildim. Bunun umutsuz olanlara, gen\u00e7lere, bir g\u00fcven ve cesaret vermesini dilerim.\u00a0 Ortaya \u00e7\u0131kan se\u00e7im sonu\u00e7lar\u0131 ile omuzlar\u0131ma y\u00fcklenen sorumlulu\u011fun fark\u0131nda oldu\u011fumu belirtir ve bu y\u00fck\u00fc ta\u015f\u0131mam konusunda kimsenin teredd\u00fcd\u00fc bulunmamas\u0131n\u0131 isterim. Aylard\u0131r s\u00fcren m\u00fccadelemizde bizim i\u00e7in emek veren, al\u0131n teri d\u00f6ken, inanc\u0131m\u0131za inanc\u0131n\u0131 katan, ba\u015fta e\u015fim Ayg\u00fcl G\u00fcng\u00f6r Bozaner ve y\u00f6netim kurulu aday\u0131 arkada\u015flar\u0131m &hellip;<\/p>","protected":false},"author":0,"featured_media":0,"comment_status":"open","ping_status":"open","sticky":false,"template":"","format":"standard","meta":{"_acf_changed":false,"footnotes":""},"categories":[24,535],"tags":[],"class_list":["post-6521","post","type-post","status-publish","format-standard","has-post-thumbnail","hentry","category-gundem","category-uncategorized-tr"],"acf":[],"yoast_head":"<!-- This site is optimized with the Yoast SEO Premium plugin v26.6 (Yoast SEO v27.1.1) - https:\/\/yoast.com\/product\/yoast-seo-premium-wordpress\/ -->\n<title>Antalya Barosu&#039;nun yeni ba\u015fkan\u0131ndan ilk a\u00e7\u0131klama: Her t\u00fcrl\u00fc haks\u0131zl\u0131\u011f\u0131n kar\u015f\u0131s\u0131nday\u0131z - Av. Deniz Can K\u0131z\u0131l<\/title>\n<meta name=\"robots\" content=\"index, follow, max-snippet:-1, max-image-preview:large, max-video-preview:-1\" \/>\n<link rel=\"canonical\" href=\"https:\/\/denizcankizil.tr\/ru\/haberler\/gundem\/antalya-barosunun-yeni-baskanindan-ilk-aciklama-her-turlu-haksizligin-karsisindayiz\/\" \/>\n<meta property=\"og:locale\" content=\"ru_RU\" \/>\n<meta property=\"og:type\" content=\"article\" \/>\n<meta property=\"og:title\" content=\"Antalya Barosu&#039;nun yeni ba\u015fkan\u0131ndan ilk a\u00e7\u0131klama: Her t\u00fcrl\u00fc haks\u0131zl\u0131\u011f\u0131n kar\u015f\u0131s\u0131nday\u0131z\" \/>\n<meta property=\"og:description\" content=\"Antalya Barosunun Ola\u011fan Genel Kurulu\u2019nda heyecan dolu bir se\u00e7im geride kald\u0131. 7371 kay\u0131tl\u0131 \u00fcyeye sahip baroda 5500 \u00fcye oy kulland\u0131. Naz\u0131m Hikmet Kongre Salonu\u2019nda ger\u00e7ekle\u015ftirilen genel kurulda, Ali \u00c7a\u011fda\u015f Bozaner, rakipleri Cenk Soyer ve Alper K\u00f6leo\u011flu\u2019nu geride b\u0131rakarak Antalya Barosu\u2019nun yeni ba\u015fkan\u0131 se\u00e7ildi. Bozaner, 34 sand\u0131\u011f\u0131n 35\u2019ini de \u00f6nde tamamlay\u0131p, yakla\u015f\u0131k 1900 oy alarak b\u00fcy\u00fck bir ba\u015far\u0131ya imza att\u0131. En yak\u0131n rakibi Cenk Soyer 1200 oy al\u0131rken, Alper K\u00f6leo\u011flu ise yakla\u015f\u0131k 1000 oy ald\u0131.\u00a0 \u2018ARTIK UMUDU YE\u015eERTME ZAMANI\u2019 Yeni Baro Ba\u015fkan\u0131 olarak g\u00f6revine ba\u015flayan Ali \u00c7a\u011fda\u015f Bozaner, sosyal medya \u00fczerinden ilk a\u00e7\u0131klamas\u0131n\u0131 yapt\u0131. Bozaner, hi\u00e7bir meslekta\u015f\u0131n\u0131 yaln\u0131z b\u0131rakmayaca\u011f\u0131n\u0131 ve her t\u00fcrl\u00fc haks\u0131zl\u0131\u011fa kar\u015f\u0131 duraca\u011f\u0131na dahil s\u00f6z vererek, yeni d\u00f6nem i\u00e7in olumlu sinyaller verdi. Bozaner\u2019in a\u00e7\u0131klamas\u0131 ise \u015fu \u015fekilde:\u00a0 2007 y\u0131l\u0131nda \u00f6\u011frenci olarak geldi\u011fim Antalya\u2019m\u0131zda \u015fimdiye kadar hayat\u0131n her alan\u0131nda m\u00fccadele verdim. Hafta sonu ger\u00e7ekle\u015ftirilen Antalya Barosu Ola\u011fan Genel Kurulunda ise meslekta\u015flar\u0131m\u0131z\u0131n tevecc\u00fch\u00fc ile Antalya Barosu Ba\u015fkan\u0131 se\u00e7ildim. Bunun umutsuz olanlara, gen\u00e7lere, bir g\u00fcven ve cesaret vermesini dilerim.\u00a0 Ortaya \u00e7\u0131kan se\u00e7im sonu\u00e7lar\u0131 ile omuzlar\u0131ma y\u00fcklenen sorumlulu\u011fun fark\u0131nda oldu\u011fumu belirtir ve bu y\u00fck\u00fc ta\u015f\u0131mam konusunda kimsenin teredd\u00fcd\u00fc bulunmamas\u0131n\u0131 isterim. Aylard\u0131r s\u00fcren m\u00fccadelemizde bizim i\u00e7in emek veren, al\u0131n teri d\u00f6ken, inanc\u0131m\u0131za inanc\u0131n\u0131 katan, ba\u015fta e\u015fim Ayg\u00fcl G\u00fcng\u00f6r Bozaner ve y\u00f6netim kurulu aday\u0131 arkada\u015flar\u0131m &hellip;\" \/>\n<meta property=\"og:url\" content=\"https:\/\/denizcankizil.tr\/ru\/haberler\/gundem\/antalya-barosunun-yeni-baskanindan-ilk-aciklama-her-turlu-haksizligin-karsisindayiz\/\" \/>\n<meta property=\"og:site_name\" content=\"Av. Deniz Can K\u0131z\u0131l\" \/>\n<meta property=\"article:published_time\" content=\"2024-10-22T08:46:03+00:00\" \/>\n<meta name=\"twitter:card\" content=\"summary_large_image\" \/>\n<meta name=\"twitter:label1\" content=\"\u041f\u0440\u0438\u043c\u0435\u0440\u043d\u043e\u0435 \u0432\u0440\u0435\u043c\u044f \u0434\u043b\u044f \u0447\u0442\u0435\u043d\u0438\u044f\" \/>\n\t<meta name=\"twitter:data1\" content=\"3 \u043c\u0438\u043d\u0443\u0442\u044b\" \/>\n<script type=\"application\/ld+json\" class=\"yoast-schema-graph\">{\"@context\":\"https:\/\/schema.org\",\"@graph\":[{\"@type\":\"Article\",\"@id\":\"https:\/\/denizcankizil.tr\/ru\/haberler\/gundem\/antalya-barosunun-yeni-baskanindan-ilk-aciklama-her-turlu-haksizligin-karsisindayiz\/#article\",\"isPartOf\":{\"@id\":\"https:\/\/denizcankizil.tr\/ru\/haberler\/gundem\/antalya-barosunun-yeni-baskanindan-ilk-aciklama-her-turlu-haksizligin-karsisindayiz\/\"},\"author\":{\"name\":\"\",\"@id\":\"\"},\"headline\":\"Antalya Barosu&#8217;nun yeni ba\u015fkan\u0131ndan ilk a\u00e7\u0131klama: Her t\u00fcrl\u00fc haks\u0131zl\u0131\u011f\u0131n kar\u015f\u0131s\u0131nday\u0131z\",\"datePublished\":\"2024-10-22T08:46:03+00:00\",\"mainEntityOfPage\":{\"@id\":\"https:\/\/denizcankizil.tr\/ru\/haberler\/gundem\/antalya-barosunun-yeni-baskanindan-ilk-aciklama-her-turlu-haksizligin-karsisindayiz\/\"},\"wordCount\":544,\"commentCount\":0,\"publisher\":{\"@id\":\"https:\/\/denizcankizil.tr\/#organization\"},\"articleSection\":[\"G\u00fcndem\",\"Uncategorized\"],\"inLanguage\":\"ru-RU\",\"potentialAction\":[{\"@type\":\"CommentAction\",\"name\":\"Comment\",\"target\":[\"https:\/\/denizcankizil.tr\/ru\/haberler\/gundem\/antalya-barosunun-yeni-baskanindan-ilk-aciklama-her-turlu-haksizligin-karsisindayiz\/#respond\"]}]},{\"@type\":\"WebPage\",\"@id\":\"https:\/\/denizcankizil.tr\/ru\/haberler\/gundem\/antalya-barosunun-yeni-baskanindan-ilk-aciklama-her-turlu-haksizligin-karsisindayiz\/\",\"url\":\"https:\/\/denizcankizil.tr\/ru\/haberler\/gundem\/antalya-barosunun-yeni-baskanindan-ilk-aciklama-her-turlu-haksizligin-karsisindayiz\/\",\"name\":\"Antalya Barosu'nun yeni ba\u015fkan\u0131ndan ilk a\u00e7\u0131klama: Her t\u00fcrl\u00fc haks\u0131zl\u0131\u011f\u0131n kar\u015f\u0131s\u0131nday\u0131z - Av. Deniz Can K\u0131z\u0131l\",\"isPartOf\":{\"@id\":\"https:\/\/denizcankizil.tr\/#website\"},\"datePublished\":\"2024-10-22T08:46:03+00:00\",\"breadcrumb\":{\"@id\":\"https:\/\/denizcankizil.tr\/ru\/haberler\/gundem\/antalya-barosunun-yeni-baskanindan-ilk-aciklama-her-turlu-haksizligin-karsisindayiz\/#breadcrumb\"},\"inLanguage\":\"ru-RU\",\"potentialAction\":[{\"@type\":\"ReadAction\",\"target\":[\"https:\/\/denizcankizil.tr\/ru\/haberler\/gundem\/antalya-barosunun-yeni-baskanindan-ilk-aciklama-her-turlu-haksizligin-karsisindayiz\/\"]}]},{\"@type\":\"BreadcrumbList\",\"@id\":\"https:\/\/denizcankizil.tr\/ru\/haberler\/gundem\/antalya-barosunun-yeni-baskanindan-ilk-aciklama-her-turlu-haksizligin-karsisindayiz\/#breadcrumb\",\"itemListElement\":[{\"@type\":\"ListItem\",\"position\":1,\"name\":\"Home\",\"item\":\"https:\/\/denizcankizil.tr\/de\/\"},{\"@type\":\"ListItem\",\"position\":2,\"name\":\"Antalya Barosu&#8217;nun yeni ba\u015fkan\u0131ndan ilk a\u00e7\u0131klama: Her t\u00fcrl\u00fc haks\u0131zl\u0131\u011f\u0131n kar\u015f\u0131s\u0131nday\u0131z\"}]},{\"@type\":\"WebSite\",\"@id\":\"https:\/\/denizcankizil.tr\/#website\",\"url\":\"https:\/\/denizcankizil.tr\/\",\"name\":\"Av. Deniz Can K\u0131z\u0131l\",\"description\":\"Avukat Deniz Can K\u0131z\u0131l Antalya Barosu\",\"publisher\":{\"@id\":\"https:\/\/denizcankizil.tr\/#organization\"},\"potentialAction\":[{\"@type\":\"SearchAction\",\"target\":{\"@type\":\"EntryPoint\",\"urlTemplate\":\"https:\/\/denizcankizil.tr\/?s={search_term_string}\"},\"query-input\":{\"@type\":\"PropertyValueSpecification\",\"valueRequired\":true,\"valueName\":\"search_term_string\"}}],\"inLanguage\":\"ru-RU\"},{\"@type\":\"Organization\",\"@id\":\"https:\/\/denizcankizil.tr\/#organization\",\"name\":\"Av. Deniz Can K\u0131z\u0131l\",\"url\":\"https:\/\/denizcankizil.tr\/\",\"logo\":{\"@type\":\"ImageObject\",\"inLanguage\":\"ru-RU\",\"@id\":\"https:\/\/denizcankizil.tr\/#\/schema\/logo\/image\/\",\"url\":\"https:\/\/denizcankizil.tr\/wp-content\/uploads\/2024\/10\/siyah-logo-svg.svg\",\"contentUrl\":\"https:\/\/denizcankizil.tr\/wp-content\/uploads\/2024\/10\/siyah-logo-svg.svg\",\"width\":1080,\"height\":1080,\"caption\":\"Av. Deniz Can K\u0131z\u0131l\"},\"image\":{\"@id\":\"https:\/\/denizcankizil.tr\/#\/schema\/logo\/image\/\"}}]}<\/script>\n<!-- \/ Yoast SEO Premium plugin. -->","yoast_head_json":{"title":"Antalya Barosu'nun yeni ba\u015fkan\u0131ndan ilk a\u00e7\u0131klama: Her t\u00fcrl\u00fc haks\u0131zl\u0131\u011f\u0131n kar\u015f\u0131s\u0131nday\u0131z - Av. Deniz Can K\u0131z\u0131l","robots":{"index":"index","follow":"follow","max-snippet":"max-snippet:-1","max-image-preview":"max-image-preview:large","max-video-preview":"max-video-preview:-1"},"canonical":"https:\/\/denizcankizil.tr\/ru\/haberler\/gundem\/antalya-barosunun-yeni-baskanindan-ilk-aciklama-her-turlu-haksizligin-karsisindayiz\/","og_locale":"ru_RU","og_type":"article","og_title":"Antalya Barosu'nun yeni ba\u015fkan\u0131ndan ilk a\u00e7\u0131klama: Her t\u00fcrl\u00fc haks\u0131zl\u0131\u011f\u0131n kar\u015f\u0131s\u0131nday\u0131z","og_description":"Antalya Barosunun Ola\u011fan Genel Kurulu\u2019nda heyecan dolu bir se\u00e7im geride kald\u0131. 7371 kay\u0131tl\u0131 \u00fcyeye sahip baroda 5500 \u00fcye oy kulland\u0131. Naz\u0131m Hikmet Kongre Salonu\u2019nda ger\u00e7ekle\u015ftirilen genel kurulda, Ali \u00c7a\u011fda\u015f Bozaner, rakipleri Cenk Soyer ve Alper K\u00f6leo\u011flu\u2019nu geride b\u0131rakarak Antalya Barosu\u2019nun yeni ba\u015fkan\u0131 se\u00e7ildi. Bozaner, 34 sand\u0131\u011f\u0131n 35\u2019ini de \u00f6nde tamamlay\u0131p, yakla\u015f\u0131k 1900 oy alarak b\u00fcy\u00fck bir ba\u015far\u0131ya imza att\u0131. En yak\u0131n rakibi Cenk Soyer 1200 oy al\u0131rken, Alper K\u00f6leo\u011flu ise yakla\u015f\u0131k 1000 oy ald\u0131.\u00a0 \u2018ARTIK UMUDU YE\u015eERTME ZAMANI\u2019 Yeni Baro Ba\u015fkan\u0131 olarak g\u00f6revine ba\u015flayan Ali \u00c7a\u011fda\u015f Bozaner, sosyal medya \u00fczerinden ilk a\u00e7\u0131klamas\u0131n\u0131 yapt\u0131. Bozaner, hi\u00e7bir meslekta\u015f\u0131n\u0131 yaln\u0131z b\u0131rakmayaca\u011f\u0131n\u0131 ve her t\u00fcrl\u00fc haks\u0131zl\u0131\u011fa kar\u015f\u0131 duraca\u011f\u0131na dahil s\u00f6z vererek, yeni d\u00f6nem i\u00e7in olumlu sinyaller verdi. Bozaner\u2019in a\u00e7\u0131klamas\u0131 ise \u015fu \u015fekilde:\u00a0 2007 y\u0131l\u0131nda \u00f6\u011frenci olarak geldi\u011fim Antalya\u2019m\u0131zda \u015fimdiye kadar hayat\u0131n her alan\u0131nda m\u00fccadele verdim. Hafta sonu ger\u00e7ekle\u015ftirilen Antalya Barosu Ola\u011fan Genel Kurulunda ise meslekta\u015flar\u0131m\u0131z\u0131n tevecc\u00fch\u00fc ile Antalya Barosu Ba\u015fkan\u0131 se\u00e7ildim. Bunun umutsuz olanlara, gen\u00e7lere, bir g\u00fcven ve cesaret vermesini dilerim.\u00a0 Ortaya \u00e7\u0131kan se\u00e7im sonu\u00e7lar\u0131 ile omuzlar\u0131ma y\u00fcklenen sorumlulu\u011fun fark\u0131nda oldu\u011fumu belirtir ve bu y\u00fck\u00fc ta\u015f\u0131mam konusunda kimsenin teredd\u00fcd\u00fc bulunmamas\u0131n\u0131 isterim. Aylard\u0131r s\u00fcren m\u00fccadelemizde bizim i\u00e7in emek veren, al\u0131n teri d\u00f6ken, inanc\u0131m\u0131za inanc\u0131n\u0131 katan, ba\u015fta e\u015fim Ayg\u00fcl G\u00fcng\u00f6r Bozaner ve y\u00f6netim kurulu aday\u0131 arkada\u015flar\u0131m &hellip;","og_url":"https:\/\/denizcankizil.tr\/ru\/haberler\/gundem\/antalya-barosunun-yeni-baskanindan-ilk-aciklama-her-turlu-haksizligin-karsisindayiz\/","og_site_name":"Av. Deniz Can K\u0131z\u0131l","article_published_time":"2024-10-22T08:46:03+00:00","twitter_card":"summary_large_image","twitter_misc":{"\u041f\u0440\u0438\u043c\u0435\u0440\u043d\u043e\u0435 \u0432\u0440\u0435\u043c\u044f \u0434\u043b\u044f \u0447\u0442\u0435\u043d\u0438\u044f":"3 \u043c\u0438\u043d\u0443\u0442\u044b"},"schema":{"@context":"https:\/\/schema.org","@graph":[{"@type":"Article","@id":"https:\/\/denizcankizil.tr\/ru\/haberler\/gundem\/antalya-barosunun-yeni-baskanindan-ilk-aciklama-her-turlu-haksizligin-karsisindayiz\/#article","isPartOf":{"@id":"https:\/\/denizcankizil.tr\/ru\/haberler\/gundem\/antalya-barosunun-yeni-baskanindan-ilk-aciklama-her-turlu-haksizligin-karsisindayiz\/"},"author":{"name":"","@id":""},"headline":"Antalya Barosu&#8217;nun yeni ba\u015fkan\u0131ndan ilk a\u00e7\u0131klama: Her t\u00fcrl\u00fc haks\u0131zl\u0131\u011f\u0131n kar\u015f\u0131s\u0131nday\u0131z","datePublished":"2024-10-22T08:46:03+00:00","mainEntityOfPage":{"@id":"https:\/\/denizcankizil.tr\/ru\/haberler\/gundem\/antalya-barosunun-yeni-baskanindan-ilk-aciklama-her-turlu-haksizligin-karsisindayiz\/"},"wordCount":544,"commentCount":0,"publisher":{"@id":"https:\/\/denizcankizil.tr\/#organization"},"articleSection":["G\u00fcndem","Uncategorized"],"inLanguage":"ru-RU","potentialAction":[{"@type":"CommentAction","name":"Comment","target":["https:\/\/denizcankizil.tr\/ru\/haberler\/gundem\/antalya-barosunun-yeni-baskanindan-ilk-aciklama-her-turlu-haksizligin-karsisindayiz\/#respond"]}]},{"@type":"WebPage","@id":"https:\/\/denizcankizil.tr\/ru\/haberler\/gundem\/antalya-barosunun-yeni-baskanindan-ilk-aciklama-her-turlu-haksizligin-karsisindayiz\/","url":"https:\/\/denizcankizil.tr\/ru\/haberler\/gundem\/antalya-barosunun-yeni-baskanindan-ilk-aciklama-her-turlu-haksizligin-karsisindayiz\/","name":"Antalya Barosu'nun yeni ba\u015fkan\u0131ndan ilk a\u00e7\u0131klama: Her t\u00fcrl\u00fc haks\u0131zl\u0131\u011f\u0131n kar\u015f\u0131s\u0131nday\u0131z - Av. Deniz Can K\u0131z\u0131l","isPartOf":{"@id":"https:\/\/denizcankizil.tr\/#website"},"datePublished":"2024-10-22T08:46:03+00:00","breadcrumb":{"@id":"https:\/\/denizcankizil.tr\/ru\/haberler\/gundem\/antalya-barosunun-yeni-baskanindan-ilk-aciklama-her-turlu-haksizligin-karsisindayiz\/#breadcrumb"},"inLanguage":"ru-RU","potentialAction":[{"@type":"ReadAction","target":["https:\/\/denizcankizil.tr\/ru\/haberler\/gundem\/antalya-barosunun-yeni-baskanindan-ilk-aciklama-her-turlu-haksizligin-karsisindayiz\/"]}]},{"@type":"BreadcrumbList","@id":"https:\/\/denizcankizil.tr\/ru\/haberler\/gundem\/antalya-barosunun-yeni-baskanindan-ilk-aciklama-her-turlu-haksizligin-karsisindayiz\/#breadcrumb","itemListElement":[{"@type":"ListItem","position":1,"name":"Home","item":"https:\/\/denizcankizil.tr\/de\/"},{"@type":"ListItem","position":2,"name":"Antalya Barosu&#8217;nun yeni ba\u015fkan\u0131ndan ilk a\u00e7\u0131klama: Her t\u00fcrl\u00fc haks\u0131zl\u0131\u011f\u0131n kar\u015f\u0131s\u0131nday\u0131z"}]},{"@type":"WebSite","@id":"https:\/\/denizcankizil.tr\/#website","url":"https:\/\/denizcankizil.tr\/","name":"Av. Deniz Can K\u0131z\u0131l","description":"Avukat Deniz Can K\u0131z\u0131l Antalya Barosu","publisher":{"@id":"https:\/\/denizcankizil.tr\/#organization"},"potentialAction":[{"@type":"SearchAction","target":{"@type":"EntryPoint","urlTemplate":"https:\/\/denizcankizil.tr\/?s={search_term_string}"},"query-input":{"@type":"PropertyValueSpecification","valueRequired":true,"valueName":"search_term_string"}}],"inLanguage":"ru-RU"},{"@type":"Organization","@id":"https:\/\/denizcankizil.tr\/#organization","name":"Av. Deniz Can K\u0131z\u0131l","url":"https:\/\/denizcankizil.tr\/","logo":{"@type":"ImageObject","inLanguage":"ru-RU","@id":"https:\/\/denizcankizil.tr\/#\/schema\/logo\/image\/","url":"https:\/\/denizcankizil.tr\/wp-content\/uploads\/2024\/10\/siyah-logo-svg.svg","contentUrl":"https:\/\/denizcankizil.tr\/wp-content\/uploads\/2024\/10\/siyah-logo-svg.svg","width":1080,"height":1080,"caption":"Av. Deniz Can K\u0131z\u0131l"},"image":{"@id":"https:\/\/denizcankizil.tr\/#\/schema\/logo\/image\/"}}]}},"_links":{"self":[{"href":"https:\/\/denizcankizil.tr\/ru\/wp-json\/wp\/v2\/posts\/6521","targetHints":{"allow":["GET"]}}],"collection":[{"href":"https:\/\/denizcankizil.tr\/ru\/wp-json\/wp\/v2\/posts"}],"about":[{"href":"https:\/\/denizcankizil.tr\/ru\/wp-json\/wp\/v2\/types\/post"}],"replies":[{"embeddable":true,"href":"https:\/\/denizcankizil.tr\/ru\/wp-json\/wp\/v2\/comments?post=6521"}],"version-history":[{"count":0,"href":"https:\/\/denizcankizil.tr\/ru\/wp-json\/wp\/v2\/posts\/6521\/revisions"}],"wp:attachment":[{"href":"https:\/\/denizcankizil.tr\/ru\/wp-json\/wp\/v2\/media?parent=6521"}],"wp:term":[{"taxonomy":"category","embeddable":true,"href":"https:\/\/denizcankizil.tr\/ru\/wp-json\/wp\/v2\/categories?post=6521"},{"taxonomy":"post_tag","embeddable":true,"href":"https:\/\/denizcankizil.tr\/ru\/wp-json\/wp\/v2\/tags?post=6521"}],"curies":[{"name":"wp","href":"https:\/\/api.w.org\/{rel}","templated":true}]}}