{"id":64867,"date":"2025-04-24T11:41:20","date_gmt":"2025-04-24T08:41:20","guid":{"rendered":"https:\/\/denizcankizil.tr\/uncategorized-tr\/antalyanin-o-caddesinde-onemli-calisma-artik-u-donusu-yapilamayacak-ters-seride-girilemeyecek\/"},"modified":"2025-04-24T11:41:20","modified_gmt":"2025-04-24T08:41:20","slug":"antalyanin-o-caddesinde-onemli-calisma-artik-u-donusu-yapilamayacak-ters-seride-girilemeyecek","status":"publish","type":"post","link":"https:\/\/denizcankizil.tr\/ru\/haberler\/gundem\/antalyanin-o-caddesinde-onemli-calisma-artik-u-donusu-yapilamayacak-ters-seride-girilemeyecek\/","title":{"rendered":"Antalya&#8217;n\u0131n o caddesinde \u00f6nemli \u00e7al\u0131\u015fma: Art\u0131k U d\u00f6n\u00fc\u015f\u00fc yap\u0131lamayacak, ters \u015feride girilemeyecek"},"content":{"rendered":"<p>Antalya\u2019n\u0131n Muratpa\u015fa il\u00e7esindeki Anafartalar Caddesi\u2019nde \u00f6nemli bir \u00e7al\u0131\u015fma yap\u0131ld\u0131. Yo\u011fun trafik ak\u0131\u015f\u0131n\u0131n oldu\u011fu caddede Antalya B\u00fcy\u00fck\u015fehir Belediyesi yeni bir d\u00fczenleme yapt\u0131. G\u00fcll\u00fck istikametinden Atat\u00fcrk Devlet Hastanesi istikameti gidenlerin U d\u00f6n\u00fc\u015f\u00fc yapt\u0131\u011f\u0131 ya da G\u00fcll\u00fck istikametinden gelip 156. soka\u011fa girmek isteyenlerin ve yine 156. sokaktan ters \u015feride ge\u00e7mek isteyenlerin trafi\u011fi aksatt\u0131\u011f\u0131 cadde \u00fczerine duba yerle\u015ftirildi.<\/p>\n<p>S\u00dcREKL\u0130 KAZALAR OLUYORDU <\/p>\n<p>S\u00fcr\u00fcc\u00fclerin s\u0131k s\u0131k sola d\u00f6nmek i\u00e7in kulland\u0131\u011f\u0131 Anafartalar Caddesi&#8217;nde s\u00fcrekli kazalar meydana geliyordu. Ara soka\u011fa girmek i\u00e7in sola d\u00f6nenler., U d\u00f6n\u00fc\u015f\u00fc yapanlar ve 156. sokaktan kar\u015f\u0131 \u015feride ge\u00e7mek isteyenler nedeniyle ke\u015fmeke\u015f ya\u015fanan caddede yeni d\u00fczenleme ile trafi\u011fin daha ak\u0131c\u0131 ilerlemesi hedefleniyor.<\/p>\n<p>AMBULANS TERS Y\u00d6NDEN G\u0130TMEK ZORUNDAYDI <\/p>\n<p>S\u00fcr\u00fcc\u00fclerin sol \u015feritte ge\u00e7meye \u00e7al\u0131\u015fmas\u0131 trafik yo\u011funlu\u011funa sebep olurken Anafartalar Caddesi\u2019nde ise zor anlar ya\u015fan\u0131yordu. Yakla\u015f\u0131k 1 bu\u00e7uk kilometre uzayan trafikte zorluk ya\u015fayan ambulanslar, ters y\u00f6ne girmek zorunda kal\u0131yordu. Bu durum hem ambulans\u0131n i\u00e7indeki ekibin hem de yolu kullana s\u00fcr\u00fcc\u00fclerin hayatlar\u0131 i\u00e7in tehlike yarat\u0131yordu. Dubalar\u0131n yerle\u015ftirilmesiyle beraber trafik yo\u011funlu\u011funda da bir azalma ya\u015fanaca\u011f\u0131 \u00f6n g\u00f6r\u00fcl\u00fcyor.<\/p>\n<p>\u200bAntalya\u2019da G\u00fcll\u00fck istikametinden Atat\u00fcrk Devlet Hastanesi istikametine gidenlerin U d\u00f6n\u00fc\u015f\u00fc yapt\u0131\u011f\u0131 yada 156. soka\u011fa girmek i\u00e7in trafi\u011fi aksatt\u0131\u011f\u0131 Anafartalar Caddesi&#8217;nde \u00f6nemli bir \u00e7al\u0131\u015fma yap\u0131ld\u0131. Ayr\u0131nt\u0131lar haberimizde&#8230;\u00a0<\/p>\n<p>\u200bHaberin Al\u0131nt\u0131land\u0131\u011f\u0131 Kaynak: www.antalyakorfez.com<\/p>","protected":false},"excerpt":{"rendered":"<p>Antalya\u2019n\u0131n Muratpa\u015fa il\u00e7esindeki Anafartalar Caddesi\u2019nde \u00f6nemli bir \u00e7al\u0131\u015fma yap\u0131ld\u0131. Yo\u011fun trafik ak\u0131\u015f\u0131n\u0131n oldu\u011fu caddede Antalya B\u00fcy\u00fck\u015fehir Belediyesi yeni bir d\u00fczenleme yapt\u0131. G\u00fcll\u00fck istikametinden Atat\u00fcrk Devlet Hastanesi istikameti gidenlerin U d\u00f6n\u00fc\u015f\u00fc yapt\u0131\u011f\u0131 ya da G\u00fcll\u00fck istikametinden gelip 156. soka\u011fa girmek isteyenlerin ve yine 156. sokaktan ters \u015feride ge\u00e7mek isteyenlerin trafi\u011fi aksatt\u0131\u011f\u0131 cadde \u00fczerine duba yerle\u015ftirildi. S\u00dcREKL\u0130 KAZALAR OLUYORDU S\u00fcr\u00fcc\u00fclerin s\u0131k s\u0131k sola d\u00f6nmek i\u00e7in kulland\u0131\u011f\u0131 Anafartalar Caddesi&#8217;nde s\u00fcrekli kazalar meydana geliyordu. Ara soka\u011fa girmek i\u00e7in sola d\u00f6nenler., U d\u00f6n\u00fc\u015f\u00fc yapanlar ve 156. sokaktan kar\u015f\u0131 \u015feride ge\u00e7mek isteyenler nedeniyle ke\u015fmeke\u015f ya\u015fanan caddede yeni d\u00fczenleme ile trafi\u011fin daha ak\u0131c\u0131 ilerlemesi hedefleniyor. AMBULANS TERS Y\u00d6NDEN G\u0130TMEK ZORUNDAYDI S\u00fcr\u00fcc\u00fclerin sol \u015feritte ge\u00e7meye \u00e7al\u0131\u015fmas\u0131 trafik yo\u011funlu\u011funa sebep olurken Anafartalar Caddesi\u2019nde ise zor anlar ya\u015fan\u0131yordu. Yakla\u015f\u0131k 1 bu\u00e7uk kilometre uzayan trafikte zorluk ya\u015fayan ambulanslar, ters y\u00f6ne girmek zorunda kal\u0131yordu. Bu durum hem ambulans\u0131n i\u00e7indeki ekibin hem de yolu kullana s\u00fcr\u00fcc\u00fclerin hayatlar\u0131 i\u00e7in tehlike yarat\u0131yordu. Dubalar\u0131n yerle\u015ftirilmesiyle beraber trafik yo\u011funlu\u011funda da bir azalma ya\u015fanaca\u011f\u0131 \u00f6n g\u00f6r\u00fcl\u00fcyor. \u200bAntalya\u2019da G\u00fcll\u00fck istikametinden Atat\u00fcrk Devlet Hastanesi istikametine gidenlerin U d\u00f6n\u00fc\u015f\u00fc yapt\u0131\u011f\u0131 yada 156. soka\u011fa girmek i\u00e7in trafi\u011fi aksatt\u0131\u011f\u0131 Anafartalar Caddesi&#8217;nde \u00f6nemli bir \u00e7al\u0131\u015fma yap\u0131ld\u0131. Ayr\u0131nt\u0131lar haberimizde&#8230;\u00a0 \u200bHaberin Al\u0131nt\u0131land\u0131\u011f\u0131 Kaynak: www.antalyakorfez.com<\/p>","protected":false},"author":5,"featured_media":0,"comment_status":"","ping_status":"open","sticky":false,"template":"","format":"standard","meta":{"_acf_changed":false,"footnotes":""},"categories":[24],"tags":[],"class_list":["post-64867","post","type-post","status-publish","format-standard","has-post-thumbnail","hentry","category-gundem"],"acf":[],"yoast_head":"<!-- This site is optimized with the Yoast SEO Premium plugin v26.6 (Yoast SEO v27.1.1) - https:\/\/yoast.com\/product\/yoast-seo-premium-wordpress\/ -->\n<title>Antalya&#039;n\u0131n o caddesinde \u00f6nemli \u00e7al\u0131\u015fma: Art\u0131k U d\u00f6n\u00fc\u015f\u00fc yap\u0131lamayacak, ters \u015feride girilemeyecek - Av. Deniz Can K\u0131z\u0131l<\/title>\n<meta name=\"robots\" content=\"index, follow, max-snippet:-1, max-image-preview:large, max-video-preview:-1\" \/>\n<link rel=\"canonical\" href=\"https:\/\/denizcankizil.tr\/ru\/haberler\/gundem\/antalyanin-o-caddesinde-onemli-calisma-artik-u-donusu-yapilamayacak-ters-seride-girilemeyecek\/\" \/>\n<meta property=\"og:locale\" content=\"ru_RU\" \/>\n<meta property=\"og:type\" content=\"article\" \/>\n<meta property=\"og:title\" content=\"Antalya&#039;n\u0131n o caddesinde \u00f6nemli \u00e7al\u0131\u015fma: Art\u0131k U d\u00f6n\u00fc\u015f\u00fc yap\u0131lamayacak, ters \u015feride girilemeyecek\" \/>\n<meta property=\"og:description\" content=\"Antalya\u2019n\u0131n Muratpa\u015fa il\u00e7esindeki Anafartalar Caddesi\u2019nde \u00f6nemli bir \u00e7al\u0131\u015fma yap\u0131ld\u0131. Yo\u011fun trafik ak\u0131\u015f\u0131n\u0131n oldu\u011fu caddede Antalya B\u00fcy\u00fck\u015fehir Belediyesi yeni bir d\u00fczenleme yapt\u0131. G\u00fcll\u00fck istikametinden Atat\u00fcrk Devlet Hastanesi istikameti gidenlerin U d\u00f6n\u00fc\u015f\u00fc yapt\u0131\u011f\u0131 ya da G\u00fcll\u00fck istikametinden gelip 156. soka\u011fa girmek isteyenlerin ve yine 156. sokaktan ters \u015feride ge\u00e7mek isteyenlerin trafi\u011fi aksatt\u0131\u011f\u0131 cadde \u00fczerine duba yerle\u015ftirildi. S\u00dcREKL\u0130 KAZALAR OLUYORDU S\u00fcr\u00fcc\u00fclerin s\u0131k s\u0131k sola d\u00f6nmek i\u00e7in kulland\u0131\u011f\u0131 Anafartalar Caddesi&#8217;nde s\u00fcrekli kazalar meydana geliyordu. Ara soka\u011fa girmek i\u00e7in sola d\u00f6nenler., U d\u00f6n\u00fc\u015f\u00fc yapanlar ve 156. sokaktan kar\u015f\u0131 \u015feride ge\u00e7mek isteyenler nedeniyle ke\u015fmeke\u015f ya\u015fanan caddede yeni d\u00fczenleme ile trafi\u011fin daha ak\u0131c\u0131 ilerlemesi hedefleniyor. AMBULANS TERS Y\u00d6NDEN G\u0130TMEK ZORUNDAYDI S\u00fcr\u00fcc\u00fclerin sol \u015feritte ge\u00e7meye \u00e7al\u0131\u015fmas\u0131 trafik yo\u011funlu\u011funa sebep olurken Anafartalar Caddesi\u2019nde ise zor anlar ya\u015fan\u0131yordu. Yakla\u015f\u0131k 1 bu\u00e7uk kilometre uzayan trafikte zorluk ya\u015fayan ambulanslar, ters y\u00f6ne girmek zorunda kal\u0131yordu. Bu durum hem ambulans\u0131n i\u00e7indeki ekibin hem de yolu kullana s\u00fcr\u00fcc\u00fclerin hayatlar\u0131 i\u00e7in tehlike yarat\u0131yordu. Dubalar\u0131n yerle\u015ftirilmesiyle beraber trafik yo\u011funlu\u011funda da bir azalma ya\u015fanaca\u011f\u0131 \u00f6n g\u00f6r\u00fcl\u00fcyor. \u200bAntalya\u2019da G\u00fcll\u00fck istikametinden Atat\u00fcrk Devlet Hastanesi istikametine gidenlerin U d\u00f6n\u00fc\u015f\u00fc yapt\u0131\u011f\u0131 yada 156. soka\u011fa girmek i\u00e7in trafi\u011fi aksatt\u0131\u011f\u0131 Anafartalar Caddesi&#8217;nde \u00f6nemli bir \u00e7al\u0131\u015fma yap\u0131ld\u0131. Ayr\u0131nt\u0131lar haberimizde&#8230;\u00a0 \u200bHaberin Al\u0131nt\u0131land\u0131\u011f\u0131 Kaynak: www.antalyakorfez.com\" \/>\n<meta property=\"og:url\" content=\"https:\/\/denizcankizil.tr\/ru\/haberler\/gundem\/antalyanin-o-caddesinde-onemli-calisma-artik-u-donusu-yapilamayacak-ters-seride-girilemeyecek\/\" \/>\n<meta property=\"og:site_name\" content=\"Av. Deniz Can K\u0131z\u0131l\" \/>\n<meta property=\"article:published_time\" content=\"2025-04-24T08:41:20+00:00\" \/>\n<meta name=\"author\" content=\"Antalya K\u00f6rfez\" \/>\n<meta name=\"twitter:card\" content=\"summary_large_image\" \/>\n<meta name=\"twitter:label1\" content=\"\u041d\u0430\u043f\u0438\u0441\u0430\u043d\u043e \u0430\u0432\u0442\u043e\u0440\u043e\u043c\" \/>\n\t<meta name=\"twitter:data1\" content=\"Antalya K\u00f6rfez\" \/>\n\t<meta name=\"twitter:label2\" content=\"\u041f\u0440\u0438\u043c\u0435\u0440\u043d\u043e\u0435 \u0432\u0440\u0435\u043c\u044f \u0434\u043b\u044f \u0447\u0442\u0435\u043d\u0438\u044f\" \/>\n\t<meta name=\"twitter:data2\" content=\"1 \u043c\u0438\u043d\u0443\u0442\u0430\" \/>\n<script type=\"application\/ld+json\" class=\"yoast-schema-graph\">{\"@context\":\"https:\/\/schema.org\",\"@graph\":[{\"@type\":\"Article\",\"@id\":\"https:\/\/denizcankizil.tr\/uk\/haberler\/gundem\/antalyanin-o-caddesinde-onemli-calisma-artik-u-donusu-yapilamayacak-ters-seride-girilemeyecek\/#article\",\"isPartOf\":{\"@id\":\"https:\/\/denizcankizil.tr\/uk\/haberler\/gundem\/antalyanin-o-caddesinde-onemli-calisma-artik-u-donusu-yapilamayacak-ters-seride-girilemeyecek\/\"},\"author\":{\"name\":\"Antalya K\u00f6rfez\",\"@id\":\"https:\/\/denizcankizil.tr\/#\/schema\/person\/e1eb71bb4dd684d46563f0af307e1234\"},\"headline\":\"Antalya&#8217;n\u0131n o caddesinde \u00f6nemli \u00e7al\u0131\u015fma: Art\u0131k U d\u00f6n\u00fc\u015f\u00fc yap\u0131lamayacak, ters \u015feride girilemeyecek\",\"datePublished\":\"2025-04-24T08:41:20+00:00\",\"mainEntityOfPage\":{\"@id\":\"https:\/\/denizcankizil.tr\/uk\/haberler\/gundem\/antalyanin-o-caddesinde-onemli-calisma-artik-u-donusu-yapilamayacak-ters-seride-girilemeyecek\/\"},\"wordCount\":295,\"publisher\":{\"@id\":\"https:\/\/denizcankizil.tr\/#organization\"},\"articleSection\":[\"G\u00fcndem\"],\"inLanguage\":\"ru-RU\"},{\"@type\":\"WebPage\",\"@id\":\"https:\/\/denizcankizil.tr\/uk\/haberler\/gundem\/antalyanin-o-caddesinde-onemli-calisma-artik-u-donusu-yapilamayacak-ters-seride-girilemeyecek\/\",\"url\":\"https:\/\/denizcankizil.tr\/uk\/haberler\/gundem\/antalyanin-o-caddesinde-onemli-calisma-artik-u-donusu-yapilamayacak-ters-seride-girilemeyecek\/\",\"name\":\"Antalya'n\u0131n o caddesinde \u00f6nemli \u00e7al\u0131\u015fma: Art\u0131k U d\u00f6n\u00fc\u015f\u00fc yap\u0131lamayacak, ters \u015feride girilemeyecek - Av. Deniz Can K\u0131z\u0131l\",\"isPartOf\":{\"@id\":\"https:\/\/denizcankizil.tr\/#website\"},\"datePublished\":\"2025-04-24T08:41:20+00:00\",\"breadcrumb\":{\"@id\":\"https:\/\/denizcankizil.tr\/uk\/haberler\/gundem\/antalyanin-o-caddesinde-onemli-calisma-artik-u-donusu-yapilamayacak-ters-seride-girilemeyecek\/#breadcrumb\"},\"inLanguage\":\"ru-RU\",\"potentialAction\":[{\"@type\":\"ReadAction\",\"target\":[\"https:\/\/denizcankizil.tr\/uk\/haberler\/gundem\/antalyanin-o-caddesinde-onemli-calisma-artik-u-donusu-yapilamayacak-ters-seride-girilemeyecek\/\"]}]},{\"@type\":\"BreadcrumbList\",\"@id\":\"https:\/\/denizcankizil.tr\/uk\/haberler\/gundem\/antalyanin-o-caddesinde-onemli-calisma-artik-u-donusu-yapilamayacak-ters-seride-girilemeyecek\/#breadcrumb\",\"itemListElement\":[{\"@type\":\"ListItem\",\"position\":1,\"name\":\"Home\",\"item\":\"https:\/\/denizcankizil.tr\/de\/\"},{\"@type\":\"ListItem\",\"position\":2,\"name\":\"Antalya&#8217;n\u0131n o caddesinde \u00f6nemli \u00e7al\u0131\u015fma: Art\u0131k U d\u00f6n\u00fc\u015f\u00fc yap\u0131lamayacak, ters \u015feride girilemeyecek\"}]},{\"@type\":\"WebSite\",\"@id\":\"https:\/\/denizcankizil.tr\/#website\",\"url\":\"https:\/\/denizcankizil.tr\/\",\"name\":\"Av. Deniz Can K\u0131z\u0131l\",\"description\":\"Avukat Deniz Can K\u0131z\u0131l Antalya Barosu\",\"publisher\":{\"@id\":\"https:\/\/denizcankizil.tr\/#organization\"},\"potentialAction\":[{\"@type\":\"SearchAction\",\"target\":{\"@type\":\"EntryPoint\",\"urlTemplate\":\"https:\/\/denizcankizil.tr\/?s={search_term_string}\"},\"query-input\":{\"@type\":\"PropertyValueSpecification\",\"valueRequired\":true,\"valueName\":\"search_term_string\"}}],\"inLanguage\":\"ru-RU\"},{\"@type\":\"Organization\",\"@id\":\"https:\/\/denizcankizil.tr\/#organization\",\"name\":\"Av. Deniz Can K\u0131z\u0131l\",\"url\":\"https:\/\/denizcankizil.tr\/\",\"logo\":{\"@type\":\"ImageObject\",\"inLanguage\":\"ru-RU\",\"@id\":\"https:\/\/denizcankizil.tr\/#\/schema\/logo\/image\/\",\"url\":\"https:\/\/denizcankizil.tr\/wp-content\/uploads\/2024\/10\/siyah-logo-svg.svg\",\"contentUrl\":\"https:\/\/denizcankizil.tr\/wp-content\/uploads\/2024\/10\/siyah-logo-svg.svg\",\"width\":1080,\"height\":1080,\"caption\":\"Av. Deniz Can K\u0131z\u0131l\"},\"image\":{\"@id\":\"https:\/\/denizcankizil.tr\/#\/schema\/logo\/image\/\"}},{\"@type\":\"Person\",\"@id\":\"https:\/\/denizcankizil.tr\/#\/schema\/person\/e1eb71bb4dd684d46563f0af307e1234\",\"name\":\"Antalya K\u00f6rfez\",\"image\":{\"@type\":\"ImageObject\",\"inLanguage\":\"ru-RU\",\"@id\":\"https:\/\/denizcankizil.tr\/#\/schema\/person\/image\/\",\"url\":\"https:\/\/secure.gravatar.com\/avatar\/42b01982558a48a0b501fdcab6a408d3717ea5919095ee2e67b0e521799c5905?s=96&d=mm&r=g\",\"contentUrl\":\"https:\/\/secure.gravatar.com\/avatar\/42b01982558a48a0b501fdcab6a408d3717ea5919095ee2e67b0e521799c5905?s=96&d=mm&r=g\",\"caption\":\"Antalya K\u00f6rfez\"},\"sameAs\":[\"http:\/\/www.antalyakorfez.com\"],\"url\":\"https:\/\/www.antalyakorfez.com\/antalyanin-o-caddesinde-onemli-calisma-artik-u-donusu-yapilamayacak-ters-seride-girilem\"}]}<\/script>\n<!-- \/ Yoast SEO Premium plugin. -->","yoast_head_json":{"title":"Antalya'n\u0131n o caddesinde \u00f6nemli \u00e7al\u0131\u015fma: Art\u0131k U d\u00f6n\u00fc\u015f\u00fc yap\u0131lamayacak, ters \u015feride girilemeyecek - Av. Deniz Can K\u0131z\u0131l","robots":{"index":"index","follow":"follow","max-snippet":"max-snippet:-1","max-image-preview":"max-image-preview:large","max-video-preview":"max-video-preview:-1"},"canonical":"https:\/\/denizcankizil.tr\/ru\/haberler\/gundem\/antalyanin-o-caddesinde-onemli-calisma-artik-u-donusu-yapilamayacak-ters-seride-girilemeyecek\/","og_locale":"ru_RU","og_type":"article","og_title":"Antalya'n\u0131n o caddesinde \u00f6nemli \u00e7al\u0131\u015fma: Art\u0131k U d\u00f6n\u00fc\u015f\u00fc yap\u0131lamayacak, ters \u015feride girilemeyecek","og_description":"Antalya\u2019n\u0131n Muratpa\u015fa il\u00e7esindeki Anafartalar Caddesi\u2019nde \u00f6nemli bir \u00e7al\u0131\u015fma yap\u0131ld\u0131. Yo\u011fun trafik ak\u0131\u015f\u0131n\u0131n oldu\u011fu caddede Antalya B\u00fcy\u00fck\u015fehir Belediyesi yeni bir d\u00fczenleme yapt\u0131. G\u00fcll\u00fck istikametinden Atat\u00fcrk Devlet Hastanesi istikameti gidenlerin U d\u00f6n\u00fc\u015f\u00fc yapt\u0131\u011f\u0131 ya da G\u00fcll\u00fck istikametinden gelip 156. soka\u011fa girmek isteyenlerin ve yine 156. sokaktan ters \u015feride ge\u00e7mek isteyenlerin trafi\u011fi aksatt\u0131\u011f\u0131 cadde \u00fczerine duba yerle\u015ftirildi. S\u00dcREKL\u0130 KAZALAR OLUYORDU S\u00fcr\u00fcc\u00fclerin s\u0131k s\u0131k sola d\u00f6nmek i\u00e7in kulland\u0131\u011f\u0131 Anafartalar Caddesi&#8217;nde s\u00fcrekli kazalar meydana geliyordu. Ara soka\u011fa girmek i\u00e7in sola d\u00f6nenler., U d\u00f6n\u00fc\u015f\u00fc yapanlar ve 156. sokaktan kar\u015f\u0131 \u015feride ge\u00e7mek isteyenler nedeniyle ke\u015fmeke\u015f ya\u015fanan caddede yeni d\u00fczenleme ile trafi\u011fin daha ak\u0131c\u0131 ilerlemesi hedefleniyor. AMBULANS TERS Y\u00d6NDEN G\u0130TMEK ZORUNDAYDI S\u00fcr\u00fcc\u00fclerin sol \u015feritte ge\u00e7meye \u00e7al\u0131\u015fmas\u0131 trafik yo\u011funlu\u011funa sebep olurken Anafartalar Caddesi\u2019nde ise zor anlar ya\u015fan\u0131yordu. Yakla\u015f\u0131k 1 bu\u00e7uk kilometre uzayan trafikte zorluk ya\u015fayan ambulanslar, ters y\u00f6ne girmek zorunda kal\u0131yordu. Bu durum hem ambulans\u0131n i\u00e7indeki ekibin hem de yolu kullana s\u00fcr\u00fcc\u00fclerin hayatlar\u0131 i\u00e7in tehlike yarat\u0131yordu. Dubalar\u0131n yerle\u015ftirilmesiyle beraber trafik yo\u011funlu\u011funda da bir azalma ya\u015fanaca\u011f\u0131 \u00f6n g\u00f6r\u00fcl\u00fcyor. \u200bAntalya\u2019da G\u00fcll\u00fck istikametinden Atat\u00fcrk Devlet Hastanesi istikametine gidenlerin U d\u00f6n\u00fc\u015f\u00fc yapt\u0131\u011f\u0131 yada 156. soka\u011fa girmek i\u00e7in trafi\u011fi aksatt\u0131\u011f\u0131 Anafartalar Caddesi&#8217;nde \u00f6nemli bir \u00e7al\u0131\u015fma yap\u0131ld\u0131. Ayr\u0131nt\u0131lar haberimizde&#8230;\u00a0 \u200bHaberin Al\u0131nt\u0131land\u0131\u011f\u0131 Kaynak: www.antalyakorfez.com","og_url":"https:\/\/denizcankizil.tr\/ru\/haberler\/gundem\/antalyanin-o-caddesinde-onemli-calisma-artik-u-donusu-yapilamayacak-ters-seride-girilemeyecek\/","og_site_name":"Av. Deniz Can K\u0131z\u0131l","article_published_time":"2025-04-24T08:41:20+00:00","author":"Antalya K\u00f6rfez","twitter_card":"summary_large_image","twitter_misc":{"\u041d\u0430\u043f\u0438\u0441\u0430\u043d\u043e \u0430\u0432\u0442\u043e\u0440\u043e\u043c":"Antalya K\u00f6rfez","\u041f\u0440\u0438\u043c\u0435\u0440\u043d\u043e\u0435 \u0432\u0440\u0435\u043c\u044f \u0434\u043b\u044f \u0447\u0442\u0435\u043d\u0438\u044f":"1 \u043c\u0438\u043d\u0443\u0442\u0430"},"schema":{"@context":"https:\/\/schema.org","@graph":[{"@type":"Article","@id":"https:\/\/denizcankizil.tr\/uk\/haberler\/gundem\/antalyanin-o-caddesinde-onemli-calisma-artik-u-donusu-yapilamayacak-ters-seride-girilemeyecek\/#article","isPartOf":{"@id":"https:\/\/denizcankizil.tr\/uk\/haberler\/gundem\/antalyanin-o-caddesinde-onemli-calisma-artik-u-donusu-yapilamayacak-ters-seride-girilemeyecek\/"},"author":{"name":"Antalya K\u00f6rfez","@id":"https:\/\/denizcankizil.tr\/#\/schema\/person\/e1eb71bb4dd684d46563f0af307e1234"},"headline":"Antalya&#8217;n\u0131n o caddesinde \u00f6nemli \u00e7al\u0131\u015fma: Art\u0131k U d\u00f6n\u00fc\u015f\u00fc yap\u0131lamayacak, ters \u015feride girilemeyecek","datePublished":"2025-04-24T08:41:20+00:00","mainEntityOfPage":{"@id":"https:\/\/denizcankizil.tr\/uk\/haberler\/gundem\/antalyanin-o-caddesinde-onemli-calisma-artik-u-donusu-yapilamayacak-ters-seride-girilemeyecek\/"},"wordCount":295,"publisher":{"@id":"https:\/\/denizcankizil.tr\/#organization"},"articleSection":["G\u00fcndem"],"inLanguage":"ru-RU"},{"@type":"WebPage","@id":"https:\/\/denizcankizil.tr\/uk\/haberler\/gundem\/antalyanin-o-caddesinde-onemli-calisma-artik-u-donusu-yapilamayacak-ters-seride-girilemeyecek\/","url":"https:\/\/denizcankizil.tr\/uk\/haberler\/gundem\/antalyanin-o-caddesinde-onemli-calisma-artik-u-donusu-yapilamayacak-ters-seride-girilemeyecek\/","name":"Antalya'n\u0131n o caddesinde \u00f6nemli \u00e7al\u0131\u015fma: Art\u0131k U d\u00f6n\u00fc\u015f\u00fc yap\u0131lamayacak, ters \u015feride girilemeyecek - Av. Deniz Can K\u0131z\u0131l","isPartOf":{"@id":"https:\/\/denizcankizil.tr\/#website"},"datePublished":"2025-04-24T08:41:20+00:00","breadcrumb":{"@id":"https:\/\/denizcankizil.tr\/uk\/haberler\/gundem\/antalyanin-o-caddesinde-onemli-calisma-artik-u-donusu-yapilamayacak-ters-seride-girilemeyecek\/#breadcrumb"},"inLanguage":"ru-RU","potentialAction":[{"@type":"ReadAction","target":["https:\/\/denizcankizil.tr\/uk\/haberler\/gundem\/antalyanin-o-caddesinde-onemli-calisma-artik-u-donusu-yapilamayacak-ters-seride-girilemeyecek\/"]}]},{"@type":"BreadcrumbList","@id":"https:\/\/denizcankizil.tr\/uk\/haberler\/gundem\/antalyanin-o-caddesinde-onemli-calisma-artik-u-donusu-yapilamayacak-ters-seride-girilemeyecek\/#breadcrumb","itemListElement":[{"@type":"ListItem","position":1,"name":"Home","item":"https:\/\/denizcankizil.tr\/de\/"},{"@type":"ListItem","position":2,"name":"Antalya&#8217;n\u0131n o caddesinde \u00f6nemli \u00e7al\u0131\u015fma: Art\u0131k U d\u00f6n\u00fc\u015f\u00fc yap\u0131lamayacak, ters \u015feride girilemeyecek"}]},{"@type":"WebSite","@id":"https:\/\/denizcankizil.tr\/#website","url":"https:\/\/denizcankizil.tr\/","name":"Av. Deniz Can K\u0131z\u0131l","description":"Avukat Deniz Can K\u0131z\u0131l Antalya Barosu","publisher":{"@id":"https:\/\/denizcankizil.tr\/#organization"},"potentialAction":[{"@type":"SearchAction","target":{"@type":"EntryPoint","urlTemplate":"https:\/\/denizcankizil.tr\/?s={search_term_string}"},"query-input":{"@type":"PropertyValueSpecification","valueRequired":true,"valueName":"search_term_string"}}],"inLanguage":"ru-RU"},{"@type":"Organization","@id":"https:\/\/denizcankizil.tr\/#organization","name":"Av. Deniz Can K\u0131z\u0131l","url":"https:\/\/denizcankizil.tr\/","logo":{"@type":"ImageObject","inLanguage":"ru-RU","@id":"https:\/\/denizcankizil.tr\/#\/schema\/logo\/image\/","url":"https:\/\/denizcankizil.tr\/wp-content\/uploads\/2024\/10\/siyah-logo-svg.svg","contentUrl":"https:\/\/denizcankizil.tr\/wp-content\/uploads\/2024\/10\/siyah-logo-svg.svg","width":1080,"height":1080,"caption":"Av. Deniz Can K\u0131z\u0131l"},"image":{"@id":"https:\/\/denizcankizil.tr\/#\/schema\/logo\/image\/"}},{"@type":"Person","@id":"https:\/\/denizcankizil.tr\/#\/schema\/person\/e1eb71bb4dd684d46563f0af307e1234","name":"Antalya K\u00f6rfez","image":{"@type":"ImageObject","inLanguage":"ru-RU","@id":"https:\/\/denizcankizil.tr\/#\/schema\/person\/image\/","url":"https:\/\/secure.gravatar.com\/avatar\/42b01982558a48a0b501fdcab6a408d3717ea5919095ee2e67b0e521799c5905?s=96&d=mm&r=g","contentUrl":"https:\/\/secure.gravatar.com\/avatar\/42b01982558a48a0b501fdcab6a408d3717ea5919095ee2e67b0e521799c5905?s=96&d=mm&r=g","caption":"Antalya K\u00f6rfez"},"sameAs":["http:\/\/www.antalyakorfez.com"],"url":"https:\/\/www.antalyakorfez.com\/antalyanin-o-caddesinde-onemli-calisma-artik-u-donusu-yapilamayacak-ters-seride-girilem"}]}},"_links":{"self":[{"href":"https:\/\/denizcankizil.tr\/ru\/wp-json\/wp\/v2\/posts\/64867","targetHints":{"allow":["GET"]}}],"collection":[{"href":"https:\/\/denizcankizil.tr\/ru\/wp-json\/wp\/v2\/posts"}],"about":[{"href":"https:\/\/denizcankizil.tr\/ru\/wp-json\/wp\/v2\/types\/post"}],"author":[{"embeddable":true,"href":"https:\/\/denizcankizil.tr\/ru\/wp-json\/wp\/v2\/users\/5"}],"replies":[{"embeddable":true,"href":"https:\/\/denizcankizil.tr\/ru\/wp-json\/wp\/v2\/comments?post=64867"}],"version-history":[{"count":0,"href":"https:\/\/denizcankizil.tr\/ru\/wp-json\/wp\/v2\/posts\/64867\/revisions"}],"wp:attachment":[{"href":"https:\/\/denizcankizil.tr\/ru\/wp-json\/wp\/v2\/media?parent=64867"}],"wp:term":[{"taxonomy":"category","embeddable":true,"href":"https:\/\/denizcankizil.tr\/ru\/wp-json\/wp\/v2\/categories?post=64867"},{"taxonomy":"post_tag","embeddable":true,"href":"https:\/\/denizcankizil.tr\/ru\/wp-json\/wp\/v2\/tags?post=64867"}],"curies":[{"name":"wp","href":"https:\/\/api.w.org\/{rel}","templated":true}]}}