{"id":64862,"date":"2025-04-24T10:42:52","date_gmt":"2025-04-24T07:42:52","guid":{"rendered":"https:\/\/denizcankizil.tr\/uncategorized-tr\/yonderde-23-nisan-coskusu\/"},"modified":"2025-04-24T10:42:52","modified_gmt":"2025-04-24T07:42:52","slug":"yonderde-23-nisan-coskusu","status":"publish","type":"post","link":"https:\/\/denizcankizil.tr\/ru\/haberler\/gundem\/yonderde-23-nisan-coskusu\/","title":{"rendered":"Y\u00f6nder\u2019de 23 Nisan Co\u015fkusu"},"content":{"rendered":"<p>Arsuz Y\u00f6nder Okullar\u0131\u2019ndaki 23 Nisan Bayram\u0131 kutlamas\u0131, okul bah\u00e7esinde sayg\u0131 duru\u015fu ve \u0130stiklal Mar\u015f\u0131\u2019n\u0131n okunmas\u0131yla ba\u015flad\u0131.<\/p>\n<p>A\u00e7\u0131l\u0131\u015f konu\u015fmas\u0131n\u0131, E\u011fitim Lideri Selva \u015eanl\u0131\u2019n\u0131n ad\u0131na birinci s\u0131n\u0131f \u00f6\u011frencisi Yi\u011fit Kurt yapt\u0131. Yi\u011fit konu\u015fmas\u0131nda, ulusun kendini y\u00f6netme yetkisini ald\u0131\u011f\u0131 105. Y\u0131l\u0131n\u0131n kutland\u0131\u011f\u0131n\u0131 belirterek \u201cBug\u00fcn, 23 Nisan 1920 tarihinde a\u00e7\u0131lan ilk B\u00fcy\u00fck Millet Meclis\u2019imizin kurulu\u015funun 105. y\u0131l d\u00f6n\u00fcm\u00fcd\u00fcr. 23 Nisan, ulusun y\u00f6netme yetkisini kullanmaya ba\u015flad\u0131\u011f\u0131 g\u00fcnd\u00fcr. O tarihten sonra, bu meclis taraf\u0131ndan \u00fclkenin y\u00f6netimi ile ilgili kararlar al\u0131nm\u0131\u015f, ulusal Kurtulu\u015f Sava\u015f\u0131\u2019m\u0131z bu meclis taraf\u0131ndan ba\u015far\u0131yla y\u00f6netilmi\u015f ve T\u00fcrkiye Cumhuriyeti\u2019nin temelleri at\u0131lm\u0131\u015ft\u0131r\u201d dedi<\/p>\n<p>Yi\u011fit Kurt, bu \u00f6nemli g\u00fcn\u00fcn Mustafa Kemal Atat\u00fcrk taraf\u0131ndan, milletimizin ve aziz vatan\u0131m\u0131z\u0131n gelece\u011fi olan, \u00e7ok sevdi\u011fi ve \u00e7ok \u00f6nem verdi\u011fi \u00e7ocuklara arma\u011fan etti\u011fini hat\u0131rlatarak \u015f\u00f6yle devam etti:<\/p>\n<p>\u201c\u00c7\u00fcnk\u00fc sizler bu vatan\u0131n, bu milletin ayd\u0131nl\u0131k gelece\u011fini in\u015fa edecek olan, yar\u0131n\u0131n b\u00fcy\u00fcklerisiniz ve Atat\u00fcrk bu d\u00fc\u015f\u00fcncesini \u015fu s\u00f6zlerle dile getirmi\u015ftir: \u2018K\u00fc\u00e7\u00fck Han\u0131mlar, k\u00fc\u00e7\u00fck Beyler! Sizler hepiniz gelece\u011fin bir g\u00fcl\u00fc, y\u0131ld\u0131z\u0131, bir mutluluk par\u0131lt\u0131s\u0131s\u0131n\u0131z! Memleketi as\u0131l ayd\u0131nl\u0131\u011fa bo\u011facak olan sizsiniz. Kendinizin ne kadar m\u00fchim, k\u0131ymetli oldu\u011funuzu d\u00fc\u015f\u00fcnerek ona g\u00f6re \u00e7al\u0131\u015f\u0131n\u0131z.\u2019 Unutmay\u0131n! Bug\u00fcn biz b\u00fcy\u00fcklerin bulundu\u011fu makam ve mevkilerde gelecekte sizler yer alacaks\u0131n\u0131z. Bug\u00fcn burada co\u015fkunuzu payla\u015fan b\u00fcy\u00fckleriniz sizden; ara\u015ft\u0131ran, d\u00fc\u015f\u00fcnen, \u00fcreten, ahlaki ve insani de\u011ferlere sahip insanlar olarak yeti\u015ftirmenizi beklemektedirler. Sizler de bu bilince sahip olmal\u0131s\u0131n\u0131z. \u015eimdiden sorumluluklar\u0131n\u0131z\u0131 yerine getirip gelece\u011fe iyi haz\u0131rlan\u0131rsan\u0131z ayd\u0131nl\u0131k yar\u0131nlar sizlerin olacakt\u0131r.\u201d<\/p>\n<p>Konu\u015fman\u0131n ard\u0131ndan sahne alan \u00e7ocuklar, folklor g\u00f6sterilerinde bulundu, \u015fiirler okudu, oyunlar oynad\u0131. Bir gurup \u00f6\u011frenci de Atat\u00fcrk maskesini takarak m\u00fcthi\u015f bir tablo ortaya koydu. Bu g\u00f6steriler, programa ilgi g\u00f6steren velilerce uzun s\u00fcre alk\u0131\u015fland\u0131.<\/p>\n<p>\u200bArsuz Y\u00f6nder Okullar\u0131\u2019nda \u00f6\u011frenci ve \u00f6\u011fretmenlerin haz\u0131rlad\u0131klar\u0131 program, co\u015fkulu bir \u015fekilde ger\u00e7ekle\u015fti. Programa veliler de b\u00fcy\u00fck ilgi g\u00f6stererek bayram\u0131n daha co\u015fkulu ge\u00e7mesini sa\u011flad\u0131.\u00a0<\/p>\n<p>\u200bHaberin Al\u0131nt\u0131land\u0131\u011f\u0131 Kaynak: www.iskenderun.org<\/p>","protected":false},"excerpt":{"rendered":"<p>Arsuz Y\u00f6nder Okullar\u0131\u2019ndaki 23 Nisan Bayram\u0131 kutlamas\u0131, okul bah\u00e7esinde sayg\u0131 duru\u015fu ve \u0130stiklal Mar\u015f\u0131\u2019n\u0131n okunmas\u0131yla ba\u015flad\u0131. A\u00e7\u0131l\u0131\u015f konu\u015fmas\u0131n\u0131, E\u011fitim Lideri Selva \u015eanl\u0131\u2019n\u0131n ad\u0131na birinci s\u0131n\u0131f \u00f6\u011frencisi Yi\u011fit Kurt yapt\u0131. Yi\u011fit konu\u015fmas\u0131nda, ulusun kendini y\u00f6netme yetkisini ald\u0131\u011f\u0131 105. Y\u0131l\u0131n\u0131n kutland\u0131\u011f\u0131n\u0131 belirterek \u201cBug\u00fcn, 23 Nisan 1920 tarihinde a\u00e7\u0131lan ilk B\u00fcy\u00fck Millet Meclis\u2019imizin kurulu\u015funun 105. y\u0131l d\u00f6n\u00fcm\u00fcd\u00fcr. 23 Nisan, ulusun y\u00f6netme yetkisini kullanmaya ba\u015flad\u0131\u011f\u0131 g\u00fcnd\u00fcr. O tarihten sonra, bu meclis taraf\u0131ndan \u00fclkenin y\u00f6netimi ile ilgili kararlar al\u0131nm\u0131\u015f, ulusal Kurtulu\u015f Sava\u015f\u0131\u2019m\u0131z bu meclis taraf\u0131ndan ba\u015far\u0131yla y\u00f6netilmi\u015f ve T\u00fcrkiye Cumhuriyeti\u2019nin temelleri at\u0131lm\u0131\u015ft\u0131r\u201d dedi Yi\u011fit Kurt, bu \u00f6nemli g\u00fcn\u00fcn Mustafa Kemal Atat\u00fcrk taraf\u0131ndan, milletimizin ve aziz vatan\u0131m\u0131z\u0131n gelece\u011fi olan, \u00e7ok sevdi\u011fi ve \u00e7ok \u00f6nem verdi\u011fi \u00e7ocuklara arma\u011fan etti\u011fini hat\u0131rlatarak \u015f\u00f6yle devam etti: \u201c\u00c7\u00fcnk\u00fc sizler bu vatan\u0131n, bu milletin ayd\u0131nl\u0131k gelece\u011fini in\u015fa edecek olan, yar\u0131n\u0131n b\u00fcy\u00fcklerisiniz ve Atat\u00fcrk bu d\u00fc\u015f\u00fcncesini \u015fu s\u00f6zlerle dile getirmi\u015ftir: \u2018K\u00fc\u00e7\u00fck Han\u0131mlar, k\u00fc\u00e7\u00fck Beyler! Sizler hepiniz gelece\u011fin bir g\u00fcl\u00fc, y\u0131ld\u0131z\u0131, bir mutluluk par\u0131lt\u0131s\u0131s\u0131n\u0131z! Memleketi as\u0131l ayd\u0131nl\u0131\u011fa bo\u011facak olan sizsiniz. Kendinizin ne kadar m\u00fchim, k\u0131ymetli oldu\u011funuzu d\u00fc\u015f\u00fcnerek ona g\u00f6re \u00e7al\u0131\u015f\u0131n\u0131z.\u2019 Unutmay\u0131n! Bug\u00fcn biz b\u00fcy\u00fcklerin bulundu\u011fu makam ve mevkilerde gelecekte sizler yer alacaks\u0131n\u0131z. Bug\u00fcn burada co\u015fkunuzu payla\u015fan b\u00fcy\u00fckleriniz sizden; ara\u015ft\u0131ran, d\u00fc\u015f\u00fcnen, \u00fcreten, ahlaki ve insani de\u011ferlere sahip insanlar olarak yeti\u015ftirmenizi beklemektedirler. Sizler de bu bilince &hellip;<\/p>","protected":false},"author":1,"featured_media":0,"comment_status":"","ping_status":"open","sticky":false,"template":"","format":"standard","meta":{"_acf_changed":false,"footnotes":""},"categories":[24],"tags":[],"class_list":["post-64862","post","type-post","status-publish","format-standard","has-post-thumbnail","hentry","category-gundem"],"acf":[],"yoast_head":"<!-- This site is optimized with the Yoast SEO Premium plugin v26.6 (Yoast SEO v27.1.1) - https:\/\/yoast.com\/product\/yoast-seo-premium-wordpress\/ -->\n<title>Y\u00f6nder\u2019de 23 Nisan Co\u015fkusu - Av. Deniz Can K\u0131z\u0131l<\/title>\n<meta name=\"robots\" content=\"index, follow, max-snippet:-1, max-image-preview:large, max-video-preview:-1\" \/>\n<link rel=\"canonical\" href=\"https:\/\/denizcankizil.tr\/ru\/haberler\/gundem\/yonderde-23-nisan-coskusu\/\" \/>\n<meta property=\"og:locale\" content=\"ru_RU\" \/>\n<meta property=\"og:type\" content=\"article\" \/>\n<meta property=\"og:title\" content=\"Y\u00f6nder\u2019de 23 Nisan Co\u015fkusu\" \/>\n<meta property=\"og:description\" content=\"Arsuz Y\u00f6nder Okullar\u0131\u2019ndaki 23 Nisan Bayram\u0131 kutlamas\u0131, okul bah\u00e7esinde sayg\u0131 duru\u015fu ve \u0130stiklal Mar\u015f\u0131\u2019n\u0131n okunmas\u0131yla ba\u015flad\u0131. A\u00e7\u0131l\u0131\u015f konu\u015fmas\u0131n\u0131, E\u011fitim Lideri Selva \u015eanl\u0131\u2019n\u0131n ad\u0131na birinci s\u0131n\u0131f \u00f6\u011frencisi Yi\u011fit Kurt yapt\u0131. Yi\u011fit konu\u015fmas\u0131nda, ulusun kendini y\u00f6netme yetkisini ald\u0131\u011f\u0131 105. Y\u0131l\u0131n\u0131n kutland\u0131\u011f\u0131n\u0131 belirterek \u201cBug\u00fcn, 23 Nisan 1920 tarihinde a\u00e7\u0131lan ilk B\u00fcy\u00fck Millet Meclis\u2019imizin kurulu\u015funun 105. y\u0131l d\u00f6n\u00fcm\u00fcd\u00fcr. 23 Nisan, ulusun y\u00f6netme yetkisini kullanmaya ba\u015flad\u0131\u011f\u0131 g\u00fcnd\u00fcr. O tarihten sonra, bu meclis taraf\u0131ndan \u00fclkenin y\u00f6netimi ile ilgili kararlar al\u0131nm\u0131\u015f, ulusal Kurtulu\u015f Sava\u015f\u0131\u2019m\u0131z bu meclis taraf\u0131ndan ba\u015far\u0131yla y\u00f6netilmi\u015f ve T\u00fcrkiye Cumhuriyeti\u2019nin temelleri at\u0131lm\u0131\u015ft\u0131r\u201d dedi Yi\u011fit Kurt, bu \u00f6nemli g\u00fcn\u00fcn Mustafa Kemal Atat\u00fcrk taraf\u0131ndan, milletimizin ve aziz vatan\u0131m\u0131z\u0131n gelece\u011fi olan, \u00e7ok sevdi\u011fi ve \u00e7ok \u00f6nem verdi\u011fi \u00e7ocuklara arma\u011fan etti\u011fini hat\u0131rlatarak \u015f\u00f6yle devam etti: \u201c\u00c7\u00fcnk\u00fc sizler bu vatan\u0131n, bu milletin ayd\u0131nl\u0131k gelece\u011fini in\u015fa edecek olan, yar\u0131n\u0131n b\u00fcy\u00fcklerisiniz ve Atat\u00fcrk bu d\u00fc\u015f\u00fcncesini \u015fu s\u00f6zlerle dile getirmi\u015ftir: \u2018K\u00fc\u00e7\u00fck Han\u0131mlar, k\u00fc\u00e7\u00fck Beyler! Sizler hepiniz gelece\u011fin bir g\u00fcl\u00fc, y\u0131ld\u0131z\u0131, bir mutluluk par\u0131lt\u0131s\u0131s\u0131n\u0131z! Memleketi as\u0131l ayd\u0131nl\u0131\u011fa bo\u011facak olan sizsiniz. Kendinizin ne kadar m\u00fchim, k\u0131ymetli oldu\u011funuzu d\u00fc\u015f\u00fcnerek ona g\u00f6re \u00e7al\u0131\u015f\u0131n\u0131z.\u2019 Unutmay\u0131n! Bug\u00fcn biz b\u00fcy\u00fcklerin bulundu\u011fu makam ve mevkilerde gelecekte sizler yer alacaks\u0131n\u0131z. Bug\u00fcn burada co\u015fkunuzu payla\u015fan b\u00fcy\u00fckleriniz sizden; ara\u015ft\u0131ran, d\u00fc\u015f\u00fcnen, \u00fcreten, ahlaki ve insani de\u011ferlere sahip insanlar olarak yeti\u015ftirmenizi beklemektedirler. Sizler de bu bilince &hellip;\" \/>\n<meta property=\"og:url\" content=\"https:\/\/denizcankizil.tr\/ru\/haberler\/gundem\/yonderde-23-nisan-coskusu\/\" \/>\n<meta property=\"og:site_name\" content=\"Av. Deniz Can K\u0131z\u0131l\" \/>\n<meta property=\"article:published_time\" content=\"2025-04-24T07:42:52+00:00\" \/>\n<meta name=\"author\" content=\"admin\" \/>\n<meta name=\"twitter:card\" content=\"summary_large_image\" \/>\n<meta name=\"twitter:label1\" content=\"\u041d\u0430\u043f\u0438\u0441\u0430\u043d\u043e \u0430\u0432\u0442\u043e\u0440\u043e\u043c\" \/>\n\t<meta name=\"twitter:data1\" content=\"admin\" \/>\n\t<meta name=\"twitter:label2\" content=\"\u041f\u0440\u0438\u043c\u0435\u0440\u043d\u043e\u0435 \u0432\u0440\u0435\u043c\u044f \u0434\u043b\u044f \u0447\u0442\u0435\u043d\u0438\u044f\" \/>\n\t<meta name=\"twitter:data2\" content=\"2 \u043c\u0438\u043d\u0443\u0442\u044b\" \/>\n<script type=\"application\/ld+json\" class=\"yoast-schema-graph\">{\"@context\":\"https:\/\/schema.org\",\"@graph\":[{\"@type\":\"Article\",\"@id\":\"https:\/\/denizcankizil.tr\/ru\/haberler\/gundem\/yonderde-23-nisan-coskusu\/#article\",\"isPartOf\":{\"@id\":\"https:\/\/denizcankizil.tr\/ru\/haberler\/gundem\/yonderde-23-nisan-coskusu\/\"},\"author\":{\"name\":\"admin\",\"@id\":\"https:\/\/denizcankizil.tr\/#\/schema\/person\/be3c05fe6a12686905512445d8185489\"},\"headline\":\"Y\u00f6nder\u2019de 23 Nisan Co\u015fkusu\",\"datePublished\":\"2025-04-24T07:42:52+00:00\",\"mainEntityOfPage\":{\"@id\":\"https:\/\/denizcankizil.tr\/ru\/haberler\/gundem\/yonderde-23-nisan-coskusu\/\"},\"wordCount\":436,\"publisher\":{\"@id\":\"https:\/\/denizcankizil.tr\/#organization\"},\"articleSection\":[\"G\u00fcndem\"],\"inLanguage\":\"ru-RU\"},{\"@type\":\"WebPage\",\"@id\":\"https:\/\/denizcankizil.tr\/ru\/haberler\/gundem\/yonderde-23-nisan-coskusu\/\",\"url\":\"https:\/\/denizcankizil.tr\/ru\/haberler\/gundem\/yonderde-23-nisan-coskusu\/\",\"name\":\"Y\u00f6nder\u2019de 23 Nisan Co\u015fkusu - Av. Deniz Can K\u0131z\u0131l\",\"isPartOf\":{\"@id\":\"https:\/\/denizcankizil.tr\/#website\"},\"datePublished\":\"2025-04-24T07:42:52+00:00\",\"breadcrumb\":{\"@id\":\"https:\/\/denizcankizil.tr\/ru\/haberler\/gundem\/yonderde-23-nisan-coskusu\/#breadcrumb\"},\"inLanguage\":\"ru-RU\",\"potentialAction\":[{\"@type\":\"ReadAction\",\"target\":[\"https:\/\/denizcankizil.tr\/ru\/haberler\/gundem\/yonderde-23-nisan-coskusu\/\"]}]},{\"@type\":\"BreadcrumbList\",\"@id\":\"https:\/\/denizcankizil.tr\/ru\/haberler\/gundem\/yonderde-23-nisan-coskusu\/#breadcrumb\",\"itemListElement\":[{\"@type\":\"ListItem\",\"position\":1,\"name\":\"Home\",\"item\":\"https:\/\/denizcankizil.tr\/de\/\"},{\"@type\":\"ListItem\",\"position\":2,\"name\":\"Y\u00f6nder\u2019de 23 Nisan Co\u015fkusu\"}]},{\"@type\":\"WebSite\",\"@id\":\"https:\/\/denizcankizil.tr\/#website\",\"url\":\"https:\/\/denizcankizil.tr\/\",\"name\":\"Av. Deniz Can K\u0131z\u0131l\",\"description\":\"Avukat Deniz Can K\u0131z\u0131l Antalya Barosu\",\"publisher\":{\"@id\":\"https:\/\/denizcankizil.tr\/#organization\"},\"potentialAction\":[{\"@type\":\"SearchAction\",\"target\":{\"@type\":\"EntryPoint\",\"urlTemplate\":\"https:\/\/denizcankizil.tr\/?s={search_term_string}\"},\"query-input\":{\"@type\":\"PropertyValueSpecification\",\"valueRequired\":true,\"valueName\":\"search_term_string\"}}],\"inLanguage\":\"ru-RU\"},{\"@type\":\"Organization\",\"@id\":\"https:\/\/denizcankizil.tr\/#organization\",\"name\":\"Av. Deniz Can K\u0131z\u0131l\",\"url\":\"https:\/\/denizcankizil.tr\/\",\"logo\":{\"@type\":\"ImageObject\",\"inLanguage\":\"ru-RU\",\"@id\":\"https:\/\/denizcankizil.tr\/#\/schema\/logo\/image\/\",\"url\":\"https:\/\/denizcankizil.tr\/wp-content\/uploads\/2024\/10\/siyah-logo-svg.svg\",\"contentUrl\":\"https:\/\/denizcankizil.tr\/wp-content\/uploads\/2024\/10\/siyah-logo-svg.svg\",\"width\":1080,\"height\":1080,\"caption\":\"Av. Deniz Can K\u0131z\u0131l\"},\"image\":{\"@id\":\"https:\/\/denizcankizil.tr\/#\/schema\/logo\/image\/\"}},{\"@type\":\"Person\",\"@id\":\"https:\/\/denizcankizil.tr\/#\/schema\/person\/be3c05fe6a12686905512445d8185489\",\"name\":\"admin\",\"image\":{\"@type\":\"ImageObject\",\"inLanguage\":\"ru-RU\",\"@id\":\"https:\/\/denizcankizil.tr\/#\/schema\/person\/image\/\",\"url\":\"https:\/\/secure.gravatar.com\/avatar\/c1fce94c830dc79107e174f890d7210541c4a63e8e5d816341794a2151c9d58c?s=96&d=mm&r=g\",\"contentUrl\":\"https:\/\/secure.gravatar.com\/avatar\/c1fce94c830dc79107e174f890d7210541c4a63e8e5d816341794a2151c9d58c?s=96&d=mm&r=g\",\"caption\":\"admin\"},\"sameAs\":[\"http:\/\/denizcankizil.tr\"],\"url\":\"https:\/\/www.iskenderun.org\/yonderde-23-nisan-coskusu\"}]}<\/script>\n<!-- \/ Yoast SEO Premium plugin. -->","yoast_head_json":{"title":"Y\u00f6nder\u2019de 23 Nisan Co\u015fkusu - Av. Deniz Can K\u0131z\u0131l","robots":{"index":"index","follow":"follow","max-snippet":"max-snippet:-1","max-image-preview":"max-image-preview:large","max-video-preview":"max-video-preview:-1"},"canonical":"https:\/\/denizcankizil.tr\/ru\/haberler\/gundem\/yonderde-23-nisan-coskusu\/","og_locale":"ru_RU","og_type":"article","og_title":"Y\u00f6nder\u2019de 23 Nisan Co\u015fkusu","og_description":"Arsuz Y\u00f6nder Okullar\u0131\u2019ndaki 23 Nisan Bayram\u0131 kutlamas\u0131, okul bah\u00e7esinde sayg\u0131 duru\u015fu ve \u0130stiklal Mar\u015f\u0131\u2019n\u0131n okunmas\u0131yla ba\u015flad\u0131. A\u00e7\u0131l\u0131\u015f konu\u015fmas\u0131n\u0131, E\u011fitim Lideri Selva \u015eanl\u0131\u2019n\u0131n ad\u0131na birinci s\u0131n\u0131f \u00f6\u011frencisi Yi\u011fit Kurt yapt\u0131. Yi\u011fit konu\u015fmas\u0131nda, ulusun kendini y\u00f6netme yetkisini ald\u0131\u011f\u0131 105. Y\u0131l\u0131n\u0131n kutland\u0131\u011f\u0131n\u0131 belirterek \u201cBug\u00fcn, 23 Nisan 1920 tarihinde a\u00e7\u0131lan ilk B\u00fcy\u00fck Millet Meclis\u2019imizin kurulu\u015funun 105. y\u0131l d\u00f6n\u00fcm\u00fcd\u00fcr. 23 Nisan, ulusun y\u00f6netme yetkisini kullanmaya ba\u015flad\u0131\u011f\u0131 g\u00fcnd\u00fcr. O tarihten sonra, bu meclis taraf\u0131ndan \u00fclkenin y\u00f6netimi ile ilgili kararlar al\u0131nm\u0131\u015f, ulusal Kurtulu\u015f Sava\u015f\u0131\u2019m\u0131z bu meclis taraf\u0131ndan ba\u015far\u0131yla y\u00f6netilmi\u015f ve T\u00fcrkiye Cumhuriyeti\u2019nin temelleri at\u0131lm\u0131\u015ft\u0131r\u201d dedi Yi\u011fit Kurt, bu \u00f6nemli g\u00fcn\u00fcn Mustafa Kemal Atat\u00fcrk taraf\u0131ndan, milletimizin ve aziz vatan\u0131m\u0131z\u0131n gelece\u011fi olan, \u00e7ok sevdi\u011fi ve \u00e7ok \u00f6nem verdi\u011fi \u00e7ocuklara arma\u011fan etti\u011fini hat\u0131rlatarak \u015f\u00f6yle devam etti: \u201c\u00c7\u00fcnk\u00fc sizler bu vatan\u0131n, bu milletin ayd\u0131nl\u0131k gelece\u011fini in\u015fa edecek olan, yar\u0131n\u0131n b\u00fcy\u00fcklerisiniz ve Atat\u00fcrk bu d\u00fc\u015f\u00fcncesini \u015fu s\u00f6zlerle dile getirmi\u015ftir: \u2018K\u00fc\u00e7\u00fck Han\u0131mlar, k\u00fc\u00e7\u00fck Beyler! Sizler hepiniz gelece\u011fin bir g\u00fcl\u00fc, y\u0131ld\u0131z\u0131, bir mutluluk par\u0131lt\u0131s\u0131s\u0131n\u0131z! Memleketi as\u0131l ayd\u0131nl\u0131\u011fa bo\u011facak olan sizsiniz. Kendinizin ne kadar m\u00fchim, k\u0131ymetli oldu\u011funuzu d\u00fc\u015f\u00fcnerek ona g\u00f6re \u00e7al\u0131\u015f\u0131n\u0131z.\u2019 Unutmay\u0131n! Bug\u00fcn biz b\u00fcy\u00fcklerin bulundu\u011fu makam ve mevkilerde gelecekte sizler yer alacaks\u0131n\u0131z. Bug\u00fcn burada co\u015fkunuzu payla\u015fan b\u00fcy\u00fckleriniz sizden; ara\u015ft\u0131ran, d\u00fc\u015f\u00fcnen, \u00fcreten, ahlaki ve insani de\u011ferlere sahip insanlar olarak yeti\u015ftirmenizi beklemektedirler. Sizler de bu bilince &hellip;","og_url":"https:\/\/denizcankizil.tr\/ru\/haberler\/gundem\/yonderde-23-nisan-coskusu\/","og_site_name":"Av. Deniz Can K\u0131z\u0131l","article_published_time":"2025-04-24T07:42:52+00:00","author":"admin","twitter_card":"summary_large_image","twitter_misc":{"\u041d\u0430\u043f\u0438\u0441\u0430\u043d\u043e \u0430\u0432\u0442\u043e\u0440\u043e\u043c":"admin","\u041f\u0440\u0438\u043c\u0435\u0440\u043d\u043e\u0435 \u0432\u0440\u0435\u043c\u044f \u0434\u043b\u044f \u0447\u0442\u0435\u043d\u0438\u044f":"2 \u043c\u0438\u043d\u0443\u0442\u044b"},"schema":{"@context":"https:\/\/schema.org","@graph":[{"@type":"Article","@id":"https:\/\/denizcankizil.tr\/ru\/haberler\/gundem\/yonderde-23-nisan-coskusu\/#article","isPartOf":{"@id":"https:\/\/denizcankizil.tr\/ru\/haberler\/gundem\/yonderde-23-nisan-coskusu\/"},"author":{"name":"admin","@id":"https:\/\/denizcankizil.tr\/#\/schema\/person\/be3c05fe6a12686905512445d8185489"},"headline":"Y\u00f6nder\u2019de 23 Nisan Co\u015fkusu","datePublished":"2025-04-24T07:42:52+00:00","mainEntityOfPage":{"@id":"https:\/\/denizcankizil.tr\/ru\/haberler\/gundem\/yonderde-23-nisan-coskusu\/"},"wordCount":436,"publisher":{"@id":"https:\/\/denizcankizil.tr\/#organization"},"articleSection":["G\u00fcndem"],"inLanguage":"ru-RU"},{"@type":"WebPage","@id":"https:\/\/denizcankizil.tr\/ru\/haberler\/gundem\/yonderde-23-nisan-coskusu\/","url":"https:\/\/denizcankizil.tr\/ru\/haberler\/gundem\/yonderde-23-nisan-coskusu\/","name":"Y\u00f6nder\u2019de 23 Nisan Co\u015fkusu - Av. Deniz Can K\u0131z\u0131l","isPartOf":{"@id":"https:\/\/denizcankizil.tr\/#website"},"datePublished":"2025-04-24T07:42:52+00:00","breadcrumb":{"@id":"https:\/\/denizcankizil.tr\/ru\/haberler\/gundem\/yonderde-23-nisan-coskusu\/#breadcrumb"},"inLanguage":"ru-RU","potentialAction":[{"@type":"ReadAction","target":["https:\/\/denizcankizil.tr\/ru\/haberler\/gundem\/yonderde-23-nisan-coskusu\/"]}]},{"@type":"BreadcrumbList","@id":"https:\/\/denizcankizil.tr\/ru\/haberler\/gundem\/yonderde-23-nisan-coskusu\/#breadcrumb","itemListElement":[{"@type":"ListItem","position":1,"name":"Home","item":"https:\/\/denizcankizil.tr\/de\/"},{"@type":"ListItem","position":2,"name":"Y\u00f6nder\u2019de 23 Nisan Co\u015fkusu"}]},{"@type":"WebSite","@id":"https:\/\/denizcankizil.tr\/#website","url":"https:\/\/denizcankizil.tr\/","name":"Av. Deniz Can K\u0131z\u0131l","description":"Avukat Deniz Can K\u0131z\u0131l Antalya Barosu","publisher":{"@id":"https:\/\/denizcankizil.tr\/#organization"},"potentialAction":[{"@type":"SearchAction","target":{"@type":"EntryPoint","urlTemplate":"https:\/\/denizcankizil.tr\/?s={search_term_string}"},"query-input":{"@type":"PropertyValueSpecification","valueRequired":true,"valueName":"search_term_string"}}],"inLanguage":"ru-RU"},{"@type":"Organization","@id":"https:\/\/denizcankizil.tr\/#organization","name":"Av. Deniz Can K\u0131z\u0131l","url":"https:\/\/denizcankizil.tr\/","logo":{"@type":"ImageObject","inLanguage":"ru-RU","@id":"https:\/\/denizcankizil.tr\/#\/schema\/logo\/image\/","url":"https:\/\/denizcankizil.tr\/wp-content\/uploads\/2024\/10\/siyah-logo-svg.svg","contentUrl":"https:\/\/denizcankizil.tr\/wp-content\/uploads\/2024\/10\/siyah-logo-svg.svg","width":1080,"height":1080,"caption":"Av. Deniz Can K\u0131z\u0131l"},"image":{"@id":"https:\/\/denizcankizil.tr\/#\/schema\/logo\/image\/"}},{"@type":"Person","@id":"https:\/\/denizcankizil.tr\/#\/schema\/person\/be3c05fe6a12686905512445d8185489","name":"\u0430\u0434\u043c\u0438\u043d","image":{"@type":"ImageObject","inLanguage":"ru-RU","@id":"https:\/\/denizcankizil.tr\/#\/schema\/person\/image\/","url":"https:\/\/secure.gravatar.com\/avatar\/c1fce94c830dc79107e174f890d7210541c4a63e8e5d816341794a2151c9d58c?s=96&d=mm&r=g","contentUrl":"https:\/\/secure.gravatar.com\/avatar\/c1fce94c830dc79107e174f890d7210541c4a63e8e5d816341794a2151c9d58c?s=96&d=mm&r=g","caption":"admin"},"sameAs":["http:\/\/denizcankizil.tr"],"url":"https:\/\/www.iskenderun.org\/yonderde-23-nisan-coskusu"}]}},"_links":{"self":[{"href":"https:\/\/denizcankizil.tr\/ru\/wp-json\/wp\/v2\/posts\/64862","targetHints":{"allow":["GET"]}}],"collection":[{"href":"https:\/\/denizcankizil.tr\/ru\/wp-json\/wp\/v2\/posts"}],"about":[{"href":"https:\/\/denizcankizil.tr\/ru\/wp-json\/wp\/v2\/types\/post"}],"author":[{"embeddable":true,"href":"https:\/\/denizcankizil.tr\/ru\/wp-json\/wp\/v2\/users\/1"}],"replies":[{"embeddable":true,"href":"https:\/\/denizcankizil.tr\/ru\/wp-json\/wp\/v2\/comments?post=64862"}],"version-history":[{"count":0,"href":"https:\/\/denizcankizil.tr\/ru\/wp-json\/wp\/v2\/posts\/64862\/revisions"}],"wp:attachment":[{"href":"https:\/\/denizcankizil.tr\/ru\/wp-json\/wp\/v2\/media?parent=64862"}],"wp:term":[{"taxonomy":"category","embeddable":true,"href":"https:\/\/denizcankizil.tr\/ru\/wp-json\/wp\/v2\/categories?post=64862"},{"taxonomy":"post_tag","embeddable":true,"href":"https:\/\/denizcankizil.tr\/ru\/wp-json\/wp\/v2\/tags?post=64862"}],"curies":[{"name":"wp","href":"https:\/\/api.w.org\/{rel}","templated":true}]}}