{"id":63888,"date":"2025-04-23T13:41:27","date_gmt":"2025-04-23T10:41:27","guid":{"rendered":"https:\/\/denizcankizil.tr\/uncategorized-tr\/istanbulda-6-2-buyuklugunde-siddetli-deprem\/"},"modified":"2025-04-23T13:41:27","modified_gmt":"2025-04-23T10:41:27","slug":"istanbulda-6-2-buyuklugunde-siddetli-deprem","status":"publish","type":"post","link":"https:\/\/denizcankizil.tr\/ru\/haberler\/gundem\/istanbulda-6-2-buyuklugunde-siddetli-deprem\/","title":{"rendered":"\u0130stanbul&#8217;da 6.2 b\u00fcy\u00fckl\u00fc\u011f\u00fcnde \u015fiddetli deprem!"},"content":{"rendered":"<p>AFAD&#8217;dan yap\u0131lan a\u00e7\u0131klamaya g\u00f6re Silivri&#8217;de Marmara Denizi a\u00e7\u0131klar\u0131nda 3.9 b\u00fcy\u00fckl\u00fc\u011f\u00fcnde bir son dakika deprem meydana geldi. Saat 12.13&#8217;te ger\u00e7ekle\u015fen depremin derinli\u011fi 6.99 km olarak \u00f6l\u00e7\u00fcld\u00fc. Kandilli Rasathanesi&#8217;nin son depremler payla\u015f\u0131m\u0131na g\u00f6re depremin b\u00fcy\u00fckl\u00fc\u011f\u00fc 4.0 olarak a\u00e7\u0131kland\u0131. Deprem \u00e7evre il\u00e7elerde de hissedildi.<\/p>\n<p>BAKAN YERL\u0130KAYA&#8217;DAN \u0130LK A\u00c7IKLAMA<\/p>\n<p>\u0130\u00e7i\u015fleri Bakan\u0131 Ali Yerlikaya, \u201c\u0130stanbul Marmara Denizi Silivri\u2019de 6.2 b\u00fcy\u00fckl\u00fc\u011f\u00fcnde bir deprem meydana gelmi\u015ftir\u201d dedi. Yerlikaya, \u201c\u0130stanbul Marmara Denizi Silivri\u2019de 6.2 b\u00fcy\u00fckl\u00fc\u011f\u00fcnde bir deprem meydana gelmi\u015ftir. \u00c7evre illerden de hissedilen depremle ilgili olarak, AFAD ve ilgili kurumlar\u0131m\u0131z\u0131n t\u00fcm ekipleri saha taramalar\u0131na ba\u015flam\u0131\u015ft\u0131r. Depremden etkilenen vatanda\u015flar\u0131m\u0131za ge\u00e7mi\u015f olsun dileklerimi sunuyorum. Allah \u00fclkemizi ve milletimizi afetlerden korusun\u201d a\u00e7\u0131klamas\u0131nda bulundu.<\/p>\n<p>\u0130STANBUL&#8217;DA 6.2&#8217;L\u0130K \u015e\u0130DDETL\u0130 DEPREM<\/p>\n<p>AFAD, saat 12.49&#8217;da merkez \u00fcss\u00fc Silivri il\u00e7esi olan 6,2 b\u00fcy\u00fckl\u00fc\u011f\u00fcnde deprem meydana geldi\u011fini bildirdi.<\/p>\n<p>\u200b\u0130stanbul&#8217;da hissedilen bir sars\u0131nt\u0131 meydana geldi. Depremin Silivri a\u00e7\u0131klar\u0131nda oldu\u011fu \u00f6\u011frenildi. AFAD taraf\u0131ndan yap\u0131lan a\u00e7\u0131klamada deprem b\u00fcy\u00fckl\u00fc\u011f\u00fc 3.9, Kandilli taraf\u0131ndan yap\u0131lan a\u00e7\u0131klamada ise 4.0 olarak duyuruldu. \u0130stanbul&#8217;da \u015fiddetli bir deprem daha oldu, AFAD depremin b\u00fcy\u00fckl\u00fc\u011f\u00fcn\u00fc 6,2 olarak duyurdu.\u00a0<\/p>\n<p>\u200bHaberin Al\u0131nt\u0131land\u0131\u011f\u0131 Kaynak: www.antalyakorfez.com<\/p>","protected":false},"excerpt":{"rendered":"<p>AFAD&#8217;dan yap\u0131lan a\u00e7\u0131klamaya g\u00f6re Silivri&#8217;de Marmara Denizi a\u00e7\u0131klar\u0131nda 3.9 b\u00fcy\u00fckl\u00fc\u011f\u00fcnde bir son dakika deprem meydana geldi. Saat 12.13&#8217;te ger\u00e7ekle\u015fen depremin derinli\u011fi 6.99 km olarak \u00f6l\u00e7\u00fcld\u00fc. Kandilli Rasathanesi&#8217;nin son depremler payla\u015f\u0131m\u0131na g\u00f6re depremin b\u00fcy\u00fckl\u00fc\u011f\u00fc 4.0 olarak a\u00e7\u0131kland\u0131. Deprem \u00e7evre il\u00e7elerde de hissedildi. BAKAN YERL\u0130KAYA&#8217;DAN \u0130LK A\u00c7IKLAMA \u0130\u00e7i\u015fleri Bakan\u0131 Ali Yerlikaya, \u201c\u0130stanbul Marmara Denizi Silivri\u2019de 6.2 b\u00fcy\u00fckl\u00fc\u011f\u00fcnde bir deprem meydana gelmi\u015ftir\u201d dedi. Yerlikaya, \u201c\u0130stanbul Marmara Denizi Silivri\u2019de 6.2 b\u00fcy\u00fckl\u00fc\u011f\u00fcnde bir deprem meydana gelmi\u015ftir. \u00c7evre illerden de hissedilen depremle ilgili olarak, AFAD ve ilgili kurumlar\u0131m\u0131z\u0131n t\u00fcm ekipleri saha taramalar\u0131na ba\u015flam\u0131\u015ft\u0131r. Depremden etkilenen vatanda\u015flar\u0131m\u0131za ge\u00e7mi\u015f olsun dileklerimi sunuyorum. Allah \u00fclkemizi ve milletimizi afetlerden korusun\u201d a\u00e7\u0131klamas\u0131nda bulundu. \u0130STANBUL&#8217;DA 6.2&#8217;L\u0130K \u015e\u0130DDETL\u0130 DEPREM AFAD, saat 12.49&#8217;da merkez \u00fcss\u00fc Silivri il\u00e7esi olan 6,2 b\u00fcy\u00fckl\u00fc\u011f\u00fcnde deprem meydana geldi\u011fini bildirdi. \u200b\u0130stanbul&#8217;da hissedilen bir sars\u0131nt\u0131 meydana geldi. Depremin Silivri a\u00e7\u0131klar\u0131nda oldu\u011fu \u00f6\u011frenildi. AFAD taraf\u0131ndan yap\u0131lan a\u00e7\u0131klamada deprem b\u00fcy\u00fckl\u00fc\u011f\u00fc 3.9, Kandilli taraf\u0131ndan yap\u0131lan a\u00e7\u0131klamada ise 4.0 olarak duyuruldu. \u0130stanbul&#8217;da \u015fiddetli bir deprem daha oldu, AFAD depremin b\u00fcy\u00fckl\u00fc\u011f\u00fcn\u00fc 6,2 olarak duyurdu.\u00a0 \u200bHaberin Al\u0131nt\u0131land\u0131\u011f\u0131 Kaynak: www.antalyakorfez.com<\/p>","protected":false},"author":5,"featured_media":0,"comment_status":"","ping_status":"open","sticky":false,"template":"","format":"standard","meta":{"_acf_changed":false,"footnotes":""},"categories":[24],"tags":[],"class_list":["post-63888","post","type-post","status-publish","format-standard","has-post-thumbnail","hentry","category-gundem"],"acf":[],"yoast_head":"<!-- This site is optimized with the Yoast SEO Premium plugin v26.6 (Yoast SEO v27.1.1) - https:\/\/yoast.com\/product\/yoast-seo-premium-wordpress\/ -->\n<title>\u0130stanbul&#039;da 6.2 b\u00fcy\u00fckl\u00fc\u011f\u00fcnde \u015fiddetli deprem! - Av. Deniz Can K\u0131z\u0131l<\/title>\n<meta name=\"robots\" content=\"index, follow, max-snippet:-1, max-image-preview:large, max-video-preview:-1\" \/>\n<link rel=\"canonical\" href=\"https:\/\/denizcankizil.tr\/ru\/haberler\/gundem\/istanbulda-6-2-buyuklugunde-siddetli-deprem\/\" \/>\n<meta property=\"og:locale\" content=\"ru_RU\" \/>\n<meta property=\"og:type\" content=\"article\" \/>\n<meta property=\"og:title\" content=\"\u0130stanbul&#039;da 6.2 b\u00fcy\u00fckl\u00fc\u011f\u00fcnde \u015fiddetli deprem!\" \/>\n<meta property=\"og:description\" content=\"AFAD&#8217;dan yap\u0131lan a\u00e7\u0131klamaya g\u00f6re Silivri&#8217;de Marmara Denizi a\u00e7\u0131klar\u0131nda 3.9 b\u00fcy\u00fckl\u00fc\u011f\u00fcnde bir son dakika deprem meydana geldi. Saat 12.13&#8217;te ger\u00e7ekle\u015fen depremin derinli\u011fi 6.99 km olarak \u00f6l\u00e7\u00fcld\u00fc. Kandilli Rasathanesi&#8217;nin son depremler payla\u015f\u0131m\u0131na g\u00f6re depremin b\u00fcy\u00fckl\u00fc\u011f\u00fc 4.0 olarak a\u00e7\u0131kland\u0131. Deprem \u00e7evre il\u00e7elerde de hissedildi. BAKAN YERL\u0130KAYA&#8217;DAN \u0130LK A\u00c7IKLAMA \u0130\u00e7i\u015fleri Bakan\u0131 Ali Yerlikaya, \u201c\u0130stanbul Marmara Denizi Silivri\u2019de 6.2 b\u00fcy\u00fckl\u00fc\u011f\u00fcnde bir deprem meydana gelmi\u015ftir\u201d dedi. Yerlikaya, \u201c\u0130stanbul Marmara Denizi Silivri\u2019de 6.2 b\u00fcy\u00fckl\u00fc\u011f\u00fcnde bir deprem meydana gelmi\u015ftir. \u00c7evre illerden de hissedilen depremle ilgili olarak, AFAD ve ilgili kurumlar\u0131m\u0131z\u0131n t\u00fcm ekipleri saha taramalar\u0131na ba\u015flam\u0131\u015ft\u0131r. Depremden etkilenen vatanda\u015flar\u0131m\u0131za ge\u00e7mi\u015f olsun dileklerimi sunuyorum. Allah \u00fclkemizi ve milletimizi afetlerden korusun\u201d a\u00e7\u0131klamas\u0131nda bulundu. \u0130STANBUL&#8217;DA 6.2&#8217;L\u0130K \u015e\u0130DDETL\u0130 DEPREM AFAD, saat 12.49&#8217;da merkez \u00fcss\u00fc Silivri il\u00e7esi olan 6,2 b\u00fcy\u00fckl\u00fc\u011f\u00fcnde deprem meydana geldi\u011fini bildirdi. \u200b\u0130stanbul&#8217;da hissedilen bir sars\u0131nt\u0131 meydana geldi. Depremin Silivri a\u00e7\u0131klar\u0131nda oldu\u011fu \u00f6\u011frenildi. AFAD taraf\u0131ndan yap\u0131lan a\u00e7\u0131klamada deprem b\u00fcy\u00fckl\u00fc\u011f\u00fc 3.9, Kandilli taraf\u0131ndan yap\u0131lan a\u00e7\u0131klamada ise 4.0 olarak duyuruldu. \u0130stanbul&#8217;da \u015fiddetli bir deprem daha oldu, AFAD depremin b\u00fcy\u00fckl\u00fc\u011f\u00fcn\u00fc 6,2 olarak duyurdu.\u00a0 \u200bHaberin Al\u0131nt\u0131land\u0131\u011f\u0131 Kaynak: www.antalyakorfez.com\" \/>\n<meta property=\"og:url\" content=\"https:\/\/denizcankizil.tr\/ru\/haberler\/gundem\/istanbulda-6-2-buyuklugunde-siddetli-deprem\/\" \/>\n<meta property=\"og:site_name\" content=\"Av. Deniz Can K\u0131z\u0131l\" \/>\n<meta property=\"article:published_time\" content=\"2025-04-23T10:41:27+00:00\" \/>\n<meta name=\"author\" content=\"Antalya K\u00f6rfez\" \/>\n<meta name=\"twitter:card\" content=\"summary_large_image\" \/>\n<meta name=\"twitter:label1\" content=\"\u041d\u0430\u043f\u0438\u0441\u0430\u043d\u043e \u0430\u0432\u0442\u043e\u0440\u043e\u043c\" \/>\n\t<meta name=\"twitter:data1\" content=\"Antalya K\u00f6rfez\" \/>\n\t<meta name=\"twitter:label2\" content=\"\u041f\u0440\u0438\u043c\u0435\u0440\u043d\u043e\u0435 \u0432\u0440\u0435\u043c\u044f \u0434\u043b\u044f \u0447\u0442\u0435\u043d\u0438\u044f\" \/>\n\t<meta name=\"twitter:data2\" content=\"1 \u043c\u0438\u043d\u0443\u0442\u0430\" \/>\n<script type=\"application\/ld+json\" class=\"yoast-schema-graph\">{\"@context\":\"https:\/\/schema.org\",\"@graph\":[{\"@type\":\"Article\",\"@id\":\"https:\/\/denizcankizil.tr\/ru\/haberler\/gundem\/istanbulda-6-2-buyuklugunde-siddetli-deprem\/#article\",\"isPartOf\":{\"@id\":\"https:\/\/denizcankizil.tr\/ru\/haberler\/gundem\/istanbulda-6-2-buyuklugunde-siddetli-deprem\/\"},\"author\":{\"name\":\"Antalya K\u00f6rfez\",\"@id\":\"https:\/\/denizcankizil.tr\/#\/schema\/person\/e1eb71bb4dd684d46563f0af307e1234\"},\"headline\":\"\u0130stanbul&#8217;da 6.2 b\u00fcy\u00fckl\u00fc\u011f\u00fcnde \u015fiddetli deprem!\",\"datePublished\":\"2025-04-23T10:41:27+00:00\",\"mainEntityOfPage\":{\"@id\":\"https:\/\/denizcankizil.tr\/ru\/haberler\/gundem\/istanbulda-6-2-buyuklugunde-siddetli-deprem\/\"},\"wordCount\":239,\"publisher\":{\"@id\":\"https:\/\/denizcankizil.tr\/#organization\"},\"articleSection\":[\"G\u00fcndem\"],\"inLanguage\":\"ru-RU\"},{\"@type\":\"WebPage\",\"@id\":\"https:\/\/denizcankizil.tr\/ru\/haberler\/gundem\/istanbulda-6-2-buyuklugunde-siddetli-deprem\/\",\"url\":\"https:\/\/denizcankizil.tr\/ru\/haberler\/gundem\/istanbulda-6-2-buyuklugunde-siddetli-deprem\/\",\"name\":\"\u0130stanbul'da 6.2 b\u00fcy\u00fckl\u00fc\u011f\u00fcnde \u015fiddetli deprem! - Av. Deniz Can K\u0131z\u0131l\",\"isPartOf\":{\"@id\":\"https:\/\/denizcankizil.tr\/#website\"},\"datePublished\":\"2025-04-23T10:41:27+00:00\",\"breadcrumb\":{\"@id\":\"https:\/\/denizcankizil.tr\/ru\/haberler\/gundem\/istanbulda-6-2-buyuklugunde-siddetli-deprem\/#breadcrumb\"},\"inLanguage\":\"ru-RU\",\"potentialAction\":[{\"@type\":\"ReadAction\",\"target\":[\"https:\/\/denizcankizil.tr\/ru\/haberler\/gundem\/istanbulda-6-2-buyuklugunde-siddetli-deprem\/\"]}]},{\"@type\":\"BreadcrumbList\",\"@id\":\"https:\/\/denizcankizil.tr\/ru\/haberler\/gundem\/istanbulda-6-2-buyuklugunde-siddetli-deprem\/#breadcrumb\",\"itemListElement\":[{\"@type\":\"ListItem\",\"position\":1,\"name\":\"Home\",\"item\":\"https:\/\/denizcankizil.tr\/de\/\"},{\"@type\":\"ListItem\",\"position\":2,\"name\":\"\u0130stanbul&#8217;da 6.2 b\u00fcy\u00fckl\u00fc\u011f\u00fcnde \u015fiddetli deprem!\"}]},{\"@type\":\"WebSite\",\"@id\":\"https:\/\/denizcankizil.tr\/#website\",\"url\":\"https:\/\/denizcankizil.tr\/\",\"name\":\"Av. Deniz Can K\u0131z\u0131l\",\"description\":\"Avukat Deniz Can K\u0131z\u0131l Antalya Barosu\",\"publisher\":{\"@id\":\"https:\/\/denizcankizil.tr\/#organization\"},\"potentialAction\":[{\"@type\":\"SearchAction\",\"target\":{\"@type\":\"EntryPoint\",\"urlTemplate\":\"https:\/\/denizcankizil.tr\/?s={search_term_string}\"},\"query-input\":{\"@type\":\"PropertyValueSpecification\",\"valueRequired\":true,\"valueName\":\"search_term_string\"}}],\"inLanguage\":\"ru-RU\"},{\"@type\":\"Organization\",\"@id\":\"https:\/\/denizcankizil.tr\/#organization\",\"name\":\"Av. Deniz Can K\u0131z\u0131l\",\"url\":\"https:\/\/denizcankizil.tr\/\",\"logo\":{\"@type\":\"ImageObject\",\"inLanguage\":\"ru-RU\",\"@id\":\"https:\/\/denizcankizil.tr\/#\/schema\/logo\/image\/\",\"url\":\"https:\/\/denizcankizil.tr\/wp-content\/uploads\/2024\/10\/siyah-logo-svg.svg\",\"contentUrl\":\"https:\/\/denizcankizil.tr\/wp-content\/uploads\/2024\/10\/siyah-logo-svg.svg\",\"width\":1080,\"height\":1080,\"caption\":\"Av. Deniz Can K\u0131z\u0131l\"},\"image\":{\"@id\":\"https:\/\/denizcankizil.tr\/#\/schema\/logo\/image\/\"}},{\"@type\":\"Person\",\"@id\":\"https:\/\/denizcankizil.tr\/#\/schema\/person\/e1eb71bb4dd684d46563f0af307e1234\",\"name\":\"Antalya K\u00f6rfez\",\"image\":{\"@type\":\"ImageObject\",\"inLanguage\":\"ru-RU\",\"@id\":\"https:\/\/denizcankizil.tr\/#\/schema\/person\/image\/\",\"url\":\"https:\/\/secure.gravatar.com\/avatar\/42b01982558a48a0b501fdcab6a408d3717ea5919095ee2e67b0e521799c5905?s=96&d=mm&r=g\",\"contentUrl\":\"https:\/\/secure.gravatar.com\/avatar\/42b01982558a48a0b501fdcab6a408d3717ea5919095ee2e67b0e521799c5905?s=96&d=mm&r=g\",\"caption\":\"Antalya K\u00f6rfez\"},\"sameAs\":[\"http:\/\/www.antalyakorfez.com\"],\"url\":\"https:\/\/www.antalyakorfez.com\/istanbulda-62-buyuklugunde-siddetli-deprem\"}]}<\/script>\n<!-- \/ Yoast SEO Premium plugin. -->","yoast_head_json":{"title":"\u0130stanbul'da 6.2 b\u00fcy\u00fckl\u00fc\u011f\u00fcnde \u015fiddetli deprem! - Av. Deniz Can K\u0131z\u0131l","robots":{"index":"index","follow":"follow","max-snippet":"max-snippet:-1","max-image-preview":"max-image-preview:large","max-video-preview":"max-video-preview:-1"},"canonical":"https:\/\/denizcankizil.tr\/ru\/haberler\/gundem\/istanbulda-6-2-buyuklugunde-siddetli-deprem\/","og_locale":"ru_RU","og_type":"article","og_title":"\u0130stanbul'da 6.2 b\u00fcy\u00fckl\u00fc\u011f\u00fcnde \u015fiddetli deprem!","og_description":"AFAD&#8217;dan yap\u0131lan a\u00e7\u0131klamaya g\u00f6re Silivri&#8217;de Marmara Denizi a\u00e7\u0131klar\u0131nda 3.9 b\u00fcy\u00fckl\u00fc\u011f\u00fcnde bir son dakika deprem meydana geldi. Saat 12.13&#8217;te ger\u00e7ekle\u015fen depremin derinli\u011fi 6.99 km olarak \u00f6l\u00e7\u00fcld\u00fc. Kandilli Rasathanesi&#8217;nin son depremler payla\u015f\u0131m\u0131na g\u00f6re depremin b\u00fcy\u00fckl\u00fc\u011f\u00fc 4.0 olarak a\u00e7\u0131kland\u0131. Deprem \u00e7evre il\u00e7elerde de hissedildi. BAKAN YERL\u0130KAYA&#8217;DAN \u0130LK A\u00c7IKLAMA \u0130\u00e7i\u015fleri Bakan\u0131 Ali Yerlikaya, \u201c\u0130stanbul Marmara Denizi Silivri\u2019de 6.2 b\u00fcy\u00fckl\u00fc\u011f\u00fcnde bir deprem meydana gelmi\u015ftir\u201d dedi. Yerlikaya, \u201c\u0130stanbul Marmara Denizi Silivri\u2019de 6.2 b\u00fcy\u00fckl\u00fc\u011f\u00fcnde bir deprem meydana gelmi\u015ftir. \u00c7evre illerden de hissedilen depremle ilgili olarak, AFAD ve ilgili kurumlar\u0131m\u0131z\u0131n t\u00fcm ekipleri saha taramalar\u0131na ba\u015flam\u0131\u015ft\u0131r. Depremden etkilenen vatanda\u015flar\u0131m\u0131za ge\u00e7mi\u015f olsun dileklerimi sunuyorum. Allah \u00fclkemizi ve milletimizi afetlerden korusun\u201d a\u00e7\u0131klamas\u0131nda bulundu. \u0130STANBUL&#8217;DA 6.2&#8217;L\u0130K \u015e\u0130DDETL\u0130 DEPREM AFAD, saat 12.49&#8217;da merkez \u00fcss\u00fc Silivri il\u00e7esi olan 6,2 b\u00fcy\u00fckl\u00fc\u011f\u00fcnde deprem meydana geldi\u011fini bildirdi. \u200b\u0130stanbul&#8217;da hissedilen bir sars\u0131nt\u0131 meydana geldi. Depremin Silivri a\u00e7\u0131klar\u0131nda oldu\u011fu \u00f6\u011frenildi. AFAD taraf\u0131ndan yap\u0131lan a\u00e7\u0131klamada deprem b\u00fcy\u00fckl\u00fc\u011f\u00fc 3.9, Kandilli taraf\u0131ndan yap\u0131lan a\u00e7\u0131klamada ise 4.0 olarak duyuruldu. \u0130stanbul&#8217;da \u015fiddetli bir deprem daha oldu, AFAD depremin b\u00fcy\u00fckl\u00fc\u011f\u00fcn\u00fc 6,2 olarak duyurdu.\u00a0 \u200bHaberin Al\u0131nt\u0131land\u0131\u011f\u0131 Kaynak: www.antalyakorfez.com","og_url":"https:\/\/denizcankizil.tr\/ru\/haberler\/gundem\/istanbulda-6-2-buyuklugunde-siddetli-deprem\/","og_site_name":"Av. Deniz Can K\u0131z\u0131l","article_published_time":"2025-04-23T10:41:27+00:00","author":"Antalya K\u00f6rfez","twitter_card":"summary_large_image","twitter_misc":{"\u041d\u0430\u043f\u0438\u0441\u0430\u043d\u043e \u0430\u0432\u0442\u043e\u0440\u043e\u043c":"Antalya K\u00f6rfez","\u041f\u0440\u0438\u043c\u0435\u0440\u043d\u043e\u0435 \u0432\u0440\u0435\u043c\u044f \u0434\u043b\u044f \u0447\u0442\u0435\u043d\u0438\u044f":"1 \u043c\u0438\u043d\u0443\u0442\u0430"},"schema":{"@context":"https:\/\/schema.org","@graph":[{"@type":"Article","@id":"https:\/\/denizcankizil.tr\/ru\/haberler\/gundem\/istanbulda-6-2-buyuklugunde-siddetli-deprem\/#article","isPartOf":{"@id":"https:\/\/denizcankizil.tr\/ru\/haberler\/gundem\/istanbulda-6-2-buyuklugunde-siddetli-deprem\/"},"author":{"name":"Antalya K\u00f6rfez","@id":"https:\/\/denizcankizil.tr\/#\/schema\/person\/e1eb71bb4dd684d46563f0af307e1234"},"headline":"\u0130stanbul&#8217;da 6.2 b\u00fcy\u00fckl\u00fc\u011f\u00fcnde \u015fiddetli deprem!","datePublished":"2025-04-23T10:41:27+00:00","mainEntityOfPage":{"@id":"https:\/\/denizcankizil.tr\/ru\/haberler\/gundem\/istanbulda-6-2-buyuklugunde-siddetli-deprem\/"},"wordCount":239,"publisher":{"@id":"https:\/\/denizcankizil.tr\/#organization"},"articleSection":["G\u00fcndem"],"inLanguage":"ru-RU"},{"@type":"WebPage","@id":"https:\/\/denizcankizil.tr\/ru\/haberler\/gundem\/istanbulda-6-2-buyuklugunde-siddetli-deprem\/","url":"https:\/\/denizcankizil.tr\/ru\/haberler\/gundem\/istanbulda-6-2-buyuklugunde-siddetli-deprem\/","name":"\u0130stanbul'da 6.2 b\u00fcy\u00fckl\u00fc\u011f\u00fcnde \u015fiddetli deprem! - Av. Deniz Can K\u0131z\u0131l","isPartOf":{"@id":"https:\/\/denizcankizil.tr\/#website"},"datePublished":"2025-04-23T10:41:27+00:00","breadcrumb":{"@id":"https:\/\/denizcankizil.tr\/ru\/haberler\/gundem\/istanbulda-6-2-buyuklugunde-siddetli-deprem\/#breadcrumb"},"inLanguage":"ru-RU","potentialAction":[{"@type":"ReadAction","target":["https:\/\/denizcankizil.tr\/ru\/haberler\/gundem\/istanbulda-6-2-buyuklugunde-siddetli-deprem\/"]}]},{"@type":"BreadcrumbList","@id":"https:\/\/denizcankizil.tr\/ru\/haberler\/gundem\/istanbulda-6-2-buyuklugunde-siddetli-deprem\/#breadcrumb","itemListElement":[{"@type":"ListItem","position":1,"name":"Home","item":"https:\/\/denizcankizil.tr\/de\/"},{"@type":"ListItem","position":2,"name":"\u0130stanbul&#8217;da 6.2 b\u00fcy\u00fckl\u00fc\u011f\u00fcnde \u015fiddetli deprem!"}]},{"@type":"WebSite","@id":"https:\/\/denizcankizil.tr\/#website","url":"https:\/\/denizcankizil.tr\/","name":"Av. Deniz Can K\u0131z\u0131l","description":"Avukat Deniz Can K\u0131z\u0131l Antalya Barosu","publisher":{"@id":"https:\/\/denizcankizil.tr\/#organization"},"potentialAction":[{"@type":"SearchAction","target":{"@type":"EntryPoint","urlTemplate":"https:\/\/denizcankizil.tr\/?s={search_term_string}"},"query-input":{"@type":"PropertyValueSpecification","valueRequired":true,"valueName":"search_term_string"}}],"inLanguage":"ru-RU"},{"@type":"Organization","@id":"https:\/\/denizcankizil.tr\/#organization","name":"Av. Deniz Can K\u0131z\u0131l","url":"https:\/\/denizcankizil.tr\/","logo":{"@type":"ImageObject","inLanguage":"ru-RU","@id":"https:\/\/denizcankizil.tr\/#\/schema\/logo\/image\/","url":"https:\/\/denizcankizil.tr\/wp-content\/uploads\/2024\/10\/siyah-logo-svg.svg","contentUrl":"https:\/\/denizcankizil.tr\/wp-content\/uploads\/2024\/10\/siyah-logo-svg.svg","width":1080,"height":1080,"caption":"Av. Deniz Can K\u0131z\u0131l"},"image":{"@id":"https:\/\/denizcankizil.tr\/#\/schema\/logo\/image\/"}},{"@type":"Person","@id":"https:\/\/denizcankizil.tr\/#\/schema\/person\/e1eb71bb4dd684d46563f0af307e1234","name":"Antalya K\u00f6rfez","image":{"@type":"ImageObject","inLanguage":"ru-RU","@id":"https:\/\/denizcankizil.tr\/#\/schema\/person\/image\/","url":"https:\/\/secure.gravatar.com\/avatar\/42b01982558a48a0b501fdcab6a408d3717ea5919095ee2e67b0e521799c5905?s=96&d=mm&r=g","contentUrl":"https:\/\/secure.gravatar.com\/avatar\/42b01982558a48a0b501fdcab6a408d3717ea5919095ee2e67b0e521799c5905?s=96&d=mm&r=g","caption":"Antalya K\u00f6rfez"},"sameAs":["http:\/\/www.antalyakorfez.com"],"url":"https:\/\/www.antalyakorfez.com\/istanbulda-62-buyuklugunde-siddetli-deprem"}]}},"_links":{"self":[{"href":"https:\/\/denizcankizil.tr\/ru\/wp-json\/wp\/v2\/posts\/63888","targetHints":{"allow":["GET"]}}],"collection":[{"href":"https:\/\/denizcankizil.tr\/ru\/wp-json\/wp\/v2\/posts"}],"about":[{"href":"https:\/\/denizcankizil.tr\/ru\/wp-json\/wp\/v2\/types\/post"}],"author":[{"embeddable":true,"href":"https:\/\/denizcankizil.tr\/ru\/wp-json\/wp\/v2\/users\/5"}],"replies":[{"embeddable":true,"href":"https:\/\/denizcankizil.tr\/ru\/wp-json\/wp\/v2\/comments?post=63888"}],"version-history":[{"count":0,"href":"https:\/\/denizcankizil.tr\/ru\/wp-json\/wp\/v2\/posts\/63888\/revisions"}],"wp:attachment":[{"href":"https:\/\/denizcankizil.tr\/ru\/wp-json\/wp\/v2\/media?parent=63888"}],"wp:term":[{"taxonomy":"category","embeddable":true,"href":"https:\/\/denizcankizil.tr\/ru\/wp-json\/wp\/v2\/categories?post=63888"},{"taxonomy":"post_tag","embeddable":true,"href":"https:\/\/denizcankizil.tr\/ru\/wp-json\/wp\/v2\/tags?post=63888"}],"curies":[{"name":"wp","href":"https:\/\/api.w.org\/{rel}","templated":true}]}}