{"id":62701,"date":"2025-04-22T10:41:19","date_gmt":"2025-04-22T07:41:19","guid":{"rendered":"https:\/\/denizcankizil.tr\/uncategorized-tr\/park-halindeki-arac-alev-alev-yandi\/"},"modified":"2025-04-22T10:41:19","modified_gmt":"2025-04-22T07:41:19","slug":"park-halindeki-arac-alev-alev-yandi","status":"publish","type":"post","link":"https:\/\/denizcankizil.tr\/ru\/haberler\/antalya\/park-halindeki-arac-alev-alev-yandi\/","title":{"rendered":"Park halindeki ara\u00e7 alev alev yand\u0131"},"content":{"rendered":"<p>Eski Hisar Mahallesi 9506 sokakta \u00e7evreyolu \u00fczerinde bulunan i\u015fyeri \u00f6n\u00fcnde kald\u0131r\u0131mda park halindeki 07 BVF 947 plakal\u0131 BMW marka otomobil motor b\u00f6l\u00fcm\u00fcnde \u00e7\u0131kan yang\u0131n sonucunda yanmaya ba\u015flad\u0131. \u00c7evredeki vatanda\u015flar\u0131n haber 112 Acil \u00c7a\u011fr\u0131 Merkezi\u2019ne haber vermesi \u00fczerine adrese itfaiye ve polis ekipleri sevk edildi. Bu s\u0131rada yanan otomobile ilk m\u00fcdahaleyi yoldan ge\u00e7mekte olan di\u011fer ara\u00e7 sahipleri yang\u0131n t\u00fcpleriyle yapt\u0131. K\u0131sa s\u00fcrede olay yerine gelen Antalya B\u00fcy\u00fck\u015fehir Belediyesi \u0130tfaiyesi Manavgat Birimine ba\u011fl\u0131 ekiplerin m\u00fcdahalesi sonucunda yang\u0131n tamamen s\u00f6nd\u00fcr\u00fcl\u00fcrken, ara\u00e7 tamamen yanarak kullan\u0131lamaz hale geldi.<\/p>\n<p>Kaynak: www.kanalv.com.tr Haber Sitesinden Al\u0131nm\u0131\u015ft\u0131r.<\/p>","protected":false},"excerpt":{"rendered":"<p>Eski Hisar Mahallesi 9506 sokakta \u00e7evreyolu \u00fczerinde bulunan i\u015fyeri \u00f6n\u00fcnde kald\u0131r\u0131mda park halindeki 07 BVF 947 plakal\u0131 BMW marka otomobil motor b\u00f6l\u00fcm\u00fcnde \u00e7\u0131kan yang\u0131n sonucunda yanmaya ba\u015flad\u0131. \u00c7evredeki vatanda\u015flar\u0131n haber 112 Acil \u00c7a\u011fr\u0131 Merkezi\u2019ne haber vermesi \u00fczerine adrese itfaiye ve polis ekipleri sevk edildi. Bu s\u0131rada yanan otomobile ilk m\u00fcdahaleyi yoldan ge\u00e7mekte olan di\u011fer ara\u00e7 sahipleri yang\u0131n t\u00fcpleriyle yapt\u0131. K\u0131sa s\u00fcrede olay yerine gelen Antalya B\u00fcy\u00fck\u015fehir Belediyesi \u0130tfaiyesi Manavgat Birimine ba\u011fl\u0131 ekiplerin m\u00fcdahalesi sonucunda yang\u0131n tamamen s\u00f6nd\u00fcr\u00fcl\u00fcrken, ara\u00e7 tamamen yanarak kullan\u0131lamaz hale geldi. Kaynak: www.kanalv.com.tr Haber Sitesinden Al\u0131nm\u0131\u015ft\u0131r.<\/p>","protected":false},"author":4,"featured_media":62702,"comment_status":"","ping_status":"open","sticky":false,"template":"","format":"standard","meta":{"_acf_changed":false,"footnotes":""},"categories":[26],"tags":[],"class_list":["post-62701","post","type-post","status-publish","format-standard","has-post-thumbnail","hentry","category-antalya"],"acf":[],"yoast_head":"<!-- This site is optimized with the Yoast SEO Premium plugin v26.6 (Yoast SEO v27.1.1) - https:\/\/yoast.com\/product\/yoast-seo-premium-wordpress\/ -->\n<title>Park halindeki ara\u00e7 alev alev yand\u0131 - Av. Deniz Can K\u0131z\u0131l<\/title>\n<meta name=\"robots\" content=\"index, follow, max-snippet:-1, max-image-preview:large, max-video-preview:-1\" \/>\n<link rel=\"canonical\" href=\"https:\/\/denizcankizil.tr\/ru\/haberler\/antalya\/park-halindeki-arac-alev-alev-yandi\/\" \/>\n<meta property=\"og:locale\" content=\"ru_RU\" \/>\n<meta property=\"og:type\" content=\"article\" \/>\n<meta property=\"og:title\" content=\"Park halindeki ara\u00e7 alev alev yand\u0131\" \/>\n<meta property=\"og:description\" content=\"Eski Hisar Mahallesi 9506 sokakta \u00e7evreyolu \u00fczerinde bulunan i\u015fyeri \u00f6n\u00fcnde kald\u0131r\u0131mda park halindeki 07 BVF 947 plakal\u0131 BMW marka otomobil motor b\u00f6l\u00fcm\u00fcnde \u00e7\u0131kan yang\u0131n sonucunda yanmaya ba\u015flad\u0131. \u00c7evredeki vatanda\u015flar\u0131n haber 112 Acil \u00c7a\u011fr\u0131 Merkezi\u2019ne haber vermesi \u00fczerine adrese itfaiye ve polis ekipleri sevk edildi. Bu s\u0131rada yanan otomobile ilk m\u00fcdahaleyi yoldan ge\u00e7mekte olan di\u011fer ara\u00e7 sahipleri yang\u0131n t\u00fcpleriyle yapt\u0131. K\u0131sa s\u00fcrede olay yerine gelen Antalya B\u00fcy\u00fck\u015fehir Belediyesi \u0130tfaiyesi Manavgat Birimine ba\u011fl\u0131 ekiplerin m\u00fcdahalesi sonucunda yang\u0131n tamamen s\u00f6nd\u00fcr\u00fcl\u00fcrken, ara\u00e7 tamamen yanarak kullan\u0131lamaz hale geldi. Kaynak: www.kanalv.com.tr Haber Sitesinden Al\u0131nm\u0131\u015ft\u0131r.\" \/>\n<meta property=\"og:url\" content=\"https:\/\/denizcankizil.tr\/ru\/haberler\/antalya\/park-halindeki-arac-alev-alev-yandi\/\" \/>\n<meta property=\"og:site_name\" content=\"Av. Deniz Can K\u0131z\u0131l\" \/>\n<meta property=\"article:published_time\" content=\"2025-04-22T07:41:19+00:00\" \/>\n<meta property=\"og:image\" content=\"https:\/\/denizcankizil.tr\/wp-content\/uploads\/2025\/04\/5927-01-acVtrC.jpg\" \/>\n\t<meta property=\"og:image:width\" content=\"1280\" \/>\n\t<meta property=\"og:image:height\" content=\"720\" \/>\n\t<meta property=\"og:image:type\" content=\"image\/jpeg\" \/>\n<meta name=\"author\" content=\"Av. Deniz Can K\u0131z\u0131l\" \/>\n<meta name=\"twitter:card\" content=\"summary_large_image\" \/>\n<meta name=\"twitter:label1\" content=\"\u041d\u0430\u043f\u0438\u0441\u0430\u043d\u043e \u0430\u0432\u0442\u043e\u0440\u043e\u043c\" \/>\n\t<meta name=\"twitter:data1\" content=\"Av. Deniz Can K\u0131z\u0131l\" \/>\n\t<meta name=\"twitter:label2\" content=\"\u041f\u0440\u0438\u043c\u0435\u0440\u043d\u043e\u0435 \u0432\u0440\u0435\u043c\u044f \u0434\u043b\u044f \u0447\u0442\u0435\u043d\u0438\u044f\" \/>\n\t<meta name=\"twitter:data2\" content=\"1 \u043c\u0438\u043d\u0443\u0442\u0430\" \/>\n<script type=\"application\/ld+json\" class=\"yoast-schema-graph\">{\"@context\":\"https:\/\/schema.org\",\"@graph\":[{\"@type\":\"Article\",\"@id\":\"https:\/\/denizcankizil.tr\/ru\/haberler\/antalya\/park-halindeki-arac-alev-alev-yandi\/#article\",\"isPartOf\":{\"@id\":\"https:\/\/denizcankizil.tr\/ru\/haberler\/antalya\/park-halindeki-arac-alev-alev-yandi\/\"},\"author\":{\"name\":\"Av. Deniz Can K\u0131z\u0131l\",\"@id\":\"https:\/\/denizcankizil.tr\/de\/#\/schema\/person\/5dc1b22991bd7ac833867c10afc9b0ff\"},\"headline\":\"Park halindeki ara\u00e7 alev alev yand\u0131\",\"datePublished\":\"2025-04-22T07:41:19+00:00\",\"mainEntityOfPage\":{\"@id\":\"https:\/\/denizcankizil.tr\/ru\/haberler\/antalya\/park-halindeki-arac-alev-alev-yandi\/\"},\"wordCount\":128,\"publisher\":{\"@id\":\"https:\/\/denizcankizil.tr\/de\/#organization\"},\"image\":{\"@id\":\"https:\/\/denizcankizil.tr\/ru\/haberler\/antalya\/park-halindeki-arac-alev-alev-yandi\/#primaryimage\"},\"thumbnailUrl\":\"https:\/\/denizcankizil.tr\/wp-content\/uploads\/2025\/04\/5927-01-acVtrC.jpg\",\"articleSection\":[\"Antalya\"],\"inLanguage\":\"ru-RU\"},{\"@type\":\"WebPage\",\"@id\":\"https:\/\/denizcankizil.tr\/ru\/haberler\/antalya\/park-halindeki-arac-alev-alev-yandi\/\",\"url\":\"https:\/\/denizcankizil.tr\/ru\/haberler\/antalya\/park-halindeki-arac-alev-alev-yandi\/\",\"name\":\"Park halindeki ara\u00e7 alev alev yand\u0131 - Av. Deniz Can K\u0131z\u0131l\",\"isPartOf\":{\"@id\":\"https:\/\/denizcankizil.tr\/de\/#website\"},\"primaryImageOfPage\":{\"@id\":\"https:\/\/denizcankizil.tr\/ru\/haberler\/antalya\/park-halindeki-arac-alev-alev-yandi\/#primaryimage\"},\"image\":{\"@id\":\"https:\/\/denizcankizil.tr\/ru\/haberler\/antalya\/park-halindeki-arac-alev-alev-yandi\/#primaryimage\"},\"thumbnailUrl\":\"https:\/\/denizcankizil.tr\/wp-content\/uploads\/2025\/04\/5927-01-acVtrC.jpg\",\"datePublished\":\"2025-04-22T07:41:19+00:00\",\"breadcrumb\":{\"@id\":\"https:\/\/denizcankizil.tr\/ru\/haberler\/antalya\/park-halindeki-arac-alev-alev-yandi\/#breadcrumb\"},\"inLanguage\":\"ru-RU\",\"potentialAction\":[{\"@type\":\"ReadAction\",\"target\":[\"https:\/\/denizcankizil.tr\/ru\/haberler\/antalya\/park-halindeki-arac-alev-alev-yandi\/\"]}]},{\"@type\":\"ImageObject\",\"inLanguage\":\"ru-RU\",\"@id\":\"https:\/\/denizcankizil.tr\/ru\/haberler\/antalya\/park-halindeki-arac-alev-alev-yandi\/#primaryimage\",\"url\":\"https:\/\/denizcankizil.tr\/wp-content\/uploads\/2025\/04\/5927-01-acVtrC.jpg\",\"contentUrl\":\"https:\/\/denizcankizil.tr\/wp-content\/uploads\/2025\/04\/5927-01-acVtrC.jpg\",\"width\":1280,\"height\":720},{\"@type\":\"BreadcrumbList\",\"@id\":\"https:\/\/denizcankizil.tr\/ru\/haberler\/antalya\/park-halindeki-arac-alev-alev-yandi\/#breadcrumb\",\"itemListElement\":[{\"@type\":\"ListItem\",\"position\":1,\"name\":\"Home\",\"item\":\"https:\/\/denizcankizil.tr\/de\/\"},{\"@type\":\"ListItem\",\"position\":2,\"name\":\"Park halindeki ara\u00e7 alev alev yand\u0131\"}]},{\"@type\":\"WebSite\",\"@id\":\"https:\/\/denizcankizil.tr\/de\/#website\",\"url\":\"https:\/\/denizcankizil.tr\/de\/\",\"name\":\"Av. Deniz Can K\u0131z\u0131l\",\"description\":\"Avukat Deniz Can K\u0131z\u0131l Antalya Barosu\",\"publisher\":{\"@id\":\"https:\/\/denizcankizil.tr\/de\/#organization\"},\"potentialAction\":[{\"@type\":\"SearchAction\",\"target\":{\"@type\":\"EntryPoint\",\"urlTemplate\":\"https:\/\/denizcankizil.tr\/de\/?s={search_term_string}\"},\"query-input\":{\"@type\":\"PropertyValueSpecification\",\"valueRequired\":true,\"valueName\":\"search_term_string\"}}],\"inLanguage\":\"ru-RU\"},{\"@type\":\"Organization\",\"@id\":\"https:\/\/denizcankizil.tr\/de\/#organization\",\"name\":\"Av. Deniz Can K\u0131z\u0131l\",\"url\":\"https:\/\/denizcankizil.tr\/de\/\",\"logo\":{\"@type\":\"ImageObject\",\"inLanguage\":\"ru-RU\",\"@id\":\"https:\/\/denizcankizil.tr\/de\/#\/schema\/logo\/image\/\",\"url\":\"https:\/\/denizcankizil.tr\/wp-content\/uploads\/2024\/10\/siyah-logo-svg.svg\",\"contentUrl\":\"https:\/\/denizcankizil.tr\/wp-content\/uploads\/2024\/10\/siyah-logo-svg.svg\",\"width\":1080,\"height\":1080,\"caption\":\"Av. Deniz Can K\u0131z\u0131l\"},\"image\":{\"@id\":\"https:\/\/denizcankizil.tr\/de\/#\/schema\/logo\/image\/\"}},{\"@type\":\"Person\",\"@id\":\"https:\/\/denizcankizil.tr\/de\/#\/schema\/person\/5dc1b22991bd7ac833867c10afc9b0ff\",\"name\":\"Av. Deniz Can K\u0131z\u0131l\",\"image\":{\"@type\":\"ImageObject\",\"inLanguage\":\"ru-RU\",\"@id\":\"https:\/\/denizcankizil.tr\/de\/#\/schema\/person\/image\/\",\"url\":\"https:\/\/secure.gravatar.com\/avatar\/a0b128fb9855c79efc976d5640eedb31dc35ec297594d6016d2cf7c60e975bb6?s=96&d=mm&r=g\",\"contentUrl\":\"https:\/\/secure.gravatar.com\/avatar\/a0b128fb9855c79efc976d5640eedb31dc35ec297594d6016d2cf7c60e975bb6?s=96&d=mm&r=g\",\"caption\":\"Av. Deniz Can K\u0131z\u0131l\"},\"sameAs\":[\"http:\/\/www.denizcankizil.tr\"],\"url\":\"https:\/\/denizcankizil.tr\/ru\/author\/denizcankizil\/\"}]}<\/script>\n<!-- \/ Yoast SEO Premium plugin. -->","yoast_head_json":{"title":"Park halindeki ara\u00e7 alev alev yand\u0131 - Av. Deniz Can K\u0131z\u0131l","robots":{"index":"index","follow":"follow","max-snippet":"max-snippet:-1","max-image-preview":"max-image-preview:large","max-video-preview":"max-video-preview:-1"},"canonical":"https:\/\/denizcankizil.tr\/ru\/haberler\/antalya\/park-halindeki-arac-alev-alev-yandi\/","og_locale":"ru_RU","og_type":"article","og_title":"Park halindeki ara\u00e7 alev alev yand\u0131","og_description":"Eski Hisar Mahallesi 9506 sokakta \u00e7evreyolu \u00fczerinde bulunan i\u015fyeri \u00f6n\u00fcnde kald\u0131r\u0131mda park halindeki 07 BVF 947 plakal\u0131 BMW marka otomobil motor b\u00f6l\u00fcm\u00fcnde \u00e7\u0131kan yang\u0131n sonucunda yanmaya ba\u015flad\u0131. \u00c7evredeki vatanda\u015flar\u0131n haber 112 Acil \u00c7a\u011fr\u0131 Merkezi\u2019ne haber vermesi \u00fczerine adrese itfaiye ve polis ekipleri sevk edildi. Bu s\u0131rada yanan otomobile ilk m\u00fcdahaleyi yoldan ge\u00e7mekte olan di\u011fer ara\u00e7 sahipleri yang\u0131n t\u00fcpleriyle yapt\u0131. K\u0131sa s\u00fcrede olay yerine gelen Antalya B\u00fcy\u00fck\u015fehir Belediyesi \u0130tfaiyesi Manavgat Birimine ba\u011fl\u0131 ekiplerin m\u00fcdahalesi sonucunda yang\u0131n tamamen s\u00f6nd\u00fcr\u00fcl\u00fcrken, ara\u00e7 tamamen yanarak kullan\u0131lamaz hale geldi. Kaynak: www.kanalv.com.tr Haber Sitesinden Al\u0131nm\u0131\u015ft\u0131r.","og_url":"https:\/\/denizcankizil.tr\/ru\/haberler\/antalya\/park-halindeki-arac-alev-alev-yandi\/","og_site_name":"Av. Deniz Can K\u0131z\u0131l","article_published_time":"2025-04-22T07:41:19+00:00","og_image":[{"width":1280,"height":720,"url":"https:\/\/denizcankizil.tr\/wp-content\/uploads\/2025\/04\/5927-01-acVtrC.jpg","type":"image\/jpeg"}],"author":"Av. Deniz Can K\u0131z\u0131l","twitter_card":"summary_large_image","twitter_misc":{"\u041d\u0430\u043f\u0438\u0441\u0430\u043d\u043e \u0430\u0432\u0442\u043e\u0440\u043e\u043c":"Av. Deniz Can K\u0131z\u0131l","\u041f\u0440\u0438\u043c\u0435\u0440\u043d\u043e\u0435 \u0432\u0440\u0435\u043c\u044f \u0434\u043b\u044f \u0447\u0442\u0435\u043d\u0438\u044f":"1 \u043c\u0438\u043d\u0443\u0442\u0430"},"schema":{"@context":"https:\/\/schema.org","@graph":[{"@type":"Article","@id":"https:\/\/denizcankizil.tr\/ru\/haberler\/antalya\/park-halindeki-arac-alev-alev-yandi\/#article","isPartOf":{"@id":"https:\/\/denizcankizil.tr\/ru\/haberler\/antalya\/park-halindeki-arac-alev-alev-yandi\/"},"author":{"name":"Av. Deniz Can K\u0131z\u0131l","@id":"https:\/\/denizcankizil.tr\/de\/#\/schema\/person\/5dc1b22991bd7ac833867c10afc9b0ff"},"headline":"Park halindeki ara\u00e7 alev alev yand\u0131","datePublished":"2025-04-22T07:41:19+00:00","mainEntityOfPage":{"@id":"https:\/\/denizcankizil.tr\/ru\/haberler\/antalya\/park-halindeki-arac-alev-alev-yandi\/"},"wordCount":128,"publisher":{"@id":"https:\/\/denizcankizil.tr\/de\/#organization"},"image":{"@id":"https:\/\/denizcankizil.tr\/ru\/haberler\/antalya\/park-halindeki-arac-alev-alev-yandi\/#primaryimage"},"thumbnailUrl":"https:\/\/denizcankizil.tr\/wp-content\/uploads\/2025\/04\/5927-01-acVtrC.jpg","articleSection":["Antalya"],"inLanguage":"ru-RU"},{"@type":"WebPage","@id":"https:\/\/denizcankizil.tr\/ru\/haberler\/antalya\/park-halindeki-arac-alev-alev-yandi\/","url":"https:\/\/denizcankizil.tr\/ru\/haberler\/antalya\/park-halindeki-arac-alev-alev-yandi\/","name":"Park halindeki ara\u00e7 alev alev yand\u0131 - Av. Deniz Can K\u0131z\u0131l","isPartOf":{"@id":"https:\/\/denizcankizil.tr\/de\/#website"},"primaryImageOfPage":{"@id":"https:\/\/denizcankizil.tr\/ru\/haberler\/antalya\/park-halindeki-arac-alev-alev-yandi\/#primaryimage"},"image":{"@id":"https:\/\/denizcankizil.tr\/ru\/haberler\/antalya\/park-halindeki-arac-alev-alev-yandi\/#primaryimage"},"thumbnailUrl":"https:\/\/denizcankizil.tr\/wp-content\/uploads\/2025\/04\/5927-01-acVtrC.jpg","datePublished":"2025-04-22T07:41:19+00:00","breadcrumb":{"@id":"https:\/\/denizcankizil.tr\/ru\/haberler\/antalya\/park-halindeki-arac-alev-alev-yandi\/#breadcrumb"},"inLanguage":"ru-RU","potentialAction":[{"@type":"ReadAction","target":["https:\/\/denizcankizil.tr\/ru\/haberler\/antalya\/park-halindeki-arac-alev-alev-yandi\/"]}]},{"@type":"ImageObject","inLanguage":"ru-RU","@id":"https:\/\/denizcankizil.tr\/ru\/haberler\/antalya\/park-halindeki-arac-alev-alev-yandi\/#primaryimage","url":"https:\/\/denizcankizil.tr\/wp-content\/uploads\/2025\/04\/5927-01-acVtrC.jpg","contentUrl":"https:\/\/denizcankizil.tr\/wp-content\/uploads\/2025\/04\/5927-01-acVtrC.jpg","width":1280,"height":720},{"@type":"BreadcrumbList","@id":"https:\/\/denizcankizil.tr\/ru\/haberler\/antalya\/park-halindeki-arac-alev-alev-yandi\/#breadcrumb","itemListElement":[{"@type":"ListItem","position":1,"name":"Home","item":"https:\/\/denizcankizil.tr\/de\/"},{"@type":"ListItem","position":2,"name":"Park halindeki ara\u00e7 alev alev yand\u0131"}]},{"@type":"WebSite","@id":"https:\/\/denizcankizil.tr\/de\/#website","url":"https:\/\/denizcankizil.tr\/de\/","name":"Av. Deniz Can K\u0131z\u0131l","description":"Avukat Deniz Can K\u0131z\u0131l Antalya Barosu","publisher":{"@id":"https:\/\/denizcankizil.tr\/de\/#organization"},"potentialAction":[{"@type":"SearchAction","target":{"@type":"EntryPoint","urlTemplate":"https:\/\/denizcankizil.tr\/de\/?s={search_term_string}"},"query-input":{"@type":"PropertyValueSpecification","valueRequired":true,"valueName":"search_term_string"}}],"inLanguage":"ru-RU"},{"@type":"Organization","@id":"https:\/\/denizcankizil.tr\/de\/#organization","name":"Av. Deniz Can K\u0131z\u0131l","url":"https:\/\/denizcankizil.tr\/de\/","logo":{"@type":"ImageObject","inLanguage":"ru-RU","@id":"https:\/\/denizcankizil.tr\/de\/#\/schema\/logo\/image\/","url":"https:\/\/denizcankizil.tr\/wp-content\/uploads\/2024\/10\/siyah-logo-svg.svg","contentUrl":"https:\/\/denizcankizil.tr\/wp-content\/uploads\/2024\/10\/siyah-logo-svg.svg","width":1080,"height":1080,"caption":"Av. Deniz Can K\u0131z\u0131l"},"image":{"@id":"https:\/\/denizcankizil.tr\/de\/#\/schema\/logo\/image\/"}},{"@type":"Person","@id":"https:\/\/denizcankizil.tr\/de\/#\/schema\/person\/5dc1b22991bd7ac833867c10afc9b0ff","name":"Av. Deniz Can K\u0131z\u0131l","image":{"@type":"ImageObject","inLanguage":"ru-RU","@id":"https:\/\/denizcankizil.tr\/de\/#\/schema\/person\/image\/","url":"https:\/\/secure.gravatar.com\/avatar\/a0b128fb9855c79efc976d5640eedb31dc35ec297594d6016d2cf7c60e975bb6?s=96&d=mm&r=g","contentUrl":"https:\/\/secure.gravatar.com\/avatar\/a0b128fb9855c79efc976d5640eedb31dc35ec297594d6016d2cf7c60e975bb6?s=96&d=mm&r=g","caption":"Av. Deniz Can K\u0131z\u0131l"},"sameAs":["http:\/\/www.denizcankizil.tr"],"url":"https:\/\/denizcankizil.tr\/ru\/author\/denizcankizil\/"}]}},"_links":{"self":[{"href":"https:\/\/denizcankizil.tr\/ru\/wp-json\/wp\/v2\/posts\/62701","targetHints":{"allow":["GET"]}}],"collection":[{"href":"https:\/\/denizcankizil.tr\/ru\/wp-json\/wp\/v2\/posts"}],"about":[{"href":"https:\/\/denizcankizil.tr\/ru\/wp-json\/wp\/v2\/types\/post"}],"author":[{"embeddable":true,"href":"https:\/\/denizcankizil.tr\/ru\/wp-json\/wp\/v2\/users\/4"}],"replies":[{"embeddable":true,"href":"https:\/\/denizcankizil.tr\/ru\/wp-json\/wp\/v2\/comments?post=62701"}],"version-history":[{"count":0,"href":"https:\/\/denizcankizil.tr\/ru\/wp-json\/wp\/v2\/posts\/62701\/revisions"}],"wp:featuredmedia":[{"embeddable":true,"href":"https:\/\/denizcankizil.tr\/ru\/wp-json\/wp\/v2\/media\/62702"}],"wp:attachment":[{"href":"https:\/\/denizcankizil.tr\/ru\/wp-json\/wp\/v2\/media?parent=62701"}],"wp:term":[{"taxonomy":"category","embeddable":true,"href":"https:\/\/denizcankizil.tr\/ru\/wp-json\/wp\/v2\/categories?post=62701"},{"taxonomy":"post_tag","embeddable":true,"href":"https:\/\/denizcankizil.tr\/ru\/wp-json\/wp\/v2\/tags?post=62701"}],"curies":[{"name":"wp","href":"https:\/\/api.w.org\/{rel}","templated":true}]}}