{"id":6225,"date":"2024-10-21T22:20:42","date_gmt":"2024-10-21T19:20:42","guid":{"rendered":"https:\/\/denizcankizil.tr\/uncategorized-tr\/o-bakan-tartismalara-sosyal-medyadan-cevap-verdi\/"},"modified":"2024-10-21T22:20:42","modified_gmt":"2024-10-21T19:20:42","slug":"o-bakan-tartismalara-sosyal-medyadan-cevap-verdi","status":"publish","type":"post","link":"https:\/\/denizcankizil.tr\/ru\/haberler\/gundem\/o-bakan-tartismalara-sosyal-medyadan-cevap-verdi\/","title":{"rendered":"O Bakan tart\u0131\u015fmalara sosyal medyadan cevap verdi"},"content":{"rendered":"<p>Sa\u011fl\u0131k Bakan\u0131 Kemal Memi\u015fo\u011flu, bebek \u00f6l\u00fcmleri hakk\u0131nda sosyal medyadan a\u00e7\u0131klama yapt\u0131. Bakan Memi\u015fo\u011flu, payla\u015f\u0131mda, sa\u011fl\u0131k sistemini suistimal ederek vatanda\u015flar\u0131 ve \u00e7ocuklar\u0131n\u0131 tehdit edenlere g\u00f6z a\u00e7t\u0131rmayacaklar\u0131n\u0131 s\u00f6yledi. Bakan, s\u00fcregelen denetimlerin her zamankinden daha s\u0131k\u0131 bir \u015fekilde gece-g\u00fcnd\u00fcz yap\u0131lmaya devam edilece\u011fini s\u00f6yledi.<\/p>\n<p>DENET\u0130MLER S\u00dcR\u00dcYOR<\/p>\n<p>&#8220;Mevcut sa\u011fl\u0131k hizmetlerimizi hi\u00e7bir aksama ve suistimale izin vermeden s\u00fcrd\u00fcr\u00fcrken, Bakanl\u0131\u011f\u0131m\u0131z\u0131n denetim ekipleri sadece yenido\u011fan bran\u015f\u0131 i\u00e7in de\u011fil hastanelerdeki t\u00fcm bran\u015flar\u0131n denetlenebilmesi amac\u0131yla tam kapasiteyle sahada olacakt\u0131r&#8221; diyen Memi\u015fo\u011flu, &#8220;Mevcut denetleme sisteminin g\u00fcncellenmesi ve her bran\u015ftan konusunda uzman hekimler ve akademisyenlerden olu\u015fan komisyonlar olu\u015fturulacakt\u0131r\u201d dedi.<\/p>\n<p>REFORM YAPILACAK<\/p>\n<p>Bakan Memi\u015fo\u011flu, a\u00e7\u0131klamas\u0131nda, \u201c\u00d6zel hastanelere ili\u015fkin denetimler aral\u0131ks\u0131z devam ederken \u00d6zel sa\u011fl\u0131k kurumlar\u0131na ili\u015fkin yap\u0131sal reformlar da bakanl\u0131\u011f\u0131m\u0131z\u0131n g\u00fcndemindedir. B\u00fct\u00fcn d\u00fcnyan\u0131n takdir etti\u011fi sa\u011fl\u0131k sistemimizi, ki\u015fisel \u00e7\u0131karlar\u0131 ve maddi menfaatleri i\u00e7in lekelemeye \u00e7al\u0131\u015fanlara g\u00f6z a\u00e7t\u0131rmayaca\u011f\u0131z\u201d ifadelerine yer verdi.<\/p>\n<p>\u200bSa\u011fl\u0131k Bakan\u0131 Kemal Memi\u015fo\u011flu, &#8220;\u00d6zel hastanelere ili\u015fkin denetimler aral\u0131ks\u0131z devam ederken \u00f6zel sa\u011fl\u0131k kurumlar\u0131na ili\u015fkin yap\u0131sal reformlar da bakanl\u0131\u011f\u0131m\u0131z\u0131n g\u00fcndemindedir&#8221; dedi.\u00a0<\/p>\n<p>\u200bHaberin Al\u0131nt\u0131land\u0131\u011f\u0131 Kaynak: www.antalyakorfez.com<\/p>","protected":false},"excerpt":{"rendered":"<p>Sa\u011fl\u0131k Bakan\u0131 Kemal Memi\u015fo\u011flu, bebek \u00f6l\u00fcmleri hakk\u0131nda sosyal medyadan a\u00e7\u0131klama yapt\u0131. Bakan Memi\u015fo\u011flu, payla\u015f\u0131mda, sa\u011fl\u0131k sistemini suistimal ederek vatanda\u015flar\u0131 ve \u00e7ocuklar\u0131n\u0131 tehdit edenlere g\u00f6z a\u00e7t\u0131rmayacaklar\u0131n\u0131 s\u00f6yledi. Bakan, s\u00fcregelen denetimlerin her zamankinden daha s\u0131k\u0131 bir \u015fekilde gece-g\u00fcnd\u00fcz yap\u0131lmaya devam edilece\u011fini s\u00f6yledi. DENET\u0130MLER S\u00dcR\u00dcYOR &#8220;Mevcut sa\u011fl\u0131k hizmetlerimizi hi\u00e7bir aksama ve suistimale izin vermeden s\u00fcrd\u00fcr\u00fcrken, Bakanl\u0131\u011f\u0131m\u0131z\u0131n denetim ekipleri sadece yenido\u011fan bran\u015f\u0131 i\u00e7in de\u011fil hastanelerdeki t\u00fcm bran\u015flar\u0131n denetlenebilmesi amac\u0131yla tam kapasiteyle sahada olacakt\u0131r&#8221; diyen Memi\u015fo\u011flu, &#8220;Mevcut denetleme sisteminin g\u00fcncellenmesi ve her bran\u015ftan konusunda uzman hekimler ve akademisyenlerden olu\u015fan komisyonlar olu\u015fturulacakt\u0131r\u201d dedi. REFORM YAPILACAK Bakan Memi\u015fo\u011flu, a\u00e7\u0131klamas\u0131nda, \u201c\u00d6zel hastanelere ili\u015fkin denetimler aral\u0131ks\u0131z devam ederken \u00d6zel sa\u011fl\u0131k kurumlar\u0131na ili\u015fkin yap\u0131sal reformlar da bakanl\u0131\u011f\u0131m\u0131z\u0131n g\u00fcndemindedir. B\u00fct\u00fcn d\u00fcnyan\u0131n takdir etti\u011fi sa\u011fl\u0131k sistemimizi, ki\u015fisel \u00e7\u0131karlar\u0131 ve maddi menfaatleri i\u00e7in lekelemeye \u00e7al\u0131\u015fanlara g\u00f6z a\u00e7t\u0131rmayaca\u011f\u0131z\u201d ifadelerine yer verdi. \u200bSa\u011fl\u0131k Bakan\u0131 Kemal Memi\u015fo\u011flu, &#8220;\u00d6zel hastanelere ili\u015fkin denetimler aral\u0131ks\u0131z devam ederken \u00f6zel sa\u011fl\u0131k kurumlar\u0131na ili\u015fkin yap\u0131sal reformlar da bakanl\u0131\u011f\u0131m\u0131z\u0131n g\u00fcndemindedir&#8221; dedi.\u00a0 \u200bHaberin Al\u0131nt\u0131land\u0131\u011f\u0131 Kaynak: www.antalyakorfez.com<\/p>","protected":false},"author":5,"featured_media":0,"comment_status":"open","ping_status":"open","sticky":false,"template":"","format":"standard","meta":{"_acf_changed":false,"footnotes":""},"categories":[24,535],"tags":[],"class_list":["post-6225","post","type-post","status-publish","format-standard","has-post-thumbnail","hentry","category-gundem","category-uncategorized-tr"],"acf":[],"yoast_head":"<!-- This site is optimized with the Yoast SEO Premium plugin v26.6 (Yoast SEO v27.1.1) - https:\/\/yoast.com\/product\/yoast-seo-premium-wordpress\/ -->\n<title>O Bakan tart\u0131\u015fmalara sosyal medyadan cevap verdi - Av. Deniz Can K\u0131z\u0131l<\/title>\n<meta name=\"robots\" content=\"index, follow, max-snippet:-1, max-image-preview:large, max-video-preview:-1\" \/>\n<link rel=\"canonical\" href=\"https:\/\/denizcankizil.tr\/ru\/haberler\/gundem\/o-bakan-tartismalara-sosyal-medyadan-cevap-verdi\/\" \/>\n<meta property=\"og:locale\" content=\"ru_RU\" \/>\n<meta property=\"og:type\" content=\"article\" \/>\n<meta property=\"og:title\" content=\"O Bakan tart\u0131\u015fmalara sosyal medyadan cevap verdi\" \/>\n<meta property=\"og:description\" content=\"Sa\u011fl\u0131k Bakan\u0131 Kemal Memi\u015fo\u011flu, bebek \u00f6l\u00fcmleri hakk\u0131nda sosyal medyadan a\u00e7\u0131klama yapt\u0131. Bakan Memi\u015fo\u011flu, payla\u015f\u0131mda, sa\u011fl\u0131k sistemini suistimal ederek vatanda\u015flar\u0131 ve \u00e7ocuklar\u0131n\u0131 tehdit edenlere g\u00f6z a\u00e7t\u0131rmayacaklar\u0131n\u0131 s\u00f6yledi. Bakan, s\u00fcregelen denetimlerin her zamankinden daha s\u0131k\u0131 bir \u015fekilde gece-g\u00fcnd\u00fcz yap\u0131lmaya devam edilece\u011fini s\u00f6yledi. DENET\u0130MLER S\u00dcR\u00dcYOR &#8220;Mevcut sa\u011fl\u0131k hizmetlerimizi hi\u00e7bir aksama ve suistimale izin vermeden s\u00fcrd\u00fcr\u00fcrken, Bakanl\u0131\u011f\u0131m\u0131z\u0131n denetim ekipleri sadece yenido\u011fan bran\u015f\u0131 i\u00e7in de\u011fil hastanelerdeki t\u00fcm bran\u015flar\u0131n denetlenebilmesi amac\u0131yla tam kapasiteyle sahada olacakt\u0131r&#8221; diyen Memi\u015fo\u011flu, &#8220;Mevcut denetleme sisteminin g\u00fcncellenmesi ve her bran\u015ftan konusunda uzman hekimler ve akademisyenlerden olu\u015fan komisyonlar olu\u015fturulacakt\u0131r\u201d dedi. REFORM YAPILACAK Bakan Memi\u015fo\u011flu, a\u00e7\u0131klamas\u0131nda, \u201c\u00d6zel hastanelere ili\u015fkin denetimler aral\u0131ks\u0131z devam ederken \u00d6zel sa\u011fl\u0131k kurumlar\u0131na ili\u015fkin yap\u0131sal reformlar da bakanl\u0131\u011f\u0131m\u0131z\u0131n g\u00fcndemindedir. B\u00fct\u00fcn d\u00fcnyan\u0131n takdir etti\u011fi sa\u011fl\u0131k sistemimizi, ki\u015fisel \u00e7\u0131karlar\u0131 ve maddi menfaatleri i\u00e7in lekelemeye \u00e7al\u0131\u015fanlara g\u00f6z a\u00e7t\u0131rmayaca\u011f\u0131z\u201d ifadelerine yer verdi. \u200bSa\u011fl\u0131k Bakan\u0131 Kemal Memi\u015fo\u011flu, &#8220;\u00d6zel hastanelere ili\u015fkin denetimler aral\u0131ks\u0131z devam ederken \u00f6zel sa\u011fl\u0131k kurumlar\u0131na ili\u015fkin yap\u0131sal reformlar da bakanl\u0131\u011f\u0131m\u0131z\u0131n g\u00fcndemindedir&#8221; dedi.\u00a0 \u200bHaberin Al\u0131nt\u0131land\u0131\u011f\u0131 Kaynak: www.antalyakorfez.com\" \/>\n<meta property=\"og:url\" content=\"https:\/\/denizcankizil.tr\/ru\/haberler\/gundem\/o-bakan-tartismalara-sosyal-medyadan-cevap-verdi\/\" \/>\n<meta property=\"og:site_name\" content=\"Av. Deniz Can K\u0131z\u0131l\" \/>\n<meta property=\"article:published_time\" content=\"2024-10-21T19:20:42+00:00\" \/>\n<meta name=\"author\" content=\"Antalya K\u00f6rfez\" \/>\n<meta name=\"twitter:card\" content=\"summary_large_image\" \/>\n<meta name=\"twitter:label1\" content=\"\u041d\u0430\u043f\u0438\u0441\u0430\u043d\u043e \u0430\u0432\u0442\u043e\u0440\u043e\u043c\" \/>\n\t<meta name=\"twitter:data1\" content=\"Antalya K\u00f6rfez\" \/>\n\t<meta name=\"twitter:label2\" content=\"\u041f\u0440\u0438\u043c\u0435\u0440\u043d\u043e\u0435 \u0432\u0440\u0435\u043c\u044f \u0434\u043b\u044f \u0447\u0442\u0435\u043d\u0438\u044f\" \/>\n\t<meta name=\"twitter:data2\" content=\"1 \u043c\u0438\u043d\u0443\u0442\u0430\" \/>\n<script type=\"application\/ld+json\" class=\"yoast-schema-graph\">{\"@context\":\"https:\/\/schema.org\",\"@graph\":[{\"@type\":\"Article\",\"@id\":\"https:\/\/denizcankizil.tr\/ru\/haberler\/gundem\/o-bakan-tartismalara-sosyal-medyadan-cevap-verdi\/#article\",\"isPartOf\":{\"@id\":\"https:\/\/denizcankizil.tr\/ru\/haberler\/gundem\/o-bakan-tartismalara-sosyal-medyadan-cevap-verdi\/\"},\"author\":{\"name\":\"Antalya K\u00f6rfez\",\"@id\":\"https:\/\/denizcankizil.tr\/de\/#\/schema\/person\/e1eb71bb4dd684d46563f0af307e1234\"},\"headline\":\"O Bakan tart\u0131\u015fmalara sosyal medyadan cevap verdi\",\"datePublished\":\"2024-10-21T19:20:42+00:00\",\"mainEntityOfPage\":{\"@id\":\"https:\/\/denizcankizil.tr\/ru\/haberler\/gundem\/o-bakan-tartismalara-sosyal-medyadan-cevap-verdi\/\"},\"wordCount\":263,\"commentCount\":0,\"publisher\":{\"@id\":\"https:\/\/denizcankizil.tr\/de\/#organization\"},\"articleSection\":[\"G\u00fcndem\",\"Uncategorized\"],\"inLanguage\":\"ru-RU\",\"potentialAction\":[{\"@type\":\"CommentAction\",\"name\":\"Comment\",\"target\":[\"https:\/\/denizcankizil.tr\/ru\/haberler\/gundem\/o-bakan-tartismalara-sosyal-medyadan-cevap-verdi\/#respond\"]}]},{\"@type\":\"WebPage\",\"@id\":\"https:\/\/denizcankizil.tr\/ru\/haberler\/gundem\/o-bakan-tartismalara-sosyal-medyadan-cevap-verdi\/\",\"url\":\"https:\/\/denizcankizil.tr\/ru\/haberler\/gundem\/o-bakan-tartismalara-sosyal-medyadan-cevap-verdi\/\",\"name\":\"O Bakan tart\u0131\u015fmalara sosyal medyadan cevap verdi - Av. Deniz Can K\u0131z\u0131l\",\"isPartOf\":{\"@id\":\"https:\/\/denizcankizil.tr\/de\/#website\"},\"datePublished\":\"2024-10-21T19:20:42+00:00\",\"breadcrumb\":{\"@id\":\"https:\/\/denizcankizil.tr\/ru\/haberler\/gundem\/o-bakan-tartismalara-sosyal-medyadan-cevap-verdi\/#breadcrumb\"},\"inLanguage\":\"ru-RU\",\"potentialAction\":[{\"@type\":\"ReadAction\",\"target\":[\"https:\/\/denizcankizil.tr\/ru\/haberler\/gundem\/o-bakan-tartismalara-sosyal-medyadan-cevap-verdi\/\"]}]},{\"@type\":\"BreadcrumbList\",\"@id\":\"https:\/\/denizcankizil.tr\/ru\/haberler\/gundem\/o-bakan-tartismalara-sosyal-medyadan-cevap-verdi\/#breadcrumb\",\"itemListElement\":[{\"@type\":\"ListItem\",\"position\":1,\"name\":\"Home\",\"item\":\"https:\/\/denizcankizil.tr\/de\/\"},{\"@type\":\"ListItem\",\"position\":2,\"name\":\"O Bakan tart\u0131\u015fmalara sosyal medyadan cevap verdi\"}]},{\"@type\":\"WebSite\",\"@id\":\"https:\/\/denizcankizil.tr\/de\/#website\",\"url\":\"https:\/\/denizcankizil.tr\/de\/\",\"name\":\"Av. Deniz Can K\u0131z\u0131l\",\"description\":\"Avukat Deniz Can K\u0131z\u0131l Antalya Barosu\",\"publisher\":{\"@id\":\"https:\/\/denizcankizil.tr\/de\/#organization\"},\"potentialAction\":[{\"@type\":\"SearchAction\",\"target\":{\"@type\":\"EntryPoint\",\"urlTemplate\":\"https:\/\/denizcankizil.tr\/de\/?s={search_term_string}\"},\"query-input\":{\"@type\":\"PropertyValueSpecification\",\"valueRequired\":true,\"valueName\":\"search_term_string\"}}],\"inLanguage\":\"ru-RU\"},{\"@type\":\"Organization\",\"@id\":\"https:\/\/denizcankizil.tr\/de\/#organization\",\"name\":\"Av. Deniz Can K\u0131z\u0131l\",\"url\":\"https:\/\/denizcankizil.tr\/de\/\",\"logo\":{\"@type\":\"ImageObject\",\"inLanguage\":\"ru-RU\",\"@id\":\"https:\/\/denizcankizil.tr\/de\/#\/schema\/logo\/image\/\",\"url\":\"https:\/\/denizcankizil.tr\/wp-content\/uploads\/2024\/10\/siyah-logo-svg.svg\",\"contentUrl\":\"https:\/\/denizcankizil.tr\/wp-content\/uploads\/2024\/10\/siyah-logo-svg.svg\",\"width\":1080,\"height\":1080,\"caption\":\"Av. Deniz Can K\u0131z\u0131l\"},\"image\":{\"@id\":\"https:\/\/denizcankizil.tr\/de\/#\/schema\/logo\/image\/\"}},{\"@type\":\"Person\",\"@id\":\"https:\/\/denizcankizil.tr\/de\/#\/schema\/person\/e1eb71bb4dd684d46563f0af307e1234\",\"name\":\"Antalya K\u00f6rfez\",\"image\":{\"@type\":\"ImageObject\",\"inLanguage\":\"ru-RU\",\"@id\":\"https:\/\/denizcankizil.tr\/de\/#\/schema\/person\/image\/\",\"url\":\"https:\/\/secure.gravatar.com\/avatar\/42b01982558a48a0b501fdcab6a408d3717ea5919095ee2e67b0e521799c5905?s=96&d=mm&r=g\",\"contentUrl\":\"https:\/\/secure.gravatar.com\/avatar\/42b01982558a48a0b501fdcab6a408d3717ea5919095ee2e67b0e521799c5905?s=96&d=mm&r=g\",\"caption\":\"Antalya K\u00f6rfez\"},\"sameAs\":[\"http:\/\/www.antalyakorfez.com\"],\"url\":\"https:\/\/www.antalyakorfez.com\/o-bakan-tartismalara-sosyal-medyadan-cevap-verdi\"}]}<\/script>\n<!-- \/ Yoast SEO Premium plugin. -->","yoast_head_json":{"title":"O Bakan tart\u0131\u015fmalara sosyal medyadan cevap verdi - Av. Deniz Can K\u0131z\u0131l","robots":{"index":"index","follow":"follow","max-snippet":"max-snippet:-1","max-image-preview":"max-image-preview:large","max-video-preview":"max-video-preview:-1"},"canonical":"https:\/\/denizcankizil.tr\/ru\/haberler\/gundem\/o-bakan-tartismalara-sosyal-medyadan-cevap-verdi\/","og_locale":"ru_RU","og_type":"article","og_title":"O Bakan tart\u0131\u015fmalara sosyal medyadan cevap verdi","og_description":"Sa\u011fl\u0131k Bakan\u0131 Kemal Memi\u015fo\u011flu, bebek \u00f6l\u00fcmleri hakk\u0131nda sosyal medyadan a\u00e7\u0131klama yapt\u0131. Bakan Memi\u015fo\u011flu, payla\u015f\u0131mda, sa\u011fl\u0131k sistemini suistimal ederek vatanda\u015flar\u0131 ve \u00e7ocuklar\u0131n\u0131 tehdit edenlere g\u00f6z a\u00e7t\u0131rmayacaklar\u0131n\u0131 s\u00f6yledi. Bakan, s\u00fcregelen denetimlerin her zamankinden daha s\u0131k\u0131 bir \u015fekilde gece-g\u00fcnd\u00fcz yap\u0131lmaya devam edilece\u011fini s\u00f6yledi. DENET\u0130MLER S\u00dcR\u00dcYOR &#8220;Mevcut sa\u011fl\u0131k hizmetlerimizi hi\u00e7bir aksama ve suistimale izin vermeden s\u00fcrd\u00fcr\u00fcrken, Bakanl\u0131\u011f\u0131m\u0131z\u0131n denetim ekipleri sadece yenido\u011fan bran\u015f\u0131 i\u00e7in de\u011fil hastanelerdeki t\u00fcm bran\u015flar\u0131n denetlenebilmesi amac\u0131yla tam kapasiteyle sahada olacakt\u0131r&#8221; diyen Memi\u015fo\u011flu, &#8220;Mevcut denetleme sisteminin g\u00fcncellenmesi ve her bran\u015ftan konusunda uzman hekimler ve akademisyenlerden olu\u015fan komisyonlar olu\u015fturulacakt\u0131r\u201d dedi. REFORM YAPILACAK Bakan Memi\u015fo\u011flu, a\u00e7\u0131klamas\u0131nda, \u201c\u00d6zel hastanelere ili\u015fkin denetimler aral\u0131ks\u0131z devam ederken \u00d6zel sa\u011fl\u0131k kurumlar\u0131na ili\u015fkin yap\u0131sal reformlar da bakanl\u0131\u011f\u0131m\u0131z\u0131n g\u00fcndemindedir. B\u00fct\u00fcn d\u00fcnyan\u0131n takdir etti\u011fi sa\u011fl\u0131k sistemimizi, ki\u015fisel \u00e7\u0131karlar\u0131 ve maddi menfaatleri i\u00e7in lekelemeye \u00e7al\u0131\u015fanlara g\u00f6z a\u00e7t\u0131rmayaca\u011f\u0131z\u201d ifadelerine yer verdi. \u200bSa\u011fl\u0131k Bakan\u0131 Kemal Memi\u015fo\u011flu, &#8220;\u00d6zel hastanelere ili\u015fkin denetimler aral\u0131ks\u0131z devam ederken \u00f6zel sa\u011fl\u0131k kurumlar\u0131na ili\u015fkin yap\u0131sal reformlar da bakanl\u0131\u011f\u0131m\u0131z\u0131n g\u00fcndemindedir&#8221; dedi.\u00a0 \u200bHaberin Al\u0131nt\u0131land\u0131\u011f\u0131 Kaynak: www.antalyakorfez.com","og_url":"https:\/\/denizcankizil.tr\/ru\/haberler\/gundem\/o-bakan-tartismalara-sosyal-medyadan-cevap-verdi\/","og_site_name":"Av. Deniz Can K\u0131z\u0131l","article_published_time":"2024-10-21T19:20:42+00:00","author":"Antalya K\u00f6rfez","twitter_card":"summary_large_image","twitter_misc":{"\u041d\u0430\u043f\u0438\u0441\u0430\u043d\u043e \u0430\u0432\u0442\u043e\u0440\u043e\u043c":"Antalya K\u00f6rfez","\u041f\u0440\u0438\u043c\u0435\u0440\u043d\u043e\u0435 \u0432\u0440\u0435\u043c\u044f \u0434\u043b\u044f \u0447\u0442\u0435\u043d\u0438\u044f":"1 \u043c\u0438\u043d\u0443\u0442\u0430"},"schema":{"@context":"https:\/\/schema.org","@graph":[{"@type":"Article","@id":"https:\/\/denizcankizil.tr\/ru\/haberler\/gundem\/o-bakan-tartismalara-sosyal-medyadan-cevap-verdi\/#article","isPartOf":{"@id":"https:\/\/denizcankizil.tr\/ru\/haberler\/gundem\/o-bakan-tartismalara-sosyal-medyadan-cevap-verdi\/"},"author":{"name":"Antalya K\u00f6rfez","@id":"https:\/\/denizcankizil.tr\/de\/#\/schema\/person\/e1eb71bb4dd684d46563f0af307e1234"},"headline":"O Bakan tart\u0131\u015fmalara sosyal medyadan cevap verdi","datePublished":"2024-10-21T19:20:42+00:00","mainEntityOfPage":{"@id":"https:\/\/denizcankizil.tr\/ru\/haberler\/gundem\/o-bakan-tartismalara-sosyal-medyadan-cevap-verdi\/"},"wordCount":263,"commentCount":0,"publisher":{"@id":"https:\/\/denizcankizil.tr\/de\/#organization"},"articleSection":["G\u00fcndem","Uncategorized"],"inLanguage":"ru-RU","potentialAction":[{"@type":"CommentAction","name":"Comment","target":["https:\/\/denizcankizil.tr\/ru\/haberler\/gundem\/o-bakan-tartismalara-sosyal-medyadan-cevap-verdi\/#respond"]}]},{"@type":"WebPage","@id":"https:\/\/denizcankizil.tr\/ru\/haberler\/gundem\/o-bakan-tartismalara-sosyal-medyadan-cevap-verdi\/","url":"https:\/\/denizcankizil.tr\/ru\/haberler\/gundem\/o-bakan-tartismalara-sosyal-medyadan-cevap-verdi\/","name":"O Bakan tart\u0131\u015fmalara sosyal medyadan cevap verdi - Av. Deniz Can K\u0131z\u0131l","isPartOf":{"@id":"https:\/\/denizcankizil.tr\/de\/#website"},"datePublished":"2024-10-21T19:20:42+00:00","breadcrumb":{"@id":"https:\/\/denizcankizil.tr\/ru\/haberler\/gundem\/o-bakan-tartismalara-sosyal-medyadan-cevap-verdi\/#breadcrumb"},"inLanguage":"ru-RU","potentialAction":[{"@type":"ReadAction","target":["https:\/\/denizcankizil.tr\/ru\/haberler\/gundem\/o-bakan-tartismalara-sosyal-medyadan-cevap-verdi\/"]}]},{"@type":"BreadcrumbList","@id":"https:\/\/denizcankizil.tr\/ru\/haberler\/gundem\/o-bakan-tartismalara-sosyal-medyadan-cevap-verdi\/#breadcrumb","itemListElement":[{"@type":"ListItem","position":1,"name":"Home","item":"https:\/\/denizcankizil.tr\/de\/"},{"@type":"ListItem","position":2,"name":"O Bakan tart\u0131\u015fmalara sosyal medyadan cevap verdi"}]},{"@type":"WebSite","@id":"https:\/\/denizcankizil.tr\/de\/#website","url":"https:\/\/denizcankizil.tr\/de\/","name":"Av. Deniz Can K\u0131z\u0131l","description":"Avukat Deniz Can K\u0131z\u0131l Antalya Barosu","publisher":{"@id":"https:\/\/denizcankizil.tr\/de\/#organization"},"potentialAction":[{"@type":"SearchAction","target":{"@type":"EntryPoint","urlTemplate":"https:\/\/denizcankizil.tr\/de\/?s={search_term_string}"},"query-input":{"@type":"PropertyValueSpecification","valueRequired":true,"valueName":"search_term_string"}}],"inLanguage":"ru-RU"},{"@type":"Organization","@id":"https:\/\/denizcankizil.tr\/de\/#organization","name":"Av. Deniz Can K\u0131z\u0131l","url":"https:\/\/denizcankizil.tr\/de\/","logo":{"@type":"ImageObject","inLanguage":"ru-RU","@id":"https:\/\/denizcankizil.tr\/de\/#\/schema\/logo\/image\/","url":"https:\/\/denizcankizil.tr\/wp-content\/uploads\/2024\/10\/siyah-logo-svg.svg","contentUrl":"https:\/\/denizcankizil.tr\/wp-content\/uploads\/2024\/10\/siyah-logo-svg.svg","width":1080,"height":1080,"caption":"Av. Deniz Can K\u0131z\u0131l"},"image":{"@id":"https:\/\/denizcankizil.tr\/de\/#\/schema\/logo\/image\/"}},{"@type":"Person","@id":"https:\/\/denizcankizil.tr\/de\/#\/schema\/person\/e1eb71bb4dd684d46563f0af307e1234","name":"Antalya K\u00f6rfez","image":{"@type":"ImageObject","inLanguage":"ru-RU","@id":"https:\/\/denizcankizil.tr\/de\/#\/schema\/person\/image\/","url":"https:\/\/secure.gravatar.com\/avatar\/42b01982558a48a0b501fdcab6a408d3717ea5919095ee2e67b0e521799c5905?s=96&d=mm&r=g","contentUrl":"https:\/\/secure.gravatar.com\/avatar\/42b01982558a48a0b501fdcab6a408d3717ea5919095ee2e67b0e521799c5905?s=96&d=mm&r=g","caption":"Antalya K\u00f6rfez"},"sameAs":["http:\/\/www.antalyakorfez.com"],"url":"https:\/\/www.antalyakorfez.com\/o-bakan-tartismalara-sosyal-medyadan-cevap-verdi"}]}},"_links":{"self":[{"href":"https:\/\/denizcankizil.tr\/ru\/wp-json\/wp\/v2\/posts\/6225","targetHints":{"allow":["GET"]}}],"collection":[{"href":"https:\/\/denizcankizil.tr\/ru\/wp-json\/wp\/v2\/posts"}],"about":[{"href":"https:\/\/denizcankizil.tr\/ru\/wp-json\/wp\/v2\/types\/post"}],"author":[{"embeddable":true,"href":"https:\/\/denizcankizil.tr\/ru\/wp-json\/wp\/v2\/users\/5"}],"replies":[{"embeddable":true,"href":"https:\/\/denizcankizil.tr\/ru\/wp-json\/wp\/v2\/comments?post=6225"}],"version-history":[{"count":0,"href":"https:\/\/denizcankizil.tr\/ru\/wp-json\/wp\/v2\/posts\/6225\/revisions"}],"wp:attachment":[{"href":"https:\/\/denizcankizil.tr\/ru\/wp-json\/wp\/v2\/media?parent=6225"}],"wp:term":[{"taxonomy":"category","embeddable":true,"href":"https:\/\/denizcankizil.tr\/ru\/wp-json\/wp\/v2\/categories?post=6225"},{"taxonomy":"post_tag","embeddable":true,"href":"https:\/\/denizcankizil.tr\/ru\/wp-json\/wp\/v2\/tags?post=6225"}],"curies":[{"name":"wp","href":"https:\/\/api.w.org\/{rel}","templated":true}]}}