{"id":59101,"date":"2025-04-18T07:41:50","date_gmt":"2025-04-18T04:41:50","guid":{"rendered":"https:\/\/denizcankizil.tr\/uncategorized-tr\/bakan-tunctan-kocaeliden-baskan-buyukakina-ziyaret\/"},"modified":"2025-04-18T07:41:50","modified_gmt":"2025-04-18T04:41:50","slug":"bakan-tunctan-kocaeliden-baskan-buyukakina-ziyaret","status":"publish","type":"post","link":"https:\/\/denizcankizil.tr\/ru\/haberler\/gundem\/bakan-tunctan-kocaeliden-baskan-buyukakina-ziyaret\/","title":{"rendered":"Bakan Tun\u00e7\u2019tan Kocaeli&#8217;den Ba\u015fkan B\u00fcy\u00fckak\u0131n\u2019a ziyaret"},"content":{"rendered":"<p>Kocaeli B\u00fcy\u00fck\u015fehir Belediye Ba\u015fkan\u0131 Do\u00e7.Dr.Tahir B\u00fcy\u00fckak\u0131n, kendisini ziyaret eden Adalet Bakan\u0131 Y\u0131lmaz Tun\u00e7\u2019a \u00e7evre konusundaki \u00e7al\u0131\u015fmalar hakk\u0131nda bilgi vererek Dip \u00c7amuru Projesi\u2019nin son durumunu payla\u015ft\u0131.KOCAEL\u0130 (\u0130GFA) &#8211; Adalet Bakan\u0131 Y\u0131lmaz Tun\u00e7 bug\u00fcn Kocaeli\u2019ye gelerek \u00f6nemli temaslarda bulundu.<br \/>\nYarg\u0131 ve \u0130\u015f D\u00fcnyas\u0131 Sempozyumu\u2019nun a\u00e7\u0131l\u0131\u015f\u0131na kat\u0131lan Bakan Tun\u00e7, ard\u0131ndan Kocaeli B\u00fcy\u00fck\u015fehir Belediye Ba\u015fkan\u0131 Do\u00e7.Dr.Tahir B\u00fcy\u00fckak\u0131n\u2019\u0131 ziyaret ederek \u00e7al\u0131\u015fmalar\u0131nda ba\u015far\u0131 diledi.<\/p>\n<p>Ba\u015fkan B\u00fcy\u00fckak\u0131n, Kocaeli\u2019nde \u00e7evre alan\u0131nda yap\u0131lan yat\u0131r\u0131mlar ve \u00e7al\u0131\u015fmalar hakk\u0131nda Bakan Y\u0131lmaz Tun\u00e7\u2019a bilgi vererek \u00f6zellikle K\u00f6rfez\u2019i dev bir akvaryum haline getirecek olan Dip \u00c7amuru Projesi\u2019nin son durumu hakk\u0131nda detaylar\u0131 payla\u015ft\u0131.<br \/>\nZiyaretin ard\u0131ndan g\u00fcn\u00fcn an\u0131s\u0131na foto\u011fraf \u00e7ekildi.<\/p>\n<p>\u200bKocaeli B\u00fcy\u00fck\u015fehir Belediye Ba\u015fkan\u0131 Do\u00e7.Dr.Tahir B\u00fcy\u00fckak\u0131n, kendisini ziyaret eden Adalet Bakan\u0131 Y\u0131lmaz Tun\u00e7\u2019a \u00e7evre konusundaki \u00e7al\u0131\u015fmalar hakk\u0131nda bilgi vererek Dip \u00c7amuru Projesi\u2019nin son durumunu payla\u015ft\u0131.KOCAEL\u0130 (\u0130GFA) &#8211; Adalet Bakan\u0131 Y\u0131lmaz Tun\u00e7 bug\u00fcn Kocaeli\u2019ye gelerek \u00f6nemli temaslarda bulundu.<br \/>\nYarg\u0131 ve \u0130\u015f D\u00fcnyas\u0131 Sempozyumu\u2019nun a\u00e7\u0131l\u0131\u015f\u0131na kat\u0131lan Bakan Tun\u00e7, ard\u0131ndan Kocaeli B\u00fcy\u00fck\u015fehir Belediye Ba\u015fkan\u0131 Do\u00e7.Dr.Tahir B\u00fcy\u00fckak\u0131n\u2019\u0131 ziyaret ederek \u00e7al\u0131\u015fmalar\u0131nda ba\u015far\u0131 diledi.<\/p>\n<p>Ba\u015fkan B\u00fcy\u00fckak\u0131n, Kocaeli\u2019nde \u00e7evre alan\u0131nda yap\u0131lan yat\u0131r\u0131mlar ve \u00e7al\u0131\u015fmalar hakk\u0131nda Bakan Y\u0131lmaz Tun\u00e7\u2019a bilgi vererek \u00f6zellikle K\u00f6rfez\u2019i dev bir akvaryum haline getirecek olan Dip \u00c7amuru Projesi\u2019nin son durumu hakk\u0131nda detaylar\u0131 payla\u015ft\u0131.<br \/>\nZiyaretin ard\u0131ndan g\u00fcn\u00fcn an\u0131s\u0131na foto\u011fraf \u00e7ekildi.\u00a0<\/p>\n<p>\u200bHaberin Al\u0131nt\u0131land\u0131\u011f\u0131 Kaynak: www.iskenderun.org<\/p>","protected":false},"excerpt":{"rendered":"<p>Kocaeli B\u00fcy\u00fck\u015fehir Belediye Ba\u015fkan\u0131 Do\u00e7.Dr.Tahir B\u00fcy\u00fckak\u0131n, kendisini ziyaret eden Adalet Bakan\u0131 Y\u0131lmaz Tun\u00e7\u2019a \u00e7evre konusundaki \u00e7al\u0131\u015fmalar hakk\u0131nda bilgi vererek Dip \u00c7amuru Projesi\u2019nin son durumunu payla\u015ft\u0131.KOCAEL\u0130 (\u0130GFA) &#8211; Adalet Bakan\u0131 Y\u0131lmaz Tun\u00e7 bug\u00fcn Kocaeli\u2019ye gelerek \u00f6nemli temaslarda bulundu. Yarg\u0131 ve \u0130\u015f D\u00fcnyas\u0131 Sempozyumu\u2019nun a\u00e7\u0131l\u0131\u015f\u0131na kat\u0131lan Bakan Tun\u00e7, ard\u0131ndan Kocaeli B\u00fcy\u00fck\u015fehir Belediye Ba\u015fkan\u0131 Do\u00e7.Dr.Tahir B\u00fcy\u00fckak\u0131n\u2019\u0131 ziyaret ederek \u00e7al\u0131\u015fmalar\u0131nda ba\u015far\u0131 diledi. Ba\u015fkan B\u00fcy\u00fckak\u0131n, Kocaeli\u2019nde \u00e7evre alan\u0131nda yap\u0131lan yat\u0131r\u0131mlar ve \u00e7al\u0131\u015fmalar hakk\u0131nda Bakan Y\u0131lmaz Tun\u00e7\u2019a bilgi vererek \u00f6zellikle K\u00f6rfez\u2019i dev bir akvaryum haline getirecek olan Dip \u00c7amuru Projesi\u2019nin son durumu hakk\u0131nda detaylar\u0131 payla\u015ft\u0131. Ziyaretin ard\u0131ndan g\u00fcn\u00fcn an\u0131s\u0131na foto\u011fraf \u00e7ekildi. \u200bKocaeli B\u00fcy\u00fck\u015fehir Belediye Ba\u015fkan\u0131 Do\u00e7.Dr.Tahir B\u00fcy\u00fckak\u0131n, kendisini ziyaret eden Adalet Bakan\u0131 Y\u0131lmaz Tun\u00e7\u2019a \u00e7evre konusundaki \u00e7al\u0131\u015fmalar hakk\u0131nda bilgi vererek Dip \u00c7amuru Projesi\u2019nin son durumunu payla\u015ft\u0131.KOCAEL\u0130 (\u0130GFA) &#8211; Adalet Bakan\u0131 Y\u0131lmaz Tun\u00e7 bug\u00fcn Kocaeli\u2019ye gelerek \u00f6nemli temaslarda bulundu. Yarg\u0131 ve \u0130\u015f D\u00fcnyas\u0131 Sempozyumu\u2019nun a\u00e7\u0131l\u0131\u015f\u0131na kat\u0131lan Bakan Tun\u00e7, ard\u0131ndan Kocaeli B\u00fcy\u00fck\u015fehir Belediye Ba\u015fkan\u0131 Do\u00e7.Dr.Tahir B\u00fcy\u00fckak\u0131n\u2019\u0131 ziyaret ederek \u00e7al\u0131\u015fmalar\u0131nda ba\u015far\u0131 diledi. Ba\u015fkan B\u00fcy\u00fckak\u0131n, Kocaeli\u2019nde \u00e7evre alan\u0131nda yap\u0131lan yat\u0131r\u0131mlar ve \u00e7al\u0131\u015fmalar hakk\u0131nda Bakan Y\u0131lmaz Tun\u00e7\u2019a bilgi vererek \u00f6zellikle K\u00f6rfez\u2019i dev bir akvaryum haline getirecek olan Dip \u00c7amuru Projesi\u2019nin son durumu hakk\u0131nda detaylar\u0131 payla\u015ft\u0131. Ziyaretin ard\u0131ndan g\u00fcn\u00fcn an\u0131s\u0131na foto\u011fraf \u00e7ekildi.\u00a0 \u200bHaberin Al\u0131nt\u0131land\u0131\u011f\u0131 Kaynak: www.iskenderun.org<\/p>","protected":false},"author":1,"featured_media":0,"comment_status":"","ping_status":"open","sticky":false,"template":"","format":"standard","meta":{"_acf_changed":false,"footnotes":""},"categories":[24],"tags":[],"class_list":["post-59101","post","type-post","status-publish","format-standard","has-post-thumbnail","hentry","category-gundem"],"acf":[],"yoast_head":"<!-- This site is optimized with the Yoast SEO Premium plugin v26.6 (Yoast SEO v27.1.1) - https:\/\/yoast.com\/product\/yoast-seo-premium-wordpress\/ -->\n<title>Bakan Tun\u00e7\u2019tan Kocaeli&#039;den Ba\u015fkan B\u00fcy\u00fckak\u0131n\u2019a ziyaret - Av. Deniz Can K\u0131z\u0131l<\/title>\n<meta name=\"robots\" content=\"index, follow, max-snippet:-1, max-image-preview:large, max-video-preview:-1\" \/>\n<link rel=\"canonical\" href=\"https:\/\/denizcankizil.tr\/ru\/haberler\/gundem\/bakan-tunctan-kocaeliden-baskan-buyukakina-ziyaret\/\" \/>\n<meta property=\"og:locale\" content=\"ru_RU\" \/>\n<meta property=\"og:type\" content=\"article\" \/>\n<meta property=\"og:title\" content=\"Bakan Tun\u00e7\u2019tan Kocaeli&#039;den Ba\u015fkan B\u00fcy\u00fckak\u0131n\u2019a ziyaret\" \/>\n<meta property=\"og:description\" content=\"Kocaeli B\u00fcy\u00fck\u015fehir Belediye Ba\u015fkan\u0131 Do\u00e7.Dr.Tahir B\u00fcy\u00fckak\u0131n, kendisini ziyaret eden Adalet Bakan\u0131 Y\u0131lmaz Tun\u00e7\u2019a \u00e7evre konusundaki \u00e7al\u0131\u015fmalar hakk\u0131nda bilgi vererek Dip \u00c7amuru Projesi\u2019nin son durumunu payla\u015ft\u0131.KOCAEL\u0130 (\u0130GFA) &#8211; Adalet Bakan\u0131 Y\u0131lmaz Tun\u00e7 bug\u00fcn Kocaeli\u2019ye gelerek \u00f6nemli temaslarda bulundu. Yarg\u0131 ve \u0130\u015f D\u00fcnyas\u0131 Sempozyumu\u2019nun a\u00e7\u0131l\u0131\u015f\u0131na kat\u0131lan Bakan Tun\u00e7, ard\u0131ndan Kocaeli B\u00fcy\u00fck\u015fehir Belediye Ba\u015fkan\u0131 Do\u00e7.Dr.Tahir B\u00fcy\u00fckak\u0131n\u2019\u0131 ziyaret ederek \u00e7al\u0131\u015fmalar\u0131nda ba\u015far\u0131 diledi. Ba\u015fkan B\u00fcy\u00fckak\u0131n, Kocaeli\u2019nde \u00e7evre alan\u0131nda yap\u0131lan yat\u0131r\u0131mlar ve \u00e7al\u0131\u015fmalar hakk\u0131nda Bakan Y\u0131lmaz Tun\u00e7\u2019a bilgi vererek \u00f6zellikle K\u00f6rfez\u2019i dev bir akvaryum haline getirecek olan Dip \u00c7amuru Projesi\u2019nin son durumu hakk\u0131nda detaylar\u0131 payla\u015ft\u0131. Ziyaretin ard\u0131ndan g\u00fcn\u00fcn an\u0131s\u0131na foto\u011fraf \u00e7ekildi. \u200bKocaeli B\u00fcy\u00fck\u015fehir Belediye Ba\u015fkan\u0131 Do\u00e7.Dr.Tahir B\u00fcy\u00fckak\u0131n, kendisini ziyaret eden Adalet Bakan\u0131 Y\u0131lmaz Tun\u00e7\u2019a \u00e7evre konusundaki \u00e7al\u0131\u015fmalar hakk\u0131nda bilgi vererek Dip \u00c7amuru Projesi\u2019nin son durumunu payla\u015ft\u0131.KOCAEL\u0130 (\u0130GFA) &#8211; Adalet Bakan\u0131 Y\u0131lmaz Tun\u00e7 bug\u00fcn Kocaeli\u2019ye gelerek \u00f6nemli temaslarda bulundu. Yarg\u0131 ve \u0130\u015f D\u00fcnyas\u0131 Sempozyumu\u2019nun a\u00e7\u0131l\u0131\u015f\u0131na kat\u0131lan Bakan Tun\u00e7, ard\u0131ndan Kocaeli B\u00fcy\u00fck\u015fehir Belediye Ba\u015fkan\u0131 Do\u00e7.Dr.Tahir B\u00fcy\u00fckak\u0131n\u2019\u0131 ziyaret ederek \u00e7al\u0131\u015fmalar\u0131nda ba\u015far\u0131 diledi. Ba\u015fkan B\u00fcy\u00fckak\u0131n, Kocaeli\u2019nde \u00e7evre alan\u0131nda yap\u0131lan yat\u0131r\u0131mlar ve \u00e7al\u0131\u015fmalar hakk\u0131nda Bakan Y\u0131lmaz Tun\u00e7\u2019a bilgi vererek \u00f6zellikle K\u00f6rfez\u2019i dev bir akvaryum haline getirecek olan Dip \u00c7amuru Projesi\u2019nin son durumu hakk\u0131nda detaylar\u0131 payla\u015ft\u0131. Ziyaretin ard\u0131ndan g\u00fcn\u00fcn an\u0131s\u0131na foto\u011fraf \u00e7ekildi.\u00a0 \u200bHaberin Al\u0131nt\u0131land\u0131\u011f\u0131 Kaynak: www.iskenderun.org\" \/>\n<meta property=\"og:url\" content=\"https:\/\/denizcankizil.tr\/ru\/haberler\/gundem\/bakan-tunctan-kocaeliden-baskan-buyukakina-ziyaret\/\" \/>\n<meta property=\"og:site_name\" content=\"Av. Deniz Can K\u0131z\u0131l\" \/>\n<meta property=\"article:published_time\" content=\"2025-04-18T04:41:50+00:00\" \/>\n<meta name=\"author\" content=\"admin\" \/>\n<meta name=\"twitter:card\" content=\"summary_large_image\" \/>\n<meta name=\"twitter:label1\" content=\"\u041d\u0430\u043f\u0438\u0441\u0430\u043d\u043e \u0430\u0432\u0442\u043e\u0440\u043e\u043c\" \/>\n\t<meta name=\"twitter:data1\" content=\"admin\" \/>\n\t<meta name=\"twitter:label2\" content=\"\u041f\u0440\u0438\u043c\u0435\u0440\u043d\u043e\u0435 \u0432\u0440\u0435\u043c\u044f \u0434\u043b\u044f \u0447\u0442\u0435\u043d\u0438\u044f\" \/>\n\t<meta name=\"twitter:data2\" content=\"2 \u043c\u0438\u043d\u0443\u0442\u044b\" \/>\n<script type=\"application\/ld+json\" class=\"yoast-schema-graph\">{\"@context\":\"https:\/\/schema.org\",\"@graph\":[{\"@type\":\"Article\",\"@id\":\"https:\/\/denizcankizil.tr\/ru\/haberler\/gundem\/bakan-tunctan-kocaeliden-baskan-buyukakina-ziyaret\/#article\",\"isPartOf\":{\"@id\":\"https:\/\/denizcankizil.tr\/ru\/haberler\/gundem\/bakan-tunctan-kocaeliden-baskan-buyukakina-ziyaret\/\"},\"author\":{\"name\":\"admin\",\"@id\":\"https:\/\/denizcankizil.tr\/de\/#\/schema\/person\/be3c05fe6a12686905512445d8185489\"},\"headline\":\"Bakan Tun\u00e7\u2019tan Kocaeli&#8217;den Ba\u015fkan B\u00fcy\u00fckak\u0131n\u2019a ziyaret\",\"datePublished\":\"2025-04-18T04:41:50+00:00\",\"mainEntityOfPage\":{\"@id\":\"https:\/\/denizcankizil.tr\/ru\/haberler\/gundem\/bakan-tunctan-kocaeliden-baskan-buyukakina-ziyaret\/\"},\"wordCount\":331,\"publisher\":{\"@id\":\"https:\/\/denizcankizil.tr\/de\/#organization\"},\"articleSection\":[\"G\u00fcndem\"],\"inLanguage\":\"ru-RU\"},{\"@type\":\"WebPage\",\"@id\":\"https:\/\/denizcankizil.tr\/ru\/haberler\/gundem\/bakan-tunctan-kocaeliden-baskan-buyukakina-ziyaret\/\",\"url\":\"https:\/\/denizcankizil.tr\/ru\/haberler\/gundem\/bakan-tunctan-kocaeliden-baskan-buyukakina-ziyaret\/\",\"name\":\"Bakan Tun\u00e7\u2019tan Kocaeli'den Ba\u015fkan B\u00fcy\u00fckak\u0131n\u2019a ziyaret - Av. Deniz Can K\u0131z\u0131l\",\"isPartOf\":{\"@id\":\"https:\/\/denizcankizil.tr\/de\/#website\"},\"datePublished\":\"2025-04-18T04:41:50+00:00\",\"breadcrumb\":{\"@id\":\"https:\/\/denizcankizil.tr\/ru\/haberler\/gundem\/bakan-tunctan-kocaeliden-baskan-buyukakina-ziyaret\/#breadcrumb\"},\"inLanguage\":\"ru-RU\",\"potentialAction\":[{\"@type\":\"ReadAction\",\"target\":[\"https:\/\/denizcankizil.tr\/ru\/haberler\/gundem\/bakan-tunctan-kocaeliden-baskan-buyukakina-ziyaret\/\"]}]},{\"@type\":\"BreadcrumbList\",\"@id\":\"https:\/\/denizcankizil.tr\/ru\/haberler\/gundem\/bakan-tunctan-kocaeliden-baskan-buyukakina-ziyaret\/#breadcrumb\",\"itemListElement\":[{\"@type\":\"ListItem\",\"position\":1,\"name\":\"Home\",\"item\":\"https:\/\/denizcankizil.tr\/de\/\"},{\"@type\":\"ListItem\",\"position\":2,\"name\":\"Bakan Tun\u00e7\u2019tan Kocaeli&#8217;den Ba\u015fkan B\u00fcy\u00fckak\u0131n\u2019a ziyaret\"}]},{\"@type\":\"WebSite\",\"@id\":\"https:\/\/denizcankizil.tr\/de\/#website\",\"url\":\"https:\/\/denizcankizil.tr\/de\/\",\"name\":\"Av. Deniz Can K\u0131z\u0131l\",\"description\":\"Avukat Deniz Can K\u0131z\u0131l Antalya Barosu\",\"publisher\":{\"@id\":\"https:\/\/denizcankizil.tr\/de\/#organization\"},\"potentialAction\":[{\"@type\":\"SearchAction\",\"target\":{\"@type\":\"EntryPoint\",\"urlTemplate\":\"https:\/\/denizcankizil.tr\/de\/?s={search_term_string}\"},\"query-input\":{\"@type\":\"PropertyValueSpecification\",\"valueRequired\":true,\"valueName\":\"search_term_string\"}}],\"inLanguage\":\"ru-RU\"},{\"@type\":\"Organization\",\"@id\":\"https:\/\/denizcankizil.tr\/de\/#organization\",\"name\":\"Av. Deniz Can K\u0131z\u0131l\",\"url\":\"https:\/\/denizcankizil.tr\/de\/\",\"logo\":{\"@type\":\"ImageObject\",\"inLanguage\":\"ru-RU\",\"@id\":\"https:\/\/denizcankizil.tr\/de\/#\/schema\/logo\/image\/\",\"url\":\"https:\/\/denizcankizil.tr\/wp-content\/uploads\/2024\/10\/siyah-logo-svg.svg\",\"contentUrl\":\"https:\/\/denizcankizil.tr\/wp-content\/uploads\/2024\/10\/siyah-logo-svg.svg\",\"width\":1080,\"height\":1080,\"caption\":\"Av. Deniz Can K\u0131z\u0131l\"},\"image\":{\"@id\":\"https:\/\/denizcankizil.tr\/de\/#\/schema\/logo\/image\/\"}},{\"@type\":\"Person\",\"@id\":\"https:\/\/denizcankizil.tr\/de\/#\/schema\/person\/be3c05fe6a12686905512445d8185489\",\"name\":\"admin\",\"image\":{\"@type\":\"ImageObject\",\"inLanguage\":\"ru-RU\",\"@id\":\"https:\/\/denizcankizil.tr\/de\/#\/schema\/person\/image\/\",\"url\":\"https:\/\/secure.gravatar.com\/avatar\/c1fce94c830dc79107e174f890d7210541c4a63e8e5d816341794a2151c9d58c?s=96&d=mm&r=g\",\"contentUrl\":\"https:\/\/secure.gravatar.com\/avatar\/c1fce94c830dc79107e174f890d7210541c4a63e8e5d816341794a2151c9d58c?s=96&d=mm&r=g\",\"caption\":\"admin\"},\"sameAs\":[\"http:\/\/denizcankizil.tr\"],\"url\":\"https:\/\/www.iskenderun.org\/bakan-tunctan-kocaeliden-baskan-buyukakina-ziyaret\"}]}<\/script>\n<!-- \/ Yoast SEO Premium plugin. -->","yoast_head_json":{"title":"Bakan Tun\u00e7\u2019tan Kocaeli'den Ba\u015fkan B\u00fcy\u00fckak\u0131n\u2019a ziyaret - Av. Deniz Can K\u0131z\u0131l","robots":{"index":"index","follow":"follow","max-snippet":"max-snippet:-1","max-image-preview":"max-image-preview:large","max-video-preview":"max-video-preview:-1"},"canonical":"https:\/\/denizcankizil.tr\/ru\/haberler\/gundem\/bakan-tunctan-kocaeliden-baskan-buyukakina-ziyaret\/","og_locale":"ru_RU","og_type":"article","og_title":"Bakan Tun\u00e7\u2019tan Kocaeli'den Ba\u015fkan B\u00fcy\u00fckak\u0131n\u2019a ziyaret","og_description":"Kocaeli B\u00fcy\u00fck\u015fehir Belediye Ba\u015fkan\u0131 Do\u00e7.Dr.Tahir B\u00fcy\u00fckak\u0131n, kendisini ziyaret eden Adalet Bakan\u0131 Y\u0131lmaz Tun\u00e7\u2019a \u00e7evre konusundaki \u00e7al\u0131\u015fmalar hakk\u0131nda bilgi vererek Dip \u00c7amuru Projesi\u2019nin son durumunu payla\u015ft\u0131.KOCAEL\u0130 (\u0130GFA) &#8211; Adalet Bakan\u0131 Y\u0131lmaz Tun\u00e7 bug\u00fcn Kocaeli\u2019ye gelerek \u00f6nemli temaslarda bulundu. Yarg\u0131 ve \u0130\u015f D\u00fcnyas\u0131 Sempozyumu\u2019nun a\u00e7\u0131l\u0131\u015f\u0131na kat\u0131lan Bakan Tun\u00e7, ard\u0131ndan Kocaeli B\u00fcy\u00fck\u015fehir Belediye Ba\u015fkan\u0131 Do\u00e7.Dr.Tahir B\u00fcy\u00fckak\u0131n\u2019\u0131 ziyaret ederek \u00e7al\u0131\u015fmalar\u0131nda ba\u015far\u0131 diledi. Ba\u015fkan B\u00fcy\u00fckak\u0131n, Kocaeli\u2019nde \u00e7evre alan\u0131nda yap\u0131lan yat\u0131r\u0131mlar ve \u00e7al\u0131\u015fmalar hakk\u0131nda Bakan Y\u0131lmaz Tun\u00e7\u2019a bilgi vererek \u00f6zellikle K\u00f6rfez\u2019i dev bir akvaryum haline getirecek olan Dip \u00c7amuru Projesi\u2019nin son durumu hakk\u0131nda detaylar\u0131 payla\u015ft\u0131. Ziyaretin ard\u0131ndan g\u00fcn\u00fcn an\u0131s\u0131na foto\u011fraf \u00e7ekildi. \u200bKocaeli B\u00fcy\u00fck\u015fehir Belediye Ba\u015fkan\u0131 Do\u00e7.Dr.Tahir B\u00fcy\u00fckak\u0131n, kendisini ziyaret eden Adalet Bakan\u0131 Y\u0131lmaz Tun\u00e7\u2019a \u00e7evre konusundaki \u00e7al\u0131\u015fmalar hakk\u0131nda bilgi vererek Dip \u00c7amuru Projesi\u2019nin son durumunu payla\u015ft\u0131.KOCAEL\u0130 (\u0130GFA) &#8211; Adalet Bakan\u0131 Y\u0131lmaz Tun\u00e7 bug\u00fcn Kocaeli\u2019ye gelerek \u00f6nemli temaslarda bulundu. Yarg\u0131 ve \u0130\u015f D\u00fcnyas\u0131 Sempozyumu\u2019nun a\u00e7\u0131l\u0131\u015f\u0131na kat\u0131lan Bakan Tun\u00e7, ard\u0131ndan Kocaeli B\u00fcy\u00fck\u015fehir Belediye Ba\u015fkan\u0131 Do\u00e7.Dr.Tahir B\u00fcy\u00fckak\u0131n\u2019\u0131 ziyaret ederek \u00e7al\u0131\u015fmalar\u0131nda ba\u015far\u0131 diledi. Ba\u015fkan B\u00fcy\u00fckak\u0131n, Kocaeli\u2019nde \u00e7evre alan\u0131nda yap\u0131lan yat\u0131r\u0131mlar ve \u00e7al\u0131\u015fmalar hakk\u0131nda Bakan Y\u0131lmaz Tun\u00e7\u2019a bilgi vererek \u00f6zellikle K\u00f6rfez\u2019i dev bir akvaryum haline getirecek olan Dip \u00c7amuru Projesi\u2019nin son durumu hakk\u0131nda detaylar\u0131 payla\u015ft\u0131. Ziyaretin ard\u0131ndan g\u00fcn\u00fcn an\u0131s\u0131na foto\u011fraf \u00e7ekildi.\u00a0 \u200bHaberin Al\u0131nt\u0131land\u0131\u011f\u0131 Kaynak: www.iskenderun.org","og_url":"https:\/\/denizcankizil.tr\/ru\/haberler\/gundem\/bakan-tunctan-kocaeliden-baskan-buyukakina-ziyaret\/","og_site_name":"Av. Deniz Can K\u0131z\u0131l","article_published_time":"2025-04-18T04:41:50+00:00","author":"admin","twitter_card":"summary_large_image","twitter_misc":{"\u041d\u0430\u043f\u0438\u0441\u0430\u043d\u043e \u0430\u0432\u0442\u043e\u0440\u043e\u043c":"admin","\u041f\u0440\u0438\u043c\u0435\u0440\u043d\u043e\u0435 \u0432\u0440\u0435\u043c\u044f \u0434\u043b\u044f \u0447\u0442\u0435\u043d\u0438\u044f":"2 \u043c\u0438\u043d\u0443\u0442\u044b"},"schema":{"@context":"https:\/\/schema.org","@graph":[{"@type":"Article","@id":"https:\/\/denizcankizil.tr\/ru\/haberler\/gundem\/bakan-tunctan-kocaeliden-baskan-buyukakina-ziyaret\/#article","isPartOf":{"@id":"https:\/\/denizcankizil.tr\/ru\/haberler\/gundem\/bakan-tunctan-kocaeliden-baskan-buyukakina-ziyaret\/"},"author":{"name":"admin","@id":"https:\/\/denizcankizil.tr\/de\/#\/schema\/person\/be3c05fe6a12686905512445d8185489"},"headline":"Bakan Tun\u00e7\u2019tan Kocaeli&#8217;den Ba\u015fkan B\u00fcy\u00fckak\u0131n\u2019a ziyaret","datePublished":"2025-04-18T04:41:50+00:00","mainEntityOfPage":{"@id":"https:\/\/denizcankizil.tr\/ru\/haberler\/gundem\/bakan-tunctan-kocaeliden-baskan-buyukakina-ziyaret\/"},"wordCount":331,"publisher":{"@id":"https:\/\/denizcankizil.tr\/de\/#organization"},"articleSection":["G\u00fcndem"],"inLanguage":"ru-RU"},{"@type":"WebPage","@id":"https:\/\/denizcankizil.tr\/ru\/haberler\/gundem\/bakan-tunctan-kocaeliden-baskan-buyukakina-ziyaret\/","url":"https:\/\/denizcankizil.tr\/ru\/haberler\/gundem\/bakan-tunctan-kocaeliden-baskan-buyukakina-ziyaret\/","name":"Bakan Tun\u00e7\u2019tan Kocaeli'den Ba\u015fkan B\u00fcy\u00fckak\u0131n\u2019a ziyaret - Av. Deniz Can K\u0131z\u0131l","isPartOf":{"@id":"https:\/\/denizcankizil.tr\/de\/#website"},"datePublished":"2025-04-18T04:41:50+00:00","breadcrumb":{"@id":"https:\/\/denizcankizil.tr\/ru\/haberler\/gundem\/bakan-tunctan-kocaeliden-baskan-buyukakina-ziyaret\/#breadcrumb"},"inLanguage":"ru-RU","potentialAction":[{"@type":"ReadAction","target":["https:\/\/denizcankizil.tr\/ru\/haberler\/gundem\/bakan-tunctan-kocaeliden-baskan-buyukakina-ziyaret\/"]}]},{"@type":"BreadcrumbList","@id":"https:\/\/denizcankizil.tr\/ru\/haberler\/gundem\/bakan-tunctan-kocaeliden-baskan-buyukakina-ziyaret\/#breadcrumb","itemListElement":[{"@type":"ListItem","position":1,"name":"Home","item":"https:\/\/denizcankizil.tr\/de\/"},{"@type":"ListItem","position":2,"name":"Bakan Tun\u00e7\u2019tan Kocaeli&#8217;den Ba\u015fkan B\u00fcy\u00fckak\u0131n\u2019a ziyaret"}]},{"@type":"WebSite","@id":"https:\/\/denizcankizil.tr\/de\/#website","url":"https:\/\/denizcankizil.tr\/de\/","name":"Av. Deniz Can K\u0131z\u0131l","description":"Avukat Deniz Can K\u0131z\u0131l Antalya Barosu","publisher":{"@id":"https:\/\/denizcankizil.tr\/de\/#organization"},"potentialAction":[{"@type":"SearchAction","target":{"@type":"EntryPoint","urlTemplate":"https:\/\/denizcankizil.tr\/de\/?s={search_term_string}"},"query-input":{"@type":"PropertyValueSpecification","valueRequired":true,"valueName":"search_term_string"}}],"inLanguage":"ru-RU"},{"@type":"Organization","@id":"https:\/\/denizcankizil.tr\/de\/#organization","name":"Av. Deniz Can K\u0131z\u0131l","url":"https:\/\/denizcankizil.tr\/de\/","logo":{"@type":"ImageObject","inLanguage":"ru-RU","@id":"https:\/\/denizcankizil.tr\/de\/#\/schema\/logo\/image\/","url":"https:\/\/denizcankizil.tr\/wp-content\/uploads\/2024\/10\/siyah-logo-svg.svg","contentUrl":"https:\/\/denizcankizil.tr\/wp-content\/uploads\/2024\/10\/siyah-logo-svg.svg","width":1080,"height":1080,"caption":"Av. Deniz Can K\u0131z\u0131l"},"image":{"@id":"https:\/\/denizcankizil.tr\/de\/#\/schema\/logo\/image\/"}},{"@type":"Person","@id":"https:\/\/denizcankizil.tr\/de\/#\/schema\/person\/be3c05fe6a12686905512445d8185489","name":"\u0430\u0434\u043c\u0438\u043d","image":{"@type":"ImageObject","inLanguage":"ru-RU","@id":"https:\/\/denizcankizil.tr\/de\/#\/schema\/person\/image\/","url":"https:\/\/secure.gravatar.com\/avatar\/c1fce94c830dc79107e174f890d7210541c4a63e8e5d816341794a2151c9d58c?s=96&d=mm&r=g","contentUrl":"https:\/\/secure.gravatar.com\/avatar\/c1fce94c830dc79107e174f890d7210541c4a63e8e5d816341794a2151c9d58c?s=96&d=mm&r=g","caption":"admin"},"sameAs":["http:\/\/denizcankizil.tr"],"url":"https:\/\/www.iskenderun.org\/bakan-tunctan-kocaeliden-baskan-buyukakina-ziyaret"}]}},"_links":{"self":[{"href":"https:\/\/denizcankizil.tr\/ru\/wp-json\/wp\/v2\/posts\/59101","targetHints":{"allow":["GET"]}}],"collection":[{"href":"https:\/\/denizcankizil.tr\/ru\/wp-json\/wp\/v2\/posts"}],"about":[{"href":"https:\/\/denizcankizil.tr\/ru\/wp-json\/wp\/v2\/types\/post"}],"author":[{"embeddable":true,"href":"https:\/\/denizcankizil.tr\/ru\/wp-json\/wp\/v2\/users\/1"}],"replies":[{"embeddable":true,"href":"https:\/\/denizcankizil.tr\/ru\/wp-json\/wp\/v2\/comments?post=59101"}],"version-history":[{"count":0,"href":"https:\/\/denizcankizil.tr\/ru\/wp-json\/wp\/v2\/posts\/59101\/revisions"}],"wp:attachment":[{"href":"https:\/\/denizcankizil.tr\/ru\/wp-json\/wp\/v2\/media?parent=59101"}],"wp:term":[{"taxonomy":"category","embeddable":true,"href":"https:\/\/denizcankizil.tr\/ru\/wp-json\/wp\/v2\/categories?post=59101"},{"taxonomy":"post_tag","embeddable":true,"href":"https:\/\/denizcankizil.tr\/ru\/wp-json\/wp\/v2\/tags?post=59101"}],"curies":[{"name":"wp","href":"https:\/\/api.w.org\/{rel}","templated":true}]}}