{"id":58633,"date":"2025-04-17T17:42:19","date_gmt":"2025-04-17T14:42:19","guid":{"rendered":"https:\/\/denizcankizil.tr\/uncategorized-tr\/cumhurbaskani-erdogan-bolgemizde-yeni-krizler-istemiyoruz\/"},"modified":"2025-04-17T17:42:19","modified_gmt":"2025-04-17T14:42:19","slug":"cumhurbaskani-erdogan-bolgemizde-yeni-krizler-istemiyoruz","status":"publish","type":"post","link":"https:\/\/denizcankizil.tr\/ru\/haberler\/gundem\/cumhurbaskani-erdogan-bolgemizde-yeni-krizler-istemiyoruz\/","title":{"rendered":"Cumhurba\u015fkan\u0131 Erdo\u011fan: B\u00f6lgemizde yeni krizler istemiyoruz"},"content":{"rendered":"<p>Cumhurba\u015fkanl\u0131\u011f\u0131 K\u00fclliyesi&#8217;nden bir ba\u015fka canl\u0131 ba\u011flant\u0131 yapan Cumhurba\u015fkan\u0131 Recep Tayyip Erdo\u011fan, Uzman Erba\u015f Komando Temel Kursu Mezuniyet T\u00f6reni&#8217;ne kat\u0131larak, 2 bin 94 mezun komandoyu tebrik etti.ANKARA (\u0130GFA) &#8211; Cumhurba\u015fkan\u0131 Recep Tayyip Erdo\u011fan, Uzman Erba\u015f Komando Temel Kursu Mezuniyet T\u00f6reni\u2019canl\u0131 ba\u011flant\u0131 yapt\u0131.<br \/>\n18 haftal\u0131k zorlu e\u011fitimi ba\u015far\u0131yla tamamlayan 2 bin 94 mezun komandoyu tebrik eden Cumhurba\u015fkan\u0131 Erdo\u011fan, \u015fehitleri minnetle y\u00e2d edip, gazilere \u015f\u00fckranlar\u0131n\u0131 sunarken, her bir Mehmet\u00e7ik\u2019e vazifesinde \u00fcst\u00fcn muvaffakiyetler diledi.<br \/>\nT\u00fcrkiye\u2019nin bar\u0131\u015f ve istikrar\u0131 savundu\u011funu vurgulayan Cumhurba\u015fkan\u0131 Erdo\u011fan, \u201cY\u0131llard\u0131r istikrars\u0131zl\u0131klarla bo\u011fu\u015fan b\u00f6lgemizde yeni krizler istemiyoruz. Gazze\u2019deki katliam bitsin, Suriye huzura kavu\u015fsun, Rusya-Ukrayna Sava\u015f\u0131 adil bir bar\u0131\u015fla sonlans\u0131n\u201d dedi.<br \/>\n&#8220;ZAL\u0130ME YAVUZ, MAZLUMA YUNUS\u2019SUNUZ&#8221;<br \/>\nTer\u00f6rle m\u00fccadelede \u00f6nemli ba\u015far\u0131lar elde edildi\u011fini belirten Erdo\u011fan, &#8216;Ter\u00f6rs\u00fcz T\u00fcrkiye&#8217; hedefine ula\u015fmak i\u00e7in kararl\u0131 olduklar\u0131n\u0131 belirterek, kahraman ordunun, b\u00f6lgemizin bar\u0131\u015f ve g\u00fcvenli\u011finin teminat\u0131 oldu\u011funu s\u00f6yledi. Cumhurba\u015fkan\u0131 Erdo\u011fan, komandolar\u0131n zalime kar\u015f\u0131 Yavuz, mazluma kar\u015f\u0131 Yunus olaca\u011f\u0131na olan inanc\u0131n\u0131 dile getirerek, \u201cSizler mazlumlar\u0131n umudusunuz\u201d diye konu\u015ftu.<\/p>\n<p>\u200bCumhurba\u015fkanl\u0131\u011f\u0131 K\u00fclliyesi&#8217;nden bir ba\u015fka canl\u0131 ba\u011flant\u0131 yapan Cumhurba\u015fkan\u0131 Recep Tayyip Erdo\u011fan, Uzman Erba\u015f Komando Temel Kursu Mezuniyet T\u00f6reni&#8217;ne kat\u0131larak, 2 bin 94 mezun komandoyu tebrik etti.ANKARA (\u0130GFA) &#8211; Cumhurba\u015fkan\u0131 Recep Tayyip Erdo\u011fan, Uzman Erba\u015f Komando Temel Kursu Mezuniyet T\u00f6reni\u2019canl\u0131 ba\u011flant\u0131 yapt\u0131.<br \/>\n18 haftal\u0131k zorlu e\u011fitimi ba\u015far\u0131yla tamamlayan 2 bin 94 mezun komandoyu tebrik eden Cumhurba\u015fkan\u0131 Erdo\u011fan, \u015fehitleri minnetle y\u00e2d edip, gazilere \u015f\u00fckranlar\u0131n\u0131 sunarken, her bir Mehmet\u00e7ik\u2019e vazifesinde \u00fcst\u00fcn muvaffakiyetler diledi.<br \/>\nT\u00fcrkiye\u2019nin bar\u0131\u015f ve istikrar\u0131 savundu\u011funu vurgulayan Cumhurba\u015fkan\u0131 Erdo\u011fan, \u201cY\u0131llard\u0131r istikrars\u0131zl\u0131klarla bo\u011fu\u015fan b\u00f6lgemizde yeni krizler istemiyoruz. Gazze\u2019deki katliam bitsin, Suriye huzura kavu\u015fsun, Rusya-Ukrayna Sava\u015f\u0131 adil bir bar\u0131\u015fla sonlans\u0131n\u201d dedi.<br \/>\n&#8220;ZAL\u0130ME YAVUZ, MAZLUMA YUNUS\u2019SUNUZ&#8221;<br \/>\nTer\u00f6rle m\u00fccadelede \u00f6nemli ba\u015far\u0131lar elde edildi\u011fini belirten Erdo\u011fan, &#8216;Ter\u00f6rs\u00fcz T\u00fcrkiye&#8217; hedefine ula\u015fmak i\u00e7in kararl\u0131 olduklar\u0131n\u0131 belirterek, kahraman ordunun, b\u00f6lgemizin bar\u0131\u015f ve g\u00fcvenli\u011finin teminat\u0131 oldu\u011funu s\u00f6yledi. Cumhurba\u015fkan\u0131 Erdo\u011fan, komandolar\u0131n zalime kar\u015f\u0131 Yavuz, mazluma kar\u015f\u0131 Yunus olaca\u011f\u0131na olan inanc\u0131n\u0131 dile getirerek, \u201cSizler mazlumlar\u0131n umudusunuz\u201d diye konu\u015ftu.\u00a0<\/p>\n<p>\u200bHaberin Al\u0131nt\u0131land\u0131\u011f\u0131 Kaynak: www.iskenderun.org<\/p>","protected":false},"excerpt":{"rendered":"<p>Cumhurba\u015fkanl\u0131\u011f\u0131 K\u00fclliyesi&#8217;nden bir ba\u015fka canl\u0131 ba\u011flant\u0131 yapan Cumhurba\u015fkan\u0131 Recep Tayyip Erdo\u011fan, Uzman Erba\u015f Komando Temel Kursu Mezuniyet T\u00f6reni&#8217;ne kat\u0131larak, 2 bin 94 mezun komandoyu tebrik etti.ANKARA (\u0130GFA) &#8211; Cumhurba\u015fkan\u0131 Recep Tayyip Erdo\u011fan, Uzman Erba\u015f Komando Temel Kursu Mezuniyet T\u00f6reni\u2019canl\u0131 ba\u011flant\u0131 yapt\u0131. 18 haftal\u0131k zorlu e\u011fitimi ba\u015far\u0131yla tamamlayan 2 bin 94 mezun komandoyu tebrik eden Cumhurba\u015fkan\u0131 Erdo\u011fan, \u015fehitleri minnetle y\u00e2d edip, gazilere \u015f\u00fckranlar\u0131n\u0131 sunarken, her bir Mehmet\u00e7ik\u2019e vazifesinde \u00fcst\u00fcn muvaffakiyetler diledi. T\u00fcrkiye\u2019nin bar\u0131\u015f ve istikrar\u0131 savundu\u011funu vurgulayan Cumhurba\u015fkan\u0131 Erdo\u011fan, \u201cY\u0131llard\u0131r istikrars\u0131zl\u0131klarla bo\u011fu\u015fan b\u00f6lgemizde yeni krizler istemiyoruz. Gazze\u2019deki katliam bitsin, Suriye huzura kavu\u015fsun, Rusya-Ukrayna Sava\u015f\u0131 adil bir bar\u0131\u015fla sonlans\u0131n\u201d dedi. &#8220;ZAL\u0130ME YAVUZ, MAZLUMA YUNUS\u2019SUNUZ&#8221; Ter\u00f6rle m\u00fccadelede \u00f6nemli ba\u015far\u0131lar elde edildi\u011fini belirten Erdo\u011fan, &#8216;Ter\u00f6rs\u00fcz T\u00fcrkiye&#8217; hedefine ula\u015fmak i\u00e7in kararl\u0131 olduklar\u0131n\u0131 belirterek, kahraman ordunun, b\u00f6lgemizin bar\u0131\u015f ve g\u00fcvenli\u011finin teminat\u0131 oldu\u011funu s\u00f6yledi. Cumhurba\u015fkan\u0131 Erdo\u011fan, komandolar\u0131n zalime kar\u015f\u0131 Yavuz, mazluma kar\u015f\u0131 Yunus olaca\u011f\u0131na olan inanc\u0131n\u0131 dile getirerek, \u201cSizler mazlumlar\u0131n umudusunuz\u201d diye konu\u015ftu. \u200bCumhurba\u015fkanl\u0131\u011f\u0131 K\u00fclliyesi&#8217;nden bir ba\u015fka canl\u0131 ba\u011flant\u0131 yapan Cumhurba\u015fkan\u0131 Recep Tayyip Erdo\u011fan, Uzman Erba\u015f Komando Temel Kursu Mezuniyet T\u00f6reni&#8217;ne kat\u0131larak, 2 bin 94 mezun komandoyu tebrik etti.ANKARA (\u0130GFA) &#8211; Cumhurba\u015fkan\u0131 Recep Tayyip Erdo\u011fan, Uzman Erba\u015f Komando Temel Kursu Mezuniyet T\u00f6reni\u2019canl\u0131 ba\u011flant\u0131 yapt\u0131. 18 haftal\u0131k zorlu e\u011fitimi ba\u015far\u0131yla tamamlayan 2 bin 94 mezun komandoyu tebrik eden &hellip;<\/p>","protected":false},"author":1,"featured_media":0,"comment_status":"","ping_status":"open","sticky":false,"template":"","format":"standard","meta":{"_acf_changed":false,"footnotes":""},"categories":[24],"tags":[],"class_list":["post-58633","post","type-post","status-publish","format-standard","has-post-thumbnail","hentry","category-gundem"],"acf":[],"yoast_head":"<!-- This site is optimized with the Yoast SEO Premium plugin v26.6 (Yoast SEO v27.1.1) - https:\/\/yoast.com\/product\/yoast-seo-premium-wordpress\/ -->\n<title>Cumhurba\u015fkan\u0131 Erdo\u011fan: B\u00f6lgemizde yeni krizler istemiyoruz - Av. Deniz Can K\u0131z\u0131l<\/title>\n<meta name=\"robots\" content=\"index, follow, max-snippet:-1, max-image-preview:large, max-video-preview:-1\" \/>\n<link rel=\"canonical\" href=\"https:\/\/denizcankizil.tr\/ru\/haberler\/gundem\/cumhurbaskani-erdogan-bolgemizde-yeni-krizler-istemiyoruz\/\" \/>\n<meta property=\"og:locale\" content=\"ru_RU\" \/>\n<meta property=\"og:type\" content=\"article\" \/>\n<meta property=\"og:title\" content=\"Cumhurba\u015fkan\u0131 Erdo\u011fan: B\u00f6lgemizde yeni krizler istemiyoruz\" \/>\n<meta property=\"og:description\" content=\"Cumhurba\u015fkanl\u0131\u011f\u0131 K\u00fclliyesi&#8217;nden bir ba\u015fka canl\u0131 ba\u011flant\u0131 yapan Cumhurba\u015fkan\u0131 Recep Tayyip Erdo\u011fan, Uzman Erba\u015f Komando Temel Kursu Mezuniyet T\u00f6reni&#8217;ne kat\u0131larak, 2 bin 94 mezun komandoyu tebrik etti.ANKARA (\u0130GFA) &#8211; Cumhurba\u015fkan\u0131 Recep Tayyip Erdo\u011fan, Uzman Erba\u015f Komando Temel Kursu Mezuniyet T\u00f6reni\u2019canl\u0131 ba\u011flant\u0131 yapt\u0131. 18 haftal\u0131k zorlu e\u011fitimi ba\u015far\u0131yla tamamlayan 2 bin 94 mezun komandoyu tebrik eden Cumhurba\u015fkan\u0131 Erdo\u011fan, \u015fehitleri minnetle y\u00e2d edip, gazilere \u015f\u00fckranlar\u0131n\u0131 sunarken, her bir Mehmet\u00e7ik\u2019e vazifesinde \u00fcst\u00fcn muvaffakiyetler diledi. T\u00fcrkiye\u2019nin bar\u0131\u015f ve istikrar\u0131 savundu\u011funu vurgulayan Cumhurba\u015fkan\u0131 Erdo\u011fan, \u201cY\u0131llard\u0131r istikrars\u0131zl\u0131klarla bo\u011fu\u015fan b\u00f6lgemizde yeni krizler istemiyoruz. Gazze\u2019deki katliam bitsin, Suriye huzura kavu\u015fsun, Rusya-Ukrayna Sava\u015f\u0131 adil bir bar\u0131\u015fla sonlans\u0131n\u201d dedi. &#8220;ZAL\u0130ME YAVUZ, MAZLUMA YUNUS\u2019SUNUZ&#8221; Ter\u00f6rle m\u00fccadelede \u00f6nemli ba\u015far\u0131lar elde edildi\u011fini belirten Erdo\u011fan, &#8216;Ter\u00f6rs\u00fcz T\u00fcrkiye&#8217; hedefine ula\u015fmak i\u00e7in kararl\u0131 olduklar\u0131n\u0131 belirterek, kahraman ordunun, b\u00f6lgemizin bar\u0131\u015f ve g\u00fcvenli\u011finin teminat\u0131 oldu\u011funu s\u00f6yledi. Cumhurba\u015fkan\u0131 Erdo\u011fan, komandolar\u0131n zalime kar\u015f\u0131 Yavuz, mazluma kar\u015f\u0131 Yunus olaca\u011f\u0131na olan inanc\u0131n\u0131 dile getirerek, \u201cSizler mazlumlar\u0131n umudusunuz\u201d diye konu\u015ftu. \u200bCumhurba\u015fkanl\u0131\u011f\u0131 K\u00fclliyesi&#8217;nden bir ba\u015fka canl\u0131 ba\u011flant\u0131 yapan Cumhurba\u015fkan\u0131 Recep Tayyip Erdo\u011fan, Uzman Erba\u015f Komando Temel Kursu Mezuniyet T\u00f6reni&#8217;ne kat\u0131larak, 2 bin 94 mezun komandoyu tebrik etti.ANKARA (\u0130GFA) &#8211; Cumhurba\u015fkan\u0131 Recep Tayyip Erdo\u011fan, Uzman Erba\u015f Komando Temel Kursu Mezuniyet T\u00f6reni\u2019canl\u0131 ba\u011flant\u0131 yapt\u0131. 18 haftal\u0131k zorlu e\u011fitimi ba\u015far\u0131yla tamamlayan 2 bin 94 mezun komandoyu tebrik eden &hellip;\" \/>\n<meta property=\"og:url\" content=\"https:\/\/denizcankizil.tr\/ru\/haberler\/gundem\/cumhurbaskani-erdogan-bolgemizde-yeni-krizler-istemiyoruz\/\" \/>\n<meta property=\"og:site_name\" content=\"Av. Deniz Can K\u0131z\u0131l\" \/>\n<meta property=\"article:published_time\" content=\"2025-04-17T14:42:19+00:00\" \/>\n<meta name=\"author\" content=\"admin\" \/>\n<meta name=\"twitter:card\" content=\"summary_large_image\" \/>\n<meta name=\"twitter:label1\" content=\"\u041d\u0430\u043f\u0438\u0441\u0430\u043d\u043e \u0430\u0432\u0442\u043e\u0440\u043e\u043c\" \/>\n\t<meta name=\"twitter:data1\" content=\"admin\" \/>\n\t<meta name=\"twitter:label2\" content=\"\u041f\u0440\u0438\u043c\u0435\u0440\u043d\u043e\u0435 \u0432\u0440\u0435\u043c\u044f \u0434\u043b\u044f \u0447\u0442\u0435\u043d\u0438\u044f\" \/>\n\t<meta name=\"twitter:data2\" content=\"2 \u043c\u0438\u043d\u0443\u0442\u044b\" \/>\n<script type=\"application\/ld+json\" class=\"yoast-schema-graph\">{\"@context\":\"https:\/\/schema.org\",\"@graph\":[{\"@type\":\"Article\",\"@id\":\"https:\/\/denizcankizil.tr\/ru\/haberler\/gundem\/cumhurbaskani-erdogan-bolgemizde-yeni-krizler-istemiyoruz\/#article\",\"isPartOf\":{\"@id\":\"https:\/\/denizcankizil.tr\/ru\/haberler\/gundem\/cumhurbaskani-erdogan-bolgemizde-yeni-krizler-istemiyoruz\/\"},\"author\":{\"name\":\"admin\",\"@id\":\"https:\/\/denizcankizil.tr\/#\/schema\/person\/be3c05fe6a12686905512445d8185489\"},\"headline\":\"Cumhurba\u015fkan\u0131 Erdo\u011fan: B\u00f6lgemizde yeni krizler istemiyoruz\",\"datePublished\":\"2025-04-17T14:42:19+00:00\",\"mainEntityOfPage\":{\"@id\":\"https:\/\/denizcankizil.tr\/ru\/haberler\/gundem\/cumhurbaskani-erdogan-bolgemizde-yeni-krizler-istemiyoruz\/\"},\"wordCount\":437,\"publisher\":{\"@id\":\"https:\/\/denizcankizil.tr\/#organization\"},\"articleSection\":[\"G\u00fcndem\"],\"inLanguage\":\"ru-RU\"},{\"@type\":\"WebPage\",\"@id\":\"https:\/\/denizcankizil.tr\/ru\/haberler\/gundem\/cumhurbaskani-erdogan-bolgemizde-yeni-krizler-istemiyoruz\/\",\"url\":\"https:\/\/denizcankizil.tr\/ru\/haberler\/gundem\/cumhurbaskani-erdogan-bolgemizde-yeni-krizler-istemiyoruz\/\",\"name\":\"Cumhurba\u015fkan\u0131 Erdo\u011fan: B\u00f6lgemizde yeni krizler istemiyoruz - Av. Deniz Can K\u0131z\u0131l\",\"isPartOf\":{\"@id\":\"https:\/\/denizcankizil.tr\/#website\"},\"datePublished\":\"2025-04-17T14:42:19+00:00\",\"breadcrumb\":{\"@id\":\"https:\/\/denizcankizil.tr\/ru\/haberler\/gundem\/cumhurbaskani-erdogan-bolgemizde-yeni-krizler-istemiyoruz\/#breadcrumb\"},\"inLanguage\":\"ru-RU\",\"potentialAction\":[{\"@type\":\"ReadAction\",\"target\":[\"https:\/\/denizcankizil.tr\/ru\/haberler\/gundem\/cumhurbaskani-erdogan-bolgemizde-yeni-krizler-istemiyoruz\/\"]}]},{\"@type\":\"BreadcrumbList\",\"@id\":\"https:\/\/denizcankizil.tr\/ru\/haberler\/gundem\/cumhurbaskani-erdogan-bolgemizde-yeni-krizler-istemiyoruz\/#breadcrumb\",\"itemListElement\":[{\"@type\":\"ListItem\",\"position\":1,\"name\":\"Home\",\"item\":\"https:\/\/denizcankizil.tr\/de\/\"},{\"@type\":\"ListItem\",\"position\":2,\"name\":\"Cumhurba\u015fkan\u0131 Erdo\u011fan: B\u00f6lgemizde yeni krizler istemiyoruz\"}]},{\"@type\":\"WebSite\",\"@id\":\"https:\/\/denizcankizil.tr\/#website\",\"url\":\"https:\/\/denizcankizil.tr\/\",\"name\":\"Av. Deniz Can K\u0131z\u0131l\",\"description\":\"Avukat Deniz Can K\u0131z\u0131l Antalya Barosu\",\"publisher\":{\"@id\":\"https:\/\/denizcankizil.tr\/#organization\"},\"potentialAction\":[{\"@type\":\"SearchAction\",\"target\":{\"@type\":\"EntryPoint\",\"urlTemplate\":\"https:\/\/denizcankizil.tr\/?s={search_term_string}\"},\"query-input\":{\"@type\":\"PropertyValueSpecification\",\"valueRequired\":true,\"valueName\":\"search_term_string\"}}],\"inLanguage\":\"ru-RU\"},{\"@type\":\"Organization\",\"@id\":\"https:\/\/denizcankizil.tr\/#organization\",\"name\":\"Av. Deniz Can K\u0131z\u0131l\",\"url\":\"https:\/\/denizcankizil.tr\/\",\"logo\":{\"@type\":\"ImageObject\",\"inLanguage\":\"ru-RU\",\"@id\":\"https:\/\/denizcankizil.tr\/#\/schema\/logo\/image\/\",\"url\":\"https:\/\/denizcankizil.tr\/wp-content\/uploads\/2024\/10\/siyah-logo-svg.svg\",\"contentUrl\":\"https:\/\/denizcankizil.tr\/wp-content\/uploads\/2024\/10\/siyah-logo-svg.svg\",\"width\":1080,\"height\":1080,\"caption\":\"Av. Deniz Can K\u0131z\u0131l\"},\"image\":{\"@id\":\"https:\/\/denizcankizil.tr\/#\/schema\/logo\/image\/\"}},{\"@type\":\"Person\",\"@id\":\"https:\/\/denizcankizil.tr\/#\/schema\/person\/be3c05fe6a12686905512445d8185489\",\"name\":\"admin\",\"image\":{\"@type\":\"ImageObject\",\"inLanguage\":\"ru-RU\",\"@id\":\"https:\/\/denizcankizil.tr\/#\/schema\/person\/image\/\",\"url\":\"https:\/\/secure.gravatar.com\/avatar\/c1fce94c830dc79107e174f890d7210541c4a63e8e5d816341794a2151c9d58c?s=96&d=mm&r=g\",\"contentUrl\":\"https:\/\/secure.gravatar.com\/avatar\/c1fce94c830dc79107e174f890d7210541c4a63e8e5d816341794a2151c9d58c?s=96&d=mm&r=g\",\"caption\":\"admin\"},\"sameAs\":[\"http:\/\/denizcankizil.tr\"],\"url\":\"https:\/\/www.iskenderun.org\/cumhurbaskani-erdogan-bolgemizde-yeni-krizler-istemiyoruz\"}]}<\/script>\n<!-- \/ Yoast SEO Premium plugin. -->","yoast_head_json":{"title":"Cumhurba\u015fkan\u0131 Erdo\u011fan: B\u00f6lgemizde yeni krizler istemiyoruz - Av. Deniz Can K\u0131z\u0131l","robots":{"index":"index","follow":"follow","max-snippet":"max-snippet:-1","max-image-preview":"max-image-preview:large","max-video-preview":"max-video-preview:-1"},"canonical":"https:\/\/denizcankizil.tr\/ru\/haberler\/gundem\/cumhurbaskani-erdogan-bolgemizde-yeni-krizler-istemiyoruz\/","og_locale":"ru_RU","og_type":"article","og_title":"Cumhurba\u015fkan\u0131 Erdo\u011fan: B\u00f6lgemizde yeni krizler istemiyoruz","og_description":"Cumhurba\u015fkanl\u0131\u011f\u0131 K\u00fclliyesi&#8217;nden bir ba\u015fka canl\u0131 ba\u011flant\u0131 yapan Cumhurba\u015fkan\u0131 Recep Tayyip Erdo\u011fan, Uzman Erba\u015f Komando Temel Kursu Mezuniyet T\u00f6reni&#8217;ne kat\u0131larak, 2 bin 94 mezun komandoyu tebrik etti.ANKARA (\u0130GFA) &#8211; Cumhurba\u015fkan\u0131 Recep Tayyip Erdo\u011fan, Uzman Erba\u015f Komando Temel Kursu Mezuniyet T\u00f6reni\u2019canl\u0131 ba\u011flant\u0131 yapt\u0131. 18 haftal\u0131k zorlu e\u011fitimi ba\u015far\u0131yla tamamlayan 2 bin 94 mezun komandoyu tebrik eden Cumhurba\u015fkan\u0131 Erdo\u011fan, \u015fehitleri minnetle y\u00e2d edip, gazilere \u015f\u00fckranlar\u0131n\u0131 sunarken, her bir Mehmet\u00e7ik\u2019e vazifesinde \u00fcst\u00fcn muvaffakiyetler diledi. T\u00fcrkiye\u2019nin bar\u0131\u015f ve istikrar\u0131 savundu\u011funu vurgulayan Cumhurba\u015fkan\u0131 Erdo\u011fan, \u201cY\u0131llard\u0131r istikrars\u0131zl\u0131klarla bo\u011fu\u015fan b\u00f6lgemizde yeni krizler istemiyoruz. Gazze\u2019deki katliam bitsin, Suriye huzura kavu\u015fsun, Rusya-Ukrayna Sava\u015f\u0131 adil bir bar\u0131\u015fla sonlans\u0131n\u201d dedi. &#8220;ZAL\u0130ME YAVUZ, MAZLUMA YUNUS\u2019SUNUZ&#8221; Ter\u00f6rle m\u00fccadelede \u00f6nemli ba\u015far\u0131lar elde edildi\u011fini belirten Erdo\u011fan, &#8216;Ter\u00f6rs\u00fcz T\u00fcrkiye&#8217; hedefine ula\u015fmak i\u00e7in kararl\u0131 olduklar\u0131n\u0131 belirterek, kahraman ordunun, b\u00f6lgemizin bar\u0131\u015f ve g\u00fcvenli\u011finin teminat\u0131 oldu\u011funu s\u00f6yledi. Cumhurba\u015fkan\u0131 Erdo\u011fan, komandolar\u0131n zalime kar\u015f\u0131 Yavuz, mazluma kar\u015f\u0131 Yunus olaca\u011f\u0131na olan inanc\u0131n\u0131 dile getirerek, \u201cSizler mazlumlar\u0131n umudusunuz\u201d diye konu\u015ftu. \u200bCumhurba\u015fkanl\u0131\u011f\u0131 K\u00fclliyesi&#8217;nden bir ba\u015fka canl\u0131 ba\u011flant\u0131 yapan Cumhurba\u015fkan\u0131 Recep Tayyip Erdo\u011fan, Uzman Erba\u015f Komando Temel Kursu Mezuniyet T\u00f6reni&#8217;ne kat\u0131larak, 2 bin 94 mezun komandoyu tebrik etti.ANKARA (\u0130GFA) &#8211; Cumhurba\u015fkan\u0131 Recep Tayyip Erdo\u011fan, Uzman Erba\u015f Komando Temel Kursu Mezuniyet T\u00f6reni\u2019canl\u0131 ba\u011flant\u0131 yapt\u0131. 18 haftal\u0131k zorlu e\u011fitimi ba\u015far\u0131yla tamamlayan 2 bin 94 mezun komandoyu tebrik eden &hellip;","og_url":"https:\/\/denizcankizil.tr\/ru\/haberler\/gundem\/cumhurbaskani-erdogan-bolgemizde-yeni-krizler-istemiyoruz\/","og_site_name":"Av. Deniz Can K\u0131z\u0131l","article_published_time":"2025-04-17T14:42:19+00:00","author":"admin","twitter_card":"summary_large_image","twitter_misc":{"\u041d\u0430\u043f\u0438\u0441\u0430\u043d\u043e \u0430\u0432\u0442\u043e\u0440\u043e\u043c":"admin","\u041f\u0440\u0438\u043c\u0435\u0440\u043d\u043e\u0435 \u0432\u0440\u0435\u043c\u044f \u0434\u043b\u044f \u0447\u0442\u0435\u043d\u0438\u044f":"2 \u043c\u0438\u043d\u0443\u0442\u044b"},"schema":{"@context":"https:\/\/schema.org","@graph":[{"@type":"Article","@id":"https:\/\/denizcankizil.tr\/ru\/haberler\/gundem\/cumhurbaskani-erdogan-bolgemizde-yeni-krizler-istemiyoruz\/#article","isPartOf":{"@id":"https:\/\/denizcankizil.tr\/ru\/haberler\/gundem\/cumhurbaskani-erdogan-bolgemizde-yeni-krizler-istemiyoruz\/"},"author":{"name":"admin","@id":"https:\/\/denizcankizil.tr\/#\/schema\/person\/be3c05fe6a12686905512445d8185489"},"headline":"Cumhurba\u015fkan\u0131 Erdo\u011fan: B\u00f6lgemizde yeni krizler istemiyoruz","datePublished":"2025-04-17T14:42:19+00:00","mainEntityOfPage":{"@id":"https:\/\/denizcankizil.tr\/ru\/haberler\/gundem\/cumhurbaskani-erdogan-bolgemizde-yeni-krizler-istemiyoruz\/"},"wordCount":437,"publisher":{"@id":"https:\/\/denizcankizil.tr\/#organization"},"articleSection":["G\u00fcndem"],"inLanguage":"ru-RU"},{"@type":"WebPage","@id":"https:\/\/denizcankizil.tr\/ru\/haberler\/gundem\/cumhurbaskani-erdogan-bolgemizde-yeni-krizler-istemiyoruz\/","url":"https:\/\/denizcankizil.tr\/ru\/haberler\/gundem\/cumhurbaskani-erdogan-bolgemizde-yeni-krizler-istemiyoruz\/","name":"Cumhurba\u015fkan\u0131 Erdo\u011fan: B\u00f6lgemizde yeni krizler istemiyoruz - Av. Deniz Can K\u0131z\u0131l","isPartOf":{"@id":"https:\/\/denizcankizil.tr\/#website"},"datePublished":"2025-04-17T14:42:19+00:00","breadcrumb":{"@id":"https:\/\/denizcankizil.tr\/ru\/haberler\/gundem\/cumhurbaskani-erdogan-bolgemizde-yeni-krizler-istemiyoruz\/#breadcrumb"},"inLanguage":"ru-RU","potentialAction":[{"@type":"ReadAction","target":["https:\/\/denizcankizil.tr\/ru\/haberler\/gundem\/cumhurbaskani-erdogan-bolgemizde-yeni-krizler-istemiyoruz\/"]}]},{"@type":"BreadcrumbList","@id":"https:\/\/denizcankizil.tr\/ru\/haberler\/gundem\/cumhurbaskani-erdogan-bolgemizde-yeni-krizler-istemiyoruz\/#breadcrumb","itemListElement":[{"@type":"ListItem","position":1,"name":"Home","item":"https:\/\/denizcankizil.tr\/de\/"},{"@type":"ListItem","position":2,"name":"Cumhurba\u015fkan\u0131 Erdo\u011fan: B\u00f6lgemizde yeni krizler istemiyoruz"}]},{"@type":"WebSite","@id":"https:\/\/denizcankizil.tr\/#website","url":"https:\/\/denizcankizil.tr\/","name":"Av. Deniz Can K\u0131z\u0131l","description":"Avukat Deniz Can K\u0131z\u0131l Antalya Barosu","publisher":{"@id":"https:\/\/denizcankizil.tr\/#organization"},"potentialAction":[{"@type":"SearchAction","target":{"@type":"EntryPoint","urlTemplate":"https:\/\/denizcankizil.tr\/?s={search_term_string}"},"query-input":{"@type":"PropertyValueSpecification","valueRequired":true,"valueName":"search_term_string"}}],"inLanguage":"ru-RU"},{"@type":"Organization","@id":"https:\/\/denizcankizil.tr\/#organization","name":"Av. Deniz Can K\u0131z\u0131l","url":"https:\/\/denizcankizil.tr\/","logo":{"@type":"ImageObject","inLanguage":"ru-RU","@id":"https:\/\/denizcankizil.tr\/#\/schema\/logo\/image\/","url":"https:\/\/denizcankizil.tr\/wp-content\/uploads\/2024\/10\/siyah-logo-svg.svg","contentUrl":"https:\/\/denizcankizil.tr\/wp-content\/uploads\/2024\/10\/siyah-logo-svg.svg","width":1080,"height":1080,"caption":"Av. Deniz Can K\u0131z\u0131l"},"image":{"@id":"https:\/\/denizcankizil.tr\/#\/schema\/logo\/image\/"}},{"@type":"Person","@id":"https:\/\/denizcankizil.tr\/#\/schema\/person\/be3c05fe6a12686905512445d8185489","name":"\u0430\u0434\u043c\u0438\u043d","image":{"@type":"ImageObject","inLanguage":"ru-RU","@id":"https:\/\/denizcankizil.tr\/#\/schema\/person\/image\/","url":"https:\/\/secure.gravatar.com\/avatar\/c1fce94c830dc79107e174f890d7210541c4a63e8e5d816341794a2151c9d58c?s=96&d=mm&r=g","contentUrl":"https:\/\/secure.gravatar.com\/avatar\/c1fce94c830dc79107e174f890d7210541c4a63e8e5d816341794a2151c9d58c?s=96&d=mm&r=g","caption":"admin"},"sameAs":["http:\/\/denizcankizil.tr"],"url":"https:\/\/www.iskenderun.org\/cumhurbaskani-erdogan-bolgemizde-yeni-krizler-istemiyoruz"}]}},"_links":{"self":[{"href":"https:\/\/denizcankizil.tr\/ru\/wp-json\/wp\/v2\/posts\/58633","targetHints":{"allow":["GET"]}}],"collection":[{"href":"https:\/\/denizcankizil.tr\/ru\/wp-json\/wp\/v2\/posts"}],"about":[{"href":"https:\/\/denizcankizil.tr\/ru\/wp-json\/wp\/v2\/types\/post"}],"author":[{"embeddable":true,"href":"https:\/\/denizcankizil.tr\/ru\/wp-json\/wp\/v2\/users\/1"}],"replies":[{"embeddable":true,"href":"https:\/\/denizcankizil.tr\/ru\/wp-json\/wp\/v2\/comments?post=58633"}],"version-history":[{"count":0,"href":"https:\/\/denizcankizil.tr\/ru\/wp-json\/wp\/v2\/posts\/58633\/revisions"}],"wp:attachment":[{"href":"https:\/\/denizcankizil.tr\/ru\/wp-json\/wp\/v2\/media?parent=58633"}],"wp:term":[{"taxonomy":"category","embeddable":true,"href":"https:\/\/denizcankizil.tr\/ru\/wp-json\/wp\/v2\/categories?post=58633"},{"taxonomy":"post_tag","embeddable":true,"href":"https:\/\/denizcankizil.tr\/ru\/wp-json\/wp\/v2\/tags?post=58633"}],"curies":[{"name":"wp","href":"https:\/\/api.w.org\/{rel}","templated":true}]}}