{"id":58631,"date":"2025-04-17T17:42:16","date_gmt":"2025-04-17T14:42:16","guid":{"rendered":"https:\/\/denizcankizil.tr\/uncategorized-tr\/minikler-oyuncak-muzesinde-bulusuyor\/"},"modified":"2025-04-17T17:42:16","modified_gmt":"2025-04-17T14:42:16","slug":"minikler-oyuncak-muzesinde-bulusuyor","status":"publish","type":"post","link":"https:\/\/denizcankizil.tr\/ru\/haberler\/gundem\/minikler-oyuncak-muzesinde-bulusuyor\/","title":{"rendered":"Minikler Oyuncak M\u00fczesi&#8217;nde bulu\u015fuyor"},"content":{"rendered":"<p>Kocaeli \u0130zmit Belediyesi, Oyuncak M\u00fczesi\u2019nde d\u00fczenledi\u011fi yarat\u0131c\u0131 at\u00f6lye etkinlikleriyle \u00e7ocuklara keyifli ve \u00f6\u011fretici bir deneyim sunuyor.KOCAEL\u0130 (\u0130GFA) &#8211; Kocaeli\u00a0\u0130zmit Belediyesinin Kapanca Sokak\u2019ta hayata ge\u00e7irdi\u011fi Oyuncak M\u00fczesi, her hafta sonu \u00e7ocuk sesleriyle \u015fenleniyor. \u00c7ocuklar\u0131n yarat\u0131c\u0131l\u0131klar\u0131n\u0131 geli\u015ftirecek etkinliklerin d\u00fczenledi\u011fi Oyuncak M\u00fczesi\u2019nde 19 \u2013 20 Nisan tarihlerinde \u201cResim Galerisindeyim At\u00f6lyesi\u201d ve \u201cKe\u00e7eden Pel\u00fc\u015f Oyuncak At\u00f6lyesi\u201d ger\u00e7ekle\u015ftirilecek. 19 Nisan Cumartesi g\u00fcn\u00fc saat 11.00\u2019de 4-5-6 ya\u015f grubu, saat 15.00\u2019te 7-8-9 ya\u015f grubu, 20 Nisan Pazar g\u00fcn\u00fc saat 11.00\u2019de 9-10-11 ya\u015f grubu ile \u201cResim Galerisindeyim At\u00f6lyesi\u201d ger\u00e7ekle\u015ftirilecek.\u00a0<br \/>\n20 K\u0130\u015e\u0130L\u0130K KONTENJANLAR<br \/>\n20 ki\u015filik \u00f6\u011frenci kontenjanlar\u0131 ayr\u0131lan Antik D\u00f6nem\u2019 in 7 Harikas\u0131 temal\u0131 Resim Galerisindeyim At\u00f6lyesi\u2019nde Keops Piramidi, Babil\u2019in Asma Bah\u00e7eleri, Artemis Tap\u0131na\u011f\u0131, Zeus Heykeli, Rodos Heykeli, \u0130skenderiye Feneri ve Halikarnas Mozolesinin g\u00f6rselleri \u0130zmit Oyuncak M\u00fczesi 3. Kat interaktif alanda sergilenecek. Olu\u015fturulacak k\u00fc\u00e7\u00fck \u00e7al\u0131\u015fma gruplar\u0131nda eserlerin kendilerinde hissettirdikleri ile ortak bir resim \u00e7al\u0131\u015fmas\u0131 ger\u00e7ekle\u015ftirecek.\u00a0<br \/>\nKE\u00c7EDEN PEL\u00dc\u015e OYUNCAK AT\u00d6LYES\u0130<br \/>\n20 Nisan Pazar g\u00fcn\u00fc saat 15.00\u2019te 9-10-11 ya\u015f grubu ile \u201cKe\u00e7eden Pel\u00fc\u015f Oyuncak At\u00f6lyesi\u201d ger\u00e7ekle\u015ftirilecek. At\u00f6lyede i\u00e7 dolgu malzemesi olarak art\u0131k ke\u00e7eler, ana malzeme olarak ke\u00e7e, \u00f6\u011fretmen kontrol\u00fcnde diki\u015f malzemeleri, \u00e7e\u015fitli boncuklar ve d\u00fc\u011fmeler kullan\u0131lacak. At\u00f6lyede \u0130zmit Oyuncak M\u00fczesinde \u00e7ocuklar\u0131n pel\u00fc\u015f oyuncak \u00fcretimi yapmas\u0131, ince motor becerileri, el-g\u00f6z koordinasyonlar\u0131 ve yarat\u0131c\u0131l\u0131klar\u0131n\u0131n geli\u015ftirilmesi hedefleniyor.\u00a0<\/p>\n<p>\u200bKocaeli \u0130zmit Belediyesi, Oyuncak M\u00fczesi\u2019nde d\u00fczenledi\u011fi yarat\u0131c\u0131 at\u00f6lye etkinlikleriyle \u00e7ocuklara keyifli ve \u00f6\u011fretici bir deneyim sunuyor.KOCAEL\u0130 (\u0130GFA) &#8211; Kocaeli\u00a0\u0130zmit Belediyesinin Kapanca Sokak\u2019ta hayata ge\u00e7irdi\u011fi Oyuncak M\u00fczesi, her hafta sonu \u00e7ocuk sesleriyle \u015fenleniyor. \u00c7ocuklar\u0131n yarat\u0131c\u0131l\u0131klar\u0131n\u0131 geli\u015ftirecek etkinliklerin d\u00fczenledi\u011fi Oyuncak M\u00fczesi\u2019nde 19 \u2013 20 Nisan tarihlerinde \u201cResim Galerisindeyim At\u00f6lyesi\u201d ve \u201cKe\u00e7eden Pel\u00fc\u015f Oyuncak At\u00f6lyesi\u201d ger\u00e7ekle\u015ftirilecek. 19 Nisan Cumartesi g\u00fcn\u00fc saat 11.00\u2019de 4-5-6 ya\u015f grubu, saat 15.00\u2019te 7-8-9 ya\u015f grubu, 20 Nisan Pazar g\u00fcn\u00fc saat 11.00\u2019de 9-10-11 ya\u015f grubu ile \u201cResim Galerisindeyim At\u00f6lyesi\u201d ger\u00e7ekle\u015ftirilecek.\u00a0<br \/>\n20 K\u0130\u015e\u0130L\u0130K KONTENJANLAR<br \/>\n20 ki\u015filik \u00f6\u011frenci kontenjanlar\u0131 ayr\u0131lan Antik D\u00f6nem\u2019 in 7 Harikas\u0131 temal\u0131 Resim Galerisindeyim At\u00f6lyesi\u2019nde Keops Piramidi, Babil\u2019in Asma Bah\u00e7eleri, Artemis Tap\u0131na\u011f\u0131, Zeus Heykeli, Rodos Heykeli, \u0130skenderiye Feneri ve Halikarnas Mozolesinin g\u00f6rselleri \u0130zmit Oyuncak M\u00fczesi 3. Kat interaktif alanda sergilenecek. Olu\u015fturulacak k\u00fc\u00e7\u00fck \u00e7al\u0131\u015fma gruplar\u0131nda eserlerin kendilerinde hissettirdikleri ile ortak bir resim \u00e7al\u0131\u015fmas\u0131 ger\u00e7ekle\u015ftirecek.\u00a0<br \/>\nKE\u00c7EDEN PEL\u00dc\u015e OYUNCAK AT\u00d6LYES\u0130<br \/>\n20 Nisan Pazar g\u00fcn\u00fc saat 15.00\u2019te 9-10-11 ya\u015f grubu ile \u201cKe\u00e7eden Pel\u00fc\u015f Oyuncak At\u00f6lyesi\u201d ger\u00e7ekle\u015ftirilecek. At\u00f6lyede i\u00e7 dolgu malzemesi olarak art\u0131k ke\u00e7eler, ana malzeme olarak ke\u00e7e, \u00f6\u011fretmen kontrol\u00fcnde diki\u015f malzemeleri, \u00e7e\u015fitli boncuklar ve d\u00fc\u011fmeler kullan\u0131lacak. At\u00f6lyede \u0130zmit Oyuncak M\u00fczesinde \u00e7ocuklar\u0131n pel\u00fc\u015f oyuncak \u00fcretimi yapmas\u0131, ince motor becerileri, el-g\u00f6z koordinasyonlar\u0131 ve yarat\u0131c\u0131l\u0131klar\u0131n\u0131n geli\u015ftirilmesi hedefleniyor.\u00a0\u00a0<\/p>\n<p>\u200bHaberin Al\u0131nt\u0131land\u0131\u011f\u0131 Kaynak: www.iskenderun.org<\/p>","protected":false},"excerpt":{"rendered":"<p>Kocaeli \u0130zmit Belediyesi, Oyuncak M\u00fczesi\u2019nde d\u00fczenledi\u011fi yarat\u0131c\u0131 at\u00f6lye etkinlikleriyle \u00e7ocuklara keyifli ve \u00f6\u011fretici bir deneyim sunuyor.KOCAEL\u0130 (\u0130GFA) &#8211; Kocaeli\u00a0\u0130zmit Belediyesinin Kapanca Sokak\u2019ta hayata ge\u00e7irdi\u011fi Oyuncak M\u00fczesi, her hafta sonu \u00e7ocuk sesleriyle \u015fenleniyor. \u00c7ocuklar\u0131n yarat\u0131c\u0131l\u0131klar\u0131n\u0131 geli\u015ftirecek etkinliklerin d\u00fczenledi\u011fi Oyuncak M\u00fczesi\u2019nde 19 \u2013 20 Nisan tarihlerinde \u201cResim Galerisindeyim At\u00f6lyesi\u201d ve \u201cKe\u00e7eden Pel\u00fc\u015f Oyuncak At\u00f6lyesi\u201d ger\u00e7ekle\u015ftirilecek. 19 Nisan Cumartesi g\u00fcn\u00fc saat 11.00\u2019de 4-5-6 ya\u015f grubu, saat 15.00\u2019te 7-8-9 ya\u015f grubu, 20 Nisan Pazar g\u00fcn\u00fc saat 11.00\u2019de 9-10-11 ya\u015f grubu ile \u201cResim Galerisindeyim At\u00f6lyesi\u201d ger\u00e7ekle\u015ftirilecek.\u00a0 20 K\u0130\u015e\u0130L\u0130K KONTENJANLAR 20 ki\u015filik \u00f6\u011frenci kontenjanlar\u0131 ayr\u0131lan Antik D\u00f6nem\u2019 in 7 Harikas\u0131 temal\u0131 Resim Galerisindeyim At\u00f6lyesi\u2019nde Keops Piramidi, Babil\u2019in Asma Bah\u00e7eleri, Artemis Tap\u0131na\u011f\u0131, Zeus Heykeli, Rodos Heykeli, \u0130skenderiye Feneri ve Halikarnas Mozolesinin g\u00f6rselleri \u0130zmit Oyuncak M\u00fczesi 3. Kat interaktif alanda sergilenecek. Olu\u015fturulacak k\u00fc\u00e7\u00fck \u00e7al\u0131\u015fma gruplar\u0131nda eserlerin kendilerinde hissettirdikleri ile ortak bir resim \u00e7al\u0131\u015fmas\u0131 ger\u00e7ekle\u015ftirecek.\u00a0 KE\u00c7EDEN PEL\u00dc\u015e OYUNCAK AT\u00d6LYES\u0130 20 Nisan Pazar g\u00fcn\u00fc saat 15.00\u2019te 9-10-11 ya\u015f grubu ile \u201cKe\u00e7eden Pel\u00fc\u015f Oyuncak At\u00f6lyesi\u201d ger\u00e7ekle\u015ftirilecek. At\u00f6lyede i\u00e7 dolgu malzemesi olarak art\u0131k ke\u00e7eler, ana malzeme olarak ke\u00e7e, \u00f6\u011fretmen kontrol\u00fcnde diki\u015f malzemeleri, \u00e7e\u015fitli boncuklar ve d\u00fc\u011fmeler kullan\u0131lacak. At\u00f6lyede \u0130zmit Oyuncak M\u00fczesinde \u00e7ocuklar\u0131n pel\u00fc\u015f oyuncak \u00fcretimi yapmas\u0131, ince motor becerileri, el-g\u00f6z koordinasyonlar\u0131 ve yarat\u0131c\u0131l\u0131klar\u0131n\u0131n geli\u015ftirilmesi hedefleniyor.\u00a0 \u200bKocaeli \u0130zmit Belediyesi, Oyuncak M\u00fczesi\u2019nde d\u00fczenledi\u011fi yarat\u0131c\u0131 &hellip;<\/p>","protected":false},"author":1,"featured_media":0,"comment_status":"","ping_status":"open","sticky":false,"template":"","format":"standard","meta":{"_acf_changed":false,"footnotes":""},"categories":[24],"tags":[],"class_list":["post-58631","post","type-post","status-publish","format-standard","has-post-thumbnail","hentry","category-gundem"],"acf":[],"yoast_head":"<!-- This site is optimized with the Yoast SEO Premium plugin v26.6 (Yoast SEO v27.1.1) - https:\/\/yoast.com\/product\/yoast-seo-premium-wordpress\/ -->\n<title>Minikler Oyuncak M\u00fczesi&#039;nde bulu\u015fuyor - Av. Deniz Can K\u0131z\u0131l<\/title>\n<meta name=\"robots\" content=\"index, follow, max-snippet:-1, max-image-preview:large, max-video-preview:-1\" \/>\n<link rel=\"canonical\" href=\"https:\/\/denizcankizil.tr\/ru\/haberler\/gundem\/minikler-oyuncak-muzesinde-bulusuyor\/\" \/>\n<meta property=\"og:locale\" content=\"ru_RU\" \/>\n<meta property=\"og:type\" content=\"article\" \/>\n<meta property=\"og:title\" content=\"Minikler Oyuncak M\u00fczesi&#039;nde bulu\u015fuyor\" \/>\n<meta property=\"og:description\" content=\"Kocaeli \u0130zmit Belediyesi, Oyuncak M\u00fczesi\u2019nde d\u00fczenledi\u011fi yarat\u0131c\u0131 at\u00f6lye etkinlikleriyle \u00e7ocuklara keyifli ve \u00f6\u011fretici bir deneyim sunuyor.KOCAEL\u0130 (\u0130GFA) &#8211; Kocaeli\u00a0\u0130zmit Belediyesinin Kapanca Sokak\u2019ta hayata ge\u00e7irdi\u011fi Oyuncak M\u00fczesi, her hafta sonu \u00e7ocuk sesleriyle \u015fenleniyor. \u00c7ocuklar\u0131n yarat\u0131c\u0131l\u0131klar\u0131n\u0131 geli\u015ftirecek etkinliklerin d\u00fczenledi\u011fi Oyuncak M\u00fczesi\u2019nde 19 \u2013 20 Nisan tarihlerinde \u201cResim Galerisindeyim At\u00f6lyesi\u201d ve \u201cKe\u00e7eden Pel\u00fc\u015f Oyuncak At\u00f6lyesi\u201d ger\u00e7ekle\u015ftirilecek. 19 Nisan Cumartesi g\u00fcn\u00fc saat 11.00\u2019de 4-5-6 ya\u015f grubu, saat 15.00\u2019te 7-8-9 ya\u015f grubu, 20 Nisan Pazar g\u00fcn\u00fc saat 11.00\u2019de 9-10-11 ya\u015f grubu ile \u201cResim Galerisindeyim At\u00f6lyesi\u201d ger\u00e7ekle\u015ftirilecek.\u00a0 20 K\u0130\u015e\u0130L\u0130K KONTENJANLAR 20 ki\u015filik \u00f6\u011frenci kontenjanlar\u0131 ayr\u0131lan Antik D\u00f6nem\u2019 in 7 Harikas\u0131 temal\u0131 Resim Galerisindeyim At\u00f6lyesi\u2019nde Keops Piramidi, Babil\u2019in Asma Bah\u00e7eleri, Artemis Tap\u0131na\u011f\u0131, Zeus Heykeli, Rodos Heykeli, \u0130skenderiye Feneri ve Halikarnas Mozolesinin g\u00f6rselleri \u0130zmit Oyuncak M\u00fczesi 3. Kat interaktif alanda sergilenecek. Olu\u015fturulacak k\u00fc\u00e7\u00fck \u00e7al\u0131\u015fma gruplar\u0131nda eserlerin kendilerinde hissettirdikleri ile ortak bir resim \u00e7al\u0131\u015fmas\u0131 ger\u00e7ekle\u015ftirecek.\u00a0 KE\u00c7EDEN PEL\u00dc\u015e OYUNCAK AT\u00d6LYES\u0130 20 Nisan Pazar g\u00fcn\u00fc saat 15.00\u2019te 9-10-11 ya\u015f grubu ile \u201cKe\u00e7eden Pel\u00fc\u015f Oyuncak At\u00f6lyesi\u201d ger\u00e7ekle\u015ftirilecek. At\u00f6lyede i\u00e7 dolgu malzemesi olarak art\u0131k ke\u00e7eler, ana malzeme olarak ke\u00e7e, \u00f6\u011fretmen kontrol\u00fcnde diki\u015f malzemeleri, \u00e7e\u015fitli boncuklar ve d\u00fc\u011fmeler kullan\u0131lacak. At\u00f6lyede \u0130zmit Oyuncak M\u00fczesinde \u00e7ocuklar\u0131n pel\u00fc\u015f oyuncak \u00fcretimi yapmas\u0131, ince motor becerileri, el-g\u00f6z koordinasyonlar\u0131 ve yarat\u0131c\u0131l\u0131klar\u0131n\u0131n geli\u015ftirilmesi hedefleniyor.\u00a0 \u200bKocaeli \u0130zmit Belediyesi, Oyuncak M\u00fczesi\u2019nde d\u00fczenledi\u011fi yarat\u0131c\u0131 &hellip;\" \/>\n<meta property=\"og:url\" content=\"https:\/\/denizcankizil.tr\/ru\/haberler\/gundem\/minikler-oyuncak-muzesinde-bulusuyor\/\" \/>\n<meta property=\"og:site_name\" content=\"Av. Deniz Can K\u0131z\u0131l\" \/>\n<meta property=\"article:published_time\" content=\"2025-04-17T14:42:16+00:00\" \/>\n<meta name=\"author\" content=\"admin\" \/>\n<meta name=\"twitter:card\" content=\"summary_large_image\" \/>\n<meta name=\"twitter:label1\" content=\"\u041d\u0430\u043f\u0438\u0441\u0430\u043d\u043e \u0430\u0432\u0442\u043e\u0440\u043e\u043c\" \/>\n\t<meta name=\"twitter:data1\" content=\"admin\" \/>\n\t<meta name=\"twitter:label2\" content=\"\u041f\u0440\u0438\u043c\u0435\u0440\u043d\u043e\u0435 \u0432\u0440\u0435\u043c\u044f \u0434\u043b\u044f \u0447\u0442\u0435\u043d\u0438\u044f\" \/>\n\t<meta name=\"twitter:data2\" content=\"3 \u043c\u0438\u043d\u0443\u0442\u044b\" \/>\n<script type=\"application\/ld+json\" class=\"yoast-schema-graph\">{\"@context\":\"https:\/\/schema.org\",\"@graph\":[{\"@type\":\"Article\",\"@id\":\"https:\/\/denizcankizil.tr\/ru\/haberler\/gundem\/minikler-oyuncak-muzesinde-bulusuyor\/#article\",\"isPartOf\":{\"@id\":\"https:\/\/denizcankizil.tr\/ru\/haberler\/gundem\/minikler-oyuncak-muzesinde-bulusuyor\/\"},\"author\":{\"name\":\"admin\",\"@id\":\"https:\/\/denizcankizil.tr\/#\/schema\/person\/be3c05fe6a12686905512445d8185489\"},\"headline\":\"Minikler Oyuncak M\u00fczesi&#8217;nde bulu\u015fuyor\",\"datePublished\":\"2025-04-17T14:42:16+00:00\",\"mainEntityOfPage\":{\"@id\":\"https:\/\/denizcankizil.tr\/ru\/haberler\/gundem\/minikler-oyuncak-muzesinde-bulusuyor\/\"},\"wordCount\":541,\"publisher\":{\"@id\":\"https:\/\/denizcankizil.tr\/#organization\"},\"articleSection\":[\"G\u00fcndem\"],\"inLanguage\":\"ru-RU\"},{\"@type\":\"WebPage\",\"@id\":\"https:\/\/denizcankizil.tr\/ru\/haberler\/gundem\/minikler-oyuncak-muzesinde-bulusuyor\/\",\"url\":\"https:\/\/denizcankizil.tr\/ru\/haberler\/gundem\/minikler-oyuncak-muzesinde-bulusuyor\/\",\"name\":\"Minikler Oyuncak M\u00fczesi'nde bulu\u015fuyor - Av. Deniz Can K\u0131z\u0131l\",\"isPartOf\":{\"@id\":\"https:\/\/denizcankizil.tr\/#website\"},\"datePublished\":\"2025-04-17T14:42:16+00:00\",\"breadcrumb\":{\"@id\":\"https:\/\/denizcankizil.tr\/ru\/haberler\/gundem\/minikler-oyuncak-muzesinde-bulusuyor\/#breadcrumb\"},\"inLanguage\":\"ru-RU\",\"potentialAction\":[{\"@type\":\"ReadAction\",\"target\":[\"https:\/\/denizcankizil.tr\/ru\/haberler\/gundem\/minikler-oyuncak-muzesinde-bulusuyor\/\"]}]},{\"@type\":\"BreadcrumbList\",\"@id\":\"https:\/\/denizcankizil.tr\/ru\/haberler\/gundem\/minikler-oyuncak-muzesinde-bulusuyor\/#breadcrumb\",\"itemListElement\":[{\"@type\":\"ListItem\",\"position\":1,\"name\":\"Home\",\"item\":\"https:\/\/denizcankizil.tr\/de\/\"},{\"@type\":\"ListItem\",\"position\":2,\"name\":\"Minikler Oyuncak M\u00fczesi&#8217;nde bulu\u015fuyor\"}]},{\"@type\":\"WebSite\",\"@id\":\"https:\/\/denizcankizil.tr\/#website\",\"url\":\"https:\/\/denizcankizil.tr\/\",\"name\":\"Av. Deniz Can K\u0131z\u0131l\",\"description\":\"Avukat Deniz Can K\u0131z\u0131l Antalya Barosu\",\"publisher\":{\"@id\":\"https:\/\/denizcankizil.tr\/#organization\"},\"potentialAction\":[{\"@type\":\"SearchAction\",\"target\":{\"@type\":\"EntryPoint\",\"urlTemplate\":\"https:\/\/denizcankizil.tr\/?s={search_term_string}\"},\"query-input\":{\"@type\":\"PropertyValueSpecification\",\"valueRequired\":true,\"valueName\":\"search_term_string\"}}],\"inLanguage\":\"ru-RU\"},{\"@type\":\"Organization\",\"@id\":\"https:\/\/denizcankizil.tr\/#organization\",\"name\":\"Av. Deniz Can K\u0131z\u0131l\",\"url\":\"https:\/\/denizcankizil.tr\/\",\"logo\":{\"@type\":\"ImageObject\",\"inLanguage\":\"ru-RU\",\"@id\":\"https:\/\/denizcankizil.tr\/#\/schema\/logo\/image\/\",\"url\":\"https:\/\/denizcankizil.tr\/wp-content\/uploads\/2024\/10\/siyah-logo-svg.svg\",\"contentUrl\":\"https:\/\/denizcankizil.tr\/wp-content\/uploads\/2024\/10\/siyah-logo-svg.svg\",\"width\":1080,\"height\":1080,\"caption\":\"Av. Deniz Can K\u0131z\u0131l\"},\"image\":{\"@id\":\"https:\/\/denizcankizil.tr\/#\/schema\/logo\/image\/\"}},{\"@type\":\"Person\",\"@id\":\"https:\/\/denizcankizil.tr\/#\/schema\/person\/be3c05fe6a12686905512445d8185489\",\"name\":\"admin\",\"image\":{\"@type\":\"ImageObject\",\"inLanguage\":\"ru-RU\",\"@id\":\"https:\/\/denizcankizil.tr\/#\/schema\/person\/image\/\",\"url\":\"https:\/\/secure.gravatar.com\/avatar\/c1fce94c830dc79107e174f890d7210541c4a63e8e5d816341794a2151c9d58c?s=96&d=mm&r=g\",\"contentUrl\":\"https:\/\/secure.gravatar.com\/avatar\/c1fce94c830dc79107e174f890d7210541c4a63e8e5d816341794a2151c9d58c?s=96&d=mm&r=g\",\"caption\":\"admin\"},\"sameAs\":[\"http:\/\/denizcankizil.tr\"],\"url\":\"https:\/\/www.iskenderun.org\/minikler-oyuncak-muzesinde-bulusuyor\"}]}<\/script>\n<!-- \/ Yoast SEO Premium plugin. -->","yoast_head_json":{"title":"Minikler Oyuncak M\u00fczesi'nde bulu\u015fuyor - Av. Deniz Can K\u0131z\u0131l","robots":{"index":"index","follow":"follow","max-snippet":"max-snippet:-1","max-image-preview":"max-image-preview:large","max-video-preview":"max-video-preview:-1"},"canonical":"https:\/\/denizcankizil.tr\/ru\/haberler\/gundem\/minikler-oyuncak-muzesinde-bulusuyor\/","og_locale":"ru_RU","og_type":"article","og_title":"Minikler Oyuncak M\u00fczesi'nde bulu\u015fuyor","og_description":"Kocaeli \u0130zmit Belediyesi, Oyuncak M\u00fczesi\u2019nde d\u00fczenledi\u011fi yarat\u0131c\u0131 at\u00f6lye etkinlikleriyle \u00e7ocuklara keyifli ve \u00f6\u011fretici bir deneyim sunuyor.KOCAEL\u0130 (\u0130GFA) &#8211; Kocaeli\u00a0\u0130zmit Belediyesinin Kapanca Sokak\u2019ta hayata ge\u00e7irdi\u011fi Oyuncak M\u00fczesi, her hafta sonu \u00e7ocuk sesleriyle \u015fenleniyor. \u00c7ocuklar\u0131n yarat\u0131c\u0131l\u0131klar\u0131n\u0131 geli\u015ftirecek etkinliklerin d\u00fczenledi\u011fi Oyuncak M\u00fczesi\u2019nde 19 \u2013 20 Nisan tarihlerinde \u201cResim Galerisindeyim At\u00f6lyesi\u201d ve \u201cKe\u00e7eden Pel\u00fc\u015f Oyuncak At\u00f6lyesi\u201d ger\u00e7ekle\u015ftirilecek. 19 Nisan Cumartesi g\u00fcn\u00fc saat 11.00\u2019de 4-5-6 ya\u015f grubu, saat 15.00\u2019te 7-8-9 ya\u015f grubu, 20 Nisan Pazar g\u00fcn\u00fc saat 11.00\u2019de 9-10-11 ya\u015f grubu ile \u201cResim Galerisindeyim At\u00f6lyesi\u201d ger\u00e7ekle\u015ftirilecek.\u00a0 20 K\u0130\u015e\u0130L\u0130K KONTENJANLAR 20 ki\u015filik \u00f6\u011frenci kontenjanlar\u0131 ayr\u0131lan Antik D\u00f6nem\u2019 in 7 Harikas\u0131 temal\u0131 Resim Galerisindeyim At\u00f6lyesi\u2019nde Keops Piramidi, Babil\u2019in Asma Bah\u00e7eleri, Artemis Tap\u0131na\u011f\u0131, Zeus Heykeli, Rodos Heykeli, \u0130skenderiye Feneri ve Halikarnas Mozolesinin g\u00f6rselleri \u0130zmit Oyuncak M\u00fczesi 3. Kat interaktif alanda sergilenecek. Olu\u015fturulacak k\u00fc\u00e7\u00fck \u00e7al\u0131\u015fma gruplar\u0131nda eserlerin kendilerinde hissettirdikleri ile ortak bir resim \u00e7al\u0131\u015fmas\u0131 ger\u00e7ekle\u015ftirecek.\u00a0 KE\u00c7EDEN PEL\u00dc\u015e OYUNCAK AT\u00d6LYES\u0130 20 Nisan Pazar g\u00fcn\u00fc saat 15.00\u2019te 9-10-11 ya\u015f grubu ile \u201cKe\u00e7eden Pel\u00fc\u015f Oyuncak At\u00f6lyesi\u201d ger\u00e7ekle\u015ftirilecek. At\u00f6lyede i\u00e7 dolgu malzemesi olarak art\u0131k ke\u00e7eler, ana malzeme olarak ke\u00e7e, \u00f6\u011fretmen kontrol\u00fcnde diki\u015f malzemeleri, \u00e7e\u015fitli boncuklar ve d\u00fc\u011fmeler kullan\u0131lacak. At\u00f6lyede \u0130zmit Oyuncak M\u00fczesinde \u00e7ocuklar\u0131n pel\u00fc\u015f oyuncak \u00fcretimi yapmas\u0131, ince motor becerileri, el-g\u00f6z koordinasyonlar\u0131 ve yarat\u0131c\u0131l\u0131klar\u0131n\u0131n geli\u015ftirilmesi hedefleniyor.\u00a0 \u200bKocaeli \u0130zmit Belediyesi, Oyuncak M\u00fczesi\u2019nde d\u00fczenledi\u011fi yarat\u0131c\u0131 &hellip;","og_url":"https:\/\/denizcankizil.tr\/ru\/haberler\/gundem\/minikler-oyuncak-muzesinde-bulusuyor\/","og_site_name":"Av. Deniz Can K\u0131z\u0131l","article_published_time":"2025-04-17T14:42:16+00:00","author":"admin","twitter_card":"summary_large_image","twitter_misc":{"\u041d\u0430\u043f\u0438\u0441\u0430\u043d\u043e \u0430\u0432\u0442\u043e\u0440\u043e\u043c":"admin","\u041f\u0440\u0438\u043c\u0435\u0440\u043d\u043e\u0435 \u0432\u0440\u0435\u043c\u044f \u0434\u043b\u044f \u0447\u0442\u0435\u043d\u0438\u044f":"3 \u043c\u0438\u043d\u0443\u0442\u044b"},"schema":{"@context":"https:\/\/schema.org","@graph":[{"@type":"Article","@id":"https:\/\/denizcankizil.tr\/ru\/haberler\/gundem\/minikler-oyuncak-muzesinde-bulusuyor\/#article","isPartOf":{"@id":"https:\/\/denizcankizil.tr\/ru\/haberler\/gundem\/minikler-oyuncak-muzesinde-bulusuyor\/"},"author":{"name":"admin","@id":"https:\/\/denizcankizil.tr\/#\/schema\/person\/be3c05fe6a12686905512445d8185489"},"headline":"Minikler Oyuncak M\u00fczesi&#8217;nde bulu\u015fuyor","datePublished":"2025-04-17T14:42:16+00:00","mainEntityOfPage":{"@id":"https:\/\/denizcankizil.tr\/ru\/haberler\/gundem\/minikler-oyuncak-muzesinde-bulusuyor\/"},"wordCount":541,"publisher":{"@id":"https:\/\/denizcankizil.tr\/#organization"},"articleSection":["G\u00fcndem"],"inLanguage":"ru-RU"},{"@type":"WebPage","@id":"https:\/\/denizcankizil.tr\/ru\/haberler\/gundem\/minikler-oyuncak-muzesinde-bulusuyor\/","url":"https:\/\/denizcankizil.tr\/ru\/haberler\/gundem\/minikler-oyuncak-muzesinde-bulusuyor\/","name":"Minikler Oyuncak M\u00fczesi'nde bulu\u015fuyor - Av. Deniz Can K\u0131z\u0131l","isPartOf":{"@id":"https:\/\/denizcankizil.tr\/#website"},"datePublished":"2025-04-17T14:42:16+00:00","breadcrumb":{"@id":"https:\/\/denizcankizil.tr\/ru\/haberler\/gundem\/minikler-oyuncak-muzesinde-bulusuyor\/#breadcrumb"},"inLanguage":"ru-RU","potentialAction":[{"@type":"ReadAction","target":["https:\/\/denizcankizil.tr\/ru\/haberler\/gundem\/minikler-oyuncak-muzesinde-bulusuyor\/"]}]},{"@type":"BreadcrumbList","@id":"https:\/\/denizcankizil.tr\/ru\/haberler\/gundem\/minikler-oyuncak-muzesinde-bulusuyor\/#breadcrumb","itemListElement":[{"@type":"ListItem","position":1,"name":"Home","item":"https:\/\/denizcankizil.tr\/de\/"},{"@type":"ListItem","position":2,"name":"Minikler Oyuncak M\u00fczesi&#8217;nde bulu\u015fuyor"}]},{"@type":"WebSite","@id":"https:\/\/denizcankizil.tr\/#website","url":"https:\/\/denizcankizil.tr\/","name":"Av. Deniz Can K\u0131z\u0131l","description":"Avukat Deniz Can K\u0131z\u0131l Antalya Barosu","publisher":{"@id":"https:\/\/denizcankizil.tr\/#organization"},"potentialAction":[{"@type":"SearchAction","target":{"@type":"EntryPoint","urlTemplate":"https:\/\/denizcankizil.tr\/?s={search_term_string}"},"query-input":{"@type":"PropertyValueSpecification","valueRequired":true,"valueName":"search_term_string"}}],"inLanguage":"ru-RU"},{"@type":"Organization","@id":"https:\/\/denizcankizil.tr\/#organization","name":"Av. Deniz Can K\u0131z\u0131l","url":"https:\/\/denizcankizil.tr\/","logo":{"@type":"ImageObject","inLanguage":"ru-RU","@id":"https:\/\/denizcankizil.tr\/#\/schema\/logo\/image\/","url":"https:\/\/denizcankizil.tr\/wp-content\/uploads\/2024\/10\/siyah-logo-svg.svg","contentUrl":"https:\/\/denizcankizil.tr\/wp-content\/uploads\/2024\/10\/siyah-logo-svg.svg","width":1080,"height":1080,"caption":"Av. Deniz Can K\u0131z\u0131l"},"image":{"@id":"https:\/\/denizcankizil.tr\/#\/schema\/logo\/image\/"}},{"@type":"Person","@id":"https:\/\/denizcankizil.tr\/#\/schema\/person\/be3c05fe6a12686905512445d8185489","name":"\u0430\u0434\u043c\u0438\u043d","image":{"@type":"ImageObject","inLanguage":"ru-RU","@id":"https:\/\/denizcankizil.tr\/#\/schema\/person\/image\/","url":"https:\/\/secure.gravatar.com\/avatar\/c1fce94c830dc79107e174f890d7210541c4a63e8e5d816341794a2151c9d58c?s=96&d=mm&r=g","contentUrl":"https:\/\/secure.gravatar.com\/avatar\/c1fce94c830dc79107e174f890d7210541c4a63e8e5d816341794a2151c9d58c?s=96&d=mm&r=g","caption":"admin"},"sameAs":["http:\/\/denizcankizil.tr"],"url":"https:\/\/www.iskenderun.org\/minikler-oyuncak-muzesinde-bulusuyor"}]}},"_links":{"self":[{"href":"https:\/\/denizcankizil.tr\/ru\/wp-json\/wp\/v2\/posts\/58631","targetHints":{"allow":["GET"]}}],"collection":[{"href":"https:\/\/denizcankizil.tr\/ru\/wp-json\/wp\/v2\/posts"}],"about":[{"href":"https:\/\/denizcankizil.tr\/ru\/wp-json\/wp\/v2\/types\/post"}],"author":[{"embeddable":true,"href":"https:\/\/denizcankizil.tr\/ru\/wp-json\/wp\/v2\/users\/1"}],"replies":[{"embeddable":true,"href":"https:\/\/denizcankizil.tr\/ru\/wp-json\/wp\/v2\/comments?post=58631"}],"version-history":[{"count":0,"href":"https:\/\/denizcankizil.tr\/ru\/wp-json\/wp\/v2\/posts\/58631\/revisions"}],"wp:attachment":[{"href":"https:\/\/denizcankizil.tr\/ru\/wp-json\/wp\/v2\/media?parent=58631"}],"wp:term":[{"taxonomy":"category","embeddable":true,"href":"https:\/\/denizcankizil.tr\/ru\/wp-json\/wp\/v2\/categories?post=58631"},{"taxonomy":"post_tag","embeddable":true,"href":"https:\/\/denizcankizil.tr\/ru\/wp-json\/wp\/v2\/tags?post=58631"}],"curies":[{"name":"wp","href":"https:\/\/api.w.org\/{rel}","templated":true}]}}