{"id":58352,"date":"2025-04-17T11:41:23","date_gmt":"2025-04-17T08:41:23","guid":{"rendered":"https:\/\/denizcankizil.tr\/uncategorized-tr\/antalya-arkeoloji-muzesi-tbmm-gundeminde\/"},"modified":"2025-04-17T11:41:23","modified_gmt":"2025-04-17T08:41:23","slug":"antalya-arkeoloji-muzesi-tbmm-gundeminde","status":"publish","type":"post","link":"https:\/\/denizcankizil.tr\/ru\/haberler\/gundem\/antalya-arkeoloji-muzesi-tbmm-gundeminde\/","title":{"rendered":"Antalya Arkeoloji M\u00fczesi, TBMM g\u00fcndeminde"},"content":{"rendered":"<p>Cumhuriyet Halk Partisi Antalya Milletvekili Aliye Co\u015far, depreme dayan\u0131ks\u0131z oldu\u011fu gerek\u00e7esi ile y\u0131k\u0131lmak istenen Antalya Arkeoloji M\u00fczesi\u2019ni verdi\u011fi soru \u00f6nergesi ile TBMM g\u00fcndemine ta\u015f\u0131d\u0131. K\u00fclt\u00fcr ve Turizm Bakan\u0131 Mehmet Nuri Ersoy\u2019un yan\u0131tlamas\u0131 istemiyle soru \u00f6nergesi veren CHP\u2019li Co\u015far, Antalya Arkeoloji M\u00fczesi\u2019nin y\u0131k\u0131lma \u00e7abas\u0131n\u0131n AKP\u2019nin yine yanda\u015flar\u0131na verdi\u011fi yeni rant projelerinin devam\u0131 oldu\u011funu ifade etti.<\/p>\n<p>KENT\u0130N \u0130LK M\u00dcZES\u0130 <\/p>\n<p>Antalya Arkeoloji M\u00fczesi\u2019nin Antalya\u2019n\u0131n ilk m\u00fczesi oldu\u011funa ve mimarisi ile yurt d\u0131\u015f\u0131ndan \u00f6d\u00fcllere lay\u0131k g\u00f6r\u00fcld\u00fc\u011f\u00fcne dikkat \u00e7eken Co\u015far, \u201c\u00dclkemizin ulusal proje yar\u0131\u015fmas\u0131yla in\u015fa edilen ilk m\u00fczesi olan ve 1988\u2019de Avrupa Konseyi \u00d6zel \u00d6d\u00fcl\u00fc\u2019ne lay\u0131k g\u00f6r\u00fclen Antalya ile \u00f6zde\u015fle\u015fen, kentin simgesi olan ve hizmete girdi\u011fi g\u00fcnden g\u00fcn\u00fcm\u00fcze milyonlarca ziyaret\u00e7inin geldi\u011fi, \u00e7ok say\u0131da konferans, sergi ve etkinli\u011finde yap\u0131ld\u0131\u011f\u0131 Antalya Arkeoloji M\u00fczesi depreme dayan\u0131ks\u0131z oldu\u011fu gerek\u00e7esi ile y\u0131k\u0131laca\u011f\u0131 ve yerine yanda\u015f bir firma taraf\u0131ndan yap\u0131lan proje ile yeni m\u00fcze binas\u0131 in\u015fa edilece\u011fi iddia edilmektedir. Kentin tarihi dokusuna ve ge\u00e7mi\u015fine sahip \u00e7\u0131kan sivil toplum kurulu\u015flar\u0131ndan olan Antalya K\u00fclt\u00fcrel Miras Derne\u011fi, Antalya Arkeoloji M\u00fczesi\u2019nin k\u00fclt\u00fcr varl\u0131\u011f\u0131 olarak koruma alt\u0131na al\u0131nmas\u0131 talebiyle Antalya K\u00fclt\u00fcr Varl\u0131klar\u0131n\u0131 Koruma B\u00f6lge Kurulu\u2019na yapt\u0131\u011f\u0131 ba\u015fvurularda ne yaz\u0131k ki olumsuz sonu\u00e7lanm\u0131\u015ft\u0131r\u201d dedi.<\/p>\n<p>\u201cKENT\u0130N HAFIZASINA B\u0130R DARBED\u0130R\u201d<\/p>\n<p>Antalya Arkeoloji M\u00fczesi\u2019nin y\u0131k\u0131lmas\u0131n\u0131n kent haf\u0131zas\u0131na vuru\u015fulacak bir darbe oldu\u011funu vurgulayan Co\u015far, \u201cAntalya Arkeoloji M\u00fczesi\u2019nin \u00f6d\u00fcll\u00fc \u00f6zg\u00fcn mimarisinin korunarak restorasyonu ve depreme kar\u015f\u0131 g\u00fc\u00e7lendirilmesi yap\u0131larak koruma alt\u0131na al\u0131nmas\u0131 m\u00fcmk\u00fcnken, rant ve Cumhuriyetimizin \u00e7a\u011fda\u015f mimari \u00f6rne\u011fini yok etmek amac\u0131yla depreme dayan\u0131ks\u0131zl\u0131k gerek\u00e7esi ile Antalya Arkeoloji M\u00fczesi\u2019nin y\u0131k\u0131lmas\u0131 kentin haf\u0131zas\u0131na vurulacak k\u00fclt\u00fcrel bir darbedir. \u0130n\u015faat M\u00fchendisleri Odas\u0131 gibi ilgili meslek odalar\u0131 ile dahi mevcut m\u00fczenin yap\u0131 durumuna dair raporlar\u0131n payla\u015f\u0131lmad\u0131\u011f\u0131 bilinmekte, ilgili meslek kurulu\u015flar\u0131n\u0131n mevcut proje maliyetini y\u00fcksek buldu\u011fu ve mevcut m\u00fczenin g\u00fc\u00e7lendirilmesinin m\u00fcmk\u00fcn oldu\u011fu a\u00e7\u0131klamalar\u0131 kamuoyuna yans\u0131m\u0131\u015ft\u0131r. Mimarlarda Antalya Arkeoloji M\u00fczesi\u2019nin korunmas\u0131 gerekti\u011fini belirtmektedir. Antalya kamuoyu Antalya Arkeoloji M\u00fczesi\u2019nin y\u0131k\u0131lma karar\u0131n\u0131 kayg\u0131 ile takip etmekte ve bu yanl\u0131\u015f karardan vazge\u00e7ilmesini beklemektedir\u201d diye konu\u015ftu.<\/p>\n<p>\u201cYIKIM KARARININ ALTINDA RANT VAR\u201d<\/p>\n<p>Arkeoloji M\u00fczesi\u2019nin restore etmek yerine y\u0131k\u0131lmas\u0131n\u0131n alt\u0131nda bir rant kap\u0131s\u0131 oldu\u011funu iddia eden Co\u015far, \u201cAKP iktidar\u0131 kentin tarihi ve k\u00fclt\u00fcrel haf\u0131zas\u0131n\u0131 yok etmek, yenisini yapma iddias\u0131 ile yeni rant kap\u0131lar\u0131 a\u00e7mak \u00fczerine kurulu bir d\u00fczen yaratm\u0131\u015ft\u0131r. K\u00fclt\u00fcr ve Turizm Bakan\u0131\u2019na ait otelin mimar\u0131 yeni m\u00fczenin projesini yap\u0131yor. \u00d6d\u00fcll\u00fc mimariye sahip m\u00fcze binas\u0131 yerine, yanda\u015flar \u00f6d\u00fcllendiriyor. 2 bu\u00e7uk milyar lira maliyetle yeni m\u00fcze binas\u0131 yapmak yerine, mevcut m\u00fczeyi depreme kar\u015f\u0131 g\u00fc\u00e7lendirmek ve restore etmek K\u00fclt\u00fcr ve Turizm Bakanl\u0131\u011f\u0131\u2019n\u0131n g\u00fcndemine gelmiyor. Kentin k\u00fclt\u00fcrel varl\u0131klar\u0131na sahip \u00e7\u0131kan Antalya halk\u0131 ve sivil toplum kurulu\u015flar\u0131n\u0131 yok sayan siyasi iktidar\u0131n atanm\u0131\u015f bakanlar\u0131 ve b\u00fcrokratlar\u0131 tarihimize dair yanl\u0131\u015f kararlar\u0131n alt\u0131na imza at\u0131yor. Antalya AKP iktidar\u0131n\u0131n talan ve rant i\u00e7in tarihini, do\u011fas\u0131n\u0131 ve k\u00fclt\u00fcr\u00fcn\u00fc yok edebilece\u011fi bir yer de\u011fildir. Antalya halk\u0131 tarihine, k\u00fclt\u00fcrel miras\u0131n\u0131 korumaya ve ona sahip \u00e7\u0131kmaya devam edecektir\u201d ifadelerini kulland\u0131.<\/p>\n<p>\u200bCHP Antalya Milletvekili Aliye Co\u015far, Antalya\u2019n\u0131n ilk m\u00fczesi ve kent tarihi i\u00e7in son derece \u00f6nemli olan Antalya Arkeoloji M\u00fczesi\u2019nin y\u0131k\u0131lma karar\u0131n\u0131 TBMM g\u00fcndemine ta\u015f\u0131d\u0131. Co\u015far, K\u00fclt\u00fcr ve Turizm Bakan\u0131 Mehmet Nuri Ersoy\u2019un yan\u0131tlamas\u0131 istemiyle verdi\u011fi soru \u00f6nergesinde, \u201cAntalya AKP iktidar\u0131n\u0131n talan ve rant i\u00e7in tarihini, do\u011fas\u0131n\u0131 ve k\u00fclt\u00fcr\u00fcn\u00fc yok edebilece\u011fi bir yer de\u011fildir\u201d dedi.\u00a0<\/p>\n<p>\u200bHaberin Al\u0131nt\u0131land\u0131\u011f\u0131 Kaynak: www.antalyakorfez.com<\/p>","protected":false},"excerpt":{"rendered":"<p>Cumhuriyet Halk Partisi Antalya Milletvekili Aliye Co\u015far, depreme dayan\u0131ks\u0131z oldu\u011fu gerek\u00e7esi ile y\u0131k\u0131lmak istenen Antalya Arkeoloji M\u00fczesi\u2019ni verdi\u011fi soru \u00f6nergesi ile TBMM g\u00fcndemine ta\u015f\u0131d\u0131. K\u00fclt\u00fcr ve Turizm Bakan\u0131 Mehmet Nuri Ersoy\u2019un yan\u0131tlamas\u0131 istemiyle soru \u00f6nergesi veren CHP\u2019li Co\u015far, Antalya Arkeoloji M\u00fczesi\u2019nin y\u0131k\u0131lma \u00e7abas\u0131n\u0131n AKP\u2019nin yine yanda\u015flar\u0131na verdi\u011fi yeni rant projelerinin devam\u0131 oldu\u011funu ifade etti. KENT\u0130N \u0130LK M\u00dcZES\u0130 Antalya Arkeoloji M\u00fczesi\u2019nin Antalya\u2019n\u0131n ilk m\u00fczesi oldu\u011funa ve mimarisi ile yurt d\u0131\u015f\u0131ndan \u00f6d\u00fcllere lay\u0131k g\u00f6r\u00fcld\u00fc\u011f\u00fcne dikkat \u00e7eken Co\u015far, \u201c\u00dclkemizin ulusal proje yar\u0131\u015fmas\u0131yla in\u015fa edilen ilk m\u00fczesi olan ve 1988\u2019de Avrupa Konseyi \u00d6zel \u00d6d\u00fcl\u00fc\u2019ne lay\u0131k g\u00f6r\u00fclen Antalya ile \u00f6zde\u015fle\u015fen, kentin simgesi olan ve hizmete girdi\u011fi g\u00fcnden g\u00fcn\u00fcm\u00fcze milyonlarca ziyaret\u00e7inin geldi\u011fi, \u00e7ok say\u0131da konferans, sergi ve etkinli\u011finde yap\u0131ld\u0131\u011f\u0131 Antalya Arkeoloji M\u00fczesi depreme dayan\u0131ks\u0131z oldu\u011fu gerek\u00e7esi ile y\u0131k\u0131laca\u011f\u0131 ve yerine yanda\u015f bir firma taraf\u0131ndan yap\u0131lan proje ile yeni m\u00fcze binas\u0131 in\u015fa edilece\u011fi iddia edilmektedir. Kentin tarihi dokusuna ve ge\u00e7mi\u015fine sahip \u00e7\u0131kan sivil toplum kurulu\u015flar\u0131ndan olan Antalya K\u00fclt\u00fcrel Miras Derne\u011fi, Antalya Arkeoloji M\u00fczesi\u2019nin k\u00fclt\u00fcr varl\u0131\u011f\u0131 olarak koruma alt\u0131na al\u0131nmas\u0131 talebiyle Antalya K\u00fclt\u00fcr Varl\u0131klar\u0131n\u0131 Koruma B\u00f6lge Kurulu\u2019na yapt\u0131\u011f\u0131 ba\u015fvurularda ne yaz\u0131k ki olumsuz sonu\u00e7lanm\u0131\u015ft\u0131r\u201d dedi. \u201cKENT\u0130N HAFIZASINA B\u0130R DARBED\u0130R\u201d Antalya Arkeoloji M\u00fczesi\u2019nin y\u0131k\u0131lmas\u0131n\u0131n kent haf\u0131zas\u0131na vuru\u015fulacak bir darbe oldu\u011funu vurgulayan Co\u015far, \u201cAntalya Arkeoloji M\u00fczesi\u2019nin \u00f6d\u00fcll\u00fc \u00f6zg\u00fcn mimarisinin korunarak &hellip;<\/p>","protected":false},"author":5,"featured_media":0,"comment_status":"","ping_status":"open","sticky":false,"template":"","format":"standard","meta":{"_acf_changed":false,"footnotes":""},"categories":[24],"tags":[],"class_list":["post-58352","post","type-post","status-publish","format-standard","has-post-thumbnail","hentry","category-gundem"],"acf":[],"yoast_head":"<!-- This site is optimized with the Yoast SEO Premium plugin v26.6 (Yoast SEO v27.1.1) - https:\/\/yoast.com\/product\/yoast-seo-premium-wordpress\/ -->\n<title>Antalya Arkeoloji M\u00fczesi, TBMM g\u00fcndeminde - Av. Deniz Can K\u0131z\u0131l<\/title>\n<meta name=\"robots\" content=\"index, follow, max-snippet:-1, max-image-preview:large, max-video-preview:-1\" \/>\n<link rel=\"canonical\" href=\"https:\/\/denizcankizil.tr\/ru\/haberler\/gundem\/antalya-arkeoloji-muzesi-tbmm-gundeminde\/\" \/>\n<meta property=\"og:locale\" content=\"ru_RU\" \/>\n<meta property=\"og:type\" content=\"article\" \/>\n<meta property=\"og:title\" content=\"Antalya Arkeoloji M\u00fczesi, TBMM g\u00fcndeminde\" \/>\n<meta property=\"og:description\" content=\"Cumhuriyet Halk Partisi Antalya Milletvekili Aliye Co\u015far, depreme dayan\u0131ks\u0131z oldu\u011fu gerek\u00e7esi ile y\u0131k\u0131lmak istenen Antalya Arkeoloji M\u00fczesi\u2019ni verdi\u011fi soru \u00f6nergesi ile TBMM g\u00fcndemine ta\u015f\u0131d\u0131. K\u00fclt\u00fcr ve Turizm Bakan\u0131 Mehmet Nuri Ersoy\u2019un yan\u0131tlamas\u0131 istemiyle soru \u00f6nergesi veren CHP\u2019li Co\u015far, Antalya Arkeoloji M\u00fczesi\u2019nin y\u0131k\u0131lma \u00e7abas\u0131n\u0131n AKP\u2019nin yine yanda\u015flar\u0131na verdi\u011fi yeni rant projelerinin devam\u0131 oldu\u011funu ifade etti. KENT\u0130N \u0130LK M\u00dcZES\u0130 Antalya Arkeoloji M\u00fczesi\u2019nin Antalya\u2019n\u0131n ilk m\u00fczesi oldu\u011funa ve mimarisi ile yurt d\u0131\u015f\u0131ndan \u00f6d\u00fcllere lay\u0131k g\u00f6r\u00fcld\u00fc\u011f\u00fcne dikkat \u00e7eken Co\u015far, \u201c\u00dclkemizin ulusal proje yar\u0131\u015fmas\u0131yla in\u015fa edilen ilk m\u00fczesi olan ve 1988\u2019de Avrupa Konseyi \u00d6zel \u00d6d\u00fcl\u00fc\u2019ne lay\u0131k g\u00f6r\u00fclen Antalya ile \u00f6zde\u015fle\u015fen, kentin simgesi olan ve hizmete girdi\u011fi g\u00fcnden g\u00fcn\u00fcm\u00fcze milyonlarca ziyaret\u00e7inin geldi\u011fi, \u00e7ok say\u0131da konferans, sergi ve etkinli\u011finde yap\u0131ld\u0131\u011f\u0131 Antalya Arkeoloji M\u00fczesi depreme dayan\u0131ks\u0131z oldu\u011fu gerek\u00e7esi ile y\u0131k\u0131laca\u011f\u0131 ve yerine yanda\u015f bir firma taraf\u0131ndan yap\u0131lan proje ile yeni m\u00fcze binas\u0131 in\u015fa edilece\u011fi iddia edilmektedir. Kentin tarihi dokusuna ve ge\u00e7mi\u015fine sahip \u00e7\u0131kan sivil toplum kurulu\u015flar\u0131ndan olan Antalya K\u00fclt\u00fcrel Miras Derne\u011fi, Antalya Arkeoloji M\u00fczesi\u2019nin k\u00fclt\u00fcr varl\u0131\u011f\u0131 olarak koruma alt\u0131na al\u0131nmas\u0131 talebiyle Antalya K\u00fclt\u00fcr Varl\u0131klar\u0131n\u0131 Koruma B\u00f6lge Kurulu\u2019na yapt\u0131\u011f\u0131 ba\u015fvurularda ne yaz\u0131k ki olumsuz sonu\u00e7lanm\u0131\u015ft\u0131r\u201d dedi. \u201cKENT\u0130N HAFIZASINA B\u0130R DARBED\u0130R\u201d Antalya Arkeoloji M\u00fczesi\u2019nin y\u0131k\u0131lmas\u0131n\u0131n kent haf\u0131zas\u0131na vuru\u015fulacak bir darbe oldu\u011funu vurgulayan Co\u015far, \u201cAntalya Arkeoloji M\u00fczesi\u2019nin \u00f6d\u00fcll\u00fc \u00f6zg\u00fcn mimarisinin korunarak &hellip;\" \/>\n<meta property=\"og:url\" content=\"https:\/\/denizcankizil.tr\/ru\/haberler\/gundem\/antalya-arkeoloji-muzesi-tbmm-gundeminde\/\" \/>\n<meta property=\"og:site_name\" content=\"Av. Deniz Can K\u0131z\u0131l\" \/>\n<meta property=\"article:published_time\" content=\"2025-04-17T08:41:23+00:00\" \/>\n<meta name=\"author\" content=\"Antalya K\u00f6rfez\" \/>\n<meta name=\"twitter:card\" content=\"summary_large_image\" \/>\n<meta name=\"twitter:label1\" content=\"\u041d\u0430\u043f\u0438\u0441\u0430\u043d\u043e \u0430\u0432\u0442\u043e\u0440\u043e\u043c\" \/>\n\t<meta name=\"twitter:data1\" content=\"Antalya K\u00f6rfez\" \/>\n\t<meta name=\"twitter:label2\" content=\"\u041f\u0440\u0438\u043c\u0435\u0440\u043d\u043e\u0435 \u0432\u0440\u0435\u043c\u044f \u0434\u043b\u044f \u0447\u0442\u0435\u043d\u0438\u044f\" \/>\n\t<meta name=\"twitter:data2\" content=\"4 \u043c\u0438\u043d\u0443\u0442\u044b\" \/>\n<script type=\"application\/ld+json\" class=\"yoast-schema-graph\">{\"@context\":\"https:\/\/schema.org\",\"@graph\":[{\"@type\":\"Article\",\"@id\":\"https:\/\/denizcankizil.tr\/ru\/haberler\/gundem\/antalya-arkeoloji-muzesi-tbmm-gundeminde\/#article\",\"isPartOf\":{\"@id\":\"https:\/\/denizcankizil.tr\/ru\/haberler\/gundem\/antalya-arkeoloji-muzesi-tbmm-gundeminde\/\"},\"author\":{\"name\":\"Antalya K\u00f6rfez\",\"@id\":\"https:\/\/denizcankizil.tr\/#\/schema\/person\/e1eb71bb4dd684d46563f0af307e1234\"},\"headline\":\"Antalya Arkeoloji M\u00fczesi, TBMM g\u00fcndeminde\",\"datePublished\":\"2025-04-17T08:41:23+00:00\",\"mainEntityOfPage\":{\"@id\":\"https:\/\/denizcankizil.tr\/ru\/haberler\/gundem\/antalya-arkeoloji-muzesi-tbmm-gundeminde\/\"},\"wordCount\":759,\"publisher\":{\"@id\":\"https:\/\/denizcankizil.tr\/#organization\"},\"articleSection\":[\"G\u00fcndem\"],\"inLanguage\":\"ru-RU\"},{\"@type\":\"WebPage\",\"@id\":\"https:\/\/denizcankizil.tr\/ru\/haberler\/gundem\/antalya-arkeoloji-muzesi-tbmm-gundeminde\/\",\"url\":\"https:\/\/denizcankizil.tr\/ru\/haberler\/gundem\/antalya-arkeoloji-muzesi-tbmm-gundeminde\/\",\"name\":\"Antalya Arkeoloji M\u00fczesi, TBMM g\u00fcndeminde - Av. Deniz Can K\u0131z\u0131l\",\"isPartOf\":{\"@id\":\"https:\/\/denizcankizil.tr\/#website\"},\"datePublished\":\"2025-04-17T08:41:23+00:00\",\"breadcrumb\":{\"@id\":\"https:\/\/denizcankizil.tr\/ru\/haberler\/gundem\/antalya-arkeoloji-muzesi-tbmm-gundeminde\/#breadcrumb\"},\"inLanguage\":\"ru-RU\",\"potentialAction\":[{\"@type\":\"ReadAction\",\"target\":[\"https:\/\/denizcankizil.tr\/ru\/haberler\/gundem\/antalya-arkeoloji-muzesi-tbmm-gundeminde\/\"]}]},{\"@type\":\"BreadcrumbList\",\"@id\":\"https:\/\/denizcankizil.tr\/ru\/haberler\/gundem\/antalya-arkeoloji-muzesi-tbmm-gundeminde\/#breadcrumb\",\"itemListElement\":[{\"@type\":\"ListItem\",\"position\":1,\"name\":\"Home\",\"item\":\"https:\/\/denizcankizil.tr\/de\/\"},{\"@type\":\"ListItem\",\"position\":2,\"name\":\"Antalya Arkeoloji M\u00fczesi, TBMM g\u00fcndeminde\"}]},{\"@type\":\"WebSite\",\"@id\":\"https:\/\/denizcankizil.tr\/#website\",\"url\":\"https:\/\/denizcankizil.tr\/\",\"name\":\"Av. Deniz Can K\u0131z\u0131l\",\"description\":\"Avukat Deniz Can K\u0131z\u0131l Antalya Barosu\",\"publisher\":{\"@id\":\"https:\/\/denizcankizil.tr\/#organization\"},\"potentialAction\":[{\"@type\":\"SearchAction\",\"target\":{\"@type\":\"EntryPoint\",\"urlTemplate\":\"https:\/\/denizcankizil.tr\/?s={search_term_string}\"},\"query-input\":{\"@type\":\"PropertyValueSpecification\",\"valueRequired\":true,\"valueName\":\"search_term_string\"}}],\"inLanguage\":\"ru-RU\"},{\"@type\":\"Organization\",\"@id\":\"https:\/\/denizcankizil.tr\/#organization\",\"name\":\"Av. Deniz Can K\u0131z\u0131l\",\"url\":\"https:\/\/denizcankizil.tr\/\",\"logo\":{\"@type\":\"ImageObject\",\"inLanguage\":\"ru-RU\",\"@id\":\"https:\/\/denizcankizil.tr\/#\/schema\/logo\/image\/\",\"url\":\"https:\/\/denizcankizil.tr\/wp-content\/uploads\/2024\/10\/siyah-logo-svg.svg\",\"contentUrl\":\"https:\/\/denizcankizil.tr\/wp-content\/uploads\/2024\/10\/siyah-logo-svg.svg\",\"width\":1080,\"height\":1080,\"caption\":\"Av. Deniz Can K\u0131z\u0131l\"},\"image\":{\"@id\":\"https:\/\/denizcankizil.tr\/#\/schema\/logo\/image\/\"}},{\"@type\":\"Person\",\"@id\":\"https:\/\/denizcankizil.tr\/#\/schema\/person\/e1eb71bb4dd684d46563f0af307e1234\",\"name\":\"Antalya K\u00f6rfez\",\"image\":{\"@type\":\"ImageObject\",\"inLanguage\":\"ru-RU\",\"@id\":\"https:\/\/denizcankizil.tr\/#\/schema\/person\/image\/\",\"url\":\"https:\/\/secure.gravatar.com\/avatar\/42b01982558a48a0b501fdcab6a408d3717ea5919095ee2e67b0e521799c5905?s=96&d=mm&r=g\",\"contentUrl\":\"https:\/\/secure.gravatar.com\/avatar\/42b01982558a48a0b501fdcab6a408d3717ea5919095ee2e67b0e521799c5905?s=96&d=mm&r=g\",\"caption\":\"Antalya K\u00f6rfez\"},\"sameAs\":[\"http:\/\/www.antalyakorfez.com\"],\"url\":\"https:\/\/www.antalyakorfez.com\/antalya-arkeoloji-muzesi-tbmm-gundeminde\"}]}<\/script>\n<!-- \/ Yoast SEO Premium plugin. -->","yoast_head_json":{"title":"Antalya Arkeoloji M\u00fczesi, TBMM g\u00fcndeminde - Av. Deniz Can K\u0131z\u0131l","robots":{"index":"index","follow":"follow","max-snippet":"max-snippet:-1","max-image-preview":"max-image-preview:large","max-video-preview":"max-video-preview:-1"},"canonical":"https:\/\/denizcankizil.tr\/ru\/haberler\/gundem\/antalya-arkeoloji-muzesi-tbmm-gundeminde\/","og_locale":"ru_RU","og_type":"article","og_title":"Antalya Arkeoloji M\u00fczesi, TBMM g\u00fcndeminde","og_description":"Cumhuriyet Halk Partisi Antalya Milletvekili Aliye Co\u015far, depreme dayan\u0131ks\u0131z oldu\u011fu gerek\u00e7esi ile y\u0131k\u0131lmak istenen Antalya Arkeoloji M\u00fczesi\u2019ni verdi\u011fi soru \u00f6nergesi ile TBMM g\u00fcndemine ta\u015f\u0131d\u0131. K\u00fclt\u00fcr ve Turizm Bakan\u0131 Mehmet Nuri Ersoy\u2019un yan\u0131tlamas\u0131 istemiyle soru \u00f6nergesi veren CHP\u2019li Co\u015far, Antalya Arkeoloji M\u00fczesi\u2019nin y\u0131k\u0131lma \u00e7abas\u0131n\u0131n AKP\u2019nin yine yanda\u015flar\u0131na verdi\u011fi yeni rant projelerinin devam\u0131 oldu\u011funu ifade etti. KENT\u0130N \u0130LK M\u00dcZES\u0130 Antalya Arkeoloji M\u00fczesi\u2019nin Antalya\u2019n\u0131n ilk m\u00fczesi oldu\u011funa ve mimarisi ile yurt d\u0131\u015f\u0131ndan \u00f6d\u00fcllere lay\u0131k g\u00f6r\u00fcld\u00fc\u011f\u00fcne dikkat \u00e7eken Co\u015far, \u201c\u00dclkemizin ulusal proje yar\u0131\u015fmas\u0131yla in\u015fa edilen ilk m\u00fczesi olan ve 1988\u2019de Avrupa Konseyi \u00d6zel \u00d6d\u00fcl\u00fc\u2019ne lay\u0131k g\u00f6r\u00fclen Antalya ile \u00f6zde\u015fle\u015fen, kentin simgesi olan ve hizmete girdi\u011fi g\u00fcnden g\u00fcn\u00fcm\u00fcze milyonlarca ziyaret\u00e7inin geldi\u011fi, \u00e7ok say\u0131da konferans, sergi ve etkinli\u011finde yap\u0131ld\u0131\u011f\u0131 Antalya Arkeoloji M\u00fczesi depreme dayan\u0131ks\u0131z oldu\u011fu gerek\u00e7esi ile y\u0131k\u0131laca\u011f\u0131 ve yerine yanda\u015f bir firma taraf\u0131ndan yap\u0131lan proje ile yeni m\u00fcze binas\u0131 in\u015fa edilece\u011fi iddia edilmektedir. Kentin tarihi dokusuna ve ge\u00e7mi\u015fine sahip \u00e7\u0131kan sivil toplum kurulu\u015flar\u0131ndan olan Antalya K\u00fclt\u00fcrel Miras Derne\u011fi, Antalya Arkeoloji M\u00fczesi\u2019nin k\u00fclt\u00fcr varl\u0131\u011f\u0131 olarak koruma alt\u0131na al\u0131nmas\u0131 talebiyle Antalya K\u00fclt\u00fcr Varl\u0131klar\u0131n\u0131 Koruma B\u00f6lge Kurulu\u2019na yapt\u0131\u011f\u0131 ba\u015fvurularda ne yaz\u0131k ki olumsuz sonu\u00e7lanm\u0131\u015ft\u0131r\u201d dedi. \u201cKENT\u0130N HAFIZASINA B\u0130R DARBED\u0130R\u201d Antalya Arkeoloji M\u00fczesi\u2019nin y\u0131k\u0131lmas\u0131n\u0131n kent haf\u0131zas\u0131na vuru\u015fulacak bir darbe oldu\u011funu vurgulayan Co\u015far, \u201cAntalya Arkeoloji M\u00fczesi\u2019nin \u00f6d\u00fcll\u00fc \u00f6zg\u00fcn mimarisinin korunarak &hellip;","og_url":"https:\/\/denizcankizil.tr\/ru\/haberler\/gundem\/antalya-arkeoloji-muzesi-tbmm-gundeminde\/","og_site_name":"Av. Deniz Can K\u0131z\u0131l","article_published_time":"2025-04-17T08:41:23+00:00","author":"Antalya K\u00f6rfez","twitter_card":"summary_large_image","twitter_misc":{"\u041d\u0430\u043f\u0438\u0441\u0430\u043d\u043e \u0430\u0432\u0442\u043e\u0440\u043e\u043c":"Antalya K\u00f6rfez","\u041f\u0440\u0438\u043c\u0435\u0440\u043d\u043e\u0435 \u0432\u0440\u0435\u043c\u044f \u0434\u043b\u044f \u0447\u0442\u0435\u043d\u0438\u044f":"4 \u043c\u0438\u043d\u0443\u0442\u044b"},"schema":{"@context":"https:\/\/schema.org","@graph":[{"@type":"Article","@id":"https:\/\/denizcankizil.tr\/ru\/haberler\/gundem\/antalya-arkeoloji-muzesi-tbmm-gundeminde\/#article","isPartOf":{"@id":"https:\/\/denizcankizil.tr\/ru\/haberler\/gundem\/antalya-arkeoloji-muzesi-tbmm-gundeminde\/"},"author":{"name":"Antalya K\u00f6rfez","@id":"https:\/\/denizcankizil.tr\/#\/schema\/person\/e1eb71bb4dd684d46563f0af307e1234"},"headline":"Antalya Arkeoloji M\u00fczesi, TBMM g\u00fcndeminde","datePublished":"2025-04-17T08:41:23+00:00","mainEntityOfPage":{"@id":"https:\/\/denizcankizil.tr\/ru\/haberler\/gundem\/antalya-arkeoloji-muzesi-tbmm-gundeminde\/"},"wordCount":759,"publisher":{"@id":"https:\/\/denizcankizil.tr\/#organization"},"articleSection":["G\u00fcndem"],"inLanguage":"ru-RU"},{"@type":"WebPage","@id":"https:\/\/denizcankizil.tr\/ru\/haberler\/gundem\/antalya-arkeoloji-muzesi-tbmm-gundeminde\/","url":"https:\/\/denizcankizil.tr\/ru\/haberler\/gundem\/antalya-arkeoloji-muzesi-tbmm-gundeminde\/","name":"Antalya Arkeoloji M\u00fczesi, TBMM g\u00fcndeminde - Av. Deniz Can K\u0131z\u0131l","isPartOf":{"@id":"https:\/\/denizcankizil.tr\/#website"},"datePublished":"2025-04-17T08:41:23+00:00","breadcrumb":{"@id":"https:\/\/denizcankizil.tr\/ru\/haberler\/gundem\/antalya-arkeoloji-muzesi-tbmm-gundeminde\/#breadcrumb"},"inLanguage":"ru-RU","potentialAction":[{"@type":"ReadAction","target":["https:\/\/denizcankizil.tr\/ru\/haberler\/gundem\/antalya-arkeoloji-muzesi-tbmm-gundeminde\/"]}]},{"@type":"BreadcrumbList","@id":"https:\/\/denizcankizil.tr\/ru\/haberler\/gundem\/antalya-arkeoloji-muzesi-tbmm-gundeminde\/#breadcrumb","itemListElement":[{"@type":"ListItem","position":1,"name":"Home","item":"https:\/\/denizcankizil.tr\/de\/"},{"@type":"ListItem","position":2,"name":"Antalya Arkeoloji M\u00fczesi, TBMM g\u00fcndeminde"}]},{"@type":"WebSite","@id":"https:\/\/denizcankizil.tr\/#website","url":"https:\/\/denizcankizil.tr\/","name":"Av. Deniz Can K\u0131z\u0131l","description":"Avukat Deniz Can K\u0131z\u0131l Antalya Barosu","publisher":{"@id":"https:\/\/denizcankizil.tr\/#organization"},"potentialAction":[{"@type":"SearchAction","target":{"@type":"EntryPoint","urlTemplate":"https:\/\/denizcankizil.tr\/?s={search_term_string}"},"query-input":{"@type":"PropertyValueSpecification","valueRequired":true,"valueName":"search_term_string"}}],"inLanguage":"ru-RU"},{"@type":"Organization","@id":"https:\/\/denizcankizil.tr\/#organization","name":"Av. Deniz Can K\u0131z\u0131l","url":"https:\/\/denizcankizil.tr\/","logo":{"@type":"ImageObject","inLanguage":"ru-RU","@id":"https:\/\/denizcankizil.tr\/#\/schema\/logo\/image\/","url":"https:\/\/denizcankizil.tr\/wp-content\/uploads\/2024\/10\/siyah-logo-svg.svg","contentUrl":"https:\/\/denizcankizil.tr\/wp-content\/uploads\/2024\/10\/siyah-logo-svg.svg","width":1080,"height":1080,"caption":"Av. Deniz Can K\u0131z\u0131l"},"image":{"@id":"https:\/\/denizcankizil.tr\/#\/schema\/logo\/image\/"}},{"@type":"Person","@id":"https:\/\/denizcankizil.tr\/#\/schema\/person\/e1eb71bb4dd684d46563f0af307e1234","name":"Antalya K\u00f6rfez","image":{"@type":"ImageObject","inLanguage":"ru-RU","@id":"https:\/\/denizcankizil.tr\/#\/schema\/person\/image\/","url":"https:\/\/secure.gravatar.com\/avatar\/42b01982558a48a0b501fdcab6a408d3717ea5919095ee2e67b0e521799c5905?s=96&d=mm&r=g","contentUrl":"https:\/\/secure.gravatar.com\/avatar\/42b01982558a48a0b501fdcab6a408d3717ea5919095ee2e67b0e521799c5905?s=96&d=mm&r=g","caption":"Antalya K\u00f6rfez"},"sameAs":["http:\/\/www.antalyakorfez.com"],"url":"https:\/\/www.antalyakorfez.com\/antalya-arkeoloji-muzesi-tbmm-gundeminde"}]}},"_links":{"self":[{"href":"https:\/\/denizcankizil.tr\/ru\/wp-json\/wp\/v2\/posts\/58352","targetHints":{"allow":["GET"]}}],"collection":[{"href":"https:\/\/denizcankizil.tr\/ru\/wp-json\/wp\/v2\/posts"}],"about":[{"href":"https:\/\/denizcankizil.tr\/ru\/wp-json\/wp\/v2\/types\/post"}],"author":[{"embeddable":true,"href":"https:\/\/denizcankizil.tr\/ru\/wp-json\/wp\/v2\/users\/5"}],"replies":[{"embeddable":true,"href":"https:\/\/denizcankizil.tr\/ru\/wp-json\/wp\/v2\/comments?post=58352"}],"version-history":[{"count":0,"href":"https:\/\/denizcankizil.tr\/ru\/wp-json\/wp\/v2\/posts\/58352\/revisions"}],"wp:attachment":[{"href":"https:\/\/denizcankizil.tr\/ru\/wp-json\/wp\/v2\/media?parent=58352"}],"wp:term":[{"taxonomy":"category","embeddable":true,"href":"https:\/\/denizcankizil.tr\/ru\/wp-json\/wp\/v2\/categories?post=58352"},{"taxonomy":"post_tag","embeddable":true,"href":"https:\/\/denizcankizil.tr\/ru\/wp-json\/wp\/v2\/tags?post=58352"}],"curies":[{"name":"wp","href":"https:\/\/api.w.org\/{rel}","templated":true}]}}