{"id":57914,"date":"2025-04-16T23:41:16","date_gmt":"2025-04-16T20:41:16","guid":{"rendered":"https:\/\/denizcankizil.tr\/uncategorized-tr\/konyada-yangindan-can-veren-cocuklarin-kimlikleri-belli-oldu\/"},"modified":"2025-04-16T23:41:16","modified_gmt":"2025-04-16T20:41:16","slug":"konyada-yangindan-can-veren-cocuklarin-kimlikleri-belli-oldu","status":"publish","type":"post","link":"https:\/\/denizcankizil.tr\/ru\/haberler\/gundem\/konyada-yangindan-can-veren-cocuklarin-kimlikleri-belli-oldu\/","title":{"rendered":"Konya\u2019da yang\u0131ndan can veren \u00e7ocuklar\u0131n kimlikleri belli oldu"},"content":{"rendered":"<p>Yang\u0131n, saat 15.30 s\u0131ralar\u0131nda Konya\u2019n\u0131n Meram il\u00e7esindeki Sabihiata Mahallesi Dursun Fakih Sokak \u00fczerinde bulunan bir apartmanda \u00e7\u0131kt\u0131. 5 katl\u0131 apartman\u0131n 2. kat\u0131nda yabanc\u0131 uyruklu 30 ya\u015f\u0131ndaki Feyyaz S., e\u015fi 29 ya\u015f\u0131ndaki R\u0131dal S. ve \u00e7ocuklar\u0131n\u0131n ya\u015fad\u0131\u011f\u0131 dairede hen\u00fcz belirlenemeyen bir nedenle yang\u0131n ba\u015flad\u0131. \u0130hbar \u00fczerine adrese \u00e7ok say\u0131da itfaiye, sa\u011fl\u0131k ve polis ekibi sevk edilirken, yang\u0131n itfaiye ekipleri taraf\u0131ndan s\u00f6nd\u00fcr\u00fcld\u00fc.<\/p>\n<p>\u00c7OCUKLARIN K\u0130ML\u0130KLER\u0130 BELL\u0130 OLDU <\/p>\n<p>Yang\u0131nda i\u00e7eride kalan R\u0131dal S. ile \u00e7ocuklar\u0131 3 ya\u015f\u0131ndaki A.E.S. ve 4 ya\u015f\u0131ndaki A.E.S. itfaiye ekiplerince \u00e7\u0131kar\u0131ld\u0131. Yang\u0131n s\u0131ras\u0131nda i\u00e7eride kalan 2 \u00e7ocuk ise yang\u0131nda hayat\u0131n\u0131 kaybetti. Olay yerindeki incelemelerin ard\u0131ndan hayat\u0131n\u0131 kaybeden 2 karde\u015fin cans\u0131z bedeni otopsi yap\u0131lmak \u00fczere Konya Adli T\u0131p Kurumu morguna kald\u0131r\u0131ld\u0131. Yang\u0131nda hayat\u0131n\u0131 kaybeden karde\u015flerin isimlerinin 10 ya\u015f\u0131ndaki Emel El Salih ile 6 ya\u015f\u0131ndaki Gazel El Salih oldu\u011fu belirlendi.<\/p>\n<p>\u200bKonya\u2019n\u0131n Meram il\u00e7esindeki bir apartmanda \u00e7\u0131kan yang\u0131nda can veren iki \u00e7ocu\u011fun kimlikleri belli oldu.\u00a0<\/p>\n<p>\u200bHaberin Al\u0131nt\u0131land\u0131\u011f\u0131 Kaynak: www.antalyakorfez.com<\/p>","protected":false},"excerpt":{"rendered":"<p>Yang\u0131n, saat 15.30 s\u0131ralar\u0131nda Konya\u2019n\u0131n Meram il\u00e7esindeki Sabihiata Mahallesi Dursun Fakih Sokak \u00fczerinde bulunan bir apartmanda \u00e7\u0131kt\u0131. 5 katl\u0131 apartman\u0131n 2. kat\u0131nda yabanc\u0131 uyruklu 30 ya\u015f\u0131ndaki Feyyaz S., e\u015fi 29 ya\u015f\u0131ndaki R\u0131dal S. ve \u00e7ocuklar\u0131n\u0131n ya\u015fad\u0131\u011f\u0131 dairede hen\u00fcz belirlenemeyen bir nedenle yang\u0131n ba\u015flad\u0131. \u0130hbar \u00fczerine adrese \u00e7ok say\u0131da itfaiye, sa\u011fl\u0131k ve polis ekibi sevk edilirken, yang\u0131n itfaiye ekipleri taraf\u0131ndan s\u00f6nd\u00fcr\u00fcld\u00fc. \u00c7OCUKLARIN K\u0130ML\u0130KLER\u0130 BELL\u0130 OLDU Yang\u0131nda i\u00e7eride kalan R\u0131dal S. ile \u00e7ocuklar\u0131 3 ya\u015f\u0131ndaki A.E.S. ve 4 ya\u015f\u0131ndaki A.E.S. itfaiye ekiplerince \u00e7\u0131kar\u0131ld\u0131. Yang\u0131n s\u0131ras\u0131nda i\u00e7eride kalan 2 \u00e7ocuk ise yang\u0131nda hayat\u0131n\u0131 kaybetti. Olay yerindeki incelemelerin ard\u0131ndan hayat\u0131n\u0131 kaybeden 2 karde\u015fin cans\u0131z bedeni otopsi yap\u0131lmak \u00fczere Konya Adli T\u0131p Kurumu morguna kald\u0131r\u0131ld\u0131. Yang\u0131nda hayat\u0131n\u0131 kaybeden karde\u015flerin isimlerinin 10 ya\u015f\u0131ndaki Emel El Salih ile 6 ya\u015f\u0131ndaki Gazel El Salih oldu\u011fu belirlendi. \u200bKonya\u2019n\u0131n Meram il\u00e7esindeki bir apartmanda \u00e7\u0131kan yang\u0131nda can veren iki \u00e7ocu\u011fun kimlikleri belli oldu.\u00a0 \u200bHaberin Al\u0131nt\u0131land\u0131\u011f\u0131 Kaynak: www.antalyakorfez.com<\/p>","protected":false},"author":5,"featured_media":0,"comment_status":"","ping_status":"open","sticky":false,"template":"","format":"standard","meta":{"_acf_changed":false,"footnotes":""},"categories":[24],"tags":[],"class_list":["post-57914","post","type-post","status-publish","format-standard","has-post-thumbnail","hentry","category-gundem"],"acf":[],"yoast_head":"<!-- This site is optimized with the Yoast SEO Premium plugin v26.6 (Yoast SEO v27.1.1) - https:\/\/yoast.com\/product\/yoast-seo-premium-wordpress\/ -->\n<title>Konya\u2019da yang\u0131ndan can veren \u00e7ocuklar\u0131n kimlikleri belli oldu - Av. Deniz Can K\u0131z\u0131l<\/title>\n<meta name=\"robots\" content=\"index, follow, max-snippet:-1, max-image-preview:large, max-video-preview:-1\" \/>\n<link rel=\"canonical\" href=\"https:\/\/denizcankizil.tr\/ru\/haberler\/gundem\/konyada-yangindan-can-veren-cocuklarin-kimlikleri-belli-oldu\/\" \/>\n<meta property=\"og:locale\" content=\"ru_RU\" \/>\n<meta property=\"og:type\" content=\"article\" \/>\n<meta property=\"og:title\" content=\"Konya\u2019da yang\u0131ndan can veren \u00e7ocuklar\u0131n kimlikleri belli oldu\" \/>\n<meta property=\"og:description\" content=\"Yang\u0131n, saat 15.30 s\u0131ralar\u0131nda Konya\u2019n\u0131n Meram il\u00e7esindeki Sabihiata Mahallesi Dursun Fakih Sokak \u00fczerinde bulunan bir apartmanda \u00e7\u0131kt\u0131. 5 katl\u0131 apartman\u0131n 2. kat\u0131nda yabanc\u0131 uyruklu 30 ya\u015f\u0131ndaki Feyyaz S., e\u015fi 29 ya\u015f\u0131ndaki R\u0131dal S. ve \u00e7ocuklar\u0131n\u0131n ya\u015fad\u0131\u011f\u0131 dairede hen\u00fcz belirlenemeyen bir nedenle yang\u0131n ba\u015flad\u0131. \u0130hbar \u00fczerine adrese \u00e7ok say\u0131da itfaiye, sa\u011fl\u0131k ve polis ekibi sevk edilirken, yang\u0131n itfaiye ekipleri taraf\u0131ndan s\u00f6nd\u00fcr\u00fcld\u00fc. \u00c7OCUKLARIN K\u0130ML\u0130KLER\u0130 BELL\u0130 OLDU Yang\u0131nda i\u00e7eride kalan R\u0131dal S. ile \u00e7ocuklar\u0131 3 ya\u015f\u0131ndaki A.E.S. ve 4 ya\u015f\u0131ndaki A.E.S. itfaiye ekiplerince \u00e7\u0131kar\u0131ld\u0131. Yang\u0131n s\u0131ras\u0131nda i\u00e7eride kalan 2 \u00e7ocuk ise yang\u0131nda hayat\u0131n\u0131 kaybetti. Olay yerindeki incelemelerin ard\u0131ndan hayat\u0131n\u0131 kaybeden 2 karde\u015fin cans\u0131z bedeni otopsi yap\u0131lmak \u00fczere Konya Adli T\u0131p Kurumu morguna kald\u0131r\u0131ld\u0131. Yang\u0131nda hayat\u0131n\u0131 kaybeden karde\u015flerin isimlerinin 10 ya\u015f\u0131ndaki Emel El Salih ile 6 ya\u015f\u0131ndaki Gazel El Salih oldu\u011fu belirlendi. \u200bKonya\u2019n\u0131n Meram il\u00e7esindeki bir apartmanda \u00e7\u0131kan yang\u0131nda can veren iki \u00e7ocu\u011fun kimlikleri belli oldu.\u00a0 \u200bHaberin Al\u0131nt\u0131land\u0131\u011f\u0131 Kaynak: www.antalyakorfez.com\" \/>\n<meta property=\"og:url\" content=\"https:\/\/denizcankizil.tr\/ru\/haberler\/gundem\/konyada-yangindan-can-veren-cocuklarin-kimlikleri-belli-oldu\/\" \/>\n<meta property=\"og:site_name\" content=\"Av. Deniz Can K\u0131z\u0131l\" \/>\n<meta property=\"article:published_time\" content=\"2025-04-16T20:41:16+00:00\" \/>\n<meta name=\"author\" content=\"Antalya K\u00f6rfez\" \/>\n<meta name=\"twitter:card\" content=\"summary_large_image\" \/>\n<meta name=\"twitter:label1\" content=\"\u041d\u0430\u043f\u0438\u0441\u0430\u043d\u043e \u0430\u0432\u0442\u043e\u0440\u043e\u043c\" \/>\n\t<meta name=\"twitter:data1\" content=\"Antalya K\u00f6rfez\" \/>\n\t<meta name=\"twitter:label2\" content=\"\u041f\u0440\u0438\u043c\u0435\u0440\u043d\u043e\u0435 \u0432\u0440\u0435\u043c\u044f \u0434\u043b\u044f \u0447\u0442\u0435\u043d\u0438\u044f\" \/>\n\t<meta name=\"twitter:data2\" content=\"1 \u043c\u0438\u043d\u0443\u0442\u0430\" \/>\n<script type=\"application\/ld+json\" class=\"yoast-schema-graph\">{\"@context\":\"https:\/\/schema.org\",\"@graph\":[{\"@type\":\"Article\",\"@id\":\"https:\/\/denizcankizil.tr\/ru\/haberler\/gundem\/konyada-yangindan-can-veren-cocuklarin-kimlikleri-belli-oldu\/#article\",\"isPartOf\":{\"@id\":\"https:\/\/denizcankizil.tr\/ru\/haberler\/gundem\/konyada-yangindan-can-veren-cocuklarin-kimlikleri-belli-oldu\/\"},\"author\":{\"name\":\"Antalya K\u00f6rfez\",\"@id\":\"https:\/\/denizcankizil.tr\/de\/#\/schema\/person\/e1eb71bb4dd684d46563f0af307e1234\"},\"headline\":\"Konya\u2019da yang\u0131ndan can veren \u00e7ocuklar\u0131n kimlikleri belli oldu\",\"datePublished\":\"2025-04-16T20:41:16+00:00\",\"mainEntityOfPage\":{\"@id\":\"https:\/\/denizcankizil.tr\/ru\/haberler\/gundem\/konyada-yangindan-can-veren-cocuklarin-kimlikleri-belli-oldu\/\"},\"wordCount\":213,\"publisher\":{\"@id\":\"https:\/\/denizcankizil.tr\/de\/#organization\"},\"articleSection\":[\"G\u00fcndem\"],\"inLanguage\":\"ru-RU\"},{\"@type\":\"WebPage\",\"@id\":\"https:\/\/denizcankizil.tr\/ru\/haberler\/gundem\/konyada-yangindan-can-veren-cocuklarin-kimlikleri-belli-oldu\/\",\"url\":\"https:\/\/denizcankizil.tr\/ru\/haberler\/gundem\/konyada-yangindan-can-veren-cocuklarin-kimlikleri-belli-oldu\/\",\"name\":\"Konya\u2019da yang\u0131ndan can veren \u00e7ocuklar\u0131n kimlikleri belli oldu - Av. Deniz Can K\u0131z\u0131l\",\"isPartOf\":{\"@id\":\"https:\/\/denizcankizil.tr\/de\/#website\"},\"datePublished\":\"2025-04-16T20:41:16+00:00\",\"breadcrumb\":{\"@id\":\"https:\/\/denizcankizil.tr\/ru\/haberler\/gundem\/konyada-yangindan-can-veren-cocuklarin-kimlikleri-belli-oldu\/#breadcrumb\"},\"inLanguage\":\"ru-RU\",\"potentialAction\":[{\"@type\":\"ReadAction\",\"target\":[\"https:\/\/denizcankizil.tr\/ru\/haberler\/gundem\/konyada-yangindan-can-veren-cocuklarin-kimlikleri-belli-oldu\/\"]}]},{\"@type\":\"BreadcrumbList\",\"@id\":\"https:\/\/denizcankizil.tr\/ru\/haberler\/gundem\/konyada-yangindan-can-veren-cocuklarin-kimlikleri-belli-oldu\/#breadcrumb\",\"itemListElement\":[{\"@type\":\"ListItem\",\"position\":1,\"name\":\"Home\",\"item\":\"https:\/\/denizcankizil.tr\/de\/\"},{\"@type\":\"ListItem\",\"position\":2,\"name\":\"Konya\u2019da yang\u0131ndan can veren \u00e7ocuklar\u0131n kimlikleri belli oldu\"}]},{\"@type\":\"WebSite\",\"@id\":\"https:\/\/denizcankizil.tr\/de\/#website\",\"url\":\"https:\/\/denizcankizil.tr\/de\/\",\"name\":\"Av. Deniz Can K\u0131z\u0131l\",\"description\":\"Avukat Deniz Can K\u0131z\u0131l Antalya Barosu\",\"publisher\":{\"@id\":\"https:\/\/denizcankizil.tr\/de\/#organization\"},\"potentialAction\":[{\"@type\":\"SearchAction\",\"target\":{\"@type\":\"EntryPoint\",\"urlTemplate\":\"https:\/\/denizcankizil.tr\/de\/?s={search_term_string}\"},\"query-input\":{\"@type\":\"PropertyValueSpecification\",\"valueRequired\":true,\"valueName\":\"search_term_string\"}}],\"inLanguage\":\"ru-RU\"},{\"@type\":\"Organization\",\"@id\":\"https:\/\/denizcankizil.tr\/de\/#organization\",\"name\":\"Av. Deniz Can K\u0131z\u0131l\",\"url\":\"https:\/\/denizcankizil.tr\/de\/\",\"logo\":{\"@type\":\"ImageObject\",\"inLanguage\":\"ru-RU\",\"@id\":\"https:\/\/denizcankizil.tr\/de\/#\/schema\/logo\/image\/\",\"url\":\"https:\/\/denizcankizil.tr\/wp-content\/uploads\/2024\/10\/siyah-logo-svg.svg\",\"contentUrl\":\"https:\/\/denizcankizil.tr\/wp-content\/uploads\/2024\/10\/siyah-logo-svg.svg\",\"width\":1080,\"height\":1080,\"caption\":\"Av. Deniz Can K\u0131z\u0131l\"},\"image\":{\"@id\":\"https:\/\/denizcankizil.tr\/de\/#\/schema\/logo\/image\/\"}},{\"@type\":\"Person\",\"@id\":\"https:\/\/denizcankizil.tr\/de\/#\/schema\/person\/e1eb71bb4dd684d46563f0af307e1234\",\"name\":\"Antalya K\u00f6rfez\",\"image\":{\"@type\":\"ImageObject\",\"inLanguage\":\"ru-RU\",\"@id\":\"https:\/\/denizcankizil.tr\/de\/#\/schema\/person\/image\/\",\"url\":\"https:\/\/secure.gravatar.com\/avatar\/42b01982558a48a0b501fdcab6a408d3717ea5919095ee2e67b0e521799c5905?s=96&d=mm&r=g\",\"contentUrl\":\"https:\/\/secure.gravatar.com\/avatar\/42b01982558a48a0b501fdcab6a408d3717ea5919095ee2e67b0e521799c5905?s=96&d=mm&r=g\",\"caption\":\"Antalya K\u00f6rfez\"},\"sameAs\":[\"http:\/\/www.antalyakorfez.com\"],\"url\":\"https:\/\/www.antalyakorfez.com\/konyada-yangindan-can-veren-cocuklarin-kimlikleri-belli-oldu\"}]}<\/script>\n<!-- \/ Yoast SEO Premium plugin. -->","yoast_head_json":{"title":"Konya\u2019da yang\u0131ndan can veren \u00e7ocuklar\u0131n kimlikleri belli oldu - Av. Deniz Can K\u0131z\u0131l","robots":{"index":"index","follow":"follow","max-snippet":"max-snippet:-1","max-image-preview":"max-image-preview:large","max-video-preview":"max-video-preview:-1"},"canonical":"https:\/\/denizcankizil.tr\/ru\/haberler\/gundem\/konyada-yangindan-can-veren-cocuklarin-kimlikleri-belli-oldu\/","og_locale":"ru_RU","og_type":"article","og_title":"Konya\u2019da yang\u0131ndan can veren \u00e7ocuklar\u0131n kimlikleri belli oldu","og_description":"Yang\u0131n, saat 15.30 s\u0131ralar\u0131nda Konya\u2019n\u0131n Meram il\u00e7esindeki Sabihiata Mahallesi Dursun Fakih Sokak \u00fczerinde bulunan bir apartmanda \u00e7\u0131kt\u0131. 5 katl\u0131 apartman\u0131n 2. kat\u0131nda yabanc\u0131 uyruklu 30 ya\u015f\u0131ndaki Feyyaz S., e\u015fi 29 ya\u015f\u0131ndaki R\u0131dal S. ve \u00e7ocuklar\u0131n\u0131n ya\u015fad\u0131\u011f\u0131 dairede hen\u00fcz belirlenemeyen bir nedenle yang\u0131n ba\u015flad\u0131. \u0130hbar \u00fczerine adrese \u00e7ok say\u0131da itfaiye, sa\u011fl\u0131k ve polis ekibi sevk edilirken, yang\u0131n itfaiye ekipleri taraf\u0131ndan s\u00f6nd\u00fcr\u00fcld\u00fc. \u00c7OCUKLARIN K\u0130ML\u0130KLER\u0130 BELL\u0130 OLDU Yang\u0131nda i\u00e7eride kalan R\u0131dal S. ile \u00e7ocuklar\u0131 3 ya\u015f\u0131ndaki A.E.S. ve 4 ya\u015f\u0131ndaki A.E.S. itfaiye ekiplerince \u00e7\u0131kar\u0131ld\u0131. Yang\u0131n s\u0131ras\u0131nda i\u00e7eride kalan 2 \u00e7ocuk ise yang\u0131nda hayat\u0131n\u0131 kaybetti. Olay yerindeki incelemelerin ard\u0131ndan hayat\u0131n\u0131 kaybeden 2 karde\u015fin cans\u0131z bedeni otopsi yap\u0131lmak \u00fczere Konya Adli T\u0131p Kurumu morguna kald\u0131r\u0131ld\u0131. Yang\u0131nda hayat\u0131n\u0131 kaybeden karde\u015flerin isimlerinin 10 ya\u015f\u0131ndaki Emel El Salih ile 6 ya\u015f\u0131ndaki Gazel El Salih oldu\u011fu belirlendi. \u200bKonya\u2019n\u0131n Meram il\u00e7esindeki bir apartmanda \u00e7\u0131kan yang\u0131nda can veren iki \u00e7ocu\u011fun kimlikleri belli oldu.\u00a0 \u200bHaberin Al\u0131nt\u0131land\u0131\u011f\u0131 Kaynak: www.antalyakorfez.com","og_url":"https:\/\/denizcankizil.tr\/ru\/haberler\/gundem\/konyada-yangindan-can-veren-cocuklarin-kimlikleri-belli-oldu\/","og_site_name":"Av. Deniz Can K\u0131z\u0131l","article_published_time":"2025-04-16T20:41:16+00:00","author":"Antalya K\u00f6rfez","twitter_card":"summary_large_image","twitter_misc":{"\u041d\u0430\u043f\u0438\u0441\u0430\u043d\u043e \u0430\u0432\u0442\u043e\u0440\u043e\u043c":"Antalya K\u00f6rfez","\u041f\u0440\u0438\u043c\u0435\u0440\u043d\u043e\u0435 \u0432\u0440\u0435\u043c\u044f \u0434\u043b\u044f \u0447\u0442\u0435\u043d\u0438\u044f":"1 \u043c\u0438\u043d\u0443\u0442\u0430"},"schema":{"@context":"https:\/\/schema.org","@graph":[{"@type":"Article","@id":"https:\/\/denizcankizil.tr\/ru\/haberler\/gundem\/konyada-yangindan-can-veren-cocuklarin-kimlikleri-belli-oldu\/#article","isPartOf":{"@id":"https:\/\/denizcankizil.tr\/ru\/haberler\/gundem\/konyada-yangindan-can-veren-cocuklarin-kimlikleri-belli-oldu\/"},"author":{"name":"Antalya K\u00f6rfez","@id":"https:\/\/denizcankizil.tr\/de\/#\/schema\/person\/e1eb71bb4dd684d46563f0af307e1234"},"headline":"Konya\u2019da yang\u0131ndan can veren \u00e7ocuklar\u0131n kimlikleri belli oldu","datePublished":"2025-04-16T20:41:16+00:00","mainEntityOfPage":{"@id":"https:\/\/denizcankizil.tr\/ru\/haberler\/gundem\/konyada-yangindan-can-veren-cocuklarin-kimlikleri-belli-oldu\/"},"wordCount":213,"publisher":{"@id":"https:\/\/denizcankizil.tr\/de\/#organization"},"articleSection":["G\u00fcndem"],"inLanguage":"ru-RU"},{"@type":"WebPage","@id":"https:\/\/denizcankizil.tr\/ru\/haberler\/gundem\/konyada-yangindan-can-veren-cocuklarin-kimlikleri-belli-oldu\/","url":"https:\/\/denizcankizil.tr\/ru\/haberler\/gundem\/konyada-yangindan-can-veren-cocuklarin-kimlikleri-belli-oldu\/","name":"Konya\u2019da yang\u0131ndan can veren \u00e7ocuklar\u0131n kimlikleri belli oldu - Av. Deniz Can K\u0131z\u0131l","isPartOf":{"@id":"https:\/\/denizcankizil.tr\/de\/#website"},"datePublished":"2025-04-16T20:41:16+00:00","breadcrumb":{"@id":"https:\/\/denizcankizil.tr\/ru\/haberler\/gundem\/konyada-yangindan-can-veren-cocuklarin-kimlikleri-belli-oldu\/#breadcrumb"},"inLanguage":"ru-RU","potentialAction":[{"@type":"ReadAction","target":["https:\/\/denizcankizil.tr\/ru\/haberler\/gundem\/konyada-yangindan-can-veren-cocuklarin-kimlikleri-belli-oldu\/"]}]},{"@type":"BreadcrumbList","@id":"https:\/\/denizcankizil.tr\/ru\/haberler\/gundem\/konyada-yangindan-can-veren-cocuklarin-kimlikleri-belli-oldu\/#breadcrumb","itemListElement":[{"@type":"ListItem","position":1,"name":"Home","item":"https:\/\/denizcankizil.tr\/de\/"},{"@type":"ListItem","position":2,"name":"Konya\u2019da yang\u0131ndan can veren \u00e7ocuklar\u0131n kimlikleri belli oldu"}]},{"@type":"WebSite","@id":"https:\/\/denizcankizil.tr\/de\/#website","url":"https:\/\/denizcankizil.tr\/de\/","name":"Av. Deniz Can K\u0131z\u0131l","description":"Avukat Deniz Can K\u0131z\u0131l Antalya Barosu","publisher":{"@id":"https:\/\/denizcankizil.tr\/de\/#organization"},"potentialAction":[{"@type":"SearchAction","target":{"@type":"EntryPoint","urlTemplate":"https:\/\/denizcankizil.tr\/de\/?s={search_term_string}"},"query-input":{"@type":"PropertyValueSpecification","valueRequired":true,"valueName":"search_term_string"}}],"inLanguage":"ru-RU"},{"@type":"Organization","@id":"https:\/\/denizcankizil.tr\/de\/#organization","name":"Av. Deniz Can K\u0131z\u0131l","url":"https:\/\/denizcankizil.tr\/de\/","logo":{"@type":"ImageObject","inLanguage":"ru-RU","@id":"https:\/\/denizcankizil.tr\/de\/#\/schema\/logo\/image\/","url":"https:\/\/denizcankizil.tr\/wp-content\/uploads\/2024\/10\/siyah-logo-svg.svg","contentUrl":"https:\/\/denizcankizil.tr\/wp-content\/uploads\/2024\/10\/siyah-logo-svg.svg","width":1080,"height":1080,"caption":"Av. Deniz Can K\u0131z\u0131l"},"image":{"@id":"https:\/\/denizcankizil.tr\/de\/#\/schema\/logo\/image\/"}},{"@type":"Person","@id":"https:\/\/denizcankizil.tr\/de\/#\/schema\/person\/e1eb71bb4dd684d46563f0af307e1234","name":"Antalya K\u00f6rfez","image":{"@type":"ImageObject","inLanguage":"ru-RU","@id":"https:\/\/denizcankizil.tr\/de\/#\/schema\/person\/image\/","url":"https:\/\/secure.gravatar.com\/avatar\/42b01982558a48a0b501fdcab6a408d3717ea5919095ee2e67b0e521799c5905?s=96&d=mm&r=g","contentUrl":"https:\/\/secure.gravatar.com\/avatar\/42b01982558a48a0b501fdcab6a408d3717ea5919095ee2e67b0e521799c5905?s=96&d=mm&r=g","caption":"Antalya K\u00f6rfez"},"sameAs":["http:\/\/www.antalyakorfez.com"],"url":"https:\/\/www.antalyakorfez.com\/konyada-yangindan-can-veren-cocuklarin-kimlikleri-belli-oldu"}]}},"_links":{"self":[{"href":"https:\/\/denizcankizil.tr\/ru\/wp-json\/wp\/v2\/posts\/57914","targetHints":{"allow":["GET"]}}],"collection":[{"href":"https:\/\/denizcankizil.tr\/ru\/wp-json\/wp\/v2\/posts"}],"about":[{"href":"https:\/\/denizcankizil.tr\/ru\/wp-json\/wp\/v2\/types\/post"}],"author":[{"embeddable":true,"href":"https:\/\/denizcankizil.tr\/ru\/wp-json\/wp\/v2\/users\/5"}],"replies":[{"embeddable":true,"href":"https:\/\/denizcankizil.tr\/ru\/wp-json\/wp\/v2\/comments?post=57914"}],"version-history":[{"count":0,"href":"https:\/\/denizcankizil.tr\/ru\/wp-json\/wp\/v2\/posts\/57914\/revisions"}],"wp:attachment":[{"href":"https:\/\/denizcankizil.tr\/ru\/wp-json\/wp\/v2\/media?parent=57914"}],"wp:term":[{"taxonomy":"category","embeddable":true,"href":"https:\/\/denizcankizil.tr\/ru\/wp-json\/wp\/v2\/categories?post=57914"},{"taxonomy":"post_tag","embeddable":true,"href":"https:\/\/denizcankizil.tr\/ru\/wp-json\/wp\/v2\/tags?post=57914"}],"curies":[{"name":"wp","href":"https:\/\/api.w.org\/{rel}","templated":true}]}}