{"id":57673,"date":"2025-04-16T17:42:22","date_gmt":"2025-04-16T14:42:22","guid":{"rendered":"https:\/\/denizcankizil.tr\/uncategorized-tr\/hedef-holdingde-ust-duzey-atama\/"},"modified":"2025-04-16T17:42:22","modified_gmt":"2025-04-16T14:42:22","slug":"hedef-holdingde-ust-duzey-atama","status":"publish","type":"post","link":"https:\/\/denizcankizil.tr\/ru\/haberler\/gundem\/hedef-holdingde-ust-duzey-atama\/","title":{"rendered":"Hedef Holding\u2019de \u00fcst d\u00fczey atama"},"content":{"rendered":"<p>B\u00fcnyesinde Hedef Yat\u0131r\u0131m Bankas\u0131, \u0130nfo Yat\u0131r\u0131m, Hedef Portf\u00f6y ve Colendi Menkul De\u011ferler gibi \u00f6nde gelen finans \u015firketlerini bar\u0131nd\u0131ran Hedef Holding, CEO\u2019luk g\u00f6revine B\u00fclent K\u0131r\u0131ml\u0131\u2019n\u0131n getirildi\u011fini duyurdu.<\/p>\n<p>\u200bB\u00fcnyesinde Hedef Yat\u0131r\u0131m Bankas\u0131, \u0130nfo Yat\u0131r\u0131m, Hedef Portf\u00f6y ve Colendi Menkul De\u011ferler gibi \u00f6nde gelen finans \u015firketlerini bar\u0131nd\u0131ran Hedef Holding, CEO\u2019luk g\u00f6revine B\u00fclent K\u0131r\u0131ml\u0131\u2019n\u0131n getirildi\u011fini duyurdu.\u00a0<\/p>\n<p>\u200bHaberin Al\u0131nt\u0131land\u0131\u011f\u0131 Kaynak: www.iskenderun.org<\/p>","protected":false},"excerpt":{"rendered":"<p>B\u00fcnyesinde Hedef Yat\u0131r\u0131m Bankas\u0131, \u0130nfo Yat\u0131r\u0131m, Hedef Portf\u00f6y ve Colendi Menkul De\u011ferler gibi \u00f6nde gelen finans \u015firketlerini bar\u0131nd\u0131ran Hedef Holding, CEO\u2019luk g\u00f6revine B\u00fclent K\u0131r\u0131ml\u0131\u2019n\u0131n getirildi\u011fini duyurdu. \u200bB\u00fcnyesinde Hedef Yat\u0131r\u0131m Bankas\u0131, \u0130nfo Yat\u0131r\u0131m, Hedef Portf\u00f6y ve Colendi Menkul De\u011ferler gibi \u00f6nde gelen finans \u015firketlerini bar\u0131nd\u0131ran Hedef Holding, CEO\u2019luk g\u00f6revine B\u00fclent K\u0131r\u0131ml\u0131\u2019n\u0131n getirildi\u011fini duyurdu.\u00a0 \u200bHaberin Al\u0131nt\u0131land\u0131\u011f\u0131 Kaynak: www.iskenderun.org<\/p>","protected":false},"author":1,"featured_media":0,"comment_status":"","ping_status":"open","sticky":false,"template":"","format":"standard","meta":{"_acf_changed":false,"footnotes":""},"categories":[24],"tags":[],"class_list":["post-57673","post","type-post","status-publish","format-standard","has-post-thumbnail","hentry","category-gundem"],"acf":[],"yoast_head":"<!-- This site is optimized with the Yoast SEO Premium plugin v26.6 (Yoast SEO v27.1.1) - https:\/\/yoast.com\/product\/yoast-seo-premium-wordpress\/ -->\n<title>Hedef Holding\u2019de \u00fcst d\u00fczey atama - Av. Deniz Can K\u0131z\u0131l<\/title>\n<meta name=\"robots\" content=\"index, follow, max-snippet:-1, max-image-preview:large, max-video-preview:-1\" \/>\n<link rel=\"canonical\" href=\"https:\/\/denizcankizil.tr\/ru\/haberler\/gundem\/hedef-holdingde-ust-duzey-atama\/\" \/>\n<meta property=\"og:locale\" content=\"ru_RU\" \/>\n<meta property=\"og:type\" content=\"article\" \/>\n<meta property=\"og:title\" content=\"Hedef Holding\u2019de \u00fcst d\u00fczey atama\" \/>\n<meta property=\"og:description\" content=\"B\u00fcnyesinde Hedef Yat\u0131r\u0131m Bankas\u0131, \u0130nfo Yat\u0131r\u0131m, Hedef Portf\u00f6y ve Colendi Menkul De\u011ferler gibi \u00f6nde gelen finans \u015firketlerini bar\u0131nd\u0131ran Hedef Holding, CEO\u2019luk g\u00f6revine B\u00fclent K\u0131r\u0131ml\u0131\u2019n\u0131n getirildi\u011fini duyurdu. \u200bB\u00fcnyesinde Hedef Yat\u0131r\u0131m Bankas\u0131, \u0130nfo Yat\u0131r\u0131m, Hedef Portf\u00f6y ve Colendi Menkul De\u011ferler gibi \u00f6nde gelen finans \u015firketlerini bar\u0131nd\u0131ran Hedef Holding, CEO\u2019luk g\u00f6revine B\u00fclent K\u0131r\u0131ml\u0131\u2019n\u0131n getirildi\u011fini duyurdu.\u00a0 \u200bHaberin Al\u0131nt\u0131land\u0131\u011f\u0131 Kaynak: www.iskenderun.org\" \/>\n<meta property=\"og:url\" content=\"https:\/\/denizcankizil.tr\/ru\/haberler\/gundem\/hedef-holdingde-ust-duzey-atama\/\" \/>\n<meta property=\"og:site_name\" content=\"Av. Deniz Can K\u0131z\u0131l\" \/>\n<meta property=\"article:published_time\" content=\"2025-04-16T14:42:22+00:00\" \/>\n<meta name=\"author\" content=\"admin\" \/>\n<meta name=\"twitter:card\" content=\"summary_large_image\" \/>\n<meta name=\"twitter:label1\" content=\"\u041d\u0430\u043f\u0438\u0441\u0430\u043d\u043e \u0430\u0432\u0442\u043e\u0440\u043e\u043c\" \/>\n\t<meta name=\"twitter:data1\" content=\"admin\" \/>\n<script type=\"application\/ld+json\" class=\"yoast-schema-graph\">{\"@context\":\"https:\/\/schema.org\",\"@graph\":[{\"@type\":\"Article\",\"@id\":\"https:\/\/denizcankizil.tr\/ru\/haberler\/gundem\/hedef-holdingde-ust-duzey-atama\/#article\",\"isPartOf\":{\"@id\":\"https:\/\/denizcankizil.tr\/ru\/haberler\/gundem\/hedef-holdingde-ust-duzey-atama\/\"},\"author\":{\"name\":\"admin\",\"@id\":\"https:\/\/denizcankizil.tr\/#\/schema\/person\/be3c05fe6a12686905512445d8185489\"},\"headline\":\"Hedef Holding\u2019de \u00fcst d\u00fczey atama\",\"datePublished\":\"2025-04-16T14:42:22+00:00\",\"mainEntityOfPage\":{\"@id\":\"https:\/\/denizcankizil.tr\/ru\/haberler\/gundem\/hedef-holdingde-ust-duzey-atama\/\"},\"wordCount\":101,\"publisher\":{\"@id\":\"https:\/\/denizcankizil.tr\/#organization\"},\"articleSection\":[\"G\u00fcndem\"],\"inLanguage\":\"ru-RU\"},{\"@type\":\"WebPage\",\"@id\":\"https:\/\/denizcankizil.tr\/ru\/haberler\/gundem\/hedef-holdingde-ust-duzey-atama\/\",\"url\":\"https:\/\/denizcankizil.tr\/ru\/haberler\/gundem\/hedef-holdingde-ust-duzey-atama\/\",\"name\":\"Hedef Holding\u2019de \u00fcst d\u00fczey atama - Av. Deniz Can K\u0131z\u0131l\",\"isPartOf\":{\"@id\":\"https:\/\/denizcankizil.tr\/#website\"},\"datePublished\":\"2025-04-16T14:42:22+00:00\",\"breadcrumb\":{\"@id\":\"https:\/\/denizcankizil.tr\/ru\/haberler\/gundem\/hedef-holdingde-ust-duzey-atama\/#breadcrumb\"},\"inLanguage\":\"ru-RU\",\"potentialAction\":[{\"@type\":\"ReadAction\",\"target\":[\"https:\/\/denizcankizil.tr\/ru\/haberler\/gundem\/hedef-holdingde-ust-duzey-atama\/\"]}]},{\"@type\":\"BreadcrumbList\",\"@id\":\"https:\/\/denizcankizil.tr\/ru\/haberler\/gundem\/hedef-holdingde-ust-duzey-atama\/#breadcrumb\",\"itemListElement\":[{\"@type\":\"ListItem\",\"position\":1,\"name\":\"Home\",\"item\":\"https:\/\/denizcankizil.tr\/de\/\"},{\"@type\":\"ListItem\",\"position\":2,\"name\":\"Hedef Holding\u2019de \u00fcst d\u00fczey atama\"}]},{\"@type\":\"WebSite\",\"@id\":\"https:\/\/denizcankizil.tr\/#website\",\"url\":\"https:\/\/denizcankizil.tr\/\",\"name\":\"Av. Deniz Can K\u0131z\u0131l\",\"description\":\"Avukat Deniz Can K\u0131z\u0131l Antalya Barosu\",\"publisher\":{\"@id\":\"https:\/\/denizcankizil.tr\/#organization\"},\"potentialAction\":[{\"@type\":\"SearchAction\",\"target\":{\"@type\":\"EntryPoint\",\"urlTemplate\":\"https:\/\/denizcankizil.tr\/?s={search_term_string}\"},\"query-input\":{\"@type\":\"PropertyValueSpecification\",\"valueRequired\":true,\"valueName\":\"search_term_string\"}}],\"inLanguage\":\"ru-RU\"},{\"@type\":\"Organization\",\"@id\":\"https:\/\/denizcankizil.tr\/#organization\",\"name\":\"Av. Deniz Can K\u0131z\u0131l\",\"url\":\"https:\/\/denizcankizil.tr\/\",\"logo\":{\"@type\":\"ImageObject\",\"inLanguage\":\"ru-RU\",\"@id\":\"https:\/\/denizcankizil.tr\/#\/schema\/logo\/image\/\",\"url\":\"https:\/\/denizcankizil.tr\/wp-content\/uploads\/2024\/10\/siyah-logo-svg.svg\",\"contentUrl\":\"https:\/\/denizcankizil.tr\/wp-content\/uploads\/2024\/10\/siyah-logo-svg.svg\",\"width\":1080,\"height\":1080,\"caption\":\"Av. Deniz Can K\u0131z\u0131l\"},\"image\":{\"@id\":\"https:\/\/denizcankizil.tr\/#\/schema\/logo\/image\/\"}},{\"@type\":\"Person\",\"@id\":\"https:\/\/denizcankizil.tr\/#\/schema\/person\/be3c05fe6a12686905512445d8185489\",\"name\":\"admin\",\"image\":{\"@type\":\"ImageObject\",\"inLanguage\":\"ru-RU\",\"@id\":\"https:\/\/denizcankizil.tr\/#\/schema\/person\/image\/\",\"url\":\"https:\/\/secure.gravatar.com\/avatar\/c1fce94c830dc79107e174f890d7210541c4a63e8e5d816341794a2151c9d58c?s=96&d=mm&r=g\",\"contentUrl\":\"https:\/\/secure.gravatar.com\/avatar\/c1fce94c830dc79107e174f890d7210541c4a63e8e5d816341794a2151c9d58c?s=96&d=mm&r=g\",\"caption\":\"admin\"},\"sameAs\":[\"http:\/\/denizcankizil.tr\"],\"url\":\"https:\/\/www.iskenderun.org\/hedef-holdingde-ust-duzey-atama\"}]}<\/script>\n<!-- \/ Yoast SEO Premium plugin. -->","yoast_head_json":{"title":"Hedef Holding\u2019de \u00fcst d\u00fczey atama - Av. Deniz Can K\u0131z\u0131l","robots":{"index":"index","follow":"follow","max-snippet":"max-snippet:-1","max-image-preview":"max-image-preview:large","max-video-preview":"max-video-preview:-1"},"canonical":"https:\/\/denizcankizil.tr\/ru\/haberler\/gundem\/hedef-holdingde-ust-duzey-atama\/","og_locale":"ru_RU","og_type":"article","og_title":"Hedef Holding\u2019de \u00fcst d\u00fczey atama","og_description":"B\u00fcnyesinde Hedef Yat\u0131r\u0131m Bankas\u0131, \u0130nfo Yat\u0131r\u0131m, Hedef Portf\u00f6y ve Colendi Menkul De\u011ferler gibi \u00f6nde gelen finans \u015firketlerini bar\u0131nd\u0131ran Hedef Holding, CEO\u2019luk g\u00f6revine B\u00fclent K\u0131r\u0131ml\u0131\u2019n\u0131n getirildi\u011fini duyurdu. \u200bB\u00fcnyesinde Hedef Yat\u0131r\u0131m Bankas\u0131, \u0130nfo Yat\u0131r\u0131m, Hedef Portf\u00f6y ve Colendi Menkul De\u011ferler gibi \u00f6nde gelen finans \u015firketlerini bar\u0131nd\u0131ran Hedef Holding, CEO\u2019luk g\u00f6revine B\u00fclent K\u0131r\u0131ml\u0131\u2019n\u0131n getirildi\u011fini duyurdu.\u00a0 \u200bHaberin Al\u0131nt\u0131land\u0131\u011f\u0131 Kaynak: www.iskenderun.org","og_url":"https:\/\/denizcankizil.tr\/ru\/haberler\/gundem\/hedef-holdingde-ust-duzey-atama\/","og_site_name":"Av. Deniz Can K\u0131z\u0131l","article_published_time":"2025-04-16T14:42:22+00:00","author":"admin","twitter_card":"summary_large_image","twitter_misc":{"\u041d\u0430\u043f\u0438\u0441\u0430\u043d\u043e \u0430\u0432\u0442\u043e\u0440\u043e\u043c":"admin"},"schema":{"@context":"https:\/\/schema.org","@graph":[{"@type":"Article","@id":"https:\/\/denizcankizil.tr\/ru\/haberler\/gundem\/hedef-holdingde-ust-duzey-atama\/#article","isPartOf":{"@id":"https:\/\/denizcankizil.tr\/ru\/haberler\/gundem\/hedef-holdingde-ust-duzey-atama\/"},"author":{"name":"admin","@id":"https:\/\/denizcankizil.tr\/#\/schema\/person\/be3c05fe6a12686905512445d8185489"},"headline":"Hedef Holding\u2019de \u00fcst d\u00fczey atama","datePublished":"2025-04-16T14:42:22+00:00","mainEntityOfPage":{"@id":"https:\/\/denizcankizil.tr\/ru\/haberler\/gundem\/hedef-holdingde-ust-duzey-atama\/"},"wordCount":101,"publisher":{"@id":"https:\/\/denizcankizil.tr\/#organization"},"articleSection":["G\u00fcndem"],"inLanguage":"ru-RU"},{"@type":"WebPage","@id":"https:\/\/denizcankizil.tr\/ru\/haberler\/gundem\/hedef-holdingde-ust-duzey-atama\/","url":"https:\/\/denizcankizil.tr\/ru\/haberler\/gundem\/hedef-holdingde-ust-duzey-atama\/","name":"Hedef Holding\u2019de \u00fcst d\u00fczey atama - Av. Deniz Can K\u0131z\u0131l","isPartOf":{"@id":"https:\/\/denizcankizil.tr\/#website"},"datePublished":"2025-04-16T14:42:22+00:00","breadcrumb":{"@id":"https:\/\/denizcankizil.tr\/ru\/haberler\/gundem\/hedef-holdingde-ust-duzey-atama\/#breadcrumb"},"inLanguage":"ru-RU","potentialAction":[{"@type":"ReadAction","target":["https:\/\/denizcankizil.tr\/ru\/haberler\/gundem\/hedef-holdingde-ust-duzey-atama\/"]}]},{"@type":"BreadcrumbList","@id":"https:\/\/denizcankizil.tr\/ru\/haberler\/gundem\/hedef-holdingde-ust-duzey-atama\/#breadcrumb","itemListElement":[{"@type":"ListItem","position":1,"name":"Home","item":"https:\/\/denizcankizil.tr\/de\/"},{"@type":"ListItem","position":2,"name":"Hedef Holding\u2019de \u00fcst d\u00fczey atama"}]},{"@type":"WebSite","@id":"https:\/\/denizcankizil.tr\/#website","url":"https:\/\/denizcankizil.tr\/","name":"Av. Deniz Can K\u0131z\u0131l","description":"Avukat Deniz Can K\u0131z\u0131l Antalya Barosu","publisher":{"@id":"https:\/\/denizcankizil.tr\/#organization"},"potentialAction":[{"@type":"SearchAction","target":{"@type":"EntryPoint","urlTemplate":"https:\/\/denizcankizil.tr\/?s={search_term_string}"},"query-input":{"@type":"PropertyValueSpecification","valueRequired":true,"valueName":"search_term_string"}}],"inLanguage":"ru-RU"},{"@type":"Organization","@id":"https:\/\/denizcankizil.tr\/#organization","name":"Av. Deniz Can K\u0131z\u0131l","url":"https:\/\/denizcankizil.tr\/","logo":{"@type":"ImageObject","inLanguage":"ru-RU","@id":"https:\/\/denizcankizil.tr\/#\/schema\/logo\/image\/","url":"https:\/\/denizcankizil.tr\/wp-content\/uploads\/2024\/10\/siyah-logo-svg.svg","contentUrl":"https:\/\/denizcankizil.tr\/wp-content\/uploads\/2024\/10\/siyah-logo-svg.svg","width":1080,"height":1080,"caption":"Av. Deniz Can K\u0131z\u0131l"},"image":{"@id":"https:\/\/denizcankizil.tr\/#\/schema\/logo\/image\/"}},{"@type":"Person","@id":"https:\/\/denizcankizil.tr\/#\/schema\/person\/be3c05fe6a12686905512445d8185489","name":"\u0430\u0434\u043c\u0438\u043d","image":{"@type":"ImageObject","inLanguage":"ru-RU","@id":"https:\/\/denizcankizil.tr\/#\/schema\/person\/image\/","url":"https:\/\/secure.gravatar.com\/avatar\/c1fce94c830dc79107e174f890d7210541c4a63e8e5d816341794a2151c9d58c?s=96&d=mm&r=g","contentUrl":"https:\/\/secure.gravatar.com\/avatar\/c1fce94c830dc79107e174f890d7210541c4a63e8e5d816341794a2151c9d58c?s=96&d=mm&r=g","caption":"admin"},"sameAs":["http:\/\/denizcankizil.tr"],"url":"https:\/\/www.iskenderun.org\/hedef-holdingde-ust-duzey-atama"}]}},"_links":{"self":[{"href":"https:\/\/denizcankizil.tr\/ru\/wp-json\/wp\/v2\/posts\/57673","targetHints":{"allow":["GET"]}}],"collection":[{"href":"https:\/\/denizcankizil.tr\/ru\/wp-json\/wp\/v2\/posts"}],"about":[{"href":"https:\/\/denizcankizil.tr\/ru\/wp-json\/wp\/v2\/types\/post"}],"author":[{"embeddable":true,"href":"https:\/\/denizcankizil.tr\/ru\/wp-json\/wp\/v2\/users\/1"}],"replies":[{"embeddable":true,"href":"https:\/\/denizcankizil.tr\/ru\/wp-json\/wp\/v2\/comments?post=57673"}],"version-history":[{"count":0,"href":"https:\/\/denizcankizil.tr\/ru\/wp-json\/wp\/v2\/posts\/57673\/revisions"}],"wp:attachment":[{"href":"https:\/\/denizcankizil.tr\/ru\/wp-json\/wp\/v2\/media?parent=57673"}],"wp:term":[{"taxonomy":"category","embeddable":true,"href":"https:\/\/denizcankizil.tr\/ru\/wp-json\/wp\/v2\/categories?post=57673"},{"taxonomy":"post_tag","embeddable":true,"href":"https:\/\/denizcankizil.tr\/ru\/wp-json\/wp\/v2\/tags?post=57673"}],"curies":[{"name":"wp","href":"https:\/\/api.w.org\/{rel}","templated":true}]}}