{"id":57246,"date":"2025-04-16T09:41:25","date_gmt":"2025-04-16T06:41:25","guid":{"rendered":"https:\/\/denizcankizil.tr\/uncategorized-tr\/market-yangini-gozyaslarina-bogdu\/"},"modified":"2025-04-16T09:41:25","modified_gmt":"2025-04-16T06:41:25","slug":"market-yangini-gozyaslarina-bogdu","status":"publish","type":"post","link":"https:\/\/denizcankizil.tr\/ru\/haberler\/antalya\/market-yangini-gozyaslarina-bogdu\/","title":{"rendered":"Market yang\u0131n\u0131 g\u00f6zya\u015flar\u0131na bo\u011fdu"},"content":{"rendered":"<p>Yang\u0131n, saat 17.30 s\u0131ralar\u0131nda Yenido\u011fan Mahallesi Adnan Selekler Caddesi ile 3076 sokak kesi\u015fiminde bulunan bir markette meydana geldi. Marketin \u00fcst kat\u0131ndan dumanlar \u00e7\u0131kt\u0131\u011f\u0131n\u0131 g\u00f6ren vatanda\u015flar durumu market sahibi ve 112 Acil \u00c7a\u011fr\u0131 Merkezi&#8217;ne bildirdi. Vatanda\u015flar\u0131n kendi imkanlar\u0131 ve yang\u0131n t\u00fcp\u00fc ile m\u00fcdahalesi yetersiz kal\u0131rken k\u0131sa s\u00fcrede b\u00fcy\u00fcyen alevler marketin \u00fcst kat\u0131n\u0131 tamamen sard\u0131. Alevler k\u0131sa s\u00fcrede marketin alt kat\u0131na da s\u0131\u00e7rad\u0131. Alevler i\u015f yerini sararken, g\u00f6ky\u00fcz\u00fcn\u00fc kaplayan siyah dumanlar kilometrelerce uzaktan g\u00f6r\u00fcld\u00fc.<br \/>\n112 Acil \u00c7a\u011fr\u0131 Merkezi&#8217;ne yap\u0131lan ihbar sonras\u0131 olay yerine \u00e7ok say\u0131da itfaiye, polis ve sa\u011fl\u0131k ekibi sevk edilirken ak\u015fam mesai \u00e7\u0131k\u0131\u015f\u0131 olmas\u0131 nedeniyle olu\u015fan trafikte ekipler yang\u0131n yerine ula\u015fmakta g\u00fc\u00e7l\u00fck \u00e7ekti. Olay yerine gelen itfaiye ekiplerinin yakla\u015f\u0131k 1 saatlik \u00e7al\u0131\u015fma sonucu yang\u0131n s\u00f6nd\u00fcr\u00fcld\u00fc.<br \/>\nBu s\u0131rada yang\u0131n\u0131n ilk anlar\u0131na ait g\u00f6r\u00fcnt\u00fcler vatanda\u015flar taraf\u0131ndan cep telefonu kameras\u0131 ile kaydedildi. G\u00f6r\u00fcnt\u00fclerde marketin alevli \u015fekilde yand\u0131\u011f\u0131, yang\u0131n nedeniyle b\u00fcy\u00fck panik ya\u015fayan ve g\u00f6zya\u015flar\u0131n\u0131 tutamayan market sahibi kad\u0131n\u0131 vatanda\u015flar taraf\u0131ndan sakinle\u015ftirilmeye \u00e7al\u0131\u015f\u0131ld\u0131\u011f\u0131 g\u00f6r\u00fcld\u00fc.<\/p>\n<p>&#8220;3 dakikada her yeri sard\u0131&#8221;<br \/>\nYang\u0131n\u0131 ilk fark eden ve yang\u0131n t\u00fcp\u00fc ile m\u00fcdahale etmek isteyen vatanda\u015flardan Umut \u00c7elik, duman\u0131 fark ettikten sonra yang\u0131n t\u00fcp\u00fc ile m\u00fcdahale ettiklerini ancak yetersiz kald\u0131klar\u0131n\u0131 belirterek, &#8220;D\u00fckkanda otururken duman \u00fcst katta k\u00f6\u015feden \u00e7\u0131kt\u0131\u011f\u0131n\u0131 g\u00f6rd\u00fck. Karde\u015fimde arabadayd\u0131, ara\u00e7tan yang\u0131n t\u00fcplerini alarak s\u00f6nd\u00fcrmek i\u00e7in i\u00e7eri girdi. 2 t\u00fcp bir anda bitti, g\u00fcc\u00fcm\u00fcz yetmedi. 3 dakika i\u00e7inde k\u00fcle d\u00f6nd\u00fc buras\u0131, her \u015fey \u00fcst kattan ba\u015flad\u0131. Oradan da alt kata s\u0131\u00e7rad\u0131, binay\u0131 komple sard\u0131. 3 dakika i\u00e7erisinde her yeri sard\u0131&#8221; dedi.<br \/>\nYang\u0131n nedeniyle i\u015f yerinde b\u00fcy\u00fck \u00e7apta maddi hasar meydana geldi.<\/p>\n<p>Kaynak: www.kanalv.com.tr Haber Sitesinden Al\u0131nm\u0131\u015ft\u0131r.<\/p>","protected":false},"excerpt":{"rendered":"<p>Yang\u0131n, saat 17.30 s\u0131ralar\u0131nda Yenido\u011fan Mahallesi Adnan Selekler Caddesi ile 3076 sokak kesi\u015fiminde bulunan bir markette meydana geldi. Marketin \u00fcst kat\u0131ndan dumanlar \u00e7\u0131kt\u0131\u011f\u0131n\u0131 g\u00f6ren vatanda\u015flar durumu market sahibi ve 112 Acil \u00c7a\u011fr\u0131 Merkezi&#8217;ne bildirdi. Vatanda\u015flar\u0131n kendi imkanlar\u0131 ve yang\u0131n t\u00fcp\u00fc ile m\u00fcdahalesi yetersiz kal\u0131rken k\u0131sa s\u00fcrede b\u00fcy\u00fcyen alevler marketin \u00fcst kat\u0131n\u0131 tamamen sard\u0131. Alevler k\u0131sa s\u00fcrede marketin alt kat\u0131na da s\u0131\u00e7rad\u0131. Alevler i\u015f yerini sararken, g\u00f6ky\u00fcz\u00fcn\u00fc kaplayan siyah dumanlar kilometrelerce uzaktan g\u00f6r\u00fcld\u00fc. 112 Acil \u00c7a\u011fr\u0131 Merkezi&#8217;ne yap\u0131lan ihbar sonras\u0131 olay yerine \u00e7ok say\u0131da itfaiye, polis ve sa\u011fl\u0131k ekibi sevk edilirken ak\u015fam mesai \u00e7\u0131k\u0131\u015f\u0131 olmas\u0131 nedeniyle olu\u015fan trafikte ekipler yang\u0131n yerine ula\u015fmakta g\u00fc\u00e7l\u00fck \u00e7ekti. Olay yerine gelen itfaiye ekiplerinin yakla\u015f\u0131k 1 saatlik \u00e7al\u0131\u015fma sonucu yang\u0131n s\u00f6nd\u00fcr\u00fcld\u00fc. Bu s\u0131rada yang\u0131n\u0131n ilk anlar\u0131na ait g\u00f6r\u00fcnt\u00fcler vatanda\u015flar taraf\u0131ndan cep telefonu kameras\u0131 ile kaydedildi. G\u00f6r\u00fcnt\u00fclerde marketin alevli \u015fekilde yand\u0131\u011f\u0131, yang\u0131n nedeniyle b\u00fcy\u00fck panik ya\u015fayan ve g\u00f6zya\u015flar\u0131n\u0131 tutamayan market sahibi kad\u0131n\u0131 vatanda\u015flar taraf\u0131ndan sakinle\u015ftirilmeye \u00e7al\u0131\u015f\u0131ld\u0131\u011f\u0131 g\u00f6r\u00fcld\u00fc. &#8220;3 dakikada her yeri sard\u0131&#8221; Yang\u0131n\u0131 ilk fark eden ve yang\u0131n t\u00fcp\u00fc ile m\u00fcdahale etmek isteyen vatanda\u015flardan Umut \u00c7elik, duman\u0131 fark ettikten sonra yang\u0131n t\u00fcp\u00fc ile m\u00fcdahale ettiklerini ancak yetersiz kald\u0131klar\u0131n\u0131 belirterek, &#8220;D\u00fckkanda otururken duman \u00fcst katta k\u00f6\u015feden \u00e7\u0131kt\u0131\u011f\u0131n\u0131 g\u00f6rd\u00fck. Karde\u015fimde arabadayd\u0131, ara\u00e7tan yang\u0131n t\u00fcplerini alarak s\u00f6nd\u00fcrmek i\u00e7in i\u00e7eri girdi. &hellip;<\/p>","protected":false},"author":4,"featured_media":57247,"comment_status":"","ping_status":"open","sticky":false,"template":"","format":"standard","meta":{"_acf_changed":false,"footnotes":""},"categories":[26],"tags":[],"class_list":["post-57246","post","type-post","status-publish","format-standard","has-post-thumbnail","hentry","category-antalya"],"acf":[],"yoast_head":"<!-- This site is optimized with the Yoast SEO Premium plugin v26.6 (Yoast SEO v27.1.1) - https:\/\/yoast.com\/product\/yoast-seo-premium-wordpress\/ -->\n<title>Market yang\u0131n\u0131 g\u00f6zya\u015flar\u0131na bo\u011fdu - Av. Deniz Can K\u0131z\u0131l<\/title>\n<meta name=\"robots\" content=\"index, follow, max-snippet:-1, max-image-preview:large, max-video-preview:-1\" \/>\n<link rel=\"canonical\" href=\"https:\/\/denizcankizil.tr\/ru\/haberler\/antalya\/market-yangini-gozyaslarina-bogdu\/\" \/>\n<meta property=\"og:locale\" content=\"ru_RU\" \/>\n<meta property=\"og:type\" content=\"article\" \/>\n<meta property=\"og:title\" content=\"Market yang\u0131n\u0131 g\u00f6zya\u015flar\u0131na bo\u011fdu\" \/>\n<meta property=\"og:description\" content=\"Yang\u0131n, saat 17.30 s\u0131ralar\u0131nda Yenido\u011fan Mahallesi Adnan Selekler Caddesi ile 3076 sokak kesi\u015fiminde bulunan bir markette meydana geldi. Marketin \u00fcst kat\u0131ndan dumanlar \u00e7\u0131kt\u0131\u011f\u0131n\u0131 g\u00f6ren vatanda\u015flar durumu market sahibi ve 112 Acil \u00c7a\u011fr\u0131 Merkezi&#8217;ne bildirdi. Vatanda\u015flar\u0131n kendi imkanlar\u0131 ve yang\u0131n t\u00fcp\u00fc ile m\u00fcdahalesi yetersiz kal\u0131rken k\u0131sa s\u00fcrede b\u00fcy\u00fcyen alevler marketin \u00fcst kat\u0131n\u0131 tamamen sard\u0131. Alevler k\u0131sa s\u00fcrede marketin alt kat\u0131na da s\u0131\u00e7rad\u0131. Alevler i\u015f yerini sararken, g\u00f6ky\u00fcz\u00fcn\u00fc kaplayan siyah dumanlar kilometrelerce uzaktan g\u00f6r\u00fcld\u00fc. 112 Acil \u00c7a\u011fr\u0131 Merkezi&#8217;ne yap\u0131lan ihbar sonras\u0131 olay yerine \u00e7ok say\u0131da itfaiye, polis ve sa\u011fl\u0131k ekibi sevk edilirken ak\u015fam mesai \u00e7\u0131k\u0131\u015f\u0131 olmas\u0131 nedeniyle olu\u015fan trafikte ekipler yang\u0131n yerine ula\u015fmakta g\u00fc\u00e7l\u00fck \u00e7ekti. Olay yerine gelen itfaiye ekiplerinin yakla\u015f\u0131k 1 saatlik \u00e7al\u0131\u015fma sonucu yang\u0131n s\u00f6nd\u00fcr\u00fcld\u00fc. Bu s\u0131rada yang\u0131n\u0131n ilk anlar\u0131na ait g\u00f6r\u00fcnt\u00fcler vatanda\u015flar taraf\u0131ndan cep telefonu kameras\u0131 ile kaydedildi. G\u00f6r\u00fcnt\u00fclerde marketin alevli \u015fekilde yand\u0131\u011f\u0131, yang\u0131n nedeniyle b\u00fcy\u00fck panik ya\u015fayan ve g\u00f6zya\u015flar\u0131n\u0131 tutamayan market sahibi kad\u0131n\u0131 vatanda\u015flar taraf\u0131ndan sakinle\u015ftirilmeye \u00e7al\u0131\u015f\u0131ld\u0131\u011f\u0131 g\u00f6r\u00fcld\u00fc. &#8220;3 dakikada her yeri sard\u0131&#8221; Yang\u0131n\u0131 ilk fark eden ve yang\u0131n t\u00fcp\u00fc ile m\u00fcdahale etmek isteyen vatanda\u015flardan Umut \u00c7elik, duman\u0131 fark ettikten sonra yang\u0131n t\u00fcp\u00fc ile m\u00fcdahale ettiklerini ancak yetersiz kald\u0131klar\u0131n\u0131 belirterek, &#8220;D\u00fckkanda otururken duman \u00fcst katta k\u00f6\u015feden \u00e7\u0131kt\u0131\u011f\u0131n\u0131 g\u00f6rd\u00fck. Karde\u015fimde arabadayd\u0131, ara\u00e7tan yang\u0131n t\u00fcplerini alarak s\u00f6nd\u00fcrmek i\u00e7in i\u00e7eri girdi. &hellip;\" \/>\n<meta property=\"og:url\" content=\"https:\/\/denizcankizil.tr\/ru\/haberler\/antalya\/market-yangini-gozyaslarina-bogdu\/\" \/>\n<meta property=\"og:site_name\" content=\"Av. Deniz Can K\u0131z\u0131l\" \/>\n<meta property=\"article:published_time\" content=\"2025-04-16T06:41:25+00:00\" \/>\n<meta property=\"og:image\" content=\"https:\/\/denizcankizil.tr\/wp-content\/uploads\/2025\/04\/5815-01-qS6Frj.jpg\" \/>\n\t<meta property=\"og:image:width\" content=\"1280\" \/>\n\t<meta property=\"og:image:height\" content=\"720\" \/>\n\t<meta property=\"og:image:type\" content=\"image\/jpeg\" \/>\n<meta name=\"author\" content=\"Av. Deniz Can K\u0131z\u0131l\" \/>\n<meta name=\"twitter:card\" content=\"summary_large_image\" \/>\n<meta name=\"twitter:label1\" content=\"\u041d\u0430\u043f\u0438\u0441\u0430\u043d\u043e \u0430\u0432\u0442\u043e\u0440\u043e\u043c\" \/>\n\t<meta name=\"twitter:data1\" content=\"Av. Deniz Can K\u0131z\u0131l\" \/>\n\t<meta name=\"twitter:label2\" content=\"\u041f\u0440\u0438\u043c\u0435\u0440\u043d\u043e\u0435 \u0432\u0440\u0435\u043c\u044f \u0434\u043b\u044f \u0447\u0442\u0435\u043d\u0438\u044f\" \/>\n\t<meta name=\"twitter:data2\" content=\"2 \u043c\u0438\u043d\u0443\u0442\u044b\" \/>\n<script type=\"application\/ld+json\" class=\"yoast-schema-graph\">{\"@context\":\"https:\/\/schema.org\",\"@graph\":[{\"@type\":\"Article\",\"@id\":\"https:\/\/denizcankizil.tr\/ru\/haberler\/antalya\/market-yangini-gozyaslarina-bogdu\/#article\",\"isPartOf\":{\"@id\":\"https:\/\/denizcankizil.tr\/ru\/haberler\/antalya\/market-yangini-gozyaslarina-bogdu\/\"},\"author\":{\"name\":\"Av. Deniz Can K\u0131z\u0131l\",\"@id\":\"https:\/\/denizcankizil.tr\/#\/schema\/person\/5dc1b22991bd7ac833867c10afc9b0ff\"},\"headline\":\"Market yang\u0131n\u0131 g\u00f6zya\u015flar\u0131na bo\u011fdu\",\"datePublished\":\"2025-04-16T06:41:25+00:00\",\"mainEntityOfPage\":{\"@id\":\"https:\/\/denizcankizil.tr\/ru\/haberler\/antalya\/market-yangini-gozyaslarina-bogdu\/\"},\"wordCount\":365,\"publisher\":{\"@id\":\"https:\/\/denizcankizil.tr\/#organization\"},\"image\":{\"@id\":\"https:\/\/denizcankizil.tr\/ru\/haberler\/antalya\/market-yangini-gozyaslarina-bogdu\/#primaryimage\"},\"thumbnailUrl\":\"https:\/\/denizcankizil.tr\/wp-content\/uploads\/2025\/04\/5815-01-qS6Frj.jpg\",\"articleSection\":[\"Antalya\"],\"inLanguage\":\"ru-RU\"},{\"@type\":\"WebPage\",\"@id\":\"https:\/\/denizcankizil.tr\/ru\/haberler\/antalya\/market-yangini-gozyaslarina-bogdu\/\",\"url\":\"https:\/\/denizcankizil.tr\/ru\/haberler\/antalya\/market-yangini-gozyaslarina-bogdu\/\",\"name\":\"Market yang\u0131n\u0131 g\u00f6zya\u015flar\u0131na bo\u011fdu - Av. Deniz Can K\u0131z\u0131l\",\"isPartOf\":{\"@id\":\"https:\/\/denizcankizil.tr\/#website\"},\"primaryImageOfPage\":{\"@id\":\"https:\/\/denizcankizil.tr\/ru\/haberler\/antalya\/market-yangini-gozyaslarina-bogdu\/#primaryimage\"},\"image\":{\"@id\":\"https:\/\/denizcankizil.tr\/ru\/haberler\/antalya\/market-yangini-gozyaslarina-bogdu\/#primaryimage\"},\"thumbnailUrl\":\"https:\/\/denizcankizil.tr\/wp-content\/uploads\/2025\/04\/5815-01-qS6Frj.jpg\",\"datePublished\":\"2025-04-16T06:41:25+00:00\",\"breadcrumb\":{\"@id\":\"https:\/\/denizcankizil.tr\/ru\/haberler\/antalya\/market-yangini-gozyaslarina-bogdu\/#breadcrumb\"},\"inLanguage\":\"ru-RU\",\"potentialAction\":[{\"@type\":\"ReadAction\",\"target\":[\"https:\/\/denizcankizil.tr\/ru\/haberler\/antalya\/market-yangini-gozyaslarina-bogdu\/\"]}]},{\"@type\":\"ImageObject\",\"inLanguage\":\"ru-RU\",\"@id\":\"https:\/\/denizcankizil.tr\/ru\/haberler\/antalya\/market-yangini-gozyaslarina-bogdu\/#primaryimage\",\"url\":\"https:\/\/denizcankizil.tr\/wp-content\/uploads\/2025\/04\/5815-01-qS6Frj.jpg\",\"contentUrl\":\"https:\/\/denizcankizil.tr\/wp-content\/uploads\/2025\/04\/5815-01-qS6Frj.jpg\",\"width\":1280,\"height\":720},{\"@type\":\"BreadcrumbList\",\"@id\":\"https:\/\/denizcankizil.tr\/ru\/haberler\/antalya\/market-yangini-gozyaslarina-bogdu\/#breadcrumb\",\"itemListElement\":[{\"@type\":\"ListItem\",\"position\":1,\"name\":\"Home\",\"item\":\"https:\/\/denizcankizil.tr\/de\/\"},{\"@type\":\"ListItem\",\"position\":2,\"name\":\"Market yang\u0131n\u0131 g\u00f6zya\u015flar\u0131na bo\u011fdu\"}]},{\"@type\":\"WebSite\",\"@id\":\"https:\/\/denizcankizil.tr\/#website\",\"url\":\"https:\/\/denizcankizil.tr\/\",\"name\":\"Av. Deniz Can K\u0131z\u0131l\",\"description\":\"Avukat Deniz Can K\u0131z\u0131l Antalya Barosu\",\"publisher\":{\"@id\":\"https:\/\/denizcankizil.tr\/#organization\"},\"potentialAction\":[{\"@type\":\"SearchAction\",\"target\":{\"@type\":\"EntryPoint\",\"urlTemplate\":\"https:\/\/denizcankizil.tr\/?s={search_term_string}\"},\"query-input\":{\"@type\":\"PropertyValueSpecification\",\"valueRequired\":true,\"valueName\":\"search_term_string\"}}],\"inLanguage\":\"ru-RU\"},{\"@type\":\"Organization\",\"@id\":\"https:\/\/denizcankizil.tr\/#organization\",\"name\":\"Av. Deniz Can K\u0131z\u0131l\",\"url\":\"https:\/\/denizcankizil.tr\/\",\"logo\":{\"@type\":\"ImageObject\",\"inLanguage\":\"ru-RU\",\"@id\":\"https:\/\/denizcankizil.tr\/#\/schema\/logo\/image\/\",\"url\":\"https:\/\/denizcankizil.tr\/wp-content\/uploads\/2024\/10\/siyah-logo-svg.svg\",\"contentUrl\":\"https:\/\/denizcankizil.tr\/wp-content\/uploads\/2024\/10\/siyah-logo-svg.svg\",\"width\":1080,\"height\":1080,\"caption\":\"Av. Deniz Can K\u0131z\u0131l\"},\"image\":{\"@id\":\"https:\/\/denizcankizil.tr\/#\/schema\/logo\/image\/\"}},{\"@type\":\"Person\",\"@id\":\"https:\/\/denizcankizil.tr\/#\/schema\/person\/5dc1b22991bd7ac833867c10afc9b0ff\",\"name\":\"Av. Deniz Can K\u0131z\u0131l\",\"image\":{\"@type\":\"ImageObject\",\"inLanguage\":\"ru-RU\",\"@id\":\"https:\/\/denizcankizil.tr\/#\/schema\/person\/image\/\",\"url\":\"https:\/\/secure.gravatar.com\/avatar\/a0b128fb9855c79efc976d5640eedb31dc35ec297594d6016d2cf7c60e975bb6?s=96&d=mm&r=g\",\"contentUrl\":\"https:\/\/secure.gravatar.com\/avatar\/a0b128fb9855c79efc976d5640eedb31dc35ec297594d6016d2cf7c60e975bb6?s=96&d=mm&r=g\",\"caption\":\"Av. Deniz Can K\u0131z\u0131l\"},\"sameAs\":[\"http:\/\/www.denizcankizil.tr\"],\"url\":\"https:\/\/denizcankizil.tr\/ru\/author\/denizcankizil\/\"}]}<\/script>\n<!-- \/ Yoast SEO Premium plugin. -->","yoast_head_json":{"title":"Market yang\u0131n\u0131 g\u00f6zya\u015flar\u0131na bo\u011fdu - Av. Deniz Can K\u0131z\u0131l","robots":{"index":"index","follow":"follow","max-snippet":"max-snippet:-1","max-image-preview":"max-image-preview:large","max-video-preview":"max-video-preview:-1"},"canonical":"https:\/\/denizcankizil.tr\/ru\/haberler\/antalya\/market-yangini-gozyaslarina-bogdu\/","og_locale":"ru_RU","og_type":"article","og_title":"Market yang\u0131n\u0131 g\u00f6zya\u015flar\u0131na bo\u011fdu","og_description":"Yang\u0131n, saat 17.30 s\u0131ralar\u0131nda Yenido\u011fan Mahallesi Adnan Selekler Caddesi ile 3076 sokak kesi\u015fiminde bulunan bir markette meydana geldi. Marketin \u00fcst kat\u0131ndan dumanlar \u00e7\u0131kt\u0131\u011f\u0131n\u0131 g\u00f6ren vatanda\u015flar durumu market sahibi ve 112 Acil \u00c7a\u011fr\u0131 Merkezi&#8217;ne bildirdi. Vatanda\u015flar\u0131n kendi imkanlar\u0131 ve yang\u0131n t\u00fcp\u00fc ile m\u00fcdahalesi yetersiz kal\u0131rken k\u0131sa s\u00fcrede b\u00fcy\u00fcyen alevler marketin \u00fcst kat\u0131n\u0131 tamamen sard\u0131. Alevler k\u0131sa s\u00fcrede marketin alt kat\u0131na da s\u0131\u00e7rad\u0131. Alevler i\u015f yerini sararken, g\u00f6ky\u00fcz\u00fcn\u00fc kaplayan siyah dumanlar kilometrelerce uzaktan g\u00f6r\u00fcld\u00fc. 112 Acil \u00c7a\u011fr\u0131 Merkezi&#8217;ne yap\u0131lan ihbar sonras\u0131 olay yerine \u00e7ok say\u0131da itfaiye, polis ve sa\u011fl\u0131k ekibi sevk edilirken ak\u015fam mesai \u00e7\u0131k\u0131\u015f\u0131 olmas\u0131 nedeniyle olu\u015fan trafikte ekipler yang\u0131n yerine ula\u015fmakta g\u00fc\u00e7l\u00fck \u00e7ekti. Olay yerine gelen itfaiye ekiplerinin yakla\u015f\u0131k 1 saatlik \u00e7al\u0131\u015fma sonucu yang\u0131n s\u00f6nd\u00fcr\u00fcld\u00fc. Bu s\u0131rada yang\u0131n\u0131n ilk anlar\u0131na ait g\u00f6r\u00fcnt\u00fcler vatanda\u015flar taraf\u0131ndan cep telefonu kameras\u0131 ile kaydedildi. G\u00f6r\u00fcnt\u00fclerde marketin alevli \u015fekilde yand\u0131\u011f\u0131, yang\u0131n nedeniyle b\u00fcy\u00fck panik ya\u015fayan ve g\u00f6zya\u015flar\u0131n\u0131 tutamayan market sahibi kad\u0131n\u0131 vatanda\u015flar taraf\u0131ndan sakinle\u015ftirilmeye \u00e7al\u0131\u015f\u0131ld\u0131\u011f\u0131 g\u00f6r\u00fcld\u00fc. &#8220;3 dakikada her yeri sard\u0131&#8221; Yang\u0131n\u0131 ilk fark eden ve yang\u0131n t\u00fcp\u00fc ile m\u00fcdahale etmek isteyen vatanda\u015flardan Umut \u00c7elik, duman\u0131 fark ettikten sonra yang\u0131n t\u00fcp\u00fc ile m\u00fcdahale ettiklerini ancak yetersiz kald\u0131klar\u0131n\u0131 belirterek, &#8220;D\u00fckkanda otururken duman \u00fcst katta k\u00f6\u015feden \u00e7\u0131kt\u0131\u011f\u0131n\u0131 g\u00f6rd\u00fck. Karde\u015fimde arabadayd\u0131, ara\u00e7tan yang\u0131n t\u00fcplerini alarak s\u00f6nd\u00fcrmek i\u00e7in i\u00e7eri girdi. &hellip;","og_url":"https:\/\/denizcankizil.tr\/ru\/haberler\/antalya\/market-yangini-gozyaslarina-bogdu\/","og_site_name":"Av. Deniz Can K\u0131z\u0131l","article_published_time":"2025-04-16T06:41:25+00:00","og_image":[{"width":1280,"height":720,"url":"https:\/\/denizcankizil.tr\/wp-content\/uploads\/2025\/04\/5815-01-qS6Frj.jpg","type":"image\/jpeg"}],"author":"Av. Deniz Can K\u0131z\u0131l","twitter_card":"summary_large_image","twitter_misc":{"\u041d\u0430\u043f\u0438\u0441\u0430\u043d\u043e \u0430\u0432\u0442\u043e\u0440\u043e\u043c":"Av. Deniz Can K\u0131z\u0131l","\u041f\u0440\u0438\u043c\u0435\u0440\u043d\u043e\u0435 \u0432\u0440\u0435\u043c\u044f \u0434\u043b\u044f \u0447\u0442\u0435\u043d\u0438\u044f":"2 \u043c\u0438\u043d\u0443\u0442\u044b"},"schema":{"@context":"https:\/\/schema.org","@graph":[{"@type":"Article","@id":"https:\/\/denizcankizil.tr\/ru\/haberler\/antalya\/market-yangini-gozyaslarina-bogdu\/#article","isPartOf":{"@id":"https:\/\/denizcankizil.tr\/ru\/haberler\/antalya\/market-yangini-gozyaslarina-bogdu\/"},"author":{"name":"Av. Deniz Can K\u0131z\u0131l","@id":"https:\/\/denizcankizil.tr\/#\/schema\/person\/5dc1b22991bd7ac833867c10afc9b0ff"},"headline":"Market yang\u0131n\u0131 g\u00f6zya\u015flar\u0131na bo\u011fdu","datePublished":"2025-04-16T06:41:25+00:00","mainEntityOfPage":{"@id":"https:\/\/denizcankizil.tr\/ru\/haberler\/antalya\/market-yangini-gozyaslarina-bogdu\/"},"wordCount":365,"publisher":{"@id":"https:\/\/denizcankizil.tr\/#organization"},"image":{"@id":"https:\/\/denizcankizil.tr\/ru\/haberler\/antalya\/market-yangini-gozyaslarina-bogdu\/#primaryimage"},"thumbnailUrl":"https:\/\/denizcankizil.tr\/wp-content\/uploads\/2025\/04\/5815-01-qS6Frj.jpg","articleSection":["Antalya"],"inLanguage":"ru-RU"},{"@type":"WebPage","@id":"https:\/\/denizcankizil.tr\/ru\/haberler\/antalya\/market-yangini-gozyaslarina-bogdu\/","url":"https:\/\/denizcankizil.tr\/ru\/haberler\/antalya\/market-yangini-gozyaslarina-bogdu\/","name":"Market yang\u0131n\u0131 g\u00f6zya\u015flar\u0131na bo\u011fdu - Av. Deniz Can K\u0131z\u0131l","isPartOf":{"@id":"https:\/\/denizcankizil.tr\/#website"},"primaryImageOfPage":{"@id":"https:\/\/denizcankizil.tr\/ru\/haberler\/antalya\/market-yangini-gozyaslarina-bogdu\/#primaryimage"},"image":{"@id":"https:\/\/denizcankizil.tr\/ru\/haberler\/antalya\/market-yangini-gozyaslarina-bogdu\/#primaryimage"},"thumbnailUrl":"https:\/\/denizcankizil.tr\/wp-content\/uploads\/2025\/04\/5815-01-qS6Frj.jpg","datePublished":"2025-04-16T06:41:25+00:00","breadcrumb":{"@id":"https:\/\/denizcankizil.tr\/ru\/haberler\/antalya\/market-yangini-gozyaslarina-bogdu\/#breadcrumb"},"inLanguage":"ru-RU","potentialAction":[{"@type":"ReadAction","target":["https:\/\/denizcankizil.tr\/ru\/haberler\/antalya\/market-yangini-gozyaslarina-bogdu\/"]}]},{"@type":"ImageObject","inLanguage":"ru-RU","@id":"https:\/\/denizcankizil.tr\/ru\/haberler\/antalya\/market-yangini-gozyaslarina-bogdu\/#primaryimage","url":"https:\/\/denizcankizil.tr\/wp-content\/uploads\/2025\/04\/5815-01-qS6Frj.jpg","contentUrl":"https:\/\/denizcankizil.tr\/wp-content\/uploads\/2025\/04\/5815-01-qS6Frj.jpg","width":1280,"height":720},{"@type":"BreadcrumbList","@id":"https:\/\/denizcankizil.tr\/ru\/haberler\/antalya\/market-yangini-gozyaslarina-bogdu\/#breadcrumb","itemListElement":[{"@type":"ListItem","position":1,"name":"Home","item":"https:\/\/denizcankizil.tr\/de\/"},{"@type":"ListItem","position":2,"name":"Market yang\u0131n\u0131 g\u00f6zya\u015flar\u0131na bo\u011fdu"}]},{"@type":"WebSite","@id":"https:\/\/denizcankizil.tr\/#website","url":"https:\/\/denizcankizil.tr\/","name":"Av. Deniz Can K\u0131z\u0131l","description":"Avukat Deniz Can K\u0131z\u0131l Antalya Barosu","publisher":{"@id":"https:\/\/denizcankizil.tr\/#organization"},"potentialAction":[{"@type":"SearchAction","target":{"@type":"EntryPoint","urlTemplate":"https:\/\/denizcankizil.tr\/?s={search_term_string}"},"query-input":{"@type":"PropertyValueSpecification","valueRequired":true,"valueName":"search_term_string"}}],"inLanguage":"ru-RU"},{"@type":"Organization","@id":"https:\/\/denizcankizil.tr\/#organization","name":"Av. Deniz Can K\u0131z\u0131l","url":"https:\/\/denizcankizil.tr\/","logo":{"@type":"ImageObject","inLanguage":"ru-RU","@id":"https:\/\/denizcankizil.tr\/#\/schema\/logo\/image\/","url":"https:\/\/denizcankizil.tr\/wp-content\/uploads\/2024\/10\/siyah-logo-svg.svg","contentUrl":"https:\/\/denizcankizil.tr\/wp-content\/uploads\/2024\/10\/siyah-logo-svg.svg","width":1080,"height":1080,"caption":"Av. Deniz Can K\u0131z\u0131l"},"image":{"@id":"https:\/\/denizcankizil.tr\/#\/schema\/logo\/image\/"}},{"@type":"Person","@id":"https:\/\/denizcankizil.tr\/#\/schema\/person\/5dc1b22991bd7ac833867c10afc9b0ff","name":"Av. Deniz Can K\u0131z\u0131l","image":{"@type":"ImageObject","inLanguage":"ru-RU","@id":"https:\/\/denizcankizil.tr\/#\/schema\/person\/image\/","url":"https:\/\/secure.gravatar.com\/avatar\/a0b128fb9855c79efc976d5640eedb31dc35ec297594d6016d2cf7c60e975bb6?s=96&d=mm&r=g","contentUrl":"https:\/\/secure.gravatar.com\/avatar\/a0b128fb9855c79efc976d5640eedb31dc35ec297594d6016d2cf7c60e975bb6?s=96&d=mm&r=g","caption":"Av. Deniz Can K\u0131z\u0131l"},"sameAs":["http:\/\/www.denizcankizil.tr"],"url":"https:\/\/denizcankizil.tr\/ru\/author\/denizcankizil\/"}]}},"_links":{"self":[{"href":"https:\/\/denizcankizil.tr\/ru\/wp-json\/wp\/v2\/posts\/57246","targetHints":{"allow":["GET"]}}],"collection":[{"href":"https:\/\/denizcankizil.tr\/ru\/wp-json\/wp\/v2\/posts"}],"about":[{"href":"https:\/\/denizcankizil.tr\/ru\/wp-json\/wp\/v2\/types\/post"}],"author":[{"embeddable":true,"href":"https:\/\/denizcankizil.tr\/ru\/wp-json\/wp\/v2\/users\/4"}],"replies":[{"embeddable":true,"href":"https:\/\/denizcankizil.tr\/ru\/wp-json\/wp\/v2\/comments?post=57246"}],"version-history":[{"count":0,"href":"https:\/\/denizcankizil.tr\/ru\/wp-json\/wp\/v2\/posts\/57246\/revisions"}],"wp:featuredmedia":[{"embeddable":true,"href":"https:\/\/denizcankizil.tr\/ru\/wp-json\/wp\/v2\/media\/57247"}],"wp:attachment":[{"href":"https:\/\/denizcankizil.tr\/ru\/wp-json\/wp\/v2\/media?parent=57246"}],"wp:term":[{"taxonomy":"category","embeddable":true,"href":"https:\/\/denizcankizil.tr\/ru\/wp-json\/wp\/v2\/categories?post=57246"},{"taxonomy":"post_tag","embeddable":true,"href":"https:\/\/denizcankizil.tr\/ru\/wp-json\/wp\/v2\/tags?post=57246"}],"curies":[{"name":"wp","href":"https:\/\/api.w.org\/{rel}","templated":true}]}}