{"id":56624,"date":"2025-04-15T18:41:18","date_gmt":"2025-04-15T15:41:18","guid":{"rendered":"https:\/\/denizcankizil.tr\/uncategorized-tr\/antalyada-toplu-ulasimdan-buyuk-kacis\/"},"modified":"2025-04-15T18:41:18","modified_gmt":"2025-04-15T15:41:18","slug":"antalyada-toplu-ulasimdan-buyuk-kacis","status":"publish","type":"post","link":"https:\/\/denizcankizil.tr\/ru\/haberler\/gundem\/antalyada-toplu-ulasimdan-buyuk-kacis\/","title":{"rendered":"Antalya\u2019da toplu ula\u015f\u0131mdan b\u00fcy\u00fck ka\u00e7\u0131\u015f!"},"content":{"rendered":"<p>Antalya\u2019daki toplu ta\u015f\u0131ma oranlar\u0131n\u0131n d\u00fc\u015f\u00fck olmas\u0131 kent i\u00e7i trafi\u011finde belirli saatlerde t\u0131kanmalara yol a\u00e7\u0131yor ve g\u00fcnl\u00fck ya\u015fam kalitesini olumsuz etkiliyor. Bu sorunu \u00e7\u00f6zmek i\u00e7in at\u0131lan ad\u0131mlar ise yeterli gelmiyor. \u0130l n\u00fcfusunun yakla\u015f\u0131k 500 bin daha az oldu\u011fu 10 y\u0131l \u00f6ncesinin y\u0131ll\u0131k toplu ta\u015f\u0131ma rakamlar\u0131na bak\u0131ld\u0131\u011f\u0131nda, 2025 y\u0131l\u0131na g\u00f6re y\u0131ll\u0131k 40-50 milyon civar\u0131nda daha y\u00fcksek oldu\u011fu g\u00f6r\u00fcl\u00fcyor. Antalya B\u00fcy\u00fck\u015fehir Belediyesi\u2019nce haz\u0131rlanan y\u0131ll\u0131k Faaliyet Raporlar\u0131nda yer alan toplu ta\u015f\u0131ma verileri, yetersiz ve uzun seferlerde zaman kaybeden, \u00fcst\u00fcne \u00fclkenin en pahal\u0131 kent i\u00e7i yolculu\u011funu yapmak zorunda kalan halk\u0131n toplu ula\u015f\u0131mdan b\u00fcy\u00fck ka\u00e7\u0131\u015f ya\u015fad\u0131\u011f\u0131n\u0131 g\u00f6steriyor.<\/p>\n<p>2015\u2019TE 164 M\u0130LYON OLAN YOLCU SAYISI 2024\u2019TE 112 M\u0130LYONA D\u00dc\u015eT\u00dc<\/p>\n<p>Faaliyet Raporuna g\u00f6re 2014\u2019de toplu ta\u015f\u0131ma yolcu say\u0131s\u0131 142 milyon 594 bin 863 olurken ayn\u0131 y\u0131l en \u00e7ok yolcuyu minib\u00fcslerin ta\u015f\u0131d\u0131\u011f\u0131 g\u00f6r\u00fcl\u00fcyor. 2014\u2019te minib\u00fcsle ta\u015f\u0131nan yolcu say\u0131s\u0131 51 milyon olarak kaydedilmi\u015f durumda. 2016\u2019da minib\u00fcsler toplu ta\u015f\u0131ma sisteminden kald\u0131r\u0131l\u0131rken ayn\u0131 y\u0131l i\u00e7indeki toplam ula\u015f\u0131m rakamlar\u0131n\u0131n 110 milyon 178 bin 583\u2019e d\u00fc\u015ft\u00fc\u011f\u00fc g\u00f6r\u00fcl\u00fcyor. 2015\u2019de 164 milyon 250 bin olan toplu ta\u015f\u0131ma kullan\u0131m\u0131 (bini\u015f) say\u0131s\u0131, 2024 y\u0131l\u0131nda 112 milyon 625 bine geriledi. 2024\u2019teki y\u0131ll\u0131k toplam yolcu say\u0131s\u0131, 2019\u2019daki 138,9 milyonluk yolcu say\u0131s\u0131n\u0131n da 27 milyon alt\u0131na d\u00fc\u015f\u00fcld\u00fc\u011f\u00fcn\u00fc g\u00f6steriyor. 2015\u2019te ayl\u0131k yolcu ta\u015f\u0131ma ortalamas\u0131 13 milyon 687 bin 500 olurken, 2025 y\u0131l\u0131 Mart ay\u0131nda 9 milyon 66 bin 365 olarak a\u00e7\u0131kland\u0131.<\/p>\n<p>ANTALYA\u2019DA G\u00dcNL\u00dcK TOPLU TA\u015eIMA KULLANIMI \u00c7OK D\u00dc\u015e\u00dcK<\/p>\n<p>Antalya K\u00f6rfez Gazetesi muhabiri Yusuf Yavuz&#8217;un haberine g\u00f6re; n\u00fcfusu 3 milyona yakla\u015fan Antalya\u2019da bir ayda toplu ula\u015f\u0131mda ta\u015f\u0131nan yolcu say\u0131s\u0131n\u0131n 9 milyon d\u00fczeyinde olmas\u0131, her g\u00fcn yakla\u015f\u0131k 10 ki\u015fiden birinin toplu ula\u015f\u0131m\u0131 tercih etti\u011fi anlam\u0131na geliyor. T\u00fcrkiye\u2019nin en fazla n\u00fcfusa sahip kenti olan \u0130stanbul\u2019da B\u00fcy\u00fck\u015fehir Belediyesi\u2019nin 2023 verilerine g\u00f6re g\u00fcnl\u00fck toplu ta\u015f\u0131ma ortalamas\u0131 9,7 milyon d\u00fczeyinde g\u00f6r\u00fcl\u00fcyor. Rakamlar, \u0130stanbul\u2019da g\u00fcn i\u00e7inde n\u00fcfusun yar\u0131dan fazlas\u0131n\u0131n toplu ta\u015f\u0131ma kulland\u0131\u011f\u0131n\u0131 ortaya koyuyor.<\/p>\n<p>B\u00dcY\u00dcK OTOB\u00dcS TAKINTISI TOPLU TA\u015eIMADA DENGELER\u0130 BOZDU<\/p>\n<p>B\u00fcy\u00fck\u015fehir Belediyesi\u2019nin faaliyet raporunda yer verilen rakamlara bak\u0131ld\u0131\u011f\u0131nda, minib\u00fcslerin idarenin ald\u0131\u011f\u0131 karar sonucu sistem d\u0131\u015f\u0131na itilmesinin yaratt\u0131\u011f\u0131 sorunun san\u0131landan daha b\u00fcy\u00fck oldu\u011fu da g\u00f6r\u00fcl\u00fcyor. AKP\u2019li Menderes T\u00fcrel\u2019in Ba\u015fkanl\u0131\u011f\u0131 d\u00f6neminde Eyl\u00fcl 2016\u2019da B\u00fcy\u00fck\u015fehir Belediye Meclisi\u2019nde onaylanan d\u00fczenlemeyle, 50 adet 12 metrelik otob\u00fcs al\u0131m\u0131 i\u00e7in \u0130ller Bankas\u0131 A\u015e\u2019den 20 milyonluk kredi kullan\u0131lmas\u0131 g\u00fcndeme gelmi\u015fti. D\u00f6nemin Antalya B\u00fcy\u00fck\u015fehir Belediyesi Genel Sekreteri Birol Ekici\u2019ye yetki verilmesi Meclis\u2019te oyland\u0131. D\u00fczenleme, AKP\u2019nin 38 kabul oyu, CHP\u2019 12 ret oyu, ba\u011f\u0131ms\u0131z 3 kabul oyu ile onaylanarak oy \u00e7oklu\u011fu ile kabul edilmi\u015fti.<\/p>\n<p>TOPLU TA\u015eIMANIN Y\u00dcK\u00dcN\u00dc \u00c7EKEN ARA\u00c7LAR S\u0130STEM DI\u015eINA \u0130T\u0130LD\u0130<\/p>\n<p>Bu d\u00fczenlemenin mecliste onaylanmas\u0131n\u0131n ard\u0131ndan Antalya B\u00fcy\u00fck\u015fehir Belediyesi 7 metrelik toplu ta\u015f\u0131ma ara\u00e7lar\u0131n\u0131n 12 metrelik otob\u00fcslere d\u00f6n\u00fc\u015ft\u00fcr\u00fclmesiyle ilgili bir karar alarak bu karar\u0131 minib\u00fcs sahiplerine duyurmu\u015ftu. D\u00fczenlemenin i\u00e7inde, k\u00fc\u00e7\u00fck ula\u015f\u0131m arac\u0131 sahiplerinin birle\u015ferek 12 metrelik b\u00fcy\u00fck otob\u00fcs alabilece\u011fi \u00f6nerisi de vard\u0131. B\u00fcy\u00fck\u015fehir Belediyesi\u2019nin a\u00e7\u0131klamas\u0131nda, AU plakas\u0131n\u0131 tercih etmeyen ara\u00e7lar\u0131n hat ve gelir d\u0131\u015f\u0131na \u00e7\u0131kar\u0131laca\u011f\u0131 belirtilerek s\u00fcre verilmi\u015f, bu karar, a\u00e7\u0131k\u00e7a toplu ta\u015f\u0131mada kentin y\u00fck\u00fcn\u00fc \u00e7eken minib\u00fcs sahiplerini, bir ba\u015fka deyi\u015fle k\u00fc\u00e7\u00fck \u00f6l\u00e7ekli ula\u015f\u0131m esnaf\u0131n\u0131 sistemin d\u0131\u015f\u0131na itmi\u015fti.<\/p>\n<p>KARAR \u00d6NCES\u0130NDE 512 M\u0130N\u0130B\u00dcS G\u00dcNDE 250 B\u0130N YOLCU TA\u015eIYORDU<\/p>\n<p>Antalya Otob\u00fcs\u00e7\u00fcler Esnaf ve Sanatk\u00e2rlar Odas\u0131 Ba\u015fkan Vekili Yasin Arslan, bu d\u00fczenlemeye ili\u015fkin 17 Ekim 2016 tarihinde yapt\u0131\u011f\u0131 a\u00e7\u0131klamada, kentte 512 minib\u00fcs\u00fcn 700 \u015fof\u00f6r\u00fcyle g\u00fcnde yakla\u015f\u0131k 250 bin yolcu ta\u015f\u0131nd\u0131\u011f\u0131n\u0131 dile getirmi\u015fti. Minib\u00fcslerin 2&#8217;ye 1 oran\u0131nda birle\u015ferek, 12 metrelik otob\u00fcslere d\u00f6n\u00fc\u015ft\u00fcr\u00fclmesiyle birlikte UKOME karar\u0131 ile M haklar\u0131n\u0131n da ellerinde al\u0131nmak istendi\u011fini savunan Arslan, \u201c2 ki\u015fiyi birle\u015ftirerek zoraki bir ortakl\u0131k s\u00f6z konusu. Mevut \u00e7al\u0131\u015fan 12 metrelik otob\u00fcslere mali olarak bak\u0131ld\u0131\u011f\u0131nda 5 bin lira para kazan\u0131yor. Biz ara\u00e7lar\u0131m\u0131z\u0131 d\u00f6n\u00fc\u015ft\u00fcrd\u00fc\u011f\u00fcm\u00fcz anda ortalama 3-4 bin lira para kalacak. 12 metrelik otob\u00fcs\u00fcn ayl\u0131k taksiti ise 12 bin lira. Esnaf d\u00f6n\u00fc\u015f\u00fcm yaparsa her ay 7-8 bin cebinden olmayan paras\u0131n\u0131 verecek. Bundan dolay\u0131 esnaf tedirgin. O nedenle herkese bir hak verilmesini istiyoruz. Cuma g\u00fcn\u00fc birle\u015ftirme son olmas\u0131na ra\u011fmen, d\u00fcn gece yar\u0131s\u0131na kadar imza almaya devam edildi. 512 ara\u00e7 i\u00e7inden 90 ki\u015fi bu birle\u015fmeyi kabul etmi\u015f. Y\u00fczde 90&#8217;\u0131 kabul etmedi\u201d g\u00f6r\u00fc\u015f\u00fcn\u00fc dile getirmi\u015fti.<\/p>\n<p>TOPLU TA\u015eIMADA TEK T\u0130P OTOB\u00dcS ISRARI KR\u0130ZE ZEM\u0130N HAZIRLADI<\/p>\n<p>O d\u00f6nemde kentte tart\u0131\u015fma yaratan b\u00fcy\u00fck otob\u00fcs dayatmas\u0131na kar\u015f\u0131 minib\u00fcs s\u00fcr\u00fcc\u00fclerinin de tepkili oldu\u011fu g\u00f6r\u00fcl\u00fcyordu. S\u00fcr\u00fcc\u00fclerin tepkisinin bir nedeni de 12 metrelik otob\u00fcslerin y\u00fcksek giderlerinin ayl\u0131k kazan\u00e7lar\u0131n\u0131n 2 kat\u0131n\u0131 bulaca\u011f\u0131 ve bor\u00e7lar\u0131n\u0131 \u00f6deyemeyecekleri endi\u015fesi h\u00e2kimdi. S\u00fcr\u00fcc\u00fcler, 12 metrelik \u2018d\u00f6n\u00fc\u015f\u00fcm\u2019 kapsam\u0131nda otob\u00fcs almalar\u0131 konusunda kendilerine bask\u0131 yap\u0131ld\u0131\u011f\u0131n\u0131 da \u00f6ne s\u00fcrm\u00fc\u015flerdi. Ancak do\u011frudan ula\u015f\u0131m esnaf\u0131n\u0131n dile getirdi\u011fi talepler g\u00f6z ard\u0131 edilerek B\u00fcy\u00fck\u015fehir Belediyesi y\u00f6netiminin 12 metrelik otob\u00fcs \u0131srar\u0131 kentteki toplu ta\u015f\u0131mada ya\u015fanan krizin nedenlerinden biri oldu. Ancak Antalya B\u00fcy\u00fck\u015fehir Belediyesi\u2019nin 2016 y\u0131l\u0131 Faaliyet Raporunda, 12 metrelik tek tip otob\u00fcslerin dola\u015f\u0131ma sokulmas\u0131 karar\u0131n\u0131n \u201cvatanda\u015flardan gelen yo\u011fun talepler do\u011frultusunda, toplu ula\u015f\u0131ma \u00e7a\u011fda\u015f \u00e7\u00f6z\u00fcmler \u00fcretmek amac\u0131yla\u201d al\u0131nd\u0131\u011f\u0131 savunulmu\u015f olmas\u0131 dikkati \u00e7ekiyor.<\/p>\n<p>ULA\u015eIM SEKT\u00d6R\u00dcNDEN GELEN BA\u015eKAN B\u00d6CEK\u2019\u0130N \u00c7ABALARI YETMED\u0130<\/p>\n<p>Kendisi de ula\u015f\u0131m sekt\u00f6r\u00fcnden gelen ve 2019\u2019dan bu yana g\u00f6revde olan Antalya B\u00fcy\u00fck\u015fehir Belediye Ba\u015fkan\u0131 CHP\u2019li Muhittin B\u00f6cek, g\u00f6revi s\u00fcresi i\u00e7inde otob\u00fcs filosunu geni\u015fletip say\u0131lar\u0131n\u0131 art\u0131rarak sorunu \u00e7\u00f6zmek i\u00e7in ad\u0131mlar atsa da 2024 y\u0131l\u0131 i\u00e7in a\u00e7\u0131klanan y\u0131ll\u0131k yolcu rakamlar\u0131, 2014\u2019\u00fcn bile 30 milyonluk bir oranla gerisinde kal\u0131nd\u0131\u011f\u0131n\u0131 g\u00f6steriyor. B\u00fcy\u00fck\u015fehir Belediyesi\u2019nin \u00f6nceki g\u00fcn a\u00e7\u0131klad\u0131\u011f\u0131 Mart 2025 d\u00f6nemindeki 9 milyonluk ayl\u0131k yolcu say\u0131s\u0131 da, 2015 y\u0131l\u0131ndaki ayl\u0131k ortalamas\u0131 13 milyon 687 bin 500 olan yolcu say\u0131s\u0131yla k\u0131yasland\u0131\u011f\u0131nda, kent halk\u0131n\u0131n toplu ta\u015f\u0131ma ara\u00e7lar\u0131n\u0131 kullanmak konusunda istekli olmad\u0131\u011f\u0131n\u0131 ortaya koyuyor. 2015 y\u0131l\u0131nda yaln\u0131zca 1 hafif rayl\u0131 sistem hatt\u0131n\u0131n faal oldu\u011fu, 2025\u2019te ise hat say\u0131s\u0131n\u0131n 3\u2019e \u00e7\u0131kt\u0131\u011f\u0131 d\u00fc\u015f\u00fcn\u00fcld\u00fc\u011f\u00fcnde tablo daha da netle\u015fiyor.<\/p>\n<p>2011\u2019DE 1,25 TL OLAN TOPLU TA\u015eIMA \u00dcCRET\u0130 2025\u2019TE 27 TL OLDU<\/p>\n<p>Antalya\u2019da toplu ula\u015f\u0131m \u00fccretlerinin y\u00fcksek olu\u015fu da yolcu say\u0131s\u0131n\u0131n azalmas\u0131ndaki etkenlerden biri olarak g\u00f6r\u00fcl\u00fcyor. Antalya\u2019da 2011\u2019de 1,25 TL olan toplu ula\u015f\u0131m \u00fccreti 2025\u2019e gelindi\u011finde 27 TL\u2019ye ula\u015fm\u0131\u015f durumda. Bu, \u0130stanbul ile birlikte \u00fclkedeki en y\u00fcksek toplu ula\u015f\u0131m \u00fccreti anlam\u0131na geliyor. Temmuz 2013\u2019te 1 lira 80 kuru\u015f olan Antalya\u2019daki toplu ula\u015f\u0131m \u00fccreti \u00f6\u011frenciler i\u00e7in 1 lira 10 kuru\u015f olarak belirlenmi\u015fti. Mart 2016\u2019da ise tam bilet 2 lira 10 kuru\u015f, \u00f6\u011frenci 1 lira 35 kuru\u015f oldu. Aral\u0131k 2020\u2019ye gelindi\u011finde Antalya\u2019daki toplu ta\u015f\u0131ma \u00fccreti tam 3,65 TL, \u00f6\u011frenci 2,20 TL olarak belirlendi. Mart 2022\u2019de tam bilet \u00fccreti 6 lira 70 kuru\u015f, \u00f6\u011frenci ise 3 lira 40 kuru\u015fa; Temmuz 2023\u2019de tam bilet \u00fccreti 15 TL\u2019ye, \u00f6\u011frenci bileti de 6,5 TL\u2019ye \u00e7\u0131kar\u0131ld\u0131. Antalya\u2019n\u0131n toplu ula\u015f\u0131m\u0131nda sorunlar\u0131n a\u011f\u0131rla\u015fmaya ba\u015flad\u0131\u011f\u0131 bu d\u00f6nemde May\u0131s 2024\u2019e gelindi\u011finde tam bilet \u00fccreti 20 TL, \u00f6\u011frenci bileti ise 10 TL oldu. \u015eubat 2025 itibari ile yap\u0131lan yeni d\u00fczenleme ile de Antalya\u2019daki toplu ula\u015f\u0131m \u00fccretleri tam bilet 27, \u00f6\u011frenci bileti de 12 TL olarak belirlendi.<\/p>\n<p>KONYA\u2019DA 17,5, D\u0130YARBAKIR\u2019DA 15, KAHRAMANMARA\u015e\u2019TA 16,5 TL<\/p>\n<p>T\u00fcrkiye\u2019nin en pahal\u0131 toplu ula\u015f\u0131m \u00fccreti \u0130stanbul ve Antalya\u2019da. Nisan 2025 itibari ile tam bilet fiyatlar\u0131 Eski\u015fehir\u2019de 25, Ankara\u2019da 26, \u0130zmir\u2019de 25, Kayseri\u2019de 25, Konya\u2019da 17,5, Isparta\u2019da 25, Diyarbak\u0131r\u2019da 15, Bursa\u2019da 26, Mardin\u2019de 25, Kahramanmara\u015f\u2019ta 16,5, Samsun\u2019da 24 TL.<\/p>\n<p>YEN\u0130 RAYLI S\u0130STEM HATTI \u0130HALES\u0130 MAKYOL-\u00d6ZKAR\u2019A VER\u0130LD\u0130<\/p>\n<p>Y\u0131lda 27 milyon misafiri a\u011f\u0131rlayan bir turizm kenti olan Antalya\u2019da B\u00fcy\u00fck\u015fehir Belediyesi kent i\u00e7i ula\u015f\u0131m\u0131 rahatlatmak i\u00e7in ge\u00e7ti\u011fimiz y\u0131l 4. Etap rayl\u0131 sistem hatt\u0131n\u0131n ihalesini yapt\u0131. Konyaalt\u0131-Varsak aras\u0131nda hizmet vermesi planlanan 18 kilometrelik rayl\u0131 sistem hatt\u0131n\u0131n ihalesi, kamuoyunda \u2018Be\u015fli \u00c7ete\u2019 olarak an\u0131lan \u015firketler aras\u0131nda yer alan MAKYOL-\u00d6zkar ortakl\u0131\u011f\u0131na verildi. 21 A\u011fustos 2024 tarihinde yap\u0131lan ihale s\u00f6zle\u015fmesinde yer alan bilgilere g\u00f6re yap\u0131m i\u015finin bedeli 12,4 milyar TL olarak belirtiliyor. Projede hen\u00fcz \u00e7al\u0131\u015fmalara ba\u015flanmazken, ihale bedelinin daha da y\u00fckselece\u011fi tahmin ediliyor.<\/p>\n<p>\u200b\u00dc\u00e7 milyona yakla\u015fan n\u00fcfusuyla T\u00fcrkiye\u2019nin 5\u2019inci b\u00fcy\u00fck \u015fehri olan Antalya\u2019da toplu ta\u015f\u0131ma ara\u00e7lar\u0131n\u0131 kullanan yolcu say\u0131s\u0131nda 9 y\u0131l \u00f6ncesine g\u00f6re 51 milyonluk d\u00fc\u015f\u00fc\u015f ya\u015fanmas\u0131, toplu ula\u015f\u0131mda b\u00fcy\u00fck bir ka\u00e7\u0131\u015f oldu\u011funu ortaya koydu\u2026\u00a0<\/p>\n<p>\u200bHaberin Al\u0131nt\u0131land\u0131\u011f\u0131 Kaynak: www.antalyakorfez.com<\/p>","protected":false},"excerpt":{"rendered":"<p>Antalya\u2019daki toplu ta\u015f\u0131ma oranlar\u0131n\u0131n d\u00fc\u015f\u00fck olmas\u0131 kent i\u00e7i trafi\u011finde belirli saatlerde t\u0131kanmalara yol a\u00e7\u0131yor ve g\u00fcnl\u00fck ya\u015fam kalitesini olumsuz etkiliyor. Bu sorunu \u00e7\u00f6zmek i\u00e7in at\u0131lan ad\u0131mlar ise yeterli gelmiyor. \u0130l n\u00fcfusunun yakla\u015f\u0131k 500 bin daha az oldu\u011fu 10 y\u0131l \u00f6ncesinin y\u0131ll\u0131k toplu ta\u015f\u0131ma rakamlar\u0131na bak\u0131ld\u0131\u011f\u0131nda, 2025 y\u0131l\u0131na g\u00f6re y\u0131ll\u0131k 40-50 milyon civar\u0131nda daha y\u00fcksek oldu\u011fu g\u00f6r\u00fcl\u00fcyor. Antalya B\u00fcy\u00fck\u015fehir Belediyesi\u2019nce haz\u0131rlanan y\u0131ll\u0131k Faaliyet Raporlar\u0131nda yer alan toplu ta\u015f\u0131ma verileri, yetersiz ve uzun seferlerde zaman kaybeden, \u00fcst\u00fcne \u00fclkenin en pahal\u0131 kent i\u00e7i yolculu\u011funu yapmak zorunda kalan halk\u0131n toplu ula\u015f\u0131mdan b\u00fcy\u00fck ka\u00e7\u0131\u015f ya\u015fad\u0131\u011f\u0131n\u0131 g\u00f6steriyor. 2015\u2019TE 164 M\u0130LYON OLAN YOLCU SAYISI 2024\u2019TE 112 M\u0130LYONA D\u00dc\u015eT\u00dc Faaliyet Raporuna g\u00f6re 2014\u2019de toplu ta\u015f\u0131ma yolcu say\u0131s\u0131 142 milyon 594 bin 863 olurken ayn\u0131 y\u0131l en \u00e7ok yolcuyu minib\u00fcslerin ta\u015f\u0131d\u0131\u011f\u0131 g\u00f6r\u00fcl\u00fcyor. 2014\u2019te minib\u00fcsle ta\u015f\u0131nan yolcu say\u0131s\u0131 51 milyon olarak kaydedilmi\u015f durumda. 2016\u2019da minib\u00fcsler toplu ta\u015f\u0131ma sisteminden kald\u0131r\u0131l\u0131rken ayn\u0131 y\u0131l i\u00e7indeki toplam ula\u015f\u0131m rakamlar\u0131n\u0131n 110 milyon 178 bin 583\u2019e d\u00fc\u015ft\u00fc\u011f\u00fc g\u00f6r\u00fcl\u00fcyor. 2015\u2019de 164 milyon 250 bin olan toplu ta\u015f\u0131ma kullan\u0131m\u0131 (bini\u015f) say\u0131s\u0131, 2024 y\u0131l\u0131nda 112 milyon 625 bine geriledi. 2024\u2019teki y\u0131ll\u0131k toplam yolcu say\u0131s\u0131, 2019\u2019daki 138,9 milyonluk yolcu say\u0131s\u0131n\u0131n da 27 milyon alt\u0131na d\u00fc\u015f\u00fcld\u00fc\u011f\u00fcn\u00fc g\u00f6steriyor. 2015\u2019te ayl\u0131k yolcu ta\u015f\u0131ma ortalamas\u0131 13 milyon 687 bin 500 olurken, 2025 y\u0131l\u0131 Mart &hellip;<\/p>","protected":false},"author":5,"featured_media":0,"comment_status":"","ping_status":"open","sticky":false,"template":"","format":"standard","meta":{"_acf_changed":false,"footnotes":""},"categories":[24],"tags":[],"class_list":["post-56624","post","type-post","status-publish","format-standard","has-post-thumbnail","hentry","category-gundem"],"acf":[],"yoast_head":"<!-- This site is optimized with the Yoast SEO Premium plugin v26.6 (Yoast SEO v27.1.1) - https:\/\/yoast.com\/product\/yoast-seo-premium-wordpress\/ -->\n<title>Antalya\u2019da toplu ula\u015f\u0131mdan b\u00fcy\u00fck ka\u00e7\u0131\u015f! - Av. Deniz Can K\u0131z\u0131l<\/title>\n<meta name=\"robots\" content=\"index, follow, max-snippet:-1, max-image-preview:large, max-video-preview:-1\" \/>\n<link rel=\"canonical\" href=\"https:\/\/denizcankizil.tr\/ru\/haberler\/gundem\/antalyada-toplu-ulasimdan-buyuk-kacis\/\" \/>\n<meta property=\"og:locale\" content=\"ru_RU\" \/>\n<meta property=\"og:type\" content=\"article\" \/>\n<meta property=\"og:title\" content=\"Antalya\u2019da toplu ula\u015f\u0131mdan b\u00fcy\u00fck ka\u00e7\u0131\u015f!\" \/>\n<meta property=\"og:description\" content=\"Antalya\u2019daki toplu ta\u015f\u0131ma oranlar\u0131n\u0131n d\u00fc\u015f\u00fck olmas\u0131 kent i\u00e7i trafi\u011finde belirli saatlerde t\u0131kanmalara yol a\u00e7\u0131yor ve g\u00fcnl\u00fck ya\u015fam kalitesini olumsuz etkiliyor. Bu sorunu \u00e7\u00f6zmek i\u00e7in at\u0131lan ad\u0131mlar ise yeterli gelmiyor. \u0130l n\u00fcfusunun yakla\u015f\u0131k 500 bin daha az oldu\u011fu 10 y\u0131l \u00f6ncesinin y\u0131ll\u0131k toplu ta\u015f\u0131ma rakamlar\u0131na bak\u0131ld\u0131\u011f\u0131nda, 2025 y\u0131l\u0131na g\u00f6re y\u0131ll\u0131k 40-50 milyon civar\u0131nda daha y\u00fcksek oldu\u011fu g\u00f6r\u00fcl\u00fcyor. Antalya B\u00fcy\u00fck\u015fehir Belediyesi\u2019nce haz\u0131rlanan y\u0131ll\u0131k Faaliyet Raporlar\u0131nda yer alan toplu ta\u015f\u0131ma verileri, yetersiz ve uzun seferlerde zaman kaybeden, \u00fcst\u00fcne \u00fclkenin en pahal\u0131 kent i\u00e7i yolculu\u011funu yapmak zorunda kalan halk\u0131n toplu ula\u015f\u0131mdan b\u00fcy\u00fck ka\u00e7\u0131\u015f ya\u015fad\u0131\u011f\u0131n\u0131 g\u00f6steriyor. 2015\u2019TE 164 M\u0130LYON OLAN YOLCU SAYISI 2024\u2019TE 112 M\u0130LYONA D\u00dc\u015eT\u00dc Faaliyet Raporuna g\u00f6re 2014\u2019de toplu ta\u015f\u0131ma yolcu say\u0131s\u0131 142 milyon 594 bin 863 olurken ayn\u0131 y\u0131l en \u00e7ok yolcuyu minib\u00fcslerin ta\u015f\u0131d\u0131\u011f\u0131 g\u00f6r\u00fcl\u00fcyor. 2014\u2019te minib\u00fcsle ta\u015f\u0131nan yolcu say\u0131s\u0131 51 milyon olarak kaydedilmi\u015f durumda. 2016\u2019da minib\u00fcsler toplu ta\u015f\u0131ma sisteminden kald\u0131r\u0131l\u0131rken ayn\u0131 y\u0131l i\u00e7indeki toplam ula\u015f\u0131m rakamlar\u0131n\u0131n 110 milyon 178 bin 583\u2019e d\u00fc\u015ft\u00fc\u011f\u00fc g\u00f6r\u00fcl\u00fcyor. 2015\u2019de 164 milyon 250 bin olan toplu ta\u015f\u0131ma kullan\u0131m\u0131 (bini\u015f) say\u0131s\u0131, 2024 y\u0131l\u0131nda 112 milyon 625 bine geriledi. 2024\u2019teki y\u0131ll\u0131k toplam yolcu say\u0131s\u0131, 2019\u2019daki 138,9 milyonluk yolcu say\u0131s\u0131n\u0131n da 27 milyon alt\u0131na d\u00fc\u015f\u00fcld\u00fc\u011f\u00fcn\u00fc g\u00f6steriyor. 2015\u2019te ayl\u0131k yolcu ta\u015f\u0131ma ortalamas\u0131 13 milyon 687 bin 500 olurken, 2025 y\u0131l\u0131 Mart &hellip;\" \/>\n<meta property=\"og:url\" content=\"https:\/\/denizcankizil.tr\/ru\/haberler\/gundem\/antalyada-toplu-ulasimdan-buyuk-kacis\/\" \/>\n<meta property=\"og:site_name\" content=\"Av. Deniz Can K\u0131z\u0131l\" \/>\n<meta property=\"article:published_time\" content=\"2025-04-15T15:41:18+00:00\" \/>\n<meta name=\"author\" content=\"Antalya K\u00f6rfez\" \/>\n<meta name=\"twitter:card\" content=\"summary_large_image\" \/>\n<meta name=\"twitter:label1\" content=\"\u041d\u0430\u043f\u0438\u0441\u0430\u043d\u043e \u0430\u0432\u0442\u043e\u0440\u043e\u043c\" \/>\n\t<meta name=\"twitter:data1\" content=\"Antalya K\u00f6rfez\" \/>\n\t<meta name=\"twitter:label2\" content=\"\u041f\u0440\u0438\u043c\u0435\u0440\u043d\u043e\u0435 \u0432\u0440\u0435\u043c\u044f \u0434\u043b\u044f \u0447\u0442\u0435\u043d\u0438\u044f\" \/>\n\t<meta name=\"twitter:data2\" content=\"8 \u043c\u0438\u043d\u0443\u0442\" \/>\n<script type=\"application\/ld+json\" class=\"yoast-schema-graph\">{\"@context\":\"https:\/\/schema.org\",\"@graph\":[{\"@type\":\"Article\",\"@id\":\"https:\/\/denizcankizil.tr\/ru\/haberler\/gundem\/antalyada-toplu-ulasimdan-buyuk-kacis\/#article\",\"isPartOf\":{\"@id\":\"https:\/\/denizcankizil.tr\/ru\/haberler\/gundem\/antalyada-toplu-ulasimdan-buyuk-kacis\/\"},\"author\":{\"name\":\"Antalya K\u00f6rfez\",\"@id\":\"https:\/\/denizcankizil.tr\/#\/schema\/person\/e1eb71bb4dd684d46563f0af307e1234\"},\"headline\":\"Antalya\u2019da toplu ula\u015f\u0131mdan b\u00fcy\u00fck ka\u00e7\u0131\u015f!\",\"datePublished\":\"2025-04-15T15:41:18+00:00\",\"mainEntityOfPage\":{\"@id\":\"https:\/\/denizcankizil.tr\/ru\/haberler\/gundem\/antalyada-toplu-ulasimdan-buyuk-kacis\/\"},\"wordCount\":1678,\"publisher\":{\"@id\":\"https:\/\/denizcankizil.tr\/#organization\"},\"articleSection\":[\"G\u00fcndem\"],\"inLanguage\":\"ru-RU\"},{\"@type\":\"WebPage\",\"@id\":\"https:\/\/denizcankizil.tr\/ru\/haberler\/gundem\/antalyada-toplu-ulasimdan-buyuk-kacis\/\",\"url\":\"https:\/\/denizcankizil.tr\/ru\/haberler\/gundem\/antalyada-toplu-ulasimdan-buyuk-kacis\/\",\"name\":\"Antalya\u2019da toplu ula\u015f\u0131mdan b\u00fcy\u00fck ka\u00e7\u0131\u015f! - Av. Deniz Can K\u0131z\u0131l\",\"isPartOf\":{\"@id\":\"https:\/\/denizcankizil.tr\/#website\"},\"datePublished\":\"2025-04-15T15:41:18+00:00\",\"breadcrumb\":{\"@id\":\"https:\/\/denizcankizil.tr\/ru\/haberler\/gundem\/antalyada-toplu-ulasimdan-buyuk-kacis\/#breadcrumb\"},\"inLanguage\":\"ru-RU\",\"potentialAction\":[{\"@type\":\"ReadAction\",\"target\":[\"https:\/\/denizcankizil.tr\/ru\/haberler\/gundem\/antalyada-toplu-ulasimdan-buyuk-kacis\/\"]}]},{\"@type\":\"BreadcrumbList\",\"@id\":\"https:\/\/denizcankizil.tr\/ru\/haberler\/gundem\/antalyada-toplu-ulasimdan-buyuk-kacis\/#breadcrumb\",\"itemListElement\":[{\"@type\":\"ListItem\",\"position\":1,\"name\":\"Home\",\"item\":\"https:\/\/denizcankizil.tr\/uk\/\"},{\"@type\":\"ListItem\",\"position\":2,\"name\":\"Antalya\u2019da toplu ula\u015f\u0131mdan b\u00fcy\u00fck ka\u00e7\u0131\u015f!\"}]},{\"@type\":\"WebSite\",\"@id\":\"https:\/\/denizcankizil.tr\/#website\",\"url\":\"https:\/\/denizcankizil.tr\/\",\"name\":\"Av. Deniz Can K\u0131z\u0131l\",\"description\":\"Avukat Deniz Can K\u0131z\u0131l Antalya Barosu\",\"publisher\":{\"@id\":\"https:\/\/denizcankizil.tr\/#organization\"},\"potentialAction\":[{\"@type\":\"SearchAction\",\"target\":{\"@type\":\"EntryPoint\",\"urlTemplate\":\"https:\/\/denizcankizil.tr\/?s={search_term_string}\"},\"query-input\":{\"@type\":\"PropertyValueSpecification\",\"valueRequired\":true,\"valueName\":\"search_term_string\"}}],\"inLanguage\":\"ru-RU\"},{\"@type\":\"Organization\",\"@id\":\"https:\/\/denizcankizil.tr\/#organization\",\"name\":\"Av. Deniz Can K\u0131z\u0131l\",\"url\":\"https:\/\/denizcankizil.tr\/\",\"logo\":{\"@type\":\"ImageObject\",\"inLanguage\":\"ru-RU\",\"@id\":\"https:\/\/denizcankizil.tr\/#\/schema\/logo\/image\/\",\"url\":\"https:\/\/denizcankizil.tr\/wp-content\/uploads\/2024\/10\/siyah-logo-svg.svg\",\"contentUrl\":\"https:\/\/denizcankizil.tr\/wp-content\/uploads\/2024\/10\/siyah-logo-svg.svg\",\"width\":1080,\"height\":1080,\"caption\":\"Av. Deniz Can K\u0131z\u0131l\"},\"image\":{\"@id\":\"https:\/\/denizcankizil.tr\/#\/schema\/logo\/image\/\"}},{\"@type\":\"Person\",\"@id\":\"https:\/\/denizcankizil.tr\/#\/schema\/person\/e1eb71bb4dd684d46563f0af307e1234\",\"name\":\"Antalya K\u00f6rfez\",\"image\":{\"@type\":\"ImageObject\",\"inLanguage\":\"ru-RU\",\"@id\":\"https:\/\/denizcankizil.tr\/#\/schema\/person\/image\/\",\"url\":\"https:\/\/secure.gravatar.com\/avatar\/42b01982558a48a0b501fdcab6a408d3717ea5919095ee2e67b0e521799c5905?s=96&d=mm&r=g\",\"contentUrl\":\"https:\/\/secure.gravatar.com\/avatar\/42b01982558a48a0b501fdcab6a408d3717ea5919095ee2e67b0e521799c5905?s=96&d=mm&r=g\",\"caption\":\"Antalya K\u00f6rfez\"},\"sameAs\":[\"http:\/\/www.antalyakorfez.com\"],\"url\":\"https:\/\/www.antalyakorfez.com\/antalyada-toplu-ulasimdan-buyuk-kacis\"}]}<\/script>\n<!-- \/ Yoast SEO Premium plugin. -->","yoast_head_json":{"title":"Antalya\u2019da toplu ula\u015f\u0131mdan b\u00fcy\u00fck ka\u00e7\u0131\u015f! - Av. Deniz Can K\u0131z\u0131l","robots":{"index":"index","follow":"follow","max-snippet":"max-snippet:-1","max-image-preview":"max-image-preview:large","max-video-preview":"max-video-preview:-1"},"canonical":"https:\/\/denizcankizil.tr\/ru\/haberler\/gundem\/antalyada-toplu-ulasimdan-buyuk-kacis\/","og_locale":"ru_RU","og_type":"article","og_title":"Antalya\u2019da toplu ula\u015f\u0131mdan b\u00fcy\u00fck ka\u00e7\u0131\u015f!","og_description":"Antalya\u2019daki toplu ta\u015f\u0131ma oranlar\u0131n\u0131n d\u00fc\u015f\u00fck olmas\u0131 kent i\u00e7i trafi\u011finde belirli saatlerde t\u0131kanmalara yol a\u00e7\u0131yor ve g\u00fcnl\u00fck ya\u015fam kalitesini olumsuz etkiliyor. Bu sorunu \u00e7\u00f6zmek i\u00e7in at\u0131lan ad\u0131mlar ise yeterli gelmiyor. \u0130l n\u00fcfusunun yakla\u015f\u0131k 500 bin daha az oldu\u011fu 10 y\u0131l \u00f6ncesinin y\u0131ll\u0131k toplu ta\u015f\u0131ma rakamlar\u0131na bak\u0131ld\u0131\u011f\u0131nda, 2025 y\u0131l\u0131na g\u00f6re y\u0131ll\u0131k 40-50 milyon civar\u0131nda daha y\u00fcksek oldu\u011fu g\u00f6r\u00fcl\u00fcyor. Antalya B\u00fcy\u00fck\u015fehir Belediyesi\u2019nce haz\u0131rlanan y\u0131ll\u0131k Faaliyet Raporlar\u0131nda yer alan toplu ta\u015f\u0131ma verileri, yetersiz ve uzun seferlerde zaman kaybeden, \u00fcst\u00fcne \u00fclkenin en pahal\u0131 kent i\u00e7i yolculu\u011funu yapmak zorunda kalan halk\u0131n toplu ula\u015f\u0131mdan b\u00fcy\u00fck ka\u00e7\u0131\u015f ya\u015fad\u0131\u011f\u0131n\u0131 g\u00f6steriyor. 2015\u2019TE 164 M\u0130LYON OLAN YOLCU SAYISI 2024\u2019TE 112 M\u0130LYONA D\u00dc\u015eT\u00dc Faaliyet Raporuna g\u00f6re 2014\u2019de toplu ta\u015f\u0131ma yolcu say\u0131s\u0131 142 milyon 594 bin 863 olurken ayn\u0131 y\u0131l en \u00e7ok yolcuyu minib\u00fcslerin ta\u015f\u0131d\u0131\u011f\u0131 g\u00f6r\u00fcl\u00fcyor. 2014\u2019te minib\u00fcsle ta\u015f\u0131nan yolcu say\u0131s\u0131 51 milyon olarak kaydedilmi\u015f durumda. 2016\u2019da minib\u00fcsler toplu ta\u015f\u0131ma sisteminden kald\u0131r\u0131l\u0131rken ayn\u0131 y\u0131l i\u00e7indeki toplam ula\u015f\u0131m rakamlar\u0131n\u0131n 110 milyon 178 bin 583\u2019e d\u00fc\u015ft\u00fc\u011f\u00fc g\u00f6r\u00fcl\u00fcyor. 2015\u2019de 164 milyon 250 bin olan toplu ta\u015f\u0131ma kullan\u0131m\u0131 (bini\u015f) say\u0131s\u0131, 2024 y\u0131l\u0131nda 112 milyon 625 bine geriledi. 2024\u2019teki y\u0131ll\u0131k toplam yolcu say\u0131s\u0131, 2019\u2019daki 138,9 milyonluk yolcu say\u0131s\u0131n\u0131n da 27 milyon alt\u0131na d\u00fc\u015f\u00fcld\u00fc\u011f\u00fcn\u00fc g\u00f6steriyor. 2015\u2019te ayl\u0131k yolcu ta\u015f\u0131ma ortalamas\u0131 13 milyon 687 bin 500 olurken, 2025 y\u0131l\u0131 Mart &hellip;","og_url":"https:\/\/denizcankizil.tr\/ru\/haberler\/gundem\/antalyada-toplu-ulasimdan-buyuk-kacis\/","og_site_name":"Av. Deniz Can K\u0131z\u0131l","article_published_time":"2025-04-15T15:41:18+00:00","author":"Antalya K\u00f6rfez","twitter_card":"summary_large_image","twitter_misc":{"\u041d\u0430\u043f\u0438\u0441\u0430\u043d\u043e \u0430\u0432\u0442\u043e\u0440\u043e\u043c":"Antalya K\u00f6rfez","\u041f\u0440\u0438\u043c\u0435\u0440\u043d\u043e\u0435 \u0432\u0440\u0435\u043c\u044f \u0434\u043b\u044f \u0447\u0442\u0435\u043d\u0438\u044f":"8 \u043c\u0438\u043d\u0443\u0442"},"schema":{"@context":"https:\/\/schema.org","@graph":[{"@type":"Article","@id":"https:\/\/denizcankizil.tr\/ru\/haberler\/gundem\/antalyada-toplu-ulasimdan-buyuk-kacis\/#article","isPartOf":{"@id":"https:\/\/denizcankizil.tr\/ru\/haberler\/gundem\/antalyada-toplu-ulasimdan-buyuk-kacis\/"},"author":{"name":"Antalya K\u00f6rfez","@id":"https:\/\/denizcankizil.tr\/#\/schema\/person\/e1eb71bb4dd684d46563f0af307e1234"},"headline":"Antalya\u2019da toplu ula\u015f\u0131mdan b\u00fcy\u00fck ka\u00e7\u0131\u015f!","datePublished":"2025-04-15T15:41:18+00:00","mainEntityOfPage":{"@id":"https:\/\/denizcankizil.tr\/ru\/haberler\/gundem\/antalyada-toplu-ulasimdan-buyuk-kacis\/"},"wordCount":1678,"publisher":{"@id":"https:\/\/denizcankizil.tr\/#organization"},"articleSection":["G\u00fcndem"],"inLanguage":"ru-RU"},{"@type":"WebPage","@id":"https:\/\/denizcankizil.tr\/ru\/haberler\/gundem\/antalyada-toplu-ulasimdan-buyuk-kacis\/","url":"https:\/\/denizcankizil.tr\/ru\/haberler\/gundem\/antalyada-toplu-ulasimdan-buyuk-kacis\/","name":"Antalya\u2019da toplu ula\u015f\u0131mdan b\u00fcy\u00fck ka\u00e7\u0131\u015f! - Av. Deniz Can K\u0131z\u0131l","isPartOf":{"@id":"https:\/\/denizcankizil.tr\/#website"},"datePublished":"2025-04-15T15:41:18+00:00","breadcrumb":{"@id":"https:\/\/denizcankizil.tr\/ru\/haberler\/gundem\/antalyada-toplu-ulasimdan-buyuk-kacis\/#breadcrumb"},"inLanguage":"ru-RU","potentialAction":[{"@type":"ReadAction","target":["https:\/\/denizcankizil.tr\/ru\/haberler\/gundem\/antalyada-toplu-ulasimdan-buyuk-kacis\/"]}]},{"@type":"BreadcrumbList","@id":"https:\/\/denizcankizil.tr\/ru\/haberler\/gundem\/antalyada-toplu-ulasimdan-buyuk-kacis\/#breadcrumb","itemListElement":[{"@type":"ListItem","position":1,"name":"Home","item":"https:\/\/denizcankizil.tr\/uk\/"},{"@type":"ListItem","position":2,"name":"Antalya\u2019da toplu ula\u015f\u0131mdan b\u00fcy\u00fck ka\u00e7\u0131\u015f!"}]},{"@type":"WebSite","@id":"https:\/\/denizcankizil.tr\/#website","url":"https:\/\/denizcankizil.tr\/","name":"Av. Deniz Can K\u0131z\u0131l","description":"Avukat Deniz Can K\u0131z\u0131l Antalya Barosu","publisher":{"@id":"https:\/\/denizcankizil.tr\/#organization"},"potentialAction":[{"@type":"SearchAction","target":{"@type":"EntryPoint","urlTemplate":"https:\/\/denizcankizil.tr\/?s={search_term_string}"},"query-input":{"@type":"PropertyValueSpecification","valueRequired":true,"valueName":"search_term_string"}}],"inLanguage":"ru-RU"},{"@type":"Organization","@id":"https:\/\/denizcankizil.tr\/#organization","name":"Av. Deniz Can K\u0131z\u0131l","url":"https:\/\/denizcankizil.tr\/","logo":{"@type":"ImageObject","inLanguage":"ru-RU","@id":"https:\/\/denizcankizil.tr\/#\/schema\/logo\/image\/","url":"https:\/\/denizcankizil.tr\/wp-content\/uploads\/2024\/10\/siyah-logo-svg.svg","contentUrl":"https:\/\/denizcankizil.tr\/wp-content\/uploads\/2024\/10\/siyah-logo-svg.svg","width":1080,"height":1080,"caption":"Av. Deniz Can K\u0131z\u0131l"},"image":{"@id":"https:\/\/denizcankizil.tr\/#\/schema\/logo\/image\/"}},{"@type":"Person","@id":"https:\/\/denizcankizil.tr\/#\/schema\/person\/e1eb71bb4dd684d46563f0af307e1234","name":"Antalya K\u00f6rfez","image":{"@type":"ImageObject","inLanguage":"ru-RU","@id":"https:\/\/denizcankizil.tr\/#\/schema\/person\/image\/","url":"https:\/\/secure.gravatar.com\/avatar\/42b01982558a48a0b501fdcab6a408d3717ea5919095ee2e67b0e521799c5905?s=96&d=mm&r=g","contentUrl":"https:\/\/secure.gravatar.com\/avatar\/42b01982558a48a0b501fdcab6a408d3717ea5919095ee2e67b0e521799c5905?s=96&d=mm&r=g","caption":"Antalya K\u00f6rfez"},"sameAs":["http:\/\/www.antalyakorfez.com"],"url":"https:\/\/www.antalyakorfez.com\/antalyada-toplu-ulasimdan-buyuk-kacis"}]}},"_links":{"self":[{"href":"https:\/\/denizcankizil.tr\/ru\/wp-json\/wp\/v2\/posts\/56624","targetHints":{"allow":["GET"]}}],"collection":[{"href":"https:\/\/denizcankizil.tr\/ru\/wp-json\/wp\/v2\/posts"}],"about":[{"href":"https:\/\/denizcankizil.tr\/ru\/wp-json\/wp\/v2\/types\/post"}],"author":[{"embeddable":true,"href":"https:\/\/denizcankizil.tr\/ru\/wp-json\/wp\/v2\/users\/5"}],"replies":[{"embeddable":true,"href":"https:\/\/denizcankizil.tr\/ru\/wp-json\/wp\/v2\/comments?post=56624"}],"version-history":[{"count":0,"href":"https:\/\/denizcankizil.tr\/ru\/wp-json\/wp\/v2\/posts\/56624\/revisions"}],"wp:attachment":[{"href":"https:\/\/denizcankizil.tr\/ru\/wp-json\/wp\/v2\/media?parent=56624"}],"wp:term":[{"taxonomy":"category","embeddable":true,"href":"https:\/\/denizcankizil.tr\/ru\/wp-json\/wp\/v2\/categories?post=56624"},{"taxonomy":"post_tag","embeddable":true,"href":"https:\/\/denizcankizil.tr\/ru\/wp-json\/wp\/v2\/tags?post=56624"}],"curies":[{"name":"wp","href":"https:\/\/api.w.org\/{rel}","templated":true}]}}