{"id":56621,"date":"2025-04-15T17:42:50","date_gmt":"2025-04-15T14:42:50","guid":{"rendered":"https:\/\/denizcankizil.tr\/uncategorized-tr\/ozgur-ozel-cumhurbaskani-erdogana-75-bin-tl-tazminat-odeyecek\/"},"modified":"2025-04-15T17:42:50","modified_gmt":"2025-04-15T14:42:50","slug":"ozgur-ozel-cumhurbaskani-erdogana-75-bin-tl-tazminat-odeyecek","status":"publish","type":"post","link":"https:\/\/denizcankizil.tr\/ru\/haberler\/gundem\/ozgur-ozel-cumhurbaskani-erdogana-75-bin-tl-tazminat-odeyecek\/","title":{"rendered":"\u00d6zg\u00fcr \u00d6zel, Cumhurba\u015fkan\u0131 Erdo\u011fan\u2019a 75 bin TL tazminat \u00f6deyecek"},"content":{"rendered":"<p>Cumhurba\u015fkan\u0131 Recep Tayyip Erdo\u011fan&#8217;\u0131n avukat\u0131 H\u00fcseyin Ayd\u0131n, CHP Genel Ba\u015fkan\u0131 \u00d6zg\u00fcr \u00d6zel&#8217;in Cumhurba\u015fkan\u0131 Erdo\u011fan&#8217;a 75 bin TL tazminat \u00f6deyece\u011fini duyurdu.ANKARA (\u0130GFA) &#8211; Cumhurba\u015fkan\u0131 Recep Tayyip Erdo\u011fan\u2019\u0131n avukat\u0131 H\u00fcseyin Ayd\u0131n, CHP Genel Ba\u015fkan\u0131 \u00d6zg\u00fcr \u00d6zel\u2019in 26 Nisan 2022\u2019de \u00c7a\u011flayan Adliyesi \u00f6n\u00fcnde yapt\u0131\u011f\u0131 konu\u015fmada, Erdo\u011fan\u2019\u0131 \u201cyarg\u0131 ba\u011f\u0131ms\u0131zl\u0131\u011f\u0131n\u0131 yok etmek\u201d gibi haks\u0131z ithamlarla su\u00e7lad\u0131\u011f\u0131 gerek\u00e7esiyle a\u00e7\u0131lan davada karar \u00e7\u0131kt\u0131\u011f\u0131n\u0131 duyurdu.<br \/>\nAnkara B\u00f6lge Adliye Mahkemesi 25. Hukuk Dairesi, \u00d6zel\u2019in Erdo\u011fan\u2019a 75 bin TL manevi tazminat \u00f6demesine kesin olarak h\u00fckmetti.<br \/>\nAvukat Ayd\u0131n, karar\u0131 sosyal medya hesab\u0131ndan payla\u015farak kamuoyuna duyurdu.<\/p>\n<p>\u200bCumhurba\u015fkan\u0131 Recep Tayyip Erdo\u011fan&#8217;\u0131n avukat\u0131 H\u00fcseyin Ayd\u0131n, CHP Genel Ba\u015fkan\u0131 \u00d6zg\u00fcr \u00d6zel&#8217;in Cumhurba\u015fkan\u0131 Erdo\u011fan&#8217;a 75 bin TL tazminat \u00f6deyece\u011fini duyurdu.ANKARA (\u0130GFA) &#8211; Cumhurba\u015fkan\u0131 Recep Tayyip Erdo\u011fan\u2019\u0131n avukat\u0131 H\u00fcseyin Ayd\u0131n, CHP Genel Ba\u015fkan\u0131 \u00d6zg\u00fcr \u00d6zel\u2019in 26 Nisan 2022\u2019de \u00c7a\u011flayan Adliyesi \u00f6n\u00fcnde yapt\u0131\u011f\u0131 konu\u015fmada, Erdo\u011fan\u2019\u0131 \u201cyarg\u0131 ba\u011f\u0131ms\u0131zl\u0131\u011f\u0131n\u0131 yok etmek\u201d gibi haks\u0131z ithamlarla su\u00e7lad\u0131\u011f\u0131 gerek\u00e7esiyle a\u00e7\u0131lan davada karar \u00e7\u0131kt\u0131\u011f\u0131n\u0131 duyurdu.<br \/>\nAnkara B\u00f6lge Adliye Mahkemesi 25. Hukuk Dairesi, \u00d6zel\u2019in Erdo\u011fan\u2019a 75 bin TL manevi tazminat \u00f6demesine kesin olarak h\u00fckmetti.<br \/>\nAvukat Ayd\u0131n, karar\u0131 sosyal medya hesab\u0131ndan payla\u015farak kamuoyuna duyurdu.\u00a0<\/p>\n<p>\u200bHaberin Al\u0131nt\u0131land\u0131\u011f\u0131 Kaynak: www.iskenderun.org<\/p>","protected":false},"excerpt":{"rendered":"<p>Cumhurba\u015fkan\u0131 Recep Tayyip Erdo\u011fan&#8217;\u0131n avukat\u0131 H\u00fcseyin Ayd\u0131n, CHP Genel Ba\u015fkan\u0131 \u00d6zg\u00fcr \u00d6zel&#8217;in Cumhurba\u015fkan\u0131 Erdo\u011fan&#8217;a 75 bin TL tazminat \u00f6deyece\u011fini duyurdu.ANKARA (\u0130GFA) &#8211; Cumhurba\u015fkan\u0131 Recep Tayyip Erdo\u011fan\u2019\u0131n avukat\u0131 H\u00fcseyin Ayd\u0131n, CHP Genel Ba\u015fkan\u0131 \u00d6zg\u00fcr \u00d6zel\u2019in 26 Nisan 2022\u2019de \u00c7a\u011flayan Adliyesi \u00f6n\u00fcnde yapt\u0131\u011f\u0131 konu\u015fmada, Erdo\u011fan\u2019\u0131 \u201cyarg\u0131 ba\u011f\u0131ms\u0131zl\u0131\u011f\u0131n\u0131 yok etmek\u201d gibi haks\u0131z ithamlarla su\u00e7lad\u0131\u011f\u0131 gerek\u00e7esiyle a\u00e7\u0131lan davada karar \u00e7\u0131kt\u0131\u011f\u0131n\u0131 duyurdu. Ankara B\u00f6lge Adliye Mahkemesi 25. Hukuk Dairesi, \u00d6zel\u2019in Erdo\u011fan\u2019a 75 bin TL manevi tazminat \u00f6demesine kesin olarak h\u00fckmetti. Avukat Ayd\u0131n, karar\u0131 sosyal medya hesab\u0131ndan payla\u015farak kamuoyuna duyurdu. \u200bCumhurba\u015fkan\u0131 Recep Tayyip Erdo\u011fan&#8217;\u0131n avukat\u0131 H\u00fcseyin Ayd\u0131n, CHP Genel Ba\u015fkan\u0131 \u00d6zg\u00fcr \u00d6zel&#8217;in Cumhurba\u015fkan\u0131 Erdo\u011fan&#8217;a 75 bin TL tazminat \u00f6deyece\u011fini duyurdu.ANKARA (\u0130GFA) &#8211; Cumhurba\u015fkan\u0131 Recep Tayyip Erdo\u011fan\u2019\u0131n avukat\u0131 H\u00fcseyin Ayd\u0131n, CHP Genel Ba\u015fkan\u0131 \u00d6zg\u00fcr \u00d6zel\u2019in 26 Nisan 2022\u2019de \u00c7a\u011flayan Adliyesi \u00f6n\u00fcnde yapt\u0131\u011f\u0131 konu\u015fmada, Erdo\u011fan\u2019\u0131 \u201cyarg\u0131 ba\u011f\u0131ms\u0131zl\u0131\u011f\u0131n\u0131 yok etmek\u201d gibi haks\u0131z ithamlarla su\u00e7lad\u0131\u011f\u0131 gerek\u00e7esiyle a\u00e7\u0131lan davada karar \u00e7\u0131kt\u0131\u011f\u0131n\u0131 duyurdu. Ankara B\u00f6lge Adliye Mahkemesi 25. Hukuk Dairesi, \u00d6zel\u2019in Erdo\u011fan\u2019a 75 bin TL manevi tazminat \u00f6demesine kesin olarak h\u00fckmetti. Avukat Ayd\u0131n, karar\u0131 sosyal medya hesab\u0131ndan payla\u015farak kamuoyuna duyurdu.\u00a0 \u200bHaberin Al\u0131nt\u0131land\u0131\u011f\u0131 Kaynak: www.iskenderun.org<\/p>","protected":false},"author":1,"featured_media":0,"comment_status":"","ping_status":"open","sticky":false,"template":"","format":"standard","meta":{"_acf_changed":false,"footnotes":""},"categories":[24],"tags":[],"class_list":["post-56621","post","type-post","status-publish","format-standard","has-post-thumbnail","hentry","category-gundem"],"acf":[],"yoast_head":"<!-- This site is optimized with the Yoast SEO Premium plugin v26.6 (Yoast SEO v27.1.1) - https:\/\/yoast.com\/product\/yoast-seo-premium-wordpress\/ -->\n<title>\u00d6zg\u00fcr \u00d6zel, Cumhurba\u015fkan\u0131 Erdo\u011fan\u2019a 75 bin TL tazminat \u00f6deyecek - Av. Deniz Can K\u0131z\u0131l<\/title>\n<meta name=\"robots\" content=\"index, follow, max-snippet:-1, max-image-preview:large, max-video-preview:-1\" \/>\n<link rel=\"canonical\" href=\"https:\/\/denizcankizil.tr\/ru\/haberler\/gundem\/ozgur-ozel-cumhurbaskani-erdogana-75-bin-tl-tazminat-odeyecek\/\" \/>\n<meta property=\"og:locale\" content=\"ru_RU\" \/>\n<meta property=\"og:type\" content=\"article\" \/>\n<meta property=\"og:title\" content=\"\u00d6zg\u00fcr \u00d6zel, Cumhurba\u015fkan\u0131 Erdo\u011fan\u2019a 75 bin TL tazminat \u00f6deyecek\" \/>\n<meta property=\"og:description\" content=\"Cumhurba\u015fkan\u0131 Recep Tayyip Erdo\u011fan&#8217;\u0131n avukat\u0131 H\u00fcseyin Ayd\u0131n, CHP Genel Ba\u015fkan\u0131 \u00d6zg\u00fcr \u00d6zel&#8217;in Cumhurba\u015fkan\u0131 Erdo\u011fan&#8217;a 75 bin TL tazminat \u00f6deyece\u011fini duyurdu.ANKARA (\u0130GFA) &#8211; Cumhurba\u015fkan\u0131 Recep Tayyip Erdo\u011fan\u2019\u0131n avukat\u0131 H\u00fcseyin Ayd\u0131n, CHP Genel Ba\u015fkan\u0131 \u00d6zg\u00fcr \u00d6zel\u2019in 26 Nisan 2022\u2019de \u00c7a\u011flayan Adliyesi \u00f6n\u00fcnde yapt\u0131\u011f\u0131 konu\u015fmada, Erdo\u011fan\u2019\u0131 \u201cyarg\u0131 ba\u011f\u0131ms\u0131zl\u0131\u011f\u0131n\u0131 yok etmek\u201d gibi haks\u0131z ithamlarla su\u00e7lad\u0131\u011f\u0131 gerek\u00e7esiyle a\u00e7\u0131lan davada karar \u00e7\u0131kt\u0131\u011f\u0131n\u0131 duyurdu. Ankara B\u00f6lge Adliye Mahkemesi 25. Hukuk Dairesi, \u00d6zel\u2019in Erdo\u011fan\u2019a 75 bin TL manevi tazminat \u00f6demesine kesin olarak h\u00fckmetti. Avukat Ayd\u0131n, karar\u0131 sosyal medya hesab\u0131ndan payla\u015farak kamuoyuna duyurdu. \u200bCumhurba\u015fkan\u0131 Recep Tayyip Erdo\u011fan&#8217;\u0131n avukat\u0131 H\u00fcseyin Ayd\u0131n, CHP Genel Ba\u015fkan\u0131 \u00d6zg\u00fcr \u00d6zel&#8217;in Cumhurba\u015fkan\u0131 Erdo\u011fan&#8217;a 75 bin TL tazminat \u00f6deyece\u011fini duyurdu.ANKARA (\u0130GFA) &#8211; Cumhurba\u015fkan\u0131 Recep Tayyip Erdo\u011fan\u2019\u0131n avukat\u0131 H\u00fcseyin Ayd\u0131n, CHP Genel Ba\u015fkan\u0131 \u00d6zg\u00fcr \u00d6zel\u2019in 26 Nisan 2022\u2019de \u00c7a\u011flayan Adliyesi \u00f6n\u00fcnde yapt\u0131\u011f\u0131 konu\u015fmada, Erdo\u011fan\u2019\u0131 \u201cyarg\u0131 ba\u011f\u0131ms\u0131zl\u0131\u011f\u0131n\u0131 yok etmek\u201d gibi haks\u0131z ithamlarla su\u00e7lad\u0131\u011f\u0131 gerek\u00e7esiyle a\u00e7\u0131lan davada karar \u00e7\u0131kt\u0131\u011f\u0131n\u0131 duyurdu. Ankara B\u00f6lge Adliye Mahkemesi 25. Hukuk Dairesi, \u00d6zel\u2019in Erdo\u011fan\u2019a 75 bin TL manevi tazminat \u00f6demesine kesin olarak h\u00fckmetti. Avukat Ayd\u0131n, karar\u0131 sosyal medya hesab\u0131ndan payla\u015farak kamuoyuna duyurdu.\u00a0 \u200bHaberin Al\u0131nt\u0131land\u0131\u011f\u0131 Kaynak: www.iskenderun.org\" \/>\n<meta property=\"og:url\" content=\"https:\/\/denizcankizil.tr\/ru\/haberler\/gundem\/ozgur-ozel-cumhurbaskani-erdogana-75-bin-tl-tazminat-odeyecek\/\" \/>\n<meta property=\"og:site_name\" content=\"Av. Deniz Can K\u0131z\u0131l\" \/>\n<meta property=\"article:published_time\" content=\"2025-04-15T14:42:50+00:00\" \/>\n<meta name=\"author\" content=\"admin\" \/>\n<meta name=\"twitter:card\" content=\"summary_large_image\" \/>\n<meta name=\"twitter:label1\" content=\"\u041d\u0430\u043f\u0438\u0441\u0430\u043d\u043e \u0430\u0432\u0442\u043e\u0440\u043e\u043c\" \/>\n\t<meta name=\"twitter:data1\" content=\"admin\" \/>\n\t<meta name=\"twitter:label2\" content=\"\u041f\u0440\u0438\u043c\u0435\u0440\u043d\u043e\u0435 \u0432\u0440\u0435\u043c\u044f \u0434\u043b\u044f \u0447\u0442\u0435\u043d\u0438\u044f\" \/>\n\t<meta name=\"twitter:data2\" content=\"1 \u043c\u0438\u043d\u0443\u0442\u0430\" \/>\n<script type=\"application\/ld+json\" class=\"yoast-schema-graph\">{\"@context\":\"https:\/\/schema.org\",\"@graph\":[{\"@type\":\"Article\",\"@id\":\"https:\/\/denizcankizil.tr\/ru\/haberler\/gundem\/ozgur-ozel-cumhurbaskani-erdogana-75-bin-tl-tazminat-odeyecek\/#article\",\"isPartOf\":{\"@id\":\"https:\/\/denizcankizil.tr\/ru\/haberler\/gundem\/ozgur-ozel-cumhurbaskani-erdogana-75-bin-tl-tazminat-odeyecek\/\"},\"author\":{\"name\":\"admin\",\"@id\":\"https:\/\/denizcankizil.tr\/#\/schema\/person\/be3c05fe6a12686905512445d8185489\"},\"headline\":\"\u00d6zg\u00fcr \u00d6zel, Cumhurba\u015fkan\u0131 Erdo\u011fan\u2019a 75 bin TL tazminat \u00f6deyecek\",\"datePublished\":\"2025-04-15T14:42:50+00:00\",\"mainEntityOfPage\":{\"@id\":\"https:\/\/denizcankizil.tr\/ru\/haberler\/gundem\/ozgur-ozel-cumhurbaskani-erdogana-75-bin-tl-tazminat-odeyecek\/\"},\"wordCount\":262,\"publisher\":{\"@id\":\"https:\/\/denizcankizil.tr\/#organization\"},\"articleSection\":[\"G\u00fcndem\"],\"inLanguage\":\"ru-RU\"},{\"@type\":\"WebPage\",\"@id\":\"https:\/\/denizcankizil.tr\/ru\/haberler\/gundem\/ozgur-ozel-cumhurbaskani-erdogana-75-bin-tl-tazminat-odeyecek\/\",\"url\":\"https:\/\/denizcankizil.tr\/ru\/haberler\/gundem\/ozgur-ozel-cumhurbaskani-erdogana-75-bin-tl-tazminat-odeyecek\/\",\"name\":\"\u00d6zg\u00fcr \u00d6zel, Cumhurba\u015fkan\u0131 Erdo\u011fan\u2019a 75 bin TL tazminat \u00f6deyecek - Av. Deniz Can K\u0131z\u0131l\",\"isPartOf\":{\"@id\":\"https:\/\/denizcankizil.tr\/#website\"},\"datePublished\":\"2025-04-15T14:42:50+00:00\",\"breadcrumb\":{\"@id\":\"https:\/\/denizcankizil.tr\/ru\/haberler\/gundem\/ozgur-ozel-cumhurbaskani-erdogana-75-bin-tl-tazminat-odeyecek\/#breadcrumb\"},\"inLanguage\":\"ru-RU\",\"potentialAction\":[{\"@type\":\"ReadAction\",\"target\":[\"https:\/\/denizcankizil.tr\/ru\/haberler\/gundem\/ozgur-ozel-cumhurbaskani-erdogana-75-bin-tl-tazminat-odeyecek\/\"]}]},{\"@type\":\"BreadcrumbList\",\"@id\":\"https:\/\/denizcankizil.tr\/ru\/haberler\/gundem\/ozgur-ozel-cumhurbaskani-erdogana-75-bin-tl-tazminat-odeyecek\/#breadcrumb\",\"itemListElement\":[{\"@type\":\"ListItem\",\"position\":1,\"name\":\"Home\",\"item\":\"https:\/\/denizcankizil.tr\/de\/\"},{\"@type\":\"ListItem\",\"position\":2,\"name\":\"\u00d6zg\u00fcr \u00d6zel, Cumhurba\u015fkan\u0131 Erdo\u011fan\u2019a 75 bin TL tazminat \u00f6deyecek\"}]},{\"@type\":\"WebSite\",\"@id\":\"https:\/\/denizcankizil.tr\/#website\",\"url\":\"https:\/\/denizcankizil.tr\/\",\"name\":\"Av. Deniz Can K\u0131z\u0131l\",\"description\":\"Avukat Deniz Can K\u0131z\u0131l Antalya Barosu\",\"publisher\":{\"@id\":\"https:\/\/denizcankizil.tr\/#organization\"},\"potentialAction\":[{\"@type\":\"SearchAction\",\"target\":{\"@type\":\"EntryPoint\",\"urlTemplate\":\"https:\/\/denizcankizil.tr\/?s={search_term_string}\"},\"query-input\":{\"@type\":\"PropertyValueSpecification\",\"valueRequired\":true,\"valueName\":\"search_term_string\"}}],\"inLanguage\":\"ru-RU\"},{\"@type\":\"Organization\",\"@id\":\"https:\/\/denizcankizil.tr\/#organization\",\"name\":\"Av. Deniz Can K\u0131z\u0131l\",\"url\":\"https:\/\/denizcankizil.tr\/\",\"logo\":{\"@type\":\"ImageObject\",\"inLanguage\":\"ru-RU\",\"@id\":\"https:\/\/denizcankizil.tr\/#\/schema\/logo\/image\/\",\"url\":\"https:\/\/denizcankizil.tr\/wp-content\/uploads\/2024\/10\/siyah-logo-svg.svg\",\"contentUrl\":\"https:\/\/denizcankizil.tr\/wp-content\/uploads\/2024\/10\/siyah-logo-svg.svg\",\"width\":1080,\"height\":1080,\"caption\":\"Av. Deniz Can K\u0131z\u0131l\"},\"image\":{\"@id\":\"https:\/\/denizcankizil.tr\/#\/schema\/logo\/image\/\"}},{\"@type\":\"Person\",\"@id\":\"https:\/\/denizcankizil.tr\/#\/schema\/person\/be3c05fe6a12686905512445d8185489\",\"name\":\"admin\",\"image\":{\"@type\":\"ImageObject\",\"inLanguage\":\"ru-RU\",\"@id\":\"https:\/\/denizcankizil.tr\/#\/schema\/person\/image\/\",\"url\":\"https:\/\/secure.gravatar.com\/avatar\/c1fce94c830dc79107e174f890d7210541c4a63e8e5d816341794a2151c9d58c?s=96&d=mm&r=g\",\"contentUrl\":\"https:\/\/secure.gravatar.com\/avatar\/c1fce94c830dc79107e174f890d7210541c4a63e8e5d816341794a2151c9d58c?s=96&d=mm&r=g\",\"caption\":\"admin\"},\"sameAs\":[\"http:\/\/denizcankizil.tr\"],\"url\":\"https:\/\/www.iskenderun.org\/ozgur-ozel-cumhurbaskani-erdogana-75-bin-tl-tazminat-odeyecek\"}]}<\/script>\n<!-- \/ Yoast SEO Premium plugin. -->","yoast_head_json":{"title":"\u00d6zg\u00fcr \u00d6zel, Cumhurba\u015fkan\u0131 Erdo\u011fan\u2019a 75 bin TL tazminat \u00f6deyecek - Av. Deniz Can K\u0131z\u0131l","robots":{"index":"index","follow":"follow","max-snippet":"max-snippet:-1","max-image-preview":"max-image-preview:large","max-video-preview":"max-video-preview:-1"},"canonical":"https:\/\/denizcankizil.tr\/ru\/haberler\/gundem\/ozgur-ozel-cumhurbaskani-erdogana-75-bin-tl-tazminat-odeyecek\/","og_locale":"ru_RU","og_type":"article","og_title":"\u00d6zg\u00fcr \u00d6zel, Cumhurba\u015fkan\u0131 Erdo\u011fan\u2019a 75 bin TL tazminat \u00f6deyecek","og_description":"Cumhurba\u015fkan\u0131 Recep Tayyip Erdo\u011fan&#8217;\u0131n avukat\u0131 H\u00fcseyin Ayd\u0131n, CHP Genel Ba\u015fkan\u0131 \u00d6zg\u00fcr \u00d6zel&#8217;in Cumhurba\u015fkan\u0131 Erdo\u011fan&#8217;a 75 bin TL tazminat \u00f6deyece\u011fini duyurdu.ANKARA (\u0130GFA) &#8211; Cumhurba\u015fkan\u0131 Recep Tayyip Erdo\u011fan\u2019\u0131n avukat\u0131 H\u00fcseyin Ayd\u0131n, CHP Genel Ba\u015fkan\u0131 \u00d6zg\u00fcr \u00d6zel\u2019in 26 Nisan 2022\u2019de \u00c7a\u011flayan Adliyesi \u00f6n\u00fcnde yapt\u0131\u011f\u0131 konu\u015fmada, Erdo\u011fan\u2019\u0131 \u201cyarg\u0131 ba\u011f\u0131ms\u0131zl\u0131\u011f\u0131n\u0131 yok etmek\u201d gibi haks\u0131z ithamlarla su\u00e7lad\u0131\u011f\u0131 gerek\u00e7esiyle a\u00e7\u0131lan davada karar \u00e7\u0131kt\u0131\u011f\u0131n\u0131 duyurdu. Ankara B\u00f6lge Adliye Mahkemesi 25. Hukuk Dairesi, \u00d6zel\u2019in Erdo\u011fan\u2019a 75 bin TL manevi tazminat \u00f6demesine kesin olarak h\u00fckmetti. Avukat Ayd\u0131n, karar\u0131 sosyal medya hesab\u0131ndan payla\u015farak kamuoyuna duyurdu. \u200bCumhurba\u015fkan\u0131 Recep Tayyip Erdo\u011fan&#8217;\u0131n avukat\u0131 H\u00fcseyin Ayd\u0131n, CHP Genel Ba\u015fkan\u0131 \u00d6zg\u00fcr \u00d6zel&#8217;in Cumhurba\u015fkan\u0131 Erdo\u011fan&#8217;a 75 bin TL tazminat \u00f6deyece\u011fini duyurdu.ANKARA (\u0130GFA) &#8211; Cumhurba\u015fkan\u0131 Recep Tayyip Erdo\u011fan\u2019\u0131n avukat\u0131 H\u00fcseyin Ayd\u0131n, CHP Genel Ba\u015fkan\u0131 \u00d6zg\u00fcr \u00d6zel\u2019in 26 Nisan 2022\u2019de \u00c7a\u011flayan Adliyesi \u00f6n\u00fcnde yapt\u0131\u011f\u0131 konu\u015fmada, Erdo\u011fan\u2019\u0131 \u201cyarg\u0131 ba\u011f\u0131ms\u0131zl\u0131\u011f\u0131n\u0131 yok etmek\u201d gibi haks\u0131z ithamlarla su\u00e7lad\u0131\u011f\u0131 gerek\u00e7esiyle a\u00e7\u0131lan davada karar \u00e7\u0131kt\u0131\u011f\u0131n\u0131 duyurdu. Ankara B\u00f6lge Adliye Mahkemesi 25. Hukuk Dairesi, \u00d6zel\u2019in Erdo\u011fan\u2019a 75 bin TL manevi tazminat \u00f6demesine kesin olarak h\u00fckmetti. Avukat Ayd\u0131n, karar\u0131 sosyal medya hesab\u0131ndan payla\u015farak kamuoyuna duyurdu.\u00a0 \u200bHaberin Al\u0131nt\u0131land\u0131\u011f\u0131 Kaynak: www.iskenderun.org","og_url":"https:\/\/denizcankizil.tr\/ru\/haberler\/gundem\/ozgur-ozel-cumhurbaskani-erdogana-75-bin-tl-tazminat-odeyecek\/","og_site_name":"Av. Deniz Can K\u0131z\u0131l","article_published_time":"2025-04-15T14:42:50+00:00","author":"admin","twitter_card":"summary_large_image","twitter_misc":{"\u041d\u0430\u043f\u0438\u0441\u0430\u043d\u043e \u0430\u0432\u0442\u043e\u0440\u043e\u043c":"admin","\u041f\u0440\u0438\u043c\u0435\u0440\u043d\u043e\u0435 \u0432\u0440\u0435\u043c\u044f \u0434\u043b\u044f \u0447\u0442\u0435\u043d\u0438\u044f":"1 \u043c\u0438\u043d\u0443\u0442\u0430"},"schema":{"@context":"https:\/\/schema.org","@graph":[{"@type":"Article","@id":"https:\/\/denizcankizil.tr\/ru\/haberler\/gundem\/ozgur-ozel-cumhurbaskani-erdogana-75-bin-tl-tazminat-odeyecek\/#article","isPartOf":{"@id":"https:\/\/denizcankizil.tr\/ru\/haberler\/gundem\/ozgur-ozel-cumhurbaskani-erdogana-75-bin-tl-tazminat-odeyecek\/"},"author":{"name":"admin","@id":"https:\/\/denizcankizil.tr\/#\/schema\/person\/be3c05fe6a12686905512445d8185489"},"headline":"\u00d6zg\u00fcr \u00d6zel, Cumhurba\u015fkan\u0131 Erdo\u011fan\u2019a 75 bin TL tazminat \u00f6deyecek","datePublished":"2025-04-15T14:42:50+00:00","mainEntityOfPage":{"@id":"https:\/\/denizcankizil.tr\/ru\/haberler\/gundem\/ozgur-ozel-cumhurbaskani-erdogana-75-bin-tl-tazminat-odeyecek\/"},"wordCount":262,"publisher":{"@id":"https:\/\/denizcankizil.tr\/#organization"},"articleSection":["G\u00fcndem"],"inLanguage":"ru-RU"},{"@type":"WebPage","@id":"https:\/\/denizcankizil.tr\/ru\/haberler\/gundem\/ozgur-ozel-cumhurbaskani-erdogana-75-bin-tl-tazminat-odeyecek\/","url":"https:\/\/denizcankizil.tr\/ru\/haberler\/gundem\/ozgur-ozel-cumhurbaskani-erdogana-75-bin-tl-tazminat-odeyecek\/","name":"\u00d6zg\u00fcr \u00d6zel, Cumhurba\u015fkan\u0131 Erdo\u011fan\u2019a 75 bin TL tazminat \u00f6deyecek - Av. Deniz Can K\u0131z\u0131l","isPartOf":{"@id":"https:\/\/denizcankizil.tr\/#website"},"datePublished":"2025-04-15T14:42:50+00:00","breadcrumb":{"@id":"https:\/\/denizcankizil.tr\/ru\/haberler\/gundem\/ozgur-ozel-cumhurbaskani-erdogana-75-bin-tl-tazminat-odeyecek\/#breadcrumb"},"inLanguage":"ru-RU","potentialAction":[{"@type":"ReadAction","target":["https:\/\/denizcankizil.tr\/ru\/haberler\/gundem\/ozgur-ozel-cumhurbaskani-erdogana-75-bin-tl-tazminat-odeyecek\/"]}]},{"@type":"BreadcrumbList","@id":"https:\/\/denizcankizil.tr\/ru\/haberler\/gundem\/ozgur-ozel-cumhurbaskani-erdogana-75-bin-tl-tazminat-odeyecek\/#breadcrumb","itemListElement":[{"@type":"ListItem","position":1,"name":"Home","item":"https:\/\/denizcankizil.tr\/de\/"},{"@type":"ListItem","position":2,"name":"\u00d6zg\u00fcr \u00d6zel, Cumhurba\u015fkan\u0131 Erdo\u011fan\u2019a 75 bin TL tazminat \u00f6deyecek"}]},{"@type":"WebSite","@id":"https:\/\/denizcankizil.tr\/#website","url":"https:\/\/denizcankizil.tr\/","name":"Av. Deniz Can K\u0131z\u0131l","description":"Avukat Deniz Can K\u0131z\u0131l Antalya Barosu","publisher":{"@id":"https:\/\/denizcankizil.tr\/#organization"},"potentialAction":[{"@type":"SearchAction","target":{"@type":"EntryPoint","urlTemplate":"https:\/\/denizcankizil.tr\/?s={search_term_string}"},"query-input":{"@type":"PropertyValueSpecification","valueRequired":true,"valueName":"search_term_string"}}],"inLanguage":"ru-RU"},{"@type":"Organization","@id":"https:\/\/denizcankizil.tr\/#organization","name":"Av. Deniz Can K\u0131z\u0131l","url":"https:\/\/denizcankizil.tr\/","logo":{"@type":"ImageObject","inLanguage":"ru-RU","@id":"https:\/\/denizcankizil.tr\/#\/schema\/logo\/image\/","url":"https:\/\/denizcankizil.tr\/wp-content\/uploads\/2024\/10\/siyah-logo-svg.svg","contentUrl":"https:\/\/denizcankizil.tr\/wp-content\/uploads\/2024\/10\/siyah-logo-svg.svg","width":1080,"height":1080,"caption":"Av. Deniz Can K\u0131z\u0131l"},"image":{"@id":"https:\/\/denizcankizil.tr\/#\/schema\/logo\/image\/"}},{"@type":"Person","@id":"https:\/\/denizcankizil.tr\/#\/schema\/person\/be3c05fe6a12686905512445d8185489","name":"\u0430\u0434\u043c\u0438\u043d","image":{"@type":"ImageObject","inLanguage":"ru-RU","@id":"https:\/\/denizcankizil.tr\/#\/schema\/person\/image\/","url":"https:\/\/secure.gravatar.com\/avatar\/c1fce94c830dc79107e174f890d7210541c4a63e8e5d816341794a2151c9d58c?s=96&d=mm&r=g","contentUrl":"https:\/\/secure.gravatar.com\/avatar\/c1fce94c830dc79107e174f890d7210541c4a63e8e5d816341794a2151c9d58c?s=96&d=mm&r=g","caption":"admin"},"sameAs":["http:\/\/denizcankizil.tr"],"url":"https:\/\/www.iskenderun.org\/ozgur-ozel-cumhurbaskani-erdogana-75-bin-tl-tazminat-odeyecek"}]}},"_links":{"self":[{"href":"https:\/\/denizcankizil.tr\/ru\/wp-json\/wp\/v2\/posts\/56621","targetHints":{"allow":["GET"]}}],"collection":[{"href":"https:\/\/denizcankizil.tr\/ru\/wp-json\/wp\/v2\/posts"}],"about":[{"href":"https:\/\/denizcankizil.tr\/ru\/wp-json\/wp\/v2\/types\/post"}],"author":[{"embeddable":true,"href":"https:\/\/denizcankizil.tr\/ru\/wp-json\/wp\/v2\/users\/1"}],"replies":[{"embeddable":true,"href":"https:\/\/denizcankizil.tr\/ru\/wp-json\/wp\/v2\/comments?post=56621"}],"version-history":[{"count":0,"href":"https:\/\/denizcankizil.tr\/ru\/wp-json\/wp\/v2\/posts\/56621\/revisions"}],"wp:attachment":[{"href":"https:\/\/denizcankizil.tr\/ru\/wp-json\/wp\/v2\/media?parent=56621"}],"wp:term":[{"taxonomy":"category","embeddable":true,"href":"https:\/\/denizcankizil.tr\/ru\/wp-json\/wp\/v2\/categories?post=56621"},{"taxonomy":"post_tag","embeddable":true,"href":"https:\/\/denizcankizil.tr\/ru\/wp-json\/wp\/v2\/tags?post=56621"}],"curies":[{"name":"wp","href":"https:\/\/api.w.org\/{rel}","templated":true}]}}