{"id":56619,"date":"2025-04-15T17:42:48","date_gmt":"2025-04-15T14:42:48","guid":{"rendered":"https:\/\/denizcankizil.tr\/uncategorized-tr\/istanbul-alisveris-caddeleri-raporu-belli-oldu-o-caddeler-populerliligi-yitirdi-mi\/"},"modified":"2025-04-15T17:42:48","modified_gmt":"2025-04-15T14:42:48","slug":"istanbul-alisveris-caddeleri-raporu-belli-oldu-o-caddeler-populerliligi-yitirdi-mi","status":"publish","type":"post","link":"https:\/\/denizcankizil.tr\/ru\/haberler\/gundem\/istanbul-alisveris-caddeleri-raporu-belli-oldu-o-caddeler-populerliligi-yitirdi-mi\/","title":{"rendered":"\u0130stanbul Al\u0131\u015fveri\u015f Caddeleri Raporu belli oldu&#8230; O caddeler pop\u00fclerlili\u011fi yitirdi mi?"},"content":{"rendered":"<p>\u0130stanbul&#8217;da Ba\u011fdat Caddesi, \u0130stiklal Caddesi ve Ni\u015fanta\u015f\u0131 B\u00f6lgesi\u2019nin 2024 y\u0131l\u0131 perakende verilerini inceledi\u011fi raporuna g\u00f6re, caddeler \u00fczerindeki s\u0131n\u0131rl\u0131 arz ve y\u00fcksek doluluk oranlar\u0131 dolay\u0131s\u0131yla kiralama faaliyetlerinde belirgin bir yava\u015flama ya\u015fand\u0131.\u0130STANBUL (\u0130GFA) &#8211; Uluslararas\u0131 gayrimenkul dan\u0131\u015fmanl\u0131k \u015firketi Cushman &amp; Wakefield I TR International, Ba\u011fdat Caddesi, \u0130stiklal Caddesi ve Ni\u015fanta\u015f\u0131 B\u00f6lgesi\u2019ni kapsayan \u2018\u0130stanbul Al\u0131\u015fveri\u015f Caddeleri Raporu\u2019nun 11\u2019ncisini yay\u0131mlad\u0131.<br \/>\n3 ana al\u0131\u015fveri\u015f caddesinin 2024 y\u0131l\u0131 perakende verilerini inceleyen rapor, b\u00f6lgelerdeki y\u00fcksek doluluk oranlar\u0131na i\u015faret etti. Talebin canl\u0131l\u0131\u011f\u0131n\u0131 korudu\u011fu caddelerde, s\u0131n\u0131rl\u0131 arz\u0131n etkisiyle kira seviyelerinin y\u00fcksek kalmaya devam etti\u011fi vurguland\u0131.<br \/>\n2024 y\u0131l\u0131nda \u0130stanbul\u2019un ana caddelerinde kentsel d\u00f6n\u00fc\u015f\u00fcm\u00fcn etkisinin tekrar belirgin hale geldi\u011fini g\u00f6steren rapora g\u00f6re; k\u00fclt\u00fcrel \u00e7ekim merkezlerinin yaya trafi\u011fini art\u0131rmas\u0131 ve yerel markalar\u0131n \u00f6ne \u00e7\u0131kmas\u0131 dikkat \u00e7ekti.2025 y\u0131l\u0131nda ise tamamlanacak kentsel d\u00f6n\u00fc\u015f\u00fcm projeleriyle caddelerdeki de\u011fi\u015fimin belirgin olaca\u011f\u0131 ifade edildi.<br \/>\nCADDELERDE BO\u015e MA\u011eAZA SAYISI AZALIYOR, K\u0130RALAMA HACM\u0130 2014\u2019TEN BU YANA EN D\u00dc\u015e\u00dcK SEV\u0130YEDE<br \/>\nRapora g\u00f6re, caddelerde bo\u015f ma\u011faza say\u0131s\u0131n\u0131n \u00f6nceki y\u0131llarda oldu\u011fu gibi azalmaya devam etti\u011fi g\u00f6r\u00fcld\u00fc.<br \/>\n\u0130\u015flemlerin \u00e7o\u011funu yeni kiralamalar\u0131n olu\u015fturdu\u011fu 2024 y\u0131l\u0131nda bir \u00f6nceki y\u0131l kentsel d\u00f6n\u00fc\u015f\u00fcmde olan ma\u011fazalar\u0131n y\u00fczde 24\u2019\u00fc; bo\u015f olan ma\u011fazalar\u0131n ise y\u00fczde 34\u2019\u00fc kiraland\u0131. Buna g\u00f6re 2023 y\u0131l\u0131nda t\u00fcm caddelerde kentsel d\u00f6n\u00fc\u015f\u00fcmde olan 58 ma\u011fazan\u0131n 14\u2019\u00fc 2024 y\u0131l\u0131nda kiralan\u0131rken, yine 2023 y\u0131l\u0131nda bo\u015f olan 32 ma\u011fazan\u0131n 11\u2019i kiralanm\u0131\u015f oldu. Son be\u015f y\u0131lda \u00fc\u00e7 ana caddede kiralama i\u015flemleri s\u0131ras\u0131yla; 2020 y\u0131l\u0131nda 128, 2021 y\u0131l\u0131nda 137, 2022 y\u0131l\u0131nda 51, 2023 y\u0131l\u0131nda 67 ve 2024 y\u0131l\u0131nda 51 olarak ger\u00e7ekle\u015fti. Metrekare baz\u0131nda toplam kiralama hacmi ise yakla\u015f\u0131k 12 bin metrekare ile 2014\u2019ten bu yana en d\u00fc\u015f\u00fck seviyeye geriledi.<br \/>\nMa\u011fazalar\u0131n mevcut yerlerini koruma e\u011filimiyle yer de\u011fi\u015fiminin azald\u0131\u011f\u0131; bo\u015f kiralanabilir alanlar\u0131n ise azalmaya devam etti\u011fi de\u011ferlendirildi. Talepteki canl\u0131l\u0131\u011f\u0131n devam etti\u011fi caddelerde, s\u0131n\u0131rl\u0131 arz\u0131n etkisiyle birincil kiralar\u0131n son 8 y\u0131l\u0131n en y\u00fcksek seviyesinde yerini korudu\u011fu vurguland\u0131. 2024 y\u0131l\u0131nda \u0130stiklal Caddesi ve Ni\u015fanta\u015f\u0131 B\u00f6lgesinde yaya trafi\u011finin dikkate de\u011fer \u015fekilde art\u0131\u015f kaydetti\u011fi g\u00f6r\u00fcld\u00fc. Buna g\u00f6re, caddelerde d\u00fczenlenen k\u00fclt\u00fcrel etkinlikler ve yeni k\u00fclt\u00fcr sanat alanlar\u0131n\u0131n b\u00f6lgeye kazand\u0131r\u0131lmas\u0131 bu hareketin ba\u015fl\u0131ca etkeni olarak ortaya \u00e7\u0131kt\u0131.<br \/>\nK\u00dcLT\u00dcREL ETK\u0130NL\u0130KLER \u0130ST\u0130KLAL\u2019\u0130 CANLANDIRDI, KENTSEL D\u00d6N\u00dc\u015e\u00dcM BA\u011eDAT CADDES\u0130\u2019N\u0130 YAVA\u015eLATTI<br \/>\nRaporun 2024 y\u0131l\u0131 sonu\u00e7lar\u0131, \u00fc\u00e7 ana caddedeki yaya trafi\u011fine y\u00f6nelik \u00f6nemli etkenleri de a\u00e7\u0131\u011fa \u00e7\u0131kard\u0131.<br \/>\nOrtalama yaya trafi\u011fi y\u0131l boyunca \u0130stiklal Caddesi ve Ni\u015fanta\u015f\u0131 B\u00f6lgesi\u2019nde artarken Ba\u011fdat Caddesi\u2019nde ise d\u00fc\u015ft\u00fc\u011f\u00fc hesapland\u0131.<br \/>\n\u0130stiklal Caddesi\u2019nin hafta i\u00e7i g\u00fcnl\u00fck ziyaret\u00e7i say\u0131s\u0131 y\u00fczde 2 art\u0131\u015fla 207 bine, hafta sonu ise y\u00fczde 7 art\u0131\u015fla 313 bin 500\u2019e y\u00fckseldi\u011fi kaydedildi. Caddeyi ayl\u0131k ortalama 7,5 milyon, y\u0131ll\u0131k ise 90,1 milyon ki\u015fi ziyaret etti. \u00d6zellikle d\u00fczenlenen k\u00fclt\u00fcrel ve sanatsal etkinlikler ile caddenin k\u00fclt\u00fcrel ve turistik bir merkez olarak \u00f6ne \u00e7\u0131kmas\u0131 bu trafi\u011fi \u00f6nemli \u00f6l\u00e7\u00fcde etkiledi.<\/p>\n<p>\u200b\u0130stanbul&#8217;da Ba\u011fdat Caddesi, \u0130stiklal Caddesi ve Ni\u015fanta\u015f\u0131 B\u00f6lgesi\u2019nin 2024 y\u0131l\u0131 perakende verilerini inceledi\u011fi raporuna g\u00f6re, caddeler \u00fczerindeki s\u0131n\u0131rl\u0131 arz ve y\u00fcksek doluluk oranlar\u0131 dolay\u0131s\u0131yla kiralama faaliyetlerinde belirgin bir yava\u015flama ya\u015fand\u0131.\u0130STANBUL (\u0130GFA) &#8211; Uluslararas\u0131 gayrimenkul dan\u0131\u015fmanl\u0131k \u015firketi Cushman &amp; Wakefield I TR International, Ba\u011fdat Caddesi, \u0130stiklal Caddesi ve Ni\u015fanta\u015f\u0131 B\u00f6lgesi\u2019ni kapsayan \u2018\u0130stanbul Al\u0131\u015fveri\u015f Caddeleri Raporu\u2019nun 11\u2019ncisini yay\u0131mlad\u0131.<br \/>\n3 ana al\u0131\u015fveri\u015f caddesinin 2024 y\u0131l\u0131 perakende verilerini inceleyen rapor, b\u00f6lgelerdeki y\u00fcksek doluluk oranlar\u0131na i\u015faret etti. Talebin canl\u0131l\u0131\u011f\u0131n\u0131 korudu\u011fu caddelerde, s\u0131n\u0131rl\u0131 arz\u0131n etkisiyle kira seviyelerinin y\u00fcksek kalmaya devam etti\u011fi vurguland\u0131.<br \/>\n2024 y\u0131l\u0131nda \u0130stanbul\u2019un ana caddelerinde kentsel d\u00f6n\u00fc\u015f\u00fcm\u00fcn etkisinin tekrar belirgin hale geldi\u011fini g\u00f6steren rapora g\u00f6re; k\u00fclt\u00fcrel \u00e7ekim merkezlerinin yaya trafi\u011fini art\u0131rmas\u0131 ve yerel markalar\u0131n \u00f6ne \u00e7\u0131kmas\u0131 dikkat \u00e7ekti.2025 y\u0131l\u0131nda ise tamamlanacak kentsel d\u00f6n\u00fc\u015f\u00fcm projeleriyle caddelerdeki de\u011fi\u015fimin belirgin olaca\u011f\u0131 ifade edildi.<br \/>\nCADDELERDE BO\u015e MA\u011eAZA SAYISI AZALIYOR, K\u0130RALAMA HACM\u0130 2014\u2019TEN BU YANA EN D\u00dc\u015e\u00dcK SEV\u0130YEDE<br \/>\nRapora g\u00f6re, caddelerde bo\u015f ma\u011faza say\u0131s\u0131n\u0131n \u00f6nceki y\u0131llarda oldu\u011fu gibi azalmaya devam etti\u011fi g\u00f6r\u00fcld\u00fc.<br \/>\n\u0130\u015flemlerin \u00e7o\u011funu yeni kiralamalar\u0131n olu\u015fturdu\u011fu 2024 y\u0131l\u0131nda bir \u00f6nceki y\u0131l kentsel d\u00f6n\u00fc\u015f\u00fcmde olan ma\u011fazalar\u0131n y\u00fczde 24\u2019\u00fc; bo\u015f olan ma\u011fazalar\u0131n ise y\u00fczde 34\u2019\u00fc kiraland\u0131. Buna g\u00f6re 2023 y\u0131l\u0131nda t\u00fcm caddelerde kentsel d\u00f6n\u00fc\u015f\u00fcmde olan 58 ma\u011fazan\u0131n 14\u2019\u00fc 2024 y\u0131l\u0131nda kiralan\u0131rken, yine 2023 y\u0131l\u0131nda bo\u015f olan 32 ma\u011fazan\u0131n 11\u2019i kiralanm\u0131\u015f oldu. Son be\u015f y\u0131lda \u00fc\u00e7 ana caddede kiralama i\u015flemleri s\u0131ras\u0131yla; 2020 y\u0131l\u0131nda 128, 2021 y\u0131l\u0131nda 137, 2022 y\u0131l\u0131nda 51, 2023 y\u0131l\u0131nda 67 ve 2024 y\u0131l\u0131nda 51 olarak ger\u00e7ekle\u015fti. Metrekare baz\u0131nda toplam kiralama hacmi ise yakla\u015f\u0131k 12 bin metrekare ile 2014\u2019ten bu yana en d\u00fc\u015f\u00fck seviyeye geriledi.<br \/>\nMa\u011fazalar\u0131n mevcut yerlerini koruma e\u011filimiyle yer de\u011fi\u015fiminin azald\u0131\u011f\u0131; bo\u015f kiralanabilir alanlar\u0131n ise azalmaya devam etti\u011fi de\u011ferlendirildi. Talepteki canl\u0131l\u0131\u011f\u0131n devam etti\u011fi caddelerde, s\u0131n\u0131rl\u0131 arz\u0131n etkisiyle birincil kiralar\u0131n son 8 y\u0131l\u0131n en y\u00fcksek seviyesinde yerini korudu\u011fu vurguland\u0131. 2024 y\u0131l\u0131nda \u0130stiklal Caddesi ve Ni\u015fanta\u015f\u0131 B\u00f6lgesinde yaya trafi\u011finin dikkate de\u011fer \u015fekilde art\u0131\u015f kaydetti\u011fi g\u00f6r\u00fcld\u00fc. Buna g\u00f6re, caddelerde d\u00fczenlenen k\u00fclt\u00fcrel etkinlikler ve yeni k\u00fclt\u00fcr sanat alanlar\u0131n\u0131n b\u00f6lgeye kazand\u0131r\u0131lmas\u0131 bu hareketin ba\u015fl\u0131ca etkeni olarak ortaya \u00e7\u0131kt\u0131.<br \/>\nK\u00dcLT\u00dcREL ETK\u0130NL\u0130KLER \u0130ST\u0130KLAL\u2019\u0130 CANLANDIRDI, KENTSEL D\u00d6N\u00dc\u015e\u00dcM BA\u011eDAT CADDES\u0130\u2019N\u0130 YAVA\u015eLATTI<br \/>\nRaporun 2024 y\u0131l\u0131 sonu\u00e7lar\u0131, \u00fc\u00e7 ana caddedeki yaya trafi\u011fine y\u00f6nelik \u00f6nemli etkenleri de a\u00e7\u0131\u011fa \u00e7\u0131kard\u0131.<br \/>\nOrtalama yaya trafi\u011fi y\u0131l boyunca \u0130stiklal Caddesi ve Ni\u015fanta\u015f\u0131 B\u00f6lgesi\u2019nde artarken Ba\u011fdat Caddesi\u2019nde ise d\u00fc\u015ft\u00fc\u011f\u00fc hesapland\u0131.<br \/>\n\u0130stiklal Caddesi\u2019nin hafta i\u00e7i g\u00fcnl\u00fck ziyaret\u00e7i say\u0131s\u0131 y\u00fczde 2 art\u0131\u015fla 207 bine, hafta sonu ise y\u00fczde 7 art\u0131\u015fla 313 bin 500\u2019e y\u00fckseldi\u011fi kaydedildi. Caddeyi ayl\u0131k ortalama 7,5 milyon, y\u0131ll\u0131k ise 90,1 milyon ki\u015fi ziyaret etti. \u00d6zellikle d\u00fczenlenen k\u00fclt\u00fcrel ve sanatsal etkinlikler ile caddenin k\u00fclt\u00fcrel ve turistik bir merkez olarak \u00f6ne \u00e7\u0131kmas\u0131 bu trafi\u011fi \u00f6nemli \u00f6l\u00e7\u00fcde etkiledi.\u00a0<\/p>\n<p>\u200bHaberin Al\u0131nt\u0131land\u0131\u011f\u0131 Kaynak: www.iskenderun.org<\/p>","protected":false},"excerpt":{"rendered":"<p>\u0130stanbul&#8217;da Ba\u011fdat Caddesi, \u0130stiklal Caddesi ve Ni\u015fanta\u015f\u0131 B\u00f6lgesi\u2019nin 2024 y\u0131l\u0131 perakende verilerini inceledi\u011fi raporuna g\u00f6re, caddeler \u00fczerindeki s\u0131n\u0131rl\u0131 arz ve y\u00fcksek doluluk oranlar\u0131 dolay\u0131s\u0131yla kiralama faaliyetlerinde belirgin bir yava\u015flama ya\u015fand\u0131.\u0130STANBUL (\u0130GFA) &#8211; Uluslararas\u0131 gayrimenkul dan\u0131\u015fmanl\u0131k \u015firketi Cushman &amp; Wakefield I TR International, Ba\u011fdat Caddesi, \u0130stiklal Caddesi ve Ni\u015fanta\u015f\u0131 B\u00f6lgesi\u2019ni kapsayan \u2018\u0130stanbul Al\u0131\u015fveri\u015f Caddeleri Raporu\u2019nun 11\u2019ncisini yay\u0131mlad\u0131. 3 ana al\u0131\u015fveri\u015f caddesinin 2024 y\u0131l\u0131 perakende verilerini inceleyen rapor, b\u00f6lgelerdeki y\u00fcksek doluluk oranlar\u0131na i\u015faret etti. Talebin canl\u0131l\u0131\u011f\u0131n\u0131 korudu\u011fu caddelerde, s\u0131n\u0131rl\u0131 arz\u0131n etkisiyle kira seviyelerinin y\u00fcksek kalmaya devam etti\u011fi vurguland\u0131. 2024 y\u0131l\u0131nda \u0130stanbul\u2019un ana caddelerinde kentsel d\u00f6n\u00fc\u015f\u00fcm\u00fcn etkisinin tekrar belirgin hale geldi\u011fini g\u00f6steren rapora g\u00f6re; k\u00fclt\u00fcrel \u00e7ekim merkezlerinin yaya trafi\u011fini art\u0131rmas\u0131 ve yerel markalar\u0131n \u00f6ne \u00e7\u0131kmas\u0131 dikkat \u00e7ekti.2025 y\u0131l\u0131nda ise tamamlanacak kentsel d\u00f6n\u00fc\u015f\u00fcm projeleriyle caddelerdeki de\u011fi\u015fimin belirgin olaca\u011f\u0131 ifade edildi. CADDELERDE BO\u015e MA\u011eAZA SAYISI AZALIYOR, K\u0130RALAMA HACM\u0130 2014\u2019TEN BU YANA EN D\u00dc\u015e\u00dcK SEV\u0130YEDE Rapora g\u00f6re, caddelerde bo\u015f ma\u011faza say\u0131s\u0131n\u0131n \u00f6nceki y\u0131llarda oldu\u011fu gibi azalmaya devam etti\u011fi g\u00f6r\u00fcld\u00fc. \u0130\u015flemlerin \u00e7o\u011funu yeni kiralamalar\u0131n olu\u015fturdu\u011fu 2024 y\u0131l\u0131nda bir \u00f6nceki y\u0131l kentsel d\u00f6n\u00fc\u015f\u00fcmde olan ma\u011fazalar\u0131n y\u00fczde 24\u2019\u00fc; bo\u015f olan ma\u011fazalar\u0131n ise y\u00fczde 34\u2019\u00fc kiraland\u0131. Buna g\u00f6re 2023 y\u0131l\u0131nda t\u00fcm caddelerde kentsel d\u00f6n\u00fc\u015f\u00fcmde olan 58 ma\u011fazan\u0131n 14\u2019\u00fc 2024 y\u0131l\u0131nda kiralan\u0131rken, yine 2023 y\u0131l\u0131nda bo\u015f olan 32 ma\u011fazan\u0131n 11\u2019i kiralanm\u0131\u015f &hellip;<\/p>","protected":false},"author":1,"featured_media":0,"comment_status":"","ping_status":"open","sticky":false,"template":"","format":"standard","meta":{"_acf_changed":false,"footnotes":""},"categories":[24],"tags":[],"class_list":["post-56619","post","type-post","status-publish","format-standard","has-post-thumbnail","hentry","category-gundem"],"acf":[],"yoast_head":"<!-- This site is optimized with the Yoast SEO Premium plugin v26.6 (Yoast SEO v27.1.1) - https:\/\/yoast.com\/product\/yoast-seo-premium-wordpress\/ -->\n<title>\u0130stanbul Al\u0131\u015fveri\u015f Caddeleri Raporu belli oldu... O caddeler pop\u00fclerlili\u011fi yitirdi mi? - Av. Deniz Can K\u0131z\u0131l<\/title>\n<meta name=\"robots\" content=\"index, follow, max-snippet:-1, max-image-preview:large, max-video-preview:-1\" \/>\n<link rel=\"canonical\" href=\"https:\/\/denizcankizil.tr\/ru\/haberler\/gundem\/istanbul-alisveris-caddeleri-raporu-belli-oldu-o-caddeler-populerliligi-yitirdi-mi\/\" \/>\n<meta property=\"og:locale\" content=\"ru_RU\" \/>\n<meta property=\"og:type\" content=\"article\" \/>\n<meta property=\"og:title\" content=\"\u0130stanbul Al\u0131\u015fveri\u015f Caddeleri Raporu belli oldu... O caddeler pop\u00fclerlili\u011fi yitirdi mi?\" \/>\n<meta property=\"og:description\" content=\"\u0130stanbul&#8217;da Ba\u011fdat Caddesi, \u0130stiklal Caddesi ve Ni\u015fanta\u015f\u0131 B\u00f6lgesi\u2019nin 2024 y\u0131l\u0131 perakende verilerini inceledi\u011fi raporuna g\u00f6re, caddeler \u00fczerindeki s\u0131n\u0131rl\u0131 arz ve y\u00fcksek doluluk oranlar\u0131 dolay\u0131s\u0131yla kiralama faaliyetlerinde belirgin bir yava\u015flama ya\u015fand\u0131.\u0130STANBUL (\u0130GFA) &#8211; Uluslararas\u0131 gayrimenkul dan\u0131\u015fmanl\u0131k \u015firketi Cushman &amp; Wakefield I TR International, Ba\u011fdat Caddesi, \u0130stiklal Caddesi ve Ni\u015fanta\u015f\u0131 B\u00f6lgesi\u2019ni kapsayan \u2018\u0130stanbul Al\u0131\u015fveri\u015f Caddeleri Raporu\u2019nun 11\u2019ncisini yay\u0131mlad\u0131. 3 ana al\u0131\u015fveri\u015f caddesinin 2024 y\u0131l\u0131 perakende verilerini inceleyen rapor, b\u00f6lgelerdeki y\u00fcksek doluluk oranlar\u0131na i\u015faret etti. Talebin canl\u0131l\u0131\u011f\u0131n\u0131 korudu\u011fu caddelerde, s\u0131n\u0131rl\u0131 arz\u0131n etkisiyle kira seviyelerinin y\u00fcksek kalmaya devam etti\u011fi vurguland\u0131. 2024 y\u0131l\u0131nda \u0130stanbul\u2019un ana caddelerinde kentsel d\u00f6n\u00fc\u015f\u00fcm\u00fcn etkisinin tekrar belirgin hale geldi\u011fini g\u00f6steren rapora g\u00f6re; k\u00fclt\u00fcrel \u00e7ekim merkezlerinin yaya trafi\u011fini art\u0131rmas\u0131 ve yerel markalar\u0131n \u00f6ne \u00e7\u0131kmas\u0131 dikkat \u00e7ekti.2025 y\u0131l\u0131nda ise tamamlanacak kentsel d\u00f6n\u00fc\u015f\u00fcm projeleriyle caddelerdeki de\u011fi\u015fimin belirgin olaca\u011f\u0131 ifade edildi. CADDELERDE BO\u015e MA\u011eAZA SAYISI AZALIYOR, K\u0130RALAMA HACM\u0130 2014\u2019TEN BU YANA EN D\u00dc\u015e\u00dcK SEV\u0130YEDE Rapora g\u00f6re, caddelerde bo\u015f ma\u011faza say\u0131s\u0131n\u0131n \u00f6nceki y\u0131llarda oldu\u011fu gibi azalmaya devam etti\u011fi g\u00f6r\u00fcld\u00fc. \u0130\u015flemlerin \u00e7o\u011funu yeni kiralamalar\u0131n olu\u015fturdu\u011fu 2024 y\u0131l\u0131nda bir \u00f6nceki y\u0131l kentsel d\u00f6n\u00fc\u015f\u00fcmde olan ma\u011fazalar\u0131n y\u00fczde 24\u2019\u00fc; bo\u015f olan ma\u011fazalar\u0131n ise y\u00fczde 34\u2019\u00fc kiraland\u0131. Buna g\u00f6re 2023 y\u0131l\u0131nda t\u00fcm caddelerde kentsel d\u00f6n\u00fc\u015f\u00fcmde olan 58 ma\u011fazan\u0131n 14\u2019\u00fc 2024 y\u0131l\u0131nda kiralan\u0131rken, yine 2023 y\u0131l\u0131nda bo\u015f olan 32 ma\u011fazan\u0131n 11\u2019i kiralanm\u0131\u015f &hellip;\" \/>\n<meta property=\"og:url\" content=\"https:\/\/denizcankizil.tr\/ru\/haberler\/gundem\/istanbul-alisveris-caddeleri-raporu-belli-oldu-o-caddeler-populerliligi-yitirdi-mi\/\" \/>\n<meta property=\"og:site_name\" content=\"Av. Deniz Can K\u0131z\u0131l\" \/>\n<meta property=\"article:published_time\" content=\"2025-04-15T14:42:48+00:00\" \/>\n<meta name=\"author\" content=\"admin\" \/>\n<meta name=\"twitter:card\" content=\"summary_large_image\" \/>\n<meta name=\"twitter:label1\" content=\"\u041d\u0430\u043f\u0438\u0441\u0430\u043d\u043e \u0430\u0432\u0442\u043e\u0440\u043e\u043c\" \/>\n\t<meta name=\"twitter:data1\" content=\"admin\" \/>\n\t<meta name=\"twitter:label2\" content=\"\u041f\u0440\u0438\u043c\u0435\u0440\u043d\u043e\u0435 \u0432\u0440\u0435\u043c\u044f \u0434\u043b\u044f \u0447\u0442\u0435\u043d\u0438\u044f\" \/>\n\t<meta name=\"twitter:data2\" content=\"6 \u043c\u0438\u043d\u0443\u0442\" \/>\n<script type=\"application\/ld+json\" class=\"yoast-schema-graph\">{\"@context\":\"https:\/\/schema.org\",\"@graph\":[{\"@type\":\"Article\",\"@id\":\"https:\/\/denizcankizil.tr\/ru\/haberler\/gundem\/istanbul-alisveris-caddeleri-raporu-belli-oldu-o-caddeler-populerliligi-yitirdi-mi\/#article\",\"isPartOf\":{\"@id\":\"https:\/\/denizcankizil.tr\/ru\/haberler\/gundem\/istanbul-alisveris-caddeleri-raporu-belli-oldu-o-caddeler-populerliligi-yitirdi-mi\/\"},\"author\":{\"name\":\"admin\",\"@id\":\"https:\/\/denizcankizil.tr\/#\/schema\/person\/be3c05fe6a12686905512445d8185489\"},\"headline\":\"\u0130stanbul Al\u0131\u015fveri\u015f Caddeleri Raporu belli oldu&#8230; O caddeler pop\u00fclerlili\u011fi yitirdi mi?\",\"datePublished\":\"2025-04-15T14:42:48+00:00\",\"mainEntityOfPage\":{\"@id\":\"https:\/\/denizcankizil.tr\/ru\/haberler\/gundem\/istanbul-alisveris-caddeleri-raporu-belli-oldu-o-caddeler-populerliligi-yitirdi-mi\/\"},\"wordCount\":1194,\"publisher\":{\"@id\":\"https:\/\/denizcankizil.tr\/#organization\"},\"articleSection\":[\"G\u00fcndem\"],\"inLanguage\":\"ru-RU\"},{\"@type\":\"WebPage\",\"@id\":\"https:\/\/denizcankizil.tr\/ru\/haberler\/gundem\/istanbul-alisveris-caddeleri-raporu-belli-oldu-o-caddeler-populerliligi-yitirdi-mi\/\",\"url\":\"https:\/\/denizcankizil.tr\/ru\/haberler\/gundem\/istanbul-alisveris-caddeleri-raporu-belli-oldu-o-caddeler-populerliligi-yitirdi-mi\/\",\"name\":\"\u0130stanbul Al\u0131\u015fveri\u015f Caddeleri Raporu belli oldu... O caddeler pop\u00fclerlili\u011fi yitirdi mi? - Av. Deniz Can K\u0131z\u0131l\",\"isPartOf\":{\"@id\":\"https:\/\/denizcankizil.tr\/#website\"},\"datePublished\":\"2025-04-15T14:42:48+00:00\",\"breadcrumb\":{\"@id\":\"https:\/\/denizcankizil.tr\/ru\/haberler\/gundem\/istanbul-alisveris-caddeleri-raporu-belli-oldu-o-caddeler-populerliligi-yitirdi-mi\/#breadcrumb\"},\"inLanguage\":\"ru-RU\",\"potentialAction\":[{\"@type\":\"ReadAction\",\"target\":[\"https:\/\/denizcankizil.tr\/ru\/haberler\/gundem\/istanbul-alisveris-caddeleri-raporu-belli-oldu-o-caddeler-populerliligi-yitirdi-mi\/\"]}]},{\"@type\":\"BreadcrumbList\",\"@id\":\"https:\/\/denizcankizil.tr\/ru\/haberler\/gundem\/istanbul-alisveris-caddeleri-raporu-belli-oldu-o-caddeler-populerliligi-yitirdi-mi\/#breadcrumb\",\"itemListElement\":[{\"@type\":\"ListItem\",\"position\":1,\"name\":\"Home\",\"item\":\"https:\/\/denizcankizil.tr\/de\/\"},{\"@type\":\"ListItem\",\"position\":2,\"name\":\"\u0130stanbul Al\u0131\u015fveri\u015f Caddeleri Raporu belli oldu&#8230; O caddeler pop\u00fclerlili\u011fi yitirdi mi?\"}]},{\"@type\":\"WebSite\",\"@id\":\"https:\/\/denizcankizil.tr\/#website\",\"url\":\"https:\/\/denizcankizil.tr\/\",\"name\":\"Av. Deniz Can K\u0131z\u0131l\",\"description\":\"Avukat Deniz Can K\u0131z\u0131l Antalya Barosu\",\"publisher\":{\"@id\":\"https:\/\/denizcankizil.tr\/#organization\"},\"potentialAction\":[{\"@type\":\"SearchAction\",\"target\":{\"@type\":\"EntryPoint\",\"urlTemplate\":\"https:\/\/denizcankizil.tr\/?s={search_term_string}\"},\"query-input\":{\"@type\":\"PropertyValueSpecification\",\"valueRequired\":true,\"valueName\":\"search_term_string\"}}],\"inLanguage\":\"ru-RU\"},{\"@type\":\"Organization\",\"@id\":\"https:\/\/denizcankizil.tr\/#organization\",\"name\":\"Av. Deniz Can K\u0131z\u0131l\",\"url\":\"https:\/\/denizcankizil.tr\/\",\"logo\":{\"@type\":\"ImageObject\",\"inLanguage\":\"ru-RU\",\"@id\":\"https:\/\/denizcankizil.tr\/#\/schema\/logo\/image\/\",\"url\":\"https:\/\/denizcankizil.tr\/wp-content\/uploads\/2024\/10\/siyah-logo-svg.svg\",\"contentUrl\":\"https:\/\/denizcankizil.tr\/wp-content\/uploads\/2024\/10\/siyah-logo-svg.svg\",\"width\":1080,\"height\":1080,\"caption\":\"Av. Deniz Can K\u0131z\u0131l\"},\"image\":{\"@id\":\"https:\/\/denizcankizil.tr\/#\/schema\/logo\/image\/\"}},{\"@type\":\"Person\",\"@id\":\"https:\/\/denizcankizil.tr\/#\/schema\/person\/be3c05fe6a12686905512445d8185489\",\"name\":\"admin\",\"image\":{\"@type\":\"ImageObject\",\"inLanguage\":\"ru-RU\",\"@id\":\"https:\/\/denizcankizil.tr\/#\/schema\/person\/image\/\",\"url\":\"https:\/\/secure.gravatar.com\/avatar\/c1fce94c830dc79107e174f890d7210541c4a63e8e5d816341794a2151c9d58c?s=96&d=mm&r=g\",\"contentUrl\":\"https:\/\/secure.gravatar.com\/avatar\/c1fce94c830dc79107e174f890d7210541c4a63e8e5d816341794a2151c9d58c?s=96&d=mm&r=g\",\"caption\":\"admin\"},\"sameAs\":[\"http:\/\/denizcankizil.tr\"],\"url\":\"https:\/\/www.iskenderun.org\/istanbul-alisveris-caddeleri-raporu-belli-oldu-o-caddeler-populerliligi-yitirdi-mi\"}]}<\/script>\n<!-- \/ Yoast SEO Premium plugin. -->","yoast_head_json":{"title":"\u0130stanbul Al\u0131\u015fveri\u015f Caddeleri Raporu belli oldu... O caddeler pop\u00fclerlili\u011fi yitirdi mi? - Av. Deniz Can K\u0131z\u0131l","robots":{"index":"index","follow":"follow","max-snippet":"max-snippet:-1","max-image-preview":"max-image-preview:large","max-video-preview":"max-video-preview:-1"},"canonical":"https:\/\/denizcankizil.tr\/ru\/haberler\/gundem\/istanbul-alisveris-caddeleri-raporu-belli-oldu-o-caddeler-populerliligi-yitirdi-mi\/","og_locale":"ru_RU","og_type":"article","og_title":"\u0130stanbul Al\u0131\u015fveri\u015f Caddeleri Raporu belli oldu... O caddeler pop\u00fclerlili\u011fi yitirdi mi?","og_description":"\u0130stanbul&#8217;da Ba\u011fdat Caddesi, \u0130stiklal Caddesi ve Ni\u015fanta\u015f\u0131 B\u00f6lgesi\u2019nin 2024 y\u0131l\u0131 perakende verilerini inceledi\u011fi raporuna g\u00f6re, caddeler \u00fczerindeki s\u0131n\u0131rl\u0131 arz ve y\u00fcksek doluluk oranlar\u0131 dolay\u0131s\u0131yla kiralama faaliyetlerinde belirgin bir yava\u015flama ya\u015fand\u0131.\u0130STANBUL (\u0130GFA) &#8211; Uluslararas\u0131 gayrimenkul dan\u0131\u015fmanl\u0131k \u015firketi Cushman &amp; Wakefield I TR International, Ba\u011fdat Caddesi, \u0130stiklal Caddesi ve Ni\u015fanta\u015f\u0131 B\u00f6lgesi\u2019ni kapsayan \u2018\u0130stanbul Al\u0131\u015fveri\u015f Caddeleri Raporu\u2019nun 11\u2019ncisini yay\u0131mlad\u0131. 3 ana al\u0131\u015fveri\u015f caddesinin 2024 y\u0131l\u0131 perakende verilerini inceleyen rapor, b\u00f6lgelerdeki y\u00fcksek doluluk oranlar\u0131na i\u015faret etti. Talebin canl\u0131l\u0131\u011f\u0131n\u0131 korudu\u011fu caddelerde, s\u0131n\u0131rl\u0131 arz\u0131n etkisiyle kira seviyelerinin y\u00fcksek kalmaya devam etti\u011fi vurguland\u0131. 2024 y\u0131l\u0131nda \u0130stanbul\u2019un ana caddelerinde kentsel d\u00f6n\u00fc\u015f\u00fcm\u00fcn etkisinin tekrar belirgin hale geldi\u011fini g\u00f6steren rapora g\u00f6re; k\u00fclt\u00fcrel \u00e7ekim merkezlerinin yaya trafi\u011fini art\u0131rmas\u0131 ve yerel markalar\u0131n \u00f6ne \u00e7\u0131kmas\u0131 dikkat \u00e7ekti.2025 y\u0131l\u0131nda ise tamamlanacak kentsel d\u00f6n\u00fc\u015f\u00fcm projeleriyle caddelerdeki de\u011fi\u015fimin belirgin olaca\u011f\u0131 ifade edildi. CADDELERDE BO\u015e MA\u011eAZA SAYISI AZALIYOR, K\u0130RALAMA HACM\u0130 2014\u2019TEN BU YANA EN D\u00dc\u015e\u00dcK SEV\u0130YEDE Rapora g\u00f6re, caddelerde bo\u015f ma\u011faza say\u0131s\u0131n\u0131n \u00f6nceki y\u0131llarda oldu\u011fu gibi azalmaya devam etti\u011fi g\u00f6r\u00fcld\u00fc. \u0130\u015flemlerin \u00e7o\u011funu yeni kiralamalar\u0131n olu\u015fturdu\u011fu 2024 y\u0131l\u0131nda bir \u00f6nceki y\u0131l kentsel d\u00f6n\u00fc\u015f\u00fcmde olan ma\u011fazalar\u0131n y\u00fczde 24\u2019\u00fc; bo\u015f olan ma\u011fazalar\u0131n ise y\u00fczde 34\u2019\u00fc kiraland\u0131. Buna g\u00f6re 2023 y\u0131l\u0131nda t\u00fcm caddelerde kentsel d\u00f6n\u00fc\u015f\u00fcmde olan 58 ma\u011fazan\u0131n 14\u2019\u00fc 2024 y\u0131l\u0131nda kiralan\u0131rken, yine 2023 y\u0131l\u0131nda bo\u015f olan 32 ma\u011fazan\u0131n 11\u2019i kiralanm\u0131\u015f &hellip;","og_url":"https:\/\/denizcankizil.tr\/ru\/haberler\/gundem\/istanbul-alisveris-caddeleri-raporu-belli-oldu-o-caddeler-populerliligi-yitirdi-mi\/","og_site_name":"Av. Deniz Can K\u0131z\u0131l","article_published_time":"2025-04-15T14:42:48+00:00","author":"admin","twitter_card":"summary_large_image","twitter_misc":{"\u041d\u0430\u043f\u0438\u0441\u0430\u043d\u043e \u0430\u0432\u0442\u043e\u0440\u043e\u043c":"admin","\u041f\u0440\u0438\u043c\u0435\u0440\u043d\u043e\u0435 \u0432\u0440\u0435\u043c\u044f \u0434\u043b\u044f \u0447\u0442\u0435\u043d\u0438\u044f":"6 \u043c\u0438\u043d\u0443\u0442"},"schema":{"@context":"https:\/\/schema.org","@graph":[{"@type":"Article","@id":"https:\/\/denizcankizil.tr\/ru\/haberler\/gundem\/istanbul-alisveris-caddeleri-raporu-belli-oldu-o-caddeler-populerliligi-yitirdi-mi\/#article","isPartOf":{"@id":"https:\/\/denizcankizil.tr\/ru\/haberler\/gundem\/istanbul-alisveris-caddeleri-raporu-belli-oldu-o-caddeler-populerliligi-yitirdi-mi\/"},"author":{"name":"admin","@id":"https:\/\/denizcankizil.tr\/#\/schema\/person\/be3c05fe6a12686905512445d8185489"},"headline":"\u0130stanbul Al\u0131\u015fveri\u015f Caddeleri Raporu belli oldu&#8230; O caddeler pop\u00fclerlili\u011fi yitirdi mi?","datePublished":"2025-04-15T14:42:48+00:00","mainEntityOfPage":{"@id":"https:\/\/denizcankizil.tr\/ru\/haberler\/gundem\/istanbul-alisveris-caddeleri-raporu-belli-oldu-o-caddeler-populerliligi-yitirdi-mi\/"},"wordCount":1194,"publisher":{"@id":"https:\/\/denizcankizil.tr\/#organization"},"articleSection":["G\u00fcndem"],"inLanguage":"ru-RU"},{"@type":"WebPage","@id":"https:\/\/denizcankizil.tr\/ru\/haberler\/gundem\/istanbul-alisveris-caddeleri-raporu-belli-oldu-o-caddeler-populerliligi-yitirdi-mi\/","url":"https:\/\/denizcankizil.tr\/ru\/haberler\/gundem\/istanbul-alisveris-caddeleri-raporu-belli-oldu-o-caddeler-populerliligi-yitirdi-mi\/","name":"\u0130stanbul Al\u0131\u015fveri\u015f Caddeleri Raporu belli oldu... O caddeler pop\u00fclerlili\u011fi yitirdi mi? - Av. Deniz Can K\u0131z\u0131l","isPartOf":{"@id":"https:\/\/denizcankizil.tr\/#website"},"datePublished":"2025-04-15T14:42:48+00:00","breadcrumb":{"@id":"https:\/\/denizcankizil.tr\/ru\/haberler\/gundem\/istanbul-alisveris-caddeleri-raporu-belli-oldu-o-caddeler-populerliligi-yitirdi-mi\/#breadcrumb"},"inLanguage":"ru-RU","potentialAction":[{"@type":"ReadAction","target":["https:\/\/denizcankizil.tr\/ru\/haberler\/gundem\/istanbul-alisveris-caddeleri-raporu-belli-oldu-o-caddeler-populerliligi-yitirdi-mi\/"]}]},{"@type":"BreadcrumbList","@id":"https:\/\/denizcankizil.tr\/ru\/haberler\/gundem\/istanbul-alisveris-caddeleri-raporu-belli-oldu-o-caddeler-populerliligi-yitirdi-mi\/#breadcrumb","itemListElement":[{"@type":"ListItem","position":1,"name":"Home","item":"https:\/\/denizcankizil.tr\/de\/"},{"@type":"ListItem","position":2,"name":"\u0130stanbul Al\u0131\u015fveri\u015f Caddeleri Raporu belli oldu&#8230; O caddeler pop\u00fclerlili\u011fi yitirdi mi?"}]},{"@type":"WebSite","@id":"https:\/\/denizcankizil.tr\/#website","url":"https:\/\/denizcankizil.tr\/","name":"Av. Deniz Can K\u0131z\u0131l","description":"Avukat Deniz Can K\u0131z\u0131l Antalya Barosu","publisher":{"@id":"https:\/\/denizcankizil.tr\/#organization"},"potentialAction":[{"@type":"SearchAction","target":{"@type":"EntryPoint","urlTemplate":"https:\/\/denizcankizil.tr\/?s={search_term_string}"},"query-input":{"@type":"PropertyValueSpecification","valueRequired":true,"valueName":"search_term_string"}}],"inLanguage":"ru-RU"},{"@type":"Organization","@id":"https:\/\/denizcankizil.tr\/#organization","name":"Av. Deniz Can K\u0131z\u0131l","url":"https:\/\/denizcankizil.tr\/","logo":{"@type":"ImageObject","inLanguage":"ru-RU","@id":"https:\/\/denizcankizil.tr\/#\/schema\/logo\/image\/","url":"https:\/\/denizcankizil.tr\/wp-content\/uploads\/2024\/10\/siyah-logo-svg.svg","contentUrl":"https:\/\/denizcankizil.tr\/wp-content\/uploads\/2024\/10\/siyah-logo-svg.svg","width":1080,"height":1080,"caption":"Av. Deniz Can K\u0131z\u0131l"},"image":{"@id":"https:\/\/denizcankizil.tr\/#\/schema\/logo\/image\/"}},{"@type":"Person","@id":"https:\/\/denizcankizil.tr\/#\/schema\/person\/be3c05fe6a12686905512445d8185489","name":"\u0430\u0434\u043c\u0438\u043d","image":{"@type":"ImageObject","inLanguage":"ru-RU","@id":"https:\/\/denizcankizil.tr\/#\/schema\/person\/image\/","url":"https:\/\/secure.gravatar.com\/avatar\/c1fce94c830dc79107e174f890d7210541c4a63e8e5d816341794a2151c9d58c?s=96&d=mm&r=g","contentUrl":"https:\/\/secure.gravatar.com\/avatar\/c1fce94c830dc79107e174f890d7210541c4a63e8e5d816341794a2151c9d58c?s=96&d=mm&r=g","caption":"admin"},"sameAs":["http:\/\/denizcankizil.tr"],"url":"https:\/\/www.iskenderun.org\/istanbul-alisveris-caddeleri-raporu-belli-oldu-o-caddeler-populerliligi-yitirdi-mi"}]}},"_links":{"self":[{"href":"https:\/\/denizcankizil.tr\/ru\/wp-json\/wp\/v2\/posts\/56619","targetHints":{"allow":["GET"]}}],"collection":[{"href":"https:\/\/denizcankizil.tr\/ru\/wp-json\/wp\/v2\/posts"}],"about":[{"href":"https:\/\/denizcankizil.tr\/ru\/wp-json\/wp\/v2\/types\/post"}],"author":[{"embeddable":true,"href":"https:\/\/denizcankizil.tr\/ru\/wp-json\/wp\/v2\/users\/1"}],"replies":[{"embeddable":true,"href":"https:\/\/denizcankizil.tr\/ru\/wp-json\/wp\/v2\/comments?post=56619"}],"version-history":[{"count":0,"href":"https:\/\/denizcankizil.tr\/ru\/wp-json\/wp\/v2\/posts\/56619\/revisions"}],"wp:attachment":[{"href":"https:\/\/denizcankizil.tr\/ru\/wp-json\/wp\/v2\/media?parent=56619"}],"wp:term":[{"taxonomy":"category","embeddable":true,"href":"https:\/\/denizcankizil.tr\/ru\/wp-json\/wp\/v2\/categories?post=56619"},{"taxonomy":"post_tag","embeddable":true,"href":"https:\/\/denizcankizil.tr\/ru\/wp-json\/wp\/v2\/tags?post=56619"}],"curies":[{"name":"wp","href":"https:\/\/api.w.org\/{rel}","templated":true}]}}