{"id":5620,"date":"2024-10-20T20:42:35","date_gmt":"2024-10-20T17:42:35","guid":{"rendered":"https:\/\/denizcankizil.tr\/uncategorized-tr\/antalyada-vatandaslik-ve-izinler-icin-avukat-secimi\/"},"modified":"2024-10-20T20:43:42","modified_gmt":"2024-10-20T17:43:42","slug":"antalyada-vatandaslik-ve-izinler-icin-avukat-secimi","status":"publish","type":"post","link":"https:\/\/denizcankizil.tr\/ru\/seo\/antalyada-vatandaslik-ve-izinler-icin-avukat-secimi\/","title":{"rendered":"Antalya&#8217;da Vatanda\u015fl\u0131k ve \u0130zinler \u0130\u00e7in Avukat Se\u00e7imi"},"content":{"rendered":"<p>Antalya: Yabanc\u0131 Yat\u0131r\u0131mc\u0131lar \u0130\u00e7in Cazibe Merkezi<\/p>\n<p>Antalya, T\u00fcrkiye&#8217;nin en \u00e7ok tercih edilen turistik b\u00f6lgelerinden biri olmas\u0131n\u0131n yan\u0131 s\u0131ra, son y\u0131llarda uluslararas\u0131 yat\u0131r\u0131mc\u0131lar ve g\u00f6\u00e7menler i\u00e7in de \u00f6nemli bir \u00e7ekim merkezi haline gelmi\u015ftir. Bu durum, \u00f6zellikle vatanda\u015fl\u0131k ve oturum izinleri taleplerinde kayda de\u011fer bir art\u0131\u015fa yol a\u00e7m\u0131\u015ft\u0131r. Yabanc\u0131 uyruklular\u0131n T\u00fcrkiye&#8217;deki yasal haklar\u0131n\u0131 g\u00fcvence alt\u0131na alabilmeleri ve karma\u015f\u0131k b\u00fcrokratik s\u00fcre\u00e7lerle etkili bir \u015fekilde ba\u015fa \u00e7\u0131kabilmeleri i\u00e7in nitelikli hukuki destek almalar\u0131 b\u00fcy\u00fck \u00f6nem ta\u015f\u0131maktad\u0131r. Antalya\u2019da vatanda\u015fl\u0131k ve izin i\u015flemleri i\u00e7in avukat se\u00e7erken g\u00f6z \u00f6n\u00fcnde bulundurulmas\u0131 gereken temel unsurlar aras\u0131nda avukat\u0131n uzmanl\u0131k alan\u0131, deneyimi ve yerel hukuk sistemi hakk\u0131nda bilgi sahibi olmas\u0131 gibi fakt\u00f6rler detayl\u0131 olarak incelenmelidir. Bu makale, okuyuculara bu s\u00fcre\u00e7te dikkate al\u0131nmas\u0131 gereken \u00f6nemli noktalar\u0131 sunmay\u0131 ama\u00e7lamakta olup do\u011fru avukat se\u00e7iminin sa\u011flad\u0131\u011f\u0131 avantajlar\u0131 a\u00e7\u0131klamay\u0131 hedeflemektedir. Ayr\u0131ca hukuki s\u00fcre\u00e7lerin karma\u015f\u0131kl\u0131\u011f\u0131na de\u011finerek vatanda\u015fl\u0131k ve izin ba\u015fvurular\u0131nda kar\u015f\u0131la\u015f\u0131labilecek potansiyel sorunlara y\u00f6nelik \u00e7\u00f6z\u00fcm \u00f6nerileri de sunaca\u011f\u0131z.<\/p>\n<p><img decoding=\"async\" class=\"kimage_class lazyload\" data-src=\"https:\/\/denizcankizil.tr\/wp-content\/uploads\/2024\/10\/3982-antalyadaki-fikri-ve-sinai-haklar-avukatlarinin-yetki-alanlari.jpg\" alt=\"Antalya'da Vatanda\u015fl\u0131k S\u00fcrecinde Avukat Se\u00e7iminin \u00d6nemi\" src=\"data:image\/svg+xml;base64,PHN2ZyB3aWR0aD0iMSIgaGVpZ2h0PSIxIiB4bWxucz0iaHR0cDovL3d3dy53My5vcmcvMjAwMC9zdmciPjwvc3ZnPg==\"><\/p>\n<h2 id=\"antalyada-vatandaslik-surecinde-avukat-secmenin-onemi\">Antalya&#8217;daki Vatanda\u015fl\u0131k S\u00fcrecinde Avukat Se\u00e7iminin \u00d6nemi<\/h2>\n<p>Antalya\u2019daki vatanda\u015fl\u0131k s\u00fcreci, karma\u015f\u0131k idari i\u015flemlerle dolu zorlu bir yolculuktur. Bu a\u015famada do\u011fru avukat\u0131 se\u00e7mek, i\u015flemlerin h\u0131zl\u0131 ve sorunsuz tamamlanmas\u0131 a\u00e7\u0131s\u0131ndan son derece kritik bir rol oynamaktad\u0131r. <strong>Yeterli deneyime sahip olan bir avukat<\/strong>, ba\u015fvuru s\u00fcrecindeki yasal y\u00fck\u00fcml\u00fcl\u00fcklerin yan\u0131 s\u0131ra gerekli belgelerin eksiksiz haz\u0131rlanmas\u0131nda da b\u00fcy\u00fck katk\u0131 sa\u011flamal\u0131d\u0131r.<\/p>\n<p>Avukat\u0131n\u0131z\u0131n tecr\u00fcbesi ile uzmanl\u0131\u011f\u0131; kar\u015f\u0131la\u015fabilece\u011finiz sorunlar\u0131 \u00f6nceden tespit edip \u00e7\u00f6z\u00fcm yollar\u0131 geli\u015ftirmede yard\u0131mc\u0131 olabilir. <strong>Antalya\u2019da vatanda\u015fl\u0131k veya oturum izni almak isteyenler i\u00e7in avokat se\u00e7iminde dikkat edilmesi gereken unsurlar<\/strong>, daha \u00f6nce benzer durumlarla ne \u00f6l\u00e7\u00fcde ilgilendi\u011fi ile bu konudaki ba\u015far\u0131 oran\u0131n\u0131 i\u00e7ermektedir. Bununla birlikte ileti\u015fim becerileri ile m\u00fc\u015fteri memnuniyeti de olduk\u00e7a \u00f6nemlidir.<\/p>\n<p>Do\u011fru avukat\u0131 se\u00e7erken a\u015fa\u011f\u0131daki kriterlere dikkat edilmesi \u00f6nerilmektedir:<\/p>\n<ul>\n<li><strong>\u041e\u043f\u044b\u0442:<\/strong> Daha \u00f6nce benzer davalarda tecr\u00fcbe sahibi olmal\u0131d\u0131r.<\/li>\n<li><strong>Ald\u0131\u011f\u0131 Referanslar:<\/strong> Di\u011fer m\u00fcvekkillerden gelen geri bildirimler incelenmelidir.<\/li>\n<li><strong>Etkili \u0130leti\u015fim:<\/strong> S\u00fcre\u00e7 boyunca m\u00fcvekkil ile s\u00fcrekli ileti\u015fim kurabilmelidir.<\/li>\n<\/ul>\n<p><img decoding=\"async\" class=\"kimage_class lazyload\" data-src=\"https:\/\/denizcankizil.tr\/wp-content\/uploads\/2024\/10\/3tcAw-253D.jpg\" alt=\"Yasal \u0130zinler \u0130\u00e7in Avokat Se\u00e7erken Dikkat Edilmesi Gereken Kriterler\" src=\"data:image\/svg+xml;base64,PHN2ZyB3aWR0aD0iMSIgaGVpZ2h0PSIxIiB4bWxucz0iaHR0cDovL3d3dy53My5vcmcvMjAwMC9zdmciPjwvc3ZnPg==\"><\/p>\n<h2 id=\"yasal-izinler-icin-avokat-secerken-dikkat-edilmesi-gereken-kriterler\">Yasal \u0130zin Ba\u015fvurular\u0131 \u0130\u00e7in Avokat Se\u00e7iminde G\u00f6z \u00d6n\u00fcnde Bulundurulmas\u0131 Gereken Kriterler<\/h2>\n<p>Kamuya a\u00e7\u0131k izinlerin al\u0131nmas\u0131nda g\u00f6rev alacak olan avukat\u0131 belirlemede ilk kriter; onun konu \u00fczerindeki uzmanl\u0131\u011f\u0131d\u0131r. <strong>\u00d6zellikle Antalya\u2019da vatanda\u015fl\u0131k veya oturum izni gibi spesifik alanlarda deneyimli bir hukuk\u00e7u<\/strong>, s\u00fcrecin nas\u0131l ilerleyece\u011fi konusunda daha etkili rehberlik sa\u011flayabilir. Dolay\u0131s\u0131yla ge\u00e7mi\u015f davalar\u0131ndaki ba\u015far\u0131 oranlar\u0131 hakk\u0131nda bilgi edinmek olduk\u00e7a \u00f6nemlidir.<\/p>\n<p>Ayr\u0131ca ileti\u015fim becerileri de se\u00e7im kriterleri aras\u0131nda yer almal\u0131d\u0131r; \u00e7\u00fcnk\u00fc iyi bir ileti\u015fim kurmak her iki taraf\u0131n da s\u00fcreci daha verimli y\u00f6netmesine olanak tan\u0131r.<\/p>\n<h2 id=\"antalya-avukat-secim-rehberi\">Antalya&#8217;da Avukat Se\u00e7imi Rehberi<\/h2>\n<p>Antalya&#8217;da uygun bir avukat\u0131 se\u00e7mek, hukuki s\u00fcre\u00e7lerde do\u011fru ad\u0131mlar atmak ad\u0131na kritik \u00f6neme sahiptir. Yasal konularda deneyimli ve bilgili bir hukuk\u00e7u bulmak, \u00f6zellikle vatanda\u015fl\u0131k ve izin i\u015flemlerinin ba\u015far\u0131s\u0131n\u0131 art\u0131rmaktad\u0131r. \u0130lk olarak hangi t\u00fcr hukuki deste\u011fe ihtiya\u00e7 duydu\u011funuzu netle\u015ftirmek gerekmektedir; bu ba\u011flamda<strong >vatanda\u015fl\u0131k ba\u015fvurular\u0131 <\/strong>,< strong >ikamet izinleri <\/strong> veya< strong >orman izinleri <\/strong>gibi belirli alanlarda uzmanla\u015fm\u0131\u015f profesyoneller tercih edilmelidir.<\/p\n\n<h2>Avukat Se\u00e7iminde Dikkat Edilmesi Gereken Unsurlar<\/h2>\n<p>Bir avukat\u0131 se\u00e7erken g\u00f6z \u00f6n\u00fcnde bulundurulmas\u0131 gereken baz\u0131 kritik unsurlar bulunmaktad\u0131r:<\/p>\n<ul>\n<li><strong>Tecr\u00fcbe S\u00fcresi:<\/strong> \u0130lgili alanda ne kadar s\u00fcreyle faaliyet g\u00f6sterdi\u011fi.<\/li>\n<li><strong>Uzmanl\u0131k Alan\u0131:<\/strong> \u00d6zellikle vatanda\u015fl\u0131k ve izin konular\u0131ndaki deneyimi.<\/li>\n<li><strong>M\u00fcvekkil Yorumlar\u0131:<\/strong> \u00d6nceki m\u00fcvekkillerinin geri bildirimleri ve ba\u015far\u0131 hikayeleri.<\/li>\n<li><strong>Maliyet Yap\u0131s\u0131:<\/strong> Sunmu\u015f oldu\u011fu hizmetlerin fiyatland\u0131rmas\u0131 hakk\u0131nda bilgi edinmek.<\/li>\n<\/ul>\n<h3 id=\"avukat-ucretlerini-etkileyen-unsurlar\">Avukat \u00dccretlerini Belirleyen Unsurlar<\/h3>\n<p>Ayr\u0131ca, avukata \u00f6denecek \u00fccretlerin yap\u0131s\u0131 da dikkate al\u0131nmal\u0131d\u0131r. Yasal izin s\u00fcre\u00e7lerinin genellikle karma\u015f\u0131k ve uzun s\u00fcrd\u00fc\u011f\u00fc g\u00f6z \u00f6n\u00fcne al\u0131nd\u0131\u011f\u0131nda, talep edilen \u00fccretlerin b\u00fct\u00e7enize uygun olup olmad\u0131\u011f\u0131n\u0131 kontrol etmek \u00f6nemlidir. Ek olarak maliyetlerin ne derece \u015feffaf oldu\u011fu ve olas\u0131 ek masraflar\u0131n varl\u0131\u011f\u0131 da ara\u015ft\u0131r\u0131lmal\u0131d\u0131r. A\u015fa\u011f\u0131da avukat \u00fccretlerini etkileyen unsurlara dair k\u0131sa bir tablo bulunmaktad\u0131r:<\/p>\n<table class=\"wp-block-table\">\n<thead>\n<tr>\n<th>\u041e\u0431\u044a\u044f\u0441\u043d\u0435\u043d\u0438\u0435<\/th>\n<th>Etkisi<\/th>\n<\/tr>\n<\/thead>\n<tbody>\n<tr>\n<td>Bireysel Uzmanl\u0131k Seviyesi<\/td>\n<td>Daha y\u00fcksek (\u00dccret art\u0131\u015f\u0131)<\/td>\n<\/tr>\n<tr>\n<td>Dava S\u00fcrecinin Karma\u015f\u0131kl\u0131\u011f\u0131<\/td>\n<td>Tahmini Orta-Y\u00fcksek (Ek maliyet gerektirebilir)<\/td>\n<\/tr>\n<\/tbody>\n<\/table>\n<p><img decoding=\"async\" class=\"kimage_class lazyload\" data-src=\"https:\/\/denizcankizil.tr\/wp-content\/uploads\/2024\/10\/3637-types-of-cases-handled-by-real-estate-attorneys-in-antalya.jpg\" alt=\"Antalya'da Avukat Ara\u015ft\u0131rma S\u00fcreci\" src=\"data:image\/svg+xml;base64,PHN2ZyB3aWR0aD0iMSIgaGVpZ2h0PSIxIiB4bWxucz0iaHR0cDovL3d3dy53My5vcmcvMjAwMC9zdmciPjwvc3ZnPg==\"><\/p>\n<h2 id=\"antalya-avukat-arastirma-yontemleri\">Antalya&#8217;da Avukat Ara\u015ft\u0131rma Y\u00f6ntemleri Nas\u0131l Olmal\u0131?<\/h2>\n<p>Ara\u015ft\u0131rma s\u00fcreci s\u0131ras\u0131nda Antalya\u2019daki avukatlardan elde edilecek ileti\u015fim bilgileri, \u00e7al\u0131\u015fma saatleri ve ofis adreslerinin derlenmesi se\u00e7im s\u00fcrecini kolayla\u015ft\u0131racakt\u0131r. \u0130\u015fte bu noktada dikkate alabilece\u011finiz \u00f6rnek bir tablo a\u015fa\u011f\u0131da sunulmu\u015ftur:<\/p>\n<table class=\"wp-block-table\">\n<thead>\n<tr>\n<th>Avukat Ad\u0131<\/th>\n<th>Sahip Oldu\u011fu Uzmanl\u0131k Alan\u0131<\/th>\n<th>Ileti\u015fim Bilgisi <\/th>\n<\/tr>\n<\/thead>\n<tbody\n\n<tr>\n<td >Av. Ali Y\u0131lmaz <\/td>< td >Vatanda\u015fl\u0131k &#038; \u0130kamet \u0130zinleri <\/td>< td >(0242) 123 45 67 <\/td><\/tr><\/tbody><\/table><\/p>\n<p>Bunlar\u0131n yan\u0131 s\u0131ra g\u00fcncel istatistiklere g\u00f6re Antalya\u2019da yasal hizmet sa\u011flayan bir\u00e7ok profesyonel bulunmaktad\u0131r; bu nedenle do\u011fru tercihi yapmak i\u00e7in detayl\u0131 ara\u015ft\u0131rmalar yapmak olduk\u00e7a \u00f6nemlidir.<\/p>\n<section >\n<table >\n<tbody >\n<tr >\n<td >Av. Ela Demir <\/td>< td >\u0130zin S\u00fcre\u00e7leri <\/td>< td >(0242) 234 56 78 <\/td><\/tr><\/p>\n<tr >\n<td >Av. Mehmet \u00c7elik <\/td>< dt >Hukuki Dan\u0131\u015fmanl\u0131k< \/dt >< dt >(0242)3456789< \/dt ><\/tr><\/p>\n<tbody \/>\n<section \/>\n<p><img decoding=\"async\" class=\"kimage_class lazyload\" data-src=\"https:\/\/denizcankizil.tr\/wp-content\/uploads\/2024\/10\/4380-antalyada-sahtecilik-suclarina-bakan-avukat-ve-mahkemeler.jpg\" alt=\"Hukuki Destek Alman\u0131n Vatanda\u015fl\u0131k Ba\u015fvurular\u0131ndaki Rol\u00fc\" src=\"data:image\/svg+xml;base64,PHN2ZyB3aWR0aD0iMSIgaGVpZ2h0PSIxIiB4bWxucz0iaHR0cDovL3d3dy53My5vcmcvMjAwMC9zdmciPjwvc3ZnPg==\"><\/p>\n<h2 id=\"hukuki-destegin-vatandaslik-basvurularindaki-onemi\">Vatanda\u015fl\u0131k Ba\u015fvurular\u0131nda Hukuki Deste\u011fin \u00d6nemi<\/h2>\n<section >\n<p>Vatanda\u015fl\u0131k ba\u015fvuru s\u00fcre\u00e7lerinde hukuki destek almak son derece kritik bir rol oynamaktad\u0131r. Bu a\u015fama, \u00e7e\u015fitli yasal belgeler ve prosed\u00fcrler i\u00e7ermekte olup, her ad\u0131mda uzman bir avukat\u0131n rehberli\u011fi ba\u015fvurunun eksiksiz ve do\u011fru \u015fekilde ger\u00e7ekle\u015ftirilmesini sa\u011flamaktad\u0131r. \u00d6zellikle Antalya gibi hukuksal karma\u015fan\u0131n s\u0131k\u00e7a ya\u015fand\u0131\u011f\u0131 yerlerde profesyonel yard\u0131m almak s\u00fcrecin sa\u011fl\u0131kl\u0131 ilerlemesi a\u00e7\u0131s\u0131ndan b\u00fcy\u00fck \u00f6nem ta\u015f\u0131maktad\u0131r.<\/p>\n<section>\n<h2>Antalya&#8217;da Vatanda\u015fl\u0131k \u0130\u015flemleri \u0130\u00e7in Hukuki Destek Alman\u0131n \u00d6nemi<\/h2>\n<p>Hukuki destek, vatanda\u015fl\u0131k ba\u015fvurular\u0131nda kritik bir rol oynamaktad\u0131r. Bu s\u00fcre\u00e7te avukatlar\u0131n sa\u011flad\u0131\u011f\u0131 en \u00f6nemli avantajlar aras\u0131nda <strong>belge haz\u0131rlama<\/strong> \u0432\u0435<strong>yasal s\u00fcre\u00e7lerin y\u00f6netimi<\/strong> yer almaktad\u0131r. Avukatlar, gerekli belgelerin haz\u0131rlanmas\u0131ndan ba\u015fvuru formlar\u0131n\u0131n doldurulmas\u0131na kadar her a\u015famada rehberlik ederek s\u00fcrecin olumsuz geli\u015fmelerle kar\u015f\u0131la\u015fmas\u0131n\u0131 \u00f6nleyebilirler. Ayr\u0131ca, ba\u015fvuru tarihinin do\u011fru bir \u015fekilde planlanmas\u0131na yard\u0131mc\u0131 olarak olas\u0131 gecikmeleri ve hatalar\u0131 azaltma konusunda \u00f6nemli bir katk\u0131 sa\u011flarlar.<\/p>\n<h3>Bireylerin Haklar\u0131n\u0131n Korunmas\u0131 ve Bilin\u00e7lendirilmesi<\/h3>\n<p>Ayr\u0131ca, vatanda\u015flar\u0131n haklar\u0131 konusunda bilin\u00e7lenmesi a\u00e7\u0131s\u0131ndan hukuki destek almak son derece \u00f6nemlidir. Avukatlar, bireylere vatanda\u015fl\u0131k ba\u015fvurusu s\u00fcreci hakk\u0131nda gerekli bilgileri sunarak haklar\u0131n\u0131 ve sorumluluklar\u0131n\u0131 anlamalar\u0131na yard\u0131mc\u0131 olmaktad\u0131r. Bu durum, ba\u015fvuru sahiplerinin kendilerini daha g\u00fcvende hissetmelerini sa\u011flarken kar\u015f\u0131la\u015fabilecekleri sorunlarla daha etkili bir \u015fekilde m\u00fccadele etmelerine olanak tan\u0131r.<\/p>\n<h2>Do\u011fru Avukat\u0131 Se\u00e7menin \u00d6nemi<\/h2>\n<p>Nihayetinde Antalya&#8217;da vatanda\u015fl\u0131k i\u015flemleri i\u00e7in uygun avukat\u0131 se\u00e7mek, bireylerin yasal s\u00fcre\u00e7lerini etkin bir bi\u00e7imde y\u00f6netmeleri ve haklar\u0131n\u0131 korumalar\u0131 a\u00e7\u0131s\u0131ndan son derece kritiktir. Zira bu s\u00fcre\u00e7 yaln\u0131zca hukuksal bilgi gerektirmekle kalmaz; ayn\u0131 zamanda bireylerin kar\u015f\u0131la\u015fabilece\u011fi potansiyel zorluklar\u0131 \u00f6nceden tahmin edebilme yetene\u011fini de geli\u015ftirmektedir. Se\u00e7ilecek avukat\u0131n uzmanl\u0131\u011f\u0131na dair yeterlilikleri ile referanslar\u0131 dikkat edilmesi gereken \u00f6nemli kriterlerdir; bu nedenle titiz bir de\u011ferlendirme yapmak elzemdir.<\/p>\n<h3>Etkili \u0130leti\u015fim Becerileri \u00d6nemli Bir Kriterdir<\/h3>\n<p>Ayr\u0131ca uzmanl\u0131k alan\u0131ndaki yeterliliklerle birlikte ileti\u015fim becerilerinin de g\u00f6z \u00f6n\u00fcnde bulundurulmas\u0131 gerekmektedir. Dolay\u0131s\u0131yla Antalya\u2019da vatanda\u015fl\u0131k i\u015flemleri konusunda dan\u0131\u015fmanl\u0131k al\u0131rken ihtiya\u00e7lara uygun bir avukat se\u00e7imi yapmak bireylerin yasal haklar\u0131n\u0131 etkin kullanmalar\u0131na yard\u0131mc\u0131 olacakt\u0131r. Bu ba\u011flamda hukukun sundu\u011fu g\u00fcvencelerden yararlanmak hem bireysel hem de toplumsal a\u00e7\u0131dan daha adil bir gelecek in\u015fa etmenin temellerini atmaktad\u0131r.<\/p>\n<\/section>","protected":false},"excerpt":{"rendered":"<p>Antalya&#8217;da vatanda\u015fl\u0131k ve izin i\u015flemleri, hukuki s\u00fcre\u00e7lerin karma\u015f\u0131kl\u0131\u011f\u0131 nedeniyle uzman avukatlar arac\u0131l\u0131\u011f\u0131yla y\u00fcr\u00fct\u00fclmelidir. Avukat se\u00e7iminde deneyim, alan bilgisi ve ba\u015far\u0131 ge\u00e7mi\u015fi gibi kriterler dikkate al\u0131nmal\u0131d\u0131r. Bu, ba\u015fvuru s\u00fcrecinin etkinli\u011fini art\u0131r\u0131r.<\/p>","protected":false},"author":1,"featured_media":5634,"comment_status":"open","ping_status":"open","sticky":false,"template":"","format":"standard","meta":{"_acf_changed":false,"footnotes":""},"categories":[28],"tags":[],"class_list":["post-5620","post","type-post","status-publish","format-standard","has-post-thumbnail","hentry","category-seo"],"acf":[],"yoast_head":"<!-- This site is optimized with the Yoast SEO Premium plugin v26.6 (Yoast SEO v27.1.1) - https:\/\/yoast.com\/product\/yoast-seo-premium-wordpress\/ -->\n<title>Antalya&#039;da Vatanda\u015fl\u0131k ve \u0130zinler \u0130\u00e7in Avukat Se\u00e7imi - Av. Deniz Can K\u0131z\u0131l<\/title>\n<meta name=\"robots\" content=\"index, follow, max-snippet:-1, max-image-preview:large, max-video-preview:-1\" \/>\n<link rel=\"canonical\" href=\"https:\/\/denizcankizil.tr\/ru\/seo\/antalyada-vatandaslik-ve-izinler-icin-avukat-secimi\/\" \/>\n<meta property=\"og:locale\" content=\"ru_RU\" \/>\n<meta property=\"og:type\" content=\"article\" \/>\n<meta property=\"og:title\" content=\"Antalya&#039;da Vatanda\u015fl\u0131k ve \u0130zinler \u0130\u00e7in Avukat Se\u00e7imi\" \/>\n<meta property=\"og:description\" content=\"Antalya&#039;da vatanda\u015fl\u0131k ve izin i\u015flemleri, hukuki s\u00fcre\u00e7lerin karma\u015f\u0131kl\u0131\u011f\u0131 nedeniyle uzman avukatlar arac\u0131l\u0131\u011f\u0131yla y\u00fcr\u00fct\u00fclmelidir. Avukat se\u00e7iminde deneyim, alan bilgisi ve ba\u015far\u0131 ge\u00e7mi\u015fi gibi kriterler dikkate al\u0131nmal\u0131d\u0131r. Bu, ba\u015fvuru s\u00fcrecinin etkinli\u011fini art\u0131r\u0131r.\" \/>\n<meta property=\"og:url\" content=\"https:\/\/denizcankizil.tr\/ru\/seo\/antalyada-vatandaslik-ve-izinler-icin-avukat-secimi\/\" \/>\n<meta property=\"og:site_name\" content=\"Av. Deniz Can K\u0131z\u0131l\" \/>\n<meta property=\"article:published_time\" content=\"2024-10-20T17:42:35+00:00\" \/>\n<meta property=\"article:modified_time\" content=\"2024-10-20T17:43:42+00:00\" \/>\n<meta property=\"og:image\" content=\"https:\/\/denizcankizil.tr\/wp-content\/uploads\/2024\/10\/5620-antalyada-vatandaslik-ve-izinler-icin-avukat-secimi.jpg\" \/>\n\t<meta property=\"og:image:width\" content=\"940\" \/>\n\t<meta property=\"og:image:height\" content=\"547\" \/>\n\t<meta property=\"og:image:type\" content=\"image\/jpeg\" \/>\n<meta name=\"author\" content=\"admin\" \/>\n<meta name=\"twitter:card\" content=\"summary_large_image\" \/>\n<meta name=\"twitter:label1\" content=\"\u041d\u0430\u043f\u0438\u0441\u0430\u043d\u043e \u0430\u0432\u0442\u043e\u0440\u043e\u043c\" \/>\n\t<meta name=\"twitter:data1\" content=\"admin\" \/>\n\t<meta name=\"twitter:label2\" content=\"\u041f\u0440\u0438\u043c\u0435\u0440\u043d\u043e\u0435 \u0432\u0440\u0435\u043c\u044f \u0434\u043b\u044f \u0447\u0442\u0435\u043d\u0438\u044f\" \/>\n\t<meta name=\"twitter:data2\" content=\"3 \u043c\u0438\u043d\u0443\u0442\u044b\" \/>\n<script type=\"application\/ld+json\" class=\"yoast-schema-graph\">{\"@context\":\"https:\/\/schema.org\",\"@graph\":[{\"@type\":\"Article\",\"@id\":\"https:\/\/denizcankizil.tr\/ru\/seo\/antalyada-vatandaslik-ve-izinler-icin-avukat-secimi\/#article\",\"isPartOf\":{\"@id\":\"https:\/\/denizcankizil.tr\/ru\/seo\/antalyada-vatandaslik-ve-izinler-icin-avukat-secimi\/\"},\"author\":{\"name\":\"admin\",\"@id\":\"https:\/\/denizcankizil.tr\/de\/#\/schema\/person\/be3c05fe6a12686905512445d8185489\"},\"headline\":\"Antalya&#8217;da Vatanda\u015fl\u0131k ve \u0130zinler \u0130\u00e7in Avukat Se\u00e7imi\",\"datePublished\":\"2024-10-20T17:42:35+00:00\",\"dateModified\":\"2024-10-20T17:43:42+00:00\",\"mainEntityOfPage\":{\"@id\":\"https:\/\/denizcankizil.tr\/ru\/seo\/antalyada-vatandaslik-ve-izinler-icin-avukat-secimi\/\"},\"wordCount\":636,\"commentCount\":0,\"publisher\":{\"@id\":\"https:\/\/denizcankizil.tr\/de\/#organization\"},\"image\":{\"@id\":\"https:\/\/denizcankizil.tr\/ru\/seo\/antalyada-vatandaslik-ve-izinler-icin-avukat-secimi\/#primaryimage\"},\"thumbnailUrl\":\"https:\/\/denizcankizil.tr\/wp-content\/uploads\/2024\/10\/5620-antalyada-vatandaslik-ve-izinler-icin-avukat-secimi.jpg\",\"articleSection\":[\"Seo\"],\"inLanguage\":\"ru-RU\",\"potentialAction\":[{\"@type\":\"CommentAction\",\"name\":\"Comment\",\"target\":[\"https:\/\/denizcankizil.tr\/ru\/seo\/antalyada-vatandaslik-ve-izinler-icin-avukat-secimi\/#respond\"]}]},{\"@type\":\"WebPage\",\"@id\":\"https:\/\/denizcankizil.tr\/ru\/seo\/antalyada-vatandaslik-ve-izinler-icin-avukat-secimi\/\",\"url\":\"https:\/\/denizcankizil.tr\/ru\/seo\/antalyada-vatandaslik-ve-izinler-icin-avukat-secimi\/\",\"name\":\"Antalya'da Vatanda\u015fl\u0131k ve \u0130zinler \u0130\u00e7in Avukat Se\u00e7imi - Av. Deniz Can K\u0131z\u0131l\",\"isPartOf\":{\"@id\":\"https:\/\/denizcankizil.tr\/de\/#website\"},\"primaryImageOfPage\":{\"@id\":\"https:\/\/denizcankizil.tr\/ru\/seo\/antalyada-vatandaslik-ve-izinler-icin-avukat-secimi\/#primaryimage\"},\"image\":{\"@id\":\"https:\/\/denizcankizil.tr\/ru\/seo\/antalyada-vatandaslik-ve-izinler-icin-avukat-secimi\/#primaryimage\"},\"thumbnailUrl\":\"https:\/\/denizcankizil.tr\/wp-content\/uploads\/2024\/10\/5620-antalyada-vatandaslik-ve-izinler-icin-avukat-secimi.jpg\",\"datePublished\":\"2024-10-20T17:42:35+00:00\",\"dateModified\":\"2024-10-20T17:43:42+00:00\",\"breadcrumb\":{\"@id\":\"https:\/\/denizcankizil.tr\/ru\/seo\/antalyada-vatandaslik-ve-izinler-icin-avukat-secimi\/#breadcrumb\"},\"inLanguage\":\"ru-RU\",\"potentialAction\":[{\"@type\":\"ReadAction\",\"target\":[\"https:\/\/denizcankizil.tr\/ru\/seo\/antalyada-vatandaslik-ve-izinler-icin-avukat-secimi\/\"]}]},{\"@type\":\"ImageObject\",\"inLanguage\":\"ru-RU\",\"@id\":\"https:\/\/denizcankizil.tr\/ru\/seo\/antalyada-vatandaslik-ve-izinler-icin-avukat-secimi\/#primaryimage\",\"url\":\"https:\/\/denizcankizil.tr\/wp-content\/uploads\/2024\/10\/5620-antalyada-vatandaslik-ve-izinler-icin-avukat-secimi.jpg\",\"contentUrl\":\"https:\/\/denizcankizil.tr\/wp-content\/uploads\/2024\/10\/5620-antalyada-vatandaslik-ve-izinler-icin-avukat-secimi.jpg\",\"width\":940,\"height\":547,\"caption\":\"Antalya&#8217;da Vatanda\u015fl\u0131k ve \u0130zinler \u0130\u00e7in Avukat Se\u00e7imi\"},{\"@type\":\"BreadcrumbList\",\"@id\":\"https:\/\/denizcankizil.tr\/ru\/seo\/antalyada-vatandaslik-ve-izinler-icin-avukat-secimi\/#breadcrumb\",\"itemListElement\":[{\"@type\":\"ListItem\",\"position\":1,\"name\":\"Home\",\"item\":\"https:\/\/denizcankizil.tr\/de\/\"},{\"@type\":\"ListItem\",\"position\":2,\"name\":\"Antalya&#8217;da Vatanda\u015fl\u0131k ve \u0130zinler \u0130\u00e7in Avukat Se\u00e7imi\"}]},{\"@type\":\"WebSite\",\"@id\":\"https:\/\/denizcankizil.tr\/de\/#website\",\"url\":\"https:\/\/denizcankizil.tr\/de\/\",\"name\":\"Av. Deniz Can K\u0131z\u0131l\",\"description\":\"Avukat Deniz Can K\u0131z\u0131l Antalya Barosu\",\"publisher\":{\"@id\":\"https:\/\/denizcankizil.tr\/de\/#organization\"},\"potentialAction\":[{\"@type\":\"SearchAction\",\"target\":{\"@type\":\"EntryPoint\",\"urlTemplate\":\"https:\/\/denizcankizil.tr\/de\/?s={search_term_string}\"},\"query-input\":{\"@type\":\"PropertyValueSpecification\",\"valueRequired\":true,\"valueName\":\"search_term_string\"}}],\"inLanguage\":\"ru-RU\"},{\"@type\":\"Organization\",\"@id\":\"https:\/\/denizcankizil.tr\/de\/#organization\",\"name\":\"Av. Deniz Can K\u0131z\u0131l\",\"url\":\"https:\/\/denizcankizil.tr\/de\/\",\"logo\":{\"@type\":\"ImageObject\",\"inLanguage\":\"ru-RU\",\"@id\":\"https:\/\/denizcankizil.tr\/de\/#\/schema\/logo\/image\/\",\"url\":\"https:\/\/denizcankizil.tr\/wp-content\/uploads\/2024\/10\/siyah-logo-svg.svg\",\"contentUrl\":\"https:\/\/denizcankizil.tr\/wp-content\/uploads\/2024\/10\/siyah-logo-svg.svg\",\"width\":1080,\"height\":1080,\"caption\":\"Av. Deniz Can K\u0131z\u0131l\"},\"image\":{\"@id\":\"https:\/\/denizcankizil.tr\/de\/#\/schema\/logo\/image\/\"}},{\"@type\":\"Person\",\"@id\":\"https:\/\/denizcankizil.tr\/de\/#\/schema\/person\/be3c05fe6a12686905512445d8185489\",\"name\":\"admin\",\"image\":{\"@type\":\"ImageObject\",\"inLanguage\":\"ru-RU\",\"@id\":\"https:\/\/denizcankizil.tr\/de\/#\/schema\/person\/image\/\",\"url\":\"https:\/\/secure.gravatar.com\/avatar\/c1fce94c830dc79107e174f890d7210541c4a63e8e5d816341794a2151c9d58c?s=96&d=mm&r=g\",\"contentUrl\":\"https:\/\/secure.gravatar.com\/avatar\/c1fce94c830dc79107e174f890d7210541c4a63e8e5d816341794a2151c9d58c?s=96&d=mm&r=g\",\"caption\":\"admin\"},\"sameAs\":[\"http:\/\/denizcankizil.tr\"],\"url\":\"https:\/\/denizcankizil.tr\/ru\/author\/admin\/\"}]}<\/script>\n<!-- \/ Yoast SEO Premium plugin. -->","yoast_head_json":{"title":"Antalya'da Vatanda\u015fl\u0131k ve \u0130zinler \u0130\u00e7in Avukat Se\u00e7imi - Av. Deniz Can K\u0131z\u0131l","robots":{"index":"index","follow":"follow","max-snippet":"max-snippet:-1","max-image-preview":"max-image-preview:large","max-video-preview":"max-video-preview:-1"},"canonical":"https:\/\/denizcankizil.tr\/ru\/seo\/antalyada-vatandaslik-ve-izinler-icin-avukat-secimi\/","og_locale":"ru_RU","og_type":"article","og_title":"Antalya'da Vatanda\u015fl\u0131k ve \u0130zinler \u0130\u00e7in Avukat Se\u00e7imi","og_description":"Antalya'da vatanda\u015fl\u0131k ve izin i\u015flemleri, hukuki s\u00fcre\u00e7lerin karma\u015f\u0131kl\u0131\u011f\u0131 nedeniyle uzman avukatlar arac\u0131l\u0131\u011f\u0131yla y\u00fcr\u00fct\u00fclmelidir. Avukat se\u00e7iminde deneyim, alan bilgisi ve ba\u015far\u0131 ge\u00e7mi\u015fi gibi kriterler dikkate al\u0131nmal\u0131d\u0131r. Bu, ba\u015fvuru s\u00fcrecinin etkinli\u011fini art\u0131r\u0131r.","og_url":"https:\/\/denizcankizil.tr\/ru\/seo\/antalyada-vatandaslik-ve-izinler-icin-avukat-secimi\/","og_site_name":"Av. Deniz Can K\u0131z\u0131l","article_published_time":"2024-10-20T17:42:35+00:00","article_modified_time":"2024-10-20T17:43:42+00:00","og_image":[{"width":940,"height":547,"url":"https:\/\/denizcankizil.tr\/wp-content\/uploads\/2024\/10\/5620-antalyada-vatandaslik-ve-izinler-icin-avukat-secimi.jpg","type":"image\/jpeg"}],"author":"admin","twitter_card":"summary_large_image","twitter_misc":{"\u041d\u0430\u043f\u0438\u0441\u0430\u043d\u043e \u0430\u0432\u0442\u043e\u0440\u043e\u043c":"admin","\u041f\u0440\u0438\u043c\u0435\u0440\u043d\u043e\u0435 \u0432\u0440\u0435\u043c\u044f \u0434\u043b\u044f \u0447\u0442\u0435\u043d\u0438\u044f":"3 \u043c\u0438\u043d\u0443\u0442\u044b"},"schema":{"@context":"https:\/\/schema.org","@graph":[{"@type":"Article","@id":"https:\/\/denizcankizil.tr\/ru\/seo\/antalyada-vatandaslik-ve-izinler-icin-avukat-secimi\/#article","isPartOf":{"@id":"https:\/\/denizcankizil.tr\/ru\/seo\/antalyada-vatandaslik-ve-izinler-icin-avukat-secimi\/"},"author":{"name":"admin","@id":"https:\/\/denizcankizil.tr\/de\/#\/schema\/person\/be3c05fe6a12686905512445d8185489"},"headline":"Antalya&#8217;da Vatanda\u015fl\u0131k ve \u0130zinler \u0130\u00e7in Avukat Se\u00e7imi","datePublished":"2024-10-20T17:42:35+00:00","dateModified":"2024-10-20T17:43:42+00:00","mainEntityOfPage":{"@id":"https:\/\/denizcankizil.tr\/ru\/seo\/antalyada-vatandaslik-ve-izinler-icin-avukat-secimi\/"},"wordCount":636,"commentCount":0,"publisher":{"@id":"https:\/\/denizcankizil.tr\/de\/#organization"},"image":{"@id":"https:\/\/denizcankizil.tr\/ru\/seo\/antalyada-vatandaslik-ve-izinler-icin-avukat-secimi\/#primaryimage"},"thumbnailUrl":"https:\/\/denizcankizil.tr\/wp-content\/uploads\/2024\/10\/5620-antalyada-vatandaslik-ve-izinler-icin-avukat-secimi.jpg","articleSection":["Seo"],"inLanguage":"ru-RU","potentialAction":[{"@type":"CommentAction","name":"Comment","target":["https:\/\/denizcankizil.tr\/ru\/seo\/antalyada-vatandaslik-ve-izinler-icin-avukat-secimi\/#respond"]}]},{"@type":"WebPage","@id":"https:\/\/denizcankizil.tr\/ru\/seo\/antalyada-vatandaslik-ve-izinler-icin-avukat-secimi\/","url":"https:\/\/denizcankizil.tr\/ru\/seo\/antalyada-vatandaslik-ve-izinler-icin-avukat-secimi\/","name":"Antalya'da Vatanda\u015fl\u0131k ve \u0130zinler \u0130\u00e7in Avukat Se\u00e7imi - Av. Deniz Can K\u0131z\u0131l","isPartOf":{"@id":"https:\/\/denizcankizil.tr\/de\/#website"},"primaryImageOfPage":{"@id":"https:\/\/denizcankizil.tr\/ru\/seo\/antalyada-vatandaslik-ve-izinler-icin-avukat-secimi\/#primaryimage"},"image":{"@id":"https:\/\/denizcankizil.tr\/ru\/seo\/antalyada-vatandaslik-ve-izinler-icin-avukat-secimi\/#primaryimage"},"thumbnailUrl":"https:\/\/denizcankizil.tr\/wp-content\/uploads\/2024\/10\/5620-antalyada-vatandaslik-ve-izinler-icin-avukat-secimi.jpg","datePublished":"2024-10-20T17:42:35+00:00","dateModified":"2024-10-20T17:43:42+00:00","breadcrumb":{"@id":"https:\/\/denizcankizil.tr\/ru\/seo\/antalyada-vatandaslik-ve-izinler-icin-avukat-secimi\/#breadcrumb"},"inLanguage":"ru-RU","potentialAction":[{"@type":"ReadAction","target":["https:\/\/denizcankizil.tr\/ru\/seo\/antalyada-vatandaslik-ve-izinler-icin-avukat-secimi\/"]}]},{"@type":"ImageObject","inLanguage":"ru-RU","@id":"https:\/\/denizcankizil.tr\/ru\/seo\/antalyada-vatandaslik-ve-izinler-icin-avukat-secimi\/#primaryimage","url":"https:\/\/denizcankizil.tr\/wp-content\/uploads\/2024\/10\/5620-antalyada-vatandaslik-ve-izinler-icin-avukat-secimi.jpg","contentUrl":"https:\/\/denizcankizil.tr\/wp-content\/uploads\/2024\/10\/5620-antalyada-vatandaslik-ve-izinler-icin-avukat-secimi.jpg","width":940,"height":547,"caption":"Antalya&#8217;da Vatanda\u015fl\u0131k ve \u0130zinler \u0130\u00e7in Avukat Se\u00e7imi"},{"@type":"BreadcrumbList","@id":"https:\/\/denizcankizil.tr\/ru\/seo\/antalyada-vatandaslik-ve-izinler-icin-avukat-secimi\/#breadcrumb","itemListElement":[{"@type":"ListItem","position":1,"name":"Home","item":"https:\/\/denizcankizil.tr\/de\/"},{"@type":"ListItem","position":2,"name":"Antalya&#8217;da Vatanda\u015fl\u0131k ve \u0130zinler \u0130\u00e7in Avukat Se\u00e7imi"}]},{"@type":"WebSite","@id":"https:\/\/denizcankizil.tr\/de\/#website","url":"https:\/\/denizcankizil.tr\/de\/","name":"Av. Deniz Can K\u0131z\u0131l","description":"Avukat Deniz Can K\u0131z\u0131l Antalya Barosu","publisher":{"@id":"https:\/\/denizcankizil.tr\/de\/#organization"},"potentialAction":[{"@type":"SearchAction","target":{"@type":"EntryPoint","urlTemplate":"https:\/\/denizcankizil.tr\/de\/?s={search_term_string}"},"query-input":{"@type":"PropertyValueSpecification","valueRequired":true,"valueName":"search_term_string"}}],"inLanguage":"ru-RU"},{"@type":"Organization","@id":"https:\/\/denizcankizil.tr\/de\/#organization","name":"Av. Deniz Can K\u0131z\u0131l","url":"https:\/\/denizcankizil.tr\/de\/","logo":{"@type":"ImageObject","inLanguage":"ru-RU","@id":"https:\/\/denizcankizil.tr\/de\/#\/schema\/logo\/image\/","url":"https:\/\/denizcankizil.tr\/wp-content\/uploads\/2024\/10\/siyah-logo-svg.svg","contentUrl":"https:\/\/denizcankizil.tr\/wp-content\/uploads\/2024\/10\/siyah-logo-svg.svg","width":1080,"height":1080,"caption":"Av. Deniz Can K\u0131z\u0131l"},"image":{"@id":"https:\/\/denizcankizil.tr\/de\/#\/schema\/logo\/image\/"}},{"@type":"Person","@id":"https:\/\/denizcankizil.tr\/de\/#\/schema\/person\/be3c05fe6a12686905512445d8185489","name":"\u0430\u0434\u043c\u0438\u043d","image":{"@type":"ImageObject","inLanguage":"ru-RU","@id":"https:\/\/denizcankizil.tr\/de\/#\/schema\/person\/image\/","url":"https:\/\/secure.gravatar.com\/avatar\/c1fce94c830dc79107e174f890d7210541c4a63e8e5d816341794a2151c9d58c?s=96&d=mm&r=g","contentUrl":"https:\/\/secure.gravatar.com\/avatar\/c1fce94c830dc79107e174f890d7210541c4a63e8e5d816341794a2151c9d58c?s=96&d=mm&r=g","caption":"admin"},"sameAs":["http:\/\/denizcankizil.tr"],"url":"https:\/\/denizcankizil.tr\/ru\/author\/admin\/"}]}},"_links":{"self":[{"href":"https:\/\/denizcankizil.tr\/ru\/wp-json\/wp\/v2\/posts\/5620","targetHints":{"allow":["GET"]}}],"collection":[{"href":"https:\/\/denizcankizil.tr\/ru\/wp-json\/wp\/v2\/posts"}],"about":[{"href":"https:\/\/denizcankizil.tr\/ru\/wp-json\/wp\/v2\/types\/post"}],"author":[{"embeddable":true,"href":"https:\/\/denizcankizil.tr\/ru\/wp-json\/wp\/v2\/users\/1"}],"replies":[{"embeddable":true,"href":"https:\/\/denizcankizil.tr\/ru\/wp-json\/wp\/v2\/comments?post=5620"}],"version-history":[{"count":2,"href":"https:\/\/denizcankizil.tr\/ru\/wp-json\/wp\/v2\/posts\/5620\/revisions"}],"predecessor-version":[{"id":5633,"href":"https:\/\/denizcankizil.tr\/ru\/wp-json\/wp\/v2\/posts\/5620\/revisions\/5633"}],"wp:featuredmedia":[{"embeddable":true,"href":"https:\/\/denizcankizil.tr\/ru\/wp-json\/wp\/v2\/media\/5634"}],"wp:attachment":[{"href":"https:\/\/denizcankizil.tr\/ru\/wp-json\/wp\/v2\/media?parent=5620"}],"wp:term":[{"taxonomy":"category","embeddable":true,"href":"https:\/\/denizcankizil.tr\/ru\/wp-json\/wp\/v2\/categories?post=5620"},{"taxonomy":"post_tag","embeddable":true,"href":"https:\/\/denizcankizil.tr\/ru\/wp-json\/wp\/v2\/tags?post=5620"}],"curies":[{"name":"wp","href":"https:\/\/api.w.org\/{rel}","templated":true}]}}