{"id":54692,"date":"2025-04-13T22:37:18","date_gmt":"2025-04-13T19:37:18","guid":{"rendered":"https:\/\/denizcankizil.tr\/uncategorized-tr\/cumhurbaskani-erdogan-antalyadan-ayrildi\/"},"modified":"2025-04-13T22:37:18","modified_gmt":"2025-04-13T19:37:18","slug":"cumhurbaskani-erdogan-antalyadan-ayrildi","status":"publish","type":"post","link":"https:\/\/denizcankizil.tr\/ru\/haberler\/gundem\/cumhurbaskani-erdogan-antalyadan-ayrildi\/","title":{"rendered":"Cumhurba\u015fkan\u0131 Erdo\u011fan Antalya\u2019dan ayr\u0131ld\u0131"},"content":{"rendered":"<p>Cumhurba\u015fkan\u0131 Recep Tayyip Erdo\u011fan 11-13 Nisan tarihleri aras\u0131ndan d\u00fczenlenen Antalya Diplomasi Forumuna ve Antalya Havaliman\u0131 Yeni \u0130\u00e7 ve D\u0131\u015f Hatlar Terminali\u2019nin a\u00e7\u0131l\u0131\u015f t\u00f6renine kat\u0131lmak \u00fczere Antalya\u2019ya geldi. 3 g\u00fcn boyunca kentte kalan Cumhurba\u015fkan\u0131 Erdo\u011fan a\u00e7\u0131l\u0131\u015f\u0131n ve diplomasi forumunun sona ermesinin ard\u0131ndan \u015fehirden ayr\u0131ld\u0131.<\/p>\n<p>BA\u015eKAN ERDO\u011eAN HAVAL\u0130MANINDA U\u011eURLANDI <\/p>\n<p>Antalya Emniyet M\u00fcd\u00fcrl\u00fc\u011f\u00fc sosyal medya \u00fczerinden yapt\u0131\u011f\u0131 a\u00e7\u0131klamada Ba\u015fkan Erdo\u011fan\u2019\u0131n \u015fehirden ayr\u0131ld\u0131\u011f\u0131n\u0131 a\u00e7\u0131klad\u0131. Antalya il Emniyet M\u00fcd\u00fcr\u00fc \u0130lker Arslan ve il protokol\u00fc taraf\u0131ndan Ba\u015fkan Erdo\u011fan havaliman\u0131ndan u\u011furland\u0131. Yap\u0131lan a\u00e7\u0131klamada, \u201cCumhurba\u015fkan\u0131m\u0131z Say\u0131n Recep Tayyip Erdo\u011fan\u2019\u0131 4. Antalya Diplomasi Forumu vesilesiyle ilimizde a\u011f\u0131rlamaktan onur duyduk. Antalya Havaliman\u0131 Yeni \u0130\u00e7 ve D\u0131\u015f Hatlar Terminali\u2019nin a\u00e7\u0131l\u0131\u015f t\u00f6renine kat\u0131l\u0131mlar\u0131n\u0131n ve Antalya Diplomasi Forumu&#8217; nun tamamlanmas\u0131n\u0131n ard\u0131ndan ilimizden ayr\u0131lan Say\u0131n Cumhurba\u015fkan\u0131m\u0131z, \u0130l Emniyet M\u00fcd\u00fcr\u00fcm\u00fcz Say\u0131n \u0130lker ARSLAN ve il protokol\u00fc taraf\u0131ndan havaliman\u0131ndan u\u011furlanm\u0131\u015ft\u0131r\u201d ifadelerine yer verildi.<\/p>\n<p>Cumhurba\u015fkan\u0131m\u0131z Say\u0131n Recep Tayyip ERDO\u011eAN\u2019I 4. Antalya Diplomasi Forumu vesilesiyle ilimizde a\u011f\u0131rlamaktan onur duyduk.<\/p>\n<p>Antalya Havaliman\u0131 Yeni \u0130\u00e7 ve D\u0131\u015f Hatlar Terminali\u2019nin a\u00e7\u0131l\u0131\u015f t\u00f6renine kat\u0131l\u0131mlar\u0131n\u0131n ve Antalya Diplomasi Forumu&#8217; nun tamamlanmas\u0131n\u0131n ard\u0131ndan ilimizden\u2026 pic.twitter.com\/QXjaL7wlv4<br \/>\n\u2014 Antalya Emniyet M\u00fcd\u00fcrl\u00fc\u011f\u00fc (@AntalyaEmniyet) April 13, 2025<\/p>\n<p>D\u00dcNYANIN G\u00d6Z\u00dc ANTALYA\u2019YA \u00c7EVR\u0130LD\u0130 <\/p>\n<p>Antalya Diplomas\u0131 Forumuna d\u00fcnyan\u0131n d\u00f6rt bir yan\u0131nda kat\u0131l\u0131m oldu. B\u00fct\u00fcn d\u00fcnyan\u0131n g\u00f6z\u00fcn\u00fc \u00e7evirdi\u011fi foruma 140&#8217;\u0131 a\u015fk\u0131n \u00fclkeden; 20&#8217;yi a\u015fk\u0131n devlet\/h\u00fck\u00fcmet ba\u015fkan\u0131, 50&#8217;den fazlas\u0131 d\u0131\u015fi\u015fleri bakan\u0131 olmak \u00fczere 70&#8217;i a\u015fk\u0131n bakan, yakla\u015f\u0131k 60 \u00fcst d\u00fczey uluslararas\u0131 kurulu\u015f temsilcisi kat\u0131ld\u0131. 13 Nisan 2025 (bug\u00fcn) itibariyle forum sona erdi.<\/p>\n<p>\u200bAntalya Diplomasi Forumuna ve Antalya Havaliman\u0131 Yeni \u0130\u00e7 ve D\u0131\u015f Hatlar Terminali\u2019nin a\u00e7\u0131l\u0131\u015f t\u00f6renine kat\u0131lmak \u00fczere Antalya\u2019ya gelen Cumhurba\u015fkan\u0131 Recep Tayyip Erdo\u011fan, 13 Nisan 2025 tarihi itibariyle \u015fehirden ayr\u0131ld\u0131.\u00a0<\/p>\n<p>\u200bHaberin Al\u0131nt\u0131land\u0131\u011f\u0131 Kaynak: www.antalyakorfez.com<\/p>","protected":false},"excerpt":{"rendered":"<p>Cumhurba\u015fkan\u0131 Recep Tayyip Erdo\u011fan 11-13 Nisan tarihleri aras\u0131ndan d\u00fczenlenen Antalya Diplomasi Forumuna ve Antalya Havaliman\u0131 Yeni \u0130\u00e7 ve D\u0131\u015f Hatlar Terminali\u2019nin a\u00e7\u0131l\u0131\u015f t\u00f6renine kat\u0131lmak \u00fczere Antalya\u2019ya geldi. 3 g\u00fcn boyunca kentte kalan Cumhurba\u015fkan\u0131 Erdo\u011fan a\u00e7\u0131l\u0131\u015f\u0131n ve diplomasi forumunun sona ermesinin ard\u0131ndan \u015fehirden ayr\u0131ld\u0131. BA\u015eKAN ERDO\u011eAN HAVAL\u0130MANINDA U\u011eURLANDI Antalya Emniyet M\u00fcd\u00fcrl\u00fc\u011f\u00fc sosyal medya \u00fczerinden yapt\u0131\u011f\u0131 a\u00e7\u0131klamada Ba\u015fkan Erdo\u011fan\u2019\u0131n \u015fehirden ayr\u0131ld\u0131\u011f\u0131n\u0131 a\u00e7\u0131klad\u0131. Antalya il Emniyet M\u00fcd\u00fcr\u00fc \u0130lker Arslan ve il protokol\u00fc taraf\u0131ndan Ba\u015fkan Erdo\u011fan havaliman\u0131ndan u\u011furland\u0131. Yap\u0131lan a\u00e7\u0131klamada, \u201cCumhurba\u015fkan\u0131m\u0131z Say\u0131n Recep Tayyip Erdo\u011fan\u2019\u0131 4. Antalya Diplomasi Forumu vesilesiyle ilimizde a\u011f\u0131rlamaktan onur duyduk. Antalya Havaliman\u0131 Yeni \u0130\u00e7 ve D\u0131\u015f Hatlar Terminali\u2019nin a\u00e7\u0131l\u0131\u015f t\u00f6renine kat\u0131l\u0131mlar\u0131n\u0131n ve Antalya Diplomasi Forumu&#8217; nun tamamlanmas\u0131n\u0131n ard\u0131ndan ilimizden ayr\u0131lan Say\u0131n Cumhurba\u015fkan\u0131m\u0131z, \u0130l Emniyet M\u00fcd\u00fcr\u00fcm\u00fcz Say\u0131n \u0130lker ARSLAN ve il protokol\u00fc taraf\u0131ndan havaliman\u0131ndan u\u011furlanm\u0131\u015ft\u0131r\u201d ifadelerine yer verildi. Cumhurba\u015fkan\u0131m\u0131z Say\u0131n Recep Tayyip ERDO\u011eAN\u2019I 4. Antalya Diplomasi Forumu vesilesiyle ilimizde a\u011f\u0131rlamaktan onur duyduk. Antalya Havaliman\u0131 Yeni \u0130\u00e7 ve D\u0131\u015f Hatlar Terminali\u2019nin a\u00e7\u0131l\u0131\u015f t\u00f6renine kat\u0131l\u0131mlar\u0131n\u0131n ve Antalya Diplomasi Forumu&#8217; nun tamamlanmas\u0131n\u0131n ard\u0131ndan ilimizden\u2026 pic.twitter.com\/QXjaL7wlv4 \u2014 Antalya Emniyet M\u00fcd\u00fcrl\u00fc\u011f\u00fc (@AntalyaEmniyet) April 13, 2025 D\u00dcNYANIN G\u00d6Z\u00dc ANTALYA\u2019YA \u00c7EVR\u0130LD\u0130 Antalya Diplomas\u0131 Forumuna d\u00fcnyan\u0131n d\u00f6rt bir yan\u0131nda kat\u0131l\u0131m oldu. B\u00fct\u00fcn d\u00fcnyan\u0131n g\u00f6z\u00fcn\u00fc \u00e7evirdi\u011fi foruma 140&#8217;\u0131 a\u015fk\u0131n \u00fclkeden; 20&#8217;yi a\u015fk\u0131n devlet\/h\u00fck\u00fcmet ba\u015fkan\u0131, 50&#8217;den fazlas\u0131 d\u0131\u015fi\u015fleri bakan\u0131 olmak \u00fczere &hellip;<\/p>","protected":false},"author":5,"featured_media":0,"comment_status":"","ping_status":"open","sticky":false,"template":"","format":"standard","meta":{"_acf_changed":false,"footnotes":""},"categories":[24],"tags":[],"class_list":["post-54692","post","type-post","status-publish","format-standard","has-post-thumbnail","hentry","category-gundem"],"acf":[],"yoast_head":"<!-- This site is optimized with the Yoast SEO Premium plugin v26.6 (Yoast SEO v27.1.1) - https:\/\/yoast.com\/product\/yoast-seo-premium-wordpress\/ -->\n<title>Cumhurba\u015fkan\u0131 Erdo\u011fan Antalya\u2019dan ayr\u0131ld\u0131 - Av. Deniz Can K\u0131z\u0131l<\/title>\n<meta name=\"robots\" content=\"index, follow, max-snippet:-1, max-image-preview:large, max-video-preview:-1\" \/>\n<link rel=\"canonical\" href=\"https:\/\/denizcankizil.tr\/ru\/haberler\/gundem\/cumhurbaskani-erdogan-antalyadan-ayrildi\/\" \/>\n<meta property=\"og:locale\" content=\"ru_RU\" \/>\n<meta property=\"og:type\" content=\"article\" \/>\n<meta property=\"og:title\" content=\"Cumhurba\u015fkan\u0131 Erdo\u011fan Antalya\u2019dan ayr\u0131ld\u0131\" \/>\n<meta property=\"og:description\" content=\"Cumhurba\u015fkan\u0131 Recep Tayyip Erdo\u011fan 11-13 Nisan tarihleri aras\u0131ndan d\u00fczenlenen Antalya Diplomasi Forumuna ve Antalya Havaliman\u0131 Yeni \u0130\u00e7 ve D\u0131\u015f Hatlar Terminali\u2019nin a\u00e7\u0131l\u0131\u015f t\u00f6renine kat\u0131lmak \u00fczere Antalya\u2019ya geldi. 3 g\u00fcn boyunca kentte kalan Cumhurba\u015fkan\u0131 Erdo\u011fan a\u00e7\u0131l\u0131\u015f\u0131n ve diplomasi forumunun sona ermesinin ard\u0131ndan \u015fehirden ayr\u0131ld\u0131. BA\u015eKAN ERDO\u011eAN HAVAL\u0130MANINDA U\u011eURLANDI Antalya Emniyet M\u00fcd\u00fcrl\u00fc\u011f\u00fc sosyal medya \u00fczerinden yapt\u0131\u011f\u0131 a\u00e7\u0131klamada Ba\u015fkan Erdo\u011fan\u2019\u0131n \u015fehirden ayr\u0131ld\u0131\u011f\u0131n\u0131 a\u00e7\u0131klad\u0131. Antalya il Emniyet M\u00fcd\u00fcr\u00fc \u0130lker Arslan ve il protokol\u00fc taraf\u0131ndan Ba\u015fkan Erdo\u011fan havaliman\u0131ndan u\u011furland\u0131. Yap\u0131lan a\u00e7\u0131klamada, \u201cCumhurba\u015fkan\u0131m\u0131z Say\u0131n Recep Tayyip Erdo\u011fan\u2019\u0131 4. Antalya Diplomasi Forumu vesilesiyle ilimizde a\u011f\u0131rlamaktan onur duyduk. Antalya Havaliman\u0131 Yeni \u0130\u00e7 ve D\u0131\u015f Hatlar Terminali\u2019nin a\u00e7\u0131l\u0131\u015f t\u00f6renine kat\u0131l\u0131mlar\u0131n\u0131n ve Antalya Diplomasi Forumu&#8217; nun tamamlanmas\u0131n\u0131n ard\u0131ndan ilimizden ayr\u0131lan Say\u0131n Cumhurba\u015fkan\u0131m\u0131z, \u0130l Emniyet M\u00fcd\u00fcr\u00fcm\u00fcz Say\u0131n \u0130lker ARSLAN ve il protokol\u00fc taraf\u0131ndan havaliman\u0131ndan u\u011furlanm\u0131\u015ft\u0131r\u201d ifadelerine yer verildi. Cumhurba\u015fkan\u0131m\u0131z Say\u0131n Recep Tayyip ERDO\u011eAN\u2019I 4. Antalya Diplomasi Forumu vesilesiyle ilimizde a\u011f\u0131rlamaktan onur duyduk. Antalya Havaliman\u0131 Yeni \u0130\u00e7 ve D\u0131\u015f Hatlar Terminali\u2019nin a\u00e7\u0131l\u0131\u015f t\u00f6renine kat\u0131l\u0131mlar\u0131n\u0131n ve Antalya Diplomasi Forumu&#8217; nun tamamlanmas\u0131n\u0131n ard\u0131ndan ilimizden\u2026 pic.twitter.com\/QXjaL7wlv4 \u2014 Antalya Emniyet M\u00fcd\u00fcrl\u00fc\u011f\u00fc (@AntalyaEmniyet) April 13, 2025 D\u00dcNYANIN G\u00d6Z\u00dc ANTALYA\u2019YA \u00c7EVR\u0130LD\u0130 Antalya Diplomas\u0131 Forumuna d\u00fcnyan\u0131n d\u00f6rt bir yan\u0131nda kat\u0131l\u0131m oldu. B\u00fct\u00fcn d\u00fcnyan\u0131n g\u00f6z\u00fcn\u00fc \u00e7evirdi\u011fi foruma 140&#8217;\u0131 a\u015fk\u0131n \u00fclkeden; 20&#8217;yi a\u015fk\u0131n devlet\/h\u00fck\u00fcmet ba\u015fkan\u0131, 50&#8217;den fazlas\u0131 d\u0131\u015fi\u015fleri bakan\u0131 olmak \u00fczere &hellip;\" \/>\n<meta property=\"og:url\" content=\"https:\/\/denizcankizil.tr\/ru\/haberler\/gundem\/cumhurbaskani-erdogan-antalyadan-ayrildi\/\" \/>\n<meta property=\"og:site_name\" content=\"Av. Deniz Can K\u0131z\u0131l\" \/>\n<meta property=\"article:published_time\" content=\"2025-04-13T19:37:18+00:00\" \/>\n<meta name=\"author\" content=\"Antalya K\u00f6rfez\" \/>\n<meta name=\"twitter:card\" content=\"summary_large_image\" \/>\n<meta name=\"twitter:label1\" content=\"\u041d\u0430\u043f\u0438\u0441\u0430\u043d\u043e \u0430\u0432\u0442\u043e\u0440\u043e\u043c\" \/>\n\t<meta name=\"twitter:data1\" content=\"Antalya K\u00f6rfez\" \/>\n\t<meta name=\"twitter:label2\" content=\"\u041f\u0440\u0438\u043c\u0435\u0440\u043d\u043e\u0435 \u0432\u0440\u0435\u043c\u044f \u0434\u043b\u044f \u0447\u0442\u0435\u043d\u0438\u044f\" \/>\n\t<meta name=\"twitter:data2\" content=\"2 \u043c\u0438\u043d\u0443\u0442\u044b\" \/>\n<script type=\"application\/ld+json\" class=\"yoast-schema-graph\">{\"@context\":\"https:\/\/schema.org\",\"@graph\":[{\"@type\":\"Article\",\"@id\":\"https:\/\/denizcankizil.tr\/ru\/haberler\/gundem\/cumhurbaskani-erdogan-antalyadan-ayrildi\/#article\",\"isPartOf\":{\"@id\":\"https:\/\/denizcankizil.tr\/ru\/haberler\/gundem\/cumhurbaskani-erdogan-antalyadan-ayrildi\/\"},\"author\":{\"name\":\"Antalya K\u00f6rfez\",\"@id\":\"https:\/\/denizcankizil.tr\/#\/schema\/person\/e1eb71bb4dd684d46563f0af307e1234\"},\"headline\":\"Cumhurba\u015fkan\u0131 Erdo\u011fan Antalya\u2019dan ayr\u0131ld\u0131\",\"datePublished\":\"2025-04-13T19:37:18+00:00\",\"mainEntityOfPage\":{\"@id\":\"https:\/\/denizcankizil.tr\/ru\/haberler\/gundem\/cumhurbaskani-erdogan-antalyadan-ayrildi\/\"},\"wordCount\":381,\"publisher\":{\"@id\":\"https:\/\/denizcankizil.tr\/#organization\"},\"articleSection\":[\"G\u00fcndem\"],\"inLanguage\":\"ru-RU\"},{\"@type\":\"WebPage\",\"@id\":\"https:\/\/denizcankizil.tr\/ru\/haberler\/gundem\/cumhurbaskani-erdogan-antalyadan-ayrildi\/\",\"url\":\"https:\/\/denizcankizil.tr\/ru\/haberler\/gundem\/cumhurbaskani-erdogan-antalyadan-ayrildi\/\",\"name\":\"Cumhurba\u015fkan\u0131 Erdo\u011fan Antalya\u2019dan ayr\u0131ld\u0131 - Av. Deniz Can K\u0131z\u0131l\",\"isPartOf\":{\"@id\":\"https:\/\/denizcankizil.tr\/#website\"},\"datePublished\":\"2025-04-13T19:37:18+00:00\",\"breadcrumb\":{\"@id\":\"https:\/\/denizcankizil.tr\/ru\/haberler\/gundem\/cumhurbaskani-erdogan-antalyadan-ayrildi\/#breadcrumb\"},\"inLanguage\":\"ru-RU\",\"potentialAction\":[{\"@type\":\"ReadAction\",\"target\":[\"https:\/\/denizcankizil.tr\/ru\/haberler\/gundem\/cumhurbaskani-erdogan-antalyadan-ayrildi\/\"]}]},{\"@type\":\"BreadcrumbList\",\"@id\":\"https:\/\/denizcankizil.tr\/ru\/haberler\/gundem\/cumhurbaskani-erdogan-antalyadan-ayrildi\/#breadcrumb\",\"itemListElement\":[{\"@type\":\"ListItem\",\"position\":1,\"name\":\"Home\",\"item\":\"https:\/\/denizcankizil.tr\/uk\/\"},{\"@type\":\"ListItem\",\"position\":2,\"name\":\"Cumhurba\u015fkan\u0131 Erdo\u011fan Antalya\u2019dan ayr\u0131ld\u0131\"}]},{\"@type\":\"WebSite\",\"@id\":\"https:\/\/denizcankizil.tr\/#website\",\"url\":\"https:\/\/denizcankizil.tr\/\",\"name\":\"Av. Deniz Can K\u0131z\u0131l\",\"description\":\"Avukat Deniz Can K\u0131z\u0131l Antalya Barosu\",\"publisher\":{\"@id\":\"https:\/\/denizcankizil.tr\/#organization\"},\"potentialAction\":[{\"@type\":\"SearchAction\",\"target\":{\"@type\":\"EntryPoint\",\"urlTemplate\":\"https:\/\/denizcankizil.tr\/?s={search_term_string}\"},\"query-input\":{\"@type\":\"PropertyValueSpecification\",\"valueRequired\":true,\"valueName\":\"search_term_string\"}}],\"inLanguage\":\"ru-RU\"},{\"@type\":\"Organization\",\"@id\":\"https:\/\/denizcankizil.tr\/#organization\",\"name\":\"Av. Deniz Can K\u0131z\u0131l\",\"url\":\"https:\/\/denizcankizil.tr\/\",\"logo\":{\"@type\":\"ImageObject\",\"inLanguage\":\"ru-RU\",\"@id\":\"https:\/\/denizcankizil.tr\/#\/schema\/logo\/image\/\",\"url\":\"https:\/\/denizcankizil.tr\/wp-content\/uploads\/2024\/10\/siyah-logo-svg.svg\",\"contentUrl\":\"https:\/\/denizcankizil.tr\/wp-content\/uploads\/2024\/10\/siyah-logo-svg.svg\",\"width\":1080,\"height\":1080,\"caption\":\"Av. Deniz Can K\u0131z\u0131l\"},\"image\":{\"@id\":\"https:\/\/denizcankizil.tr\/#\/schema\/logo\/image\/\"}},{\"@type\":\"Person\",\"@id\":\"https:\/\/denizcankizil.tr\/#\/schema\/person\/e1eb71bb4dd684d46563f0af307e1234\",\"name\":\"Antalya K\u00f6rfez\",\"image\":{\"@type\":\"ImageObject\",\"inLanguage\":\"ru-RU\",\"@id\":\"https:\/\/denizcankizil.tr\/#\/schema\/person\/image\/\",\"url\":\"https:\/\/secure.gravatar.com\/avatar\/42b01982558a48a0b501fdcab6a408d3717ea5919095ee2e67b0e521799c5905?s=96&d=mm&r=g\",\"contentUrl\":\"https:\/\/secure.gravatar.com\/avatar\/42b01982558a48a0b501fdcab6a408d3717ea5919095ee2e67b0e521799c5905?s=96&d=mm&r=g\",\"caption\":\"Antalya K\u00f6rfez\"},\"sameAs\":[\"http:\/\/www.antalyakorfez.com\"],\"url\":\"https:\/\/www.antalyakorfez.com\/cumhurbaskani-erdogan-antalyadan-ayrildi\"}]}<\/script>\n<!-- \/ Yoast SEO Premium plugin. -->","yoast_head_json":{"title":"Cumhurba\u015fkan\u0131 Erdo\u011fan Antalya\u2019dan ayr\u0131ld\u0131 - Av. Deniz Can K\u0131z\u0131l","robots":{"index":"index","follow":"follow","max-snippet":"max-snippet:-1","max-image-preview":"max-image-preview:large","max-video-preview":"max-video-preview:-1"},"canonical":"https:\/\/denizcankizil.tr\/ru\/haberler\/gundem\/cumhurbaskani-erdogan-antalyadan-ayrildi\/","og_locale":"ru_RU","og_type":"article","og_title":"Cumhurba\u015fkan\u0131 Erdo\u011fan Antalya\u2019dan ayr\u0131ld\u0131","og_description":"Cumhurba\u015fkan\u0131 Recep Tayyip Erdo\u011fan 11-13 Nisan tarihleri aras\u0131ndan d\u00fczenlenen Antalya Diplomasi Forumuna ve Antalya Havaliman\u0131 Yeni \u0130\u00e7 ve D\u0131\u015f Hatlar Terminali\u2019nin a\u00e7\u0131l\u0131\u015f t\u00f6renine kat\u0131lmak \u00fczere Antalya\u2019ya geldi. 3 g\u00fcn boyunca kentte kalan Cumhurba\u015fkan\u0131 Erdo\u011fan a\u00e7\u0131l\u0131\u015f\u0131n ve diplomasi forumunun sona ermesinin ard\u0131ndan \u015fehirden ayr\u0131ld\u0131. BA\u015eKAN ERDO\u011eAN HAVAL\u0130MANINDA U\u011eURLANDI Antalya Emniyet M\u00fcd\u00fcrl\u00fc\u011f\u00fc sosyal medya \u00fczerinden yapt\u0131\u011f\u0131 a\u00e7\u0131klamada Ba\u015fkan Erdo\u011fan\u2019\u0131n \u015fehirden ayr\u0131ld\u0131\u011f\u0131n\u0131 a\u00e7\u0131klad\u0131. Antalya il Emniyet M\u00fcd\u00fcr\u00fc \u0130lker Arslan ve il protokol\u00fc taraf\u0131ndan Ba\u015fkan Erdo\u011fan havaliman\u0131ndan u\u011furland\u0131. Yap\u0131lan a\u00e7\u0131klamada, \u201cCumhurba\u015fkan\u0131m\u0131z Say\u0131n Recep Tayyip Erdo\u011fan\u2019\u0131 4. Antalya Diplomasi Forumu vesilesiyle ilimizde a\u011f\u0131rlamaktan onur duyduk. Antalya Havaliman\u0131 Yeni \u0130\u00e7 ve D\u0131\u015f Hatlar Terminali\u2019nin a\u00e7\u0131l\u0131\u015f t\u00f6renine kat\u0131l\u0131mlar\u0131n\u0131n ve Antalya Diplomasi Forumu&#8217; nun tamamlanmas\u0131n\u0131n ard\u0131ndan ilimizden ayr\u0131lan Say\u0131n Cumhurba\u015fkan\u0131m\u0131z, \u0130l Emniyet M\u00fcd\u00fcr\u00fcm\u00fcz Say\u0131n \u0130lker ARSLAN ve il protokol\u00fc taraf\u0131ndan havaliman\u0131ndan u\u011furlanm\u0131\u015ft\u0131r\u201d ifadelerine yer verildi. Cumhurba\u015fkan\u0131m\u0131z Say\u0131n Recep Tayyip ERDO\u011eAN\u2019I 4. Antalya Diplomasi Forumu vesilesiyle ilimizde a\u011f\u0131rlamaktan onur duyduk. Antalya Havaliman\u0131 Yeni \u0130\u00e7 ve D\u0131\u015f Hatlar Terminali\u2019nin a\u00e7\u0131l\u0131\u015f t\u00f6renine kat\u0131l\u0131mlar\u0131n\u0131n ve Antalya Diplomasi Forumu&#8217; nun tamamlanmas\u0131n\u0131n ard\u0131ndan ilimizden\u2026 pic.twitter.com\/QXjaL7wlv4 \u2014 Antalya Emniyet M\u00fcd\u00fcrl\u00fc\u011f\u00fc (@AntalyaEmniyet) April 13, 2025 D\u00dcNYANIN G\u00d6Z\u00dc ANTALYA\u2019YA \u00c7EVR\u0130LD\u0130 Antalya Diplomas\u0131 Forumuna d\u00fcnyan\u0131n d\u00f6rt bir yan\u0131nda kat\u0131l\u0131m oldu. B\u00fct\u00fcn d\u00fcnyan\u0131n g\u00f6z\u00fcn\u00fc \u00e7evirdi\u011fi foruma 140&#8217;\u0131 a\u015fk\u0131n \u00fclkeden; 20&#8217;yi a\u015fk\u0131n devlet\/h\u00fck\u00fcmet ba\u015fkan\u0131, 50&#8217;den fazlas\u0131 d\u0131\u015fi\u015fleri bakan\u0131 olmak \u00fczere &hellip;","og_url":"https:\/\/denizcankizil.tr\/ru\/haberler\/gundem\/cumhurbaskani-erdogan-antalyadan-ayrildi\/","og_site_name":"Av. Deniz Can K\u0131z\u0131l","article_published_time":"2025-04-13T19:37:18+00:00","author":"Antalya K\u00f6rfez","twitter_card":"summary_large_image","twitter_misc":{"\u041d\u0430\u043f\u0438\u0441\u0430\u043d\u043e \u0430\u0432\u0442\u043e\u0440\u043e\u043c":"Antalya K\u00f6rfez","\u041f\u0440\u0438\u043c\u0435\u0440\u043d\u043e\u0435 \u0432\u0440\u0435\u043c\u044f \u0434\u043b\u044f \u0447\u0442\u0435\u043d\u0438\u044f":"2 \u043c\u0438\u043d\u0443\u0442\u044b"},"schema":{"@context":"https:\/\/schema.org","@graph":[{"@type":"Article","@id":"https:\/\/denizcankizil.tr\/ru\/haberler\/gundem\/cumhurbaskani-erdogan-antalyadan-ayrildi\/#article","isPartOf":{"@id":"https:\/\/denizcankizil.tr\/ru\/haberler\/gundem\/cumhurbaskani-erdogan-antalyadan-ayrildi\/"},"author":{"name":"Antalya K\u00f6rfez","@id":"https:\/\/denizcankizil.tr\/#\/schema\/person\/e1eb71bb4dd684d46563f0af307e1234"},"headline":"Cumhurba\u015fkan\u0131 Erdo\u011fan Antalya\u2019dan ayr\u0131ld\u0131","datePublished":"2025-04-13T19:37:18+00:00","mainEntityOfPage":{"@id":"https:\/\/denizcankizil.tr\/ru\/haberler\/gundem\/cumhurbaskani-erdogan-antalyadan-ayrildi\/"},"wordCount":381,"publisher":{"@id":"https:\/\/denizcankizil.tr\/#organization"},"articleSection":["G\u00fcndem"],"inLanguage":"ru-RU"},{"@type":"WebPage","@id":"https:\/\/denizcankizil.tr\/ru\/haberler\/gundem\/cumhurbaskani-erdogan-antalyadan-ayrildi\/","url":"https:\/\/denizcankizil.tr\/ru\/haberler\/gundem\/cumhurbaskani-erdogan-antalyadan-ayrildi\/","name":"Cumhurba\u015fkan\u0131 Erdo\u011fan Antalya\u2019dan ayr\u0131ld\u0131 - Av. Deniz Can K\u0131z\u0131l","isPartOf":{"@id":"https:\/\/denizcankizil.tr\/#website"},"datePublished":"2025-04-13T19:37:18+00:00","breadcrumb":{"@id":"https:\/\/denizcankizil.tr\/ru\/haberler\/gundem\/cumhurbaskani-erdogan-antalyadan-ayrildi\/#breadcrumb"},"inLanguage":"ru-RU","potentialAction":[{"@type":"ReadAction","target":["https:\/\/denizcankizil.tr\/ru\/haberler\/gundem\/cumhurbaskani-erdogan-antalyadan-ayrildi\/"]}]},{"@type":"BreadcrumbList","@id":"https:\/\/denizcankizil.tr\/ru\/haberler\/gundem\/cumhurbaskani-erdogan-antalyadan-ayrildi\/#breadcrumb","itemListElement":[{"@type":"ListItem","position":1,"name":"Home","item":"https:\/\/denizcankizil.tr\/uk\/"},{"@type":"ListItem","position":2,"name":"Cumhurba\u015fkan\u0131 Erdo\u011fan Antalya\u2019dan ayr\u0131ld\u0131"}]},{"@type":"WebSite","@id":"https:\/\/denizcankizil.tr\/#website","url":"https:\/\/denizcankizil.tr\/","name":"Av. Deniz Can K\u0131z\u0131l","description":"Avukat Deniz Can K\u0131z\u0131l Antalya Barosu","publisher":{"@id":"https:\/\/denizcankizil.tr\/#organization"},"potentialAction":[{"@type":"SearchAction","target":{"@type":"EntryPoint","urlTemplate":"https:\/\/denizcankizil.tr\/?s={search_term_string}"},"query-input":{"@type":"PropertyValueSpecification","valueRequired":true,"valueName":"search_term_string"}}],"inLanguage":"ru-RU"},{"@type":"Organization","@id":"https:\/\/denizcankizil.tr\/#organization","name":"Av. Deniz Can K\u0131z\u0131l","url":"https:\/\/denizcankizil.tr\/","logo":{"@type":"ImageObject","inLanguage":"ru-RU","@id":"https:\/\/denizcankizil.tr\/#\/schema\/logo\/image\/","url":"https:\/\/denizcankizil.tr\/wp-content\/uploads\/2024\/10\/siyah-logo-svg.svg","contentUrl":"https:\/\/denizcankizil.tr\/wp-content\/uploads\/2024\/10\/siyah-logo-svg.svg","width":1080,"height":1080,"caption":"Av. Deniz Can K\u0131z\u0131l"},"image":{"@id":"https:\/\/denizcankizil.tr\/#\/schema\/logo\/image\/"}},{"@type":"Person","@id":"https:\/\/denizcankizil.tr\/#\/schema\/person\/e1eb71bb4dd684d46563f0af307e1234","name":"Antalya K\u00f6rfez","image":{"@type":"ImageObject","inLanguage":"ru-RU","@id":"https:\/\/denizcankizil.tr\/#\/schema\/person\/image\/","url":"https:\/\/secure.gravatar.com\/avatar\/42b01982558a48a0b501fdcab6a408d3717ea5919095ee2e67b0e521799c5905?s=96&d=mm&r=g","contentUrl":"https:\/\/secure.gravatar.com\/avatar\/42b01982558a48a0b501fdcab6a408d3717ea5919095ee2e67b0e521799c5905?s=96&d=mm&r=g","caption":"Antalya K\u00f6rfez"},"sameAs":["http:\/\/www.antalyakorfez.com"],"url":"https:\/\/www.antalyakorfez.com\/cumhurbaskani-erdogan-antalyadan-ayrildi"}]}},"_links":{"self":[{"href":"https:\/\/denizcankizil.tr\/ru\/wp-json\/wp\/v2\/posts\/54692","targetHints":{"allow":["GET"]}}],"collection":[{"href":"https:\/\/denizcankizil.tr\/ru\/wp-json\/wp\/v2\/posts"}],"about":[{"href":"https:\/\/denizcankizil.tr\/ru\/wp-json\/wp\/v2\/types\/post"}],"author":[{"embeddable":true,"href":"https:\/\/denizcankizil.tr\/ru\/wp-json\/wp\/v2\/users\/5"}],"replies":[{"embeddable":true,"href":"https:\/\/denizcankizil.tr\/ru\/wp-json\/wp\/v2\/comments?post=54692"}],"version-history":[{"count":0,"href":"https:\/\/denizcankizil.tr\/ru\/wp-json\/wp\/v2\/posts\/54692\/revisions"}],"wp:attachment":[{"href":"https:\/\/denizcankizil.tr\/ru\/wp-json\/wp\/v2\/media?parent=54692"}],"wp:term":[{"taxonomy":"category","embeddable":true,"href":"https:\/\/denizcankizil.tr\/ru\/wp-json\/wp\/v2\/categories?post=54692"},{"taxonomy":"post_tag","embeddable":true,"href":"https:\/\/denizcankizil.tr\/ru\/wp-json\/wp\/v2\/tags?post=54692"}],"curies":[{"name":"wp","href":"https:\/\/api.w.org\/{rel}","templated":true}]}}