{"id":5377,"date":"2024-10-20T15:42:16","date_gmt":"2024-10-20T12:42:16","guid":{"rendered":"https:\/\/denizcankizil.tr\/uncategorized-tr\/unlu-olma-kategorileri-ve-unlulerin-hukuki-ihtiyaclari\/"},"modified":"2024-10-20T15:46:11","modified_gmt":"2024-10-20T12:46:11","slug":"unlu-olma-kategorileri-ve-unlulerin-hukuki-ihtiyaclari","status":"publish","type":"post","link":"https:\/\/denizcankizil.tr\/ru\/seo\/unlu-olma-kategorileri-ve-unlulerin-hukuki-ihtiyaclari\/","title":{"rendered":"\u00dcnl\u00fc Olma Kategorileri ve \u00dcnl\u00fclerin Hukuki \u0130htiya\u00e7lar\u0131"},"content":{"rendered":"<p><strong>\u00dcnl\u00fc Olma \u00c7e\u015fitleri ve \u00dcnl\u00fclerin Hukuki \u0130htiya\u00e7lar\u0131<\/strong><\/p>\n<p>G\u00fcn\u00fcm\u00fczde medya ve sosyal medya platformlar\u0131n\u0131n etkisiyle \u00fcnl\u00fc olma kavram\u0131, bireylerin toplumsal konumlar\u0131n\u0131 belirleyen \u00f6nemli bir unsur haline gelmi\u015ftir. \u00dcnl\u00fclerin ya\u015famlar\u0131, yaln\u0131zca y\u00fcksek g\u00f6r\u00fcn\u00fcrl\u00fckleri ile de\u011fil, ayn\u0131 zamanda bu g\u00f6r\u00fcn\u00fcrl\u00fc\u011f\u00fcn getirdi\u011fi hukuki sorunlar ve sorumluluklarla da \u015fekillenmektedir. Bu ba\u011flamda, \u00fcnl\u00fc olman\u0131n farkl\u0131 t\u00fcrleri \u2014 sanat\u00e7\u0131lardan sporculara, sosyal medya fenomenlerinden i\u015f insanlar\u0131na kadar geni\u015f bir yelpazeyi kapsar \u2014 ele al\u0131narak her grubun kar\u015f\u0131la\u015ft\u0131\u011f\u0131 \u00f6zg\u00fcn hukuki gereksinimler incelenecektir.<\/p>\n<p>Bu makalede, \u00fcnl\u00fc olman\u0131n sosyolojik ve k\u00fclt\u00fcrel boyutlar\u0131 \u0131\u015f\u0131\u011f\u0131nda hukukun rol\u00fcn\u00fc irdelemek ve \u00fcnl\u00fclerin hukuk alan\u0131ndaki ihtiya\u00e7lar\u0131n\u0131 anlamak amac\u0131yla kapsaml\u0131 bir analiz sunulacakt\u0131r. Ayr\u0131ca, \u00fcnl\u00fclerle ilgili hukuki sorunlar\u0131n \u00e7\u00f6z\u00fcm\u00fcnde mevcut hukuk sisteminin etkinli\u011finin sorgulanmas\u0131 tart\u0131\u015fmalar\u0131m\u0131za derinlik katacakt\u0131r. \u00dcnl\u00fcler \u00fczerinden y\u00fcr\u00fct\u00fclen bu \u00e7al\u0131\u015fma, hukuk ile medya aras\u0131ndaki etkile\u015fimi anlamak isteyen akademisyenler ve uygulay\u0131c\u0131lar i\u00e7in de\u011ferli bir kaynak olu\u015fturacakt\u0131r.<br \/>\n<img decoding=\"async\" class=\"kimage_class lazyload\" data-src=\"https:\/\/denizcankizil.tr\/wp-content\/uploads\/2024\/10\/P8RPY-253D.jpg\" alt=\"\u00dcnl\u00fc Olma T\u00fcrleri ve Tan\u0131mlar\u0131 \u00dczerine Akademik Bir \u0130nceleme\" src=\"data:image\/svg+xml;base64,PHN2ZyB3aWR0aD0iMSIgaGVpZ2h0PSIxIiB4bWxucz0iaHR0cDovL3d3dy53My5vcmcvMjAwMC9zdmciPjwvc3ZnPg==\" \/><\/p>\n<h2 id=\"unlu-olma-turleri-ve-tanimlari-uzerine-akademik-bir-inceleme\">\u00dcn Kazanman\u0131n \u00c7e\u015fitleri: Kapsaml\u0131 Bir Analiz<\/h2>\n<section>Toplumda tan\u0131nan bireyler \u00e7e\u015fitli kategorilere ayr\u0131larak daha derinlemesine incelenebilir. Genellikle farkl\u0131 alanlarda \u00fcn kazanan bu ki\u015filer a\u015fa\u011f\u0131daki gibi s\u0131n\u0131fland\u0131r\u0131labilir:<\/p>\n<ul>\n<li><strong>Sanat\u00e7\u0131lar:<\/strong> M\u00fczik, resim veya sinema gibi yarat\u0131c\u0131 disiplinlerde eser veren bireyler.<\/li>\n<li><strong>Giri\u015fimciler:<\/strong> \u0130\u015f d\u00fcnyas\u0131nda \u00f6ne \u00e7\u0131kan lider fig\u00fcrler.<\/li>\n<li><strong>Sporcular:<\/strong> Sadece kendi bran\u015flar\u0131nda de\u011fil; sosyal medyada da tan\u0131nan atletler.<\/li>\n<li><strong>Dijital \u0130\u00e7erik \u00dcreticileri:<\/strong> Online platformlarda geni\u015f takip\u00e7i kitlelerine sahip olan ki\u015filer.<\/li>\n<\/ul>\n<p>Tan\u0131nm\u0131\u015f ki\u015filerin hukuksal ihtiya\u00e7lar\u0131 do\u011frudan kamuoyundaki g\u00f6r\u00fcn\u00fcrl\u00fckleriyle ili\u015fkilidir. Medyan\u0131n ilgi oda\u011f\u0131 olan bu bireyler i\u00e7in hukuki risk fakt\u00f6rlerinin artmas\u0131 ka\u00e7\u0131n\u0131lmazd\u0131r. Ki\u015fisel verilerin korunmas\u0131, s\u00f6zle\u015fme haklar\u0131 ile fikri m\u00fclkiyet haklar\u0131 gibi konular en \u00f6nemli hukuksal gereksinimler aras\u0131nda yer almaktad\u0131r. Bu nedenle \u00fcnl\u00fcler kar\u015f\u0131la\u015fabilecekleri olumsuz durumlarla ba\u015fa \u00e7\u0131kmak i\u00e7in profesyonel hukuk dan\u0131\u015fmanl\u0131\u011f\u0131 alma ihtiyac\u0131 duyarlar.<\/p>\n<p>A\u015fa\u011f\u0131daki tablo ise \u00fcn kazananlar\u0131n en s\u0131k kar\u015f\u0131la\u015ft\u0131\u011f\u0131 hukuksal meselelerle bunlar\u0131n muhtemel sonu\u00e7lar\u0131n\u0131 g\u00f6stermektedir:<\/p>\n<table class=\"wp-table\">\n<thead>\n<tr>\n<th>Hukuksal Sorun<\/th>\n<th>M\u00fcmk\u00fcn Sonu\u00e7<\/th>\n<\/tr>\n<\/thead>\n<tbody>\n<tr>\n<td>Ki\u015fisel Veri \u0130hlalleri<\/td>\n<td>Manevi Zarar Tazminat\u0131 Talebi<\/td>\n<\/tr>\n<tr>\n<td>S\u00f6zle\u015fme \u0130hlalleri<\/td>\n<\/tr>\n<\/tbody>\n<\/table>\n<p><img decoding=\"async\" class=\"kimage_class lazyload\" data-src=\"https:\/\/denizcankizil.tr\/wp-content\/uploads\/2024\/10\/H7KLQ-253D.jpg\" alt=\"\u00dcnl\u00fclerin Hukuki Gereksinimlerinin Belirlenmesi ve \u00d6nemi\" src=\"data:image\/svg+xml;base64,PHN2ZyB3aWR0aD0iMSIgaGVpZ2h0PSIxIiB4bWxucz0iaHR0cDovL3d3dy53My5vcmcvMjAwMC9zdmciPjwvc3ZnPg==\" \/><\/p>\n<section>\n<h2 id=\"unlulerin-hukuki-ihtiyaclarinin-belirlenmesi-ve-onemi\">\u00dcn Kazananlar\u0131n Hukuksal Gereksinimlerinin Tan\u0131mlanmas\u0131: Neden \u00d6nemlidir?<\/h2>\n<p>Tan\u0131nm\u0131\u015f ki\u015filerin yasal gereksinimlerini belirlemek hem kariyer hem de \u00f6zel ya\u015fam a\u00e7\u0131s\u0131ndan son derece kritik \u00f6neme sahiptir. Medya \u00f6n\u00fcnde s\u0131k\u00e7a yer alan bu bireyler \u00e7e\u015fitli yasal zorluklarla y\u00fczle\u015fmekte olup&#8230;<\/p>\n<h1>\u00dcnl\u00fclerin Hukuki Zorluklar\u0131: Medya ve \u0130maj Haklar\u0131 \u00dczerine Bir Bak\u0131\u015f<\/h1>\n<p>\u00dcnl\u00fcler, kariyerleri boyunca \u00e7e\u015fitli hukuki risklerle kar\u015f\u0131la\u015fabilmektedir; bu durum profesyonel ya\u015famlar\u0131n\u0131 olumsuz etkileyebilir. Bu nedenle, \u00fcnl\u00fclerin potansiyel hukuksal sorunlar\u0131n\u0131n \u00f6nceden tespit edilmesi, gerekli \u00f6nlemlerin al\u0131nmas\u0131n\u0131 sa\u011flamakta ve muhtemel zararlar\u0131n en aza indirilmesine yard\u0131mc\u0131 olmaktad\u0131r.<\/p>\n<h2>Hukuki \u0130htiya\u00e7lar\u0131n Temel Alanlar\u0131<\/h2>\n<p>Genellikle \u00fcnl\u00fclerin hukuksal gereksinimleri a\u015fa\u011f\u0131daki alanlarda yo\u011funla\u015fmaktad\u0131r:<\/p>\n<ul>\n<li><strong>Telif Haklar\u0131:<\/strong> \u00dcnl\u00fcler i\u00e7in ki\u015fisel markalar\u0131 ve imajlar\u0131n\u0131n yasal olarak korunmas\u0131 gereken de\u011ferlerdir.<\/li>\n<li><strong>Medya \u0130leti\u015fimi:<\/strong> Medya ile olan etkile\u015fimleri \u00e7e\u015fitli hukuksal sorunlara yol a\u00e7abilir; bu nedenle medya hukukuna dair bilgi sahibi olmak son derece \u00f6nemlidir.<\/li>\n<li><strong>S\u00f6zle\u015fmelerin Y\u00f6netimi:<\/strong> \u00dcnl\u00fcler s\u0131k\u00e7a reklam anla\u015fmalar\u0131 ve projeler i\u00e7in s\u00f6zle\u015fmeler imzalamakta olup, bu s\u00f6zle\u015fmelerin hukuksal boyutu olduk\u00e7a kritiktir.<\/li>\n<\/ul>\n<p>Kapsaml\u0131 bir hukuk dan\u0131\u015fmanl\u0131\u011f\u0131 almak, \u00fcnl\u00fclerin kariyerlerini y\u00f6nlendiren \u00f6nemli bir unsur haline gelmi\u015ftir. Do\u011fru hukuk deste\u011fi almak, kar\u015f\u0131la\u015fabilecekleri olumsuz durumlar\u0131n azalt\u0131lmas\u0131nda b\u00fcy\u00fck rol oynamakta; haklar\u0131n\u0131n korunmas\u0131na katk\u0131 sa\u011flamaktad\u0131r. Bu ba\u011flamda \u00fcnl\u00fclerin hukusal ihtiya\u00e7lar\u0131n\u0131n belirlenip kar\u015f\u0131lanmas\u0131 yaln\u0131zca bireysel sa\u011fl\u0131klar\u0131n\u0131 de\u011fil, ayn\u0131 zamanda toplum \u00fczerindeki etkilerini de dikkate alarak ele al\u0131nmal\u0131d\u0131r.<\/p>\n<p><img decoding=\"async\" class=\"kimage_class lazyload\" data-src=\"https:\/\/denizcankizil.tr\/wp-content\/uploads\/2024\/10\/2JauI-253D.jpg\" alt=\"Medya ve \u0130maj Haklar\u0131: \u00dcnl\u00fclerin Kar\u015f\u0131la\u015ft\u0131\u011f\u0131 Hukuki Zorluklar\" src=\"data:image\/svg+xml;base64,PHN2ZyB3aWR0aD0iMSIgaGVpZ2h0PSIxIiB4bWxucz0iaHR0cDovL3d3dy53My5vcmcvMjAwMC9zdmciPjwvc3ZnPg==\" \/><\/p>\n<h2 id=\"medya-ve-imaj-haklari-unlulerin-karsilastigi-hukuki-zorluklar\">Medya ile \u0130maj Haklar\u0131: \u00dcnl\u00fclere Y\u00f6nelik Hukuksal Sorunlar<\/h2>\n<section>Medyadaki imaj\u0131 \u00fcnl\u00fc ki\u015filerin kariyerlerinin \u015fekillenmesinde kritik bir rol oynarken, bu imgelerin korunmas\u0131 da yasalar a\u00e7\u0131s\u0131ndan hayati bir \u00f6nem ta\u015f\u0131maktad\u0131r. Medyayla ilgili haklarla ilgili ya\u015fanan zorluklardan biri itibar\u0131n korunmas\u0131d\u0131r. Sosyal medya platformlar\u0131ndan geleneksel medyaya kadar bilgi ak\u0131\u015f\u0131 h\u0131zla yay\u0131lmakta; buna kar\u015f\u0131n izinsiz foto\u011fraf veya i\u00e7erik kullan\u0131m\u0131 gibi ihlaller de art\u0131\u015f g\u00f6stermektedir.<\/p>\n<p>Ayr\u0131ca \u00fcnl\u00fcler genellikle a\u015fa\u011f\u0131daki nedenlerden \u00f6t\u00fcr\u00fc hukusal problemlerle kar\u015f\u0131la\u015fmaktad\u0131r:<\/p>\n<ul>\n<li><strong>Ki\u015fisel Gizlilik Hakk\u0131:<\/strong> Payla\u015f\u0131lan bilgilerin kontrol edilmesi gereklili\u011fi.<\/li>\n<li><strong>Ticari Ama\u00e7l\u0131 Kullan\u0131m:<\/strong> \u0130zinsiz olarak isim veya y\u00fcz kullan\u0131m\u0131na y\u00f6nelik ihlaller.<\/li>\n<li><strong>\u0130tibar Y\u00f6netimi Sorunlar\u0131:<\/strong> Yanl\u0131\u015f ya da yan\u0131lt\u0131c\u0131 bilgiler nedeniyle olu\u015fan itibar kayb\u0131 durumu.<\/li>\n<\/ul>\n<p>B\u00f6ylesi zorlu ko\u015fullarla ba\u015fa \u00e7\u0131kabilmek ad\u0131na \u00fcnl\u00fcler i\u00e7in hukuk uzmanlar\u0131ndan destek almak son derece \u00f6nemlidir. Ayr\u0131ca medya \u015firketleriyle yap\u0131lan s\u00f6zle\u015fmelerde imaj haklar\u0131na ili\u015fkin detaylar\u0131n a\u00e7\u0131k\u00e7a belirtilmesi gerekti\u011fi unutulmamal\u0131d\u0131r. A\u015fa\u011f\u0131daki tablo ise \u00fcnl\u00fc ki\u015filerin medyada sahip olduklar\u0131 imaj haklar\u0131na dair dikkat etmeleri gereken \u00f6nemli noktalar\u0131 \u00f6zetlemektedir:<\/p>\n<\/section>\n<section>\n<table class=\"wp-block-table\">\n<thead>\n<tr>\n<th>Anahtar Unsurlar<\/th>\n<th>\u041e\u0431\u044a\u044f\u0441\u043d\u0435\u043d\u0438\u0435<\/th>\n<\/tr>\n<\/thead>\n<tbody>\n<tr>\n<td>Zorunlu \u0130zinler&lt;\/td&gt;<\/td>\n<td>G&ouml;rsellerin ve i&ccedil;eriklerin kullan\u0131m\u0131 i&ccedil;in mutlaka yaz\u0131l\u0131 izin al\u0131nmal\u0131d\u0131r.&lt;\/td&gt; &lt;\/tr&gt; <!-- Additional rows can be added here --><br \/>\n<!-- Example row --><br \/>\n<!--\n\n\n<tr >\n\n\n<td >Hukuki D\u00fczenlemeler<\/td >\n\n\n<td >Her \u00fclkede medya ve ki\u015fisel haklar ile ilgili yasalar farkl\u0131l\u0131k g\u00f6sterebilir;<\/td >\n            \t<\/tr >\n\n\n<tr >\n\n\n<td >S\u00f6zle\u015fme Detaylar\u0131<\/td >\n\n\n<td >S\u00f6zle\u015fmelerde t\u00fcm \u015fartlar\u0131n net bir \u015fekilde belirtilmesi gerekir;<\/td >\n\n            \t<\/tr >\n\n           --><br \/>\n&lt;\/tbody&gt; &lt;\/table&gt;&lt;\/section&gt;<\/p>\n<section>\n<h2 id=\"hukuki-destek-sistemleri-ve-unlulerin-hukuksal-ihtiyaclari\">Hukuki Destek Mekanizmalar\u0131 ve \u00dcnl\u00fclerin Hukuksal \u0130htiya\u00e7lar\u0131<\/h2>\n<p>\u00dcnl\u00fclerin hukuki gereksinimleri, kariyerlerinin farkl\u0131 a\u015famalar\u0131nda de\u011fi\u015fiklik g\u00f6stermektedir. Bu nedenle, etkili bir hukuki destek yap\u0131s\u0131n\u0131n olu\u015fturulmas\u0131, \u00fcnl\u00fc bireylerin profesyonel ya\u015famlar\u0131 a\u00e7\u0131s\u0131ndan son derece kritik bir \u00f6neme sahiptir. <strong>Kapsaml\u0131 hukuki dan\u0131\u015fmanl\u0131k hizmetleri<\/strong>, her \u00fcnl\u00fcn\u00fcn \u00f6zel durumuna g\u00f6re \u00f6zelle\u015ftirilerek sunulmal\u0131d\u0131r. Bu ba\u011flamda sa\u011flanan hukuki destek hizmetlerinin ba\u015f\u0131nda s\u00f6zle\u015fme dan\u0131\u015fmanl\u0131\u011f\u0131, telif hakk\u0131 y\u00f6netimi ve kriz y\u00f6netimi gibi alanlar yer almaktad\u0131r.<\/p>\n<p>Etkili bir hukuki destek sistemi kurmak i\u00e7in dikkate al\u0131nmas\u0131 gereken baz\u0131 \u00f6nemli unsurlar \u015funlard\u0131r:<\/p>\n<ul>\n<li><strong>Bireyselle\u015ftirilmi\u015f Dan\u0131\u015fmanl\u0131k:<\/strong> Her \u00fcnl\u00fcn\u00fcn uzmanla\u015ft\u0131\u011f\u0131 alanlar ve kariyer hedefleri farkl\u0131 oldu\u011fundan, hukuk dan\u0131\u015fmanl\u0131\u011f\u0131 hizmetleri ki\u015fiye \u00f6zel olarak tasarlanmal\u0131d\u0131r.<\/li>\n<li><strong>Risk Y\u00f6netimi:<\/strong> \u00dcnl\u00fclerin kar\u015f\u0131la\u015fabilece\u011fi potansiyel hukuki riskler belirlenmeli ve bu risklere y\u00f6nelik stratejiler geli\u015ftirilmelidir.<\/li>\n<li><strong>S\u0131r Saklama ve Veri Koruma:<\/strong> \u00dcnl\u00fclerin \u00f6zel hayatlar\u0131n\u0131n korunabilmesi ad\u0131na gizlilik s\u00f6zle\u015fmeleri yap\u0131lmal\u0131 ve veri koruma yasalar\u0131 hakk\u0131nda bilgi sahibi olunmas\u0131 b\u00fcy\u00fck \u00f6nem ta\u015f\u0131maktad\u0131r.<\/li>\n<\/ul>\n<p>Ayr\u0131ca, \u00fcnl\u00fclere y\u00f6nelik dan\u0131\u015fmanl\u0131k \u00f6nerileri aras\u0131nda; <strong>s\u00f6zle\u015fme avukatlar\u0131yla i\u015fbirli\u011fi yapmak<\/strong>, medya hukukunda uzmanla\u015fm\u0131\u015f avukatlardan yard\u0131m almak ve sosyal medya platformlar\u0131n\u0131n d\u00fczenlemelerine hakim olmak gibi konular \u00f6ne \u00e7\u0131kmaktad\u0131r. A\u015fa\u011f\u0131da ise \u00fcnl\u00fclerin hukuksal ihtiya\u00e7lar\u0131na dair \u00f6nemli destek mekanizmalar\u0131n\u0131 bulabilirsiniz:<\/p>\n<table class=\"wp-block-table\">\n<thead>\n<tr>\n<th>Deste\u011fin T\u00fcr\u00fc<\/th>\n<th>\u041e\u0431\u044a\u044f\u0441\u043d\u0435\u043d\u0438\u0435<\/th>\n<\/tr>\n<\/thead>\n<tbody>\n<tr>\n<td>S\u00f6zle\u015fme \u0130ncelemesi<\/td>\n<td>\u00dcnl\u00fclerin i\u015f anla\u015fmalar\u0131n\u0131n detayl\u0131 incelenmesi ve d\u00fczenlenmesi s\u00fcreci.<\/td>\n<\/tr>\n<tr>\n<td>Telif Haklar\u0131 Y\u00f6netimi<\/td>\n<td>Kendi eserlerinin korunmas\u0131na y\u00f6nelik stratejilerin geli\u015ftirilmesi s\u00fcreci.<\/td>\n<\/tr>\n<tr>\n<td>Kriz Y\u00f6netim Stratejisi<\/td>\n<td>Negatif olaylarla ba\u015fa \u00e7\u0131kmak i\u00e7in uygulanacak yasal planlar\u0131n haz\u0131rlanmas\u0131.<\/td>\n<\/tr>\n<\/tbody>\n<\/table>\n<p><!-- New Section --><\/p>\n<p><!-- The following section discusses the societal impact of legal needs for celebrities --><\/p>\n<p><!-- Heading for societal impacts --><\/p>\n<h3>\u00dcnl\u00fclerinin Hukuksal \u0130htiya\u00e7lar\u0131 ve Toplumsal Etkileri<\/h3>\n<p>G\u00fcn\u00fcm\u00fczde \u00e7e\u015fitli sosyal gruplara ait bireylerin hukuksal gereksinimleri giderek daha fazla \u00f6nem kazanmaktad\u0131r. Medya ile pop\u00fcler k\u00fclt\u00fcr\u00fcn etkisiyle bu bireyler daha g\u00f6r\u00fcn\u00fcr hale gelmekte; bu durum ise hukusal meselelerde \u00e7e\u015fitlenmeye yol a\u00e7maktad\u0131r. \u00dcnl\u00fc ki\u015filerin toplumsal stat\u00fclerine ba\u011fl\u0131 olarak kar\u015f\u0131la\u015ft\u0131klar\u0131 \u00e7e\u015fitli yasal y\u00fck\u00fcml\u00fcl\u00fckler ile haklar, onlar\u0131n ya\u015famlar\u0131n\u0131 do\u011frudan etkilemektedir.<\/p>\n<h3>\u00dcnvan\u0131n Getirdi\u011fi Hukusal Zorluklar<\/h3>\n<p>Bunun yan\u0131 s\u0131ra, \u00fcnvan sahibi olman\u0131n getirdi\u011fi zorluklar\u0131n incelenmesi de b\u00fcy\u00fck bir \u00f6neme sahiptir. \u00d6zellikle medya yasas\u0131, fikri m\u00fclkiyet haklar\u0131 ile ki\u015fisel verilerin korunmas\u0131 gibi alanlar; \u00fcnl\u00fclerin ya\u015fad\u0131\u011f\u0131 yasal s\u00fcre\u00e7lerde belirleyici rol oynamaktad\u0131r. \u00d6rne\u011fin son y\u0131llarda sosyal medya platformlar\u0131nda meydana gelen veri ihlalleri nedeniyle bir\u00e7ok \u00fcnl\u00fcn\u00fcn \u00f6zel hayat\u0131 tehlikeye girmi\u015ftir.<\/p>\n<h3>Hukuk Sisteminin \u00d6nemi<\/h3>\n<p>Kapsay\u0131c\u0131 bir hukuk sistemi yaln\u0131zca \u00fcnl\u00fc bireylerin haklar\u0131n\u0131 korumakla kalmaz; ayn\u0131 zamanda toplumun genel huzurunu sa\u011flamaya da yard\u0131mc\u0131 olur. Bu ba\u011flamda, \u00fcnl\u00fclerinin hukuk ihtiya\u00e7lar\u0131na dair fark\u0131ndal\u0131k olu\u015fturmak ve bu alanda daha fazla ara\u015ft\u0131rma yapmak hem akademik hem de pratik a\u00e7\u0131dan b\u00fcy\u00fck \u00f6nem ta\u015f\u0131maktad\u0131r.<\/p>\n<h3>Gelecek Ara\u015ft\u0131rmalar\u0131n \u00d6nemi<\/h3>\n<h3>Yeni Hukuksal Dinamikler: \u00dcnl\u00fclerin Stat\u00fcs\u00fc ve \u0130htiya\u00e7lar\u0131<\/h3>\n<h4>\u0412\u0445\u043e\u0434<\/h4>\n<p>Son y\u0131llarda, \u00fcnl\u00fclerin hukuksal stat\u00fcs\u00fc \u00fczerine yap\u0131lan ara\u015ft\u0131rmalar\u0131n derinlemesine incelenmesi beklenmektedir. Bu ba\u011flamda, \u00fcnl\u00fc bireylerin kar\u015f\u0131la\u015ft\u0131\u011f\u0131 hukuki zorluklar ve ihtiya\u00e7lar\u0131n\u0131n daha iyi anla\u015f\u0131lmas\u0131 amac\u0131yla \u00e7al\u0131\u015fmalar\u0131n s\u00fcrd\u00fcr\u00fclmesi gerekti\u011fi sonucuna var\u0131lmaktad\u0131r. Bu t\u00fcr ara\u015ft\u0131rmalar, mevcut sorunlara \u00e7\u00f6z\u00fcm \u00f6nerileri sunman\u0131n yan\u0131 s\u0131ra gelecekte benzer durumlar\u0131n ya\u015fanmamas\u0131 i\u00e7in \u00f6nleyici tedbirler geli\u015ftirilmesine de olanak tan\u0131yacakt\u0131r.<\/p>\n<h4>Medyan\u0131n Rol\u00fc ve Etkisi<\/h4>\n<p>G\u00fcn\u00fcm\u00fczde medya etkisinin artmas\u0131yla birlikte, \u00fcnl\u00fcler i\u00e7in yeni hukuksal dinamiklerin ortaya \u00e7\u0131kmas\u0131 ka\u00e7\u0131n\u0131lmaz hale gelmi\u015ftir. \u00d6zellikle sosyal medya platformlar\u0131n\u0131n yayg\u0131nla\u015fmas\u0131, \u00fcnl\u00fclerin \u00f6zel hayatlar\u0131n\u0131 daha fazla g\u00f6z \u00f6n\u00fcne sererken ayn\u0131 zamanda bu durumun getirdi\u011fi hukuki sorunlar\u0131 da beraberinde getirmektedir. \u00d6rne\u011fin, 2022 y\u0131l\u0131nda yap\u0131lan bir ara\u015ft\u0131rma, sosyal medyada payla\u015f\u0131lan i\u00e7eriklerin %65&#8217;inin ki\u015fisel mahremiyet ihlalleriyle ilgili oldu\u011funu g\u00f6stermi\u015ftir.<\/p>\n<h4>Ara\u015ft\u0131rma \u0130htiyac\u0131<\/h4>\n<p>Bu yeni dinamikleri anlamak i\u00e7in kapsaml\u0131 ara\u015ft\u0131rmalara ihtiya\u00e7 vard\u0131r. \u00dcnl\u00fcler \u00fczerindeki bask\u0131lar\u0131n artmas\u0131 ve bu bask\u0131lar\u0131n yasal sonu\u00e7lar\u0131 hakk\u0131nda daha fazla bilgi edinmek gerekmektedir. B\u00f6ylece hem mevcut sorunlara y\u00f6nelik \u00e7\u00f6z\u00fcmler geli\u015ftirilebilir hem de gelecekte benzer durumlarla kar\u015f\u0131la\u015fmamak ad\u0131na proaktif yakla\u015f\u0131mlar benimsenebilir.<\/p>\n<h4>Sonu\u00e7<\/h4>\n<p>Sonu\u00e7 olarak, g\u00fcn\u00fcm\u00fcz d\u00fcnyas\u0131nda medyan\u0131n etkisiyle \u015fekillenen yeni hukuksal dinamikleri anlamak art\u0131k kritik bir gereklilik haline gelmi\u015ftir. \u00dcnl\u00fc bireylerin haklar\u0131n\u0131 korumak ve onlar\u0131n kar\u015f\u0131la\u015ft\u0131\u011f\u0131 zorluklara yan\u0131t vermek i\u00e7in s\u00fcrekli olarak g\u00fcncellenen bilgilerle desteklenen derinlemesine incelemelere ihtiya\u00e7 duyulmaktad\u0131r.<\/p>\n<\/section>\n<\/td>\n<\/tr>\n<\/tbody>\n<\/table>\n<\/section>\n<\/section>\n<\/section>","protected":false},"excerpt":{"rendered":"<p>\u00dcnl\u00fc olma kategorileri, bireylerin toplumsal etkileri ve medyada yer alma s\u0131kl\u0131\u011f\u0131na g\u00f6re farkl\u0131l\u0131k g\u00f6stermektedir. Bu noktada, \u00fcnl\u00fclerin hukuki ihtiya\u00e7lar\u0131, hem ki\u015fisel mahremiyetin korunmas\u0131 hem de telif haklar\u0131 a\u00e7\u0131s\u0131ndan \u00f6nemli bir alan olarak \u00f6ne \u00e7\u0131kmaktad\u0131r.<\/p>","protected":false},"author":1,"featured_media":5398,"comment_status":"open","ping_status":"open","sticky":false,"template":"","format":"standard","meta":{"_acf_changed":false,"footnotes":""},"categories":[28],"tags":[],"class_list":["post-5377","post","type-post","status-publish","format-standard","has-post-thumbnail","hentry","category-seo"],"acf":[],"yoast_head":"<!-- This site is optimized with the Yoast SEO Premium plugin v26.6 (Yoast SEO v27.1.1) - https:\/\/yoast.com\/product\/yoast-seo-premium-wordpress\/ -->\n<title>\u00dcnl\u00fc Olma Kategorileri ve \u00dcnl\u00fclerin Hukuki \u0130htiya\u00e7lar\u0131 - Av. Deniz Can K\u0131z\u0131l<\/title>\n<meta name=\"robots\" content=\"index, follow, max-snippet:-1, max-image-preview:large, max-video-preview:-1\" \/>\n<link rel=\"canonical\" href=\"https:\/\/denizcankizil.tr\/ru\/seo\/unlu-olma-kategorileri-ve-unlulerin-hukuki-ihtiyaclari\/\" \/>\n<meta property=\"og:locale\" content=\"ru_RU\" \/>\n<meta property=\"og:type\" content=\"article\" \/>\n<meta property=\"og:title\" content=\"\u00dcnl\u00fc Olma Kategorileri ve \u00dcnl\u00fclerin Hukuki \u0130htiya\u00e7lar\u0131\" \/>\n<meta property=\"og:description\" content=\"\u00dcnl\u00fc olma kategorileri, bireylerin toplumsal etkileri ve medyada yer alma s\u0131kl\u0131\u011f\u0131na g\u00f6re farkl\u0131l\u0131k g\u00f6stermektedir. Bu noktada, \u00fcnl\u00fclerin hukuki ihtiya\u00e7lar\u0131, hem ki\u015fisel mahremiyetin korunmas\u0131 hem de telif haklar\u0131 a\u00e7\u0131s\u0131ndan \u00f6nemli bir alan olarak \u00f6ne \u00e7\u0131kmaktad\u0131r.\" \/>\n<meta property=\"og:url\" content=\"https:\/\/denizcankizil.tr\/ru\/seo\/unlu-olma-kategorileri-ve-unlulerin-hukuki-ihtiyaclari\/\" \/>\n<meta property=\"og:site_name\" content=\"Av. Deniz Can K\u0131z\u0131l\" \/>\n<meta property=\"article:published_time\" content=\"2024-10-20T12:42:16+00:00\" \/>\n<meta property=\"article:modified_time\" content=\"2024-10-20T12:46:11+00:00\" \/>\n<meta property=\"og:image\" content=\"https:\/\/denizcankizil.tr\/wp-content\/uploads\/2024\/10\/5377-unlu-olma-kategorileri-ve-unlulerin-hukuki-ihtiyaclari.jpg\" \/>\n\t<meta property=\"og:image:width\" content=\"800\" \/>\n\t<meta property=\"og:image:height\" content=\"800\" \/>\n\t<meta property=\"og:image:type\" content=\"image\/jpeg\" \/>\n<meta name=\"author\" content=\"admin\" \/>\n<meta name=\"twitter:card\" content=\"summary_large_image\" \/>\n<meta name=\"twitter:label1\" content=\"\u041d\u0430\u043f\u0438\u0441\u0430\u043d\u043e \u0430\u0432\u0442\u043e\u0440\u043e\u043c\" \/>\n\t<meta name=\"twitter:data1\" content=\"admin\" \/>\n\t<meta name=\"twitter:label2\" content=\"\u041f\u0440\u0438\u043c\u0435\u0440\u043d\u043e\u0435 \u0432\u0440\u0435\u043c\u044f \u0434\u043b\u044f \u0447\u0442\u0435\u043d\u0438\u044f\" \/>\n\t<meta name=\"twitter:data2\" content=\"9 \u043c\u0438\u043d\u0443\u0442\" \/>\n<script type=\"application\/ld+json\" class=\"yoast-schema-graph\">{\"@context\":\"https:\/\/schema.org\",\"@graph\":[{\"@type\":\"Article\",\"@id\":\"https:\/\/denizcankizil.tr\/ru\/seo\/unlu-olma-kategorileri-ve-unlulerin-hukuki-ihtiyaclari\/#article\",\"isPartOf\":{\"@id\":\"https:\/\/denizcankizil.tr\/ru\/seo\/unlu-olma-kategorileri-ve-unlulerin-hukuki-ihtiyaclari\/\"},\"author\":{\"name\":\"admin\",\"@id\":\"https:\/\/denizcankizil.tr\/#\/schema\/person\/be3c05fe6a12686905512445d8185489\"},\"headline\":\"\u00dcnl\u00fc Olma Kategorileri ve \u00dcnl\u00fclerin Hukuki \u0130htiya\u00e7lar\u0131\",\"datePublished\":\"2024-10-20T12:42:16+00:00\",\"dateModified\":\"2024-10-20T12:46:11+00:00\",\"mainEntityOfPage\":{\"@id\":\"https:\/\/denizcankizil.tr\/ru\/seo\/unlu-olma-kategorileri-ve-unlulerin-hukuki-ihtiyaclari\/\"},\"wordCount\":1799,\"commentCount\":0,\"publisher\":{\"@id\":\"https:\/\/denizcankizil.tr\/#organization\"},\"image\":{\"@id\":\"https:\/\/denizcankizil.tr\/ru\/seo\/unlu-olma-kategorileri-ve-unlulerin-hukuki-ihtiyaclari\/#primaryimage\"},\"thumbnailUrl\":\"https:\/\/denizcankizil.tr\/wp-content\/uploads\/2024\/10\/5377-unlu-olma-kategorileri-ve-unlulerin-hukuki-ihtiyaclari.jpg\",\"articleSection\":[\"Seo\"],\"inLanguage\":\"ru-RU\",\"potentialAction\":[{\"@type\":\"CommentAction\",\"name\":\"Comment\",\"target\":[\"https:\/\/denizcankizil.tr\/ru\/seo\/unlu-olma-kategorileri-ve-unlulerin-hukuki-ihtiyaclari\/#respond\"]}]},{\"@type\":\"WebPage\",\"@id\":\"https:\/\/denizcankizil.tr\/ru\/seo\/unlu-olma-kategorileri-ve-unlulerin-hukuki-ihtiyaclari\/\",\"url\":\"https:\/\/denizcankizil.tr\/ru\/seo\/unlu-olma-kategorileri-ve-unlulerin-hukuki-ihtiyaclari\/\",\"name\":\"\u00dcnl\u00fc Olma Kategorileri ve \u00dcnl\u00fclerin Hukuki \u0130htiya\u00e7lar\u0131 - Av. Deniz Can K\u0131z\u0131l\",\"isPartOf\":{\"@id\":\"https:\/\/denizcankizil.tr\/#website\"},\"primaryImageOfPage\":{\"@id\":\"https:\/\/denizcankizil.tr\/ru\/seo\/unlu-olma-kategorileri-ve-unlulerin-hukuki-ihtiyaclari\/#primaryimage\"},\"image\":{\"@id\":\"https:\/\/denizcankizil.tr\/ru\/seo\/unlu-olma-kategorileri-ve-unlulerin-hukuki-ihtiyaclari\/#primaryimage\"},\"thumbnailUrl\":\"https:\/\/denizcankizil.tr\/wp-content\/uploads\/2024\/10\/5377-unlu-olma-kategorileri-ve-unlulerin-hukuki-ihtiyaclari.jpg\",\"datePublished\":\"2024-10-20T12:42:16+00:00\",\"dateModified\":\"2024-10-20T12:46:11+00:00\",\"breadcrumb\":{\"@id\":\"https:\/\/denizcankizil.tr\/ru\/seo\/unlu-olma-kategorileri-ve-unlulerin-hukuki-ihtiyaclari\/#breadcrumb\"},\"inLanguage\":\"ru-RU\",\"potentialAction\":[{\"@type\":\"ReadAction\",\"target\":[\"https:\/\/denizcankizil.tr\/ru\/seo\/unlu-olma-kategorileri-ve-unlulerin-hukuki-ihtiyaclari\/\"]}]},{\"@type\":\"ImageObject\",\"inLanguage\":\"ru-RU\",\"@id\":\"https:\/\/denizcankizil.tr\/ru\/seo\/unlu-olma-kategorileri-ve-unlulerin-hukuki-ihtiyaclari\/#primaryimage\",\"url\":\"https:\/\/denizcankizil.tr\/wp-content\/uploads\/2024\/10\/5377-unlu-olma-kategorileri-ve-unlulerin-hukuki-ihtiyaclari.jpg\",\"contentUrl\":\"https:\/\/denizcankizil.tr\/wp-content\/uploads\/2024\/10\/5377-unlu-olma-kategorileri-ve-unlulerin-hukuki-ihtiyaclari.jpg\",\"width\":800,\"height\":800,\"caption\":\"\u00dcnl\u00fc Olma Kategorileri ve \u00dcnl\u00fclerin Hukuki \u0130htiya\u00e7lar\u0131\"},{\"@type\":\"BreadcrumbList\",\"@id\":\"https:\/\/denizcankizil.tr\/ru\/seo\/unlu-olma-kategorileri-ve-unlulerin-hukuki-ihtiyaclari\/#breadcrumb\",\"itemListElement\":[{\"@type\":\"ListItem\",\"position\":1,\"name\":\"Home\",\"item\":\"https:\/\/denizcankizil.tr\/de\/\"},{\"@type\":\"ListItem\",\"position\":2,\"name\":\"\u00dcnl\u00fc Olma Kategorileri ve \u00dcnl\u00fclerin Hukuki \u0130htiya\u00e7lar\u0131\"}]},{\"@type\":\"WebSite\",\"@id\":\"https:\/\/denizcankizil.tr\/#website\",\"url\":\"https:\/\/denizcankizil.tr\/\",\"name\":\"Av. Deniz Can K\u0131z\u0131l\",\"description\":\"Avukat Deniz Can K\u0131z\u0131l Antalya Barosu\",\"publisher\":{\"@id\":\"https:\/\/denizcankizil.tr\/#organization\"},\"potentialAction\":[{\"@type\":\"SearchAction\",\"target\":{\"@type\":\"EntryPoint\",\"urlTemplate\":\"https:\/\/denizcankizil.tr\/?s={search_term_string}\"},\"query-input\":{\"@type\":\"PropertyValueSpecification\",\"valueRequired\":true,\"valueName\":\"search_term_string\"}}],\"inLanguage\":\"ru-RU\"},{\"@type\":\"Organization\",\"@id\":\"https:\/\/denizcankizil.tr\/#organization\",\"name\":\"Av. Deniz Can K\u0131z\u0131l\",\"url\":\"https:\/\/denizcankizil.tr\/\",\"logo\":{\"@type\":\"ImageObject\",\"inLanguage\":\"ru-RU\",\"@id\":\"https:\/\/denizcankizil.tr\/#\/schema\/logo\/image\/\",\"url\":\"https:\/\/denizcankizil.tr\/wp-content\/uploads\/2024\/10\/siyah-logo-svg.svg\",\"contentUrl\":\"https:\/\/denizcankizil.tr\/wp-content\/uploads\/2024\/10\/siyah-logo-svg.svg\",\"width\":1080,\"height\":1080,\"caption\":\"Av. Deniz Can K\u0131z\u0131l\"},\"image\":{\"@id\":\"https:\/\/denizcankizil.tr\/#\/schema\/logo\/image\/\"}},{\"@type\":\"Person\",\"@id\":\"https:\/\/denizcankizil.tr\/#\/schema\/person\/be3c05fe6a12686905512445d8185489\",\"name\":\"admin\",\"image\":{\"@type\":\"ImageObject\",\"inLanguage\":\"ru-RU\",\"@id\":\"https:\/\/denizcankizil.tr\/#\/schema\/person\/image\/\",\"url\":\"https:\/\/secure.gravatar.com\/avatar\/c1fce94c830dc79107e174f890d7210541c4a63e8e5d816341794a2151c9d58c?s=96&d=mm&r=g\",\"contentUrl\":\"https:\/\/secure.gravatar.com\/avatar\/c1fce94c830dc79107e174f890d7210541c4a63e8e5d816341794a2151c9d58c?s=96&d=mm&r=g\",\"caption\":\"admin\"},\"sameAs\":[\"http:\/\/denizcankizil.tr\"],\"url\":\"https:\/\/denizcankizil.tr\/ru\/author\/admin\/\"}]}<\/script>\n<!-- \/ Yoast SEO Premium plugin. -->","yoast_head_json":{"title":"\u00dcnl\u00fc Olma Kategorileri ve \u00dcnl\u00fclerin Hukuki \u0130htiya\u00e7lar\u0131 - Av. Deniz Can K\u0131z\u0131l","robots":{"index":"index","follow":"follow","max-snippet":"max-snippet:-1","max-image-preview":"max-image-preview:large","max-video-preview":"max-video-preview:-1"},"canonical":"https:\/\/denizcankizil.tr\/ru\/seo\/unlu-olma-kategorileri-ve-unlulerin-hukuki-ihtiyaclari\/","og_locale":"ru_RU","og_type":"article","og_title":"\u00dcnl\u00fc Olma Kategorileri ve \u00dcnl\u00fclerin Hukuki \u0130htiya\u00e7lar\u0131","og_description":"\u00dcnl\u00fc olma kategorileri, bireylerin toplumsal etkileri ve medyada yer alma s\u0131kl\u0131\u011f\u0131na g\u00f6re farkl\u0131l\u0131k g\u00f6stermektedir. Bu noktada, \u00fcnl\u00fclerin hukuki ihtiya\u00e7lar\u0131, hem ki\u015fisel mahremiyetin korunmas\u0131 hem de telif haklar\u0131 a\u00e7\u0131s\u0131ndan \u00f6nemli bir alan olarak \u00f6ne \u00e7\u0131kmaktad\u0131r.","og_url":"https:\/\/denizcankizil.tr\/ru\/seo\/unlu-olma-kategorileri-ve-unlulerin-hukuki-ihtiyaclari\/","og_site_name":"Av. Deniz Can K\u0131z\u0131l","article_published_time":"2024-10-20T12:42:16+00:00","article_modified_time":"2024-10-20T12:46:11+00:00","og_image":[{"width":800,"height":800,"url":"https:\/\/denizcankizil.tr\/wp-content\/uploads\/2024\/10\/5377-unlu-olma-kategorileri-ve-unlulerin-hukuki-ihtiyaclari.jpg","type":"image\/jpeg"}],"author":"admin","twitter_card":"summary_large_image","twitter_misc":{"\u041d\u0430\u043f\u0438\u0441\u0430\u043d\u043e \u0430\u0432\u0442\u043e\u0440\u043e\u043c":"admin","\u041f\u0440\u0438\u043c\u0435\u0440\u043d\u043e\u0435 \u0432\u0440\u0435\u043c\u044f \u0434\u043b\u044f \u0447\u0442\u0435\u043d\u0438\u044f":"9 \u043c\u0438\u043d\u0443\u0442"},"schema":{"@context":"https:\/\/schema.org","@graph":[{"@type":"Article","@id":"https:\/\/denizcankizil.tr\/ru\/seo\/unlu-olma-kategorileri-ve-unlulerin-hukuki-ihtiyaclari\/#article","isPartOf":{"@id":"https:\/\/denizcankizil.tr\/ru\/seo\/unlu-olma-kategorileri-ve-unlulerin-hukuki-ihtiyaclari\/"},"author":{"name":"admin","@id":"https:\/\/denizcankizil.tr\/#\/schema\/person\/be3c05fe6a12686905512445d8185489"},"headline":"\u00dcnl\u00fc Olma Kategorileri ve \u00dcnl\u00fclerin Hukuki \u0130htiya\u00e7lar\u0131","datePublished":"2024-10-20T12:42:16+00:00","dateModified":"2024-10-20T12:46:11+00:00","mainEntityOfPage":{"@id":"https:\/\/denizcankizil.tr\/ru\/seo\/unlu-olma-kategorileri-ve-unlulerin-hukuki-ihtiyaclari\/"},"wordCount":1799,"commentCount":0,"publisher":{"@id":"https:\/\/denizcankizil.tr\/#organization"},"image":{"@id":"https:\/\/denizcankizil.tr\/ru\/seo\/unlu-olma-kategorileri-ve-unlulerin-hukuki-ihtiyaclari\/#primaryimage"},"thumbnailUrl":"https:\/\/denizcankizil.tr\/wp-content\/uploads\/2024\/10\/5377-unlu-olma-kategorileri-ve-unlulerin-hukuki-ihtiyaclari.jpg","articleSection":["Seo"],"inLanguage":"ru-RU","potentialAction":[{"@type":"CommentAction","name":"Comment","target":["https:\/\/denizcankizil.tr\/ru\/seo\/unlu-olma-kategorileri-ve-unlulerin-hukuki-ihtiyaclari\/#respond"]}]},{"@type":"WebPage","@id":"https:\/\/denizcankizil.tr\/ru\/seo\/unlu-olma-kategorileri-ve-unlulerin-hukuki-ihtiyaclari\/","url":"https:\/\/denizcankizil.tr\/ru\/seo\/unlu-olma-kategorileri-ve-unlulerin-hukuki-ihtiyaclari\/","name":"\u00dcnl\u00fc Olma Kategorileri ve \u00dcnl\u00fclerin Hukuki \u0130htiya\u00e7lar\u0131 - Av. Deniz Can K\u0131z\u0131l","isPartOf":{"@id":"https:\/\/denizcankizil.tr\/#website"},"primaryImageOfPage":{"@id":"https:\/\/denizcankizil.tr\/ru\/seo\/unlu-olma-kategorileri-ve-unlulerin-hukuki-ihtiyaclari\/#primaryimage"},"image":{"@id":"https:\/\/denizcankizil.tr\/ru\/seo\/unlu-olma-kategorileri-ve-unlulerin-hukuki-ihtiyaclari\/#primaryimage"},"thumbnailUrl":"https:\/\/denizcankizil.tr\/wp-content\/uploads\/2024\/10\/5377-unlu-olma-kategorileri-ve-unlulerin-hukuki-ihtiyaclari.jpg","datePublished":"2024-10-20T12:42:16+00:00","dateModified":"2024-10-20T12:46:11+00:00","breadcrumb":{"@id":"https:\/\/denizcankizil.tr\/ru\/seo\/unlu-olma-kategorileri-ve-unlulerin-hukuki-ihtiyaclari\/#breadcrumb"},"inLanguage":"ru-RU","potentialAction":[{"@type":"ReadAction","target":["https:\/\/denizcankizil.tr\/ru\/seo\/unlu-olma-kategorileri-ve-unlulerin-hukuki-ihtiyaclari\/"]}]},{"@type":"ImageObject","inLanguage":"ru-RU","@id":"https:\/\/denizcankizil.tr\/ru\/seo\/unlu-olma-kategorileri-ve-unlulerin-hukuki-ihtiyaclari\/#primaryimage","url":"https:\/\/denizcankizil.tr\/wp-content\/uploads\/2024\/10\/5377-unlu-olma-kategorileri-ve-unlulerin-hukuki-ihtiyaclari.jpg","contentUrl":"https:\/\/denizcankizil.tr\/wp-content\/uploads\/2024\/10\/5377-unlu-olma-kategorileri-ve-unlulerin-hukuki-ihtiyaclari.jpg","width":800,"height":800,"caption":"\u00dcnl\u00fc Olma Kategorileri ve \u00dcnl\u00fclerin Hukuki \u0130htiya\u00e7lar\u0131"},{"@type":"BreadcrumbList","@id":"https:\/\/denizcankizil.tr\/ru\/seo\/unlu-olma-kategorileri-ve-unlulerin-hukuki-ihtiyaclari\/#breadcrumb","itemListElement":[{"@type":"ListItem","position":1,"name":"Home","item":"https:\/\/denizcankizil.tr\/de\/"},{"@type":"ListItem","position":2,"name":"\u00dcnl\u00fc Olma Kategorileri ve \u00dcnl\u00fclerin Hukuki \u0130htiya\u00e7lar\u0131"}]},{"@type":"WebSite","@id":"https:\/\/denizcankizil.tr\/#website","url":"https:\/\/denizcankizil.tr\/","name":"Av. Deniz Can K\u0131z\u0131l","description":"Avukat Deniz Can K\u0131z\u0131l Antalya Barosu","publisher":{"@id":"https:\/\/denizcankizil.tr\/#organization"},"potentialAction":[{"@type":"SearchAction","target":{"@type":"EntryPoint","urlTemplate":"https:\/\/denizcankizil.tr\/?s={search_term_string}"},"query-input":{"@type":"PropertyValueSpecification","valueRequired":true,"valueName":"search_term_string"}}],"inLanguage":"ru-RU"},{"@type":"Organization","@id":"https:\/\/denizcankizil.tr\/#organization","name":"Av. Deniz Can K\u0131z\u0131l","url":"https:\/\/denizcankizil.tr\/","logo":{"@type":"ImageObject","inLanguage":"ru-RU","@id":"https:\/\/denizcankizil.tr\/#\/schema\/logo\/image\/","url":"https:\/\/denizcankizil.tr\/wp-content\/uploads\/2024\/10\/siyah-logo-svg.svg","contentUrl":"https:\/\/denizcankizil.tr\/wp-content\/uploads\/2024\/10\/siyah-logo-svg.svg","width":1080,"height":1080,"caption":"Av. Deniz Can K\u0131z\u0131l"},"image":{"@id":"https:\/\/denizcankizil.tr\/#\/schema\/logo\/image\/"}},{"@type":"Person","@id":"https:\/\/denizcankizil.tr\/#\/schema\/person\/be3c05fe6a12686905512445d8185489","name":"\u0430\u0434\u043c\u0438\u043d","image":{"@type":"ImageObject","inLanguage":"ru-RU","@id":"https:\/\/denizcankizil.tr\/#\/schema\/person\/image\/","url":"https:\/\/secure.gravatar.com\/avatar\/c1fce94c830dc79107e174f890d7210541c4a63e8e5d816341794a2151c9d58c?s=96&d=mm&r=g","contentUrl":"https:\/\/secure.gravatar.com\/avatar\/c1fce94c830dc79107e174f890d7210541c4a63e8e5d816341794a2151c9d58c?s=96&d=mm&r=g","caption":"admin"},"sameAs":["http:\/\/denizcankizil.tr"],"url":"https:\/\/denizcankizil.tr\/ru\/author\/admin\/"}]}},"_links":{"self":[{"href":"https:\/\/denizcankizil.tr\/ru\/wp-json\/wp\/v2\/posts\/5377","targetHints":{"allow":["GET"]}}],"collection":[{"href":"https:\/\/denizcankizil.tr\/ru\/wp-json\/wp\/v2\/posts"}],"about":[{"href":"https:\/\/denizcankizil.tr\/ru\/wp-json\/wp\/v2\/types\/post"}],"author":[{"embeddable":true,"href":"https:\/\/denizcankizil.tr\/ru\/wp-json\/wp\/v2\/users\/1"}],"replies":[{"embeddable":true,"href":"https:\/\/denizcankizil.tr\/ru\/wp-json\/wp\/v2\/comments?post=5377"}],"version-history":[{"count":3,"href":"https:\/\/denizcankizil.tr\/ru\/wp-json\/wp\/v2\/posts\/5377\/revisions"}],"predecessor-version":[{"id":5416,"href":"https:\/\/denizcankizil.tr\/ru\/wp-json\/wp\/v2\/posts\/5377\/revisions\/5416"}],"wp:featuredmedia":[{"embeddable":true,"href":"https:\/\/denizcankizil.tr\/ru\/wp-json\/wp\/v2\/media\/5398"}],"wp:attachment":[{"href":"https:\/\/denizcankizil.tr\/ru\/wp-json\/wp\/v2\/media?parent=5377"}],"wp:term":[{"taxonomy":"category","embeddable":true,"href":"https:\/\/denizcankizil.tr\/ru\/wp-json\/wp\/v2\/categories?post=5377"},{"taxonomy":"post_tag","embeddable":true,"href":"https:\/\/denizcankizil.tr\/ru\/wp-json\/wp\/v2\/tags?post=5377"}],"curies":[{"name":"wp","href":"https:\/\/api.w.org\/{rel}","templated":true}]}}