{"id":5338,"date":"2024-10-20T15:23:01","date_gmt":"2024-10-20T12:23:01","guid":{"rendered":"https:\/\/denizcankizil.tr\/?p=5338"},"modified":"2025-03-16T00:45:53","modified_gmt":"2025-03-15T21:45:53","slug":"trafik-kazalarinda-olum-nedeniyle-istenen-tazminatlar","status":"publish","type":"post","link":"https:\/\/denizcankizil.tr\/ru\/koseyazilari\/degerlendirme\/trafik-kazalarinda-olum-nedeniyle-istenen-tazminatlar\/","title":{"rendered":"\u0422\u0420\u0415\u0411\u0423\u0415\u041c\u0410\u042f \u041a\u041e\u041c\u041f\u0415\u041d\u0421\u0410\u0426\u0418\u042f \u0417\u0410 \u0421\u041c\u0415\u0420\u0422\u042c \u0412 \u0414\u041e\u0420\u041e\u0416\u041d\u041e-\u0422\u0420\u0410\u041d\u0421\u041f\u041e\u0420\u0422\u041d\u042b\u0425 \u041f\u0420\u041e\u0418\u0421\u0428\u0415\u0421\u0422\u0412\u0418\u042f\u0425"},"content":{"rendered":"<div data-elementor-type=\"wp-post\" data-elementor-id=\"5338\" class=\"elementor elementor-5338\">\n\t\t\t\t<div class=\"elementor-element elementor-element-beebb23 e-flex e-con-boxed sticky-no is-skin bg-el bg-inherit bg-light nochange-no bg-no bg-no box-no e-con e-parent\" data-id=\"beebb23\" data-element_type=\"container\" data-e-type=\"container\">\n\t\t\t\t\t<div class=\"e-con-inner\">\n\t\t\t\t<div class=\"elementor-element elementor-element-28ecf76 elementor-widget elementor-widget-text-editor\" data-id=\"28ecf76\" data-element_type=\"widget\" data-e-type=\"widget\" data-widget_type=\"text-editor.default\">\n\t\t\t\t<div class=\"elementor-widget-container\">\n\t\t\t\t\t\t\t\t\t<h4>\u0422\u0420\u0415\u0411\u0423\u0415\u041c\u0410\u042f \u041a\u041e\u041c\u041f\u0415\u041d\u0421\u0410\u0426\u0418\u042f \u0417\u0410 \u0421\u041c\u0415\u0420\u0422\u042c \u0412 \u0414\u041e\u0420\u041e\u0416\u041d\u041e-\u0422\u0420\u0410\u041d\u0421\u041f\u041e\u0420\u0422\u041d\u042b\u0425 \u041f\u0420\u041e\u0418\u0421\u0428\u0415\u0421\u0422\u0412\u0418\u042f\u0425<\/h4><p><strong>1)DESTEKTEN YOKSUN KALMA TAZM\u0130NATI<\/strong><\/p><p><strong>Destekten Yoksun Kalma Tazminat\u0131 Nedir?<\/strong><\/p><p>Destekten yoksun kalma tazminat\u0131, \u00f6len ki\u015finin ya\u015fam\u0131nda maddi veya manevi destek vererek yan\u0131nda oldu\u011fu ki\u015filere \u00f6ld\u00fc\u011f\u00fc i\u00e7in destek olamamas\u0131 sebebiyle destekten yoksun kalan ki\u015filere verilir. Bu tazminat, destekten yoksun kalan ki\u015filere hayatlar\u0131ndaki bu eksilme dolay\u0131s\u0131yla g\u00fc\u00e7l\u00fck ya\u015famamalar\u0131 i\u00e7in maddi bir destek sa\u011flamak amac\u0131yla istenir.<\/p><p><strong>Destekten Yoksun Kalma Tazminat\u0131n\u0131 Kimler \u0130steyebilir?<\/strong><\/p><p>\u00d6l\u00fcm nedeniyle tazminat davalar\u0131nda as\u0131l davac\u0131lar destekten yoksun kalanlard\u0131r. Destekten yoksun kalanlar hem maddi hem manevi tazminat isteme hakk\u0131na sahiptirler. Burada \u00f6nemli olan husus destekten yoksun kalma tazminat\u0131 isteminde bulunan ki\u015finin \u00f6lenden ya\u015farken destek ald\u0131\u011f\u0131n\u0131 ispat etmesidir. Genellikle destekten yoksun kalma tazminat\u0131 isteyebilecek olanlar\u00a0<strong>\u00f6len ki\u015finin e\u015fi, \u00e7ocuklar\u0131,annesi ve babas\u0131d\u0131r<\/strong>.Karde\u015fler ise ancak \u00e7ok s\u0131n\u0131rl\u0131 ko\u015fullarda birbirlerinin deste\u011fi olabilirler.<\/p><p>Bunun d\u0131\u015f\u0131nda \u00f6lenin yak\u0131n\u0131 olup da, yarg\u0131sal inan\u00e7larla ve \u00f6\u011fretideki g\u00f6r\u00fc\u015flerle \u00e7izilen s\u0131n\u0131rlar\u0131n d\u0131\u015f\u0131nda kalan\u00a0<strong>ve destekten yoksun kald\u0131klar\u0131 kabul edilmeyen ki\u015filer, yaln\u0131zca\u00a0 \u201cmanevi tazminat \u201c isteyebilmektedirler<\/strong>. \u00d6rne\u011fin,anne veya babalar\u0131n\u0131 yitirdikleri s\u0131rada ,belli bir ya\u015f\u0131 ge\u00e7mi\u015f yeti\u015fkin \u00e7ocuklar destekten yoksun kalma tazminat\u0131 isteyememekte; onlar\u00a0 \u201cmanevi tazminat \u201cla yetinmek zorunda kalmaktad\u0131rlar.Karde\u015fler de b\u00f6yledir.Onlar da manevi tazminatla yetineceklerdir.<\/p><p>Di\u011fer baz\u0131 \u00f6zel durumlar\u0131 incelemek gerekirse \u00a0;<\/p><p><strong>Nikahs\u0131z E\u015f Destekten Yoksun Kalma Tazminat\u0131 \u0130steyebilir Mi ?<\/strong><\/p><p>Nikahs\u0131z e\u015f, birlikteli\u011finin s\u00fcreklili\u011fi kan\u0131tlamak ko\u015fuluyla, nikahl\u0131 e\u015f gibi hem destek tazminat\u0131 hem manevi tazminat istemiyle davac\u0131 olabilir. Nitekim Yarg\u0131tay kararlar\u0131nda da \u00f6rneklerini g\u00f6rmekteyiz:<\/p><p>Daval\u0131lardan Sincan Belediye Ba\u015fkanl\u0131\u011f\u0131\u2019 n\u0131n \u00f6teki temyiz itiraz\u0131na gelince; davac\u0131lardan\u2026\u2026.., kaza tarihinde \u00f6lenin resmi\u00a0<strong>nikahs\u0131z<\/strong>\u00a0<strong>e\u015fi<\/strong>\u00a0olup Medeni Mercan\u2019\u0131n yasal olarak ona bak\u0131m y\u00fck\u00fcml\u00fcl\u00fc\u011f\u00fc bulunmamaktad\u0131r. Dosya i\u00e7eri\u011finden destek\u00a0ile davac\u0131 \u2026\u2026.. aras\u0131ndaki beraberli\u011fin s\u00fcreklili\u011fi ve destek ili\u015fkisi kan\u0131tlanamad\u0131\u011f\u0131ndan ad\u0131 ge\u00e7en davac\u0131n\u0131n\u00a0destekten\u00a0yoksun\u00a0kalma\u00a0tazminat isteminin reddi gerekir.(<strong>Yarg\u0131tay 4.Hukuk D. 2011\/1814 E. 2011\/2691 K.)<\/strong><\/p><p><strong>Karde\u015fler Destekten Yoksun Kalma Tazminat\u0131 \u0130steyebilir Mi?<\/strong><\/p><p>\u00c7ok s\u0131n\u0131rl\u0131 ko\u015fullarda ,\u00f6rne\u011fin anne ve baba \u00f6lm\u00fc\u015f veya baba i\u015fsiz ve ya\u015fl\u0131 olup da ,<strong>evin ve karde\u015flerinin ge\u00e7imini yeti\u015fkin karde\u015flerden biri \u00fcstlenmi\u015fse<\/strong>\u00a0,onun \u00f6l\u00fcm\u00fc halinde k\u00fc\u00e7\u00fck karde\u015fleri destekten yoksun kalm\u0131\u015f kabul edilebilirler.\u00d6rnek bir Yarg\u0131tay karar\u0131 vermek gerekirse:<\/p><p>Somut olayda, davac\u0131lar \u2026, \u2026 ve \u2026 kazada hayat\u0131n\u0131 kaybeden \u2026\u2019\u0131n\u00a0<strong>karde\u015fleri<\/strong>dir. Davac\u0131 iddias\u0131 \u00f6lmeden \u00f6nce deste\u011fin, davac\u0131 k\u00fc\u00e7\u00fck\u00a0karde\u015fleri\u00a0ile birlikte ya\u015fad\u0131\u011f\u0131 ve ailenin ge\u00e7minin\u00a0destek\u00a0taraf\u0131ndan sa\u011fland\u0131\u011f\u0131 y\u00f6n\u00fcndedir. O halde mahkemece \u00f6len\u00a0deste\u011fin\u00a0davac\u0131\u00a0karde\u015flere yard\u0131m\u0131n eylemli olup olmad\u0131\u011f\u0131 ve \u00f6l\u00fcmden sonra da d\u00fczenli bir bi\u00e7imde devam edip etmeyece\u011finin tespiti i\u00e7in bu konuda davac\u0131\u00a0karde\u015flerin ve \u00f6lmeden \u00f6nce \u2026\u2019\u0131n sosyal ve ekonomik durumu ara\u015ft\u0131r\u0131larak, gerekirse bu hususta<\/p><p>tan\u0131k dinlenerek sonucuna g\u00f6re karar verilmesi gerekirken eksik inceleme ile davan\u0131n kabul\u00fcne karar verilmi\u015f olmas\u0131 da do\u011fru g\u00f6r\u00fclmemi\u015ftir<strong>.(Yarg\u0131tay 17.Hukuk D. 201413738E. 201611823K.)<\/strong><\/p><p><strong>Ni\u015fanl\u0131 Destekten Yoksun Kalma Tazminat\u0131\u00a0 \u0130steyebilir Mi?<\/strong><\/p><p>Pek rastlan\u0131lan durumlardan de\u011fildir.Ancak evlenme haz\u0131rl\u0131\u011f\u0131 \u00a0i\u00e7inde iken evlenece\u011fi ki\u015fiyi yitiren ni\u015fanl\u0131,birlikte oturulacak evi tutmak, e\u015fya sipari\u015fi vermek,nikah ba\u015fvurusunda bulunmak gibi kan\u0131tlarla dava a\u00e7arsa,hem destek tazminat\u0131 hem manevi tazminat isteyebilir.<\/p><p><strong>\u00a0\u00a0 2) MANEV\u0130 TAZM\u0130NAT<\/strong><\/p><p>\u00d6l\u00fcml\u00fc trafik kazalar\u0131nda manevi tazminat istemi de m\u00fcmk\u00fcn olmaktad\u0131r. Destekten yoksun kalma tazminat\u0131 isteme haklar\u0131 bulunmayan \u00f6lenin yak\u0131nlar\u0131 manevi tazminat isteyebilecektir.Manevi tazminat isteyebilecek olan yak\u0131nlar\u0131n ba\u015fl\u0131calar\u0131; yeti\u015fkin \u00e7ocuklar,karde\u015fler ve torunlard\u0131r. \u00a0Ayr\u0131ca bu tazminat \u00f6len ki\u015finin yak\u0131nlar\u0131n\u0131n duyduklar\u0131 elem, ac\u0131 ve \u00fcz\u00fcnt\u00fc nedeniyle talep ettikleri bir tazminatt\u0131r.Bu nedenle bir zenginle\u015fme arac\u0131 de\u011fildir.Bu husus Yarg\u0131tay kararlar\u0131nda da zikredilmektedir.<\/p><p><strong>Manevi<\/strong>\u00a0<strong>tazminat<\/strong>\u00a0zenginle\u015fme arac\u0131 olmamakla beraber, bu y\u00f6ndeki talep hakk\u0131nda h\u00fck\u00fcm kurulurken olay sebebiyle duyulan ac\u0131 ve elemin k\u0131smen de olsa giderilmesi ama\u00e7lanmal\u0131 ve bu sebeple taraflar\u0131n sosyal ve ekonomik durumlar\u0131 ile birlikte olay\u0131n meydana geli\u015f \u015fekli de g\u00f6z \u00f6n\u00fcnde tutularak, hak ve nasafet kurallar\u0131 \u00e7er\u00e7evesinde bir sonuca var\u0131lmal\u0131d\u0131r. Zira, M.K.nun 4. maddesinde, kanunun takdir hakk\u0131 verdi\u011fi hallerde hakimin hak ve nasafete g\u00f6re h\u00fckmedece\u011fi \u00f6ng\u00f6r\u00fclm\u00fc\u015ft\u00fcr. Yukar\u0131da belirtilen hususlar dikkate al\u0131nd\u0131\u011f\u0131nda, davac\u0131 vekilinin temyiz itiraz\u0131n\u0131n kabul\u00fcyle davac\u0131 i\u00e7in takdir olunan\u00a0<strong>manevi<\/strong>\u00a0<strong>tazminat<\/strong>\u0131n bir miktar d\u00fc\u015f\u00fck oldu\u011fu g\u00f6r\u00fclm\u00fc\u015f ve hakkaniyete uygun bir\u00a0<strong>manevi<\/strong>\u00a0<strong>tazminat<\/strong>a h\u00fckmedilmek \u00fczere karar\u0131n davac\u0131 yarar\u0131na bozulmas\u0131 gerekmi\u015ftir<strong>.(Yarg\u0131tay 17.Hukuk D. 201612197 E. 20195360 K.)<\/strong><\/p><p><strong>\u00d6L\u00dcML\u00dc TRAF\u0130K KAZALARINDA KARDE\u015eLER MANEV\u0130 TAZM\u0130NAT \u0130STEYEB\u0130L\u0130R M\u0130?<\/strong><\/p><p>\u00d6l\u00fcml\u00fc trafik kazalar\u0131nda \u00f6lenin karde\u015fi veya karde\u015fleri duyduklar\u0131 ac\u0131 ve \u00fcz\u00fcnt\u00fc nedeniyle manevi tazminat isteminde bulunabilirler.\u00d6rnek bir Yarg\u0131tay karar\u0131na bakmak gerekirse;<\/p><p>Mahkemece, iddia, savunma, yap\u0131lan yarg\u0131lama ve toplanan delillere g\u00f6re; davac\u0131 \u2026 i\u00e7in istenen maddi\u00a0<strong>tazminat<\/strong>\u0131n yarg\u0131lama s\u0131ras\u0131nda sigorta \u015firketi taraf\u0131ndan \u00f6denmi\u015f olmas\u0131 nedeniyle konusu kalmayan bu istem hakk\u0131nda karar verilmesine yer olmad\u0131\u011f\u0131na; davac\u0131lar\u0131n\u00a0<strong>manevi<\/strong>\u00a0<strong>tazminat<\/strong>\u00a0istemlerinin k\u0131smen kabul\u00fc ile davac\u0131 anne Zeynep i\u00e7in 3.000,00 TL. ve di\u011fer davac\u0131\u00a0<strong>karde\u015flerden<\/strong>\u00a0her biri i\u00e7in 2.000,00\u2019er TL\u2019den toplam 9.000,00 TL\u2019nin\u00a0kaza\u00a0tarihinde i\u015fleyecek yasal faiziyle birlikte daval\u0131lar \u2026 ve \u2026\u2019tan m\u00fcteselsilen tahsiline karar verilmi\u015f; h\u00fck\u00fcm, daval\u0131 \u2026 vekili taraf\u0131ndan temyiz edilmi\u015ftir.<\/p><p>Dosya i\u00e7erisindeki bilgi ve belgelere, mahkeme karar\u0131n\u0131n gerek\u00e7esinde, dayan\u0131lan delillerin tart\u0131\u015f\u0131l\u0131p de\u011ferlendirilmesinde usul ve yasaya ayk\u0131r\u0131 bir y\u00f6n bulunmamas\u0131na, \u00f6zellikle olu\u015fa uygun olarak d\u00fczenlenen uzman bilirki\u015fi raporunda belirtilen kusur oranlar\u0131n\u0131n ve maddi\u00a0<strong>tazminat<\/strong>a ili\u015fkin hesaplaman\u0131n h\u00fckme esas al\u0131nmas\u0131nda bir usuls\u00fczl\u00fck bulunmamas\u0131na, dosya kapsam\u0131na ve hakkaniyete uygun olarak\u00a0<strong>manevi<\/strong>\u00a0<strong>tazminat<\/strong>\u00a0miktar\u0131n\u0131n belirlenmi\u015f olmas\u0131na g\u00f6re; daval\u0131 \u2026 vekilinin t\u00fcm temyiz itirazlar\u0131n\u0131n reddi ile usul ve yasaya uygun bulunan h\u00fckm\u00fcn ONANMASINA ve a\u015fa\u011f\u0131da d\u00f6k\u00fcm\u00fc yaz\u0131l\u0131 481,00 TL kalan onama harc\u0131n\u0131n temyiz eden daval\u0131 \u2026\u2019ndan al\u0131nmas\u0131na 16\/05\/2016 g\u00fcn\u00fcnde oybirli\u011fiyle karar verildi.<\/p><p><strong>\u00d6L\u00dcML\u00dc TRAF\u0130K KAZALARINDA \u00dcST SOY\u00a0<\/strong>(Anneanne,babaanne,dede..)\u00a0<strong>MANEV\u0130 TAZM\u0130NAT \u0130STEYEB\u0130L\u0130R M\u0130?<\/strong><\/p><p>Trafik kazalar\u0131nda \u00f6l\u00fcm nedeniyle manevi tazminat istemi \u00f6lenin yak\u0131nlar\u0131na tan\u0131nan bir hakt\u0131r.Manevi tazminat isteyebilecek yak\u0131nlar\u0131n kimler olabilece\u011fi hakk\u0131nda net bir s\u0131n\u0131r yoktur.Her ne kadar bu yak\u0131nlar\u0131n ba\u015fl\u0131calar\u0131 genelde \u00e7ocuklar,karde\u015fler ve torunlar olsa da Yarg\u0131tay kararlar\u0131nda somut olaya g\u00f6re de\u011fi\u015fen baz\u0131 durumlarda\u00a0 \u00fcst soy lehine de manevi tazminata h\u00fckmedildi\u011fi g\u00f6r\u00fclmektedir.<\/p><p>Davac\u0131lar vekili, davaya konu edilen kazada \u00f6len k\u00fc\u00e7\u00fck Berktu\u011f\u2019un\u00a0<strong>anneannesi<\/strong>\u00a0olan \u2026 i\u00e7in de\u00a0<strong>manevi<\/strong>\u00a0<strong>tazminat<\/strong>\u00a0isteminde bulunmu\u015f; mahkeme taraf\u0131ndan, \u00f6len ile eylemli ba\u011f\u0131 ortaya koyan somut durumlar\u0131n bulunmad\u0131\u011f\u0131, \u00f6zel durum bulunmad\u0131\u011f\u0131 s\u00fcrece \u00f6lenin t\u00fcm yak\u0131nlar\u0131n\u0131n\u00a0manevi\u00a0tazminat\u00a0talep hakk\u0131 bulunmayaca\u011f\u0131 gerek\u00e7esiyle, \u00f6lenin di\u011fer akrabalar\u0131yla birlikte, bu davac\u0131 bak\u0131m\u0131ndan da\u00a0manevi\u00a0tazminat\u00a0isteminin reddine karar verilmi\u015ftir.<\/p><p>\u2026 mahkemece,\u00a0kaza\u00a0tarihinde 3 ya\u015f\u0131nda olan \u2026\u2019un,\u00a0anneannesi\u2026\u2019n\u0131n g\u00f6zetimindeyken, \u00e7\u00f6p d\u00f6kmek amac\u0131yla birlikte d\u0131\u015far\u0131 \u00e7\u0131kt\u0131klar\u0131 zamanda davaya konu\u00a0kazaya maruz kal\u0131p vefat etti\u011fi, davac\u0131 \u2026\u2019n\u0131n\u00a0kazaya ve g\u00f6zetimindeki torununun feci bi\u00e7imde \u00f6l\u00fcm\u00fcne bizzat tan\u0131k olmakla ya\u015fad\u0131\u011f\u0131\u00a0manevi\u00a0elemin derinli\u011fi, davac\u0131 \u2026\u2019n\u0131n\u00a0manevi\u00a0zarara u\u011framad\u0131\u011f\u0131n\u0131 kabul etmenin hayat\u0131n ola\u011fan<\/p><p>ak\u0131\u015f\u0131yla ba\u011fda\u015fmayaca\u011f\u0131 g\u00f6zetilerek;\u00a0kaza\u00a0tarihindeki paran\u0131n al\u0131m g\u00fcc\u00fc, taraflar\u0131n sosyal ekonomik durumlar\u0131, davac\u0131n\u0131n \u00f6lene yak\u0131nl\u0131\u011f\u0131, taraflar\u0131n\u00a0kazadaki kusur durumlar\u0131 ile somut olay\u0131n \u00f6zelliklerine uygun, hakkaniyet dahilinde bir miktar\u00a0manevi\u00a0tazminata h\u00fckmedilmesi gerekirken; somut olayla ba\u011fda\u015fmayacak bi\u00e7imde, bu davac\u0131n\u0131n\u00a0manevi\u00a0tazminat\u00a0isteminin reddine karar verilmesi do\u011fru g\u00f6r\u00fclmemi\u015ftir.<\/p><p>SONU\u00c7 : Yukar\u0131da (1) nolu bentte a\u00e7\u0131klanan nedenlerle, daval\u0131 \u2026 vekili ve daval\u0131 \u2026 vekilinin t\u00fcm temyiz itirazlar\u0131 ile davac\u0131lar vekilinin yerinde g\u00f6r\u00fclmeyen sair temyiz itirazlar\u0131n\u0131n REDD\u0130NE; (2) nolu bentte a\u00e7\u0131klanan nedenlerle, davac\u0131lar vekilinin temyiz itirazlar\u0131n\u0131n kabul\u00fc ile h\u00fckm\u00fcn, davac\u0131 \u2026 yarar\u0131na BOZULMASINA; pe\u015fin al\u0131nan harc\u0131n istek halinde temyiz eden davac\u0131lara geri verilmesine, a\u015fa\u011f\u0131da d\u00f6k\u00fcm\u00fc yaz\u0131l\u0131 2.421,93 TL kalan onama harc\u0131n\u0131n temyiz eden daval\u0131 \u2026\u2019ndan al\u0131nmas\u0131na, 492 Say\u0131l\u0131 Har\u00e7lar Yasas\u0131n\u0131n 13\/J maddesi uyar\u0131nca daval\u0131 \u2026\u2019ndan har\u00e7 al\u0131nmamas\u0131na 17\/04\/2017 g\u00fcn\u00fcnde oybirli\u011fiyle karar verildi<strong>.(Yarg\u0131tay 17. Hukuk D. 201422247E. 20174058K.<\/strong><\/p>\t\t\t\t\t\t\t\t<\/div>\n\t\t\t\t<\/div>\n\t\t\t\t\t<\/div>\n\t\t\t\t<\/div>\n\t\t\t\t<\/div>","protected":false},"excerpt":{"rendered":"<p>TRAF\u0130K KAZALARINDA \u00d6L\u00dcM NEDEN\u0130YLE \u0130STENEN TAZM\u0130NATLAR 1)DESTEKTEN YOKSUN KALMA TAZM\u0130NATI Destekten Yoksun Kalma Tazminat\u0131 Nedir? Destekten yoksun kalma tazminat\u0131, \u00f6len ki\u015finin ya\u015fam\u0131nda maddi veya manevi destek vererek yan\u0131nda oldu\u011fu ki\u015filere \u00f6ld\u00fc\u011f\u00fc i\u00e7in destek olamamas\u0131 sebebiyle destekten yoksun kalan ki\u015filere verilir. Bu tazminat, destekten yoksun kalan ki\u015filere hayatlar\u0131ndaki bu eksilme dolay\u0131s\u0131yla g\u00fc\u00e7l\u00fck ya\u015famamalar\u0131 i\u00e7in maddi bir destek sa\u011flamak amac\u0131yla istenir. Destekten Yoksun Kalma Tazminat\u0131n\u0131 Kimler \u0130steyebilir? \u00d6l\u00fcm nedeniyle tazminat davalar\u0131nda as\u0131l davac\u0131lar destekten yoksun kalanlard\u0131r. Destekten yoksun kalanlar hem maddi hem manevi tazminat isteme hakk\u0131na sahiptirler. Burada \u00f6nemli olan husus destekten yoksun kalma tazminat\u0131 isteminde bulunan ki\u015finin \u00f6lenden ya\u015farken destek ald\u0131\u011f\u0131n\u0131 ispat etmesidir. Genellikle destekten yoksun kalma tazminat\u0131 isteyebilecek olanlar\u00a0\u00f6len ki\u015finin e\u015fi, \u00e7ocuklar\u0131,annesi ve babas\u0131d\u0131r.Karde\u015fler ise ancak \u00e7ok s\u0131n\u0131rl\u0131 ko\u015fullarda birbirlerinin deste\u011fi olabilirler. Bunun d\u0131\u015f\u0131nda \u00f6lenin yak\u0131n\u0131 olup da, yarg\u0131sal inan\u00e7larla ve \u00f6\u011fretideki g\u00f6r\u00fc\u015flerle \u00e7izilen s\u0131n\u0131rlar\u0131n d\u0131\u015f\u0131nda kalan\u00a0ve destekten yoksun kald\u0131klar\u0131 kabul edilmeyen ki\u015filer, yaln\u0131zca\u00a0 \u201cmanevi tazminat \u201c isteyebilmektedirler. \u00d6rne\u011fin,anne veya babalar\u0131n\u0131 yitirdikleri s\u0131rada ,belli bir ya\u015f\u0131 ge\u00e7mi\u015f yeti\u015fkin \u00e7ocuklar destekten yoksun kalma tazminat\u0131 isteyememekte; onlar\u00a0 \u201cmanevi tazminat \u201cla yetinmek zorunda kalmaktad\u0131rlar.Karde\u015fler de b\u00f6yledir.Onlar da manevi tazminatla yetineceklerdir. Di\u011fer baz\u0131 \u00f6zel durumlar\u0131 incelemek gerekirse \u00a0; Nikahs\u0131z E\u015f Destekten Yoksun Kalma Tazminat\u0131 \u0130steyebilir Mi ? Nikahs\u0131z e\u015f, birlikteli\u011finin s\u00fcreklili\u011fi kan\u0131tlamak ko\u015fuluyla, nikahl\u0131 &hellip;<\/p>","protected":false},"author":4,"featured_media":1801,"comment_status":"closed","ping_status":"open","sticky":false,"template":"","format":"standard","meta":{"_acf_changed":false,"footnotes":""},"categories":[22],"tags":[1107,1105,1106],"class_list":["post-5338","post","type-post","status-publish","format-standard","has-post-thumbnail","hentry","category-degerlendirme","tag-olumlu-trafik-kazasinda-manevi-tazminat","tag-trafik-kazasi","tag-trafik-kazasi-tazminat"],"acf":[],"yoast_head":"<!-- This site is optimized with the Yoast SEO Premium plugin v26.6 (Yoast SEO v27.1.1) - https:\/\/yoast.com\/product\/yoast-seo-premium-wordpress\/ -->\n<title>TRAF\u0130K KAZALARINDA \u00d6L\u00dcM NEDEN\u0130YLE \u0130STENEN TAZM\u0130NATLAR - Av. Deniz Can K\u0131z\u0131l<\/title>\n<meta name=\"robots\" content=\"index, follow, max-snippet:-1, max-image-preview:large, max-video-preview:-1\" \/>\n<link rel=\"canonical\" href=\"https:\/\/denizcankizil.tr\/ru\/koseyazilari\/degerlendirme\/trafik-kazalarinda-olum-nedeniyle-istenen-tazminatlar\/\" \/>\n<meta property=\"og:locale\" content=\"ru_RU\" \/>\n<meta property=\"og:type\" content=\"article\" \/>\n<meta property=\"og:title\" content=\"TRAF\u0130K KAZALARINDA \u00d6L\u00dcM NEDEN\u0130YLE \u0130STENEN TAZM\u0130NATLAR\" \/>\n<meta property=\"og:description\" content=\"TRAF\u0130K KAZALARINDA \u00d6L\u00dcM NEDEN\u0130YLE \u0130STENEN TAZM\u0130NATLAR 1)DESTEKTEN YOKSUN KALMA TAZM\u0130NATI Destekten Yoksun Kalma Tazminat\u0131 Nedir? Destekten yoksun kalma tazminat\u0131, \u00f6len ki\u015finin ya\u015fam\u0131nda maddi veya manevi destek vererek yan\u0131nda oldu\u011fu ki\u015filere \u00f6ld\u00fc\u011f\u00fc i\u00e7in destek olamamas\u0131 sebebiyle destekten yoksun kalan ki\u015filere verilir. Bu tazminat, destekten yoksun kalan ki\u015filere hayatlar\u0131ndaki bu eksilme dolay\u0131s\u0131yla g\u00fc\u00e7l\u00fck ya\u015famamalar\u0131 i\u00e7in maddi bir destek sa\u011flamak amac\u0131yla istenir. Destekten Yoksun Kalma Tazminat\u0131n\u0131 Kimler \u0130steyebilir? \u00d6l\u00fcm nedeniyle tazminat davalar\u0131nda as\u0131l davac\u0131lar destekten yoksun kalanlard\u0131r. Destekten yoksun kalanlar hem maddi hem manevi tazminat isteme hakk\u0131na sahiptirler. Burada \u00f6nemli olan husus destekten yoksun kalma tazminat\u0131 isteminde bulunan ki\u015finin \u00f6lenden ya\u015farken destek ald\u0131\u011f\u0131n\u0131 ispat etmesidir. Genellikle destekten yoksun kalma tazminat\u0131 isteyebilecek olanlar\u00a0\u00f6len ki\u015finin e\u015fi, \u00e7ocuklar\u0131,annesi ve babas\u0131d\u0131r.Karde\u015fler ise ancak \u00e7ok s\u0131n\u0131rl\u0131 ko\u015fullarda birbirlerinin deste\u011fi olabilirler. Bunun d\u0131\u015f\u0131nda \u00f6lenin yak\u0131n\u0131 olup da, yarg\u0131sal inan\u00e7larla ve \u00f6\u011fretideki g\u00f6r\u00fc\u015flerle \u00e7izilen s\u0131n\u0131rlar\u0131n d\u0131\u015f\u0131nda kalan\u00a0ve destekten yoksun kald\u0131klar\u0131 kabul edilmeyen ki\u015filer, yaln\u0131zca\u00a0 \u201cmanevi tazminat \u201c isteyebilmektedirler. \u00d6rne\u011fin,anne veya babalar\u0131n\u0131 yitirdikleri s\u0131rada ,belli bir ya\u015f\u0131 ge\u00e7mi\u015f yeti\u015fkin \u00e7ocuklar destekten yoksun kalma tazminat\u0131 isteyememekte; onlar\u00a0 \u201cmanevi tazminat \u201cla yetinmek zorunda kalmaktad\u0131rlar.Karde\u015fler de b\u00f6yledir.Onlar da manevi tazminatla yetineceklerdir. Di\u011fer baz\u0131 \u00f6zel durumlar\u0131 incelemek gerekirse \u00a0; Nikahs\u0131z E\u015f Destekten Yoksun Kalma Tazminat\u0131 \u0130steyebilir Mi ? Nikahs\u0131z e\u015f, birlikteli\u011finin s\u00fcreklili\u011fi kan\u0131tlamak ko\u015fuluyla, nikahl\u0131 &hellip;\" \/>\n<meta property=\"og:url\" content=\"https:\/\/denizcankizil.tr\/ru\/koseyazilari\/degerlendirme\/trafik-kazalarinda-olum-nedeniyle-istenen-tazminatlar\/\" \/>\n<meta property=\"og:site_name\" content=\"Av. Deniz Can K\u0131z\u0131l\" \/>\n<meta property=\"article:published_time\" content=\"2024-10-20T12:23:01+00:00\" \/>\n<meta property=\"article:modified_time\" content=\"2025-03-15T21:45:53+00:00\" \/>\n<meta property=\"og:image\" content=\"https:\/\/denizcankizil.tr\/wp-content\/uploads\/2024\/10\/4-25B1.jpg\" \/>\n\t<meta property=\"og:image:width\" content=\"1200\" \/>\n\t<meta property=\"og:image:height\" content=\"800\" \/>\n\t<meta property=\"og:image:type\" content=\"image\/jpeg\" \/>\n<meta name=\"author\" content=\"Av. Deniz Can K\u0131z\u0131l\" \/>\n<meta name=\"twitter:card\" content=\"summary_large_image\" \/>\n<meta name=\"twitter:label1\" content=\"\u041d\u0430\u043f\u0438\u0441\u0430\u043d\u043e \u0430\u0432\u0442\u043e\u0440\u043e\u043c\" \/>\n\t<meta name=\"twitter:data1\" content=\"Av. Deniz Can K\u0131z\u0131l\" \/>\n\t<meta name=\"twitter:label2\" content=\"\u041f\u0440\u0438\u043c\u0435\u0440\u043d\u043e\u0435 \u0432\u0440\u0435\u043c\u044f \u0434\u043b\u044f \u0447\u0442\u0435\u043d\u0438\u044f\" \/>\n\t<meta name=\"twitter:data2\" content=\"8 \u043c\u0438\u043d\u0443\u0442\" \/>\n<script type=\"application\/ld+json\" class=\"yoast-schema-graph\">{\"@context\":\"https:\/\/schema.org\",\"@graph\":[{\"@type\":\"Article\",\"@id\":\"https:\/\/denizcankizil.tr\/ru\/koseyazilari\/degerlendirme\/trafik-kazalarinda-olum-nedeniyle-istenen-tazminatlar\/#article\",\"isPartOf\":{\"@id\":\"https:\/\/denizcankizil.tr\/ru\/koseyazilari\/degerlendirme\/trafik-kazalarinda-olum-nedeniyle-istenen-tazminatlar\/\"},\"author\":{\"name\":\"Av. Deniz Can K\u0131z\u0131l\",\"@id\":\"https:\/\/denizcankizil.tr\/#\/schema\/person\/5dc1b22991bd7ac833867c10afc9b0ff\"},\"headline\":\"TRAF\u0130K KAZALARINDA \u00d6L\u00dcM NEDEN\u0130YLE \u0130STENEN TAZM\u0130NATLAR\",\"datePublished\":\"2024-10-20T12:23:01+00:00\",\"dateModified\":\"2025-03-15T21:45:53+00:00\",\"mainEntityOfPage\":{\"@id\":\"https:\/\/denizcankizil.tr\/ru\/koseyazilari\/degerlendirme\/trafik-kazalarinda-olum-nedeniyle-istenen-tazminatlar\/\"},\"wordCount\":1551,\"publisher\":{\"@id\":\"https:\/\/denizcankizil.tr\/#organization\"},\"image\":{\"@id\":\"https:\/\/denizcankizil.tr\/ru\/koseyazilari\/degerlendirme\/trafik-kazalarinda-olum-nedeniyle-istenen-tazminatlar\/#primaryimage\"},\"thumbnailUrl\":\"https:\/\/denizcankizil.tr\/wp-content\/uploads\/2024\/10\/4-25B1.jpg\",\"keywords\":[\"\u00f6l\u00fcml\u00fc trafik kazas\u0131nda manevi tazminat\",\"trafik kazas\u0131\",\"trafik kazas\u0131 tazminat\"],\"articleSection\":[\"De\u011ferlendirme\"],\"inLanguage\":\"ru-RU\"},{\"@type\":\"WebPage\",\"@id\":\"https:\/\/denizcankizil.tr\/ru\/koseyazilari\/degerlendirme\/trafik-kazalarinda-olum-nedeniyle-istenen-tazminatlar\/\",\"url\":\"https:\/\/denizcankizil.tr\/ru\/koseyazilari\/degerlendirme\/trafik-kazalarinda-olum-nedeniyle-istenen-tazminatlar\/\",\"name\":\"TRAF\u0130K KAZALARINDA \u00d6L\u00dcM NEDEN\u0130YLE \u0130STENEN TAZM\u0130NATLAR - Av. Deniz Can K\u0131z\u0131l\",\"isPartOf\":{\"@id\":\"https:\/\/denizcankizil.tr\/#website\"},\"primaryImageOfPage\":{\"@id\":\"https:\/\/denizcankizil.tr\/ru\/koseyazilari\/degerlendirme\/trafik-kazalarinda-olum-nedeniyle-istenen-tazminatlar\/#primaryimage\"},\"image\":{\"@id\":\"https:\/\/denizcankizil.tr\/ru\/koseyazilari\/degerlendirme\/trafik-kazalarinda-olum-nedeniyle-istenen-tazminatlar\/#primaryimage\"},\"thumbnailUrl\":\"https:\/\/denizcankizil.tr\/wp-content\/uploads\/2024\/10\/4-25B1.jpg\",\"datePublished\":\"2024-10-20T12:23:01+00:00\",\"dateModified\":\"2025-03-15T21:45:53+00:00\",\"breadcrumb\":{\"@id\":\"https:\/\/denizcankizil.tr\/ru\/koseyazilari\/degerlendirme\/trafik-kazalarinda-olum-nedeniyle-istenen-tazminatlar\/#breadcrumb\"},\"inLanguage\":\"ru-RU\",\"potentialAction\":[{\"@type\":\"ReadAction\",\"target\":[\"https:\/\/denizcankizil.tr\/ru\/koseyazilari\/degerlendirme\/trafik-kazalarinda-olum-nedeniyle-istenen-tazminatlar\/\"]}]},{\"@type\":\"ImageObject\",\"inLanguage\":\"ru-RU\",\"@id\":\"https:\/\/denizcankizil.tr\/ru\/koseyazilari\/degerlendirme\/trafik-kazalarinda-olum-nedeniyle-istenen-tazminatlar\/#primaryimage\",\"url\":\"https:\/\/denizcankizil.tr\/wp-content\/uploads\/2024\/10\/4-25B1.jpg\",\"contentUrl\":\"https:\/\/denizcankizil.tr\/wp-content\/uploads\/2024\/10\/4-25B1.jpg\",\"width\":1200,\"height\":800},{\"@type\":\"BreadcrumbList\",\"@id\":\"https:\/\/denizcankizil.tr\/ru\/koseyazilari\/degerlendirme\/trafik-kazalarinda-olum-nedeniyle-istenen-tazminatlar\/#breadcrumb\",\"itemListElement\":[{\"@type\":\"ListItem\",\"position\":1,\"name\":\"Home\",\"item\":\"https:\/\/denizcankizil.tr\/de\/\"},{\"@type\":\"ListItem\",\"position\":2,\"name\":\"TRAF\u0130K KAZALARINDA \u00d6L\u00dcM NEDEN\u0130YLE \u0130STENEN TAZM\u0130NATLAR\"}]},{\"@type\":\"WebSite\",\"@id\":\"https:\/\/denizcankizil.tr\/#website\",\"url\":\"https:\/\/denizcankizil.tr\/\",\"name\":\"Av. Deniz Can K\u0131z\u0131l\",\"description\":\"Avukat Deniz Can K\u0131z\u0131l Antalya Barosu\",\"publisher\":{\"@id\":\"https:\/\/denizcankizil.tr\/#organization\"},\"potentialAction\":[{\"@type\":\"SearchAction\",\"target\":{\"@type\":\"EntryPoint\",\"urlTemplate\":\"https:\/\/denizcankizil.tr\/?s={search_term_string}\"},\"query-input\":{\"@type\":\"PropertyValueSpecification\",\"valueRequired\":true,\"valueName\":\"search_term_string\"}}],\"inLanguage\":\"ru-RU\"},{\"@type\":\"Organization\",\"@id\":\"https:\/\/denizcankizil.tr\/#organization\",\"name\":\"Av. Deniz Can K\u0131z\u0131l\",\"url\":\"https:\/\/denizcankizil.tr\/\",\"logo\":{\"@type\":\"ImageObject\",\"inLanguage\":\"ru-RU\",\"@id\":\"https:\/\/denizcankizil.tr\/#\/schema\/logo\/image\/\",\"url\":\"https:\/\/denizcankizil.tr\/wp-content\/uploads\/2024\/10\/siyah-logo-svg.svg\",\"contentUrl\":\"https:\/\/denizcankizil.tr\/wp-content\/uploads\/2024\/10\/siyah-logo-svg.svg\",\"width\":1080,\"height\":1080,\"caption\":\"Av. Deniz Can K\u0131z\u0131l\"},\"image\":{\"@id\":\"https:\/\/denizcankizil.tr\/#\/schema\/logo\/image\/\"}},{\"@type\":\"Person\",\"@id\":\"https:\/\/denizcankizil.tr\/#\/schema\/person\/5dc1b22991bd7ac833867c10afc9b0ff\",\"name\":\"Av. Deniz Can K\u0131z\u0131l\",\"image\":{\"@type\":\"ImageObject\",\"inLanguage\":\"ru-RU\",\"@id\":\"https:\/\/denizcankizil.tr\/#\/schema\/person\/image\/\",\"url\":\"https:\/\/secure.gravatar.com\/avatar\/a0b128fb9855c79efc976d5640eedb31dc35ec297594d6016d2cf7c60e975bb6?s=96&d=mm&r=g\",\"contentUrl\":\"https:\/\/secure.gravatar.com\/avatar\/a0b128fb9855c79efc976d5640eedb31dc35ec297594d6016d2cf7c60e975bb6?s=96&d=mm&r=g\",\"caption\":\"Av. Deniz Can K\u0131z\u0131l\"},\"sameAs\":[\"http:\/\/www.denizcankizil.tr\"],\"url\":\"https:\/\/denizcankizil.tr\/ru\/author\/denizcankizil\/\"}]}<\/script>\n<!-- \/ Yoast SEO Premium plugin. -->","yoast_head_json":{"title":"\u0422\u0420\u0415\u0411\u0423\u0415\u041c\u042b\u0415 \u041a\u041e\u041c\u041f\u0415\u041d\u0421\u0410\u0426\u0418\u0418 \u0417\u0410 \u0421\u041c\u0415\u0420\u0422\u042c \u0412 \u0414\u041e\u0420\u041e\u0416\u041d\u041e-\u0422\u0420\u0410\u041d\u0421\u041f\u041e\u0420\u0422\u041d\u042b\u0425 \u041f\u0420\u041e\u0418\u0421\u0428\u0415\u0421\u0422\u0412\u0418\u042f\u0425 - \u0410\u0432. \u041c\u043e\u0440\u0435 \u043c\u043e\u0436\u0435\u0442 \u041a\u0440\u0430\u0441\u043d\u044b\u0439","robots":{"index":"index","follow":"follow","max-snippet":"max-snippet:-1","max-image-preview":"max-image-preview:large","max-video-preview":"max-video-preview:-1"},"canonical":"https:\/\/denizcankizil.tr\/ru\/koseyazilari\/degerlendirme\/trafik-kazalarinda-olum-nedeniyle-istenen-tazminatlar\/","og_locale":"ru_RU","og_type":"article","og_title":"TRAF\u0130K KAZALARINDA \u00d6L\u00dcM NEDEN\u0130YLE \u0130STENEN TAZM\u0130NATLAR","og_description":"TRAF\u0130K KAZALARINDA \u00d6L\u00dcM NEDEN\u0130YLE \u0130STENEN TAZM\u0130NATLAR 1)DESTEKTEN YOKSUN KALMA TAZM\u0130NATI Destekten Yoksun Kalma Tazminat\u0131 Nedir? Destekten yoksun kalma tazminat\u0131, \u00f6len ki\u015finin ya\u015fam\u0131nda maddi veya manevi destek vererek yan\u0131nda oldu\u011fu ki\u015filere \u00f6ld\u00fc\u011f\u00fc i\u00e7in destek olamamas\u0131 sebebiyle destekten yoksun kalan ki\u015filere verilir. Bu tazminat, destekten yoksun kalan ki\u015filere hayatlar\u0131ndaki bu eksilme dolay\u0131s\u0131yla g\u00fc\u00e7l\u00fck ya\u015famamalar\u0131 i\u00e7in maddi bir destek sa\u011flamak amac\u0131yla istenir. Destekten Yoksun Kalma Tazminat\u0131n\u0131 Kimler \u0130steyebilir? \u00d6l\u00fcm nedeniyle tazminat davalar\u0131nda as\u0131l davac\u0131lar destekten yoksun kalanlard\u0131r. Destekten yoksun kalanlar hem maddi hem manevi tazminat isteme hakk\u0131na sahiptirler. Burada \u00f6nemli olan husus destekten yoksun kalma tazminat\u0131 isteminde bulunan ki\u015finin \u00f6lenden ya\u015farken destek ald\u0131\u011f\u0131n\u0131 ispat etmesidir. Genellikle destekten yoksun kalma tazminat\u0131 isteyebilecek olanlar\u00a0\u00f6len ki\u015finin e\u015fi, \u00e7ocuklar\u0131,annesi ve babas\u0131d\u0131r.Karde\u015fler ise ancak \u00e7ok s\u0131n\u0131rl\u0131 ko\u015fullarda birbirlerinin deste\u011fi olabilirler. Bunun d\u0131\u015f\u0131nda \u00f6lenin yak\u0131n\u0131 olup da, yarg\u0131sal inan\u00e7larla ve \u00f6\u011fretideki g\u00f6r\u00fc\u015flerle \u00e7izilen s\u0131n\u0131rlar\u0131n d\u0131\u015f\u0131nda kalan\u00a0ve destekten yoksun kald\u0131klar\u0131 kabul edilmeyen ki\u015filer, yaln\u0131zca\u00a0 \u201cmanevi tazminat \u201c isteyebilmektedirler. \u00d6rne\u011fin,anne veya babalar\u0131n\u0131 yitirdikleri s\u0131rada ,belli bir ya\u015f\u0131 ge\u00e7mi\u015f yeti\u015fkin \u00e7ocuklar destekten yoksun kalma tazminat\u0131 isteyememekte; onlar\u00a0 \u201cmanevi tazminat \u201cla yetinmek zorunda kalmaktad\u0131rlar.Karde\u015fler de b\u00f6yledir.Onlar da manevi tazminatla yetineceklerdir. Di\u011fer baz\u0131 \u00f6zel durumlar\u0131 incelemek gerekirse \u00a0; Nikahs\u0131z E\u015f Destekten Yoksun Kalma Tazminat\u0131 \u0130steyebilir Mi ? Nikahs\u0131z e\u015f, birlikteli\u011finin s\u00fcreklili\u011fi kan\u0131tlamak ko\u015fuluyla, nikahl\u0131 &hellip;","og_url":"https:\/\/denizcankizil.tr\/ru\/koseyazilari\/degerlendirme\/trafik-kazalarinda-olum-nedeniyle-istenen-tazminatlar\/","og_site_name":"Av. Deniz Can K\u0131z\u0131l","article_published_time":"2024-10-20T12:23:01+00:00","article_modified_time":"2025-03-15T21:45:53+00:00","og_image":[{"width":1200,"height":800,"url":"https:\/\/denizcankizil.tr\/wp-content\/uploads\/2024\/10\/4-25B1.jpg","type":"image\/jpeg"}],"author":"Av. Deniz Can K\u0131z\u0131l","twitter_card":"summary_large_image","twitter_misc":{"\u041d\u0430\u043f\u0438\u0441\u0430\u043d\u043e \u0430\u0432\u0442\u043e\u0440\u043e\u043c":"Av. Deniz Can K\u0131z\u0131l","\u041f\u0440\u0438\u043c\u0435\u0440\u043d\u043e\u0435 \u0432\u0440\u0435\u043c\u044f \u0434\u043b\u044f \u0447\u0442\u0435\u043d\u0438\u044f":"8 \u043c\u0438\u043d\u0443\u0442"},"schema":{"@context":"https:\/\/schema.org","@graph":[{"@type":"Article","@id":"https:\/\/denizcankizil.tr\/ru\/koseyazilari\/degerlendirme\/trafik-kazalarinda-olum-nedeniyle-istenen-tazminatlar\/#article","isPartOf":{"@id":"https:\/\/denizcankizil.tr\/ru\/koseyazilari\/degerlendirme\/trafik-kazalarinda-olum-nedeniyle-istenen-tazminatlar\/"},"author":{"name":"Av. Deniz Can K\u0131z\u0131l","@id":"https:\/\/denizcankizil.tr\/#\/schema\/person\/5dc1b22991bd7ac833867c10afc9b0ff"},"headline":"TRAF\u0130K KAZALARINDA \u00d6L\u00dcM NEDEN\u0130YLE \u0130STENEN TAZM\u0130NATLAR","datePublished":"2024-10-20T12:23:01+00:00","dateModified":"2025-03-15T21:45:53+00:00","mainEntityOfPage":{"@id":"https:\/\/denizcankizil.tr\/ru\/koseyazilari\/degerlendirme\/trafik-kazalarinda-olum-nedeniyle-istenen-tazminatlar\/"},"wordCount":1551,"publisher":{"@id":"https:\/\/denizcankizil.tr\/#organization"},"image":{"@id":"https:\/\/denizcankizil.tr\/ru\/koseyazilari\/degerlendirme\/trafik-kazalarinda-olum-nedeniyle-istenen-tazminatlar\/#primaryimage"},"thumbnailUrl":"https:\/\/denizcankizil.tr\/wp-content\/uploads\/2024\/10\/4-25B1.jpg","keywords":["\u00f6l\u00fcml\u00fc trafik kazas\u0131nda manevi tazminat","trafik kazas\u0131","trafik kazas\u0131 tazminat"],"articleSection":["De\u011ferlendirme"],"inLanguage":"ru-RU"},{"@type":"WebPage","@id":"https:\/\/denizcankizil.tr\/ru\/koseyazilari\/degerlendirme\/trafik-kazalarinda-olum-nedeniyle-istenen-tazminatlar\/","url":"https:\/\/denizcankizil.tr\/ru\/koseyazilari\/degerlendirme\/trafik-kazalarinda-olum-nedeniyle-istenen-tazminatlar\/","name":"\u0422\u0420\u0415\u0411\u0423\u0415\u041c\u042b\u0415 \u041a\u041e\u041c\u041f\u0415\u041d\u0421\u0410\u0426\u0418\u0418 \u0417\u0410 \u0421\u041c\u0415\u0420\u0422\u042c \u0412 \u0414\u041e\u0420\u041e\u0416\u041d\u041e-\u0422\u0420\u0410\u041d\u0421\u041f\u041e\u0420\u0422\u041d\u042b\u0425 \u041f\u0420\u041e\u0418\u0421\u0428\u0415\u0421\u0422\u0412\u0418\u042f\u0425 - \u0410\u0432. \u041c\u043e\u0440\u0435 \u043c\u043e\u0436\u0435\u0442 \u041a\u0440\u0430\u0441\u043d\u044b\u0439","isPartOf":{"@id":"https:\/\/denizcankizil.tr\/#website"},"primaryImageOfPage":{"@id":"https:\/\/denizcankizil.tr\/ru\/koseyazilari\/degerlendirme\/trafik-kazalarinda-olum-nedeniyle-istenen-tazminatlar\/#primaryimage"},"image":{"@id":"https:\/\/denizcankizil.tr\/ru\/koseyazilari\/degerlendirme\/trafik-kazalarinda-olum-nedeniyle-istenen-tazminatlar\/#primaryimage"},"thumbnailUrl":"https:\/\/denizcankizil.tr\/wp-content\/uploads\/2024\/10\/4-25B1.jpg","datePublished":"2024-10-20T12:23:01+00:00","dateModified":"2025-03-15T21:45:53+00:00","breadcrumb":{"@id":"https:\/\/denizcankizil.tr\/ru\/koseyazilari\/degerlendirme\/trafik-kazalarinda-olum-nedeniyle-istenen-tazminatlar\/#breadcrumb"},"inLanguage":"ru-RU","potentialAction":[{"@type":"ReadAction","target":["https:\/\/denizcankizil.tr\/ru\/koseyazilari\/degerlendirme\/trafik-kazalarinda-olum-nedeniyle-istenen-tazminatlar\/"]}]},{"@type":"ImageObject","inLanguage":"ru-RU","@id":"https:\/\/denizcankizil.tr\/ru\/koseyazilari\/degerlendirme\/trafik-kazalarinda-olum-nedeniyle-istenen-tazminatlar\/#primaryimage","url":"https:\/\/denizcankizil.tr\/wp-content\/uploads\/2024\/10\/4-25B1.jpg","contentUrl":"https:\/\/denizcankizil.tr\/wp-content\/uploads\/2024\/10\/4-25B1.jpg","width":1200,"height":800},{"@type":"BreadcrumbList","@id":"https:\/\/denizcankizil.tr\/ru\/koseyazilari\/degerlendirme\/trafik-kazalarinda-olum-nedeniyle-istenen-tazminatlar\/#breadcrumb","itemListElement":[{"@type":"ListItem","position":1,"name":"Home","item":"https:\/\/denizcankizil.tr\/de\/"},{"@type":"ListItem","position":2,"name":"TRAF\u0130K KAZALARINDA \u00d6L\u00dcM NEDEN\u0130YLE \u0130STENEN TAZM\u0130NATLAR"}]},{"@type":"WebSite","@id":"https:\/\/denizcankizil.tr\/#website","url":"https:\/\/denizcankizil.tr\/","name":"Av. Deniz Can K\u0131z\u0131l","description":"Avukat Deniz Can K\u0131z\u0131l Antalya Barosu","publisher":{"@id":"https:\/\/denizcankizil.tr\/#organization"},"potentialAction":[{"@type":"SearchAction","target":{"@type":"EntryPoint","urlTemplate":"https:\/\/denizcankizil.tr\/?s={search_term_string}"},"query-input":{"@type":"PropertyValueSpecification","valueRequired":true,"valueName":"search_term_string"}}],"inLanguage":"ru-RU"},{"@type":"Organization","@id":"https:\/\/denizcankizil.tr\/#organization","name":"Av. Deniz Can K\u0131z\u0131l","url":"https:\/\/denizcankizil.tr\/","logo":{"@type":"ImageObject","inLanguage":"ru-RU","@id":"https:\/\/denizcankizil.tr\/#\/schema\/logo\/image\/","url":"https:\/\/denizcankizil.tr\/wp-content\/uploads\/2024\/10\/siyah-logo-svg.svg","contentUrl":"https:\/\/denizcankizil.tr\/wp-content\/uploads\/2024\/10\/siyah-logo-svg.svg","width":1080,"height":1080,"caption":"Av. Deniz Can K\u0131z\u0131l"},"image":{"@id":"https:\/\/denizcankizil.tr\/#\/schema\/logo\/image\/"}},{"@type":"Person","@id":"https:\/\/denizcankizil.tr\/#\/schema\/person\/5dc1b22991bd7ac833867c10afc9b0ff","name":"Av. Deniz Can K\u0131z\u0131l","image":{"@type":"ImageObject","inLanguage":"ru-RU","@id":"https:\/\/denizcankizil.tr\/#\/schema\/person\/image\/","url":"https:\/\/secure.gravatar.com\/avatar\/a0b128fb9855c79efc976d5640eedb31dc35ec297594d6016d2cf7c60e975bb6?s=96&d=mm&r=g","contentUrl":"https:\/\/secure.gravatar.com\/avatar\/a0b128fb9855c79efc976d5640eedb31dc35ec297594d6016d2cf7c60e975bb6?s=96&d=mm&r=g","caption":"Av. Deniz Can K\u0131z\u0131l"},"sameAs":["http:\/\/www.denizcankizil.tr"],"url":"https:\/\/denizcankizil.tr\/ru\/author\/denizcankizil\/"}]}},"_links":{"self":[{"href":"https:\/\/denizcankizil.tr\/ru\/wp-json\/wp\/v2\/posts\/5338","targetHints":{"allow":["GET"]}}],"collection":[{"href":"https:\/\/denizcankizil.tr\/ru\/wp-json\/wp\/v2\/posts"}],"about":[{"href":"https:\/\/denizcankizil.tr\/ru\/wp-json\/wp\/v2\/types\/post"}],"author":[{"embeddable":true,"href":"https:\/\/denizcankizil.tr\/ru\/wp-json\/wp\/v2\/users\/4"}],"replies":[{"embeddable":true,"href":"https:\/\/denizcankizil.tr\/ru\/wp-json\/wp\/v2\/comments?post=5338"}],"version-history":[{"count":10,"href":"https:\/\/denizcankizil.tr\/ru\/wp-json\/wp\/v2\/posts\/5338\/revisions"}],"predecessor-version":[{"id":11493,"href":"https:\/\/denizcankizil.tr\/ru\/wp-json\/wp\/v2\/posts\/5338\/revisions\/11493"}],"wp:featuredmedia":[{"embeddable":true,"href":"https:\/\/denizcankizil.tr\/ru\/wp-json\/wp\/v2\/media\/1801"}],"wp:attachment":[{"href":"https:\/\/denizcankizil.tr\/ru\/wp-json\/wp\/v2\/media?parent=5338"}],"wp:term":[{"taxonomy":"category","embeddable":true,"href":"https:\/\/denizcankizil.tr\/ru\/wp-json\/wp\/v2\/categories?post=5338"},{"taxonomy":"post_tag","embeddable":true,"href":"https:\/\/denizcankizil.tr\/ru\/wp-json\/wp\/v2\/tags?post=5338"}],"curies":[{"name":"wp","href":"https:\/\/api.w.org\/{rel}","templated":true}]}}