{"id":5321,"date":"2024-10-20T14:43:25","date_gmt":"2024-10-20T11:43:25","guid":{"rendered":"https:\/\/denizcankizil.tr\/uncategorized-tr\/bursa-zaferden-kefen-bezine-imzali-tepki\/"},"modified":"2024-10-20T14:43:34","modified_gmt":"2024-10-20T11:43:34","slug":"bursa-zaferden-kefen-bezine-imzali-tepki","status":"publish","type":"post","link":"https:\/\/denizcankizil.tr\/ru\/haberler\/gundem\/bursa-zaferden-kefen-bezine-imzali-tepki\/","title":{"rendered":"Bursa Zafer&#8217;den &#8216;kefen bezine imzal\u0131&#8217; tepki!"},"content":{"rendered":"<h1>Bursa&#8217;da Yenido\u011fan Bebek \u00c7etesi Protestosu<\/h1>\n\n<p>Bursa&#8217;da, 112 Acil Servisi ile i\u015fbirli\u011fi yaparak bebek hastalar\u0131n\u0131 anla\u015fmal\u0131 \u00f6zel hastanelerin yenido\u011fan \u00fcnitelerine y\u00f6nlendiren ve bu s\u00fcre\u00e7te haks\u0131z kazan\u00e7 elde eden 22 tutuklu ve 47 \u015f\u00fcpheli hakk\u0131nda \u00f6nemli bir protesto ger\u00e7ekle\u015ftirildi. Zafer Partisi \u0130l Ba\u015fkanl\u0131\u011f\u0131 taraf\u0131ndan d\u00fczenlenen \u201cKefen Bezine \u0130mza Stand\u0131\u201d etkinli\u011fi, bu durumu k\u0131namak amac\u0131yla hayata ge\u00e7irildi.<\/p>\n\n<h2>Protestonun Detaylar\u0131<\/h2>\n<p>Etkinli\u011fe Zafer Partisi Bursa \u0130l Ba\u015fkan\u0131 Cihat Gazi, \u0130l Te\u015fkilat Ba\u015fkan\u0131 Ferit G\u00fcrsoy, \u0130l Kad\u0131n Kollar\u0131 Ba\u015fkan\u0131 Fatma G\u00fcl ve 15 il y\u00f6neticisi kat\u0131ld\u0131. \u015eehrek\u00fcst\u00fc Meydan\u0131&#8217;nda yap\u0131lan organizasyonda sorumlular\u0131n en a\u011f\u0131r \u015fekilde cezaland\u0131r\u0131lmas\u0131 talep edildi. Kad\u0131n Kollar\u0131 Ba\u015fkan\u0131 Fatma G\u00fcl; \u201cBizi derinden etkileyen bir olayla kar\u015f\u0131 kar\u015f\u0131yay\u0131z. Masum bebek bedenlerini ac\u0131mas\u0131zca pazarlayan bir zihniyetin h\u00fck\u00fcm s\u00fcrd\u00fc\u011f\u00fc g\u00fcnleri ya\u015f\u0131yoruz. Bursal\u0131lar olarak tepkimizi kefen bezine duygular\u0131m\u0131z\u0131 yazarak ifade etmek istedik.\u201d \u015feklinde konu\u015ftu.<\/p>\n\n<h2>Sa\u011fl\u0131kta G\u00fcven Sorunu<\/h2>\n<p>\u0130l Te\u015fkilat Ba\u015fkan\u0131 Ferit G\u00fcrsoy ise; \u201cE\u011fer insanlar sa\u011fl\u0131k \u00e7al\u0131\u015fanlar\u0131na g\u00fcvenemiyorsa, o zaman kime g\u00fcvenip sa\u011fl\u0131klar\u0131n\u0131 emanet edecekler? Rant \u00e7eteleri sadece sa\u011fl\u0131k alan\u0131nda de\u011fil; Bursa\u2019ya \u00e7\u00f6ken her gruba kar\u015f\u0131 di\u015fe di\u015f m\u00fccadele etmeye kararl\u0131y\u0131z!\u201d dedi.<\/p>\n\n<h2>Soru\u015fturman\u0131n Arka Plan\u0131<\/h2>\n<p>\u0130l Ba\u015fkan\u0131 Cihat Gazi de dikkat \u00e7ekici a\u00e7\u0131klamalarda bulundu: \u201cSoru\u015fturman\u0131n eski Sa\u011fl\u0131k Bakan\u0131 Fahrettin Koca d\u00f6neminde ba\u015flat\u0131ld\u0131\u011f\u0131 iddia ediliyor. E\u011fer biliyordunuz da neden aylarca beklediniz? Onlarca masum bebe\u011fin \u00f6l\u00fcm\u00fcn\u00fc neden g\u00f6zlemlediniz? Sosyal G\u00fcvenlik Kurumu\u2019ndan (SGK) daha fazla gelir elde etmek i\u00e7in bebek hastalar\u0131n yat\u0131\u015f s\u00fcrelerini uzatt\u0131klar\u0131 ve baz\u0131 durumlar\u0131 normalden daha k\u00f6t\u00fc g\u00f6sterdikleri bilgileri var. Ayr\u0131ca hasta yak\u0131nlar\u0131ndan para al\u0131nd\u0131\u011f\u0131na dair iddialar mevcut.\u201d dedi.<\/p>\n\n<h3>Kazan\u00e7 Art\u0131\u015f\u0131 \u00dczerine \u0130ddialar<\/h3>\n<p>Cihat Gazi s\u00f6zlerine \u015f\u00f6yle devam etti: \u201c\u015e\u00fcphelilerin ger\u00e7ekle\u015ftirdi\u011fi i\u015flemlerle yenido\u011fan yo\u011fun bak\u0131m \u00fcnitelerindeki kazanc\u0131 3-4 kat art\u0131rd\u0131klar\u0131 g\u00f6r\u00fcl\u00fcyor. Bu durum ger\u00e7ekten utan\u00e7 verici!\u201d ifadelerini kulland\u0131.<\/p>\n\n<p>Bursa&#8217;daki bu protesto, T\u00fcrkiye genelinde g\u00fcndeme oturan Yenido\u011fan Bebek \u00c7etesi skandal\u0131na dikkat \u00e7ekmek amac\u0131yla d\u00fczenlenmi\u015f olup, toplumda b\u00fcy\u00fck yank\u0131lar uyand\u0131rm\u0131\u015ft\u0131r.<\/p>","protected":false},"excerpt":{"rendered":"<p>Bursa&#8217;da Yenido\u011fan Bebek \u00c7etesi Protestosu Bursa&#8217;da, 112 Acil Servisi ile i\u015fbirli\u011fi yaparak bebek hastalar\u0131n\u0131 anla\u015fmal\u0131 \u00f6zel hastanelerin yenido\u011fan \u00fcnitelerine y\u00f6nlendiren ve bu s\u00fcre\u00e7te haks\u0131z kazan\u00e7 elde eden 22 tutuklu ve 47 \u015f\u00fcpheli hakk\u0131nda \u00f6nemli bir protesto ger\u00e7ekle\u015ftirildi. Zafer Partisi \u0130l Ba\u015fkanl\u0131\u011f\u0131 taraf\u0131ndan d\u00fczenlenen \u201cKefen Bezine \u0130mza Stand\u0131\u201d etkinli\u011fi, bu durumu k\u0131namak amac\u0131yla hayata ge\u00e7irildi. Protestonun Detaylar\u0131 Etkinli\u011fe Zafer Partisi Bursa \u0130l Ba\u015fkan\u0131 Cihat Gazi, \u0130l Te\u015fkilat Ba\u015fkan\u0131 Ferit G\u00fcrsoy, \u0130l Kad\u0131n Kollar\u0131 Ba\u015fkan\u0131 Fatma G\u00fcl ve 15 il y\u00f6neticisi kat\u0131ld\u0131. \u015eehrek\u00fcst\u00fc Meydan\u0131&#8217;nda yap\u0131lan organizasyonda sorumlular\u0131n en a\u011f\u0131r \u015fekilde cezaland\u0131r\u0131lmas\u0131 talep edildi. Kad\u0131n Kollar\u0131 Ba\u015fkan\u0131 Fatma G\u00fcl; \u201cBizi derinden etkileyen bir olayla kar\u015f\u0131 kar\u015f\u0131yay\u0131z. Masum bebek bedenlerini ac\u0131mas\u0131zca pazarlayan bir zihniyetin h\u00fck\u00fcm s\u00fcrd\u00fc\u011f\u00fc g\u00fcnleri ya\u015f\u0131yoruz. Bursal\u0131lar olarak tepkimizi kefen bezine duygular\u0131m\u0131z\u0131 yazarak ifade etmek istedik.\u201d \u015feklinde konu\u015ftu. Sa\u011fl\u0131kta G\u00fcven Sorunu \u0130l Te\u015fkilat Ba\u015fkan\u0131 Ferit G\u00fcrsoy ise; \u201cE\u011fer insanlar sa\u011fl\u0131k \u00e7al\u0131\u015fanlar\u0131na g\u00fcvenemiyorsa, o zaman kime g\u00fcvenip sa\u011fl\u0131klar\u0131n\u0131 emanet edecekler? Rant \u00e7eteleri sadece sa\u011fl\u0131k alan\u0131nda de\u011fil; Bursa\u2019ya \u00e7\u00f6ken her gruba kar\u015f\u0131 di\u015fe di\u015f m\u00fccadele etmeye kararl\u0131y\u0131z!\u201d dedi. Soru\u015fturman\u0131n Arka Plan\u0131 \u0130l Ba\u015fkan\u0131 Cihat Gazi de dikkat \u00e7ekici a\u00e7\u0131klamalarda bulundu: \u201cSoru\u015fturman\u0131n eski Sa\u011fl\u0131k Bakan\u0131 Fahrettin Koca d\u00f6neminde ba\u015flat\u0131ld\u0131\u011f\u0131 iddia ediliyor. E\u011fer biliyordunuz da neden aylarca beklediniz? Onlarca masum bebe\u011fin \u00f6l\u00fcm\u00fcn\u00fc neden g\u00f6zlemlediniz? Sosyal G\u00fcvenlik &hellip;<\/p>","protected":false},"author":0,"featured_media":0,"comment_status":"open","ping_status":"open","sticky":false,"template":"","format":"standard","meta":{"_acf_changed":false,"footnotes":""},"categories":[24,535],"tags":[],"class_list":["post-5321","post","type-post","status-publish","format-standard","has-post-thumbnail","hentry","category-gundem","category-uncategorized-tr"],"acf":[],"yoast_head":"<!-- This site is optimized with the Yoast SEO Premium plugin v26.6 (Yoast SEO v27.1.1) - https:\/\/yoast.com\/product\/yoast-seo-premium-wordpress\/ -->\n<title>Bursa Zafer&#039;den &#039;kefen bezine imzal\u0131&#039; tepki! - Av. Deniz Can K\u0131z\u0131l<\/title>\n<meta name=\"robots\" content=\"index, follow, max-snippet:-1, max-image-preview:large, max-video-preview:-1\" \/>\n<link rel=\"canonical\" href=\"https:\/\/denizcankizil.tr\/ru\/haberler\/gundem\/bursa-zaferden-kefen-bezine-imzali-tepki\/\" \/>\n<meta property=\"og:locale\" content=\"ru_RU\" \/>\n<meta property=\"og:type\" content=\"article\" \/>\n<meta property=\"og:title\" content=\"Bursa Zafer&#039;den &#039;kefen bezine imzal\u0131&#039; tepki!\" \/>\n<meta property=\"og:description\" content=\"Bursa&#8217;da Yenido\u011fan Bebek \u00c7etesi Protestosu Bursa&#8217;da, 112 Acil Servisi ile i\u015fbirli\u011fi yaparak bebek hastalar\u0131n\u0131 anla\u015fmal\u0131 \u00f6zel hastanelerin yenido\u011fan \u00fcnitelerine y\u00f6nlendiren ve bu s\u00fcre\u00e7te haks\u0131z kazan\u00e7 elde eden 22 tutuklu ve 47 \u015f\u00fcpheli hakk\u0131nda \u00f6nemli bir protesto ger\u00e7ekle\u015ftirildi. Zafer Partisi \u0130l Ba\u015fkanl\u0131\u011f\u0131 taraf\u0131ndan d\u00fczenlenen \u201cKefen Bezine \u0130mza Stand\u0131\u201d etkinli\u011fi, bu durumu k\u0131namak amac\u0131yla hayata ge\u00e7irildi. Protestonun Detaylar\u0131 Etkinli\u011fe Zafer Partisi Bursa \u0130l Ba\u015fkan\u0131 Cihat Gazi, \u0130l Te\u015fkilat Ba\u015fkan\u0131 Ferit G\u00fcrsoy, \u0130l Kad\u0131n Kollar\u0131 Ba\u015fkan\u0131 Fatma G\u00fcl ve 15 il y\u00f6neticisi kat\u0131ld\u0131. \u015eehrek\u00fcst\u00fc Meydan\u0131&#8217;nda yap\u0131lan organizasyonda sorumlular\u0131n en a\u011f\u0131r \u015fekilde cezaland\u0131r\u0131lmas\u0131 talep edildi. Kad\u0131n Kollar\u0131 Ba\u015fkan\u0131 Fatma G\u00fcl; \u201cBizi derinden etkileyen bir olayla kar\u015f\u0131 kar\u015f\u0131yay\u0131z. Masum bebek bedenlerini ac\u0131mas\u0131zca pazarlayan bir zihniyetin h\u00fck\u00fcm s\u00fcrd\u00fc\u011f\u00fc g\u00fcnleri ya\u015f\u0131yoruz. Bursal\u0131lar olarak tepkimizi kefen bezine duygular\u0131m\u0131z\u0131 yazarak ifade etmek istedik.\u201d \u015feklinde konu\u015ftu. Sa\u011fl\u0131kta G\u00fcven Sorunu \u0130l Te\u015fkilat Ba\u015fkan\u0131 Ferit G\u00fcrsoy ise; \u201cE\u011fer insanlar sa\u011fl\u0131k \u00e7al\u0131\u015fanlar\u0131na g\u00fcvenemiyorsa, o zaman kime g\u00fcvenip sa\u011fl\u0131klar\u0131n\u0131 emanet edecekler? Rant \u00e7eteleri sadece sa\u011fl\u0131k alan\u0131nda de\u011fil; Bursa\u2019ya \u00e7\u00f6ken her gruba kar\u015f\u0131 di\u015fe di\u015f m\u00fccadele etmeye kararl\u0131y\u0131z!\u201d dedi. Soru\u015fturman\u0131n Arka Plan\u0131 \u0130l Ba\u015fkan\u0131 Cihat Gazi de dikkat \u00e7ekici a\u00e7\u0131klamalarda bulundu: \u201cSoru\u015fturman\u0131n eski Sa\u011fl\u0131k Bakan\u0131 Fahrettin Koca d\u00f6neminde ba\u015flat\u0131ld\u0131\u011f\u0131 iddia ediliyor. E\u011fer biliyordunuz da neden aylarca beklediniz? Onlarca masum bebe\u011fin \u00f6l\u00fcm\u00fcn\u00fc neden g\u00f6zlemlediniz? Sosyal G\u00fcvenlik &hellip;\" \/>\n<meta property=\"og:url\" content=\"https:\/\/denizcankizil.tr\/ru\/haberler\/gundem\/bursa-zaferden-kefen-bezine-imzali-tepki\/\" \/>\n<meta property=\"og:site_name\" content=\"Av. Deniz Can K\u0131z\u0131l\" \/>\n<meta property=\"article:published_time\" content=\"2024-10-20T11:43:25+00:00\" \/>\n<meta property=\"article:modified_time\" content=\"2024-10-20T11:43:34+00:00\" \/>\n<meta name=\"twitter:card\" content=\"summary_large_image\" \/>\n<meta name=\"twitter:label1\" content=\"\u041f\u0440\u0438\u043c\u0435\u0440\u043d\u043e\u0435 \u0432\u0440\u0435\u043c\u044f \u0434\u043b\u044f \u0447\u0442\u0435\u043d\u0438\u044f\" \/>\n\t<meta name=\"twitter:data1\" content=\"2 \u043c\u0438\u043d\u0443\u0442\u044b\" \/>\n<script type=\"application\/ld+json\" class=\"yoast-schema-graph\">{\"@context\":\"https:\/\/schema.org\",\"@graph\":[{\"@type\":\"Article\",\"@id\":\"https:\/\/denizcankizil.tr\/ru\/haberler\/gundem\/bursa-zaferden-kefen-bezine-imzali-tepki\/#article\",\"isPartOf\":{\"@id\":\"https:\/\/denizcankizil.tr\/ru\/haberler\/gundem\/bursa-zaferden-kefen-bezine-imzali-tepki\/\"},\"author\":{\"name\":\"\",\"@id\":\"\"},\"headline\":\"Bursa Zafer&#8217;den &#8216;kefen bezine imzal\u0131&#8217; tepki!\",\"datePublished\":\"2024-10-20T11:43:25+00:00\",\"dateModified\":\"2024-10-20T11:43:34+00:00\",\"mainEntityOfPage\":{\"@id\":\"https:\/\/denizcankizil.tr\/ru\/haberler\/gundem\/bursa-zaferden-kefen-bezine-imzali-tepki\/\"},\"wordCount\":419,\"commentCount\":0,\"publisher\":{\"@id\":\"https:\/\/denizcankizil.tr\/de\/#organization\"},\"articleSection\":[\"G\u00fcndem\",\"Uncategorized\"],\"inLanguage\":\"ru-RU\",\"potentialAction\":[{\"@type\":\"CommentAction\",\"name\":\"Comment\",\"target\":[\"https:\/\/denizcankizil.tr\/ru\/haberler\/gundem\/bursa-zaferden-kefen-bezine-imzali-tepki\/#respond\"]}]},{\"@type\":\"WebPage\",\"@id\":\"https:\/\/denizcankizil.tr\/ru\/haberler\/gundem\/bursa-zaferden-kefen-bezine-imzali-tepki\/\",\"url\":\"https:\/\/denizcankizil.tr\/ru\/haberler\/gundem\/bursa-zaferden-kefen-bezine-imzali-tepki\/\",\"name\":\"Bursa Zafer'den 'kefen bezine imzal\u0131' tepki! - Av. Deniz Can K\u0131z\u0131l\",\"isPartOf\":{\"@id\":\"https:\/\/denizcankizil.tr\/de\/#website\"},\"datePublished\":\"2024-10-20T11:43:25+00:00\",\"dateModified\":\"2024-10-20T11:43:34+00:00\",\"breadcrumb\":{\"@id\":\"https:\/\/denizcankizil.tr\/ru\/haberler\/gundem\/bursa-zaferden-kefen-bezine-imzali-tepki\/#breadcrumb\"},\"inLanguage\":\"ru-RU\",\"potentialAction\":[{\"@type\":\"ReadAction\",\"target\":[\"https:\/\/denizcankizil.tr\/ru\/haberler\/gundem\/bursa-zaferden-kefen-bezine-imzali-tepki\/\"]}]},{\"@type\":\"BreadcrumbList\",\"@id\":\"https:\/\/denizcankizil.tr\/ru\/haberler\/gundem\/bursa-zaferden-kefen-bezine-imzali-tepki\/#breadcrumb\",\"itemListElement\":[{\"@type\":\"ListItem\",\"position\":1,\"name\":\"Home\",\"item\":\"https:\/\/denizcankizil.tr\/de\/\"},{\"@type\":\"ListItem\",\"position\":2,\"name\":\"Bursa Zafer&#8217;den &#8216;kefen bezine imzal\u0131&#8217; tepki!\"}]},{\"@type\":\"WebSite\",\"@id\":\"https:\/\/denizcankizil.tr\/de\/#website\",\"url\":\"https:\/\/denizcankizil.tr\/de\/\",\"name\":\"Av. Deniz Can K\u0131z\u0131l\",\"description\":\"Avukat Deniz Can K\u0131z\u0131l Antalya Barosu\",\"publisher\":{\"@id\":\"https:\/\/denizcankizil.tr\/de\/#organization\"},\"potentialAction\":[{\"@type\":\"SearchAction\",\"target\":{\"@type\":\"EntryPoint\",\"urlTemplate\":\"https:\/\/denizcankizil.tr\/de\/?s={search_term_string}\"},\"query-input\":{\"@type\":\"PropertyValueSpecification\",\"valueRequired\":true,\"valueName\":\"search_term_string\"}}],\"inLanguage\":\"ru-RU\"},{\"@type\":\"Organization\",\"@id\":\"https:\/\/denizcankizil.tr\/de\/#organization\",\"name\":\"Av. Deniz Can K\u0131z\u0131l\",\"url\":\"https:\/\/denizcankizil.tr\/de\/\",\"logo\":{\"@type\":\"ImageObject\",\"inLanguage\":\"ru-RU\",\"@id\":\"https:\/\/denizcankizil.tr\/de\/#\/schema\/logo\/image\/\",\"url\":\"https:\/\/denizcankizil.tr\/wp-content\/uploads\/2024\/10\/siyah-logo-svg.svg\",\"contentUrl\":\"https:\/\/denizcankizil.tr\/wp-content\/uploads\/2024\/10\/siyah-logo-svg.svg\",\"width\":1080,\"height\":1080,\"caption\":\"Av. Deniz Can K\u0131z\u0131l\"},\"image\":{\"@id\":\"https:\/\/denizcankizil.tr\/de\/#\/schema\/logo\/image\/\"}}]}<\/script>\n<!-- \/ Yoast SEO Premium plugin. -->","yoast_head_json":{"title":"Bursa Zafer'den 'kefen bezine imzal\u0131' tepki! - Av. Deniz Can K\u0131z\u0131l","robots":{"index":"index","follow":"follow","max-snippet":"max-snippet:-1","max-image-preview":"max-image-preview:large","max-video-preview":"max-video-preview:-1"},"canonical":"https:\/\/denizcankizil.tr\/ru\/haberler\/gundem\/bursa-zaferden-kefen-bezine-imzali-tepki\/","og_locale":"ru_RU","og_type":"article","og_title":"Bursa Zafer'den 'kefen bezine imzal\u0131' tepki!","og_description":"Bursa&#8217;da Yenido\u011fan Bebek \u00c7etesi Protestosu Bursa&#8217;da, 112 Acil Servisi ile i\u015fbirli\u011fi yaparak bebek hastalar\u0131n\u0131 anla\u015fmal\u0131 \u00f6zel hastanelerin yenido\u011fan \u00fcnitelerine y\u00f6nlendiren ve bu s\u00fcre\u00e7te haks\u0131z kazan\u00e7 elde eden 22 tutuklu ve 47 \u015f\u00fcpheli hakk\u0131nda \u00f6nemli bir protesto ger\u00e7ekle\u015ftirildi. Zafer Partisi \u0130l Ba\u015fkanl\u0131\u011f\u0131 taraf\u0131ndan d\u00fczenlenen \u201cKefen Bezine \u0130mza Stand\u0131\u201d etkinli\u011fi, bu durumu k\u0131namak amac\u0131yla hayata ge\u00e7irildi. Protestonun Detaylar\u0131 Etkinli\u011fe Zafer Partisi Bursa \u0130l Ba\u015fkan\u0131 Cihat Gazi, \u0130l Te\u015fkilat Ba\u015fkan\u0131 Ferit G\u00fcrsoy, \u0130l Kad\u0131n Kollar\u0131 Ba\u015fkan\u0131 Fatma G\u00fcl ve 15 il y\u00f6neticisi kat\u0131ld\u0131. \u015eehrek\u00fcst\u00fc Meydan\u0131&#8217;nda yap\u0131lan organizasyonda sorumlular\u0131n en a\u011f\u0131r \u015fekilde cezaland\u0131r\u0131lmas\u0131 talep edildi. Kad\u0131n Kollar\u0131 Ba\u015fkan\u0131 Fatma G\u00fcl; \u201cBizi derinden etkileyen bir olayla kar\u015f\u0131 kar\u015f\u0131yay\u0131z. Masum bebek bedenlerini ac\u0131mas\u0131zca pazarlayan bir zihniyetin h\u00fck\u00fcm s\u00fcrd\u00fc\u011f\u00fc g\u00fcnleri ya\u015f\u0131yoruz. Bursal\u0131lar olarak tepkimizi kefen bezine duygular\u0131m\u0131z\u0131 yazarak ifade etmek istedik.\u201d \u015feklinde konu\u015ftu. Sa\u011fl\u0131kta G\u00fcven Sorunu \u0130l Te\u015fkilat Ba\u015fkan\u0131 Ferit G\u00fcrsoy ise; \u201cE\u011fer insanlar sa\u011fl\u0131k \u00e7al\u0131\u015fanlar\u0131na g\u00fcvenemiyorsa, o zaman kime g\u00fcvenip sa\u011fl\u0131klar\u0131n\u0131 emanet edecekler? Rant \u00e7eteleri sadece sa\u011fl\u0131k alan\u0131nda de\u011fil; Bursa\u2019ya \u00e7\u00f6ken her gruba kar\u015f\u0131 di\u015fe di\u015f m\u00fccadele etmeye kararl\u0131y\u0131z!\u201d dedi. Soru\u015fturman\u0131n Arka Plan\u0131 \u0130l Ba\u015fkan\u0131 Cihat Gazi de dikkat \u00e7ekici a\u00e7\u0131klamalarda bulundu: \u201cSoru\u015fturman\u0131n eski Sa\u011fl\u0131k Bakan\u0131 Fahrettin Koca d\u00f6neminde ba\u015flat\u0131ld\u0131\u011f\u0131 iddia ediliyor. E\u011fer biliyordunuz da neden aylarca beklediniz? Onlarca masum bebe\u011fin \u00f6l\u00fcm\u00fcn\u00fc neden g\u00f6zlemlediniz? Sosyal G\u00fcvenlik &hellip;","og_url":"https:\/\/denizcankizil.tr\/ru\/haberler\/gundem\/bursa-zaferden-kefen-bezine-imzali-tepki\/","og_site_name":"Av. Deniz Can K\u0131z\u0131l","article_published_time":"2024-10-20T11:43:25+00:00","article_modified_time":"2024-10-20T11:43:34+00:00","twitter_card":"summary_large_image","twitter_misc":{"\u041f\u0440\u0438\u043c\u0435\u0440\u043d\u043e\u0435 \u0432\u0440\u0435\u043c\u044f \u0434\u043b\u044f \u0447\u0442\u0435\u043d\u0438\u044f":"2 \u043c\u0438\u043d\u0443\u0442\u044b"},"schema":{"@context":"https:\/\/schema.org","@graph":[{"@type":"Article","@id":"https:\/\/denizcankizil.tr\/ru\/haberler\/gundem\/bursa-zaferden-kefen-bezine-imzali-tepki\/#article","isPartOf":{"@id":"https:\/\/denizcankizil.tr\/ru\/haberler\/gundem\/bursa-zaferden-kefen-bezine-imzali-tepki\/"},"author":{"name":"","@id":""},"headline":"Bursa Zafer&#8217;den &#8216;kefen bezine imzal\u0131&#8217; tepki!","datePublished":"2024-10-20T11:43:25+00:00","dateModified":"2024-10-20T11:43:34+00:00","mainEntityOfPage":{"@id":"https:\/\/denizcankizil.tr\/ru\/haberler\/gundem\/bursa-zaferden-kefen-bezine-imzali-tepki\/"},"wordCount":419,"commentCount":0,"publisher":{"@id":"https:\/\/denizcankizil.tr\/de\/#organization"},"articleSection":["G\u00fcndem","Uncategorized"],"inLanguage":"ru-RU","potentialAction":[{"@type":"CommentAction","name":"Comment","target":["https:\/\/denizcankizil.tr\/ru\/haberler\/gundem\/bursa-zaferden-kefen-bezine-imzali-tepki\/#respond"]}]},{"@type":"WebPage","@id":"https:\/\/denizcankizil.tr\/ru\/haberler\/gundem\/bursa-zaferden-kefen-bezine-imzali-tepki\/","url":"https:\/\/denizcankizil.tr\/ru\/haberler\/gundem\/bursa-zaferden-kefen-bezine-imzali-tepki\/","name":"Bursa Zafer'den 'kefen bezine imzal\u0131' tepki! - Av. Deniz Can K\u0131z\u0131l","isPartOf":{"@id":"https:\/\/denizcankizil.tr\/de\/#website"},"datePublished":"2024-10-20T11:43:25+00:00","dateModified":"2024-10-20T11:43:34+00:00","breadcrumb":{"@id":"https:\/\/denizcankizil.tr\/ru\/haberler\/gundem\/bursa-zaferden-kefen-bezine-imzali-tepki\/#breadcrumb"},"inLanguage":"ru-RU","potentialAction":[{"@type":"ReadAction","target":["https:\/\/denizcankizil.tr\/ru\/haberler\/gundem\/bursa-zaferden-kefen-bezine-imzali-tepki\/"]}]},{"@type":"BreadcrumbList","@id":"https:\/\/denizcankizil.tr\/ru\/haberler\/gundem\/bursa-zaferden-kefen-bezine-imzali-tepki\/#breadcrumb","itemListElement":[{"@type":"ListItem","position":1,"name":"Home","item":"https:\/\/denizcankizil.tr\/de\/"},{"@type":"ListItem","position":2,"name":"Bursa Zafer&#8217;den &#8216;kefen bezine imzal\u0131&#8217; tepki!"}]},{"@type":"WebSite","@id":"https:\/\/denizcankizil.tr\/de\/#website","url":"https:\/\/denizcankizil.tr\/de\/","name":"Av. Deniz Can K\u0131z\u0131l","description":"Avukat Deniz Can K\u0131z\u0131l Antalya Barosu","publisher":{"@id":"https:\/\/denizcankizil.tr\/de\/#organization"},"potentialAction":[{"@type":"SearchAction","target":{"@type":"EntryPoint","urlTemplate":"https:\/\/denizcankizil.tr\/de\/?s={search_term_string}"},"query-input":{"@type":"PropertyValueSpecification","valueRequired":true,"valueName":"search_term_string"}}],"inLanguage":"ru-RU"},{"@type":"Organization","@id":"https:\/\/denizcankizil.tr\/de\/#organization","name":"Av. Deniz Can K\u0131z\u0131l","url":"https:\/\/denizcankizil.tr\/de\/","logo":{"@type":"ImageObject","inLanguage":"ru-RU","@id":"https:\/\/denizcankizil.tr\/de\/#\/schema\/logo\/image\/","url":"https:\/\/denizcankizil.tr\/wp-content\/uploads\/2024\/10\/siyah-logo-svg.svg","contentUrl":"https:\/\/denizcankizil.tr\/wp-content\/uploads\/2024\/10\/siyah-logo-svg.svg","width":1080,"height":1080,"caption":"Av. Deniz Can K\u0131z\u0131l"},"image":{"@id":"https:\/\/denizcankizil.tr\/de\/#\/schema\/logo\/image\/"}}]}},"_links":{"self":[{"href":"https:\/\/denizcankizil.tr\/ru\/wp-json\/wp\/v2\/posts\/5321","targetHints":{"allow":["GET"]}}],"collection":[{"href":"https:\/\/denizcankizil.tr\/ru\/wp-json\/wp\/v2\/posts"}],"about":[{"href":"https:\/\/denizcankizil.tr\/ru\/wp-json\/wp\/v2\/types\/post"}],"replies":[{"embeddable":true,"href":"https:\/\/denizcankizil.tr\/ru\/wp-json\/wp\/v2\/comments?post=5321"}],"version-history":[{"count":1,"href":"https:\/\/denizcankizil.tr\/ru\/wp-json\/wp\/v2\/posts\/5321\/revisions"}],"predecessor-version":[{"id":5322,"href":"https:\/\/denizcankizil.tr\/ru\/wp-json\/wp\/v2\/posts\/5321\/revisions\/5322"}],"wp:attachment":[{"href":"https:\/\/denizcankizil.tr\/ru\/wp-json\/wp\/v2\/media?parent=5321"}],"wp:term":[{"taxonomy":"category","embeddable":true,"href":"https:\/\/denizcankizil.tr\/ru\/wp-json\/wp\/v2\/categories?post=5321"},{"taxonomy":"post_tag","embeddable":true,"href":"https:\/\/denizcankizil.tr\/ru\/wp-json\/wp\/v2\/tags?post=5321"}],"curies":[{"name":"wp","href":"https:\/\/api.w.org\/{rel}","templated":true}]}}