{"id":52726,"date":"2025-04-11T18:41:58","date_gmt":"2025-04-11T15:41:58","guid":{"rendered":"https:\/\/denizcankizil.tr\/uncategorized-tr\/tarim-ve-orman-bakanligindan-ciftcilere-zirai-uyari\/"},"modified":"2025-04-11T18:41:58","modified_gmt":"2025-04-11T15:41:58","slug":"tarim-ve-orman-bakanligindan-ciftcilere-zirai-uyari","status":"publish","type":"post","link":"https:\/\/denizcankizil.tr\/ru\/haberler\/gundem\/tarim-ve-orman-bakanligindan-ciftcilere-zirai-uyari\/","title":{"rendered":"Tar\u0131m ve Orman Bakanl\u0131\u011f\u0131\u2019ndan \u00e7ift\u00e7ilere zirai uyar\u0131!"},"content":{"rendered":"<p>Tar\u0131m ve Orman Bakanl\u0131\u011f\u0131, 11-15 Nisan 2025 tarihleri aras\u0131nda T\u00fcrkiye\u2019nin baz\u0131 b\u00f6lgelerinde beklenen olumsuz hava ko\u015fullar\u0131n\u0131n tar\u0131msal faaliyetler i\u00e7in risk olu\u015fturabilece\u011fini bildirdi.ANKARA (\u0130GFA) &#8211; Duyuru Tar\u0131m ve Orman Bakanl\u0131\u011f\u0131&#8217;ndan geldi.<br \/>\nYap\u0131lan a\u00e7\u0131klamada, zirai don, dolu, \u015fiddetli ya\u011f\u0131\u015f, sel, su bask\u0131n\u0131 ve f\u0131rt\u0131na gibi hava olaylar\u0131na kar\u015f\u0131 \u00e7ift\u00e7ilerin dikkatli ve tedbirli olmas\u0131 gerekti\u011fine dikkati \u00e7ekilerek, olas\u0131 olumsuzluklarda, Tar\u0131m ve Orman \u0130l\/\u0130l\u00e7e M\u00fcd\u00fcrl\u00fckleri ile \u201cALO TARS\u0130M 172\u201d hatt\u0131na ihbarda bulunulmas\u0131n\u0131n \u00f6nemine dikkati \u00e7ekildi.<br \/>\nBakanl\u0131k payla\u015f\u0131m\u0131nda, \u00fcreticilere y\u00fczde 70\u2019e varan devlet deste\u011fi sunulan tar\u0131m sigortas\u0131 yapt\u0131rmalar\u0131n\u0131n afetlere kar\u015f\u0131 korunmada kritik oldu\u011fu da hat\u0131rlat\u0131ld\u0131.<br \/>\n\u00c7ift\u00e7ilerden, tar\u0131msal faaliyetlerini g\u00fcvence alt\u0131na almak i\u00e7in sigorta imkanlar\u0131ndan faydalanmalar\u0131 istendi.<\/p>\n<p>\u200bTar\u0131m ve Orman Bakanl\u0131\u011f\u0131, 11-15 Nisan 2025 tarihleri aras\u0131nda T\u00fcrkiye\u2019nin baz\u0131 b\u00f6lgelerinde beklenen olumsuz hava ko\u015fullar\u0131n\u0131n tar\u0131msal faaliyetler i\u00e7in risk olu\u015fturabilece\u011fini bildirdi.ANKARA (\u0130GFA) &#8211; Duyuru Tar\u0131m ve Orman Bakanl\u0131\u011f\u0131&#8217;ndan geldi.<br \/>\nYap\u0131lan a\u00e7\u0131klamada, zirai don, dolu, \u015fiddetli ya\u011f\u0131\u015f, sel, su bask\u0131n\u0131 ve f\u0131rt\u0131na gibi hava olaylar\u0131na kar\u015f\u0131 \u00e7ift\u00e7ilerin dikkatli ve tedbirli olmas\u0131 gerekti\u011fine dikkati \u00e7ekilerek, olas\u0131 olumsuzluklarda, Tar\u0131m ve Orman \u0130l\/\u0130l\u00e7e M\u00fcd\u00fcrl\u00fckleri ile \u201cALO TARS\u0130M 172\u201d hatt\u0131na ihbarda bulunulmas\u0131n\u0131n \u00f6nemine dikkati \u00e7ekildi.<br \/>\nBakanl\u0131k payla\u015f\u0131m\u0131nda, \u00fcreticilere y\u00fczde 70\u2019e varan devlet deste\u011fi sunulan tar\u0131m sigortas\u0131 yapt\u0131rmalar\u0131n\u0131n afetlere kar\u015f\u0131 korunmada kritik oldu\u011fu da hat\u0131rlat\u0131ld\u0131.<br \/>\n\u00c7ift\u00e7ilerden, tar\u0131msal faaliyetlerini g\u00fcvence alt\u0131na almak i\u00e7in sigorta imkanlar\u0131ndan faydalanmalar\u0131 istendi.\u00a0<\/p>\n<p>\u200bHaberin Al\u0131nt\u0131land\u0131\u011f\u0131 Kaynak: www.iskenderun.org<\/p>","protected":false},"excerpt":{"rendered":"<p>Tar\u0131m ve Orman Bakanl\u0131\u011f\u0131, 11-15 Nisan 2025 tarihleri aras\u0131nda T\u00fcrkiye\u2019nin baz\u0131 b\u00f6lgelerinde beklenen olumsuz hava ko\u015fullar\u0131n\u0131n tar\u0131msal faaliyetler i\u00e7in risk olu\u015fturabilece\u011fini bildirdi.ANKARA (\u0130GFA) &#8211; Duyuru Tar\u0131m ve Orman Bakanl\u0131\u011f\u0131&#8217;ndan geldi. Yap\u0131lan a\u00e7\u0131klamada, zirai don, dolu, \u015fiddetli ya\u011f\u0131\u015f, sel, su bask\u0131n\u0131 ve f\u0131rt\u0131na gibi hava olaylar\u0131na kar\u015f\u0131 \u00e7ift\u00e7ilerin dikkatli ve tedbirli olmas\u0131 gerekti\u011fine dikkati \u00e7ekilerek, olas\u0131 olumsuzluklarda, Tar\u0131m ve Orman \u0130l\/\u0130l\u00e7e M\u00fcd\u00fcrl\u00fckleri ile \u201cALO TARS\u0130M 172\u201d hatt\u0131na ihbarda bulunulmas\u0131n\u0131n \u00f6nemine dikkati \u00e7ekildi. Bakanl\u0131k payla\u015f\u0131m\u0131nda, \u00fcreticilere y\u00fczde 70\u2019e varan devlet deste\u011fi sunulan tar\u0131m sigortas\u0131 yapt\u0131rmalar\u0131n\u0131n afetlere kar\u015f\u0131 korunmada kritik oldu\u011fu da hat\u0131rlat\u0131ld\u0131. \u00c7ift\u00e7ilerden, tar\u0131msal faaliyetlerini g\u00fcvence alt\u0131na almak i\u00e7in sigorta imkanlar\u0131ndan faydalanmalar\u0131 istendi. \u200bTar\u0131m ve Orman Bakanl\u0131\u011f\u0131, 11-15 Nisan 2025 tarihleri aras\u0131nda T\u00fcrkiye\u2019nin baz\u0131 b\u00f6lgelerinde beklenen olumsuz hava ko\u015fullar\u0131n\u0131n tar\u0131msal faaliyetler i\u00e7in risk olu\u015fturabilece\u011fini bildirdi.ANKARA (\u0130GFA) &#8211; Duyuru Tar\u0131m ve Orman Bakanl\u0131\u011f\u0131&#8217;ndan geldi. Yap\u0131lan a\u00e7\u0131klamada, zirai don, dolu, \u015fiddetli ya\u011f\u0131\u015f, sel, su bask\u0131n\u0131 ve f\u0131rt\u0131na gibi hava olaylar\u0131na kar\u015f\u0131 \u00e7ift\u00e7ilerin dikkatli ve tedbirli olmas\u0131 gerekti\u011fine dikkati \u00e7ekilerek, olas\u0131 olumsuzluklarda, Tar\u0131m ve Orman \u0130l\/\u0130l\u00e7e M\u00fcd\u00fcrl\u00fckleri ile \u201cALO TARS\u0130M 172\u201d hatt\u0131na ihbarda bulunulmas\u0131n\u0131n \u00f6nemine dikkati \u00e7ekildi. Bakanl\u0131k payla\u015f\u0131m\u0131nda, \u00fcreticilere y\u00fczde 70\u2019e varan devlet deste\u011fi sunulan tar\u0131m sigortas\u0131 yapt\u0131rmalar\u0131n\u0131n afetlere kar\u015f\u0131 korunmada kritik oldu\u011fu da hat\u0131rlat\u0131ld\u0131. \u00c7ift\u00e7ilerden, tar\u0131msal faaliyetlerini g\u00fcvence alt\u0131na almak i\u00e7in sigorta imkanlar\u0131ndan &hellip;<\/p>","protected":false},"author":1,"featured_media":0,"comment_status":"","ping_status":"open","sticky":false,"template":"","format":"standard","meta":{"_acf_changed":false,"footnotes":""},"categories":[24],"tags":[],"class_list":["post-52726","post","type-post","status-publish","format-standard","has-post-thumbnail","hentry","category-gundem"],"acf":[],"yoast_head":"<!-- This site is optimized with the Yoast SEO Premium plugin v26.6 (Yoast SEO v27.1.1) - https:\/\/yoast.com\/product\/yoast-seo-premium-wordpress\/ -->\n<title>Tar\u0131m ve Orman Bakanl\u0131\u011f\u0131\u2019ndan \u00e7ift\u00e7ilere zirai uyar\u0131! - Av. Deniz Can K\u0131z\u0131l<\/title>\n<meta name=\"robots\" content=\"index, follow, max-snippet:-1, max-image-preview:large, max-video-preview:-1\" \/>\n<link rel=\"canonical\" href=\"https:\/\/denizcankizil.tr\/ru\/haberler\/gundem\/tarim-ve-orman-bakanligindan-ciftcilere-zirai-uyari\/\" \/>\n<meta property=\"og:locale\" content=\"ru_RU\" \/>\n<meta property=\"og:type\" content=\"article\" \/>\n<meta property=\"og:title\" content=\"Tar\u0131m ve Orman Bakanl\u0131\u011f\u0131\u2019ndan \u00e7ift\u00e7ilere zirai uyar\u0131!\" \/>\n<meta property=\"og:description\" content=\"Tar\u0131m ve Orman Bakanl\u0131\u011f\u0131, 11-15 Nisan 2025 tarihleri aras\u0131nda T\u00fcrkiye\u2019nin baz\u0131 b\u00f6lgelerinde beklenen olumsuz hava ko\u015fullar\u0131n\u0131n tar\u0131msal faaliyetler i\u00e7in risk olu\u015fturabilece\u011fini bildirdi.ANKARA (\u0130GFA) &#8211; Duyuru Tar\u0131m ve Orman Bakanl\u0131\u011f\u0131&#8217;ndan geldi. Yap\u0131lan a\u00e7\u0131klamada, zirai don, dolu, \u015fiddetli ya\u011f\u0131\u015f, sel, su bask\u0131n\u0131 ve f\u0131rt\u0131na gibi hava olaylar\u0131na kar\u015f\u0131 \u00e7ift\u00e7ilerin dikkatli ve tedbirli olmas\u0131 gerekti\u011fine dikkati \u00e7ekilerek, olas\u0131 olumsuzluklarda, Tar\u0131m ve Orman \u0130l\/\u0130l\u00e7e M\u00fcd\u00fcrl\u00fckleri ile \u201cALO TARS\u0130M 172\u201d hatt\u0131na ihbarda bulunulmas\u0131n\u0131n \u00f6nemine dikkati \u00e7ekildi. Bakanl\u0131k payla\u015f\u0131m\u0131nda, \u00fcreticilere y\u00fczde 70\u2019e varan devlet deste\u011fi sunulan tar\u0131m sigortas\u0131 yapt\u0131rmalar\u0131n\u0131n afetlere kar\u015f\u0131 korunmada kritik oldu\u011fu da hat\u0131rlat\u0131ld\u0131. \u00c7ift\u00e7ilerden, tar\u0131msal faaliyetlerini g\u00fcvence alt\u0131na almak i\u00e7in sigorta imkanlar\u0131ndan faydalanmalar\u0131 istendi. \u200bTar\u0131m ve Orman Bakanl\u0131\u011f\u0131, 11-15 Nisan 2025 tarihleri aras\u0131nda T\u00fcrkiye\u2019nin baz\u0131 b\u00f6lgelerinde beklenen olumsuz hava ko\u015fullar\u0131n\u0131n tar\u0131msal faaliyetler i\u00e7in risk olu\u015fturabilece\u011fini bildirdi.ANKARA (\u0130GFA) &#8211; Duyuru Tar\u0131m ve Orman Bakanl\u0131\u011f\u0131&#8217;ndan geldi. Yap\u0131lan a\u00e7\u0131klamada, zirai don, dolu, \u015fiddetli ya\u011f\u0131\u015f, sel, su bask\u0131n\u0131 ve f\u0131rt\u0131na gibi hava olaylar\u0131na kar\u015f\u0131 \u00e7ift\u00e7ilerin dikkatli ve tedbirli olmas\u0131 gerekti\u011fine dikkati \u00e7ekilerek, olas\u0131 olumsuzluklarda, Tar\u0131m ve Orman \u0130l\/\u0130l\u00e7e M\u00fcd\u00fcrl\u00fckleri ile \u201cALO TARS\u0130M 172\u201d hatt\u0131na ihbarda bulunulmas\u0131n\u0131n \u00f6nemine dikkati \u00e7ekildi. Bakanl\u0131k payla\u015f\u0131m\u0131nda, \u00fcreticilere y\u00fczde 70\u2019e varan devlet deste\u011fi sunulan tar\u0131m sigortas\u0131 yapt\u0131rmalar\u0131n\u0131n afetlere kar\u015f\u0131 korunmada kritik oldu\u011fu da hat\u0131rlat\u0131ld\u0131. \u00c7ift\u00e7ilerden, tar\u0131msal faaliyetlerini g\u00fcvence alt\u0131na almak i\u00e7in sigorta imkanlar\u0131ndan &hellip;\" \/>\n<meta property=\"og:url\" content=\"https:\/\/denizcankizil.tr\/ru\/haberler\/gundem\/tarim-ve-orman-bakanligindan-ciftcilere-zirai-uyari\/\" \/>\n<meta property=\"og:site_name\" content=\"Av. Deniz Can K\u0131z\u0131l\" \/>\n<meta property=\"article:published_time\" content=\"2025-04-11T15:41:58+00:00\" \/>\n<meta name=\"author\" content=\"admin\" \/>\n<meta name=\"twitter:card\" content=\"summary_large_image\" \/>\n<meta name=\"twitter:label1\" content=\"\u041d\u0430\u043f\u0438\u0441\u0430\u043d\u043e \u0430\u0432\u0442\u043e\u0440\u043e\u043c\" \/>\n\t<meta name=\"twitter:data1\" content=\"admin\" \/>\n\t<meta name=\"twitter:label2\" content=\"\u041f\u0440\u0438\u043c\u0435\u0440\u043d\u043e\u0435 \u0432\u0440\u0435\u043c\u044f \u0434\u043b\u044f \u0447\u0442\u0435\u043d\u0438\u044f\" \/>\n\t<meta name=\"twitter:data2\" content=\"2 \u043c\u0438\u043d\u0443\u0442\u044b\" \/>\n<script type=\"application\/ld+json\" class=\"yoast-schema-graph\">{\"@context\":\"https:\/\/schema.org\",\"@graph\":[{\"@type\":\"Article\",\"@id\":\"https:\/\/denizcankizil.tr\/ru\/haberler\/gundem\/tarim-ve-orman-bakanligindan-ciftcilere-zirai-uyari\/#article\",\"isPartOf\":{\"@id\":\"https:\/\/denizcankizil.tr\/ru\/haberler\/gundem\/tarim-ve-orman-bakanligindan-ciftcilere-zirai-uyari\/\"},\"author\":{\"name\":\"admin\",\"@id\":\"https:\/\/denizcankizil.tr\/#\/schema\/person\/be3c05fe6a12686905512445d8185489\"},\"headline\":\"Tar\u0131m ve Orman Bakanl\u0131\u011f\u0131\u2019ndan \u00e7ift\u00e7ilere zirai uyar\u0131!\",\"datePublished\":\"2025-04-11T15:41:58+00:00\",\"mainEntityOfPage\":{\"@id\":\"https:\/\/denizcankizil.tr\/ru\/haberler\/gundem\/tarim-ve-orman-bakanligindan-ciftcilere-zirai-uyari\/\"},\"wordCount\":318,\"publisher\":{\"@id\":\"https:\/\/denizcankizil.tr\/#organization\"},\"articleSection\":[\"G\u00fcndem\"],\"inLanguage\":\"ru-RU\"},{\"@type\":\"WebPage\",\"@id\":\"https:\/\/denizcankizil.tr\/ru\/haberler\/gundem\/tarim-ve-orman-bakanligindan-ciftcilere-zirai-uyari\/\",\"url\":\"https:\/\/denizcankizil.tr\/ru\/haberler\/gundem\/tarim-ve-orman-bakanligindan-ciftcilere-zirai-uyari\/\",\"name\":\"Tar\u0131m ve Orman Bakanl\u0131\u011f\u0131\u2019ndan \u00e7ift\u00e7ilere zirai uyar\u0131! - Av. Deniz Can K\u0131z\u0131l\",\"isPartOf\":{\"@id\":\"https:\/\/denizcankizil.tr\/#website\"},\"datePublished\":\"2025-04-11T15:41:58+00:00\",\"breadcrumb\":{\"@id\":\"https:\/\/denizcankizil.tr\/ru\/haberler\/gundem\/tarim-ve-orman-bakanligindan-ciftcilere-zirai-uyari\/#breadcrumb\"},\"inLanguage\":\"ru-RU\",\"potentialAction\":[{\"@type\":\"ReadAction\",\"target\":[\"https:\/\/denizcankizil.tr\/ru\/haberler\/gundem\/tarim-ve-orman-bakanligindan-ciftcilere-zirai-uyari\/\"]}]},{\"@type\":\"BreadcrumbList\",\"@id\":\"https:\/\/denizcankizil.tr\/ru\/haberler\/gundem\/tarim-ve-orman-bakanligindan-ciftcilere-zirai-uyari\/#breadcrumb\",\"itemListElement\":[{\"@type\":\"ListItem\",\"position\":1,\"name\":\"Home\",\"item\":\"https:\/\/denizcankizil.tr\/de\/\"},{\"@type\":\"ListItem\",\"position\":2,\"name\":\"Tar\u0131m ve Orman Bakanl\u0131\u011f\u0131\u2019ndan \u00e7ift\u00e7ilere zirai uyar\u0131!\"}]},{\"@type\":\"WebSite\",\"@id\":\"https:\/\/denizcankizil.tr\/#website\",\"url\":\"https:\/\/denizcankizil.tr\/\",\"name\":\"Av. Deniz Can K\u0131z\u0131l\",\"description\":\"Avukat Deniz Can K\u0131z\u0131l Antalya Barosu\",\"publisher\":{\"@id\":\"https:\/\/denizcankizil.tr\/#organization\"},\"potentialAction\":[{\"@type\":\"SearchAction\",\"target\":{\"@type\":\"EntryPoint\",\"urlTemplate\":\"https:\/\/denizcankizil.tr\/?s={search_term_string}\"},\"query-input\":{\"@type\":\"PropertyValueSpecification\",\"valueRequired\":true,\"valueName\":\"search_term_string\"}}],\"inLanguage\":\"ru-RU\"},{\"@type\":\"Organization\",\"@id\":\"https:\/\/denizcankizil.tr\/#organization\",\"name\":\"Av. Deniz Can K\u0131z\u0131l\",\"url\":\"https:\/\/denizcankizil.tr\/\",\"logo\":{\"@type\":\"ImageObject\",\"inLanguage\":\"ru-RU\",\"@id\":\"https:\/\/denizcankizil.tr\/#\/schema\/logo\/image\/\",\"url\":\"https:\/\/denizcankizil.tr\/wp-content\/uploads\/2024\/10\/siyah-logo-svg.svg\",\"contentUrl\":\"https:\/\/denizcankizil.tr\/wp-content\/uploads\/2024\/10\/siyah-logo-svg.svg\",\"width\":1080,\"height\":1080,\"caption\":\"Av. Deniz Can K\u0131z\u0131l\"},\"image\":{\"@id\":\"https:\/\/denizcankizil.tr\/#\/schema\/logo\/image\/\"}},{\"@type\":\"Person\",\"@id\":\"https:\/\/denizcankizil.tr\/#\/schema\/person\/be3c05fe6a12686905512445d8185489\",\"name\":\"admin\",\"image\":{\"@type\":\"ImageObject\",\"inLanguage\":\"ru-RU\",\"@id\":\"https:\/\/denizcankizil.tr\/#\/schema\/person\/image\/\",\"url\":\"https:\/\/secure.gravatar.com\/avatar\/c1fce94c830dc79107e174f890d7210541c4a63e8e5d816341794a2151c9d58c?s=96&d=mm&r=g\",\"contentUrl\":\"https:\/\/secure.gravatar.com\/avatar\/c1fce94c830dc79107e174f890d7210541c4a63e8e5d816341794a2151c9d58c?s=96&d=mm&r=g\",\"caption\":\"admin\"},\"sameAs\":[\"http:\/\/denizcankizil.tr\"],\"url\":\"https:\/\/www.iskenderun.org\/tarim-ve-orman-bakanligindan-ciftcilere-zirai-uyari\"}]}<\/script>\n<!-- \/ Yoast SEO Premium plugin. -->","yoast_head_json":{"title":"Tar\u0131m ve Orman Bakanl\u0131\u011f\u0131\u2019ndan \u00e7ift\u00e7ilere zirai uyar\u0131! - Av. Deniz Can K\u0131z\u0131l","robots":{"index":"index","follow":"follow","max-snippet":"max-snippet:-1","max-image-preview":"max-image-preview:large","max-video-preview":"max-video-preview:-1"},"canonical":"https:\/\/denizcankizil.tr\/ru\/haberler\/gundem\/tarim-ve-orman-bakanligindan-ciftcilere-zirai-uyari\/","og_locale":"ru_RU","og_type":"article","og_title":"Tar\u0131m ve Orman Bakanl\u0131\u011f\u0131\u2019ndan \u00e7ift\u00e7ilere zirai uyar\u0131!","og_description":"Tar\u0131m ve Orman Bakanl\u0131\u011f\u0131, 11-15 Nisan 2025 tarihleri aras\u0131nda T\u00fcrkiye\u2019nin baz\u0131 b\u00f6lgelerinde beklenen olumsuz hava ko\u015fullar\u0131n\u0131n tar\u0131msal faaliyetler i\u00e7in risk olu\u015fturabilece\u011fini bildirdi.ANKARA (\u0130GFA) &#8211; Duyuru Tar\u0131m ve Orman Bakanl\u0131\u011f\u0131&#8217;ndan geldi. Yap\u0131lan a\u00e7\u0131klamada, zirai don, dolu, \u015fiddetli ya\u011f\u0131\u015f, sel, su bask\u0131n\u0131 ve f\u0131rt\u0131na gibi hava olaylar\u0131na kar\u015f\u0131 \u00e7ift\u00e7ilerin dikkatli ve tedbirli olmas\u0131 gerekti\u011fine dikkati \u00e7ekilerek, olas\u0131 olumsuzluklarda, Tar\u0131m ve Orman \u0130l\/\u0130l\u00e7e M\u00fcd\u00fcrl\u00fckleri ile \u201cALO TARS\u0130M 172\u201d hatt\u0131na ihbarda bulunulmas\u0131n\u0131n \u00f6nemine dikkati \u00e7ekildi. Bakanl\u0131k payla\u015f\u0131m\u0131nda, \u00fcreticilere y\u00fczde 70\u2019e varan devlet deste\u011fi sunulan tar\u0131m sigortas\u0131 yapt\u0131rmalar\u0131n\u0131n afetlere kar\u015f\u0131 korunmada kritik oldu\u011fu da hat\u0131rlat\u0131ld\u0131. \u00c7ift\u00e7ilerden, tar\u0131msal faaliyetlerini g\u00fcvence alt\u0131na almak i\u00e7in sigorta imkanlar\u0131ndan faydalanmalar\u0131 istendi. \u200bTar\u0131m ve Orman Bakanl\u0131\u011f\u0131, 11-15 Nisan 2025 tarihleri aras\u0131nda T\u00fcrkiye\u2019nin baz\u0131 b\u00f6lgelerinde beklenen olumsuz hava ko\u015fullar\u0131n\u0131n tar\u0131msal faaliyetler i\u00e7in risk olu\u015fturabilece\u011fini bildirdi.ANKARA (\u0130GFA) &#8211; Duyuru Tar\u0131m ve Orman Bakanl\u0131\u011f\u0131&#8217;ndan geldi. Yap\u0131lan a\u00e7\u0131klamada, zirai don, dolu, \u015fiddetli ya\u011f\u0131\u015f, sel, su bask\u0131n\u0131 ve f\u0131rt\u0131na gibi hava olaylar\u0131na kar\u015f\u0131 \u00e7ift\u00e7ilerin dikkatli ve tedbirli olmas\u0131 gerekti\u011fine dikkati \u00e7ekilerek, olas\u0131 olumsuzluklarda, Tar\u0131m ve Orman \u0130l\/\u0130l\u00e7e M\u00fcd\u00fcrl\u00fckleri ile \u201cALO TARS\u0130M 172\u201d hatt\u0131na ihbarda bulunulmas\u0131n\u0131n \u00f6nemine dikkati \u00e7ekildi. Bakanl\u0131k payla\u015f\u0131m\u0131nda, \u00fcreticilere y\u00fczde 70\u2019e varan devlet deste\u011fi sunulan tar\u0131m sigortas\u0131 yapt\u0131rmalar\u0131n\u0131n afetlere kar\u015f\u0131 korunmada kritik oldu\u011fu da hat\u0131rlat\u0131ld\u0131. \u00c7ift\u00e7ilerden, tar\u0131msal faaliyetlerini g\u00fcvence alt\u0131na almak i\u00e7in sigorta imkanlar\u0131ndan &hellip;","og_url":"https:\/\/denizcankizil.tr\/ru\/haberler\/gundem\/tarim-ve-orman-bakanligindan-ciftcilere-zirai-uyari\/","og_site_name":"Av. Deniz Can K\u0131z\u0131l","article_published_time":"2025-04-11T15:41:58+00:00","author":"admin","twitter_card":"summary_large_image","twitter_misc":{"\u041d\u0430\u043f\u0438\u0441\u0430\u043d\u043e \u0430\u0432\u0442\u043e\u0440\u043e\u043c":"admin","\u041f\u0440\u0438\u043c\u0435\u0440\u043d\u043e\u0435 \u0432\u0440\u0435\u043c\u044f \u0434\u043b\u044f \u0447\u0442\u0435\u043d\u0438\u044f":"2 \u043c\u0438\u043d\u0443\u0442\u044b"},"schema":{"@context":"https:\/\/schema.org","@graph":[{"@type":"Article","@id":"https:\/\/denizcankizil.tr\/ru\/haberler\/gundem\/tarim-ve-orman-bakanligindan-ciftcilere-zirai-uyari\/#article","isPartOf":{"@id":"https:\/\/denizcankizil.tr\/ru\/haberler\/gundem\/tarim-ve-orman-bakanligindan-ciftcilere-zirai-uyari\/"},"author":{"name":"admin","@id":"https:\/\/denizcankizil.tr\/#\/schema\/person\/be3c05fe6a12686905512445d8185489"},"headline":"Tar\u0131m ve Orman Bakanl\u0131\u011f\u0131\u2019ndan \u00e7ift\u00e7ilere zirai uyar\u0131!","datePublished":"2025-04-11T15:41:58+00:00","mainEntityOfPage":{"@id":"https:\/\/denizcankizil.tr\/ru\/haberler\/gundem\/tarim-ve-orman-bakanligindan-ciftcilere-zirai-uyari\/"},"wordCount":318,"publisher":{"@id":"https:\/\/denizcankizil.tr\/#organization"},"articleSection":["G\u00fcndem"],"inLanguage":"ru-RU"},{"@type":"WebPage","@id":"https:\/\/denizcankizil.tr\/ru\/haberler\/gundem\/tarim-ve-orman-bakanligindan-ciftcilere-zirai-uyari\/","url":"https:\/\/denizcankizil.tr\/ru\/haberler\/gundem\/tarim-ve-orman-bakanligindan-ciftcilere-zirai-uyari\/","name":"Tar\u0131m ve Orman Bakanl\u0131\u011f\u0131\u2019ndan \u00e7ift\u00e7ilere zirai uyar\u0131! - Av. Deniz Can K\u0131z\u0131l","isPartOf":{"@id":"https:\/\/denizcankizil.tr\/#website"},"datePublished":"2025-04-11T15:41:58+00:00","breadcrumb":{"@id":"https:\/\/denizcankizil.tr\/ru\/haberler\/gundem\/tarim-ve-orman-bakanligindan-ciftcilere-zirai-uyari\/#breadcrumb"},"inLanguage":"ru-RU","potentialAction":[{"@type":"ReadAction","target":["https:\/\/denizcankizil.tr\/ru\/haberler\/gundem\/tarim-ve-orman-bakanligindan-ciftcilere-zirai-uyari\/"]}]},{"@type":"BreadcrumbList","@id":"https:\/\/denizcankizil.tr\/ru\/haberler\/gundem\/tarim-ve-orman-bakanligindan-ciftcilere-zirai-uyari\/#breadcrumb","itemListElement":[{"@type":"ListItem","position":1,"name":"Home","item":"https:\/\/denizcankizil.tr\/de\/"},{"@type":"ListItem","position":2,"name":"Tar\u0131m ve Orman Bakanl\u0131\u011f\u0131\u2019ndan \u00e7ift\u00e7ilere zirai uyar\u0131!"}]},{"@type":"WebSite","@id":"https:\/\/denizcankizil.tr\/#website","url":"https:\/\/denizcankizil.tr\/","name":"Av. Deniz Can K\u0131z\u0131l","description":"Avukat Deniz Can K\u0131z\u0131l Antalya Barosu","publisher":{"@id":"https:\/\/denizcankizil.tr\/#organization"},"potentialAction":[{"@type":"SearchAction","target":{"@type":"EntryPoint","urlTemplate":"https:\/\/denizcankizil.tr\/?s={search_term_string}"},"query-input":{"@type":"PropertyValueSpecification","valueRequired":true,"valueName":"search_term_string"}}],"inLanguage":"ru-RU"},{"@type":"Organization","@id":"https:\/\/denizcankizil.tr\/#organization","name":"Av. Deniz Can K\u0131z\u0131l","url":"https:\/\/denizcankizil.tr\/","logo":{"@type":"ImageObject","inLanguage":"ru-RU","@id":"https:\/\/denizcankizil.tr\/#\/schema\/logo\/image\/","url":"https:\/\/denizcankizil.tr\/wp-content\/uploads\/2024\/10\/siyah-logo-svg.svg","contentUrl":"https:\/\/denizcankizil.tr\/wp-content\/uploads\/2024\/10\/siyah-logo-svg.svg","width":1080,"height":1080,"caption":"Av. Deniz Can K\u0131z\u0131l"},"image":{"@id":"https:\/\/denizcankizil.tr\/#\/schema\/logo\/image\/"}},{"@type":"Person","@id":"https:\/\/denizcankizil.tr\/#\/schema\/person\/be3c05fe6a12686905512445d8185489","name":"\u0430\u0434\u043c\u0438\u043d","image":{"@type":"ImageObject","inLanguage":"ru-RU","@id":"https:\/\/denizcankizil.tr\/#\/schema\/person\/image\/","url":"https:\/\/secure.gravatar.com\/avatar\/c1fce94c830dc79107e174f890d7210541c4a63e8e5d816341794a2151c9d58c?s=96&d=mm&r=g","contentUrl":"https:\/\/secure.gravatar.com\/avatar\/c1fce94c830dc79107e174f890d7210541c4a63e8e5d816341794a2151c9d58c?s=96&d=mm&r=g","caption":"admin"},"sameAs":["http:\/\/denizcankizil.tr"],"url":"https:\/\/www.iskenderun.org\/tarim-ve-orman-bakanligindan-ciftcilere-zirai-uyari"}]}},"_links":{"self":[{"href":"https:\/\/denizcankizil.tr\/ru\/wp-json\/wp\/v2\/posts\/52726","targetHints":{"allow":["GET"]}}],"collection":[{"href":"https:\/\/denizcankizil.tr\/ru\/wp-json\/wp\/v2\/posts"}],"about":[{"href":"https:\/\/denizcankizil.tr\/ru\/wp-json\/wp\/v2\/types\/post"}],"author":[{"embeddable":true,"href":"https:\/\/denizcankizil.tr\/ru\/wp-json\/wp\/v2\/users\/1"}],"replies":[{"embeddable":true,"href":"https:\/\/denizcankizil.tr\/ru\/wp-json\/wp\/v2\/comments?post=52726"}],"version-history":[{"count":0,"href":"https:\/\/denizcankizil.tr\/ru\/wp-json\/wp\/v2\/posts\/52726\/revisions"}],"wp:attachment":[{"href":"https:\/\/denizcankizil.tr\/ru\/wp-json\/wp\/v2\/media?parent=52726"}],"wp:term":[{"taxonomy":"category","embeddable":true,"href":"https:\/\/denizcankizil.tr\/ru\/wp-json\/wp\/v2\/categories?post=52726"},{"taxonomy":"post_tag","embeddable":true,"href":"https:\/\/denizcankizil.tr\/ru\/wp-json\/wp\/v2\/tags?post=52726"}],"curies":[{"name":"wp","href":"https:\/\/api.w.org\/{rel}","templated":true}]}}