{"id":52585,"date":"2025-04-11T16:41:22","date_gmt":"2025-04-11T13:41:22","guid":{"rendered":"https:\/\/denizcankizil.tr\/uncategorized-tr\/antalyada-paskalya-kutlamalari-nerede-yapilacak\/"},"modified":"2025-04-11T16:41:22","modified_gmt":"2025-04-11T13:41:22","slug":"antalyada-paskalya-kutlamalari-nerede-yapilacak","status":"publish","type":"post","link":"https:\/\/denizcankizil.tr\/ru\/haberler\/gundem\/antalyada-paskalya-kutlamalari-nerede-yapilacak\/","title":{"rendered":"Antalya\u2019da Paskalya kutlamalar\u0131 nerede yap\u0131lacak?"},"content":{"rendered":"<p>Antalya, bu y\u0131l da farkl\u0131 k\u00fclt\u00fcrleri bulu\u015fturan anlaml\u0131 bir etkinli\u011fe ev sahipli\u011fi yapacak. Hristiyan d\u00fcnyas\u0131n\u0131n en \u00f6nemli dini bayramlar\u0131ndan biri olan Paskalya, 20 Nisan Pazar g\u00fcn\u00fc Atat\u00fcrk K\u00fclt\u00fcr Merkezi Aspendos Salonu\u2019nda kutlanacak. Antalya \u0130ncil Kiliseleri Derne\u011fi taraf\u0131ndan organize edilen etkinli\u011fe d\u00fcnyan\u0131n \u00e7e\u015fitli \u00fclkelerinden konuklar kat\u0131lacak.<\/p>\n<p>PASKALYA BAYRAMI NE ANLAMA GEL\u0130YOR?<\/p>\n<p>Paskalya Bayram\u0131, Hristiyan inanc\u0131na g\u00f6re \u0130sa&#8217;n\u0131n \u00f6l\u00fcm ve dirili\u015fiyle insanl\u0131\u011fa yeni bir umut ve kurtulu\u015f sundu\u011funu ifade eder. Genellikle kiliselerde d\u00fczenlenen ayinlere devlet yetkilileri de kat\u0131l\u0131r. Bu kapsamda Antalya\u2019da da kutlanacak olan Paskalya 20 Nisan Pazar g\u00fcn\u00fc Atat\u00fcrk K\u00fclt\u00fcr Merkezi Aspendos Salonu\u2019nda ger\u00e7ekle\u015ftirilecek. Antalya \u0130ncili Kiliseleri Derne\u011fi taraf\u0131ndan organize edilen kutlamalara d\u00fcnyan\u0131n de\u011fi\u015fik \u00fclkelerinden \u00e7ok say\u0131da isim kat\u0131lacak.<\/p>\n<p>HZ. \u0130SA\u2019NIN D\u0130R\u0130L\u0130\u015e\u0130N\u0130 ANIYORLAR<\/p>\n<p>Paskalya d\u00f6neminde genellikle Hristiyanlar, Hz. \u0130sa&#8217;n\u0131n dirili\u015fini anmak i\u00e7in ibadet eder ve \u00e7e\u015fitli kutlamalar d\u00fczenler. Paskalya, ayn\u0131 zamanda bir\u00e7ok \u00fclkede resmi tatil olarak kabul edilmektedir. \u00d6rne\u011fin, Yunanistan&#8217;da 20 Nisan 2025 Pazar g\u00fcn\u00fc Paskalya, 21 Nisan 2025 Pazartesi g\u00fcn\u00fc ise Paskalya Pazartesisi olarak resmi tatil ilan ediliyor. Antalya\u2019da ger\u00e7ekle\u015ftirilecek kutlamalara t\u00fcm vatanda\u015flar\u0131n davetli oldu\u011funu a\u00e7\u0131klayan Antalya \u0130ncil Kiliseleri Derne\u011fi y\u00f6netimi, kutlamalar\u0131n co\u015fku i\u00e7erisinde tamamlanaca\u011f\u0131n\u0131 a\u00e7\u0131klad\u0131.<\/p>\n<p>\u200bAntalya \u0130ncil Kiliseleri Derne\u011fi taraf\u0131ndan 20 Nisan\u2019da Atat\u00fcrk K\u00fclt\u00fcr Merkezi\u2019nde d\u00fczenlenecek Paskalya kutlamalar\u0131na d\u00fcnyan\u0131n farkl\u0131 \u00fclkelerinden kat\u0131l\u0131m sa\u011flanacak. Etkinlik, bar\u0131\u015f ve karde\u015flik mesajlar\u0131yla k\u00fclt\u00fcrel kayna\u015fmaya ev sahipli\u011fi yapacak.\u00a0<\/p>\n<p>\u200bHaberin Al\u0131nt\u0131land\u0131\u011f\u0131 Kaynak: www.antalyakorfez.com<\/p>","protected":false},"excerpt":{"rendered":"<p>Antalya, bu y\u0131l da farkl\u0131 k\u00fclt\u00fcrleri bulu\u015fturan anlaml\u0131 bir etkinli\u011fe ev sahipli\u011fi yapacak. Hristiyan d\u00fcnyas\u0131n\u0131n en \u00f6nemli dini bayramlar\u0131ndan biri olan Paskalya, 20 Nisan Pazar g\u00fcn\u00fc Atat\u00fcrk K\u00fclt\u00fcr Merkezi Aspendos Salonu\u2019nda kutlanacak. Antalya \u0130ncil Kiliseleri Derne\u011fi taraf\u0131ndan organize edilen etkinli\u011fe d\u00fcnyan\u0131n \u00e7e\u015fitli \u00fclkelerinden konuklar kat\u0131lacak. PASKALYA BAYRAMI NE ANLAMA GEL\u0130YOR? Paskalya Bayram\u0131, Hristiyan inanc\u0131na g\u00f6re \u0130sa&#8217;n\u0131n \u00f6l\u00fcm ve dirili\u015fiyle insanl\u0131\u011fa yeni bir umut ve kurtulu\u015f sundu\u011funu ifade eder. Genellikle kiliselerde d\u00fczenlenen ayinlere devlet yetkilileri de kat\u0131l\u0131r. Bu kapsamda Antalya\u2019da da kutlanacak olan Paskalya 20 Nisan Pazar g\u00fcn\u00fc Atat\u00fcrk K\u00fclt\u00fcr Merkezi Aspendos Salonu\u2019nda ger\u00e7ekle\u015ftirilecek. Antalya \u0130ncili Kiliseleri Derne\u011fi taraf\u0131ndan organize edilen kutlamalara d\u00fcnyan\u0131n de\u011fi\u015fik \u00fclkelerinden \u00e7ok say\u0131da isim kat\u0131lacak. HZ. \u0130SA\u2019NIN D\u0130R\u0130L\u0130\u015e\u0130N\u0130 ANIYORLAR Paskalya d\u00f6neminde genellikle Hristiyanlar, Hz. \u0130sa&#8217;n\u0131n dirili\u015fini anmak i\u00e7in ibadet eder ve \u00e7e\u015fitli kutlamalar d\u00fczenler. Paskalya, ayn\u0131 zamanda bir\u00e7ok \u00fclkede resmi tatil olarak kabul edilmektedir. \u00d6rne\u011fin, Yunanistan&#8217;da 20 Nisan 2025 Pazar g\u00fcn\u00fc Paskalya, 21 Nisan 2025 Pazartesi g\u00fcn\u00fc ise Paskalya Pazartesisi olarak resmi tatil ilan ediliyor. Antalya\u2019da ger\u00e7ekle\u015ftirilecek kutlamalara t\u00fcm vatanda\u015flar\u0131n davetli oldu\u011funu a\u00e7\u0131klayan Antalya \u0130ncil Kiliseleri Derne\u011fi y\u00f6netimi, kutlamalar\u0131n co\u015fku i\u00e7erisinde tamamlanaca\u011f\u0131n\u0131 a\u00e7\u0131klad\u0131. \u200bAntalya \u0130ncil Kiliseleri Derne\u011fi taraf\u0131ndan 20 Nisan\u2019da Atat\u00fcrk K\u00fclt\u00fcr Merkezi\u2019nde d\u00fczenlenecek Paskalya kutlamalar\u0131na d\u00fcnyan\u0131n farkl\u0131 \u00fclkelerinden kat\u0131l\u0131m sa\u011flanacak. Etkinlik, bar\u0131\u015f ve karde\u015flik mesajlar\u0131yla k\u00fclt\u00fcrel &hellip;<\/p>","protected":false},"author":5,"featured_media":0,"comment_status":"","ping_status":"open","sticky":false,"template":"","format":"standard","meta":{"_acf_changed":false,"footnotes":""},"categories":[24],"tags":[],"class_list":["post-52585","post","type-post","status-publish","format-standard","has-post-thumbnail","hentry","category-gundem"],"acf":[],"yoast_head":"<!-- This site is optimized with the Yoast SEO Premium plugin v26.6 (Yoast SEO v27.1.1) - https:\/\/yoast.com\/product\/yoast-seo-premium-wordpress\/ -->\n<title>Antalya\u2019da Paskalya kutlamalar\u0131 nerede yap\u0131lacak? - Av. Deniz Can K\u0131z\u0131l<\/title>\n<meta name=\"robots\" content=\"index, follow, max-snippet:-1, max-image-preview:large, max-video-preview:-1\" \/>\n<link rel=\"canonical\" href=\"https:\/\/denizcankizil.tr\/ru\/haberler\/gundem\/antalyada-paskalya-kutlamalari-nerede-yapilacak\/\" \/>\n<meta property=\"og:locale\" content=\"ru_RU\" \/>\n<meta property=\"og:type\" content=\"article\" \/>\n<meta property=\"og:title\" content=\"Antalya\u2019da Paskalya kutlamalar\u0131 nerede yap\u0131lacak?\" \/>\n<meta property=\"og:description\" content=\"Antalya, bu y\u0131l da farkl\u0131 k\u00fclt\u00fcrleri bulu\u015fturan anlaml\u0131 bir etkinli\u011fe ev sahipli\u011fi yapacak. Hristiyan d\u00fcnyas\u0131n\u0131n en \u00f6nemli dini bayramlar\u0131ndan biri olan Paskalya, 20 Nisan Pazar g\u00fcn\u00fc Atat\u00fcrk K\u00fclt\u00fcr Merkezi Aspendos Salonu\u2019nda kutlanacak. Antalya \u0130ncil Kiliseleri Derne\u011fi taraf\u0131ndan organize edilen etkinli\u011fe d\u00fcnyan\u0131n \u00e7e\u015fitli \u00fclkelerinden konuklar kat\u0131lacak. PASKALYA BAYRAMI NE ANLAMA GEL\u0130YOR? Paskalya Bayram\u0131, Hristiyan inanc\u0131na g\u00f6re \u0130sa&#8217;n\u0131n \u00f6l\u00fcm ve dirili\u015fiyle insanl\u0131\u011fa yeni bir umut ve kurtulu\u015f sundu\u011funu ifade eder. Genellikle kiliselerde d\u00fczenlenen ayinlere devlet yetkilileri de kat\u0131l\u0131r. Bu kapsamda Antalya\u2019da da kutlanacak olan Paskalya 20 Nisan Pazar g\u00fcn\u00fc Atat\u00fcrk K\u00fclt\u00fcr Merkezi Aspendos Salonu\u2019nda ger\u00e7ekle\u015ftirilecek. Antalya \u0130ncili Kiliseleri Derne\u011fi taraf\u0131ndan organize edilen kutlamalara d\u00fcnyan\u0131n de\u011fi\u015fik \u00fclkelerinden \u00e7ok say\u0131da isim kat\u0131lacak. HZ. \u0130SA\u2019NIN D\u0130R\u0130L\u0130\u015e\u0130N\u0130 ANIYORLAR Paskalya d\u00f6neminde genellikle Hristiyanlar, Hz. \u0130sa&#8217;n\u0131n dirili\u015fini anmak i\u00e7in ibadet eder ve \u00e7e\u015fitli kutlamalar d\u00fczenler. Paskalya, ayn\u0131 zamanda bir\u00e7ok \u00fclkede resmi tatil olarak kabul edilmektedir. \u00d6rne\u011fin, Yunanistan&#8217;da 20 Nisan 2025 Pazar g\u00fcn\u00fc Paskalya, 21 Nisan 2025 Pazartesi g\u00fcn\u00fc ise Paskalya Pazartesisi olarak resmi tatil ilan ediliyor. Antalya\u2019da ger\u00e7ekle\u015ftirilecek kutlamalara t\u00fcm vatanda\u015flar\u0131n davetli oldu\u011funu a\u00e7\u0131klayan Antalya \u0130ncil Kiliseleri Derne\u011fi y\u00f6netimi, kutlamalar\u0131n co\u015fku i\u00e7erisinde tamamlanaca\u011f\u0131n\u0131 a\u00e7\u0131klad\u0131. \u200bAntalya \u0130ncil Kiliseleri Derne\u011fi taraf\u0131ndan 20 Nisan\u2019da Atat\u00fcrk K\u00fclt\u00fcr Merkezi\u2019nde d\u00fczenlenecek Paskalya kutlamalar\u0131na d\u00fcnyan\u0131n farkl\u0131 \u00fclkelerinden kat\u0131l\u0131m sa\u011flanacak. Etkinlik, bar\u0131\u015f ve karde\u015flik mesajlar\u0131yla k\u00fclt\u00fcrel &hellip;\" \/>\n<meta property=\"og:url\" content=\"https:\/\/denizcankizil.tr\/ru\/haberler\/gundem\/antalyada-paskalya-kutlamalari-nerede-yapilacak\/\" \/>\n<meta property=\"og:site_name\" content=\"Av. Deniz Can K\u0131z\u0131l\" \/>\n<meta property=\"article:published_time\" content=\"2025-04-11T13:41:22+00:00\" \/>\n<meta name=\"author\" content=\"Antalya K\u00f6rfez\" \/>\n<meta name=\"twitter:card\" content=\"summary_large_image\" \/>\n<meta name=\"twitter:label1\" content=\"\u041d\u0430\u043f\u0438\u0441\u0430\u043d\u043e \u0430\u0432\u0442\u043e\u0440\u043e\u043c\" \/>\n\t<meta name=\"twitter:data1\" content=\"Antalya K\u00f6rfez\" \/>\n\t<meta name=\"twitter:label2\" content=\"\u041f\u0440\u0438\u043c\u0435\u0440\u043d\u043e\u0435 \u0432\u0440\u0435\u043c\u044f \u0434\u043b\u044f \u0447\u0442\u0435\u043d\u0438\u044f\" \/>\n\t<meta name=\"twitter:data2\" content=\"2 \u043c\u0438\u043d\u0443\u0442\u044b\" \/>\n<script type=\"application\/ld+json\" class=\"yoast-schema-graph\">{\"@context\":\"https:\/\/schema.org\",\"@graph\":[{\"@type\":\"Article\",\"@id\":\"https:\/\/denizcankizil.tr\/en\/haberler\/gundem\/antalyada-paskalya-kutlamalari-nerede-yapilacak\/#article\",\"isPartOf\":{\"@id\":\"https:\/\/denizcankizil.tr\/en\/haberler\/gundem\/antalyada-paskalya-kutlamalari-nerede-yapilacak\/\"},\"author\":{\"name\":\"Antalya K\u00f6rfez\",\"@id\":\"https:\/\/denizcankizil.tr\/de\/#\/schema\/person\/e1eb71bb4dd684d46563f0af307e1234\"},\"headline\":\"Antalya\u2019da Paskalya kutlamalar\u0131 nerede yap\u0131lacak?\",\"datePublished\":\"2025-04-11T13:41:22+00:00\",\"mainEntityOfPage\":{\"@id\":\"https:\/\/denizcankizil.tr\/en\/haberler\/gundem\/antalyada-paskalya-kutlamalari-nerede-yapilacak\/\"},\"wordCount\":313,\"publisher\":{\"@id\":\"https:\/\/denizcankizil.tr\/de\/#organization\"},\"articleSection\":[\"G\u00fcndem\"],\"inLanguage\":\"ru-RU\"},{\"@type\":\"WebPage\",\"@id\":\"https:\/\/denizcankizil.tr\/en\/haberler\/gundem\/antalyada-paskalya-kutlamalari-nerede-yapilacak\/\",\"url\":\"https:\/\/denizcankizil.tr\/en\/haberler\/gundem\/antalyada-paskalya-kutlamalari-nerede-yapilacak\/\",\"name\":\"Antalya\u2019da Paskalya kutlamalar\u0131 nerede yap\u0131lacak? - Av. Deniz Can K\u0131z\u0131l\",\"isPartOf\":{\"@id\":\"https:\/\/denizcankizil.tr\/de\/#website\"},\"datePublished\":\"2025-04-11T13:41:22+00:00\",\"breadcrumb\":{\"@id\":\"https:\/\/denizcankizil.tr\/en\/haberler\/gundem\/antalyada-paskalya-kutlamalari-nerede-yapilacak\/#breadcrumb\"},\"inLanguage\":\"ru-RU\",\"potentialAction\":[{\"@type\":\"ReadAction\",\"target\":[\"https:\/\/denizcankizil.tr\/en\/haberler\/gundem\/antalyada-paskalya-kutlamalari-nerede-yapilacak\/\"]}]},{\"@type\":\"BreadcrumbList\",\"@id\":\"https:\/\/denizcankizil.tr\/en\/haberler\/gundem\/antalyada-paskalya-kutlamalari-nerede-yapilacak\/#breadcrumb\",\"itemListElement\":[{\"@type\":\"ListItem\",\"position\":1,\"name\":\"Home\",\"item\":\"https:\/\/denizcankizil.tr\/de\/\"},{\"@type\":\"ListItem\",\"position\":2,\"name\":\"Antalya\u2019da Paskalya kutlamalar\u0131 nerede yap\u0131lacak?\"}]},{\"@type\":\"WebSite\",\"@id\":\"https:\/\/denizcankizil.tr\/de\/#website\",\"url\":\"https:\/\/denizcankizil.tr\/de\/\",\"name\":\"Av. Deniz Can K\u0131z\u0131l\",\"description\":\"Avukat Deniz Can K\u0131z\u0131l Antalya Barosu\",\"publisher\":{\"@id\":\"https:\/\/denizcankizil.tr\/de\/#organization\"},\"potentialAction\":[{\"@type\":\"SearchAction\",\"target\":{\"@type\":\"EntryPoint\",\"urlTemplate\":\"https:\/\/denizcankizil.tr\/de\/?s={search_term_string}\"},\"query-input\":{\"@type\":\"PropertyValueSpecification\",\"valueRequired\":true,\"valueName\":\"search_term_string\"}}],\"inLanguage\":\"ru-RU\"},{\"@type\":\"Organization\",\"@id\":\"https:\/\/denizcankizil.tr\/de\/#organization\",\"name\":\"Av. Deniz Can K\u0131z\u0131l\",\"url\":\"https:\/\/denizcankizil.tr\/de\/\",\"logo\":{\"@type\":\"ImageObject\",\"inLanguage\":\"ru-RU\",\"@id\":\"https:\/\/denizcankizil.tr\/de\/#\/schema\/logo\/image\/\",\"url\":\"https:\/\/denizcankizil.tr\/wp-content\/uploads\/2024\/10\/siyah-logo-svg.svg\",\"contentUrl\":\"https:\/\/denizcankizil.tr\/wp-content\/uploads\/2024\/10\/siyah-logo-svg.svg\",\"width\":1080,\"height\":1080,\"caption\":\"Av. Deniz Can K\u0131z\u0131l\"},\"image\":{\"@id\":\"https:\/\/denizcankizil.tr\/de\/#\/schema\/logo\/image\/\"}},{\"@type\":\"Person\",\"@id\":\"https:\/\/denizcankizil.tr\/de\/#\/schema\/person\/e1eb71bb4dd684d46563f0af307e1234\",\"name\":\"Antalya K\u00f6rfez\",\"image\":{\"@type\":\"ImageObject\",\"inLanguage\":\"ru-RU\",\"@id\":\"https:\/\/denizcankizil.tr\/de\/#\/schema\/person\/image\/\",\"url\":\"https:\/\/secure.gravatar.com\/avatar\/42b01982558a48a0b501fdcab6a408d3717ea5919095ee2e67b0e521799c5905?s=96&d=mm&r=g\",\"contentUrl\":\"https:\/\/secure.gravatar.com\/avatar\/42b01982558a48a0b501fdcab6a408d3717ea5919095ee2e67b0e521799c5905?s=96&d=mm&r=g\",\"caption\":\"Antalya K\u00f6rfez\"},\"sameAs\":[\"http:\/\/www.antalyakorfez.com\"],\"url\":\"https:\/\/www.antalyakorfez.com\/antalyada-paskalya-kutlamalari-nerede-gerceklesecek\"}]}<\/script>\n<!-- \/ Yoast SEO Premium plugin. -->","yoast_head_json":{"title":"Antalya\u2019da Paskalya kutlamalar\u0131 nerede yap\u0131lacak? - Av. Deniz Can K\u0131z\u0131l","robots":{"index":"index","follow":"follow","max-snippet":"max-snippet:-1","max-image-preview":"max-image-preview:large","max-video-preview":"max-video-preview:-1"},"canonical":"https:\/\/denizcankizil.tr\/ru\/haberler\/gundem\/antalyada-paskalya-kutlamalari-nerede-yapilacak\/","og_locale":"ru_RU","og_type":"article","og_title":"Antalya\u2019da Paskalya kutlamalar\u0131 nerede yap\u0131lacak?","og_description":"Antalya, bu y\u0131l da farkl\u0131 k\u00fclt\u00fcrleri bulu\u015fturan anlaml\u0131 bir etkinli\u011fe ev sahipli\u011fi yapacak. Hristiyan d\u00fcnyas\u0131n\u0131n en \u00f6nemli dini bayramlar\u0131ndan biri olan Paskalya, 20 Nisan Pazar g\u00fcn\u00fc Atat\u00fcrk K\u00fclt\u00fcr Merkezi Aspendos Salonu\u2019nda kutlanacak. Antalya \u0130ncil Kiliseleri Derne\u011fi taraf\u0131ndan organize edilen etkinli\u011fe d\u00fcnyan\u0131n \u00e7e\u015fitli \u00fclkelerinden konuklar kat\u0131lacak. PASKALYA BAYRAMI NE ANLAMA GEL\u0130YOR? Paskalya Bayram\u0131, Hristiyan inanc\u0131na g\u00f6re \u0130sa&#8217;n\u0131n \u00f6l\u00fcm ve dirili\u015fiyle insanl\u0131\u011fa yeni bir umut ve kurtulu\u015f sundu\u011funu ifade eder. Genellikle kiliselerde d\u00fczenlenen ayinlere devlet yetkilileri de kat\u0131l\u0131r. Bu kapsamda Antalya\u2019da da kutlanacak olan Paskalya 20 Nisan Pazar g\u00fcn\u00fc Atat\u00fcrk K\u00fclt\u00fcr Merkezi Aspendos Salonu\u2019nda ger\u00e7ekle\u015ftirilecek. Antalya \u0130ncili Kiliseleri Derne\u011fi taraf\u0131ndan organize edilen kutlamalara d\u00fcnyan\u0131n de\u011fi\u015fik \u00fclkelerinden \u00e7ok say\u0131da isim kat\u0131lacak. HZ. \u0130SA\u2019NIN D\u0130R\u0130L\u0130\u015e\u0130N\u0130 ANIYORLAR Paskalya d\u00f6neminde genellikle Hristiyanlar, Hz. \u0130sa&#8217;n\u0131n dirili\u015fini anmak i\u00e7in ibadet eder ve \u00e7e\u015fitli kutlamalar d\u00fczenler. Paskalya, ayn\u0131 zamanda bir\u00e7ok \u00fclkede resmi tatil olarak kabul edilmektedir. \u00d6rne\u011fin, Yunanistan&#8217;da 20 Nisan 2025 Pazar g\u00fcn\u00fc Paskalya, 21 Nisan 2025 Pazartesi g\u00fcn\u00fc ise Paskalya Pazartesisi olarak resmi tatil ilan ediliyor. Antalya\u2019da ger\u00e7ekle\u015ftirilecek kutlamalara t\u00fcm vatanda\u015flar\u0131n davetli oldu\u011funu a\u00e7\u0131klayan Antalya \u0130ncil Kiliseleri Derne\u011fi y\u00f6netimi, kutlamalar\u0131n co\u015fku i\u00e7erisinde tamamlanaca\u011f\u0131n\u0131 a\u00e7\u0131klad\u0131. \u200bAntalya \u0130ncil Kiliseleri Derne\u011fi taraf\u0131ndan 20 Nisan\u2019da Atat\u00fcrk K\u00fclt\u00fcr Merkezi\u2019nde d\u00fczenlenecek Paskalya kutlamalar\u0131na d\u00fcnyan\u0131n farkl\u0131 \u00fclkelerinden kat\u0131l\u0131m sa\u011flanacak. Etkinlik, bar\u0131\u015f ve karde\u015flik mesajlar\u0131yla k\u00fclt\u00fcrel &hellip;","og_url":"https:\/\/denizcankizil.tr\/ru\/haberler\/gundem\/antalyada-paskalya-kutlamalari-nerede-yapilacak\/","og_site_name":"Av. Deniz Can K\u0131z\u0131l","article_published_time":"2025-04-11T13:41:22+00:00","author":"Antalya K\u00f6rfez","twitter_card":"summary_large_image","twitter_misc":{"\u041d\u0430\u043f\u0438\u0441\u0430\u043d\u043e \u0430\u0432\u0442\u043e\u0440\u043e\u043c":"Antalya K\u00f6rfez","\u041f\u0440\u0438\u043c\u0435\u0440\u043d\u043e\u0435 \u0432\u0440\u0435\u043c\u044f \u0434\u043b\u044f \u0447\u0442\u0435\u043d\u0438\u044f":"2 \u043c\u0438\u043d\u0443\u0442\u044b"},"schema":{"@context":"https:\/\/schema.org","@graph":[{"@type":"Article","@id":"https:\/\/denizcankizil.tr\/en\/haberler\/gundem\/antalyada-paskalya-kutlamalari-nerede-yapilacak\/#article","isPartOf":{"@id":"https:\/\/denizcankizil.tr\/en\/haberler\/gundem\/antalyada-paskalya-kutlamalari-nerede-yapilacak\/"},"author":{"name":"Antalya K\u00f6rfez","@id":"https:\/\/denizcankizil.tr\/de\/#\/schema\/person\/e1eb71bb4dd684d46563f0af307e1234"},"headline":"Antalya\u2019da Paskalya kutlamalar\u0131 nerede yap\u0131lacak?","datePublished":"2025-04-11T13:41:22+00:00","mainEntityOfPage":{"@id":"https:\/\/denizcankizil.tr\/en\/haberler\/gundem\/antalyada-paskalya-kutlamalari-nerede-yapilacak\/"},"wordCount":313,"publisher":{"@id":"https:\/\/denizcankizil.tr\/de\/#organization"},"articleSection":["G\u00fcndem"],"inLanguage":"ru-RU"},{"@type":"WebPage","@id":"https:\/\/denizcankizil.tr\/en\/haberler\/gundem\/antalyada-paskalya-kutlamalari-nerede-yapilacak\/","url":"https:\/\/denizcankizil.tr\/en\/haberler\/gundem\/antalyada-paskalya-kutlamalari-nerede-yapilacak\/","name":"Antalya\u2019da Paskalya kutlamalar\u0131 nerede yap\u0131lacak? - Av. Deniz Can K\u0131z\u0131l","isPartOf":{"@id":"https:\/\/denizcankizil.tr\/de\/#website"},"datePublished":"2025-04-11T13:41:22+00:00","breadcrumb":{"@id":"https:\/\/denizcankizil.tr\/en\/haberler\/gundem\/antalyada-paskalya-kutlamalari-nerede-yapilacak\/#breadcrumb"},"inLanguage":"ru-RU","potentialAction":[{"@type":"ReadAction","target":["https:\/\/denizcankizil.tr\/en\/haberler\/gundem\/antalyada-paskalya-kutlamalari-nerede-yapilacak\/"]}]},{"@type":"BreadcrumbList","@id":"https:\/\/denizcankizil.tr\/en\/haberler\/gundem\/antalyada-paskalya-kutlamalari-nerede-yapilacak\/#breadcrumb","itemListElement":[{"@type":"ListItem","position":1,"name":"Home","item":"https:\/\/denizcankizil.tr\/de\/"},{"@type":"ListItem","position":2,"name":"Antalya\u2019da Paskalya kutlamalar\u0131 nerede yap\u0131lacak?"}]},{"@type":"WebSite","@id":"https:\/\/denizcankizil.tr\/de\/#website","url":"https:\/\/denizcankizil.tr\/de\/","name":"Av. Deniz Can K\u0131z\u0131l","description":"Avukat Deniz Can K\u0131z\u0131l Antalya Barosu","publisher":{"@id":"https:\/\/denizcankizil.tr\/de\/#organization"},"potentialAction":[{"@type":"SearchAction","target":{"@type":"EntryPoint","urlTemplate":"https:\/\/denizcankizil.tr\/de\/?s={search_term_string}"},"query-input":{"@type":"PropertyValueSpecification","valueRequired":true,"valueName":"search_term_string"}}],"inLanguage":"ru-RU"},{"@type":"Organization","@id":"https:\/\/denizcankizil.tr\/de\/#organization","name":"Av. Deniz Can K\u0131z\u0131l","url":"https:\/\/denizcankizil.tr\/de\/","logo":{"@type":"ImageObject","inLanguage":"ru-RU","@id":"https:\/\/denizcankizil.tr\/de\/#\/schema\/logo\/image\/","url":"https:\/\/denizcankizil.tr\/wp-content\/uploads\/2024\/10\/siyah-logo-svg.svg","contentUrl":"https:\/\/denizcankizil.tr\/wp-content\/uploads\/2024\/10\/siyah-logo-svg.svg","width":1080,"height":1080,"caption":"Av. Deniz Can K\u0131z\u0131l"},"image":{"@id":"https:\/\/denizcankizil.tr\/de\/#\/schema\/logo\/image\/"}},{"@type":"Person","@id":"https:\/\/denizcankizil.tr\/de\/#\/schema\/person\/e1eb71bb4dd684d46563f0af307e1234","name":"Antalya K\u00f6rfez","image":{"@type":"ImageObject","inLanguage":"ru-RU","@id":"https:\/\/denizcankizil.tr\/de\/#\/schema\/person\/image\/","url":"https:\/\/secure.gravatar.com\/avatar\/42b01982558a48a0b501fdcab6a408d3717ea5919095ee2e67b0e521799c5905?s=96&d=mm&r=g","contentUrl":"https:\/\/secure.gravatar.com\/avatar\/42b01982558a48a0b501fdcab6a408d3717ea5919095ee2e67b0e521799c5905?s=96&d=mm&r=g","caption":"Antalya K\u00f6rfez"},"sameAs":["http:\/\/www.antalyakorfez.com"],"url":"https:\/\/www.antalyakorfez.com\/antalyada-paskalya-kutlamalari-nerede-gerceklesecek"}]}},"_links":{"self":[{"href":"https:\/\/denizcankizil.tr\/ru\/wp-json\/wp\/v2\/posts\/52585","targetHints":{"allow":["GET"]}}],"collection":[{"href":"https:\/\/denizcankizil.tr\/ru\/wp-json\/wp\/v2\/posts"}],"about":[{"href":"https:\/\/denizcankizil.tr\/ru\/wp-json\/wp\/v2\/types\/post"}],"author":[{"embeddable":true,"href":"https:\/\/denizcankizil.tr\/ru\/wp-json\/wp\/v2\/users\/5"}],"replies":[{"embeddable":true,"href":"https:\/\/denizcankizil.tr\/ru\/wp-json\/wp\/v2\/comments?post=52585"}],"version-history":[{"count":0,"href":"https:\/\/denizcankizil.tr\/ru\/wp-json\/wp\/v2\/posts\/52585\/revisions"}],"wp:attachment":[{"href":"https:\/\/denizcankizil.tr\/ru\/wp-json\/wp\/v2\/media?parent=52585"}],"wp:term":[{"taxonomy":"category","embeddable":true,"href":"https:\/\/denizcankizil.tr\/ru\/wp-json\/wp\/v2\/categories?post=52585"},{"taxonomy":"post_tag","embeddable":true,"href":"https:\/\/denizcankizil.tr\/ru\/wp-json\/wp\/v2\/tags?post=52585"}],"curies":[{"name":"wp","href":"https:\/\/api.w.org\/{rel}","templated":true}]}}