{"id":5180,"date":"2024-10-20T11:48:29","date_gmt":"2024-10-20T08:48:29","guid":{"rendered":"https:\/\/denizcankizil.tr\/uncategorized-tr\/duzcede-cevreyi-kirletti-kameralardan-kacamadi\/"},"modified":"2024-10-20T11:48:36","modified_gmt":"2024-10-20T08:48:36","slug":"duzcede-cevreyi-kirletti-kameralardan-kacamadi","status":"publish","type":"post","link":"https:\/\/denizcankizil.tr\/ru\/haberler\/gundem\/duzcede-cevreyi-kirletti-kameralardan-kacamadi\/","title":{"rendered":"D\u00fczce&#8217;de \u00e7evreyi kirletti&#8230; Kameralardan ka\u00e7amad\u0131!"},"content":{"rendered":"<h1>D\u00fczce&#8217;de \u00c7evre Kirlili\u011fine Son Veren Zab\u0131ta M\u00fcdahalesi<\/h1>\n\n<p>D\u00fczce&#8217;nin Camikebir Mahallesi&#8217;nde \u00e7evre kirlili\u011fi yaratan bir birey, belediye zab\u0131ta ekiplerinin titiz \u00e7al\u0131\u015fmalar\u0131 sayesinde g\u00fcvenlik kameralar\u0131 arac\u0131l\u0131\u011f\u0131yla tespit edildi. Sefer Demir&#8217;in haberine g\u00f6re, bu olay D\u00fczce Belediyesi Zab\u0131ta M\u00fcd\u00fcrl\u00fc\u011f\u00fc&#8217;n\u00fcn etkinli\u011fini bir kez daha g\u00f6zler \u00f6n\u00fcne serdi.<\/p>\n\n<h2>Olay\u0131n Geli\u015fimi<\/h2>\n<p>\u015eikayet \u00fczerine harekete ge\u00e7en zab\u0131ta ekipleri, b\u00f6lgedeki g\u00fcvenlik kameralar\u0131n\u0131 inceleyerek \u00e7\u00f6p y\u0131\u011f\u0131nlar\u0131n\u0131n yan\u0131na koltuk atan ki\u015finin kimli\u011fini belirledi. Bu t\u00fcr davran\u0131\u015flar, hem \u00e7evre sa\u011fl\u0131\u011f\u0131n\u0131 tehdit etmekte hem de toplumda olumsuz bir izlenim b\u0131rakmaktad\u0131r.<\/p>\n\n<h2>Cezai \u0130\u015flem S\u00fcreci<\/h2>\n<p>\u00c7evre kirlili\u011fine neden olan \u015fah\u0131s hakk\u0131nda gerekli cezai i\u015flemler ba\u015flat\u0131ld\u0131. Bu durum, D\u00fczce Belediyesi&#8217;nin \u00e7evre koruma konusundaki kararl\u0131l\u0131\u011f\u0131n\u0131 ve halk sa\u011fl\u0131\u011f\u0131na verdi\u011fi \u00f6nemi g\u00f6stermektedir.<\/p>\n\n<h3>Toplum Bilinci ve \u00c7evresel Sorumluluk<\/h3>\n<p>B\u00f6yle olaylar\u0131n \u00f6n\u00fcne ge\u00e7mek i\u00e7in toplumsal bilincin art\u0131r\u0131lmas\u0131 b\u00fcy\u00fck \u00f6nem ta\u015f\u0131maktad\u0131r. Yerel y\u00f6netimler ve vatanda\u015flar i\u015fbirli\u011fi yaparak \u00e7evrenin korunmas\u0131na y\u00f6nelik ad\u0131mlar atmal\u0131d\u0131r. \u00d6rne\u011fin, 2023 y\u0131l\u0131 itibar\u0131yla T\u00fcrkiye genelinde yap\u0131lan ara\u015ft\u0131rmalar g\u00f6steriyor ki; halk\u0131n %70&#8217;i \u00e7evresel sorunlara kar\u015f\u0131 duyarl\u0131 oldu\u011funu belirtmektedir.<\/p>\n\n<h4>\u0441\u043b\u0435\u0434\u043e\u0432\u0430\u0442\u0435\u043b\u044c\u043d\u043e<\/h4>\n<p>D\u00fczce&#8217;deki bu olay, yerel y\u00f6netimlerin etkin m\u00fcdahaleleri sayesinde \u00e7\u00f6z\u00fcme kavu\u015fmu\u015ftur. Gelecek nesillere temiz bir \u00e7evre b\u0131rakmak i\u00e7in herkesin \u00fczerine d\u00fc\u015fen sorumlulu\u011fu yerine getirmesi gerekmektedir.<\/p>\n\n<p><em>Haber Kayna\u011f\u0131: www.iskenderun.org<\/em><\/p>","protected":false},"excerpt":{"rendered":"<p>D\u00fczce&#8217;de \u00c7evre Kirlili\u011fine Son Veren Zab\u0131ta M\u00fcdahalesi D\u00fczce&#8217;nin Camikebir Mahallesi&#8217;nde \u00e7evre kirlili\u011fi yaratan bir birey, belediye zab\u0131ta ekiplerinin titiz \u00e7al\u0131\u015fmalar\u0131 sayesinde g\u00fcvenlik kameralar\u0131 arac\u0131l\u0131\u011f\u0131yla tespit edildi. Sefer Demir&#8217;in haberine g\u00f6re, bu olay D\u00fczce Belediyesi Zab\u0131ta M\u00fcd\u00fcrl\u00fc\u011f\u00fc&#8217;n\u00fcn etkinli\u011fini bir kez daha g\u00f6zler \u00f6n\u00fcne serdi. Olay\u0131n Geli\u015fimi \u015eikayet \u00fczerine harekete ge\u00e7en zab\u0131ta ekipleri, b\u00f6lgedeki g\u00fcvenlik kameralar\u0131n\u0131 inceleyerek \u00e7\u00f6p y\u0131\u011f\u0131nlar\u0131n\u0131n yan\u0131na koltuk atan ki\u015finin kimli\u011fini belirledi. Bu t\u00fcr davran\u0131\u015flar, hem \u00e7evre sa\u011fl\u0131\u011f\u0131n\u0131 tehdit etmekte hem de toplumda olumsuz bir izlenim b\u0131rakmaktad\u0131r. Cezai \u0130\u015flem S\u00fcreci \u00c7evre kirlili\u011fine neden olan \u015fah\u0131s hakk\u0131nda gerekli cezai i\u015flemler ba\u015flat\u0131ld\u0131. Bu durum, D\u00fczce Belediyesi&#8217;nin \u00e7evre koruma konusundaki kararl\u0131l\u0131\u011f\u0131n\u0131 ve halk sa\u011fl\u0131\u011f\u0131na verdi\u011fi \u00f6nemi g\u00f6stermektedir. Toplum Bilinci ve \u00c7evresel Sorumluluk B\u00f6yle olaylar\u0131n \u00f6n\u00fcne ge\u00e7mek i\u00e7in toplumsal bilincin art\u0131r\u0131lmas\u0131 b\u00fcy\u00fck \u00f6nem ta\u015f\u0131maktad\u0131r. Yerel y\u00f6netimler ve vatanda\u015flar i\u015fbirli\u011fi yaparak \u00e7evrenin korunmas\u0131na y\u00f6nelik ad\u0131mlar atmal\u0131d\u0131r. \u00d6rne\u011fin, 2023 y\u0131l\u0131 itibar\u0131yla T\u00fcrkiye genelinde yap\u0131lan ara\u015ft\u0131rmalar g\u00f6steriyor ki; halk\u0131n %70&#8217;i \u00e7evresel sorunlara kar\u015f\u0131 duyarl\u0131 oldu\u011funu belirtmektedir. Sonu\u00e7 Olarak D\u00fczce&#8217;deki bu olay, yerel y\u00f6netimlerin etkin m\u00fcdahaleleri sayesinde \u00e7\u00f6z\u00fcme kavu\u015fmu\u015ftur. Gelecek nesillere temiz bir \u00e7evre b\u0131rakmak i\u00e7in herkesin \u00fczerine d\u00fc\u015fen sorumlulu\u011fu yerine getirmesi gerekmektedir. Haber Kayna\u011f\u0131: www.iskenderun.org<\/p>","protected":false},"author":0,"featured_media":0,"comment_status":"open","ping_status":"open","sticky":false,"template":"","format":"standard","meta":{"_acf_changed":false,"footnotes":""},"categories":[24,535],"tags":[],"class_list":["post-5180","post","type-post","status-publish","format-standard","has-post-thumbnail","hentry","category-gundem","category-uncategorized-tr"],"acf":[],"yoast_head":"<!-- This site is optimized with the Yoast SEO Premium plugin v26.6 (Yoast SEO v27.1.1) - https:\/\/yoast.com\/product\/yoast-seo-premium-wordpress\/ -->\n<title>D\u00fczce&#039;de \u00e7evreyi kirletti... Kameralardan ka\u00e7amad\u0131! - Av. Deniz Can K\u0131z\u0131l<\/title>\n<meta name=\"robots\" content=\"index, follow, max-snippet:-1, max-image-preview:large, max-video-preview:-1\" \/>\n<link rel=\"canonical\" href=\"https:\/\/denizcankizil.tr\/ru\/haberler\/gundem\/duzcede-cevreyi-kirletti-kameralardan-kacamadi\/\" \/>\n<meta property=\"og:locale\" content=\"ru_RU\" \/>\n<meta property=\"og:type\" content=\"article\" \/>\n<meta property=\"og:title\" content=\"D\u00fczce&#039;de \u00e7evreyi kirletti... Kameralardan ka\u00e7amad\u0131!\" \/>\n<meta property=\"og:description\" content=\"D\u00fczce&#8217;de \u00c7evre Kirlili\u011fine Son Veren Zab\u0131ta M\u00fcdahalesi D\u00fczce&#8217;nin Camikebir Mahallesi&#8217;nde \u00e7evre kirlili\u011fi yaratan bir birey, belediye zab\u0131ta ekiplerinin titiz \u00e7al\u0131\u015fmalar\u0131 sayesinde g\u00fcvenlik kameralar\u0131 arac\u0131l\u0131\u011f\u0131yla tespit edildi. Sefer Demir&#8217;in haberine g\u00f6re, bu olay D\u00fczce Belediyesi Zab\u0131ta M\u00fcd\u00fcrl\u00fc\u011f\u00fc&#8217;n\u00fcn etkinli\u011fini bir kez daha g\u00f6zler \u00f6n\u00fcne serdi. Olay\u0131n Geli\u015fimi \u015eikayet \u00fczerine harekete ge\u00e7en zab\u0131ta ekipleri, b\u00f6lgedeki g\u00fcvenlik kameralar\u0131n\u0131 inceleyerek \u00e7\u00f6p y\u0131\u011f\u0131nlar\u0131n\u0131n yan\u0131na koltuk atan ki\u015finin kimli\u011fini belirledi. Bu t\u00fcr davran\u0131\u015flar, hem \u00e7evre sa\u011fl\u0131\u011f\u0131n\u0131 tehdit etmekte hem de toplumda olumsuz bir izlenim b\u0131rakmaktad\u0131r. Cezai \u0130\u015flem S\u00fcreci \u00c7evre kirlili\u011fine neden olan \u015fah\u0131s hakk\u0131nda gerekli cezai i\u015flemler ba\u015flat\u0131ld\u0131. Bu durum, D\u00fczce Belediyesi&#8217;nin \u00e7evre koruma konusundaki kararl\u0131l\u0131\u011f\u0131n\u0131 ve halk sa\u011fl\u0131\u011f\u0131na verdi\u011fi \u00f6nemi g\u00f6stermektedir. Toplum Bilinci ve \u00c7evresel Sorumluluk B\u00f6yle olaylar\u0131n \u00f6n\u00fcne ge\u00e7mek i\u00e7in toplumsal bilincin art\u0131r\u0131lmas\u0131 b\u00fcy\u00fck \u00f6nem ta\u015f\u0131maktad\u0131r. Yerel y\u00f6netimler ve vatanda\u015flar i\u015fbirli\u011fi yaparak \u00e7evrenin korunmas\u0131na y\u00f6nelik ad\u0131mlar atmal\u0131d\u0131r. \u00d6rne\u011fin, 2023 y\u0131l\u0131 itibar\u0131yla T\u00fcrkiye genelinde yap\u0131lan ara\u015ft\u0131rmalar g\u00f6steriyor ki; halk\u0131n %70&#8217;i \u00e7evresel sorunlara kar\u015f\u0131 duyarl\u0131 oldu\u011funu belirtmektedir. Sonu\u00e7 Olarak D\u00fczce&#8217;deki bu olay, yerel y\u00f6netimlerin etkin m\u00fcdahaleleri sayesinde \u00e7\u00f6z\u00fcme kavu\u015fmu\u015ftur. Gelecek nesillere temiz bir \u00e7evre b\u0131rakmak i\u00e7in herkesin \u00fczerine d\u00fc\u015fen sorumlulu\u011fu yerine getirmesi gerekmektedir. Haber Kayna\u011f\u0131: www.iskenderun.org\" \/>\n<meta property=\"og:url\" content=\"https:\/\/denizcankizil.tr\/ru\/haberler\/gundem\/duzcede-cevreyi-kirletti-kameralardan-kacamadi\/\" \/>\n<meta property=\"og:site_name\" content=\"Av. Deniz Can K\u0131z\u0131l\" \/>\n<meta property=\"article:published_time\" content=\"2024-10-20T08:48:29+00:00\" \/>\n<meta property=\"article:modified_time\" content=\"2024-10-20T08:48:36+00:00\" \/>\n<meta name=\"twitter:card\" content=\"summary_large_image\" \/>\n<meta name=\"twitter:label1\" content=\"\u041f\u0440\u0438\u043c\u0435\u0440\u043d\u043e\u0435 \u0432\u0440\u0435\u043c\u044f \u0434\u043b\u044f \u0447\u0442\u0435\u043d\u0438\u044f\" \/>\n\t<meta name=\"twitter:data1\" content=\"1 \u043c\u0438\u043d\u0443\u0442\u0430\" \/>\n<script type=\"application\/ld+json\" class=\"yoast-schema-graph\">{\"@context\":\"https:\/\/schema.org\",\"@graph\":[{\"@type\":\"Article\",\"@id\":\"https:\/\/denizcankizil.tr\/ru\/haberler\/gundem\/duzcede-cevreyi-kirletti-kameralardan-kacamadi\/#article\",\"isPartOf\":{\"@id\":\"https:\/\/denizcankizil.tr\/ru\/haberler\/gundem\/duzcede-cevreyi-kirletti-kameralardan-kacamadi\/\"},\"author\":{\"name\":\"\",\"@id\":\"\"},\"headline\":\"D\u00fczce&#8217;de \u00e7evreyi kirletti&#8230; Kameralardan ka\u00e7amad\u0131!\",\"datePublished\":\"2024-10-20T08:48:29+00:00\",\"dateModified\":\"2024-10-20T08:48:36+00:00\",\"mainEntityOfPage\":{\"@id\":\"https:\/\/denizcankizil.tr\/ru\/haberler\/gundem\/duzcede-cevreyi-kirletti-kameralardan-kacamadi\/\"},\"wordCount\":288,\"commentCount\":0,\"publisher\":{\"@id\":\"https:\/\/denizcankizil.tr\/#organization\"},\"articleSection\":[\"G\u00fcndem\",\"Uncategorized\"],\"inLanguage\":\"ru-RU\",\"potentialAction\":[{\"@type\":\"CommentAction\",\"name\":\"Comment\",\"target\":[\"https:\/\/denizcankizil.tr\/ru\/haberler\/gundem\/duzcede-cevreyi-kirletti-kameralardan-kacamadi\/#respond\"]}]},{\"@type\":\"WebPage\",\"@id\":\"https:\/\/denizcankizil.tr\/ru\/haberler\/gundem\/duzcede-cevreyi-kirletti-kameralardan-kacamadi\/\",\"url\":\"https:\/\/denizcankizil.tr\/ru\/haberler\/gundem\/duzcede-cevreyi-kirletti-kameralardan-kacamadi\/\",\"name\":\"D\u00fczce'de \u00e7evreyi kirletti... Kameralardan ka\u00e7amad\u0131! - Av. Deniz Can K\u0131z\u0131l\",\"isPartOf\":{\"@id\":\"https:\/\/denizcankizil.tr\/#website\"},\"datePublished\":\"2024-10-20T08:48:29+00:00\",\"dateModified\":\"2024-10-20T08:48:36+00:00\",\"breadcrumb\":{\"@id\":\"https:\/\/denizcankizil.tr\/ru\/haberler\/gundem\/duzcede-cevreyi-kirletti-kameralardan-kacamadi\/#breadcrumb\"},\"inLanguage\":\"ru-RU\",\"potentialAction\":[{\"@type\":\"ReadAction\",\"target\":[\"https:\/\/denizcankizil.tr\/ru\/haberler\/gundem\/duzcede-cevreyi-kirletti-kameralardan-kacamadi\/\"]}]},{\"@type\":\"BreadcrumbList\",\"@id\":\"https:\/\/denizcankizil.tr\/ru\/haberler\/gundem\/duzcede-cevreyi-kirletti-kameralardan-kacamadi\/#breadcrumb\",\"itemListElement\":[{\"@type\":\"ListItem\",\"position\":1,\"name\":\"Home\",\"item\":\"https:\/\/denizcankizil.tr\/de\/\"},{\"@type\":\"ListItem\",\"position\":2,\"name\":\"D\u00fczce&#8217;de \u00e7evreyi kirletti&#8230; Kameralardan ka\u00e7amad\u0131!\"}]},{\"@type\":\"WebSite\",\"@id\":\"https:\/\/denizcankizil.tr\/#website\",\"url\":\"https:\/\/denizcankizil.tr\/\",\"name\":\"Av. Deniz Can K\u0131z\u0131l\",\"description\":\"Avukat Deniz Can K\u0131z\u0131l Antalya Barosu\",\"publisher\":{\"@id\":\"https:\/\/denizcankizil.tr\/#organization\"},\"potentialAction\":[{\"@type\":\"SearchAction\",\"target\":{\"@type\":\"EntryPoint\",\"urlTemplate\":\"https:\/\/denizcankizil.tr\/?s={search_term_string}\"},\"query-input\":{\"@type\":\"PropertyValueSpecification\",\"valueRequired\":true,\"valueName\":\"search_term_string\"}}],\"inLanguage\":\"ru-RU\"},{\"@type\":\"Organization\",\"@id\":\"https:\/\/denizcankizil.tr\/#organization\",\"name\":\"Av. Deniz Can K\u0131z\u0131l\",\"url\":\"https:\/\/denizcankizil.tr\/\",\"logo\":{\"@type\":\"ImageObject\",\"inLanguage\":\"ru-RU\",\"@id\":\"https:\/\/denizcankizil.tr\/#\/schema\/logo\/image\/\",\"url\":\"https:\/\/denizcankizil.tr\/wp-content\/uploads\/2024\/10\/siyah-logo-svg.svg\",\"contentUrl\":\"https:\/\/denizcankizil.tr\/wp-content\/uploads\/2024\/10\/siyah-logo-svg.svg\",\"width\":1080,\"height\":1080,\"caption\":\"Av. Deniz Can K\u0131z\u0131l\"},\"image\":{\"@id\":\"https:\/\/denizcankizil.tr\/#\/schema\/logo\/image\/\"}}]}<\/script>\n<!-- \/ Yoast SEO Premium plugin. -->","yoast_head_json":{"title":"D\u00fczce'de \u00e7evreyi kirletti... Kameralardan ka\u00e7amad\u0131! - Av. Deniz Can K\u0131z\u0131l","robots":{"index":"index","follow":"follow","max-snippet":"max-snippet:-1","max-image-preview":"max-image-preview:large","max-video-preview":"max-video-preview:-1"},"canonical":"https:\/\/denizcankizil.tr\/ru\/haberler\/gundem\/duzcede-cevreyi-kirletti-kameralardan-kacamadi\/","og_locale":"ru_RU","og_type":"article","og_title":"D\u00fczce'de \u00e7evreyi kirletti... Kameralardan ka\u00e7amad\u0131!","og_description":"D\u00fczce&#8217;de \u00c7evre Kirlili\u011fine Son Veren Zab\u0131ta M\u00fcdahalesi D\u00fczce&#8217;nin Camikebir Mahallesi&#8217;nde \u00e7evre kirlili\u011fi yaratan bir birey, belediye zab\u0131ta ekiplerinin titiz \u00e7al\u0131\u015fmalar\u0131 sayesinde g\u00fcvenlik kameralar\u0131 arac\u0131l\u0131\u011f\u0131yla tespit edildi. Sefer Demir&#8217;in haberine g\u00f6re, bu olay D\u00fczce Belediyesi Zab\u0131ta M\u00fcd\u00fcrl\u00fc\u011f\u00fc&#8217;n\u00fcn etkinli\u011fini bir kez daha g\u00f6zler \u00f6n\u00fcne serdi. Olay\u0131n Geli\u015fimi \u015eikayet \u00fczerine harekete ge\u00e7en zab\u0131ta ekipleri, b\u00f6lgedeki g\u00fcvenlik kameralar\u0131n\u0131 inceleyerek \u00e7\u00f6p y\u0131\u011f\u0131nlar\u0131n\u0131n yan\u0131na koltuk atan ki\u015finin kimli\u011fini belirledi. Bu t\u00fcr davran\u0131\u015flar, hem \u00e7evre sa\u011fl\u0131\u011f\u0131n\u0131 tehdit etmekte hem de toplumda olumsuz bir izlenim b\u0131rakmaktad\u0131r. Cezai \u0130\u015flem S\u00fcreci \u00c7evre kirlili\u011fine neden olan \u015fah\u0131s hakk\u0131nda gerekli cezai i\u015flemler ba\u015flat\u0131ld\u0131. Bu durum, D\u00fczce Belediyesi&#8217;nin \u00e7evre koruma konusundaki kararl\u0131l\u0131\u011f\u0131n\u0131 ve halk sa\u011fl\u0131\u011f\u0131na verdi\u011fi \u00f6nemi g\u00f6stermektedir. Toplum Bilinci ve \u00c7evresel Sorumluluk B\u00f6yle olaylar\u0131n \u00f6n\u00fcne ge\u00e7mek i\u00e7in toplumsal bilincin art\u0131r\u0131lmas\u0131 b\u00fcy\u00fck \u00f6nem ta\u015f\u0131maktad\u0131r. Yerel y\u00f6netimler ve vatanda\u015flar i\u015fbirli\u011fi yaparak \u00e7evrenin korunmas\u0131na y\u00f6nelik ad\u0131mlar atmal\u0131d\u0131r. \u00d6rne\u011fin, 2023 y\u0131l\u0131 itibar\u0131yla T\u00fcrkiye genelinde yap\u0131lan ara\u015ft\u0131rmalar g\u00f6steriyor ki; halk\u0131n %70&#8217;i \u00e7evresel sorunlara kar\u015f\u0131 duyarl\u0131 oldu\u011funu belirtmektedir. Sonu\u00e7 Olarak D\u00fczce&#8217;deki bu olay, yerel y\u00f6netimlerin etkin m\u00fcdahaleleri sayesinde \u00e7\u00f6z\u00fcme kavu\u015fmu\u015ftur. Gelecek nesillere temiz bir \u00e7evre b\u0131rakmak i\u00e7in herkesin \u00fczerine d\u00fc\u015fen sorumlulu\u011fu yerine getirmesi gerekmektedir. Haber Kayna\u011f\u0131: www.iskenderun.org","og_url":"https:\/\/denizcankizil.tr\/ru\/haberler\/gundem\/duzcede-cevreyi-kirletti-kameralardan-kacamadi\/","og_site_name":"Av. Deniz Can K\u0131z\u0131l","article_published_time":"2024-10-20T08:48:29+00:00","article_modified_time":"2024-10-20T08:48:36+00:00","twitter_card":"summary_large_image","twitter_misc":{"\u041f\u0440\u0438\u043c\u0435\u0440\u043d\u043e\u0435 \u0432\u0440\u0435\u043c\u044f \u0434\u043b\u044f \u0447\u0442\u0435\u043d\u0438\u044f":"1 \u043c\u0438\u043d\u0443\u0442\u0430"},"schema":{"@context":"https:\/\/schema.org","@graph":[{"@type":"Article","@id":"https:\/\/denizcankizil.tr\/ru\/haberler\/gundem\/duzcede-cevreyi-kirletti-kameralardan-kacamadi\/#article","isPartOf":{"@id":"https:\/\/denizcankizil.tr\/ru\/haberler\/gundem\/duzcede-cevreyi-kirletti-kameralardan-kacamadi\/"},"author":{"name":"","@id":""},"headline":"D\u00fczce&#8217;de \u00e7evreyi kirletti&#8230; Kameralardan ka\u00e7amad\u0131!","datePublished":"2024-10-20T08:48:29+00:00","dateModified":"2024-10-20T08:48:36+00:00","mainEntityOfPage":{"@id":"https:\/\/denizcankizil.tr\/ru\/haberler\/gundem\/duzcede-cevreyi-kirletti-kameralardan-kacamadi\/"},"wordCount":288,"commentCount":0,"publisher":{"@id":"https:\/\/denizcankizil.tr\/#organization"},"articleSection":["G\u00fcndem","Uncategorized"],"inLanguage":"ru-RU","potentialAction":[{"@type":"CommentAction","name":"Comment","target":["https:\/\/denizcankizil.tr\/ru\/haberler\/gundem\/duzcede-cevreyi-kirletti-kameralardan-kacamadi\/#respond"]}]},{"@type":"WebPage","@id":"https:\/\/denizcankizil.tr\/ru\/haberler\/gundem\/duzcede-cevreyi-kirletti-kameralardan-kacamadi\/","url":"https:\/\/denizcankizil.tr\/ru\/haberler\/gundem\/duzcede-cevreyi-kirletti-kameralardan-kacamadi\/","name":"D\u00fczce'de \u00e7evreyi kirletti... Kameralardan ka\u00e7amad\u0131! - Av. Deniz Can K\u0131z\u0131l","isPartOf":{"@id":"https:\/\/denizcankizil.tr\/#website"},"datePublished":"2024-10-20T08:48:29+00:00","dateModified":"2024-10-20T08:48:36+00:00","breadcrumb":{"@id":"https:\/\/denizcankizil.tr\/ru\/haberler\/gundem\/duzcede-cevreyi-kirletti-kameralardan-kacamadi\/#breadcrumb"},"inLanguage":"ru-RU","potentialAction":[{"@type":"ReadAction","target":["https:\/\/denizcankizil.tr\/ru\/haberler\/gundem\/duzcede-cevreyi-kirletti-kameralardan-kacamadi\/"]}]},{"@type":"BreadcrumbList","@id":"https:\/\/denizcankizil.tr\/ru\/haberler\/gundem\/duzcede-cevreyi-kirletti-kameralardan-kacamadi\/#breadcrumb","itemListElement":[{"@type":"ListItem","position":1,"name":"Home","item":"https:\/\/denizcankizil.tr\/de\/"},{"@type":"ListItem","position":2,"name":"D\u00fczce&#8217;de \u00e7evreyi kirletti&#8230; Kameralardan ka\u00e7amad\u0131!"}]},{"@type":"WebSite","@id":"https:\/\/denizcankizil.tr\/#website","url":"https:\/\/denizcankizil.tr\/","name":"Av. Deniz Can K\u0131z\u0131l","description":"Avukat Deniz Can K\u0131z\u0131l Antalya Barosu","publisher":{"@id":"https:\/\/denizcankizil.tr\/#organization"},"potentialAction":[{"@type":"SearchAction","target":{"@type":"EntryPoint","urlTemplate":"https:\/\/denizcankizil.tr\/?s={search_term_string}"},"query-input":{"@type":"PropertyValueSpecification","valueRequired":true,"valueName":"search_term_string"}}],"inLanguage":"ru-RU"},{"@type":"Organization","@id":"https:\/\/denizcankizil.tr\/#organization","name":"Av. Deniz Can K\u0131z\u0131l","url":"https:\/\/denizcankizil.tr\/","logo":{"@type":"ImageObject","inLanguage":"ru-RU","@id":"https:\/\/denizcankizil.tr\/#\/schema\/logo\/image\/","url":"https:\/\/denizcankizil.tr\/wp-content\/uploads\/2024\/10\/siyah-logo-svg.svg","contentUrl":"https:\/\/denizcankizil.tr\/wp-content\/uploads\/2024\/10\/siyah-logo-svg.svg","width":1080,"height":1080,"caption":"Av. Deniz Can K\u0131z\u0131l"},"image":{"@id":"https:\/\/denizcankizil.tr\/#\/schema\/logo\/image\/"}}]}},"_links":{"self":[{"href":"https:\/\/denizcankizil.tr\/ru\/wp-json\/wp\/v2\/posts\/5180","targetHints":{"allow":["GET"]}}],"collection":[{"href":"https:\/\/denizcankizil.tr\/ru\/wp-json\/wp\/v2\/posts"}],"about":[{"href":"https:\/\/denizcankizil.tr\/ru\/wp-json\/wp\/v2\/types\/post"}],"replies":[{"embeddable":true,"href":"https:\/\/denizcankizil.tr\/ru\/wp-json\/wp\/v2\/comments?post=5180"}],"version-history":[{"count":1,"href":"https:\/\/denizcankizil.tr\/ru\/wp-json\/wp\/v2\/posts\/5180\/revisions"}],"predecessor-version":[{"id":5181,"href":"https:\/\/denizcankizil.tr\/ru\/wp-json\/wp\/v2\/posts\/5180\/revisions\/5181"}],"wp:attachment":[{"href":"https:\/\/denizcankizil.tr\/ru\/wp-json\/wp\/v2\/media?parent=5180"}],"wp:term":[{"taxonomy":"category","embeddable":true,"href":"https:\/\/denizcankizil.tr\/ru\/wp-json\/wp\/v2\/categories?post=5180"},{"taxonomy":"post_tag","embeddable":true,"href":"https:\/\/denizcankizil.tr\/ru\/wp-json\/wp\/v2\/tags?post=5180"}],"curies":[{"name":"wp","href":"https:\/\/api.w.org\/{rel}","templated":true}]}}