{"id":51637,"date":"2025-04-10T17:43:05","date_gmt":"2025-04-10T14:43:05","guid":{"rendered":"https:\/\/denizcankizil.tr\/uncategorized-tr\/iletisimden-5-bolge-mudurlugune-yeni-atama\/"},"modified":"2025-04-10T17:43:05","modified_gmt":"2025-04-10T14:43:05","slug":"iletisimden-5-bolge-mudurlugune-yeni-atama","status":"publish","type":"post","link":"https:\/\/denizcankizil.tr\/ru\/haberler\/gundem\/iletisimden-5-bolge-mudurlugune-yeni-atama\/","title":{"rendered":"\u0130leti\u015fim&#8217;den 5 B\u00f6lge M\u00fcd\u00fcrl\u00fc\u011f\u00fc&#8217;ne yeni atama"},"content":{"rendered":"<p>Cumhurba\u015fkanl\u0131\u011f\u0131 \u0130leti\u015fim Ba\u015fkanl\u011f\u0131 B\u00f6lge M\u00fcd\u00fcrl\u00fckleri&#8217;nde \u0130stanbul, Konya ve Antalya g\u00f6revden al\u0131n\u0131rken, \u00c7anakkale ve \u015eanl\u0131urfa ile birlikte yerlerine yeni m\u00fcd\u00fcrler de atand\u0131.ANKARA (\u0130GFA) &#8211; Cumhurba\u015fkan\u0131 Recep Tayyip Erdo\u011fan&#8217;\u0131n imzas\u0131yla \u0130leti\u015fim Ba\u015fkanl\u0131\u011f\u0131 B\u00f6lge M\u00fcd\u00fcrl\u00fcklerine ili\u015fkin atama kararlar\u0131 bug\u00fcnk\u00fc Resmi Gazete&#8217;de yay\u0131mland\u0131.<br \/>\n3 say\u0131l\u0131 Cumhurba\u015fkanl\u0131\u011f\u0131 Kararnamesinin 2 ve 3\u2019\u00fcnc\u00fc maddeleri gere\u011fince Cumhurba\u015fkanl\u0131\u011f\u0131 \u0130leti\u015fim Ba\u015fkanl\u0131\u011f\u0131 b\u00fcnyesindeki \u0130stanbul B\u00f6lge M\u00fcd\u00fcr\u00fc Metin Erol, Konya B\u00f6lge M\u00fcd\u00fcr\u00fc Taner Ta\u015fk\u0131ran ve Antalya B\u00f6lge M\u00fcd\u00fcr\u00fc Sabri \u0130\u015fbilen g\u00f6revden al\u0131nd\u0131.<br \/>\nBuna g\u00f6re yerlerine \u0130stanbul B\u00f6lge M\u00fcd\u00fcrl\u00fc\u011f\u00fcne Efe Murat Erba\u015f,\u00a0 Konya B\u00f6lge M\u00fcd\u00fcrl\u00fc\u011f\u00fcne O\u011fuz Tun\u00e7,\u00a0\u00a0 Antalya B\u00f6lge M\u00fcd\u00fcrl\u00fc\u011f\u00fcne Ahmet Uzun atand\u0131.<br \/>\nKararnamede ayr\u0131ca bo\u015f olan \u00c7anakkale B\u00f6lge M\u00fcd\u00fcrl\u00fc\u011f\u00fcne Mustafa Tolga Karao\u011flu, \u015eanl\u0131urfa B\u00f6lge M\u00fcd\u00fcrl\u00fc\u011f\u00fcne Numan G\u00fcnay&#8217;\u0131n da atamalar\u0131 yap\u0131ld\u0131.<\/p>\n<p>\u200bCumhurba\u015fkanl\u0131\u011f\u0131 \u0130leti\u015fim Ba\u015fkanl\u011f\u0131 B\u00f6lge M\u00fcd\u00fcrl\u00fckleri&#8217;nde \u0130stanbul, Konya ve Antalya g\u00f6revden al\u0131n\u0131rken, \u00c7anakkale ve \u015eanl\u0131urfa ile birlikte yerlerine yeni m\u00fcd\u00fcrler de atand\u0131.ANKARA (\u0130GFA) &#8211; Cumhurba\u015fkan\u0131 Recep Tayyip Erdo\u011fan&#8217;\u0131n imzas\u0131yla \u0130leti\u015fim Ba\u015fkanl\u0131\u011f\u0131 B\u00f6lge M\u00fcd\u00fcrl\u00fcklerine ili\u015fkin atama kararlar\u0131 bug\u00fcnk\u00fc Resmi Gazete&#8217;de yay\u0131mland\u0131.<br \/>\n3 say\u0131l\u0131 Cumhurba\u015fkanl\u0131\u011f\u0131 Kararnamesinin 2 ve 3\u2019\u00fcnc\u00fc maddeleri gere\u011fince Cumhurba\u015fkanl\u0131\u011f\u0131 \u0130leti\u015fim Ba\u015fkanl\u0131\u011f\u0131 b\u00fcnyesindeki \u0130stanbul B\u00f6lge M\u00fcd\u00fcr\u00fc Metin Erol, Konya B\u00f6lge M\u00fcd\u00fcr\u00fc Taner Ta\u015fk\u0131ran ve Antalya B\u00f6lge M\u00fcd\u00fcr\u00fc Sabri \u0130\u015fbilen g\u00f6revden al\u0131nd\u0131.<br \/>\nBuna g\u00f6re yerlerine \u0130stanbul B\u00f6lge M\u00fcd\u00fcrl\u00fc\u011f\u00fcne Efe Murat Erba\u015f,\u00a0 Konya B\u00f6lge M\u00fcd\u00fcrl\u00fc\u011f\u00fcne O\u011fuz Tun\u00e7,\u00a0\u00a0 Antalya B\u00f6lge M\u00fcd\u00fcrl\u00fc\u011f\u00fcne Ahmet Uzun atand\u0131.<br \/>\nKararnamede ayr\u0131ca bo\u015f olan \u00c7anakkale B\u00f6lge M\u00fcd\u00fcrl\u00fc\u011f\u00fcne Mustafa Tolga Karao\u011flu, \u015eanl\u0131urfa B\u00f6lge M\u00fcd\u00fcrl\u00fc\u011f\u00fcne Numan G\u00fcnay&#8217;\u0131n da atamalar\u0131 yap\u0131ld\u0131.\u00a0<\/p>\n<p>\u200bHaberin Al\u0131nt\u0131land\u0131\u011f\u0131 Kaynak: www.iskenderun.org<\/p>","protected":false},"excerpt":{"rendered":"<p>Cumhurba\u015fkanl\u0131\u011f\u0131 \u0130leti\u015fim Ba\u015fkanl\u011f\u0131 B\u00f6lge M\u00fcd\u00fcrl\u00fckleri&#8217;nde \u0130stanbul, Konya ve Antalya g\u00f6revden al\u0131n\u0131rken, \u00c7anakkale ve \u015eanl\u0131urfa ile birlikte yerlerine yeni m\u00fcd\u00fcrler de atand\u0131.ANKARA (\u0130GFA) &#8211; Cumhurba\u015fkan\u0131 Recep Tayyip Erdo\u011fan&#8217;\u0131n imzas\u0131yla \u0130leti\u015fim Ba\u015fkanl\u0131\u011f\u0131 B\u00f6lge M\u00fcd\u00fcrl\u00fcklerine ili\u015fkin atama kararlar\u0131 bug\u00fcnk\u00fc Resmi Gazete&#8217;de yay\u0131mland\u0131. 3 say\u0131l\u0131 Cumhurba\u015fkanl\u0131\u011f\u0131 Kararnamesinin 2 ve 3\u2019\u00fcnc\u00fc maddeleri gere\u011fince Cumhurba\u015fkanl\u0131\u011f\u0131 \u0130leti\u015fim Ba\u015fkanl\u0131\u011f\u0131 b\u00fcnyesindeki \u0130stanbul B\u00f6lge M\u00fcd\u00fcr\u00fc Metin Erol, Konya B\u00f6lge M\u00fcd\u00fcr\u00fc Taner Ta\u015fk\u0131ran ve Antalya B\u00f6lge M\u00fcd\u00fcr\u00fc Sabri \u0130\u015fbilen g\u00f6revden al\u0131nd\u0131. Buna g\u00f6re yerlerine \u0130stanbul B\u00f6lge M\u00fcd\u00fcrl\u00fc\u011f\u00fcne Efe Murat Erba\u015f,\u00a0 Konya B\u00f6lge M\u00fcd\u00fcrl\u00fc\u011f\u00fcne O\u011fuz Tun\u00e7,\u00a0\u00a0 Antalya B\u00f6lge M\u00fcd\u00fcrl\u00fc\u011f\u00fcne Ahmet Uzun atand\u0131. Kararnamede ayr\u0131ca bo\u015f olan \u00c7anakkale B\u00f6lge M\u00fcd\u00fcrl\u00fc\u011f\u00fcne Mustafa Tolga Karao\u011flu, \u015eanl\u0131urfa B\u00f6lge M\u00fcd\u00fcrl\u00fc\u011f\u00fcne Numan G\u00fcnay&#8217;\u0131n da atamalar\u0131 yap\u0131ld\u0131. \u200bCumhurba\u015fkanl\u0131\u011f\u0131 \u0130leti\u015fim Ba\u015fkanl\u011f\u0131 B\u00f6lge M\u00fcd\u00fcrl\u00fckleri&#8217;nde \u0130stanbul, Konya ve Antalya g\u00f6revden al\u0131n\u0131rken, \u00c7anakkale ve \u015eanl\u0131urfa ile birlikte yerlerine yeni m\u00fcd\u00fcrler de atand\u0131.ANKARA (\u0130GFA) &#8211; Cumhurba\u015fkan\u0131 Recep Tayyip Erdo\u011fan&#8217;\u0131n imzas\u0131yla \u0130leti\u015fim Ba\u015fkanl\u0131\u011f\u0131 B\u00f6lge M\u00fcd\u00fcrl\u00fcklerine ili\u015fkin atama kararlar\u0131 bug\u00fcnk\u00fc Resmi Gazete&#8217;de yay\u0131mland\u0131. 3 say\u0131l\u0131 Cumhurba\u015fkanl\u0131\u011f\u0131 Kararnamesinin 2 ve 3\u2019\u00fcnc\u00fc maddeleri gere\u011fince Cumhurba\u015fkanl\u0131\u011f\u0131 \u0130leti\u015fim Ba\u015fkanl\u0131\u011f\u0131 b\u00fcnyesindeki \u0130stanbul B\u00f6lge M\u00fcd\u00fcr\u00fc Metin Erol, Konya B\u00f6lge M\u00fcd\u00fcr\u00fc Taner Ta\u015fk\u0131ran ve Antalya B\u00f6lge M\u00fcd\u00fcr\u00fc Sabri \u0130\u015fbilen g\u00f6revden al\u0131nd\u0131. Buna g\u00f6re yerlerine \u0130stanbul B\u00f6lge M\u00fcd\u00fcrl\u00fc\u011f\u00fcne Efe Murat Erba\u015f,\u00a0 Konya B\u00f6lge M\u00fcd\u00fcrl\u00fc\u011f\u00fcne O\u011fuz Tun\u00e7,\u00a0\u00a0 Antalya B\u00f6lge M\u00fcd\u00fcrl\u00fc\u011f\u00fcne Ahmet Uzun atand\u0131. Kararnamede ayr\u0131ca &hellip;<\/p>","protected":false},"author":1,"featured_media":0,"comment_status":"","ping_status":"open","sticky":false,"template":"","format":"standard","meta":{"_acf_changed":false,"footnotes":""},"categories":[24],"tags":[],"class_list":["post-51637","post","type-post","status-publish","format-standard","has-post-thumbnail","hentry","category-gundem"],"acf":[],"yoast_head":"<!-- This site is optimized with the Yoast SEO Premium plugin v26.6 (Yoast SEO v27.1.1) - https:\/\/yoast.com\/product\/yoast-seo-premium-wordpress\/ -->\n<title>\u0130leti\u015fim&#039;den 5 B\u00f6lge M\u00fcd\u00fcrl\u00fc\u011f\u00fc&#039;ne yeni atama - Av. Deniz Can K\u0131z\u0131l<\/title>\n<meta name=\"robots\" content=\"index, follow, max-snippet:-1, max-image-preview:large, max-video-preview:-1\" \/>\n<link rel=\"canonical\" href=\"http:\/\/denizcankizil.tr\/ru\/haberler\/gundem\/iletisimden-5-bolge-mudurlugune-yeni-atama\/\" \/>\n<meta property=\"og:locale\" content=\"ru_RU\" \/>\n<meta property=\"og:type\" content=\"article\" \/>\n<meta property=\"og:title\" content=\"\u0130leti\u015fim&#039;den 5 B\u00f6lge M\u00fcd\u00fcrl\u00fc\u011f\u00fc&#039;ne yeni atama\" \/>\n<meta property=\"og:description\" content=\"Cumhurba\u015fkanl\u0131\u011f\u0131 \u0130leti\u015fim Ba\u015fkanl\u011f\u0131 B\u00f6lge M\u00fcd\u00fcrl\u00fckleri&#8217;nde \u0130stanbul, Konya ve Antalya g\u00f6revden al\u0131n\u0131rken, \u00c7anakkale ve \u015eanl\u0131urfa ile birlikte yerlerine yeni m\u00fcd\u00fcrler de atand\u0131.ANKARA (\u0130GFA) &#8211; Cumhurba\u015fkan\u0131 Recep Tayyip Erdo\u011fan&#8217;\u0131n imzas\u0131yla \u0130leti\u015fim Ba\u015fkanl\u0131\u011f\u0131 B\u00f6lge M\u00fcd\u00fcrl\u00fcklerine ili\u015fkin atama kararlar\u0131 bug\u00fcnk\u00fc Resmi Gazete&#8217;de yay\u0131mland\u0131. 3 say\u0131l\u0131 Cumhurba\u015fkanl\u0131\u011f\u0131 Kararnamesinin 2 ve 3\u2019\u00fcnc\u00fc maddeleri gere\u011fince Cumhurba\u015fkanl\u0131\u011f\u0131 \u0130leti\u015fim Ba\u015fkanl\u0131\u011f\u0131 b\u00fcnyesindeki \u0130stanbul B\u00f6lge M\u00fcd\u00fcr\u00fc Metin Erol, Konya B\u00f6lge M\u00fcd\u00fcr\u00fc Taner Ta\u015fk\u0131ran ve Antalya B\u00f6lge M\u00fcd\u00fcr\u00fc Sabri \u0130\u015fbilen g\u00f6revden al\u0131nd\u0131. Buna g\u00f6re yerlerine \u0130stanbul B\u00f6lge M\u00fcd\u00fcrl\u00fc\u011f\u00fcne Efe Murat Erba\u015f,\u00a0 Konya B\u00f6lge M\u00fcd\u00fcrl\u00fc\u011f\u00fcne O\u011fuz Tun\u00e7,\u00a0\u00a0 Antalya B\u00f6lge M\u00fcd\u00fcrl\u00fc\u011f\u00fcne Ahmet Uzun atand\u0131. Kararnamede ayr\u0131ca bo\u015f olan \u00c7anakkale B\u00f6lge M\u00fcd\u00fcrl\u00fc\u011f\u00fcne Mustafa Tolga Karao\u011flu, \u015eanl\u0131urfa B\u00f6lge M\u00fcd\u00fcrl\u00fc\u011f\u00fcne Numan G\u00fcnay&#8217;\u0131n da atamalar\u0131 yap\u0131ld\u0131. \u200bCumhurba\u015fkanl\u0131\u011f\u0131 \u0130leti\u015fim Ba\u015fkanl\u011f\u0131 B\u00f6lge M\u00fcd\u00fcrl\u00fckleri&#8217;nde \u0130stanbul, Konya ve Antalya g\u00f6revden al\u0131n\u0131rken, \u00c7anakkale ve \u015eanl\u0131urfa ile birlikte yerlerine yeni m\u00fcd\u00fcrler de atand\u0131.ANKARA (\u0130GFA) &#8211; Cumhurba\u015fkan\u0131 Recep Tayyip Erdo\u011fan&#8217;\u0131n imzas\u0131yla \u0130leti\u015fim Ba\u015fkanl\u0131\u011f\u0131 B\u00f6lge M\u00fcd\u00fcrl\u00fcklerine ili\u015fkin atama kararlar\u0131 bug\u00fcnk\u00fc Resmi Gazete&#8217;de yay\u0131mland\u0131. 3 say\u0131l\u0131 Cumhurba\u015fkanl\u0131\u011f\u0131 Kararnamesinin 2 ve 3\u2019\u00fcnc\u00fc maddeleri gere\u011fince Cumhurba\u015fkanl\u0131\u011f\u0131 \u0130leti\u015fim Ba\u015fkanl\u0131\u011f\u0131 b\u00fcnyesindeki \u0130stanbul B\u00f6lge M\u00fcd\u00fcr\u00fc Metin Erol, Konya B\u00f6lge M\u00fcd\u00fcr\u00fc Taner Ta\u015fk\u0131ran ve Antalya B\u00f6lge M\u00fcd\u00fcr\u00fc Sabri \u0130\u015fbilen g\u00f6revden al\u0131nd\u0131. Buna g\u00f6re yerlerine \u0130stanbul B\u00f6lge M\u00fcd\u00fcrl\u00fc\u011f\u00fcne Efe Murat Erba\u015f,\u00a0 Konya B\u00f6lge M\u00fcd\u00fcrl\u00fc\u011f\u00fcne O\u011fuz Tun\u00e7,\u00a0\u00a0 Antalya B\u00f6lge M\u00fcd\u00fcrl\u00fc\u011f\u00fcne Ahmet Uzun atand\u0131. Kararnamede ayr\u0131ca &hellip;\" \/>\n<meta property=\"og:url\" content=\"http:\/\/denizcankizil.tr\/ru\/haberler\/gundem\/iletisimden-5-bolge-mudurlugune-yeni-atama\/\" \/>\n<meta property=\"og:site_name\" content=\"Av. Deniz Can K\u0131z\u0131l\" \/>\n<meta property=\"article:published_time\" content=\"2025-04-10T14:43:05+00:00\" \/>\n<meta name=\"author\" content=\"admin\" \/>\n<meta name=\"twitter:card\" content=\"summary_large_image\" \/>\n<meta name=\"twitter:label1\" content=\"\u041d\u0430\u043f\u0438\u0441\u0430\u043d\u043e \u0430\u0432\u0442\u043e\u0440\u043e\u043c\" \/>\n\t<meta name=\"twitter:data1\" content=\"admin\" \/>\n\t<meta name=\"twitter:label2\" content=\"\u041f\u0440\u0438\u043c\u0435\u0440\u043d\u043e\u0435 \u0432\u0440\u0435\u043c\u044f \u0434\u043b\u044f \u0447\u0442\u0435\u043d\u0438\u044f\" \/>\n\t<meta name=\"twitter:data2\" content=\"2 \u043c\u0438\u043d\u0443\u0442\u044b\" \/>\n<script type=\"application\/ld+json\" class=\"yoast-schema-graph\">{\"@context\":\"https:\/\/schema.org\",\"@graph\":[{\"@type\":\"Article\",\"@id\":\"http:\/\/denizcankizil.tr\/de\/haberler\/gundem\/iletisimden-5-bolge-mudurlugune-yeni-atama\/#article\",\"isPartOf\":{\"@id\":\"http:\/\/denizcankizil.tr\/de\/haberler\/gundem\/iletisimden-5-bolge-mudurlugune-yeni-atama\/\"},\"author\":{\"name\":\"admin\",\"@id\":\"https:\/\/denizcankizil.tr\/de\/#\/schema\/person\/be3c05fe6a12686905512445d8185489\"},\"headline\":\"\u0130leti\u015fim&#8217;den 5 B\u00f6lge M\u00fcd\u00fcrl\u00fc\u011f\u00fc&#8217;ne yeni atama\",\"datePublished\":\"2025-04-10T14:43:05+00:00\",\"mainEntityOfPage\":{\"@id\":\"http:\/\/denizcankizil.tr\/de\/haberler\/gundem\/iletisimden-5-bolge-mudurlugune-yeni-atama\/\"},\"wordCount\":385,\"publisher\":{\"@id\":\"https:\/\/denizcankizil.tr\/de\/#organization\"},\"articleSection\":[\"G\u00fcndem\"],\"inLanguage\":\"ru-RU\"},{\"@type\":\"WebPage\",\"@id\":\"http:\/\/denizcankizil.tr\/de\/haberler\/gundem\/iletisimden-5-bolge-mudurlugune-yeni-atama\/\",\"url\":\"http:\/\/denizcankizil.tr\/de\/haberler\/gundem\/iletisimden-5-bolge-mudurlugune-yeni-atama\/\",\"name\":\"\u0130leti\u015fim'den 5 B\u00f6lge M\u00fcd\u00fcrl\u00fc\u011f\u00fc'ne yeni atama - Av. Deniz Can K\u0131z\u0131l\",\"isPartOf\":{\"@id\":\"https:\/\/denizcankizil.tr\/de\/#website\"},\"datePublished\":\"2025-04-10T14:43:05+00:00\",\"breadcrumb\":{\"@id\":\"http:\/\/denizcankizil.tr\/de\/haberler\/gundem\/iletisimden-5-bolge-mudurlugune-yeni-atama\/#breadcrumb\"},\"inLanguage\":\"ru-RU\",\"potentialAction\":[{\"@type\":\"ReadAction\",\"target\":[\"http:\/\/denizcankizil.tr\/de\/haberler\/gundem\/iletisimden-5-bolge-mudurlugune-yeni-atama\/\"]}]},{\"@type\":\"BreadcrumbList\",\"@id\":\"http:\/\/denizcankizil.tr\/de\/haberler\/gundem\/iletisimden-5-bolge-mudurlugune-yeni-atama\/#breadcrumb\",\"itemListElement\":[{\"@type\":\"ListItem\",\"position\":1,\"name\":\"Home\",\"item\":\"https:\/\/denizcankizil.tr\/de\/\"},{\"@type\":\"ListItem\",\"position\":2,\"name\":\"\u0130leti\u015fim&#8217;den 5 B\u00f6lge M\u00fcd\u00fcrl\u00fc\u011f\u00fc&#8217;ne yeni atama\"}]},{\"@type\":\"WebSite\",\"@id\":\"https:\/\/denizcankizil.tr\/de\/#website\",\"url\":\"https:\/\/denizcankizil.tr\/de\/\",\"name\":\"Av. Deniz Can K\u0131z\u0131l\",\"description\":\"Avukat Deniz Can K\u0131z\u0131l Antalya Barosu\",\"publisher\":{\"@id\":\"https:\/\/denizcankizil.tr\/de\/#organization\"},\"potentialAction\":[{\"@type\":\"SearchAction\",\"target\":{\"@type\":\"EntryPoint\",\"urlTemplate\":\"https:\/\/denizcankizil.tr\/de\/?s={search_term_string}\"},\"query-input\":{\"@type\":\"PropertyValueSpecification\",\"valueRequired\":true,\"valueName\":\"search_term_string\"}}],\"inLanguage\":\"ru-RU\"},{\"@type\":\"Organization\",\"@id\":\"https:\/\/denizcankizil.tr\/de\/#organization\",\"name\":\"Av. Deniz Can K\u0131z\u0131l\",\"url\":\"https:\/\/denizcankizil.tr\/de\/\",\"logo\":{\"@type\":\"ImageObject\",\"inLanguage\":\"ru-RU\",\"@id\":\"https:\/\/denizcankizil.tr\/de\/#\/schema\/logo\/image\/\",\"url\":\"https:\/\/denizcankizil.tr\/wp-content\/uploads\/2024\/10\/siyah-logo-svg.svg\",\"contentUrl\":\"https:\/\/denizcankizil.tr\/wp-content\/uploads\/2024\/10\/siyah-logo-svg.svg\",\"width\":1080,\"height\":1080,\"caption\":\"Av. Deniz Can K\u0131z\u0131l\"},\"image\":{\"@id\":\"https:\/\/denizcankizil.tr\/de\/#\/schema\/logo\/image\/\"}},{\"@type\":\"Person\",\"@id\":\"https:\/\/denizcankizil.tr\/de\/#\/schema\/person\/be3c05fe6a12686905512445d8185489\",\"name\":\"admin\",\"image\":{\"@type\":\"ImageObject\",\"inLanguage\":\"ru-RU\",\"@id\":\"https:\/\/denizcankizil.tr\/de\/#\/schema\/person\/image\/\",\"url\":\"https:\/\/secure.gravatar.com\/avatar\/c1fce94c830dc79107e174f890d7210541c4a63e8e5d816341794a2151c9d58c?s=96&d=mm&r=g\",\"contentUrl\":\"https:\/\/secure.gravatar.com\/avatar\/c1fce94c830dc79107e174f890d7210541c4a63e8e5d816341794a2151c9d58c?s=96&d=mm&r=g\",\"caption\":\"admin\"},\"sameAs\":[\"http:\/\/denizcankizil.tr\"],\"url\":\"https:\/\/www.iskenderun.org\/iletisimden-5-bolge-mudurlugune-yeni-atama\"}]}<\/script>\n<!-- \/ Yoast SEO Premium plugin. -->","yoast_head_json":{"title":"\u0130leti\u015fim'den 5 B\u00f6lge M\u00fcd\u00fcrl\u00fc\u011f\u00fc'ne yeni atama - Av. Deniz Can K\u0131z\u0131l","robots":{"index":"index","follow":"follow","max-snippet":"max-snippet:-1","max-image-preview":"max-image-preview:large","max-video-preview":"max-video-preview:-1"},"canonical":"http:\/\/denizcankizil.tr\/ru\/haberler\/gundem\/iletisimden-5-bolge-mudurlugune-yeni-atama\/","og_locale":"ru_RU","og_type":"article","og_title":"\u0130leti\u015fim'den 5 B\u00f6lge M\u00fcd\u00fcrl\u00fc\u011f\u00fc'ne yeni atama","og_description":"Cumhurba\u015fkanl\u0131\u011f\u0131 \u0130leti\u015fim Ba\u015fkanl\u011f\u0131 B\u00f6lge M\u00fcd\u00fcrl\u00fckleri&#8217;nde \u0130stanbul, Konya ve Antalya g\u00f6revden al\u0131n\u0131rken, \u00c7anakkale ve \u015eanl\u0131urfa ile birlikte yerlerine yeni m\u00fcd\u00fcrler de atand\u0131.ANKARA (\u0130GFA) &#8211; Cumhurba\u015fkan\u0131 Recep Tayyip Erdo\u011fan&#8217;\u0131n imzas\u0131yla \u0130leti\u015fim Ba\u015fkanl\u0131\u011f\u0131 B\u00f6lge M\u00fcd\u00fcrl\u00fcklerine ili\u015fkin atama kararlar\u0131 bug\u00fcnk\u00fc Resmi Gazete&#8217;de yay\u0131mland\u0131. 3 say\u0131l\u0131 Cumhurba\u015fkanl\u0131\u011f\u0131 Kararnamesinin 2 ve 3\u2019\u00fcnc\u00fc maddeleri gere\u011fince Cumhurba\u015fkanl\u0131\u011f\u0131 \u0130leti\u015fim Ba\u015fkanl\u0131\u011f\u0131 b\u00fcnyesindeki \u0130stanbul B\u00f6lge M\u00fcd\u00fcr\u00fc Metin Erol, Konya B\u00f6lge M\u00fcd\u00fcr\u00fc Taner Ta\u015fk\u0131ran ve Antalya B\u00f6lge M\u00fcd\u00fcr\u00fc Sabri \u0130\u015fbilen g\u00f6revden al\u0131nd\u0131. Buna g\u00f6re yerlerine \u0130stanbul B\u00f6lge M\u00fcd\u00fcrl\u00fc\u011f\u00fcne Efe Murat Erba\u015f,\u00a0 Konya B\u00f6lge M\u00fcd\u00fcrl\u00fc\u011f\u00fcne O\u011fuz Tun\u00e7,\u00a0\u00a0 Antalya B\u00f6lge M\u00fcd\u00fcrl\u00fc\u011f\u00fcne Ahmet Uzun atand\u0131. Kararnamede ayr\u0131ca bo\u015f olan \u00c7anakkale B\u00f6lge M\u00fcd\u00fcrl\u00fc\u011f\u00fcne Mustafa Tolga Karao\u011flu, \u015eanl\u0131urfa B\u00f6lge M\u00fcd\u00fcrl\u00fc\u011f\u00fcne Numan G\u00fcnay&#8217;\u0131n da atamalar\u0131 yap\u0131ld\u0131. \u200bCumhurba\u015fkanl\u0131\u011f\u0131 \u0130leti\u015fim Ba\u015fkanl\u011f\u0131 B\u00f6lge M\u00fcd\u00fcrl\u00fckleri&#8217;nde \u0130stanbul, Konya ve Antalya g\u00f6revden al\u0131n\u0131rken, \u00c7anakkale ve \u015eanl\u0131urfa ile birlikte yerlerine yeni m\u00fcd\u00fcrler de atand\u0131.ANKARA (\u0130GFA) &#8211; Cumhurba\u015fkan\u0131 Recep Tayyip Erdo\u011fan&#8217;\u0131n imzas\u0131yla \u0130leti\u015fim Ba\u015fkanl\u0131\u011f\u0131 B\u00f6lge M\u00fcd\u00fcrl\u00fcklerine ili\u015fkin atama kararlar\u0131 bug\u00fcnk\u00fc Resmi Gazete&#8217;de yay\u0131mland\u0131. 3 say\u0131l\u0131 Cumhurba\u015fkanl\u0131\u011f\u0131 Kararnamesinin 2 ve 3\u2019\u00fcnc\u00fc maddeleri gere\u011fince Cumhurba\u015fkanl\u0131\u011f\u0131 \u0130leti\u015fim Ba\u015fkanl\u0131\u011f\u0131 b\u00fcnyesindeki \u0130stanbul B\u00f6lge M\u00fcd\u00fcr\u00fc Metin Erol, Konya B\u00f6lge M\u00fcd\u00fcr\u00fc Taner Ta\u015fk\u0131ran ve Antalya B\u00f6lge M\u00fcd\u00fcr\u00fc Sabri \u0130\u015fbilen g\u00f6revden al\u0131nd\u0131. Buna g\u00f6re yerlerine \u0130stanbul B\u00f6lge M\u00fcd\u00fcrl\u00fc\u011f\u00fcne Efe Murat Erba\u015f,\u00a0 Konya B\u00f6lge M\u00fcd\u00fcrl\u00fc\u011f\u00fcne O\u011fuz Tun\u00e7,\u00a0\u00a0 Antalya B\u00f6lge M\u00fcd\u00fcrl\u00fc\u011f\u00fcne Ahmet Uzun atand\u0131. Kararnamede ayr\u0131ca &hellip;","og_url":"http:\/\/denizcankizil.tr\/ru\/haberler\/gundem\/iletisimden-5-bolge-mudurlugune-yeni-atama\/","og_site_name":"Av. Deniz Can K\u0131z\u0131l","article_published_time":"2025-04-10T14:43:05+00:00","author":"admin","twitter_card":"summary_large_image","twitter_misc":{"\u041d\u0430\u043f\u0438\u0441\u0430\u043d\u043e \u0430\u0432\u0442\u043e\u0440\u043e\u043c":"admin","\u041f\u0440\u0438\u043c\u0435\u0440\u043d\u043e\u0435 \u0432\u0440\u0435\u043c\u044f \u0434\u043b\u044f \u0447\u0442\u0435\u043d\u0438\u044f":"2 \u043c\u0438\u043d\u0443\u0442\u044b"},"schema":{"@context":"https:\/\/schema.org","@graph":[{"@type":"Article","@id":"http:\/\/denizcankizil.tr\/de\/haberler\/gundem\/iletisimden-5-bolge-mudurlugune-yeni-atama\/#article","isPartOf":{"@id":"http:\/\/denizcankizil.tr\/de\/haberler\/gundem\/iletisimden-5-bolge-mudurlugune-yeni-atama\/"},"author":{"name":"admin","@id":"https:\/\/denizcankizil.tr\/de\/#\/schema\/person\/be3c05fe6a12686905512445d8185489"},"headline":"\u0130leti\u015fim&#8217;den 5 B\u00f6lge M\u00fcd\u00fcrl\u00fc\u011f\u00fc&#8217;ne yeni atama","datePublished":"2025-04-10T14:43:05+00:00","mainEntityOfPage":{"@id":"http:\/\/denizcankizil.tr\/de\/haberler\/gundem\/iletisimden-5-bolge-mudurlugune-yeni-atama\/"},"wordCount":385,"publisher":{"@id":"https:\/\/denizcankizil.tr\/de\/#organization"},"articleSection":["G\u00fcndem"],"inLanguage":"ru-RU"},{"@type":"WebPage","@id":"http:\/\/denizcankizil.tr\/de\/haberler\/gundem\/iletisimden-5-bolge-mudurlugune-yeni-atama\/","url":"http:\/\/denizcankizil.tr\/de\/haberler\/gundem\/iletisimden-5-bolge-mudurlugune-yeni-atama\/","name":"\u0130leti\u015fim'den 5 B\u00f6lge M\u00fcd\u00fcrl\u00fc\u011f\u00fc'ne yeni atama - Av. Deniz Can K\u0131z\u0131l","isPartOf":{"@id":"https:\/\/denizcankizil.tr\/de\/#website"},"datePublished":"2025-04-10T14:43:05+00:00","breadcrumb":{"@id":"http:\/\/denizcankizil.tr\/de\/haberler\/gundem\/iletisimden-5-bolge-mudurlugune-yeni-atama\/#breadcrumb"},"inLanguage":"ru-RU","potentialAction":[{"@type":"ReadAction","target":["http:\/\/denizcankizil.tr\/de\/haberler\/gundem\/iletisimden-5-bolge-mudurlugune-yeni-atama\/"]}]},{"@type":"BreadcrumbList","@id":"http:\/\/denizcankizil.tr\/de\/haberler\/gundem\/iletisimden-5-bolge-mudurlugune-yeni-atama\/#breadcrumb","itemListElement":[{"@type":"ListItem","position":1,"name":"Home","item":"https:\/\/denizcankizil.tr\/de\/"},{"@type":"ListItem","position":2,"name":"\u0130leti\u015fim&#8217;den 5 B\u00f6lge M\u00fcd\u00fcrl\u00fc\u011f\u00fc&#8217;ne yeni atama"}]},{"@type":"WebSite","@id":"https:\/\/denizcankizil.tr\/de\/#website","url":"https:\/\/denizcankizil.tr\/de\/","name":"Av. Deniz Can K\u0131z\u0131l","description":"Avukat Deniz Can K\u0131z\u0131l Antalya Barosu","publisher":{"@id":"https:\/\/denizcankizil.tr\/de\/#organization"},"potentialAction":[{"@type":"SearchAction","target":{"@type":"EntryPoint","urlTemplate":"https:\/\/denizcankizil.tr\/de\/?s={search_term_string}"},"query-input":{"@type":"PropertyValueSpecification","valueRequired":true,"valueName":"search_term_string"}}],"inLanguage":"ru-RU"},{"@type":"Organization","@id":"https:\/\/denizcankizil.tr\/de\/#organization","name":"Av. Deniz Can K\u0131z\u0131l","url":"https:\/\/denizcankizil.tr\/de\/","logo":{"@type":"ImageObject","inLanguage":"ru-RU","@id":"https:\/\/denizcankizil.tr\/de\/#\/schema\/logo\/image\/","url":"https:\/\/denizcankizil.tr\/wp-content\/uploads\/2024\/10\/siyah-logo-svg.svg","contentUrl":"https:\/\/denizcankizil.tr\/wp-content\/uploads\/2024\/10\/siyah-logo-svg.svg","width":1080,"height":1080,"caption":"Av. Deniz Can K\u0131z\u0131l"},"image":{"@id":"https:\/\/denizcankizil.tr\/de\/#\/schema\/logo\/image\/"}},{"@type":"Person","@id":"https:\/\/denizcankizil.tr\/de\/#\/schema\/person\/be3c05fe6a12686905512445d8185489","name":"\u0430\u0434\u043c\u0438\u043d","image":{"@type":"ImageObject","inLanguage":"ru-RU","@id":"https:\/\/denizcankizil.tr\/de\/#\/schema\/person\/image\/","url":"https:\/\/secure.gravatar.com\/avatar\/c1fce94c830dc79107e174f890d7210541c4a63e8e5d816341794a2151c9d58c?s=96&d=mm&r=g","contentUrl":"https:\/\/secure.gravatar.com\/avatar\/c1fce94c830dc79107e174f890d7210541c4a63e8e5d816341794a2151c9d58c?s=96&d=mm&r=g","caption":"admin"},"sameAs":["http:\/\/denizcankizil.tr"],"url":"https:\/\/www.iskenderun.org\/iletisimden-5-bolge-mudurlugune-yeni-atama"}]}},"_links":{"self":[{"href":"https:\/\/denizcankizil.tr\/ru\/wp-json\/wp\/v2\/posts\/51637","targetHints":{"allow":["GET"]}}],"collection":[{"href":"https:\/\/denizcankizil.tr\/ru\/wp-json\/wp\/v2\/posts"}],"about":[{"href":"https:\/\/denizcankizil.tr\/ru\/wp-json\/wp\/v2\/types\/post"}],"author":[{"embeddable":true,"href":"https:\/\/denizcankizil.tr\/ru\/wp-json\/wp\/v2\/users\/1"}],"replies":[{"embeddable":true,"href":"https:\/\/denizcankizil.tr\/ru\/wp-json\/wp\/v2\/comments?post=51637"}],"version-history":[{"count":0,"href":"https:\/\/denizcankizil.tr\/ru\/wp-json\/wp\/v2\/posts\/51637\/revisions"}],"wp:attachment":[{"href":"https:\/\/denizcankizil.tr\/ru\/wp-json\/wp\/v2\/media?parent=51637"}],"wp:term":[{"taxonomy":"category","embeddable":true,"href":"https:\/\/denizcankizil.tr\/ru\/wp-json\/wp\/v2\/categories?post=51637"},{"taxonomy":"post_tag","embeddable":true,"href":"https:\/\/denizcankizil.tr\/ru\/wp-json\/wp\/v2\/tags?post=51637"}],"curies":[{"name":"wp","href":"https:\/\/api.w.org\/{rel}","templated":true}]}}