{"id":51591,"date":"2025-04-10T17:41:59","date_gmt":"2025-04-10T14:41:59","guid":{"rendered":"https:\/\/denizcankizil.tr\/uncategorized-tr\/akseki-belediyesi-verdigi-sozu-tuttu-deniz-demiralin-ismi-akseki-sokaklarinda\/"},"modified":"2025-04-10T17:41:59","modified_gmt":"2025-04-10T14:41:59","slug":"akseki-belediyesi-verdigi-sozu-tuttu-deniz-demiralin-ismi-akseki-sokaklarinda","status":"publish","type":"post","link":"https:\/\/denizcankizil.tr\/ru\/haberler\/gundem\/akseki-belediyesi-verdigi-sozu-tuttu-deniz-demiralin-ismi-akseki-sokaklarinda\/","title":{"rendered":"Akseki Belediyesi, verdi\u011fi s\u00f6z\u00fc tuttu: Deniz Demiral&#8217;\u0131n ismi Akseki sokaklar\u0131nda"},"content":{"rendered":"<p>Antalya&#8217;n\u0131n Akseki il\u00e7esinde, gen\u00e7 ya\u015fta hayat\u0131n\u0131 kaybeden Konyaalt\u0131 Gen\u00e7lik Kollar\u0131 Ba\u015fkan\u0131\u00a0Deniz Demiral&#8217;\u0131n ismi bir soka\u011fa verildi. Akseki Belediyesi&#8217;nin Mart ay\u0131 ola\u011fan toplant\u0131s\u0131nda al\u0131nan kararla hayata ge\u00e7irilen uygulama, hem ailesini hem de sevenlerini duyguland\u0131rd\u0131.\u00a0Konuyla ilgili meclis toplant\u0131s\u0131 s\u0131ras\u0131nda a\u00e7\u0131klama yapan Akseki Belediye Ba\u015fkan \u0130lkay Ak\u00e7a, \u201cAram\u0131zdan erken ya\u015fta ayr\u0131lan k\u0131ymetli hem\u015fehrimiz Deniz Demiral\u2019\u0131n ad\u0131n\u0131n Akseki\u2019mizde ya\u015fat\u0131lmas\u0131 bizler i\u00e7in hem h\u00fcz\u00fcn hem de gurur kayna\u011f\u0131d\u0131r. K\u0131sa \u00f6mr\u00fcnde g\u00f6n\u00fcllerde b\u0131rakt\u0131\u011f\u0131 g\u00fczel izler, ad\u0131yla birlikte Akseki\u2019de daima ya\u015fayacakt\u0131r. Onu rahmet ve \u00f6zlemle an\u0131yoruz\u201d dedi.<\/p>\n<p>KARAR, A\u0130LES\u0130N\u0130 VE SEVENLER\u0130N\u0130 MUTLU ETM\u0130\u015eT\u0130\u00a0<\/p>\n<p>Karar, Demiral\u2019\u0131n ailesi ve sevenleri taraf\u0131ndan memnuniyetle kar\u015f\u0131lan\u0131rken, Akseki Belediyesi\u2019nin bu ad\u0131m\u0131, gen\u00e7 siyaset\u00e7inin an\u0131s\u0131n\u0131 ya\u015fatmak ad\u0131na \u00f6nemli bir vefa \u00f6rne\u011fi olarak de\u011ferlendirildi.<\/p>\n<p>\u200bAkseki Belediye Ba\u015fkan\u0131 \u0130lkay Ak\u00e7a, Mart ay\u0131 Ola\u011fan meclis toplant\u0131s\u0131nda\u00a0gen\u00e7 ya\u015fta hayat\u0131n\u0131 kaybeden Konyaalt\u0131 Gen\u00e7lik Kollar\u0131 Ba\u015fkan\u0131 Deniz Demiral\u2019\u0131n isminin il\u00e7ede bir sokakta ya\u015fat\u0131laca\u011f\u0131n\u0131 duyurmu\u015ftu.\u00a0Akseki Belediyesi, verdi\u011fi s\u00f6z\u00fc tuttu. Deniz Demiral&#8217;\u0131n ismi Akseki&#8217;deki bir soka\u011fa verildi.\u00a0<\/p>\n<p>\u200bHaberin Al\u0131nt\u0131land\u0131\u011f\u0131 Kaynak: www.antalyakorfez.com<\/p>","protected":false},"excerpt":{"rendered":"<p>Antalya&#8217;n\u0131n Akseki il\u00e7esinde, gen\u00e7 ya\u015fta hayat\u0131n\u0131 kaybeden Konyaalt\u0131 Gen\u00e7lik Kollar\u0131 Ba\u015fkan\u0131\u00a0Deniz Demiral&#8217;\u0131n ismi bir soka\u011fa verildi. Akseki Belediyesi&#8217;nin Mart ay\u0131 ola\u011fan toplant\u0131s\u0131nda al\u0131nan kararla hayata ge\u00e7irilen uygulama, hem ailesini hem de sevenlerini duyguland\u0131rd\u0131.\u00a0Konuyla ilgili meclis toplant\u0131s\u0131 s\u0131ras\u0131nda a\u00e7\u0131klama yapan Akseki Belediye Ba\u015fkan \u0130lkay Ak\u00e7a, \u201cAram\u0131zdan erken ya\u015fta ayr\u0131lan k\u0131ymetli hem\u015fehrimiz Deniz Demiral\u2019\u0131n ad\u0131n\u0131n Akseki\u2019mizde ya\u015fat\u0131lmas\u0131 bizler i\u00e7in hem h\u00fcz\u00fcn hem de gurur kayna\u011f\u0131d\u0131r. K\u0131sa \u00f6mr\u00fcnde g\u00f6n\u00fcllerde b\u0131rakt\u0131\u011f\u0131 g\u00fczel izler, ad\u0131yla birlikte Akseki\u2019de daima ya\u015fayacakt\u0131r. Onu rahmet ve \u00f6zlemle an\u0131yoruz\u201d dedi. KARAR, A\u0130LES\u0130N\u0130 VE SEVENLER\u0130N\u0130 MUTLU ETM\u0130\u015eT\u0130\u00a0 Karar, Demiral\u2019\u0131n ailesi ve sevenleri taraf\u0131ndan memnuniyetle kar\u015f\u0131lan\u0131rken, Akseki Belediyesi\u2019nin bu ad\u0131m\u0131, gen\u00e7 siyaset\u00e7inin an\u0131s\u0131n\u0131 ya\u015fatmak ad\u0131na \u00f6nemli bir vefa \u00f6rne\u011fi olarak de\u011ferlendirildi. \u200bAkseki Belediye Ba\u015fkan\u0131 \u0130lkay Ak\u00e7a, Mart ay\u0131 Ola\u011fan meclis toplant\u0131s\u0131nda\u00a0gen\u00e7 ya\u015fta hayat\u0131n\u0131 kaybeden Konyaalt\u0131 Gen\u00e7lik Kollar\u0131 Ba\u015fkan\u0131 Deniz Demiral\u2019\u0131n isminin il\u00e7ede bir sokakta ya\u015fat\u0131laca\u011f\u0131n\u0131 duyurmu\u015ftu.\u00a0Akseki Belediyesi, verdi\u011fi s\u00f6z\u00fc tuttu. Deniz Demiral&#8217;\u0131n ismi Akseki&#8217;deki bir soka\u011fa verildi.\u00a0 \u200bHaberin Al\u0131nt\u0131land\u0131\u011f\u0131 Kaynak: www.antalyakorfez.com<\/p>","protected":false},"author":5,"featured_media":0,"comment_status":"","ping_status":"open","sticky":false,"template":"","format":"standard","meta":{"_acf_changed":false,"footnotes":""},"categories":[24],"tags":[],"class_list":["post-51591","post","type-post","status-publish","format-standard","has-post-thumbnail","hentry","category-gundem"],"acf":[],"yoast_head":"<!-- This site is optimized with the Yoast SEO Premium plugin v26.6 (Yoast SEO v27.1.1) - https:\/\/yoast.com\/product\/yoast-seo-premium-wordpress\/ -->\n<title>Akseki Belediyesi, verdi\u011fi s\u00f6z\u00fc tuttu: Deniz Demiral&#039;\u0131n ismi Akseki sokaklar\u0131nda - Av. Deniz Can K\u0131z\u0131l<\/title>\n<meta name=\"robots\" content=\"index, follow, max-snippet:-1, max-image-preview:large, max-video-preview:-1\" \/>\n<link rel=\"canonical\" href=\"https:\/\/denizcankizil.tr\/ru\/haberler\/gundem\/akseki-belediyesi-verdigi-sozu-tuttu-deniz-demiralin-ismi-akseki-sokaklarinda\/\" \/>\n<meta property=\"og:locale\" content=\"ru_RU\" \/>\n<meta property=\"og:type\" content=\"article\" \/>\n<meta property=\"og:title\" content=\"Akseki Belediyesi, verdi\u011fi s\u00f6z\u00fc tuttu: Deniz Demiral&#039;\u0131n ismi Akseki sokaklar\u0131nda\" \/>\n<meta property=\"og:description\" content=\"Antalya&#8217;n\u0131n Akseki il\u00e7esinde, gen\u00e7 ya\u015fta hayat\u0131n\u0131 kaybeden Konyaalt\u0131 Gen\u00e7lik Kollar\u0131 Ba\u015fkan\u0131\u00a0Deniz Demiral&#8217;\u0131n ismi bir soka\u011fa verildi. Akseki Belediyesi&#8217;nin Mart ay\u0131 ola\u011fan toplant\u0131s\u0131nda al\u0131nan kararla hayata ge\u00e7irilen uygulama, hem ailesini hem de sevenlerini duyguland\u0131rd\u0131.\u00a0Konuyla ilgili meclis toplant\u0131s\u0131 s\u0131ras\u0131nda a\u00e7\u0131klama yapan Akseki Belediye Ba\u015fkan \u0130lkay Ak\u00e7a, \u201cAram\u0131zdan erken ya\u015fta ayr\u0131lan k\u0131ymetli hem\u015fehrimiz Deniz Demiral\u2019\u0131n ad\u0131n\u0131n Akseki\u2019mizde ya\u015fat\u0131lmas\u0131 bizler i\u00e7in hem h\u00fcz\u00fcn hem de gurur kayna\u011f\u0131d\u0131r. K\u0131sa \u00f6mr\u00fcnde g\u00f6n\u00fcllerde b\u0131rakt\u0131\u011f\u0131 g\u00fczel izler, ad\u0131yla birlikte Akseki\u2019de daima ya\u015fayacakt\u0131r. Onu rahmet ve \u00f6zlemle an\u0131yoruz\u201d dedi. KARAR, A\u0130LES\u0130N\u0130 VE SEVENLER\u0130N\u0130 MUTLU ETM\u0130\u015eT\u0130\u00a0 Karar, Demiral\u2019\u0131n ailesi ve sevenleri taraf\u0131ndan memnuniyetle kar\u015f\u0131lan\u0131rken, Akseki Belediyesi\u2019nin bu ad\u0131m\u0131, gen\u00e7 siyaset\u00e7inin an\u0131s\u0131n\u0131 ya\u015fatmak ad\u0131na \u00f6nemli bir vefa \u00f6rne\u011fi olarak de\u011ferlendirildi. \u200bAkseki Belediye Ba\u015fkan\u0131 \u0130lkay Ak\u00e7a, Mart ay\u0131 Ola\u011fan meclis toplant\u0131s\u0131nda\u00a0gen\u00e7 ya\u015fta hayat\u0131n\u0131 kaybeden Konyaalt\u0131 Gen\u00e7lik Kollar\u0131 Ba\u015fkan\u0131 Deniz Demiral\u2019\u0131n isminin il\u00e7ede bir sokakta ya\u015fat\u0131laca\u011f\u0131n\u0131 duyurmu\u015ftu.\u00a0Akseki Belediyesi, verdi\u011fi s\u00f6z\u00fc tuttu. Deniz Demiral&#8217;\u0131n ismi Akseki&#8217;deki bir soka\u011fa verildi.\u00a0 \u200bHaberin Al\u0131nt\u0131land\u0131\u011f\u0131 Kaynak: www.antalyakorfez.com\" \/>\n<meta property=\"og:url\" content=\"https:\/\/denizcankizil.tr\/ru\/haberler\/gundem\/akseki-belediyesi-verdigi-sozu-tuttu-deniz-demiralin-ismi-akseki-sokaklarinda\/\" \/>\n<meta property=\"og:site_name\" content=\"Av. Deniz Can K\u0131z\u0131l\" \/>\n<meta property=\"article:published_time\" content=\"2025-04-10T14:41:59+00:00\" \/>\n<meta name=\"author\" content=\"Antalya K\u00f6rfez\" \/>\n<meta name=\"twitter:card\" content=\"summary_large_image\" \/>\n<meta name=\"twitter:label1\" content=\"\u041d\u0430\u043f\u0438\u0441\u0430\u043d\u043e \u0430\u0432\u0442\u043e\u0440\u043e\u043c\" \/>\n\t<meta name=\"twitter:data1\" content=\"Antalya K\u00f6rfez\" \/>\n\t<meta name=\"twitter:label2\" content=\"\u041f\u0440\u0438\u043c\u0435\u0440\u043d\u043e\u0435 \u0432\u0440\u0435\u043c\u044f \u0434\u043b\u044f \u0447\u0442\u0435\u043d\u0438\u044f\" \/>\n\t<meta name=\"twitter:data2\" content=\"1 \u043c\u0438\u043d\u0443\u0442\u0430\" \/>\n<script type=\"application\/ld+json\" class=\"yoast-schema-graph\">{\"@context\":\"https:\/\/schema.org\",\"@graph\":[{\"@type\":\"Article\",\"@id\":\"https:\/\/denizcankizil.tr\/ru\/haberler\/gundem\/akseki-belediyesi-verdigi-sozu-tuttu-deniz-demiralin-ismi-akseki-sokaklarinda\/#article\",\"isPartOf\":{\"@id\":\"https:\/\/denizcankizil.tr\/ru\/haberler\/gundem\/akseki-belediyesi-verdigi-sozu-tuttu-deniz-demiralin-ismi-akseki-sokaklarinda\/\"},\"author\":{\"name\":\"Antalya K\u00f6rfez\",\"@id\":\"https:\/\/denizcankizil.tr\/de\/#\/schema\/person\/e1eb71bb4dd684d46563f0af307e1234\"},\"headline\":\"Akseki Belediyesi, verdi\u011fi s\u00f6z\u00fc tuttu: Deniz Demiral&#8217;\u0131n ismi Akseki sokaklar\u0131nda\",\"datePublished\":\"2025-04-10T14:41:59+00:00\",\"mainEntityOfPage\":{\"@id\":\"https:\/\/denizcankizil.tr\/ru\/haberler\/gundem\/akseki-belediyesi-verdigi-sozu-tuttu-deniz-demiralin-ismi-akseki-sokaklarinda\/\"},\"wordCount\":257,\"publisher\":{\"@id\":\"https:\/\/denizcankizil.tr\/de\/#organization\"},\"articleSection\":[\"G\u00fcndem\"],\"inLanguage\":\"ru-RU\"},{\"@type\":\"WebPage\",\"@id\":\"https:\/\/denizcankizil.tr\/ru\/haberler\/gundem\/akseki-belediyesi-verdigi-sozu-tuttu-deniz-demiralin-ismi-akseki-sokaklarinda\/\",\"url\":\"https:\/\/denizcankizil.tr\/ru\/haberler\/gundem\/akseki-belediyesi-verdigi-sozu-tuttu-deniz-demiralin-ismi-akseki-sokaklarinda\/\",\"name\":\"Akseki Belediyesi, verdi\u011fi s\u00f6z\u00fc tuttu: Deniz Demiral'\u0131n ismi Akseki sokaklar\u0131nda - Av. Deniz Can K\u0131z\u0131l\",\"isPartOf\":{\"@id\":\"https:\/\/denizcankizil.tr\/de\/#website\"},\"datePublished\":\"2025-04-10T14:41:59+00:00\",\"breadcrumb\":{\"@id\":\"https:\/\/denizcankizil.tr\/ru\/haberler\/gundem\/akseki-belediyesi-verdigi-sozu-tuttu-deniz-demiralin-ismi-akseki-sokaklarinda\/#breadcrumb\"},\"inLanguage\":\"ru-RU\",\"potentialAction\":[{\"@type\":\"ReadAction\",\"target\":[\"https:\/\/denizcankizil.tr\/ru\/haberler\/gundem\/akseki-belediyesi-verdigi-sozu-tuttu-deniz-demiralin-ismi-akseki-sokaklarinda\/\"]}]},{\"@type\":\"BreadcrumbList\",\"@id\":\"https:\/\/denizcankizil.tr\/ru\/haberler\/gundem\/akseki-belediyesi-verdigi-sozu-tuttu-deniz-demiralin-ismi-akseki-sokaklarinda\/#breadcrumb\",\"itemListElement\":[{\"@type\":\"ListItem\",\"position\":1,\"name\":\"Home\",\"item\":\"https:\/\/denizcankizil.tr\/de\/\"},{\"@type\":\"ListItem\",\"position\":2,\"name\":\"Akseki Belediyesi, verdi\u011fi s\u00f6z\u00fc tuttu: Deniz Demiral&#8217;\u0131n ismi Akseki sokaklar\u0131nda\"}]},{\"@type\":\"WebSite\",\"@id\":\"https:\/\/denizcankizil.tr\/de\/#website\",\"url\":\"https:\/\/denizcankizil.tr\/de\/\",\"name\":\"Av. Deniz Can K\u0131z\u0131l\",\"description\":\"Avukat Deniz Can K\u0131z\u0131l Antalya Barosu\",\"publisher\":{\"@id\":\"https:\/\/denizcankizil.tr\/de\/#organization\"},\"potentialAction\":[{\"@type\":\"SearchAction\",\"target\":{\"@type\":\"EntryPoint\",\"urlTemplate\":\"https:\/\/denizcankizil.tr\/de\/?s={search_term_string}\"},\"query-input\":{\"@type\":\"PropertyValueSpecification\",\"valueRequired\":true,\"valueName\":\"search_term_string\"}}],\"inLanguage\":\"ru-RU\"},{\"@type\":\"Organization\",\"@id\":\"https:\/\/denizcankizil.tr\/de\/#organization\",\"name\":\"Av. Deniz Can K\u0131z\u0131l\",\"url\":\"https:\/\/denizcankizil.tr\/de\/\",\"logo\":{\"@type\":\"ImageObject\",\"inLanguage\":\"ru-RU\",\"@id\":\"https:\/\/denizcankizil.tr\/de\/#\/schema\/logo\/image\/\",\"url\":\"https:\/\/denizcankizil.tr\/wp-content\/uploads\/2024\/10\/siyah-logo-svg.svg\",\"contentUrl\":\"https:\/\/denizcankizil.tr\/wp-content\/uploads\/2024\/10\/siyah-logo-svg.svg\",\"width\":1080,\"height\":1080,\"caption\":\"Av. Deniz Can K\u0131z\u0131l\"},\"image\":{\"@id\":\"https:\/\/denizcankizil.tr\/de\/#\/schema\/logo\/image\/\"}},{\"@type\":\"Person\",\"@id\":\"https:\/\/denizcankizil.tr\/de\/#\/schema\/person\/e1eb71bb4dd684d46563f0af307e1234\",\"name\":\"Antalya K\u00f6rfez\",\"image\":{\"@type\":\"ImageObject\",\"inLanguage\":\"ru-RU\",\"@id\":\"https:\/\/denizcankizil.tr\/de\/#\/schema\/person\/image\/\",\"url\":\"https:\/\/secure.gravatar.com\/avatar\/42b01982558a48a0b501fdcab6a408d3717ea5919095ee2e67b0e521799c5905?s=96&d=mm&r=g\",\"contentUrl\":\"https:\/\/secure.gravatar.com\/avatar\/42b01982558a48a0b501fdcab6a408d3717ea5919095ee2e67b0e521799c5905?s=96&d=mm&r=g\",\"caption\":\"Antalya K\u00f6rfez\"},\"sameAs\":[\"http:\/\/www.antalyakorfez.com\"],\"url\":\"https:\/\/www.antalyakorfez.com\/akseki-belediyesi-verdigi-sozu-tuttu-deniz-demiralin-ismi-akseki-sokaklarinda\"}]}<\/script>\n<!-- \/ Yoast SEO Premium plugin. -->","yoast_head_json":{"title":"Akseki Belediyesi, verdi\u011fi s\u00f6z\u00fc tuttu: Deniz Demiral'\u0131n ismi Akseki sokaklar\u0131nda - Av. Deniz Can K\u0131z\u0131l","robots":{"index":"index","follow":"follow","max-snippet":"max-snippet:-1","max-image-preview":"max-image-preview:large","max-video-preview":"max-video-preview:-1"},"canonical":"https:\/\/denizcankizil.tr\/ru\/haberler\/gundem\/akseki-belediyesi-verdigi-sozu-tuttu-deniz-demiralin-ismi-akseki-sokaklarinda\/","og_locale":"ru_RU","og_type":"article","og_title":"Akseki Belediyesi, verdi\u011fi s\u00f6z\u00fc tuttu: Deniz Demiral'\u0131n ismi Akseki sokaklar\u0131nda","og_description":"Antalya&#8217;n\u0131n Akseki il\u00e7esinde, gen\u00e7 ya\u015fta hayat\u0131n\u0131 kaybeden Konyaalt\u0131 Gen\u00e7lik Kollar\u0131 Ba\u015fkan\u0131\u00a0Deniz Demiral&#8217;\u0131n ismi bir soka\u011fa verildi. Akseki Belediyesi&#8217;nin Mart ay\u0131 ola\u011fan toplant\u0131s\u0131nda al\u0131nan kararla hayata ge\u00e7irilen uygulama, hem ailesini hem de sevenlerini duyguland\u0131rd\u0131.\u00a0Konuyla ilgili meclis toplant\u0131s\u0131 s\u0131ras\u0131nda a\u00e7\u0131klama yapan Akseki Belediye Ba\u015fkan \u0130lkay Ak\u00e7a, \u201cAram\u0131zdan erken ya\u015fta ayr\u0131lan k\u0131ymetli hem\u015fehrimiz Deniz Demiral\u2019\u0131n ad\u0131n\u0131n Akseki\u2019mizde ya\u015fat\u0131lmas\u0131 bizler i\u00e7in hem h\u00fcz\u00fcn hem de gurur kayna\u011f\u0131d\u0131r. K\u0131sa \u00f6mr\u00fcnde g\u00f6n\u00fcllerde b\u0131rakt\u0131\u011f\u0131 g\u00fczel izler, ad\u0131yla birlikte Akseki\u2019de daima ya\u015fayacakt\u0131r. Onu rahmet ve \u00f6zlemle an\u0131yoruz\u201d dedi. KARAR, A\u0130LES\u0130N\u0130 VE SEVENLER\u0130N\u0130 MUTLU ETM\u0130\u015eT\u0130\u00a0 Karar, Demiral\u2019\u0131n ailesi ve sevenleri taraf\u0131ndan memnuniyetle kar\u015f\u0131lan\u0131rken, Akseki Belediyesi\u2019nin bu ad\u0131m\u0131, gen\u00e7 siyaset\u00e7inin an\u0131s\u0131n\u0131 ya\u015fatmak ad\u0131na \u00f6nemli bir vefa \u00f6rne\u011fi olarak de\u011ferlendirildi. \u200bAkseki Belediye Ba\u015fkan\u0131 \u0130lkay Ak\u00e7a, Mart ay\u0131 Ola\u011fan meclis toplant\u0131s\u0131nda\u00a0gen\u00e7 ya\u015fta hayat\u0131n\u0131 kaybeden Konyaalt\u0131 Gen\u00e7lik Kollar\u0131 Ba\u015fkan\u0131 Deniz Demiral\u2019\u0131n isminin il\u00e7ede bir sokakta ya\u015fat\u0131laca\u011f\u0131n\u0131 duyurmu\u015ftu.\u00a0Akseki Belediyesi, verdi\u011fi s\u00f6z\u00fc tuttu. Deniz Demiral&#8217;\u0131n ismi Akseki&#8217;deki bir soka\u011fa verildi.\u00a0 \u200bHaberin Al\u0131nt\u0131land\u0131\u011f\u0131 Kaynak: www.antalyakorfez.com","og_url":"https:\/\/denizcankizil.tr\/ru\/haberler\/gundem\/akseki-belediyesi-verdigi-sozu-tuttu-deniz-demiralin-ismi-akseki-sokaklarinda\/","og_site_name":"Av. Deniz Can K\u0131z\u0131l","article_published_time":"2025-04-10T14:41:59+00:00","author":"Antalya K\u00f6rfez","twitter_card":"summary_large_image","twitter_misc":{"\u041d\u0430\u043f\u0438\u0441\u0430\u043d\u043e \u0430\u0432\u0442\u043e\u0440\u043e\u043c":"Antalya K\u00f6rfez","\u041f\u0440\u0438\u043c\u0435\u0440\u043d\u043e\u0435 \u0432\u0440\u0435\u043c\u044f \u0434\u043b\u044f \u0447\u0442\u0435\u043d\u0438\u044f":"1 \u043c\u0438\u043d\u0443\u0442\u0430"},"schema":{"@context":"https:\/\/schema.org","@graph":[{"@type":"Article","@id":"https:\/\/denizcankizil.tr\/ru\/haberler\/gundem\/akseki-belediyesi-verdigi-sozu-tuttu-deniz-demiralin-ismi-akseki-sokaklarinda\/#article","isPartOf":{"@id":"https:\/\/denizcankizil.tr\/ru\/haberler\/gundem\/akseki-belediyesi-verdigi-sozu-tuttu-deniz-demiralin-ismi-akseki-sokaklarinda\/"},"author":{"name":"Antalya K\u00f6rfez","@id":"https:\/\/denizcankizil.tr\/de\/#\/schema\/person\/e1eb71bb4dd684d46563f0af307e1234"},"headline":"Akseki Belediyesi, verdi\u011fi s\u00f6z\u00fc tuttu: Deniz Demiral&#8217;\u0131n ismi Akseki sokaklar\u0131nda","datePublished":"2025-04-10T14:41:59+00:00","mainEntityOfPage":{"@id":"https:\/\/denizcankizil.tr\/ru\/haberler\/gundem\/akseki-belediyesi-verdigi-sozu-tuttu-deniz-demiralin-ismi-akseki-sokaklarinda\/"},"wordCount":257,"publisher":{"@id":"https:\/\/denizcankizil.tr\/de\/#organization"},"articleSection":["G\u00fcndem"],"inLanguage":"ru-RU"},{"@type":"WebPage","@id":"https:\/\/denizcankizil.tr\/ru\/haberler\/gundem\/akseki-belediyesi-verdigi-sozu-tuttu-deniz-demiralin-ismi-akseki-sokaklarinda\/","url":"https:\/\/denizcankizil.tr\/ru\/haberler\/gundem\/akseki-belediyesi-verdigi-sozu-tuttu-deniz-demiralin-ismi-akseki-sokaklarinda\/","name":"Akseki Belediyesi, verdi\u011fi s\u00f6z\u00fc tuttu: Deniz Demiral'\u0131n ismi Akseki sokaklar\u0131nda - Av. Deniz Can K\u0131z\u0131l","isPartOf":{"@id":"https:\/\/denizcankizil.tr\/de\/#website"},"datePublished":"2025-04-10T14:41:59+00:00","breadcrumb":{"@id":"https:\/\/denizcankizil.tr\/ru\/haberler\/gundem\/akseki-belediyesi-verdigi-sozu-tuttu-deniz-demiralin-ismi-akseki-sokaklarinda\/#breadcrumb"},"inLanguage":"ru-RU","potentialAction":[{"@type":"ReadAction","target":["https:\/\/denizcankizil.tr\/ru\/haberler\/gundem\/akseki-belediyesi-verdigi-sozu-tuttu-deniz-demiralin-ismi-akseki-sokaklarinda\/"]}]},{"@type":"BreadcrumbList","@id":"https:\/\/denizcankizil.tr\/ru\/haberler\/gundem\/akseki-belediyesi-verdigi-sozu-tuttu-deniz-demiralin-ismi-akseki-sokaklarinda\/#breadcrumb","itemListElement":[{"@type":"ListItem","position":1,"name":"Home","item":"https:\/\/denizcankizil.tr\/de\/"},{"@type":"ListItem","position":2,"name":"Akseki Belediyesi, verdi\u011fi s\u00f6z\u00fc tuttu: Deniz Demiral&#8217;\u0131n ismi Akseki sokaklar\u0131nda"}]},{"@type":"WebSite","@id":"https:\/\/denizcankizil.tr\/de\/#website","url":"https:\/\/denizcankizil.tr\/de\/","name":"Av. Deniz Can K\u0131z\u0131l","description":"Avukat Deniz Can K\u0131z\u0131l Antalya Barosu","publisher":{"@id":"https:\/\/denizcankizil.tr\/de\/#organization"},"potentialAction":[{"@type":"SearchAction","target":{"@type":"EntryPoint","urlTemplate":"https:\/\/denizcankizil.tr\/de\/?s={search_term_string}"},"query-input":{"@type":"PropertyValueSpecification","valueRequired":true,"valueName":"search_term_string"}}],"inLanguage":"ru-RU"},{"@type":"Organization","@id":"https:\/\/denizcankizil.tr\/de\/#organization","name":"Av. Deniz Can K\u0131z\u0131l","url":"https:\/\/denizcankizil.tr\/de\/","logo":{"@type":"ImageObject","inLanguage":"ru-RU","@id":"https:\/\/denizcankizil.tr\/de\/#\/schema\/logo\/image\/","url":"https:\/\/denizcankizil.tr\/wp-content\/uploads\/2024\/10\/siyah-logo-svg.svg","contentUrl":"https:\/\/denizcankizil.tr\/wp-content\/uploads\/2024\/10\/siyah-logo-svg.svg","width":1080,"height":1080,"caption":"Av. Deniz Can K\u0131z\u0131l"},"image":{"@id":"https:\/\/denizcankizil.tr\/de\/#\/schema\/logo\/image\/"}},{"@type":"Person","@id":"https:\/\/denizcankizil.tr\/de\/#\/schema\/person\/e1eb71bb4dd684d46563f0af307e1234","name":"Antalya K\u00f6rfez","image":{"@type":"ImageObject","inLanguage":"ru-RU","@id":"https:\/\/denizcankizil.tr\/de\/#\/schema\/person\/image\/","url":"https:\/\/secure.gravatar.com\/avatar\/42b01982558a48a0b501fdcab6a408d3717ea5919095ee2e67b0e521799c5905?s=96&d=mm&r=g","contentUrl":"https:\/\/secure.gravatar.com\/avatar\/42b01982558a48a0b501fdcab6a408d3717ea5919095ee2e67b0e521799c5905?s=96&d=mm&r=g","caption":"Antalya K\u00f6rfez"},"sameAs":["http:\/\/www.antalyakorfez.com"],"url":"https:\/\/www.antalyakorfez.com\/akseki-belediyesi-verdigi-sozu-tuttu-deniz-demiralin-ismi-akseki-sokaklarinda"}]}},"_links":{"self":[{"href":"https:\/\/denizcankizil.tr\/ru\/wp-json\/wp\/v2\/posts\/51591","targetHints":{"allow":["GET"]}}],"collection":[{"href":"https:\/\/denizcankizil.tr\/ru\/wp-json\/wp\/v2\/posts"}],"about":[{"href":"https:\/\/denizcankizil.tr\/ru\/wp-json\/wp\/v2\/types\/post"}],"author":[{"embeddable":true,"href":"https:\/\/denizcankizil.tr\/ru\/wp-json\/wp\/v2\/users\/5"}],"replies":[{"embeddable":true,"href":"https:\/\/denizcankizil.tr\/ru\/wp-json\/wp\/v2\/comments?post=51591"}],"version-history":[{"count":0,"href":"https:\/\/denizcankizil.tr\/ru\/wp-json\/wp\/v2\/posts\/51591\/revisions"}],"wp:attachment":[{"href":"https:\/\/denizcankizil.tr\/ru\/wp-json\/wp\/v2\/media?parent=51591"}],"wp:term":[{"taxonomy":"category","embeddable":true,"href":"https:\/\/denizcankizil.tr\/ru\/wp-json\/wp\/v2\/categories?post=51591"},{"taxonomy":"post_tag","embeddable":true,"href":"https:\/\/denizcankizil.tr\/ru\/wp-json\/wp\/v2\/tags?post=51591"}],"curies":[{"name":"wp","href":"https:\/\/api.w.org\/{rel}","templated":true}]}}