{"id":51452,"date":"2025-04-10T14:41:14","date_gmt":"2025-04-10T11:41:14","guid":{"rendered":"https:\/\/denizcankizil.tr\/uncategorized-tr\/antalya-konya-karayolunda-tuzlama-calismasi\/"},"modified":"2025-04-10T14:41:14","modified_gmt":"2025-04-10T11:41:14","slug":"antalya-konya-karayolunda-tuzlama-calismasi","status":"publish","type":"post","link":"https:\/\/denizcankizil.tr\/ru\/haberler\/antalya\/antalya-konya-karayolunda-tuzlama-calismasi\/","title":{"rendered":"Antalya-Konya Karayolu&#8217;nda tuzlama \u00e7al\u0131\u015fmas\u0131"},"content":{"rendered":"<p>B\u00f6lgede d\u00fcn etkili olan ya\u011fmur ak\u015fam \u00a0saat 20.00 s\u0131ralar\u0131nda yerini\u00a0kara b\u0131rakt\u0131. Kar ya\u011f\u0131\u015f\u0131 Akseki\u2019den itibaren ba\u015flay\u0131p\u00a0Konya&#8217;n\u0131n Seydi\u015fehir il\u00e7esine kadar devam etti.\u00a0<\/p>\n<p>\u0130lk etapta Alacabel Batt\u0131 \u00c7\u0131kt\u0131 mevkiinden \u00a0Karayollar\u0131 Alacabel Bak\u0131mevine kadar yakla\u015f\u0131k 10 kilometrelik yolda etkili olan kar ya\u011f\u0131\u015f\u0131 ilerleyen saatlerde ise Akseki &#8211; Seydi\u015fehir karayolunda \u00a0tamamen etkili olmaya ba\u015flad\u0131. \u00a0Kar ya\u011f\u0131\u015f\u0131 sabah saatlerine kadar s\u00fcrd\u00fc. Aral\u0131ks\u0131z s\u00fcren kar ya\u011f\u0131\u015f\u0131 ile b\u00f6lgede kar kal\u0131nl\u0131\u011f\u0131 yer yer 20-30 santimetreye kadar ula\u015ft\u0131.\u00a0<br \/>\n\u00a0&#8220;Ya\u011f\u0131\u015f ile birlikte karayollar\u0131 ekipleri harekete ge\u00e7ti&#8221;\u00a0<br \/>\nB\u00f6lgede yo\u011fun ve etkili olan kar ya\u011f\u0131\u015f\u0131 ile birlikte Karayollar\u0131 ekipleri \u00e7ok say\u0131da i\u015f makinas\u0131 ile yolun trafi\u011fe kapanmamas\u0131 i\u00e7in aral\u0131ks\u0131z olarak kar temizleme ve tuzlama \u00e7al\u0131\u015fmalar\u0131 ba\u015flatt\u0131. 1825 metre rak\u0131ml\u0131 Alacabel\u2019de \u00a0kar kal\u0131nl\u0131\u011f\u0131 30 santimetreye ula\u015ft\u0131.\u00a0<\/p>\n<p>Kar ya\u011f\u0131\u015f\u0131n\u0131n ba\u015flamas\u0131 ile birlikte Akseki B\u00f6lge Trafik ve Akseki \u0130l\u00e7e Jandarma Komutanl\u0131\u011f\u0131na ba\u011fl\u0131 ekipler yolda g\u00fcvenlik \u00f6nlemleri ald\u0131.\u00a0<\/p>\n<p>Kaynak: www.kanalv.com.tr Haber Sitesinden Al\u0131nm\u0131\u015ft\u0131r.<\/p>","protected":false},"excerpt":{"rendered":"<p>B\u00f6lgede d\u00fcn etkili olan ya\u011fmur ak\u015fam \u00a0saat 20.00 s\u0131ralar\u0131nda yerini\u00a0kara b\u0131rakt\u0131. Kar ya\u011f\u0131\u015f\u0131 Akseki\u2019den itibaren ba\u015flay\u0131p\u00a0Konya&#8217;n\u0131n Seydi\u015fehir il\u00e7esine kadar devam etti.\u00a0 \u0130lk etapta Alacabel Batt\u0131 \u00c7\u0131kt\u0131 mevkiinden \u00a0Karayollar\u0131 Alacabel Bak\u0131mevine kadar yakla\u015f\u0131k 10 kilometrelik yolda etkili olan kar ya\u011f\u0131\u015f\u0131 ilerleyen saatlerde ise Akseki &#8211; Seydi\u015fehir karayolunda \u00a0tamamen etkili olmaya ba\u015flad\u0131. \u00a0Kar ya\u011f\u0131\u015f\u0131 sabah saatlerine kadar s\u00fcrd\u00fc. Aral\u0131ks\u0131z s\u00fcren kar ya\u011f\u0131\u015f\u0131 ile b\u00f6lgede kar kal\u0131nl\u0131\u011f\u0131 yer yer 20-30 santimetreye kadar ula\u015ft\u0131.\u00a0 \u00a0&#8220;Ya\u011f\u0131\u015f ile birlikte karayollar\u0131 ekipleri harekete ge\u00e7ti&#8221;\u00a0 B\u00f6lgede yo\u011fun ve etkili olan kar ya\u011f\u0131\u015f\u0131 ile birlikte Karayollar\u0131 ekipleri \u00e7ok say\u0131da i\u015f makinas\u0131 ile yolun trafi\u011fe kapanmamas\u0131 i\u00e7in aral\u0131ks\u0131z olarak kar temizleme ve tuzlama \u00e7al\u0131\u015fmalar\u0131 ba\u015flatt\u0131. 1825 metre rak\u0131ml\u0131 Alacabel\u2019de \u00a0kar kal\u0131nl\u0131\u011f\u0131 30 santimetreye ula\u015ft\u0131.\u00a0 Kar ya\u011f\u0131\u015f\u0131n\u0131n ba\u015flamas\u0131 ile birlikte Akseki B\u00f6lge Trafik ve Akseki \u0130l\u00e7e Jandarma Komutanl\u0131\u011f\u0131na ba\u011fl\u0131 ekipler yolda g\u00fcvenlik \u00f6nlemleri ald\u0131.\u00a0 Kaynak: www.kanalv.com.tr Haber Sitesinden Al\u0131nm\u0131\u015ft\u0131r.<\/p>","protected":false},"author":4,"featured_media":51453,"comment_status":"","ping_status":"open","sticky":false,"template":"","format":"standard","meta":{"_acf_changed":false,"footnotes":""},"categories":[26],"tags":[],"class_list":["post-51452","post","type-post","status-publish","format-standard","has-post-thumbnail","hentry","category-antalya"],"acf":[],"yoast_head":"<!-- This site is optimized with the Yoast SEO Premium plugin v26.6 (Yoast SEO v27.1.1) - https:\/\/yoast.com\/product\/yoast-seo-premium-wordpress\/ -->\n<title>Antalya-Konya Karayolu&#039;nda tuzlama \u00e7al\u0131\u015fmas\u0131 - Av. Deniz Can K\u0131z\u0131l<\/title>\n<meta name=\"robots\" content=\"index, follow, max-snippet:-1, max-image-preview:large, max-video-preview:-1\" \/>\n<link rel=\"canonical\" href=\"https:\/\/denizcankizil.tr\/ru\/haberler\/antalya\/antalya-konya-karayolunda-tuzlama-calismasi\/\" \/>\n<meta property=\"og:locale\" content=\"ru_RU\" \/>\n<meta property=\"og:type\" content=\"article\" \/>\n<meta property=\"og:title\" content=\"Antalya-Konya Karayolu&#039;nda tuzlama \u00e7al\u0131\u015fmas\u0131\" \/>\n<meta property=\"og:description\" content=\"B\u00f6lgede d\u00fcn etkili olan ya\u011fmur ak\u015fam \u00a0saat 20.00 s\u0131ralar\u0131nda yerini\u00a0kara b\u0131rakt\u0131. Kar ya\u011f\u0131\u015f\u0131 Akseki\u2019den itibaren ba\u015flay\u0131p\u00a0Konya&#8217;n\u0131n Seydi\u015fehir il\u00e7esine kadar devam etti.\u00a0 \u0130lk etapta Alacabel Batt\u0131 \u00c7\u0131kt\u0131 mevkiinden \u00a0Karayollar\u0131 Alacabel Bak\u0131mevine kadar yakla\u015f\u0131k 10 kilometrelik yolda etkili olan kar ya\u011f\u0131\u015f\u0131 ilerleyen saatlerde ise Akseki &#8211; Seydi\u015fehir karayolunda \u00a0tamamen etkili olmaya ba\u015flad\u0131. \u00a0Kar ya\u011f\u0131\u015f\u0131 sabah saatlerine kadar s\u00fcrd\u00fc. Aral\u0131ks\u0131z s\u00fcren kar ya\u011f\u0131\u015f\u0131 ile b\u00f6lgede kar kal\u0131nl\u0131\u011f\u0131 yer yer 20-30 santimetreye kadar ula\u015ft\u0131.\u00a0 \u00a0&#8220;Ya\u011f\u0131\u015f ile birlikte karayollar\u0131 ekipleri harekete ge\u00e7ti&#8221;\u00a0 B\u00f6lgede yo\u011fun ve etkili olan kar ya\u011f\u0131\u015f\u0131 ile birlikte Karayollar\u0131 ekipleri \u00e7ok say\u0131da i\u015f makinas\u0131 ile yolun trafi\u011fe kapanmamas\u0131 i\u00e7in aral\u0131ks\u0131z olarak kar temizleme ve tuzlama \u00e7al\u0131\u015fmalar\u0131 ba\u015flatt\u0131. 1825 metre rak\u0131ml\u0131 Alacabel\u2019de \u00a0kar kal\u0131nl\u0131\u011f\u0131 30 santimetreye ula\u015ft\u0131.\u00a0 Kar ya\u011f\u0131\u015f\u0131n\u0131n ba\u015flamas\u0131 ile birlikte Akseki B\u00f6lge Trafik ve Akseki \u0130l\u00e7e Jandarma Komutanl\u0131\u011f\u0131na ba\u011fl\u0131 ekipler yolda g\u00fcvenlik \u00f6nlemleri ald\u0131.\u00a0 Kaynak: www.kanalv.com.tr Haber Sitesinden Al\u0131nm\u0131\u015ft\u0131r.\" \/>\n<meta property=\"og:url\" content=\"https:\/\/denizcankizil.tr\/ru\/haberler\/antalya\/antalya-konya-karayolunda-tuzlama-calismasi\/\" \/>\n<meta property=\"og:site_name\" content=\"Av. Deniz Can K\u0131z\u0131l\" \/>\n<meta property=\"article:published_time\" content=\"2025-04-10T11:41:14+00:00\" \/>\n<meta property=\"og:image\" content=\"https:\/\/denizcankizil.tr\/wp-content\/uploads\/2025\/04\/a-w429532-07-A5Prv5.webp\" \/>\n\t<meta property=\"og:image:width\" content=\"1280\" \/>\n\t<meta property=\"og:image:height\" content=\"720\" \/>\n\t<meta property=\"og:image:type\" content=\"image\/webp\" \/>\n<meta name=\"author\" content=\"Av. Deniz Can K\u0131z\u0131l\" \/>\n<meta name=\"twitter:card\" content=\"summary_large_image\" \/>\n<meta name=\"twitter:label1\" content=\"\u041d\u0430\u043f\u0438\u0441\u0430\u043d\u043e \u0430\u0432\u0442\u043e\u0440\u043e\u043c\" \/>\n\t<meta name=\"twitter:data1\" content=\"Av. Deniz Can K\u0131z\u0131l\" \/>\n\t<meta name=\"twitter:label2\" content=\"\u041f\u0440\u0438\u043c\u0435\u0440\u043d\u043e\u0435 \u0432\u0440\u0435\u043c\u044f \u0434\u043b\u044f \u0447\u0442\u0435\u043d\u0438\u044f\" \/>\n\t<meta name=\"twitter:data2\" content=\"1 \u043c\u0438\u043d\u0443\u0442\u0430\" \/>\n<script type=\"application\/ld+json\" class=\"yoast-schema-graph\">{\"@context\":\"https:\/\/schema.org\",\"@graph\":[{\"@type\":\"Article\",\"@id\":\"https:\/\/denizcankizil.tr\/ru\/haberler\/antalya\/antalya-konya-karayolunda-tuzlama-calismasi\/#article\",\"isPartOf\":{\"@id\":\"https:\/\/denizcankizil.tr\/ru\/haberler\/antalya\/antalya-konya-karayolunda-tuzlama-calismasi\/\"},\"author\":{\"name\":\"Av. Deniz Can K\u0131z\u0131l\",\"@id\":\"https:\/\/denizcankizil.tr\/de\/#\/schema\/person\/5dc1b22991bd7ac833867c10afc9b0ff\"},\"headline\":\"Antalya-Konya Karayolu&#8217;nda tuzlama \u00e7al\u0131\u015fmas\u0131\",\"datePublished\":\"2025-04-10T11:41:14+00:00\",\"mainEntityOfPage\":{\"@id\":\"https:\/\/denizcankizil.tr\/ru\/haberler\/antalya\/antalya-konya-karayolunda-tuzlama-calismasi\/\"},\"wordCount\":195,\"publisher\":{\"@id\":\"https:\/\/denizcankizil.tr\/de\/#organization\"},\"image\":{\"@id\":\"https:\/\/denizcankizil.tr\/ru\/haberler\/antalya\/antalya-konya-karayolunda-tuzlama-calismasi\/#primaryimage\"},\"thumbnailUrl\":\"https:\/\/denizcankizil.tr\/wp-content\/uploads\/2025\/04\/a-w429532-07-A5Prv5.webp\",\"articleSection\":[\"Antalya\"],\"inLanguage\":\"ru-RU\"},{\"@type\":\"WebPage\",\"@id\":\"https:\/\/denizcankizil.tr\/ru\/haberler\/antalya\/antalya-konya-karayolunda-tuzlama-calismasi\/\",\"url\":\"https:\/\/denizcankizil.tr\/ru\/haberler\/antalya\/antalya-konya-karayolunda-tuzlama-calismasi\/\",\"name\":\"Antalya-Konya Karayolu'nda tuzlama \u00e7al\u0131\u015fmas\u0131 - Av. Deniz Can K\u0131z\u0131l\",\"isPartOf\":{\"@id\":\"https:\/\/denizcankizil.tr\/de\/#website\"},\"primaryImageOfPage\":{\"@id\":\"https:\/\/denizcankizil.tr\/ru\/haberler\/antalya\/antalya-konya-karayolunda-tuzlama-calismasi\/#primaryimage\"},\"image\":{\"@id\":\"https:\/\/denizcankizil.tr\/ru\/haberler\/antalya\/antalya-konya-karayolunda-tuzlama-calismasi\/#primaryimage\"},\"thumbnailUrl\":\"https:\/\/denizcankizil.tr\/wp-content\/uploads\/2025\/04\/a-w429532-07-A5Prv5.webp\",\"datePublished\":\"2025-04-10T11:41:14+00:00\",\"breadcrumb\":{\"@id\":\"https:\/\/denizcankizil.tr\/ru\/haberler\/antalya\/antalya-konya-karayolunda-tuzlama-calismasi\/#breadcrumb\"},\"inLanguage\":\"ru-RU\",\"potentialAction\":[{\"@type\":\"ReadAction\",\"target\":[\"https:\/\/denizcankizil.tr\/ru\/haberler\/antalya\/antalya-konya-karayolunda-tuzlama-calismasi\/\"]}]},{\"@type\":\"ImageObject\",\"inLanguage\":\"ru-RU\",\"@id\":\"https:\/\/denizcankizil.tr\/ru\/haberler\/antalya\/antalya-konya-karayolunda-tuzlama-calismasi\/#primaryimage\",\"url\":\"https:\/\/denizcankizil.tr\/wp-content\/uploads\/2025\/04\/a-w429532-07-A5Prv5.webp\",\"contentUrl\":\"https:\/\/denizcankizil.tr\/wp-content\/uploads\/2025\/04\/a-w429532-07-A5Prv5.webp\",\"width\":1280,\"height\":720},{\"@type\":\"BreadcrumbList\",\"@id\":\"https:\/\/denizcankizil.tr\/ru\/haberler\/antalya\/antalya-konya-karayolunda-tuzlama-calismasi\/#breadcrumb\",\"itemListElement\":[{\"@type\":\"ListItem\",\"position\":1,\"name\":\"Home\",\"item\":\"https:\/\/denizcankizil.tr\/de\/\"},{\"@type\":\"ListItem\",\"position\":2,\"name\":\"Antalya-Konya Karayolu&#8217;nda tuzlama \u00e7al\u0131\u015fmas\u0131\"}]},{\"@type\":\"WebSite\",\"@id\":\"https:\/\/denizcankizil.tr\/de\/#website\",\"url\":\"https:\/\/denizcankizil.tr\/de\/\",\"name\":\"Av. Deniz Can K\u0131z\u0131l\",\"description\":\"Avukat Deniz Can K\u0131z\u0131l Antalya Barosu\",\"publisher\":{\"@id\":\"https:\/\/denizcankizil.tr\/de\/#organization\"},\"potentialAction\":[{\"@type\":\"SearchAction\",\"target\":{\"@type\":\"EntryPoint\",\"urlTemplate\":\"https:\/\/denizcankizil.tr\/de\/?s={search_term_string}\"},\"query-input\":{\"@type\":\"PropertyValueSpecification\",\"valueRequired\":true,\"valueName\":\"search_term_string\"}}],\"inLanguage\":\"ru-RU\"},{\"@type\":\"Organization\",\"@id\":\"https:\/\/denizcankizil.tr\/de\/#organization\",\"name\":\"Av. Deniz Can K\u0131z\u0131l\",\"url\":\"https:\/\/denizcankizil.tr\/de\/\",\"logo\":{\"@type\":\"ImageObject\",\"inLanguage\":\"ru-RU\",\"@id\":\"https:\/\/denizcankizil.tr\/de\/#\/schema\/logo\/image\/\",\"url\":\"https:\/\/denizcankizil.tr\/wp-content\/uploads\/2024\/10\/siyah-logo-svg.svg\",\"contentUrl\":\"https:\/\/denizcankizil.tr\/wp-content\/uploads\/2024\/10\/siyah-logo-svg.svg\",\"width\":1080,\"height\":1080,\"caption\":\"Av. Deniz Can K\u0131z\u0131l\"},\"image\":{\"@id\":\"https:\/\/denizcankizil.tr\/de\/#\/schema\/logo\/image\/\"}},{\"@type\":\"Person\",\"@id\":\"https:\/\/denizcankizil.tr\/de\/#\/schema\/person\/5dc1b22991bd7ac833867c10afc9b0ff\",\"name\":\"Av. Deniz Can K\u0131z\u0131l\",\"image\":{\"@type\":\"ImageObject\",\"inLanguage\":\"ru-RU\",\"@id\":\"https:\/\/denizcankizil.tr\/de\/#\/schema\/person\/image\/\",\"url\":\"https:\/\/secure.gravatar.com\/avatar\/a0b128fb9855c79efc976d5640eedb31dc35ec297594d6016d2cf7c60e975bb6?s=96&d=mm&r=g\",\"contentUrl\":\"https:\/\/secure.gravatar.com\/avatar\/a0b128fb9855c79efc976d5640eedb31dc35ec297594d6016d2cf7c60e975bb6?s=96&d=mm&r=g\",\"caption\":\"Av. Deniz Can K\u0131z\u0131l\"},\"sameAs\":[\"http:\/\/www.denizcankizil.tr\"],\"url\":\"https:\/\/denizcankizil.tr\/ru\/author\/denizcankizil\/\"}]}<\/script>\n<!-- \/ Yoast SEO Premium plugin. -->","yoast_head_json":{"title":"Antalya-Konya Karayolu'nda tuzlama \u00e7al\u0131\u015fmas\u0131 - Av. Deniz Can K\u0131z\u0131l","robots":{"index":"index","follow":"follow","max-snippet":"max-snippet:-1","max-image-preview":"max-image-preview:large","max-video-preview":"max-video-preview:-1"},"canonical":"https:\/\/denizcankizil.tr\/ru\/haberler\/antalya\/antalya-konya-karayolunda-tuzlama-calismasi\/","og_locale":"ru_RU","og_type":"article","og_title":"Antalya-Konya Karayolu'nda tuzlama \u00e7al\u0131\u015fmas\u0131","og_description":"B\u00f6lgede d\u00fcn etkili olan ya\u011fmur ak\u015fam \u00a0saat 20.00 s\u0131ralar\u0131nda yerini\u00a0kara b\u0131rakt\u0131. Kar ya\u011f\u0131\u015f\u0131 Akseki\u2019den itibaren ba\u015flay\u0131p\u00a0Konya&#8217;n\u0131n Seydi\u015fehir il\u00e7esine kadar devam etti.\u00a0 \u0130lk etapta Alacabel Batt\u0131 \u00c7\u0131kt\u0131 mevkiinden \u00a0Karayollar\u0131 Alacabel Bak\u0131mevine kadar yakla\u015f\u0131k 10 kilometrelik yolda etkili olan kar ya\u011f\u0131\u015f\u0131 ilerleyen saatlerde ise Akseki &#8211; Seydi\u015fehir karayolunda \u00a0tamamen etkili olmaya ba\u015flad\u0131. \u00a0Kar ya\u011f\u0131\u015f\u0131 sabah saatlerine kadar s\u00fcrd\u00fc. Aral\u0131ks\u0131z s\u00fcren kar ya\u011f\u0131\u015f\u0131 ile b\u00f6lgede kar kal\u0131nl\u0131\u011f\u0131 yer yer 20-30 santimetreye kadar ula\u015ft\u0131.\u00a0 \u00a0&#8220;Ya\u011f\u0131\u015f ile birlikte karayollar\u0131 ekipleri harekete ge\u00e7ti&#8221;\u00a0 B\u00f6lgede yo\u011fun ve etkili olan kar ya\u011f\u0131\u015f\u0131 ile birlikte Karayollar\u0131 ekipleri \u00e7ok say\u0131da i\u015f makinas\u0131 ile yolun trafi\u011fe kapanmamas\u0131 i\u00e7in aral\u0131ks\u0131z olarak kar temizleme ve tuzlama \u00e7al\u0131\u015fmalar\u0131 ba\u015flatt\u0131. 1825 metre rak\u0131ml\u0131 Alacabel\u2019de \u00a0kar kal\u0131nl\u0131\u011f\u0131 30 santimetreye ula\u015ft\u0131.\u00a0 Kar ya\u011f\u0131\u015f\u0131n\u0131n ba\u015flamas\u0131 ile birlikte Akseki B\u00f6lge Trafik ve Akseki \u0130l\u00e7e Jandarma Komutanl\u0131\u011f\u0131na ba\u011fl\u0131 ekipler yolda g\u00fcvenlik \u00f6nlemleri ald\u0131.\u00a0 Kaynak: www.kanalv.com.tr Haber Sitesinden Al\u0131nm\u0131\u015ft\u0131r.","og_url":"https:\/\/denizcankizil.tr\/ru\/haberler\/antalya\/antalya-konya-karayolunda-tuzlama-calismasi\/","og_site_name":"Av. Deniz Can K\u0131z\u0131l","article_published_time":"2025-04-10T11:41:14+00:00","og_image":[{"width":1280,"height":720,"url":"https:\/\/denizcankizil.tr\/wp-content\/uploads\/2025\/04\/a-w429532-07-A5Prv5.webp","type":"image\/webp"}],"author":"Av. Deniz Can K\u0131z\u0131l","twitter_card":"summary_large_image","twitter_misc":{"\u041d\u0430\u043f\u0438\u0441\u0430\u043d\u043e \u0430\u0432\u0442\u043e\u0440\u043e\u043c":"Av. Deniz Can K\u0131z\u0131l","\u041f\u0440\u0438\u043c\u0435\u0440\u043d\u043e\u0435 \u0432\u0440\u0435\u043c\u044f \u0434\u043b\u044f \u0447\u0442\u0435\u043d\u0438\u044f":"1 \u043c\u0438\u043d\u0443\u0442\u0430"},"schema":{"@context":"https:\/\/schema.org","@graph":[{"@type":"Article","@id":"https:\/\/denizcankizil.tr\/ru\/haberler\/antalya\/antalya-konya-karayolunda-tuzlama-calismasi\/#article","isPartOf":{"@id":"https:\/\/denizcankizil.tr\/ru\/haberler\/antalya\/antalya-konya-karayolunda-tuzlama-calismasi\/"},"author":{"name":"Av. Deniz Can K\u0131z\u0131l","@id":"https:\/\/denizcankizil.tr\/de\/#\/schema\/person\/5dc1b22991bd7ac833867c10afc9b0ff"},"headline":"Antalya-Konya Karayolu&#8217;nda tuzlama \u00e7al\u0131\u015fmas\u0131","datePublished":"2025-04-10T11:41:14+00:00","mainEntityOfPage":{"@id":"https:\/\/denizcankizil.tr\/ru\/haberler\/antalya\/antalya-konya-karayolunda-tuzlama-calismasi\/"},"wordCount":195,"publisher":{"@id":"https:\/\/denizcankizil.tr\/de\/#organization"},"image":{"@id":"https:\/\/denizcankizil.tr\/ru\/haberler\/antalya\/antalya-konya-karayolunda-tuzlama-calismasi\/#primaryimage"},"thumbnailUrl":"https:\/\/denizcankizil.tr\/wp-content\/uploads\/2025\/04\/a-w429532-07-A5Prv5.webp","articleSection":["Antalya"],"inLanguage":"ru-RU"},{"@type":"WebPage","@id":"https:\/\/denizcankizil.tr\/ru\/haberler\/antalya\/antalya-konya-karayolunda-tuzlama-calismasi\/","url":"https:\/\/denizcankizil.tr\/ru\/haberler\/antalya\/antalya-konya-karayolunda-tuzlama-calismasi\/","name":"Antalya-Konya Karayolu'nda tuzlama \u00e7al\u0131\u015fmas\u0131 - Av. Deniz Can K\u0131z\u0131l","isPartOf":{"@id":"https:\/\/denizcankizil.tr\/de\/#website"},"primaryImageOfPage":{"@id":"https:\/\/denizcankizil.tr\/ru\/haberler\/antalya\/antalya-konya-karayolunda-tuzlama-calismasi\/#primaryimage"},"image":{"@id":"https:\/\/denizcankizil.tr\/ru\/haberler\/antalya\/antalya-konya-karayolunda-tuzlama-calismasi\/#primaryimage"},"thumbnailUrl":"https:\/\/denizcankizil.tr\/wp-content\/uploads\/2025\/04\/a-w429532-07-A5Prv5.webp","datePublished":"2025-04-10T11:41:14+00:00","breadcrumb":{"@id":"https:\/\/denizcankizil.tr\/ru\/haberler\/antalya\/antalya-konya-karayolunda-tuzlama-calismasi\/#breadcrumb"},"inLanguage":"ru-RU","potentialAction":[{"@type":"ReadAction","target":["https:\/\/denizcankizil.tr\/ru\/haberler\/antalya\/antalya-konya-karayolunda-tuzlama-calismasi\/"]}]},{"@type":"ImageObject","inLanguage":"ru-RU","@id":"https:\/\/denizcankizil.tr\/ru\/haberler\/antalya\/antalya-konya-karayolunda-tuzlama-calismasi\/#primaryimage","url":"https:\/\/denizcankizil.tr\/wp-content\/uploads\/2025\/04\/a-w429532-07-A5Prv5.webp","contentUrl":"https:\/\/denizcankizil.tr\/wp-content\/uploads\/2025\/04\/a-w429532-07-A5Prv5.webp","width":1280,"height":720},{"@type":"BreadcrumbList","@id":"https:\/\/denizcankizil.tr\/ru\/haberler\/antalya\/antalya-konya-karayolunda-tuzlama-calismasi\/#breadcrumb","itemListElement":[{"@type":"ListItem","position":1,"name":"Home","item":"https:\/\/denizcankizil.tr\/de\/"},{"@type":"ListItem","position":2,"name":"Antalya-Konya Karayolu&#8217;nda tuzlama \u00e7al\u0131\u015fmas\u0131"}]},{"@type":"WebSite","@id":"https:\/\/denizcankizil.tr\/de\/#website","url":"https:\/\/denizcankizil.tr\/de\/","name":"Av. Deniz Can K\u0131z\u0131l","description":"Avukat Deniz Can K\u0131z\u0131l Antalya Barosu","publisher":{"@id":"https:\/\/denizcankizil.tr\/de\/#organization"},"potentialAction":[{"@type":"SearchAction","target":{"@type":"EntryPoint","urlTemplate":"https:\/\/denizcankizil.tr\/de\/?s={search_term_string}"},"query-input":{"@type":"PropertyValueSpecification","valueRequired":true,"valueName":"search_term_string"}}],"inLanguage":"ru-RU"},{"@type":"Organization","@id":"https:\/\/denizcankizil.tr\/de\/#organization","name":"Av. Deniz Can K\u0131z\u0131l","url":"https:\/\/denizcankizil.tr\/de\/","logo":{"@type":"ImageObject","inLanguage":"ru-RU","@id":"https:\/\/denizcankizil.tr\/de\/#\/schema\/logo\/image\/","url":"https:\/\/denizcankizil.tr\/wp-content\/uploads\/2024\/10\/siyah-logo-svg.svg","contentUrl":"https:\/\/denizcankizil.tr\/wp-content\/uploads\/2024\/10\/siyah-logo-svg.svg","width":1080,"height":1080,"caption":"Av. Deniz Can K\u0131z\u0131l"},"image":{"@id":"https:\/\/denizcankizil.tr\/de\/#\/schema\/logo\/image\/"}},{"@type":"Person","@id":"https:\/\/denizcankizil.tr\/de\/#\/schema\/person\/5dc1b22991bd7ac833867c10afc9b0ff","name":"Av. Deniz Can K\u0131z\u0131l","image":{"@type":"ImageObject","inLanguage":"ru-RU","@id":"https:\/\/denizcankizil.tr\/de\/#\/schema\/person\/image\/","url":"https:\/\/secure.gravatar.com\/avatar\/a0b128fb9855c79efc976d5640eedb31dc35ec297594d6016d2cf7c60e975bb6?s=96&d=mm&r=g","contentUrl":"https:\/\/secure.gravatar.com\/avatar\/a0b128fb9855c79efc976d5640eedb31dc35ec297594d6016d2cf7c60e975bb6?s=96&d=mm&r=g","caption":"Av. Deniz Can K\u0131z\u0131l"},"sameAs":["http:\/\/www.denizcankizil.tr"],"url":"https:\/\/denizcankizil.tr\/ru\/author\/denizcankizil\/"}]}},"_links":{"self":[{"href":"https:\/\/denizcankizil.tr\/ru\/wp-json\/wp\/v2\/posts\/51452","targetHints":{"allow":["GET"]}}],"collection":[{"href":"https:\/\/denizcankizil.tr\/ru\/wp-json\/wp\/v2\/posts"}],"about":[{"href":"https:\/\/denizcankizil.tr\/ru\/wp-json\/wp\/v2\/types\/post"}],"author":[{"embeddable":true,"href":"https:\/\/denizcankizil.tr\/ru\/wp-json\/wp\/v2\/users\/4"}],"replies":[{"embeddable":true,"href":"https:\/\/denizcankizil.tr\/ru\/wp-json\/wp\/v2\/comments?post=51452"}],"version-history":[{"count":0,"href":"https:\/\/denizcankizil.tr\/ru\/wp-json\/wp\/v2\/posts\/51452\/revisions"}],"wp:featuredmedia":[{"embeddable":true,"href":"https:\/\/denizcankizil.tr\/ru\/wp-json\/wp\/v2\/media\/51453"}],"wp:attachment":[{"href":"https:\/\/denizcankizil.tr\/ru\/wp-json\/wp\/v2\/media?parent=51452"}],"wp:term":[{"taxonomy":"category","embeddable":true,"href":"https:\/\/denizcankizil.tr\/ru\/wp-json\/wp\/v2\/categories?post=51452"},{"taxonomy":"post_tag","embeddable":true,"href":"https:\/\/denizcankizil.tr\/ru\/wp-json\/wp\/v2\/tags?post=51452"}],"curies":[{"name":"wp","href":"https:\/\/api.w.org\/{rel}","templated":true}]}}