{"id":51217,"date":"2025-04-10T09:41:14","date_gmt":"2025-04-10T06:41:14","guid":{"rendered":"https:\/\/denizcankizil.tr\/uncategorized-tr\/antalyada-onemli-degisiklikler-resmi-gazetede-yayimlandi\/"},"modified":"2025-04-10T09:41:14","modified_gmt":"2025-04-10T06:41:14","slug":"antalyada-onemli-degisiklikler-resmi-gazetede-yayimlandi","status":"publish","type":"post","link":"https:\/\/denizcankizil.tr\/ru\/haberler\/gundem\/antalyada-onemli-degisiklikler-resmi-gazetede-yayimlandi\/","title":{"rendered":"Antalya\u2019da \u00f6nemli de\u011fi\u015fiklikler\u2026 Resmi Gazete\u2019de yay\u0131mland\u0131"},"content":{"rendered":"<p>Cumhurba\u015fkanl\u0131\u011f\u0131 taraf\u0131ndan Resmi Gazete\u2019de yay\u0131mlanan kararlarla birlikte bir\u00e7ok kurumda g\u00f6rev de\u011fi\u015fiklikleri yap\u0131l\u0131rken, Antalya\u2019da da dikkat \u00e7eken atama ve g\u00f6revden almalar ger\u00e7ekle\u015fti. \u0130leti\u015fim Ba\u015fkanl\u0131\u011f\u0131 b\u00fcnyesinde yap\u0131lan yeni d\u00fczenleme kapsam\u0131nda Antalya B\u00f6lge M\u00fcd\u00fcr\u00fc Sabri \u0130\u015fbilen g\u00f6revden al\u0131n\u0131rken, yerine Ahmet Uzun atand\u0131.<\/p>\n<p>ANTALYA\u2019DA G\u00d6REV DE\u011e\u0130\u015e\u0130M\u0130<\/p>\n<p>Antalya \u00c7evre ve \u015eehircilik \u0130l M\u00fcd\u00fcr\u00fc Tevfik Alt\u0131nay da g\u00f6revden al\u0131nan isimler aras\u0131nda yer ald\u0131. Kararda, Alt\u0131nay\u2019\u0131n yan\u0131 s\u0131ra Giresun ve Yozgat \u0130l M\u00fcd\u00fcrleri de g\u00f6revden al\u0131nd\u0131. Yeni atamalar\u0131n k\u0131sa s\u00fcre i\u00e7erisinde yap\u0131lmas\u0131 bekleniyor.<\/p>\n<p>TARIM VE ORMAN BAKANLI\u011eI\u2019NDA GEN\u0130\u015e \u00c7APLI DE\u011e\u0130\u015e\u0130M<\/p>\n<p>Tar\u0131m ve Orman Bakanl\u0131\u011f\u0131\u2019nda ger\u00e7ekle\u015ftirilen de\u011fi\u015fiklikler kapsam\u0131nda 10 ilin \u0130l Tar\u0131m ve Orman M\u00fcd\u00fcr\u00fc g\u00f6revden al\u0131n\u0131rken, 18 ile yeni m\u00fcd\u00fcrler atand\u0131. Orman Genel M\u00fcd\u00fcrl\u00fc\u011f\u00fc\u2019nde de 6 ilin b\u00f6lge m\u00fcd\u00fcr\u00fc g\u00f6revden al\u0131nd\u0131. 26 ilde yap\u0131lan yeni atamalar aras\u0131nda Antalya da yer al\u0131yor.<\/p>\n<p>ANTALYA\u2019DA B\u0130LEN\u2019\u0130N YER\u0130NE UZUN ATANDI<\/p>\n<p>Resmi Gazete\u2019de yay\u0131mlanan karar ile birlikte, Cumhurba\u015fkan\u0131 Ba\u015fdan\u0131\u015fmanl\u0131\u011f\u0131na G\u00f6ksel A\u015fan atand\u0131. Yat\u0131r\u0131m ve Finans Ofisi Ba\u015fkanl\u0131\u011f\u0131na ise Ahmet Burak Da\u011fl\u0131o\u011flu getirildi. Ayr\u0131ca karar ile birlikte \u0130leti\u015fim Ba\u015fkanl\u0131\u011f\u0131nda \u0130stanbul B\u00f6lge M\u00fcd\u00fcr\u00fc Metin Erol, Konya B\u00f6lge M\u00fcd\u00fcr\u00fc Taner Ta\u015fk\u0131ran, Antalya B\u00f6lge M\u00fcd\u00fcr\u00fc Sabri \u0130\u015fbilen g\u00f6revden al\u0131nd\u0131. \u0130stanbul B\u00f6lge M\u00fcd\u00fcrl\u00fc\u011f\u00fcne \u015eanl\u0131urfa B\u00f6lge M\u00fcd\u00fcr\u00fc Efe Murat Erba\u015f, Antalya B\u00f6lge M\u00fcd\u00fcrl\u00fc\u011f\u00fcne Ahmet Uzun, \u00c7anakkale B\u00f6lge M\u00fcd\u00fcrl\u00fc\u011f\u00fcne Mustafa Tolga Karao\u011flu, Konya B\u00f6lge M\u00fcd\u00fcrl\u00fc\u011f\u00fcne O\u011fuz Tun\u00e7, \u015eanl\u0131urfa B\u00f6lge M\u00fcd\u00fcrl\u00fc\u011f\u00fcne ise Numan G\u00fcnay atand\u0131. \u00c7evre, \u015eehircilik ve \u0130klim De\u011fi\u015fikli\u011fi Bakanl\u0131\u011f\u0131nda ise Antalya \u00c7evre ve \u015eehircilik \u0130l M\u00fcd\u00fcr\u00fc Tevfik Alt\u0131nay, Giresun \u00c7evre ve \u015eehircilik \u0130l M\u00fcd\u00fcr\u00fc Sedat Kurnaz ve Yozgat \u00c7evre ve \u015eehircilik \u0130l M\u00fcd\u00fcr\u00fc \u0130brahim Tamer g\u00f6revden al\u0131nd\u0131.<\/p>\n<p>M\u0130LL\u0130 E\u011e\u0130T\u0130M\u2019DE DE\u011e\u0130\u015e\u0130KL\u0130K<\/p>\n<p>Milli E\u011fitim Bakanl\u0131\u011f\u0131nda a\u00e7\u0131k bulunan Milli E\u011fitim Akademisi Ba\u015fkanl\u0131\u011f\u0131na Cevdet Vural getirildi. Tar\u0131m ve Orman Bakanl\u0131\u011f\u0131nda ise G\u0131da ve Kontrol Genel M\u00fcd\u00fcr Yard\u0131mc\u0131l\u0131\u011f\u0131na Bal\u0131kesir \u0130l Tar\u0131m ve Orman M\u00fcd\u00fcr\u00fc Erkan Alkan, Hayvanc\u0131l\u0131k Genel M\u00fcd\u00fcr Yard\u0131mc\u0131l\u0131\u011f\u0131na Kastamonu \u0130l Tar\u0131m ve Orman M\u00fcd\u00fcr\u00fc Bekir Y\u00fccel Tanr\u0131kulu, Su Y\u00f6netimi Genel M\u00fcd\u00fcr Yard\u0131mc\u0131l\u0131klar\u0131na Satuk Bu\u011fra F\u0131nd\u0131k ve Mahir \u00d6zcan, Tar\u0131m \u0130\u015fletmeleri Genel M\u00fcd\u00fcrl\u00fc\u011f\u00fc Genel M\u00fcd\u00fcr Yard\u0131mc\u0131l\u0131\u011f\u0131na ise Hakan Nalbanto\u011flu atand\u0131. Ayr\u0131ca 10 ilin \u0130l Tar\u0131m ve Orman M\u00fcd\u00fcr\u00fc g\u00f6revden al\u0131nd\u0131 ve 18 ilin \u0130l Tar\u0131m ve Orman M\u00fcd\u00fcrl\u00fc\u011f\u00fcne yeni atamalar ger\u00e7ekle\u015ftirildi. Orman Genel M\u00fcd\u00fcrl\u00fc\u011f\u00fcnde ise 6 ilin Orman B\u00f6lge M\u00fcd\u00fcr\u00fc g\u00f6revden al\u0131narak 26 ilde Orman B\u00f6lge M\u00fcd\u00fcrl\u00fc\u011f\u00fcne atamalar yap\u0131ld\u0131.<\/p>\n<p>13 \u00dcN\u0130VERS\u0130TEYE REKT\u00d6R ATAMASI<\/p>\n<p>Karar ile birlikte Y\u00fcksek\u00f6\u011fretim Kurulu \u00dcyeli\u011fine Strateji ve B\u00fct\u00e7e Ba\u015fkan\u0131 \u0130brahim \u015eenel se\u00e7ildi. A\u011fr\u0131 \u00c7e\u00e7en \u00dcniversitesi Rekt\u00f6rl\u00fc\u011f\u00fcne Prof. Dr. \u0130lhami G\u00fcl\u00e7in, Ardahan \u00dcniversitesi Rekt\u00f6rl\u00fc\u011f\u00fcne Prof. Dr. \u00d6zt\u00fcrk Emiro\u011flu, Artvin \u00c7oruh \u00dcniversitesi Rekt\u00f6rl\u00fc\u011f\u00fcne Prof. Dr. \u0130brahim Ayd\u0131n, Batman \u00dcniversitesi Rekt\u00f6rl\u00fc\u011f\u00fcne Prof. Dr. \u0130dris Demir, Beykoz \u00dcniversitesi Rekt\u00f6rl\u00fc\u011f\u00fcne Prof. Dr. \u0130smail Burak K\u00fcntay, Bitlis Eren \u00dcniversitesi Rekt\u00f6rl\u00fc\u011f\u00fcne Prof. Dr. Necmettin Elmasta\u015f, \u00c7a\u011f \u00dcniversitesi Rekt\u00f6rl\u00fc\u011f\u00fcne Prof. Dr. Murat Ko\u00e7, G\u00fcm\u00fc\u015fhane \u00dcniversitesi Rekt\u00f6rl\u00fc\u011f\u00fcne Prof. Dr. Oktay Y\u0131ld\u0131z, Hakkari \u00dcniversitesi Rekt\u00f6rl\u00fc\u011f\u00fcne Prof. Dr. Musa Gen\u00e7celep, K\u0131rklareli \u00dcniversitesi Rekt\u00f6rl\u00fc\u011f\u00fcne Prof. Dr. Rengin Ak, Kilis 7 Aral\u0131k \u00dcniversitesi Rekt\u00f6rl\u00fc\u011f\u00fcne Prof. Dr. Zekeriya Akman, Osmaniye Korkut Ata \u00dcniversitesi Rekt\u00f6rl\u00fc\u011f\u00fcne Prof. Dr. Turgay, Pamukkale \u00dcniversitesi Rekt\u00f6rl\u00fc\u011f\u00fcne Prof. Dr. Mahmud G\u00f6ng\u00f6r atand\u0131.<\/p>\n<p>\u200bCumhurba\u015fkanl\u0131\u011f\u0131 taraf\u0131ndan yap\u0131lan atamalar hakk\u0131nda karar Resmi Gazete\u2019de yay\u0131mland\u0131. Buna g\u00f6re Antalya \u0130leti\u015fim Ba\u015fkanl\u0131\u011f\u0131 B\u00f6lge M\u00fcd\u00fcr\u00fc Sabri \u0130\u015fbilen g\u00f6revden al\u0131narak yerine Ahmet Uzun atand\u0131. Antalya \u00c7evre ve \u015eehircilik \u0130l M\u00fcd\u00fcr\u00fc Tevfik Alt\u0131nay da g\u00f6revden al\u0131nd\u0131.\u00a0<\/p>\n<p>\u200bHaberin Al\u0131nt\u0131land\u0131\u011f\u0131 Kaynak: www.antalyakorfez.com<\/p>","protected":false},"excerpt":{"rendered":"<p>Cumhurba\u015fkanl\u0131\u011f\u0131 taraf\u0131ndan Resmi Gazete\u2019de yay\u0131mlanan kararlarla birlikte bir\u00e7ok kurumda g\u00f6rev de\u011fi\u015fiklikleri yap\u0131l\u0131rken, Antalya\u2019da da dikkat \u00e7eken atama ve g\u00f6revden almalar ger\u00e7ekle\u015fti. \u0130leti\u015fim Ba\u015fkanl\u0131\u011f\u0131 b\u00fcnyesinde yap\u0131lan yeni d\u00fczenleme kapsam\u0131nda Antalya B\u00f6lge M\u00fcd\u00fcr\u00fc Sabri \u0130\u015fbilen g\u00f6revden al\u0131n\u0131rken, yerine Ahmet Uzun atand\u0131. ANTALYA\u2019DA G\u00d6REV DE\u011e\u0130\u015e\u0130M\u0130 Antalya \u00c7evre ve \u015eehircilik \u0130l M\u00fcd\u00fcr\u00fc Tevfik Alt\u0131nay da g\u00f6revden al\u0131nan isimler aras\u0131nda yer ald\u0131. Kararda, Alt\u0131nay\u2019\u0131n yan\u0131 s\u0131ra Giresun ve Yozgat \u0130l M\u00fcd\u00fcrleri de g\u00f6revden al\u0131nd\u0131. Yeni atamalar\u0131n k\u0131sa s\u00fcre i\u00e7erisinde yap\u0131lmas\u0131 bekleniyor. TARIM VE ORMAN BAKANLI\u011eI\u2019NDA GEN\u0130\u015e \u00c7APLI DE\u011e\u0130\u015e\u0130M Tar\u0131m ve Orman Bakanl\u0131\u011f\u0131\u2019nda ger\u00e7ekle\u015ftirilen de\u011fi\u015fiklikler kapsam\u0131nda 10 ilin \u0130l Tar\u0131m ve Orman M\u00fcd\u00fcr\u00fc g\u00f6revden al\u0131n\u0131rken, 18 ile yeni m\u00fcd\u00fcrler atand\u0131. Orman Genel M\u00fcd\u00fcrl\u00fc\u011f\u00fc\u2019nde de 6 ilin b\u00f6lge m\u00fcd\u00fcr\u00fc g\u00f6revden al\u0131nd\u0131. 26 ilde yap\u0131lan yeni atamalar aras\u0131nda Antalya da yer al\u0131yor. ANTALYA\u2019DA B\u0130LEN\u2019\u0130N YER\u0130NE UZUN ATANDI Resmi Gazete\u2019de yay\u0131mlanan karar ile birlikte, Cumhurba\u015fkan\u0131 Ba\u015fdan\u0131\u015fmanl\u0131\u011f\u0131na G\u00f6ksel A\u015fan atand\u0131. Yat\u0131r\u0131m ve Finans Ofisi Ba\u015fkanl\u0131\u011f\u0131na ise Ahmet Burak Da\u011fl\u0131o\u011flu getirildi. Ayr\u0131ca karar ile birlikte \u0130leti\u015fim Ba\u015fkanl\u0131\u011f\u0131nda \u0130stanbul B\u00f6lge M\u00fcd\u00fcr\u00fc Metin Erol, Konya B\u00f6lge M\u00fcd\u00fcr\u00fc Taner Ta\u015fk\u0131ran, Antalya B\u00f6lge M\u00fcd\u00fcr\u00fc Sabri \u0130\u015fbilen g\u00f6revden al\u0131nd\u0131. \u0130stanbul B\u00f6lge M\u00fcd\u00fcrl\u00fc\u011f\u00fcne \u015eanl\u0131urfa B\u00f6lge M\u00fcd\u00fcr\u00fc Efe Murat Erba\u015f, Antalya B\u00f6lge M\u00fcd\u00fcrl\u00fc\u011f\u00fcne Ahmet Uzun, \u00c7anakkale B\u00f6lge M\u00fcd\u00fcrl\u00fc\u011f\u00fcne Mustafa Tolga Karao\u011flu, Konya B\u00f6lge M\u00fcd\u00fcrl\u00fc\u011f\u00fcne O\u011fuz Tun\u00e7, \u015eanl\u0131urfa B\u00f6lge &hellip;<\/p>","protected":false},"author":5,"featured_media":0,"comment_status":"","ping_status":"open","sticky":false,"template":"","format":"standard","meta":{"_acf_changed":false,"footnotes":""},"categories":[24],"tags":[],"class_list":["post-51217","post","type-post","status-publish","format-standard","has-post-thumbnail","hentry","category-gundem"],"acf":[],"yoast_head":"<!-- This site is optimized with the Yoast SEO Premium plugin v26.6 (Yoast SEO v27.1.1) - https:\/\/yoast.com\/product\/yoast-seo-premium-wordpress\/ -->\n<title>Antalya\u2019da \u00f6nemli de\u011fi\u015fiklikler\u2026 Resmi Gazete\u2019de yay\u0131mland\u0131 - Av. Deniz Can K\u0131z\u0131l<\/title>\n<meta name=\"robots\" content=\"index, follow, max-snippet:-1, max-image-preview:large, max-video-preview:-1\" \/>\n<link rel=\"canonical\" href=\"https:\/\/denizcankizil.tr\/ru\/haberler\/gundem\/antalyada-onemli-degisiklikler-resmi-gazetede-yayimlandi\/\" \/>\n<meta property=\"og:locale\" content=\"ru_RU\" \/>\n<meta property=\"og:type\" content=\"article\" \/>\n<meta property=\"og:title\" content=\"Antalya\u2019da \u00f6nemli de\u011fi\u015fiklikler\u2026 Resmi Gazete\u2019de yay\u0131mland\u0131\" \/>\n<meta property=\"og:description\" content=\"Cumhurba\u015fkanl\u0131\u011f\u0131 taraf\u0131ndan Resmi Gazete\u2019de yay\u0131mlanan kararlarla birlikte bir\u00e7ok kurumda g\u00f6rev de\u011fi\u015fiklikleri yap\u0131l\u0131rken, Antalya\u2019da da dikkat \u00e7eken atama ve g\u00f6revden almalar ger\u00e7ekle\u015fti. \u0130leti\u015fim Ba\u015fkanl\u0131\u011f\u0131 b\u00fcnyesinde yap\u0131lan yeni d\u00fczenleme kapsam\u0131nda Antalya B\u00f6lge M\u00fcd\u00fcr\u00fc Sabri \u0130\u015fbilen g\u00f6revden al\u0131n\u0131rken, yerine Ahmet Uzun atand\u0131. ANTALYA\u2019DA G\u00d6REV DE\u011e\u0130\u015e\u0130M\u0130 Antalya \u00c7evre ve \u015eehircilik \u0130l M\u00fcd\u00fcr\u00fc Tevfik Alt\u0131nay da g\u00f6revden al\u0131nan isimler aras\u0131nda yer ald\u0131. Kararda, Alt\u0131nay\u2019\u0131n yan\u0131 s\u0131ra Giresun ve Yozgat \u0130l M\u00fcd\u00fcrleri de g\u00f6revden al\u0131nd\u0131. Yeni atamalar\u0131n k\u0131sa s\u00fcre i\u00e7erisinde yap\u0131lmas\u0131 bekleniyor. TARIM VE ORMAN BAKANLI\u011eI\u2019NDA GEN\u0130\u015e \u00c7APLI DE\u011e\u0130\u015e\u0130M Tar\u0131m ve Orman Bakanl\u0131\u011f\u0131\u2019nda ger\u00e7ekle\u015ftirilen de\u011fi\u015fiklikler kapsam\u0131nda 10 ilin \u0130l Tar\u0131m ve Orman M\u00fcd\u00fcr\u00fc g\u00f6revden al\u0131n\u0131rken, 18 ile yeni m\u00fcd\u00fcrler atand\u0131. Orman Genel M\u00fcd\u00fcrl\u00fc\u011f\u00fc\u2019nde de 6 ilin b\u00f6lge m\u00fcd\u00fcr\u00fc g\u00f6revden al\u0131nd\u0131. 26 ilde yap\u0131lan yeni atamalar aras\u0131nda Antalya da yer al\u0131yor. ANTALYA\u2019DA B\u0130LEN\u2019\u0130N YER\u0130NE UZUN ATANDI Resmi Gazete\u2019de yay\u0131mlanan karar ile birlikte, Cumhurba\u015fkan\u0131 Ba\u015fdan\u0131\u015fmanl\u0131\u011f\u0131na G\u00f6ksel A\u015fan atand\u0131. Yat\u0131r\u0131m ve Finans Ofisi Ba\u015fkanl\u0131\u011f\u0131na ise Ahmet Burak Da\u011fl\u0131o\u011flu getirildi. Ayr\u0131ca karar ile birlikte \u0130leti\u015fim Ba\u015fkanl\u0131\u011f\u0131nda \u0130stanbul B\u00f6lge M\u00fcd\u00fcr\u00fc Metin Erol, Konya B\u00f6lge M\u00fcd\u00fcr\u00fc Taner Ta\u015fk\u0131ran, Antalya B\u00f6lge M\u00fcd\u00fcr\u00fc Sabri \u0130\u015fbilen g\u00f6revden al\u0131nd\u0131. \u0130stanbul B\u00f6lge M\u00fcd\u00fcrl\u00fc\u011f\u00fcne \u015eanl\u0131urfa B\u00f6lge M\u00fcd\u00fcr\u00fc Efe Murat Erba\u015f, Antalya B\u00f6lge M\u00fcd\u00fcrl\u00fc\u011f\u00fcne Ahmet Uzun, \u00c7anakkale B\u00f6lge M\u00fcd\u00fcrl\u00fc\u011f\u00fcne Mustafa Tolga Karao\u011flu, Konya B\u00f6lge M\u00fcd\u00fcrl\u00fc\u011f\u00fcne O\u011fuz Tun\u00e7, \u015eanl\u0131urfa B\u00f6lge &hellip;\" \/>\n<meta property=\"og:url\" content=\"https:\/\/denizcankizil.tr\/ru\/haberler\/gundem\/antalyada-onemli-degisiklikler-resmi-gazetede-yayimlandi\/\" \/>\n<meta property=\"og:site_name\" content=\"Av. Deniz Can K\u0131z\u0131l\" \/>\n<meta property=\"article:published_time\" content=\"2025-04-10T06:41:14+00:00\" \/>\n<meta name=\"author\" content=\"Antalya K\u00f6rfez\" \/>\n<meta name=\"twitter:card\" content=\"summary_large_image\" \/>\n<meta name=\"twitter:label1\" content=\"\u041d\u0430\u043f\u0438\u0441\u0430\u043d\u043e \u0430\u0432\u0442\u043e\u0440\u043e\u043c\" \/>\n\t<meta name=\"twitter:data1\" content=\"Antalya K\u00f6rfez\" \/>\n\t<meta name=\"twitter:label2\" content=\"\u041f\u0440\u0438\u043c\u0435\u0440\u043d\u043e\u0435 \u0432\u0440\u0435\u043c\u044f \u0434\u043b\u044f \u0447\u0442\u0435\u043d\u0438\u044f\" \/>\n\t<meta name=\"twitter:data2\" content=\"4 \u043c\u0438\u043d\u0443\u0442\u044b\" \/>\n<script type=\"application\/ld+json\" class=\"yoast-schema-graph\">{\"@context\":\"https:\/\/schema.org\",\"@graph\":[{\"@type\":\"Article\",\"@id\":\"https:\/\/denizcankizil.tr\/ru\/haberler\/gundem\/antalyada-onemli-degisiklikler-resmi-gazetede-yayimlandi\/#article\",\"isPartOf\":{\"@id\":\"https:\/\/denizcankizil.tr\/ru\/haberler\/gundem\/antalyada-onemli-degisiklikler-resmi-gazetede-yayimlandi\/\"},\"author\":{\"name\":\"Antalya K\u00f6rfez\",\"@id\":\"https:\/\/denizcankizil.tr\/#\/schema\/person\/e1eb71bb4dd684d46563f0af307e1234\"},\"headline\":\"Antalya\u2019da \u00f6nemli de\u011fi\u015fiklikler\u2026 Resmi Gazete\u2019de yay\u0131mland\u0131\",\"datePublished\":\"2025-04-10T06:41:14+00:00\",\"mainEntityOfPage\":{\"@id\":\"https:\/\/denizcankizil.tr\/ru\/haberler\/gundem\/antalyada-onemli-degisiklikler-resmi-gazetede-yayimlandi\/\"},\"wordCount\":812,\"publisher\":{\"@id\":\"https:\/\/denizcankizil.tr\/#organization\"},\"articleSection\":[\"G\u00fcndem\"],\"inLanguage\":\"ru-RU\"},{\"@type\":\"WebPage\",\"@id\":\"https:\/\/denizcankizil.tr\/ru\/haberler\/gundem\/antalyada-onemli-degisiklikler-resmi-gazetede-yayimlandi\/\",\"url\":\"https:\/\/denizcankizil.tr\/ru\/haberler\/gundem\/antalyada-onemli-degisiklikler-resmi-gazetede-yayimlandi\/\",\"name\":\"Antalya\u2019da \u00f6nemli de\u011fi\u015fiklikler\u2026 Resmi Gazete\u2019de yay\u0131mland\u0131 - Av. Deniz Can K\u0131z\u0131l\",\"isPartOf\":{\"@id\":\"https:\/\/denizcankizil.tr\/#website\"},\"datePublished\":\"2025-04-10T06:41:14+00:00\",\"breadcrumb\":{\"@id\":\"https:\/\/denizcankizil.tr\/ru\/haberler\/gundem\/antalyada-onemli-degisiklikler-resmi-gazetede-yayimlandi\/#breadcrumb\"},\"inLanguage\":\"ru-RU\",\"potentialAction\":[{\"@type\":\"ReadAction\",\"target\":[\"https:\/\/denizcankizil.tr\/ru\/haberler\/gundem\/antalyada-onemli-degisiklikler-resmi-gazetede-yayimlandi\/\"]}]},{\"@type\":\"BreadcrumbList\",\"@id\":\"https:\/\/denizcankizil.tr\/ru\/haberler\/gundem\/antalyada-onemli-degisiklikler-resmi-gazetede-yayimlandi\/#breadcrumb\",\"itemListElement\":[{\"@type\":\"ListItem\",\"position\":1,\"name\":\"Home\",\"item\":\"https:\/\/denizcankizil.tr\/de\/\"},{\"@type\":\"ListItem\",\"position\":2,\"name\":\"Antalya\u2019da \u00f6nemli de\u011fi\u015fiklikler\u2026 Resmi Gazete\u2019de yay\u0131mland\u0131\"}]},{\"@type\":\"WebSite\",\"@id\":\"https:\/\/denizcankizil.tr\/#website\",\"url\":\"https:\/\/denizcankizil.tr\/\",\"name\":\"Av. Deniz Can K\u0131z\u0131l\",\"description\":\"Avukat Deniz Can K\u0131z\u0131l Antalya Barosu\",\"publisher\":{\"@id\":\"https:\/\/denizcankizil.tr\/#organization\"},\"potentialAction\":[{\"@type\":\"SearchAction\",\"target\":{\"@type\":\"EntryPoint\",\"urlTemplate\":\"https:\/\/denizcankizil.tr\/?s={search_term_string}\"},\"query-input\":{\"@type\":\"PropertyValueSpecification\",\"valueRequired\":true,\"valueName\":\"search_term_string\"}}],\"inLanguage\":\"ru-RU\"},{\"@type\":\"Organization\",\"@id\":\"https:\/\/denizcankizil.tr\/#organization\",\"name\":\"Av. Deniz Can K\u0131z\u0131l\",\"url\":\"https:\/\/denizcankizil.tr\/\",\"logo\":{\"@type\":\"ImageObject\",\"inLanguage\":\"ru-RU\",\"@id\":\"https:\/\/denizcankizil.tr\/#\/schema\/logo\/image\/\",\"url\":\"https:\/\/denizcankizil.tr\/wp-content\/uploads\/2024\/10\/siyah-logo-svg.svg\",\"contentUrl\":\"https:\/\/denizcankizil.tr\/wp-content\/uploads\/2024\/10\/siyah-logo-svg.svg\",\"width\":1080,\"height\":1080,\"caption\":\"Av. Deniz Can K\u0131z\u0131l\"},\"image\":{\"@id\":\"https:\/\/denizcankizil.tr\/#\/schema\/logo\/image\/\"}},{\"@type\":\"Person\",\"@id\":\"https:\/\/denizcankizil.tr\/#\/schema\/person\/e1eb71bb4dd684d46563f0af307e1234\",\"name\":\"Antalya K\u00f6rfez\",\"image\":{\"@type\":\"ImageObject\",\"inLanguage\":\"ru-RU\",\"@id\":\"https:\/\/denizcankizil.tr\/#\/schema\/person\/image\/\",\"url\":\"https:\/\/secure.gravatar.com\/avatar\/42b01982558a48a0b501fdcab6a408d3717ea5919095ee2e67b0e521799c5905?s=96&d=mm&r=g\",\"contentUrl\":\"https:\/\/secure.gravatar.com\/avatar\/42b01982558a48a0b501fdcab6a408d3717ea5919095ee2e67b0e521799c5905?s=96&d=mm&r=g\",\"caption\":\"Antalya K\u00f6rfez\"},\"sameAs\":[\"http:\/\/www.antalyakorfez.com\"],\"url\":\"https:\/\/www.antalyakorfez.com\/antalyada-onemli-degisiklikler-resmi-gazetede-yayimlandi\"}]}<\/script>\n<!-- \/ Yoast SEO Premium plugin. -->","yoast_head_json":{"title":"Antalya\u2019da \u00f6nemli de\u011fi\u015fiklikler\u2026 Resmi Gazete\u2019de yay\u0131mland\u0131 - Av. Deniz Can K\u0131z\u0131l","robots":{"index":"index","follow":"follow","max-snippet":"max-snippet:-1","max-image-preview":"max-image-preview:large","max-video-preview":"max-video-preview:-1"},"canonical":"https:\/\/denizcankizil.tr\/ru\/haberler\/gundem\/antalyada-onemli-degisiklikler-resmi-gazetede-yayimlandi\/","og_locale":"ru_RU","og_type":"article","og_title":"Antalya\u2019da \u00f6nemli de\u011fi\u015fiklikler\u2026 Resmi Gazete\u2019de yay\u0131mland\u0131","og_description":"Cumhurba\u015fkanl\u0131\u011f\u0131 taraf\u0131ndan Resmi Gazete\u2019de yay\u0131mlanan kararlarla birlikte bir\u00e7ok kurumda g\u00f6rev de\u011fi\u015fiklikleri yap\u0131l\u0131rken, Antalya\u2019da da dikkat \u00e7eken atama ve g\u00f6revden almalar ger\u00e7ekle\u015fti. \u0130leti\u015fim Ba\u015fkanl\u0131\u011f\u0131 b\u00fcnyesinde yap\u0131lan yeni d\u00fczenleme kapsam\u0131nda Antalya B\u00f6lge M\u00fcd\u00fcr\u00fc Sabri \u0130\u015fbilen g\u00f6revden al\u0131n\u0131rken, yerine Ahmet Uzun atand\u0131. ANTALYA\u2019DA G\u00d6REV DE\u011e\u0130\u015e\u0130M\u0130 Antalya \u00c7evre ve \u015eehircilik \u0130l M\u00fcd\u00fcr\u00fc Tevfik Alt\u0131nay da g\u00f6revden al\u0131nan isimler aras\u0131nda yer ald\u0131. Kararda, Alt\u0131nay\u2019\u0131n yan\u0131 s\u0131ra Giresun ve Yozgat \u0130l M\u00fcd\u00fcrleri de g\u00f6revden al\u0131nd\u0131. Yeni atamalar\u0131n k\u0131sa s\u00fcre i\u00e7erisinde yap\u0131lmas\u0131 bekleniyor. TARIM VE ORMAN BAKANLI\u011eI\u2019NDA GEN\u0130\u015e \u00c7APLI DE\u011e\u0130\u015e\u0130M Tar\u0131m ve Orman Bakanl\u0131\u011f\u0131\u2019nda ger\u00e7ekle\u015ftirilen de\u011fi\u015fiklikler kapsam\u0131nda 10 ilin \u0130l Tar\u0131m ve Orman M\u00fcd\u00fcr\u00fc g\u00f6revden al\u0131n\u0131rken, 18 ile yeni m\u00fcd\u00fcrler atand\u0131. Orman Genel M\u00fcd\u00fcrl\u00fc\u011f\u00fc\u2019nde de 6 ilin b\u00f6lge m\u00fcd\u00fcr\u00fc g\u00f6revden al\u0131nd\u0131. 26 ilde yap\u0131lan yeni atamalar aras\u0131nda Antalya da yer al\u0131yor. ANTALYA\u2019DA B\u0130LEN\u2019\u0130N YER\u0130NE UZUN ATANDI Resmi Gazete\u2019de yay\u0131mlanan karar ile birlikte, Cumhurba\u015fkan\u0131 Ba\u015fdan\u0131\u015fmanl\u0131\u011f\u0131na G\u00f6ksel A\u015fan atand\u0131. Yat\u0131r\u0131m ve Finans Ofisi Ba\u015fkanl\u0131\u011f\u0131na ise Ahmet Burak Da\u011fl\u0131o\u011flu getirildi. Ayr\u0131ca karar ile birlikte \u0130leti\u015fim Ba\u015fkanl\u0131\u011f\u0131nda \u0130stanbul B\u00f6lge M\u00fcd\u00fcr\u00fc Metin Erol, Konya B\u00f6lge M\u00fcd\u00fcr\u00fc Taner Ta\u015fk\u0131ran, Antalya B\u00f6lge M\u00fcd\u00fcr\u00fc Sabri \u0130\u015fbilen g\u00f6revden al\u0131nd\u0131. \u0130stanbul B\u00f6lge M\u00fcd\u00fcrl\u00fc\u011f\u00fcne \u015eanl\u0131urfa B\u00f6lge M\u00fcd\u00fcr\u00fc Efe Murat Erba\u015f, Antalya B\u00f6lge M\u00fcd\u00fcrl\u00fc\u011f\u00fcne Ahmet Uzun, \u00c7anakkale B\u00f6lge M\u00fcd\u00fcrl\u00fc\u011f\u00fcne Mustafa Tolga Karao\u011flu, Konya B\u00f6lge M\u00fcd\u00fcrl\u00fc\u011f\u00fcne O\u011fuz Tun\u00e7, \u015eanl\u0131urfa B\u00f6lge &hellip;","og_url":"https:\/\/denizcankizil.tr\/ru\/haberler\/gundem\/antalyada-onemli-degisiklikler-resmi-gazetede-yayimlandi\/","og_site_name":"Av. Deniz Can K\u0131z\u0131l","article_published_time":"2025-04-10T06:41:14+00:00","author":"Antalya K\u00f6rfez","twitter_card":"summary_large_image","twitter_misc":{"\u041d\u0430\u043f\u0438\u0441\u0430\u043d\u043e \u0430\u0432\u0442\u043e\u0440\u043e\u043c":"Antalya K\u00f6rfez","\u041f\u0440\u0438\u043c\u0435\u0440\u043d\u043e\u0435 \u0432\u0440\u0435\u043c\u044f \u0434\u043b\u044f \u0447\u0442\u0435\u043d\u0438\u044f":"4 \u043c\u0438\u043d\u0443\u0442\u044b"},"schema":{"@context":"https:\/\/schema.org","@graph":[{"@type":"Article","@id":"https:\/\/denizcankizil.tr\/ru\/haberler\/gundem\/antalyada-onemli-degisiklikler-resmi-gazetede-yayimlandi\/#article","isPartOf":{"@id":"https:\/\/denizcankizil.tr\/ru\/haberler\/gundem\/antalyada-onemli-degisiklikler-resmi-gazetede-yayimlandi\/"},"author":{"name":"Antalya K\u00f6rfez","@id":"https:\/\/denizcankizil.tr\/#\/schema\/person\/e1eb71bb4dd684d46563f0af307e1234"},"headline":"Antalya\u2019da \u00f6nemli de\u011fi\u015fiklikler\u2026 Resmi Gazete\u2019de yay\u0131mland\u0131","datePublished":"2025-04-10T06:41:14+00:00","mainEntityOfPage":{"@id":"https:\/\/denizcankizil.tr\/ru\/haberler\/gundem\/antalyada-onemli-degisiklikler-resmi-gazetede-yayimlandi\/"},"wordCount":812,"publisher":{"@id":"https:\/\/denizcankizil.tr\/#organization"},"articleSection":["G\u00fcndem"],"inLanguage":"ru-RU"},{"@type":"WebPage","@id":"https:\/\/denizcankizil.tr\/ru\/haberler\/gundem\/antalyada-onemli-degisiklikler-resmi-gazetede-yayimlandi\/","url":"https:\/\/denizcankizil.tr\/ru\/haberler\/gundem\/antalyada-onemli-degisiklikler-resmi-gazetede-yayimlandi\/","name":"Antalya\u2019da \u00f6nemli de\u011fi\u015fiklikler\u2026 Resmi Gazete\u2019de yay\u0131mland\u0131 - Av. Deniz Can K\u0131z\u0131l","isPartOf":{"@id":"https:\/\/denizcankizil.tr\/#website"},"datePublished":"2025-04-10T06:41:14+00:00","breadcrumb":{"@id":"https:\/\/denizcankizil.tr\/ru\/haberler\/gundem\/antalyada-onemli-degisiklikler-resmi-gazetede-yayimlandi\/#breadcrumb"},"inLanguage":"ru-RU","potentialAction":[{"@type":"ReadAction","target":["https:\/\/denizcankizil.tr\/ru\/haberler\/gundem\/antalyada-onemli-degisiklikler-resmi-gazetede-yayimlandi\/"]}]},{"@type":"BreadcrumbList","@id":"https:\/\/denizcankizil.tr\/ru\/haberler\/gundem\/antalyada-onemli-degisiklikler-resmi-gazetede-yayimlandi\/#breadcrumb","itemListElement":[{"@type":"ListItem","position":1,"name":"Home","item":"https:\/\/denizcankizil.tr\/de\/"},{"@type":"ListItem","position":2,"name":"Antalya\u2019da \u00f6nemli de\u011fi\u015fiklikler\u2026 Resmi Gazete\u2019de yay\u0131mland\u0131"}]},{"@type":"WebSite","@id":"https:\/\/denizcankizil.tr\/#website","url":"https:\/\/denizcankizil.tr\/","name":"Av. Deniz Can K\u0131z\u0131l","description":"Avukat Deniz Can K\u0131z\u0131l Antalya Barosu","publisher":{"@id":"https:\/\/denizcankizil.tr\/#organization"},"potentialAction":[{"@type":"SearchAction","target":{"@type":"EntryPoint","urlTemplate":"https:\/\/denizcankizil.tr\/?s={search_term_string}"},"query-input":{"@type":"PropertyValueSpecification","valueRequired":true,"valueName":"search_term_string"}}],"inLanguage":"ru-RU"},{"@type":"Organization","@id":"https:\/\/denizcankizil.tr\/#organization","name":"Av. Deniz Can K\u0131z\u0131l","url":"https:\/\/denizcankizil.tr\/","logo":{"@type":"ImageObject","inLanguage":"ru-RU","@id":"https:\/\/denizcankizil.tr\/#\/schema\/logo\/image\/","url":"https:\/\/denizcankizil.tr\/wp-content\/uploads\/2024\/10\/siyah-logo-svg.svg","contentUrl":"https:\/\/denizcankizil.tr\/wp-content\/uploads\/2024\/10\/siyah-logo-svg.svg","width":1080,"height":1080,"caption":"Av. Deniz Can K\u0131z\u0131l"},"image":{"@id":"https:\/\/denizcankizil.tr\/#\/schema\/logo\/image\/"}},{"@type":"Person","@id":"https:\/\/denizcankizil.tr\/#\/schema\/person\/e1eb71bb4dd684d46563f0af307e1234","name":"Antalya K\u00f6rfez","image":{"@type":"ImageObject","inLanguage":"ru-RU","@id":"https:\/\/denizcankizil.tr\/#\/schema\/person\/image\/","url":"https:\/\/secure.gravatar.com\/avatar\/42b01982558a48a0b501fdcab6a408d3717ea5919095ee2e67b0e521799c5905?s=96&d=mm&r=g","contentUrl":"https:\/\/secure.gravatar.com\/avatar\/42b01982558a48a0b501fdcab6a408d3717ea5919095ee2e67b0e521799c5905?s=96&d=mm&r=g","caption":"Antalya K\u00f6rfez"},"sameAs":["http:\/\/www.antalyakorfez.com"],"url":"https:\/\/www.antalyakorfez.com\/antalyada-onemli-degisiklikler-resmi-gazetede-yayimlandi"}]}},"_links":{"self":[{"href":"https:\/\/denizcankizil.tr\/ru\/wp-json\/wp\/v2\/posts\/51217","targetHints":{"allow":["GET"]}}],"collection":[{"href":"https:\/\/denizcankizil.tr\/ru\/wp-json\/wp\/v2\/posts"}],"about":[{"href":"https:\/\/denizcankizil.tr\/ru\/wp-json\/wp\/v2\/types\/post"}],"author":[{"embeddable":true,"href":"https:\/\/denizcankizil.tr\/ru\/wp-json\/wp\/v2\/users\/5"}],"replies":[{"embeddable":true,"href":"https:\/\/denizcankizil.tr\/ru\/wp-json\/wp\/v2\/comments?post=51217"}],"version-history":[{"count":0,"href":"https:\/\/denizcankizil.tr\/ru\/wp-json\/wp\/v2\/posts\/51217\/revisions"}],"wp:attachment":[{"href":"https:\/\/denizcankizil.tr\/ru\/wp-json\/wp\/v2\/media?parent=51217"}],"wp:term":[{"taxonomy":"category","embeddable":true,"href":"https:\/\/denizcankizil.tr\/ru\/wp-json\/wp\/v2\/categories?post=51217"},{"taxonomy":"post_tag","embeddable":true,"href":"https:\/\/denizcankizil.tr\/ru\/wp-json\/wp\/v2\/tags?post=51217"}],"curies":[{"name":"wp","href":"https:\/\/api.w.org\/{rel}","templated":true}]}}