{"id":49433,"date":"2025-04-08T15:43:24","date_gmt":"2025-04-08T12:43:24","guid":{"rendered":"https:\/\/denizcankizil.tr\/uncategorized-tr\/tasinacak-mekanda-inceleme\/"},"modified":"2025-04-08T15:43:24","modified_gmt":"2025-04-08T12:43:24","slug":"tasinacak-mekanda-inceleme","status":"publish","type":"post","link":"https:\/\/denizcankizil.tr\/ru\/haberler\/gundem\/tasinacak-mekanda-inceleme\/","title":{"rendered":"Ta\u015f\u0131nacak Mekanda \u0130nceleme"},"content":{"rendered":"<p>\u0130skenderun Kaymakam\u0131 Muhammet \u00d6nder ile \u0130skenderun Belediye Ba\u015fkan\u0131 Mehmet D\u00f6nmez \u00c7evre, \u015eehircilik ve \u0130klim De\u011fi\u015fikli\u011fi Bakanl\u0131\u011f\u0131n\u0131n rezerv alan ilan edilen Ontur Otel Yan\u0131nda bulunan ge\u00e7ici i\u015fyerlerini Eski Teda\u015f Binas\u0131 yan\u0131nda bulunan alana ta\u015f\u0131mak i\u00e7in esnaflarla bir araya gelerek bilgilendirme \u00e7al\u0131\u015fmas\u0131 yapt\u0131lar.<\/p>\n<p>6 \u015eubat depremleri sonras\u0131nda ilk g\u00fcn oldu\u011fu gibi esnaflar\u0131m\u0131z\u0131n yan\u0131nda olmaya devam ediyoruz diyen \u0130skenderun Kaymakam\u0131 Muhammet \u00d6nder ile \u0130skenderun Belediye Ba\u015fkan\u0131 Mehmet D\u00f6nmez,\u201d Esnaflar\u0131m\u0131z\u0131n ma\u011fdur olmadan ya\u015famlar\u0131n\u0131 y\u00fcr\u00fctecekleri i\u015fyerlerini ta\u015f\u0131mak i\u00e7in harekete ge\u00e7tik. Bu konuda esnaflar\u0131m\u0131z\u0131 bilgilendirip onlar\u0131nda fikirlerini ald\u0131k.\u201ddediler<\/p>\n<p>\u200bPAC meydan\u0131nda bulunan Ontur otelinin yan\u0131ndaki ge\u00e7ici konaklama yerinde bulunan esnaflar eski TEDA\u015e\u2019\u0131n binas\u0131n\u0131n bulundu\u011fu b\u00f6lgeye ta\u015f\u0131nacak.\u00a0<\/p>\n<p>\u200bHaberin Al\u0131nt\u0131land\u0131\u011f\u0131 Kaynak: www.iskenderun.org<\/p>","protected":false},"excerpt":{"rendered":"<p>\u0130skenderun Kaymakam\u0131 Muhammet \u00d6nder ile \u0130skenderun Belediye Ba\u015fkan\u0131 Mehmet D\u00f6nmez \u00c7evre, \u015eehircilik ve \u0130klim De\u011fi\u015fikli\u011fi Bakanl\u0131\u011f\u0131n\u0131n rezerv alan ilan edilen Ontur Otel Yan\u0131nda bulunan ge\u00e7ici i\u015fyerlerini Eski Teda\u015f Binas\u0131 yan\u0131nda bulunan alana ta\u015f\u0131mak i\u00e7in esnaflarla bir araya gelerek bilgilendirme \u00e7al\u0131\u015fmas\u0131 yapt\u0131lar. 6 \u015eubat depremleri sonras\u0131nda ilk g\u00fcn oldu\u011fu gibi esnaflar\u0131m\u0131z\u0131n yan\u0131nda olmaya devam ediyoruz diyen \u0130skenderun Kaymakam\u0131 Muhammet \u00d6nder ile \u0130skenderun Belediye Ba\u015fkan\u0131 Mehmet D\u00f6nmez,\u201d Esnaflar\u0131m\u0131z\u0131n ma\u011fdur olmadan ya\u015famlar\u0131n\u0131 y\u00fcr\u00fctecekleri i\u015fyerlerini ta\u015f\u0131mak i\u00e7in harekete ge\u00e7tik. Bu konuda esnaflar\u0131m\u0131z\u0131 bilgilendirip onlar\u0131nda fikirlerini ald\u0131k.\u201ddediler \u200bPAC meydan\u0131nda bulunan Ontur otelinin yan\u0131ndaki ge\u00e7ici konaklama yerinde bulunan esnaflar eski TEDA\u015e\u2019\u0131n binas\u0131n\u0131n bulundu\u011fu b\u00f6lgeye ta\u015f\u0131nacak.\u00a0 \u200bHaberin Al\u0131nt\u0131land\u0131\u011f\u0131 Kaynak: www.iskenderun.org<\/p>","protected":false},"author":1,"featured_media":0,"comment_status":"","ping_status":"open","sticky":false,"template":"","format":"standard","meta":{"_acf_changed":false,"footnotes":""},"categories":[24],"tags":[],"class_list":["post-49433","post","type-post","status-publish","format-standard","has-post-thumbnail","hentry","category-gundem"],"acf":[],"yoast_head":"<!-- This site is optimized with the Yoast SEO Premium plugin v26.6 (Yoast SEO v27.1.1) - https:\/\/yoast.com\/product\/yoast-seo-premium-wordpress\/ -->\n<title>Ta\u015f\u0131nacak Mekanda \u0130nceleme - Av. Deniz Can K\u0131z\u0131l<\/title>\n<meta name=\"robots\" content=\"index, follow, max-snippet:-1, max-image-preview:large, max-video-preview:-1\" \/>\n<link rel=\"canonical\" href=\"https:\/\/denizcankizil.tr\/ru\/haberler\/gundem\/tasinacak-mekanda-inceleme\/\" \/>\n<meta property=\"og:locale\" content=\"ru_RU\" \/>\n<meta property=\"og:type\" content=\"article\" \/>\n<meta property=\"og:title\" content=\"Ta\u015f\u0131nacak Mekanda \u0130nceleme\" \/>\n<meta property=\"og:description\" content=\"\u0130skenderun Kaymakam\u0131 Muhammet \u00d6nder ile \u0130skenderun Belediye Ba\u015fkan\u0131 Mehmet D\u00f6nmez \u00c7evre, \u015eehircilik ve \u0130klim De\u011fi\u015fikli\u011fi Bakanl\u0131\u011f\u0131n\u0131n rezerv alan ilan edilen Ontur Otel Yan\u0131nda bulunan ge\u00e7ici i\u015fyerlerini Eski Teda\u015f Binas\u0131 yan\u0131nda bulunan alana ta\u015f\u0131mak i\u00e7in esnaflarla bir araya gelerek bilgilendirme \u00e7al\u0131\u015fmas\u0131 yapt\u0131lar. 6 \u015eubat depremleri sonras\u0131nda ilk g\u00fcn oldu\u011fu gibi esnaflar\u0131m\u0131z\u0131n yan\u0131nda olmaya devam ediyoruz diyen \u0130skenderun Kaymakam\u0131 Muhammet \u00d6nder ile \u0130skenderun Belediye Ba\u015fkan\u0131 Mehmet D\u00f6nmez,\u201d Esnaflar\u0131m\u0131z\u0131n ma\u011fdur olmadan ya\u015famlar\u0131n\u0131 y\u00fcr\u00fctecekleri i\u015fyerlerini ta\u015f\u0131mak i\u00e7in harekete ge\u00e7tik. Bu konuda esnaflar\u0131m\u0131z\u0131 bilgilendirip onlar\u0131nda fikirlerini ald\u0131k.\u201ddediler \u200bPAC meydan\u0131nda bulunan Ontur otelinin yan\u0131ndaki ge\u00e7ici konaklama yerinde bulunan esnaflar eski TEDA\u015e\u2019\u0131n binas\u0131n\u0131n bulundu\u011fu b\u00f6lgeye ta\u015f\u0131nacak.\u00a0 \u200bHaberin Al\u0131nt\u0131land\u0131\u011f\u0131 Kaynak: www.iskenderun.org\" \/>\n<meta property=\"og:url\" content=\"https:\/\/denizcankizil.tr\/ru\/haberler\/gundem\/tasinacak-mekanda-inceleme\/\" \/>\n<meta property=\"og:site_name\" content=\"Av. Deniz Can K\u0131z\u0131l\" \/>\n<meta property=\"article:published_time\" content=\"2025-04-08T12:43:24+00:00\" \/>\n<meta name=\"author\" content=\"admin\" \/>\n<meta name=\"twitter:card\" content=\"summary_large_image\" \/>\n<meta name=\"twitter:label1\" content=\"\u041d\u0430\u043f\u0438\u0441\u0430\u043d\u043e \u0430\u0432\u0442\u043e\u0440\u043e\u043c\" \/>\n\t<meta name=\"twitter:data1\" content=\"admin\" \/>\n\t<meta name=\"twitter:label2\" content=\"\u041f\u0440\u0438\u043c\u0435\u0440\u043d\u043e\u0435 \u0432\u0440\u0435\u043c\u044f \u0434\u043b\u044f \u0447\u0442\u0435\u043d\u0438\u044f\" \/>\n\t<meta name=\"twitter:data2\" content=\"1 \u043c\u0438\u043d\u0443\u0442\u0430\" \/>\n<script type=\"application\/ld+json\" class=\"yoast-schema-graph\">{\"@context\":\"https:\/\/schema.org\",\"@graph\":[{\"@type\":\"Article\",\"@id\":\"https:\/\/denizcankizil.tr\/ru\/haberler\/gundem\/tasinacak-mekanda-inceleme\/#article\",\"isPartOf\":{\"@id\":\"https:\/\/denizcankizil.tr\/ru\/haberler\/gundem\/tasinacak-mekanda-inceleme\/\"},\"author\":{\"name\":\"admin\",\"@id\":\"https:\/\/denizcankizil.tr\/#\/schema\/person\/be3c05fe6a12686905512445d8185489\"},\"headline\":\"Ta\u015f\u0131nacak Mekanda \u0130nceleme\",\"datePublished\":\"2025-04-08T12:43:24+00:00\",\"mainEntityOfPage\":{\"@id\":\"https:\/\/denizcankizil.tr\/ru\/haberler\/gundem\/tasinacak-mekanda-inceleme\/\"},\"wordCount\":160,\"publisher\":{\"@id\":\"https:\/\/denizcankizil.tr\/#organization\"},\"articleSection\":[\"G\u00fcndem\"],\"inLanguage\":\"ru-RU\"},{\"@type\":\"WebPage\",\"@id\":\"https:\/\/denizcankizil.tr\/ru\/haberler\/gundem\/tasinacak-mekanda-inceleme\/\",\"url\":\"https:\/\/denizcankizil.tr\/ru\/haberler\/gundem\/tasinacak-mekanda-inceleme\/\",\"name\":\"Ta\u015f\u0131nacak Mekanda \u0130nceleme - Av. Deniz Can K\u0131z\u0131l\",\"isPartOf\":{\"@id\":\"https:\/\/denizcankizil.tr\/#website\"},\"datePublished\":\"2025-04-08T12:43:24+00:00\",\"breadcrumb\":{\"@id\":\"https:\/\/denizcankizil.tr\/ru\/haberler\/gundem\/tasinacak-mekanda-inceleme\/#breadcrumb\"},\"inLanguage\":\"ru-RU\",\"potentialAction\":[{\"@type\":\"ReadAction\",\"target\":[\"https:\/\/denizcankizil.tr\/ru\/haberler\/gundem\/tasinacak-mekanda-inceleme\/\"]}]},{\"@type\":\"BreadcrumbList\",\"@id\":\"https:\/\/denizcankizil.tr\/ru\/haberler\/gundem\/tasinacak-mekanda-inceleme\/#breadcrumb\",\"itemListElement\":[{\"@type\":\"ListItem\",\"position\":1,\"name\":\"Home\",\"item\":\"https:\/\/denizcankizil.tr\/de\/\"},{\"@type\":\"ListItem\",\"position\":2,\"name\":\"Ta\u015f\u0131nacak Mekanda \u0130nceleme\"}]},{\"@type\":\"WebSite\",\"@id\":\"https:\/\/denizcankizil.tr\/#website\",\"url\":\"https:\/\/denizcankizil.tr\/\",\"name\":\"Av. Deniz Can K\u0131z\u0131l\",\"description\":\"Avukat Deniz Can K\u0131z\u0131l Antalya Barosu\",\"publisher\":{\"@id\":\"https:\/\/denizcankizil.tr\/#organization\"},\"potentialAction\":[{\"@type\":\"SearchAction\",\"target\":{\"@type\":\"EntryPoint\",\"urlTemplate\":\"https:\/\/denizcankizil.tr\/?s={search_term_string}\"},\"query-input\":{\"@type\":\"PropertyValueSpecification\",\"valueRequired\":true,\"valueName\":\"search_term_string\"}}],\"inLanguage\":\"ru-RU\"},{\"@type\":\"Organization\",\"@id\":\"https:\/\/denizcankizil.tr\/#organization\",\"name\":\"Av. Deniz Can K\u0131z\u0131l\",\"url\":\"https:\/\/denizcankizil.tr\/\",\"logo\":{\"@type\":\"ImageObject\",\"inLanguage\":\"ru-RU\",\"@id\":\"https:\/\/denizcankizil.tr\/#\/schema\/logo\/image\/\",\"url\":\"https:\/\/denizcankizil.tr\/wp-content\/uploads\/2024\/10\/siyah-logo-svg.svg\",\"contentUrl\":\"https:\/\/denizcankizil.tr\/wp-content\/uploads\/2024\/10\/siyah-logo-svg.svg\",\"width\":1080,\"height\":1080,\"caption\":\"Av. Deniz Can K\u0131z\u0131l\"},\"image\":{\"@id\":\"https:\/\/denizcankizil.tr\/#\/schema\/logo\/image\/\"}},{\"@type\":\"Person\",\"@id\":\"https:\/\/denizcankizil.tr\/#\/schema\/person\/be3c05fe6a12686905512445d8185489\",\"name\":\"admin\",\"image\":{\"@type\":\"ImageObject\",\"inLanguage\":\"ru-RU\",\"@id\":\"https:\/\/denizcankizil.tr\/#\/schema\/person\/image\/\",\"url\":\"https:\/\/secure.gravatar.com\/avatar\/c1fce94c830dc79107e174f890d7210541c4a63e8e5d816341794a2151c9d58c?s=96&d=mm&r=g\",\"contentUrl\":\"https:\/\/secure.gravatar.com\/avatar\/c1fce94c830dc79107e174f890d7210541c4a63e8e5d816341794a2151c9d58c?s=96&d=mm&r=g\",\"caption\":\"admin\"},\"sameAs\":[\"http:\/\/denizcankizil.tr\"],\"url\":\"https:\/\/www.iskenderun.org\/tasinacak-mekanda-inceleme\"}]}<\/script>\n<!-- \/ Yoast SEO Premium plugin. -->","yoast_head_json":{"title":"Ta\u015f\u0131nacak Mekanda \u0130nceleme - Av. Deniz Can K\u0131z\u0131l","robots":{"index":"index","follow":"follow","max-snippet":"max-snippet:-1","max-image-preview":"max-image-preview:large","max-video-preview":"max-video-preview:-1"},"canonical":"https:\/\/denizcankizil.tr\/ru\/haberler\/gundem\/tasinacak-mekanda-inceleme\/","og_locale":"ru_RU","og_type":"article","og_title":"Ta\u015f\u0131nacak Mekanda \u0130nceleme","og_description":"\u0130skenderun Kaymakam\u0131 Muhammet \u00d6nder ile \u0130skenderun Belediye Ba\u015fkan\u0131 Mehmet D\u00f6nmez \u00c7evre, \u015eehircilik ve \u0130klim De\u011fi\u015fikli\u011fi Bakanl\u0131\u011f\u0131n\u0131n rezerv alan ilan edilen Ontur Otel Yan\u0131nda bulunan ge\u00e7ici i\u015fyerlerini Eski Teda\u015f Binas\u0131 yan\u0131nda bulunan alana ta\u015f\u0131mak i\u00e7in esnaflarla bir araya gelerek bilgilendirme \u00e7al\u0131\u015fmas\u0131 yapt\u0131lar. 6 \u015eubat depremleri sonras\u0131nda ilk g\u00fcn oldu\u011fu gibi esnaflar\u0131m\u0131z\u0131n yan\u0131nda olmaya devam ediyoruz diyen \u0130skenderun Kaymakam\u0131 Muhammet \u00d6nder ile \u0130skenderun Belediye Ba\u015fkan\u0131 Mehmet D\u00f6nmez,\u201d Esnaflar\u0131m\u0131z\u0131n ma\u011fdur olmadan ya\u015famlar\u0131n\u0131 y\u00fcr\u00fctecekleri i\u015fyerlerini ta\u015f\u0131mak i\u00e7in harekete ge\u00e7tik. Bu konuda esnaflar\u0131m\u0131z\u0131 bilgilendirip onlar\u0131nda fikirlerini ald\u0131k.\u201ddediler \u200bPAC meydan\u0131nda bulunan Ontur otelinin yan\u0131ndaki ge\u00e7ici konaklama yerinde bulunan esnaflar eski TEDA\u015e\u2019\u0131n binas\u0131n\u0131n bulundu\u011fu b\u00f6lgeye ta\u015f\u0131nacak.\u00a0 \u200bHaberin Al\u0131nt\u0131land\u0131\u011f\u0131 Kaynak: www.iskenderun.org","og_url":"https:\/\/denizcankizil.tr\/ru\/haberler\/gundem\/tasinacak-mekanda-inceleme\/","og_site_name":"Av. Deniz Can K\u0131z\u0131l","article_published_time":"2025-04-08T12:43:24+00:00","author":"admin","twitter_card":"summary_large_image","twitter_misc":{"\u041d\u0430\u043f\u0438\u0441\u0430\u043d\u043e \u0430\u0432\u0442\u043e\u0440\u043e\u043c":"admin","\u041f\u0440\u0438\u043c\u0435\u0440\u043d\u043e\u0435 \u0432\u0440\u0435\u043c\u044f \u0434\u043b\u044f \u0447\u0442\u0435\u043d\u0438\u044f":"1 \u043c\u0438\u043d\u0443\u0442\u0430"},"schema":{"@context":"https:\/\/schema.org","@graph":[{"@type":"Article","@id":"https:\/\/denizcankizil.tr\/ru\/haberler\/gundem\/tasinacak-mekanda-inceleme\/#article","isPartOf":{"@id":"https:\/\/denizcankizil.tr\/ru\/haberler\/gundem\/tasinacak-mekanda-inceleme\/"},"author":{"name":"admin","@id":"https:\/\/denizcankizil.tr\/#\/schema\/person\/be3c05fe6a12686905512445d8185489"},"headline":"Ta\u015f\u0131nacak Mekanda \u0130nceleme","datePublished":"2025-04-08T12:43:24+00:00","mainEntityOfPage":{"@id":"https:\/\/denizcankizil.tr\/ru\/haberler\/gundem\/tasinacak-mekanda-inceleme\/"},"wordCount":160,"publisher":{"@id":"https:\/\/denizcankizil.tr\/#organization"},"articleSection":["G\u00fcndem"],"inLanguage":"ru-RU"},{"@type":"WebPage","@id":"https:\/\/denizcankizil.tr\/ru\/haberler\/gundem\/tasinacak-mekanda-inceleme\/","url":"https:\/\/denizcankizil.tr\/ru\/haberler\/gundem\/tasinacak-mekanda-inceleme\/","name":"Ta\u015f\u0131nacak Mekanda \u0130nceleme - Av. Deniz Can K\u0131z\u0131l","isPartOf":{"@id":"https:\/\/denizcankizil.tr\/#website"},"datePublished":"2025-04-08T12:43:24+00:00","breadcrumb":{"@id":"https:\/\/denizcankizil.tr\/ru\/haberler\/gundem\/tasinacak-mekanda-inceleme\/#breadcrumb"},"inLanguage":"ru-RU","potentialAction":[{"@type":"ReadAction","target":["https:\/\/denizcankizil.tr\/ru\/haberler\/gundem\/tasinacak-mekanda-inceleme\/"]}]},{"@type":"BreadcrumbList","@id":"https:\/\/denizcankizil.tr\/ru\/haberler\/gundem\/tasinacak-mekanda-inceleme\/#breadcrumb","itemListElement":[{"@type":"ListItem","position":1,"name":"Home","item":"https:\/\/denizcankizil.tr\/de\/"},{"@type":"ListItem","position":2,"name":"Ta\u015f\u0131nacak Mekanda \u0130nceleme"}]},{"@type":"WebSite","@id":"https:\/\/denizcankizil.tr\/#website","url":"https:\/\/denizcankizil.tr\/","name":"Av. Deniz Can K\u0131z\u0131l","description":"Avukat Deniz Can K\u0131z\u0131l Antalya Barosu","publisher":{"@id":"https:\/\/denizcankizil.tr\/#organization"},"potentialAction":[{"@type":"SearchAction","target":{"@type":"EntryPoint","urlTemplate":"https:\/\/denizcankizil.tr\/?s={search_term_string}"},"query-input":{"@type":"PropertyValueSpecification","valueRequired":true,"valueName":"search_term_string"}}],"inLanguage":"ru-RU"},{"@type":"Organization","@id":"https:\/\/denizcankizil.tr\/#organization","name":"Av. Deniz Can K\u0131z\u0131l","url":"https:\/\/denizcankizil.tr\/","logo":{"@type":"ImageObject","inLanguage":"ru-RU","@id":"https:\/\/denizcankizil.tr\/#\/schema\/logo\/image\/","url":"https:\/\/denizcankizil.tr\/wp-content\/uploads\/2024\/10\/siyah-logo-svg.svg","contentUrl":"https:\/\/denizcankizil.tr\/wp-content\/uploads\/2024\/10\/siyah-logo-svg.svg","width":1080,"height":1080,"caption":"Av. Deniz Can K\u0131z\u0131l"},"image":{"@id":"https:\/\/denizcankizil.tr\/#\/schema\/logo\/image\/"}},{"@type":"Person","@id":"https:\/\/denizcankizil.tr\/#\/schema\/person\/be3c05fe6a12686905512445d8185489","name":"\u0430\u0434\u043c\u0438\u043d","image":{"@type":"ImageObject","inLanguage":"ru-RU","@id":"https:\/\/denizcankizil.tr\/#\/schema\/person\/image\/","url":"https:\/\/secure.gravatar.com\/avatar\/c1fce94c830dc79107e174f890d7210541c4a63e8e5d816341794a2151c9d58c?s=96&d=mm&r=g","contentUrl":"https:\/\/secure.gravatar.com\/avatar\/c1fce94c830dc79107e174f890d7210541c4a63e8e5d816341794a2151c9d58c?s=96&d=mm&r=g","caption":"admin"},"sameAs":["http:\/\/denizcankizil.tr"],"url":"https:\/\/www.iskenderun.org\/tasinacak-mekanda-inceleme"}]}},"_links":{"self":[{"href":"https:\/\/denizcankizil.tr\/ru\/wp-json\/wp\/v2\/posts\/49433","targetHints":{"allow":["GET"]}}],"collection":[{"href":"https:\/\/denizcankizil.tr\/ru\/wp-json\/wp\/v2\/posts"}],"about":[{"href":"https:\/\/denizcankizil.tr\/ru\/wp-json\/wp\/v2\/types\/post"}],"author":[{"embeddable":true,"href":"https:\/\/denizcankizil.tr\/ru\/wp-json\/wp\/v2\/users\/1"}],"replies":[{"embeddable":true,"href":"https:\/\/denizcankizil.tr\/ru\/wp-json\/wp\/v2\/comments?post=49433"}],"version-history":[{"count":0,"href":"https:\/\/denizcankizil.tr\/ru\/wp-json\/wp\/v2\/posts\/49433\/revisions"}],"wp:attachment":[{"href":"https:\/\/denizcankizil.tr\/ru\/wp-json\/wp\/v2\/media?parent=49433"}],"wp:term":[{"taxonomy":"category","embeddable":true,"href":"https:\/\/denizcankizil.tr\/ru\/wp-json\/wp\/v2\/categories?post=49433"},{"taxonomy":"post_tag","embeddable":true,"href":"https:\/\/denizcankizil.tr\/ru\/wp-json\/wp\/v2\/tags?post=49433"}],"curies":[{"name":"wp","href":"https:\/\/api.w.org\/{rel}","templated":true}]}}